{"id":127992,"date":"2025-04-28T18:03:37","date_gmt":"2025-04-28T15:03:37","guid":{"rendered":"https:\/\/buletin.de\/bucuresti\/?p=127992"},"modified":"2025-04-28T18:04:10","modified_gmt":"2025-04-28T15:04:10","slug":"programul-de-1-mai-al-ppc-energie-2","status":"publish","type":"post","link":"https:\/\/buletin.de\/bucuresti\/programul-de-1-mai-al-ppc-energie-2\/","title":{"rendered":"Programul de 1 Mai al PPC Energie. Ce magazin r\u0103m\u00e2ne deschis"},"content":{"rendered":"\n<p><strong>Programul de 1 Mai pentru magazinele PPC Energie din Bucure\u0219ti \u0219i Jude\u021bele Giurgiu \u0219i Ilfov:  joi \u0219i vineri, 2 mai, este \u00eenchis. <\/strong><\/p>\n\n\n\n<p>Programul de 1 Mai nu include magazinul situat \u00een Galeriile Titan din Bucure\u0219ti, care va func\u021biona dup\u0103 programul obi\u0219nuit, respectiv 09:00-20:00.<\/p>\n\n\n\n<p>Cea mai mare parte a opera\u021biunilor pot fi realizate prin canale digitale \u0219i nu necesit\u0103 deplasarea \u00een magazinele PPC Energie.<\/p>\n\n\n\n<p><strong>CITE\u0218TE \u0218I: <a href=\"https:\/\/buletin.de\/bucuresti\/sector-1-protocol-de-colaborare-cu-societatea-civila-pentru-instituirea-de-arii-naturale-protejate-este-vizata-si-padurea-baneasa\/\" target=\"_blank\" rel=\"noreferrer noopener\">Sector 1 |\u00a0Protocol de colaborare cu societatea civil\u0103 pentru instituirea de arii naturale protejate. Este vizat\u0103 \u015fi P\u0103durea B\u0103neasa<\/a><\/strong><\/p>\n\n\n\n<div class=\"wp-block-buttons is-content-justification-center is-layout-flex wp-container-core-buttons-is-layout-16018d1d wp-block-buttons-is-layout-flex\">\n<div class=\"wp-block-button has-custom-width wp-block-button__width-100\"><a class=\"wp-block-button__link wp-element-button\" href=\"https:\/\/www.patreon.com\/BuletinDeBucuresti\"><strong>Sus\u021bine Buletin de Bucure\u0219ti pentru investiga\u021bii, reportaje \u0219i \u0219tiri Locale<\/strong><\/a><\/div>\n<\/div>\n\n\n\n<h2 class=\"wp-block-heading\" id=\"h-programul-de-1-mai-al-ppc-energie-clien\u021bii-au-la-dispozi\u021bie-numere-de-telefon-gratuite\">Programul de 1 mai al PPC Energie: clien\u021bii au la dispozi\u021bie numere de telefon gratuite<\/h2>\n\n\n\n<p>Indexul de energie electric\u0103 sau gaz poate fi transmis online folosind sec\u021biunea\u00a0Index din cadrul aplica\u021biei myPPC sau de pe pagina web <a href=\"https:\/\/myppc.ppcenergy.ro\/#!Login\">https:\/\/myppc.ppcenergy.ro\/.<\/a> De asemenea, pentru a trimite indexul pentru energie electric\u0103, se pot apela (\u00een timpul perioadei de telecitire specificat\u0103 pe factur\u0103) numerele de telefon gratuite <strong>0800 07.07.01<\/strong> (valabil pentru clien\u021bii cu contracte de furnizare a energiei electrice de pe pia\u021ba concuren\u021bial\u0103) sau <strong>0800.07.08.09 <\/strong>(pentru clien\u021bii cu contracte de furnizare a energiei electrice \u00een regim reglementat), respectiv num\u0103rul cu tarif normal <strong>021.9977.<\/strong><\/p>\n\n\n\n<p>Pentru a intra \u00een contact cu un consultant PPC Energie, clien\u021bii pot utiliza num\u0103rul de telefon 021.9977 (cu tarif normal, apelabil din Rom\u00e2nia \u0219i din str\u0103in\u0103tate) \u00een timpul programului, respectiv L-V: 8:00 \u2013 20:00 (cu excep\u021bia s\u0103rb\u0103torilor legale). La acest num\u0103r pot fi aflate informa\u021bii despre facturi \u0219i sold, despre contract, pot fi activate servicii precum factura electronic\u0103 \u0219i altele.<\/p>\n\n\n\n<p>Pl\u0103\u021bile se pot efectua online, prin debit direct, transfer bancar sau din aplica\u021bia myPPC. Pentru clien\u021bii care prefer\u0103 plata numerar, exist\u0103 automate de plat\u0103 de tip self-pay, amplasate \u00een magazinele PPC Energie din Bucure\u0219ti. Pentru cei care prefer\u0103 plata cu cardul, \u00een majoritatea magazinele PPC Energie a fost implementat\u0103 o solu\u021bie de plat\u0103 prin POS.<\/p>\n\n\n\n<p><strong>CITE\u0218TE \u0218I:<\/strong> <a href=\"https:\/\/buletin.de\/bucuresti\/cafeneaua-bdb-sandra-alexiu-de-abia-de-acum-putem-sa-discutam-cu-adevarat-despre-ce-inseamna-vaccinare-pe-tot-parcursul-vietii\/\">Cafeneaua BdB | Sandra Alexiu: \u201eDe-abia de acum putem s\u0103 discut\u0103m cu adev\u0103rat despre ce \u00eenseamn\u0103 vaccinare pe tot parcursul vie\u021bii\u201d<\/a><\/p>\n","protected":false},"excerpt":{"rendered":"<p>Programul de 1 Mai pentru magazinele PPC Energie din Bucure\u0219ti \u0219i Jude\u021bele Giurgiu \u0219i Ilfov: joi \u0219i vineri, 2 mai, este \u00eenchis. Programul de 1 Mai nu include magazinul situat \u00een Galeriile Titan din Bucure\u0219ti, care va func\u021biona dup\u0103 programul obi\u0219nuit, respectiv 09:00-20:00. Cea mai mare parte a opera\u021biunilor pot fi realizate prin canale digitale [&hellip;]<\/p>\n","protected":false},"author":49,"featured_media":126454,"comment_status":"closed","ping_status":"open","sticky":false,"template":"","format":"standard","meta":{"_acf_changed":false,"inline_featured_image":false,"ngg_post_thumbnail":0,"footnotes":""},"categories":[6994,1,62],"tags":[20969,20632,20968],"ppma_author":[22574],"class_list":["post-127992","post","type-post","status-publish","format-standard","has-post-thumbnail","hentry","category-stiri-2","category-diverse","category-stiri","tag-magazin-ppc-titan","tag-magazinele-ppc-energie","tag-program-ppc-energie-1-mai"],"acf":[],"yoast_head":"<!-- This site is optimized with the Yoast SEO Premium plugin v25.3 (Yoast SEO v27.5) - https:\/\/yoast.com\/product\/yoast-seo-premium-wordpress\/ -->\n<title>Programul de 1 Mai al PPC Energie. Ce magazin r\u0103m\u00e2ne deschis - Buletin de Bucure\u0219ti<\/title>\n<meta name=\"description\" content=\"Programul de 1 Mai pentru magazinele PPC Energie din Bucure\u0219ti \u0219i Jude\u021bele Giurgiu \u0219i Ilfov: joi \u0219i vineri, 2 mai, este \u00eenchis.\" \/>\n<meta name=\"robots\" content=\"index, follow, max-snippet:-1, max-image-preview:large, max-video-preview:-1\" \/>\n<link rel=\"canonical\" href=\"https:\/\/buletin.de\/bucuresti\/programul-de-1-mai-al-ppc-energie-2\/\" \/>\n<meta property=\"og:locale\" content=\"en_GB\" \/>\n<meta property=\"og:type\" content=\"article\" \/>\n<meta property=\"og:title\" content=\"Programul de 1 Mai al PPC Energie. Ce magazin r\u0103m\u00e2ne deschis\" \/>\n<meta property=\"og:description\" content=\"Programul de 1 Mai pentru magazinele PPC Energie din Bucure\u0219ti \u0219i Jude\u021bele Giurgiu \u0219i Ilfov: joi \u0219i vineri, 2 mai, este \u00eenchis.\" \/>\n<meta property=\"og:url\" content=\"https:\/\/buletin.de\/bucuresti\/programul-de-1-mai-al-ppc-energie-2\/\" \/>\n<meta property=\"og:site_name\" content=\"Buletin de Bucure\u0219ti\" \/>\n<meta property=\"article:publisher\" content=\"https:\/\/www.facebook.com\/buletin.de.buc\" \/>\n<meta property=\"article:published_time\" content=\"2025-04-28T15:03:37+00:00\" \/>\n<meta property=\"article:modified_time\" content=\"2025-04-28T15:04:10+00:00\" \/>\n<meta property=\"og:image\" content=\"https:\/\/buletin.de\/bucuresti\/wp-content\/uploads\/2025\/04\/Magazin-PPC.jpg\" \/>\n\t<meta property=\"og:image:width\" content=\"2026\" \/>\n\t<meta property=\"og:image:height\" content=\"1562\" \/>\n\t<meta property=\"og:image:type\" content=\"image\/jpeg\" \/>\n<meta name=\"author\" content=\"Diana Matei\" \/>\n<meta name=\"twitter:card\" content=\"summary_large_image\" \/>\n<meta name=\"twitter:label1\" content=\"Written by\" \/>\n\t<meta name=\"twitter:data1\" content=\"Diana Matei\" \/>\n\t<meta name=\"twitter:label2\" content=\"Estimated reading time\" \/>\n\t<meta name=\"twitter:data2\" content=\"2 minutes\" \/>\n<script type=\"application\/ld+json\" class=\"yoast-schema-graph\">{\"@context\":\"https:\\\/\\\/schema.org\",\"@graph\":[{\"@type\":\"Article\",\"@id\":\"https:\\\/\\\/buletin.de\\\/bucuresti\\\/programul-de-1-mai-al-ppc-energie-2\\\/#article\",\"isPartOf\":{\"@id\":\"https:\\\/\\\/buletin.de\\\/bucuresti\\\/programul-de-1-mai-al-ppc-energie-2\\\/\"},\"author\":{\"name\":\"Diana Matei\",\"@id\":\"https:\\\/\\\/buletin.de\\\/bucuresti\\\/#\\\/schema\\\/person\\\/7e46040573290777280a0835d81ea4ea\"},\"headline\":\"Programul de 1 Mai al PPC Energie. Ce magazin r\u0103m\u00e2ne deschis\",\"datePublished\":\"2025-04-28T15:03:37+00:00\",\"dateModified\":\"2025-04-28T15:04:10+00:00\",\"mainEntityOfPage\":{\"@id\":\"https:\\\/\\\/buletin.de\\\/bucuresti\\\/programul-de-1-mai-al-ppc-energie-2\\\/\"},\"wordCount\":371,\"publisher\":{\"@id\":\"https:\\\/\\\/buletin.de\\\/bucuresti\\\/#organization\"},\"image\":{\"@id\":\"https:\\\/\\\/buletin.de\\\/bucuresti\\\/programul-de-1-mai-al-ppc-energie-2\\\/#primaryimage\"},\"thumbnailUrl\":\"https:\\\/\\\/buletin.de\\\/bucuresti\\\/wp-content\\\/uploads\\\/2025\\\/04\\\/Magazin-PPC.jpg\",\"keywords\":[\"magazin PPC Titan\",\"Magazinele PPC Energie\",\"program PPC energie 1 mai\"],\"articleSection\":[\"Articole\",\"Diverse\",\"\u0218tiri\"],\"inLanguage\":\"en-GB\",\"copyrightYear\":\"2025\",\"copyrightHolder\":{\"@id\":\"https:\\\/\\\/buletin.de\\\/bucuresti\\\/#organization\"}},{\"@type\":\"WebPage\",\"@id\":\"https:\\\/\\\/buletin.de\\\/bucuresti\\\/programul-de-1-mai-al-ppc-energie-2\\\/\",\"url\":\"https:\\\/\\\/buletin.de\\\/bucuresti\\\/programul-de-1-mai-al-ppc-energie-2\\\/\",\"name\":\"Programul de 1 Mai al PPC Energie. Ce magazin r\u0103m\u00e2ne deschis - Buletin de Bucure\u0219ti\",\"isPartOf\":{\"@id\":\"https:\\\/\\\/buletin.de\\\/bucuresti\\\/#website\"},\"primaryImageOfPage\":{\"@id\":\"https:\\\/\\\/buletin.de\\\/bucuresti\\\/programul-de-1-mai-al-ppc-energie-2\\\/#primaryimage\"},\"image\":{\"@id\":\"https:\\\/\\\/buletin.de\\\/bucuresti\\\/programul-de-1-mai-al-ppc-energie-2\\\/#primaryimage\"},\"thumbnailUrl\":\"https:\\\/\\\/buletin.de\\\/bucuresti\\\/wp-content\\\/uploads\\\/2025\\\/04\\\/Magazin-PPC.jpg\",\"datePublished\":\"2025-04-28T15:03:37+00:00\",\"dateModified\":\"2025-04-28T15:04:10+00:00\",\"description\":\"Programul de 1 Mai pentru magazinele PPC Energie din Bucure\u0219ti \u0219i Jude\u021bele Giurgiu \u0219i Ilfov: joi \u0219i vineri, 2 mai, este \u00eenchis.\",\"breadcrumb\":{\"@id\":\"https:\\\/\\\/buletin.de\\\/bucuresti\\\/programul-de-1-mai-al-ppc-energie-2\\\/#breadcrumb\"},\"inLanguage\":\"en-GB\",\"potentialAction\":[{\"@type\":\"ReadAction\",\"target\":[\"https:\\\/\\\/buletin.de\\\/bucuresti\\\/programul-de-1-mai-al-ppc-energie-2\\\/\"]}]},{\"@type\":\"ImageObject\",\"inLanguage\":\"en-GB\",\"@id\":\"https:\\\/\\\/buletin.de\\\/bucuresti\\\/programul-de-1-mai-al-ppc-energie-2\\\/#primaryimage\",\"url\":\"https:\\\/\\\/buletin.de\\\/bucuresti\\\/wp-content\\\/uploads\\\/2025\\\/04\\\/Magazin-PPC.jpg\",\"contentUrl\":\"https:\\\/\\\/buletin.de\\\/bucuresti\\\/wp-content\\\/uploads\\\/2025\\\/04\\\/Magazin-PPC.jpg\",\"width\":1946,\"height\":1500,\"caption\":\"Programul de Pa\u0219te al PPC Energie. Ce magazin r\u0103m\u00e2ne deschis. FOTO: PPC\"},{\"@type\":\"BreadcrumbList\",\"@id\":\"https:\\\/\\\/buletin.de\\\/bucuresti\\\/programul-de-1-mai-al-ppc-energie-2\\\/#breadcrumb\",\"itemListElement\":[{\"@type\":\"ListItem\",\"position\":1,\"name\":\"Acas\u0103\",\"item\":\"https:\\\/\\\/buletin.de\\\/bucuresti\\\/\"},{\"@type\":\"ListItem\",\"position\":2,\"name\":\"Programul de 1 Mai al PPC Energie. Ce magazin r\u0103m\u00e2ne deschis\"}]},{\"@type\":\"WebSite\",\"@id\":\"https:\\\/\\\/buletin.de\\\/bucuresti\\\/#website\",\"url\":\"https:\\\/\\\/buletin.de\\\/bucuresti\\\/\",\"name\":\"Buletin de Bucure\u0219ti\",\"description\":\"\u0218tiri \u0219i investiga\u021bii esen\u021biale din capital\u0103\",\"publisher\":{\"@id\":\"https:\\\/\\\/buletin.de\\\/bucuresti\\\/#organization\"},\"potentialAction\":[{\"@type\":\"SearchAction\",\"target\":{\"@type\":\"EntryPoint\",\"urlTemplate\":\"https:\\\/\\\/buletin.de\\\/bucuresti\\\/?s={search_term_string}\"},\"query-input\":{\"@type\":\"PropertyValueSpecification\",\"valueRequired\":true,\"valueName\":\"search_term_string\"}}],\"inLanguage\":\"en-GB\"},{\"@type\":\"Organization\",\"@id\":\"https:\\\/\\\/buletin.de\\\/bucuresti\\\/#organization\",\"name\":\"Buletin de Bucure\u0219ti\",\"url\":\"https:\\\/\\\/buletin.de\\\/bucuresti\\\/\",\"logo\":{\"@type\":\"ImageObject\",\"inLanguage\":\"en-GB\",\"@id\":\"https:\\\/\\\/buletin.de\\\/bucuresti\\\/#\\\/schema\\\/logo\\\/image\\\/\",\"url\":\"https:\\\/\\\/buletin.de\\\/bucuresti\\\/wp-content\\\/uploads\\\/logo-bdb-full-wide-vernil-transparent.png\",\"contentUrl\":\"https:\\\/\\\/buletin.de\\\/bucuresti\\\/wp-content\\\/uploads\\\/logo-bdb-full-wide-vernil-transparent.png\",\"width\":1782,\"height\":626,\"caption\":\"Buletin de Bucure\u0219ti\"},\"image\":{\"@id\":\"https:\\\/\\\/buletin.de\\\/bucuresti\\\/#\\\/schema\\\/logo\\\/image\\\/\"},\"sameAs\":[\"https:\\\/\\\/www.facebook.com\\\/buletin.de.buc\",\"https:\\\/\\\/www.instagram.com\\\/buletinde.bucuresti\\\/\"]},{\"@type\":\"Person\",\"@id\":\"https:\\\/\\\/buletin.de\\\/bucuresti\\\/#\\\/schema\\\/person\\\/7e46040573290777280a0835d81ea4ea\",\"name\":\"Diana Matei\",\"image\":{\"@type\":\"ImageObject\",\"inLanguage\":\"en-GB\",\"@id\":\"https:\\\/\\\/buletin.de\\\/bucuresti\\\/wp-content\\\/uploads\\\/9-2-96x96.jpg1e8590b30871d70e62ebcdaf2eff570c\",\"url\":\"https:\\\/\\\/buletin.de\\\/bucuresti\\\/wp-content\\\/uploads\\\/9-2-96x96.jpg\",\"contentUrl\":\"https:\\\/\\\/buletin.de\\\/bucuresti\\\/wp-content\\\/uploads\\\/9-2-96x96.jpg\",\"caption\":\"Diana Matei\"},\"url\":\"https:\\\/\\\/buletin.de\\\/bucuresti\\\/author\\\/dianamatei\\\/\"}]}<\/script>\n<!-- \/ Yoast SEO Premium plugin. -->","yoast_head_json":{"title":"Programul de 1 Mai al PPC Energie. Ce magazin r\u0103m\u00e2ne deschis - Buletin de Bucure\u0219ti","description":"Programul de 1 Mai pentru magazinele PPC Energie din Bucure\u0219ti \u0219i Jude\u021bele Giurgiu \u0219i Ilfov: joi \u0219i vineri, 2 mai, este \u00eenchis.","robots":{"index":"index","follow":"follow","max-snippet":"max-snippet:-1","max-image-preview":"max-image-preview:large","max-video-preview":"max-video-preview:-1"},"canonical":"https:\/\/buletin.de\/bucuresti\/programul-de-1-mai-al-ppc-energie-2\/","og_locale":"en_GB","og_type":"article","og_title":"Programul de 1 Mai al PPC Energie. Ce magazin r\u0103m\u00e2ne deschis","og_description":"Programul de 1 Mai pentru magazinele PPC Energie din Bucure\u0219ti \u0219i Jude\u021bele Giurgiu \u0219i Ilfov: joi \u0219i vineri, 2 mai, este \u00eenchis.","og_url":"https:\/\/buletin.de\/bucuresti\/programul-de-1-mai-al-ppc-energie-2\/","og_site_name":"Buletin de Bucure\u0219ti","article_publisher":"https:\/\/www.facebook.com\/buletin.de.buc","article_published_time":"2025-04-28T15:03:37+00:00","article_modified_time":"2025-04-28T15:04:10+00:00","og_image":[{"width":2026,"height":1562,"url":"https:\/\/buletin.de\/bucuresti\/wp-content\/uploads\/2025\/04\/Magazin-PPC.jpg","type":"image\/jpeg"}],"author":"Diana Matei","twitter_card":"summary_large_image","twitter_misc":{"Written by":"Diana Matei","Estimated reading time":"2 minutes"},"schema":{"@context":"https:\/\/schema.org","@graph":[{"@type":"Article","@id":"https:\/\/buletin.de\/bucuresti\/programul-de-1-mai-al-ppc-energie-2\/#article","isPartOf":{"@id":"https:\/\/buletin.de\/bucuresti\/programul-de-1-mai-al-ppc-energie-2\/"},"author":{"name":"Diana Matei","@id":"https:\/\/buletin.de\/bucuresti\/#\/schema\/person\/7e46040573290777280a0835d81ea4ea"},"headline":"Programul de 1 Mai al PPC Energie. Ce magazin r\u0103m\u00e2ne deschis","datePublished":"2025-04-28T15:03:37+00:00","dateModified":"2025-04-28T15:04:10+00:00","mainEntityOfPage":{"@id":"https:\/\/buletin.de\/bucuresti\/programul-de-1-mai-al-ppc-energie-2\/"},"wordCount":371,"publisher":{"@id":"https:\/\/buletin.de\/bucuresti\/#organization"},"image":{"@id":"https:\/\/buletin.de\/bucuresti\/programul-de-1-mai-al-ppc-energie-2\/#primaryimage"},"thumbnailUrl":"https:\/\/buletin.de\/bucuresti\/wp-content\/uploads\/2025\/04\/Magazin-PPC.jpg","keywords":["magazin PPC Titan","Magazinele PPC Energie","program PPC energie 1 mai"],"articleSection":["Articole","Diverse","\u0218tiri"],"inLanguage":"en-GB","copyrightYear":"2025","copyrightHolder":{"@id":"https:\/\/buletin.de\/bucuresti\/#organization"}},{"@type":"WebPage","@id":"https:\/\/buletin.de\/bucuresti\/programul-de-1-mai-al-ppc-energie-2\/","url":"https:\/\/buletin.de\/bucuresti\/programul-de-1-mai-al-ppc-energie-2\/","name":"Programul de 1 Mai al PPC Energie. Ce magazin r\u0103m\u00e2ne deschis - Buletin de Bucure\u0219ti","isPartOf":{"@id":"https:\/\/buletin.de\/bucuresti\/#website"},"primaryImageOfPage":{"@id":"https:\/\/buletin.de\/bucuresti\/programul-de-1-mai-al-ppc-energie-2\/#primaryimage"},"image":{"@id":"https:\/\/buletin.de\/bucuresti\/programul-de-1-mai-al-ppc-energie-2\/#primaryimage"},"thumbnailUrl":"https:\/\/buletin.de\/bucuresti\/wp-content\/uploads\/2025\/04\/Magazin-PPC.jpg","datePublished":"2025-04-28T15:03:37+00:00","dateModified":"2025-04-28T15:04:10+00:00","description":"Programul de 1 Mai pentru magazinele PPC Energie din Bucure\u0219ti \u0219i Jude\u021bele Giurgiu \u0219i Ilfov: joi \u0219i vineri, 2 mai, este \u00eenchis.","breadcrumb":{"@id":"https:\/\/buletin.de\/bucuresti\/programul-de-1-mai-al-ppc-energie-2\/#breadcrumb"},"inLanguage":"en-GB","potentialAction":[{"@type":"ReadAction","target":["https:\/\/buletin.de\/bucuresti\/programul-de-1-mai-al-ppc-energie-2\/"]}]},{"@type":"ImageObject","inLanguage":"en-GB","@id":"https:\/\/buletin.de\/bucuresti\/programul-de-1-mai-al-ppc-energie-2\/#primaryimage","url":"https:\/\/buletin.de\/bucuresti\/wp-content\/uploads\/2025\/04\/Magazin-PPC.jpg","contentUrl":"https:\/\/buletin.de\/bucuresti\/wp-content\/uploads\/2025\/04\/Magazin-PPC.jpg","width":1946,"height":1500,"caption":"Programul de Pa\u0219te al PPC Energie. Ce magazin r\u0103m\u00e2ne deschis. FOTO: PPC"},{"@type":"BreadcrumbList","@id":"https:\/\/buletin.de\/bucuresti\/programul-de-1-mai-al-ppc-energie-2\/#breadcrumb","itemListElement":[{"@type":"ListItem","position":1,"name":"Acas\u0103","item":"https:\/\/buletin.de\/bucuresti\/"},{"@type":"ListItem","position":2,"name":"Programul de 1 Mai al PPC Energie. Ce magazin r\u0103m\u00e2ne deschis"}]},{"@type":"WebSite","@id":"https:\/\/buletin.de\/bucuresti\/#website","url":"https:\/\/buletin.de\/bucuresti\/","name":"Buletin de Bucure\u0219ti","description":"\u0218tiri \u0219i investiga\u021bii esen\u021biale din capital\u0103","publisher":{"@id":"https:\/\/buletin.de\/bucuresti\/#organization"},"potentialAction":[{"@type":"SearchAction","target":{"@type":"EntryPoint","urlTemplate":"https:\/\/buletin.de\/bucuresti\/?s={search_term_string}"},"query-input":{"@type":"PropertyValueSpecification","valueRequired":true,"valueName":"search_term_string"}}],"inLanguage":"en-GB"},{"@type":"Organization","@id":"https:\/\/buletin.de\/bucuresti\/#organization","name":"Buletin de Bucure\u0219ti","url":"https:\/\/buletin.de\/bucuresti\/","logo":{"@type":"ImageObject","inLanguage":"en-GB","@id":"https:\/\/buletin.de\/bucuresti\/#\/schema\/logo\/image\/","url":"https:\/\/buletin.de\/bucuresti\/wp-content\/uploads\/logo-bdb-full-wide-vernil-transparent.png","contentUrl":"https:\/\/buletin.de\/bucuresti\/wp-content\/uploads\/logo-bdb-full-wide-vernil-transparent.png","width":1782,"height":626,"caption":"Buletin de Bucure\u0219ti"},"image":{"@id":"https:\/\/buletin.de\/bucuresti\/#\/schema\/logo\/image\/"},"sameAs":["https:\/\/www.facebook.com\/buletin.de.buc","https:\/\/www.instagram.com\/buletinde.bucuresti\/"]},{"@type":"Person","@id":"https:\/\/buletin.de\/bucuresti\/#\/schema\/person\/7e46040573290777280a0835d81ea4ea","name":"Diana Matei","image":{"@type":"ImageObject","inLanguage":"en-GB","@id":"https:\/\/buletin.de\/bucuresti\/wp-content\/uploads\/9-2-96x96.jpg1e8590b30871d70e62ebcdaf2eff570c","url":"https:\/\/buletin.de\/bucuresti\/wp-content\/uploads\/9-2-96x96.jpg","contentUrl":"https:\/\/buletin.de\/bucuresti\/wp-content\/uploads\/9-2-96x96.jpg","caption":"Diana Matei"},"url":"https:\/\/buletin.de\/bucuresti\/author\/dianamatei\/"}]}},"authors":[{"term_id":22574,"user_id":49,"is_guest":0,"slug":"dianamatei","display_name":"Diana Matei","avatar_url":"https:\/\/buletin.de\/bucuresti\/wp-content\/uploads\/9-2-96x96.jpg","0":null,"1":"","2":"","3":"","4":"","5":"","6":"","7":"","8":""}],"_links":{"self":[{"href":"https:\/\/buletin.de\/bucuresti\/wp-json\/wp\/v2\/posts\/127992","targetHints":{"allow":["GET"]}}],"collection":[{"href":"https:\/\/buletin.de\/bucuresti\/wp-json\/wp\/v2\/posts"}],"about":[{"href":"https:\/\/buletin.de\/bucuresti\/wp-json\/wp\/v2\/types\/post"}],"author":[{"embeddable":true,"href":"https:\/\/buletin.de\/bucuresti\/wp-json\/wp\/v2\/users\/49"}],"replies":[{"embeddable":true,"href":"https:\/\/buletin.de\/bucuresti\/wp-json\/wp\/v2\/comments?post=127992"}],"version-history":[{"count":2,"href":"https:\/\/buletin.de\/bucuresti\/wp-json\/wp\/v2\/posts\/127992\/revisions"}],"predecessor-version":[{"id":128014,"href":"https:\/\/buletin.de\/bucuresti\/wp-json\/wp\/v2\/posts\/127992\/revisions\/128014"}],"wp:featuredmedia":[{"embeddable":true,"href":"https:\/\/buletin.de\/bucuresti\/wp-json\/wp\/v2\/media\/126454"}],"wp:attachment":[{"href":"https:\/\/buletin.de\/bucuresti\/wp-json\/wp\/v2\/media?parent=127992"}],"wp:term":[{"taxonomy":"category","embeddable":true,"href":"https:\/\/buletin.de\/bucuresti\/wp-json\/wp\/v2\/categories?post=127992"},{"taxonomy":"post_tag","embeddable":true,"href":"https:\/\/buletin.de\/bucuresti\/wp-json\/wp\/v2\/tags?post=127992"},{"taxonomy":"author","embeddable":true,"href":"https:\/\/buletin.de\/bucuresti\/wp-json\/wp\/v2\/ppma_author?post=127992"}],"curies":[{"name":"wp","href":"https:\/\/api.w.org\/{rel}","templated":true}]}}