{"id":127955,"date":"2025-04-28T12:40:56","date_gmt":"2025-04-28T09:40:56","guid":{"rendered":"https:\/\/buletin.de\/bucuresti\/?p=127955"},"modified":"2025-04-30T15:28:15","modified_gmt":"2025-04-30T12:28:15","slug":"daniel-baluta-exista-pericol-eminent-de-prabusire-a-unei-portiuni-din-carosabil-in-piata-unirii-primarul-sectorului-4-il-acuza-pe-nicusor-dan","status":"publish","type":"post","link":"https:\/\/buletin.de\/bucuresti\/daniel-baluta-exista-pericol-eminent-de-prabusire-a-unei-portiuni-din-carosabil-in-piata-unirii-primarul-sectorului-4-il-acuza-pe-nicusor-dan\/","title":{"rendered":"Daniel B\u0103lu\u021b\u0103: Exist\u0103 pericol iminent de pr\u0103bu\u0219ire a unei por\u021biuni din carosabil \u00een Pia\u021ba Unirii. Primarul Sectorului 4 \u00eel acuz\u0103 pe Nicu\u0219or Dan"},"content":{"rendered":"\n<p><strong>Mai multe pl\u0103ci care fac parte din plan\u0219eul Unirii, sub asfaltul de pe bulevardul Dimitrie Cantemir, s-au pr\u0103bu\u0219it \u0219i se sprijin\u0103 pe \u021bevile de ap\u0103 cald\u0103, arat\u0103 un document citit luni de primarul Daniel B\u0103lu\u021b\u0103. Documentul mai vorbe\u0219te de un pericol iminent de pr\u0103bu\u0219ire a unei din carosabil \u00een Pia\u021ba Unirii.<\/strong><\/p>\n\n\n\n<p>Primarul Sectorului 4 a chemat jurnali\u0219tii, luni diminea\u021b\u0103, \u00een zona Pie\u021bei Unirii, \u00een dreptul ambasadei Israelului din Bucure\u0219ti, pentru a le prezenta faptul c\u0103 situa\u021bia de la plan\u0219eul care acoper\u0103 r\u00e2ul D\u00e2mbovi\u021ba \u0219i peste care trec zilnic mii de autovehicule s-a degradat grav.<\/p>\n\n\n\n<p>Daniel B\u0103lu\u021b\u0103 i-a dus pe jurnali\u0219ti \u00een subteran, pentru a le ar\u0103ta pl\u0103cile c\u0103zute \u0219i care se sprinij\u0103 pe \u021bevile de termoficare. De asemenea, primarul le-a prezentat o adres\u0103 a unui subcontractor al Termoenergetica, care trebuie s\u0103 schimbe conductele din zona Pie\u021bei Unirii.<\/p>\n\n\n\n<div class=\"wp-block-buttons is-content-justification-center is-layout-flex wp-container-core-buttons-is-layout-16018d1d wp-block-buttons-is-layout-flex\">\n<div class=\"wp-block-button has-custom-width wp-block-button__width-100\"><a class=\"wp-block-button__link wp-element-button\" href=\"https:\/\/www.patreon.com\/BuletinDeBucuresti\"><strong>Sus\u021bine Buletin de Bucure\u0219ti pentru investiga\u021bii, reportaje \u0219i \u0219tiri Locale<\/strong><\/a><\/div>\n<\/div>\n\n\n\n<h2 class=\"wp-block-heading\" id=\"h-buca\u021bi-din-carosabil-in-pia\u021ba-unirii-s-ar-putea-prabu\u0219i-cu-tot-cu-vehicule\">Buc\u0103\u021bi din carosabil \u00een Pia\u021ba Unirii s-ar putea pr\u0103bu\u0219i cu tot cu vehicule<\/h2>\n\n\n\n<p>Daniel B\u0103lu\u021b\u0103 a men\u021bionat c\u0103 subcontractorul, Tuborenergy Power, a trimis c\u0103tre mai multe institu\u021bii ale statului, printre care Prim\u0103ria Municipiului Bucure\u0219ti, Poli\u021bia Local\u0103 Sector 4, Inspectoratul de Stat \u00een Construc\u021bii, Brigada Rutier\u0103, Poli\u021bia Local\u0103 a Municipiului Bucure\u0219ti, Administra\u021bia Str\u0103zilor Bucure\u0219ti, documentul pe care l-a prezentat.<\/p>\n\n\n\n<p>\u201ePrin prezenta adres\u0103, v\u0103 aducem la cuno\u0219tin\u021b\u0103 faptul c\u0103 \u00een baza contractului (&#8230;) se vor \u00eemprejmui por\u021biuni din zona carosabil\u0103, aferent\u0103 bulevardului Dimitrie Cantemir, pe partea cu Ambasada Israelului, \u00eentre num\u0103rul 3 \u0219i cl\u0103direa Sitraco (Bulevardul Dimitrie Cantemir num\u0103rul 1), inclusiv intersec\u021bia strada Radu Vod\u0103 cu Dimitrie Cantemir. <\/p>\n\n\n\n<p>Aceast\u0103 opera\u021biune (de \u00eemprejmuire a zonei carosabile cu devierea traficului) este absolut necesar\u0103, av\u00e2nd \u00een vedere starea galeriei \u00een care se afl\u0103 conductele de termoficare de diametrul 800, care necesit\u0103 a fi \u00eenlocuite\u201d<\/p>\n\n\n\n<p>Pl\u0103cile\/datele de beton armat care acoper\u0103 galeria (canal termic care se afl\u0103 sub zona carosabil\u0103 a bulevardului Dimitrie Cantemir, intens circulat) prezint\u0103 un grad de uzur\u0103 avansat, iar unele dintre aceste pl\u0103ci au fost g\u0103site colapsate, la acest moment acestea sprijindu-se pe conductele care transportau agentul termic\u201d, se arat\u0103 \u00een documentul men\u021bionat. <\/p>\n\n\n\n<p>Adresa mai spune c\u0103, prin fracturarea acestor pl\u0103ci care acoper\u0103 canalul termic care se afl\u0103 sub zona carosabil\u0103, exper\u021bii firmei Turboenergy Power consider\u0103 c\u0103 exist\u0103 pericolul iminent de pr\u0103bu\u0219ire a unei por\u021biuni din carosabil sub greutate proprie, av\u00e2nd \u00een vedere starea avansat\u0103 de coroziune a conductelor, grosimea peretelui conductelor foarte mic\u0103 pe care se sprijin\u0103 pl\u0103cile din beton armat fracturate.<\/p>\n\n\n\n<p>\u201eApreciem c\u0103 exist\u0103 riscul aproape iminent ca acesta s\u0103 cedeze brusc \u00eempreun\u0103 cu infrastructura str\u0103zii (Bulevardul Dimitrie Cantemir nr 1-3 \u0219i intersec\u021bia Dimitrie Cantemir cu strada Radu Vod\u0103).<\/p>\n\n\n\n<p><strong>\u00cen cazul \u00een care una dintre autorit\u0103\u021bile mai sus men\u021bionate va \u00eendep\u0103rta aceste garduri care \u00eemprejmuiesc por\u021biunile critice men\u021bionate sub care se afl\u0103 canalul termic afectat \u00ee\u0219i asum\u0103 \u00eentreaga r\u0103spundere \u0219i toate consecin\u021bele care deriv\u0103 \u00een cazul pr\u0103bu\u0219irii autoturismelor sau mijloacelor de transport \u00een comun care traverseaz\u0103 bulevardul Dimitrie Cantemir. <\/strong><\/p>\n\n\n\n<p>Prezenta adres\u0103 nu constituie o simpl\u0103 notificare, ci are caracter de avertisment public cu privire la o situa\u021bie de urgen\u021b\u0103 care poate avea urm\u0103ri deosebit de grave, cu importante pierderi materiale \u0219i posibil de vie\u021bi\u201d, se mai arat\u0103 \u00een documentul prezentat de Daniel B\u0103lu\u021b\u0103.<\/p>\n\n\n\n<figure class=\"wp-block-embed is-type-video is-provider-youtube wp-block-embed-youtube wp-embed-aspect-16-9 wp-has-aspect-ratio\"><div class=\"wp-block-embed__wrapper\">\n<iframe title=\"Daniel B\u0103lu\u021b\u0103: Exist\u0103 pericol eminent de pr\u0103bu\u0219ire a unei por\u021biuni din carosabil \u00een Pia\u021ba Unirii\" width=\"1200\" height=\"675\" src=\"https:\/\/www.youtube.com\/embed\/U2Jnf9vAQ_o?feature=oembed\" frameborder=\"0\" allow=\"accelerometer; autoplay; clipboard-write; encrypted-media; gyroscope; picture-in-picture; web-share\" referrerpolicy=\"strict-origin-when-cross-origin\" allowfullscreen><\/iframe>\n<\/div><figcaption class=\"wp-element-caption\">Pl\u0103cile de beton c\u0103zute sub carosabil \u00een Pia\u021ba Unirii<\/figcaption><\/figure>\n\n\n\n<p><strong>CITE\u0218TE \u0218I: <a href=\"https:\/\/buletin.de\/bucuresti\/primarii-de-sector-s-au-coalizat-impotriva-lui-nicusor-dan-sustinere-pentru-crin-antonescu\/\" target=\"_blank\" rel=\"noreferrer noopener\">Primarii de sector s-au coalizat \u00eempotriva lui Nicu\u0219or Dan. Sus\u021binere pentru Crin Antonescu<\/a><\/strong><\/p>\n\n\n\n<h2 class=\"wp-block-heading\" id=\"h-primarul-sectorului-4-cuvinte-dure-la-adresa-lui-nicu\u0219or-dan\">Primarul Sectorului 4, cuvinte dure la adresa lui Nicu\u0219or Dan<\/h2>\n\n\n\n<p>Daniel B\u0103lu\u021b\u0103 a men\u021bionat c\u0103 a\u0219teapt\u0103 de un an de zile, de la Prim\u0103ria General\u0103, autoriza\u021bia de construire care s\u0103-i permit\u0103 s\u0103 \u00eenceap\u0103 lucr\u0103rile la plan\u0219eul Unirii, \u00een condi\u021biile \u00een care exist\u0103 bani aloca\u021bi \u0219i a fost desemnat constructorul.<\/p>\n\n\n\n<p>\u201e<strong>Nu numai c\u0103 am depus toate documentele la Prim\u0103ria Capitalei, nu numai c\u0103 n-am ob\u021binut certificat de urbanism pentru plan\u0219eu, dar probabil c\u0103 de abia acum, dup\u0103 8 luni de zile, vede\u021bi de ce trebuia dat\u0103 autoriza\u021bie de construire \u00een regim de urgen\u021b\u0103 \u0219inu s\u0103 facem acest ping-pong cinic pe care domnul Nicu\u0219or Dan \u00eel face. <\/strong><\/p>\n\n\n\n<p>Am ob\u021binut autoriza\u021bie de la Sectorul 3, primul lucru pe care l-a f\u0103cut primarul general a fost acela de a o contesta \u0219i de a o suspenda \u00een instan\u021b\u0103. A fost mult mai preocupat s\u0103 blocheze tot dec\u00e2t s\u0103 facem ceva pentru ce ceea ce vedem aici\u201d, a declarat primarul Sectorului 4. <\/p>\n\n\n\n<p><strong>Anterior, primarul general declarase c\u0103 institu\u021bia condus\u0103 de Daniel B\u0103lu\u021b\u0103 nu a adus, nici p\u00e2n\u0103 acum, toate documentele necesare pentru a ob\u021bine autoriza\u021bia de \u00eencepe a lucr\u0103rilor. <\/strong><\/p>\n\n\n\n<p>\u201eP\u00e2n\u0103 ieri, c\u00e2nd am \u00eentrebat, nu veniser\u0103 documentele pentru autoriza\u021bia de construire. Conform legii, c\u0103ci trebuie s\u0103 respect\u0103m to\u021bi legea, \u00een momentul \u00een care beneficiarul dore\u0219te s\u0103 ob\u021bin\u0103 autoriza\u021bia face o cerere, \u00eenso\u021bit\u0103 de acele avize din certificatul de urbanism, pentru a ob\u021bine autoriza\u021bia.<\/p>\n\n\n\n<p>Noi am avut o numeroas\u0103 coresponden\u021b\u0103 cu Prim\u0103ria Sectorului 4, \u00een care s-au trimis fel de fel de acte, pe diferite versiuni ale lucr\u0103rii tehnice.<\/p>\n\n\n\n<p>Nu putem noi s\u0103 facem coresponden\u021ba tehnic\u0103. Ei trebuie s\u0103 spun\u0103: iat\u0103, acesta este proiectul, acestea sunt avizele pe care le avem, da\u021bi-ne autoriza\u021bia. Nu suntem la situa\u021bia asta, acum\u201d, a declarat Nicu\u0219or Dan, pe 18 aprilie.<\/p>\n\n\n\n<p><strong>CITE\u0218TE \u0218I: <a href=\"https:\/\/buletin.de\/bucuresti\/nicusor-dan-despre-planseul-unirii-primaria-sector-4-nu-a-adus-inca-toate-actele-pentru-autorizatia-de-construire\/\" target=\"_blank\" rel=\"noreferrer noopener\">Nicu\u0219or Dan despre Plan\u0219eul Unirii: Prim\u0103ria Sector 4 nu a adus \u00eenc\u0103 toate actele pentru autoriza\u021bia de construire<\/a><\/strong><\/p>\n\n\n\n<p><strong>\u00cen replic\u0103, luni, Daniel B\u0103lu\u021b\u0103 a avut o reac\u021bie dur\u0103 fa\u021b\u0103 de declara\u021bia de mai sus. <\/strong><\/p>\n\n\n\n<p>\u201eEste incalificabil acest tip de comportament \u0219i sper ca bucure\u0219tenii s\u0103 vad\u0103 cu cine au de-a face. Dincolo de orice, ar trebui s\u0103 vorbim din calit\u0103\u021bile oficiale pe care le avem. Ar trebui s\u0103 fim empatici. Ar trebui s\u0103 fim preocupa\u021bi de faptul c\u0103 oamenii ar putea s\u0103 moar\u0103. <\/p>\n\n\n\n<p>Dac\u0103 noi at\u00e2t putem s\u0103 facem s\u0103 fim preocupa\u021bi, ia avizul, nu e avizul, uite aia, nu e aia, atunci, sincer, nu \u0219tiu ce c\u0103ut\u0103m \u00een pozi\u021biile astea.<\/p>\n\n\n\n<p>Avem toate documentele. Ar fi putut s\u0103 ne dea de un an de zile autoriza\u021bii de construire. Ar fi putut s\u0103 ne dea de \u0219ase luni certificatul de urbanism. Apropo, termenele legale sunt de 30 de zile\u201d, a afirmat primarul Sectorului 4.<\/p>\n\n\n\n<p>R\u0103spunz\u00e2nd la o alt\u0103 \u00eentrebare pe tema documentelor depuse, Daniel B\u0103lu\u021b\u0103 a fost \u0219i mai dur: \u201eDomnul Nicu\u0219or Dan, din p\u0103cate, este un impostor, este un mincinos. O s\u0103 v\u0103 prezent\u0103m toate documentele, toate numerele de \u00eenregistrare pentru toate documentele pe care le-am dat, pentru tot ceea ce am solicitat\u201d.<\/p>\n\n\n\n<p><strong>Primarul a confirmat c\u0103 a depus pl\u00e2ngere \u00een instan\u021b\u0103 \u00eempotriva lui Nicu\u0219or Dan, iar primul termen al procesului este pe 27 mai.<\/strong><\/p>\n\n\n\n<h2 class=\"wp-block-heading\" id=\"h-daniel-balu\u021ba-este-coordonatorul-campaniei-electorale-a-lui-crin-antonescu\">Daniel B\u0103lu\u021b\u0103 este coordonatorul campaniei electorale a lui Crin Antonescu<\/h2>\n\n\n\n<p><strong>Primarul Sectorului 4,&nbsp;<a href=\"https:\/\/www.facebook.com\/danielbalutaprimar\" target=\"_blank\" rel=\"noreferrer noopener\">Daniel B\u0103lu\u021b\u0103<\/a>, coordoneaz\u0103, din partea PSD, campania electoral\u0103 a lui Crin Antonescu, candidat comun cu PNL<\/strong> pentru alegerile preziden\u021biale<\/p>\n\n\n\n<p>Primarul Sectorului 2,&nbsp;Rare\u0219 Hopinc\u0103, este responsabil de coordonarea campaniei electorale la nivelul Bucure\u0219tiului.<\/p>\n\n\n\n<p>Nicu\u0219or Dan este la r\u00e2ndul s\u0103u candidat pentru func\u021bia de pre\u0219edinte al Rom\u00e2niei. Primul tur al alegerilor are loc la finalul acestei s\u0103pt\u0103m\u00e2ni, pe 4 mai.<br><\/p>\n","protected":false},"excerpt":{"rendered":"<p>Mai multe pl\u0103ci care fac parte din plan\u0219eul Unirii, sub asfaltul de pe bulevardul Dimitrie Cantemir, s-au pr\u0103bu\u0219it \u0219i se sprijin\u0103 pe \u021bevile de ap\u0103 cald\u0103, arat\u0103 un document citit luni de primarul Daniel B\u0103lu\u021b\u0103. Documentul mai vorbe\u0219te de un pericol iminent de pr\u0103bu\u0219ire a unei din carosabil \u00een Pia\u021ba Unirii. Primarul Sectorului 4 a [&hellip;]<\/p>\n","protected":false},"author":60,"featured_media":127960,"comment_status":"closed","ping_status":"open","sticky":false,"template":"","format":"standard","meta":{"_acf_changed":false,"inline_featured_image":false,"ngg_post_thumbnail":0,"footnotes":""},"categories":[6994,5762,9025],"tags":[16031,16004,1204,7651,5270],"ppma_author":[22582],"class_list":["post-127955","post","type-post","status-publish","format-standard","has-post-thumbnail","hentry","category-stiri-2","category-main","category-politic","tag-acte-planseul-unirii","tag-autorizatie-de-construire-planseu-unirii","tag-daniel-baluta","tag-planseu-unirii","tag-planseul-unirii"],"acf":[],"yoast_head":"<!-- This site is optimized with the Yoast SEO Premium plugin v25.3 (Yoast SEO v27.4) - https:\/\/yoast.com\/product\/yoast-seo-premium-wordpress\/ -->\n<title>Daniel B\u0103lu\u021b\u0103: Exist\u0103 pericol iminent de pr\u0103bu\u0219ire a unei por\u021biuni din carosabil \u00een Pia\u021ba Unirii. Primarul Sectorului 4 \u00eel acuz\u0103 pe Nicu\u0219or Dan - Buletin de Bucure\u0219ti<\/title>\n<meta name=\"description\" content=\"Exist\u0103 pericol iminent de pr\u0103bu\u0219ire a unei por\u021biuni din carosabil, \u00een Pia\u021ba Unirii, sus\u021bine primarul Sectorului 4.\" \/>\n<meta name=\"robots\" content=\"index, follow, max-snippet:-1, max-image-preview:large, max-video-preview:-1\" \/>\n<link rel=\"canonical\" href=\"https:\/\/buletin.de\/bucuresti\/daniel-baluta-exista-pericol-eminent-de-prabusire-a-unei-portiuni-din-carosabil-in-piata-unirii-primarul-sectorului-4-il-acuza-pe-nicusor-dan\/\" \/>\n<meta property=\"og:locale\" content=\"en_GB\" \/>\n<meta property=\"og:type\" content=\"article\" \/>\n<meta property=\"og:title\" content=\"Daniel B\u0103lu\u021b\u0103: Exist\u0103 pericol iminent de pr\u0103bu\u0219ire a unei por\u021biuni din carosabil \u00een Pia\u021ba Unirii. Primarul Sectorului 4 \u00eel acuz\u0103 pe Nicu\u0219or Dan\" \/>\n<meta property=\"og:description\" content=\"Exist\u0103 pericol iminent de pr\u0103bu\u0219ire a unei por\u021biuni din carosabil, \u00een Pia\u021ba Unirii, sus\u021bine primarul Sectorului 4.\" \/>\n<meta property=\"og:url\" content=\"https:\/\/buletin.de\/bucuresti\/daniel-baluta-exista-pericol-eminent-de-prabusire-a-unei-portiuni-din-carosabil-in-piata-unirii-primarul-sectorului-4-il-acuza-pe-nicusor-dan\/\" \/>\n<meta property=\"og:site_name\" content=\"Buletin de Bucure\u0219ti\" \/>\n<meta property=\"article:publisher\" content=\"https:\/\/www.facebook.com\/buletin.de.buc\" \/>\n<meta property=\"article:published_time\" content=\"2025-04-28T09:40:56+00:00\" \/>\n<meta property=\"article:modified_time\" content=\"2025-04-30T12:28:15+00:00\" \/>\n<meta property=\"og:image\" content=\"https:\/\/buletin.de\/bucuresti\/wp-content\/uploads\/2025\/04\/balutasubteran-1000x605.png\" \/>\n\t<meta property=\"og:image:width\" content=\"1000\" \/>\n\t<meta property=\"og:image:height\" content=\"605\" \/>\n\t<meta property=\"og:image:type\" content=\"image\/png\" \/>\n<meta name=\"author\" content=\"R\u0103zvan Chiru\u021b\u0103\" \/>\n<meta name=\"twitter:card\" content=\"summary_large_image\" \/>\n<meta name=\"twitter:label1\" content=\"Written by\" \/>\n\t<meta name=\"twitter:data1\" content=\"R\u0103zvan Chiru\u021b\u0103\" \/>\n\t<meta name=\"twitter:label2\" content=\"Estimated reading time\" \/>\n\t<meta name=\"twitter:data2\" content=\"6 minutes\" \/>\n<script type=\"application\/ld+json\" class=\"yoast-schema-graph\">{\"@context\":\"https:\\\/\\\/schema.org\",\"@graph\":[{\"@type\":\"Article\",\"@id\":\"https:\\\/\\\/buletin.de\\\/bucuresti\\\/daniel-baluta-exista-pericol-eminent-de-prabusire-a-unei-portiuni-din-carosabil-in-piata-unirii-primarul-sectorului-4-il-acuza-pe-nicusor-dan\\\/#article\",\"isPartOf\":{\"@id\":\"https:\\\/\\\/buletin.de\\\/bucuresti\\\/daniel-baluta-exista-pericol-eminent-de-prabusire-a-unei-portiuni-din-carosabil-in-piata-unirii-primarul-sectorului-4-il-acuza-pe-nicusor-dan\\\/\"},\"author\":{\"name\":\"R\u0103zvan Chiru\u021b\u0103\",\"@id\":\"https:\\\/\\\/buletin.de\\\/bucuresti\\\/#\\\/schema\\\/person\\\/a76df728dfc913795a9d90e346b253bb\"},\"headline\":\"Daniel B\u0103lu\u021b\u0103: Exist\u0103 pericol iminent de pr\u0103bu\u0219ire a unei por\u021biuni din carosabil \u00een Pia\u021ba Unirii. Primarul Sectorului 4 \u00eel acuz\u0103 pe Nicu\u0219or Dan\",\"datePublished\":\"2025-04-28T09:40:56+00:00\",\"dateModified\":\"2025-04-30T12:28:15+00:00\",\"mainEntityOfPage\":{\"@id\":\"https:\\\/\\\/buletin.de\\\/bucuresti\\\/daniel-baluta-exista-pericol-eminent-de-prabusire-a-unei-portiuni-din-carosabil-in-piata-unirii-primarul-sectorului-4-il-acuza-pe-nicusor-dan\\\/\"},\"wordCount\":1319,\"publisher\":{\"@id\":\"https:\\\/\\\/buletin.de\\\/bucuresti\\\/#organization\"},\"image\":{\"@id\":\"https:\\\/\\\/buletin.de\\\/bucuresti\\\/daniel-baluta-exista-pericol-eminent-de-prabusire-a-unei-portiuni-din-carosabil-in-piata-unirii-primarul-sectorului-4-il-acuza-pe-nicusor-dan\\\/#primaryimage\"},\"thumbnailUrl\":\"https:\\\/\\\/buletin.de\\\/bucuresti\\\/wp-content\\\/uploads\\\/2025\\\/04\\\/balutasubteran.png\",\"keywords\":[\"acte planseul unirii\",\"autorizatie de construire planseu unirii\",\"daniel baluta\",\"planseu unirii\",\"planseul unirii\"],\"articleSection\":[\"Articole\",\"Main\",\"Politic\"],\"inLanguage\":\"en-GB\",\"copyrightYear\":\"2025\",\"copyrightHolder\":{\"@id\":\"https:\\\/\\\/buletin.de\\\/bucuresti\\\/#organization\"}},{\"@type\":\"WebPage\",\"@id\":\"https:\\\/\\\/buletin.de\\\/bucuresti\\\/daniel-baluta-exista-pericol-eminent-de-prabusire-a-unei-portiuni-din-carosabil-in-piata-unirii-primarul-sectorului-4-il-acuza-pe-nicusor-dan\\\/\",\"url\":\"https:\\\/\\\/buletin.de\\\/bucuresti\\\/daniel-baluta-exista-pericol-eminent-de-prabusire-a-unei-portiuni-din-carosabil-in-piata-unirii-primarul-sectorului-4-il-acuza-pe-nicusor-dan\\\/\",\"name\":\"Daniel B\u0103lu\u021b\u0103: Exist\u0103 pericol iminent de pr\u0103bu\u0219ire a unei por\u021biuni din carosabil \u00een Pia\u021ba Unirii. Primarul Sectorului 4 \u00eel acuz\u0103 pe Nicu\u0219or Dan - Buletin de Bucure\u0219ti\",\"isPartOf\":{\"@id\":\"https:\\\/\\\/buletin.de\\\/bucuresti\\\/#website\"},\"primaryImageOfPage\":{\"@id\":\"https:\\\/\\\/buletin.de\\\/bucuresti\\\/daniel-baluta-exista-pericol-eminent-de-prabusire-a-unei-portiuni-din-carosabil-in-piata-unirii-primarul-sectorului-4-il-acuza-pe-nicusor-dan\\\/#primaryimage\"},\"image\":{\"@id\":\"https:\\\/\\\/buletin.de\\\/bucuresti\\\/daniel-baluta-exista-pericol-eminent-de-prabusire-a-unei-portiuni-din-carosabil-in-piata-unirii-primarul-sectorului-4-il-acuza-pe-nicusor-dan\\\/#primaryimage\"},\"thumbnailUrl\":\"https:\\\/\\\/buletin.de\\\/bucuresti\\\/wp-content\\\/uploads\\\/2025\\\/04\\\/balutasubteran.png\",\"datePublished\":\"2025-04-28T09:40:56+00:00\",\"dateModified\":\"2025-04-30T12:28:15+00:00\",\"description\":\"Exist\u0103 pericol iminent de pr\u0103bu\u0219ire a unei por\u021biuni din carosabil, \u00een Pia\u021ba Unirii, sus\u021bine primarul Sectorului 4.\",\"breadcrumb\":{\"@id\":\"https:\\\/\\\/buletin.de\\\/bucuresti\\\/daniel-baluta-exista-pericol-eminent-de-prabusire-a-unei-portiuni-din-carosabil-in-piata-unirii-primarul-sectorului-4-il-acuza-pe-nicusor-dan\\\/#breadcrumb\"},\"inLanguage\":\"en-GB\",\"potentialAction\":[{\"@type\":\"ReadAction\",\"target\":[\"https:\\\/\\\/buletin.de\\\/bucuresti\\\/daniel-baluta-exista-pericol-eminent-de-prabusire-a-unei-portiuni-din-carosabil-in-piata-unirii-primarul-sectorului-4-il-acuza-pe-nicusor-dan\\\/\"]}]},{\"@type\":\"ImageObject\",\"inLanguage\":\"en-GB\",\"@id\":\"https:\\\/\\\/buletin.de\\\/bucuresti\\\/daniel-baluta-exista-pericol-eminent-de-prabusire-a-unei-portiuni-din-carosabil-in-piata-unirii-primarul-sectorului-4-il-acuza-pe-nicusor-dan\\\/#primaryimage\",\"url\":\"https:\\\/\\\/buletin.de\\\/bucuresti\\\/wp-content\\\/uploads\\\/2025\\\/04\\\/balutasubteran.png\",\"contentUrl\":\"https:\\\/\\\/buletin.de\\\/bucuresti\\\/wp-content\\\/uploads\\\/2025\\\/04\\\/balutasubteran.png\",\"width\":2478,\"height\":1500,\"caption\":\"Daniel B\u0103lu\u021b\u0103 arat\u0103 pl\u0103cile c\u0103zute \u00een zona Pia\u021ba Unirii\"},{\"@type\":\"BreadcrumbList\",\"@id\":\"https:\\\/\\\/buletin.de\\\/bucuresti\\\/daniel-baluta-exista-pericol-eminent-de-prabusire-a-unei-portiuni-din-carosabil-in-piata-unirii-primarul-sectorului-4-il-acuza-pe-nicusor-dan\\\/#breadcrumb\",\"itemListElement\":[{\"@type\":\"ListItem\",\"position\":1,\"name\":\"Acas\u0103\",\"item\":\"https:\\\/\\\/buletin.de\\\/bucuresti\\\/\"},{\"@type\":\"ListItem\",\"position\":2,\"name\":\"Daniel B\u0103lu\u021b\u0103: Exist\u0103 pericol iminent de pr\u0103bu\u0219ire a unei por\u021biuni din carosabil \u00een Pia\u021ba Unirii. Primarul Sectorului 4 \u00eel acuz\u0103 pe Nicu\u0219or Dan\"}]},{\"@type\":\"WebSite\",\"@id\":\"https:\\\/\\\/buletin.de\\\/bucuresti\\\/#website\",\"url\":\"https:\\\/\\\/buletin.de\\\/bucuresti\\\/\",\"name\":\"Buletin de Bucure\u0219ti\",\"description\":\"\u0218tiri \u0219i investiga\u021bii esen\u021biale din capital\u0103\",\"publisher\":{\"@id\":\"https:\\\/\\\/buletin.de\\\/bucuresti\\\/#organization\"},\"potentialAction\":[{\"@type\":\"SearchAction\",\"target\":{\"@type\":\"EntryPoint\",\"urlTemplate\":\"https:\\\/\\\/buletin.de\\\/bucuresti\\\/?s={search_term_string}\"},\"query-input\":{\"@type\":\"PropertyValueSpecification\",\"valueRequired\":true,\"valueName\":\"search_term_string\"}}],\"inLanguage\":\"en-GB\"},{\"@type\":\"Organization\",\"@id\":\"https:\\\/\\\/buletin.de\\\/bucuresti\\\/#organization\",\"name\":\"Buletin de Bucure\u0219ti\",\"url\":\"https:\\\/\\\/buletin.de\\\/bucuresti\\\/\",\"logo\":{\"@type\":\"ImageObject\",\"inLanguage\":\"en-GB\",\"@id\":\"https:\\\/\\\/buletin.de\\\/bucuresti\\\/#\\\/schema\\\/logo\\\/image\\\/\",\"url\":\"https:\\\/\\\/buletin.de\\\/bucuresti\\\/wp-content\\\/uploads\\\/logo-bdb-full-wide-vernil-transparent.png\",\"contentUrl\":\"https:\\\/\\\/buletin.de\\\/bucuresti\\\/wp-content\\\/uploads\\\/logo-bdb-full-wide-vernil-transparent.png\",\"width\":1782,\"height\":626,\"caption\":\"Buletin de Bucure\u0219ti\"},\"image\":{\"@id\":\"https:\\\/\\\/buletin.de\\\/bucuresti\\\/#\\\/schema\\\/logo\\\/image\\\/\"},\"sameAs\":[\"https:\\\/\\\/www.facebook.com\\\/buletin.de.buc\",\"https:\\\/\\\/www.instagram.com\\\/buletinde.bucuresti\\\/\"]},{\"@type\":\"Person\",\"@id\":\"https:\\\/\\\/buletin.de\\\/bucuresti\\\/#\\\/schema\\\/person\\\/a76df728dfc913795a9d90e346b253bb\",\"name\":\"R\u0103zvan Chiru\u021b\u0103\",\"image\":{\"@type\":\"ImageObject\",\"inLanguage\":\"en-GB\",\"@id\":\"https:\\\/\\\/buletin.de\\\/bucuresti\\\/wp-content\\\/uploads\\\/Razvan-Chiruta-96x96.jpge7143b996fd4241fbd6ee1f6b6b7b267\",\"url\":\"https:\\\/\\\/buletin.de\\\/bucuresti\\\/wp-content\\\/uploads\\\/Razvan-Chiruta-96x96.jpg\",\"contentUrl\":\"https:\\\/\\\/buletin.de\\\/bucuresti\\\/wp-content\\\/uploads\\\/Razvan-Chiruta-96x96.jpg\",\"caption\":\"R\u0103zvan Chiru\u021b\u0103\"},\"description\":\"R\u0103zvan Chiru\u021b\u0103 este redactor-\u0219ef adjunct din iulie 2024. A fost redactor-\u0219ef al PRESShub \u00eentre 2022 \u0219i iunie 2024. Anterior, a fost redactor-\u0219ef al Newsweek Rom\u00e2nia, din 2018 p\u00e2n\u0103 \u00een 2021, \u0219i al cotidianului Rom\u00e2nia liber\u0103, \u00eentre 2015 \u0219i 2017. Este absolvent de Jurnalism, \u00een cadrul Universit\u0103\u021bii \u201eAl.I.Cuza\u201d din Ia\u0219i, \u0219i a urmat un master \u00een Managementul institu\u021biilor mass-media (f\u0103r\u0103 diserta\u021bie) la Facultatea de Jurnalism \u0219i \u0218tiin\u021bele Comunic\u0103rii din cadrul Universit\u0103\u021bii din Bucure\u0219ti. \u0218i-a \u00eenceput cariera la Opinia studen\u021beasc\u0103, cunoscuta \u0219coal\u0103 de pres\u0103 din Ia\u0219i. A lucrat \u00een presa local\u0103, apoi a devenit corespondent pentru Ia\u0219i al cotidianului Evenimentul Zilei. Din 2004, a coordonat pentru \u0219ase luni sec\u021bia de coresponden\u021bi a Evenimentului Zilei. A mai lucrat la s\u0103pt\u0103m\u00e2nalul Prezent \u0219i a colaborat cu revistele Dilema Veche \u0219i Suplimentul de Cultur\u0103. Este co-autor \u00een volumele \u201eMass-media \u0219i democra\u021bia \u00een Rom\u00e2nia post-comunist\u0103\u201d (ed. a II-a), Ed. Institutul European, Ia\u0219i, 2013, \u0219i \u201eCOVID - 19. Dimensiuni ale gestionarii pandemiei\u201d, Editura Junimea, Ia\u0219i, 2020.\",\"url\":\"https:\\\/\\\/buletin.de\\\/bucuresti\\\/author\\\/razvan-chiruta\\\/\"}]}<\/script>\n<!-- \/ Yoast SEO Premium plugin. -->","yoast_head_json":{"title":"Daniel B\u0103lu\u021b\u0103: Exist\u0103 pericol iminent de pr\u0103bu\u0219ire a unei por\u021biuni din carosabil \u00een Pia\u021ba Unirii. Primarul Sectorului 4 \u00eel acuz\u0103 pe Nicu\u0219or Dan - Buletin de Bucure\u0219ti","description":"Exist\u0103 pericol iminent de pr\u0103bu\u0219ire a unei por\u021biuni din carosabil, \u00een Pia\u021ba Unirii, sus\u021bine primarul Sectorului 4.","robots":{"index":"index","follow":"follow","max-snippet":"max-snippet:-1","max-image-preview":"max-image-preview:large","max-video-preview":"max-video-preview:-1"},"canonical":"https:\/\/buletin.de\/bucuresti\/daniel-baluta-exista-pericol-eminent-de-prabusire-a-unei-portiuni-din-carosabil-in-piata-unirii-primarul-sectorului-4-il-acuza-pe-nicusor-dan\/","og_locale":"en_GB","og_type":"article","og_title":"Daniel B\u0103lu\u021b\u0103: Exist\u0103 pericol iminent de pr\u0103bu\u0219ire a unei por\u021biuni din carosabil \u00een Pia\u021ba Unirii. Primarul Sectorului 4 \u00eel acuz\u0103 pe Nicu\u0219or Dan","og_description":"Exist\u0103 pericol iminent de pr\u0103bu\u0219ire a unei por\u021biuni din carosabil, \u00een Pia\u021ba Unirii, sus\u021bine primarul Sectorului 4.","og_url":"https:\/\/buletin.de\/bucuresti\/daniel-baluta-exista-pericol-eminent-de-prabusire-a-unei-portiuni-din-carosabil-in-piata-unirii-primarul-sectorului-4-il-acuza-pe-nicusor-dan\/","og_site_name":"Buletin de Bucure\u0219ti","article_publisher":"https:\/\/www.facebook.com\/buletin.de.buc","article_published_time":"2025-04-28T09:40:56+00:00","article_modified_time":"2025-04-30T12:28:15+00:00","og_image":[{"width":1000,"height":605,"url":"https:\/\/buletin.de\/bucuresti\/wp-content\/uploads\/2025\/04\/balutasubteran-1000x605.png","type":"image\/png"}],"author":"R\u0103zvan Chiru\u021b\u0103","twitter_card":"summary_large_image","twitter_misc":{"Written by":"R\u0103zvan Chiru\u021b\u0103","Estimated reading time":"6 minutes"},"schema":{"@context":"https:\/\/schema.org","@graph":[{"@type":"Article","@id":"https:\/\/buletin.de\/bucuresti\/daniel-baluta-exista-pericol-eminent-de-prabusire-a-unei-portiuni-din-carosabil-in-piata-unirii-primarul-sectorului-4-il-acuza-pe-nicusor-dan\/#article","isPartOf":{"@id":"https:\/\/buletin.de\/bucuresti\/daniel-baluta-exista-pericol-eminent-de-prabusire-a-unei-portiuni-din-carosabil-in-piata-unirii-primarul-sectorului-4-il-acuza-pe-nicusor-dan\/"},"author":{"name":"R\u0103zvan Chiru\u021b\u0103","@id":"https:\/\/buletin.de\/bucuresti\/#\/schema\/person\/a76df728dfc913795a9d90e346b253bb"},"headline":"Daniel B\u0103lu\u021b\u0103: Exist\u0103 pericol iminent de pr\u0103bu\u0219ire a unei por\u021biuni din carosabil \u00een Pia\u021ba Unirii. Primarul Sectorului 4 \u00eel acuz\u0103 pe Nicu\u0219or Dan","datePublished":"2025-04-28T09:40:56+00:00","dateModified":"2025-04-30T12:28:15+00:00","mainEntityOfPage":{"@id":"https:\/\/buletin.de\/bucuresti\/daniel-baluta-exista-pericol-eminent-de-prabusire-a-unei-portiuni-din-carosabil-in-piata-unirii-primarul-sectorului-4-il-acuza-pe-nicusor-dan\/"},"wordCount":1319,"publisher":{"@id":"https:\/\/buletin.de\/bucuresti\/#organization"},"image":{"@id":"https:\/\/buletin.de\/bucuresti\/daniel-baluta-exista-pericol-eminent-de-prabusire-a-unei-portiuni-din-carosabil-in-piata-unirii-primarul-sectorului-4-il-acuza-pe-nicusor-dan\/#primaryimage"},"thumbnailUrl":"https:\/\/buletin.de\/bucuresti\/wp-content\/uploads\/2025\/04\/balutasubteran.png","keywords":["acte planseul unirii","autorizatie de construire planseu unirii","daniel baluta","planseu unirii","planseul unirii"],"articleSection":["Articole","Main","Politic"],"inLanguage":"en-GB","copyrightYear":"2025","copyrightHolder":{"@id":"https:\/\/buletin.de\/bucuresti\/#organization"}},{"@type":"WebPage","@id":"https:\/\/buletin.de\/bucuresti\/daniel-baluta-exista-pericol-eminent-de-prabusire-a-unei-portiuni-din-carosabil-in-piata-unirii-primarul-sectorului-4-il-acuza-pe-nicusor-dan\/","url":"https:\/\/buletin.de\/bucuresti\/daniel-baluta-exista-pericol-eminent-de-prabusire-a-unei-portiuni-din-carosabil-in-piata-unirii-primarul-sectorului-4-il-acuza-pe-nicusor-dan\/","name":"Daniel B\u0103lu\u021b\u0103: Exist\u0103 pericol iminent de pr\u0103bu\u0219ire a unei por\u021biuni din carosabil \u00een Pia\u021ba Unirii. Primarul Sectorului 4 \u00eel acuz\u0103 pe Nicu\u0219or Dan - Buletin de Bucure\u0219ti","isPartOf":{"@id":"https:\/\/buletin.de\/bucuresti\/#website"},"primaryImageOfPage":{"@id":"https:\/\/buletin.de\/bucuresti\/daniel-baluta-exista-pericol-eminent-de-prabusire-a-unei-portiuni-din-carosabil-in-piata-unirii-primarul-sectorului-4-il-acuza-pe-nicusor-dan\/#primaryimage"},"image":{"@id":"https:\/\/buletin.de\/bucuresti\/daniel-baluta-exista-pericol-eminent-de-prabusire-a-unei-portiuni-din-carosabil-in-piata-unirii-primarul-sectorului-4-il-acuza-pe-nicusor-dan\/#primaryimage"},"thumbnailUrl":"https:\/\/buletin.de\/bucuresti\/wp-content\/uploads\/2025\/04\/balutasubteran.png","datePublished":"2025-04-28T09:40:56+00:00","dateModified":"2025-04-30T12:28:15+00:00","description":"Exist\u0103 pericol iminent de pr\u0103bu\u0219ire a unei por\u021biuni din carosabil, \u00een Pia\u021ba Unirii, sus\u021bine primarul Sectorului 4.","breadcrumb":{"@id":"https:\/\/buletin.de\/bucuresti\/daniel-baluta-exista-pericol-eminent-de-prabusire-a-unei-portiuni-din-carosabil-in-piata-unirii-primarul-sectorului-4-il-acuza-pe-nicusor-dan\/#breadcrumb"},"inLanguage":"en-GB","potentialAction":[{"@type":"ReadAction","target":["https:\/\/buletin.de\/bucuresti\/daniel-baluta-exista-pericol-eminent-de-prabusire-a-unei-portiuni-din-carosabil-in-piata-unirii-primarul-sectorului-4-il-acuza-pe-nicusor-dan\/"]}]},{"@type":"ImageObject","inLanguage":"en-GB","@id":"https:\/\/buletin.de\/bucuresti\/daniel-baluta-exista-pericol-eminent-de-prabusire-a-unei-portiuni-din-carosabil-in-piata-unirii-primarul-sectorului-4-il-acuza-pe-nicusor-dan\/#primaryimage","url":"https:\/\/buletin.de\/bucuresti\/wp-content\/uploads\/2025\/04\/balutasubteran.png","contentUrl":"https:\/\/buletin.de\/bucuresti\/wp-content\/uploads\/2025\/04\/balutasubteran.png","width":2478,"height":1500,"caption":"Daniel B\u0103lu\u021b\u0103 arat\u0103 pl\u0103cile c\u0103zute \u00een zona Pia\u021ba Unirii"},{"@type":"BreadcrumbList","@id":"https:\/\/buletin.de\/bucuresti\/daniel-baluta-exista-pericol-eminent-de-prabusire-a-unei-portiuni-din-carosabil-in-piata-unirii-primarul-sectorului-4-il-acuza-pe-nicusor-dan\/#breadcrumb","itemListElement":[{"@type":"ListItem","position":1,"name":"Acas\u0103","item":"https:\/\/buletin.de\/bucuresti\/"},{"@type":"ListItem","position":2,"name":"Daniel B\u0103lu\u021b\u0103: Exist\u0103 pericol iminent de pr\u0103bu\u0219ire a unei por\u021biuni din carosabil \u00een Pia\u021ba Unirii. Primarul Sectorului 4 \u00eel acuz\u0103 pe Nicu\u0219or Dan"}]},{"@type":"WebSite","@id":"https:\/\/buletin.de\/bucuresti\/#website","url":"https:\/\/buletin.de\/bucuresti\/","name":"Buletin de Bucure\u0219ti","description":"\u0218tiri \u0219i investiga\u021bii esen\u021biale din capital\u0103","publisher":{"@id":"https:\/\/buletin.de\/bucuresti\/#organization"},"potentialAction":[{"@type":"SearchAction","target":{"@type":"EntryPoint","urlTemplate":"https:\/\/buletin.de\/bucuresti\/?s={search_term_string}"},"query-input":{"@type":"PropertyValueSpecification","valueRequired":true,"valueName":"search_term_string"}}],"inLanguage":"en-GB"},{"@type":"Organization","@id":"https:\/\/buletin.de\/bucuresti\/#organization","name":"Buletin de Bucure\u0219ti","url":"https:\/\/buletin.de\/bucuresti\/","logo":{"@type":"ImageObject","inLanguage":"en-GB","@id":"https:\/\/buletin.de\/bucuresti\/#\/schema\/logo\/image\/","url":"https:\/\/buletin.de\/bucuresti\/wp-content\/uploads\/logo-bdb-full-wide-vernil-transparent.png","contentUrl":"https:\/\/buletin.de\/bucuresti\/wp-content\/uploads\/logo-bdb-full-wide-vernil-transparent.png","width":1782,"height":626,"caption":"Buletin de Bucure\u0219ti"},"image":{"@id":"https:\/\/buletin.de\/bucuresti\/#\/schema\/logo\/image\/"},"sameAs":["https:\/\/www.facebook.com\/buletin.de.buc","https:\/\/www.instagram.com\/buletinde.bucuresti\/"]},{"@type":"Person","@id":"https:\/\/buletin.de\/bucuresti\/#\/schema\/person\/a76df728dfc913795a9d90e346b253bb","name":"R\u0103zvan Chiru\u021b\u0103","image":{"@type":"ImageObject","inLanguage":"en-GB","@id":"https:\/\/buletin.de\/bucuresti\/wp-content\/uploads\/Razvan-Chiruta-96x96.jpge7143b996fd4241fbd6ee1f6b6b7b267","url":"https:\/\/buletin.de\/bucuresti\/wp-content\/uploads\/Razvan-Chiruta-96x96.jpg","contentUrl":"https:\/\/buletin.de\/bucuresti\/wp-content\/uploads\/Razvan-Chiruta-96x96.jpg","caption":"R\u0103zvan Chiru\u021b\u0103"},"description":"R\u0103zvan Chiru\u021b\u0103 este redactor-\u0219ef adjunct din iulie 2024. A fost redactor-\u0219ef al PRESShub \u00eentre 2022 \u0219i iunie 2024. Anterior, a fost redactor-\u0219ef al Newsweek Rom\u00e2nia, din 2018 p\u00e2n\u0103 \u00een 2021, \u0219i al cotidianului Rom\u00e2nia liber\u0103, \u00eentre 2015 \u0219i 2017. Este absolvent de Jurnalism, \u00een cadrul Universit\u0103\u021bii \u201eAl.I.Cuza\u201d din Ia\u0219i, \u0219i a urmat un master \u00een Managementul institu\u021biilor mass-media (f\u0103r\u0103 diserta\u021bie) la Facultatea de Jurnalism \u0219i \u0218tiin\u021bele Comunic\u0103rii din cadrul Universit\u0103\u021bii din Bucure\u0219ti. \u0218i-a \u00eenceput cariera la Opinia studen\u021beasc\u0103, cunoscuta \u0219coal\u0103 de pres\u0103 din Ia\u0219i. A lucrat \u00een presa local\u0103, apoi a devenit corespondent pentru Ia\u0219i al cotidianului Evenimentul Zilei. Din 2004, a coordonat pentru \u0219ase luni sec\u021bia de coresponden\u021bi a Evenimentului Zilei. A mai lucrat la s\u0103pt\u0103m\u00e2nalul Prezent \u0219i a colaborat cu revistele Dilema Veche \u0219i Suplimentul de Cultur\u0103. Este co-autor \u00een volumele \u201eMass-media \u0219i democra\u021bia \u00een Rom\u00e2nia post-comunist\u0103\u201d (ed. a II-a), Ed. Institutul European, Ia\u0219i, 2013, \u0219i \u201eCOVID - 19. Dimensiuni ale gestionarii pandemiei\u201d, Editura Junimea, Ia\u0219i, 2020.","url":"https:\/\/buletin.de\/bucuresti\/author\/razvan-chiruta\/"}]}},"authors":[{"term_id":22582,"user_id":60,"is_guest":0,"slug":"razvan-chiruta","display_name":"R\u0103zvan Chiru\u021b\u0103","avatar_url":"https:\/\/buletin.de\/bucuresti\/wp-content\/uploads\/Razvan-Chiruta-96x96.jpg","0":null,"1":"","2":"","3":"","4":"","5":"","6":"","7":"","8":""}],"_links":{"self":[{"href":"https:\/\/buletin.de\/bucuresti\/wp-json\/wp\/v2\/posts\/127955","targetHints":{"allow":["GET"]}}],"collection":[{"href":"https:\/\/buletin.de\/bucuresti\/wp-json\/wp\/v2\/posts"}],"about":[{"href":"https:\/\/buletin.de\/bucuresti\/wp-json\/wp\/v2\/types\/post"}],"author":[{"embeddable":true,"href":"https:\/\/buletin.de\/bucuresti\/wp-json\/wp\/v2\/users\/60"}],"replies":[{"embeddable":true,"href":"https:\/\/buletin.de\/bucuresti\/wp-json\/wp\/v2\/comments?post=127955"}],"version-history":[{"count":8,"href":"https:\/\/buletin.de\/bucuresti\/wp-json\/wp\/v2\/posts\/127955\/revisions"}],"predecessor-version":[{"id":128219,"href":"https:\/\/buletin.de\/bucuresti\/wp-json\/wp\/v2\/posts\/127955\/revisions\/128219"}],"wp:featuredmedia":[{"embeddable":true,"href":"https:\/\/buletin.de\/bucuresti\/wp-json\/wp\/v2\/media\/127960"}],"wp:attachment":[{"href":"https:\/\/buletin.de\/bucuresti\/wp-json\/wp\/v2\/media?parent=127955"}],"wp:term":[{"taxonomy":"category","embeddable":true,"href":"https:\/\/buletin.de\/bucuresti\/wp-json\/wp\/v2\/categories?post=127955"},{"taxonomy":"post_tag","embeddable":true,"href":"https:\/\/buletin.de\/bucuresti\/wp-json\/wp\/v2\/tags?post=127955"},{"taxonomy":"author","embeddable":true,"href":"https:\/\/buletin.de\/bucuresti\/wp-json\/wp\/v2\/ppma_author?post=127955"}],"curies":[{"name":"wp","href":"https:\/\/api.w.org\/{rel}","templated":true}]}}