{"id":12789,"date":"2020-10-06T10:49:40","date_gmt":"2020-10-06T07:49:40","guid":{"rendered":"https:\/\/buletin.de\/bucuresti\/?p=12789"},"modified":"2020-10-06T11:03:07","modified_gmt":"2020-10-06T08:03:07","slug":"rechizite-si-separatoare-de-plexiglas-de-peste-1-milion-de-euro-primaria-sector-5-a-cheltuit-cu-nemiluita-in-ultimele-2-luni","status":"publish","type":"post","link":"https:\/\/buletin.de\/bucuresti\/rechizite-si-separatoare-de-plexiglas-de-peste-1-milion-de-euro-primaria-sector-5-a-cheltuit-cu-nemiluita-in-ultimele-2-luni\/","title":{"rendered":"Rechizite \u0219i separatoare de plexiglas de peste 1 milion de euro | Primaria sector 5 a cheltuit cu nemiluita \u00een ultimele 2 luni"},"content":{"rendered":"\n<div class=\"wp-block-group\"><div class=\"wp-block-group__inner-container is-layout-flow wp-block-group-is-layout-flow\">\n<div class=\"wp-block-image\"><figure class=\"aligncenter size-large is-resized\"><a href=\"https:\/\/activecitizensfund.ro\" target=\"_blank\" rel=\"noopener noreferrer\"><img fetchpriority=\"high\" decoding=\"async\" src=\"data:image\/gif;base64,R0lGODlhAQABAAAAACH5BAEKAAEALAAAAAABAAEAAAICTAEAOw==\" data-src=\"https:\/\/buletin.de\/bucuresti\/wp-content\/uploads\/Active-citizens-fund@4x-1-900x316.png\" alt=\"\" class=\"wp-image-11980 lazyload\" width=\"450\" height=\"158\" data-sizes=\"auto\" data-srcset=\"https:\/\/buletin.de\/bucuresti\/wp-content\/uploads\/Active-citizens-fund@4x-1-900x316.png 900w, https:\/\/buletin.de\/bucuresti\/wp-content\/uploads\/Active-citizens-fund@4x-1-300x105.png 300w, https:\/\/buletin.de\/bucuresti\/wp-content\/uploads\/Active-citizens-fund@4x-1-768x270.png 768w, https:\/\/buletin.de\/bucuresti\/wp-content\/uploads\/Active-citizens-fund@4x-1-1536x539.png 1536w, https:\/\/buletin.de\/bucuresti\/wp-content\/uploads\/Active-citizens-fund@4x-1-2048x719.png 2048w, https:\/\/buletin.de\/bucuresti\/wp-content\/uploads\/Active-citizens-fund@4x-1-1060x372.png 1060w, https:\/\/buletin.de\/bucuresti\/wp-content\/uploads\/Active-citizens-fund@4x-1-550x193.png 550w, https:\/\/buletin.de\/bucuresti\/wp-content\/uploads\/Active-citizens-fund@4x-1-1425x500.png 1425w, https:\/\/buletin.de\/bucuresti\/wp-content\/uploads\/Active-citizens-fund@4x-1-1920x674.png 1920w, https:\/\/buletin.de\/bucuresti\/wp-content\/uploads\/Active-citizens-fund@4x-1-600x211.png 600w\" sizes=\"(max-width: 450px) 100vw, 450px\" \/><\/a><\/figure><\/div>\n\n\n\n<div style=\"height:20px\" aria-hidden=\"true\" class=\"wp-block-spacer\"><\/div>\n<\/div><\/div>\n\n\n\n<p><em>\u00cen prag de alegeri, Prim\u0103ria Sector 5 a cump\u0103rat pe 10 septembrie, prin atribuire direct\u0103, rechizite pentru elevii sectorului de ciclu primar, gimnazial \u0219i liceal \u00een valoare de peste 500 mii de euro. De asemenea, la c\u00e2teva zile distan\u021b\u0103, pe 16 septembrie, Prim\u0103ria Sector 5, tot prin atribuire direct\u0103, a cheltuit peste 554 mii de euro pentru panouri separatoare din plexigas transparent. <\/em><\/p>\n\n\n\n<p>\u00cen Rom\u00e2nia, conform legii, orice achizi\u021bie mai mare 30.000 de euro \u0219i mai mare de 100.000 de euro \u00een cazul construc\u021biilor trebuie s\u0103 fie f\u0103cut\u0103 prin licita\u021bie. \u00cens\u0103, de ani de zile edilii fenteaz\u0103 aceast\u0103 reglementare \u0219i \u00eempart o achizi\u021bie mare \u00een contracte mai multe \u0219i mai mici pentru a evita licita\u021bia \u0219i pentru a oferi contracte doar anumitor firme cu care Prim\u0103ria are rela\u021bii bune. Ambele achizi\u021bii ale Prim\u0103riei Sector 5 ar fi trebuit s\u0103 fie f\u0103cute cu licita\u021bie, \u00eens\u0103 au decis s\u0103 \u00eempart\u0103 achizi\u021bia \u00een mai multe contracte pentru a putea da peste 500 de mii de euro unei singure firme. <\/p>\n\n\n\n<h3 class=\"wp-block-heading\"><strong>Rechizite pentru noul an \u0219colar<\/strong><\/h3>\n\n\n\n<p>\u00cen 10 septembrie, Prim\u0103ria Sector 5 a cump\u0103rat rechizite pentru elevii sectorului de peste 500 mii de euro, f\u0103r\u0103 licita\u021bie. Prim\u0103ria condus\u0103 de Daniel Florea a \u00eemp\u0103r\u021bit achizi\u021bia \u00een 95 de contracte pentru a putea s\u0103 vireze to\u021bi banii \u00een contul firmei <em>Idea Papel Distribution S.R.L.<\/em> <\/p>\n\n\n\n<p>Toate cele 95 de contracte au fost atribuite \u00eentr-o singur\u0103 zi, mai specific \u00een decurs de doar doar c\u00e2teva ore. <\/p>\n\n\n\n<figure class=\"wp-block-gallery columns-2 is-cropped wp-block-gallery-1 is-layout-flex wp-block-gallery-is-layout-flex\"><ul class=\"blocks-gallery-grid\"><li class=\"blocks-gallery-item\"><figure><a href=\"https:\/\/buletin.de\/bucuresti\/wp-content\/uploads\/Screenshot_2020-09-25_17-38-21.png\"><img decoding=\"async\" width=\"900\" height=\"373\" src=\"data:image\/gif;base64,R0lGODlhAQABAAAAACH5BAEKAAEALAAAAAABAAEAAAICTAEAOw==\" data-src=\"https:\/\/buletin.de\/bucuresti\/wp-content\/uploads\/Screenshot_2020-09-25_17-38-21-900x373.png\" alt=\"\" data-id=\"12848\" data-full-url=\"https:\/\/buletin.de\/bucuresti\/wp-content\/uploads\/Screenshot_2020-09-25_17-38-21.png\" data-link=\"https:\/\/buletin.de\/bucuresti\/?attachment_id=12848\" class=\"wp-image-12848 lazyload\" data-sizes=\"auto\" data-srcset=\"https:\/\/buletin.de\/bucuresti\/wp-content\/uploads\/Screenshot_2020-09-25_17-38-21-900x373.png 900w, https:\/\/buletin.de\/bucuresti\/wp-content\/uploads\/Screenshot_2020-09-25_17-38-21-300x124.png 300w, https:\/\/buletin.de\/bucuresti\/wp-content\/uploads\/Screenshot_2020-09-25_17-38-21-768x318.png 768w, https:\/\/buletin.de\/bucuresti\/wp-content\/uploads\/Screenshot_2020-09-25_17-38-21-1060x439.png 1060w, https:\/\/buletin.de\/bucuresti\/wp-content\/uploads\/Screenshot_2020-09-25_17-38-21-550x228.png 550w, https:\/\/buletin.de\/bucuresti\/wp-content\/uploads\/Screenshot_2020-09-25_17-38-21-1206x500.png 1206w, https:\/\/buletin.de\/bucuresti\/wp-content\/uploads\/Screenshot_2020-09-25_17-38-21-600x249.png 600w, https:\/\/buletin.de\/bucuresti\/wp-content\/uploads\/Screenshot_2020-09-25_17-38-21.png 1288w\" sizes=\"(max-width: 900px) 100vw, 900px\" \/><\/a><\/figure><\/li><li class=\"blocks-gallery-item\"><figure><a href=\"https:\/\/buletin.de\/bucuresti\/wp-content\/uploads\/Screenshot_2020-09-25_17-39-05.png\"><img decoding=\"async\" width=\"900\" height=\"312\" src=\"data:image\/gif;base64,R0lGODlhAQABAAAAACH5BAEKAAEALAAAAAABAAEAAAICTAEAOw==\" data-src=\"https:\/\/buletin.de\/bucuresti\/wp-content\/uploads\/Screenshot_2020-09-25_17-39-05-900x312.png\" alt=\"\" data-id=\"12849\" data-full-url=\"https:\/\/buletin.de\/bucuresti\/wp-content\/uploads\/Screenshot_2020-09-25_17-39-05.png\" data-link=\"https:\/\/buletin.de\/bucuresti\/?attachment_id=12849\" class=\"wp-image-12849 lazyload\" data-sizes=\"auto\" data-srcset=\"https:\/\/buletin.de\/bucuresti\/wp-content\/uploads\/Screenshot_2020-09-25_17-39-05-900x312.png 900w, https:\/\/buletin.de\/bucuresti\/wp-content\/uploads\/Screenshot_2020-09-25_17-39-05-300x104.png 300w, https:\/\/buletin.de\/bucuresti\/wp-content\/uploads\/Screenshot_2020-09-25_17-39-05-768x267.png 768w, https:\/\/buletin.de\/bucuresti\/wp-content\/uploads\/Screenshot_2020-09-25_17-39-05-1060x368.png 1060w, https:\/\/buletin.de\/bucuresti\/wp-content\/uploads\/Screenshot_2020-09-25_17-39-05-550x191.png 550w, https:\/\/buletin.de\/bucuresti\/wp-content\/uploads\/Screenshot_2020-09-25_17-39-05-600x208.png 600w, https:\/\/buletin.de\/bucuresti\/wp-content\/uploads\/Screenshot_2020-09-25_17-39-05.png 1288w\" sizes=\"(max-width: 900px) 100vw, 900px\" \/><\/a><\/figure><\/li><\/ul><figcaption class=\"blocks-gallery-caption\">Sursa: <a href=\"http:\/\/e-licitatie.ro\/pub\/direct-acquisitions\/list\/1\">e-licitatie.ro<\/a><\/figcaption><\/figure>\n\n\n\n<p>Firma <em>Idea Papel Distribution S.R.L.<\/em> a fost \u00eenfiin\u021bat\u0103 \u00een anul 2020 \u0219i singurul angajat este \u0219i administratorul firmei, Marin Vidra\u0219cu, care este \u0219i directorul executiv al editurii <em>Litera<\/em>. <br><br>Am \u00eencercat s\u0103 lu\u0103m leg\u0103tura cu Marin Vidra\u0219cu, \u00eens\u0103 num\u0103rul de telefon de pe platforma SICAP nu func\u021bioneaz\u0103 momentan. Am trimis un mail firmei \u0219i vom actualiza atunci c\u00e2nd primim r\u0103spuns.<\/p>\n\n\n\n<figure class=\"wp-block-gallery columns-2 is-cropped wp-block-gallery-2 is-layout-flex wp-block-gallery-is-layout-flex\"><ul class=\"blocks-gallery-grid\"><li class=\"blocks-gallery-item\"><figure><a href=\"https:\/\/buletin.de\/bucuresti\/wp-content\/uploads\/firma-1-1.png\"><img loading=\"lazy\" decoding=\"async\" width=\"900\" height=\"187\" src=\"data:image\/gif;base64,R0lGODlhAQABAAAAACH5BAEKAAEALAAAAAABAAEAAAICTAEAOw==\" data-src=\"https:\/\/buletin.de\/bucuresti\/wp-content\/uploads\/firma-1-1-900x187.png\" alt=\"\" data-id=\"12855\" data-full-url=\"https:\/\/buletin.de\/bucuresti\/wp-content\/uploads\/firma-1-1.png\" data-link=\"https:\/\/buletin.de\/bucuresti\/?attachment_id=12855\" class=\"wp-image-12855 lazyload\" data-sizes=\"auto\" data-srcset=\"https:\/\/buletin.de\/bucuresti\/wp-content\/uploads\/firma-1-1-900x187.png 900w, https:\/\/buletin.de\/bucuresti\/wp-content\/uploads\/firma-1-1-300x62.png 300w, https:\/\/buletin.de\/bucuresti\/wp-content\/uploads\/firma-1-1-768x159.png 768w, https:\/\/buletin.de\/bucuresti\/wp-content\/uploads\/firma-1-1-1060x220.png 1060w, https:\/\/buletin.de\/bucuresti\/wp-content\/uploads\/firma-1-1-550x114.png 550w, https:\/\/buletin.de\/bucuresti\/wp-content\/uploads\/firma-1-1-600x125.png 600w, https:\/\/buletin.de\/bucuresti\/wp-content\/uploads\/firma-1-1.png 1142w\" sizes=\"(max-width: 900px) 100vw, 900px\" \/><\/a><\/figure><\/li><li class=\"blocks-gallery-item\"><figure><a href=\"https:\/\/buletin.de\/bucuresti\/wp-content\/uploads\/firma-2-1.png\"><img loading=\"lazy\" decoding=\"async\" width=\"900\" height=\"309\" src=\"data:image\/gif;base64,R0lGODlhAQABAAAAACH5BAEKAAEALAAAAAABAAEAAAICTAEAOw==\" data-src=\"https:\/\/buletin.de\/bucuresti\/wp-content\/uploads\/firma-2-1-900x309.png\" alt=\"\" data-id=\"12856\" data-full-url=\"https:\/\/buletin.de\/bucuresti\/wp-content\/uploads\/firma-2-1.png\" data-link=\"https:\/\/buletin.de\/bucuresti\/?attachment_id=12856\" class=\"wp-image-12856 lazyload\" data-sizes=\"auto\" data-srcset=\"https:\/\/buletin.de\/bucuresti\/wp-content\/uploads\/firma-2-1-900x309.png 900w, https:\/\/buletin.de\/bucuresti\/wp-content\/uploads\/firma-2-1-300x103.png 300w, https:\/\/buletin.de\/bucuresti\/wp-content\/uploads\/firma-2-1-768x263.png 768w, https:\/\/buletin.de\/bucuresti\/wp-content\/uploads\/firma-2-1-1060x364.png 1060w, https:\/\/buletin.de\/bucuresti\/wp-content\/uploads\/firma-2-1-550x189.png 550w, https:\/\/buletin.de\/bucuresti\/wp-content\/uploads\/firma-2-1-600x206.png 600w, https:\/\/buletin.de\/bucuresti\/wp-content\/uploads\/firma-2-1.png 1137w\" sizes=\"(max-width: 900px) 100vw, 900px\" \/><\/a><\/figure><\/li><\/ul><figcaption class=\"blocks-gallery-caption\">Sursa: <a href=\"https:\/\/www.listafirme.ro\/idea-papel-distribution-srl-42179344\/\">listafirme.ro<\/a><\/figcaption><\/figure>\n\n\n\n<h3 class=\"wp-block-heading\"><strong>Panouri separatoare din plexigas transparent<\/strong><\/h3>\n\n\n\n<p>Prim\u0103ria Sector 5 a cump\u0103rat pe 16 septembrie, tot f\u0103r\u0103 licita\u021bie, panouri separatoare din plexigas transparent pentru \u0219colile din sector. De aceast\u0103 dat\u0103, dou\u0103 firme au primit aceast\u0103 achizi\u021bie de peste 554 mii de euro. <\/p>\n\n\n\n<p>Sumele au fost \u00eemp\u0103\u021bite aproximativ egal \u00eentre cele 2 firme, una dintre ele primind 18 contracte, iar cealalt\u0103 11. <\/p>\n\n\n\n<p>Firma <em>Promo Troops S.R.L<\/em> a primit \u00eentr-o singur\u0103 zi, pe 16 septembrie, 11 contracte \u00een valoare de aproape 260 de mii de euro de la Prim\u0103ria condus\u0103 de Daniel Florea pentru confec\u021bionarea \u0219i instalarea de panouri separatoare de plexiglas transparent.<\/p>\n\n\n\n<p>L-am sunat Dan Marin Cristian, administratorul firmei <em>Promo Troops S.R.L<\/em>. pentru a afla cum de firma lui a primit aceste contracte, iar acesta a spus c\u0103 prim\u0103ria le-a cerut o ofert\u0103, iar pe urm\u0103 s-a corectat \u0219i a spus c\u0103 au avut \u0219i o recomandare. <\/p>\n\n\n\n<style>\n.interviu {\nfont-size: 0.6em;\n}\n<\/style>\n\n\n\n<figure class=\"wp-block-pullquote interviu\"><blockquote><p>Reporter: Documentez un material despre achizi\u021biile f\u0103cute de Prim\u0103ria Sector 5 \u0219i am v\u0103zut c\u0103 firma dumneavoastr\u0103 a \u00eencasat 250 mii de euro de la Prim\u0103ria Sector 5. <br><br><strong>Dan Marin<\/strong>: Nu am \u00eencasat banii \u0103\u0219tia, deocamndat\u0103. E un contract \u00een derulare. <br><br>R: Pe platforma e-licitatie.ro apare c\u0103 ave\u021bi 11 contracte ob\u021binute prin atribuire direct\u0103 \u00een valoare de 250 mii de euro. <br><br><strong>D.M<\/strong>.: Da, corect, dar nu s-au \u00eencasat banii. <br><br><strong>R<\/strong>: De ce s-a \u00eemp\u0103r\u021bit achizi\u021bia \u00een 11 contracte \u0219i nu s-a f\u0103cut prin licita\u021bie?<br><br><strong>D.M.<\/strong>: Asta nu m\u0103 \u00eentreba\u021bi pe nime c\u0103 nu \u0219tiu. <br><br>R: \u0218i cum de a primit firma dumneavoastr\u0103 aceste contracte? <br><br><strong>D:M.<\/strong>: Ni s-a cerut o ofert\u0103, am pus o ofert\u0103 \u0219i asta a fost. <br><br>R: Deci, Prim\u0103ria Sector 5 a cerut o ofert\u0103? <br><br><strong>D.M.<\/strong>: Noi aveam pe site pus \u0219i s-a cerut o ofert\u0103 \u0219i am dat o ofert\u0103. <br><br>R: V\u0103 mul\u021bumesc, at\u00e2t voiam s\u0103 \u0219tiu. <br><br><strong>D.M.<\/strong>: Am \u00een\u021beles c\u0103 au luat o recomandare de la un alt client de-al nostru<br><br>R: Deci a existat \u0219i o recomandare? <br><br><strong>D.M.<\/strong>: Eu a\u0219a am \u00een\u021beles, nu \u0219tiu. <br><\/p><\/blockquote><\/figure>\n\n\n\n<figure class=\"wp-block-gallery columns-3 is-cropped wp-block-gallery-3 is-layout-flex wp-block-gallery-is-layout-flex\"><ul class=\"blocks-gallery-grid\"><li class=\"blocks-gallery-item\"><figure><a href=\"https:\/\/buletin.de\/bucuresti\/wp-content\/uploads\/a2.png\"><img loading=\"lazy\" decoding=\"async\" width=\"900\" height=\"354\" src=\"data:image\/gif;base64,R0lGODlhAQABAAAAACH5BAEKAAEALAAAAAABAAEAAAICTAEAOw==\" data-src=\"https:\/\/buletin.de\/bucuresti\/wp-content\/uploads\/a2-900x354.png\" alt=\"\" data-id=\"12852\" data-full-url=\"https:\/\/buletin.de\/bucuresti\/wp-content\/uploads\/a2.png\" data-link=\"https:\/\/buletin.de\/bucuresti\/?attachment_id=12852\" class=\"wp-image-12852 lazyload\" data-sizes=\"auto\" data-srcset=\"https:\/\/buletin.de\/bucuresti\/wp-content\/uploads\/a2-900x354.png 900w, https:\/\/buletin.de\/bucuresti\/wp-content\/uploads\/a2-300x118.png 300w, https:\/\/buletin.de\/bucuresti\/wp-content\/uploads\/a2-768x302.png 768w, https:\/\/buletin.de\/bucuresti\/wp-content\/uploads\/a2-1060x417.png 1060w, https:\/\/buletin.de\/bucuresti\/wp-content\/uploads\/a2-550x216.png 550w, https:\/\/buletin.de\/bucuresti\/wp-content\/uploads\/a2-1271x500.png 1271w, https:\/\/buletin.de\/bucuresti\/wp-content\/uploads\/a2-600x236.png 600w, https:\/\/buletin.de\/bucuresti\/wp-content\/uploads\/a2.png 1289w\" sizes=\"(max-width: 900px) 100vw, 900px\" \/><\/a><\/figure><\/li><li class=\"blocks-gallery-item\"><figure><a href=\"https:\/\/buletin.de\/bucuresti\/wp-content\/uploads\/a3.png\"><img loading=\"lazy\" decoding=\"async\" width=\"900\" height=\"176\" src=\"data:image\/gif;base64,R0lGODlhAQABAAAAACH5BAEKAAEALAAAAAABAAEAAAICTAEAOw==\" data-src=\"https:\/\/buletin.de\/bucuresti\/wp-content\/uploads\/a3-900x176.png\" alt=\"\" data-id=\"12853\" data-full-url=\"https:\/\/buletin.de\/bucuresti\/wp-content\/uploads\/a3.png\" data-link=\"https:\/\/buletin.de\/bucuresti\/?attachment_id=12853\" class=\"wp-image-12853 lazyload\" data-sizes=\"auto\" data-srcset=\"https:\/\/buletin.de\/bucuresti\/wp-content\/uploads\/a3-900x176.png 900w, https:\/\/buletin.de\/bucuresti\/wp-content\/uploads\/a3-300x59.png 300w, https:\/\/buletin.de\/bucuresti\/wp-content\/uploads\/a3-768x150.png 768w, https:\/\/buletin.de\/bucuresti\/wp-content\/uploads\/a3-1060x207.png 1060w, https:\/\/buletin.de\/bucuresti\/wp-content\/uploads\/a3-550x107.png 550w, https:\/\/buletin.de\/bucuresti\/wp-content\/uploads\/a3-600x117.png 600w, https:\/\/buletin.de\/bucuresti\/wp-content\/uploads\/a3.png 1291w\" sizes=\"(max-width: 900px) 100vw, 900px\" \/><\/a><\/figure><\/li><li class=\"blocks-gallery-item\"><figure><a href=\"https:\/\/buletin.de\/bucuresti\/wp-content\/uploads\/a1.png\"><img loading=\"lazy\" decoding=\"async\" width=\"900\" height=\"369\" src=\"data:image\/gif;base64,R0lGODlhAQABAAAAACH5BAEKAAEALAAAAAABAAEAAAICTAEAOw==\" data-src=\"https:\/\/buletin.de\/bucuresti\/wp-content\/uploads\/a1-900x369.png\" alt=\"\" data-id=\"12854\" data-full-url=\"https:\/\/buletin.de\/bucuresti\/wp-content\/uploads\/a1.png\" data-link=\"https:\/\/buletin.de\/bucuresti\/?attachment_id=12854\" class=\"wp-image-12854 lazyload\" data-sizes=\"auto\" data-srcset=\"https:\/\/buletin.de\/bucuresti\/wp-content\/uploads\/a1-900x369.png 900w, https:\/\/buletin.de\/bucuresti\/wp-content\/uploads\/a1-300x123.png 300w, https:\/\/buletin.de\/bucuresti\/wp-content\/uploads\/a1-768x315.png 768w, https:\/\/buletin.de\/bucuresti\/wp-content\/uploads\/a1-1060x434.png 1060w, https:\/\/buletin.de\/bucuresti\/wp-content\/uploads\/a1-550x225.png 550w, https:\/\/buletin.de\/bucuresti\/wp-content\/uploads\/a1-1221x500.png 1221w, https:\/\/buletin.de\/bucuresti\/wp-content\/uploads\/a1-600x246.png 600w, https:\/\/buletin.de\/bucuresti\/wp-content\/uploads\/a1.png 1289w\" sizes=\"(max-width: 900px) 100vw, 900px\" \/><\/a><\/figure><\/li><\/ul><figcaption class=\"blocks-gallery-caption\">Sursa: <a href=\"http:\/\/e-licitatie.ro\/pub\/direct-acquisitions\/list\/1\">e-licita\u021bie.ro<\/a><\/figcaption><\/figure>\n\n\n\n<p>Firma <em>YYA INSTAL<\/em> <em>SERV LOGISTIC S.R.L.<\/em> a primit \u00een aceea\u0219i zi 18 contracte \u00een valoare de peste 294 mii de euro de la Prim\u0103ria Sectorului 5 pentru achizi\u021bionarea de panouri separatoare din plexigas transarent. <\/p>\n\n\n\n<p>L-am sunat \u0219i pe patronul firmei <em>YYA INSTAL<\/em> <em>SERV LOGISTIC S.R.L.<\/em>, Damian Nicu. Nu a dorit s\u0103 discute nimic legat de acest subiect. <\/p>\n\n\n\n<div class=\"wp-block-group\"><div class=\"wp-block-group__inner-container is-layout-flow wp-block-group-is-layout-flow\">\n<figure class=\"wp-block-pullquote interviu\"><blockquote><p>Reporter: V-am sunat s\u0103 discut\u0103m despre achizi\u021biile f\u0103cute de Prim\u0103ria Sector 5 cu firma dumneavoastr\u0103. Am v\u0103zut pe e licita\u021bii c\u0103 a\u021bi \u00eencheiat 18 contracte \u00een 16 septembrie cu Prim\u0103ria Sector 5. <br><br><strong>Damian Nicu<\/strong>: A\u0219a \u0219i? De unde ave\u021bi num\u0103rul \u00een primul r\u00e2nd?<br><br>R: Am num\u0103rul de pe platforma e-licitatie.ro, apare la contact \u0219i doresc s\u0103 v\u0103 \u00eentreb dac\u0103 a\u021bi \u00eencasat banii de la prim\u0103rie?<br><br><strong>D.N.<\/strong>: Da, dar nu v\u0103d care-i promlema dumneavoastr\u0103 dac\u0103 am \u00eencasat sau n-am \u00eencasat.<br><br>R: Cum de a\u021bi primit dumneavoastr\u0103 aceste achizi\u021bii?<br><br><strong>D.N.<\/strong>: A fost licita\u021bie, a fost ofertare.<br><br>R: Nu a fost licita\u021bie, ci au fost atribuite direct. S-au dat 18 contracte pentru ca firma dumneavoastr\u0103 s\u0103 primeasc\u0103 294 mii de euro, care \u00een mod normal ar fi trebuit s\u0103 fie atribui\u021bi prin licita\u021bie. <br><br><strong>D.N.<\/strong>: Da, bine. Vorbim alt\u0103 dat\u0103.<br><br>R: Dar nu mi-a\u021bi r\u0103spuns la \u00eentrebare. <br><br><strong>D.N.<\/strong>: Nu am ce s\u0103 v\u0103 r\u0103spund. Nu v\u0103d de ce trebuie s\u0103 v\u0103 r\u0103spund. <\/p><\/blockquote><\/figure>\n<\/div><\/div>\n\n\n\n<figure class=\"wp-block-gallery columns-3 is-cropped wp-block-gallery-4 is-layout-flex wp-block-gallery-is-layout-flex\"><ul class=\"blocks-gallery-grid\"><li class=\"blocks-gallery-item\"><figure><a href=\"https:\/\/buletin.de\/bucuresti\/wp-content\/uploads\/b2.png\"><img loading=\"lazy\" decoding=\"async\" width=\"900\" height=\"358\" src=\"data:image\/gif;base64,R0lGODlhAQABAAAAACH5BAEKAAEALAAAAAABAAEAAAICTAEAOw==\" data-src=\"https:\/\/buletin.de\/bucuresti\/wp-content\/uploads\/b2-900x358.png\" alt=\"\" data-id=\"12858\" data-full-url=\"https:\/\/buletin.de\/bucuresti\/wp-content\/uploads\/b2.png\" data-link=\"https:\/\/buletin.de\/bucuresti\/?attachment_id=12858\" class=\"wp-image-12858 lazyload\" data-sizes=\"auto\" data-srcset=\"https:\/\/buletin.de\/bucuresti\/wp-content\/uploads\/b2-900x358.png 900w, https:\/\/buletin.de\/bucuresti\/wp-content\/uploads\/b2-300x119.png 300w, https:\/\/buletin.de\/bucuresti\/wp-content\/uploads\/b2-768x305.png 768w, https:\/\/buletin.de\/bucuresti\/wp-content\/uploads\/b2-1060x421.png 1060w, https:\/\/buletin.de\/bucuresti\/wp-content\/uploads\/b2-550x219.png 550w, https:\/\/buletin.de\/bucuresti\/wp-content\/uploads\/b2-1258x500.png 1258w, https:\/\/buletin.de\/bucuresti\/wp-content\/uploads\/b2-600x239.png 600w, https:\/\/buletin.de\/bucuresti\/wp-content\/uploads\/b2.png 1288w\" sizes=\"(max-width: 900px) 100vw, 900px\" \/><\/a><\/figure><\/li><li class=\"blocks-gallery-item\"><figure><a href=\"https:\/\/buletin.de\/bucuresti\/wp-content\/uploads\/b3.png\"><img loading=\"lazy\" decoding=\"async\" width=\"900\" height=\"355\" src=\"data:image\/gif;base64,R0lGODlhAQABAAAAACH5BAEKAAEALAAAAAABAAEAAAICTAEAOw==\" data-src=\"https:\/\/buletin.de\/bucuresti\/wp-content\/uploads\/b3-900x355.png\" alt=\"\" data-id=\"12859\" data-full-url=\"https:\/\/buletin.de\/bucuresti\/wp-content\/uploads\/b3.png\" data-link=\"https:\/\/buletin.de\/bucuresti\/?attachment_id=12859\" class=\"wp-image-12859 lazyload\" data-sizes=\"auto\" data-srcset=\"https:\/\/buletin.de\/bucuresti\/wp-content\/uploads\/b3-900x355.png 900w, https:\/\/buletin.de\/bucuresti\/wp-content\/uploads\/b3-300x118.png 300w, https:\/\/buletin.de\/bucuresti\/wp-content\/uploads\/b3-768x303.png 768w, https:\/\/buletin.de\/bucuresti\/wp-content\/uploads\/b3-1060x418.png 1060w, https:\/\/buletin.de\/bucuresti\/wp-content\/uploads\/b3-550x217.png 550w, https:\/\/buletin.de\/bucuresti\/wp-content\/uploads\/b3-1267x500.png 1267w, https:\/\/buletin.de\/bucuresti\/wp-content\/uploads\/b3-600x237.png 600w, https:\/\/buletin.de\/bucuresti\/wp-content\/uploads\/b3.png 1287w\" sizes=\"(max-width: 900px) 100vw, 900px\" \/><\/a><\/figure><\/li><li class=\"blocks-gallery-item\"><figure><a href=\"https:\/\/buletin.de\/bucuresti\/wp-content\/uploads\/b4.png\"><img loading=\"lazy\" decoding=\"async\" width=\"900\" height=\"354\" src=\"data:image\/gif;base64,R0lGODlhAQABAAAAACH5BAEKAAEALAAAAAABAAEAAAICTAEAOw==\" data-src=\"https:\/\/buletin.de\/bucuresti\/wp-content\/uploads\/b4-900x354.png\" alt=\"\" data-id=\"12860\" data-full-url=\"https:\/\/buletin.de\/bucuresti\/wp-content\/uploads\/b4.png\" data-link=\"https:\/\/buletin.de\/bucuresti\/?attachment_id=12860\" class=\"wp-image-12860 lazyload\" data-sizes=\"auto\" data-srcset=\"https:\/\/buletin.de\/bucuresti\/wp-content\/uploads\/b4-900x354.png 900w, https:\/\/buletin.de\/bucuresti\/wp-content\/uploads\/b4-300x118.png 300w, https:\/\/buletin.de\/bucuresti\/wp-content\/uploads\/b4-768x302.png 768w, https:\/\/buletin.de\/bucuresti\/wp-content\/uploads\/b4-1060x417.png 1060w, https:\/\/buletin.de\/bucuresti\/wp-content\/uploads\/b4-550x216.png 550w, https:\/\/buletin.de\/bucuresti\/wp-content\/uploads\/b4-1272x500.png 1272w, https:\/\/buletin.de\/bucuresti\/wp-content\/uploads\/b4-600x236.png 600w, https:\/\/buletin.de\/bucuresti\/wp-content\/uploads\/b4.png 1290w\" sizes=\"(max-width: 900px) 100vw, 900px\" \/><\/a><\/figure><\/li><li class=\"blocks-gallery-item\"><figure><a href=\"https:\/\/buletin.de\/bucuresti\/wp-content\/uploads\/b5.png\"><img loading=\"lazy\" decoding=\"async\" width=\"900\" height=\"173\" src=\"data:image\/gif;base64,R0lGODlhAQABAAAAACH5BAEKAAEALAAAAAABAAEAAAICTAEAOw==\" data-src=\"https:\/\/buletin.de\/bucuresti\/wp-content\/uploads\/b5-900x173.png\" alt=\"\" data-id=\"12861\" data-full-url=\"https:\/\/buletin.de\/bucuresti\/wp-content\/uploads\/b5.png\" data-link=\"https:\/\/buletin.de\/bucuresti\/?attachment_id=12861\" class=\"wp-image-12861 lazyload\" data-sizes=\"auto\" data-srcset=\"https:\/\/buletin.de\/bucuresti\/wp-content\/uploads\/b5-900x173.png 900w, https:\/\/buletin.de\/bucuresti\/wp-content\/uploads\/b5-300x58.png 300w, https:\/\/buletin.de\/bucuresti\/wp-content\/uploads\/b5-768x147.png 768w, https:\/\/buletin.de\/bucuresti\/wp-content\/uploads\/b5-1060x203.png 1060w, https:\/\/buletin.de\/bucuresti\/wp-content\/uploads\/b5-550x105.png 550w, https:\/\/buletin.de\/bucuresti\/wp-content\/uploads\/b5-600x115.png 600w, https:\/\/buletin.de\/bucuresti\/wp-content\/uploads\/b5.png 1293w\" sizes=\"(max-width: 900px) 100vw, 900px\" \/><\/a><\/figure><\/li><li class=\"blocks-gallery-item\"><figure><a href=\"https:\/\/buletin.de\/bucuresti\/wp-content\/uploads\/b1.png\"><img loading=\"lazy\" decoding=\"async\" width=\"900\" height=\"373\" src=\"data:image\/gif;base64,R0lGODlhAQABAAAAACH5BAEKAAEALAAAAAABAAEAAAICTAEAOw==\" data-src=\"https:\/\/buletin.de\/bucuresti\/wp-content\/uploads\/b1-900x373.png\" alt=\"\" data-id=\"12862\" data-full-url=\"https:\/\/buletin.de\/bucuresti\/wp-content\/uploads\/b1.png\" data-link=\"https:\/\/buletin.de\/bucuresti\/?attachment_id=12862\" class=\"wp-image-12862 lazyload\" data-sizes=\"auto\" data-srcset=\"https:\/\/buletin.de\/bucuresti\/wp-content\/uploads\/b1-900x373.png 900w, https:\/\/buletin.de\/bucuresti\/wp-content\/uploads\/b1-300x124.png 300w, https:\/\/buletin.de\/bucuresti\/wp-content\/uploads\/b1-768x319.png 768w, https:\/\/buletin.de\/bucuresti\/wp-content\/uploads\/b1-1060x440.png 1060w, https:\/\/buletin.de\/bucuresti\/wp-content\/uploads\/b1-550x228.png 550w, https:\/\/buletin.de\/bucuresti\/wp-content\/uploads\/b1-1205x500.png 1205w, https:\/\/buletin.de\/bucuresti\/wp-content\/uploads\/b1-600x249.png 600w, https:\/\/buletin.de\/bucuresti\/wp-content\/uploads\/b1.png 1292w\" sizes=\"(max-width: 900px) 100vw, 900px\" \/><\/a><\/figure><\/li><\/ul><figcaption class=\"blocks-gallery-caption\">Sursa <a href=\"http:\/\/e-licitatie.ro\/pub\/direct-acquisitions\/list\/1\"> e-licitatie.ro<\/a><\/figcaption><\/figure>\n\n\n\n<p>Mai mult, <em>YYA INSTAL<\/em> <em>SERV LOGISTIC S.R.L.<\/em> nu este la prima colaborare cu Prim\u0103ria sectorului 5. Din februarie \u0219i p\u00e2n\u0103 \u00een septembrie a mai primit 10 contracte prin atribuire direct\u0103 \u00een valoare de peste 6 mii de euro pentru <em>\u201eServicii de reparare \u0219i \u00eentre\u021binere aer condi\u021bionat 9000-24000 BTU\u201d<\/em>. <\/p>\n\n\n\n<figure class=\"wp-block-gallery columns-3 is-cropped wp-block-gallery-5 is-layout-flex wp-block-gallery-is-layout-flex\"><ul class=\"blocks-gallery-grid\"><li class=\"blocks-gallery-item\"><figure><a href=\"https:\/\/buletin.de\/bucuresti\/wp-content\/uploads\/c2.png\"><img loading=\"lazy\" decoding=\"async\" width=\"900\" height=\"356\" src=\"data:image\/gif;base64,R0lGODlhAQABAAAAACH5BAEKAAEALAAAAAABAAEAAAICTAEAOw==\" data-src=\"https:\/\/buletin.de\/bucuresti\/wp-content\/uploads\/c2-900x356.png\" alt=\"\" data-id=\"12863\" data-full-url=\"https:\/\/buletin.de\/bucuresti\/wp-content\/uploads\/c2.png\" data-link=\"https:\/\/buletin.de\/bucuresti\/?attachment_id=12863\" class=\"wp-image-12863 lazyload\" data-sizes=\"auto\" data-srcset=\"https:\/\/buletin.de\/bucuresti\/wp-content\/uploads\/c2-900x356.png 900w, https:\/\/buletin.de\/bucuresti\/wp-content\/uploads\/c2-300x119.png 300w, https:\/\/buletin.de\/bucuresti\/wp-content\/uploads\/c2-768x303.png 768w, https:\/\/buletin.de\/bucuresti\/wp-content\/uploads\/c2-1060x419.png 1060w, https:\/\/buletin.de\/bucuresti\/wp-content\/uploads\/c2-550x217.png 550w, https:\/\/buletin.de\/bucuresti\/wp-content\/uploads\/c2-1266x500.png 1266w, https:\/\/buletin.de\/bucuresti\/wp-content\/uploads\/c2-600x237.png 600w, https:\/\/buletin.de\/bucuresti\/wp-content\/uploads\/c2.png 1291w\" sizes=\"(max-width: 900px) 100vw, 900px\" \/><\/a><\/figure><\/li><li class=\"blocks-gallery-item\"><figure><a href=\"https:\/\/buletin.de\/bucuresti\/wp-content\/uploads\/c1.png\"><img loading=\"lazy\" decoding=\"async\" width=\"900\" height=\"360\" src=\"data:image\/gif;base64,R0lGODlhAQABAAAAACH5BAEKAAEALAAAAAABAAEAAAICTAEAOw==\" data-src=\"https:\/\/buletin.de\/bucuresti\/wp-content\/uploads\/c1-900x360.png\" alt=\"\" data-id=\"12864\" data-full-url=\"https:\/\/buletin.de\/bucuresti\/wp-content\/uploads\/c1.png\" data-link=\"https:\/\/buletin.de\/bucuresti\/?attachment_id=12864\" class=\"wp-image-12864 lazyload\" data-sizes=\"auto\" data-srcset=\"https:\/\/buletin.de\/bucuresti\/wp-content\/uploads\/c1-900x360.png 900w, https:\/\/buletin.de\/bucuresti\/wp-content\/uploads\/c1-300x120.png 300w, https:\/\/buletin.de\/bucuresti\/wp-content\/uploads\/c1-768x307.png 768w, https:\/\/buletin.de\/bucuresti\/wp-content\/uploads\/c1-1060x424.png 1060w, https:\/\/buletin.de\/bucuresti\/wp-content\/uploads\/c1-550x220.png 550w, https:\/\/buletin.de\/bucuresti\/wp-content\/uploads\/c1-1251x500.png 1251w, https:\/\/buletin.de\/bucuresti\/wp-content\/uploads\/c1-600x240.png 600w, https:\/\/buletin.de\/bucuresti\/wp-content\/uploads\/c1.png 1286w\" sizes=\"(max-width: 900px) 100vw, 900px\" \/><\/a><\/figure><\/li><li class=\"blocks-gallery-item\"><figure><a href=\"https:\/\/buletin.de\/bucuresti\/wp-content\/uploads\/c3.png\"><img loading=\"lazy\" decoding=\"async\" width=\"900\" height=\"181\" src=\"data:image\/gif;base64,R0lGODlhAQABAAAAACH5BAEKAAEALAAAAAABAAEAAAICTAEAOw==\" data-src=\"https:\/\/buletin.de\/bucuresti\/wp-content\/uploads\/c3-900x181.png\" alt=\"\" data-id=\"12865\" data-full-url=\"https:\/\/buletin.de\/bucuresti\/wp-content\/uploads\/c3.png\" data-link=\"https:\/\/buletin.de\/bucuresti\/?attachment_id=12865\" class=\"wp-image-12865 lazyload\" data-sizes=\"auto\" data-srcset=\"https:\/\/buletin.de\/bucuresti\/wp-content\/uploads\/c3-900x181.png 900w, https:\/\/buletin.de\/bucuresti\/wp-content\/uploads\/c3-300x60.png 300w, https:\/\/buletin.de\/bucuresti\/wp-content\/uploads\/c3-768x155.png 768w, https:\/\/buletin.de\/bucuresti\/wp-content\/uploads\/c3-1060x214.png 1060w, https:\/\/buletin.de\/bucuresti\/wp-content\/uploads\/c3-550x111.png 550w, https:\/\/buletin.de\/bucuresti\/wp-content\/uploads\/c3-600x121.png 600w, https:\/\/buletin.de\/bucuresti\/wp-content\/uploads\/c3.png 1290w\" sizes=\"(max-width: 900px) 100vw, 900px\" \/><\/a><\/figure><\/li><\/ul><figcaption class=\"blocks-gallery-caption\">Sursa: <a href=\"http:\/\/e-licitatie.ro\/pub\/direct-acquisitions\/list\/1\">e-licitate.ro<\/a><\/figcaption><\/figure>\n\n\n\n<p>Tot cu mai pu\u021bin de o lun\u0103 \u00eenainte de terminarea mandatului de prmar, Daniel Florea a cump\u0103rat tot prin achizi\u021bie direct\u0103 de peste 1200 de euro buretiere \u0219i de peste 1600 de euro bure\u021bi umezi pentru timbre de la <em>Ramida Digital Print S.R.L.<\/em><\/p>\n\n\n\n<figure class=\"wp-block-gallery columns-2 is-cropped wp-block-gallery-6 is-layout-flex wp-block-gallery-is-layout-flex\"><ul class=\"blocks-gallery-grid\"><li class=\"blocks-gallery-item\"><figure><a href=\"https:\/\/buletin.de\/bucuresti\/wp-content\/uploads\/d2.png\"><img loading=\"lazy\" decoding=\"async\" width=\"900\" height=\"297\" src=\"data:image\/gif;base64,R0lGODlhAQABAAAAACH5BAEKAAEALAAAAAABAAEAAAICTAEAOw==\" data-src=\"https:\/\/buletin.de\/bucuresti\/wp-content\/uploads\/d2-900x297.png\" alt=\"\" data-id=\"12866\" data-full-url=\"https:\/\/buletin.de\/bucuresti\/wp-content\/uploads\/d2.png\" data-link=\"https:\/\/buletin.de\/bucuresti\/?attachment_id=12866\" class=\"wp-image-12866 lazyload\" data-sizes=\"auto\" data-srcset=\"https:\/\/buletin.de\/bucuresti\/wp-content\/uploads\/d2-900x297.png 900w, https:\/\/buletin.de\/bucuresti\/wp-content\/uploads\/d2-300x99.png 300w, https:\/\/buletin.de\/bucuresti\/wp-content\/uploads\/d2-768x253.png 768w, https:\/\/buletin.de\/bucuresti\/wp-content\/uploads\/d2-1060x350.png 1060w, https:\/\/buletin.de\/bucuresti\/wp-content\/uploads\/d2-550x181.png 550w, https:\/\/buletin.de\/bucuresti\/wp-content\/uploads\/d2-600x198.png 600w, https:\/\/buletin.de\/bucuresti\/wp-content\/uploads\/d2.png 1292w\" sizes=\"(max-width: 900px) 100vw, 900px\" \/><\/a><\/figure><\/li><li class=\"blocks-gallery-item\"><figure><a href=\"https:\/\/buletin.de\/bucuresti\/wp-content\/uploads\/d1.png\"><img loading=\"lazy\" decoding=\"async\" width=\"900\" height=\"315\" src=\"data:image\/gif;base64,R0lGODlhAQABAAAAACH5BAEKAAEALAAAAAABAAEAAAICTAEAOw==\" data-src=\"https:\/\/buletin.de\/bucuresti\/wp-content\/uploads\/d1-900x315.png\" alt=\"\" data-id=\"12867\" data-full-url=\"https:\/\/buletin.de\/bucuresti\/wp-content\/uploads\/d1.png\" data-link=\"https:\/\/buletin.de\/bucuresti\/?attachment_id=12867\" class=\"wp-image-12867 lazyload\" data-sizes=\"auto\" data-srcset=\"https:\/\/buletin.de\/bucuresti\/wp-content\/uploads\/d1-900x315.png 900w, https:\/\/buletin.de\/bucuresti\/wp-content\/uploads\/d1-300x105.png 300w, https:\/\/buletin.de\/bucuresti\/wp-content\/uploads\/d1-768x269.png 768w, https:\/\/buletin.de\/bucuresti\/wp-content\/uploads\/d1-1060x371.png 1060w, https:\/\/buletin.de\/bucuresti\/wp-content\/uploads\/d1-550x192.png 550w, https:\/\/buletin.de\/bucuresti\/wp-content\/uploads\/d1-600x210.png 600w, https:\/\/buletin.de\/bucuresti\/wp-content\/uploads\/d1.png 1287w\" sizes=\"(max-width: 900px) 100vw, 900px\" \/><\/a><\/figure><\/li><\/ul><figcaption class=\"blocks-gallery-caption\">Sursa: e-licitatie.ro<\/figcaption><\/figure>\n\n\n\n<p>Sursa Foto: Daniel Florea\/Facebook <\/p>\n\n\n\n<div style=\"height:40px\" aria-hidden=\"true\" class=\"wp-block-spacer\"><\/div>\n\n\n\n<style>\n.disclaimerACF {\ndisplay: block;\nmax-width: 550px;\nmargin-top:-10px;\nmargin-left:auto;\nmargin-right:auto;\n}\n<\/style>\n\n\n\n<p class=\"disclaimerACF has-small-font-size\">Acest articol face parte din <strong><a href=\"https:\/\/buletin.de\/bucuresti\/buletin-de-bucuresti-in-pandemie\/\" data-type=\"URL\" data-id=\"https:\/\/buletin.de\/bucuresti\/buletin-de-bucuresti-in-pandemie\/\" target=\"_blank\" rel=\"noreferrer noopener\">\u201eBuletin de Bucure\u0219ti \u00een pandemie&#8221;<\/a>, <\/strong>o serie \u00een care investig\u0103m achizi\u021biile publice din jude\u021bul Ilfov \u0219i Bucure\u0219ti, \u00een contextul pandemiei Covid-19<\/p>\n\n\n\n<p class=\"has-text-align-left disclaimerACF\" style=\"font-size:12px\"><em>Proiect derulat de Asocia\u021bia Funky Citizens cu sprijinul financiar <a rel=\"noreferrer noopener\" aria-label=\"Active Citizens Fund Rom\u00e2nia (opens in a new tab)\" href=\"https:\/\/activecitizensfund.ro\" target=\"_blank\">Active Citizens Fund Rom\u00e2nia<\/a>, program finan\u021bat de Islanda, Liechtenstein \u0219i Norvegia prin Granturile SEE 2014-2021. Con\u021binutul acestui material nu reprezint\u0103 \u00een mod necesar pozi\u021bia oficial\u0103 a Granturilor SEE \u0219i Norvegiene 2014-2021; pentru mai multe informa\u021bii accesa\u021bi <a href=\"http:\/\/www.eeagrants.org\">www.eeagrants.org<\/a>. Informa\u021bii suplimentare pot fi g\u0103site pe paginile web&nbsp;<a href=\"http:\/\/www.activecitizensfund.ro\/\">www.activecitizensfund.ro<\/a>&nbsp;\u0219i&nbsp;<a href=\"http:\/\/www.eeagrants.org\/\">www.eeagrants.org<\/a>.<\/em><\/p>\n\n\n\n<p class=\"has-text-align-center\"><strong>Lucr\u0103m \u00eempreun\u0103 pentru o Europ\u0103&nbsp;<span style=\"color:#009b75\" class=\"has-inline-color\">verde<\/span>,&nbsp;<span style=\"color:#df4d3e\">competitiv\u0103<\/span>&nbsp;\u0219i&nbsp;<span style=\"color:#006ca7\">incluziv\u0103<\/span><\/strong>.<\/p>\n\n\n\n<p class=\"has-text-align-center\">Proiect derulat de<\/p>\n\n\n\n<div style=\"margin-top: -30px;\" class=\"wp-block-image\"><figure class=\"aligncenter size-large is-resized\"><img decoding=\"async\" src=\"data:image\/gif;base64,R0lGODlhAQABAAAAACH5BAEKAAEALAAAAAABAAEAAAICTAEAOw==\" data-src=\"https:\/\/buletin.de\/bucuresti\/wp-content\/uploads\/logo-funky-citizens-2016-1.png\" alt=\"\" class=\"wp-image-10395 lazyload\" width=\"200\" height=\"NaN\" data-sizes=\"auto\" data-srcset=\"https:\/\/buletin.de\/bucuresti\/wp-content\/uploads\/logo-funky-citizens-2016-1.png 650w, https:\/\/buletin.de\/bucuresti\/wp-content\/uploads\/logo-funky-citizens-2016-1-600x277.png 600w, https:\/\/buletin.de\/bucuresti\/wp-content\/uploads\/logo-funky-citizens-2016-1-300x138.png 300w, https:\/\/buletin.de\/bucuresti\/wp-content\/uploads\/logo-funky-citizens-2016-1-550x254.png 550w\" sizes=\"(max-width: 650px) 100vw, 650px\" \/><\/figure><\/div>\n","protected":false},"excerpt":{"rendered":"<p>\u00cen prag de alegeri, Prim\u0103ria Sector 5 a cump\u0103rat pe 10 septembrie, prin atribuire direct\u0103, rechizite pentru elevii sectorului de ciclu primar, gimnazial \u0219i liceal \u00een valoare de peste 500 mii de euro. De asemenea, la c\u00e2teva zile distan\u021b\u0103, pe 16 septembrie, Prim\u0103ria Sector 5, tot prin atribuire direct\u0103, a cheltuit peste 554 mii de [&hellip;]<\/p>\n","protected":false},"author":17,"featured_media":12869,"comment_status":"closed","ping_status":"open","sticky":false,"template":"","format":"standard","meta":{"_acf_changed":false,"inline_featured_image":false,"ngg_post_thumbnail":0,"footnotes":""},"categories":[1585,1,1113],"tags":[176,221,1684,482,188],"ppma_author":[22576],"class_list":["post-12789","post","type-post","status-publish","format-standard","has-post-thumbnail","hentry","category-buletin-de-bucuresti-in-pandemie","category-diverse","category-locale-2020","tag-achizitii","tag-daniel-florea","tag-rechizite","tag-scoala","tag-sector-5"],"acf":[],"yoast_head":"<!-- This site is optimized with the Yoast SEO Premium plugin v25.3 (Yoast SEO v27.4) - https:\/\/yoast.com\/product\/yoast-seo-premium-wordpress\/ -->\n<title>Rechizite \u0219i separatoare de plexiglas de peste 1 milion de euro | Primaria sector 5 a cheltuit cu nemiluita \u00een ultimele 2 luni - Buletin de Bucure\u0219ti<\/title>\n<meta name=\"robots\" content=\"index, follow, max-snippet:-1, max-image-preview:large, max-video-preview:-1\" \/>\n<link rel=\"canonical\" href=\"https:\/\/buletin.de\/bucuresti\/rechizite-si-separatoare-de-plexiglas-de-peste-1-milion-de-euro-primaria-sector-5-a-cheltuit-cu-nemiluita-in-ultimele-2-luni\/\" \/>\n<meta property=\"og:locale\" content=\"en_GB\" \/>\n<meta property=\"og:type\" content=\"article\" \/>\n<meta property=\"og:title\" content=\"Rechizite \u0219i separatoare de plexiglas de peste 1 milion de euro | Primaria sector 5 a cheltuit cu nemiluita \u00een ultimele 2 luni\" \/>\n<meta property=\"og:description\" content=\"\u00cen prag de alegeri, Prim\u0103ria Sector 5 a cump\u0103rat pe 10 septembrie, prin atribuire direct\u0103, rechizite pentru elevii sectorului de ciclu primar, gimnazial \u0219i liceal \u00een valoare de peste 500 mii de euro. De asemenea, la c\u00e2teva zile distan\u021b\u0103, pe 16 septembrie, Prim\u0103ria Sector 5, tot prin atribuire direct\u0103, a cheltuit peste 554 mii de [&hellip;]\" \/>\n<meta property=\"og:url\" content=\"https:\/\/buletin.de\/bucuresti\/rechizite-si-separatoare-de-plexiglas-de-peste-1-milion-de-euro-primaria-sector-5-a-cheltuit-cu-nemiluita-in-ultimele-2-luni\/\" \/>\n<meta property=\"og:site_name\" content=\"Buletin de Bucure\u0219ti\" \/>\n<meta property=\"article:publisher\" content=\"https:\/\/www.facebook.com\/buletin.de.buc\" \/>\n<meta property=\"article:published_time\" content=\"2020-10-06T07:49:40+00:00\" \/>\n<meta property=\"article:modified_time\" content=\"2020-10-06T08:03:07+00:00\" \/>\n<meta property=\"og:image\" content=\"https:\/\/buletin.de\/bucuresti\/wp-content\/uploads\/119590652_2687699078170881_3756792705519980383_o-1.jpg\" \/>\n\t<meta property=\"og:image:width\" content=\"1431\" \/>\n\t<meta property=\"og:image:height\" content=\"636\" \/>\n\t<meta property=\"og:image:type\" content=\"image\/jpeg\" \/>\n<meta name=\"author\" content=\"Florin R\u00e2\u0219teiu\" \/>\n<meta name=\"twitter:card\" content=\"summary_large_image\" \/>\n<meta name=\"twitter:label1\" content=\"Written by\" \/>\n\t<meta name=\"twitter:data1\" content=\"Florin R\u00e2\u0219teiu\" \/>\n\t<meta name=\"twitter:label2\" content=\"Estimated reading time\" \/>\n\t<meta name=\"twitter:data2\" content=\"5 minutes\" \/>\n<script type=\"application\/ld+json\" class=\"yoast-schema-graph\">{\"@context\":\"https:\\\/\\\/schema.org\",\"@graph\":[{\"@type\":\"Article\",\"@id\":\"https:\\\/\\\/buletin.de\\\/bucuresti\\\/rechizite-si-separatoare-de-plexiglas-de-peste-1-milion-de-euro-primaria-sector-5-a-cheltuit-cu-nemiluita-in-ultimele-2-luni\\\/#article\",\"isPartOf\":{\"@id\":\"https:\\\/\\\/buletin.de\\\/bucuresti\\\/rechizite-si-separatoare-de-plexiglas-de-peste-1-milion-de-euro-primaria-sector-5-a-cheltuit-cu-nemiluita-in-ultimele-2-luni\\\/\"},\"author\":{\"name\":\"Florin R\u00e2\u0219teiu\",\"@id\":\"https:\\\/\\\/buletin.de\\\/bucuresti\\\/#\\\/schema\\\/person\\\/b0686d7a8b666c6afc78239777fd8a89\"},\"headline\":\"Rechizite \u0219i separatoare de plexiglas de peste 1 milion de euro | Primaria sector 5 a cheltuit cu nemiluita \u00een ultimele 2 luni\",\"datePublished\":\"2020-10-06T07:49:40+00:00\",\"dateModified\":\"2020-10-06T08:03:07+00:00\",\"mainEntityOfPage\":{\"@id\":\"https:\\\/\\\/buletin.de\\\/bucuresti\\\/rechizite-si-separatoare-de-plexiglas-de-peste-1-milion-de-euro-primaria-sector-5-a-cheltuit-cu-nemiluita-in-ultimele-2-luni\\\/\"},\"wordCount\":1052,\"publisher\":{\"@id\":\"https:\\\/\\\/buletin.de\\\/bucuresti\\\/#organization\"},\"image\":{\"@id\":\"https:\\\/\\\/buletin.de\\\/bucuresti\\\/rechizite-si-separatoare-de-plexiglas-de-peste-1-milion-de-euro-primaria-sector-5-a-cheltuit-cu-nemiluita-in-ultimele-2-luni\\\/#primaryimage\"},\"thumbnailUrl\":\"https:\\\/\\\/buletin.de\\\/bucuresti\\\/wp-content\\\/uploads\\\/119590652_2687699078170881_3756792705519980383_o-1.jpg\",\"keywords\":[\"achizitii\",\"daniel florea\",\"rechizite\",\"scoala\",\"Sector 5\"],\"articleSection\":[\"Buletin de Bucure\u0219ti \u00een pandemie\",\"Diverse\",\"Locale 2020\"],\"inLanguage\":\"en-GB\",\"copyrightYear\":\"2020\",\"copyrightHolder\":{\"@id\":\"https:\\\/\\\/buletin.de\\\/bucuresti\\\/#organization\"}},{\"@type\":\"WebPage\",\"@id\":\"https:\\\/\\\/buletin.de\\\/bucuresti\\\/rechizite-si-separatoare-de-plexiglas-de-peste-1-milion-de-euro-primaria-sector-5-a-cheltuit-cu-nemiluita-in-ultimele-2-luni\\\/\",\"url\":\"https:\\\/\\\/buletin.de\\\/bucuresti\\\/rechizite-si-separatoare-de-plexiglas-de-peste-1-milion-de-euro-primaria-sector-5-a-cheltuit-cu-nemiluita-in-ultimele-2-luni\\\/\",\"name\":\"Rechizite \u0219i separatoare de plexiglas de peste 1 milion de euro | Primaria sector 5 a cheltuit cu nemiluita \u00een ultimele 2 luni - Buletin de Bucure\u0219ti\",\"isPartOf\":{\"@id\":\"https:\\\/\\\/buletin.de\\\/bucuresti\\\/#website\"},\"primaryImageOfPage\":{\"@id\":\"https:\\\/\\\/buletin.de\\\/bucuresti\\\/rechizite-si-separatoare-de-plexiglas-de-peste-1-milion-de-euro-primaria-sector-5-a-cheltuit-cu-nemiluita-in-ultimele-2-luni\\\/#primaryimage\"},\"image\":{\"@id\":\"https:\\\/\\\/buletin.de\\\/bucuresti\\\/rechizite-si-separatoare-de-plexiglas-de-peste-1-milion-de-euro-primaria-sector-5-a-cheltuit-cu-nemiluita-in-ultimele-2-luni\\\/#primaryimage\"},\"thumbnailUrl\":\"https:\\\/\\\/buletin.de\\\/bucuresti\\\/wp-content\\\/uploads\\\/119590652_2687699078170881_3756792705519980383_o-1.jpg\",\"datePublished\":\"2020-10-06T07:49:40+00:00\",\"dateModified\":\"2020-10-06T08:03:07+00:00\",\"breadcrumb\":{\"@id\":\"https:\\\/\\\/buletin.de\\\/bucuresti\\\/rechizite-si-separatoare-de-plexiglas-de-peste-1-milion-de-euro-primaria-sector-5-a-cheltuit-cu-nemiluita-in-ultimele-2-luni\\\/#breadcrumb\"},\"inLanguage\":\"en-GB\",\"potentialAction\":[{\"@type\":\"ReadAction\",\"target\":[\"https:\\\/\\\/buletin.de\\\/bucuresti\\\/rechizite-si-separatoare-de-plexiglas-de-peste-1-milion-de-euro-primaria-sector-5-a-cheltuit-cu-nemiluita-in-ultimele-2-luni\\\/\"]}]},{\"@type\":\"ImageObject\",\"inLanguage\":\"en-GB\",\"@id\":\"https:\\\/\\\/buletin.de\\\/bucuresti\\\/rechizite-si-separatoare-de-plexiglas-de-peste-1-milion-de-euro-primaria-sector-5-a-cheltuit-cu-nemiluita-in-ultimele-2-luni\\\/#primaryimage\",\"url\":\"https:\\\/\\\/buletin.de\\\/bucuresti\\\/wp-content\\\/uploads\\\/119590652_2687699078170881_3756792705519980383_o-1.jpg\",\"contentUrl\":\"https:\\\/\\\/buletin.de\\\/bucuresti\\\/wp-content\\\/uploads\\\/119590652_2687699078170881_3756792705519980383_o-1.jpg\",\"width\":1431,\"height\":636},{\"@type\":\"BreadcrumbList\",\"@id\":\"https:\\\/\\\/buletin.de\\\/bucuresti\\\/rechizite-si-separatoare-de-plexiglas-de-peste-1-milion-de-euro-primaria-sector-5-a-cheltuit-cu-nemiluita-in-ultimele-2-luni\\\/#breadcrumb\",\"itemListElement\":[{\"@type\":\"ListItem\",\"position\":1,\"name\":\"Acas\u0103\",\"item\":\"https:\\\/\\\/buletin.de\\\/bucuresti\\\/\"},{\"@type\":\"ListItem\",\"position\":2,\"name\":\"Rechizite \u0219i separatoare de plexiglas de peste 1 milion de euro | Primaria sector 5 a cheltuit cu nemiluita \u00een ultimele 2 luni\"}]},{\"@type\":\"WebSite\",\"@id\":\"https:\\\/\\\/buletin.de\\\/bucuresti\\\/#website\",\"url\":\"https:\\\/\\\/buletin.de\\\/bucuresti\\\/\",\"name\":\"Buletin de Bucure\u0219ti\",\"description\":\"\u0218tiri \u0219i investiga\u021bii esen\u021biale din capital\u0103\",\"publisher\":{\"@id\":\"https:\\\/\\\/buletin.de\\\/bucuresti\\\/#organization\"},\"potentialAction\":[{\"@type\":\"SearchAction\",\"target\":{\"@type\":\"EntryPoint\",\"urlTemplate\":\"https:\\\/\\\/buletin.de\\\/bucuresti\\\/?s={search_term_string}\"},\"query-input\":{\"@type\":\"PropertyValueSpecification\",\"valueRequired\":true,\"valueName\":\"search_term_string\"}}],\"inLanguage\":\"en-GB\"},{\"@type\":\"Organization\",\"@id\":\"https:\\\/\\\/buletin.de\\\/bucuresti\\\/#organization\",\"name\":\"Buletin de Bucure\u0219ti\",\"url\":\"https:\\\/\\\/buletin.de\\\/bucuresti\\\/\",\"logo\":{\"@type\":\"ImageObject\",\"inLanguage\":\"en-GB\",\"@id\":\"https:\\\/\\\/buletin.de\\\/bucuresti\\\/#\\\/schema\\\/logo\\\/image\\\/\",\"url\":\"https:\\\/\\\/buletin.de\\\/bucuresti\\\/wp-content\\\/uploads\\\/logo-bdb-full-wide-vernil-transparent.png\",\"contentUrl\":\"https:\\\/\\\/buletin.de\\\/bucuresti\\\/wp-content\\\/uploads\\\/logo-bdb-full-wide-vernil-transparent.png\",\"width\":1782,\"height\":626,\"caption\":\"Buletin de Bucure\u0219ti\"},\"image\":{\"@id\":\"https:\\\/\\\/buletin.de\\\/bucuresti\\\/#\\\/schema\\\/logo\\\/image\\\/\"},\"sameAs\":[\"https:\\\/\\\/www.facebook.com\\\/buletin.de.buc\",\"https:\\\/\\\/www.instagram.com\\\/buletinde.bucuresti\\\/\"]},{\"@type\":\"Person\",\"@id\":\"https:\\\/\\\/buletin.de\\\/bucuresti\\\/#\\\/schema\\\/person\\\/b0686d7a8b666c6afc78239777fd8a89\",\"name\":\"Florin R\u00e2\u0219teiu\",\"image\":{\"@type\":\"ImageObject\",\"inLanguage\":\"en-GB\",\"@id\":\"https:\\\/\\\/buletin.de\\\/bucuresti\\\/wp-content\\\/uploads\\\/Florin-Rasteiu-96x96.jpgf0a6fe28453aa12f0a60e4d0a2e3a78c\",\"url\":\"https:\\\/\\\/buletin.de\\\/bucuresti\\\/wp-content\\\/uploads\\\/Florin-Rasteiu-96x96.jpg\",\"contentUrl\":\"https:\\\/\\\/buletin.de\\\/bucuresti\\\/wp-content\\\/uploads\\\/Florin-Rasteiu-96x96.jpg\",\"caption\":\"Florin R\u00e2\u0219teiu\"},\"description\":\"Jurnalist de investiga\u021bie. Lucreaz\u0103 de aproape 6 ani la Buletin de Bucure\u0219ti, unde a publicat articole care scot la suprafa\u021b\u0103 corup\u021bia din Capital\u0103. Analizeaz\u0103 baze de date zilnic \u0219i scoate pove\u0219ti din exceluri pline de cifre. Pune reflectorul pe adev\u0103r cu fiecare ocazie. A c\u00e2\u0219tigat premiul I la categoria Pres\u0103 Local\u0103 \u00een 2025 \u0219i locul al II-lea la aceea\u0219i categorie \u00een 2024 \u00een cadrul Premiilor Superscrieri pentru jurnalism independent.\",\"url\":\"https:\\\/\\\/buletin.de\\\/bucuresti\\\/author\\\/florinrasteiu\\\/\"}]}<\/script>\n<!-- \/ Yoast SEO Premium plugin. -->","yoast_head_json":{"title":"Rechizite \u0219i separatoare de plexiglas de peste 1 milion de euro | Primaria sector 5 a cheltuit cu nemiluita \u00een ultimele 2 luni - Buletin de Bucure\u0219ti","robots":{"index":"index","follow":"follow","max-snippet":"max-snippet:-1","max-image-preview":"max-image-preview:large","max-video-preview":"max-video-preview:-1"},"canonical":"https:\/\/buletin.de\/bucuresti\/rechizite-si-separatoare-de-plexiglas-de-peste-1-milion-de-euro-primaria-sector-5-a-cheltuit-cu-nemiluita-in-ultimele-2-luni\/","og_locale":"en_GB","og_type":"article","og_title":"Rechizite \u0219i separatoare de plexiglas de peste 1 milion de euro | Primaria sector 5 a cheltuit cu nemiluita \u00een ultimele 2 luni","og_description":"\u00cen prag de alegeri, Prim\u0103ria Sector 5 a cump\u0103rat pe 10 septembrie, prin atribuire direct\u0103, rechizite pentru elevii sectorului de ciclu primar, gimnazial \u0219i liceal \u00een valoare de peste 500 mii de euro. De asemenea, la c\u00e2teva zile distan\u021b\u0103, pe 16 septembrie, Prim\u0103ria Sector 5, tot prin atribuire direct\u0103, a cheltuit peste 554 mii de [&hellip;]","og_url":"https:\/\/buletin.de\/bucuresti\/rechizite-si-separatoare-de-plexiglas-de-peste-1-milion-de-euro-primaria-sector-5-a-cheltuit-cu-nemiluita-in-ultimele-2-luni\/","og_site_name":"Buletin de Bucure\u0219ti","article_publisher":"https:\/\/www.facebook.com\/buletin.de.buc","article_published_time":"2020-10-06T07:49:40+00:00","article_modified_time":"2020-10-06T08:03:07+00:00","og_image":[{"width":1431,"height":636,"url":"https:\/\/buletin.de\/bucuresti\/wp-content\/uploads\/119590652_2687699078170881_3756792705519980383_o-1.jpg","type":"image\/jpeg"}],"author":"Florin R\u00e2\u0219teiu","twitter_card":"summary_large_image","twitter_misc":{"Written by":"Florin R\u00e2\u0219teiu","Estimated reading time":"5 minutes"},"schema":{"@context":"https:\/\/schema.org","@graph":[{"@type":"Article","@id":"https:\/\/buletin.de\/bucuresti\/rechizite-si-separatoare-de-plexiglas-de-peste-1-milion-de-euro-primaria-sector-5-a-cheltuit-cu-nemiluita-in-ultimele-2-luni\/#article","isPartOf":{"@id":"https:\/\/buletin.de\/bucuresti\/rechizite-si-separatoare-de-plexiglas-de-peste-1-milion-de-euro-primaria-sector-5-a-cheltuit-cu-nemiluita-in-ultimele-2-luni\/"},"author":{"name":"Florin R\u00e2\u0219teiu","@id":"https:\/\/buletin.de\/bucuresti\/#\/schema\/person\/b0686d7a8b666c6afc78239777fd8a89"},"headline":"Rechizite \u0219i separatoare de plexiglas de peste 1 milion de euro | Primaria sector 5 a cheltuit cu nemiluita \u00een ultimele 2 luni","datePublished":"2020-10-06T07:49:40+00:00","dateModified":"2020-10-06T08:03:07+00:00","mainEntityOfPage":{"@id":"https:\/\/buletin.de\/bucuresti\/rechizite-si-separatoare-de-plexiglas-de-peste-1-milion-de-euro-primaria-sector-5-a-cheltuit-cu-nemiluita-in-ultimele-2-luni\/"},"wordCount":1052,"publisher":{"@id":"https:\/\/buletin.de\/bucuresti\/#organization"},"image":{"@id":"https:\/\/buletin.de\/bucuresti\/rechizite-si-separatoare-de-plexiglas-de-peste-1-milion-de-euro-primaria-sector-5-a-cheltuit-cu-nemiluita-in-ultimele-2-luni\/#primaryimage"},"thumbnailUrl":"https:\/\/buletin.de\/bucuresti\/wp-content\/uploads\/119590652_2687699078170881_3756792705519980383_o-1.jpg","keywords":["achizitii","daniel florea","rechizite","scoala","Sector 5"],"articleSection":["Buletin de Bucure\u0219ti \u00een pandemie","Diverse","Locale 2020"],"inLanguage":"en-GB","copyrightYear":"2020","copyrightHolder":{"@id":"https:\/\/buletin.de\/bucuresti\/#organization"}},{"@type":"WebPage","@id":"https:\/\/buletin.de\/bucuresti\/rechizite-si-separatoare-de-plexiglas-de-peste-1-milion-de-euro-primaria-sector-5-a-cheltuit-cu-nemiluita-in-ultimele-2-luni\/","url":"https:\/\/buletin.de\/bucuresti\/rechizite-si-separatoare-de-plexiglas-de-peste-1-milion-de-euro-primaria-sector-5-a-cheltuit-cu-nemiluita-in-ultimele-2-luni\/","name":"Rechizite \u0219i separatoare de plexiglas de peste 1 milion de euro | Primaria sector 5 a cheltuit cu nemiluita \u00een ultimele 2 luni - Buletin de Bucure\u0219ti","isPartOf":{"@id":"https:\/\/buletin.de\/bucuresti\/#website"},"primaryImageOfPage":{"@id":"https:\/\/buletin.de\/bucuresti\/rechizite-si-separatoare-de-plexiglas-de-peste-1-milion-de-euro-primaria-sector-5-a-cheltuit-cu-nemiluita-in-ultimele-2-luni\/#primaryimage"},"image":{"@id":"https:\/\/buletin.de\/bucuresti\/rechizite-si-separatoare-de-plexiglas-de-peste-1-milion-de-euro-primaria-sector-5-a-cheltuit-cu-nemiluita-in-ultimele-2-luni\/#primaryimage"},"thumbnailUrl":"https:\/\/buletin.de\/bucuresti\/wp-content\/uploads\/119590652_2687699078170881_3756792705519980383_o-1.jpg","datePublished":"2020-10-06T07:49:40+00:00","dateModified":"2020-10-06T08:03:07+00:00","breadcrumb":{"@id":"https:\/\/buletin.de\/bucuresti\/rechizite-si-separatoare-de-plexiglas-de-peste-1-milion-de-euro-primaria-sector-5-a-cheltuit-cu-nemiluita-in-ultimele-2-luni\/#breadcrumb"},"inLanguage":"en-GB","potentialAction":[{"@type":"ReadAction","target":["https:\/\/buletin.de\/bucuresti\/rechizite-si-separatoare-de-plexiglas-de-peste-1-milion-de-euro-primaria-sector-5-a-cheltuit-cu-nemiluita-in-ultimele-2-luni\/"]}]},{"@type":"ImageObject","inLanguage":"en-GB","@id":"https:\/\/buletin.de\/bucuresti\/rechizite-si-separatoare-de-plexiglas-de-peste-1-milion-de-euro-primaria-sector-5-a-cheltuit-cu-nemiluita-in-ultimele-2-luni\/#primaryimage","url":"https:\/\/buletin.de\/bucuresti\/wp-content\/uploads\/119590652_2687699078170881_3756792705519980383_o-1.jpg","contentUrl":"https:\/\/buletin.de\/bucuresti\/wp-content\/uploads\/119590652_2687699078170881_3756792705519980383_o-1.jpg","width":1431,"height":636},{"@type":"BreadcrumbList","@id":"https:\/\/buletin.de\/bucuresti\/rechizite-si-separatoare-de-plexiglas-de-peste-1-milion-de-euro-primaria-sector-5-a-cheltuit-cu-nemiluita-in-ultimele-2-luni\/#breadcrumb","itemListElement":[{"@type":"ListItem","position":1,"name":"Acas\u0103","item":"https:\/\/buletin.de\/bucuresti\/"},{"@type":"ListItem","position":2,"name":"Rechizite \u0219i separatoare de plexiglas de peste 1 milion de euro | Primaria sector 5 a cheltuit cu nemiluita \u00een ultimele 2 luni"}]},{"@type":"WebSite","@id":"https:\/\/buletin.de\/bucuresti\/#website","url":"https:\/\/buletin.de\/bucuresti\/","name":"Buletin de Bucure\u0219ti","description":"\u0218tiri \u0219i investiga\u021bii esen\u021biale din capital\u0103","publisher":{"@id":"https:\/\/buletin.de\/bucuresti\/#organization"},"potentialAction":[{"@type":"SearchAction","target":{"@type":"EntryPoint","urlTemplate":"https:\/\/buletin.de\/bucuresti\/?s={search_term_string}"},"query-input":{"@type":"PropertyValueSpecification","valueRequired":true,"valueName":"search_term_string"}}],"inLanguage":"en-GB"},{"@type":"Organization","@id":"https:\/\/buletin.de\/bucuresti\/#organization","name":"Buletin de Bucure\u0219ti","url":"https:\/\/buletin.de\/bucuresti\/","logo":{"@type":"ImageObject","inLanguage":"en-GB","@id":"https:\/\/buletin.de\/bucuresti\/#\/schema\/logo\/image\/","url":"https:\/\/buletin.de\/bucuresti\/wp-content\/uploads\/logo-bdb-full-wide-vernil-transparent.png","contentUrl":"https:\/\/buletin.de\/bucuresti\/wp-content\/uploads\/logo-bdb-full-wide-vernil-transparent.png","width":1782,"height":626,"caption":"Buletin de Bucure\u0219ti"},"image":{"@id":"https:\/\/buletin.de\/bucuresti\/#\/schema\/logo\/image\/"},"sameAs":["https:\/\/www.facebook.com\/buletin.de.buc","https:\/\/www.instagram.com\/buletinde.bucuresti\/"]},{"@type":"Person","@id":"https:\/\/buletin.de\/bucuresti\/#\/schema\/person\/b0686d7a8b666c6afc78239777fd8a89","name":"Florin R\u00e2\u0219teiu","image":{"@type":"ImageObject","inLanguage":"en-GB","@id":"https:\/\/buletin.de\/bucuresti\/wp-content\/uploads\/Florin-Rasteiu-96x96.jpgf0a6fe28453aa12f0a60e4d0a2e3a78c","url":"https:\/\/buletin.de\/bucuresti\/wp-content\/uploads\/Florin-Rasteiu-96x96.jpg","contentUrl":"https:\/\/buletin.de\/bucuresti\/wp-content\/uploads\/Florin-Rasteiu-96x96.jpg","caption":"Florin R\u00e2\u0219teiu"},"description":"Jurnalist de investiga\u021bie. Lucreaz\u0103 de aproape 6 ani la Buletin de Bucure\u0219ti, unde a publicat articole care scot la suprafa\u021b\u0103 corup\u021bia din Capital\u0103. Analizeaz\u0103 baze de date zilnic \u0219i scoate pove\u0219ti din exceluri pline de cifre. Pune reflectorul pe adev\u0103r cu fiecare ocazie. A c\u00e2\u0219tigat premiul I la categoria Pres\u0103 Local\u0103 \u00een 2025 \u0219i locul al II-lea la aceea\u0219i categorie \u00een 2024 \u00een cadrul Premiilor Superscrieri pentru jurnalism independent.","url":"https:\/\/buletin.de\/bucuresti\/author\/florinrasteiu\/"}]}},"authors":[{"term_id":22576,"user_id":17,"is_guest":0,"slug":"florinrasteiu","display_name":"Florin R\u00e2\u0219teiu","avatar_url":"https:\/\/buletin.de\/bucuresti\/wp-content\/uploads\/Florin-Rasteiu-96x96.jpg","0":null,"1":"","2":"","3":"","4":"","5":"","6":"","7":"","8":""}],"_links":{"self":[{"href":"https:\/\/buletin.de\/bucuresti\/wp-json\/wp\/v2\/posts\/12789","targetHints":{"allow":["GET"]}}],"collection":[{"href":"https:\/\/buletin.de\/bucuresti\/wp-json\/wp\/v2\/posts"}],"about":[{"href":"https:\/\/buletin.de\/bucuresti\/wp-json\/wp\/v2\/types\/post"}],"author":[{"embeddable":true,"href":"https:\/\/buletin.de\/bucuresti\/wp-json\/wp\/v2\/users\/17"}],"replies":[{"embeddable":true,"href":"https:\/\/buletin.de\/bucuresti\/wp-json\/wp\/v2\/comments?post=12789"}],"version-history":[{"count":22,"href":"https:\/\/buletin.de\/bucuresti\/wp-json\/wp\/v2\/posts\/12789\/revisions"}],"predecessor-version":[{"id":13341,"href":"https:\/\/buletin.de\/bucuresti\/wp-json\/wp\/v2\/posts\/12789\/revisions\/13341"}],"wp:featuredmedia":[{"embeddable":true,"href":"https:\/\/buletin.de\/bucuresti\/wp-json\/wp\/v2\/media\/12869"}],"wp:attachment":[{"href":"https:\/\/buletin.de\/bucuresti\/wp-json\/wp\/v2\/media?parent=12789"}],"wp:term":[{"taxonomy":"category","embeddable":true,"href":"https:\/\/buletin.de\/bucuresti\/wp-json\/wp\/v2\/categories?post=12789"},{"taxonomy":"post_tag","embeddable":true,"href":"https:\/\/buletin.de\/bucuresti\/wp-json\/wp\/v2\/tags?post=12789"},{"taxonomy":"author","embeddable":true,"href":"https:\/\/buletin.de\/bucuresti\/wp-json\/wp\/v2\/ppma_author?post=12789"}],"curies":[{"name":"wp","href":"https:\/\/api.w.org\/{rel}","templated":true}]}}