{"id":127865,"date":"2025-04-27T17:37:24","date_gmt":"2025-04-27T14:37:24","guid":{"rendered":"https:\/\/buletin.de\/bucuresti\/?p=127865"},"modified":"2025-04-28T08:41:14","modified_gmt":"2025-04-28T05:41:14","slug":"sector-6-primaria-cere-consiliului-general-administrarea-podului-de-acces-pe-insula-lacul-morii","status":"publish","type":"post","link":"https:\/\/buletin.de\/bucuresti\/sector-6-primaria-cere-consiliului-general-administrarea-podului-de-acces-pe-insula-lacul-morii\/","title":{"rendered":"Sector 6 | Prim\u0103ria cere Consiliului General administrarea podului de acces pe Insula Lacul Morii"},"content":{"rendered":"\n<p><strong>Prim\u0103ria Sectorului 6 cere administrarea podului de acces pe Insula Lacul Morii, pentru a-l amenaja integrat cu restul proiectului de revitalizare a zonei. \u00cen acest sens, consilierii locali de sector au un proiect de hot\u0103r\u00e2re pe mas\u0103, pe care vor trebui s\u0103 \u00eel voteze \u00een \u015fedin\u0163a de pe 30 aprilie. <\/strong><\/p>\n\n\n\n<p>Odat\u0103 trecut de vot, <a href=\"https:\/\/www.primarie6.ro\/primarie_sector6\/sites\/default\/files\/2025-04\/1.%20Proiect%20FINAL%20pod%20Lacul%20Morii.pdf\" target=\"_blank\" rel=\"noreferrer noopener\">proiectul<\/a> va fi urmat de o solicitare c\u0103tre Consiliul General care va trebui, de asemenea, s\u0103 dea und\u0103 verde, prin vot, la aceast\u0103 propunere.<\/p>\n\n\n\n<p>Ini\u0163iatorul proiectului, primarul Ciprian Ciucu, noteaz\u0103 \u00een referatul de aprobare c\u0103 Pentru abordarea unitar\u0103 \u0219i coerent\u0103 a m\u0103surilor necesare pentru implementarea proiectului \u201eDesfiin\u021bare construc\u021bii, reconformare spa\u021bial\u0103, consolidare, amenajare peisagistic\u0103, amenajare drum ocazional carosabil, circula\u021bii auto \u0219i pietonale, amenajare spa\u021bii de recreere, culturale, educative, sport \u0219i comer\u021b \u0219i organizare executare lucr\u0103ri pentru obiectivul: Parcul Lacul Morii Bucure\u0219ti\u201d, parte din proiectul \u201eRegenerare urban\u0103 zona Lacul Morii din Sectorul 6 al Municipiului Bucure\u0219ti\u201d, <strong>este esen\u021bial\u0103 asigurarea func\u021bionalit\u0103\u021bii componentelor de infrastructur\u0103 care asigur\u0103 accesul carosabil pe insul\u0103<\/strong>. <\/p>\n\n\n\n<figure class=\"wp-block-image size-large\"><img fetchpriority=\"high\" decoding=\"async\" width=\"1000\" height=\"632\" src=\"data:image\/gif;base64,R0lGODlhAQABAAAAACH5BAEKAAEALAAAAAABAAEAAAICTAEAOw==\" data-src=\"https:\/\/buletin.de\/bucuresti\/wp-content\/uploads\/2025\/04\/pod-insula-lacul-morii-cartea-funciara-1000x632.png\" alt=\"podului de acces pe Insula Lacul Morii\" class=\"wp-image-127901 lazyload\" data-sizes=\"auto\" data-srcset=\"https:\/\/buletin.de\/bucuresti\/wp-content\/uploads\/2025\/04\/pod-insula-lacul-morii-cartea-funciara-1000x632.png 1000w, https:\/\/buletin.de\/bucuresti\/wp-content\/uploads\/2025\/04\/pod-insula-lacul-morii-cartea-funciara-300x190.png 300w, https:\/\/buletin.de\/bucuresti\/wp-content\/uploads\/2025\/04\/pod-insula-lacul-morii-cartea-funciara-768x485.png 768w, https:\/\/buletin.de\/bucuresti\/wp-content\/uploads\/2025\/04\/pod-insula-lacul-morii-cartea-funciara-600x379.png 600w, https:\/\/buletin.de\/bucuresti\/wp-content\/uploads\/2025\/04\/pod-insula-lacul-morii-cartea-funciara-20x13.png 20w, https:\/\/buletin.de\/bucuresti\/wp-content\/uploads\/2025\/04\/pod-insula-lacul-morii-cartea-funciara.png 1097w\" sizes=\"(max-width: 1000px) 100vw, 1000px\" \/><figcaption class=\"wp-element-caption\">Pozi\u021bionarea podului de acces pe Insula Lacul Morii. Foto: anex\u0103 PHCL<\/figcaption><\/figure>\n\n\n\n<p>\u00cen acest scop este necesar\u0103 reabilitarea structural\u0103, func\u021bional\u0103 \u0219i estetic\u0103 a podului Insul\u0103 Lacul Morii prin <strong>includerea acestui obiectiv \u00een ansamblul lucr\u0103rilor de amenajare peisagistic\u0103, infrastructur\u0103 \u0219i func\u021bionalit\u0103\u021bi socio-culturale propuse prin proiect<\/strong>, facilit\u00e2nd astfel un management unitar \u0219i eficient al investi\u021biilor publice din zon\u0103. <\/p>\n\n\n\n<p>Aceast\u0103 m\u0103sur\u0103 nu reprezint\u0103 doar o necesitate tehnic\u0103, ci \u0219i un pas firesc \u00een logica<br>unui demers integrat, care urm\u0103re\u0219te revitalizarea durabil\u0103 a unei zone de interes major pentru comunitate.<\/p>\n\n\n\n<p>\u00cen acest moment, podul Insula Lacul Morii, se afl\u0103 \u00een proprietatea municipiului Bucure\u0219ti, conform H.C.G.M.B. nr. 254\/2008 privind administrarea re\u021belei stradale principale \u0219i a lucr\u0103rilor de art\u0103 din municipiul Bucure\u0219ti \u0219i abrogarea hotararii C.G.M.B. nr. 235\/2005, cu modificarile si completarile ulterioare.<\/p>\n\n\n\n<h2 class=\"wp-block-heading\" id=\"h-repararea-podului-de-acces-pe-insula-lacul-morii-necesara-in-contextul-lucrarilor-de-pe-insula\">Repararea podului de acces pe Insula Lacul Morii, necesar\u0103 \u00een contextul lucr\u0103rilor de pe insul\u0103<\/h2>\n\n\n\n<p>Amenajarea Parcului Lacul Morii va costa circa 45 milioane euro (TVA inclus), cu aproape 9 milioane de euro mai mult fa\u021b\u0103 de indicatorii tehnico-economici aproba\u021bi \u00een 2023, se arat\u0103 \u00een devizele adoptate recent de consilierii locali ai Sectorului 6.<\/p>\n\n\n\n<figure class=\"wp-block-image size-large\"><img decoding=\"async\" width=\"900\" height=\"425\" src=\"data:image\/gif;base64,R0lGODlhAQABAAAAACH5BAEKAAEALAAAAAABAAEAAAICTAEAOw==\" data-src=\"https:\/\/buletin.de\/bucuresti\/wp-content\/uploads\/Screenshot-2025-02-11-234856-900x425.png\" alt=\"Costurile pentru amenajarea Parcului Lacul Morii cresc la 45 milioane euro. Prim\u0103ria vrea s\u0103 ob\u021bin\u0103 fonduri europene. Foto: PS6\" class=\"wp-image-118024 lazyload\" data-sizes=\"auto\" data-srcset=\"https:\/\/buletin.de\/bucuresti\/wp-content\/uploads\/Screenshot-2025-02-11-234856-900x425.png 900w, https:\/\/buletin.de\/bucuresti\/wp-content\/uploads\/Screenshot-2025-02-11-234856-300x142.png 300w, https:\/\/buletin.de\/bucuresti\/wp-content\/uploads\/Screenshot-2025-02-11-234856-768x363.png 768w, https:\/\/buletin.de\/bucuresti\/wp-content\/uploads\/Screenshot-2025-02-11-234856-600x283.png 600w, https:\/\/buletin.de\/bucuresti\/wp-content\/uploads\/Screenshot-2025-02-11-234856-20x9.png 20w, https:\/\/buletin.de\/bucuresti\/wp-content\/uploads\/Screenshot-2025-02-11-234856.png 1023w\" sizes=\"(max-width: 900px) 100vw, 900px\" \/><figcaption class=\"wp-element-caption\">Costurile pentru amenajarea Parcului Lacul Morii cresc la 45 milioane euro. Prim\u0103ria vrea s\u0103 ob\u021bin\u0103 fonduri europene. Foto: PS6<\/figcaption><\/figure>\n\n\n\n<p>Investi\u021bia a fost \u00eemp\u0103r\u021bit\u0103 \u00een dou\u0103 obiective: parcul liniar \u0219i Insula \u00cengerilor. Pentru cel din urm\u0103, Prim\u0103ria Sectorului 6 vrea s\u0103 ob\u021bin\u0103 fonduri europene de aproximativ 10 milioane euro.<\/p>\n\n\n\n<p>Conform documentului consultat de Buletin de Bucure\u0219ti, amenajarea Insulei Lacul Morii prevede realizarea de:<\/p>\n\n\n\n<ul class=\"wp-block-list\">\n<li>amenaj\u0103ri peisajere<\/li>\n\n\n\n<li>insule plutitoare vegetale<\/li>\n\n\n\n<li>spa\u021bii exterioare de recreere, culturale, educative \u0219i pentru sport<\/li>\n\n\n\n<li>dezvoltarea unui sistem de alei \u0219i pontoane pietonale<\/li>\n\n\n\n<li>iluminat public<\/li>\n\n\n\n<li>mobilier de parc<\/li>\n\n\n\n<li>mici pavilioane cu regim de \u00een\u0103l\u021bime parter cu grupuri sanitare<\/li>\n\n\n\n<li>dot\u0103ri sportive \u0219i de agrement<\/li>\n\n\n\n<li>punct sanitar \u0219i pentru umbrire<\/li>\n\n\n\n<li>parc\u0103ri pentru biciclete.<\/li>\n<\/ul>\n\n\n\n<p>Sunt incluse lucr\u0103ri de consolidare, desfiin\u021bare sau modernizare a unor construc\u021bii existente, cum ar fi foi\u0219orul de pe insul\u0103.<\/p>\n\n\n\n<p><strong>CITE\u015eTE \u015eI: <a href=\"https:\/\/buletin.de\/bucuresti\/sector-6-lucrarile-de-amenajare-a-malului-sudic-al-lacului-morii-puse-pe-pauza-apele-romane-consolideaza-barajul\/\" target=\"_blank\" rel=\"noreferrer noopener\">Sector 6 | Lucr\u0103rile de amenajare a malului sudic al Lacului Morii, puse pe pauz\u0103. Apele Rom\u00e2ne consolideaz\u0103 barajul<\/a><br><\/strong><\/p>\n","protected":false},"excerpt":{"rendered":"<p>Prim\u0103ria Sectorului 6 cere administrarea podului de acces pe Insula Lacul Morii, pentru a-l amenaja integrat cu restul proiectului de revitalizare a zonei. \u00cen acest sens, consilierii locali de sector au un proiect de hot\u0103r\u00e2re pe mas\u0103, pe care vor trebui s\u0103 \u00eel voteze \u00een \u015fedin\u0163a de pe 30 aprilie. Odat\u0103 trecut de vot, proiectul [&hellip;]<\/p>\n","protected":false},"author":8,"featured_media":127885,"comment_status":"closed","ping_status":"open","sticky":false,"template":"","format":"standard","meta":{"_acf_changed":false,"inline_featured_image":false,"ngg_post_thumbnail":0,"footnotes":""},"categories":[6994,5762,24],"tags":[20951,15456,20950,3513,3659,523],"ppma_author":[22586],"class_list":["post-127865","post","type-post","status-publish","format-standard","has-post-thumbnail","hentry","category-stiri-2","category-main","category-primarie","tag-amenajare-lacul-morii","tag-insula-lacul-morii","tag-pod-insula-lacul-morii","tag-primaria-sectorului-6","tag-ps6","tag-sector-6"],"acf":[],"yoast_head":"<!-- This site is optimized with the Yoast SEO Premium plugin v25.3 (Yoast SEO v27.5) - https:\/\/yoast.com\/product\/yoast-seo-premium-wordpress\/ -->\n<title>Sector 6 | Prim\u0103ria cere Consiliului General administrarea podului de acces pe Insula Lacul Morii - Buletin de Bucure\u0219ti<\/title>\n<meta name=\"description\" content=\"Prim\u0103ria Sectorului 6 cere administrarea podului de acces pe Insula Lacul Morii, pentru a-l amenaja integrat cu restul proiectului\" \/>\n<meta name=\"robots\" content=\"index, follow, max-snippet:-1, max-image-preview:large, max-video-preview:-1\" \/>\n<link rel=\"canonical\" href=\"https:\/\/buletin.de\/bucuresti\/sector-6-primaria-cere-consiliului-general-administrarea-podului-de-acces-pe-insula-lacul-morii\/\" \/>\n<meta property=\"og:locale\" content=\"en_GB\" \/>\n<meta property=\"og:type\" content=\"article\" \/>\n<meta property=\"og:title\" content=\"Sector 6 | Prim\u0103ria cere Consiliului General administrarea podului de acces pe Insula Lacul Morii\" \/>\n<meta property=\"og:description\" content=\"Prim\u0103ria Sectorului 6 cere administrarea podului de acces pe Insula Lacul Morii, pentru a-l amenaja integrat cu restul proiectului\" \/>\n<meta property=\"og:url\" content=\"https:\/\/buletin.de\/bucuresti\/sector-6-primaria-cere-consiliului-general-administrarea-podului-de-acces-pe-insula-lacul-morii\/\" \/>\n<meta property=\"og:site_name\" content=\"Buletin de Bucure\u0219ti\" \/>\n<meta property=\"article:publisher\" content=\"https:\/\/www.facebook.com\/buletin.de.buc\" \/>\n<meta property=\"article:published_time\" content=\"2025-04-27T14:37:24+00:00\" \/>\n<meta property=\"article:modified_time\" content=\"2025-04-28T05:41:14+00:00\" \/>\n<meta property=\"og:image\" content=\"https:\/\/buletin.de\/bucuresti\/wp-content\/uploads\/2025\/04\/insula-lacul-morii-google-satellite-view.png\" \/>\n\t<meta property=\"og:image:width\" content=\"1454\" \/>\n\t<meta property=\"og:image:height\" content=\"820\" \/>\n\t<meta property=\"og:image:type\" content=\"image\/png\" \/>\n<meta name=\"author\" content=\"Ionu\u021b Lepa\" \/>\n<meta name=\"twitter:card\" content=\"summary_large_image\" \/>\n<meta name=\"twitter:label1\" content=\"Written by\" \/>\n\t<meta name=\"twitter:data1\" content=\"Ionu\u021b Lepa\" \/>\n\t<meta name=\"twitter:label2\" content=\"Estimated reading time\" \/>\n\t<meta name=\"twitter:data2\" content=\"3 minutes\" \/>\n<script type=\"application\/ld+json\" class=\"yoast-schema-graph\">{\"@context\":\"https:\\\/\\\/schema.org\",\"@graph\":[{\"@type\":\"Article\",\"@id\":\"https:\\\/\\\/buletin.de\\\/bucuresti\\\/sector-6-primaria-cere-consiliului-general-administrarea-podului-de-acces-pe-insula-lacul-morii\\\/#article\",\"isPartOf\":{\"@id\":\"https:\\\/\\\/buletin.de\\\/bucuresti\\\/sector-6-primaria-cere-consiliului-general-administrarea-podului-de-acces-pe-insula-lacul-morii\\\/\"},\"author\":{\"name\":\"Ionu\u021b Lepa\",\"@id\":\"https:\\\/\\\/buletin.de\\\/bucuresti\\\/#\\\/schema\\\/person\\\/5272b8a057b33890940b57b837fc4ce6\"},\"headline\":\"Sector 6 | Prim\u0103ria cere Consiliului General administrarea podului de acces pe Insula Lacul Morii\",\"datePublished\":\"2025-04-27T14:37:24+00:00\",\"dateModified\":\"2025-04-28T05:41:14+00:00\",\"mainEntityOfPage\":{\"@id\":\"https:\\\/\\\/buletin.de\\\/bucuresti\\\/sector-6-primaria-cere-consiliului-general-administrarea-podului-de-acces-pe-insula-lacul-morii\\\/\"},\"wordCount\":554,\"publisher\":{\"@id\":\"https:\\\/\\\/buletin.de\\\/bucuresti\\\/#organization\"},\"image\":{\"@id\":\"https:\\\/\\\/buletin.de\\\/bucuresti\\\/sector-6-primaria-cere-consiliului-general-administrarea-podului-de-acces-pe-insula-lacul-morii\\\/#primaryimage\"},\"thumbnailUrl\":\"https:\\\/\\\/buletin.de\\\/bucuresti\\\/wp-content\\\/uploads\\\/2025\\\/04\\\/insula-lacul-morii-google-satellite-view.png\",\"keywords\":[\"amenajare lacul morii\",\"Insula Lacul Morii\",\"pod insula lacul morii\",\"primaria sectorului 6\",\"PS6\",\"Sector 6\"],\"articleSection\":[\"Articole\",\"Main\",\"Prim\u0103rie\"],\"inLanguage\":\"en-GB\",\"copyrightYear\":\"2025\",\"copyrightHolder\":{\"@id\":\"https:\\\/\\\/buletin.de\\\/bucuresti\\\/#organization\"}},{\"@type\":\"WebPage\",\"@id\":\"https:\\\/\\\/buletin.de\\\/bucuresti\\\/sector-6-primaria-cere-consiliului-general-administrarea-podului-de-acces-pe-insula-lacul-morii\\\/\",\"url\":\"https:\\\/\\\/buletin.de\\\/bucuresti\\\/sector-6-primaria-cere-consiliului-general-administrarea-podului-de-acces-pe-insula-lacul-morii\\\/\",\"name\":\"Sector 6 | Prim\u0103ria cere Consiliului General administrarea podului de acces pe Insula Lacul Morii - Buletin de Bucure\u0219ti\",\"isPartOf\":{\"@id\":\"https:\\\/\\\/buletin.de\\\/bucuresti\\\/#website\"},\"primaryImageOfPage\":{\"@id\":\"https:\\\/\\\/buletin.de\\\/bucuresti\\\/sector-6-primaria-cere-consiliului-general-administrarea-podului-de-acces-pe-insula-lacul-morii\\\/#primaryimage\"},\"image\":{\"@id\":\"https:\\\/\\\/buletin.de\\\/bucuresti\\\/sector-6-primaria-cere-consiliului-general-administrarea-podului-de-acces-pe-insula-lacul-morii\\\/#primaryimage\"},\"thumbnailUrl\":\"https:\\\/\\\/buletin.de\\\/bucuresti\\\/wp-content\\\/uploads\\\/2025\\\/04\\\/insula-lacul-morii-google-satellite-view.png\",\"datePublished\":\"2025-04-27T14:37:24+00:00\",\"dateModified\":\"2025-04-28T05:41:14+00:00\",\"description\":\"Prim\u0103ria Sectorului 6 cere administrarea podului de acces pe Insula Lacul Morii, pentru a-l amenaja integrat cu restul proiectului\",\"breadcrumb\":{\"@id\":\"https:\\\/\\\/buletin.de\\\/bucuresti\\\/sector-6-primaria-cere-consiliului-general-administrarea-podului-de-acces-pe-insula-lacul-morii\\\/#breadcrumb\"},\"inLanguage\":\"en-GB\",\"potentialAction\":[{\"@type\":\"ReadAction\",\"target\":[\"https:\\\/\\\/buletin.de\\\/bucuresti\\\/sector-6-primaria-cere-consiliului-general-administrarea-podului-de-acces-pe-insula-lacul-morii\\\/\"]}]},{\"@type\":\"ImageObject\",\"inLanguage\":\"en-GB\",\"@id\":\"https:\\\/\\\/buletin.de\\\/bucuresti\\\/sector-6-primaria-cere-consiliului-general-administrarea-podului-de-acces-pe-insula-lacul-morii\\\/#primaryimage\",\"url\":\"https:\\\/\\\/buletin.de\\\/bucuresti\\\/wp-content\\\/uploads\\\/2025\\\/04\\\/insula-lacul-morii-google-satellite-view.png\",\"contentUrl\":\"https:\\\/\\\/buletin.de\\\/bucuresti\\\/wp-content\\\/uploads\\\/2025\\\/04\\\/insula-lacul-morii-google-satellite-view.png\",\"width\":1454,\"height\":820},{\"@type\":\"BreadcrumbList\",\"@id\":\"https:\\\/\\\/buletin.de\\\/bucuresti\\\/sector-6-primaria-cere-consiliului-general-administrarea-podului-de-acces-pe-insula-lacul-morii\\\/#breadcrumb\",\"itemListElement\":[{\"@type\":\"ListItem\",\"position\":1,\"name\":\"Acas\u0103\",\"item\":\"https:\\\/\\\/buletin.de\\\/bucuresti\\\/\"},{\"@type\":\"ListItem\",\"position\":2,\"name\":\"Sector 6 | Prim\u0103ria cere Consiliului General administrarea podului de acces pe Insula Lacul Morii\"}]},{\"@type\":\"WebSite\",\"@id\":\"https:\\\/\\\/buletin.de\\\/bucuresti\\\/#website\",\"url\":\"https:\\\/\\\/buletin.de\\\/bucuresti\\\/\",\"name\":\"Buletin de Bucure\u0219ti\",\"description\":\"\u0218tiri \u0219i investiga\u021bii esen\u021biale din capital\u0103\",\"publisher\":{\"@id\":\"https:\\\/\\\/buletin.de\\\/bucuresti\\\/#organization\"},\"potentialAction\":[{\"@type\":\"SearchAction\",\"target\":{\"@type\":\"EntryPoint\",\"urlTemplate\":\"https:\\\/\\\/buletin.de\\\/bucuresti\\\/?s={search_term_string}\"},\"query-input\":{\"@type\":\"PropertyValueSpecification\",\"valueRequired\":true,\"valueName\":\"search_term_string\"}}],\"inLanguage\":\"en-GB\"},{\"@type\":\"Organization\",\"@id\":\"https:\\\/\\\/buletin.de\\\/bucuresti\\\/#organization\",\"name\":\"Buletin de Bucure\u0219ti\",\"url\":\"https:\\\/\\\/buletin.de\\\/bucuresti\\\/\",\"logo\":{\"@type\":\"ImageObject\",\"inLanguage\":\"en-GB\",\"@id\":\"https:\\\/\\\/buletin.de\\\/bucuresti\\\/#\\\/schema\\\/logo\\\/image\\\/\",\"url\":\"https:\\\/\\\/buletin.de\\\/bucuresti\\\/wp-content\\\/uploads\\\/logo-bdb-full-wide-vernil-transparent.png\",\"contentUrl\":\"https:\\\/\\\/buletin.de\\\/bucuresti\\\/wp-content\\\/uploads\\\/logo-bdb-full-wide-vernil-transparent.png\",\"width\":1782,\"height\":626,\"caption\":\"Buletin de Bucure\u0219ti\"},\"image\":{\"@id\":\"https:\\\/\\\/buletin.de\\\/bucuresti\\\/#\\\/schema\\\/logo\\\/image\\\/\"},\"sameAs\":[\"https:\\\/\\\/www.facebook.com\\\/buletin.de.buc\",\"https:\\\/\\\/www.instagram.com\\\/buletinde.bucuresti\\\/\"]},{\"@type\":\"Person\",\"@id\":\"https:\\\/\\\/buletin.de\\\/bucuresti\\\/#\\\/schema\\\/person\\\/5272b8a057b33890940b57b837fc4ce6\",\"name\":\"Ionu\u021b Lepa\",\"image\":{\"@type\":\"ImageObject\",\"inLanguage\":\"en-GB\",\"@id\":\"https:\\\/\\\/buletin.de\\\/bucuresti\\\/wp-content\\\/uploads\\\/Ionut-Lepa-96x96.jpg5c4e4d9e049808799a8821652d2410a4\",\"url\":\"https:\\\/\\\/buletin.de\\\/bucuresti\\\/wp-content\\\/uploads\\\/Ionut-Lepa-96x96.jpg\",\"contentUrl\":\"https:\\\/\\\/buletin.de\\\/bucuresti\\\/wp-content\\\/uploads\\\/Ionut-Lepa-96x96.jpg\",\"caption\":\"Ionu\u021b Lepa\"},\"url\":\"https:\\\/\\\/buletin.de\\\/bucuresti\\\/author\\\/ionutlepa\\\/\"}]}<\/script>\n<!-- \/ Yoast SEO Premium plugin. -->","yoast_head_json":{"title":"Sector 6 | Prim\u0103ria cere Consiliului General administrarea podului de acces pe Insula Lacul Morii - Buletin de Bucure\u0219ti","description":"Prim\u0103ria Sectorului 6 cere administrarea podului de acces pe Insula Lacul Morii, pentru a-l amenaja integrat cu restul proiectului","robots":{"index":"index","follow":"follow","max-snippet":"max-snippet:-1","max-image-preview":"max-image-preview:large","max-video-preview":"max-video-preview:-1"},"canonical":"https:\/\/buletin.de\/bucuresti\/sector-6-primaria-cere-consiliului-general-administrarea-podului-de-acces-pe-insula-lacul-morii\/","og_locale":"en_GB","og_type":"article","og_title":"Sector 6 | Prim\u0103ria cere Consiliului General administrarea podului de acces pe Insula Lacul Morii","og_description":"Prim\u0103ria Sectorului 6 cere administrarea podului de acces pe Insula Lacul Morii, pentru a-l amenaja integrat cu restul proiectului","og_url":"https:\/\/buletin.de\/bucuresti\/sector-6-primaria-cere-consiliului-general-administrarea-podului-de-acces-pe-insula-lacul-morii\/","og_site_name":"Buletin de Bucure\u0219ti","article_publisher":"https:\/\/www.facebook.com\/buletin.de.buc","article_published_time":"2025-04-27T14:37:24+00:00","article_modified_time":"2025-04-28T05:41:14+00:00","og_image":[{"width":1454,"height":820,"url":"https:\/\/buletin.de\/bucuresti\/wp-content\/uploads\/2025\/04\/insula-lacul-morii-google-satellite-view.png","type":"image\/png"}],"author":"Ionu\u021b Lepa","twitter_card":"summary_large_image","twitter_misc":{"Written by":"Ionu\u021b Lepa","Estimated reading time":"3 minutes"},"schema":{"@context":"https:\/\/schema.org","@graph":[{"@type":"Article","@id":"https:\/\/buletin.de\/bucuresti\/sector-6-primaria-cere-consiliului-general-administrarea-podului-de-acces-pe-insula-lacul-morii\/#article","isPartOf":{"@id":"https:\/\/buletin.de\/bucuresti\/sector-6-primaria-cere-consiliului-general-administrarea-podului-de-acces-pe-insula-lacul-morii\/"},"author":{"name":"Ionu\u021b Lepa","@id":"https:\/\/buletin.de\/bucuresti\/#\/schema\/person\/5272b8a057b33890940b57b837fc4ce6"},"headline":"Sector 6 | Prim\u0103ria cere Consiliului General administrarea podului de acces pe Insula Lacul Morii","datePublished":"2025-04-27T14:37:24+00:00","dateModified":"2025-04-28T05:41:14+00:00","mainEntityOfPage":{"@id":"https:\/\/buletin.de\/bucuresti\/sector-6-primaria-cere-consiliului-general-administrarea-podului-de-acces-pe-insula-lacul-morii\/"},"wordCount":554,"publisher":{"@id":"https:\/\/buletin.de\/bucuresti\/#organization"},"image":{"@id":"https:\/\/buletin.de\/bucuresti\/sector-6-primaria-cere-consiliului-general-administrarea-podului-de-acces-pe-insula-lacul-morii\/#primaryimage"},"thumbnailUrl":"https:\/\/buletin.de\/bucuresti\/wp-content\/uploads\/2025\/04\/insula-lacul-morii-google-satellite-view.png","keywords":["amenajare lacul morii","Insula Lacul Morii","pod insula lacul morii","primaria sectorului 6","PS6","Sector 6"],"articleSection":["Articole","Main","Prim\u0103rie"],"inLanguage":"en-GB","copyrightYear":"2025","copyrightHolder":{"@id":"https:\/\/buletin.de\/bucuresti\/#organization"}},{"@type":"WebPage","@id":"https:\/\/buletin.de\/bucuresti\/sector-6-primaria-cere-consiliului-general-administrarea-podului-de-acces-pe-insula-lacul-morii\/","url":"https:\/\/buletin.de\/bucuresti\/sector-6-primaria-cere-consiliului-general-administrarea-podului-de-acces-pe-insula-lacul-morii\/","name":"Sector 6 | Prim\u0103ria cere Consiliului General administrarea podului de acces pe Insula Lacul Morii - Buletin de Bucure\u0219ti","isPartOf":{"@id":"https:\/\/buletin.de\/bucuresti\/#website"},"primaryImageOfPage":{"@id":"https:\/\/buletin.de\/bucuresti\/sector-6-primaria-cere-consiliului-general-administrarea-podului-de-acces-pe-insula-lacul-morii\/#primaryimage"},"image":{"@id":"https:\/\/buletin.de\/bucuresti\/sector-6-primaria-cere-consiliului-general-administrarea-podului-de-acces-pe-insula-lacul-morii\/#primaryimage"},"thumbnailUrl":"https:\/\/buletin.de\/bucuresti\/wp-content\/uploads\/2025\/04\/insula-lacul-morii-google-satellite-view.png","datePublished":"2025-04-27T14:37:24+00:00","dateModified":"2025-04-28T05:41:14+00:00","description":"Prim\u0103ria Sectorului 6 cere administrarea podului de acces pe Insula Lacul Morii, pentru a-l amenaja integrat cu restul proiectului","breadcrumb":{"@id":"https:\/\/buletin.de\/bucuresti\/sector-6-primaria-cere-consiliului-general-administrarea-podului-de-acces-pe-insula-lacul-morii\/#breadcrumb"},"inLanguage":"en-GB","potentialAction":[{"@type":"ReadAction","target":["https:\/\/buletin.de\/bucuresti\/sector-6-primaria-cere-consiliului-general-administrarea-podului-de-acces-pe-insula-lacul-morii\/"]}]},{"@type":"ImageObject","inLanguage":"en-GB","@id":"https:\/\/buletin.de\/bucuresti\/sector-6-primaria-cere-consiliului-general-administrarea-podului-de-acces-pe-insula-lacul-morii\/#primaryimage","url":"https:\/\/buletin.de\/bucuresti\/wp-content\/uploads\/2025\/04\/insula-lacul-morii-google-satellite-view.png","contentUrl":"https:\/\/buletin.de\/bucuresti\/wp-content\/uploads\/2025\/04\/insula-lacul-morii-google-satellite-view.png","width":1454,"height":820},{"@type":"BreadcrumbList","@id":"https:\/\/buletin.de\/bucuresti\/sector-6-primaria-cere-consiliului-general-administrarea-podului-de-acces-pe-insula-lacul-morii\/#breadcrumb","itemListElement":[{"@type":"ListItem","position":1,"name":"Acas\u0103","item":"https:\/\/buletin.de\/bucuresti\/"},{"@type":"ListItem","position":2,"name":"Sector 6 | Prim\u0103ria cere Consiliului General administrarea podului de acces pe Insula Lacul Morii"}]},{"@type":"WebSite","@id":"https:\/\/buletin.de\/bucuresti\/#website","url":"https:\/\/buletin.de\/bucuresti\/","name":"Buletin de Bucure\u0219ti","description":"\u0218tiri \u0219i investiga\u021bii esen\u021biale din capital\u0103","publisher":{"@id":"https:\/\/buletin.de\/bucuresti\/#organization"},"potentialAction":[{"@type":"SearchAction","target":{"@type":"EntryPoint","urlTemplate":"https:\/\/buletin.de\/bucuresti\/?s={search_term_string}"},"query-input":{"@type":"PropertyValueSpecification","valueRequired":true,"valueName":"search_term_string"}}],"inLanguage":"en-GB"},{"@type":"Organization","@id":"https:\/\/buletin.de\/bucuresti\/#organization","name":"Buletin de Bucure\u0219ti","url":"https:\/\/buletin.de\/bucuresti\/","logo":{"@type":"ImageObject","inLanguage":"en-GB","@id":"https:\/\/buletin.de\/bucuresti\/#\/schema\/logo\/image\/","url":"https:\/\/buletin.de\/bucuresti\/wp-content\/uploads\/logo-bdb-full-wide-vernil-transparent.png","contentUrl":"https:\/\/buletin.de\/bucuresti\/wp-content\/uploads\/logo-bdb-full-wide-vernil-transparent.png","width":1782,"height":626,"caption":"Buletin de Bucure\u0219ti"},"image":{"@id":"https:\/\/buletin.de\/bucuresti\/#\/schema\/logo\/image\/"},"sameAs":["https:\/\/www.facebook.com\/buletin.de.buc","https:\/\/www.instagram.com\/buletinde.bucuresti\/"]},{"@type":"Person","@id":"https:\/\/buletin.de\/bucuresti\/#\/schema\/person\/5272b8a057b33890940b57b837fc4ce6","name":"Ionu\u021b Lepa","image":{"@type":"ImageObject","inLanguage":"en-GB","@id":"https:\/\/buletin.de\/bucuresti\/wp-content\/uploads\/Ionut-Lepa-96x96.jpg5c4e4d9e049808799a8821652d2410a4","url":"https:\/\/buletin.de\/bucuresti\/wp-content\/uploads\/Ionut-Lepa-96x96.jpg","contentUrl":"https:\/\/buletin.de\/bucuresti\/wp-content\/uploads\/Ionut-Lepa-96x96.jpg","caption":"Ionu\u021b Lepa"},"url":"https:\/\/buletin.de\/bucuresti\/author\/ionutlepa\/"}]}},"authors":[{"term_id":22586,"user_id":8,"is_guest":0,"slug":"ionutlepa","display_name":"Ionu\u021b Lepa","avatar_url":"https:\/\/buletin.de\/bucuresti\/wp-content\/uploads\/Ionut-Lepa-96x96.jpg","0":null,"1":"","2":"","3":"","4":"","5":"","6":"","7":"","8":""}],"_links":{"self":[{"href":"https:\/\/buletin.de\/bucuresti\/wp-json\/wp\/v2\/posts\/127865","targetHints":{"allow":["GET"]}}],"collection":[{"href":"https:\/\/buletin.de\/bucuresti\/wp-json\/wp\/v2\/posts"}],"about":[{"href":"https:\/\/buletin.de\/bucuresti\/wp-json\/wp\/v2\/types\/post"}],"author":[{"embeddable":true,"href":"https:\/\/buletin.de\/bucuresti\/wp-json\/wp\/v2\/users\/8"}],"replies":[{"embeddable":true,"href":"https:\/\/buletin.de\/bucuresti\/wp-json\/wp\/v2\/comments?post=127865"}],"version-history":[{"count":2,"href":"https:\/\/buletin.de\/bucuresti\/wp-json\/wp\/v2\/posts\/127865\/revisions"}],"predecessor-version":[{"id":127927,"href":"https:\/\/buletin.de\/bucuresti\/wp-json\/wp\/v2\/posts\/127865\/revisions\/127927"}],"wp:featuredmedia":[{"embeddable":true,"href":"https:\/\/buletin.de\/bucuresti\/wp-json\/wp\/v2\/media\/127885"}],"wp:attachment":[{"href":"https:\/\/buletin.de\/bucuresti\/wp-json\/wp\/v2\/media?parent=127865"}],"wp:term":[{"taxonomy":"category","embeddable":true,"href":"https:\/\/buletin.de\/bucuresti\/wp-json\/wp\/v2\/categories?post=127865"},{"taxonomy":"post_tag","embeddable":true,"href":"https:\/\/buletin.de\/bucuresti\/wp-json\/wp\/v2\/tags?post=127865"},{"taxonomy":"author","embeddable":true,"href":"https:\/\/buletin.de\/bucuresti\/wp-json\/wp\/v2\/ppma_author?post=127865"}],"curies":[{"name":"wp","href":"https:\/\/api.w.org\/{rel}","templated":true}]}}