{"id":127855,"date":"2025-04-27T12:28:36","date_gmt":"2025-04-27T09:28:36","guid":{"rendered":"https:\/\/buletin.de\/bucuresti\/?p=127855"},"modified":"2025-04-30T16:46:48","modified_gmt":"2025-04-30T13:46:48","slug":"primaria-sectorului-2-vrea-sa-ia-in-administrare-patru-mari-bulevarde-o-initiativa-similara-a-fost-respinsa-anul-trecut","status":"publish","type":"post","link":"https:\/\/buletin.de\/bucuresti\/primaria-sectorului-2-vrea-sa-ia-in-administrare-patru-mari-bulevarde-o-initiativa-similara-a-fost-respinsa-anul-trecut\/","title":{"rendered":"Prim\u0103ria Sectorului 2 vrea s\u0103 ia \u00een administrare patru mari bulevarde. O ini\u0163iativ\u0103 similar\u0103 a fost respins\u0103 anul trecut"},"content":{"rendered":"\n<p><strong>Patru mari bulevarde de pe raza Sectorului 2 ar urma s\u0103 fie preluate de autorit\u0103\u0163ile locale de la Prim\u0103ria General\u0103, \u201e\u00een vederea moderniz\u0103rii structurale, func\u0163ionale, estetice \u015fi revitalizarea zonelor aferente acestuia\u201d, dup\u0103 cum se arat\u0103 \u00eentr-o serie de proiecte ini\u0163iate de primarul Rare\u015f Hopinc\u0103. <\/strong><\/p>\n\n\n\n<p><strong>Este vorba despre bulevardele \u015etefan cel Mare, Mihai Bravu, Lacul Tei \u015fi Basarabiei, care acum sunt gestionate de Administra\u0163ia Str\u0103zilor, institu\u0163ie din subordinea Prim\u0103riei Municipiului Bucure\u015fti.<\/strong><\/p>\n\n\n\n<h2 class=\"wp-block-heading\" id=\"h-update-proiectul-a-trecut\">Update: Proiectul a trecut<\/h2>\n\n\n\n<p>Cele patru proiecte prin care cele patru bulevarde vor trece \u00een administrarea Prim\u0103riei Sectorului 2 au fost aprobate \u00een \u0219edin\u021ba din 30 aprilie. Doar 5 consilieri au votat \u00eempotriv\u0103.<\/p>\n\n\n\n<p>Consiliera USR Elena Tudose a afirmat c\u0103 USR a votat pentru respingerea acestor proiecte, pentru c\u0103 sunt inoportune.<\/p>\n\n\n\n<p><em>\u201eDiscut\u0103m totu\u0219i de o singur\u0103 Capital\u0103. Ar trebui s\u0103 ac\u021bion\u0103m ca o Capital\u0103 nu ca \u0219ase Bucure\u0219tiuri diferite. Ar trebui s\u0103 avem un protocol astfel \u00eencat s\u0103 avem o dezvoltare unitar\u0103 pe tot teritoriul Capitalei. \u00cen plus, mai avem \u0219i un plan de mobilitate urban\u0103 aprobat la nivelul PMB. Deci nu este nevoie de astfel de proiecte\u201d<\/em>, a explicat Tudose.<\/p>\n\n\n\n<p>Drept r\u0103spuns, social-democrata Paula Pasciuc a dat vina pe Nicu\u0219or Dan c\u0103 a abandonat Prim\u0103ria Capitalei pentru campania electoral\u0103.<\/p>\n\n\n\n<p><em>\u201eTrebuie s\u0103 prelu\u0103m din treaba lui Nicu\u0219or Dan, pentru c\u0103 dac\u0103 am avea un primar care s\u0103 fie preocupat de Capital\u0103 \u0219i nu de campania electoral\u0103, n-ar trebui s\u0103 ne ocup\u0103m noi de aceste artere\u201d<\/em>, a spus consiliera.<\/p>\n\n\n\n<hr class=\"wp-block-separator has-alpha-channel-opacity is-style-default\"\/>\n\n\n\n<p>Pentru a deveni realitate, primul pas este ca proiectele s\u0103 fie votate de Consiliul Local al Sectorului 2. Practic, edilii locali vor cere Consiliului General al Municipiului Bucure\u015fti ca bulevardele \u00een cauz\u0103 s\u0103 fie transferate la sector. <\/p>\n\n\n\n<p>\u201eTransmiterea arterelor de circula\u0163ie \u00een administrarea Sectorului 2 al Municipiului Bucure\u015fti va permite o abordare unitar\u0103 a spa\u0163iului public urban \u015fi de asemenea va asigura o interven\u0163ie eficient\u0103 care s\u0103 r\u0103spund\u0103 exigen\u0163elor impuse de noile realit\u0103\u0163i economico-sociale.<\/p>\n\n\n\n<p>Cre\u015fterea num\u0103rului de autovehicule proprietate particular\u0103, deteriorarea arterelor de circula\u0163ie, dar \u015fi a zonelor aferente acestora, intensificarea traficului, au dus la necesitatea realiz\u0103rii unor investi\u0163ii pe care doar Sectorul 2 al Municipiului Bucure\u015fti le poate implementa \u00een aceast\u0103 perioad\u0103\u201d, se arat\u0103 \u00een rapoartele de specialitate ale celor patru proiecte.<\/p>\n\n\n\n<p><strong>Exemplu<\/strong>: <a href=\"https:\/\/public.ps2.ro\/Administratie%20Publica%20Locala\/Proiecte%20CLS2\/2025\/2025-04-30%20SEDINTA%20ORDINARA%20ORA%2014.00\/39%20ph%20acord%20CGMB%20Bd.%20Stefan%20Cel%20Mare.pdf\" target=\"_blank\" rel=\"noreferrer noopener\">proiectul care vizeaz\u0103 bulevardul \u015etefan cel Mare<\/a>.<\/p>\n\n\n\n<p>R\u0103m\u00e2ne de v\u0103zut ce piedici se vor ivi \u00een calea unui astfel de transfer. Spre exemplu, \u00een acest moment, STB are <a href=\"https:\/\/buletin.de\/bucuresti\/circulatia-tramvaielor-pe-bulevardul-basarabia-suspendata-din-cauza-degradarii-stb-sunt-peste-600-de-rupturi-de-sina\/\">lucr\u0103ri \u00een desf\u0103\u015furare pe bulevardul Basarabiei<\/a>. <\/p>\n\n\n\n<div class=\"wp-block-buttons is-content-justification-center is-layout-flex wp-container-core-buttons-is-layout-16018d1d wp-block-buttons-is-layout-flex\">\n<div class=\"wp-block-button has-custom-width wp-block-button__width-100\"><a class=\"wp-block-button__link wp-element-button\" href=\"https:\/\/www.patreon.com\/BuletinDeBucuresti\"><strong>Sus\u021bine Buletin de Bucure\u0219ti pentru investiga\u021bii, reportaje \u0219i \u0219tiri Locale<\/strong><\/a><\/div>\n<\/div>\n\n\n\n<h2 class=\"wp-block-heading\" id=\"h-patru-mari-bulevarde-solicitate-de-administratia-sectorului-2-cei-din-sectorul-3-au-incercat-ceva-similar-in-2024\">Patru mari bulevarde solicitate de administra\u0163ia Sectorului 2. Cei din Sectorul 3 au \u00eencercat ceva similar \u00een 2024<\/h2>\n\n\n\n<p>\u015ei Prim\u0103ria Sectorul 3 \u00ee\u0219i dore\u0219te preluarea mai multor artere importante din Capital\u0103, printre care Bulevardul Unirii, respectiv Splaiul Unirii.&nbsp;Institu\u021bia \u00ee\u0219i propune construirea de pasaje rutiere subterane\/supraterane, dar \u0219i realizarea unor lucr\u0103ri de reabilitare \u0219i modernizare a drumului.<\/p>\n\n\n\n<p>\u00cen luna iulie 2024, consilierii locali ai Sectorului 3 au adoptat \u015fase proiecte care prevedeau preluarea a \u015fase artere: <\/p>\n\n\n\n<ul class=\"wp-block-list\">\n<li><strong>Splaiul Unirii<\/strong>, \u00eentre Pia\u021ba Unirii \u0219i limita administrativ\u0103 a Sectorului 3<\/li>\n\n\n\n<li><strong>Bulevardul Unirii<\/strong>, \u00eentre Bulevardul I.C. Br\u0103tianu \u0219i Pia\u021ba Alba Iulia<\/li>\n\n\n\n<li><strong>Bulevardul Nicolae Grigorescu<\/strong>, \u00eentre Bulevardul Basarabia \u0219i Splaiul Unirii<\/li>\n\n\n\n<li><strong>\u0218oseaua Mihai Bravu<\/strong>, \u00eentre Pia\u021ba Hurmuzachi \u0219i Splaiul Unirii<\/li>\n\n\n\n<li><strong>\u0218oseaua Industriilor<\/strong>, \u00eentre Bulevardul Basarabia \u0219i Drumul \u00eentre Tarlale<\/li>\n\n\n\n<li><strong>\u0218oseaua G\u0103rii C\u0103\u021belu<\/strong>, \u00eentre \u0218oseaua Industriilor \u0219i \u0218oseaua G\u0103rii C\u0103\u021belu, Tronson 1<\/li>\n<\/ul>\n\n\n\n<p>Totu\u015fi, mai este nevoie de acordul CGMB. Nicu\u015for Dan s-a opus, cu alt\u0103 ocazie, unui astfel de demers, motiv\u00e2nd c\u0103 Administra\u0163ia Str\u0103zilor nu poate ceda aceste artere, deoarece pe ele se desf\u0103\u015foar\u0103 proiecte cu fonduri europene, iar administrarea lor nu poate fi \u00eenstr\u0103inat\u0103.<\/p>\n\n\n\n<p><strong>CITE\u015eTE \u015eI: <\/strong><\/p>\n\n\n\n<ul class=\"wp-block-list\">\n<li><a href=\"https:\/\/buletin.de\/bucuresti\/razboiul-bulevardelor-intre-n-dan-si-r-negoita-miza-bd-unirii-splaiul-unirii-si-tronsoane-din-nicolae-grigorescu-si-mihai-bravu\/\" target=\"_blank\" rel=\"noreferrer noopener\"><strong>R\u0103zboiul bulevardelor \u00eentre N. Dan \u0219i R. Negoi\u0163\u0103. Miza: Bd. Unirii, Splaiul Unirii \u0219i tronsoane din Nicolae Grigorescu \u0219i Mihai Bravu<\/strong><\/a><\/li>\n\n\n\n<li><strong><a href=\"https:\/\/buletin.de\/bucuresti\/sector-3-razboiul-bulevardelor-continua-negoita-promite-pasaje-rutiere-pe-artere-aflate-acum-in-gestiunea-primariei-generale\/\" target=\"_blank\" rel=\"noreferrer noopener\">Sector 3 | \u201eR\u0103zboiul bulevardelor\u201d&nbsp;continu\u0103. Negoi\u0163\u0103 promite pasaje rutiere pe artere aflate acum \u00een gestiunea Prim\u0103riei Generale<\/a><br><\/strong><br><\/li>\n<\/ul>\n","protected":false},"excerpt":{"rendered":"<p>Patru mari bulevarde de pe raza Sectorului 2 ar urma s\u0103 fie preluate de autorit\u0103\u0163ile locale de la Prim\u0103ria General\u0103, \u201e\u00een vederea moderniz\u0103rii structurale, func\u0163ionale, estetice \u015fi revitalizarea zonelor aferente acestuia\u201d, dup\u0103 cum se arat\u0103 \u00eentr-o serie de proiecte ini\u0163iate de primarul Rare\u015f Hopinc\u0103. Este vorba despre bulevardele \u015etefan cel Mare, Mihai Bravu, Lacul Tei [&hellip;]<\/p>\n","protected":false},"author":8,"featured_media":127860,"comment_status":"closed","ping_status":"open","sticky":false,"template":"","format":"standard","meta":{"_acf_changed":false,"inline_featured_image":false,"ngg_post_thumbnail":0,"footnotes":""},"categories":[6994,5762,24,650],"tags":[10660,20949,20948,20947,20946,11569,223,228,7765,7088,229],"ppma_author":[22586],"class_list":["post-127855","post","type-post","status-publish","format-standard","has-post-thumbnail","hentry","category-stiri-2","category-main","category-primarie","category-transport","tag-administratia-strazilor","tag-bd-basarabiei","tag-bd-mihai-bravu","tag-bd-stefan-cel-mare","tag-bulevarde-bucuresti","tag-lacul-tei","tag-nicusor-dan","tag-primaria-sectorului-2","tag-ps2","tag-rares-hopinca-2","tag-sector-2"],"acf":[],"yoast_head":"<!-- This site is optimized with the Yoast SEO Premium plugin v25.3 (Yoast SEO v27.4) - https:\/\/yoast.com\/product\/yoast-seo-premium-wordpress\/ -->\n<title>Prim\u0103ria Sectorului 2 vrea s\u0103 ia \u00een administrare patru mari bulevarde. O ini\u0163iativ\u0103 similar\u0103 a fost respins\u0103 anul trecut - Buletin de Bucure\u0219ti<\/title>\n<meta name=\"description\" content=\"Patru mari bulevarde de pe raza Sectorului 2 ar urma s\u0103 fie preluate de autorit\u0103\u0163ile locale de la Prim\u0103ria General\u0103\" \/>\n<meta name=\"robots\" content=\"index, follow, max-snippet:-1, max-image-preview:large, max-video-preview:-1\" \/>\n<link rel=\"canonical\" href=\"https:\/\/buletin.de\/bucuresti\/primaria-sectorului-2-vrea-sa-ia-in-administrare-patru-mari-bulevarde-o-initiativa-similara-a-fost-respinsa-anul-trecut\/\" \/>\n<meta property=\"og:locale\" content=\"en_GB\" \/>\n<meta property=\"og:type\" content=\"article\" \/>\n<meta property=\"og:title\" content=\"Prim\u0103ria Sectorului 2 vrea s\u0103 ia \u00een administrare patru mari bulevarde. O ini\u0163iativ\u0103 similar\u0103 a fost respins\u0103 anul trecut\" \/>\n<meta property=\"og:description\" content=\"Patru mari bulevarde de pe raza Sectorului 2 ar urma s\u0103 fie preluate de autorit\u0103\u0163ile locale de la Prim\u0103ria General\u0103\" \/>\n<meta property=\"og:url\" content=\"https:\/\/buletin.de\/bucuresti\/primaria-sectorului-2-vrea-sa-ia-in-administrare-patru-mari-bulevarde-o-initiativa-similara-a-fost-respinsa-anul-trecut\/\" \/>\n<meta property=\"og:site_name\" content=\"Buletin de Bucure\u0219ti\" \/>\n<meta property=\"article:publisher\" content=\"https:\/\/www.facebook.com\/buletin.de.buc\" \/>\n<meta property=\"article:published_time\" content=\"2025-04-27T09:28:36+00:00\" \/>\n<meta property=\"article:modified_time\" content=\"2025-04-30T13:46:48+00:00\" \/>\n<meta property=\"og:image\" content=\"https:\/\/buletin.de\/bucuresti\/wp-content\/uploads\/2025\/04\/soseaua-mihai-bravu-google-street-view-1000x568.png\" \/>\n\t<meta property=\"og:image:width\" content=\"1000\" \/>\n\t<meta property=\"og:image:height\" content=\"568\" \/>\n\t<meta property=\"og:image:type\" content=\"image\/png\" \/>\n<meta name=\"author\" content=\"Ionu\u021b Lepa\" \/>\n<meta name=\"twitter:card\" content=\"summary_large_image\" \/>\n<meta name=\"twitter:label1\" content=\"Written by\" \/>\n\t<meta name=\"twitter:data1\" content=\"Ionu\u021b Lepa\" \/>\n\t<meta name=\"twitter:label2\" content=\"Estimated reading time\" \/>\n\t<meta name=\"twitter:data2\" content=\"3 minutes\" \/>\n<script type=\"application\/ld+json\" class=\"yoast-schema-graph\">{\"@context\":\"https:\\\/\\\/schema.org\",\"@graph\":[{\"@type\":\"Article\",\"@id\":\"https:\\\/\\\/buletin.de\\\/bucuresti\\\/primaria-sectorului-2-vrea-sa-ia-in-administrare-patru-mari-bulevarde-o-initiativa-similara-a-fost-respinsa-anul-trecut\\\/#article\",\"isPartOf\":{\"@id\":\"https:\\\/\\\/buletin.de\\\/bucuresti\\\/primaria-sectorului-2-vrea-sa-ia-in-administrare-patru-mari-bulevarde-o-initiativa-similara-a-fost-respinsa-anul-trecut\\\/\"},\"author\":{\"name\":\"Ionu\u021b Lepa\",\"@id\":\"https:\\\/\\\/buletin.de\\\/bucuresti\\\/#\\\/schema\\\/person\\\/5272b8a057b33890940b57b837fc4ce6\"},\"headline\":\"Prim\u0103ria Sectorului 2 vrea s\u0103 ia \u00een administrare patru mari bulevarde. O ini\u0163iativ\u0103 similar\u0103 a fost respins\u0103 anul trecut\",\"datePublished\":\"2025-04-27T09:28:36+00:00\",\"dateModified\":\"2025-04-30T13:46:48+00:00\",\"mainEntityOfPage\":{\"@id\":\"https:\\\/\\\/buletin.de\\\/bucuresti\\\/primaria-sectorului-2-vrea-sa-ia-in-administrare-patru-mari-bulevarde-o-initiativa-similara-a-fost-respinsa-anul-trecut\\\/\"},\"wordCount\":702,\"publisher\":{\"@id\":\"https:\\\/\\\/buletin.de\\\/bucuresti\\\/#organization\"},\"image\":{\"@id\":\"https:\\\/\\\/buletin.de\\\/bucuresti\\\/primaria-sectorului-2-vrea-sa-ia-in-administrare-patru-mari-bulevarde-o-initiativa-similara-a-fost-respinsa-anul-trecut\\\/#primaryimage\"},\"thumbnailUrl\":\"https:\\\/\\\/buletin.de\\\/bucuresti\\\/wp-content\\\/uploads\\\/2025\\\/04\\\/soseaua-mihai-bravu-google-street-view.png\",\"keywords\":[\"administratia strazilor\",\"bd basarabiei\",\"bd mihai bravu\",\"bd stefan cel mare\",\"bulevarde bucuresti\",\"lacul tei\",\"nicusor dan\",\"primaria sectorului 2\",\"ps2\",\"rares hopinca\",\"Sector 2\"],\"articleSection\":[\"Articole\",\"Main\",\"Prim\u0103rie\",\"Transport\"],\"inLanguage\":\"en-GB\",\"copyrightYear\":\"2025\",\"copyrightHolder\":{\"@id\":\"https:\\\/\\\/buletin.de\\\/bucuresti\\\/#organization\"}},{\"@type\":\"WebPage\",\"@id\":\"https:\\\/\\\/buletin.de\\\/bucuresti\\\/primaria-sectorului-2-vrea-sa-ia-in-administrare-patru-mari-bulevarde-o-initiativa-similara-a-fost-respinsa-anul-trecut\\\/\",\"url\":\"https:\\\/\\\/buletin.de\\\/bucuresti\\\/primaria-sectorului-2-vrea-sa-ia-in-administrare-patru-mari-bulevarde-o-initiativa-similara-a-fost-respinsa-anul-trecut\\\/\",\"name\":\"Prim\u0103ria Sectorului 2 vrea s\u0103 ia \u00een administrare patru mari bulevarde. O ini\u0163iativ\u0103 similar\u0103 a fost respins\u0103 anul trecut - Buletin de Bucure\u0219ti\",\"isPartOf\":{\"@id\":\"https:\\\/\\\/buletin.de\\\/bucuresti\\\/#website\"},\"primaryImageOfPage\":{\"@id\":\"https:\\\/\\\/buletin.de\\\/bucuresti\\\/primaria-sectorului-2-vrea-sa-ia-in-administrare-patru-mari-bulevarde-o-initiativa-similara-a-fost-respinsa-anul-trecut\\\/#primaryimage\"},\"image\":{\"@id\":\"https:\\\/\\\/buletin.de\\\/bucuresti\\\/primaria-sectorului-2-vrea-sa-ia-in-administrare-patru-mari-bulevarde-o-initiativa-similara-a-fost-respinsa-anul-trecut\\\/#primaryimage\"},\"thumbnailUrl\":\"https:\\\/\\\/buletin.de\\\/bucuresti\\\/wp-content\\\/uploads\\\/2025\\\/04\\\/soseaua-mihai-bravu-google-street-view.png\",\"datePublished\":\"2025-04-27T09:28:36+00:00\",\"dateModified\":\"2025-04-30T13:46:48+00:00\",\"description\":\"Patru mari bulevarde de pe raza Sectorului 2 ar urma s\u0103 fie preluate de autorit\u0103\u0163ile locale de la Prim\u0103ria General\u0103\",\"breadcrumb\":{\"@id\":\"https:\\\/\\\/buletin.de\\\/bucuresti\\\/primaria-sectorului-2-vrea-sa-ia-in-administrare-patru-mari-bulevarde-o-initiativa-similara-a-fost-respinsa-anul-trecut\\\/#breadcrumb\"},\"inLanguage\":\"en-GB\",\"potentialAction\":[{\"@type\":\"ReadAction\",\"target\":[\"https:\\\/\\\/buletin.de\\\/bucuresti\\\/primaria-sectorului-2-vrea-sa-ia-in-administrare-patru-mari-bulevarde-o-initiativa-similara-a-fost-respinsa-anul-trecut\\\/\"]}]},{\"@type\":\"ImageObject\",\"inLanguage\":\"en-GB\",\"@id\":\"https:\\\/\\\/buletin.de\\\/bucuresti\\\/primaria-sectorului-2-vrea-sa-ia-in-administrare-patru-mari-bulevarde-o-initiativa-similara-a-fost-respinsa-anul-trecut\\\/#primaryimage\",\"url\":\"https:\\\/\\\/buletin.de\\\/bucuresti\\\/wp-content\\\/uploads\\\/2025\\\/04\\\/soseaua-mihai-bravu-google-street-view.png\",\"contentUrl\":\"https:\\\/\\\/buletin.de\\\/bucuresti\\\/wp-content\\\/uploads\\\/2025\\\/04\\\/soseaua-mihai-bravu-google-street-view.png\",\"width\":1474,\"height\":837,\"caption\":\"PS2 vrea administrarea a patru mari bulevarde. FOTO: Google Street View\"},{\"@type\":\"BreadcrumbList\",\"@id\":\"https:\\\/\\\/buletin.de\\\/bucuresti\\\/primaria-sectorului-2-vrea-sa-ia-in-administrare-patru-mari-bulevarde-o-initiativa-similara-a-fost-respinsa-anul-trecut\\\/#breadcrumb\",\"itemListElement\":[{\"@type\":\"ListItem\",\"position\":1,\"name\":\"Acas\u0103\",\"item\":\"https:\\\/\\\/buletin.de\\\/bucuresti\\\/\"},{\"@type\":\"ListItem\",\"position\":2,\"name\":\"Prim\u0103ria Sectorului 2 vrea s\u0103 ia \u00een administrare patru mari bulevarde. O ini\u0163iativ\u0103 similar\u0103 a fost respins\u0103 anul trecut\"}]},{\"@type\":\"WebSite\",\"@id\":\"https:\\\/\\\/buletin.de\\\/bucuresti\\\/#website\",\"url\":\"https:\\\/\\\/buletin.de\\\/bucuresti\\\/\",\"name\":\"Buletin de Bucure\u0219ti\",\"description\":\"\u0218tiri \u0219i investiga\u021bii esen\u021biale din capital\u0103\",\"publisher\":{\"@id\":\"https:\\\/\\\/buletin.de\\\/bucuresti\\\/#organization\"},\"potentialAction\":[{\"@type\":\"SearchAction\",\"target\":{\"@type\":\"EntryPoint\",\"urlTemplate\":\"https:\\\/\\\/buletin.de\\\/bucuresti\\\/?s={search_term_string}\"},\"query-input\":{\"@type\":\"PropertyValueSpecification\",\"valueRequired\":true,\"valueName\":\"search_term_string\"}}],\"inLanguage\":\"en-GB\"},{\"@type\":\"Organization\",\"@id\":\"https:\\\/\\\/buletin.de\\\/bucuresti\\\/#organization\",\"name\":\"Buletin de Bucure\u0219ti\",\"url\":\"https:\\\/\\\/buletin.de\\\/bucuresti\\\/\",\"logo\":{\"@type\":\"ImageObject\",\"inLanguage\":\"en-GB\",\"@id\":\"https:\\\/\\\/buletin.de\\\/bucuresti\\\/#\\\/schema\\\/logo\\\/image\\\/\",\"url\":\"https:\\\/\\\/buletin.de\\\/bucuresti\\\/wp-content\\\/uploads\\\/logo-bdb-full-wide-vernil-transparent.png\",\"contentUrl\":\"https:\\\/\\\/buletin.de\\\/bucuresti\\\/wp-content\\\/uploads\\\/logo-bdb-full-wide-vernil-transparent.png\",\"width\":1782,\"height\":626,\"caption\":\"Buletin de Bucure\u0219ti\"},\"image\":{\"@id\":\"https:\\\/\\\/buletin.de\\\/bucuresti\\\/#\\\/schema\\\/logo\\\/image\\\/\"},\"sameAs\":[\"https:\\\/\\\/www.facebook.com\\\/buletin.de.buc\",\"https:\\\/\\\/www.instagram.com\\\/buletinde.bucuresti\\\/\"]},{\"@type\":\"Person\",\"@id\":\"https:\\\/\\\/buletin.de\\\/bucuresti\\\/#\\\/schema\\\/person\\\/5272b8a057b33890940b57b837fc4ce6\",\"name\":\"Ionu\u021b Lepa\",\"image\":{\"@type\":\"ImageObject\",\"inLanguage\":\"en-GB\",\"@id\":\"https:\\\/\\\/buletin.de\\\/bucuresti\\\/wp-content\\\/uploads\\\/Ionut-Lepa-96x96.jpg5c4e4d9e049808799a8821652d2410a4\",\"url\":\"https:\\\/\\\/buletin.de\\\/bucuresti\\\/wp-content\\\/uploads\\\/Ionut-Lepa-96x96.jpg\",\"contentUrl\":\"https:\\\/\\\/buletin.de\\\/bucuresti\\\/wp-content\\\/uploads\\\/Ionut-Lepa-96x96.jpg\",\"caption\":\"Ionu\u021b Lepa\"},\"url\":\"https:\\\/\\\/buletin.de\\\/bucuresti\\\/author\\\/ionutlepa\\\/\"}]}<\/script>\n<!-- \/ Yoast SEO Premium plugin. -->","yoast_head_json":{"title":"Prim\u0103ria Sectorului 2 vrea s\u0103 ia \u00een administrare patru mari bulevarde. O ini\u0163iativ\u0103 similar\u0103 a fost respins\u0103 anul trecut - Buletin de Bucure\u0219ti","description":"Patru mari bulevarde de pe raza Sectorului 2 ar urma s\u0103 fie preluate de autorit\u0103\u0163ile locale de la Prim\u0103ria General\u0103","robots":{"index":"index","follow":"follow","max-snippet":"max-snippet:-1","max-image-preview":"max-image-preview:large","max-video-preview":"max-video-preview:-1"},"canonical":"https:\/\/buletin.de\/bucuresti\/primaria-sectorului-2-vrea-sa-ia-in-administrare-patru-mari-bulevarde-o-initiativa-similara-a-fost-respinsa-anul-trecut\/","og_locale":"en_GB","og_type":"article","og_title":"Prim\u0103ria Sectorului 2 vrea s\u0103 ia \u00een administrare patru mari bulevarde. O ini\u0163iativ\u0103 similar\u0103 a fost respins\u0103 anul trecut","og_description":"Patru mari bulevarde de pe raza Sectorului 2 ar urma s\u0103 fie preluate de autorit\u0103\u0163ile locale de la Prim\u0103ria General\u0103","og_url":"https:\/\/buletin.de\/bucuresti\/primaria-sectorului-2-vrea-sa-ia-in-administrare-patru-mari-bulevarde-o-initiativa-similara-a-fost-respinsa-anul-trecut\/","og_site_name":"Buletin de Bucure\u0219ti","article_publisher":"https:\/\/www.facebook.com\/buletin.de.buc","article_published_time":"2025-04-27T09:28:36+00:00","article_modified_time":"2025-04-30T13:46:48+00:00","og_image":[{"width":1000,"height":568,"url":"https:\/\/buletin.de\/bucuresti\/wp-content\/uploads\/2025\/04\/soseaua-mihai-bravu-google-street-view-1000x568.png","type":"image\/png"}],"author":"Ionu\u021b Lepa","twitter_card":"summary_large_image","twitter_misc":{"Written by":"Ionu\u021b Lepa","Estimated reading time":"3 minutes"},"schema":{"@context":"https:\/\/schema.org","@graph":[{"@type":"Article","@id":"https:\/\/buletin.de\/bucuresti\/primaria-sectorului-2-vrea-sa-ia-in-administrare-patru-mari-bulevarde-o-initiativa-similara-a-fost-respinsa-anul-trecut\/#article","isPartOf":{"@id":"https:\/\/buletin.de\/bucuresti\/primaria-sectorului-2-vrea-sa-ia-in-administrare-patru-mari-bulevarde-o-initiativa-similara-a-fost-respinsa-anul-trecut\/"},"author":{"name":"Ionu\u021b Lepa","@id":"https:\/\/buletin.de\/bucuresti\/#\/schema\/person\/5272b8a057b33890940b57b837fc4ce6"},"headline":"Prim\u0103ria Sectorului 2 vrea s\u0103 ia \u00een administrare patru mari bulevarde. O ini\u0163iativ\u0103 similar\u0103 a fost respins\u0103 anul trecut","datePublished":"2025-04-27T09:28:36+00:00","dateModified":"2025-04-30T13:46:48+00:00","mainEntityOfPage":{"@id":"https:\/\/buletin.de\/bucuresti\/primaria-sectorului-2-vrea-sa-ia-in-administrare-patru-mari-bulevarde-o-initiativa-similara-a-fost-respinsa-anul-trecut\/"},"wordCount":702,"publisher":{"@id":"https:\/\/buletin.de\/bucuresti\/#organization"},"image":{"@id":"https:\/\/buletin.de\/bucuresti\/primaria-sectorului-2-vrea-sa-ia-in-administrare-patru-mari-bulevarde-o-initiativa-similara-a-fost-respinsa-anul-trecut\/#primaryimage"},"thumbnailUrl":"https:\/\/buletin.de\/bucuresti\/wp-content\/uploads\/2025\/04\/soseaua-mihai-bravu-google-street-view.png","keywords":["administratia strazilor","bd basarabiei","bd mihai bravu","bd stefan cel mare","bulevarde bucuresti","lacul tei","nicusor dan","primaria sectorului 2","ps2","rares hopinca","Sector 2"],"articleSection":["Articole","Main","Prim\u0103rie","Transport"],"inLanguage":"en-GB","copyrightYear":"2025","copyrightHolder":{"@id":"https:\/\/buletin.de\/bucuresti\/#organization"}},{"@type":"WebPage","@id":"https:\/\/buletin.de\/bucuresti\/primaria-sectorului-2-vrea-sa-ia-in-administrare-patru-mari-bulevarde-o-initiativa-similara-a-fost-respinsa-anul-trecut\/","url":"https:\/\/buletin.de\/bucuresti\/primaria-sectorului-2-vrea-sa-ia-in-administrare-patru-mari-bulevarde-o-initiativa-similara-a-fost-respinsa-anul-trecut\/","name":"Prim\u0103ria Sectorului 2 vrea s\u0103 ia \u00een administrare patru mari bulevarde. O ini\u0163iativ\u0103 similar\u0103 a fost respins\u0103 anul trecut - Buletin de Bucure\u0219ti","isPartOf":{"@id":"https:\/\/buletin.de\/bucuresti\/#website"},"primaryImageOfPage":{"@id":"https:\/\/buletin.de\/bucuresti\/primaria-sectorului-2-vrea-sa-ia-in-administrare-patru-mari-bulevarde-o-initiativa-similara-a-fost-respinsa-anul-trecut\/#primaryimage"},"image":{"@id":"https:\/\/buletin.de\/bucuresti\/primaria-sectorului-2-vrea-sa-ia-in-administrare-patru-mari-bulevarde-o-initiativa-similara-a-fost-respinsa-anul-trecut\/#primaryimage"},"thumbnailUrl":"https:\/\/buletin.de\/bucuresti\/wp-content\/uploads\/2025\/04\/soseaua-mihai-bravu-google-street-view.png","datePublished":"2025-04-27T09:28:36+00:00","dateModified":"2025-04-30T13:46:48+00:00","description":"Patru mari bulevarde de pe raza Sectorului 2 ar urma s\u0103 fie preluate de autorit\u0103\u0163ile locale de la Prim\u0103ria General\u0103","breadcrumb":{"@id":"https:\/\/buletin.de\/bucuresti\/primaria-sectorului-2-vrea-sa-ia-in-administrare-patru-mari-bulevarde-o-initiativa-similara-a-fost-respinsa-anul-trecut\/#breadcrumb"},"inLanguage":"en-GB","potentialAction":[{"@type":"ReadAction","target":["https:\/\/buletin.de\/bucuresti\/primaria-sectorului-2-vrea-sa-ia-in-administrare-patru-mari-bulevarde-o-initiativa-similara-a-fost-respinsa-anul-trecut\/"]}]},{"@type":"ImageObject","inLanguage":"en-GB","@id":"https:\/\/buletin.de\/bucuresti\/primaria-sectorului-2-vrea-sa-ia-in-administrare-patru-mari-bulevarde-o-initiativa-similara-a-fost-respinsa-anul-trecut\/#primaryimage","url":"https:\/\/buletin.de\/bucuresti\/wp-content\/uploads\/2025\/04\/soseaua-mihai-bravu-google-street-view.png","contentUrl":"https:\/\/buletin.de\/bucuresti\/wp-content\/uploads\/2025\/04\/soseaua-mihai-bravu-google-street-view.png","width":1474,"height":837,"caption":"PS2 vrea administrarea a patru mari bulevarde. FOTO: Google Street View"},{"@type":"BreadcrumbList","@id":"https:\/\/buletin.de\/bucuresti\/primaria-sectorului-2-vrea-sa-ia-in-administrare-patru-mari-bulevarde-o-initiativa-similara-a-fost-respinsa-anul-trecut\/#breadcrumb","itemListElement":[{"@type":"ListItem","position":1,"name":"Acas\u0103","item":"https:\/\/buletin.de\/bucuresti\/"},{"@type":"ListItem","position":2,"name":"Prim\u0103ria Sectorului 2 vrea s\u0103 ia \u00een administrare patru mari bulevarde. O ini\u0163iativ\u0103 similar\u0103 a fost respins\u0103 anul trecut"}]},{"@type":"WebSite","@id":"https:\/\/buletin.de\/bucuresti\/#website","url":"https:\/\/buletin.de\/bucuresti\/","name":"Buletin de Bucure\u0219ti","description":"\u0218tiri \u0219i investiga\u021bii esen\u021biale din capital\u0103","publisher":{"@id":"https:\/\/buletin.de\/bucuresti\/#organization"},"potentialAction":[{"@type":"SearchAction","target":{"@type":"EntryPoint","urlTemplate":"https:\/\/buletin.de\/bucuresti\/?s={search_term_string}"},"query-input":{"@type":"PropertyValueSpecification","valueRequired":true,"valueName":"search_term_string"}}],"inLanguage":"en-GB"},{"@type":"Organization","@id":"https:\/\/buletin.de\/bucuresti\/#organization","name":"Buletin de Bucure\u0219ti","url":"https:\/\/buletin.de\/bucuresti\/","logo":{"@type":"ImageObject","inLanguage":"en-GB","@id":"https:\/\/buletin.de\/bucuresti\/#\/schema\/logo\/image\/","url":"https:\/\/buletin.de\/bucuresti\/wp-content\/uploads\/logo-bdb-full-wide-vernil-transparent.png","contentUrl":"https:\/\/buletin.de\/bucuresti\/wp-content\/uploads\/logo-bdb-full-wide-vernil-transparent.png","width":1782,"height":626,"caption":"Buletin de Bucure\u0219ti"},"image":{"@id":"https:\/\/buletin.de\/bucuresti\/#\/schema\/logo\/image\/"},"sameAs":["https:\/\/www.facebook.com\/buletin.de.buc","https:\/\/www.instagram.com\/buletinde.bucuresti\/"]},{"@type":"Person","@id":"https:\/\/buletin.de\/bucuresti\/#\/schema\/person\/5272b8a057b33890940b57b837fc4ce6","name":"Ionu\u021b Lepa","image":{"@type":"ImageObject","inLanguage":"en-GB","@id":"https:\/\/buletin.de\/bucuresti\/wp-content\/uploads\/Ionut-Lepa-96x96.jpg5c4e4d9e049808799a8821652d2410a4","url":"https:\/\/buletin.de\/bucuresti\/wp-content\/uploads\/Ionut-Lepa-96x96.jpg","contentUrl":"https:\/\/buletin.de\/bucuresti\/wp-content\/uploads\/Ionut-Lepa-96x96.jpg","caption":"Ionu\u021b Lepa"},"url":"https:\/\/buletin.de\/bucuresti\/author\/ionutlepa\/"}]}},"authors":[{"term_id":22586,"user_id":8,"is_guest":0,"slug":"ionutlepa","display_name":"Ionu\u021b Lepa","avatar_url":"https:\/\/buletin.de\/bucuresti\/wp-content\/uploads\/Ionut-Lepa-96x96.jpg","0":null,"1":"","2":"","3":"","4":"","5":"","6":"","7":"","8":""}],"_links":{"self":[{"href":"https:\/\/buletin.de\/bucuresti\/wp-json\/wp\/v2\/posts\/127855","targetHints":{"allow":["GET"]}}],"collection":[{"href":"https:\/\/buletin.de\/bucuresti\/wp-json\/wp\/v2\/posts"}],"about":[{"href":"https:\/\/buletin.de\/bucuresti\/wp-json\/wp\/v2\/types\/post"}],"author":[{"embeddable":true,"href":"https:\/\/buletin.de\/bucuresti\/wp-json\/wp\/v2\/users\/8"}],"replies":[{"embeddable":true,"href":"https:\/\/buletin.de\/bucuresti\/wp-json\/wp\/v2\/comments?post=127855"}],"version-history":[{"count":4,"href":"https:\/\/buletin.de\/bucuresti\/wp-json\/wp\/v2\/posts\/127855\/revisions"}],"predecessor-version":[{"id":128228,"href":"https:\/\/buletin.de\/bucuresti\/wp-json\/wp\/v2\/posts\/127855\/revisions\/128228"}],"wp:featuredmedia":[{"embeddable":true,"href":"https:\/\/buletin.de\/bucuresti\/wp-json\/wp\/v2\/media\/127860"}],"wp:attachment":[{"href":"https:\/\/buletin.de\/bucuresti\/wp-json\/wp\/v2\/media?parent=127855"}],"wp:term":[{"taxonomy":"category","embeddable":true,"href":"https:\/\/buletin.de\/bucuresti\/wp-json\/wp\/v2\/categories?post=127855"},{"taxonomy":"post_tag","embeddable":true,"href":"https:\/\/buletin.de\/bucuresti\/wp-json\/wp\/v2\/tags?post=127855"},{"taxonomy":"author","embeddable":true,"href":"https:\/\/buletin.de\/bucuresti\/wp-json\/wp\/v2\/ppma_author?post=127855"}],"curies":[{"name":"wp","href":"https:\/\/api.w.org\/{rel}","templated":true}]}}