{"id":127799,"date":"2025-04-26T14:36:53","date_gmt":"2025-04-26T11:36:53","guid":{"rendered":"https:\/\/buletin.de\/bucuresti\/?p=127799"},"modified":"2025-04-27T13:07:06","modified_gmt":"2025-04-27T10:07:06","slug":"nicusor-dan-acuza-directia-pentru-cultura-ca-a-dat-avize-absolut-scandaloase-este-total-ineficienta","status":"publish","type":"post","link":"https:\/\/buletin.de\/bucuresti\/nicusor-dan-acuza-directia-pentru-cultura-ca-a-dat-avize-absolut-scandaloase-este-total-ineficienta\/","title":{"rendered":"Nicu\u0219or Dan acuz\u0103 Direc\u021bia pentru Cultur\u0103 c\u0103 a dat \u201eavize absolut scandaloase\u201d: \u201eEste total ineficient\u0103\u201d"},"content":{"rendered":"\n<p><strong>Primarul general al Capitalei, Nicu\u0219or Dan, a acuzat Direc\u021bia pentru Cultur\u0103 a Municipiului Bucure\u0219ti (DCMB) c\u0103 a dat, \u00een trecut, mai multe avize pe care le-a catalogat drept \u201eabsolut scandaloase\u201d. Institu\u021bia se afl\u0103 \u00een subordinea Ministerului Culturii \u0219i este cea care avizeaz\u0103 demol\u0103rile \u0219i noile proiecte imobiliare din zonele protejate ale Capitalei.<\/strong><\/p>\n\n\n\n<blockquote class=\"wp-block-quote is-layout-flow wp-block-quote-is-layout-flow\">\n<p>Aceast\u0103 Direc\u021bie pentru Cultur\u0103 a dat avize absolut scandaloase, prin care fie au fost desfiin\u021bate cl\u0103diri cu cert\u0103 valoare arhitectural\u0103, fie au fost avizate inclusiv interven\u0163ii nocive \u00een zone protejate. Unele s-au consumat, pe unele dintre ele am reu\u015fit s\u0103 le oprim.<\/p>\n<cite>Nicu\u0219or Dan<\/cite><\/blockquote>\n\n\n\n<p><strong>CITE\u0218TE \u0218I:<\/strong> <strong><a href=\"https:\/\/buletin.de\/bucuresti\/frasineanu-de-la-directia-pentru-cultura-absolvent-de-geografie-cariera-de-functionar-presarata-de-controverse-sotia-consilier-de-stat-la-cancelaria-lui-marcel-ciolacu\/\">Fr\u0103sineanu de la Direc\u021bia pentru Cultur\u0103, absolvent de Geografie, carier\u0103 de func\u021bionar pres\u0103rat\u0103 de controverse. So\u021bia, consilier de stat la Cancelaria lui Marcel Ciolacu<\/a><\/strong><\/p>\n\n\n\n<div class=\"wp-block-buttons is-content-justification-center is-layout-flex wp-container-core-buttons-is-layout-16018d1d wp-block-buttons-is-layout-flex\">\n<div class=\"wp-block-button has-custom-width wp-block-button__width-100\"><a class=\"wp-block-button__link wp-element-button\" href=\"https:\/\/www.patreon.com\/BuletinDeBucuresti\"><strong>Sus\u021bine Buletin de Bucure\u0219ti pentru investiga\u021bii, reportaje \u0219i \u0219tiri Locale<\/strong><\/a><\/div>\n<\/div>\n\n\n\n<h2 class=\"wp-block-heading\" id=\"h-nicu\u0219or-dan-despre-dcmb-este-total-ineficienta\"><strong>Nicu\u0219or Dan, despre DCMB: \u201eEste total ineficient\u0103\u201d<\/strong><\/h2>\n\n\n\n<p>\u00centrebat de Buletin de Bucure\u0219ti la o conferin\u021b\u0103 de pres\u0103 cum evalueaz\u0103 rela\u021bia institu\u021bional\u0103 cu DCMB, \u00een contextul dezbaterii despre noul Plan Urbanistic General (PUG), primarul general a afirmat c\u0103 <em>\u201erela\u021bia noastr\u0103 pe PUG nu este cu Direc\u021bia pentru Cultur\u0103 a Municipiului Bucure\u0219ti, ci cu Ministerul Culturii\u201d<\/em>.<\/p>\n\n\n\n<p>Unul dintre cele 25 de studii prezentate \u00een conferin\u021ba de vineri este studiul de patrimoniu, care a fost avizat favorabil de Ministrul Culturii, \u00een urma unei consult\u0103ri \u00een Comisia Na\u021bional\u0103 a Monumentelor.<\/p>\n\n\n\n<blockquote class=\"wp-block-quote is-layout-flow wp-block-quote-is-layout-flow\">\n<p>Deci aici, \u00een ceea ce prive\u0219te PUG, lucrurile sunt \u00eenchise.<\/p>\n<cite>Nicu\u0219or Dan<\/cite><\/blockquote>\n\n\n\n<p><strong>De asemenea, Nicu\u0219or Dan a precizat c\u0103 DCMB este de vin\u0103 pentru multe \u00eent\u00e2rzieri \u0219i blocaje \u00een emiterea autoriza\u021biilor.<\/strong><\/p>\n\n\n\n<p><em>\u201eDin toate avizele pe care cineva trebuie s\u0103 le ob\u021bin\u0103 dac\u0103 vrea s\u0103 construiasc\u0103 \u00eentr-o zon\u0103 construit\u0103 protejat\u0103, cel mai mult timp \u00eel pierzi ca s\u0103 a\u0219tep\u021bi la Direc\u021bia pentru Cultur\u0103. <strong><mark style=\"background-color:rgba(0, 0, 0, 0)\" class=\"has-inline-color has-vivid-red-color\">Este total ineficient\u0103<\/mark><\/strong>\u201d<\/em>, a spus primarul.<\/p>\n\n\n\n<p>Direc\u021biile pentru Cultur\u0103 din toat\u0103 \u021bara duc lips\u0103 de personal, mai spune edilul, care a precizat c\u0103 exist\u0103 direc\u021bii pentru cultur\u0103 cu unul sau doi angaja\u021bi.<\/p>\n\n\n\n<p>De asemenea, exist\u0103 o problem\u0103 \u0219i la nivelul exper\u021bilor autoriza\u021bi de Ministerul Culturii, pentru c\u0103, \u201e\u00een situa\u021bii sensibile, trebuie s\u0103 existe o expertiz\u0103 care s\u0103 spun\u0103 c\u00e2t din imobil are o valoare cultural\u0103 \u0219i care trebuie protejat\u0103\u201d.<\/p>\n\n\n\n<blockquote class=\"wp-block-quote is-layout-flow wp-block-quote-is-layout-flow\">\n<p>Dac\u0103 e\u0219ti rechin imobiliar, \u0219tii exact care sunt acei exper\u021bi la care s\u0103 te duci \u0219i care s\u0103 \u00ee\u021bi spun\u0103 c\u0103 ce vrei tu s\u0103 demolezi nu are valoare de patrimoniu.<\/p>\n<cite>Nicu\u0219or Dan<\/cite><\/blockquote>\n\n\n\n<h2 class=\"wp-block-heading\" id=\"h-activi\u0219tii-au-cerut-demiterea-directorului\"><strong>Activi\u0219tii au cerut demiterea directorului<\/strong><\/h2>\n\n\n\n<p>\u00cen urm\u0103 cu patru ani, activi\u0219tii de la Funda\u021bia Pro Patrimonio au ini\u021biat o&nbsp;<a href=\"https:\/\/campaniamea.declic.ro\/petitions\/demisia-directorului-directiei-pentru-cultura-bucuresti\" target=\"_blank\" rel=\"noreferrer noopener\">peti\u021bie<\/a>&nbsp;pe platforma Declic, prin care au cerut Ministerului Culturii demiterea directorului DCMB, Drago\u0219 Fr\u0103sineanu, dup\u0103 ce acesta <em><strong>\u201ea avizat proiecte urbanistice care au adus pierderi ireparabile patrimoniului arhitectural si urbanistic al Bucure\u0219tiului\u201d<\/strong><\/em>.<\/p>\n\n\n\n<p>\u201e<em>Recent, bucure\u0219tenii au v\u0103zut \u0219oca\u021bi cum se mai demoleaz\u0103 o cl\u0103dire (bd. Pache Protopopescu nr. 33) \u00een stare foarte bun\u0103 \u00een zon\u0103 istoric\u0103 protejat\u0103, demolare cu toate avizele \u0219i autoriza\u021biile necesare, adic\u0103 acceptat\u0103 de c\u0103tre Direc\u021bia de Cultur\u0103 care are ca misiune conservarea \u0219i valorificarea patrimoniului bucure\u0219tean<\/em>\u201d, au scris activi\u0219tii \u00een peti\u021bia lor.<\/p>\n\n\n\n<p>Conform celor de la Pro Patrimonio, Fr\u0103sineanu nu ar fi \u201e<em>\u00eendeplinit sarcinile de serviciu prev\u0103zute \u00een Regulamentul de organizare \u0219i func\u021bionare a Direc\u021biilor Jude\u021bene pentru Cultur\u0103 \u0219i Patrimoniul Na\u021bional<\/em>\u201d, adic\u0103 acelea de a proteja \u0219i de a pune \u00een valoare patrimoniul.<\/p>\n\n\n\n<p>Pro Patrimonio a acuzat institu\u021bia condus\u0103 de Fr\u0103sineanu c\u0103 ar fi avizat proiecte urbanistice care au adus \u201epierderi ireparabile\u201d patrimoniului arhitectural al Bucure\u0219tiului, c\u0103 ar fi refuzat s\u0103 claseze cl\u0103diri istorice \u201ecu valori arhitecturale \u0219i urbanistice incontestabile, c\u0103 ar fi permis \u201eagresiuni asupra patrimoniului\u201d precum publicitatea stradal\u0103 \u00een zone protejate \u0219i pe monumente istorice de pe bulevardele Magheru \u0219i Lasc\u0103r Catargiu,&nbsp;<strong>dar \u0219i c\u0103 ar fi distrus cu inten\u021bie imobile istorice precum Palatul \u0218tirbey \u0219i Casa Nanu Muscel.<\/strong><\/p>\n\n\n\n<p>Ei au \u00eentocmit \u0219i o list\u0103 a \u201ecelor mai mari distrugeri din perioada 2015-2020\u201d, care poate fi consultat\u0103&nbsp;<a href=\"https:\/\/campaniamea.declic.ro\/petitions\/demisia-directorului-directiei-pentru-cultura-bucuresti\"><strong>AICI<\/strong><\/a>.<\/p>\n\n\n\n<p>La acest moment,&nbsp;<a href=\"https:\/\/campaniamea.declic.ro\/petitions\/demisia-directorului-directiei-pentru-cultura-bucuresti\">peti\u021bia<\/a>&nbsp;a fost semnat\u0103 de aproape 800 de persoane. Buletin de Bucure\u0219ti s-a adresat \u00een scris Direc\u021biei de Cultur\u0103 a Municipiului Bucure\u0219ti prin care am solicitat un punct de vedere directorului Drago\u0219 Fr\u0103sineanu despre situa\u021bia \u00een cauz\u0103, \u00eens\u0103 nu am primit un r\u0103spuns, la mai bine de 3 luni.<\/p>\n\n\n\n<h2 class=\"wp-block-heading\" id=\"h-cine-avizeaza-proiecte-in-zonele-protejate\">Cine avizeaz\u0103 proiecte \u00een zonele protejate<\/h2>\n\n\n\n<p><strong><a href=\"https:\/\/buletin.de\/bucuresti\/seful-directiei-pentru-cultura-din-capitala-dragos-frasineanu-catre-reporterul-buletin-de-bucuresti-maine-sunt-la-voi-la-usa-cu-politie-si-procuratura-nu-e-cazul-sa-ti-distrugi-viata\/\" target=\"_blank\" rel=\"noreferrer noopener\">Directorul Drago\u0219 Fr\u0103sineanu de la Direc\u021bia pentru Cultur\u0103 a Municipiului Bucure\u0219ti (DCMB)<\/a>, institu\u021bie din subordinea Ministerului Culturii, a fost numit \u00een func\u021bie la data de 16 octombrie 2015.<\/strong><\/p>\n\n\n\n<p>La acea vreme, ministrul era social-democratul Ionu\u021b Vulpescu, \u00een Guvernul Ponta. Dar, potrivit datelor de la Agen\u021bia Na\u021bional\u0103 de Integritate, Drago\u0219 Fr\u0103sineanu \u0219i-a \u00eenceput cariera de bugetar \u00een prim\u0103ria lui Robert Negoi\u021b\u0103.<\/p>\n\n\n\n<p>\u00cen 2024, so\u021bia sa ap\u0103rea \u00een comunicatele de pres\u0103 ale Guvernului \u00een calitate de consilier de stat al Cancelariei lui Marcel Ciolacu.<\/p>\n\n\n\n<p><strong>Buletin de Bucure\u0219ti <\/strong>a scris la \u00eenceputul anului despre <a href=\"https:\/\/buletin.de\/bucuresti\/ironie-amara-institutia-responsabila-cu-protejarea-patrimoniului-are-aparate-de-aer-conditionat-ilegale-pe-cladirea-monument-istoric-in-care-functioneaza\/\">aparatele de aer condi\u021bionat ilegale<\/a> montate pe cl\u0103direa monument istoric \u00een care func\u021bioneaz\u0103 institu\u021bia din subordinea Ministerului Culturii, responsabil\u0103 cu protejarea patrimoniului din Capital\u0103.<\/p>\n\n\n\n<p>Articolul <a href=\"https:\/\/buletin.de\/bucuresti\/seful-directiei-pentru-cultura-din-capitala-dragos-frasineanu-catre-reporterul-buletin-de-bucuresti-maine-sunt-la-voi-la-usa-cu-politie-si-procuratura-nu-e-cazul-sa-ti-distrugi-viata\/\">l-a iritat peste m\u0103sur\u0103 pe \u0219eful institu\u021biei<\/a>, Drago\u0219 Fr\u0103sineanu, care i-a transmis reporterului BdB c\u0103 este prea t\u00e2n\u0103r s\u0103 se bage \u201e\u00een astfel de lucruri\u201d. <em>\u201eMare grij\u0103, te rog, nu e cazul s\u0103-\u021bi distrugi via\u021ba\u201d<\/em>, l-a \u201esf\u0103tuit\u201d directorul.<\/p>\n\n\n\n<p><strong>CITE\u0218TE \u0218I: <strong><a href=\"https:\/\/buletin.de\/bucuresti\/investigatie-bugetarul-dragos-frasineanu-seful-directiei-pentru-cultura-ascunde-un-apartament-de-lux-intr-o-zona-exclusivista-a-bucurestiului-blocul-ridicat-de-un-fost-lider-pmp-si-de-un-afaceri\/\" target=\"_blank\" rel=\"noreferrer noopener\"><strong>INVESTIGA\u0162IE | Bugetarul Drago\u0219 Fr\u0103sineanu, \u0219eful Direc\u021biei pentru Cultur\u0103 care avizeaz\u0103 demol\u0103rile din zonele \u201esensibile\u201d ale Capitalei, ascunde un apartament de lux \u00een \u201ecartierul boga\u021bilor\u201d. Blocul, ridicat de un fost lider PMP \u0219i de un afacerist implicat \u00een retroced\u0103ri controversate<\/strong><\/a><\/strong><\/strong><\/p>\n","protected":false},"excerpt":{"rendered":"<p>Primarul general al Capitalei, Nicu\u0219or Dan, a acuzat Direc\u021bia pentru Cultur\u0103 a Municipiului Bucure\u0219ti (DCMB) c\u0103 a dat, \u00een trecut, mai multe avize pe care le-a catalogat drept \u201eabsolut scandaloase\u201d. Institu\u021bia se afl\u0103 \u00een subordinea Ministerului Culturii \u0219i este cea care avizeaz\u0103 demol\u0103rile \u0219i noile proiecte imobiliare din zonele protejate ale Capitalei. Aceast\u0103 Direc\u021bie pentru [&hellip;]<\/p>\n","protected":false},"author":59,"featured_media":127800,"comment_status":"closed","ping_status":"open","sticky":false,"template":"","format":"standard","meta":{"_acf_changed":false,"inline_featured_image":false,"ngg_post_thumbnail":0,"footnotes":""},"categories":[6994,81,9025,24,62],"tags":[4591,9,2054,18686,3177,258],"ppma_author":[22572],"class_list":["post-127799","post","type-post","status-publish","format-standard","has-post-thumbnail","hentry","category-stiri-2","category-cultura","category-politic","category-primarie","category-stiri","tag-avize","tag-bucuresti","tag-capitala","tag-directia-pentru-cultura","tag-ministerul-culturii","tag-primaria-capitalei"],"acf":[],"yoast_head":"<!-- This site is optimized with the Yoast SEO Premium plugin v25.3 (Yoast SEO v27.4) - https:\/\/yoast.com\/product\/yoast-seo-premium-wordpress\/ -->\n<title>Nicu\u0219or Dan acuz\u0103 Direc\u021bia pentru Cultur\u0103 c\u0103 a dat \u201eavize absolut scandaloase\u201d: \u201eEste total ineficient\u0103\u201d - Buletin de Bucure\u0219ti<\/title>\n<meta name=\"description\" content=\"Nicu\u0219or Dan acuz\u0103 Direc\u021bia pentru Cultur\u0103 c\u0103 a dat, \u00een trecut, \u201eavize absolut scandaloase\u201d: \u201eEste total ineficient\u0103\u201d\" \/>\n<meta name=\"robots\" content=\"index, follow, max-snippet:-1, max-image-preview:large, max-video-preview:-1\" \/>\n<link rel=\"canonical\" href=\"https:\/\/buletin.de\/bucuresti\/nicusor-dan-acuza-directia-pentru-cultura-ca-a-dat-avize-absolut-scandaloase-este-total-ineficienta\/\" \/>\n<meta property=\"og:locale\" content=\"en_GB\" \/>\n<meta property=\"og:type\" content=\"article\" \/>\n<meta property=\"og:title\" content=\"Nicu\u0219or Dan acuz\u0103 Direc\u021bia pentru Cultur\u0103 c\u0103 a dat \u201eavize absolut scandaloase\u201d: \u201eEste total ineficient\u0103\u201d\" \/>\n<meta property=\"og:description\" content=\"Nicu\u0219or Dan acuz\u0103 Direc\u021bia pentru Cultur\u0103 c\u0103 a dat, \u00een trecut, \u201eavize absolut scandaloase\u201d: \u201eEste total ineficient\u0103\u201d\" \/>\n<meta property=\"og:url\" content=\"https:\/\/buletin.de\/bucuresti\/nicusor-dan-acuza-directia-pentru-cultura-ca-a-dat-avize-absolut-scandaloase-este-total-ineficienta\/\" \/>\n<meta property=\"og:site_name\" content=\"Buletin de Bucure\u0219ti\" \/>\n<meta property=\"article:publisher\" content=\"https:\/\/www.facebook.com\/buletin.de.buc\" \/>\n<meta property=\"article:published_time\" content=\"2025-04-26T11:36:53+00:00\" \/>\n<meta property=\"article:modified_time\" content=\"2025-04-27T10:07:06+00:00\" \/>\n<meta property=\"og:image\" content=\"https:\/\/buletin.de\/bucuresti\/wp-content\/uploads\/2025\/04\/ID300701_INQUAM_Photos_Malina_Norocea-scaled.jpg\" \/>\n\t<meta property=\"og:image:width\" content=\"2560\" \/>\n\t<meta property=\"og:image:height\" content=\"1707\" \/>\n\t<meta property=\"og:image:type\" content=\"image\/jpeg\" \/>\n<meta name=\"author\" content=\"C\u0103t\u0103lin Anghel-Dimache\" \/>\n<meta name=\"twitter:card\" content=\"summary_large_image\" \/>\n<meta name=\"twitter:label1\" content=\"Written by\" \/>\n\t<meta name=\"twitter:data1\" content=\"C\u0103t\u0103lin Anghel-Dimache\" \/>\n\t<meta name=\"twitter:label2\" content=\"Estimated reading time\" \/>\n\t<meta name=\"twitter:data2\" content=\"4 minutes\" \/>\n<script type=\"application\/ld+json\" class=\"yoast-schema-graph\">{\"@context\":\"https:\\\/\\\/schema.org\",\"@graph\":[{\"@type\":\"Article\",\"@id\":\"https:\\\/\\\/buletin.de\\\/bucuresti\\\/nicusor-dan-acuza-directia-pentru-cultura-ca-a-dat-avize-absolut-scandaloase-este-total-ineficienta\\\/#article\",\"isPartOf\":{\"@id\":\"https:\\\/\\\/buletin.de\\\/bucuresti\\\/nicusor-dan-acuza-directia-pentru-cultura-ca-a-dat-avize-absolut-scandaloase-este-total-ineficienta\\\/\"},\"author\":{\"name\":\"C\u0103t\u0103lin Anghel-Dimache\",\"@id\":\"https:\\\/\\\/buletin.de\\\/bucuresti\\\/#\\\/schema\\\/person\\\/0ac9db30080482be87c7386a30f98796\"},\"headline\":\"Nicu\u0219or Dan acuz\u0103 Direc\u021bia pentru Cultur\u0103 c\u0103 a dat \u201eavize absolut scandaloase\u201d: \u201eEste total ineficient\u0103\u201d\",\"datePublished\":\"2025-04-26T11:36:53+00:00\",\"dateModified\":\"2025-04-27T10:07:06+00:00\",\"mainEntityOfPage\":{\"@id\":\"https:\\\/\\\/buletin.de\\\/bucuresti\\\/nicusor-dan-acuza-directia-pentru-cultura-ca-a-dat-avize-absolut-scandaloase-este-total-ineficienta\\\/\"},\"wordCount\":1011,\"publisher\":{\"@id\":\"https:\\\/\\\/buletin.de\\\/bucuresti\\\/#organization\"},\"image\":{\"@id\":\"https:\\\/\\\/buletin.de\\\/bucuresti\\\/nicusor-dan-acuza-directia-pentru-cultura-ca-a-dat-avize-absolut-scandaloase-este-total-ineficienta\\\/#primaryimage\"},\"thumbnailUrl\":\"https:\\\/\\\/buletin.de\\\/bucuresti\\\/wp-content\\\/uploads\\\/2025\\\/04\\\/ID300701_INQUAM_Photos_Malina_Norocea-scaled.jpg\",\"keywords\":[\"avize\",\"bucuresti\",\"Capitala\",\"directia pentru cultura\",\"ministerul culturii\",\"primaria capitalei\"],\"articleSection\":[\"Articole\",\"Cultur\u0103\",\"Politic\",\"Prim\u0103rie\",\"\u0218tiri\"],\"inLanguage\":\"en-GB\",\"copyrightYear\":\"2025\",\"copyrightHolder\":{\"@id\":\"https:\\\/\\\/buletin.de\\\/bucuresti\\\/#organization\"}},{\"@type\":\"WebPage\",\"@id\":\"https:\\\/\\\/buletin.de\\\/bucuresti\\\/nicusor-dan-acuza-directia-pentru-cultura-ca-a-dat-avize-absolut-scandaloase-este-total-ineficienta\\\/\",\"url\":\"https:\\\/\\\/buletin.de\\\/bucuresti\\\/nicusor-dan-acuza-directia-pentru-cultura-ca-a-dat-avize-absolut-scandaloase-este-total-ineficienta\\\/\",\"name\":\"Nicu\u0219or Dan acuz\u0103 Direc\u021bia pentru Cultur\u0103 c\u0103 a dat \u201eavize absolut scandaloase\u201d: \u201eEste total ineficient\u0103\u201d - Buletin de Bucure\u0219ti\",\"isPartOf\":{\"@id\":\"https:\\\/\\\/buletin.de\\\/bucuresti\\\/#website\"},\"primaryImageOfPage\":{\"@id\":\"https:\\\/\\\/buletin.de\\\/bucuresti\\\/nicusor-dan-acuza-directia-pentru-cultura-ca-a-dat-avize-absolut-scandaloase-este-total-ineficienta\\\/#primaryimage\"},\"image\":{\"@id\":\"https:\\\/\\\/buletin.de\\\/bucuresti\\\/nicusor-dan-acuza-directia-pentru-cultura-ca-a-dat-avize-absolut-scandaloase-este-total-ineficienta\\\/#primaryimage\"},\"thumbnailUrl\":\"https:\\\/\\\/buletin.de\\\/bucuresti\\\/wp-content\\\/uploads\\\/2025\\\/04\\\/ID300701_INQUAM_Photos_Malina_Norocea-scaled.jpg\",\"datePublished\":\"2025-04-26T11:36:53+00:00\",\"dateModified\":\"2025-04-27T10:07:06+00:00\",\"description\":\"Nicu\u0219or Dan acuz\u0103 Direc\u021bia pentru Cultur\u0103 c\u0103 a dat, \u00een trecut, \u201eavize absolut scandaloase\u201d: \u201eEste total ineficient\u0103\u201d\",\"breadcrumb\":{\"@id\":\"https:\\\/\\\/buletin.de\\\/bucuresti\\\/nicusor-dan-acuza-directia-pentru-cultura-ca-a-dat-avize-absolut-scandaloase-este-total-ineficienta\\\/#breadcrumb\"},\"inLanguage\":\"en-GB\",\"potentialAction\":[{\"@type\":\"ReadAction\",\"target\":[\"https:\\\/\\\/buletin.de\\\/bucuresti\\\/nicusor-dan-acuza-directia-pentru-cultura-ca-a-dat-avize-absolut-scandaloase-este-total-ineficienta\\\/\"]}]},{\"@type\":\"ImageObject\",\"inLanguage\":\"en-GB\",\"@id\":\"https:\\\/\\\/buletin.de\\\/bucuresti\\\/nicusor-dan-acuza-directia-pentru-cultura-ca-a-dat-avize-absolut-scandaloase-este-total-ineficienta\\\/#primaryimage\",\"url\":\"https:\\\/\\\/buletin.de\\\/bucuresti\\\/wp-content\\\/uploads\\\/2025\\\/04\\\/ID300701_INQUAM_Photos_Malina_Norocea-scaled.jpg\",\"contentUrl\":\"https:\\\/\\\/buletin.de\\\/bucuresti\\\/wp-content\\\/uploads\\\/2025\\\/04\\\/ID300701_INQUAM_Photos_Malina_Norocea-scaled.jpg\",\"width\":2250,\"height\":1500,\"caption\":\"Nicu\u0219or Dan acuz\u0103 Direc\u021bia pentru Cultur\u0103 c\u0103 a dat \u201eavize absolut scandaloase\u201d. Foto: Inquam Photos \\\/ M\u0103lina Norocea\"},{\"@type\":\"BreadcrumbList\",\"@id\":\"https:\\\/\\\/buletin.de\\\/bucuresti\\\/nicusor-dan-acuza-directia-pentru-cultura-ca-a-dat-avize-absolut-scandaloase-este-total-ineficienta\\\/#breadcrumb\",\"itemListElement\":[{\"@type\":\"ListItem\",\"position\":1,\"name\":\"Acas\u0103\",\"item\":\"https:\\\/\\\/buletin.de\\\/bucuresti\\\/\"},{\"@type\":\"ListItem\",\"position\":2,\"name\":\"Nicu\u0219or Dan acuz\u0103 Direc\u021bia pentru Cultur\u0103 c\u0103 a dat \u201eavize absolut scandaloase\u201d: \u201eEste total ineficient\u0103\u201d\"}]},{\"@type\":\"WebSite\",\"@id\":\"https:\\\/\\\/buletin.de\\\/bucuresti\\\/#website\",\"url\":\"https:\\\/\\\/buletin.de\\\/bucuresti\\\/\",\"name\":\"Buletin de Bucure\u0219ti\",\"description\":\"\u0218tiri \u0219i investiga\u021bii esen\u021biale din capital\u0103\",\"publisher\":{\"@id\":\"https:\\\/\\\/buletin.de\\\/bucuresti\\\/#organization\"},\"potentialAction\":[{\"@type\":\"SearchAction\",\"target\":{\"@type\":\"EntryPoint\",\"urlTemplate\":\"https:\\\/\\\/buletin.de\\\/bucuresti\\\/?s={search_term_string}\"},\"query-input\":{\"@type\":\"PropertyValueSpecification\",\"valueRequired\":true,\"valueName\":\"search_term_string\"}}],\"inLanguage\":\"en-GB\"},{\"@type\":\"Organization\",\"@id\":\"https:\\\/\\\/buletin.de\\\/bucuresti\\\/#organization\",\"name\":\"Buletin de Bucure\u0219ti\",\"url\":\"https:\\\/\\\/buletin.de\\\/bucuresti\\\/\",\"logo\":{\"@type\":\"ImageObject\",\"inLanguage\":\"en-GB\",\"@id\":\"https:\\\/\\\/buletin.de\\\/bucuresti\\\/#\\\/schema\\\/logo\\\/image\\\/\",\"url\":\"https:\\\/\\\/buletin.de\\\/bucuresti\\\/wp-content\\\/uploads\\\/logo-bdb-full-wide-vernil-transparent.png\",\"contentUrl\":\"https:\\\/\\\/buletin.de\\\/bucuresti\\\/wp-content\\\/uploads\\\/logo-bdb-full-wide-vernil-transparent.png\",\"width\":1782,\"height\":626,\"caption\":\"Buletin de Bucure\u0219ti\"},\"image\":{\"@id\":\"https:\\\/\\\/buletin.de\\\/bucuresti\\\/#\\\/schema\\\/logo\\\/image\\\/\"},\"sameAs\":[\"https:\\\/\\\/www.facebook.com\\\/buletin.de.buc\",\"https:\\\/\\\/www.instagram.com\\\/buletinde.bucuresti\\\/\"]},{\"@type\":\"Person\",\"@id\":\"https:\\\/\\\/buletin.de\\\/bucuresti\\\/#\\\/schema\\\/person\\\/0ac9db30080482be87c7386a30f98796\",\"name\":\"C\u0103t\u0103lin Anghel-Dimache\",\"image\":{\"@type\":\"ImageObject\",\"inLanguage\":\"en-GB\",\"@id\":\"https:\\\/\\\/buletin.de\\\/bucuresti\\\/wp-content\\\/uploads\\\/Catalin-Anghel-Dimache-96x96.jpgbd9e43c5b25186d5b8e917ac61ad86c4\",\"url\":\"https:\\\/\\\/buletin.de\\\/bucuresti\\\/wp-content\\\/uploads\\\/Catalin-Anghel-Dimache-96x96.jpg\",\"contentUrl\":\"https:\\\/\\\/buletin.de\\\/bucuresti\\\/wp-content\\\/uploads\\\/Catalin-Anghel-Dimache-96x96.jpg\",\"caption\":\"C\u0103t\u0103lin Anghel-Dimache\"},\"description\":\"A absolvit Facultatea de Jurnalism \u0219i \u0218tiin\u021bele Comunic\u0103rii a Universit\u0103\u021bii din Bucure\u0219ti \u00een 2024. Scrie despre mediu \u0219i teme sociale, dar \u0219i despre cum se reflect\u0103 ele \u00een via\u021ba cotidian\u0103 a bucure\u0219tenilor, cu un ochi atent la pove\u0219tile personale din spatele titlurilor. N\u0103scut \u0219i crescut \u00een Bucure\u0219ti, a f\u0103cut un pas c\u0103tre presa local\u0103, din pasiune pentru ora\u0219ul s\u0103u \u0219i oamenii din el.\",\"url\":\"https:\\\/\\\/buletin.de\\\/bucuresti\\\/author\\\/catalin-anghel-dimache\\\/\"}]}<\/script>\n<!-- \/ Yoast SEO Premium plugin. -->","yoast_head_json":{"title":"Nicu\u0219or Dan acuz\u0103 Direc\u021bia pentru Cultur\u0103 c\u0103 a dat \u201eavize absolut scandaloase\u201d: \u201eEste total ineficient\u0103\u201d - Buletin de Bucure\u0219ti","description":"Nicu\u0219or Dan acuz\u0103 Direc\u021bia pentru Cultur\u0103 c\u0103 a dat, \u00een trecut, \u201eavize absolut scandaloase\u201d: \u201eEste total ineficient\u0103\u201d","robots":{"index":"index","follow":"follow","max-snippet":"max-snippet:-1","max-image-preview":"max-image-preview:large","max-video-preview":"max-video-preview:-1"},"canonical":"https:\/\/buletin.de\/bucuresti\/nicusor-dan-acuza-directia-pentru-cultura-ca-a-dat-avize-absolut-scandaloase-este-total-ineficienta\/","og_locale":"en_GB","og_type":"article","og_title":"Nicu\u0219or Dan acuz\u0103 Direc\u021bia pentru Cultur\u0103 c\u0103 a dat \u201eavize absolut scandaloase\u201d: \u201eEste total ineficient\u0103\u201d","og_description":"Nicu\u0219or Dan acuz\u0103 Direc\u021bia pentru Cultur\u0103 c\u0103 a dat, \u00een trecut, \u201eavize absolut scandaloase\u201d: \u201eEste total ineficient\u0103\u201d","og_url":"https:\/\/buletin.de\/bucuresti\/nicusor-dan-acuza-directia-pentru-cultura-ca-a-dat-avize-absolut-scandaloase-este-total-ineficienta\/","og_site_name":"Buletin de Bucure\u0219ti","article_publisher":"https:\/\/www.facebook.com\/buletin.de.buc","article_published_time":"2025-04-26T11:36:53+00:00","article_modified_time":"2025-04-27T10:07:06+00:00","og_image":[{"width":2560,"height":1707,"url":"https:\/\/buletin.de\/bucuresti\/wp-content\/uploads\/2025\/04\/ID300701_INQUAM_Photos_Malina_Norocea-scaled.jpg","type":"image\/jpeg"}],"author":"C\u0103t\u0103lin Anghel-Dimache","twitter_card":"summary_large_image","twitter_misc":{"Written by":"C\u0103t\u0103lin Anghel-Dimache","Estimated reading time":"4 minutes"},"schema":{"@context":"https:\/\/schema.org","@graph":[{"@type":"Article","@id":"https:\/\/buletin.de\/bucuresti\/nicusor-dan-acuza-directia-pentru-cultura-ca-a-dat-avize-absolut-scandaloase-este-total-ineficienta\/#article","isPartOf":{"@id":"https:\/\/buletin.de\/bucuresti\/nicusor-dan-acuza-directia-pentru-cultura-ca-a-dat-avize-absolut-scandaloase-este-total-ineficienta\/"},"author":{"name":"C\u0103t\u0103lin Anghel-Dimache","@id":"https:\/\/buletin.de\/bucuresti\/#\/schema\/person\/0ac9db30080482be87c7386a30f98796"},"headline":"Nicu\u0219or Dan acuz\u0103 Direc\u021bia pentru Cultur\u0103 c\u0103 a dat \u201eavize absolut scandaloase\u201d: \u201eEste total ineficient\u0103\u201d","datePublished":"2025-04-26T11:36:53+00:00","dateModified":"2025-04-27T10:07:06+00:00","mainEntityOfPage":{"@id":"https:\/\/buletin.de\/bucuresti\/nicusor-dan-acuza-directia-pentru-cultura-ca-a-dat-avize-absolut-scandaloase-este-total-ineficienta\/"},"wordCount":1011,"publisher":{"@id":"https:\/\/buletin.de\/bucuresti\/#organization"},"image":{"@id":"https:\/\/buletin.de\/bucuresti\/nicusor-dan-acuza-directia-pentru-cultura-ca-a-dat-avize-absolut-scandaloase-este-total-ineficienta\/#primaryimage"},"thumbnailUrl":"https:\/\/buletin.de\/bucuresti\/wp-content\/uploads\/2025\/04\/ID300701_INQUAM_Photos_Malina_Norocea-scaled.jpg","keywords":["avize","bucuresti","Capitala","directia pentru cultura","ministerul culturii","primaria capitalei"],"articleSection":["Articole","Cultur\u0103","Politic","Prim\u0103rie","\u0218tiri"],"inLanguage":"en-GB","copyrightYear":"2025","copyrightHolder":{"@id":"https:\/\/buletin.de\/bucuresti\/#organization"}},{"@type":"WebPage","@id":"https:\/\/buletin.de\/bucuresti\/nicusor-dan-acuza-directia-pentru-cultura-ca-a-dat-avize-absolut-scandaloase-este-total-ineficienta\/","url":"https:\/\/buletin.de\/bucuresti\/nicusor-dan-acuza-directia-pentru-cultura-ca-a-dat-avize-absolut-scandaloase-este-total-ineficienta\/","name":"Nicu\u0219or Dan acuz\u0103 Direc\u021bia pentru Cultur\u0103 c\u0103 a dat \u201eavize absolut scandaloase\u201d: \u201eEste total ineficient\u0103\u201d - Buletin de Bucure\u0219ti","isPartOf":{"@id":"https:\/\/buletin.de\/bucuresti\/#website"},"primaryImageOfPage":{"@id":"https:\/\/buletin.de\/bucuresti\/nicusor-dan-acuza-directia-pentru-cultura-ca-a-dat-avize-absolut-scandaloase-este-total-ineficienta\/#primaryimage"},"image":{"@id":"https:\/\/buletin.de\/bucuresti\/nicusor-dan-acuza-directia-pentru-cultura-ca-a-dat-avize-absolut-scandaloase-este-total-ineficienta\/#primaryimage"},"thumbnailUrl":"https:\/\/buletin.de\/bucuresti\/wp-content\/uploads\/2025\/04\/ID300701_INQUAM_Photos_Malina_Norocea-scaled.jpg","datePublished":"2025-04-26T11:36:53+00:00","dateModified":"2025-04-27T10:07:06+00:00","description":"Nicu\u0219or Dan acuz\u0103 Direc\u021bia pentru Cultur\u0103 c\u0103 a dat, \u00een trecut, \u201eavize absolut scandaloase\u201d: \u201eEste total ineficient\u0103\u201d","breadcrumb":{"@id":"https:\/\/buletin.de\/bucuresti\/nicusor-dan-acuza-directia-pentru-cultura-ca-a-dat-avize-absolut-scandaloase-este-total-ineficienta\/#breadcrumb"},"inLanguage":"en-GB","potentialAction":[{"@type":"ReadAction","target":["https:\/\/buletin.de\/bucuresti\/nicusor-dan-acuza-directia-pentru-cultura-ca-a-dat-avize-absolut-scandaloase-este-total-ineficienta\/"]}]},{"@type":"ImageObject","inLanguage":"en-GB","@id":"https:\/\/buletin.de\/bucuresti\/nicusor-dan-acuza-directia-pentru-cultura-ca-a-dat-avize-absolut-scandaloase-este-total-ineficienta\/#primaryimage","url":"https:\/\/buletin.de\/bucuresti\/wp-content\/uploads\/2025\/04\/ID300701_INQUAM_Photos_Malina_Norocea-scaled.jpg","contentUrl":"https:\/\/buletin.de\/bucuresti\/wp-content\/uploads\/2025\/04\/ID300701_INQUAM_Photos_Malina_Norocea-scaled.jpg","width":2250,"height":1500,"caption":"Nicu\u0219or Dan acuz\u0103 Direc\u021bia pentru Cultur\u0103 c\u0103 a dat \u201eavize absolut scandaloase\u201d. Foto: Inquam Photos \/ M\u0103lina Norocea"},{"@type":"BreadcrumbList","@id":"https:\/\/buletin.de\/bucuresti\/nicusor-dan-acuza-directia-pentru-cultura-ca-a-dat-avize-absolut-scandaloase-este-total-ineficienta\/#breadcrumb","itemListElement":[{"@type":"ListItem","position":1,"name":"Acas\u0103","item":"https:\/\/buletin.de\/bucuresti\/"},{"@type":"ListItem","position":2,"name":"Nicu\u0219or Dan acuz\u0103 Direc\u021bia pentru Cultur\u0103 c\u0103 a dat \u201eavize absolut scandaloase\u201d: \u201eEste total ineficient\u0103\u201d"}]},{"@type":"WebSite","@id":"https:\/\/buletin.de\/bucuresti\/#website","url":"https:\/\/buletin.de\/bucuresti\/","name":"Buletin de Bucure\u0219ti","description":"\u0218tiri \u0219i investiga\u021bii esen\u021biale din capital\u0103","publisher":{"@id":"https:\/\/buletin.de\/bucuresti\/#organization"},"potentialAction":[{"@type":"SearchAction","target":{"@type":"EntryPoint","urlTemplate":"https:\/\/buletin.de\/bucuresti\/?s={search_term_string}"},"query-input":{"@type":"PropertyValueSpecification","valueRequired":true,"valueName":"search_term_string"}}],"inLanguage":"en-GB"},{"@type":"Organization","@id":"https:\/\/buletin.de\/bucuresti\/#organization","name":"Buletin de Bucure\u0219ti","url":"https:\/\/buletin.de\/bucuresti\/","logo":{"@type":"ImageObject","inLanguage":"en-GB","@id":"https:\/\/buletin.de\/bucuresti\/#\/schema\/logo\/image\/","url":"https:\/\/buletin.de\/bucuresti\/wp-content\/uploads\/logo-bdb-full-wide-vernil-transparent.png","contentUrl":"https:\/\/buletin.de\/bucuresti\/wp-content\/uploads\/logo-bdb-full-wide-vernil-transparent.png","width":1782,"height":626,"caption":"Buletin de Bucure\u0219ti"},"image":{"@id":"https:\/\/buletin.de\/bucuresti\/#\/schema\/logo\/image\/"},"sameAs":["https:\/\/www.facebook.com\/buletin.de.buc","https:\/\/www.instagram.com\/buletinde.bucuresti\/"]},{"@type":"Person","@id":"https:\/\/buletin.de\/bucuresti\/#\/schema\/person\/0ac9db30080482be87c7386a30f98796","name":"C\u0103t\u0103lin Anghel-Dimache","image":{"@type":"ImageObject","inLanguage":"en-GB","@id":"https:\/\/buletin.de\/bucuresti\/wp-content\/uploads\/Catalin-Anghel-Dimache-96x96.jpgbd9e43c5b25186d5b8e917ac61ad86c4","url":"https:\/\/buletin.de\/bucuresti\/wp-content\/uploads\/Catalin-Anghel-Dimache-96x96.jpg","contentUrl":"https:\/\/buletin.de\/bucuresti\/wp-content\/uploads\/Catalin-Anghel-Dimache-96x96.jpg","caption":"C\u0103t\u0103lin Anghel-Dimache"},"description":"A absolvit Facultatea de Jurnalism \u0219i \u0218tiin\u021bele Comunic\u0103rii a Universit\u0103\u021bii din Bucure\u0219ti \u00een 2024. Scrie despre mediu \u0219i teme sociale, dar \u0219i despre cum se reflect\u0103 ele \u00een via\u021ba cotidian\u0103 a bucure\u0219tenilor, cu un ochi atent la pove\u0219tile personale din spatele titlurilor. N\u0103scut \u0219i crescut \u00een Bucure\u0219ti, a f\u0103cut un pas c\u0103tre presa local\u0103, din pasiune pentru ora\u0219ul s\u0103u \u0219i oamenii din el.","url":"https:\/\/buletin.de\/bucuresti\/author\/catalin-anghel-dimache\/"}]}},"authors":[{"term_id":22572,"user_id":59,"is_guest":0,"slug":"catalin-anghel-dimache","display_name":"C\u0103t\u0103lin Anghel-Dimache","avatar_url":"https:\/\/buletin.de\/bucuresti\/wp-content\/uploads\/Catalin-Anghel-Dimache-96x96.jpg","0":null,"1":"","2":"","3":"","4":"","5":"","6":"","7":"","8":""}],"_links":{"self":[{"href":"https:\/\/buletin.de\/bucuresti\/wp-json\/wp\/v2\/posts\/127799","targetHints":{"allow":["GET"]}}],"collection":[{"href":"https:\/\/buletin.de\/bucuresti\/wp-json\/wp\/v2\/posts"}],"about":[{"href":"https:\/\/buletin.de\/bucuresti\/wp-json\/wp\/v2\/types\/post"}],"author":[{"embeddable":true,"href":"https:\/\/buletin.de\/bucuresti\/wp-json\/wp\/v2\/users\/59"}],"replies":[{"embeddable":true,"href":"https:\/\/buletin.de\/bucuresti\/wp-json\/wp\/v2\/comments?post=127799"}],"version-history":[{"count":3,"href":"https:\/\/buletin.de\/bucuresti\/wp-json\/wp\/v2\/posts\/127799\/revisions"}],"predecessor-version":[{"id":127815,"href":"https:\/\/buletin.de\/bucuresti\/wp-json\/wp\/v2\/posts\/127799\/revisions\/127815"}],"wp:featuredmedia":[{"embeddable":true,"href":"https:\/\/buletin.de\/bucuresti\/wp-json\/wp\/v2\/media\/127800"}],"wp:attachment":[{"href":"https:\/\/buletin.de\/bucuresti\/wp-json\/wp\/v2\/media?parent=127799"}],"wp:term":[{"taxonomy":"category","embeddable":true,"href":"https:\/\/buletin.de\/bucuresti\/wp-json\/wp\/v2\/categories?post=127799"},{"taxonomy":"post_tag","embeddable":true,"href":"https:\/\/buletin.de\/bucuresti\/wp-json\/wp\/v2\/tags?post=127799"},{"taxonomy":"author","embeddable":true,"href":"https:\/\/buletin.de\/bucuresti\/wp-json\/wp\/v2\/ppma_author?post=127799"}],"curies":[{"name":"wp","href":"https:\/\/api.w.org\/{rel}","templated":true}]}}