{"id":127781,"date":"2025-04-26T13:49:41","date_gmt":"2025-04-26T10:49:41","guid":{"rendered":"https:\/\/buletin.de\/bucuresti\/?p=127781"},"modified":"2025-04-26T14:37:51","modified_gmt":"2025-04-26T11:37:51","slug":"viitoarea-baza-sportiva","status":"publish","type":"post","link":"https:\/\/buletin.de\/bucuresti\/viitoarea-baza-sportiva\/","title":{"rendered":"FOTO | Cum va ar\u0103ta viitoarea baz\u0103 sportiv\u0103 care urmeaz\u0103 s\u0103 fie construit\u0103 \u00een Mogo\u0219oaia"},"content":{"rendered":"\n<p><strong>O baz<strong>\u0103<\/strong> sportiv\u0103 nou\u0103 va fi construit\u0103 la Mogo\u0219oaia, \u00een Ilfov. Proiectul pentru viitoarea baz\u0103 sportiv\u0103 a fost votat \u00een Consiliul Jude\u0163ean.<\/strong><\/p>\n\n\n\n<p>Investi\u021bia va costa peste 21 de milioane de lei, echivalentul a peste 4 milioane de euro. Baza sportiv\u0103 va fi accesibil\u0103 pentru copii, pentru tinerii sportivi \u0219i pentru pasiona\u021bii de sport.<\/p>\n\n\n\n<p>Viitoarea baz\u0103 sportiv\u0103 va fi construit\u0103 pe un teren de 22.134 mp \u0219i va avea un teren de fotbal sintetic, omologat pentru competi\u021bii interne, un teren de antrenament sintetic pentru juniori, o sal\u0103 multifunc\u021bional\u0103 pentru activit\u0103\u021bi sportive \u0219i recreative \u0219i o tribun\u0103 cu 1300 de locuri pentru spectatori.<\/p>\n\n\n\n<figure class=\"wp-block-gallery has-nested-images columns-default is-cropped wp-block-gallery-1 is-layout-flex wp-block-gallery-is-layout-flex\">\n<figure class=\"wp-block-image size-large\"><a href=\"https:\/\/buletin.de\/bucuresti\/wp-content\/uploads\/2025\/04\/492796423_1081973927300804_4562626388972145232_n.jpg\"><img fetchpriority=\"high\" decoding=\"async\" width=\"600\" height=\"338\" data-id=\"127784\" src=\"data:image\/gif;base64,R0lGODlhAQABAAAAACH5BAEKAAEALAAAAAABAAEAAAICTAEAOw==\" data-src=\"https:\/\/buletin.de\/bucuresti\/wp-content\/uploads\/2025\/04\/492796423_1081973927300804_4562626388972145232_n.jpg\" alt=\"\" class=\"wp-image-127784 lazyload\" data-sizes=\"auto\" data-srcset=\"https:\/\/buletin.de\/bucuresti\/wp-content\/uploads\/2025\/04\/492796423_1081973927300804_4562626388972145232_n.jpg 600w, https:\/\/buletin.de\/bucuresti\/wp-content\/uploads\/2025\/04\/492796423_1081973927300804_4562626388972145232_n-300x169.jpg 300w, https:\/\/buletin.de\/bucuresti\/wp-content\/uploads\/2025\/04\/492796423_1081973927300804_4562626388972145232_n-20x11.jpg 20w\" sizes=\"(max-width: 600px) 100vw, 600px\" \/><\/a><\/figure>\n\n\n\n<figure class=\"wp-block-image size-large\"><a href=\"https:\/\/buletin.de\/bucuresti\/wp-content\/uploads\/2025\/04\/492701195_1081973947300802_6065605600085325260_n.jpg\"><img decoding=\"async\" width=\"583\" height=\"280\" data-id=\"127782\" src=\"data:image\/gif;base64,R0lGODlhAQABAAAAACH5BAEKAAEALAAAAAABAAEAAAICTAEAOw==\" data-src=\"https:\/\/buletin.de\/bucuresti\/wp-content\/uploads\/2025\/04\/492701195_1081973947300802_6065605600085325260_n.jpg\" alt=\"\" class=\"wp-image-127782 lazyload\" data-sizes=\"auto\" data-srcset=\"https:\/\/buletin.de\/bucuresti\/wp-content\/uploads\/2025\/04\/492701195_1081973947300802_6065605600085325260_n.jpg 583w, https:\/\/buletin.de\/bucuresti\/wp-content\/uploads\/2025\/04\/492701195_1081973947300802_6065605600085325260_n-300x144.jpg 300w, https:\/\/buletin.de\/bucuresti\/wp-content\/uploads\/2025\/04\/492701195_1081973947300802_6065605600085325260_n-20x10.jpg 20w\" sizes=\"(max-width: 583px) 100vw, 583px\" \/><\/a><\/figure>\n\n\n\n<figure class=\"wp-block-image size-large\"><a href=\"https:\/\/buletin.de\/bucuresti\/wp-content\/uploads\/2025\/04\/492326979_1081973937300803_2949642611543343231_n.jpg\"><img decoding=\"async\" width=\"600\" height=\"338\" data-id=\"127783\" src=\"data:image\/gif;base64,R0lGODlhAQABAAAAACH5BAEKAAEALAAAAAABAAEAAAICTAEAOw==\" data-src=\"https:\/\/buletin.de\/bucuresti\/wp-content\/uploads\/2025\/04\/492326979_1081973937300803_2949642611543343231_n.jpg\" alt=\"\" class=\"wp-image-127783 lazyload\" data-sizes=\"auto\" data-srcset=\"https:\/\/buletin.de\/bucuresti\/wp-content\/uploads\/2025\/04\/492326979_1081973937300803_2949642611543343231_n.jpg 600w, https:\/\/buletin.de\/bucuresti\/wp-content\/uploads\/2025\/04\/492326979_1081973937300803_2949642611543343231_n-300x169.jpg 300w, https:\/\/buletin.de\/bucuresti\/wp-content\/uploads\/2025\/04\/492326979_1081973937300803_2949642611543343231_n-20x11.jpg 20w\" sizes=\"(max-width: 600px) 100vw, 600px\" \/><\/a><\/figure>\n<\/figure>\n\n\n\n<p>Termenul de execu\u021bie va fi stabilit dup\u0103 finalizarea proiectului tehnic la care se lucreaz\u0103,  \u00een prezent.<\/p>\n\n\n\n<p><strong>CITE\u0218TE \u0218I:<\/strong> <a href=\"https:\/\/buletin.de\/bucuresti\/sector-1-scoala-si-gradinita-de-vara-in-perioada-iulie-august-proiectele-costa-peste-5-milioane-de-euro\/\">Sector 1 | \u015ecoal\u0103 \u0219i gr\u0103dini\u021b\u0103 de var\u0103, \u00een perioada iulie-august. Proiectele cost\u0103 peste 5 milioane de euro<\/a><\/p>\n\n\n\n<div class=\"wp-block-buttons is-content-justification-center is-layout-flex wp-container-core-buttons-is-layout-16018d1d wp-block-buttons-is-layout-flex\">\n<div class=\"wp-block-button has-custom-width wp-block-button__width-100\"><a class=\"wp-block-button__link wp-element-button\" href=\"https:\/\/www.patreon.com\/BuletinDeBucuresti\"><strong>Sus\u021bine Buletin de Bucure\u0219ti pentru investiga\u021bii, reportaje \u0219i \u0219tiri Locale<\/strong><\/a><\/div>\n<\/div>\n\n\n\n<h2 class=\"wp-block-heading\" id=\"h-doua-gradini\u021be-noi-pentru-360-de-copii-investi\u021bia-se-ridica-la-peste-5-2-milioane-de-euro\">Dou\u0103 gr\u0103dini\u021be noi pentru 360 de copii. Investi\u021bia se ridic\u0103 la peste 5,2 milioane de euro<\/h2>\n\n\n\n<p><strong>360 de copii din Ilfov vor \u00eenv\u0103\u021ba \u00een dou\u0103 gr\u0103dini\u021be noi, \u00een Tunari. Proiectele cost\u0103 peste 5,2 milioane de euro.<\/strong><\/p>\n\n\n\n<p>Proiectul, aprobat \u00een Consiliul Jude\u0163ean Ilfov, are dou\u0103 componente. Prima presupune construc\u021bia unei gr\u0103dini\u021be de la zero. Aceasta va avea o suprafa\u021b\u0103 de 487 mp, cinci s\u0103li de clas\u0103 moderne, fiecare dotat\u0103 cu mobilier ergonomic \u0219i echipamente educa\u021bionale interactive, sal\u0103 multifunc\u021bional\u0103 pentru activit\u0103\u021bi artistice \u0219i sportive, buc\u0103t\u0103rie \u0219i sal\u0103 de mese, spa\u021bii verzi \u0219i locuri de joac\u0103 \u00een aer liber.<\/p>\n\n\n\n<p>Valoarea total\u0103 a investi\u021biei este de 12.741.291,63 lei cu TVA, echivalentul a peste 2,5 milioane de euro.<\/p>\n\n\n\n<h2 class=\"wp-block-heading\" id=\"h-doua-gradinite-noi-corp-nou-pentru-actuala-gradini\u021ba\">Dou\u0103 gr\u0103dini\u0163e noi. Corp nou pentru actuala gr\u0103dini\u021b\u0103<\/h2>\n\n\n\n<p>Paralel cu noua gr\u0103dini\u021b\u0103, autorit\u0103\u021bile locale renoveaz\u0103 \u0219i extind actuala gr\u0103dini\u021ba cu \u00eenc\u0103 un corp adiacent.<\/p>\n\n\n\n<p>Cl\u0103direa va avea cinci s\u0103li de clas\u0103, o sal\u0103 multifunc\u021bional\u0103 pentru activit\u0103\u021bi educative \u0219i recreative, loc de joac\u0103 \u0219i spa\u021bii verzi, buc\u0103t\u0103rie proprie \u0219i sal\u0103 de mese, sisteme ecologice de economisire a energiei, inclusiv panouri solare. Valoarea total\u0103 a investi\u021biei este de 13.394.194,83 lei, cu TVA, echivalentul a peste 2,6 milioane de euro.<\/p>\n\n\n\n<p>Renovarea este \u00een proces de execu\u021bie \u0219i are ca termen de finalizare luna septembrie a anului 2025.<\/p>\n\n\n\n<p>Termenul de finalizare pentru noua gr\u0103dini\u0163\u0103 este decembrie 2026.<\/p>\n\n\n\n<p><strong>CITE\u0218TE \u0218I:<\/strong> <a href=\"https:\/\/buletin.de\/bucuresti\/sector-6-primele-imagini-cu-cele-doua-noi-locuri-de-joaca-din-parcul-pacii\/\">Sector 6 | Primele imagini cu cele dou\u0103 noi locuri de joac\u0103 din parcul P\u0103cii<\/a><\/p>\n","protected":false},"excerpt":{"rendered":"<p>O baz\u0103 sportiv\u0103 nou\u0103 va fi construit\u0103 la Mogo\u0219oaia, \u00een Ilfov. Proiectul pentru viitoarea baz\u0103 sportiv\u0103 a fost votat \u00een Consiliul Jude\u0163ean. Investi\u021bia va costa peste 21 de milioane de lei, echivalentul a peste 4 milioane de euro. Baza sportiv\u0103 va fi accesibil\u0103 pentru copii, pentru tinerii sportivi \u0219i pentru pasiona\u021bii de sport. Viitoarea baz\u0103 [&hellip;]<\/p>\n","protected":false},"author":49,"featured_media":127796,"comment_status":"closed","ping_status":"open","sticky":false,"template":"","format":"standard","meta":{"_acf_changed":false,"inline_featured_image":false,"ngg_post_thumbnail":0,"footnotes":""},"categories":[6994,1432,62],"tags":[4344,1990,3563],"ppma_author":[22574],"class_list":["post-127781","post","type-post","status-publish","format-standard","has-post-thumbnail","hentry","category-stiri-2","category-buletin-de-ilfov","category-stiri","tag-baza-sportiva","tag-cj-ilfov","tag-mogosoaia-2"],"acf":[],"yoast_head":"<!-- This site is optimized with the Yoast SEO Premium plugin v25.3 (Yoast SEO v27.4) - https:\/\/yoast.com\/product\/yoast-seo-premium-wordpress\/ -->\n<title>FOTO | Cum va ar\u0103ta viitoarea baz\u0103 sportiv\u0103 care urmeaz\u0103 s\u0103 fie construit\u0103 \u00een Mogo\u0219oaia - Buletin de Bucure\u0219ti<\/title>\n<meta name=\"description\" content=\"O baz\u0103 sportiv\u0103 nou\u0103 va fi construit\u0103 la Mogo\u0219oaia, \u00een Ilfov. Proiectul pentru viitoarea baza sportiv\u0103 a fost votat \u00een Consiliul Local.\" \/>\n<meta name=\"robots\" content=\"index, follow, max-snippet:-1, max-image-preview:large, max-video-preview:-1\" \/>\n<link rel=\"canonical\" href=\"https:\/\/buletin.de\/bucuresti\/viitoarea-baza-sportiva\/\" \/>\n<meta property=\"og:locale\" content=\"en_GB\" \/>\n<meta property=\"og:type\" content=\"article\" \/>\n<meta property=\"og:title\" content=\"FOTO | Cum va ar\u0103ta viitoarea baz\u0103 sportiv\u0103 care urmeaz\u0103 s\u0103 fie construit\u0103 \u00een Mogo\u0219oaia\" \/>\n<meta property=\"og:description\" content=\"O baz\u0103 sportiv\u0103 nou\u0103 va fi construit\u0103 la Mogo\u0219oaia, \u00een Ilfov. Proiectul pentru viitoarea baza sportiv\u0103 a fost votat \u00een Consiliul Local.\" \/>\n<meta property=\"og:url\" content=\"https:\/\/buletin.de\/bucuresti\/viitoarea-baza-sportiva\/\" \/>\n<meta property=\"og:site_name\" content=\"Buletin de Bucure\u0219ti\" \/>\n<meta property=\"article:publisher\" content=\"https:\/\/www.facebook.com\/buletin.de.buc\" \/>\n<meta property=\"article:published_time\" content=\"2025-04-26T10:49:41+00:00\" \/>\n<meta property=\"article:modified_time\" content=\"2025-04-26T11:37:51+00:00\" \/>\n<meta property=\"og:image\" content=\"https:\/\/buletin.de\/bucuresti\/wp-content\/uploads\/2025\/04\/baza-sportiva-mogosoaia.jpg\" \/>\n\t<meta property=\"og:image:width\" content=\"1000\" \/>\n\t<meta property=\"og:image:height\" content=\"563\" \/>\n\t<meta property=\"og:image:type\" content=\"image\/jpeg\" \/>\n<meta name=\"author\" content=\"Diana Matei\" \/>\n<meta name=\"twitter:card\" content=\"summary_large_image\" \/>\n<meta name=\"twitter:label1\" content=\"Written by\" \/>\n\t<meta name=\"twitter:data1\" content=\"Diana Matei\" \/>\n\t<meta name=\"twitter:label2\" content=\"Estimated reading time\" \/>\n\t<meta name=\"twitter:data2\" content=\"1 minute\" \/>\n<script type=\"application\/ld+json\" class=\"yoast-schema-graph\">{\"@context\":\"https:\\\/\\\/schema.org\",\"@graph\":[{\"@type\":\"Article\",\"@id\":\"https:\\\/\\\/buletin.de\\\/bucuresti\\\/viitoarea-baza-sportiva\\\/#article\",\"isPartOf\":{\"@id\":\"https:\\\/\\\/buletin.de\\\/bucuresti\\\/viitoarea-baza-sportiva\\\/\"},\"author\":{\"name\":\"Diana Matei\",\"@id\":\"https:\\\/\\\/buletin.de\\\/bucuresti\\\/#\\\/schema\\\/person\\\/7e46040573290777280a0835d81ea4ea\"},\"headline\":\"FOTO | Cum va ar\u0103ta viitoarea baz\u0103 sportiv\u0103 care urmeaz\u0103 s\u0103 fie construit\u0103 \u00een Mogo\u0219oaia\",\"datePublished\":\"2025-04-26T10:49:41+00:00\",\"dateModified\":\"2025-04-26T11:37:51+00:00\",\"mainEntityOfPage\":{\"@id\":\"https:\\\/\\\/buletin.de\\\/bucuresti\\\/viitoarea-baza-sportiva\\\/\"},\"wordCount\":426,\"publisher\":{\"@id\":\"https:\\\/\\\/buletin.de\\\/bucuresti\\\/#organization\"},\"image\":{\"@id\":\"https:\\\/\\\/buletin.de\\\/bucuresti\\\/viitoarea-baza-sportiva\\\/#primaryimage\"},\"thumbnailUrl\":\"https:\\\/\\\/buletin.de\\\/bucuresti\\\/wp-content\\\/uploads\\\/2025\\\/04\\\/baza-sportiva-mogosoaia.jpg\",\"keywords\":[\"baza sportiva\",\"cj ilfov\",\"mogosoaia\"],\"articleSection\":[\"Articole\",\"Buletin de Ilfov\",\"\u0218tiri\"],\"inLanguage\":\"en-GB\",\"copyrightYear\":\"2025\",\"copyrightHolder\":{\"@id\":\"https:\\\/\\\/buletin.de\\\/bucuresti\\\/#organization\"}},{\"@type\":\"WebPage\",\"@id\":\"https:\\\/\\\/buletin.de\\\/bucuresti\\\/viitoarea-baza-sportiva\\\/\",\"url\":\"https:\\\/\\\/buletin.de\\\/bucuresti\\\/viitoarea-baza-sportiva\\\/\",\"name\":\"FOTO | Cum va ar\u0103ta viitoarea baz\u0103 sportiv\u0103 care urmeaz\u0103 s\u0103 fie construit\u0103 \u00een Mogo\u0219oaia - Buletin de Bucure\u0219ti\",\"isPartOf\":{\"@id\":\"https:\\\/\\\/buletin.de\\\/bucuresti\\\/#website\"},\"primaryImageOfPage\":{\"@id\":\"https:\\\/\\\/buletin.de\\\/bucuresti\\\/viitoarea-baza-sportiva\\\/#primaryimage\"},\"image\":{\"@id\":\"https:\\\/\\\/buletin.de\\\/bucuresti\\\/viitoarea-baza-sportiva\\\/#primaryimage\"},\"thumbnailUrl\":\"https:\\\/\\\/buletin.de\\\/bucuresti\\\/wp-content\\\/uploads\\\/2025\\\/04\\\/baza-sportiva-mogosoaia.jpg\",\"datePublished\":\"2025-04-26T10:49:41+00:00\",\"dateModified\":\"2025-04-26T11:37:51+00:00\",\"description\":\"O baz\u0103 sportiv\u0103 nou\u0103 va fi construit\u0103 la Mogo\u0219oaia, \u00een Ilfov. Proiectul pentru viitoarea baza sportiv\u0103 a fost votat \u00een Consiliul Local.\",\"breadcrumb\":{\"@id\":\"https:\\\/\\\/buletin.de\\\/bucuresti\\\/viitoarea-baza-sportiva\\\/#breadcrumb\"},\"inLanguage\":\"en-GB\",\"potentialAction\":[{\"@type\":\"ReadAction\",\"target\":[\"https:\\\/\\\/buletin.de\\\/bucuresti\\\/viitoarea-baza-sportiva\\\/\"]}]},{\"@type\":\"ImageObject\",\"inLanguage\":\"en-GB\",\"@id\":\"https:\\\/\\\/buletin.de\\\/bucuresti\\\/viitoarea-baza-sportiva\\\/#primaryimage\",\"url\":\"https:\\\/\\\/buletin.de\\\/bucuresti\\\/wp-content\\\/uploads\\\/2025\\\/04\\\/baza-sportiva-mogosoaia.jpg\",\"contentUrl\":\"https:\\\/\\\/buletin.de\\\/bucuresti\\\/wp-content\\\/uploads\\\/2025\\\/04\\\/baza-sportiva-mogosoaia.jpg\",\"width\":1000,\"height\":563,\"caption\":\"FOTO | Cum va ar\u0103ta viitoarea baza sportiv\u0103 care urmeaz\u0103 s\u0103 fie construit\u0103 \u00een Mogo\u0219oaia. FOTO: CJ Ilfov\"},{\"@type\":\"BreadcrumbList\",\"@id\":\"https:\\\/\\\/buletin.de\\\/bucuresti\\\/viitoarea-baza-sportiva\\\/#breadcrumb\",\"itemListElement\":[{\"@type\":\"ListItem\",\"position\":1,\"name\":\"Acas\u0103\",\"item\":\"https:\\\/\\\/buletin.de\\\/bucuresti\\\/\"},{\"@type\":\"ListItem\",\"position\":2,\"name\":\"FOTO | Cum va ar\u0103ta viitoarea baz\u0103 sportiv\u0103 care urmeaz\u0103 s\u0103 fie construit\u0103 \u00een Mogo\u0219oaia\"}]},{\"@type\":\"WebSite\",\"@id\":\"https:\\\/\\\/buletin.de\\\/bucuresti\\\/#website\",\"url\":\"https:\\\/\\\/buletin.de\\\/bucuresti\\\/\",\"name\":\"Buletin de Bucure\u0219ti\",\"description\":\"\u0218tiri \u0219i investiga\u021bii esen\u021biale din capital\u0103\",\"publisher\":{\"@id\":\"https:\\\/\\\/buletin.de\\\/bucuresti\\\/#organization\"},\"potentialAction\":[{\"@type\":\"SearchAction\",\"target\":{\"@type\":\"EntryPoint\",\"urlTemplate\":\"https:\\\/\\\/buletin.de\\\/bucuresti\\\/?s={search_term_string}\"},\"query-input\":{\"@type\":\"PropertyValueSpecification\",\"valueRequired\":true,\"valueName\":\"search_term_string\"}}],\"inLanguage\":\"en-GB\"},{\"@type\":\"Organization\",\"@id\":\"https:\\\/\\\/buletin.de\\\/bucuresti\\\/#organization\",\"name\":\"Buletin de Bucure\u0219ti\",\"url\":\"https:\\\/\\\/buletin.de\\\/bucuresti\\\/\",\"logo\":{\"@type\":\"ImageObject\",\"inLanguage\":\"en-GB\",\"@id\":\"https:\\\/\\\/buletin.de\\\/bucuresti\\\/#\\\/schema\\\/logo\\\/image\\\/\",\"url\":\"https:\\\/\\\/buletin.de\\\/bucuresti\\\/wp-content\\\/uploads\\\/logo-bdb-full-wide-vernil-transparent.png\",\"contentUrl\":\"https:\\\/\\\/buletin.de\\\/bucuresti\\\/wp-content\\\/uploads\\\/logo-bdb-full-wide-vernil-transparent.png\",\"width\":1782,\"height\":626,\"caption\":\"Buletin de Bucure\u0219ti\"},\"image\":{\"@id\":\"https:\\\/\\\/buletin.de\\\/bucuresti\\\/#\\\/schema\\\/logo\\\/image\\\/\"},\"sameAs\":[\"https:\\\/\\\/www.facebook.com\\\/buletin.de.buc\",\"https:\\\/\\\/www.instagram.com\\\/buletinde.bucuresti\\\/\"]},{\"@type\":\"Person\",\"@id\":\"https:\\\/\\\/buletin.de\\\/bucuresti\\\/#\\\/schema\\\/person\\\/7e46040573290777280a0835d81ea4ea\",\"name\":\"Diana Matei\",\"image\":{\"@type\":\"ImageObject\",\"inLanguage\":\"en-GB\",\"@id\":\"https:\\\/\\\/buletin.de\\\/bucuresti\\\/wp-content\\\/uploads\\\/9-2-96x96.jpg1e8590b30871d70e62ebcdaf2eff570c\",\"url\":\"https:\\\/\\\/buletin.de\\\/bucuresti\\\/wp-content\\\/uploads\\\/9-2-96x96.jpg\",\"contentUrl\":\"https:\\\/\\\/buletin.de\\\/bucuresti\\\/wp-content\\\/uploads\\\/9-2-96x96.jpg\",\"caption\":\"Diana Matei\"},\"url\":\"https:\\\/\\\/buletin.de\\\/bucuresti\\\/author\\\/dianamatei\\\/\"}]}<\/script>\n<!-- \/ Yoast SEO Premium plugin. -->","yoast_head_json":{"title":"FOTO | Cum va ar\u0103ta viitoarea baz\u0103 sportiv\u0103 care urmeaz\u0103 s\u0103 fie construit\u0103 \u00een Mogo\u0219oaia - Buletin de Bucure\u0219ti","description":"O baz\u0103 sportiv\u0103 nou\u0103 va fi construit\u0103 la Mogo\u0219oaia, \u00een Ilfov. Proiectul pentru viitoarea baza sportiv\u0103 a fost votat \u00een Consiliul Local.","robots":{"index":"index","follow":"follow","max-snippet":"max-snippet:-1","max-image-preview":"max-image-preview:large","max-video-preview":"max-video-preview:-1"},"canonical":"https:\/\/buletin.de\/bucuresti\/viitoarea-baza-sportiva\/","og_locale":"en_GB","og_type":"article","og_title":"FOTO | Cum va ar\u0103ta viitoarea baz\u0103 sportiv\u0103 care urmeaz\u0103 s\u0103 fie construit\u0103 \u00een Mogo\u0219oaia","og_description":"O baz\u0103 sportiv\u0103 nou\u0103 va fi construit\u0103 la Mogo\u0219oaia, \u00een Ilfov. Proiectul pentru viitoarea baza sportiv\u0103 a fost votat \u00een Consiliul Local.","og_url":"https:\/\/buletin.de\/bucuresti\/viitoarea-baza-sportiva\/","og_site_name":"Buletin de Bucure\u0219ti","article_publisher":"https:\/\/www.facebook.com\/buletin.de.buc","article_published_time":"2025-04-26T10:49:41+00:00","article_modified_time":"2025-04-26T11:37:51+00:00","og_image":[{"width":1000,"height":563,"url":"https:\/\/buletin.de\/bucuresti\/wp-content\/uploads\/2025\/04\/baza-sportiva-mogosoaia.jpg","type":"image\/jpeg"}],"author":"Diana Matei","twitter_card":"summary_large_image","twitter_misc":{"Written by":"Diana Matei","Estimated reading time":"1 minute"},"schema":{"@context":"https:\/\/schema.org","@graph":[{"@type":"Article","@id":"https:\/\/buletin.de\/bucuresti\/viitoarea-baza-sportiva\/#article","isPartOf":{"@id":"https:\/\/buletin.de\/bucuresti\/viitoarea-baza-sportiva\/"},"author":{"name":"Diana Matei","@id":"https:\/\/buletin.de\/bucuresti\/#\/schema\/person\/7e46040573290777280a0835d81ea4ea"},"headline":"FOTO | Cum va ar\u0103ta viitoarea baz\u0103 sportiv\u0103 care urmeaz\u0103 s\u0103 fie construit\u0103 \u00een Mogo\u0219oaia","datePublished":"2025-04-26T10:49:41+00:00","dateModified":"2025-04-26T11:37:51+00:00","mainEntityOfPage":{"@id":"https:\/\/buletin.de\/bucuresti\/viitoarea-baza-sportiva\/"},"wordCount":426,"publisher":{"@id":"https:\/\/buletin.de\/bucuresti\/#organization"},"image":{"@id":"https:\/\/buletin.de\/bucuresti\/viitoarea-baza-sportiva\/#primaryimage"},"thumbnailUrl":"https:\/\/buletin.de\/bucuresti\/wp-content\/uploads\/2025\/04\/baza-sportiva-mogosoaia.jpg","keywords":["baza sportiva","cj ilfov","mogosoaia"],"articleSection":["Articole","Buletin de Ilfov","\u0218tiri"],"inLanguage":"en-GB","copyrightYear":"2025","copyrightHolder":{"@id":"https:\/\/buletin.de\/bucuresti\/#organization"}},{"@type":"WebPage","@id":"https:\/\/buletin.de\/bucuresti\/viitoarea-baza-sportiva\/","url":"https:\/\/buletin.de\/bucuresti\/viitoarea-baza-sportiva\/","name":"FOTO | Cum va ar\u0103ta viitoarea baz\u0103 sportiv\u0103 care urmeaz\u0103 s\u0103 fie construit\u0103 \u00een Mogo\u0219oaia - Buletin de Bucure\u0219ti","isPartOf":{"@id":"https:\/\/buletin.de\/bucuresti\/#website"},"primaryImageOfPage":{"@id":"https:\/\/buletin.de\/bucuresti\/viitoarea-baza-sportiva\/#primaryimage"},"image":{"@id":"https:\/\/buletin.de\/bucuresti\/viitoarea-baza-sportiva\/#primaryimage"},"thumbnailUrl":"https:\/\/buletin.de\/bucuresti\/wp-content\/uploads\/2025\/04\/baza-sportiva-mogosoaia.jpg","datePublished":"2025-04-26T10:49:41+00:00","dateModified":"2025-04-26T11:37:51+00:00","description":"O baz\u0103 sportiv\u0103 nou\u0103 va fi construit\u0103 la Mogo\u0219oaia, \u00een Ilfov. Proiectul pentru viitoarea baza sportiv\u0103 a fost votat \u00een Consiliul Local.","breadcrumb":{"@id":"https:\/\/buletin.de\/bucuresti\/viitoarea-baza-sportiva\/#breadcrumb"},"inLanguage":"en-GB","potentialAction":[{"@type":"ReadAction","target":["https:\/\/buletin.de\/bucuresti\/viitoarea-baza-sportiva\/"]}]},{"@type":"ImageObject","inLanguage":"en-GB","@id":"https:\/\/buletin.de\/bucuresti\/viitoarea-baza-sportiva\/#primaryimage","url":"https:\/\/buletin.de\/bucuresti\/wp-content\/uploads\/2025\/04\/baza-sportiva-mogosoaia.jpg","contentUrl":"https:\/\/buletin.de\/bucuresti\/wp-content\/uploads\/2025\/04\/baza-sportiva-mogosoaia.jpg","width":1000,"height":563,"caption":"FOTO | Cum va ar\u0103ta viitoarea baza sportiv\u0103 care urmeaz\u0103 s\u0103 fie construit\u0103 \u00een Mogo\u0219oaia. FOTO: CJ Ilfov"},{"@type":"BreadcrumbList","@id":"https:\/\/buletin.de\/bucuresti\/viitoarea-baza-sportiva\/#breadcrumb","itemListElement":[{"@type":"ListItem","position":1,"name":"Acas\u0103","item":"https:\/\/buletin.de\/bucuresti\/"},{"@type":"ListItem","position":2,"name":"FOTO | Cum va ar\u0103ta viitoarea baz\u0103 sportiv\u0103 care urmeaz\u0103 s\u0103 fie construit\u0103 \u00een Mogo\u0219oaia"}]},{"@type":"WebSite","@id":"https:\/\/buletin.de\/bucuresti\/#website","url":"https:\/\/buletin.de\/bucuresti\/","name":"Buletin de Bucure\u0219ti","description":"\u0218tiri \u0219i investiga\u021bii esen\u021biale din capital\u0103","publisher":{"@id":"https:\/\/buletin.de\/bucuresti\/#organization"},"potentialAction":[{"@type":"SearchAction","target":{"@type":"EntryPoint","urlTemplate":"https:\/\/buletin.de\/bucuresti\/?s={search_term_string}"},"query-input":{"@type":"PropertyValueSpecification","valueRequired":true,"valueName":"search_term_string"}}],"inLanguage":"en-GB"},{"@type":"Organization","@id":"https:\/\/buletin.de\/bucuresti\/#organization","name":"Buletin de Bucure\u0219ti","url":"https:\/\/buletin.de\/bucuresti\/","logo":{"@type":"ImageObject","inLanguage":"en-GB","@id":"https:\/\/buletin.de\/bucuresti\/#\/schema\/logo\/image\/","url":"https:\/\/buletin.de\/bucuresti\/wp-content\/uploads\/logo-bdb-full-wide-vernil-transparent.png","contentUrl":"https:\/\/buletin.de\/bucuresti\/wp-content\/uploads\/logo-bdb-full-wide-vernil-transparent.png","width":1782,"height":626,"caption":"Buletin de Bucure\u0219ti"},"image":{"@id":"https:\/\/buletin.de\/bucuresti\/#\/schema\/logo\/image\/"},"sameAs":["https:\/\/www.facebook.com\/buletin.de.buc","https:\/\/www.instagram.com\/buletinde.bucuresti\/"]},{"@type":"Person","@id":"https:\/\/buletin.de\/bucuresti\/#\/schema\/person\/7e46040573290777280a0835d81ea4ea","name":"Diana Matei","image":{"@type":"ImageObject","inLanguage":"en-GB","@id":"https:\/\/buletin.de\/bucuresti\/wp-content\/uploads\/9-2-96x96.jpg1e8590b30871d70e62ebcdaf2eff570c","url":"https:\/\/buletin.de\/bucuresti\/wp-content\/uploads\/9-2-96x96.jpg","contentUrl":"https:\/\/buletin.de\/bucuresti\/wp-content\/uploads\/9-2-96x96.jpg","caption":"Diana Matei"},"url":"https:\/\/buletin.de\/bucuresti\/author\/dianamatei\/"}]}},"authors":[{"term_id":22574,"user_id":49,"is_guest":0,"slug":"dianamatei","display_name":"Diana Matei","avatar_url":"https:\/\/buletin.de\/bucuresti\/wp-content\/uploads\/9-2-96x96.jpg","0":null,"1":"","2":"","3":"","4":"","5":"","6":"","7":"","8":""}],"_links":{"self":[{"href":"https:\/\/buletin.de\/bucuresti\/wp-json\/wp\/v2\/posts\/127781","targetHints":{"allow":["GET"]}}],"collection":[{"href":"https:\/\/buletin.de\/bucuresti\/wp-json\/wp\/v2\/posts"}],"about":[{"href":"https:\/\/buletin.de\/bucuresti\/wp-json\/wp\/v2\/types\/post"}],"author":[{"embeddable":true,"href":"https:\/\/buletin.de\/bucuresti\/wp-json\/wp\/v2\/users\/49"}],"replies":[{"embeddable":true,"href":"https:\/\/buletin.de\/bucuresti\/wp-json\/wp\/v2\/comments?post=127781"}],"version-history":[{"count":5,"href":"https:\/\/buletin.de\/bucuresti\/wp-json\/wp\/v2\/posts\/127781\/revisions"}],"predecessor-version":[{"id":127817,"href":"https:\/\/buletin.de\/bucuresti\/wp-json\/wp\/v2\/posts\/127781\/revisions\/127817"}],"wp:featuredmedia":[{"embeddable":true,"href":"https:\/\/buletin.de\/bucuresti\/wp-json\/wp\/v2\/media\/127796"}],"wp:attachment":[{"href":"https:\/\/buletin.de\/bucuresti\/wp-json\/wp\/v2\/media?parent=127781"}],"wp:term":[{"taxonomy":"category","embeddable":true,"href":"https:\/\/buletin.de\/bucuresti\/wp-json\/wp\/v2\/categories?post=127781"},{"taxonomy":"post_tag","embeddable":true,"href":"https:\/\/buletin.de\/bucuresti\/wp-json\/wp\/v2\/tags?post=127781"},{"taxonomy":"author","embeddable":true,"href":"https:\/\/buletin.de\/bucuresti\/wp-json\/wp\/v2\/ppma_author?post=127781"}],"curies":[{"name":"wp","href":"https:\/\/api.w.org\/{rel}","templated":true}]}}