{"id":127718,"date":"2025-04-26T07:55:53","date_gmt":"2025-04-26T04:55:53","guid":{"rendered":"https:\/\/buletin.de\/bucuresti\/?p=127718"},"modified":"2025-04-26T08:49:18","modified_gmt":"2025-04-26T05:49:18","slug":"sector-6-primele-imagini-cu-cele-doua-noi-locuri-de-joaca-din-parcul-pacii","status":"publish","type":"post","link":"https:\/\/buletin.de\/bucuresti\/sector-6-primele-imagini-cu-cele-doua-noi-locuri-de-joaca-din-parcul-pacii\/","title":{"rendered":"Sector 6 | Primele imagini cu cele dou\u0103 noi locuri de joac\u0103 din parcul P\u0103cii"},"content":{"rendered":"\n<p><strong>Parcul P\u0103cii a fost reamenajat \u015fi are dou\u0103 locuri de joac\u0103 noi, destinate copiilor p\u00e2n\u0103 \u00een \u015fapte ani, anun\u0163\u0103 autorit\u0103\u0163ile locale. \u00cen plus, conform unui r\u0103spuns de la jum\u0103tatea lunii februarie al Termoenergetica pentru Buletin de Bucure\u015fti, ar trebui ca la <mark style=\"background-color:rgba(0, 0, 0, 0)\" class=\"has-inline-color has-vivid-red-color\">1 mai<\/mark> s\u0103 fie \u00eencheiat \u015fi \u015fantierul din partea vestic\u0103 a parcului.  <\/strong><\/p>\n\n\n\n<figure class=\"wp-block-gallery has-nested-images columns-default is-cropped wp-block-gallery-1 is-layout-flex wp-block-gallery-is-layout-flex\">\n<figure class=\"wp-block-image size-large\"><a href=\"https:\/\/buletin.de\/bucuresti\/wp-content\/uploads\/2025\/04\/parcul-pacii-renovat-1.jpg\"><img fetchpriority=\"high\" decoding=\"async\" width=\"1000\" height=\"667\" data-id=\"127741\" src=\"data:image\/gif;base64,R0lGODlhAQABAAAAACH5BAEKAAEALAAAAAABAAEAAAICTAEAOw==\" data-src=\"https:\/\/buletin.de\/bucuresti\/wp-content\/uploads\/2025\/04\/parcul-pacii-renovat-1-1000x667.jpg\" alt=\"\" class=\"wp-image-127741 lazyload\" data-sizes=\"auto\" data-srcset=\"https:\/\/buletin.de\/bucuresti\/wp-content\/uploads\/2025\/04\/parcul-pacii-renovat-1-1000x667.jpg 1000w, https:\/\/buletin.de\/bucuresti\/wp-content\/uploads\/2025\/04\/parcul-pacii-renovat-1-300x200.jpg 300w, https:\/\/buletin.de\/bucuresti\/wp-content\/uploads\/2025\/04\/parcul-pacii-renovat-1-768x512.jpg 768w, https:\/\/buletin.de\/bucuresti\/wp-content\/uploads\/2025\/04\/parcul-pacii-renovat-1-600x400.jpg 600w, https:\/\/buletin.de\/bucuresti\/wp-content\/uploads\/2025\/04\/parcul-pacii-renovat-1-20x13.jpg 20w, https:\/\/buletin.de\/bucuresti\/wp-content\/uploads\/2025\/04\/parcul-pacii-renovat-1.jpg 1080w\" sizes=\"(max-width: 1000px) 100vw, 1000px\" \/><\/a><\/figure>\n\n\n\n<figure class=\"wp-block-image size-large\"><a href=\"https:\/\/buletin.de\/bucuresti\/wp-content\/uploads\/2025\/04\/parcul-pacii-renovat-2.jpg\"><img decoding=\"async\" width=\"1000\" height=\"667\" data-id=\"127745\" src=\"data:image\/gif;base64,R0lGODlhAQABAAAAACH5BAEKAAEALAAAAAABAAEAAAICTAEAOw==\" data-src=\"https:\/\/buletin.de\/bucuresti\/wp-content\/uploads\/2025\/04\/parcul-pacii-renovat-2-1000x667.jpg\" alt=\"\" class=\"wp-image-127745 lazyload\" data-sizes=\"auto\" data-srcset=\"https:\/\/buletin.de\/bucuresti\/wp-content\/uploads\/2025\/04\/parcul-pacii-renovat-2-1000x667.jpg 1000w, https:\/\/buletin.de\/bucuresti\/wp-content\/uploads\/2025\/04\/parcul-pacii-renovat-2-300x200.jpg 300w, https:\/\/buletin.de\/bucuresti\/wp-content\/uploads\/2025\/04\/parcul-pacii-renovat-2-768x512.jpg 768w, https:\/\/buletin.de\/bucuresti\/wp-content\/uploads\/2025\/04\/parcul-pacii-renovat-2-600x400.jpg 600w, https:\/\/buletin.de\/bucuresti\/wp-content\/uploads\/2025\/04\/parcul-pacii-renovat-2-20x13.jpg 20w, https:\/\/buletin.de\/bucuresti\/wp-content\/uploads\/2025\/04\/parcul-pacii-renovat-2.jpg 1080w\" sizes=\"(max-width: 1000px) 100vw, 1000px\" \/><\/a><\/figure>\n\n\n\n<figure class=\"wp-block-image size-large\"><a href=\"https:\/\/buletin.de\/bucuresti\/wp-content\/uploads\/2025\/04\/parcul-pacii-renovat-3.jpg\"><img decoding=\"async\" width=\"1000\" height=\"667\" data-id=\"127746\" src=\"data:image\/gif;base64,R0lGODlhAQABAAAAACH5BAEKAAEALAAAAAABAAEAAAICTAEAOw==\" data-src=\"https:\/\/buletin.de\/bucuresti\/wp-content\/uploads\/2025\/04\/parcul-pacii-renovat-3-1000x667.jpg\" alt=\"\" class=\"wp-image-127746 lazyload\" data-sizes=\"auto\" data-srcset=\"https:\/\/buletin.de\/bucuresti\/wp-content\/uploads\/2025\/04\/parcul-pacii-renovat-3-1000x667.jpg 1000w, https:\/\/buletin.de\/bucuresti\/wp-content\/uploads\/2025\/04\/parcul-pacii-renovat-3-300x200.jpg 300w, https:\/\/buletin.de\/bucuresti\/wp-content\/uploads\/2025\/04\/parcul-pacii-renovat-3-768x512.jpg 768w, https:\/\/buletin.de\/bucuresti\/wp-content\/uploads\/2025\/04\/parcul-pacii-renovat-3-600x400.jpg 600w, https:\/\/buletin.de\/bucuresti\/wp-content\/uploads\/2025\/04\/parcul-pacii-renovat-3-20x13.jpg 20w, https:\/\/buletin.de\/bucuresti\/wp-content\/uploads\/2025\/04\/parcul-pacii-renovat-3.jpg 1080w\" sizes=\"(max-width: 1000px) 100vw, 1000px\" \/><\/a><\/figure>\n\n\n\n<figure class=\"wp-block-image size-large\"><a href=\"https:\/\/buletin.de\/bucuresti\/wp-content\/uploads\/2025\/04\/parcul-pacii-renovat-4.jpg\"><img loading=\"lazy\" decoding=\"async\" width=\"1000\" height=\"667\" data-id=\"127744\" src=\"data:image\/gif;base64,R0lGODlhAQABAAAAACH5BAEKAAEALAAAAAABAAEAAAICTAEAOw==\" data-src=\"https:\/\/buletin.de\/bucuresti\/wp-content\/uploads\/2025\/04\/parcul-pacii-renovat-4-1000x667.jpg\" alt=\"\" class=\"wp-image-127744 lazyload\" data-sizes=\"auto\" data-srcset=\"https:\/\/buletin.de\/bucuresti\/wp-content\/uploads\/2025\/04\/parcul-pacii-renovat-4-1000x667.jpg 1000w, https:\/\/buletin.de\/bucuresti\/wp-content\/uploads\/2025\/04\/parcul-pacii-renovat-4-300x200.jpg 300w, https:\/\/buletin.de\/bucuresti\/wp-content\/uploads\/2025\/04\/parcul-pacii-renovat-4-768x512.jpg 768w, https:\/\/buletin.de\/bucuresti\/wp-content\/uploads\/2025\/04\/parcul-pacii-renovat-4-600x400.jpg 600w, https:\/\/buletin.de\/bucuresti\/wp-content\/uploads\/2025\/04\/parcul-pacii-renovat-4-20x13.jpg 20w, https:\/\/buletin.de\/bucuresti\/wp-content\/uploads\/2025\/04\/parcul-pacii-renovat-4.jpg 1080w\" sizes=\"(max-width: 1000px) 100vw, 1000px\" \/><\/a><\/figure>\n\n\n\n<figure class=\"wp-block-image size-large\"><a href=\"https:\/\/buletin.de\/bucuresti\/wp-content\/uploads\/2025\/04\/parcul-pacii-renovat-5.jpg\"><img loading=\"lazy\" decoding=\"async\" width=\"1000\" height=\"667\" data-id=\"127743\" src=\"data:image\/gif;base64,R0lGODlhAQABAAAAACH5BAEKAAEALAAAAAABAAEAAAICTAEAOw==\" data-src=\"https:\/\/buletin.de\/bucuresti\/wp-content\/uploads\/2025\/04\/parcul-pacii-renovat-5-1000x667.jpg\" alt=\"\" class=\"wp-image-127743 lazyload\" data-sizes=\"auto\" data-srcset=\"https:\/\/buletin.de\/bucuresti\/wp-content\/uploads\/2025\/04\/parcul-pacii-renovat-5-1000x667.jpg 1000w, https:\/\/buletin.de\/bucuresti\/wp-content\/uploads\/2025\/04\/parcul-pacii-renovat-5-300x200.jpg 300w, https:\/\/buletin.de\/bucuresti\/wp-content\/uploads\/2025\/04\/parcul-pacii-renovat-5-768x512.jpg 768w, https:\/\/buletin.de\/bucuresti\/wp-content\/uploads\/2025\/04\/parcul-pacii-renovat-5-600x400.jpg 600w, https:\/\/buletin.de\/bucuresti\/wp-content\/uploads\/2025\/04\/parcul-pacii-renovat-5-20x13.jpg 20w, https:\/\/buletin.de\/bucuresti\/wp-content\/uploads\/2025\/04\/parcul-pacii-renovat-5.jpg 1080w\" sizes=\"(max-width: 1000px) 100vw, 1000px\" \/><\/a><\/figure>\n\n\n\n<figure class=\"wp-block-image size-large\"><a href=\"https:\/\/buletin.de\/bucuresti\/wp-content\/uploads\/2025\/04\/parcul-pacii-renovat-6.jpg\"><img loading=\"lazy\" decoding=\"async\" width=\"1000\" height=\"667\" data-id=\"127747\" src=\"data:image\/gif;base64,R0lGODlhAQABAAAAACH5BAEKAAEALAAAAAABAAEAAAICTAEAOw==\" data-src=\"https:\/\/buletin.de\/bucuresti\/wp-content\/uploads\/2025\/04\/parcul-pacii-renovat-6-1000x667.jpg\" alt=\"\" class=\"wp-image-127747 lazyload\" data-sizes=\"auto\" data-srcset=\"https:\/\/buletin.de\/bucuresti\/wp-content\/uploads\/2025\/04\/parcul-pacii-renovat-6-1000x667.jpg 1000w, https:\/\/buletin.de\/bucuresti\/wp-content\/uploads\/2025\/04\/parcul-pacii-renovat-6-300x200.jpg 300w, https:\/\/buletin.de\/bucuresti\/wp-content\/uploads\/2025\/04\/parcul-pacii-renovat-6-768x512.jpg 768w, https:\/\/buletin.de\/bucuresti\/wp-content\/uploads\/2025\/04\/parcul-pacii-renovat-6-600x400.jpg 600w, https:\/\/buletin.de\/bucuresti\/wp-content\/uploads\/2025\/04\/parcul-pacii-renovat-6-20x13.jpg 20w, https:\/\/buletin.de\/bucuresti\/wp-content\/uploads\/2025\/04\/parcul-pacii-renovat-6.jpg 1080w\" sizes=\"(max-width: 1000px) 100vw, 1000px\" \/><\/a><\/figure>\n\n\n\n<figure class=\"wp-block-image size-large\"><a href=\"https:\/\/buletin.de\/bucuresti\/wp-content\/uploads\/2025\/04\/parcul-pacii-renovat-7.jpg\"><img loading=\"lazy\" decoding=\"async\" width=\"1000\" height=\"667\" data-id=\"127742\" src=\"data:image\/gif;base64,R0lGODlhAQABAAAAACH5BAEKAAEALAAAAAABAAEAAAICTAEAOw==\" data-src=\"https:\/\/buletin.de\/bucuresti\/wp-content\/uploads\/2025\/04\/parcul-pacii-renovat-7-1000x667.jpg\" alt=\"\" class=\"wp-image-127742 lazyload\" data-sizes=\"auto\" data-srcset=\"https:\/\/buletin.de\/bucuresti\/wp-content\/uploads\/2025\/04\/parcul-pacii-renovat-7-1000x667.jpg 1000w, https:\/\/buletin.de\/bucuresti\/wp-content\/uploads\/2025\/04\/parcul-pacii-renovat-7-300x200.jpg 300w, https:\/\/buletin.de\/bucuresti\/wp-content\/uploads\/2025\/04\/parcul-pacii-renovat-7-768x512.jpg 768w, https:\/\/buletin.de\/bucuresti\/wp-content\/uploads\/2025\/04\/parcul-pacii-renovat-7-600x400.jpg 600w, https:\/\/buletin.de\/bucuresti\/wp-content\/uploads\/2025\/04\/parcul-pacii-renovat-7-20x13.jpg 20w, https:\/\/buletin.de\/bucuresti\/wp-content\/uploads\/2025\/04\/parcul-pacii-renovat-7.jpg 1080w\" sizes=\"(max-width: 1000px) 100vw, 1000px\" \/><\/a><\/figure>\n<figcaption class=\"blocks-gallery-caption wp-element-caption\">foto: FB \/ <a href=\"https:\/\/www.facebook.com\/ADPDUSector6\/posts\/pfbid037G8JpbPsP5dGfjhWiQpLdNNyqLjmpMr12H3VScZC2Aadt4uTCcmcRCrnpZRjYYxjl\">ADPDU S6<\/a><\/figcaption><\/figure>\n\n\n\n<p>Potrivit Administra\u0163iei Domeniului Public \u015fi Dezvoltare Urban\u0103 Sector 6 (ADPDU S6), \u00een cele dou\u0103 locuri de joac\u0103 au fost montate: <\/p>\n\n\n\n<ul class=\"wp-block-list\">\n<li>Trambuline \u2013 \u00eenlocuiesc clasicele nisipare, pentru joac\u0103 f\u0103r\u0103 griji \u0219i f\u0103r\u0103 riscuri<\/li>\n<\/ul>\n\n\n\n<ul class=\"wp-block-list\">\n<li>Juc\u0103rii pe arc<\/li>\n<\/ul>\n\n\n\n<ul class=\"wp-block-list\">\n<li>Complexe de joac\u0103 colorate \u0219i interactive<\/li>\n<\/ul>\n\n\n\n<ul class=\"wp-block-list\">\n<li>Leag\u0103ne pentru cei mici<\/li>\n<\/ul>\n\n\n\n<ul class=\"wp-block-list\">\n<li>Suprafa\u021b\u0103 antitraum\u0103 din tartan, pentru un plus de siguran\u021b\u0103 la fiecare pas.<\/li>\n<\/ul>\n\n\n\n<figure class=\"wp-block-gallery has-nested-images columns-default is-cropped wp-block-gallery-2 is-layout-flex wp-block-gallery-is-layout-flex\">\n<figure class=\"wp-block-image size-large\"><a href=\"https:\/\/buletin.de\/bucuresti\/wp-content\/uploads\/2025\/04\/parcul-pacii-renovat-copii-1.jpg\"><img loading=\"lazy\" decoding=\"async\" width=\"1000\" height=\"666\" data-id=\"127748\" src=\"data:image\/gif;base64,R0lGODlhAQABAAAAACH5BAEKAAEALAAAAAABAAEAAAICTAEAOw==\" data-src=\"https:\/\/buletin.de\/bucuresti\/wp-content\/uploads\/2025\/04\/parcul-pacii-renovat-copii-1-1000x666.jpg\" alt=\"\" class=\"wp-image-127748 lazyload\" data-sizes=\"auto\" data-srcset=\"https:\/\/buletin.de\/bucuresti\/wp-content\/uploads\/2025\/04\/parcul-pacii-renovat-copii-1-1000x666.jpg 1000w, https:\/\/buletin.de\/bucuresti\/wp-content\/uploads\/2025\/04\/parcul-pacii-renovat-copii-1-300x200.jpg 300w, https:\/\/buletin.de\/bucuresti\/wp-content\/uploads\/2025\/04\/parcul-pacii-renovat-copii-1-768x512.jpg 768w, https:\/\/buletin.de\/bucuresti\/wp-content\/uploads\/2025\/04\/parcul-pacii-renovat-copii-1-1536x1023.jpg 1536w, https:\/\/buletin.de\/bucuresti\/wp-content\/uploads\/2025\/04\/parcul-pacii-renovat-copii-1-1100x733.jpg 1100w, https:\/\/buletin.de\/bucuresti\/wp-content\/uploads\/2025\/04\/parcul-pacii-renovat-copii-1-600x400.jpg 600w, https:\/\/buletin.de\/bucuresti\/wp-content\/uploads\/2025\/04\/parcul-pacii-renovat-copii-1-20x13.jpg 20w, https:\/\/buletin.de\/bucuresti\/wp-content\/uploads\/2025\/04\/parcul-pacii-renovat-copii-1.jpg 1600w\" sizes=\"(max-width: 1000px) 100vw, 1000px\" \/><\/a><\/figure>\n<figcaption class=\"blocks-gallery-caption wp-element-caption\">foto: <a href=\"https:\/\/www.facebook.com\/PrimariaSectorului6\/posts\/pfbid02Emz74fSZwD7emLY4CKeyMh3nRCmd9Fy1NSdMykm14PVS7YVAUA7AyLjXJiQp9hBTl\">FB \/ Prim\u0103ria Sectorului 6<\/a><\/figcaption><\/figure>\n\n\n\n<p>\u00cen plus, pe l\u00e2ng\u0103 cele dou\u0103 noi locuri de joac\u0103, muncitorii de la Administra\u0163ia Domeniului Public <strong>puneau ieri, 25 aprilie, gazon nou \u015fi amenajau alveolele \u015fi aleile<\/strong>.<\/p>\n\n\n\n<p>\u00cen parc mai sunt trei alte locuri de joac\u0103 pentru copii mai mari, unul dintre ele reabilitat anul trecut. Parcul mai dispune de dou\u0103 foi\u015foare \u015fi mese special amenajate pentru \u015fah \u015fi table. Cine vrea s\u0103 fac\u0103 mi\u0219care are la dispozi\u021bie mai multe aparate, \u00een zona de fitness, precum \u0219i un teren multisport.<\/p>\n\n\n\n<p>Parcul P\u0103cii va fi, din mai, <strong>deschis \u00een totalitate<\/strong>, promite Termoenergetica. Muncitorii \u00eenlocuiesc conducta de termoficare pe o lungime de aproximativ 260 de metri. Drept urmare, muncitorii au \u00eenchis \u00eenc\u0103 de anul trecut aproximativ o treime din parc, pentru lucr\u0103ri.<\/p>\n\n\n\n<p><strong>CITE\u015eTE \u015eI:<\/strong> <a href=\"https:\/\/buletin.de\/bucuresti\/termoficare-cat-mai-dureaza-santierul-din-parcul-pacii-dar-si-ce-alte-santiere-ale-termoenergetica-sunt-in-desfasurare\/\">TERMOFICARE | C\u00e2t mai dureaz\u0103 \u0219antierul din parcul P\u0103cii, dar \u0219i ce alte \u0219antiere ale Termoenergetica sunt \u00een desf\u0103\u0219urare<\/a><\/p>\n\n\n\n<div class=\"wp-block-buttons is-content-justification-center is-layout-flex wp-container-core-buttons-is-layout-16018d1d wp-block-buttons-is-layout-flex\">\n<div class=\"wp-block-button has-custom-width wp-block-button__width-100\"><a class=\"wp-block-button__link wp-element-button\" href=\"https:\/\/www.patreon.com\/BuletinDeBucuresti\"><strong>Sus\u021bine Buletin de Bucure\u0219ti pentru investiga\u021bii, reportaje \u0219i \u0219tiri Locale<\/strong><\/a><\/div>\n<\/div>\n\n\n\n<h2 class=\"wp-block-heading\" id=\"h-ce-investitii-in-locuri-de-joaca-au-mai-fost-facute-pe-langa-cele-din-parcul-pacii\">Ce investi\u0163ii \u00een locuri de joac\u0103 au mai fost f\u0103cute pe l\u00e2ng\u0103 cele din parcul P\u0103cii<\/h2>\n\n\n\n<p>Potrivit ADPDU S6, la \u00eenceputul acestei luni, alte trei noi locuri de joac\u0103 au fost puse la dispozi\u021bia copiilor: <\/p>\n\n\n\n<ul class=\"wp-block-list\">\n<li>Aleea Prav\u0103\u021b 4 \u2013 \u00een spatele policlinicii, pentru joac\u0103 \u00een aer liber c\u00e2t e ziua de lung\u0103<\/li>\n<\/ul>\n\n\n\n<ul class=\"wp-block-list\">\n<li>Intersec\u021bia str\u0103zilor Moine\u0219ti \u0219i Murgu\u021ba \u2013 include un circuit auto <\/li>\n<\/ul>\n\n\n\n<ul class=\"wp-block-list\">\n<li>Bd. Timi\u0219oara 81 <\/li>\n<\/ul>\n\n\n\n<p>\u00cen ultimii 4 ani au fost reamenajate 48 de locuri de joac\u0103 \u00een proximitatea blocurilor \u015fi modernizate 24 din curtea gr\u0103dini\u021belor. \u00cen plus, au fost create de la zero \u00eenc\u0103 patru locuri de joac\u0103.<\/p>\n\n\n\n<p>Pentru 2025, sunt deja contractate lucr\u0103ri de reamenajare pentru alte patru locuri de joac\u0103, dup\u0103 cum urmeaz\u0103:<\/p>\n\n\n\n<p>&#8211; 2 \u00een Parcul Marin Preda,<\/p>\n\n\n\n<p>&#8211; 1 \u00een Calea Cr\u00e2nga\u0219i- Mehadia,<\/p>\n\n\n\n<p>&#8211; 1 la \u0218coala Special\u0103 Sf. Maria.<\/p>\n\n\n\n<p>Pentru locul de joac\u0103 din Veteranilor 19, a fost depus\u0103 documenta\u021bia spre reofertare. Un alt loc de joac\u0103 va fi amenajat de la zero pe Bd. Splaiul Independen\u021bei 202E.<\/p>\n\n\n\n<p><strong>CITE\u015eTE \u015eI:<\/strong> <a href=\"https:\/\/buletin.de\/bucuresti\/sector-1-scoala-si-gradinita-de-vara-in-perioada-iulie-august-proiectele-costa-peste-5-milioane-de-euro\/\">Sector 1 | \u015ecoal\u0103 \u0219i gr\u0103dini\u021b\u0103 de var\u0103, \u00een perioada iulie-august. Proiectele cost\u0103 peste 5 milioane de euro<\/a><br><\/p>\n","protected":false},"excerpt":{"rendered":"<p>Parcul P\u0103cii a fost reamenajat \u015fi are dou\u0103 locuri de joac\u0103 noi, destinate copiilor p\u00e2n\u0103 \u00een \u015fapte ani, anun\u0163\u0103 autorit\u0103\u0163ile locale. \u00cen plus, conform unui r\u0103spuns de la jum\u0103tatea lunii februarie al Termoenergetica pentru Buletin de Bucure\u015fti, ar trebui ca la 1 mai s\u0103 fie \u00eencheiat \u015fi \u015fantierul din partea vestic\u0103 a parcului. Potrivit Administra\u0163iei [&hellip;]<\/p>\n","protected":false},"author":8,"featured_media":127751,"comment_status":"closed","ping_status":"open","sticky":false,"template":"","format":"standard","meta":{"_acf_changed":false,"inline_featured_image":false,"ngg_post_thumbnail":0,"footnotes":""},"categories":[6994,24,62],"tags":[13388,20908,20907,3513,523],"ppma_author":[22586],"class_list":["post-127718","post","type-post","status-publish","format-standard","has-post-thumbnail","hentry","category-stiri-2","category-primarie","category-stiri","tag-adpdu-sector-6","tag-locuri-de-joaca-copii-sector-6","tag-parcul-pacii","tag-primaria-sectorului-6","tag-sector-6"],"acf":[],"yoast_head":"<!-- This site is optimized with the Yoast SEO Premium plugin v25.3 (Yoast SEO v27.4) - https:\/\/yoast.com\/product\/yoast-seo-premium-wordpress\/ -->\n<title>Sector 6 | Primele imagini cu cele dou\u0103 noi locuri de joac\u0103 din parcul P\u0103cii - Buletin de Bucure\u0219ti<\/title>\n<meta name=\"description\" content=\"Parcul P\u0103cii a fost reamenajat \u015fi are dou\u0103 locuri de joac\u0103 noi, destinate copiilor p\u00e2n\u0103 \u00een \u015fapte ani. Se \u00eenchide \u015fi \u015fantierul Termoenergetica\" \/>\n<meta name=\"robots\" content=\"index, follow, max-snippet:-1, max-image-preview:large, max-video-preview:-1\" \/>\n<link rel=\"canonical\" href=\"https:\/\/buletin.de\/bucuresti\/sector-6-primele-imagini-cu-cele-doua-noi-locuri-de-joaca-din-parcul-pacii\/\" \/>\n<meta property=\"og:locale\" content=\"en_GB\" \/>\n<meta property=\"og:type\" content=\"article\" \/>\n<meta property=\"og:title\" content=\"Sector 6 | Primele imagini cu cele dou\u0103 noi locuri de joac\u0103 din parcul P\u0103cii\" \/>\n<meta property=\"og:description\" content=\"Parcul P\u0103cii a fost reamenajat \u015fi are dou\u0103 locuri de joac\u0103 noi, destinate copiilor p\u00e2n\u0103 \u00een \u015fapte ani. Se \u00eenchide \u015fi \u015fantierul Termoenergetica\" \/>\n<meta property=\"og:url\" content=\"https:\/\/buletin.de\/bucuresti\/sector-6-primele-imagini-cu-cele-doua-noi-locuri-de-joaca-din-parcul-pacii\/\" \/>\n<meta property=\"og:site_name\" content=\"Buletin de Bucure\u0219ti\" \/>\n<meta property=\"article:publisher\" content=\"https:\/\/www.facebook.com\/buletin.de.buc\" \/>\n<meta property=\"article:published_time\" content=\"2025-04-26T04:55:53+00:00\" \/>\n<meta property=\"article:modified_time\" content=\"2025-04-26T05:49:18+00:00\" \/>\n<meta property=\"og:image\" content=\"https:\/\/buletin.de\/bucuresti\/wp-content\/uploads\/2025\/04\/parcul-pacii-renovat-copii-2.jpg\" \/>\n\t<meta property=\"og:image:width\" content=\"1600\" \/>\n\t<meta property=\"og:image:height\" content=\"1066\" \/>\n\t<meta property=\"og:image:type\" content=\"image\/jpeg\" \/>\n<meta name=\"author\" content=\"Ionu\u021b Lepa\" \/>\n<meta name=\"twitter:card\" content=\"summary_large_image\" \/>\n<meta name=\"twitter:label1\" content=\"Written by\" \/>\n\t<meta name=\"twitter:data1\" content=\"Ionu\u021b Lepa\" \/>\n\t<meta name=\"twitter:label2\" content=\"Estimated reading time\" \/>\n\t<meta name=\"twitter:data2\" content=\"4 minutes\" \/>\n<script type=\"application\/ld+json\" class=\"yoast-schema-graph\">{\"@context\":\"https:\\\/\\\/schema.org\",\"@graph\":[{\"@type\":\"Article\",\"@id\":\"https:\\\/\\\/buletin.de\\\/bucuresti\\\/sector-6-primele-imagini-cu-cele-doua-noi-locuri-de-joaca-din-parcul-pacii\\\/#article\",\"isPartOf\":{\"@id\":\"https:\\\/\\\/buletin.de\\\/bucuresti\\\/sector-6-primele-imagini-cu-cele-doua-noi-locuri-de-joaca-din-parcul-pacii\\\/\"},\"author\":{\"name\":\"Ionu\u021b Lepa\",\"@id\":\"https:\\\/\\\/buletin.de\\\/bucuresti\\\/#\\\/schema\\\/person\\\/5272b8a057b33890940b57b837fc4ce6\"},\"headline\":\"Sector 6 | Primele imagini cu cele dou\u0103 noi locuri de joac\u0103 din parcul P\u0103cii\",\"datePublished\":\"2025-04-26T04:55:53+00:00\",\"dateModified\":\"2025-04-26T05:49:18+00:00\",\"mainEntityOfPage\":{\"@id\":\"https:\\\/\\\/buletin.de\\\/bucuresti\\\/sector-6-primele-imagini-cu-cele-doua-noi-locuri-de-joaca-din-parcul-pacii\\\/\"},\"wordCount\":492,\"publisher\":{\"@id\":\"https:\\\/\\\/buletin.de\\\/bucuresti\\\/#organization\"},\"image\":{\"@id\":\"https:\\\/\\\/buletin.de\\\/bucuresti\\\/sector-6-primele-imagini-cu-cele-doua-noi-locuri-de-joaca-din-parcul-pacii\\\/#primaryimage\"},\"thumbnailUrl\":\"https:\\\/\\\/buletin.de\\\/bucuresti\\\/wp-content\\\/uploads\\\/2025\\\/04\\\/parcul-pacii-renovat-copii-2.jpg\",\"keywords\":[\"adpdu sector 6\",\"locuri de joaca copii sector 6\",\"parcul pacii\",\"primaria sectorului 6\",\"Sector 6\"],\"articleSection\":[\"Articole\",\"Prim\u0103rie\",\"\u0218tiri\"],\"inLanguage\":\"en-GB\",\"copyrightYear\":\"2025\",\"copyrightHolder\":{\"@id\":\"https:\\\/\\\/buletin.de\\\/bucuresti\\\/#organization\"}},{\"@type\":\"WebPage\",\"@id\":\"https:\\\/\\\/buletin.de\\\/bucuresti\\\/sector-6-primele-imagini-cu-cele-doua-noi-locuri-de-joaca-din-parcul-pacii\\\/\",\"url\":\"https:\\\/\\\/buletin.de\\\/bucuresti\\\/sector-6-primele-imagini-cu-cele-doua-noi-locuri-de-joaca-din-parcul-pacii\\\/\",\"name\":\"Sector 6 | Primele imagini cu cele dou\u0103 noi locuri de joac\u0103 din parcul P\u0103cii - Buletin de Bucure\u0219ti\",\"isPartOf\":{\"@id\":\"https:\\\/\\\/buletin.de\\\/bucuresti\\\/#website\"},\"primaryImageOfPage\":{\"@id\":\"https:\\\/\\\/buletin.de\\\/bucuresti\\\/sector-6-primele-imagini-cu-cele-doua-noi-locuri-de-joaca-din-parcul-pacii\\\/#primaryimage\"},\"image\":{\"@id\":\"https:\\\/\\\/buletin.de\\\/bucuresti\\\/sector-6-primele-imagini-cu-cele-doua-noi-locuri-de-joaca-din-parcul-pacii\\\/#primaryimage\"},\"thumbnailUrl\":\"https:\\\/\\\/buletin.de\\\/bucuresti\\\/wp-content\\\/uploads\\\/2025\\\/04\\\/parcul-pacii-renovat-copii-2.jpg\",\"datePublished\":\"2025-04-26T04:55:53+00:00\",\"dateModified\":\"2025-04-26T05:49:18+00:00\",\"description\":\"Parcul P\u0103cii a fost reamenajat \u015fi are dou\u0103 locuri de joac\u0103 noi, destinate copiilor p\u00e2n\u0103 \u00een \u015fapte ani. Se \u00eenchide \u015fi \u015fantierul Termoenergetica\",\"breadcrumb\":{\"@id\":\"https:\\\/\\\/buletin.de\\\/bucuresti\\\/sector-6-primele-imagini-cu-cele-doua-noi-locuri-de-joaca-din-parcul-pacii\\\/#breadcrumb\"},\"inLanguage\":\"en-GB\",\"potentialAction\":[{\"@type\":\"ReadAction\",\"target\":[\"https:\\\/\\\/buletin.de\\\/bucuresti\\\/sector-6-primele-imagini-cu-cele-doua-noi-locuri-de-joaca-din-parcul-pacii\\\/\"]}]},{\"@type\":\"ImageObject\",\"inLanguage\":\"en-GB\",\"@id\":\"https:\\\/\\\/buletin.de\\\/bucuresti\\\/sector-6-primele-imagini-cu-cele-doua-noi-locuri-de-joaca-din-parcul-pacii\\\/#primaryimage\",\"url\":\"https:\\\/\\\/buletin.de\\\/bucuresti\\\/wp-content\\\/uploads\\\/2025\\\/04\\\/parcul-pacii-renovat-copii-2.jpg\",\"contentUrl\":\"https:\\\/\\\/buletin.de\\\/bucuresti\\\/wp-content\\\/uploads\\\/2025\\\/04\\\/parcul-pacii-renovat-copii-2.jpg\",\"width\":1600,\"height\":1066,\"caption\":\"Parcul P\u0103cii are dou\u0103 noi locuri de joac\u0103. FOTO: FB \\\/ PS6\"},{\"@type\":\"BreadcrumbList\",\"@id\":\"https:\\\/\\\/buletin.de\\\/bucuresti\\\/sector-6-primele-imagini-cu-cele-doua-noi-locuri-de-joaca-din-parcul-pacii\\\/#breadcrumb\",\"itemListElement\":[{\"@type\":\"ListItem\",\"position\":1,\"name\":\"Acas\u0103\",\"item\":\"https:\\\/\\\/buletin.de\\\/bucuresti\\\/\"},{\"@type\":\"ListItem\",\"position\":2,\"name\":\"Sector 6 | Primele imagini cu cele dou\u0103 noi locuri de joac\u0103 din parcul P\u0103cii\"}]},{\"@type\":\"WebSite\",\"@id\":\"https:\\\/\\\/buletin.de\\\/bucuresti\\\/#website\",\"url\":\"https:\\\/\\\/buletin.de\\\/bucuresti\\\/\",\"name\":\"Buletin de Bucure\u0219ti\",\"description\":\"\u0218tiri \u0219i investiga\u021bii esen\u021biale din capital\u0103\",\"publisher\":{\"@id\":\"https:\\\/\\\/buletin.de\\\/bucuresti\\\/#organization\"},\"potentialAction\":[{\"@type\":\"SearchAction\",\"target\":{\"@type\":\"EntryPoint\",\"urlTemplate\":\"https:\\\/\\\/buletin.de\\\/bucuresti\\\/?s={search_term_string}\"},\"query-input\":{\"@type\":\"PropertyValueSpecification\",\"valueRequired\":true,\"valueName\":\"search_term_string\"}}],\"inLanguage\":\"en-GB\"},{\"@type\":\"Organization\",\"@id\":\"https:\\\/\\\/buletin.de\\\/bucuresti\\\/#organization\",\"name\":\"Buletin de Bucure\u0219ti\",\"url\":\"https:\\\/\\\/buletin.de\\\/bucuresti\\\/\",\"logo\":{\"@type\":\"ImageObject\",\"inLanguage\":\"en-GB\",\"@id\":\"https:\\\/\\\/buletin.de\\\/bucuresti\\\/#\\\/schema\\\/logo\\\/image\\\/\",\"url\":\"https:\\\/\\\/buletin.de\\\/bucuresti\\\/wp-content\\\/uploads\\\/logo-bdb-full-wide-vernil-transparent.png\",\"contentUrl\":\"https:\\\/\\\/buletin.de\\\/bucuresti\\\/wp-content\\\/uploads\\\/logo-bdb-full-wide-vernil-transparent.png\",\"width\":1782,\"height\":626,\"caption\":\"Buletin de Bucure\u0219ti\"},\"image\":{\"@id\":\"https:\\\/\\\/buletin.de\\\/bucuresti\\\/#\\\/schema\\\/logo\\\/image\\\/\"},\"sameAs\":[\"https:\\\/\\\/www.facebook.com\\\/buletin.de.buc\",\"https:\\\/\\\/www.instagram.com\\\/buletinde.bucuresti\\\/\"]},{\"@type\":\"Person\",\"@id\":\"https:\\\/\\\/buletin.de\\\/bucuresti\\\/#\\\/schema\\\/person\\\/5272b8a057b33890940b57b837fc4ce6\",\"name\":\"Ionu\u021b Lepa\",\"image\":{\"@type\":\"ImageObject\",\"inLanguage\":\"en-GB\",\"@id\":\"https:\\\/\\\/buletin.de\\\/bucuresti\\\/wp-content\\\/uploads\\\/Ionut-Lepa-96x96.jpg5c4e4d9e049808799a8821652d2410a4\",\"url\":\"https:\\\/\\\/buletin.de\\\/bucuresti\\\/wp-content\\\/uploads\\\/Ionut-Lepa-96x96.jpg\",\"contentUrl\":\"https:\\\/\\\/buletin.de\\\/bucuresti\\\/wp-content\\\/uploads\\\/Ionut-Lepa-96x96.jpg\",\"caption\":\"Ionu\u021b Lepa\"},\"url\":\"https:\\\/\\\/buletin.de\\\/bucuresti\\\/author\\\/ionutlepa\\\/\"}]}<\/script>\n<!-- \/ Yoast SEO Premium plugin. -->","yoast_head_json":{"title":"Sector 6 | Primele imagini cu cele dou\u0103 noi locuri de joac\u0103 din parcul P\u0103cii - Buletin de Bucure\u0219ti","description":"Parcul P\u0103cii a fost reamenajat \u015fi are dou\u0103 locuri de joac\u0103 noi, destinate copiilor p\u00e2n\u0103 \u00een \u015fapte ani. Se \u00eenchide \u015fi \u015fantierul Termoenergetica","robots":{"index":"index","follow":"follow","max-snippet":"max-snippet:-1","max-image-preview":"max-image-preview:large","max-video-preview":"max-video-preview:-1"},"canonical":"https:\/\/buletin.de\/bucuresti\/sector-6-primele-imagini-cu-cele-doua-noi-locuri-de-joaca-din-parcul-pacii\/","og_locale":"en_GB","og_type":"article","og_title":"Sector 6 | Primele imagini cu cele dou\u0103 noi locuri de joac\u0103 din parcul P\u0103cii","og_description":"Parcul P\u0103cii a fost reamenajat \u015fi are dou\u0103 locuri de joac\u0103 noi, destinate copiilor p\u00e2n\u0103 \u00een \u015fapte ani. Se \u00eenchide \u015fi \u015fantierul Termoenergetica","og_url":"https:\/\/buletin.de\/bucuresti\/sector-6-primele-imagini-cu-cele-doua-noi-locuri-de-joaca-din-parcul-pacii\/","og_site_name":"Buletin de Bucure\u0219ti","article_publisher":"https:\/\/www.facebook.com\/buletin.de.buc","article_published_time":"2025-04-26T04:55:53+00:00","article_modified_time":"2025-04-26T05:49:18+00:00","og_image":[{"width":1600,"height":1066,"url":"https:\/\/buletin.de\/bucuresti\/wp-content\/uploads\/2025\/04\/parcul-pacii-renovat-copii-2.jpg","type":"image\/jpeg"}],"author":"Ionu\u021b Lepa","twitter_card":"summary_large_image","twitter_misc":{"Written by":"Ionu\u021b Lepa","Estimated reading time":"4 minutes"},"schema":{"@context":"https:\/\/schema.org","@graph":[{"@type":"Article","@id":"https:\/\/buletin.de\/bucuresti\/sector-6-primele-imagini-cu-cele-doua-noi-locuri-de-joaca-din-parcul-pacii\/#article","isPartOf":{"@id":"https:\/\/buletin.de\/bucuresti\/sector-6-primele-imagini-cu-cele-doua-noi-locuri-de-joaca-din-parcul-pacii\/"},"author":{"name":"Ionu\u021b Lepa","@id":"https:\/\/buletin.de\/bucuresti\/#\/schema\/person\/5272b8a057b33890940b57b837fc4ce6"},"headline":"Sector 6 | Primele imagini cu cele dou\u0103 noi locuri de joac\u0103 din parcul P\u0103cii","datePublished":"2025-04-26T04:55:53+00:00","dateModified":"2025-04-26T05:49:18+00:00","mainEntityOfPage":{"@id":"https:\/\/buletin.de\/bucuresti\/sector-6-primele-imagini-cu-cele-doua-noi-locuri-de-joaca-din-parcul-pacii\/"},"wordCount":492,"publisher":{"@id":"https:\/\/buletin.de\/bucuresti\/#organization"},"image":{"@id":"https:\/\/buletin.de\/bucuresti\/sector-6-primele-imagini-cu-cele-doua-noi-locuri-de-joaca-din-parcul-pacii\/#primaryimage"},"thumbnailUrl":"https:\/\/buletin.de\/bucuresti\/wp-content\/uploads\/2025\/04\/parcul-pacii-renovat-copii-2.jpg","keywords":["adpdu sector 6","locuri de joaca copii sector 6","parcul pacii","primaria sectorului 6","Sector 6"],"articleSection":["Articole","Prim\u0103rie","\u0218tiri"],"inLanguage":"en-GB","copyrightYear":"2025","copyrightHolder":{"@id":"https:\/\/buletin.de\/bucuresti\/#organization"}},{"@type":"WebPage","@id":"https:\/\/buletin.de\/bucuresti\/sector-6-primele-imagini-cu-cele-doua-noi-locuri-de-joaca-din-parcul-pacii\/","url":"https:\/\/buletin.de\/bucuresti\/sector-6-primele-imagini-cu-cele-doua-noi-locuri-de-joaca-din-parcul-pacii\/","name":"Sector 6 | Primele imagini cu cele dou\u0103 noi locuri de joac\u0103 din parcul P\u0103cii - Buletin de Bucure\u0219ti","isPartOf":{"@id":"https:\/\/buletin.de\/bucuresti\/#website"},"primaryImageOfPage":{"@id":"https:\/\/buletin.de\/bucuresti\/sector-6-primele-imagini-cu-cele-doua-noi-locuri-de-joaca-din-parcul-pacii\/#primaryimage"},"image":{"@id":"https:\/\/buletin.de\/bucuresti\/sector-6-primele-imagini-cu-cele-doua-noi-locuri-de-joaca-din-parcul-pacii\/#primaryimage"},"thumbnailUrl":"https:\/\/buletin.de\/bucuresti\/wp-content\/uploads\/2025\/04\/parcul-pacii-renovat-copii-2.jpg","datePublished":"2025-04-26T04:55:53+00:00","dateModified":"2025-04-26T05:49:18+00:00","description":"Parcul P\u0103cii a fost reamenajat \u015fi are dou\u0103 locuri de joac\u0103 noi, destinate copiilor p\u00e2n\u0103 \u00een \u015fapte ani. Se \u00eenchide \u015fi \u015fantierul Termoenergetica","breadcrumb":{"@id":"https:\/\/buletin.de\/bucuresti\/sector-6-primele-imagini-cu-cele-doua-noi-locuri-de-joaca-din-parcul-pacii\/#breadcrumb"},"inLanguage":"en-GB","potentialAction":[{"@type":"ReadAction","target":["https:\/\/buletin.de\/bucuresti\/sector-6-primele-imagini-cu-cele-doua-noi-locuri-de-joaca-din-parcul-pacii\/"]}]},{"@type":"ImageObject","inLanguage":"en-GB","@id":"https:\/\/buletin.de\/bucuresti\/sector-6-primele-imagini-cu-cele-doua-noi-locuri-de-joaca-din-parcul-pacii\/#primaryimage","url":"https:\/\/buletin.de\/bucuresti\/wp-content\/uploads\/2025\/04\/parcul-pacii-renovat-copii-2.jpg","contentUrl":"https:\/\/buletin.de\/bucuresti\/wp-content\/uploads\/2025\/04\/parcul-pacii-renovat-copii-2.jpg","width":1600,"height":1066,"caption":"Parcul P\u0103cii are dou\u0103 noi locuri de joac\u0103. FOTO: FB \/ PS6"},{"@type":"BreadcrumbList","@id":"https:\/\/buletin.de\/bucuresti\/sector-6-primele-imagini-cu-cele-doua-noi-locuri-de-joaca-din-parcul-pacii\/#breadcrumb","itemListElement":[{"@type":"ListItem","position":1,"name":"Acas\u0103","item":"https:\/\/buletin.de\/bucuresti\/"},{"@type":"ListItem","position":2,"name":"Sector 6 | Primele imagini cu cele dou\u0103 noi locuri de joac\u0103 din parcul P\u0103cii"}]},{"@type":"WebSite","@id":"https:\/\/buletin.de\/bucuresti\/#website","url":"https:\/\/buletin.de\/bucuresti\/","name":"Buletin de Bucure\u0219ti","description":"\u0218tiri \u0219i investiga\u021bii esen\u021biale din capital\u0103","publisher":{"@id":"https:\/\/buletin.de\/bucuresti\/#organization"},"potentialAction":[{"@type":"SearchAction","target":{"@type":"EntryPoint","urlTemplate":"https:\/\/buletin.de\/bucuresti\/?s={search_term_string}"},"query-input":{"@type":"PropertyValueSpecification","valueRequired":true,"valueName":"search_term_string"}}],"inLanguage":"en-GB"},{"@type":"Organization","@id":"https:\/\/buletin.de\/bucuresti\/#organization","name":"Buletin de Bucure\u0219ti","url":"https:\/\/buletin.de\/bucuresti\/","logo":{"@type":"ImageObject","inLanguage":"en-GB","@id":"https:\/\/buletin.de\/bucuresti\/#\/schema\/logo\/image\/","url":"https:\/\/buletin.de\/bucuresti\/wp-content\/uploads\/logo-bdb-full-wide-vernil-transparent.png","contentUrl":"https:\/\/buletin.de\/bucuresti\/wp-content\/uploads\/logo-bdb-full-wide-vernil-transparent.png","width":1782,"height":626,"caption":"Buletin de Bucure\u0219ti"},"image":{"@id":"https:\/\/buletin.de\/bucuresti\/#\/schema\/logo\/image\/"},"sameAs":["https:\/\/www.facebook.com\/buletin.de.buc","https:\/\/www.instagram.com\/buletinde.bucuresti\/"]},{"@type":"Person","@id":"https:\/\/buletin.de\/bucuresti\/#\/schema\/person\/5272b8a057b33890940b57b837fc4ce6","name":"Ionu\u021b Lepa","image":{"@type":"ImageObject","inLanguage":"en-GB","@id":"https:\/\/buletin.de\/bucuresti\/wp-content\/uploads\/Ionut-Lepa-96x96.jpg5c4e4d9e049808799a8821652d2410a4","url":"https:\/\/buletin.de\/bucuresti\/wp-content\/uploads\/Ionut-Lepa-96x96.jpg","contentUrl":"https:\/\/buletin.de\/bucuresti\/wp-content\/uploads\/Ionut-Lepa-96x96.jpg","caption":"Ionu\u021b Lepa"},"url":"https:\/\/buletin.de\/bucuresti\/author\/ionutlepa\/"}]}},"authors":[{"term_id":22586,"user_id":8,"is_guest":0,"slug":"ionutlepa","display_name":"Ionu\u021b Lepa","avatar_url":"https:\/\/buletin.de\/bucuresti\/wp-content\/uploads\/Ionut-Lepa-96x96.jpg","0":null,"1":"","2":"","3":"","4":"","5":"","6":"","7":"","8":""}],"_links":{"self":[{"href":"https:\/\/buletin.de\/bucuresti\/wp-json\/wp\/v2\/posts\/127718","targetHints":{"allow":["GET"]}}],"collection":[{"href":"https:\/\/buletin.de\/bucuresti\/wp-json\/wp\/v2\/posts"}],"about":[{"href":"https:\/\/buletin.de\/bucuresti\/wp-json\/wp\/v2\/types\/post"}],"author":[{"embeddable":true,"href":"https:\/\/buletin.de\/bucuresti\/wp-json\/wp\/v2\/users\/8"}],"replies":[{"embeddable":true,"href":"https:\/\/buletin.de\/bucuresti\/wp-json\/wp\/v2\/comments?post=127718"}],"version-history":[{"count":4,"href":"https:\/\/buletin.de\/bucuresti\/wp-json\/wp\/v2\/posts\/127718\/revisions"}],"predecessor-version":[{"id":127759,"href":"https:\/\/buletin.de\/bucuresti\/wp-json\/wp\/v2\/posts\/127718\/revisions\/127759"}],"wp:featuredmedia":[{"embeddable":true,"href":"https:\/\/buletin.de\/bucuresti\/wp-json\/wp\/v2\/media\/127751"}],"wp:attachment":[{"href":"https:\/\/buletin.de\/bucuresti\/wp-json\/wp\/v2\/media?parent=127718"}],"wp:term":[{"taxonomy":"category","embeddable":true,"href":"https:\/\/buletin.de\/bucuresti\/wp-json\/wp\/v2\/categories?post=127718"},{"taxonomy":"post_tag","embeddable":true,"href":"https:\/\/buletin.de\/bucuresti\/wp-json\/wp\/v2\/tags?post=127718"},{"taxonomy":"author","embeddable":true,"href":"https:\/\/buletin.de\/bucuresti\/wp-json\/wp\/v2\/ppma_author?post=127718"}],"curies":[{"name":"wp","href":"https:\/\/api.w.org\/{rel}","templated":true}]}}