{"id":127557,"date":"2025-04-25T06:23:00","date_gmt":"2025-04-25T03:23:00","guid":{"rendered":"https:\/\/buletin.de\/bucuresti\/?p=127557"},"modified":"2025-04-24T22:41:55","modified_gmt":"2025-04-24T19:41:55","slug":"neversea-kapital-2025-festivalul-organizat-de-untold-pe-arena-nationala-va-avea-loc-intre-4-si-6-iulie","status":"publish","type":"post","link":"https:\/\/buletin.de\/bucuresti\/neversea-kapital-2025-festivalul-organizat-de-untold-pe-arena-nationala-va-avea-loc-intre-4-si-6-iulie\/","title":{"rendered":"Neversea Kapital 2025 | Festivalul organizat de Untold pe Arena Na\u021bional\u0103 va avea loc \u00eentre 4 \u0219i 6 iulie"},"content":{"rendered":"\n<p><strong>Prima edi\u021bie a festivalului pe care grupul Untold Universe \u00eel va organiza pe Arena Na\u021bional\u0103 \u00een var\u0103 se va numi \u201eNeversea Kapital\u201d \u0219i va avea loc \u00eentre 4 \u0219i 6 iulie. Decizia vine dup\u0103 ce organizatorul evenimentelor Neversea \u0219i Untold a anun\u021bat anularea celui de pe litoral.<\/strong><\/p>\n\n\n\n<p><strong>Organizatorii au semnat deja un protocol de colaborare cu Prim\u0103ria Capitalei, pentru a putea organiza evenimentul pe stadionul din Capital\u0103.<\/strong><\/p>\n\n\n\n<p>\u201eConceptul de baz\u0103 de la care am plecat, NEVERSEA, este un concept special, devenind \u00een timp cel mai mare \u0219i cel mai spectaculos festival pe plaj\u0103 din Europa. <\/p>\n\n\n\n<p>Am investit ca echip\u0103 mult\u0103 pasiune, efort, energie \u0219i resurse considerabile pentru a-l aduce \u00een acest punct, iar odat\u0103 cu elementele specifice pe care le va aduce Capitala, credem cu t\u0103rie c\u0103 festivalul KAPITAL va fi un motiv de m\u00e2ndrie pentru Bucure\u0219ti \u0219i va deveni pe viitor un nou mega-festival cu renume mondial, al\u0103turi de UNTOLD\u201d, a declarat fondatorul Untold Universe, Bogdan Buta, printr-un comunicat.<\/p>\n\n\n\n<p><strong>CITE\u0218TE \u0218I:<\/strong> <strong><a href=\"https:\/\/buletin.de\/bucuresti\/arena-nationala-mai-mult-goala-la-meciul-fcsb-cfr-cluj-pastele-a-batut-derby-ul\/\" target=\"_blank\" rel=\"noreferrer noopener\">Arena Na\u021bional\u0103, mai mult goal\u0103 la meciul FCSB-CFR Cluj. Pa\u0219tele a b\u0103tut derby-ul<\/a><\/strong><\/p>\n\n\n\n<div class=\"wp-block-buttons is-content-justification-center is-layout-flex wp-container-core-buttons-is-layout-16018d1d wp-block-buttons-is-layout-flex\">\n<div class=\"wp-block-button has-custom-width wp-block-button__width-100\"><a class=\"wp-block-button__link wp-element-button\" href=\"https:\/\/www.patreon.com\/BuletinDeBucuresti\"><strong>Sus\u021bine Buletin de Bucure\u0219ti pentru investiga\u021bii, reportaje \u0219i \u0219tiri Locale<\/strong><\/a><\/div>\n<\/div>\n\n\n\n<h2 class=\"wp-block-heading\" id=\"h-neversea-kapital-2025-pe-arena-na\u021bionala\">Neversea Kapital 2025 pe Arena Na\u021bional\u0103<\/h2>\n\n\n\n<p><strong>Organizatorii anun\u0163\u0103 c\u0103, \u00eencep\u00e2nd cu 2026, evenimentul va avea o identitate proprie \u0219i se va numi doar KAPITAL Festival.<\/strong><\/p>\n\n\n\n<p>Pentru accesul la abonamentele de lansare, pasiona\u0163ii de muzic\u0103 \u015fi divertisment se pot \u00eenregistra pe <a href=\"http:\/\/neversea.com\" target=\"_blank\" rel=\"noreferrer noopener\">neversea.com<\/a> \u0219i vor primi un voucher de 150 de lei la achizi\u0163ia biletelor early\u2011bird.<\/p>\n\n\n\n<p>Timp de trei zile \u015fi trei nop\u0163i, festivalierii vor asista la show\u2011uri ale unor arti\u015fti interna\u0163ionali de top, vor descoperi designuri de scene spectaculoase, experien\u0163e culinare inedite, activ\u0103ri tehnologice de ultim\u0103 genera\u0163ie, street art \u015fi fashion, au transmis organizatorii.<\/p>\n\n\n\n<iframe width=\"560\" height=\"315\" src=\"https:\/\/www.youtube.com\/embed\/WN6bf6zi-rU?si=GT5efnFiIIfC2iBM\" title=\"YouTube video player\" frameborder=\"0\" allow=\"accelerometer; autoplay; clipboard-write; encrypted-media; gyroscope; picture-in-picture; web-share\" referrerpolicy=\"strict-origin-when-cross-origin\" allowfullscreen><\/iframe>\n\n\n\n<h2 class=\"wp-block-heading\" id=\"h-peste-150-000-participan\u021bi-estimarea-organizatorilor\"><strong>Peste 150.000 participan\u021bi, estimarea organizatorilor <\/strong><\/h2>\n\n\n\n<p>Neversea Kapital va fi organizat \u00een baza unui parteneriat pe termen lung cu PMB, au declarat organizatorii, care au spus \u0219i c\u0103 au semnat un protocol de colaborare pe cinci ani.<\/p>\n\n\n\n<p>Primarul general Nicu\u0219or Dan a spus c\u0103 astfel de evenimente au adus mai multe beneficii \u00een ora\u0219ele \u00een care s-au organizat, precum Cluj-Napoca \u0219i Constan\u021ba, prin num\u0103rul mare de turi\u0219ti str\u0103ini \u0219i felul \u00een care contribuie la \u201ebrandingul ora\u0219ului\u201d.<\/p>\n\n\n\n<p><strong>\u00cen ceea ce prive\u0219te capacitatea, organizatorii estimeaz\u0103 o participare de aproximativ 40.000 de persoane pe zi, ceea ce \u00eenseamn\u0103 un total de 150.000 \u2013 200.000 de participan\u021bi pe parcursul celor trei sau patru zile de festival.<\/strong><\/p>\n\n\n\n<p>\u00centrebat de costurile pe care le va genera acest festival, organizatorii au spus c\u0103 \u201evorbim cu siguran\u021b\u0103 de&nbsp;<strong>c\u00e2teva milioane de euro.<\/strong>&nbsp;Acestea sunt costurile la care se ridic\u0103 orice proiect de-al nostru\u201d.<\/p>\n\n\n\n<p>Festivalul va avea o anvergur\u0103 comparabil\u0103 cu primele edi\u021bii ale Untold Cluj sau Neversea, au mai declarat organizatorii. Scena principal\u0103 va fi pe Arena Na\u021bional\u0103, \u00eens\u0103 vor fi luate \u00een calcul \u0219i alte loca\u021bii secundare, pe modelul festivalului de la Cluj.<\/p>\n\n\n\n<p>De asemenea, organizatorii au men\u021bionat c\u0103 aceast\u0103 edi\u021bie va fi diferit\u0103, pentru c\u0103 va \u00eencepe pe timp de zi \u0219i vor exista inclusiv zone speciale pentru familii.<\/p>\n\n\n\n<h2 class=\"wp-block-heading\" id=\"h-ce-masuri-de-siguran\u021ba-vor-lua-organizatorii\">Ce m\u0103suri de siguran\u021b\u0103 vor lua organizatorii<\/h2>\n\n\n\n<p>Reprezentan\u021bii Untold au declarat c\u0103 sunt con\u0219tien\u021bi de<strong>&nbsp;<\/strong>impactul pe care un astfel de eveniment \u00eel are asupra comunit\u0103\u021bii locale<strong>&nbsp;<\/strong>\u0219i c\u0103 vor lua m\u0103suri pentru a minimiza disconfortul pentru locuitorii din zona Arenei Na\u021bionale.<\/p>\n\n\n\n<blockquote class=\"wp-block-quote is-layout-flow wp-block-quote-is-layout-flow\">\n<p>Pot s\u0103 v\u0103 spun c\u0103, din experien\u021ba celorlalte ora\u0219e, suntem foarte aten\u021bi la m\u0103surile pe care putem s\u0103 le lu\u0103m \u0219i exist\u0103 solu\u021bii\u201d.<\/p>\n<cite>reprezentant untold<\/cite><\/blockquote>\n\n\n\n<p>De asemenea, au subliniat c\u0103 exist\u0103 o&nbsp;<strong>politic\u0103 de toleran\u021b\u0103 zero fa\u021b\u0103 de consumul de droguri<\/strong>&nbsp;\u00een incinta festivalului.<\/p>\n\n\n\n<p><em>\u201eAvem deschidere 100% \u00een a sprijini orice fel de activit\u0103\u021bi pe care reprezentan\u021bii MAI vor s\u0103 le fac\u0103 \u00een perimetrul festivalului, chiar dac\u0103 vorbim de campanii de informare sau controale\u201d,<\/em>&nbsp;a ad\u0103ugat Edy Chereji.<\/p>\n\n\n\n<p>\u00centrebat dac\u0103 nu crede c\u0103 ar trebui s\u0103 existe o alt\u0103 abordare a problemei drogurilor, precum corturile de testare a substan\u021belor, a\u0219a cum se \u00eent\u00e2mpl\u0103 la multe festivaluri din vestul Europei, reprezentantul Untold a spus c\u0103&nbsp;<em>\u201ee o \u00eentrebare care ar trebui s\u0103 preocupe mai ales autorit\u0103\u021bile din \u00eentreaga \u021bar\u0103. Noi, cei care facem evenimente private sprijinim aceste m\u0103suri, fiecare ne putem pozi\u021biona \u00eentr-un fel sau altul, noi ne pozi\u021bion\u0103m \u00een a spune c\u0103 avem toleran\u021b\u0103 zero\u201d.<\/em><\/p>\n\n\n\n<p><strong>CITE\u0218TE \u0218I:<\/strong> <strong><strong><a href=\"https:\/\/buletin.de\/bucuresti\/oficial-untold-pe-arena-nationala-organizatorii-se-asteapta-la-peste-150-000-de-participanti\/\" target=\"_blank\" rel=\"noreferrer noopener\">Oficial: Untold pe Arena Na\u021bional\u0103. Organizatorii se a\u0219teapt\u0103 la peste 150.000 de participan\u021bi<\/a><\/strong><\/strong><\/p>\n\n\n\n<p><\/p>\n","protected":false},"excerpt":{"rendered":"<p>Prima edi\u021bie a festivalului pe care grupul Untold Universe \u00eel va organiza pe Arena Na\u021bional\u0103 \u00een var\u0103 se va numi \u201eNeversea Kapital\u201d \u0219i va avea loc \u00eentre 4 \u0219i 6 iulie. Decizia vine dup\u0103 ce organizatorul evenimentelor Neversea \u0219i Untold a anun\u021bat anularea celui de pe litoral. Organizatorii au semnat deja un protocol de colaborare [&hellip;]<\/p>\n","protected":false},"author":59,"featured_media":127558,"comment_status":"closed","ping_status":"open","sticky":false,"template":"","format":"standard","meta":{"_acf_changed":false,"inline_featured_image":false,"ngg_post_thumbnail":0,"footnotes":""},"categories":[6994,81,5762],"tags":[261,9,2054,20852],"ppma_author":[22572],"class_list":["post-127557","post","type-post","status-publish","format-standard","has-post-thumbnail","hentry","category-stiri-2","category-cultura","category-main","tag-arena-nationala","tag-bucuresti","tag-capitala","tag-neversea-kapital-festival-2025"],"acf":[],"yoast_head":"<!-- This site is optimized with the Yoast SEO Premium plugin v25.3 (Yoast SEO v27.4) - https:\/\/yoast.com\/product\/yoast-seo-premium-wordpress\/ -->\n<title>Neversea Kapital 2025 | Festivalul organizat de Untold pe Arena Na\u021bional\u0103 va avea loc \u00eentre 4 \u0219i 6 iulie - Buletin de Bucure\u0219ti<\/title>\n<meta name=\"description\" content=\"Prima edi\u021bie a festivalului pe care grupul Untold Universe \u00eel va organiza pe Arena Na\u021bional\u0103 se va numi \u201eNeversea Kapital\u201d.\" \/>\n<meta name=\"robots\" content=\"index, follow, max-snippet:-1, max-image-preview:large, max-video-preview:-1\" \/>\n<link rel=\"canonical\" href=\"https:\/\/buletin.de\/bucuresti\/neversea-kapital-2025-festivalul-organizat-de-untold-pe-arena-nationala-va-avea-loc-intre-4-si-6-iulie\/\" \/>\n<meta property=\"og:locale\" content=\"en_GB\" \/>\n<meta property=\"og:type\" content=\"article\" \/>\n<meta property=\"og:title\" content=\"Neversea Kapital 2025 | Festivalul organizat de Untold pe Arena Na\u021bional\u0103 va avea loc \u00eentre 4 \u0219i 6 iulie\" \/>\n<meta property=\"og:description\" content=\"Prima edi\u021bie a festivalului pe care grupul Untold Universe \u00eel va organiza pe Arena Na\u021bional\u0103 se va numi \u201eNeversea Kapital\u201d.\" \/>\n<meta property=\"og:url\" content=\"https:\/\/buletin.de\/bucuresti\/neversea-kapital-2025-festivalul-organizat-de-untold-pe-arena-nationala-va-avea-loc-intre-4-si-6-iulie\/\" \/>\n<meta property=\"og:site_name\" content=\"Buletin de Bucure\u0219ti\" \/>\n<meta property=\"article:publisher\" content=\"https:\/\/www.facebook.com\/buletin.de.buc\" \/>\n<meta property=\"article:published_time\" content=\"2025-04-25T03:23:00+00:00\" \/>\n<meta property=\"og:image\" content=\"https:\/\/buletin.de\/bucuresti\/wp-content\/uploads\/2025\/04\/KAPITAL_NEVERSEA_final-1.jpg\" \/>\n\t<meta property=\"og:image:width\" content=\"2480\" \/>\n\t<meta property=\"og:image:height\" content=\"1860\" \/>\n\t<meta property=\"og:image:type\" content=\"image\/jpeg\" \/>\n<meta name=\"author\" content=\"C\u0103t\u0103lin Anghel-Dimache\" \/>\n<meta name=\"twitter:card\" content=\"summary_large_image\" \/>\n<meta name=\"twitter:label1\" content=\"Written by\" \/>\n\t<meta name=\"twitter:data1\" content=\"C\u0103t\u0103lin Anghel-Dimache\" \/>\n\t<meta name=\"twitter:label2\" content=\"Estimated reading time\" \/>\n\t<meta name=\"twitter:data2\" content=\"4 minutes\" \/>\n<script type=\"application\/ld+json\" class=\"yoast-schema-graph\">{\"@context\":\"https:\\\/\\\/schema.org\",\"@graph\":[{\"@type\":\"Article\",\"@id\":\"https:\\\/\\\/buletin.de\\\/bucuresti\\\/neversea-kapital-2025-festivalul-organizat-de-untold-pe-arena-nationala-va-avea-loc-intre-4-si-6-iulie\\\/#article\",\"isPartOf\":{\"@id\":\"https:\\\/\\\/buletin.de\\\/bucuresti\\\/neversea-kapital-2025-festivalul-organizat-de-untold-pe-arena-nationala-va-avea-loc-intre-4-si-6-iulie\\\/\"},\"author\":{\"name\":\"C\u0103t\u0103lin Anghel-Dimache\",\"@id\":\"https:\\\/\\\/buletin.de\\\/bucuresti\\\/#\\\/schema\\\/person\\\/0ac9db30080482be87c7386a30f98796\"},\"headline\":\"Neversea Kapital 2025 | Festivalul organizat de Untold pe Arena Na\u021bional\u0103 va avea loc \u00eentre 4 \u0219i 6 iulie\",\"datePublished\":\"2025-04-25T03:23:00+00:00\",\"mainEntityOfPage\":{\"@id\":\"https:\\\/\\\/buletin.de\\\/bucuresti\\\/neversea-kapital-2025-festivalul-organizat-de-untold-pe-arena-nationala-va-avea-loc-intre-4-si-6-iulie\\\/\"},\"wordCount\":786,\"publisher\":{\"@id\":\"https:\\\/\\\/buletin.de\\\/bucuresti\\\/#organization\"},\"image\":{\"@id\":\"https:\\\/\\\/buletin.de\\\/bucuresti\\\/neversea-kapital-2025-festivalul-organizat-de-untold-pe-arena-nationala-va-avea-loc-intre-4-si-6-iulie\\\/#primaryimage\"},\"thumbnailUrl\":\"https:\\\/\\\/buletin.de\\\/bucuresti\\\/wp-content\\\/uploads\\\/2025\\\/04\\\/KAPITAL_NEVERSEA_final-1.jpg\",\"keywords\":[\"arena nationala\",\"bucuresti\",\"Capitala\",\"Neversea Kapital Festival 2025\"],\"articleSection\":[\"Articole\",\"Cultur\u0103\",\"Main\"],\"inLanguage\":\"en-GB\",\"copyrightYear\":\"2025\",\"copyrightHolder\":{\"@id\":\"https:\\\/\\\/buletin.de\\\/bucuresti\\\/#organization\"}},{\"@type\":\"WebPage\",\"@id\":\"https:\\\/\\\/buletin.de\\\/bucuresti\\\/neversea-kapital-2025-festivalul-organizat-de-untold-pe-arena-nationala-va-avea-loc-intre-4-si-6-iulie\\\/\",\"url\":\"https:\\\/\\\/buletin.de\\\/bucuresti\\\/neversea-kapital-2025-festivalul-organizat-de-untold-pe-arena-nationala-va-avea-loc-intre-4-si-6-iulie\\\/\",\"name\":\"Neversea Kapital 2025 | Festivalul organizat de Untold pe Arena Na\u021bional\u0103 va avea loc \u00eentre 4 \u0219i 6 iulie - Buletin de Bucure\u0219ti\",\"isPartOf\":{\"@id\":\"https:\\\/\\\/buletin.de\\\/bucuresti\\\/#website\"},\"primaryImageOfPage\":{\"@id\":\"https:\\\/\\\/buletin.de\\\/bucuresti\\\/neversea-kapital-2025-festivalul-organizat-de-untold-pe-arena-nationala-va-avea-loc-intre-4-si-6-iulie\\\/#primaryimage\"},\"image\":{\"@id\":\"https:\\\/\\\/buletin.de\\\/bucuresti\\\/neversea-kapital-2025-festivalul-organizat-de-untold-pe-arena-nationala-va-avea-loc-intre-4-si-6-iulie\\\/#primaryimage\"},\"thumbnailUrl\":\"https:\\\/\\\/buletin.de\\\/bucuresti\\\/wp-content\\\/uploads\\\/2025\\\/04\\\/KAPITAL_NEVERSEA_final-1.jpg\",\"datePublished\":\"2025-04-25T03:23:00+00:00\",\"description\":\"Prima edi\u021bie a festivalului pe care grupul Untold Universe \u00eel va organiza pe Arena Na\u021bional\u0103 se va numi \u201eNeversea Kapital\u201d.\",\"breadcrumb\":{\"@id\":\"https:\\\/\\\/buletin.de\\\/bucuresti\\\/neversea-kapital-2025-festivalul-organizat-de-untold-pe-arena-nationala-va-avea-loc-intre-4-si-6-iulie\\\/#breadcrumb\"},\"inLanguage\":\"en-GB\",\"potentialAction\":[{\"@type\":\"ReadAction\",\"target\":[\"https:\\\/\\\/buletin.de\\\/bucuresti\\\/neversea-kapital-2025-festivalul-organizat-de-untold-pe-arena-nationala-va-avea-loc-intre-4-si-6-iulie\\\/\"]}]},{\"@type\":\"ImageObject\",\"inLanguage\":\"en-GB\",\"@id\":\"https:\\\/\\\/buletin.de\\\/bucuresti\\\/neversea-kapital-2025-festivalul-organizat-de-untold-pe-arena-nationala-va-avea-loc-intre-4-si-6-iulie\\\/#primaryimage\",\"url\":\"https:\\\/\\\/buletin.de\\\/bucuresti\\\/wp-content\\\/uploads\\\/2025\\\/04\\\/KAPITAL_NEVERSEA_final-1.jpg\",\"contentUrl\":\"https:\\\/\\\/buletin.de\\\/bucuresti\\\/wp-content\\\/uploads\\\/2025\\\/04\\\/KAPITAL_NEVERSEA_final-1.jpg\",\"width\":2000,\"height\":1500,\"caption\":\"Neversea Kapital 2025 | Festivalul organizat de Untold pe Arena Na\u021bional\u0103 va avea loc \u00eentre 4 \u0219i 6 iulie. Foto: Untold Universe\"},{\"@type\":\"BreadcrumbList\",\"@id\":\"https:\\\/\\\/buletin.de\\\/bucuresti\\\/neversea-kapital-2025-festivalul-organizat-de-untold-pe-arena-nationala-va-avea-loc-intre-4-si-6-iulie\\\/#breadcrumb\",\"itemListElement\":[{\"@type\":\"ListItem\",\"position\":1,\"name\":\"Acas\u0103\",\"item\":\"https:\\\/\\\/buletin.de\\\/bucuresti\\\/\"},{\"@type\":\"ListItem\",\"position\":2,\"name\":\"Neversea Kapital 2025 | Festivalul organizat de Untold pe Arena Na\u021bional\u0103 va avea loc \u00eentre 4 \u0219i 6 iulie\"}]},{\"@type\":\"WebSite\",\"@id\":\"https:\\\/\\\/buletin.de\\\/bucuresti\\\/#website\",\"url\":\"https:\\\/\\\/buletin.de\\\/bucuresti\\\/\",\"name\":\"Buletin de Bucure\u0219ti\",\"description\":\"\u0218tiri \u0219i investiga\u021bii esen\u021biale din capital\u0103\",\"publisher\":{\"@id\":\"https:\\\/\\\/buletin.de\\\/bucuresti\\\/#organization\"},\"potentialAction\":[{\"@type\":\"SearchAction\",\"target\":{\"@type\":\"EntryPoint\",\"urlTemplate\":\"https:\\\/\\\/buletin.de\\\/bucuresti\\\/?s={search_term_string}\"},\"query-input\":{\"@type\":\"PropertyValueSpecification\",\"valueRequired\":true,\"valueName\":\"search_term_string\"}}],\"inLanguage\":\"en-GB\"},{\"@type\":\"Organization\",\"@id\":\"https:\\\/\\\/buletin.de\\\/bucuresti\\\/#organization\",\"name\":\"Buletin de Bucure\u0219ti\",\"url\":\"https:\\\/\\\/buletin.de\\\/bucuresti\\\/\",\"logo\":{\"@type\":\"ImageObject\",\"inLanguage\":\"en-GB\",\"@id\":\"https:\\\/\\\/buletin.de\\\/bucuresti\\\/#\\\/schema\\\/logo\\\/image\\\/\",\"url\":\"https:\\\/\\\/buletin.de\\\/bucuresti\\\/wp-content\\\/uploads\\\/logo-bdb-full-wide-vernil-transparent.png\",\"contentUrl\":\"https:\\\/\\\/buletin.de\\\/bucuresti\\\/wp-content\\\/uploads\\\/logo-bdb-full-wide-vernil-transparent.png\",\"width\":1782,\"height\":626,\"caption\":\"Buletin de Bucure\u0219ti\"},\"image\":{\"@id\":\"https:\\\/\\\/buletin.de\\\/bucuresti\\\/#\\\/schema\\\/logo\\\/image\\\/\"},\"sameAs\":[\"https:\\\/\\\/www.facebook.com\\\/buletin.de.buc\",\"https:\\\/\\\/www.instagram.com\\\/buletinde.bucuresti\\\/\"]},{\"@type\":\"Person\",\"@id\":\"https:\\\/\\\/buletin.de\\\/bucuresti\\\/#\\\/schema\\\/person\\\/0ac9db30080482be87c7386a30f98796\",\"name\":\"C\u0103t\u0103lin Anghel-Dimache\",\"image\":{\"@type\":\"ImageObject\",\"inLanguage\":\"en-GB\",\"@id\":\"https:\\\/\\\/buletin.de\\\/bucuresti\\\/wp-content\\\/uploads\\\/Catalin-Anghel-Dimache-96x96.jpgbd9e43c5b25186d5b8e917ac61ad86c4\",\"url\":\"https:\\\/\\\/buletin.de\\\/bucuresti\\\/wp-content\\\/uploads\\\/Catalin-Anghel-Dimache-96x96.jpg\",\"contentUrl\":\"https:\\\/\\\/buletin.de\\\/bucuresti\\\/wp-content\\\/uploads\\\/Catalin-Anghel-Dimache-96x96.jpg\",\"caption\":\"C\u0103t\u0103lin Anghel-Dimache\"},\"description\":\"A absolvit Facultatea de Jurnalism \u0219i \u0218tiin\u021bele Comunic\u0103rii a Universit\u0103\u021bii din Bucure\u0219ti \u00een 2024. Scrie despre mediu \u0219i teme sociale, dar \u0219i despre cum se reflect\u0103 ele \u00een via\u021ba cotidian\u0103 a bucure\u0219tenilor, cu un ochi atent la pove\u0219tile personale din spatele titlurilor. N\u0103scut \u0219i crescut \u00een Bucure\u0219ti, a f\u0103cut un pas c\u0103tre presa local\u0103, din pasiune pentru ora\u0219ul s\u0103u \u0219i oamenii din el.\",\"url\":\"https:\\\/\\\/buletin.de\\\/bucuresti\\\/author\\\/catalin-anghel-dimache\\\/\"}]}<\/script>\n<!-- \/ Yoast SEO Premium plugin. -->","yoast_head_json":{"title":"Neversea Kapital 2025 | Festivalul organizat de Untold pe Arena Na\u021bional\u0103 va avea loc \u00eentre 4 \u0219i 6 iulie - Buletin de Bucure\u0219ti","description":"Prima edi\u021bie a festivalului pe care grupul Untold Universe \u00eel va organiza pe Arena Na\u021bional\u0103 se va numi \u201eNeversea Kapital\u201d.","robots":{"index":"index","follow":"follow","max-snippet":"max-snippet:-1","max-image-preview":"max-image-preview:large","max-video-preview":"max-video-preview:-1"},"canonical":"https:\/\/buletin.de\/bucuresti\/neversea-kapital-2025-festivalul-organizat-de-untold-pe-arena-nationala-va-avea-loc-intre-4-si-6-iulie\/","og_locale":"en_GB","og_type":"article","og_title":"Neversea Kapital 2025 | Festivalul organizat de Untold pe Arena Na\u021bional\u0103 va avea loc \u00eentre 4 \u0219i 6 iulie","og_description":"Prima edi\u021bie a festivalului pe care grupul Untold Universe \u00eel va organiza pe Arena Na\u021bional\u0103 se va numi \u201eNeversea Kapital\u201d.","og_url":"https:\/\/buletin.de\/bucuresti\/neversea-kapital-2025-festivalul-organizat-de-untold-pe-arena-nationala-va-avea-loc-intre-4-si-6-iulie\/","og_site_name":"Buletin de Bucure\u0219ti","article_publisher":"https:\/\/www.facebook.com\/buletin.de.buc","article_published_time":"2025-04-25T03:23:00+00:00","og_image":[{"width":2480,"height":1860,"url":"https:\/\/buletin.de\/bucuresti\/wp-content\/uploads\/2025\/04\/KAPITAL_NEVERSEA_final-1.jpg","type":"image\/jpeg"}],"author":"C\u0103t\u0103lin Anghel-Dimache","twitter_card":"summary_large_image","twitter_misc":{"Written by":"C\u0103t\u0103lin Anghel-Dimache","Estimated reading time":"4 minutes"},"schema":{"@context":"https:\/\/schema.org","@graph":[{"@type":"Article","@id":"https:\/\/buletin.de\/bucuresti\/neversea-kapital-2025-festivalul-organizat-de-untold-pe-arena-nationala-va-avea-loc-intre-4-si-6-iulie\/#article","isPartOf":{"@id":"https:\/\/buletin.de\/bucuresti\/neversea-kapital-2025-festivalul-organizat-de-untold-pe-arena-nationala-va-avea-loc-intre-4-si-6-iulie\/"},"author":{"name":"C\u0103t\u0103lin Anghel-Dimache","@id":"https:\/\/buletin.de\/bucuresti\/#\/schema\/person\/0ac9db30080482be87c7386a30f98796"},"headline":"Neversea Kapital 2025 | Festivalul organizat de Untold pe Arena Na\u021bional\u0103 va avea loc \u00eentre 4 \u0219i 6 iulie","datePublished":"2025-04-25T03:23:00+00:00","mainEntityOfPage":{"@id":"https:\/\/buletin.de\/bucuresti\/neversea-kapital-2025-festivalul-organizat-de-untold-pe-arena-nationala-va-avea-loc-intre-4-si-6-iulie\/"},"wordCount":786,"publisher":{"@id":"https:\/\/buletin.de\/bucuresti\/#organization"},"image":{"@id":"https:\/\/buletin.de\/bucuresti\/neversea-kapital-2025-festivalul-organizat-de-untold-pe-arena-nationala-va-avea-loc-intre-4-si-6-iulie\/#primaryimage"},"thumbnailUrl":"https:\/\/buletin.de\/bucuresti\/wp-content\/uploads\/2025\/04\/KAPITAL_NEVERSEA_final-1.jpg","keywords":["arena nationala","bucuresti","Capitala","Neversea Kapital Festival 2025"],"articleSection":["Articole","Cultur\u0103","Main"],"inLanguage":"en-GB","copyrightYear":"2025","copyrightHolder":{"@id":"https:\/\/buletin.de\/bucuresti\/#organization"}},{"@type":"WebPage","@id":"https:\/\/buletin.de\/bucuresti\/neversea-kapital-2025-festivalul-organizat-de-untold-pe-arena-nationala-va-avea-loc-intre-4-si-6-iulie\/","url":"https:\/\/buletin.de\/bucuresti\/neversea-kapital-2025-festivalul-organizat-de-untold-pe-arena-nationala-va-avea-loc-intre-4-si-6-iulie\/","name":"Neversea Kapital 2025 | Festivalul organizat de Untold pe Arena Na\u021bional\u0103 va avea loc \u00eentre 4 \u0219i 6 iulie - Buletin de Bucure\u0219ti","isPartOf":{"@id":"https:\/\/buletin.de\/bucuresti\/#website"},"primaryImageOfPage":{"@id":"https:\/\/buletin.de\/bucuresti\/neversea-kapital-2025-festivalul-organizat-de-untold-pe-arena-nationala-va-avea-loc-intre-4-si-6-iulie\/#primaryimage"},"image":{"@id":"https:\/\/buletin.de\/bucuresti\/neversea-kapital-2025-festivalul-organizat-de-untold-pe-arena-nationala-va-avea-loc-intre-4-si-6-iulie\/#primaryimage"},"thumbnailUrl":"https:\/\/buletin.de\/bucuresti\/wp-content\/uploads\/2025\/04\/KAPITAL_NEVERSEA_final-1.jpg","datePublished":"2025-04-25T03:23:00+00:00","description":"Prima edi\u021bie a festivalului pe care grupul Untold Universe \u00eel va organiza pe Arena Na\u021bional\u0103 se va numi \u201eNeversea Kapital\u201d.","breadcrumb":{"@id":"https:\/\/buletin.de\/bucuresti\/neversea-kapital-2025-festivalul-organizat-de-untold-pe-arena-nationala-va-avea-loc-intre-4-si-6-iulie\/#breadcrumb"},"inLanguage":"en-GB","potentialAction":[{"@type":"ReadAction","target":["https:\/\/buletin.de\/bucuresti\/neversea-kapital-2025-festivalul-organizat-de-untold-pe-arena-nationala-va-avea-loc-intre-4-si-6-iulie\/"]}]},{"@type":"ImageObject","inLanguage":"en-GB","@id":"https:\/\/buletin.de\/bucuresti\/neversea-kapital-2025-festivalul-organizat-de-untold-pe-arena-nationala-va-avea-loc-intre-4-si-6-iulie\/#primaryimage","url":"https:\/\/buletin.de\/bucuresti\/wp-content\/uploads\/2025\/04\/KAPITAL_NEVERSEA_final-1.jpg","contentUrl":"https:\/\/buletin.de\/bucuresti\/wp-content\/uploads\/2025\/04\/KAPITAL_NEVERSEA_final-1.jpg","width":2000,"height":1500,"caption":"Neversea Kapital 2025 | Festivalul organizat de Untold pe Arena Na\u021bional\u0103 va avea loc \u00eentre 4 \u0219i 6 iulie. Foto: Untold Universe"},{"@type":"BreadcrumbList","@id":"https:\/\/buletin.de\/bucuresti\/neversea-kapital-2025-festivalul-organizat-de-untold-pe-arena-nationala-va-avea-loc-intre-4-si-6-iulie\/#breadcrumb","itemListElement":[{"@type":"ListItem","position":1,"name":"Acas\u0103","item":"https:\/\/buletin.de\/bucuresti\/"},{"@type":"ListItem","position":2,"name":"Neversea Kapital 2025 | Festivalul organizat de Untold pe Arena Na\u021bional\u0103 va avea loc \u00eentre 4 \u0219i 6 iulie"}]},{"@type":"WebSite","@id":"https:\/\/buletin.de\/bucuresti\/#website","url":"https:\/\/buletin.de\/bucuresti\/","name":"Buletin de Bucure\u0219ti","description":"\u0218tiri \u0219i investiga\u021bii esen\u021biale din capital\u0103","publisher":{"@id":"https:\/\/buletin.de\/bucuresti\/#organization"},"potentialAction":[{"@type":"SearchAction","target":{"@type":"EntryPoint","urlTemplate":"https:\/\/buletin.de\/bucuresti\/?s={search_term_string}"},"query-input":{"@type":"PropertyValueSpecification","valueRequired":true,"valueName":"search_term_string"}}],"inLanguage":"en-GB"},{"@type":"Organization","@id":"https:\/\/buletin.de\/bucuresti\/#organization","name":"Buletin de Bucure\u0219ti","url":"https:\/\/buletin.de\/bucuresti\/","logo":{"@type":"ImageObject","inLanguage":"en-GB","@id":"https:\/\/buletin.de\/bucuresti\/#\/schema\/logo\/image\/","url":"https:\/\/buletin.de\/bucuresti\/wp-content\/uploads\/logo-bdb-full-wide-vernil-transparent.png","contentUrl":"https:\/\/buletin.de\/bucuresti\/wp-content\/uploads\/logo-bdb-full-wide-vernil-transparent.png","width":1782,"height":626,"caption":"Buletin de Bucure\u0219ti"},"image":{"@id":"https:\/\/buletin.de\/bucuresti\/#\/schema\/logo\/image\/"},"sameAs":["https:\/\/www.facebook.com\/buletin.de.buc","https:\/\/www.instagram.com\/buletinde.bucuresti\/"]},{"@type":"Person","@id":"https:\/\/buletin.de\/bucuresti\/#\/schema\/person\/0ac9db30080482be87c7386a30f98796","name":"C\u0103t\u0103lin Anghel-Dimache","image":{"@type":"ImageObject","inLanguage":"en-GB","@id":"https:\/\/buletin.de\/bucuresti\/wp-content\/uploads\/Catalin-Anghel-Dimache-96x96.jpgbd9e43c5b25186d5b8e917ac61ad86c4","url":"https:\/\/buletin.de\/bucuresti\/wp-content\/uploads\/Catalin-Anghel-Dimache-96x96.jpg","contentUrl":"https:\/\/buletin.de\/bucuresti\/wp-content\/uploads\/Catalin-Anghel-Dimache-96x96.jpg","caption":"C\u0103t\u0103lin Anghel-Dimache"},"description":"A absolvit Facultatea de Jurnalism \u0219i \u0218tiin\u021bele Comunic\u0103rii a Universit\u0103\u021bii din Bucure\u0219ti \u00een 2024. Scrie despre mediu \u0219i teme sociale, dar \u0219i despre cum se reflect\u0103 ele \u00een via\u021ba cotidian\u0103 a bucure\u0219tenilor, cu un ochi atent la pove\u0219tile personale din spatele titlurilor. N\u0103scut \u0219i crescut \u00een Bucure\u0219ti, a f\u0103cut un pas c\u0103tre presa local\u0103, din pasiune pentru ora\u0219ul s\u0103u \u0219i oamenii din el.","url":"https:\/\/buletin.de\/bucuresti\/author\/catalin-anghel-dimache\/"}]}},"authors":[{"term_id":22572,"user_id":59,"is_guest":0,"slug":"catalin-anghel-dimache","display_name":"C\u0103t\u0103lin Anghel-Dimache","avatar_url":"https:\/\/buletin.de\/bucuresti\/wp-content\/uploads\/Catalin-Anghel-Dimache-96x96.jpg","0":null,"1":"","2":"","3":"","4":"","5":"","6":"","7":"","8":""}],"_links":{"self":[{"href":"https:\/\/buletin.de\/bucuresti\/wp-json\/wp\/v2\/posts\/127557","targetHints":{"allow":["GET"]}}],"collection":[{"href":"https:\/\/buletin.de\/bucuresti\/wp-json\/wp\/v2\/posts"}],"about":[{"href":"https:\/\/buletin.de\/bucuresti\/wp-json\/wp\/v2\/types\/post"}],"author":[{"embeddable":true,"href":"https:\/\/buletin.de\/bucuresti\/wp-json\/wp\/v2\/users\/59"}],"replies":[{"embeddable":true,"href":"https:\/\/buletin.de\/bucuresti\/wp-json\/wp\/v2\/comments?post=127557"}],"version-history":[{"count":3,"href":"https:\/\/buletin.de\/bucuresti\/wp-json\/wp\/v2\/posts\/127557\/revisions"}],"predecessor-version":[{"id":127566,"href":"https:\/\/buletin.de\/bucuresti\/wp-json\/wp\/v2\/posts\/127557\/revisions\/127566"}],"wp:featuredmedia":[{"embeddable":true,"href":"https:\/\/buletin.de\/bucuresti\/wp-json\/wp\/v2\/media\/127558"}],"wp:attachment":[{"href":"https:\/\/buletin.de\/bucuresti\/wp-json\/wp\/v2\/media?parent=127557"}],"wp:term":[{"taxonomy":"category","embeddable":true,"href":"https:\/\/buletin.de\/bucuresti\/wp-json\/wp\/v2\/categories?post=127557"},{"taxonomy":"post_tag","embeddable":true,"href":"https:\/\/buletin.de\/bucuresti\/wp-json\/wp\/v2\/tags?post=127557"},{"taxonomy":"author","embeddable":true,"href":"https:\/\/buletin.de\/bucuresti\/wp-json\/wp\/v2\/ppma_author?post=127557"}],"curies":[{"name":"wp","href":"https:\/\/api.w.org\/{rel}","templated":true}]}}