{"id":127428,"date":"2025-04-23T23:13:12","date_gmt":"2025-04-23T20:13:12","guid":{"rendered":"https:\/\/buletin.de\/bucuresti\/?p=127428"},"modified":"2025-04-23T23:13:44","modified_gmt":"2025-04-23T20:13:44","slug":"cartea-electronica-de-identitate-este-disponibila-si-in-bucuresti-cum-poate-fi-ceruta-si-cat-costa","status":"publish","type":"post","link":"https:\/\/buletin.de\/bucuresti\/cartea-electronica-de-identitate-este-disponibila-si-in-bucuresti-cum-poate-fi-ceruta-si-cat-costa\/","title":{"rendered":"Cartea electronic\u0103 de identitate este disponibil\u0103 \u0219i \u00een Bucure\u0219ti. Cum poate fi cerut\u0103 \u0219i c\u00e2t cost\u0103"},"content":{"rendered":"\n<p><strong>Cartea electronic\u0103 de identitate (CEI) este disponibil\u0103 de joi, 24 aprilie, \u0219i \u00een Bucure\u0219ti. Bucure\u0219tenii peste 14 ani pot acum solicita eliberarea acest document de identitate.<\/strong><\/p>\n\n\n\n<p>Solicit\u0103rile se depun \u00een prima zi dup\u0103 urm\u0103torul program anun\u021bat de Ministerul de Interne (MAI): <\/p>\n\n\n\n<ul class=\"wp-block-list\">\n<li><strong>Sector 1<\/strong> \u2013 \u00eencep\u00e2nd cu ora 11.00<\/li>\n\n\n\n<li><strong>Sector 2<\/strong> \u2013 \u00eencep\u00e2nd cu ora 09.00<\/li>\n\n\n\n<li><strong>Sector 3<\/strong> \u2013 \u00eencep\u00e2nd cu ora 11.00<\/li>\n\n\n\n<li><strong>Sector 4<\/strong> \u2013 \u00eencep\u00e2nd cu ora 10.00<\/li>\n\n\n\n<li><strong>Sector 5<\/strong> \u2013 \u00eencep\u00e2nd cu ora 09.00<\/li>\n\n\n\n<li>Sector 6 \u2013 \u00eencep\u00e2nd cu ora 10.00<\/li>\n<\/ul>\n\n\n\n<p>Program\u0103rile se vor realiza exclusiv online, prin accesarea portalului HUB Servicii MAI: \u00a0<a href=\"https:\/\/hub.mai.gov.ro\/cei\/programari\/\" target=\"_blank\" rel=\"noreferrer noopener\">https:\/\/hub.mai.gov.ro\/cei\/programari\/<\/a><\/p>\n\n\n\n<h2 class=\"wp-block-heading\" id=\"h-cand-va-fi-primita-prima-carte-de-identitate-electronica-\u0219i-cat-costa\">C\u00e2nd va fi primit\u0103 prima carte de identitate electronic\u0103 \u0219i c\u00e2t cost\u0103<\/h2>\n\n\n\n<p><strong>Ministerul de Interne estimeaz\u0103 c\u0103 primele c\u0103r\u021bi de identitate electronice vor intra \u00een posesia bucure\u0219tenilor \u00eencep\u00e2nd cu 12 mai 2025.<\/strong><\/p>\n\n\n\n<p>\u201eOp\u021biunea pentru a solicita o Carte Electronic\u0103 de Identitate poate fi exprimat\u0103 oric\u00e2nd de c\u0103tre titular, indiferent de termenul de valabilitate al actualului act de identitate.<\/p>\n\n\n\n<p>Estim\u0103m c\u0103 p\u00e2n\u0103 la finalizarea extinderii emiterii la nivel na\u021bional a C\u0103r\u021bii Electronice de Identitate, termenul de solu\u021bionare a cererii \u0219i eliberarea C.E.I va avea \u00een medie un interval de 10 zile, urm\u00e2nd ca dup\u0103 opera\u021bionalizarea C.E.I. la nivelul \u00eentregii \u021b\u0103ri, perioada de a\u0219teptare pentru eliberarea documentului electronic de identitate s\u0103 fie diminuat\u0103.<\/p>\n\n\n\n<p>\u00cen contextul celor expuse, reamintim c\u0103 odat\u0103 cu finalizarea activit\u0103\u021bilor tehnice prin extinderea emiterii C\u0103r\u021bii Electronice de Identitate la nivel na\u021bional, cet\u0103\u021beanul va putea opta \u00eentre a solicita eliberarea unei C\u0103r\u021bi Electronice de Identitate sau a solicita eliberarea unei C\u0103r\u021bi de Identitate Simple care nu va con\u021bine suport de stocare electronic (cip) \u0219i care va fi pus\u0103 \u00een circula\u021bie \u00een ultima decad\u0103 a lunii mai 2025\u201d, se arat\u0103 \u00eentr-un <a href=\"https:\/\/www.mai.gov.ro\/cartea-electronica-de-identitate-disponibila-si-in-bucuresti-incepand-de-maine-24-aprilie-2025\/\" target=\"_blank\" rel=\"noreferrer noopener\">comunicat al MAI<\/a>.<\/p>\n\n\n\n<p><strong>Prima Carte Electronic\u0103 de Identitate se elibereaz\u0103 gratuit <\/strong>pentru cet\u0103\u021benii rom\u00e2ni \u00eencep\u00e2nd cu v\u00e2rsta de 14 ani, \u00een limita fondurilor asigurate prin Planul Na\u021bional de Redresare \u0219i Rezilien\u021b\u0103 (PNRR).<\/p>\n\n\n\n<p>Ulterior, <strong><mark style=\"background-color:rgba(0, 0, 0, 0)\" class=\"has-inline-color has-vivid-red-color\">o nou\u0103 carte de indentitate electronic\u0103 va costa 67 de lei<\/mark><\/strong>.<\/p>\n\n\n\n<p>\u00cen continuare se vor elibera, la cerere, \u0219i c\u0103r\u021bi de identitate simple (CIS), pentru care se va achita o tax\u0103 \u00een valoare 38 de lei.<\/p>\n\n\n\n<div class=\"wp-block-buttons is-content-justification-center is-layout-flex wp-container-core-buttons-is-layout-16018d1d wp-block-buttons-is-layout-flex\">\n<div class=\"wp-block-button has-custom-width wp-block-button__width-100\"><a class=\"wp-block-button__link wp-element-button\" href=\"https:\/\/www.patreon.com\/BuletinDeBucuresti\"><strong>Sus\u021bine Buletin de Bucure\u0219ti pentru investiga\u021bii, reportaje \u0219i \u0219tiri Locale<\/strong><\/a><\/div>\n<\/div>\n\n\n\n<p><strong>CITE\u0218TE \u0218I: <a href=\"https:\/\/buletin.de\/bucuresti\/metrorex-elimina-gratuitatea-pentru-parcarea-de-la-straulesti-si-anunta-decizia-ca-si-cum-ar-face-un-bine-utilizatorilor\/\" target=\"_blank\" rel=\"noreferrer noopener\">Metrorex elimin\u0103 gratuitatea pentru parcarea de la Str\u0103ule\u0219ti \u0219i anun\u021b\u0103 decizia ca \u0219i cum ar face un bine utilizatorilor<\/a><br><\/strong><\/p>\n\n\n\n<h2 class=\"wp-block-heading\" id=\"h-de-ce-ai-avea-nevoie-de-o-noua-carte-de-identitate\"><strong>De ce ai avea nevoie de o nou\u0103 carte de identitate<\/strong><\/h2>\n\n\n\n<ul class=\"wp-block-list\">\n<li>Dimensiune standardizat\u0103, similar\u0103 cardurilor bancare, conform normelor europene<\/li>\n\n\n\n<li>Elemente avansate de securitate, care asigur\u0103 protec\u021bie \u00eempotriva falsific\u0103rii \u0219i a furtului de identitate<\/li>\n\n\n\n<li>Posibilitatea utiliz\u0103rii ca document de c\u0103l\u0103torie<\/li>\n\n\n\n<li>Acces facil la servicii electronice \u0219i posibilitatea utiliz\u0103rii pentru semn\u0103tura electronica.<\/li>\n<\/ul>\n\n\n\n<p>\u201ePreconiz\u0103m c\u0103 \u00een urm\u0103toarele dou\u0103 luni, CEI va fi disponibil\u0103 la nivel na\u021bional, prin serviciile publice comunitare de eviden\u021b\u0103 a persoanelor;<\/p>\n\n\n\n<p>Din luna iunie 2025, vor putea ob\u021bine Cartea Electronic\u0103 de Identitate \u0219i copiii sub 14 ani. \u00cen cazul acestora, CEI va fi utilizat ca document de c\u0103l\u0103torie, precum \u0219i pentru stabilirea identit\u0103\u021bii \u00een cadrul unor proceduri administrative (o solu\u021bie mai eficient\u0103 dec\u00e2t utilizarea certificatului de na\u0219tere).<\/p>\n\n\n\n<p>\u00cencep\u00e2nd cu 20 mai 2025, se vor elibera \u0219i C\u0103r\u021bi de Identitate Simple (CIS), care nu con\u021bin suport electronic de stocare\u201d, arat\u0103 Ministerul de Interne.<\/p>\n\n\n\n<p><strong>CITE\u0218TE \u0218I: <a href=\"https:\/\/buletin.de\/bucuresti\/sector-3-inca-o-incercare-pentru-pista-de-pumptrack-de-520-000-de-euro-acum-se-stie-unde-va-fi-amplasata\/\" target=\"_blank\" rel=\"noreferrer noopener\">Sector 3 | \u00cenc\u0103 o \u00eencercare pentru pista de pumptrack de 520.000 de euro. Amplasat\u0103 \u00een zona de interes a familiei Negoi\u021b\u0103<\/a><\/strong><\/p>\n","protected":false},"excerpt":{"rendered":"<p>Cartea electronic\u0103 de identitate (CEI) este disponibil\u0103 de joi, 24 aprilie, \u0219i \u00een Bucure\u0219ti. Bucure\u0219tenii peste 14 ani pot acum solicita eliberarea acest document de identitate. Solicit\u0103rile se depun \u00een prima zi dup\u0103 urm\u0103torul program anun\u021bat de Ministerul de Interne (MAI): Program\u0103rile se vor realiza exclusiv online, prin accesarea portalului HUB Servicii MAI: \u00a0https:\/\/hub.mai.gov.ro\/cei\/programari\/ C\u00e2nd [&hellip;]<\/p>\n","protected":false},"author":1,"featured_media":127431,"comment_status":"closed","ping_status":"open","sticky":false,"template":"","format":"standard","meta":{"_acf_changed":false,"inline_featured_image":false,"ngg_post_thumbnail":0,"footnotes":""},"categories":[6994,1,5762],"tags":[20104,20103,20101,20102],"ppma_author":[22583],"class_list":["post-127428","post","type-post","status-publish","format-standard","has-post-thumbnail","hentry","category-stiri-2","category-diverse","category-main","tag-buletin-cu-cip","tag-buletin-electronic","tag-cartea-electronica","tag-cartea-electronica-de-identitate"],"acf":[],"yoast_head":"<!-- This site is optimized with the Yoast SEO Premium plugin v25.3 (Yoast SEO v27.5) - https:\/\/yoast.com\/product\/yoast-seo-premium-wordpress\/ -->\n<title>Cartea electronic\u0103 de identitate este disponibil\u0103 \u0219i \u00een Bucure\u0219ti. Cum poate fi cerut\u0103 \u0219i c\u00e2t cost\u0103 - Buletin de Bucure\u0219ti<\/title>\n<meta name=\"description\" content=\"Cartea electronic\u0103 de identitate (CEI) este disponibil\u0103 de joi, 24 aprilie, \u0219i \u00een Bucure\u0219ti. Bucure\u0219tenii o pot acum solicita.\" \/>\n<meta name=\"robots\" content=\"index, follow, max-snippet:-1, max-image-preview:large, max-video-preview:-1\" \/>\n<link rel=\"canonical\" href=\"https:\/\/buletin.de\/bucuresti\/cartea-electronica-de-identitate-este-disponibila-si-in-bucuresti-cum-poate-fi-ceruta-si-cat-costa\/\" \/>\n<meta property=\"og:locale\" content=\"en_GB\" \/>\n<meta property=\"og:type\" content=\"article\" \/>\n<meta property=\"og:title\" content=\"Cartea electronic\u0103 de identitate este disponibil\u0103 \u0219i \u00een Bucure\u0219ti. Cum poate fi cerut\u0103 \u0219i c\u00e2t cost\u0103\" \/>\n<meta property=\"og:description\" content=\"Cartea electronic\u0103 de identitate (CEI) este disponibil\u0103 de joi, 24 aprilie, \u0219i \u00een Bucure\u0219ti. Bucure\u0219tenii o pot acum solicita.\" \/>\n<meta property=\"og:url\" content=\"https:\/\/buletin.de\/bucuresti\/cartea-electronica-de-identitate-este-disponibila-si-in-bucuresti-cum-poate-fi-ceruta-si-cat-costa\/\" \/>\n<meta property=\"og:site_name\" content=\"Buletin de Bucure\u0219ti\" \/>\n<meta property=\"article:publisher\" content=\"https:\/\/www.facebook.com\/buletin.de.buc\" \/>\n<meta property=\"article:published_time\" content=\"2025-04-23T20:13:12+00:00\" \/>\n<meta property=\"article:modified_time\" content=\"2025-04-23T20:13:44+00:00\" \/>\n<meta property=\"og:image\" content=\"https:\/\/buletin.de\/bucuresti\/wp-content\/uploads\/2025\/04\/carteelectronicadeidentitate.jpg\" \/>\n\t<meta property=\"og:image:width\" content=\"509\" \/>\n\t<meta property=\"og:image:height\" content=\"320\" \/>\n\t<meta property=\"og:image:type\" content=\"image\/jpeg\" \/>\n<meta name=\"author\" content=\"Redac\u021bia Buletin de Bucure\u0219ti\" \/>\n<meta name=\"twitter:card\" content=\"summary_large_image\" \/>\n<meta name=\"twitter:label1\" content=\"Written by\" \/>\n\t<meta name=\"twitter:data1\" content=\"Redac\u021bia Buletin de Bucure\u0219ti\" \/>\n\t<meta name=\"twitter:label2\" content=\"Estimated reading time\" \/>\n\t<meta name=\"twitter:data2\" content=\"3 minutes\" \/>\n<script type=\"application\/ld+json\" class=\"yoast-schema-graph\">{\"@context\":\"https:\\\/\\\/schema.org\",\"@graph\":[{\"@type\":\"Article\",\"@id\":\"https:\\\/\\\/buletin.de\\\/bucuresti\\\/cartea-electronica-de-identitate-este-disponibila-si-in-bucuresti-cum-poate-fi-ceruta-si-cat-costa\\\/#article\",\"isPartOf\":{\"@id\":\"https:\\\/\\\/buletin.de\\\/bucuresti\\\/cartea-electronica-de-identitate-este-disponibila-si-in-bucuresti-cum-poate-fi-ceruta-si-cat-costa\\\/\"},\"author\":{\"name\":\"Redac\u021bia Buletin de Bucure\u0219ti\",\"@id\":\"https:\\\/\\\/buletin.de\\\/bucuresti\\\/#\\\/schema\\\/person\\\/2bbcf854e5f2419a13804af574d06ab1\"},\"headline\":\"Cartea electronic\u0103 de identitate este disponibil\u0103 \u0219i \u00een Bucure\u0219ti. Cum poate fi cerut\u0103 \u0219i c\u00e2t cost\u0103\",\"datePublished\":\"2025-04-23T20:13:12+00:00\",\"dateModified\":\"2025-04-23T20:13:44+00:00\",\"mainEntityOfPage\":{\"@id\":\"https:\\\/\\\/buletin.de\\\/bucuresti\\\/cartea-electronica-de-identitate-este-disponibila-si-in-bucuresti-cum-poate-fi-ceruta-si-cat-costa\\\/\"},\"wordCount\":612,\"publisher\":{\"@id\":\"https:\\\/\\\/buletin.de\\\/bucuresti\\\/#organization\"},\"image\":{\"@id\":\"https:\\\/\\\/buletin.de\\\/bucuresti\\\/cartea-electronica-de-identitate-este-disponibila-si-in-bucuresti-cum-poate-fi-ceruta-si-cat-costa\\\/#primaryimage\"},\"thumbnailUrl\":\"https:\\\/\\\/buletin.de\\\/bucuresti\\\/wp-content\\\/uploads\\\/2025\\\/04\\\/carteelectronicadeidentitate.jpg\",\"keywords\":[\"buletin cu cip\",\"buletin electronic\",\"cartea electronica\",\"cartea electronica de identitate\"],\"articleSection\":[\"Articole\",\"Diverse\",\"Main\"],\"inLanguage\":\"en-GB\",\"copyrightYear\":\"2025\",\"copyrightHolder\":{\"@id\":\"https:\\\/\\\/buletin.de\\\/bucuresti\\\/#organization\"}},{\"@type\":\"WebPage\",\"@id\":\"https:\\\/\\\/buletin.de\\\/bucuresti\\\/cartea-electronica-de-identitate-este-disponibila-si-in-bucuresti-cum-poate-fi-ceruta-si-cat-costa\\\/\",\"url\":\"https:\\\/\\\/buletin.de\\\/bucuresti\\\/cartea-electronica-de-identitate-este-disponibila-si-in-bucuresti-cum-poate-fi-ceruta-si-cat-costa\\\/\",\"name\":\"Cartea electronic\u0103 de identitate este disponibil\u0103 \u0219i \u00een Bucure\u0219ti. Cum poate fi cerut\u0103 \u0219i c\u00e2t cost\u0103 - Buletin de Bucure\u0219ti\",\"isPartOf\":{\"@id\":\"https:\\\/\\\/buletin.de\\\/bucuresti\\\/#website\"},\"primaryImageOfPage\":{\"@id\":\"https:\\\/\\\/buletin.de\\\/bucuresti\\\/cartea-electronica-de-identitate-este-disponibila-si-in-bucuresti-cum-poate-fi-ceruta-si-cat-costa\\\/#primaryimage\"},\"image\":{\"@id\":\"https:\\\/\\\/buletin.de\\\/bucuresti\\\/cartea-electronica-de-identitate-este-disponibila-si-in-bucuresti-cum-poate-fi-ceruta-si-cat-costa\\\/#primaryimage\"},\"thumbnailUrl\":\"https:\\\/\\\/buletin.de\\\/bucuresti\\\/wp-content\\\/uploads\\\/2025\\\/04\\\/carteelectronicadeidentitate.jpg\",\"datePublished\":\"2025-04-23T20:13:12+00:00\",\"dateModified\":\"2025-04-23T20:13:44+00:00\",\"description\":\"Cartea electronic\u0103 de identitate (CEI) este disponibil\u0103 de joi, 24 aprilie, \u0219i \u00een Bucure\u0219ti. Bucure\u0219tenii o pot acum solicita.\",\"breadcrumb\":{\"@id\":\"https:\\\/\\\/buletin.de\\\/bucuresti\\\/cartea-electronica-de-identitate-este-disponibila-si-in-bucuresti-cum-poate-fi-ceruta-si-cat-costa\\\/#breadcrumb\"},\"inLanguage\":\"en-GB\",\"potentialAction\":[{\"@type\":\"ReadAction\",\"target\":[\"https:\\\/\\\/buletin.de\\\/bucuresti\\\/cartea-electronica-de-identitate-este-disponibila-si-in-bucuresti-cum-poate-fi-ceruta-si-cat-costa\\\/\"]}]},{\"@type\":\"ImageObject\",\"inLanguage\":\"en-GB\",\"@id\":\"https:\\\/\\\/buletin.de\\\/bucuresti\\\/cartea-electronica-de-identitate-este-disponibila-si-in-bucuresti-cum-poate-fi-ceruta-si-cat-costa\\\/#primaryimage\",\"url\":\"https:\\\/\\\/buletin.de\\\/bucuresti\\\/wp-content\\\/uploads\\\/2025\\\/04\\\/carteelectronicadeidentitate.jpg\",\"contentUrl\":\"https:\\\/\\\/buletin.de\\\/bucuresti\\\/wp-content\\\/uploads\\\/2025\\\/04\\\/carteelectronicadeidentitate.jpg\",\"width\":509,\"height\":320,\"caption\":\"Carte electronic\u0103 de identitate\"},{\"@type\":\"BreadcrumbList\",\"@id\":\"https:\\\/\\\/buletin.de\\\/bucuresti\\\/cartea-electronica-de-identitate-este-disponibila-si-in-bucuresti-cum-poate-fi-ceruta-si-cat-costa\\\/#breadcrumb\",\"itemListElement\":[{\"@type\":\"ListItem\",\"position\":1,\"name\":\"Acas\u0103\",\"item\":\"https:\\\/\\\/buletin.de\\\/bucuresti\\\/\"},{\"@type\":\"ListItem\",\"position\":2,\"name\":\"Cartea electronic\u0103 de identitate este disponibil\u0103 \u0219i \u00een Bucure\u0219ti. Cum poate fi cerut\u0103 \u0219i c\u00e2t cost\u0103\"}]},{\"@type\":\"WebSite\",\"@id\":\"https:\\\/\\\/buletin.de\\\/bucuresti\\\/#website\",\"url\":\"https:\\\/\\\/buletin.de\\\/bucuresti\\\/\",\"name\":\"Buletin de Bucure\u0219ti\",\"description\":\"\u0218tiri \u0219i investiga\u021bii esen\u021biale din capital\u0103\",\"publisher\":{\"@id\":\"https:\\\/\\\/buletin.de\\\/bucuresti\\\/#organization\"},\"potentialAction\":[{\"@type\":\"SearchAction\",\"target\":{\"@type\":\"EntryPoint\",\"urlTemplate\":\"https:\\\/\\\/buletin.de\\\/bucuresti\\\/?s={search_term_string}\"},\"query-input\":{\"@type\":\"PropertyValueSpecification\",\"valueRequired\":true,\"valueName\":\"search_term_string\"}}],\"inLanguage\":\"en-GB\"},{\"@type\":\"Organization\",\"@id\":\"https:\\\/\\\/buletin.de\\\/bucuresti\\\/#organization\",\"name\":\"Buletin de Bucure\u0219ti\",\"url\":\"https:\\\/\\\/buletin.de\\\/bucuresti\\\/\",\"logo\":{\"@type\":\"ImageObject\",\"inLanguage\":\"en-GB\",\"@id\":\"https:\\\/\\\/buletin.de\\\/bucuresti\\\/#\\\/schema\\\/logo\\\/image\\\/\",\"url\":\"https:\\\/\\\/buletin.de\\\/bucuresti\\\/wp-content\\\/uploads\\\/logo-bdb-full-wide-vernil-transparent.png\",\"contentUrl\":\"https:\\\/\\\/buletin.de\\\/bucuresti\\\/wp-content\\\/uploads\\\/logo-bdb-full-wide-vernil-transparent.png\",\"width\":1782,\"height\":626,\"caption\":\"Buletin de Bucure\u0219ti\"},\"image\":{\"@id\":\"https:\\\/\\\/buletin.de\\\/bucuresti\\\/#\\\/schema\\\/logo\\\/image\\\/\"},\"sameAs\":[\"https:\\\/\\\/www.facebook.com\\\/buletin.de.buc\",\"https:\\\/\\\/www.instagram.com\\\/buletinde.bucuresti\\\/\"]},{\"@type\":\"Person\",\"@id\":\"https:\\\/\\\/buletin.de\\\/bucuresti\\\/#\\\/schema\\\/person\\\/2bbcf854e5f2419a13804af574d06ab1\",\"name\":\"Redac\u021bia Buletin de Bucure\u0219ti\",\"image\":{\"@type\":\"ImageObject\",\"inLanguage\":\"en-GB\",\"@id\":\"https:\\\/\\\/secure.gravatar.com\\\/avatar\\\/18c5342381ed1a08620e6280424e3e5efc958618f5d67c522c9e44c1bc6f9226?s=96&d=monsterid&r=g60c7cd0ad92c68c049fcd4bb3504d609\",\"url\":\"https:\\\/\\\/secure.gravatar.com\\\/avatar\\\/18c5342381ed1a08620e6280424e3e5efc958618f5d67c522c9e44c1bc6f9226?s=96&d=monsterid&r=g\",\"contentUrl\":\"https:\\\/\\\/secure.gravatar.com\\\/avatar\\\/18c5342381ed1a08620e6280424e3e5efc958618f5d67c522c9e44c1bc6f9226?s=96&d=monsterid&r=g\",\"caption\":\"Redac\u021bia Buletin de Bucure\u0219ti\"},\"description\":\"Buletin de Bucure\u0219ti exist\u0103 din vara anului 2019.\",\"url\":\"https:\\\/\\\/buletin.de\\\/bucuresti\\\/author\\\/adminbuletin\\\/\"}]}<\/script>\n<!-- \/ Yoast SEO Premium plugin. -->","yoast_head_json":{"title":"Cartea electronic\u0103 de identitate este disponibil\u0103 \u0219i \u00een Bucure\u0219ti. Cum poate fi cerut\u0103 \u0219i c\u00e2t cost\u0103 - Buletin de Bucure\u0219ti","description":"Cartea electronic\u0103 de identitate (CEI) este disponibil\u0103 de joi, 24 aprilie, \u0219i \u00een Bucure\u0219ti. Bucure\u0219tenii o pot acum solicita.","robots":{"index":"index","follow":"follow","max-snippet":"max-snippet:-1","max-image-preview":"max-image-preview:large","max-video-preview":"max-video-preview:-1"},"canonical":"https:\/\/buletin.de\/bucuresti\/cartea-electronica-de-identitate-este-disponibila-si-in-bucuresti-cum-poate-fi-ceruta-si-cat-costa\/","og_locale":"en_GB","og_type":"article","og_title":"Cartea electronic\u0103 de identitate este disponibil\u0103 \u0219i \u00een Bucure\u0219ti. Cum poate fi cerut\u0103 \u0219i c\u00e2t cost\u0103","og_description":"Cartea electronic\u0103 de identitate (CEI) este disponibil\u0103 de joi, 24 aprilie, \u0219i \u00een Bucure\u0219ti. Bucure\u0219tenii o pot acum solicita.","og_url":"https:\/\/buletin.de\/bucuresti\/cartea-electronica-de-identitate-este-disponibila-si-in-bucuresti-cum-poate-fi-ceruta-si-cat-costa\/","og_site_name":"Buletin de Bucure\u0219ti","article_publisher":"https:\/\/www.facebook.com\/buletin.de.buc","article_published_time":"2025-04-23T20:13:12+00:00","article_modified_time":"2025-04-23T20:13:44+00:00","og_image":[{"width":509,"height":320,"url":"https:\/\/buletin.de\/bucuresti\/wp-content\/uploads\/2025\/04\/carteelectronicadeidentitate.jpg","type":"image\/jpeg"}],"author":"Redac\u021bia Buletin de Bucure\u0219ti","twitter_card":"summary_large_image","twitter_misc":{"Written by":"Redac\u021bia Buletin de Bucure\u0219ti","Estimated reading time":"3 minutes"},"schema":{"@context":"https:\/\/schema.org","@graph":[{"@type":"Article","@id":"https:\/\/buletin.de\/bucuresti\/cartea-electronica-de-identitate-este-disponibila-si-in-bucuresti-cum-poate-fi-ceruta-si-cat-costa\/#article","isPartOf":{"@id":"https:\/\/buletin.de\/bucuresti\/cartea-electronica-de-identitate-este-disponibila-si-in-bucuresti-cum-poate-fi-ceruta-si-cat-costa\/"},"author":{"name":"Redac\u021bia Buletin de Bucure\u0219ti","@id":"https:\/\/buletin.de\/bucuresti\/#\/schema\/person\/2bbcf854e5f2419a13804af574d06ab1"},"headline":"Cartea electronic\u0103 de identitate este disponibil\u0103 \u0219i \u00een Bucure\u0219ti. Cum poate fi cerut\u0103 \u0219i c\u00e2t cost\u0103","datePublished":"2025-04-23T20:13:12+00:00","dateModified":"2025-04-23T20:13:44+00:00","mainEntityOfPage":{"@id":"https:\/\/buletin.de\/bucuresti\/cartea-electronica-de-identitate-este-disponibila-si-in-bucuresti-cum-poate-fi-ceruta-si-cat-costa\/"},"wordCount":612,"publisher":{"@id":"https:\/\/buletin.de\/bucuresti\/#organization"},"image":{"@id":"https:\/\/buletin.de\/bucuresti\/cartea-electronica-de-identitate-este-disponibila-si-in-bucuresti-cum-poate-fi-ceruta-si-cat-costa\/#primaryimage"},"thumbnailUrl":"https:\/\/buletin.de\/bucuresti\/wp-content\/uploads\/2025\/04\/carteelectronicadeidentitate.jpg","keywords":["buletin cu cip","buletin electronic","cartea electronica","cartea electronica de identitate"],"articleSection":["Articole","Diverse","Main"],"inLanguage":"en-GB","copyrightYear":"2025","copyrightHolder":{"@id":"https:\/\/buletin.de\/bucuresti\/#organization"}},{"@type":"WebPage","@id":"https:\/\/buletin.de\/bucuresti\/cartea-electronica-de-identitate-este-disponibila-si-in-bucuresti-cum-poate-fi-ceruta-si-cat-costa\/","url":"https:\/\/buletin.de\/bucuresti\/cartea-electronica-de-identitate-este-disponibila-si-in-bucuresti-cum-poate-fi-ceruta-si-cat-costa\/","name":"Cartea electronic\u0103 de identitate este disponibil\u0103 \u0219i \u00een Bucure\u0219ti. Cum poate fi cerut\u0103 \u0219i c\u00e2t cost\u0103 - Buletin de Bucure\u0219ti","isPartOf":{"@id":"https:\/\/buletin.de\/bucuresti\/#website"},"primaryImageOfPage":{"@id":"https:\/\/buletin.de\/bucuresti\/cartea-electronica-de-identitate-este-disponibila-si-in-bucuresti-cum-poate-fi-ceruta-si-cat-costa\/#primaryimage"},"image":{"@id":"https:\/\/buletin.de\/bucuresti\/cartea-electronica-de-identitate-este-disponibila-si-in-bucuresti-cum-poate-fi-ceruta-si-cat-costa\/#primaryimage"},"thumbnailUrl":"https:\/\/buletin.de\/bucuresti\/wp-content\/uploads\/2025\/04\/carteelectronicadeidentitate.jpg","datePublished":"2025-04-23T20:13:12+00:00","dateModified":"2025-04-23T20:13:44+00:00","description":"Cartea electronic\u0103 de identitate (CEI) este disponibil\u0103 de joi, 24 aprilie, \u0219i \u00een Bucure\u0219ti. Bucure\u0219tenii o pot acum solicita.","breadcrumb":{"@id":"https:\/\/buletin.de\/bucuresti\/cartea-electronica-de-identitate-este-disponibila-si-in-bucuresti-cum-poate-fi-ceruta-si-cat-costa\/#breadcrumb"},"inLanguage":"en-GB","potentialAction":[{"@type":"ReadAction","target":["https:\/\/buletin.de\/bucuresti\/cartea-electronica-de-identitate-este-disponibila-si-in-bucuresti-cum-poate-fi-ceruta-si-cat-costa\/"]}]},{"@type":"ImageObject","inLanguage":"en-GB","@id":"https:\/\/buletin.de\/bucuresti\/cartea-electronica-de-identitate-este-disponibila-si-in-bucuresti-cum-poate-fi-ceruta-si-cat-costa\/#primaryimage","url":"https:\/\/buletin.de\/bucuresti\/wp-content\/uploads\/2025\/04\/carteelectronicadeidentitate.jpg","contentUrl":"https:\/\/buletin.de\/bucuresti\/wp-content\/uploads\/2025\/04\/carteelectronicadeidentitate.jpg","width":509,"height":320,"caption":"Carte electronic\u0103 de identitate"},{"@type":"BreadcrumbList","@id":"https:\/\/buletin.de\/bucuresti\/cartea-electronica-de-identitate-este-disponibila-si-in-bucuresti-cum-poate-fi-ceruta-si-cat-costa\/#breadcrumb","itemListElement":[{"@type":"ListItem","position":1,"name":"Acas\u0103","item":"https:\/\/buletin.de\/bucuresti\/"},{"@type":"ListItem","position":2,"name":"Cartea electronic\u0103 de identitate este disponibil\u0103 \u0219i \u00een Bucure\u0219ti. Cum poate fi cerut\u0103 \u0219i c\u00e2t cost\u0103"}]},{"@type":"WebSite","@id":"https:\/\/buletin.de\/bucuresti\/#website","url":"https:\/\/buletin.de\/bucuresti\/","name":"Buletin de Bucure\u0219ti","description":"\u0218tiri \u0219i investiga\u021bii esen\u021biale din capital\u0103","publisher":{"@id":"https:\/\/buletin.de\/bucuresti\/#organization"},"potentialAction":[{"@type":"SearchAction","target":{"@type":"EntryPoint","urlTemplate":"https:\/\/buletin.de\/bucuresti\/?s={search_term_string}"},"query-input":{"@type":"PropertyValueSpecification","valueRequired":true,"valueName":"search_term_string"}}],"inLanguage":"en-GB"},{"@type":"Organization","@id":"https:\/\/buletin.de\/bucuresti\/#organization","name":"Buletin de Bucure\u0219ti","url":"https:\/\/buletin.de\/bucuresti\/","logo":{"@type":"ImageObject","inLanguage":"en-GB","@id":"https:\/\/buletin.de\/bucuresti\/#\/schema\/logo\/image\/","url":"https:\/\/buletin.de\/bucuresti\/wp-content\/uploads\/logo-bdb-full-wide-vernil-transparent.png","contentUrl":"https:\/\/buletin.de\/bucuresti\/wp-content\/uploads\/logo-bdb-full-wide-vernil-transparent.png","width":1782,"height":626,"caption":"Buletin de Bucure\u0219ti"},"image":{"@id":"https:\/\/buletin.de\/bucuresti\/#\/schema\/logo\/image\/"},"sameAs":["https:\/\/www.facebook.com\/buletin.de.buc","https:\/\/www.instagram.com\/buletinde.bucuresti\/"]},{"@type":"Person","@id":"https:\/\/buletin.de\/bucuresti\/#\/schema\/person\/2bbcf854e5f2419a13804af574d06ab1","name":"Redac\u021bia Buletin de Bucure\u0219ti","image":{"@type":"ImageObject","inLanguage":"en-GB","@id":"https:\/\/secure.gravatar.com\/avatar\/18c5342381ed1a08620e6280424e3e5efc958618f5d67c522c9e44c1bc6f9226?s=96&d=monsterid&r=g60c7cd0ad92c68c049fcd4bb3504d609","url":"https:\/\/secure.gravatar.com\/avatar\/18c5342381ed1a08620e6280424e3e5efc958618f5d67c522c9e44c1bc6f9226?s=96&d=monsterid&r=g","contentUrl":"https:\/\/secure.gravatar.com\/avatar\/18c5342381ed1a08620e6280424e3e5efc958618f5d67c522c9e44c1bc6f9226?s=96&d=monsterid&r=g","caption":"Redac\u021bia Buletin de Bucure\u0219ti"},"description":"Buletin de Bucure\u0219ti exist\u0103 din vara anului 2019.","url":"https:\/\/buletin.de\/bucuresti\/author\/adminbuletin\/"}]}},"authors":[{"term_id":22583,"user_id":1,"is_guest":0,"slug":"adminbuletin","display_name":"Redac\u021bia Buletin de Bucure\u0219ti","avatar_url":"https:\/\/secure.gravatar.com\/avatar\/18c5342381ed1a08620e6280424e3e5efc958618f5d67c522c9e44c1bc6f9226?s=96&d=monsterid&r=g","0":null,"1":"","2":"","3":"","4":"","5":"","6":"","7":"","8":""}],"_links":{"self":[{"href":"https:\/\/buletin.de\/bucuresti\/wp-json\/wp\/v2\/posts\/127428","targetHints":{"allow":["GET"]}}],"collection":[{"href":"https:\/\/buletin.de\/bucuresti\/wp-json\/wp\/v2\/posts"}],"about":[{"href":"https:\/\/buletin.de\/bucuresti\/wp-json\/wp\/v2\/types\/post"}],"author":[{"embeddable":true,"href":"https:\/\/buletin.de\/bucuresti\/wp-json\/wp\/v2\/users\/1"}],"replies":[{"embeddable":true,"href":"https:\/\/buletin.de\/bucuresti\/wp-json\/wp\/v2\/comments?post=127428"}],"version-history":[{"count":3,"href":"https:\/\/buletin.de\/bucuresti\/wp-json\/wp\/v2\/posts\/127428\/revisions"}],"predecessor-version":[{"id":127432,"href":"https:\/\/buletin.de\/bucuresti\/wp-json\/wp\/v2\/posts\/127428\/revisions\/127432"}],"wp:featuredmedia":[{"embeddable":true,"href":"https:\/\/buletin.de\/bucuresti\/wp-json\/wp\/v2\/media\/127431"}],"wp:attachment":[{"href":"https:\/\/buletin.de\/bucuresti\/wp-json\/wp\/v2\/media?parent=127428"}],"wp:term":[{"taxonomy":"category","embeddable":true,"href":"https:\/\/buletin.de\/bucuresti\/wp-json\/wp\/v2\/categories?post=127428"},{"taxonomy":"post_tag","embeddable":true,"href":"https:\/\/buletin.de\/bucuresti\/wp-json\/wp\/v2\/tags?post=127428"},{"taxonomy":"author","embeddable":true,"href":"https:\/\/buletin.de\/bucuresti\/wp-json\/wp\/v2\/ppma_author?post=127428"}],"curies":[{"name":"wp","href":"https:\/\/api.w.org\/{rel}","templated":true}]}}