{"id":127401,"date":"2025-04-23T18:38:21","date_gmt":"2025-04-23T15:38:21","guid":{"rendered":"https:\/\/buletin.de\/bucuresti\/?p=127401"},"modified":"2025-04-23T18:38:54","modified_gmt":"2025-04-23T15:38:54","slug":"tariful-pentru-parcare-in-sectorul-4-se-dubleaza-5-lei-pe-ora-cel-mai-mare-pret","status":"publish","type":"post","link":"https:\/\/buletin.de\/bucuresti\/tariful-pentru-parcare-in-sectorul-4-se-dubleaza-5-lei-pe-ora-cel-mai-mare-pret\/","title":{"rendered":"Tariful pentru parcare \u00een Sectorul 4 se dubleaz\u0103. 5 lei pe or\u0103, cel mai mare pre\u021b"},"content":{"rendered":"\n<p><strong>Tariful pentru parcare \u00een Sectorul 4 se dubleaz\u0103 de miercuri, 23 aprilie. Pre\u021burile pentru parcare sunt pe zone.<\/strong><\/p>\n\n\n\n<h4 class=\"wp-block-heading\" id=\"h-pre\u021buri-pentru-locurile-de-parcare-publice-stradale\">Pre\u021buri pentru locurile de parcare publice stradale<\/h4>\n\n\n\n<p>&#8211; <strong>zona verde<\/strong> \u2013 1 RON\/ ora<\/p>\n\n\n\n<p>&#8211; <strong>zona galben\u0103<\/strong> \u2013 4 RON \/ ora<\/p>\n\n\n\n<h4 class=\"wp-block-heading\" id=\"h-locuri-de-parcare-publice-cu-bariera\">Locuri de parcare publice cu barier\u0103<\/h4>\n\n\n\n<p><strong>Piscului<\/strong> \u2013 1RON\/ora;<\/p>\n\n\n\n<p><strong>Olteni\u021bei<\/strong> \u2013 1 RON\/ora;<\/p>\n\n\n\n<p><strong>Pridvorului<\/strong> &#8211; 1 RON\/ora;<\/p>\n\n\n\n<p><strong>Ni\u021bu Vasile <\/strong>\u2013 1RON\/ora;<\/p>\n\n\n\n<p><strong>Bucov\u0103\u021b<\/strong> \u2013 1 RON\/ora;<\/p>\n\n\n\n<p><strong>Parc Tudor Arghezi<\/strong> \u2013 4 RON\/ora;<\/p>\n\n\n\n<p><strong>Pia\u021ba Norilor<\/strong> \u2013 4 RON\/ora;<\/p>\n\n\n\n<p><strong>Pia\u021ba Progresul<\/strong> \u2013 4 RON\/ora;<\/p>\n\n\n\n<p><strong>Tulnici \u2013 <\/strong>4 RON\/ora.<\/p>\n\n\n\n<h2 class=\"wp-block-heading\" id=\"h-tariful-pentru-parcare-in-sectorul-4-5-lei-la-park-amp-ride\">Tariful pentru parcare \u00een Sectorul 4: 5 lei la Park&amp;Ride<\/h2>\n\n\n\n<p>Tarif \u00eentre orele 23:00 &#8211; 5:00 \u2013 5 RON\/ora<\/p>\n\n\n\n<p>Tarif \u00eentre orele 05:00 \u2013-23:00 \u2013 5 RON\/interval<\/p>\n\n\n\n<p>Este vorba despre parc\u0103rile Timpuri Noi, IMGB 1-5, IMGB 6-8 \u0219i Metrou Tudor Arghezi.<\/p>\n\n\n\n<p><strong>To\u021bi pl\u0103titorii taxei speciale pentru dezvoltare urban\u0103, \u00een valoare de 540 de lei, pot parca oriunde \u00een locurile de parcare publica de culoare verde , f\u0103r\u0103 a mai face vreo plat\u0103, fiind suficient\u0103 afi\u0219area vignetei, la loc vizibil.<\/strong><\/p>\n\n\n\n<p><strong>CITE\u0218TE \u0218I: <a href=\"https:\/\/buletin.de\/bucuresti\/sector-3-inca-o-incercare-pentru-pista-de-pumptrack-de-520-000-de-euro-acum-se-stie-unde-va-fi-amplasata\/\" target=\"_blank\" rel=\"noreferrer noopener\">Sector 3 | \u00cenc\u0103 o \u00eencercare pentru pista de pumptrack de 520.000 de euro. Amplasat\u0103 \u00een zona de interes a familiei Negoi\u021b\u0103<\/a><\/strong><\/p>\n\n\n\n<div class=\"wp-block-buttons is-content-justification-center is-layout-flex wp-container-core-buttons-is-layout-16018d1d wp-block-buttons-is-layout-flex\">\n<div class=\"wp-block-button has-custom-width wp-block-button__width-100\"><a class=\"wp-block-button__link wp-element-button\" href=\"https:\/\/www.patreon.com\/BuletinDeBucuresti\"><strong>Sus\u021bine Buletin de Bucure\u0219ti pentru investiga\u021bii, reportaje \u0219i \u0219tiri Locale<\/strong><\/a><\/div>\n<\/div>\n\n\n\n<h2 class=\"wp-block-heading\" id=\"h-cine-plate\u0219te-taxa-speciala-de-540-de-lei-nu-mai-plate\u0219te-\u0219i-tariful-orar\">Cine pl\u0103te\u0219te taxa special\u0103 de 540 de lei nu mai pl\u0103te\u0219te \u0219i tariful orar<\/h2>\n\n\n\n<p><strong>Prim\u0103ria Sectorului 4 a precizat c\u0103 posesorii de autoturisme care pl\u0103tesc taxa special\u0103 de 540 de lei, impus\u0103 la \u00eenceputul acestui an, au posibilitatea acces\u0103rii parcajelor publice ori a spa\u021biilor similare acestora, f\u0103r\u0103 s\u0103 mai achite tariful orar.<\/strong><\/p>\n\n\n\n<p>\u201eConform noului regulament, ca urmare a achit\u0103rii sumei de 540 de lei anual, posesorilor autovehiculelor le-ar reveni de plat\u0103 o sum\u0103 lunar\u0103 de 45 de lei, cu posibilitatea de a-\u0219i parca autoturismul oriunde \u00een sector, \u00een toate parc\u0103rile publice sau \u00een spa\u021bii similare acestora, \u00een care sta\u021bionarea ma\u0219inilor nu este interzis\u0103\u201d, se arat\u0103 <a href=\"https:\/\/buletin.de\/bucuresti\/raspunsul-primariei-sector-4-dat-celor-115-000-soferi-afectati-de-taxa-de-540-lei-pentru-parcare-edilii-vorbesc-de-o-facilitate\/\" target=\"_blank\" rel=\"noreferrer noopener\">\u00eentr-un comunicat al Prim\u0103riei Sectorului 4<\/a>.<\/p>\n\n\n\n<p><strong>CITE\u0218TE \u0218I: <a href=\"https:\/\/buletin.de\/bucuresti\/snoop-cine-sunt-oamenii-din-spatele-mariei-cocoru-detinatoarea-din-acte-a-zonei-din-ior-distrusa-intentionat\/\">Snoop | Cine sunt oamenii din spatele Mariei Cocoru, de\u021bin\u0103toarea din acte a zonei din IOR distrus\u0103 inten\u021bionat<\/a><\/strong><\/p>\n\n\n\n<p><\/p>\n","protected":false},"excerpt":{"rendered":"<p>Tariful pentru parcare \u00een Sectorul 4 se dubleaz\u0103 de miercuri, 23 aprilie. Pre\u021burile pentru parcare sunt pe zone. Pre\u021buri pentru locurile de parcare publice stradale &#8211; zona verde \u2013 1 RON\/ ora &#8211; zona galben\u0103 \u2013 4 RON \/ ora Locuri de parcare publice cu barier\u0103 Piscului \u2013 1RON\/ora; Olteni\u021bei \u2013 1 RON\/ora; Pridvorului &#8211; [&hellip;]<\/p>\n","protected":false},"author":49,"featured_media":127402,"comment_status":"closed","ping_status":"open","sticky":false,"template":"","format":"standard","meta":{"_acf_changed":false,"inline_featured_image":false,"ngg_post_thumbnail":0,"footnotes":""},"categories":[6994,5762,24],"tags":[15990,20828,765],"ppma_author":[22574],"class_list":["post-127401","post","type-post","status-publish","format-standard","has-post-thumbnail","hentry","category-stiri-2","category-main","category-primarie","tag-parcari-sector-4","tag-preturi-parcare","tag-sector-4"],"acf":[],"yoast_head":"<!-- This site is optimized with the Yoast SEO Premium plugin v25.3 (Yoast SEO v27.5) - https:\/\/yoast.com\/product\/yoast-seo-premium-wordpress\/ -->\n<title>Tariful pentru parcare \u00een Sectorul 4 se dubleaz\u0103. 5 lei pe or\u0103, cel mai mare pre\u021b - Buletin de Bucure\u0219ti<\/title>\n<meta name=\"description\" content=\"Tariful pentru parcare \u00een Sectorul 4 se dubleaz\u0103 de miercuri, 23 aprilie. Pre\u021burile pentru parcare sunt pe zone.\" \/>\n<meta name=\"robots\" content=\"index, follow, max-snippet:-1, max-image-preview:large, max-video-preview:-1\" \/>\n<link rel=\"canonical\" href=\"https:\/\/buletin.de\/bucuresti\/tariful-pentru-parcare-in-sectorul-4-se-dubleaza-5-lei-pe-ora-cel-mai-mare-pret\/\" \/>\n<meta property=\"og:locale\" content=\"en_GB\" \/>\n<meta property=\"og:type\" content=\"article\" \/>\n<meta property=\"og:title\" content=\"Tariful pentru parcare \u00een Sectorul 4 se dubleaz\u0103. 5 lei pe or\u0103, cel mai mare pre\u021b\" \/>\n<meta property=\"og:description\" content=\"Tariful pentru parcare \u00een Sectorul 4 se dubleaz\u0103 de miercuri, 23 aprilie. Pre\u021burile pentru parcare sunt pe zone.\" \/>\n<meta property=\"og:url\" content=\"https:\/\/buletin.de\/bucuresti\/tariful-pentru-parcare-in-sectorul-4-se-dubleaza-5-lei-pe-ora-cel-mai-mare-pret\/\" \/>\n<meta property=\"og:site_name\" content=\"Buletin de Bucure\u0219ti\" \/>\n<meta property=\"article:publisher\" content=\"https:\/\/www.facebook.com\/buletin.de.buc\" \/>\n<meta property=\"article:published_time\" content=\"2025-04-23T15:38:21+00:00\" \/>\n<meta property=\"article:modified_time\" content=\"2025-04-23T15:38:54+00:00\" \/>\n<meta property=\"og:image\" content=\"https:\/\/buletin.de\/bucuresti\/wp-content\/uploads\/2025\/04\/locuricuplatadrumultaberei-1600x1356-1.jpg\" \/>\n\t<meta property=\"og:image:width\" content=\"1600\" \/>\n\t<meta property=\"og:image:height\" content=\"1356\" \/>\n\t<meta property=\"og:image:type\" content=\"image\/jpeg\" \/>\n<meta name=\"author\" content=\"Diana Matei\" \/>\n<meta name=\"twitter:card\" content=\"summary_large_image\" \/>\n<meta name=\"twitter:label1\" content=\"Written by\" \/>\n\t<meta name=\"twitter:data1\" content=\"Diana Matei\" \/>\n\t<meta name=\"twitter:label2\" content=\"Estimated reading time\" \/>\n\t<meta name=\"twitter:data2\" content=\"2 minutes\" \/>\n<script type=\"application\/ld+json\" class=\"yoast-schema-graph\">{\"@context\":\"https:\\\/\\\/schema.org\",\"@graph\":[{\"@type\":\"Article\",\"@id\":\"https:\\\/\\\/buletin.de\\\/bucuresti\\\/tariful-pentru-parcare-in-sectorul-4-se-dubleaza-5-lei-pe-ora-cel-mai-mare-pret\\\/#article\",\"isPartOf\":{\"@id\":\"https:\\\/\\\/buletin.de\\\/bucuresti\\\/tariful-pentru-parcare-in-sectorul-4-se-dubleaza-5-lei-pe-ora-cel-mai-mare-pret\\\/\"},\"author\":{\"name\":\"Diana Matei\",\"@id\":\"https:\\\/\\\/buletin.de\\\/bucuresti\\\/#\\\/schema\\\/person\\\/7e46040573290777280a0835d81ea4ea\"},\"headline\":\"Tariful pentru parcare \u00een Sectorul 4 se dubleaz\u0103. 5 lei pe or\u0103, cel mai mare pre\u021b\",\"datePublished\":\"2025-04-23T15:38:21+00:00\",\"dateModified\":\"2025-04-23T15:38:54+00:00\",\"mainEntityOfPage\":{\"@id\":\"https:\\\/\\\/buletin.de\\\/bucuresti\\\/tariful-pentru-parcare-in-sectorul-4-se-dubleaza-5-lei-pe-ora-cel-mai-mare-pret\\\/\"},\"wordCount\":348,\"publisher\":{\"@id\":\"https:\\\/\\\/buletin.de\\\/bucuresti\\\/#organization\"},\"image\":{\"@id\":\"https:\\\/\\\/buletin.de\\\/bucuresti\\\/tariful-pentru-parcare-in-sectorul-4-se-dubleaza-5-lei-pe-ora-cel-mai-mare-pret\\\/#primaryimage\"},\"thumbnailUrl\":\"https:\\\/\\\/buletin.de\\\/bucuresti\\\/wp-content\\\/uploads\\\/2025\\\/04\\\/locuricuplatadrumultaberei-1600x1356-1.jpg\",\"keywords\":[\"parcari sector 4\",\"preturi parcare\",\"Sector 4\"],\"articleSection\":[\"Articole\",\"Main\",\"Prim\u0103rie\"],\"inLanguage\":\"en-GB\",\"copyrightYear\":\"2025\",\"copyrightHolder\":{\"@id\":\"https:\\\/\\\/buletin.de\\\/bucuresti\\\/#organization\"}},{\"@type\":\"WebPage\",\"@id\":\"https:\\\/\\\/buletin.de\\\/bucuresti\\\/tariful-pentru-parcare-in-sectorul-4-se-dubleaza-5-lei-pe-ora-cel-mai-mare-pret\\\/\",\"url\":\"https:\\\/\\\/buletin.de\\\/bucuresti\\\/tariful-pentru-parcare-in-sectorul-4-se-dubleaza-5-lei-pe-ora-cel-mai-mare-pret\\\/\",\"name\":\"Tariful pentru parcare \u00een Sectorul 4 se dubleaz\u0103. 5 lei pe or\u0103, cel mai mare pre\u021b - Buletin de Bucure\u0219ti\",\"isPartOf\":{\"@id\":\"https:\\\/\\\/buletin.de\\\/bucuresti\\\/#website\"},\"primaryImageOfPage\":{\"@id\":\"https:\\\/\\\/buletin.de\\\/bucuresti\\\/tariful-pentru-parcare-in-sectorul-4-se-dubleaza-5-lei-pe-ora-cel-mai-mare-pret\\\/#primaryimage\"},\"image\":{\"@id\":\"https:\\\/\\\/buletin.de\\\/bucuresti\\\/tariful-pentru-parcare-in-sectorul-4-se-dubleaza-5-lei-pe-ora-cel-mai-mare-pret\\\/#primaryimage\"},\"thumbnailUrl\":\"https:\\\/\\\/buletin.de\\\/bucuresti\\\/wp-content\\\/uploads\\\/2025\\\/04\\\/locuricuplatadrumultaberei-1600x1356-1.jpg\",\"datePublished\":\"2025-04-23T15:38:21+00:00\",\"dateModified\":\"2025-04-23T15:38:54+00:00\",\"description\":\"Tariful pentru parcare \u00een Sectorul 4 se dubleaz\u0103 de miercuri, 23 aprilie. Pre\u021burile pentru parcare sunt pe zone.\",\"breadcrumb\":{\"@id\":\"https:\\\/\\\/buletin.de\\\/bucuresti\\\/tariful-pentru-parcare-in-sectorul-4-se-dubleaza-5-lei-pe-ora-cel-mai-mare-pret\\\/#breadcrumb\"},\"inLanguage\":\"en-GB\",\"potentialAction\":[{\"@type\":\"ReadAction\",\"target\":[\"https:\\\/\\\/buletin.de\\\/bucuresti\\\/tariful-pentru-parcare-in-sectorul-4-se-dubleaza-5-lei-pe-ora-cel-mai-mare-pret\\\/\"]}]},{\"@type\":\"ImageObject\",\"inLanguage\":\"en-GB\",\"@id\":\"https:\\\/\\\/buletin.de\\\/bucuresti\\\/tariful-pentru-parcare-in-sectorul-4-se-dubleaza-5-lei-pe-ora-cel-mai-mare-pret\\\/#primaryimage\",\"url\":\"https:\\\/\\\/buletin.de\\\/bucuresti\\\/wp-content\\\/uploads\\\/2025\\\/04\\\/locuricuplatadrumultaberei-1600x1356-1.jpg\",\"contentUrl\":\"https:\\\/\\\/buletin.de\\\/bucuresti\\\/wp-content\\\/uploads\\\/2025\\\/04\\\/locuricuplatadrumultaberei-1600x1356-1.jpg\",\"width\":1600,\"height\":1356,\"caption\":\"Sector 4 | Pre\u021burile parc\u0103rilor a crescut. Taxa de 540 de lei a intrat in vigoare de la 1 ianuarie. FOTO: Arhiva\"},{\"@type\":\"BreadcrumbList\",\"@id\":\"https:\\\/\\\/buletin.de\\\/bucuresti\\\/tariful-pentru-parcare-in-sectorul-4-se-dubleaza-5-lei-pe-ora-cel-mai-mare-pret\\\/#breadcrumb\",\"itemListElement\":[{\"@type\":\"ListItem\",\"position\":1,\"name\":\"Acas\u0103\",\"item\":\"https:\\\/\\\/buletin.de\\\/bucuresti\\\/\"},{\"@type\":\"ListItem\",\"position\":2,\"name\":\"Tariful pentru parcare \u00een Sectorul 4 se dubleaz\u0103. 5 lei pe or\u0103, cel mai mare pre\u021b\"}]},{\"@type\":\"WebSite\",\"@id\":\"https:\\\/\\\/buletin.de\\\/bucuresti\\\/#website\",\"url\":\"https:\\\/\\\/buletin.de\\\/bucuresti\\\/\",\"name\":\"Buletin de Bucure\u0219ti\",\"description\":\"\u0218tiri \u0219i investiga\u021bii esen\u021biale din capital\u0103\",\"publisher\":{\"@id\":\"https:\\\/\\\/buletin.de\\\/bucuresti\\\/#organization\"},\"potentialAction\":[{\"@type\":\"SearchAction\",\"target\":{\"@type\":\"EntryPoint\",\"urlTemplate\":\"https:\\\/\\\/buletin.de\\\/bucuresti\\\/?s={search_term_string}\"},\"query-input\":{\"@type\":\"PropertyValueSpecification\",\"valueRequired\":true,\"valueName\":\"search_term_string\"}}],\"inLanguage\":\"en-GB\"},{\"@type\":\"Organization\",\"@id\":\"https:\\\/\\\/buletin.de\\\/bucuresti\\\/#organization\",\"name\":\"Buletin de Bucure\u0219ti\",\"url\":\"https:\\\/\\\/buletin.de\\\/bucuresti\\\/\",\"logo\":{\"@type\":\"ImageObject\",\"inLanguage\":\"en-GB\",\"@id\":\"https:\\\/\\\/buletin.de\\\/bucuresti\\\/#\\\/schema\\\/logo\\\/image\\\/\",\"url\":\"https:\\\/\\\/buletin.de\\\/bucuresti\\\/wp-content\\\/uploads\\\/logo-bdb-full-wide-vernil-transparent.png\",\"contentUrl\":\"https:\\\/\\\/buletin.de\\\/bucuresti\\\/wp-content\\\/uploads\\\/logo-bdb-full-wide-vernil-transparent.png\",\"width\":1782,\"height\":626,\"caption\":\"Buletin de Bucure\u0219ti\"},\"image\":{\"@id\":\"https:\\\/\\\/buletin.de\\\/bucuresti\\\/#\\\/schema\\\/logo\\\/image\\\/\"},\"sameAs\":[\"https:\\\/\\\/www.facebook.com\\\/buletin.de.buc\",\"https:\\\/\\\/www.instagram.com\\\/buletinde.bucuresti\\\/\"]},{\"@type\":\"Person\",\"@id\":\"https:\\\/\\\/buletin.de\\\/bucuresti\\\/#\\\/schema\\\/person\\\/7e46040573290777280a0835d81ea4ea\",\"name\":\"Diana Matei\",\"image\":{\"@type\":\"ImageObject\",\"inLanguage\":\"en-GB\",\"@id\":\"https:\\\/\\\/buletin.de\\\/bucuresti\\\/wp-content\\\/uploads\\\/9-2-96x96.jpg1e8590b30871d70e62ebcdaf2eff570c\",\"url\":\"https:\\\/\\\/buletin.de\\\/bucuresti\\\/wp-content\\\/uploads\\\/9-2-96x96.jpg\",\"contentUrl\":\"https:\\\/\\\/buletin.de\\\/bucuresti\\\/wp-content\\\/uploads\\\/9-2-96x96.jpg\",\"caption\":\"Diana Matei\"},\"url\":\"https:\\\/\\\/buletin.de\\\/bucuresti\\\/author\\\/dianamatei\\\/\"}]}<\/script>\n<!-- \/ Yoast SEO Premium plugin. -->","yoast_head_json":{"title":"Tariful pentru parcare \u00een Sectorul 4 se dubleaz\u0103. 5 lei pe or\u0103, cel mai mare pre\u021b - Buletin de Bucure\u0219ti","description":"Tariful pentru parcare \u00een Sectorul 4 se dubleaz\u0103 de miercuri, 23 aprilie. Pre\u021burile pentru parcare sunt pe zone.","robots":{"index":"index","follow":"follow","max-snippet":"max-snippet:-1","max-image-preview":"max-image-preview:large","max-video-preview":"max-video-preview:-1"},"canonical":"https:\/\/buletin.de\/bucuresti\/tariful-pentru-parcare-in-sectorul-4-se-dubleaza-5-lei-pe-ora-cel-mai-mare-pret\/","og_locale":"en_GB","og_type":"article","og_title":"Tariful pentru parcare \u00een Sectorul 4 se dubleaz\u0103. 5 lei pe or\u0103, cel mai mare pre\u021b","og_description":"Tariful pentru parcare \u00een Sectorul 4 se dubleaz\u0103 de miercuri, 23 aprilie. Pre\u021burile pentru parcare sunt pe zone.","og_url":"https:\/\/buletin.de\/bucuresti\/tariful-pentru-parcare-in-sectorul-4-se-dubleaza-5-lei-pe-ora-cel-mai-mare-pret\/","og_site_name":"Buletin de Bucure\u0219ti","article_publisher":"https:\/\/www.facebook.com\/buletin.de.buc","article_published_time":"2025-04-23T15:38:21+00:00","article_modified_time":"2025-04-23T15:38:54+00:00","og_image":[{"width":1600,"height":1356,"url":"https:\/\/buletin.de\/bucuresti\/wp-content\/uploads\/2025\/04\/locuricuplatadrumultaberei-1600x1356-1.jpg","type":"image\/jpeg"}],"author":"Diana Matei","twitter_card":"summary_large_image","twitter_misc":{"Written by":"Diana Matei","Estimated reading time":"2 minutes"},"schema":{"@context":"https:\/\/schema.org","@graph":[{"@type":"Article","@id":"https:\/\/buletin.de\/bucuresti\/tariful-pentru-parcare-in-sectorul-4-se-dubleaza-5-lei-pe-ora-cel-mai-mare-pret\/#article","isPartOf":{"@id":"https:\/\/buletin.de\/bucuresti\/tariful-pentru-parcare-in-sectorul-4-se-dubleaza-5-lei-pe-ora-cel-mai-mare-pret\/"},"author":{"name":"Diana Matei","@id":"https:\/\/buletin.de\/bucuresti\/#\/schema\/person\/7e46040573290777280a0835d81ea4ea"},"headline":"Tariful pentru parcare \u00een Sectorul 4 se dubleaz\u0103. 5 lei pe or\u0103, cel mai mare pre\u021b","datePublished":"2025-04-23T15:38:21+00:00","dateModified":"2025-04-23T15:38:54+00:00","mainEntityOfPage":{"@id":"https:\/\/buletin.de\/bucuresti\/tariful-pentru-parcare-in-sectorul-4-se-dubleaza-5-lei-pe-ora-cel-mai-mare-pret\/"},"wordCount":348,"publisher":{"@id":"https:\/\/buletin.de\/bucuresti\/#organization"},"image":{"@id":"https:\/\/buletin.de\/bucuresti\/tariful-pentru-parcare-in-sectorul-4-se-dubleaza-5-lei-pe-ora-cel-mai-mare-pret\/#primaryimage"},"thumbnailUrl":"https:\/\/buletin.de\/bucuresti\/wp-content\/uploads\/2025\/04\/locuricuplatadrumultaberei-1600x1356-1.jpg","keywords":["parcari sector 4","preturi parcare","Sector 4"],"articleSection":["Articole","Main","Prim\u0103rie"],"inLanguage":"en-GB","copyrightYear":"2025","copyrightHolder":{"@id":"https:\/\/buletin.de\/bucuresti\/#organization"}},{"@type":"WebPage","@id":"https:\/\/buletin.de\/bucuresti\/tariful-pentru-parcare-in-sectorul-4-se-dubleaza-5-lei-pe-ora-cel-mai-mare-pret\/","url":"https:\/\/buletin.de\/bucuresti\/tariful-pentru-parcare-in-sectorul-4-se-dubleaza-5-lei-pe-ora-cel-mai-mare-pret\/","name":"Tariful pentru parcare \u00een Sectorul 4 se dubleaz\u0103. 5 lei pe or\u0103, cel mai mare pre\u021b - Buletin de Bucure\u0219ti","isPartOf":{"@id":"https:\/\/buletin.de\/bucuresti\/#website"},"primaryImageOfPage":{"@id":"https:\/\/buletin.de\/bucuresti\/tariful-pentru-parcare-in-sectorul-4-se-dubleaza-5-lei-pe-ora-cel-mai-mare-pret\/#primaryimage"},"image":{"@id":"https:\/\/buletin.de\/bucuresti\/tariful-pentru-parcare-in-sectorul-4-se-dubleaza-5-lei-pe-ora-cel-mai-mare-pret\/#primaryimage"},"thumbnailUrl":"https:\/\/buletin.de\/bucuresti\/wp-content\/uploads\/2025\/04\/locuricuplatadrumultaberei-1600x1356-1.jpg","datePublished":"2025-04-23T15:38:21+00:00","dateModified":"2025-04-23T15:38:54+00:00","description":"Tariful pentru parcare \u00een Sectorul 4 se dubleaz\u0103 de miercuri, 23 aprilie. Pre\u021burile pentru parcare sunt pe zone.","breadcrumb":{"@id":"https:\/\/buletin.de\/bucuresti\/tariful-pentru-parcare-in-sectorul-4-se-dubleaza-5-lei-pe-ora-cel-mai-mare-pret\/#breadcrumb"},"inLanguage":"en-GB","potentialAction":[{"@type":"ReadAction","target":["https:\/\/buletin.de\/bucuresti\/tariful-pentru-parcare-in-sectorul-4-se-dubleaza-5-lei-pe-ora-cel-mai-mare-pret\/"]}]},{"@type":"ImageObject","inLanguage":"en-GB","@id":"https:\/\/buletin.de\/bucuresti\/tariful-pentru-parcare-in-sectorul-4-se-dubleaza-5-lei-pe-ora-cel-mai-mare-pret\/#primaryimage","url":"https:\/\/buletin.de\/bucuresti\/wp-content\/uploads\/2025\/04\/locuricuplatadrumultaberei-1600x1356-1.jpg","contentUrl":"https:\/\/buletin.de\/bucuresti\/wp-content\/uploads\/2025\/04\/locuricuplatadrumultaberei-1600x1356-1.jpg","width":1600,"height":1356,"caption":"Sector 4 | Pre\u021burile parc\u0103rilor a crescut. Taxa de 540 de lei a intrat in vigoare de la 1 ianuarie. FOTO: Arhiva"},{"@type":"BreadcrumbList","@id":"https:\/\/buletin.de\/bucuresti\/tariful-pentru-parcare-in-sectorul-4-se-dubleaza-5-lei-pe-ora-cel-mai-mare-pret\/#breadcrumb","itemListElement":[{"@type":"ListItem","position":1,"name":"Acas\u0103","item":"https:\/\/buletin.de\/bucuresti\/"},{"@type":"ListItem","position":2,"name":"Tariful pentru parcare \u00een Sectorul 4 se dubleaz\u0103. 5 lei pe or\u0103, cel mai mare pre\u021b"}]},{"@type":"WebSite","@id":"https:\/\/buletin.de\/bucuresti\/#website","url":"https:\/\/buletin.de\/bucuresti\/","name":"Buletin de Bucure\u0219ti","description":"\u0218tiri \u0219i investiga\u021bii esen\u021biale din capital\u0103","publisher":{"@id":"https:\/\/buletin.de\/bucuresti\/#organization"},"potentialAction":[{"@type":"SearchAction","target":{"@type":"EntryPoint","urlTemplate":"https:\/\/buletin.de\/bucuresti\/?s={search_term_string}"},"query-input":{"@type":"PropertyValueSpecification","valueRequired":true,"valueName":"search_term_string"}}],"inLanguage":"en-GB"},{"@type":"Organization","@id":"https:\/\/buletin.de\/bucuresti\/#organization","name":"Buletin de Bucure\u0219ti","url":"https:\/\/buletin.de\/bucuresti\/","logo":{"@type":"ImageObject","inLanguage":"en-GB","@id":"https:\/\/buletin.de\/bucuresti\/#\/schema\/logo\/image\/","url":"https:\/\/buletin.de\/bucuresti\/wp-content\/uploads\/logo-bdb-full-wide-vernil-transparent.png","contentUrl":"https:\/\/buletin.de\/bucuresti\/wp-content\/uploads\/logo-bdb-full-wide-vernil-transparent.png","width":1782,"height":626,"caption":"Buletin de Bucure\u0219ti"},"image":{"@id":"https:\/\/buletin.de\/bucuresti\/#\/schema\/logo\/image\/"},"sameAs":["https:\/\/www.facebook.com\/buletin.de.buc","https:\/\/www.instagram.com\/buletinde.bucuresti\/"]},{"@type":"Person","@id":"https:\/\/buletin.de\/bucuresti\/#\/schema\/person\/7e46040573290777280a0835d81ea4ea","name":"Diana Matei","image":{"@type":"ImageObject","inLanguage":"en-GB","@id":"https:\/\/buletin.de\/bucuresti\/wp-content\/uploads\/9-2-96x96.jpg1e8590b30871d70e62ebcdaf2eff570c","url":"https:\/\/buletin.de\/bucuresti\/wp-content\/uploads\/9-2-96x96.jpg","contentUrl":"https:\/\/buletin.de\/bucuresti\/wp-content\/uploads\/9-2-96x96.jpg","caption":"Diana Matei"},"url":"https:\/\/buletin.de\/bucuresti\/author\/dianamatei\/"}]}},"authors":[{"term_id":22574,"user_id":49,"is_guest":0,"slug":"dianamatei","display_name":"Diana Matei","avatar_url":"https:\/\/buletin.de\/bucuresti\/wp-content\/uploads\/9-2-96x96.jpg","0":null,"1":"","2":"","3":"","4":"","5":"","6":"","7":"","8":""}],"_links":{"self":[{"href":"https:\/\/buletin.de\/bucuresti\/wp-json\/wp\/v2\/posts\/127401","targetHints":{"allow":["GET"]}}],"collection":[{"href":"https:\/\/buletin.de\/bucuresti\/wp-json\/wp\/v2\/posts"}],"about":[{"href":"https:\/\/buletin.de\/bucuresti\/wp-json\/wp\/v2\/types\/post"}],"author":[{"embeddable":true,"href":"https:\/\/buletin.de\/bucuresti\/wp-json\/wp\/v2\/users\/49"}],"replies":[{"embeddable":true,"href":"https:\/\/buletin.de\/bucuresti\/wp-json\/wp\/v2\/comments?post=127401"}],"version-history":[{"count":2,"href":"https:\/\/buletin.de\/bucuresti\/wp-json\/wp\/v2\/posts\/127401\/revisions"}],"predecessor-version":[{"id":127411,"href":"https:\/\/buletin.de\/bucuresti\/wp-json\/wp\/v2\/posts\/127401\/revisions\/127411"}],"wp:featuredmedia":[{"embeddable":true,"href":"https:\/\/buletin.de\/bucuresti\/wp-json\/wp\/v2\/media\/127402"}],"wp:attachment":[{"href":"https:\/\/buletin.de\/bucuresti\/wp-json\/wp\/v2\/media?parent=127401"}],"wp:term":[{"taxonomy":"category","embeddable":true,"href":"https:\/\/buletin.de\/bucuresti\/wp-json\/wp\/v2\/categories?post=127401"},{"taxonomy":"post_tag","embeddable":true,"href":"https:\/\/buletin.de\/bucuresti\/wp-json\/wp\/v2\/tags?post=127401"},{"taxonomy":"author","embeddable":true,"href":"https:\/\/buletin.de\/bucuresti\/wp-json\/wp\/v2\/ppma_author?post=127401"}],"curies":[{"name":"wp","href":"https:\/\/api.w.org\/{rel}","templated":true}]}}