{"id":127313,"date":"2025-04-23T08:36:38","date_gmt":"2025-04-23T05:36:38","guid":{"rendered":"https:\/\/buletin.de\/bucuresti\/?p=127313"},"modified":"2025-04-23T08:37:31","modified_gmt":"2025-04-23T05:37:31","slug":"snoop-cine-sunt-oamenii-din-spatele-mariei-cocoru-detinatoarea-din-acte-a-zonei-din-ior-distrusa-intentionat","status":"publish","type":"post","link":"https:\/\/buletin.de\/bucuresti\/snoop-cine-sunt-oamenii-din-spatele-mariei-cocoru-detinatoarea-din-acte-a-zonei-din-ior-distrusa-intentionat\/","title":{"rendered":"Snoop | Cine sunt oamenii din spatele Mariei Cocoru, de\u021bin\u0103toarea din acte a zonei din IOR distrus\u0103 inten\u021bionat"},"content":{"rendered":"\n<p><strong>\u00cen spatele Mariei Cocoru, femeia de 90 de ani, decedat\u0103 \u00eentre timp, care apare \u00een acte ca cea care de\u021bine zona retrocedat\u0103 din Parcul IOR, s-ar afla familia B\u0103jenaru, potrivit <a href=\"https:\/\/snoop.ro\/cimitirul-ior-cine-sunt-oamenii-care-au-ras-12-hectare-din-parc-ca-sa-pregateasca-terenul-pentru-targuri-si-ballroom-uri\/\">Snoop<\/a>.<\/strong><\/p>\n\n\n\n<p>Maria Cocoru ar fi ruda lor. Familia B\u0103jenaru are leg\u0103turi politice, afaceri imobiliare \u0219i contracte cu statul. \u00cen ultimii ani, zona retrocedat\u0103 a fost transformat\u0103 \u00eentr-un c\u00e2mp devastat care urmeaz\u0103 s\u0103 fie \u00eenchiriat.<\/p>\n\n\n\n<div class=\"wp-block-buttons is-content-justification-center is-layout-flex wp-container-core-buttons-is-layout-16018d1d wp-block-buttons-is-layout-flex\">\n<div class=\"wp-block-button has-custom-width wp-block-button__width-100\"><a class=\"wp-block-button__link wp-element-button\" href=\"https:\/\/www.patreon.com\/BuletinDeBucuresti\"><strong>Sus\u021bine Buletin de Bucure\u0219ti pentru investiga\u021bii, reportaje \u0219i \u0219tiri Locale<\/strong><\/a><\/div>\n<\/div>\n\n\n\n<p><strong>CITE\u0218TE \u0218I: <a href=\"https:\/\/buletin.de\/bucuresti\/editorial-victoria-pariziana-aduce-aminte-de-esecul-de-la-bucuresti-in-micul-paris-inca-mai-primim-aer-curat-cu-portia\/\" target=\"_blank\" rel=\"noreferrer noopener\">EDITORIAL | Victoria parizian\u0103 aduce aminte de e\u0219ecul de la Bucure\u0219ti. \u00cen \u201emicul Paris\u201d \u00eenc\u0103 mai primim aer curat cu por\u021bia<\/a><\/strong><\/p>\n\n\n\n<h2 class=\"wp-block-heading\" id=\"h-oamenii-din-spatele-mariei-cocoru-afirma-ca-au-taiat-copacii-ca-sa-faca-targuri-tradi\u021bionale\">Oamenii din spatele Mariei Cocoru afirm\u0103 c\u0103 au t\u0103iat copacii ca s\u0103 fac\u0103 \u201et\u00e2rguri tradi\u021bionale\u201d<\/h2>\n\n\n\n<p>\u201eCrede\u021bi-ne c\u0103 o s\u0103 fie frumos\u201d, este promisiunea lui Sorin Tu\u021b\u0103, cel care se prezint\u0103 drept mandatarul fostei proprietare Cocoru, \u0219i administratorul tuturor terenurilor aflate pe numele femeii.&nbsp;<\/p>\n\n\n\n<p>Acesta a fost g\u0103sit \u00een zona retrocedat\u0103 din IOR al\u0103turi de Sorin Mu\u0219at, chiria\u0219 pe teren. El este implicat al\u0103turi de tat\u0103l lui, Mihai Mu\u0219at, \u00een afaceri cu spa\u021bii de joac\u0103 \u00een parcuri.<\/p>\n\n\n\n<p>Sorin Tu\u021b\u0103 confirm\u0103 c\u0103 proprietarii ar fi vrut \u00een IOR un \u201emini Disneyland\u201d \u0219i c\u0103 \u201eau pl\u0103tit bani grei pentru un studiu \u00een Fran\u021ba\u201d, dar nu au vrut prim\u0103riile.\u00a0<\/p>\n\n\n\n<p>\u201eAm vrut multe lucruri bune s\u0103 facem, dar nu am fost l\u0103sa\u021bi\u201d, afirm\u0103 b\u0103rbatul.<\/p>\n\n\n\n<p>\u201eBlocuri \u00een niciun caz nu vor fi aici. Parc de distrac\u021bii, terase, tot pentru cet\u0103\u021beni\u201d, sus\u021bine \u0219i Sorin Mu\u0219at. \u201eBallroom-uri\u201d, adaug\u0103. Toat\u0103 zona va fi de \u00eenchiriat.<br><br>Poate va fi un \u201et\u00e2rg d-\u0103sta tradi\u021bional, me\u0219te\u0219ug\u0103resc, s\u0103 se potriveasc\u0103 cu biserica\u201d, \u00eel completeaz\u0103 Tu\u021b\u0103. Ceva \u201eutil\u201d.<\/p>\n\n\n\n<p>Terenul pe care este ridicat\u0103 biserica de lemn din IOR a fost donat de proprietari Patriarhiei, pentru c\u0103 \u201esunt oameni ai lui Dumnezeu\u201d, sus\u021bin cei doi b\u0103rba\u021bi.&nbsp;<\/p>\n\n\n\n<p>Oamenii de la biseric\u0103 confirm\u0103, \u00eentr-un dialog cu Snoop, dar se declar\u0103 dezam\u0103gi\u021bi de peisajul cu care sunt \u00eent\u00e2mpina\u021bi enoria\u0219ii. N-au sc\u0103pat de lan\u021burile drujbei nici pomii fructiferi de pe lateralul l\u0103ca\u0219ului.<\/p>\n\n\n\n<p><strong>Mai multe detali despre familia B\u0103jenaru \u00een <a href=\"https:\/\/snoop.ro\/cimitirul-ior-cine-sunt-oamenii-care-au-ras-12-hectare-din-parc-ca-sa-pregateasca-terenul-pentru-targuri-si-ballroom-uri\/\" target=\"_blank\" rel=\"noreferrer noopener\">Snoop<\/a>.<\/strong><\/p>\n\n\n\n<p><strong>CITE\u0218TE \u0218I: <a href=\"https:\/\/buletin.de\/bucuresti\/sector-3-sistemul-de-supraveghere-stradal-mentenanta-facuta-de-o-companie-a-primariei-cu-peste-1-milion-de-euro\/\" target=\"_blank\" rel=\"noreferrer noopener\">Sector 3 | Sistemul de supraveghere stradal, mentenan\u021b\u0103 f\u0103cut\u0103 de o companie a Prim\u0103riei, cu peste 1 milion de euro<\/a><br><\/strong><br><\/p>\n","protected":false},"excerpt":{"rendered":"<p>\u00cen spatele Mariei Cocoru, femeia de 90 de ani, decedat\u0103 \u00eentre timp, care apare \u00een acte ca cea care de\u021bine zona retrocedat\u0103 din Parcul IOR, s-ar afla familia B\u0103jenaru, potrivit Snoop. Maria Cocoru ar fi ruda lor. Familia B\u0103jenaru are leg\u0103turi politice, afaceri imobiliare \u0219i contracte cu statul. \u00cen ultimii ani, zona retrocedat\u0103 a fost [&hellip;]<\/p>\n","protected":false},"author":1,"featured_media":127314,"comment_status":"closed","ping_status":"open","sticky":false,"template":"","format":"standard","meta":{"_acf_changed":false,"inline_featured_image":false,"ngg_post_thumbnail":0,"footnotes":""},"categories":[6994,109,62],"tags":[20191,6660,16304,18737],"ppma_author":[22583],"class_list":["post-127313","post","type-post","status-publish","format-standard","has-post-thumbnail","hentry","category-stiri-2","category-mediu","category-stiri","tag-clanul-din-ior","tag-zona-retrocedata","tag-zona-retrocedata-a-parcului-ior","tag-zona-retrocedata-din-ior"],"acf":[],"yoast_head":"<!-- This site is optimized with the Yoast SEO Premium plugin v25.3 (Yoast SEO v27.5) - https:\/\/yoast.com\/product\/yoast-seo-premium-wordpress\/ -->\n<title>Snoop | Cine sunt oamenii din spatele Mariei Cocoru, de\u021bin\u0103toarea din acte a zonei din IOR distrus\u0103 inten\u021bionat - Buletin de Bucure\u0219ti<\/title>\n<meta name=\"description\" content=\"\u00cen spatele Mariei Cocoru, care apare \u00een acte ca cea care de\u021bine zona retrocedat\u0103 din Parcul IOR, s-ar afla familia B\u0103jenaru, potrivit Snoop.\" \/>\n<meta name=\"robots\" content=\"index, follow, max-snippet:-1, max-image-preview:large, max-video-preview:-1\" \/>\n<link rel=\"canonical\" href=\"https:\/\/buletin.de\/bucuresti\/snoop-cine-sunt-oamenii-din-spatele-mariei-cocoru-detinatoarea-din-acte-a-zonei-din-ior-distrusa-intentionat\/\" \/>\n<meta property=\"og:locale\" content=\"en_GB\" \/>\n<meta property=\"og:type\" content=\"article\" \/>\n<meta property=\"og:title\" content=\"Snoop | Cine sunt oamenii din spatele Mariei Cocoru, de\u021bin\u0103toarea din acte a zonei din IOR distrus\u0103 inten\u021bionat\" \/>\n<meta property=\"og:description\" content=\"\u00cen spatele Mariei Cocoru, care apare \u00een acte ca cea care de\u021bine zona retrocedat\u0103 din Parcul IOR, s-ar afla familia B\u0103jenaru, potrivit Snoop.\" \/>\n<meta property=\"og:url\" content=\"https:\/\/buletin.de\/bucuresti\/snoop-cine-sunt-oamenii-din-spatele-mariei-cocoru-detinatoarea-din-acte-a-zonei-din-ior-distrusa-intentionat\/\" \/>\n<meta property=\"og:site_name\" content=\"Buletin de Bucure\u0219ti\" \/>\n<meta property=\"article:publisher\" content=\"https:\/\/www.facebook.com\/buletin.de.buc\" \/>\n<meta property=\"article:published_time\" content=\"2025-04-23T05:36:38+00:00\" \/>\n<meta property=\"article:modified_time\" content=\"2025-04-23T05:37:31+00:00\" \/>\n<meta property=\"og:image\" content=\"https:\/\/buletin.de\/bucuresti\/wp-content\/uploads\/2025\/04\/parculiorretrocedat.png\" \/>\n\t<meta property=\"og:image:width\" content=\"1200\" \/>\n\t<meta property=\"og:image:height\" content=\"722\" \/>\n\t<meta property=\"og:image:type\" content=\"image\/png\" \/>\n<meta name=\"author\" content=\"Redac\u021bia Buletin de Bucure\u0219ti\" \/>\n<meta name=\"twitter:card\" content=\"summary_large_image\" \/>\n<meta name=\"twitter:label1\" content=\"Written by\" \/>\n\t<meta name=\"twitter:data1\" content=\"Redac\u021bia Buletin de Bucure\u0219ti\" \/>\n\t<meta name=\"twitter:label2\" content=\"Estimated reading time\" \/>\n\t<meta name=\"twitter:data2\" content=\"2 minutes\" \/>\n<script type=\"application\/ld+json\" class=\"yoast-schema-graph\">{\"@context\":\"https:\\\/\\\/schema.org\",\"@graph\":[{\"@type\":\"Article\",\"@id\":\"https:\\\/\\\/buletin.de\\\/bucuresti\\\/snoop-cine-sunt-oamenii-din-spatele-mariei-cocoru-detinatoarea-din-acte-a-zonei-din-ior-distrusa-intentionat\\\/#article\",\"isPartOf\":{\"@id\":\"https:\\\/\\\/buletin.de\\\/bucuresti\\\/snoop-cine-sunt-oamenii-din-spatele-mariei-cocoru-detinatoarea-din-acte-a-zonei-din-ior-distrusa-intentionat\\\/\"},\"author\":{\"name\":\"Redac\u021bia Buletin de Bucure\u0219ti\",\"@id\":\"https:\\\/\\\/buletin.de\\\/bucuresti\\\/#\\\/schema\\\/person\\\/2bbcf854e5f2419a13804af574d06ab1\"},\"headline\":\"Snoop | Cine sunt oamenii din spatele Mariei Cocoru, de\u021bin\u0103toarea din acte a zonei din IOR distrus\u0103 inten\u021bionat\",\"datePublished\":\"2025-04-23T05:36:38+00:00\",\"dateModified\":\"2025-04-23T05:37:31+00:00\",\"mainEntityOfPage\":{\"@id\":\"https:\\\/\\\/buletin.de\\\/bucuresti\\\/snoop-cine-sunt-oamenii-din-spatele-mariei-cocoru-detinatoarea-din-acte-a-zonei-din-ior-distrusa-intentionat\\\/\"},\"wordCount\":422,\"publisher\":{\"@id\":\"https:\\\/\\\/buletin.de\\\/bucuresti\\\/#organization\"},\"image\":{\"@id\":\"https:\\\/\\\/buletin.de\\\/bucuresti\\\/snoop-cine-sunt-oamenii-din-spatele-mariei-cocoru-detinatoarea-din-acte-a-zonei-din-ior-distrusa-intentionat\\\/#primaryimage\"},\"thumbnailUrl\":\"https:\\\/\\\/buletin.de\\\/bucuresti\\\/wp-content\\\/uploads\\\/2025\\\/04\\\/parculiorretrocedat.png\",\"keywords\":[\"\u201eClanul\u201d din IOR\",\"zona retrocedata\",\"zona retrocedat\u0103 a parcului ior\",\"zona retrocedata din IOR\"],\"articleSection\":[\"Articole\",\"Mediu\",\"\u0218tiri\"],\"inLanguage\":\"en-GB\",\"copyrightYear\":\"2025\",\"copyrightHolder\":{\"@id\":\"https:\\\/\\\/buletin.de\\\/bucuresti\\\/#organization\"}},{\"@type\":\"WebPage\",\"@id\":\"https:\\\/\\\/buletin.de\\\/bucuresti\\\/snoop-cine-sunt-oamenii-din-spatele-mariei-cocoru-detinatoarea-din-acte-a-zonei-din-ior-distrusa-intentionat\\\/\",\"url\":\"https:\\\/\\\/buletin.de\\\/bucuresti\\\/snoop-cine-sunt-oamenii-din-spatele-mariei-cocoru-detinatoarea-din-acte-a-zonei-din-ior-distrusa-intentionat\\\/\",\"name\":\"Snoop | Cine sunt oamenii din spatele Mariei Cocoru, de\u021bin\u0103toarea din acte a zonei din IOR distrus\u0103 inten\u021bionat - Buletin de Bucure\u0219ti\",\"isPartOf\":{\"@id\":\"https:\\\/\\\/buletin.de\\\/bucuresti\\\/#website\"},\"primaryImageOfPage\":{\"@id\":\"https:\\\/\\\/buletin.de\\\/bucuresti\\\/snoop-cine-sunt-oamenii-din-spatele-mariei-cocoru-detinatoarea-din-acte-a-zonei-din-ior-distrusa-intentionat\\\/#primaryimage\"},\"image\":{\"@id\":\"https:\\\/\\\/buletin.de\\\/bucuresti\\\/snoop-cine-sunt-oamenii-din-spatele-mariei-cocoru-detinatoarea-din-acte-a-zonei-din-ior-distrusa-intentionat\\\/#primaryimage\"},\"thumbnailUrl\":\"https:\\\/\\\/buletin.de\\\/bucuresti\\\/wp-content\\\/uploads\\\/2025\\\/04\\\/parculiorretrocedat.png\",\"datePublished\":\"2025-04-23T05:36:38+00:00\",\"dateModified\":\"2025-04-23T05:37:31+00:00\",\"description\":\"\u00cen spatele Mariei Cocoru, care apare \u00een acte ca cea care de\u021bine zona retrocedat\u0103 din Parcul IOR, s-ar afla familia B\u0103jenaru, potrivit Snoop.\",\"breadcrumb\":{\"@id\":\"https:\\\/\\\/buletin.de\\\/bucuresti\\\/snoop-cine-sunt-oamenii-din-spatele-mariei-cocoru-detinatoarea-din-acte-a-zonei-din-ior-distrusa-intentionat\\\/#breadcrumb\"},\"inLanguage\":\"en-GB\",\"potentialAction\":[{\"@type\":\"ReadAction\",\"target\":[\"https:\\\/\\\/buletin.de\\\/bucuresti\\\/snoop-cine-sunt-oamenii-din-spatele-mariei-cocoru-detinatoarea-din-acte-a-zonei-din-ior-distrusa-intentionat\\\/\"]}]},{\"@type\":\"ImageObject\",\"inLanguage\":\"en-GB\",\"@id\":\"https:\\\/\\\/buletin.de\\\/bucuresti\\\/snoop-cine-sunt-oamenii-din-spatele-mariei-cocoru-detinatoarea-din-acte-a-zonei-din-ior-distrusa-intentionat\\\/#primaryimage\",\"url\":\"https:\\\/\\\/buletin.de\\\/bucuresti\\\/wp-content\\\/uploads\\\/2025\\\/04\\\/parculiorretrocedat.png\",\"contentUrl\":\"https:\\\/\\\/buletin.de\\\/bucuresti\\\/wp-content\\\/uploads\\\/2025\\\/04\\\/parculiorretrocedat.png\",\"width\":1200,\"height\":722,\"caption\":\"Oamenii din spatele Mariei Cocoru au distrus 12 hectare de parc. Foto Snoop\"},{\"@type\":\"BreadcrumbList\",\"@id\":\"https:\\\/\\\/buletin.de\\\/bucuresti\\\/snoop-cine-sunt-oamenii-din-spatele-mariei-cocoru-detinatoarea-din-acte-a-zonei-din-ior-distrusa-intentionat\\\/#breadcrumb\",\"itemListElement\":[{\"@type\":\"ListItem\",\"position\":1,\"name\":\"Acas\u0103\",\"item\":\"https:\\\/\\\/buletin.de\\\/bucuresti\\\/\"},{\"@type\":\"ListItem\",\"position\":2,\"name\":\"Snoop | Cine sunt oamenii din spatele Mariei Cocoru, de\u021bin\u0103toarea din acte a zonei din IOR distrus\u0103 inten\u021bionat\"}]},{\"@type\":\"WebSite\",\"@id\":\"https:\\\/\\\/buletin.de\\\/bucuresti\\\/#website\",\"url\":\"https:\\\/\\\/buletin.de\\\/bucuresti\\\/\",\"name\":\"Buletin de Bucure\u0219ti\",\"description\":\"\u0218tiri \u0219i investiga\u021bii esen\u021biale din capital\u0103\",\"publisher\":{\"@id\":\"https:\\\/\\\/buletin.de\\\/bucuresti\\\/#organization\"},\"potentialAction\":[{\"@type\":\"SearchAction\",\"target\":{\"@type\":\"EntryPoint\",\"urlTemplate\":\"https:\\\/\\\/buletin.de\\\/bucuresti\\\/?s={search_term_string}\"},\"query-input\":{\"@type\":\"PropertyValueSpecification\",\"valueRequired\":true,\"valueName\":\"search_term_string\"}}],\"inLanguage\":\"en-GB\"},{\"@type\":\"Organization\",\"@id\":\"https:\\\/\\\/buletin.de\\\/bucuresti\\\/#organization\",\"name\":\"Buletin de Bucure\u0219ti\",\"url\":\"https:\\\/\\\/buletin.de\\\/bucuresti\\\/\",\"logo\":{\"@type\":\"ImageObject\",\"inLanguage\":\"en-GB\",\"@id\":\"https:\\\/\\\/buletin.de\\\/bucuresti\\\/#\\\/schema\\\/logo\\\/image\\\/\",\"url\":\"https:\\\/\\\/buletin.de\\\/bucuresti\\\/wp-content\\\/uploads\\\/logo-bdb-full-wide-vernil-transparent.png\",\"contentUrl\":\"https:\\\/\\\/buletin.de\\\/bucuresti\\\/wp-content\\\/uploads\\\/logo-bdb-full-wide-vernil-transparent.png\",\"width\":1782,\"height\":626,\"caption\":\"Buletin de Bucure\u0219ti\"},\"image\":{\"@id\":\"https:\\\/\\\/buletin.de\\\/bucuresti\\\/#\\\/schema\\\/logo\\\/image\\\/\"},\"sameAs\":[\"https:\\\/\\\/www.facebook.com\\\/buletin.de.buc\",\"https:\\\/\\\/www.instagram.com\\\/buletinde.bucuresti\\\/\"]},{\"@type\":\"Person\",\"@id\":\"https:\\\/\\\/buletin.de\\\/bucuresti\\\/#\\\/schema\\\/person\\\/2bbcf854e5f2419a13804af574d06ab1\",\"name\":\"Redac\u021bia Buletin de Bucure\u0219ti\",\"image\":{\"@type\":\"ImageObject\",\"inLanguage\":\"en-GB\",\"@id\":\"https:\\\/\\\/secure.gravatar.com\\\/avatar\\\/18c5342381ed1a08620e6280424e3e5efc958618f5d67c522c9e44c1bc6f9226?s=96&d=monsterid&r=g60c7cd0ad92c68c049fcd4bb3504d609\",\"url\":\"https:\\\/\\\/secure.gravatar.com\\\/avatar\\\/18c5342381ed1a08620e6280424e3e5efc958618f5d67c522c9e44c1bc6f9226?s=96&d=monsterid&r=g\",\"contentUrl\":\"https:\\\/\\\/secure.gravatar.com\\\/avatar\\\/18c5342381ed1a08620e6280424e3e5efc958618f5d67c522c9e44c1bc6f9226?s=96&d=monsterid&r=g\",\"caption\":\"Redac\u021bia Buletin de Bucure\u0219ti\"},\"description\":\"Buletin de Bucure\u0219ti exist\u0103 din vara anului 2019.\",\"url\":\"https:\\\/\\\/buletin.de\\\/bucuresti\\\/author\\\/adminbuletin\\\/\"}]}<\/script>\n<!-- \/ Yoast SEO Premium plugin. -->","yoast_head_json":{"title":"Snoop | Cine sunt oamenii din spatele Mariei Cocoru, de\u021bin\u0103toarea din acte a zonei din IOR distrus\u0103 inten\u021bionat - Buletin de Bucure\u0219ti","description":"\u00cen spatele Mariei Cocoru, care apare \u00een acte ca cea care de\u021bine zona retrocedat\u0103 din Parcul IOR, s-ar afla familia B\u0103jenaru, potrivit Snoop.","robots":{"index":"index","follow":"follow","max-snippet":"max-snippet:-1","max-image-preview":"max-image-preview:large","max-video-preview":"max-video-preview:-1"},"canonical":"https:\/\/buletin.de\/bucuresti\/snoop-cine-sunt-oamenii-din-spatele-mariei-cocoru-detinatoarea-din-acte-a-zonei-din-ior-distrusa-intentionat\/","og_locale":"en_GB","og_type":"article","og_title":"Snoop | Cine sunt oamenii din spatele Mariei Cocoru, de\u021bin\u0103toarea din acte a zonei din IOR distrus\u0103 inten\u021bionat","og_description":"\u00cen spatele Mariei Cocoru, care apare \u00een acte ca cea care de\u021bine zona retrocedat\u0103 din Parcul IOR, s-ar afla familia B\u0103jenaru, potrivit Snoop.","og_url":"https:\/\/buletin.de\/bucuresti\/snoop-cine-sunt-oamenii-din-spatele-mariei-cocoru-detinatoarea-din-acte-a-zonei-din-ior-distrusa-intentionat\/","og_site_name":"Buletin de Bucure\u0219ti","article_publisher":"https:\/\/www.facebook.com\/buletin.de.buc","article_published_time":"2025-04-23T05:36:38+00:00","article_modified_time":"2025-04-23T05:37:31+00:00","og_image":[{"width":1200,"height":722,"url":"https:\/\/buletin.de\/bucuresti\/wp-content\/uploads\/2025\/04\/parculiorretrocedat.png","type":"image\/png"}],"author":"Redac\u021bia Buletin de Bucure\u0219ti","twitter_card":"summary_large_image","twitter_misc":{"Written by":"Redac\u021bia Buletin de Bucure\u0219ti","Estimated reading time":"2 minutes"},"schema":{"@context":"https:\/\/schema.org","@graph":[{"@type":"Article","@id":"https:\/\/buletin.de\/bucuresti\/snoop-cine-sunt-oamenii-din-spatele-mariei-cocoru-detinatoarea-din-acte-a-zonei-din-ior-distrusa-intentionat\/#article","isPartOf":{"@id":"https:\/\/buletin.de\/bucuresti\/snoop-cine-sunt-oamenii-din-spatele-mariei-cocoru-detinatoarea-din-acte-a-zonei-din-ior-distrusa-intentionat\/"},"author":{"name":"Redac\u021bia Buletin de Bucure\u0219ti","@id":"https:\/\/buletin.de\/bucuresti\/#\/schema\/person\/2bbcf854e5f2419a13804af574d06ab1"},"headline":"Snoop | Cine sunt oamenii din spatele Mariei Cocoru, de\u021bin\u0103toarea din acte a zonei din IOR distrus\u0103 inten\u021bionat","datePublished":"2025-04-23T05:36:38+00:00","dateModified":"2025-04-23T05:37:31+00:00","mainEntityOfPage":{"@id":"https:\/\/buletin.de\/bucuresti\/snoop-cine-sunt-oamenii-din-spatele-mariei-cocoru-detinatoarea-din-acte-a-zonei-din-ior-distrusa-intentionat\/"},"wordCount":422,"publisher":{"@id":"https:\/\/buletin.de\/bucuresti\/#organization"},"image":{"@id":"https:\/\/buletin.de\/bucuresti\/snoop-cine-sunt-oamenii-din-spatele-mariei-cocoru-detinatoarea-din-acte-a-zonei-din-ior-distrusa-intentionat\/#primaryimage"},"thumbnailUrl":"https:\/\/buletin.de\/bucuresti\/wp-content\/uploads\/2025\/04\/parculiorretrocedat.png","keywords":["\u201eClanul\u201d din IOR","zona retrocedata","zona retrocedat\u0103 a parcului ior","zona retrocedata din IOR"],"articleSection":["Articole","Mediu","\u0218tiri"],"inLanguage":"en-GB","copyrightYear":"2025","copyrightHolder":{"@id":"https:\/\/buletin.de\/bucuresti\/#organization"}},{"@type":"WebPage","@id":"https:\/\/buletin.de\/bucuresti\/snoop-cine-sunt-oamenii-din-spatele-mariei-cocoru-detinatoarea-din-acte-a-zonei-din-ior-distrusa-intentionat\/","url":"https:\/\/buletin.de\/bucuresti\/snoop-cine-sunt-oamenii-din-spatele-mariei-cocoru-detinatoarea-din-acte-a-zonei-din-ior-distrusa-intentionat\/","name":"Snoop | Cine sunt oamenii din spatele Mariei Cocoru, de\u021bin\u0103toarea din acte a zonei din IOR distrus\u0103 inten\u021bionat - Buletin de Bucure\u0219ti","isPartOf":{"@id":"https:\/\/buletin.de\/bucuresti\/#website"},"primaryImageOfPage":{"@id":"https:\/\/buletin.de\/bucuresti\/snoop-cine-sunt-oamenii-din-spatele-mariei-cocoru-detinatoarea-din-acte-a-zonei-din-ior-distrusa-intentionat\/#primaryimage"},"image":{"@id":"https:\/\/buletin.de\/bucuresti\/snoop-cine-sunt-oamenii-din-spatele-mariei-cocoru-detinatoarea-din-acte-a-zonei-din-ior-distrusa-intentionat\/#primaryimage"},"thumbnailUrl":"https:\/\/buletin.de\/bucuresti\/wp-content\/uploads\/2025\/04\/parculiorretrocedat.png","datePublished":"2025-04-23T05:36:38+00:00","dateModified":"2025-04-23T05:37:31+00:00","description":"\u00cen spatele Mariei Cocoru, care apare \u00een acte ca cea care de\u021bine zona retrocedat\u0103 din Parcul IOR, s-ar afla familia B\u0103jenaru, potrivit Snoop.","breadcrumb":{"@id":"https:\/\/buletin.de\/bucuresti\/snoop-cine-sunt-oamenii-din-spatele-mariei-cocoru-detinatoarea-din-acte-a-zonei-din-ior-distrusa-intentionat\/#breadcrumb"},"inLanguage":"en-GB","potentialAction":[{"@type":"ReadAction","target":["https:\/\/buletin.de\/bucuresti\/snoop-cine-sunt-oamenii-din-spatele-mariei-cocoru-detinatoarea-din-acte-a-zonei-din-ior-distrusa-intentionat\/"]}]},{"@type":"ImageObject","inLanguage":"en-GB","@id":"https:\/\/buletin.de\/bucuresti\/snoop-cine-sunt-oamenii-din-spatele-mariei-cocoru-detinatoarea-din-acte-a-zonei-din-ior-distrusa-intentionat\/#primaryimage","url":"https:\/\/buletin.de\/bucuresti\/wp-content\/uploads\/2025\/04\/parculiorretrocedat.png","contentUrl":"https:\/\/buletin.de\/bucuresti\/wp-content\/uploads\/2025\/04\/parculiorretrocedat.png","width":1200,"height":722,"caption":"Oamenii din spatele Mariei Cocoru au distrus 12 hectare de parc. Foto Snoop"},{"@type":"BreadcrumbList","@id":"https:\/\/buletin.de\/bucuresti\/snoop-cine-sunt-oamenii-din-spatele-mariei-cocoru-detinatoarea-din-acte-a-zonei-din-ior-distrusa-intentionat\/#breadcrumb","itemListElement":[{"@type":"ListItem","position":1,"name":"Acas\u0103","item":"https:\/\/buletin.de\/bucuresti\/"},{"@type":"ListItem","position":2,"name":"Snoop | Cine sunt oamenii din spatele Mariei Cocoru, de\u021bin\u0103toarea din acte a zonei din IOR distrus\u0103 inten\u021bionat"}]},{"@type":"WebSite","@id":"https:\/\/buletin.de\/bucuresti\/#website","url":"https:\/\/buletin.de\/bucuresti\/","name":"Buletin de Bucure\u0219ti","description":"\u0218tiri \u0219i investiga\u021bii esen\u021biale din capital\u0103","publisher":{"@id":"https:\/\/buletin.de\/bucuresti\/#organization"},"potentialAction":[{"@type":"SearchAction","target":{"@type":"EntryPoint","urlTemplate":"https:\/\/buletin.de\/bucuresti\/?s={search_term_string}"},"query-input":{"@type":"PropertyValueSpecification","valueRequired":true,"valueName":"search_term_string"}}],"inLanguage":"en-GB"},{"@type":"Organization","@id":"https:\/\/buletin.de\/bucuresti\/#organization","name":"Buletin de Bucure\u0219ti","url":"https:\/\/buletin.de\/bucuresti\/","logo":{"@type":"ImageObject","inLanguage":"en-GB","@id":"https:\/\/buletin.de\/bucuresti\/#\/schema\/logo\/image\/","url":"https:\/\/buletin.de\/bucuresti\/wp-content\/uploads\/logo-bdb-full-wide-vernil-transparent.png","contentUrl":"https:\/\/buletin.de\/bucuresti\/wp-content\/uploads\/logo-bdb-full-wide-vernil-transparent.png","width":1782,"height":626,"caption":"Buletin de Bucure\u0219ti"},"image":{"@id":"https:\/\/buletin.de\/bucuresti\/#\/schema\/logo\/image\/"},"sameAs":["https:\/\/www.facebook.com\/buletin.de.buc","https:\/\/www.instagram.com\/buletinde.bucuresti\/"]},{"@type":"Person","@id":"https:\/\/buletin.de\/bucuresti\/#\/schema\/person\/2bbcf854e5f2419a13804af574d06ab1","name":"Redac\u021bia Buletin de Bucure\u0219ti","image":{"@type":"ImageObject","inLanguage":"en-GB","@id":"https:\/\/secure.gravatar.com\/avatar\/18c5342381ed1a08620e6280424e3e5efc958618f5d67c522c9e44c1bc6f9226?s=96&d=monsterid&r=g60c7cd0ad92c68c049fcd4bb3504d609","url":"https:\/\/secure.gravatar.com\/avatar\/18c5342381ed1a08620e6280424e3e5efc958618f5d67c522c9e44c1bc6f9226?s=96&d=monsterid&r=g","contentUrl":"https:\/\/secure.gravatar.com\/avatar\/18c5342381ed1a08620e6280424e3e5efc958618f5d67c522c9e44c1bc6f9226?s=96&d=monsterid&r=g","caption":"Redac\u021bia Buletin de Bucure\u0219ti"},"description":"Buletin de Bucure\u0219ti exist\u0103 din vara anului 2019.","url":"https:\/\/buletin.de\/bucuresti\/author\/adminbuletin\/"}]}},"authors":[{"term_id":22583,"user_id":1,"is_guest":0,"slug":"adminbuletin","display_name":"Redac\u021bia Buletin de Bucure\u0219ti","avatar_url":"https:\/\/secure.gravatar.com\/avatar\/18c5342381ed1a08620e6280424e3e5efc958618f5d67c522c9e44c1bc6f9226?s=96&d=monsterid&r=g","0":null,"1":"","2":"","3":"","4":"","5":"","6":"","7":"","8":""}],"_links":{"self":[{"href":"https:\/\/buletin.de\/bucuresti\/wp-json\/wp\/v2\/posts\/127313","targetHints":{"allow":["GET"]}}],"collection":[{"href":"https:\/\/buletin.de\/bucuresti\/wp-json\/wp\/v2\/posts"}],"about":[{"href":"https:\/\/buletin.de\/bucuresti\/wp-json\/wp\/v2\/types\/post"}],"author":[{"embeddable":true,"href":"https:\/\/buletin.de\/bucuresti\/wp-json\/wp\/v2\/users\/1"}],"replies":[{"embeddable":true,"href":"https:\/\/buletin.de\/bucuresti\/wp-json\/wp\/v2\/comments?post=127313"}],"version-history":[{"count":1,"href":"https:\/\/buletin.de\/bucuresti\/wp-json\/wp\/v2\/posts\/127313\/revisions"}],"predecessor-version":[{"id":127315,"href":"https:\/\/buletin.de\/bucuresti\/wp-json\/wp\/v2\/posts\/127313\/revisions\/127315"}],"wp:featuredmedia":[{"embeddable":true,"href":"https:\/\/buletin.de\/bucuresti\/wp-json\/wp\/v2\/media\/127314"}],"wp:attachment":[{"href":"https:\/\/buletin.de\/bucuresti\/wp-json\/wp\/v2\/media?parent=127313"}],"wp:term":[{"taxonomy":"category","embeddable":true,"href":"https:\/\/buletin.de\/bucuresti\/wp-json\/wp\/v2\/categories?post=127313"},{"taxonomy":"post_tag","embeddable":true,"href":"https:\/\/buletin.de\/bucuresti\/wp-json\/wp\/v2\/tags?post=127313"},{"taxonomy":"author","embeddable":true,"href":"https:\/\/buletin.de\/bucuresti\/wp-json\/wp\/v2\/ppma_author?post=127313"}],"curies":[{"name":"wp","href":"https:\/\/api.w.org\/{rel}","templated":true}]}}