{"id":127258,"date":"2025-04-22T15:29:42","date_gmt":"2025-04-22T12:29:42","guid":{"rendered":"https:\/\/buletin.de\/bucuresti\/?p=127258"},"modified":"2025-04-23T08:20:14","modified_gmt":"2025-04-23T05:20:14","slug":"fata-amenintata-cu-pistolul-in-centrul-capitalei-de-un-tanar-care-s-a-dat-politist-si-i-a-luat-telefonul","status":"publish","type":"post","link":"https:\/\/buletin.de\/bucuresti\/fata-amenintata-cu-pistolul-in-centrul-capitalei-de-un-tanar-care-s-a-dat-politist-si-i-a-luat-telefonul\/","title":{"rendered":"Fat\u0103 amenin\u021bat\u0103 cu pistolul, \u00een centrul Capitalei, de un t\u00e2n\u0103r care s-a dat poli\u021bist \u0219i i-a luat telefonul"},"content":{"rendered":"\n<p><strong>O fat\u0103 de 15 ani a fost amenin\u021bat\u0103 cu pistolul de airsoft de un t\u00e2n\u0103r de 20 de ani care s-a dat poli\u021bist \u0219i i-a cerut acesteia telefonul. Ar fi reu\u0219it s\u0103 scape, dar a fost oprit de un alt t\u00e2n\u0103r, de 23 de ani. Totul s-a \u00eent\u00e2mplat \u00een zona Unirii. Acum, b\u0103iatul care s-a dat poli\u021bist, dar de fapt era t\u00e2lhar, este arestat preventiv. <\/strong><\/p>\n\n\n\n<p>Totul s-a \u00eent\u00e2mplat \u00een seara de Pa\u0219ti, \u00een jurul orei 19:30. Fata de 15 ani a fost oprit\u0103 pe strad\u0103 de b\u0103iatul de 20 de ani, care a mers cu ea p\u00e2n\u0103 \u00een fa\u021ba unui imobili, unde a determinat-o s\u0103 \u00eei dea telefonul. <\/p>\n\n\n\n<p>Nu a reu\u0219it s\u0103 \u0219i fug\u0103, pentru c\u0103 a fost surprins de un alt b\u0103iat, de 23 de ani. \u00centre timp, a venit \u0219i un echipaj de Poli\u021bie chemat prin 112, care l-a dus la sec\u021bie pe f\u0103pta\u0219. <\/p>\n\n\n\n<h2 class=\"wp-block-heading\" id=\"h-fata-amenin\u021bata-cu-pistolul-talharie-calificata\">Fat\u0103 amenin\u021bat\u0103 cu pistolul: t\u00e2lh\u0103rie calificat\u0103<\/h2>\n\n\n\n<p>Dup\u0103 ce au fost puse cap la cap toate detaliile, b\u0103iatul a fost re\u021binut pentru fapta sa. Ulterior, un judec\u0103tor a decis arestarea sa preventiv\u0103, pentru 30 de zile, cu acuza\u021bia de <strong>t\u00e2lh\u0103rie calificat\u0103<\/strong>.<\/p>\n\n\n\n<p>\u201eDin cercet\u0103ri, s-a stabilit c\u0103, la data de 20 aprilie 2025, \u00een jurul orei 19.30, \u00een timp ce persoana v\u0103t\u0103mat\u0103 se afla \u00een dreptul unui imobil, din Sectorul 3, t\u00e2n\u0103rul \u00een v\u00e2rst\u0103 de 20 de ani ar fi abordat-o pe minor\u0103, context \u00een care, prin \u00eentrebuin\u021barea de amenin\u021b\u0103ri, respectiv prin folosirea unui pistol de tip airsoft \u0219i simularea unei calit\u0103\u021bi oficiale, ar fi deposedat-o de telefonul mobil\u201d, se arat\u0103 \u00een comunicatul Poli\u021biei.<\/p>\n\n\n\n<div class=\"wp-block-buttons is-content-justification-center is-layout-flex wp-container-core-buttons-is-layout-16018d1d wp-block-buttons-is-layout-flex\">\n<div class=\"wp-block-button has-custom-width wp-block-button__width-100\"><a class=\"wp-block-button__link wp-element-button\" href=\"https:\/\/www.patreon.com\/BuletinDeBucuresti\"><strong>Sus\u021bine Buletin de Bucure\u0219ti pentru investiga\u021bii, reportaje \u0219i \u0219tiri Locale<\/strong><\/a><\/div>\n<\/div>\n\n\n\n<p>B\u0103iatul avea la el, pe l\u00e2ng\u0103 pistol, un baston telescopic. Telefonul a fost returnat fetei agresate. <\/p>\n\n\n\n<p>Cercet\u0103rile au fost preluate \u0219i sunt continuate de c\u0103tre poli\u021bi\u0219ti din cadrul Sec\u021biei 10 Poli\u021bie, sub supravegherea Parchetului de pe l\u00e2ng\u0103 Judec\u0103toria Sectorului 3, sub aspectul s\u0103v\u00e2r\u0219irii infrac\u021biunii de t\u00e2lh\u0103rie calificat\u0103.<\/p>\n\n\n\n<p><strong>CITE\u0218TE \u0218I: <a href=\"https:\/\/buletin.de\/bucuresti\/aproape-5-mii-de-solicitari-la-ambulanta\/\" target=\"_blank\" rel=\"noreferrer noopener\">Ilfov | Aproape 5 mii de solicit\u0103ri, la ambulan\u021b\u0103, \u00een perioada S\u0103rb\u0103torilor Pascale<\/a><br><\/strong><\/p>\n","protected":false},"excerpt":{"rendered":"<p>O fat\u0103 de 15 ani a fost amenin\u021bat\u0103 cu pistolul de airsoft de un t\u00e2n\u0103r de 20 de ani care s-a dat poli\u021bist \u0219i i-a cerut acesteia telefonul. Ar fi reu\u0219it s\u0103 scape, dar a fost oprit de un alt t\u00e2n\u0103r, de 23 de ani. Totul s-a \u00eent\u00e2mplat \u00een zona Unirii. Acum, b\u0103iatul care s-a [&hellip;]<\/p>\n","protected":false},"author":8,"featured_media":127260,"comment_status":"closed","ping_status":"open","sticky":false,"template":"","format":"standard","meta":{"_acf_changed":false,"inline_featured_image":false,"ngg_post_thumbnail":0,"footnotes":""},"categories":[6994,9026,62],"tags":[20799,20798,1144,440,20801,20800],"ppma_author":[22586],"class_list":["post-127258","post","type-post","status-publish","format-standard","has-post-thumbnail","hentry","category-stiri-2","category-eveniment","category-stiri","tag-amenintata-cu-pistolul-fata-15-ani","tag-escroc-sector-3","tag-politia-capitalei","tag-sector-3","tag-talharie-ziua-de-paste","tag-telefon-furat-bucuresti"],"acf":[],"yoast_head":"<!-- This site is optimized with the Yoast SEO Premium plugin v25.3 (Yoast SEO v27.5) - https:\/\/yoast.com\/product\/yoast-seo-premium-wordpress\/ -->\n<title>Fat\u0103 amenin\u021bat\u0103 cu pistolul, \u00een centrul Capitalei, de un t\u00e2n\u0103r care s-a dat poli\u021bist \u0219i i-a luat telefonul - Buletin de Bucure\u0219ti<\/title>\n<meta name=\"description\" content=\"O fat\u0103 de 15 ani a fost amenin\u021bat\u0103 cu pistolul de airsoft de un t\u00e2n\u0103r de 20 de ani care s-a dat poli\u021bist \u0219i i-a cerut acesteia telefonul.\" \/>\n<meta name=\"robots\" content=\"index, follow, max-snippet:-1, max-image-preview:large, max-video-preview:-1\" \/>\n<link rel=\"canonical\" href=\"https:\/\/buletin.de\/bucuresti\/fata-amenintata-cu-pistolul-in-centrul-capitalei-de-un-tanar-care-s-a-dat-politist-si-i-a-luat-telefonul\/\" \/>\n<meta property=\"og:locale\" content=\"en_GB\" \/>\n<meta property=\"og:type\" content=\"article\" \/>\n<meta property=\"og:title\" content=\"Fat\u0103 amenin\u021bat\u0103 cu pistolul, \u00een centrul Capitalei, de un t\u00e2n\u0103r care s-a dat poli\u021bist \u0219i i-a luat telefonul\" \/>\n<meta property=\"og:description\" content=\"O fat\u0103 de 15 ani a fost amenin\u021bat\u0103 cu pistolul de airsoft de un t\u00e2n\u0103r de 20 de ani care s-a dat poli\u021bist \u0219i i-a cerut acesteia telefonul.\" \/>\n<meta property=\"og:url\" content=\"https:\/\/buletin.de\/bucuresti\/fata-amenintata-cu-pistolul-in-centrul-capitalei-de-un-tanar-care-s-a-dat-politist-si-i-a-luat-telefonul\/\" \/>\n<meta property=\"og:site_name\" content=\"Buletin de Bucure\u0219ti\" \/>\n<meta property=\"article:publisher\" content=\"https:\/\/www.facebook.com\/buletin.de.buc\" \/>\n<meta property=\"article:published_time\" content=\"2025-04-22T12:29:42+00:00\" \/>\n<meta property=\"article:modified_time\" content=\"2025-04-23T05:20:14+00:00\" \/>\n<meta property=\"og:image\" content=\"https:\/\/buletin.de\/bucuresti\/wp-content\/uploads\/2025\/04\/anil-sharma-yAUc5NqD-LU-unsplash-scaled.jpg\" \/>\n\t<meta property=\"og:image:width\" content=\"2560\" \/>\n\t<meta property=\"og:image:height\" content=\"1707\" \/>\n\t<meta property=\"og:image:type\" content=\"image\/jpeg\" \/>\n<meta name=\"author\" content=\"Ionu\u021b Lepa\" \/>\n<meta name=\"twitter:card\" content=\"summary_large_image\" \/>\n<meta name=\"twitter:label1\" content=\"Written by\" \/>\n\t<meta name=\"twitter:data1\" content=\"Ionu\u021b Lepa\" \/>\n\t<meta name=\"twitter:label2\" content=\"Estimated reading time\" \/>\n\t<meta name=\"twitter:data2\" content=\"2 minutes\" \/>\n<script type=\"application\/ld+json\" class=\"yoast-schema-graph\">{\"@context\":\"https:\\\/\\\/schema.org\",\"@graph\":[{\"@type\":\"Article\",\"@id\":\"https:\\\/\\\/buletin.de\\\/bucuresti\\\/fata-amenintata-cu-pistolul-in-centrul-capitalei-de-un-tanar-care-s-a-dat-politist-si-i-a-luat-telefonul\\\/#article\",\"isPartOf\":{\"@id\":\"https:\\\/\\\/buletin.de\\\/bucuresti\\\/fata-amenintata-cu-pistolul-in-centrul-capitalei-de-un-tanar-care-s-a-dat-politist-si-i-a-luat-telefonul\\\/\"},\"author\":{\"name\":\"Ionu\u021b Lepa\",\"@id\":\"https:\\\/\\\/buletin.de\\\/bucuresti\\\/#\\\/schema\\\/person\\\/5272b8a057b33890940b57b837fc4ce6\"},\"headline\":\"Fat\u0103 amenin\u021bat\u0103 cu pistolul, \u00een centrul Capitalei, de un t\u00e2n\u0103r care s-a dat poli\u021bist \u0219i i-a luat telefonul\",\"datePublished\":\"2025-04-22T12:29:42+00:00\",\"dateModified\":\"2025-04-23T05:20:14+00:00\",\"mainEntityOfPage\":{\"@id\":\"https:\\\/\\\/buletin.de\\\/bucuresti\\\/fata-amenintata-cu-pistolul-in-centrul-capitalei-de-un-tanar-care-s-a-dat-politist-si-i-a-luat-telefonul\\\/\"},\"wordCount\":397,\"publisher\":{\"@id\":\"https:\\\/\\\/buletin.de\\\/bucuresti\\\/#organization\"},\"image\":{\"@id\":\"https:\\\/\\\/buletin.de\\\/bucuresti\\\/fata-amenintata-cu-pistolul-in-centrul-capitalei-de-un-tanar-care-s-a-dat-politist-si-i-a-luat-telefonul\\\/#primaryimage\"},\"thumbnailUrl\":\"https:\\\/\\\/buletin.de\\\/bucuresti\\\/wp-content\\\/uploads\\\/2025\\\/04\\\/anil-sharma-yAUc5NqD-LU-unsplash-scaled.jpg\",\"keywords\":[\"amenintata cu pistolul fata 15 ani\",\"escroc sector 3\",\"politia capitalei\",\"Sector 3\",\"talharie ziua de paste\",\"telefon furat bucuresti\"],\"articleSection\":[\"Articole\",\"Eveniment\",\"\u0218tiri\"],\"inLanguage\":\"en-GB\",\"copyrightYear\":\"2025\",\"copyrightHolder\":{\"@id\":\"https:\\\/\\\/buletin.de\\\/bucuresti\\\/#organization\"}},{\"@type\":\"WebPage\",\"@id\":\"https:\\\/\\\/buletin.de\\\/bucuresti\\\/fata-amenintata-cu-pistolul-in-centrul-capitalei-de-un-tanar-care-s-a-dat-politist-si-i-a-luat-telefonul\\\/\",\"url\":\"https:\\\/\\\/buletin.de\\\/bucuresti\\\/fata-amenintata-cu-pistolul-in-centrul-capitalei-de-un-tanar-care-s-a-dat-politist-si-i-a-luat-telefonul\\\/\",\"name\":\"Fat\u0103 amenin\u021bat\u0103 cu pistolul, \u00een centrul Capitalei, de un t\u00e2n\u0103r care s-a dat poli\u021bist \u0219i i-a luat telefonul - Buletin de Bucure\u0219ti\",\"isPartOf\":{\"@id\":\"https:\\\/\\\/buletin.de\\\/bucuresti\\\/#website\"},\"primaryImageOfPage\":{\"@id\":\"https:\\\/\\\/buletin.de\\\/bucuresti\\\/fata-amenintata-cu-pistolul-in-centrul-capitalei-de-un-tanar-care-s-a-dat-politist-si-i-a-luat-telefonul\\\/#primaryimage\"},\"image\":{\"@id\":\"https:\\\/\\\/buletin.de\\\/bucuresti\\\/fata-amenintata-cu-pistolul-in-centrul-capitalei-de-un-tanar-care-s-a-dat-politist-si-i-a-luat-telefonul\\\/#primaryimage\"},\"thumbnailUrl\":\"https:\\\/\\\/buletin.de\\\/bucuresti\\\/wp-content\\\/uploads\\\/2025\\\/04\\\/anil-sharma-yAUc5NqD-LU-unsplash-scaled.jpg\",\"datePublished\":\"2025-04-22T12:29:42+00:00\",\"dateModified\":\"2025-04-23T05:20:14+00:00\",\"description\":\"O fat\u0103 de 15 ani a fost amenin\u021bat\u0103 cu pistolul de airsoft de un t\u00e2n\u0103r de 20 de ani care s-a dat poli\u021bist \u0219i i-a cerut acesteia telefonul.\",\"breadcrumb\":{\"@id\":\"https:\\\/\\\/buletin.de\\\/bucuresti\\\/fata-amenintata-cu-pistolul-in-centrul-capitalei-de-un-tanar-care-s-a-dat-politist-si-i-a-luat-telefonul\\\/#breadcrumb\"},\"inLanguage\":\"en-GB\",\"potentialAction\":[{\"@type\":\"ReadAction\",\"target\":[\"https:\\\/\\\/buletin.de\\\/bucuresti\\\/fata-amenintata-cu-pistolul-in-centrul-capitalei-de-un-tanar-care-s-a-dat-politist-si-i-a-luat-telefonul\\\/\"]}]},{\"@type\":\"ImageObject\",\"inLanguage\":\"en-GB\",\"@id\":\"https:\\\/\\\/buletin.de\\\/bucuresti\\\/fata-amenintata-cu-pistolul-in-centrul-capitalei-de-un-tanar-care-s-a-dat-politist-si-i-a-luat-telefonul\\\/#primaryimage\",\"url\":\"https:\\\/\\\/buletin.de\\\/bucuresti\\\/wp-content\\\/uploads\\\/2025\\\/04\\\/anil-sharma-yAUc5NqD-LU-unsplash-scaled.jpg\",\"contentUrl\":\"https:\\\/\\\/buletin.de\\\/bucuresti\\\/wp-content\\\/uploads\\\/2025\\\/04\\\/anil-sharma-yAUc5NqD-LU-unsplash-scaled.jpg\",\"width\":2250,\"height\":1500,\"caption\":\"Fat\u0103 amenin\u021bat\u0103 cu pistolul. FOTO cu titlu ilustrativ, Anil Sharma, unsplash.com\"},{\"@type\":\"BreadcrumbList\",\"@id\":\"https:\\\/\\\/buletin.de\\\/bucuresti\\\/fata-amenintata-cu-pistolul-in-centrul-capitalei-de-un-tanar-care-s-a-dat-politist-si-i-a-luat-telefonul\\\/#breadcrumb\",\"itemListElement\":[{\"@type\":\"ListItem\",\"position\":1,\"name\":\"Acas\u0103\",\"item\":\"https:\\\/\\\/buletin.de\\\/bucuresti\\\/\"},{\"@type\":\"ListItem\",\"position\":2,\"name\":\"Fat\u0103 amenin\u021bat\u0103 cu pistolul, \u00een centrul Capitalei, de un t\u00e2n\u0103r care s-a dat poli\u021bist \u0219i i-a luat telefonul\"}]},{\"@type\":\"WebSite\",\"@id\":\"https:\\\/\\\/buletin.de\\\/bucuresti\\\/#website\",\"url\":\"https:\\\/\\\/buletin.de\\\/bucuresti\\\/\",\"name\":\"Buletin de Bucure\u0219ti\",\"description\":\"\u0218tiri \u0219i investiga\u021bii esen\u021biale din capital\u0103\",\"publisher\":{\"@id\":\"https:\\\/\\\/buletin.de\\\/bucuresti\\\/#organization\"},\"potentialAction\":[{\"@type\":\"SearchAction\",\"target\":{\"@type\":\"EntryPoint\",\"urlTemplate\":\"https:\\\/\\\/buletin.de\\\/bucuresti\\\/?s={search_term_string}\"},\"query-input\":{\"@type\":\"PropertyValueSpecification\",\"valueRequired\":true,\"valueName\":\"search_term_string\"}}],\"inLanguage\":\"en-GB\"},{\"@type\":\"Organization\",\"@id\":\"https:\\\/\\\/buletin.de\\\/bucuresti\\\/#organization\",\"name\":\"Buletin de Bucure\u0219ti\",\"url\":\"https:\\\/\\\/buletin.de\\\/bucuresti\\\/\",\"logo\":{\"@type\":\"ImageObject\",\"inLanguage\":\"en-GB\",\"@id\":\"https:\\\/\\\/buletin.de\\\/bucuresti\\\/#\\\/schema\\\/logo\\\/image\\\/\",\"url\":\"https:\\\/\\\/buletin.de\\\/bucuresti\\\/wp-content\\\/uploads\\\/logo-bdb-full-wide-vernil-transparent.png\",\"contentUrl\":\"https:\\\/\\\/buletin.de\\\/bucuresti\\\/wp-content\\\/uploads\\\/logo-bdb-full-wide-vernil-transparent.png\",\"width\":1782,\"height\":626,\"caption\":\"Buletin de Bucure\u0219ti\"},\"image\":{\"@id\":\"https:\\\/\\\/buletin.de\\\/bucuresti\\\/#\\\/schema\\\/logo\\\/image\\\/\"},\"sameAs\":[\"https:\\\/\\\/www.facebook.com\\\/buletin.de.buc\",\"https:\\\/\\\/www.instagram.com\\\/buletinde.bucuresti\\\/\"]},{\"@type\":\"Person\",\"@id\":\"https:\\\/\\\/buletin.de\\\/bucuresti\\\/#\\\/schema\\\/person\\\/5272b8a057b33890940b57b837fc4ce6\",\"name\":\"Ionu\u021b Lepa\",\"image\":{\"@type\":\"ImageObject\",\"inLanguage\":\"en-GB\",\"@id\":\"https:\\\/\\\/buletin.de\\\/bucuresti\\\/wp-content\\\/uploads\\\/Ionut-Lepa-96x96.jpg5c4e4d9e049808799a8821652d2410a4\",\"url\":\"https:\\\/\\\/buletin.de\\\/bucuresti\\\/wp-content\\\/uploads\\\/Ionut-Lepa-96x96.jpg\",\"contentUrl\":\"https:\\\/\\\/buletin.de\\\/bucuresti\\\/wp-content\\\/uploads\\\/Ionut-Lepa-96x96.jpg\",\"caption\":\"Ionu\u021b Lepa\"},\"url\":\"https:\\\/\\\/buletin.de\\\/bucuresti\\\/author\\\/ionutlepa\\\/\"}]}<\/script>\n<!-- \/ Yoast SEO Premium plugin. -->","yoast_head_json":{"title":"Fat\u0103 amenin\u021bat\u0103 cu pistolul, \u00een centrul Capitalei, de un t\u00e2n\u0103r care s-a dat poli\u021bist \u0219i i-a luat telefonul - Buletin de Bucure\u0219ti","description":"O fat\u0103 de 15 ani a fost amenin\u021bat\u0103 cu pistolul de airsoft de un t\u00e2n\u0103r de 20 de ani care s-a dat poli\u021bist \u0219i i-a cerut acesteia telefonul.","robots":{"index":"index","follow":"follow","max-snippet":"max-snippet:-1","max-image-preview":"max-image-preview:large","max-video-preview":"max-video-preview:-1"},"canonical":"https:\/\/buletin.de\/bucuresti\/fata-amenintata-cu-pistolul-in-centrul-capitalei-de-un-tanar-care-s-a-dat-politist-si-i-a-luat-telefonul\/","og_locale":"en_GB","og_type":"article","og_title":"Fat\u0103 amenin\u021bat\u0103 cu pistolul, \u00een centrul Capitalei, de un t\u00e2n\u0103r care s-a dat poli\u021bist \u0219i i-a luat telefonul","og_description":"O fat\u0103 de 15 ani a fost amenin\u021bat\u0103 cu pistolul de airsoft de un t\u00e2n\u0103r de 20 de ani care s-a dat poli\u021bist \u0219i i-a cerut acesteia telefonul.","og_url":"https:\/\/buletin.de\/bucuresti\/fata-amenintata-cu-pistolul-in-centrul-capitalei-de-un-tanar-care-s-a-dat-politist-si-i-a-luat-telefonul\/","og_site_name":"Buletin de Bucure\u0219ti","article_publisher":"https:\/\/www.facebook.com\/buletin.de.buc","article_published_time":"2025-04-22T12:29:42+00:00","article_modified_time":"2025-04-23T05:20:14+00:00","og_image":[{"width":2560,"height":1707,"url":"https:\/\/buletin.de\/bucuresti\/wp-content\/uploads\/2025\/04\/anil-sharma-yAUc5NqD-LU-unsplash-scaled.jpg","type":"image\/jpeg"}],"author":"Ionu\u021b Lepa","twitter_card":"summary_large_image","twitter_misc":{"Written by":"Ionu\u021b Lepa","Estimated reading time":"2 minutes"},"schema":{"@context":"https:\/\/schema.org","@graph":[{"@type":"Article","@id":"https:\/\/buletin.de\/bucuresti\/fata-amenintata-cu-pistolul-in-centrul-capitalei-de-un-tanar-care-s-a-dat-politist-si-i-a-luat-telefonul\/#article","isPartOf":{"@id":"https:\/\/buletin.de\/bucuresti\/fata-amenintata-cu-pistolul-in-centrul-capitalei-de-un-tanar-care-s-a-dat-politist-si-i-a-luat-telefonul\/"},"author":{"name":"Ionu\u021b Lepa","@id":"https:\/\/buletin.de\/bucuresti\/#\/schema\/person\/5272b8a057b33890940b57b837fc4ce6"},"headline":"Fat\u0103 amenin\u021bat\u0103 cu pistolul, \u00een centrul Capitalei, de un t\u00e2n\u0103r care s-a dat poli\u021bist \u0219i i-a luat telefonul","datePublished":"2025-04-22T12:29:42+00:00","dateModified":"2025-04-23T05:20:14+00:00","mainEntityOfPage":{"@id":"https:\/\/buletin.de\/bucuresti\/fata-amenintata-cu-pistolul-in-centrul-capitalei-de-un-tanar-care-s-a-dat-politist-si-i-a-luat-telefonul\/"},"wordCount":397,"publisher":{"@id":"https:\/\/buletin.de\/bucuresti\/#organization"},"image":{"@id":"https:\/\/buletin.de\/bucuresti\/fata-amenintata-cu-pistolul-in-centrul-capitalei-de-un-tanar-care-s-a-dat-politist-si-i-a-luat-telefonul\/#primaryimage"},"thumbnailUrl":"https:\/\/buletin.de\/bucuresti\/wp-content\/uploads\/2025\/04\/anil-sharma-yAUc5NqD-LU-unsplash-scaled.jpg","keywords":["amenintata cu pistolul fata 15 ani","escroc sector 3","politia capitalei","Sector 3","talharie ziua de paste","telefon furat bucuresti"],"articleSection":["Articole","Eveniment","\u0218tiri"],"inLanguage":"en-GB","copyrightYear":"2025","copyrightHolder":{"@id":"https:\/\/buletin.de\/bucuresti\/#organization"}},{"@type":"WebPage","@id":"https:\/\/buletin.de\/bucuresti\/fata-amenintata-cu-pistolul-in-centrul-capitalei-de-un-tanar-care-s-a-dat-politist-si-i-a-luat-telefonul\/","url":"https:\/\/buletin.de\/bucuresti\/fata-amenintata-cu-pistolul-in-centrul-capitalei-de-un-tanar-care-s-a-dat-politist-si-i-a-luat-telefonul\/","name":"Fat\u0103 amenin\u021bat\u0103 cu pistolul, \u00een centrul Capitalei, de un t\u00e2n\u0103r care s-a dat poli\u021bist \u0219i i-a luat telefonul - Buletin de Bucure\u0219ti","isPartOf":{"@id":"https:\/\/buletin.de\/bucuresti\/#website"},"primaryImageOfPage":{"@id":"https:\/\/buletin.de\/bucuresti\/fata-amenintata-cu-pistolul-in-centrul-capitalei-de-un-tanar-care-s-a-dat-politist-si-i-a-luat-telefonul\/#primaryimage"},"image":{"@id":"https:\/\/buletin.de\/bucuresti\/fata-amenintata-cu-pistolul-in-centrul-capitalei-de-un-tanar-care-s-a-dat-politist-si-i-a-luat-telefonul\/#primaryimage"},"thumbnailUrl":"https:\/\/buletin.de\/bucuresti\/wp-content\/uploads\/2025\/04\/anil-sharma-yAUc5NqD-LU-unsplash-scaled.jpg","datePublished":"2025-04-22T12:29:42+00:00","dateModified":"2025-04-23T05:20:14+00:00","description":"O fat\u0103 de 15 ani a fost amenin\u021bat\u0103 cu pistolul de airsoft de un t\u00e2n\u0103r de 20 de ani care s-a dat poli\u021bist \u0219i i-a cerut acesteia telefonul.","breadcrumb":{"@id":"https:\/\/buletin.de\/bucuresti\/fata-amenintata-cu-pistolul-in-centrul-capitalei-de-un-tanar-care-s-a-dat-politist-si-i-a-luat-telefonul\/#breadcrumb"},"inLanguage":"en-GB","potentialAction":[{"@type":"ReadAction","target":["https:\/\/buletin.de\/bucuresti\/fata-amenintata-cu-pistolul-in-centrul-capitalei-de-un-tanar-care-s-a-dat-politist-si-i-a-luat-telefonul\/"]}]},{"@type":"ImageObject","inLanguage":"en-GB","@id":"https:\/\/buletin.de\/bucuresti\/fata-amenintata-cu-pistolul-in-centrul-capitalei-de-un-tanar-care-s-a-dat-politist-si-i-a-luat-telefonul\/#primaryimage","url":"https:\/\/buletin.de\/bucuresti\/wp-content\/uploads\/2025\/04\/anil-sharma-yAUc5NqD-LU-unsplash-scaled.jpg","contentUrl":"https:\/\/buletin.de\/bucuresti\/wp-content\/uploads\/2025\/04\/anil-sharma-yAUc5NqD-LU-unsplash-scaled.jpg","width":2250,"height":1500,"caption":"Fat\u0103 amenin\u021bat\u0103 cu pistolul. FOTO cu titlu ilustrativ, Anil Sharma, unsplash.com"},{"@type":"BreadcrumbList","@id":"https:\/\/buletin.de\/bucuresti\/fata-amenintata-cu-pistolul-in-centrul-capitalei-de-un-tanar-care-s-a-dat-politist-si-i-a-luat-telefonul\/#breadcrumb","itemListElement":[{"@type":"ListItem","position":1,"name":"Acas\u0103","item":"https:\/\/buletin.de\/bucuresti\/"},{"@type":"ListItem","position":2,"name":"Fat\u0103 amenin\u021bat\u0103 cu pistolul, \u00een centrul Capitalei, de un t\u00e2n\u0103r care s-a dat poli\u021bist \u0219i i-a luat telefonul"}]},{"@type":"WebSite","@id":"https:\/\/buletin.de\/bucuresti\/#website","url":"https:\/\/buletin.de\/bucuresti\/","name":"Buletin de Bucure\u0219ti","description":"\u0218tiri \u0219i investiga\u021bii esen\u021biale din capital\u0103","publisher":{"@id":"https:\/\/buletin.de\/bucuresti\/#organization"},"potentialAction":[{"@type":"SearchAction","target":{"@type":"EntryPoint","urlTemplate":"https:\/\/buletin.de\/bucuresti\/?s={search_term_string}"},"query-input":{"@type":"PropertyValueSpecification","valueRequired":true,"valueName":"search_term_string"}}],"inLanguage":"en-GB"},{"@type":"Organization","@id":"https:\/\/buletin.de\/bucuresti\/#organization","name":"Buletin de Bucure\u0219ti","url":"https:\/\/buletin.de\/bucuresti\/","logo":{"@type":"ImageObject","inLanguage":"en-GB","@id":"https:\/\/buletin.de\/bucuresti\/#\/schema\/logo\/image\/","url":"https:\/\/buletin.de\/bucuresti\/wp-content\/uploads\/logo-bdb-full-wide-vernil-transparent.png","contentUrl":"https:\/\/buletin.de\/bucuresti\/wp-content\/uploads\/logo-bdb-full-wide-vernil-transparent.png","width":1782,"height":626,"caption":"Buletin de Bucure\u0219ti"},"image":{"@id":"https:\/\/buletin.de\/bucuresti\/#\/schema\/logo\/image\/"},"sameAs":["https:\/\/www.facebook.com\/buletin.de.buc","https:\/\/www.instagram.com\/buletinde.bucuresti\/"]},{"@type":"Person","@id":"https:\/\/buletin.de\/bucuresti\/#\/schema\/person\/5272b8a057b33890940b57b837fc4ce6","name":"Ionu\u021b Lepa","image":{"@type":"ImageObject","inLanguage":"en-GB","@id":"https:\/\/buletin.de\/bucuresti\/wp-content\/uploads\/Ionut-Lepa-96x96.jpg5c4e4d9e049808799a8821652d2410a4","url":"https:\/\/buletin.de\/bucuresti\/wp-content\/uploads\/Ionut-Lepa-96x96.jpg","contentUrl":"https:\/\/buletin.de\/bucuresti\/wp-content\/uploads\/Ionut-Lepa-96x96.jpg","caption":"Ionu\u021b Lepa"},"url":"https:\/\/buletin.de\/bucuresti\/author\/ionutlepa\/"}]}},"authors":[{"term_id":22586,"user_id":8,"is_guest":0,"slug":"ionutlepa","display_name":"Ionu\u021b Lepa","avatar_url":"https:\/\/buletin.de\/bucuresti\/wp-content\/uploads\/Ionut-Lepa-96x96.jpg","0":null,"1":"","2":"","3":"","4":"","5":"","6":"","7":"","8":""}],"_links":{"self":[{"href":"https:\/\/buletin.de\/bucuresti\/wp-json\/wp\/v2\/posts\/127258","targetHints":{"allow":["GET"]}}],"collection":[{"href":"https:\/\/buletin.de\/bucuresti\/wp-json\/wp\/v2\/posts"}],"about":[{"href":"https:\/\/buletin.de\/bucuresti\/wp-json\/wp\/v2\/types\/post"}],"author":[{"embeddable":true,"href":"https:\/\/buletin.de\/bucuresti\/wp-json\/wp\/v2\/users\/8"}],"replies":[{"embeddable":true,"href":"https:\/\/buletin.de\/bucuresti\/wp-json\/wp\/v2\/comments?post=127258"}],"version-history":[{"count":2,"href":"https:\/\/buletin.de\/bucuresti\/wp-json\/wp\/v2\/posts\/127258\/revisions"}],"predecessor-version":[{"id":127312,"href":"https:\/\/buletin.de\/bucuresti\/wp-json\/wp\/v2\/posts\/127258\/revisions\/127312"}],"wp:featuredmedia":[{"embeddable":true,"href":"https:\/\/buletin.de\/bucuresti\/wp-json\/wp\/v2\/media\/127260"}],"wp:attachment":[{"href":"https:\/\/buletin.de\/bucuresti\/wp-json\/wp\/v2\/media?parent=127258"}],"wp:term":[{"taxonomy":"category","embeddable":true,"href":"https:\/\/buletin.de\/bucuresti\/wp-json\/wp\/v2\/categories?post=127258"},{"taxonomy":"post_tag","embeddable":true,"href":"https:\/\/buletin.de\/bucuresti\/wp-json\/wp\/v2\/tags?post=127258"},{"taxonomy":"author","embeddable":true,"href":"https:\/\/buletin.de\/bucuresti\/wp-json\/wp\/v2\/ppma_author?post=127258"}],"curies":[{"name":"wp","href":"https:\/\/api.w.org\/{rel}","templated":true}]}}