{"id":1272,"date":"2019-09-16T14:34:19","date_gmt":"2019-09-16T11:34:19","guid":{"rendered":"https:\/\/buletin.de\/bucuresti\/?p=1272"},"modified":"2019-09-17T16:57:22","modified_gmt":"2019-09-17T13:57:22","slug":"gabriela-firea-mai-ia-un-imprumut-de-121-de-milioane-de-euro","status":"publish","type":"post","link":"https:\/\/buletin.de\/bucuresti\/gabriela-firea-mai-ia-un-imprumut-de-121-de-milioane-de-euro\/","title":{"rendered":"Din lips\u0103 de bani, Gabriela Firea mai ia un \u00eemprumut de 121 de milioane de euro"},"content":{"rendered":"\n<p>UPDATE: Consilierii municipali au adoptat, \u00een \u015fedin\u0163a de mar\u0163i, proiectul care prevede contractarea \u015fi\/sau garantarea unei finan\u0163\u0103ri rambursabile \u00een valoare total\u0103 de p\u00e2n\u0103 la 574.869.000 lei (inclusiv cupoane obliga\u0163iuni), cu o perioad\u0103 de maturitate de p\u00e2n\u0103 la 10 ani.<\/p>\n\n\n\n<p>\u201eNoi, acum, practic, refinan\u0163\u0103m un credit din 2015, iar \u00een 2015 s-a refinan\u0163at un credit din 2005, deci nu ne \u00eemprumut\u0103m noi acum de la zero pentru cheltuieli curente sau plata unor facturi, ci pl\u0103tim un credit foarte vechi. Dac\u0103 e cineva care vrea s\u0103-l pl\u0103tim punctual anul acesta, eu cred c\u0103 ar trebui s\u0103 ne comport\u0103m ca pe timpul lui Ceau\u015fescu, c\u00e2nd a fost \u00eenfometat\u0103 popula\u0163ia ca s\u0103 se pl\u0103teasc\u0103 datoria extern\u0103\u201d, a spus Firea, la \u00eenceputul \u015fedin\u0163ei.<\/p>\n\n\n\n<p>Primarul general s-a l\u0103udat \u0219i cu contribu\u021bia sa la reducerea datoriei Capitalei: \u201eC\u00e2t prive\u015fte contribu\u0163ia noastr\u0103 \u00een ace\u015fti trei ani pentru diminuarea datoriei municipiului Bucure\u015fti, cred c\u0103 am avut una important\u0103, pentru c\u0103 am achitat din banii bucure\u015ftenilor 190 milioane de euro, \u00eensemn\u00e2nd \u00eemprumuturi contractate \u00een anii anteriori, at\u00e2t tran\u015fe de \u00eemprumut cu tot cu dob\u00e2nzile aferente.\u201d<br><\/p><hr>\n\n\n\n<p><em>Primarul General al Capitalei propune pentru \u0218edin\u021ba Consiliului Municipiului Bucure\u0219ti din 17 septembrie accesarea unui \u00eemprumut de aproape 575 de milioane de lei pentru plata unui credit din 2015.<\/em><\/p>\n\n\n\n<p>Proiectul de hot\u0103r\u00e2re prevede <em>\u201eaprobarea contract\u0103rii \u0219i\/sau garant\u0103rii unor finan\u021b\u0103ri rambursabile interne \u0219i\/sau externe \u00een valoare total\u0103 de p\u00e2n\u0103 la <strong>574.869.000 lei<\/strong>, \u00een vederea finan\u021b\u0103rii datoriei publice locale din emisiunea de obliga\u021biuni realizat\u0103 \u00een anul 2015, (inclusiv cupoane obliga\u021biuni)\u201d<\/em>.<\/p>\n\n\n\n<p>Prim\u0103ria Capitalei are nevoie de bani \u0219i \u00eei caut\u0103 at\u00e2t de pe pia\u021ba intern\u0103, c\u00e2t \u0219i din afar\u0103.&nbsp;<\/p>\n\n\n\n<p>Creditul ar trebui restituit, conform <a href=\"http:\/\/www4.pmb.ro\/wwwt\/institutii\/CGMB\/sedinte\/ordinea_de_zi\/db\/17_20190917.pdf?fbclid=IwAR3lEYvPqtgZ1i2t-RITDL4UHbCm9z03iibH5Q7GlRs4vO7ahdfViAD9Fyg\">proiectului pus \u00een dezbatere public\u0103<\/a>, \u00een 10 ani, iar Gabriela Firea va fi cea care se va ocupa de negocierea \u0219i semnarea contractului.<\/p>\n\n\n\n<p>Motivul \u00eel reprezint\u0103 plata, p\u00e2n\u0103 la 4 mai 2020, a unei emisiuni de obliga\u021biuni cu maturitate de 5 ani \u00een valoare de 555 de milioane de lei, dar \u0219i plata cupoanelor anuale \u00een valoare de 19.869.000 de lei.<\/p>\n\n\n\n<p>Argumentele aduse pentru acest \u00eemprumut sunt:<\/p>\n\n\n\n<ul class=\"wp-block-list\"><li>sc\u0103derea \u00eencas\u0103rilor din cote defalcate din impozitul pe venit \u00een raport cu anii anteriori, adic\u0103 principala surs\u0103 de venit a municipalit\u0103\u021bii;<\/li><li>impactul ratei de 555 de milioane de lei asupra cheltuielilor totale cu ramburs\u0103rile de credite aferente anului 2020, care determin\u0103 cre\u0219terea acestor cheltuieli de peste 5 ori comparativ cu anii 2019 \u0219i 2018;<\/li><li>previziunile direc\u021biilor de specialitate ale PMB, care estimeaz\u0103 un necesar de cheltuieli de capital \u00een valoare total\u0103 de 1.957.173.091,60 de lei, aceast\u0103 sum\u0103 fiind de 2,5 ori mai mare dec\u00e2t media investi\u021biilor aferente ultimilor 3 ani;<\/li><li>imposibilitatea contract\u0103rii de noi \u00eemprumuturi pentru investi\u021bii, \u00eentruc\u00e2t plafonul global de trageri din finan\u021b\u0103rile rambursabile (&#8230;) aferent anului 2019 este utilizat integral, iar disponibilul de trageri alocat anului 2020 este aproape epuizat, \u00een condi\u021biile \u00een care o unitate administrativ-teritorial\u0103 are un plafon anual individual de contractare de datorie public\u0103 de de maxim 100 de milioane de lei pe an.<\/li><\/ul>\n\n\n\n<p>\u00cen raportul comun de specialitate se arat\u0103 c\u0103 \u00eemprumutul din 2015, pe c\u00e2nd primar general era R\u0103zvan Sava, ar avea anul viitor o rat\u0103 a dob\u00e2nzii de 3,58%, \u00een compara\u021bie cu 2,80% \u00een 2018. Peste trei ani ar avea 4,43%, iar \u00een 2025 ar cre\u0219te la 5,1%.<\/p>\n\n\n\n<p>\u00cen plus, se mai prevede \u00een proiect c\u0103 <em>\u201esuma de 574.869.000 lei (inclusiv cupoane obliga\u021biuni) scadent\u0103 la 04.05.2020 reprezint\u0103 aproximativ 84% din media bugetelor anuale pentru cheltuielile de capital ale Prim\u0103riei Municipiului Bucure\u0219ti din perioada 2016-2018\u201d<\/em>.<\/p>\n\n\n\n<p>A\u0219adar, anul viitor, PMB preconizeaz\u0103 c\u0103 va face investi\u021bii de peste 1,95 de miliarde de lei.&nbsp;<\/p>\n\n\n\n<p>Acesta este al doilea \u00eemprumut din 2019, dup\u0103 cel din luna mai, de aproape 100 de milioane de euro, pentru plata datoriilor pe care RADET le avea de pl\u0103tit c\u0103tre ELCEN.<\/p>\n\n\n\n<blockquote class=\"wp-block-quote is-layout-flow wp-block-quote-is-layout-flow\"><p><em>\u201eSe aprob\u0103 contractarea de la Ministerul Finan\u021belor Publice a unui \u00eemprumut din venituri din privatizare \u00een valoare de 462.661.949 lei, cu o maturitate de maxim 20 de ani. Contractarea \u00eemprumutului se face pentru plata subven\u021biilor restante aferente furniz\u0103rii energiei termice c\u0103tre popula\u021bie\u201d<\/em><br><\/p><cite>asta <a href=\"http:\/\/ziare.com\/social\/firea-vrea-sa-imprumute-capitala-pe-20-de-ani-ca-sa-nu-lase-bucurestenii-de-tot-fara-apa-calda-1563652\">prevedea proiectul<\/a> aprobat \u00een urm\u0103 cu cinci luni de consilierii generali.<\/cite><\/blockquote>\n\n\n\n<p><em>Reporter: George Costin<br>Editor: Oana Despa<br>Foto: contul de Facebook al Gabrielei Firea<\/em><\/p>\n","protected":false},"excerpt":{"rendered":"<p>UPDATE: Consilierii municipali au adoptat, \u00een \u015fedin\u0163a de mar\u0163i, proiectul care prevede contractarea \u015fi\/sau garantarea unei finan\u0163\u0103ri rambursabile \u00een valoare total\u0103 de p\u00e2n\u0103 la 574.869.000 lei (inclusiv cupoane obliga\u0163iuni), cu o perioad\u0103 de maturitate de p\u00e2n\u0103 la 10 ani. \u201eNoi, acum, practic, refinan\u0163\u0103m un credit din 2015, iar \u00een 2015 s-a refinan\u0163at un credit din [&hellip;]<\/p>\n","protected":false},"author":1,"featured_media":1273,"comment_status":"closed","ping_status":"open","sticky":false,"template":"","format":"standard","meta":{"_acf_changed":false,"inline_featured_image":false,"ngg_post_thumbnail":0,"footnotes":""},"categories":[24,62],"tags":[193,27,192],"ppma_author":[22583],"class_list":["post-1272","post","type-post","status-publish","format-standard","has-post-thumbnail","hentry","category-primarie","category-stiri","tag-credit","tag-gabriela","tag-restante"],"acf":[],"yoast_head":"<!-- This site is optimized with the Yoast SEO Premium plugin v25.3 (Yoast SEO v27.5) - https:\/\/yoast.com\/product\/yoast-seo-premium-wordpress\/ -->\n<title>Din lips\u0103 de bani, Gabriela Firea mai ia un \u00eemprumut de 121 de milioane de euro - Buletin de Bucure\u0219ti<\/title>\n<meta name=\"robots\" content=\"index, follow, max-snippet:-1, max-image-preview:large, max-video-preview:-1\" \/>\n<link rel=\"canonical\" href=\"https:\/\/buletin.de\/bucuresti\/gabriela-firea-mai-ia-un-imprumut-de-121-de-milioane-de-euro\/\" \/>\n<meta property=\"og:locale\" content=\"en_GB\" \/>\n<meta property=\"og:type\" content=\"article\" \/>\n<meta property=\"og:title\" content=\"Din lips\u0103 de bani, Gabriela Firea mai ia un \u00eemprumut de 121 de milioane de euro\" \/>\n<meta property=\"og:description\" content=\"UPDATE: Consilierii municipali au adoptat, \u00een \u015fedin\u0163a de mar\u0163i, proiectul care prevede contractarea \u015fi\/sau garantarea unei finan\u0163\u0103ri rambursabile \u00een valoare total\u0103 de p\u00e2n\u0103 la 574.869.000 lei (inclusiv cupoane obliga\u0163iuni), cu o perioad\u0103 de maturitate de p\u00e2n\u0103 la 10 ani. \u201eNoi, acum, practic, refinan\u0163\u0103m un credit din 2015, iar \u00een 2015 s-a refinan\u0163at un credit din [&hellip;]\" \/>\n<meta property=\"og:url\" content=\"https:\/\/buletin.de\/bucuresti\/gabriela-firea-mai-ia-un-imprumut-de-121-de-milioane-de-euro\/\" \/>\n<meta property=\"og:site_name\" content=\"Buletin de Bucure\u0219ti\" \/>\n<meta property=\"article:publisher\" content=\"https:\/\/www.facebook.com\/buletin.de.buc\" \/>\n<meta property=\"article:published_time\" content=\"2019-09-16T11:34:19+00:00\" \/>\n<meta property=\"article:modified_time\" content=\"2019-09-17T13:57:22+00:00\" \/>\n<meta property=\"og:image\" content=\"https:\/\/buletin.de\/bucuresti\/wp-content\/uploads\/70774981_2622437591152365_498897955084828672_n.jpg\" \/>\n\t<meta property=\"og:image:width\" content=\"960\" \/>\n\t<meta property=\"og:image:height\" content=\"640\" \/>\n\t<meta property=\"og:image:type\" content=\"image\/jpeg\" \/>\n<meta name=\"author\" content=\"Redac\u021bia Buletin de Bucure\u0219ti\" \/>\n<meta name=\"twitter:card\" content=\"summary_large_image\" \/>\n<meta name=\"twitter:label1\" content=\"Written by\" \/>\n\t<meta name=\"twitter:data1\" content=\"Redac\u021bia Buletin de Bucure\u0219ti\" \/>\n\t<meta name=\"twitter:label2\" content=\"Estimated reading time\" \/>\n\t<meta name=\"twitter:data2\" content=\"4 minutes\" \/>\n<script type=\"application\/ld+json\" class=\"yoast-schema-graph\">{\"@context\":\"https:\\\/\\\/schema.org\",\"@graph\":[{\"@type\":\"Article\",\"@id\":\"https:\\\/\\\/buletin.de\\\/bucuresti\\\/gabriela-firea-mai-ia-un-imprumut-de-121-de-milioane-de-euro\\\/#article\",\"isPartOf\":{\"@id\":\"https:\\\/\\\/buletin.de\\\/bucuresti\\\/gabriela-firea-mai-ia-un-imprumut-de-121-de-milioane-de-euro\\\/\"},\"author\":{\"name\":\"Redac\u021bia Buletin de Bucure\u0219ti\",\"@id\":\"https:\\\/\\\/buletin.de\\\/bucuresti\\\/#\\\/schema\\\/person\\\/2bbcf854e5f2419a13804af574d06ab1\"},\"headline\":\"Din lips\u0103 de bani, Gabriela Firea mai ia un \u00eemprumut de 121 de milioane de euro\",\"datePublished\":\"2019-09-16T11:34:19+00:00\",\"dateModified\":\"2019-09-17T13:57:22+00:00\",\"mainEntityOfPage\":{\"@id\":\"https:\\\/\\\/buletin.de\\\/bucuresti\\\/gabriela-firea-mai-ia-un-imprumut-de-121-de-milioane-de-euro\\\/\"},\"wordCount\":730,\"publisher\":{\"@id\":\"https:\\\/\\\/buletin.de\\\/bucuresti\\\/#organization\"},\"image\":{\"@id\":\"https:\\\/\\\/buletin.de\\\/bucuresti\\\/gabriela-firea-mai-ia-un-imprumut-de-121-de-milioane-de-euro\\\/#primaryimage\"},\"thumbnailUrl\":\"https:\\\/\\\/buletin.de\\\/bucuresti\\\/wp-content\\\/uploads\\\/70774981_2622437591152365_498897955084828672_n.jpg\",\"keywords\":[\"credit\",\"gabriela\",\"restante\"],\"articleSection\":[\"Prim\u0103rie\",\"\u0218tiri\"],\"inLanguage\":\"en-GB\",\"copyrightYear\":\"2019\",\"copyrightHolder\":{\"@id\":\"https:\\\/\\\/buletin.de\\\/bucuresti\\\/#organization\"}},{\"@type\":\"WebPage\",\"@id\":\"https:\\\/\\\/buletin.de\\\/bucuresti\\\/gabriela-firea-mai-ia-un-imprumut-de-121-de-milioane-de-euro\\\/\",\"url\":\"https:\\\/\\\/buletin.de\\\/bucuresti\\\/gabriela-firea-mai-ia-un-imprumut-de-121-de-milioane-de-euro\\\/\",\"name\":\"Din lips\u0103 de bani, Gabriela Firea mai ia un \u00eemprumut de 121 de milioane de euro - Buletin de Bucure\u0219ti\",\"isPartOf\":{\"@id\":\"https:\\\/\\\/buletin.de\\\/bucuresti\\\/#website\"},\"primaryImageOfPage\":{\"@id\":\"https:\\\/\\\/buletin.de\\\/bucuresti\\\/gabriela-firea-mai-ia-un-imprumut-de-121-de-milioane-de-euro\\\/#primaryimage\"},\"image\":{\"@id\":\"https:\\\/\\\/buletin.de\\\/bucuresti\\\/gabriela-firea-mai-ia-un-imprumut-de-121-de-milioane-de-euro\\\/#primaryimage\"},\"thumbnailUrl\":\"https:\\\/\\\/buletin.de\\\/bucuresti\\\/wp-content\\\/uploads\\\/70774981_2622437591152365_498897955084828672_n.jpg\",\"datePublished\":\"2019-09-16T11:34:19+00:00\",\"dateModified\":\"2019-09-17T13:57:22+00:00\",\"breadcrumb\":{\"@id\":\"https:\\\/\\\/buletin.de\\\/bucuresti\\\/gabriela-firea-mai-ia-un-imprumut-de-121-de-milioane-de-euro\\\/#breadcrumb\"},\"inLanguage\":\"en-GB\",\"potentialAction\":[{\"@type\":\"ReadAction\",\"target\":[\"https:\\\/\\\/buletin.de\\\/bucuresti\\\/gabriela-firea-mai-ia-un-imprumut-de-121-de-milioane-de-euro\\\/\"]}]},{\"@type\":\"ImageObject\",\"inLanguage\":\"en-GB\",\"@id\":\"https:\\\/\\\/buletin.de\\\/bucuresti\\\/gabriela-firea-mai-ia-un-imprumut-de-121-de-milioane-de-euro\\\/#primaryimage\",\"url\":\"https:\\\/\\\/buletin.de\\\/bucuresti\\\/wp-content\\\/uploads\\\/70774981_2622437591152365_498897955084828672_n.jpg\",\"contentUrl\":\"https:\\\/\\\/buletin.de\\\/bucuresti\\\/wp-content\\\/uploads\\\/70774981_2622437591152365_498897955084828672_n.jpg\",\"width\":960,\"height\":640},{\"@type\":\"BreadcrumbList\",\"@id\":\"https:\\\/\\\/buletin.de\\\/bucuresti\\\/gabriela-firea-mai-ia-un-imprumut-de-121-de-milioane-de-euro\\\/#breadcrumb\",\"itemListElement\":[{\"@type\":\"ListItem\",\"position\":1,\"name\":\"Acas\u0103\",\"item\":\"https:\\\/\\\/buletin.de\\\/bucuresti\\\/\"},{\"@type\":\"ListItem\",\"position\":2,\"name\":\"Din lips\u0103 de bani, Gabriela Firea mai ia un \u00eemprumut de 121 de milioane de euro\"}]},{\"@type\":\"WebSite\",\"@id\":\"https:\\\/\\\/buletin.de\\\/bucuresti\\\/#website\",\"url\":\"https:\\\/\\\/buletin.de\\\/bucuresti\\\/\",\"name\":\"Buletin de Bucure\u0219ti\",\"description\":\"\u0218tiri \u0219i investiga\u021bii esen\u021biale din capital\u0103\",\"publisher\":{\"@id\":\"https:\\\/\\\/buletin.de\\\/bucuresti\\\/#organization\"},\"potentialAction\":[{\"@type\":\"SearchAction\",\"target\":{\"@type\":\"EntryPoint\",\"urlTemplate\":\"https:\\\/\\\/buletin.de\\\/bucuresti\\\/?s={search_term_string}\"},\"query-input\":{\"@type\":\"PropertyValueSpecification\",\"valueRequired\":true,\"valueName\":\"search_term_string\"}}],\"inLanguage\":\"en-GB\"},{\"@type\":\"Organization\",\"@id\":\"https:\\\/\\\/buletin.de\\\/bucuresti\\\/#organization\",\"name\":\"Buletin de Bucure\u0219ti\",\"url\":\"https:\\\/\\\/buletin.de\\\/bucuresti\\\/\",\"logo\":{\"@type\":\"ImageObject\",\"inLanguage\":\"en-GB\",\"@id\":\"https:\\\/\\\/buletin.de\\\/bucuresti\\\/#\\\/schema\\\/logo\\\/image\\\/\",\"url\":\"https:\\\/\\\/buletin.de\\\/bucuresti\\\/wp-content\\\/uploads\\\/logo-bdb-full-wide-vernil-transparent.png\",\"contentUrl\":\"https:\\\/\\\/buletin.de\\\/bucuresti\\\/wp-content\\\/uploads\\\/logo-bdb-full-wide-vernil-transparent.png\",\"width\":1782,\"height\":626,\"caption\":\"Buletin de Bucure\u0219ti\"},\"image\":{\"@id\":\"https:\\\/\\\/buletin.de\\\/bucuresti\\\/#\\\/schema\\\/logo\\\/image\\\/\"},\"sameAs\":[\"https:\\\/\\\/www.facebook.com\\\/buletin.de.buc\",\"https:\\\/\\\/www.instagram.com\\\/buletinde.bucuresti\\\/\"]},{\"@type\":\"Person\",\"@id\":\"https:\\\/\\\/buletin.de\\\/bucuresti\\\/#\\\/schema\\\/person\\\/2bbcf854e5f2419a13804af574d06ab1\",\"name\":\"Redac\u021bia Buletin de Bucure\u0219ti\",\"image\":{\"@type\":\"ImageObject\",\"inLanguage\":\"en-GB\",\"@id\":\"https:\\\/\\\/secure.gravatar.com\\\/avatar\\\/18c5342381ed1a08620e6280424e3e5efc958618f5d67c522c9e44c1bc6f9226?s=96&d=monsterid&r=g60c7cd0ad92c68c049fcd4bb3504d609\",\"url\":\"https:\\\/\\\/secure.gravatar.com\\\/avatar\\\/18c5342381ed1a08620e6280424e3e5efc958618f5d67c522c9e44c1bc6f9226?s=96&d=monsterid&r=g\",\"contentUrl\":\"https:\\\/\\\/secure.gravatar.com\\\/avatar\\\/18c5342381ed1a08620e6280424e3e5efc958618f5d67c522c9e44c1bc6f9226?s=96&d=monsterid&r=g\",\"caption\":\"Redac\u021bia Buletin de Bucure\u0219ti\"},\"description\":\"Buletin de Bucure\u0219ti exist\u0103 din vara anului 2019.\",\"url\":\"https:\\\/\\\/buletin.de\\\/bucuresti\\\/author\\\/adminbuletin\\\/\"}]}<\/script>\n<!-- \/ Yoast SEO Premium plugin. -->","yoast_head_json":{"title":"Din lips\u0103 de bani, Gabriela Firea mai ia un \u00eemprumut de 121 de milioane de euro - Buletin de Bucure\u0219ti","robots":{"index":"index","follow":"follow","max-snippet":"max-snippet:-1","max-image-preview":"max-image-preview:large","max-video-preview":"max-video-preview:-1"},"canonical":"https:\/\/buletin.de\/bucuresti\/gabriela-firea-mai-ia-un-imprumut-de-121-de-milioane-de-euro\/","og_locale":"en_GB","og_type":"article","og_title":"Din lips\u0103 de bani, Gabriela Firea mai ia un \u00eemprumut de 121 de milioane de euro","og_description":"UPDATE: Consilierii municipali au adoptat, \u00een \u015fedin\u0163a de mar\u0163i, proiectul care prevede contractarea \u015fi\/sau garantarea unei finan\u0163\u0103ri rambursabile \u00een valoare total\u0103 de p\u00e2n\u0103 la 574.869.000 lei (inclusiv cupoane obliga\u0163iuni), cu o perioad\u0103 de maturitate de p\u00e2n\u0103 la 10 ani. \u201eNoi, acum, practic, refinan\u0163\u0103m un credit din 2015, iar \u00een 2015 s-a refinan\u0163at un credit din [&hellip;]","og_url":"https:\/\/buletin.de\/bucuresti\/gabriela-firea-mai-ia-un-imprumut-de-121-de-milioane-de-euro\/","og_site_name":"Buletin de Bucure\u0219ti","article_publisher":"https:\/\/www.facebook.com\/buletin.de.buc","article_published_time":"2019-09-16T11:34:19+00:00","article_modified_time":"2019-09-17T13:57:22+00:00","og_image":[{"width":960,"height":640,"url":"https:\/\/buletin.de\/bucuresti\/wp-content\/uploads\/70774981_2622437591152365_498897955084828672_n.jpg","type":"image\/jpeg"}],"author":"Redac\u021bia Buletin de Bucure\u0219ti","twitter_card":"summary_large_image","twitter_misc":{"Written by":"Redac\u021bia Buletin de Bucure\u0219ti","Estimated reading time":"4 minutes"},"schema":{"@context":"https:\/\/schema.org","@graph":[{"@type":"Article","@id":"https:\/\/buletin.de\/bucuresti\/gabriela-firea-mai-ia-un-imprumut-de-121-de-milioane-de-euro\/#article","isPartOf":{"@id":"https:\/\/buletin.de\/bucuresti\/gabriela-firea-mai-ia-un-imprumut-de-121-de-milioane-de-euro\/"},"author":{"name":"Redac\u021bia Buletin de Bucure\u0219ti","@id":"https:\/\/buletin.de\/bucuresti\/#\/schema\/person\/2bbcf854e5f2419a13804af574d06ab1"},"headline":"Din lips\u0103 de bani, Gabriela Firea mai ia un \u00eemprumut de 121 de milioane de euro","datePublished":"2019-09-16T11:34:19+00:00","dateModified":"2019-09-17T13:57:22+00:00","mainEntityOfPage":{"@id":"https:\/\/buletin.de\/bucuresti\/gabriela-firea-mai-ia-un-imprumut-de-121-de-milioane-de-euro\/"},"wordCount":730,"publisher":{"@id":"https:\/\/buletin.de\/bucuresti\/#organization"},"image":{"@id":"https:\/\/buletin.de\/bucuresti\/gabriela-firea-mai-ia-un-imprumut-de-121-de-milioane-de-euro\/#primaryimage"},"thumbnailUrl":"https:\/\/buletin.de\/bucuresti\/wp-content\/uploads\/70774981_2622437591152365_498897955084828672_n.jpg","keywords":["credit","gabriela","restante"],"articleSection":["Prim\u0103rie","\u0218tiri"],"inLanguage":"en-GB","copyrightYear":"2019","copyrightHolder":{"@id":"https:\/\/buletin.de\/bucuresti\/#organization"}},{"@type":"WebPage","@id":"https:\/\/buletin.de\/bucuresti\/gabriela-firea-mai-ia-un-imprumut-de-121-de-milioane-de-euro\/","url":"https:\/\/buletin.de\/bucuresti\/gabriela-firea-mai-ia-un-imprumut-de-121-de-milioane-de-euro\/","name":"Din lips\u0103 de bani, Gabriela Firea mai ia un \u00eemprumut de 121 de milioane de euro - Buletin de Bucure\u0219ti","isPartOf":{"@id":"https:\/\/buletin.de\/bucuresti\/#website"},"primaryImageOfPage":{"@id":"https:\/\/buletin.de\/bucuresti\/gabriela-firea-mai-ia-un-imprumut-de-121-de-milioane-de-euro\/#primaryimage"},"image":{"@id":"https:\/\/buletin.de\/bucuresti\/gabriela-firea-mai-ia-un-imprumut-de-121-de-milioane-de-euro\/#primaryimage"},"thumbnailUrl":"https:\/\/buletin.de\/bucuresti\/wp-content\/uploads\/70774981_2622437591152365_498897955084828672_n.jpg","datePublished":"2019-09-16T11:34:19+00:00","dateModified":"2019-09-17T13:57:22+00:00","breadcrumb":{"@id":"https:\/\/buletin.de\/bucuresti\/gabriela-firea-mai-ia-un-imprumut-de-121-de-milioane-de-euro\/#breadcrumb"},"inLanguage":"en-GB","potentialAction":[{"@type":"ReadAction","target":["https:\/\/buletin.de\/bucuresti\/gabriela-firea-mai-ia-un-imprumut-de-121-de-milioane-de-euro\/"]}]},{"@type":"ImageObject","inLanguage":"en-GB","@id":"https:\/\/buletin.de\/bucuresti\/gabriela-firea-mai-ia-un-imprumut-de-121-de-milioane-de-euro\/#primaryimage","url":"https:\/\/buletin.de\/bucuresti\/wp-content\/uploads\/70774981_2622437591152365_498897955084828672_n.jpg","contentUrl":"https:\/\/buletin.de\/bucuresti\/wp-content\/uploads\/70774981_2622437591152365_498897955084828672_n.jpg","width":960,"height":640},{"@type":"BreadcrumbList","@id":"https:\/\/buletin.de\/bucuresti\/gabriela-firea-mai-ia-un-imprumut-de-121-de-milioane-de-euro\/#breadcrumb","itemListElement":[{"@type":"ListItem","position":1,"name":"Acas\u0103","item":"https:\/\/buletin.de\/bucuresti\/"},{"@type":"ListItem","position":2,"name":"Din lips\u0103 de bani, Gabriela Firea mai ia un \u00eemprumut de 121 de milioane de euro"}]},{"@type":"WebSite","@id":"https:\/\/buletin.de\/bucuresti\/#website","url":"https:\/\/buletin.de\/bucuresti\/","name":"Buletin de Bucure\u0219ti","description":"\u0218tiri \u0219i investiga\u021bii esen\u021biale din capital\u0103","publisher":{"@id":"https:\/\/buletin.de\/bucuresti\/#organization"},"potentialAction":[{"@type":"SearchAction","target":{"@type":"EntryPoint","urlTemplate":"https:\/\/buletin.de\/bucuresti\/?s={search_term_string}"},"query-input":{"@type":"PropertyValueSpecification","valueRequired":true,"valueName":"search_term_string"}}],"inLanguage":"en-GB"},{"@type":"Organization","@id":"https:\/\/buletin.de\/bucuresti\/#organization","name":"Buletin de Bucure\u0219ti","url":"https:\/\/buletin.de\/bucuresti\/","logo":{"@type":"ImageObject","inLanguage":"en-GB","@id":"https:\/\/buletin.de\/bucuresti\/#\/schema\/logo\/image\/","url":"https:\/\/buletin.de\/bucuresti\/wp-content\/uploads\/logo-bdb-full-wide-vernil-transparent.png","contentUrl":"https:\/\/buletin.de\/bucuresti\/wp-content\/uploads\/logo-bdb-full-wide-vernil-transparent.png","width":1782,"height":626,"caption":"Buletin de Bucure\u0219ti"},"image":{"@id":"https:\/\/buletin.de\/bucuresti\/#\/schema\/logo\/image\/"},"sameAs":["https:\/\/www.facebook.com\/buletin.de.buc","https:\/\/www.instagram.com\/buletinde.bucuresti\/"]},{"@type":"Person","@id":"https:\/\/buletin.de\/bucuresti\/#\/schema\/person\/2bbcf854e5f2419a13804af574d06ab1","name":"Redac\u021bia Buletin de Bucure\u0219ti","image":{"@type":"ImageObject","inLanguage":"en-GB","@id":"https:\/\/secure.gravatar.com\/avatar\/18c5342381ed1a08620e6280424e3e5efc958618f5d67c522c9e44c1bc6f9226?s=96&d=monsterid&r=g60c7cd0ad92c68c049fcd4bb3504d609","url":"https:\/\/secure.gravatar.com\/avatar\/18c5342381ed1a08620e6280424e3e5efc958618f5d67c522c9e44c1bc6f9226?s=96&d=monsterid&r=g","contentUrl":"https:\/\/secure.gravatar.com\/avatar\/18c5342381ed1a08620e6280424e3e5efc958618f5d67c522c9e44c1bc6f9226?s=96&d=monsterid&r=g","caption":"Redac\u021bia Buletin de Bucure\u0219ti"},"description":"Buletin de Bucure\u0219ti exist\u0103 din vara anului 2019.","url":"https:\/\/buletin.de\/bucuresti\/author\/adminbuletin\/"}]}},"authors":[{"term_id":22583,"user_id":1,"is_guest":0,"slug":"adminbuletin","display_name":"Redac\u021bia Buletin de Bucure\u0219ti","avatar_url":"https:\/\/secure.gravatar.com\/avatar\/18c5342381ed1a08620e6280424e3e5efc958618f5d67c522c9e44c1bc6f9226?s=96&d=monsterid&r=g","0":null,"1":"","2":"","3":"","4":"","5":"","6":"","7":"","8":""}],"_links":{"self":[{"href":"https:\/\/buletin.de\/bucuresti\/wp-json\/wp\/v2\/posts\/1272","targetHints":{"allow":["GET"]}}],"collection":[{"href":"https:\/\/buletin.de\/bucuresti\/wp-json\/wp\/v2\/posts"}],"about":[{"href":"https:\/\/buletin.de\/bucuresti\/wp-json\/wp\/v2\/types\/post"}],"author":[{"embeddable":true,"href":"https:\/\/buletin.de\/bucuresti\/wp-json\/wp\/v2\/users\/1"}],"replies":[{"embeddable":true,"href":"https:\/\/buletin.de\/bucuresti\/wp-json\/wp\/v2\/comments?post=1272"}],"version-history":[{"count":4,"href":"https:\/\/buletin.de\/bucuresti\/wp-json\/wp\/v2\/posts\/1272\/revisions"}],"predecessor-version":[{"id":1287,"href":"https:\/\/buletin.de\/bucuresti\/wp-json\/wp\/v2\/posts\/1272\/revisions\/1287"}],"wp:featuredmedia":[{"embeddable":true,"href":"https:\/\/buletin.de\/bucuresti\/wp-json\/wp\/v2\/media\/1273"}],"wp:attachment":[{"href":"https:\/\/buletin.de\/bucuresti\/wp-json\/wp\/v2\/media?parent=1272"}],"wp:term":[{"taxonomy":"category","embeddable":true,"href":"https:\/\/buletin.de\/bucuresti\/wp-json\/wp\/v2\/categories?post=1272"},{"taxonomy":"post_tag","embeddable":true,"href":"https:\/\/buletin.de\/bucuresti\/wp-json\/wp\/v2\/tags?post=1272"},{"taxonomy":"author","embeddable":true,"href":"https:\/\/buletin.de\/bucuresti\/wp-json\/wp\/v2\/ppma_author?post=1272"}],"curies":[{"name":"wp","href":"https:\/\/api.w.org\/{rel}","templated":true}]}}