{"id":126996,"date":"2025-04-19T10:39:14","date_gmt":"2025-04-19T07:39:14","guid":{"rendered":"https:\/\/buletin.de\/bucuresti\/?p=126996"},"modified":"2025-04-19T10:56:02","modified_gmt":"2025-04-19T07:56:02","slug":"dealerul-maru-nu-ar-fi-chemat-ambulanta-pentru-ca-se-temea-ca-va-fi-arestat-rechizitoriul-diicot","status":"publish","type":"post","link":"https:\/\/buletin.de\/bucuresti\/dealerul-maru-nu-ar-fi-chemat-ambulanta-pentru-ca-se-temea-ca-va-fi-arestat-rechizitoriul-diicot\/","title":{"rendered":"Dealerul Maru nu ar fi chemat ambulan\u021ba, pentru c\u0103 se temea c\u0103 va fi arestat. Rechizitoriul DIICOT"},"content":{"rendered":"\n<p><strong>Dealerul Tudor Duma, zis \u201eMaru\u201d, ar fi refuzat s\u0103 cheme ambulan\u021ba, pentru a-l salva pe Rare\u0219 Ion, un t\u00e2n\u0103r de 20 de ani care a murit de supradoz\u0103 \u00een timp ce era filmat pe Tik-tok, afirm\u0103 procurorii.<\/strong><\/p>\n\n\n\n<p>Anchetatorii DIICOT \u00eel acuz\u0103 pe Tudor Duma, zis \u201eMaru\u201d, c\u0103 i-a furnizat drogurile t\u00e2n\u0103rului de 20 de ani care a murit de la o supradoz\u0103 mar\u021bi, 15 aprilie \u00een Bucure\u0219ti, potrivit referatului consultat de <a href=\"https:\/\/www.g4media.ro\/document-procurorii-il-acuza-pe-dealerul-tudor-duma-zis-maru-ca-a-refuzat-sa-cheme-ambulanta-pentru-tanarul-drogat-aflat-in-stare-critica-maru-se-temea-sa-nu-fie-a.html\" target=\"_blank\" rel=\"noreferrer noopener\">G4Media<\/a>.<\/p>\n\n\n\n<p>Potrivit rechizitoriului, \u00een cele din urm\u0103, dealerul Maru \u0219i o alt\u0103 persoan\u0103 l-au scos pe t\u00e2n\u0103rul inert din garajul \u00een care consumase droguri \u0219i l-au t\u00e2r\u00e2t p\u00e2n\u0103 la cap\u0103tul str\u0103zii, unde l-au l\u0103sat \u00een fa\u021ba unui bloc. <\/p>\n\n\n\n<p>Abia acolo cealalt\u0103 persoan\u0103, iubita lui Rare\u0219, a sunat la 112 \u0219i a transmis urm\u0103torul mesaj, potrivit referatului DIICOT.<\/p>\n\n\n\n<p>Cartea de identitate a t\u00e2n\u0103rului de 20 de ani, care a murit pe 15 aprilie din cauza unei supradoze de droguri, a fost g\u0103sit\u0103 acas\u0103 la \u201eMaru\u201d, arat\u0103 referatul procurorilor.<\/p>\n\n\n\n<div class=\"wp-block-buttons is-content-justification-center is-layout-flex wp-container-core-buttons-is-layout-16018d1d wp-block-buttons-is-layout-flex\">\n<div class=\"wp-block-button has-custom-width wp-block-button__width-100\"><a class=\"wp-block-button__link wp-element-button\" href=\"https:\/\/www.patreon.com\/BuletinDeBucuresti\"><strong>Sus\u021bine Buletin de Bucure\u0219ti pentru investiga\u021bii, reportaje \u0219i \u0219tiri Locale<\/strong><\/a><\/div>\n<\/div>\n\n\n\n<p><strong>CITE\u0218TE \u0218I: <a href=\"https:\/\/buletin.de\/bucuresti\/tariful-pentru-parcarea-de-la-straulesti-creste-consistent-de-la-1-mai-se-elimina-facilitatea-pentru-cei-cu-abonament-de-metrou\/\" target=\"_blank\" rel=\"noreferrer noopener\">Tariful pentru parcarea de la Str\u0103ule\u0219ti cre\u0219te consistent de la 1 Mai. Se elimin\u0103 facilitatea pentru cei cu abonament de metrou<\/a><\/strong><\/p>\n\n\n\n<h2 class=\"wp-block-heading\" id=\"h-dealerul-maru-este-acuzat-ca-a-furnizat-cocktailul-de-droguri\">Dealerul Maru este acuzat c\u0103 a furnizat cocktailul de droguri<\/h2>\n\n\n\n<p>\u201e<strong>Un om care \u0219i-a b\u0103gat ceva \u00een ven\u0103, are buzele mov, se scarpin\u0103, are vena spart\u0103, posibil supradoz\u0103\/consum de droguri<\/strong>\u201d, a sunat apelul la ambulan\u021b\u0103, f\u0103cut de iubita dealerului Maru, potrivit rechizitoriului DIICOT.<\/p>\n\n\n\n<p>Aceasta nu ar fi admis c\u0103 \u00eel cunoa\u0219te pe Rare\u0219, ci a afirmat doar c\u0103 a g\u0103sit un individ pe strad\u0103 care cel mai probabil a f\u0103cut o supradoz\u0103. <\/p>\n\n\n\n<p>A venit ambulan\u021ba, l-a luat pe t\u00e2n\u0103rul de 20 de ani, la 6.00 diminea\u021ba, l-a dus la Spitalul de Urgen\u021b\u0103 Floreasca din Bucure\u0219ti \u0219i dup\u0103 trei ore a murit acas\u0103, \u00een pat, sub \u00eengrijirea fratelui s\u0103u, mai spun procurorii.<\/p>\n\n\n\n<p><strong>Medicii legi\u0219ti au g\u0103sit \u00een proba de s\u00e2nge prelevat\u0103 de la t\u00e2n\u0103rul mort un amestec de droguri: benzodiazepine, metadon\u0103, tramadol, canabinoizi, 6-MAM \u0219i alfa PVP. <\/strong><\/p>\n\n\n\n<p>\u201e\u00cen literatura de specialitate se precizeaz\u0103 c\u0103 6-MAM este un metabolit al heroinei cu o fereastr\u0103 de detec\u021bie relativ scurt\u0103, de aproximativ 12 ore dup\u0103 consum, ceea ce indic\u0103 un consum foarte recent\u201d, arat\u0103 referatul DIICOT.<\/p>\n\n\n\n<p>La perchezi\u021bia f\u0103cut\u0103 acas\u0103 la dealerul Maru, procurorii au g\u0103sit un comprimat de Diazepam \u0219i cartea de identitate a t\u00e2n\u0103rului mort, \u00eenvelit\u0103 \u00een dou\u0103 bancnote, una de 50 \u0219i alta de 100 lei.<\/p>\n\n\n\n<p>Procurorii au cerut arestarea preventiv\u0103 a lui \u201eMaru\u201d pe motiv c\u0103 a pus la dispozitia victimei garajul imobilului \u00een care locuie\u0219te pentru consumul de metadon\u0103 (drog de mare risc), consum urmat de moartea victimei.<\/p>\n\n\n\n<p><strong>Mai multe detalii \u00een <a href=\"https:\/\/www.g4media.ro\/document-procurorii-il-acuza-pe-dealerul-tudor-duma-zis-maru-ca-a-refuzat-sa-cheme-ambulanta-pentru-tanarul-drogat-aflat-in-stare-critica-maru-se-temea-sa-nu-fie-a.html\">G4Media<\/a>.<\/strong><\/p>\n\n\n\n<h2 class=\"wp-block-heading\" id=\"h-un-cocktail-periculos\">Un cocktail periculos<\/h2>\n\n\n\n<p><strong>T\u00e2n\u0103rul de 20 de ani care a murit \u00een casa dealerului Maru a folosit o combina\u021bie de \u0219ase droguri, potrivit <\/strong>unui<strong>\u00a0<a href=\"https:\/\/www.diicot.ro\/mass-media\/5514-comunicat-de-presa-17-04-2025\">comunicat de pres\u0103<\/a>\u00a0al DIICOT. <\/strong><\/p>\n\n\n\n<p>Substan\u021bele enumerate sunt adesea folosite prin administrare pe cale oral\u0103, \u00eens\u0103 o parte pot fi injectate sau administrate pe cale nazal\u0103, arat\u0103&nbsp;<a href=\"https:\/\/www.dea.gov\/factsheets\/flakka-alpha-pvp\" target=\"_blank\" rel=\"noreferrer noopener\">baza de date<\/a>&nbsp;a Agen\u0163iei de Combatere a Drogurilor din Statele Unite ale Americii.<\/p>\n\n\n\n<p>\u201e\u00cen principiu este un amestec de medica\u021bie pentru somn, de diazepin\u0103, care este luat\u0103 f\u0103r\u0103 re\u021bet\u0103, bine\u00een\u021beles f\u0103r\u0103 indica\u021bie medical\u0103,&nbsp;<strong>ceea ce este foarte grav \u0219i \u00een plus \u00een aceast\u0103 list\u0103 de \u0219ase substan\u021be se reg\u0103sesc \u0219i alte opiacee, deci metadon\u0103 \u0219i tramadol luate pentru calmarea durerii<\/strong>\u201d, a explicat pentru Buletin de Bucure\u015fti Teodora Ciolompea, Manager al Centrului de Evaluare \u0219i Tratament Sf. Stelian din Bucure\u0219ti.<\/p>\n\n\n\n<p>Specialista a mai punctat c\u0103 cel pu\u0163in opiaceele au un efect foarte periculos \u00een aceast\u0103 combina\u0163ie.<\/p>\n\n\n\n<p><strong>CITE\u0218TE \u0218I: <a href=\"https:\/\/buletin.de\/bucuresti\/ce-efecte-au-cele-6-droguri-care-l-au-ucis-pe-tanarul-de-20-de-ani-in-casa-dealerului-maru\/\" target=\"_blank\" rel=\"noreferrer noopener\">Ce efecte au cele 6 droguri care l-au ucis pe t\u00e2n\u0103rul de 20 de ani, \u00een casa dealerului&nbsp;Maru<\/a><\/strong><\/p>\n","protected":false},"excerpt":{"rendered":"<p>Dealerul Tudor Duma, zis \u201eMaru\u201d, ar fi refuzat s\u0103 cheme ambulan\u021ba, pentru a-l salva pe Rare\u0219 Ion, un t\u00e2n\u0103r de 20 de ani care a murit de supradoz\u0103 \u00een timp ce era filmat pe Tik-tok, afirm\u0103 procurorii. Anchetatorii DIICOT \u00eel acuz\u0103 pe Tudor Duma, zis \u201eMaru\u201d, c\u0103 i-a furnizat drogurile t\u00e2n\u0103rului de 20 de ani [&hellip;]<\/p>\n","protected":false},"author":1,"featured_media":126998,"comment_status":"closed","ping_status":"open","sticky":false,"template":"","format":"standard","meta":{"_acf_changed":false,"inline_featured_image":false,"ngg_post_thumbnail":0,"footnotes":""},"categories":[6994,9026,5762],"tags":[14990,20752,15159,1367,4598,19955,20677,20731],"ppma_author":[22583],"class_list":["post-126996","post","type-post","status-publish","format-standard","has-post-thumbnail","hentry","category-stiri-2","category-eveniment","category-main","tag-consum-de-droguri","tag-dealerul-maru","tag-dependenta-de-droguri","tag-diicot","tag-droguri","tag-droguri-bucuresti","tag-maru","tag-sase-substante"],"acf":[],"yoast_head":"<!-- This site is optimized with the Yoast SEO Premium plugin v25.3 (Yoast SEO v27.5) - https:\/\/yoast.com\/product\/yoast-seo-premium-wordpress\/ -->\n<title>Dealerul Maru nu ar fi chemat ambulan\u021ba, pentru c\u0103 se temea c\u0103 va fi arestat. Rechizitoriul DIICOT - Buletin de Bucure\u0219ti<\/title>\n<meta name=\"description\" content=\"Dealerul Tudor Duma, zis \u201eMaru\u201d, ar fi refuzat s\u0103 cheme ambulan\u021ba, pentru a-l salva pe Rare\u0219 Ion, un t\u00e2n\u0103r care a murit de supradoz\u0103.\" \/>\n<meta name=\"robots\" content=\"index, follow, max-snippet:-1, max-image-preview:large, max-video-preview:-1\" \/>\n<link rel=\"canonical\" href=\"https:\/\/buletin.de\/bucuresti\/dealerul-maru-nu-ar-fi-chemat-ambulanta-pentru-ca-se-temea-ca-va-fi-arestat-rechizitoriul-diicot\/\" \/>\n<meta property=\"og:locale\" content=\"en_GB\" \/>\n<meta property=\"og:type\" content=\"article\" \/>\n<meta property=\"og:title\" content=\"Dealerul Maru nu ar fi chemat ambulan\u021ba, pentru c\u0103 se temea c\u0103 va fi arestat. Rechizitoriul DIICOT\" \/>\n<meta property=\"og:description\" content=\"Dealerul Tudor Duma, zis \u201eMaru\u201d, ar fi refuzat s\u0103 cheme ambulan\u021ba, pentru a-l salva pe Rare\u0219 Ion, un t\u00e2n\u0103r care a murit de supradoz\u0103.\" \/>\n<meta property=\"og:url\" content=\"https:\/\/buletin.de\/bucuresti\/dealerul-maru-nu-ar-fi-chemat-ambulanta-pentru-ca-se-temea-ca-va-fi-arestat-rechizitoriul-diicot\/\" \/>\n<meta property=\"og:site_name\" content=\"Buletin de Bucure\u0219ti\" \/>\n<meta property=\"article:publisher\" content=\"https:\/\/www.facebook.com\/buletin.de.buc\" \/>\n<meta property=\"article:published_time\" content=\"2025-04-19T07:39:14+00:00\" \/>\n<meta property=\"article:modified_time\" content=\"2025-04-19T07:56:02+00:00\" \/>\n<meta property=\"og:image\" content=\"https:\/\/buletin.de\/bucuresti\/wp-content\/uploads\/2025\/04\/ID232001_INQUAM_Photos_Octav_Ganea-scaled.jpg\" \/>\n\t<meta property=\"og:image:width\" content=\"2560\" \/>\n\t<meta property=\"og:image:height\" content=\"1706\" \/>\n\t<meta property=\"og:image:type\" content=\"image\/jpeg\" \/>\n<meta name=\"author\" content=\"Redac\u021bia Buletin de Bucure\u0219ti\" \/>\n<meta name=\"twitter:card\" content=\"summary_large_image\" \/>\n<meta name=\"twitter:label1\" content=\"Written by\" \/>\n\t<meta name=\"twitter:data1\" content=\"Redac\u021bia Buletin de Bucure\u0219ti\" \/>\n\t<meta name=\"twitter:label2\" content=\"Estimated reading time\" \/>\n\t<meta name=\"twitter:data2\" content=\"3 minutes\" \/>\n<script type=\"application\/ld+json\" class=\"yoast-schema-graph\">{\"@context\":\"https:\\\/\\\/schema.org\",\"@graph\":[{\"@type\":\"Article\",\"@id\":\"https:\\\/\\\/buletin.de\\\/bucuresti\\\/dealerul-maru-nu-ar-fi-chemat-ambulanta-pentru-ca-se-temea-ca-va-fi-arestat-rechizitoriul-diicot\\\/#article\",\"isPartOf\":{\"@id\":\"https:\\\/\\\/buletin.de\\\/bucuresti\\\/dealerul-maru-nu-ar-fi-chemat-ambulanta-pentru-ca-se-temea-ca-va-fi-arestat-rechizitoriul-diicot\\\/\"},\"author\":{\"name\":\"Redac\u021bia Buletin de Bucure\u0219ti\",\"@id\":\"https:\\\/\\\/buletin.de\\\/bucuresti\\\/#\\\/schema\\\/person\\\/2bbcf854e5f2419a13804af574d06ab1\"},\"headline\":\"Dealerul Maru nu ar fi chemat ambulan\u021ba, pentru c\u0103 se temea c\u0103 va fi arestat. Rechizitoriul DIICOT\",\"datePublished\":\"2025-04-19T07:39:14+00:00\",\"dateModified\":\"2025-04-19T07:56:02+00:00\",\"mainEntityOfPage\":{\"@id\":\"https:\\\/\\\/buletin.de\\\/bucuresti\\\/dealerul-maru-nu-ar-fi-chemat-ambulanta-pentru-ca-se-temea-ca-va-fi-arestat-rechizitoriul-diicot\\\/\"},\"wordCount\":684,\"publisher\":{\"@id\":\"https:\\\/\\\/buletin.de\\\/bucuresti\\\/#organization\"},\"image\":{\"@id\":\"https:\\\/\\\/buletin.de\\\/bucuresti\\\/dealerul-maru-nu-ar-fi-chemat-ambulanta-pentru-ca-se-temea-ca-va-fi-arestat-rechizitoriul-diicot\\\/#primaryimage\"},\"thumbnailUrl\":\"https:\\\/\\\/buletin.de\\\/bucuresti\\\/wp-content\\\/uploads\\\/2025\\\/04\\\/ID232001_INQUAM_Photos_Octav_Ganea-scaled.jpg\",\"keywords\":[\"consum de droguri\",\"dealerul maru\",\"dependenta de droguri\",\"diicot\",\"droguri\",\"droguri bucuresti\",\"maru\",\"\u0219ase substan\u021be\"],\"articleSection\":[\"Articole\",\"Eveniment\",\"Main\"],\"inLanguage\":\"en-GB\",\"copyrightYear\":\"2025\",\"copyrightHolder\":{\"@id\":\"https:\\\/\\\/buletin.de\\\/bucuresti\\\/#organization\"}},{\"@type\":\"WebPage\",\"@id\":\"https:\\\/\\\/buletin.de\\\/bucuresti\\\/dealerul-maru-nu-ar-fi-chemat-ambulanta-pentru-ca-se-temea-ca-va-fi-arestat-rechizitoriul-diicot\\\/\",\"url\":\"https:\\\/\\\/buletin.de\\\/bucuresti\\\/dealerul-maru-nu-ar-fi-chemat-ambulanta-pentru-ca-se-temea-ca-va-fi-arestat-rechizitoriul-diicot\\\/\",\"name\":\"Dealerul Maru nu ar fi chemat ambulan\u021ba, pentru c\u0103 se temea c\u0103 va fi arestat. Rechizitoriul DIICOT - Buletin de Bucure\u0219ti\",\"isPartOf\":{\"@id\":\"https:\\\/\\\/buletin.de\\\/bucuresti\\\/#website\"},\"primaryImageOfPage\":{\"@id\":\"https:\\\/\\\/buletin.de\\\/bucuresti\\\/dealerul-maru-nu-ar-fi-chemat-ambulanta-pentru-ca-se-temea-ca-va-fi-arestat-rechizitoriul-diicot\\\/#primaryimage\"},\"image\":{\"@id\":\"https:\\\/\\\/buletin.de\\\/bucuresti\\\/dealerul-maru-nu-ar-fi-chemat-ambulanta-pentru-ca-se-temea-ca-va-fi-arestat-rechizitoriul-diicot\\\/#primaryimage\"},\"thumbnailUrl\":\"https:\\\/\\\/buletin.de\\\/bucuresti\\\/wp-content\\\/uploads\\\/2025\\\/04\\\/ID232001_INQUAM_Photos_Octav_Ganea-scaled.jpg\",\"datePublished\":\"2025-04-19T07:39:14+00:00\",\"dateModified\":\"2025-04-19T07:56:02+00:00\",\"description\":\"Dealerul Tudor Duma, zis \u201eMaru\u201d, ar fi refuzat s\u0103 cheme ambulan\u021ba, pentru a-l salva pe Rare\u0219 Ion, un t\u00e2n\u0103r care a murit de supradoz\u0103.\",\"breadcrumb\":{\"@id\":\"https:\\\/\\\/buletin.de\\\/bucuresti\\\/dealerul-maru-nu-ar-fi-chemat-ambulanta-pentru-ca-se-temea-ca-va-fi-arestat-rechizitoriul-diicot\\\/#breadcrumb\"},\"inLanguage\":\"en-GB\",\"potentialAction\":[{\"@type\":\"ReadAction\",\"target\":[\"https:\\\/\\\/buletin.de\\\/bucuresti\\\/dealerul-maru-nu-ar-fi-chemat-ambulanta-pentru-ca-se-temea-ca-va-fi-arestat-rechizitoriul-diicot\\\/\"]}]},{\"@type\":\"ImageObject\",\"inLanguage\":\"en-GB\",\"@id\":\"https:\\\/\\\/buletin.de\\\/bucuresti\\\/dealerul-maru-nu-ar-fi-chemat-ambulanta-pentru-ca-se-temea-ca-va-fi-arestat-rechizitoriul-diicot\\\/#primaryimage\",\"url\":\"https:\\\/\\\/buletin.de\\\/bucuresti\\\/wp-content\\\/uploads\\\/2025\\\/04\\\/ID232001_INQUAM_Photos_Octav_Ganea-scaled.jpg\",\"contentUrl\":\"https:\\\/\\\/buletin.de\\\/bucuresti\\\/wp-content\\\/uploads\\\/2025\\\/04\\\/ID232001_INQUAM_Photos_Octav_Ganea-scaled.jpg\",\"width\":2251,\"height\":1500,\"caption\":\"Dealerul Maru. Foto: INQUAM_Photos_Octav_Ganea\"},{\"@type\":\"BreadcrumbList\",\"@id\":\"https:\\\/\\\/buletin.de\\\/bucuresti\\\/dealerul-maru-nu-ar-fi-chemat-ambulanta-pentru-ca-se-temea-ca-va-fi-arestat-rechizitoriul-diicot\\\/#breadcrumb\",\"itemListElement\":[{\"@type\":\"ListItem\",\"position\":1,\"name\":\"Acas\u0103\",\"item\":\"https:\\\/\\\/buletin.de\\\/bucuresti\\\/\"},{\"@type\":\"ListItem\",\"position\":2,\"name\":\"Dealerul Maru nu ar fi chemat ambulan\u021ba, pentru c\u0103 se temea c\u0103 va fi arestat. Rechizitoriul DIICOT\"}]},{\"@type\":\"WebSite\",\"@id\":\"https:\\\/\\\/buletin.de\\\/bucuresti\\\/#website\",\"url\":\"https:\\\/\\\/buletin.de\\\/bucuresti\\\/\",\"name\":\"Buletin de Bucure\u0219ti\",\"description\":\"\u0218tiri \u0219i investiga\u021bii esen\u021biale din capital\u0103\",\"publisher\":{\"@id\":\"https:\\\/\\\/buletin.de\\\/bucuresti\\\/#organization\"},\"potentialAction\":[{\"@type\":\"SearchAction\",\"target\":{\"@type\":\"EntryPoint\",\"urlTemplate\":\"https:\\\/\\\/buletin.de\\\/bucuresti\\\/?s={search_term_string}\"},\"query-input\":{\"@type\":\"PropertyValueSpecification\",\"valueRequired\":true,\"valueName\":\"search_term_string\"}}],\"inLanguage\":\"en-GB\"},{\"@type\":\"Organization\",\"@id\":\"https:\\\/\\\/buletin.de\\\/bucuresti\\\/#organization\",\"name\":\"Buletin de Bucure\u0219ti\",\"url\":\"https:\\\/\\\/buletin.de\\\/bucuresti\\\/\",\"logo\":{\"@type\":\"ImageObject\",\"inLanguage\":\"en-GB\",\"@id\":\"https:\\\/\\\/buletin.de\\\/bucuresti\\\/#\\\/schema\\\/logo\\\/image\\\/\",\"url\":\"https:\\\/\\\/buletin.de\\\/bucuresti\\\/wp-content\\\/uploads\\\/logo-bdb-full-wide-vernil-transparent.png\",\"contentUrl\":\"https:\\\/\\\/buletin.de\\\/bucuresti\\\/wp-content\\\/uploads\\\/logo-bdb-full-wide-vernil-transparent.png\",\"width\":1782,\"height\":626,\"caption\":\"Buletin de Bucure\u0219ti\"},\"image\":{\"@id\":\"https:\\\/\\\/buletin.de\\\/bucuresti\\\/#\\\/schema\\\/logo\\\/image\\\/\"},\"sameAs\":[\"https:\\\/\\\/www.facebook.com\\\/buletin.de.buc\",\"https:\\\/\\\/www.instagram.com\\\/buletinde.bucuresti\\\/\"]},{\"@type\":\"Person\",\"@id\":\"https:\\\/\\\/buletin.de\\\/bucuresti\\\/#\\\/schema\\\/person\\\/2bbcf854e5f2419a13804af574d06ab1\",\"name\":\"Redac\u021bia Buletin de Bucure\u0219ti\",\"image\":{\"@type\":\"ImageObject\",\"inLanguage\":\"en-GB\",\"@id\":\"https:\\\/\\\/secure.gravatar.com\\\/avatar\\\/18c5342381ed1a08620e6280424e3e5efc958618f5d67c522c9e44c1bc6f9226?s=96&d=monsterid&r=g60c7cd0ad92c68c049fcd4bb3504d609\",\"url\":\"https:\\\/\\\/secure.gravatar.com\\\/avatar\\\/18c5342381ed1a08620e6280424e3e5efc958618f5d67c522c9e44c1bc6f9226?s=96&d=monsterid&r=g\",\"contentUrl\":\"https:\\\/\\\/secure.gravatar.com\\\/avatar\\\/18c5342381ed1a08620e6280424e3e5efc958618f5d67c522c9e44c1bc6f9226?s=96&d=monsterid&r=g\",\"caption\":\"Redac\u021bia Buletin de Bucure\u0219ti\"},\"description\":\"Buletin de Bucure\u0219ti exist\u0103 din vara anului 2019.\",\"url\":\"https:\\\/\\\/buletin.de\\\/bucuresti\\\/author\\\/adminbuletin\\\/\"}]}<\/script>\n<!-- \/ Yoast SEO Premium plugin. -->","yoast_head_json":{"title":"Dealerul Maru nu ar fi chemat ambulan\u021ba, pentru c\u0103 se temea c\u0103 va fi arestat. Rechizitoriul DIICOT - Buletin de Bucure\u0219ti","description":"Dealerul Tudor Duma, zis \u201eMaru\u201d, ar fi refuzat s\u0103 cheme ambulan\u021ba, pentru a-l salva pe Rare\u0219 Ion, un t\u00e2n\u0103r care a murit de supradoz\u0103.","robots":{"index":"index","follow":"follow","max-snippet":"max-snippet:-1","max-image-preview":"max-image-preview:large","max-video-preview":"max-video-preview:-1"},"canonical":"https:\/\/buletin.de\/bucuresti\/dealerul-maru-nu-ar-fi-chemat-ambulanta-pentru-ca-se-temea-ca-va-fi-arestat-rechizitoriul-diicot\/","og_locale":"en_GB","og_type":"article","og_title":"Dealerul Maru nu ar fi chemat ambulan\u021ba, pentru c\u0103 se temea c\u0103 va fi arestat. Rechizitoriul DIICOT","og_description":"Dealerul Tudor Duma, zis \u201eMaru\u201d, ar fi refuzat s\u0103 cheme ambulan\u021ba, pentru a-l salva pe Rare\u0219 Ion, un t\u00e2n\u0103r care a murit de supradoz\u0103.","og_url":"https:\/\/buletin.de\/bucuresti\/dealerul-maru-nu-ar-fi-chemat-ambulanta-pentru-ca-se-temea-ca-va-fi-arestat-rechizitoriul-diicot\/","og_site_name":"Buletin de Bucure\u0219ti","article_publisher":"https:\/\/www.facebook.com\/buletin.de.buc","article_published_time":"2025-04-19T07:39:14+00:00","article_modified_time":"2025-04-19T07:56:02+00:00","og_image":[{"width":2560,"height":1706,"url":"https:\/\/buletin.de\/bucuresti\/wp-content\/uploads\/2025\/04\/ID232001_INQUAM_Photos_Octav_Ganea-scaled.jpg","type":"image\/jpeg"}],"author":"Redac\u021bia Buletin de Bucure\u0219ti","twitter_card":"summary_large_image","twitter_misc":{"Written by":"Redac\u021bia Buletin de Bucure\u0219ti","Estimated reading time":"3 minutes"},"schema":{"@context":"https:\/\/schema.org","@graph":[{"@type":"Article","@id":"https:\/\/buletin.de\/bucuresti\/dealerul-maru-nu-ar-fi-chemat-ambulanta-pentru-ca-se-temea-ca-va-fi-arestat-rechizitoriul-diicot\/#article","isPartOf":{"@id":"https:\/\/buletin.de\/bucuresti\/dealerul-maru-nu-ar-fi-chemat-ambulanta-pentru-ca-se-temea-ca-va-fi-arestat-rechizitoriul-diicot\/"},"author":{"name":"Redac\u021bia Buletin de Bucure\u0219ti","@id":"https:\/\/buletin.de\/bucuresti\/#\/schema\/person\/2bbcf854e5f2419a13804af574d06ab1"},"headline":"Dealerul Maru nu ar fi chemat ambulan\u021ba, pentru c\u0103 se temea c\u0103 va fi arestat. Rechizitoriul DIICOT","datePublished":"2025-04-19T07:39:14+00:00","dateModified":"2025-04-19T07:56:02+00:00","mainEntityOfPage":{"@id":"https:\/\/buletin.de\/bucuresti\/dealerul-maru-nu-ar-fi-chemat-ambulanta-pentru-ca-se-temea-ca-va-fi-arestat-rechizitoriul-diicot\/"},"wordCount":684,"publisher":{"@id":"https:\/\/buletin.de\/bucuresti\/#organization"},"image":{"@id":"https:\/\/buletin.de\/bucuresti\/dealerul-maru-nu-ar-fi-chemat-ambulanta-pentru-ca-se-temea-ca-va-fi-arestat-rechizitoriul-diicot\/#primaryimage"},"thumbnailUrl":"https:\/\/buletin.de\/bucuresti\/wp-content\/uploads\/2025\/04\/ID232001_INQUAM_Photos_Octav_Ganea-scaled.jpg","keywords":["consum de droguri","dealerul maru","dependenta de droguri","diicot","droguri","droguri bucuresti","maru","\u0219ase substan\u021be"],"articleSection":["Articole","Eveniment","Main"],"inLanguage":"en-GB","copyrightYear":"2025","copyrightHolder":{"@id":"https:\/\/buletin.de\/bucuresti\/#organization"}},{"@type":"WebPage","@id":"https:\/\/buletin.de\/bucuresti\/dealerul-maru-nu-ar-fi-chemat-ambulanta-pentru-ca-se-temea-ca-va-fi-arestat-rechizitoriul-diicot\/","url":"https:\/\/buletin.de\/bucuresti\/dealerul-maru-nu-ar-fi-chemat-ambulanta-pentru-ca-se-temea-ca-va-fi-arestat-rechizitoriul-diicot\/","name":"Dealerul Maru nu ar fi chemat ambulan\u021ba, pentru c\u0103 se temea c\u0103 va fi arestat. Rechizitoriul DIICOT - Buletin de Bucure\u0219ti","isPartOf":{"@id":"https:\/\/buletin.de\/bucuresti\/#website"},"primaryImageOfPage":{"@id":"https:\/\/buletin.de\/bucuresti\/dealerul-maru-nu-ar-fi-chemat-ambulanta-pentru-ca-se-temea-ca-va-fi-arestat-rechizitoriul-diicot\/#primaryimage"},"image":{"@id":"https:\/\/buletin.de\/bucuresti\/dealerul-maru-nu-ar-fi-chemat-ambulanta-pentru-ca-se-temea-ca-va-fi-arestat-rechizitoriul-diicot\/#primaryimage"},"thumbnailUrl":"https:\/\/buletin.de\/bucuresti\/wp-content\/uploads\/2025\/04\/ID232001_INQUAM_Photos_Octav_Ganea-scaled.jpg","datePublished":"2025-04-19T07:39:14+00:00","dateModified":"2025-04-19T07:56:02+00:00","description":"Dealerul Tudor Duma, zis \u201eMaru\u201d, ar fi refuzat s\u0103 cheme ambulan\u021ba, pentru a-l salva pe Rare\u0219 Ion, un t\u00e2n\u0103r care a murit de supradoz\u0103.","breadcrumb":{"@id":"https:\/\/buletin.de\/bucuresti\/dealerul-maru-nu-ar-fi-chemat-ambulanta-pentru-ca-se-temea-ca-va-fi-arestat-rechizitoriul-diicot\/#breadcrumb"},"inLanguage":"en-GB","potentialAction":[{"@type":"ReadAction","target":["https:\/\/buletin.de\/bucuresti\/dealerul-maru-nu-ar-fi-chemat-ambulanta-pentru-ca-se-temea-ca-va-fi-arestat-rechizitoriul-diicot\/"]}]},{"@type":"ImageObject","inLanguage":"en-GB","@id":"https:\/\/buletin.de\/bucuresti\/dealerul-maru-nu-ar-fi-chemat-ambulanta-pentru-ca-se-temea-ca-va-fi-arestat-rechizitoriul-diicot\/#primaryimage","url":"https:\/\/buletin.de\/bucuresti\/wp-content\/uploads\/2025\/04\/ID232001_INQUAM_Photos_Octav_Ganea-scaled.jpg","contentUrl":"https:\/\/buletin.de\/bucuresti\/wp-content\/uploads\/2025\/04\/ID232001_INQUAM_Photos_Octav_Ganea-scaled.jpg","width":2251,"height":1500,"caption":"Dealerul Maru. Foto: INQUAM_Photos_Octav_Ganea"},{"@type":"BreadcrumbList","@id":"https:\/\/buletin.de\/bucuresti\/dealerul-maru-nu-ar-fi-chemat-ambulanta-pentru-ca-se-temea-ca-va-fi-arestat-rechizitoriul-diicot\/#breadcrumb","itemListElement":[{"@type":"ListItem","position":1,"name":"Acas\u0103","item":"https:\/\/buletin.de\/bucuresti\/"},{"@type":"ListItem","position":2,"name":"Dealerul Maru nu ar fi chemat ambulan\u021ba, pentru c\u0103 se temea c\u0103 va fi arestat. Rechizitoriul DIICOT"}]},{"@type":"WebSite","@id":"https:\/\/buletin.de\/bucuresti\/#website","url":"https:\/\/buletin.de\/bucuresti\/","name":"Buletin de Bucure\u0219ti","description":"\u0218tiri \u0219i investiga\u021bii esen\u021biale din capital\u0103","publisher":{"@id":"https:\/\/buletin.de\/bucuresti\/#organization"},"potentialAction":[{"@type":"SearchAction","target":{"@type":"EntryPoint","urlTemplate":"https:\/\/buletin.de\/bucuresti\/?s={search_term_string}"},"query-input":{"@type":"PropertyValueSpecification","valueRequired":true,"valueName":"search_term_string"}}],"inLanguage":"en-GB"},{"@type":"Organization","@id":"https:\/\/buletin.de\/bucuresti\/#organization","name":"Buletin de Bucure\u0219ti","url":"https:\/\/buletin.de\/bucuresti\/","logo":{"@type":"ImageObject","inLanguage":"en-GB","@id":"https:\/\/buletin.de\/bucuresti\/#\/schema\/logo\/image\/","url":"https:\/\/buletin.de\/bucuresti\/wp-content\/uploads\/logo-bdb-full-wide-vernil-transparent.png","contentUrl":"https:\/\/buletin.de\/bucuresti\/wp-content\/uploads\/logo-bdb-full-wide-vernil-transparent.png","width":1782,"height":626,"caption":"Buletin de Bucure\u0219ti"},"image":{"@id":"https:\/\/buletin.de\/bucuresti\/#\/schema\/logo\/image\/"},"sameAs":["https:\/\/www.facebook.com\/buletin.de.buc","https:\/\/www.instagram.com\/buletinde.bucuresti\/"]},{"@type":"Person","@id":"https:\/\/buletin.de\/bucuresti\/#\/schema\/person\/2bbcf854e5f2419a13804af574d06ab1","name":"Redac\u021bia Buletin de Bucure\u0219ti","image":{"@type":"ImageObject","inLanguage":"en-GB","@id":"https:\/\/secure.gravatar.com\/avatar\/18c5342381ed1a08620e6280424e3e5efc958618f5d67c522c9e44c1bc6f9226?s=96&d=monsterid&r=g60c7cd0ad92c68c049fcd4bb3504d609","url":"https:\/\/secure.gravatar.com\/avatar\/18c5342381ed1a08620e6280424e3e5efc958618f5d67c522c9e44c1bc6f9226?s=96&d=monsterid&r=g","contentUrl":"https:\/\/secure.gravatar.com\/avatar\/18c5342381ed1a08620e6280424e3e5efc958618f5d67c522c9e44c1bc6f9226?s=96&d=monsterid&r=g","caption":"Redac\u021bia Buletin de Bucure\u0219ti"},"description":"Buletin de Bucure\u0219ti exist\u0103 din vara anului 2019.","url":"https:\/\/buletin.de\/bucuresti\/author\/adminbuletin\/"}]}},"authors":[{"term_id":22583,"user_id":1,"is_guest":0,"slug":"adminbuletin","display_name":"Redac\u021bia Buletin de Bucure\u0219ti","avatar_url":"https:\/\/secure.gravatar.com\/avatar\/18c5342381ed1a08620e6280424e3e5efc958618f5d67c522c9e44c1bc6f9226?s=96&d=monsterid&r=g","0":null,"1":"","2":"","3":"","4":"","5":"","6":"","7":"","8":""}],"_links":{"self":[{"href":"https:\/\/buletin.de\/bucuresti\/wp-json\/wp\/v2\/posts\/126996","targetHints":{"allow":["GET"]}}],"collection":[{"href":"https:\/\/buletin.de\/bucuresti\/wp-json\/wp\/v2\/posts"}],"about":[{"href":"https:\/\/buletin.de\/bucuresti\/wp-json\/wp\/v2\/types\/post"}],"author":[{"embeddable":true,"href":"https:\/\/buletin.de\/bucuresti\/wp-json\/wp\/v2\/users\/1"}],"replies":[{"embeddable":true,"href":"https:\/\/buletin.de\/bucuresti\/wp-json\/wp\/v2\/comments?post=126996"}],"version-history":[{"count":5,"href":"https:\/\/buletin.de\/bucuresti\/wp-json\/wp\/v2\/posts\/126996\/revisions"}],"predecessor-version":[{"id":127004,"href":"https:\/\/buletin.de\/bucuresti\/wp-json\/wp\/v2\/posts\/126996\/revisions\/127004"}],"wp:featuredmedia":[{"embeddable":true,"href":"https:\/\/buletin.de\/bucuresti\/wp-json\/wp\/v2\/media\/126998"}],"wp:attachment":[{"href":"https:\/\/buletin.de\/bucuresti\/wp-json\/wp\/v2\/media?parent=126996"}],"wp:term":[{"taxonomy":"category","embeddable":true,"href":"https:\/\/buletin.de\/bucuresti\/wp-json\/wp\/v2\/categories?post=126996"},{"taxonomy":"post_tag","embeddable":true,"href":"https:\/\/buletin.de\/bucuresti\/wp-json\/wp\/v2\/tags?post=126996"},{"taxonomy":"author","embeddable":true,"href":"https:\/\/buletin.de\/bucuresti\/wp-json\/wp\/v2\/ppma_author?post=126996"}],"curies":[{"name":"wp","href":"https:\/\/api.w.org\/{rel}","templated":true}]}}