{"id":126957,"date":"2025-04-18T15:23:23","date_gmt":"2025-04-18T12:23:23","guid":{"rendered":"https:\/\/buletin.de\/bucuresti\/?p=126957"},"modified":"2025-04-18T15:30:51","modified_gmt":"2025-04-18T12:30:51","slug":"vreme-instabila-in-bucuresti-pana-sambata-20-de-grade-dar-si-vant-moderat","status":"publish","type":"post","link":"https:\/\/buletin.de\/bucuresti\/vreme-instabila-in-bucuresti-pana-sambata-20-de-grade-dar-si-vant-moderat\/","title":{"rendered":"Vreme instabil\u0103 \u00een Bucure\u0219ti p\u00e2n\u0103 s\u00e2mb\u0103t\u0103: 20 de grade, dar \u0219i v\u00e2nt moderat"},"content":{"rendered":"\n<p><strong>Vreme instabil\u0103 \u00een Bucure\u0219ti p\u00e2n\u0103 s\u00e2mb\u0103t\u0103 diminea\u021b\u0103. Meteorologii prognozeaz\u0103 c\u0103 valorile termice vor sc\u0103dea u\u0219or pe parcursul zilei de vineri.<\/strong><\/p>\n\n\n\n<p>\u00cen zona Capitalei, maxima va fi \u00een jurul a 20 de grade, iar minima de 6-8 grade.<\/p>\n\n\n\n<div class=\"wp-block-buttons is-content-justification-center is-layout-flex wp-container-core-buttons-is-layout-16018d1d wp-block-buttons-is-layout-flex\">\n<div class=\"wp-block-button has-custom-width wp-block-button__width-100\"><a class=\"wp-block-button__link wp-element-button\" href=\"https:\/\/www.patreon.com\/BuletinDeBucuresti\"><strong>Sus\u021bine Buletin de Bucure\u0219ti pentru investiga\u021bii, reportaje \u0219i \u0219tiri Locale<\/strong><\/a><\/div>\n<\/div>\n\n\n\n<p><strong>CITE\u0218TE \u0218I: <a href=\"https:\/\/buletin.de\/bucuresti\/sector-6-scena-noua-in-parcul-crangasi-9-hectare-amenajate-cu-un-teren-de-sport-si-spatii-de-socializare\/\" target=\"_blank\" rel=\"noreferrer noopener\">Sector 6 | Scen\u0103 nou\u0103 \u00een Parcul Cr\u00e2nga\u0219i. 9 hectare amenajate cu un teren de sport \u0219i spa\u021bii de socializare<\/a><\/strong><\/p>\n\n\n\n<h2 class=\"wp-block-heading\" id=\"h-vreme-instabila-in-bucure\u0219ti\">Vreme instabil\u0103 \u00een Bucure\u0219ti<\/h2>\n\n\n\n<p>\u00cen intervalul 18 aprilie, ora 10:00 &#8211; 19 aprilie, ora 9:00, \u00een zona Municipiului Bucure\u0219ti, cerul va avea unele \u00eennor\u0103ri \u0219i vor fi condi\u021bii pentru ploi slabe de scurt\u0103 durat\u0103. V\u00e2ntul va sufla moderat, temporar cu intensific\u0103ri (viteze la rafal\u0103 de 35-45 km\/h).<\/p>\n\n\n\n<p>Anterior, <a href=\"https:\/\/www.meteoromania.ro\/\" target=\"_blank\" rel=\"noreferrer noopener\">Autoritatea Na\u021bional\u0103 de Meteorologie<\/a> (ANM) a emis o aten\u021bionare Cod galben de intensific\u0103ri ale v\u00e2ntului, valabil\u0103 \u00een cea mai mare parte a Moldovei, precum \u0219i o informare de instabilitate atmosferic\u0103, cantit\u0103\u021bi de ap\u0103 \u00eensemnate, intensific\u0103ri ale v\u00e2ntului \u00een Banat, Cri\u0219ana, Maramure\u0219, Transilvania, Oltenia, vestul Munteniei, precum \u0219i \u00een zonele montane.\u00a0<\/p>\n\n\n\n<p><strong>CITE\u0218TE \u0218I: <a href=\"https:\/\/buletin.de\/bucuresti\/primaria-capitalei-nu-va-plati-nici-in-aprilie-datoriile-pentru-linia-5\/\" target=\"_blank\" rel=\"noreferrer noopener\">Prim\u0103ria Capitalei nu va pl\u0103ti nici \u00een aprilie datoriile pentru linia 5. \u201eAvem prev\u0103zute 80 de milioane de lei. Luna asta nu avem bani\u201d<\/a><\/strong><\/p>\n","protected":false},"excerpt":{"rendered":"<p>Vreme instabil\u0103 \u00een Bucure\u0219ti p\u00e2n\u0103 s\u00e2mb\u0103t\u0103 diminea\u021b\u0103. Meteorologii prognozeaz\u0103 c\u0103 valorile termice vor sc\u0103dea u\u0219or pe parcursul zilei de vineri. \u00cen zona Capitalei, maxima va fi \u00een jurul a 20 de grade, iar minima de 6-8 grade. CITE\u0218TE \u0218I: Sector 6 | Scen\u0103 nou\u0103 \u00een Parcul Cr\u00e2nga\u0219i. 9 hectare amenajate cu un teren de sport [&hellip;]<\/p>\n","protected":false},"author":1,"featured_media":126959,"comment_status":"closed","ping_status":"open","sticky":false,"template":"","format":"standard","meta":{"_acf_changed":false,"inline_featured_image":false,"ngg_post_thumbnail":0,"footnotes":""},"categories":[6994,1,62],"tags":[5228,5441,14155,5197],"ppma_author":[22583],"class_list":["post-126957","post","type-post","status-publish","format-standard","has-post-thumbnail","hentry","category-stiri-2","category-diverse","category-stiri","tag-meteo","tag-vremea","tag-vremea-bucuresti","tag-vremea-in-bucuresti"],"acf":[],"yoast_head":"<!-- This site is optimized with the Yoast SEO Premium plugin v25.3 (Yoast SEO v27.5) - https:\/\/yoast.com\/product\/yoast-seo-premium-wordpress\/ -->\n<title>Vreme instabil\u0103 \u00een Bucure\u0219ti p\u00e2n\u0103 s\u00e2mb\u0103t\u0103<\/title>\n<meta name=\"description\" content=\"Vreme instabil\u0103 \u00een Bucure\u0219ti p\u00e2n\u0103 s\u00e2mb\u0103t\u0103 diminea\u021b\u0103. Meteorologii prognozeaz\u0103 c\u0103 valorile termice vor sc\u0103dea.\" \/>\n<meta name=\"robots\" content=\"index, follow, max-snippet:-1, max-image-preview:large, max-video-preview:-1\" \/>\n<link rel=\"canonical\" href=\"https:\/\/buletin.de\/bucuresti\/vreme-instabila-in-bucuresti-pana-sambata-20-de-grade-dar-si-vant-moderat\/\" \/>\n<meta property=\"og:locale\" content=\"en_GB\" \/>\n<meta property=\"og:type\" content=\"article\" \/>\n<meta property=\"og:title\" content=\"Vreme instabil\u0103 \u00een Bucure\u0219ti p\u00e2n\u0103 s\u00e2mb\u0103t\u0103: 20 de grade, dar \u0219i v\u00e2nt moderat\" \/>\n<meta property=\"og:description\" content=\"Vreme instabil\u0103 \u00een Bucure\u0219ti p\u00e2n\u0103 s\u00e2mb\u0103t\u0103 diminea\u021b\u0103. Meteorologii prognozeaz\u0103 c\u0103 valorile termice vor sc\u0103dea.\" \/>\n<meta property=\"og:url\" content=\"https:\/\/buletin.de\/bucuresti\/vreme-instabila-in-bucuresti-pana-sambata-20-de-grade-dar-si-vant-moderat\/\" \/>\n<meta property=\"og:site_name\" content=\"Buletin de Bucure\u0219ti\" \/>\n<meta property=\"article:publisher\" content=\"https:\/\/www.facebook.com\/buletin.de.buc\" \/>\n<meta property=\"article:published_time\" content=\"2025-04-18T12:23:23+00:00\" \/>\n<meta property=\"article:modified_time\" content=\"2025-04-18T12:30:51+00:00\" \/>\n<meta property=\"og:image\" content=\"https:\/\/buletin.de\/bucuresti\/wp-content\/uploads\/2025\/04\/Vreme-instabila-in-Bucuresti.jpg\" \/>\n\t<meta property=\"og:image:width\" content=\"1280\" \/>\n\t<meta property=\"og:image:height\" content=\"820\" \/>\n\t<meta property=\"og:image:type\" content=\"image\/jpeg\" \/>\n<meta name=\"author\" content=\"Redac\u021bia Buletin de Bucure\u0219ti\" \/>\n<meta name=\"twitter:card\" content=\"summary_large_image\" \/>\n<meta name=\"twitter:label1\" content=\"Written by\" \/>\n\t<meta name=\"twitter:data1\" content=\"Redac\u021bia Buletin de Bucure\u0219ti\" \/>\n\t<meta name=\"twitter:label2\" content=\"Estimated reading time\" \/>\n\t<meta name=\"twitter:data2\" content=\"2 minutes\" \/>\n<script type=\"application\/ld+json\" class=\"yoast-schema-graph\">{\"@context\":\"https:\\\/\\\/schema.org\",\"@graph\":[{\"@type\":\"Article\",\"@id\":\"https:\\\/\\\/buletin.de\\\/bucuresti\\\/vreme-instabila-in-bucuresti-pana-sambata-20-de-grade-dar-si-vant-moderat\\\/#article\",\"isPartOf\":{\"@id\":\"https:\\\/\\\/buletin.de\\\/bucuresti\\\/vreme-instabila-in-bucuresti-pana-sambata-20-de-grade-dar-si-vant-moderat\\\/\"},\"author\":{\"name\":\"Redac\u021bia Buletin de Bucure\u0219ti\",\"@id\":\"https:\\\/\\\/buletin.de\\\/bucuresti\\\/#\\\/schema\\\/person\\\/2bbcf854e5f2419a13804af574d06ab1\"},\"headline\":\"Vreme instabil\u0103 \u00een Bucure\u0219ti p\u00e2n\u0103 s\u00e2mb\u0103t\u0103: 20 de grade, dar \u0219i v\u00e2nt moderat\",\"datePublished\":\"2025-04-18T12:23:23+00:00\",\"dateModified\":\"2025-04-18T12:30:51+00:00\",\"mainEntityOfPage\":{\"@id\":\"https:\\\/\\\/buletin.de\\\/bucuresti\\\/vreme-instabila-in-bucuresti-pana-sambata-20-de-grade-dar-si-vant-moderat\\\/\"},\"wordCount\":232,\"publisher\":{\"@id\":\"https:\\\/\\\/buletin.de\\\/bucuresti\\\/#organization\"},\"image\":{\"@id\":\"https:\\\/\\\/buletin.de\\\/bucuresti\\\/vreme-instabila-in-bucuresti-pana-sambata-20-de-grade-dar-si-vant-moderat\\\/#primaryimage\"},\"thumbnailUrl\":\"https:\\\/\\\/buletin.de\\\/bucuresti\\\/wp-content\\\/uploads\\\/2025\\\/04\\\/Vreme-instabila-in-Bucuresti.jpg\",\"keywords\":[\"Meteo\",\"vremea\",\"vremea bucuresti\",\"Vremea \u00een Bucure\u0219ti\"],\"articleSection\":[\"Articole\",\"Diverse\",\"\u0218tiri\"],\"inLanguage\":\"en-GB\",\"copyrightYear\":\"2025\",\"copyrightHolder\":{\"@id\":\"https:\\\/\\\/buletin.de\\\/bucuresti\\\/#organization\"}},{\"@type\":\"WebPage\",\"@id\":\"https:\\\/\\\/buletin.de\\\/bucuresti\\\/vreme-instabila-in-bucuresti-pana-sambata-20-de-grade-dar-si-vant-moderat\\\/\",\"url\":\"https:\\\/\\\/buletin.de\\\/bucuresti\\\/vreme-instabila-in-bucuresti-pana-sambata-20-de-grade-dar-si-vant-moderat\\\/\",\"name\":\"Vreme instabil\u0103 \u00een Bucure\u0219ti p\u00e2n\u0103 s\u00e2mb\u0103t\u0103\",\"isPartOf\":{\"@id\":\"https:\\\/\\\/buletin.de\\\/bucuresti\\\/#website\"},\"primaryImageOfPage\":{\"@id\":\"https:\\\/\\\/buletin.de\\\/bucuresti\\\/vreme-instabila-in-bucuresti-pana-sambata-20-de-grade-dar-si-vant-moderat\\\/#primaryimage\"},\"image\":{\"@id\":\"https:\\\/\\\/buletin.de\\\/bucuresti\\\/vreme-instabila-in-bucuresti-pana-sambata-20-de-grade-dar-si-vant-moderat\\\/#primaryimage\"},\"thumbnailUrl\":\"https:\\\/\\\/buletin.de\\\/bucuresti\\\/wp-content\\\/uploads\\\/2025\\\/04\\\/Vreme-instabila-in-Bucuresti.jpg\",\"datePublished\":\"2025-04-18T12:23:23+00:00\",\"dateModified\":\"2025-04-18T12:30:51+00:00\",\"description\":\"Vreme instabil\u0103 \u00een Bucure\u0219ti p\u00e2n\u0103 s\u00e2mb\u0103t\u0103 diminea\u021b\u0103. Meteorologii prognozeaz\u0103 c\u0103 valorile termice vor sc\u0103dea.\",\"breadcrumb\":{\"@id\":\"https:\\\/\\\/buletin.de\\\/bucuresti\\\/vreme-instabila-in-bucuresti-pana-sambata-20-de-grade-dar-si-vant-moderat\\\/#breadcrumb\"},\"inLanguage\":\"en-GB\",\"potentialAction\":[{\"@type\":\"ReadAction\",\"target\":[\"https:\\\/\\\/buletin.de\\\/bucuresti\\\/vreme-instabila-in-bucuresti-pana-sambata-20-de-grade-dar-si-vant-moderat\\\/\"]}]},{\"@type\":\"ImageObject\",\"inLanguage\":\"en-GB\",\"@id\":\"https:\\\/\\\/buletin.de\\\/bucuresti\\\/vreme-instabila-in-bucuresti-pana-sambata-20-de-grade-dar-si-vant-moderat\\\/#primaryimage\",\"url\":\"https:\\\/\\\/buletin.de\\\/bucuresti\\\/wp-content\\\/uploads\\\/2025\\\/04\\\/Vreme-instabila-in-Bucuresti.jpg\",\"contentUrl\":\"https:\\\/\\\/buletin.de\\\/bucuresti\\\/wp-content\\\/uploads\\\/2025\\\/04\\\/Vreme-instabila-in-Bucuresti.jpg\",\"width\":1280,\"height\":820,\"caption\":\"Vreme instabil\u0103 \u00een Bucure\u0219ti. Foto Pexels.com\"},{\"@type\":\"BreadcrumbList\",\"@id\":\"https:\\\/\\\/buletin.de\\\/bucuresti\\\/vreme-instabila-in-bucuresti-pana-sambata-20-de-grade-dar-si-vant-moderat\\\/#breadcrumb\",\"itemListElement\":[{\"@type\":\"ListItem\",\"position\":1,\"name\":\"Acas\u0103\",\"item\":\"https:\\\/\\\/buletin.de\\\/bucuresti\\\/\"},{\"@type\":\"ListItem\",\"position\":2,\"name\":\"Vreme instabil\u0103 \u00een Bucure\u0219ti p\u00e2n\u0103 s\u00e2mb\u0103t\u0103: 20 de grade, dar \u0219i v\u00e2nt moderat\"}]},{\"@type\":\"WebSite\",\"@id\":\"https:\\\/\\\/buletin.de\\\/bucuresti\\\/#website\",\"url\":\"https:\\\/\\\/buletin.de\\\/bucuresti\\\/\",\"name\":\"Buletin de Bucure\u0219ti\",\"description\":\"\u0218tiri \u0219i investiga\u021bii esen\u021biale din capital\u0103\",\"publisher\":{\"@id\":\"https:\\\/\\\/buletin.de\\\/bucuresti\\\/#organization\"},\"potentialAction\":[{\"@type\":\"SearchAction\",\"target\":{\"@type\":\"EntryPoint\",\"urlTemplate\":\"https:\\\/\\\/buletin.de\\\/bucuresti\\\/?s={search_term_string}\"},\"query-input\":{\"@type\":\"PropertyValueSpecification\",\"valueRequired\":true,\"valueName\":\"search_term_string\"}}],\"inLanguage\":\"en-GB\"},{\"@type\":\"Organization\",\"@id\":\"https:\\\/\\\/buletin.de\\\/bucuresti\\\/#organization\",\"name\":\"Buletin de Bucure\u0219ti\",\"url\":\"https:\\\/\\\/buletin.de\\\/bucuresti\\\/\",\"logo\":{\"@type\":\"ImageObject\",\"inLanguage\":\"en-GB\",\"@id\":\"https:\\\/\\\/buletin.de\\\/bucuresti\\\/#\\\/schema\\\/logo\\\/image\\\/\",\"url\":\"https:\\\/\\\/buletin.de\\\/bucuresti\\\/wp-content\\\/uploads\\\/logo-bdb-full-wide-vernil-transparent.png\",\"contentUrl\":\"https:\\\/\\\/buletin.de\\\/bucuresti\\\/wp-content\\\/uploads\\\/logo-bdb-full-wide-vernil-transparent.png\",\"width\":1782,\"height\":626,\"caption\":\"Buletin de Bucure\u0219ti\"},\"image\":{\"@id\":\"https:\\\/\\\/buletin.de\\\/bucuresti\\\/#\\\/schema\\\/logo\\\/image\\\/\"},\"sameAs\":[\"https:\\\/\\\/www.facebook.com\\\/buletin.de.buc\",\"https:\\\/\\\/www.instagram.com\\\/buletinde.bucuresti\\\/\"]},{\"@type\":\"Person\",\"@id\":\"https:\\\/\\\/buletin.de\\\/bucuresti\\\/#\\\/schema\\\/person\\\/2bbcf854e5f2419a13804af574d06ab1\",\"name\":\"Redac\u021bia Buletin de Bucure\u0219ti\",\"image\":{\"@type\":\"ImageObject\",\"inLanguage\":\"en-GB\",\"@id\":\"https:\\\/\\\/secure.gravatar.com\\\/avatar\\\/18c5342381ed1a08620e6280424e3e5efc958618f5d67c522c9e44c1bc6f9226?s=96&d=monsterid&r=g60c7cd0ad92c68c049fcd4bb3504d609\",\"url\":\"https:\\\/\\\/secure.gravatar.com\\\/avatar\\\/18c5342381ed1a08620e6280424e3e5efc958618f5d67c522c9e44c1bc6f9226?s=96&d=monsterid&r=g\",\"contentUrl\":\"https:\\\/\\\/secure.gravatar.com\\\/avatar\\\/18c5342381ed1a08620e6280424e3e5efc958618f5d67c522c9e44c1bc6f9226?s=96&d=monsterid&r=g\",\"caption\":\"Redac\u021bia Buletin de Bucure\u0219ti\"},\"description\":\"Buletin de Bucure\u0219ti exist\u0103 din vara anului 2019.\",\"url\":\"https:\\\/\\\/buletin.de\\\/bucuresti\\\/author\\\/adminbuletin\\\/\"}]}<\/script>\n<!-- \/ Yoast SEO Premium plugin. -->","yoast_head_json":{"title":"Vreme instabil\u0103 \u00een Bucure\u0219ti p\u00e2n\u0103 s\u00e2mb\u0103t\u0103","description":"Vreme instabil\u0103 \u00een Bucure\u0219ti p\u00e2n\u0103 s\u00e2mb\u0103t\u0103 diminea\u021b\u0103. Meteorologii prognozeaz\u0103 c\u0103 valorile termice vor sc\u0103dea.","robots":{"index":"index","follow":"follow","max-snippet":"max-snippet:-1","max-image-preview":"max-image-preview:large","max-video-preview":"max-video-preview:-1"},"canonical":"https:\/\/buletin.de\/bucuresti\/vreme-instabila-in-bucuresti-pana-sambata-20-de-grade-dar-si-vant-moderat\/","og_locale":"en_GB","og_type":"article","og_title":"Vreme instabil\u0103 \u00een Bucure\u0219ti p\u00e2n\u0103 s\u00e2mb\u0103t\u0103: 20 de grade, dar \u0219i v\u00e2nt moderat","og_description":"Vreme instabil\u0103 \u00een Bucure\u0219ti p\u00e2n\u0103 s\u00e2mb\u0103t\u0103 diminea\u021b\u0103. Meteorologii prognozeaz\u0103 c\u0103 valorile termice vor sc\u0103dea.","og_url":"https:\/\/buletin.de\/bucuresti\/vreme-instabila-in-bucuresti-pana-sambata-20-de-grade-dar-si-vant-moderat\/","og_site_name":"Buletin de Bucure\u0219ti","article_publisher":"https:\/\/www.facebook.com\/buletin.de.buc","article_published_time":"2025-04-18T12:23:23+00:00","article_modified_time":"2025-04-18T12:30:51+00:00","og_image":[{"width":1280,"height":820,"url":"https:\/\/buletin.de\/bucuresti\/wp-content\/uploads\/2025\/04\/Vreme-instabila-in-Bucuresti.jpg","type":"image\/jpeg"}],"author":"Redac\u021bia Buletin de Bucure\u0219ti","twitter_card":"summary_large_image","twitter_misc":{"Written by":"Redac\u021bia Buletin de Bucure\u0219ti","Estimated reading time":"2 minutes"},"schema":{"@context":"https:\/\/schema.org","@graph":[{"@type":"Article","@id":"https:\/\/buletin.de\/bucuresti\/vreme-instabila-in-bucuresti-pana-sambata-20-de-grade-dar-si-vant-moderat\/#article","isPartOf":{"@id":"https:\/\/buletin.de\/bucuresti\/vreme-instabila-in-bucuresti-pana-sambata-20-de-grade-dar-si-vant-moderat\/"},"author":{"name":"Redac\u021bia Buletin de Bucure\u0219ti","@id":"https:\/\/buletin.de\/bucuresti\/#\/schema\/person\/2bbcf854e5f2419a13804af574d06ab1"},"headline":"Vreme instabil\u0103 \u00een Bucure\u0219ti p\u00e2n\u0103 s\u00e2mb\u0103t\u0103: 20 de grade, dar \u0219i v\u00e2nt moderat","datePublished":"2025-04-18T12:23:23+00:00","dateModified":"2025-04-18T12:30:51+00:00","mainEntityOfPage":{"@id":"https:\/\/buletin.de\/bucuresti\/vreme-instabila-in-bucuresti-pana-sambata-20-de-grade-dar-si-vant-moderat\/"},"wordCount":232,"publisher":{"@id":"https:\/\/buletin.de\/bucuresti\/#organization"},"image":{"@id":"https:\/\/buletin.de\/bucuresti\/vreme-instabila-in-bucuresti-pana-sambata-20-de-grade-dar-si-vant-moderat\/#primaryimage"},"thumbnailUrl":"https:\/\/buletin.de\/bucuresti\/wp-content\/uploads\/2025\/04\/Vreme-instabila-in-Bucuresti.jpg","keywords":["Meteo","vremea","vremea bucuresti","Vremea \u00een Bucure\u0219ti"],"articleSection":["Articole","Diverse","\u0218tiri"],"inLanguage":"en-GB","copyrightYear":"2025","copyrightHolder":{"@id":"https:\/\/buletin.de\/bucuresti\/#organization"}},{"@type":"WebPage","@id":"https:\/\/buletin.de\/bucuresti\/vreme-instabila-in-bucuresti-pana-sambata-20-de-grade-dar-si-vant-moderat\/","url":"https:\/\/buletin.de\/bucuresti\/vreme-instabila-in-bucuresti-pana-sambata-20-de-grade-dar-si-vant-moderat\/","name":"Vreme instabil\u0103 \u00een Bucure\u0219ti p\u00e2n\u0103 s\u00e2mb\u0103t\u0103","isPartOf":{"@id":"https:\/\/buletin.de\/bucuresti\/#website"},"primaryImageOfPage":{"@id":"https:\/\/buletin.de\/bucuresti\/vreme-instabila-in-bucuresti-pana-sambata-20-de-grade-dar-si-vant-moderat\/#primaryimage"},"image":{"@id":"https:\/\/buletin.de\/bucuresti\/vreme-instabila-in-bucuresti-pana-sambata-20-de-grade-dar-si-vant-moderat\/#primaryimage"},"thumbnailUrl":"https:\/\/buletin.de\/bucuresti\/wp-content\/uploads\/2025\/04\/Vreme-instabila-in-Bucuresti.jpg","datePublished":"2025-04-18T12:23:23+00:00","dateModified":"2025-04-18T12:30:51+00:00","description":"Vreme instabil\u0103 \u00een Bucure\u0219ti p\u00e2n\u0103 s\u00e2mb\u0103t\u0103 diminea\u021b\u0103. Meteorologii prognozeaz\u0103 c\u0103 valorile termice vor sc\u0103dea.","breadcrumb":{"@id":"https:\/\/buletin.de\/bucuresti\/vreme-instabila-in-bucuresti-pana-sambata-20-de-grade-dar-si-vant-moderat\/#breadcrumb"},"inLanguage":"en-GB","potentialAction":[{"@type":"ReadAction","target":["https:\/\/buletin.de\/bucuresti\/vreme-instabila-in-bucuresti-pana-sambata-20-de-grade-dar-si-vant-moderat\/"]}]},{"@type":"ImageObject","inLanguage":"en-GB","@id":"https:\/\/buletin.de\/bucuresti\/vreme-instabila-in-bucuresti-pana-sambata-20-de-grade-dar-si-vant-moderat\/#primaryimage","url":"https:\/\/buletin.de\/bucuresti\/wp-content\/uploads\/2025\/04\/Vreme-instabila-in-Bucuresti.jpg","contentUrl":"https:\/\/buletin.de\/bucuresti\/wp-content\/uploads\/2025\/04\/Vreme-instabila-in-Bucuresti.jpg","width":1280,"height":820,"caption":"Vreme instabil\u0103 \u00een Bucure\u0219ti. Foto Pexels.com"},{"@type":"BreadcrumbList","@id":"https:\/\/buletin.de\/bucuresti\/vreme-instabila-in-bucuresti-pana-sambata-20-de-grade-dar-si-vant-moderat\/#breadcrumb","itemListElement":[{"@type":"ListItem","position":1,"name":"Acas\u0103","item":"https:\/\/buletin.de\/bucuresti\/"},{"@type":"ListItem","position":2,"name":"Vreme instabil\u0103 \u00een Bucure\u0219ti p\u00e2n\u0103 s\u00e2mb\u0103t\u0103: 20 de grade, dar \u0219i v\u00e2nt moderat"}]},{"@type":"WebSite","@id":"https:\/\/buletin.de\/bucuresti\/#website","url":"https:\/\/buletin.de\/bucuresti\/","name":"Buletin de Bucure\u0219ti","description":"\u0218tiri \u0219i investiga\u021bii esen\u021biale din capital\u0103","publisher":{"@id":"https:\/\/buletin.de\/bucuresti\/#organization"},"potentialAction":[{"@type":"SearchAction","target":{"@type":"EntryPoint","urlTemplate":"https:\/\/buletin.de\/bucuresti\/?s={search_term_string}"},"query-input":{"@type":"PropertyValueSpecification","valueRequired":true,"valueName":"search_term_string"}}],"inLanguage":"en-GB"},{"@type":"Organization","@id":"https:\/\/buletin.de\/bucuresti\/#organization","name":"Buletin de Bucure\u0219ti","url":"https:\/\/buletin.de\/bucuresti\/","logo":{"@type":"ImageObject","inLanguage":"en-GB","@id":"https:\/\/buletin.de\/bucuresti\/#\/schema\/logo\/image\/","url":"https:\/\/buletin.de\/bucuresti\/wp-content\/uploads\/logo-bdb-full-wide-vernil-transparent.png","contentUrl":"https:\/\/buletin.de\/bucuresti\/wp-content\/uploads\/logo-bdb-full-wide-vernil-transparent.png","width":1782,"height":626,"caption":"Buletin de Bucure\u0219ti"},"image":{"@id":"https:\/\/buletin.de\/bucuresti\/#\/schema\/logo\/image\/"},"sameAs":["https:\/\/www.facebook.com\/buletin.de.buc","https:\/\/www.instagram.com\/buletinde.bucuresti\/"]},{"@type":"Person","@id":"https:\/\/buletin.de\/bucuresti\/#\/schema\/person\/2bbcf854e5f2419a13804af574d06ab1","name":"Redac\u021bia Buletin de Bucure\u0219ti","image":{"@type":"ImageObject","inLanguage":"en-GB","@id":"https:\/\/secure.gravatar.com\/avatar\/18c5342381ed1a08620e6280424e3e5efc958618f5d67c522c9e44c1bc6f9226?s=96&d=monsterid&r=g60c7cd0ad92c68c049fcd4bb3504d609","url":"https:\/\/secure.gravatar.com\/avatar\/18c5342381ed1a08620e6280424e3e5efc958618f5d67c522c9e44c1bc6f9226?s=96&d=monsterid&r=g","contentUrl":"https:\/\/secure.gravatar.com\/avatar\/18c5342381ed1a08620e6280424e3e5efc958618f5d67c522c9e44c1bc6f9226?s=96&d=monsterid&r=g","caption":"Redac\u021bia Buletin de Bucure\u0219ti"},"description":"Buletin de Bucure\u0219ti exist\u0103 din vara anului 2019.","url":"https:\/\/buletin.de\/bucuresti\/author\/adminbuletin\/"}]}},"authors":[{"term_id":22583,"user_id":1,"is_guest":0,"slug":"adminbuletin","display_name":"Redac\u021bia Buletin de Bucure\u0219ti","avatar_url":"https:\/\/secure.gravatar.com\/avatar\/18c5342381ed1a08620e6280424e3e5efc958618f5d67c522c9e44c1bc6f9226?s=96&d=monsterid&r=g","0":null,"1":"","2":"","3":"","4":"","5":"","6":"","7":"","8":""}],"_links":{"self":[{"href":"https:\/\/buletin.de\/bucuresti\/wp-json\/wp\/v2\/posts\/126957","targetHints":{"allow":["GET"]}}],"collection":[{"href":"https:\/\/buletin.de\/bucuresti\/wp-json\/wp\/v2\/posts"}],"about":[{"href":"https:\/\/buletin.de\/bucuresti\/wp-json\/wp\/v2\/types\/post"}],"author":[{"embeddable":true,"href":"https:\/\/buletin.de\/bucuresti\/wp-json\/wp\/v2\/users\/1"}],"replies":[{"embeddable":true,"href":"https:\/\/buletin.de\/bucuresti\/wp-json\/wp\/v2\/comments?post=126957"}],"version-history":[{"count":3,"href":"https:\/\/buletin.de\/bucuresti\/wp-json\/wp\/v2\/posts\/126957\/revisions"}],"predecessor-version":[{"id":126964,"href":"https:\/\/buletin.de\/bucuresti\/wp-json\/wp\/v2\/posts\/126957\/revisions\/126964"}],"wp:featuredmedia":[{"embeddable":true,"href":"https:\/\/buletin.de\/bucuresti\/wp-json\/wp\/v2\/media\/126959"}],"wp:attachment":[{"href":"https:\/\/buletin.de\/bucuresti\/wp-json\/wp\/v2\/media?parent=126957"}],"wp:term":[{"taxonomy":"category","embeddable":true,"href":"https:\/\/buletin.de\/bucuresti\/wp-json\/wp\/v2\/categories?post=126957"},{"taxonomy":"post_tag","embeddable":true,"href":"https:\/\/buletin.de\/bucuresti\/wp-json\/wp\/v2\/tags?post=126957"},{"taxonomy":"author","embeddable":true,"href":"https:\/\/buletin.de\/bucuresti\/wp-json\/wp\/v2\/ppma_author?post=126957"}],"curies":[{"name":"wp","href":"https:\/\/api.w.org\/{rel}","templated":true}]}}