{"id":126949,"date":"2025-04-18T17:05:59","date_gmt":"2025-04-18T14:05:59","guid":{"rendered":"https:\/\/buletin.de\/bucuresti\/?p=126949"},"modified":"2025-04-18T17:06:55","modified_gmt":"2025-04-18T14:06:55","slug":"city-managerul-capitalei-banditii-din-ior-stateau-cuminti-cand-a-venit-politia-ingrijorari-cu-privire-la-sesizarile-cetatenilor-despre-lucrarile-de-decopertare","status":"publish","type":"post","link":"https:\/\/buletin.de\/bucuresti\/city-managerul-capitalei-banditii-din-ior-stateau-cuminti-cand-a-venit-politia-ingrijorari-cu-privire-la-sesizarile-cetatenilor-despre-lucrarile-de-decopertare\/","title":{"rendered":"City Managerul Capitalei: \u201eBandi\u021bii din IOR st\u0103teau cumin\u021bi c\u00e2nd a venit Poli\u021bia\u201d. \u00cengrijor\u0103ri cu privire la sesiz\u0103rile cet\u0103\u0163enilor despre lucr\u0103rile de decopertare"},"content":{"rendered":"\n<p><strong>Cu toate c\u0103 un buldoexcavator a fost surprins cum \u00eendep\u0103rta stratul de iarb\u0103 din zona retrocedat\u0103 a Parcului IOR, Poli\u021bia Local\u0103 a Sectorului 3 ar fi negat incidentul, sus\u021bine Lucian Judele, city managerul Capitalei<\/strong>. <strong>Acesta se arat\u0103 \u00eengrijorat cu privire la sesiz\u0103rile cet\u0103\u021benilor despre lucr\u0103rile de decopertare.<\/strong><\/p>\n\n\n\n<p><a href=\"https:\/\/buletin.de\/bucuresti\/taierile-din-parcul-ior-locuitorii-acuza-ca-au-inceput-decopertarile-in-zona-retrocedata\/\" target=\"_blank\" rel=\"noreferrer noopener\">Utilajul a fost surprins pe teren \u00een cursul zilei de joi, 17 aprilie.<\/a> Evenimentul a fost documentat de locuitorii zonei, care au alertat autorit\u0103\u021bile.<\/p>\n\n\n\n<iframe src=\"https:\/\/www.facebook.com\/plugins\/video.php?height=476&#038;href=https%3A%2F%2Fwww.facebook.com%2Faiciafostopadure%2Fvideos%2F1326286985093785%2F&#038;show_text=false&#038;width=380&#038;t=0\" width=\"380\" height=\"476\" style=\"border:none;overflow:hidden\" scrolling=\"no\" frameborder=\"0\" allowfullscreen=\"true\" allow=\"autoplay; clipboard-write; encrypted-media; picture-in-picture; web-share\" allowFullScreen=\"true\"><\/iframe>\n\n\n\n<h2 class=\"wp-block-heading\" id=\"h-reac\u021bia-autorita\u021bilor-cu-privire-la-lucrarile-de-decopertare-politia-de-sector-ar-fi-negat-incidentul-din-ior\">Reac\u021bia autorit\u0103\u021bilor cu privire la lucr\u0103rile de decopertare: Poli\u0163ia de sector ar fi negat incidentul din IOR<\/h2>\n\n\n\n<p><strong>Printre cei care au primit sesiz\u0103rile se num\u0103r\u0103 \u0219i Lucian Judele, care poveste\u0219te c\u0103 a luat leg\u0103tura cu Daniel R\u0103\u0219ic\u0103, \u0219eful Poli\u021biei Locale a Municipiului Bucure\u0219ti, care s-a declarat surprins de situa\u0163ie, cu prec\u0103dere \u00een urma asigur\u0103rilor primite din partea poli\u0163iei de sector.<\/strong><\/p>\n\n\n\n<p>\u201eIeri eram \u00eentr-o \u0219edin\u021b\u0103 \u0219i, pur \u0219i simplu, am fost asaltat de mesaje de la diferite persoane care \u00eemi trimiteau clipuri \u0219i poze cu buldoexcavatorul care, sub pretextul c\u0103 mut\u0103 crengile copacilor dobor\u00e2\u021bi, r\u0103dea stratul de iarb\u0103 din IOR. <\/p>\n\n\n\n<p>Am sunat rapid Directorul Poli\u021biei Locale Bucure\u0219ti \u0219i l-am rugat s\u0103 trimit\u0103 de urgen\u021b\u0103 un echipaj la fa\u021ba locului. <strong><mark style=\"background-color:rgba(0, 0, 0, 0)\" class=\"has-inline-color has-vivid-red-color\">C\u00e2nd l-am sunat, a fost pu\u021bin surprins \u0219i mi-a spus c\u0103 nu a auzit de nicio sesizare.<\/mark><\/strong> L-am asigurat c\u0103 ceea ce \u00eei relatez este adev\u0103rat \u0219i c\u0103 am \u0219i probe care confirm\u0103 situa\u021bia.<\/p>\n\n\n\n<p>Fi\u021bi aten\u021bi, acum urmeaz\u0103 \u201ebomba\u201d&#8230; \u00cen c\u00e2teva minute am fost sunat \u00eenapoi \u0219i mi s-a spus c\u0103 <strong><mark style=\"background-color:rgba(0, 0, 0, 0)\" class=\"has-inline-color has-vivid-red-color\">au cerut confirmare de la Poli\u021bia Local\u0103 Sector 3, iar ace\u0219tia au infirmat c\u0103 s-ar \u00eent\u00e2mpla ceva \u00een IOR<\/mark><\/strong>, asigur\u00e2ndu-i c\u0103, dac\u0103 ar fi, ar vedea de la punctul fix de paz\u0103 pe care \u00eel au acolo.<\/p>\n\n\n\n<p>Nu mai intru \u00een \u00abdetaliile tehnice\u00bb ale discu\u021biei care a urmat, important este c\u0103 m-au crezut pe cuv\u00e2nt \u0219i, \u00een scurt timp, la fa\u021ba locului au ajuns mai multe echipaje de la Poli\u021bia Local\u0103 Sector 3, Poli\u021bia Local\u0103 Bucure\u0219ti \u0219i Poli\u021bia Na\u021bional\u0103 \u2013 Sec\u021bia 12\u201d, a transmis city managerul Capitalei printr<a href=\"https:\/\/www.facebook.com\/Lucian.Judele.USR\/posts\/pfbid0XVsrJfPHfRnoPXpq6B4PXdkXxkv8dLGLr9m1HzGsBbna75r7nyrfjAHUVWhCsT19l?__cft__[0]=AZVpw_TVeVK9St_bKta4a2HvywR1mHY933F_xn3ZqyewLvh_psg7QEupxpGu6Ugz0I4mvN7aXCNMp-JuYr3KH3TduXhccSK7f2Nn1HuB6D7MioaxVodcNyv-O45Zg1n5M4WMw6J0d74HiMDUjBS5krF1J-Rys0bCQ_BV9EfZ5J1CD3SMcV9JkE7h0LLK_nBViZY&amp;__tn__=%2CO%2CP-R\">&#8211;<strong>o postare de Facebook<\/strong>.<\/a><\/p>\n\n\n\n<h2 class=\"wp-block-heading\" id=\"h-judele-banditii-din-ior-stateau-cumin\u021bi-cand-a-venit-poli\u021bia\">Judele: \u201eBandi\u0163ii din IOR st\u0103teau cumin\u021bi c\u00e2nd a venit Poli\u021bia\u201d<\/h2>\n\n\n\n<p><strong>Odat\u0103 cu interven\u021bia poli\u021biei, s-au oprit \u0219i lucr\u0103rile din IOR. Cu privire la acuza\u021biile de decopertare, administratorul terenului a sus\u021binut c\u0103 \u00eendep\u0103rtarea stratului de iarb\u0103 \u0219i mutarea crengilor dintr-o parte \u00een alta ar reprezenta doar o ac\u021biune de igienizare a terenului.<\/strong><\/p>\n\n\n\n<blockquote class=\"wp-block-quote is-layout-flow wp-block-quote-is-layout-flow\">\n<p>P\u00e2n\u0103 au ajuns to\u021bi agen\u021bii constatatori, bandi\u021bii st\u0103teau cumin\u021bei \u0219i se \u00abjurau\u00bb c\u0103 NU au atins niciun fir de iarb\u0103 \u2013 ei doar ar fi vrut s\u0103 fac\u0103 o igienizare a terenului \u00eenainte de S\u0103rb\u0103tori.<\/p>\n<cite>Lucian Judele, City Managerul Capitalei<\/cite><\/blockquote>\n\n\n\n<p>Pe terenul \u201eigienizat\u201d ar urma s\u0103 fie montate ni\u0219te containere, a declarat unul din poli\u021bi\u0219tii care au intervenit la fa\u021ba locului.<\/p>\n\n\n\n<p>\u00cen acest context, Lucian Judele solicit\u0103 cet\u0103\u021benilor care au trimis sesiz\u0103ri s\u0103 \u00eei transmit\u0103 num\u0103rul de \u00eenregistrare, pentru ca acestea s\u0103 nu r\u0103m\u00e2n\u0103 \u201euitate prin sertare\u201d.<\/p>\n\n\n\n<h2 class=\"wp-block-heading\" id=\"h-promisiunea-lui-nicu\u0219or-dan-pentru-zona-retrocedata-din-ior-daca-au-loc-lucrarile-de-decopertare\">\u201ePromisiunea\u201d lui Nicu\u0219or Dan pentru zona retrocedat\u0103 din IOR, dac\u0103 au loc <strong>lucr\u0103rile de decopertare<\/strong><\/h2>\n\n\n\n<p><strong>La \u00eenceputul anului, Buletin de Bucure\u0219ti a scris despre cum\u00a0<a href=\"https:\/\/buletin.de\/bucuresti\/nicusor-dan-despre-macelul-zonei-retrocedate-din-ior-daca-proprietarul-va-defrisa-pe-10-ha-o-sa-i-dam-o-amenda-de-350-milioane-euro\/\" target=\"_blank\" rel=\"noreferrer noopener\">primarul general Nicu\u0219or Dan a avertizat c\u0103 va da o nou\u0103 amend\u0103-record de 350 milioane euro<\/a>, dac\u0103 proprietarul zonei retrocedate va rade spa\u021biul verde pe zece hectare de teren.<\/strong><\/p>\n\n\n\n<blockquote class=\"wp-block-quote is-layout-flow wp-block-quote-is-layout-flow\">\n<p>Dac\u0103 proprietarul o s\u0103 defri\u0219eze stratul vegetal pe 10 hectare, o s\u0103-i d\u0103m o amend\u0103 de 350 milioane de euro. S\u0103 fie un mesaj foarte clar pentru orice proprietar de spa\u021biu verde, c\u0103 nu va construi pe spa\u021biu verde.<\/p>\n<\/blockquote>\n\n\n\n<p>Reporterii Buletin de Bucure\u0219ti au \u00eencercat s\u0103-l contacteze pe edilul Capitalei pentru un punct de vedere referitor la reclama\u021biile cet\u0103\u021benilor, \u00eens\u0103 nu am primit niciun r\u0103spuns p\u00e2n\u0103 la data public\u0103rii.<\/p>\n\n\n\n<h2 class=\"wp-block-heading\" id=\"h-ce-s-a-intamplat-cu-amenda-de-35-milioane-euro\">Ce s-a \u00eent\u00e2mplat cu amenda de 35 milioane euro<\/h2>\n\n\n\n<p><strong>Amintim, singura sanc\u021biune semnificativ\u0103 pentru m\u0103celul din parcul IOR este cea de 35 milioane euro, contestat\u0103 \u00een instan\u021b\u0103 de Maria Cocoru, fosta proprietar\u0103 a zonei retrocedate din IOR<\/strong>.<strong>&nbsp;<\/strong><\/p>\n\n\n\n<p><strong>Instan\u021ba a respins cererea de anulare a sanc\u021biunii, \u00eentruc\u00e2t reclamanta a decedat, \u00eens\u0103 Nicu\u0219or Dan a anun\u021bat c\u0103 \u00ee\u0219i dore\u0219te s\u0103 introduc\u0103 amenda \u00een masa succesoral\u0103.<\/strong><\/p>\n\n\n\n<p>\u201eAvoca\u021bii no\u0219tri au urm\u0103rit procesul de succesiune, nu a \u00eenceput \u00eenc\u0103. Vom introduce aceast\u0103 amend\u0103 \u00een masa succesoral\u0103, astfel \u00eenc\u0103t \u00een momentul \u00een care de va dezbate succesiunea doamnei Cocoru, s\u0103 fim \u0219i noi acolo cu ace\u0219ti 35 milioane euro.<\/p>\n\n\n\n<p>Deci o s\u0103 dureze, dar eu sunt optimist c\u0103 Primaria Capitalei va recupera fie banii ace\u0219tia, fie terenul, pentru faptele care au fost f\u0103cute acolo\u201d, a declarat edilul general la finalul lunii ianuarie.<\/p>\n\n\n\n<p><strong>CITE\u0218TE \u0218I:<\/strong>\u00a0<a href=\"https:\/\/buletin.de\/bucuresti\/statutul-incert-al-zonei-retrocedate-din-ior-fara-niciun-succesor-care-sa-ceara-proprietatea-ar-putea-ajunge-inapoi-la-stat\/\" target=\"_blank\" rel=\"noreferrer noopener\"><strong>Statutul incert al zonei retrocedate din IOR. F\u0103r\u0103 niciun succesor care s\u0103 cear\u0103 proprietatea, ar putea ajunge \u00eenapoi la stat<\/strong><\/a><\/p>\n\n\n\n<p>Amenda-record de 35 milioane euro a fost aplicat\u0103 \u00een octombrie 2023, dup\u0103 ce spa\u0163iul verde a fost ras pe aproape 9.000 metri p\u0103tra\u021bi. Vorbim de iarb\u0103 distrus\u0103, copaci dezdr\u0103d\u0103cina\u0163i \u015fi apoi nivelare cu buldozerul.&nbsp;<\/p>\n\n\n\n<p>Suma uria\u015f\u0103 s-a bazat pe un articol din Legea 24\/ 2007, care spune c\u0103 reducerea spa\u0163iului verde sau schimbarea destina\u0163iei spa\u0163iului verde se poate amenda cu 1.000-2.000 de lei pe metrul p\u0103trat.<\/p>\n\n\n\n<p><strong><mark style=\"background-color:rgba(0, 0, 0, 0)\" class=\"has-inline-color has-vivid-red-color\">\u201eEsen\u0163ial este c\u0103 au scos r\u0103d\u0103cinile \u015fi au decopertat, adic\u0103 nu a mai r\u0103mas niciun pic de vegeta\u0163ie\u201d<\/mark><\/strong>, a declarat Nicu\u0219or Dan la acel moment.<\/p>\n\n\n\n<p>De\u015fi Nicu\u015for Dan a declarat c\u0103 legalitatea acestei amenzi a fost verificat\u0103 \u00een detaliu de departamentul juridic, voci din spa\u0163iul public, printre care \u015fi Rare\u015f Hopinc\u0103 \u2013 fost prefect al Capitalei, actual primar al Sectorului 2, au contestat demersul prim\u0103riei.<\/p>\n\n\n\n<p><strong>CITE\u0218TE \u0218I:<\/strong>\u00a0<strong><a href=\"https:\/\/buletin.de\/bucuresti\/descinderi-dna-la-primaria-capitalei-unele-surse-spun-ca-procurorii-strang-documente-legate-de-amenda-record-din-dosarul-ior\/\" target=\"_blank\" rel=\"noreferrer noopener\">Descinderi DNA la Prim\u01ceria Capitalei. Unele surse spun c\u01ce procurorii str\u00e2ng documente legate de amenda-record din dosarul IOR<\/a><\/strong><\/p>\n","protected":false},"excerpt":{"rendered":"<p>Cu toate c\u0103 un buldoexcavator a fost surprins cum \u00eendep\u0103rta stratul de iarb\u0103 din zona retrocedat\u0103 a Parcului IOR, Poli\u021bia Local\u0103 a Sectorului 3 ar fi negat incidentul, sus\u021bine Lucian Judele, city managerul Capitalei. Acesta se arat\u0103 \u00eengrijorat cu privire la sesiz\u0103rile cet\u0103\u021benilor despre lucr\u0103rile de decopertare. Utilajul a fost surprins pe teren \u00een cursul [&hellip;]<\/p>\n","protected":false},"author":55,"featured_media":126970,"comment_status":"closed","ping_status":"open","sticky":false,"template":"","format":"standard","meta":{"_acf_changed":false,"inline_featured_image":false,"ngg_post_thumbnail":0,"footnotes":""},"categories":[6994,5762,109],"tags":[20723,20751,20750,5726,18249,14934,11086],"ppma_author":[22573],"class_list":["post-126949","post","type-post","status-publish","format-standard","has-post-thumbnail","hentry","category-stiri-2","category-main","category-mediu","tag-amenda-distrugerea-spatiilor-verzi","tag-city-manager-bucuresti","tag-decopertare-ior","tag-ior","tag-politia-locala-a-municipiului-bucuresti","tag-politia-locala-sector-3","tag-zona-retrocedata-ior"],"acf":[],"yoast_head":"<!-- This site is optimized with the Yoast SEO Premium plugin v25.3 (Yoast SEO v27.5) - https:\/\/yoast.com\/product\/yoast-seo-premium-wordpress\/ -->\n<title>City Managerul Capitalei: \u201eBandi\u021bii din IOR st\u0103teau cumin\u021bi c\u00e2nd a venit Poli\u021bia\u201d. \u00cengrijor\u0103ri cu privire la sesiz\u0103rile cet\u0103\u0163enilor despre lucr\u0103rile de decopertare - Buletin de Bucure\u0219ti<\/title>\n<meta name=\"description\" content=\"\u201eBandi\u021bii din IOR st\u0103teau cumin\u021bi c\u00e2nd a venit Poli\u021bia\u201d. \u00cengrijor\u0103ri cu privire la sesiz\u0103rile cet\u0103\u0163enilor despre lucr\u0103rile de decopertare\" \/>\n<meta name=\"robots\" content=\"index, follow, max-snippet:-1, max-image-preview:large, max-video-preview:-1\" \/>\n<link rel=\"canonical\" href=\"https:\/\/buletin.de\/bucuresti\/city-managerul-capitalei-banditii-din-ior-stateau-cuminti-cand-a-venit-politia-ingrijorari-cu-privire-la-sesizarile-cetatenilor-despre-lucrarile-de-decopertare\/\" \/>\n<meta property=\"og:locale\" content=\"en_GB\" \/>\n<meta property=\"og:type\" content=\"article\" \/>\n<meta property=\"og:title\" content=\"City Managerul Capitalei: \u201eBandi\u021bii din IOR st\u0103teau cumin\u021bi c\u00e2nd a venit Poli\u021bia\u201d. \u00cengrijor\u0103ri cu privire la sesiz\u0103rile cet\u0103\u0163enilor despre lucr\u0103rile de decopertare\" \/>\n<meta property=\"og:description\" content=\"\u201eBandi\u021bii din IOR st\u0103teau cumin\u021bi c\u00e2nd a venit Poli\u021bia\u201d. \u00cengrijor\u0103ri cu privire la sesiz\u0103rile cet\u0103\u0163enilor despre lucr\u0103rile de decopertare\" \/>\n<meta property=\"og:url\" content=\"https:\/\/buletin.de\/bucuresti\/city-managerul-capitalei-banditii-din-ior-stateau-cuminti-cand-a-venit-politia-ingrijorari-cu-privire-la-sesizarile-cetatenilor-despre-lucrarile-de-decopertare\/\" \/>\n<meta property=\"og:site_name\" content=\"Buletin de Bucure\u0219ti\" \/>\n<meta property=\"article:publisher\" content=\"https:\/\/www.facebook.com\/buletin.de.buc\" \/>\n<meta property=\"article:published_time\" content=\"2025-04-18T14:05:59+00:00\" \/>\n<meta property=\"article:modified_time\" content=\"2025-04-18T14:06:55+00:00\" \/>\n<meta property=\"og:image\" content=\"https:\/\/buletin.de\/bucuresti\/wp-content\/uploads\/2025\/04\/WhatsApp-Image-2025-04-17-at-13.17.15-1.jpeg\" \/>\n\t<meta property=\"og:image:width\" content=\"1600\" \/>\n\t<meta property=\"og:image:height\" content=\"1200\" \/>\n\t<meta property=\"og:image:type\" content=\"image\/jpeg\" \/>\n<meta name=\"author\" content=\"Andreea Tudor\" \/>\n<meta name=\"twitter:card\" content=\"summary_large_image\" \/>\n<meta name=\"twitter:label1\" content=\"Written by\" \/>\n\t<meta name=\"twitter:data1\" content=\"Andreea Tudor\" \/>\n\t<meta name=\"twitter:label2\" content=\"Estimated reading time\" \/>\n\t<meta name=\"twitter:data2\" content=\"4 minutes\" \/>\n<script type=\"application\/ld+json\" class=\"yoast-schema-graph\">{\"@context\":\"https:\\\/\\\/schema.org\",\"@graph\":[{\"@type\":\"Article\",\"@id\":\"https:\\\/\\\/buletin.de\\\/bucuresti\\\/city-managerul-capitalei-banditii-din-ior-stateau-cuminti-cand-a-venit-politia-ingrijorari-cu-privire-la-sesizarile-cetatenilor-despre-lucrarile-de-decopertare\\\/#article\",\"isPartOf\":{\"@id\":\"https:\\\/\\\/buletin.de\\\/bucuresti\\\/city-managerul-capitalei-banditii-din-ior-stateau-cuminti-cand-a-venit-politia-ingrijorari-cu-privire-la-sesizarile-cetatenilor-despre-lucrarile-de-decopertare\\\/\"},\"author\":{\"name\":\"Andreea Tudor\",\"@id\":\"https:\\\/\\\/buletin.de\\\/bucuresti\\\/#\\\/schema\\\/person\\\/150590659efde715459d159da012f501\"},\"headline\":\"City Managerul Capitalei: \u201eBandi\u021bii din IOR st\u0103teau cumin\u021bi c\u00e2nd a venit Poli\u021bia\u201d. \u00cengrijor\u0103ri cu privire la sesiz\u0103rile cet\u0103\u0163enilor despre lucr\u0103rile de decopertare\",\"datePublished\":\"2025-04-18T14:05:59+00:00\",\"dateModified\":\"2025-04-18T14:06:55+00:00\",\"mainEntityOfPage\":{\"@id\":\"https:\\\/\\\/buletin.de\\\/bucuresti\\\/city-managerul-capitalei-banditii-din-ior-stateau-cuminti-cand-a-venit-politia-ingrijorari-cu-privire-la-sesizarile-cetatenilor-despre-lucrarile-de-decopertare\\\/\"},\"wordCount\":1049,\"publisher\":{\"@id\":\"https:\\\/\\\/buletin.de\\\/bucuresti\\\/#organization\"},\"image\":{\"@id\":\"https:\\\/\\\/buletin.de\\\/bucuresti\\\/city-managerul-capitalei-banditii-din-ior-stateau-cuminti-cand-a-venit-politia-ingrijorari-cu-privire-la-sesizarile-cetatenilor-despre-lucrarile-de-decopertare\\\/#primaryimage\"},\"thumbnailUrl\":\"https:\\\/\\\/buletin.de\\\/bucuresti\\\/wp-content\\\/uploads\\\/2025\\\/04\\\/WhatsApp-Image-2025-04-17-at-13.17.15-1.jpeg\",\"keywords\":[\"amenda distrugerea spatiilor verzi\",\"city manager bucuresti\",\"decopertare IOR\",\"IOR\",\"politia locala a municipiului bucuresti\",\"politia locala sector 3\",\"zona retrocedata ior\"],\"articleSection\":[\"Articole\",\"Main\",\"Mediu\"],\"inLanguage\":\"en-GB\",\"copyrightYear\":\"2025\",\"copyrightHolder\":{\"@id\":\"https:\\\/\\\/buletin.de\\\/bucuresti\\\/#organization\"}},{\"@type\":\"WebPage\",\"@id\":\"https:\\\/\\\/buletin.de\\\/bucuresti\\\/city-managerul-capitalei-banditii-din-ior-stateau-cuminti-cand-a-venit-politia-ingrijorari-cu-privire-la-sesizarile-cetatenilor-despre-lucrarile-de-decopertare\\\/\",\"url\":\"https:\\\/\\\/buletin.de\\\/bucuresti\\\/city-managerul-capitalei-banditii-din-ior-stateau-cuminti-cand-a-venit-politia-ingrijorari-cu-privire-la-sesizarile-cetatenilor-despre-lucrarile-de-decopertare\\\/\",\"name\":\"City Managerul Capitalei: \u201eBandi\u021bii din IOR st\u0103teau cumin\u021bi c\u00e2nd a venit Poli\u021bia\u201d. \u00cengrijor\u0103ri cu privire la sesiz\u0103rile cet\u0103\u0163enilor despre lucr\u0103rile de decopertare - Buletin de Bucure\u0219ti\",\"isPartOf\":{\"@id\":\"https:\\\/\\\/buletin.de\\\/bucuresti\\\/#website\"},\"primaryImageOfPage\":{\"@id\":\"https:\\\/\\\/buletin.de\\\/bucuresti\\\/city-managerul-capitalei-banditii-din-ior-stateau-cuminti-cand-a-venit-politia-ingrijorari-cu-privire-la-sesizarile-cetatenilor-despre-lucrarile-de-decopertare\\\/#primaryimage\"},\"image\":{\"@id\":\"https:\\\/\\\/buletin.de\\\/bucuresti\\\/city-managerul-capitalei-banditii-din-ior-stateau-cuminti-cand-a-venit-politia-ingrijorari-cu-privire-la-sesizarile-cetatenilor-despre-lucrarile-de-decopertare\\\/#primaryimage\"},\"thumbnailUrl\":\"https:\\\/\\\/buletin.de\\\/bucuresti\\\/wp-content\\\/uploads\\\/2025\\\/04\\\/WhatsApp-Image-2025-04-17-at-13.17.15-1.jpeg\",\"datePublished\":\"2025-04-18T14:05:59+00:00\",\"dateModified\":\"2025-04-18T14:06:55+00:00\",\"description\":\"\u201eBandi\u021bii din IOR st\u0103teau cumin\u021bi c\u00e2nd a venit Poli\u021bia\u201d. \u00cengrijor\u0103ri cu privire la sesiz\u0103rile cet\u0103\u0163enilor despre lucr\u0103rile de decopertare\",\"breadcrumb\":{\"@id\":\"https:\\\/\\\/buletin.de\\\/bucuresti\\\/city-managerul-capitalei-banditii-din-ior-stateau-cuminti-cand-a-venit-politia-ingrijorari-cu-privire-la-sesizarile-cetatenilor-despre-lucrarile-de-decopertare\\\/#breadcrumb\"},\"inLanguage\":\"en-GB\",\"potentialAction\":[{\"@type\":\"ReadAction\",\"target\":[\"https:\\\/\\\/buletin.de\\\/bucuresti\\\/city-managerul-capitalei-banditii-din-ior-stateau-cuminti-cand-a-venit-politia-ingrijorari-cu-privire-la-sesizarile-cetatenilor-despre-lucrarile-de-decopertare\\\/\"]}]},{\"@type\":\"ImageObject\",\"inLanguage\":\"en-GB\",\"@id\":\"https:\\\/\\\/buletin.de\\\/bucuresti\\\/city-managerul-capitalei-banditii-din-ior-stateau-cuminti-cand-a-venit-politia-ingrijorari-cu-privire-la-sesizarile-cetatenilor-despre-lucrarile-de-decopertare\\\/#primaryimage\",\"url\":\"https:\\\/\\\/buletin.de\\\/bucuresti\\\/wp-content\\\/uploads\\\/2025\\\/04\\\/WhatsApp-Image-2025-04-17-at-13.17.15-1.jpeg\",\"contentUrl\":\"https:\\\/\\\/buletin.de\\\/bucuresti\\\/wp-content\\\/uploads\\\/2025\\\/04\\\/WhatsApp-Image-2025-04-17-at-13.17.15-1.jpeg\",\"width\":1600,\"height\":1200,\"caption\":\"City Managerul Capitalei: \u201eBandi\u021bii din IOR st\u0103teau cumin\u021bi c\u00e2nd a venit Poli\u021bia\u201d. \u00cengrijor\u0103ri cu privire la sesiz\u0103rile cet\u0103\u0163enilor despre lucr\u0103rile de decopertare\"},{\"@type\":\"BreadcrumbList\",\"@id\":\"https:\\\/\\\/buletin.de\\\/bucuresti\\\/city-managerul-capitalei-banditii-din-ior-stateau-cuminti-cand-a-venit-politia-ingrijorari-cu-privire-la-sesizarile-cetatenilor-despre-lucrarile-de-decopertare\\\/#breadcrumb\",\"itemListElement\":[{\"@type\":\"ListItem\",\"position\":1,\"name\":\"Acas\u0103\",\"item\":\"https:\\\/\\\/buletin.de\\\/bucuresti\\\/\"},{\"@type\":\"ListItem\",\"position\":2,\"name\":\"City Managerul Capitalei: \u201eBandi\u021bii din IOR st\u0103teau cumin\u021bi c\u00e2nd a venit Poli\u021bia\u201d. \u00cengrijor\u0103ri cu privire la sesiz\u0103rile cet\u0103\u0163enilor despre lucr\u0103rile de decopertare\"}]},{\"@type\":\"WebSite\",\"@id\":\"https:\\\/\\\/buletin.de\\\/bucuresti\\\/#website\",\"url\":\"https:\\\/\\\/buletin.de\\\/bucuresti\\\/\",\"name\":\"Buletin de Bucure\u0219ti\",\"description\":\"\u0218tiri \u0219i investiga\u021bii esen\u021biale din capital\u0103\",\"publisher\":{\"@id\":\"https:\\\/\\\/buletin.de\\\/bucuresti\\\/#organization\"},\"potentialAction\":[{\"@type\":\"SearchAction\",\"target\":{\"@type\":\"EntryPoint\",\"urlTemplate\":\"https:\\\/\\\/buletin.de\\\/bucuresti\\\/?s={search_term_string}\"},\"query-input\":{\"@type\":\"PropertyValueSpecification\",\"valueRequired\":true,\"valueName\":\"search_term_string\"}}],\"inLanguage\":\"en-GB\"},{\"@type\":\"Organization\",\"@id\":\"https:\\\/\\\/buletin.de\\\/bucuresti\\\/#organization\",\"name\":\"Buletin de Bucure\u0219ti\",\"url\":\"https:\\\/\\\/buletin.de\\\/bucuresti\\\/\",\"logo\":{\"@type\":\"ImageObject\",\"inLanguage\":\"en-GB\",\"@id\":\"https:\\\/\\\/buletin.de\\\/bucuresti\\\/#\\\/schema\\\/logo\\\/image\\\/\",\"url\":\"https:\\\/\\\/buletin.de\\\/bucuresti\\\/wp-content\\\/uploads\\\/logo-bdb-full-wide-vernil-transparent.png\",\"contentUrl\":\"https:\\\/\\\/buletin.de\\\/bucuresti\\\/wp-content\\\/uploads\\\/logo-bdb-full-wide-vernil-transparent.png\",\"width\":1782,\"height\":626,\"caption\":\"Buletin de Bucure\u0219ti\"},\"image\":{\"@id\":\"https:\\\/\\\/buletin.de\\\/bucuresti\\\/#\\\/schema\\\/logo\\\/image\\\/\"},\"sameAs\":[\"https:\\\/\\\/www.facebook.com\\\/buletin.de.buc\",\"https:\\\/\\\/www.instagram.com\\\/buletinde.bucuresti\\\/\"]},{\"@type\":\"Person\",\"@id\":\"https:\\\/\\\/buletin.de\\\/bucuresti\\\/#\\\/schema\\\/person\\\/150590659efde715459d159da012f501\",\"name\":\"Andreea Tudor\",\"image\":{\"@type\":\"ImageObject\",\"inLanguage\":\"en-GB\",\"@id\":\"https:\\\/\\\/secure.gravatar.com\\\/avatar\\\/a88705a186ab0b67f3349bcbced506c09e37256fbaad0e7f3bd1a79b4599f589?s=96&d=monsterid&r=g79290610aa1a65c2b86eebc2ca5aee8f\",\"url\":\"https:\\\/\\\/secure.gravatar.com\\\/avatar\\\/a88705a186ab0b67f3349bcbced506c09e37256fbaad0e7f3bd1a79b4599f589?s=96&d=monsterid&r=g\",\"contentUrl\":\"https:\\\/\\\/secure.gravatar.com\\\/avatar\\\/a88705a186ab0b67f3349bcbced506c09e37256fbaad0e7f3bd1a79b4599f589?s=96&d=monsterid&r=g\",\"caption\":\"Andreea Tudor\"},\"description\":\"N\u0103scut\u0103 \u0219i crescut\u0103 \u00een Bucure\u0219ti, sus\u021bin\u0103toare a presei independente. A\u0219a am ajuns redactor la Buletin de Bucure\u0219ti. Fiind eu, \u00eens\u0103mi, parte a sistemului de \u00eenv\u0103\u021b\u0103m\u00e2nt rom\u00e2nesc \u0219i pasionat\u0103 de domeniul social, pun sub lup\u0103 tot ceea ce se \u00eent\u00e2mpl\u0103 \u00een sfera educa\u021biei. Cred cu t\u0103rie c\u0103 presa \u201epentru cet\u0103\u021beni\u201d este presa independent\u0103. Oamenii au nevoie de o informare corect\u0103 pentru a \u00een\u021belege pe deplin ce se \u00eent\u00e2mpl\u0103 \u00een jurul lor \u0219i pentru a lua ac\u021biune \u00eempotriva nedrept\u0103\u021bilor.\",\"url\":\"https:\\\/\\\/buletin.de\\\/bucuresti\\\/author\\\/andreeatudor\\\/\"}]}<\/script>\n<!-- \/ Yoast SEO Premium plugin. -->","yoast_head_json":{"title":"City Managerul Capitalei: \u201eBandi\u021bii din IOR st\u0103teau cumin\u021bi c\u00e2nd a venit Poli\u021bia\u201d. \u00cengrijor\u0103ri cu privire la sesiz\u0103rile cet\u0103\u0163enilor despre lucr\u0103rile de decopertare - Buletin de Bucure\u0219ti","description":"\u201eBandi\u021bii din IOR st\u0103teau cumin\u021bi c\u00e2nd a venit Poli\u021bia\u201d. \u00cengrijor\u0103ri cu privire la sesiz\u0103rile cet\u0103\u0163enilor despre lucr\u0103rile de decopertare","robots":{"index":"index","follow":"follow","max-snippet":"max-snippet:-1","max-image-preview":"max-image-preview:large","max-video-preview":"max-video-preview:-1"},"canonical":"https:\/\/buletin.de\/bucuresti\/city-managerul-capitalei-banditii-din-ior-stateau-cuminti-cand-a-venit-politia-ingrijorari-cu-privire-la-sesizarile-cetatenilor-despre-lucrarile-de-decopertare\/","og_locale":"en_GB","og_type":"article","og_title":"City Managerul Capitalei: \u201eBandi\u021bii din IOR st\u0103teau cumin\u021bi c\u00e2nd a venit Poli\u021bia\u201d. \u00cengrijor\u0103ri cu privire la sesiz\u0103rile cet\u0103\u0163enilor despre lucr\u0103rile de decopertare","og_description":"\u201eBandi\u021bii din IOR st\u0103teau cumin\u021bi c\u00e2nd a venit Poli\u021bia\u201d. \u00cengrijor\u0103ri cu privire la sesiz\u0103rile cet\u0103\u0163enilor despre lucr\u0103rile de decopertare","og_url":"https:\/\/buletin.de\/bucuresti\/city-managerul-capitalei-banditii-din-ior-stateau-cuminti-cand-a-venit-politia-ingrijorari-cu-privire-la-sesizarile-cetatenilor-despre-lucrarile-de-decopertare\/","og_site_name":"Buletin de Bucure\u0219ti","article_publisher":"https:\/\/www.facebook.com\/buletin.de.buc","article_published_time":"2025-04-18T14:05:59+00:00","article_modified_time":"2025-04-18T14:06:55+00:00","og_image":[{"width":1600,"height":1200,"url":"https:\/\/buletin.de\/bucuresti\/wp-content\/uploads\/2025\/04\/WhatsApp-Image-2025-04-17-at-13.17.15-1.jpeg","type":"image\/jpeg"}],"author":"Andreea Tudor","twitter_card":"summary_large_image","twitter_misc":{"Written by":"Andreea Tudor","Estimated reading time":"4 minutes"},"schema":{"@context":"https:\/\/schema.org","@graph":[{"@type":"Article","@id":"https:\/\/buletin.de\/bucuresti\/city-managerul-capitalei-banditii-din-ior-stateau-cuminti-cand-a-venit-politia-ingrijorari-cu-privire-la-sesizarile-cetatenilor-despre-lucrarile-de-decopertare\/#article","isPartOf":{"@id":"https:\/\/buletin.de\/bucuresti\/city-managerul-capitalei-banditii-din-ior-stateau-cuminti-cand-a-venit-politia-ingrijorari-cu-privire-la-sesizarile-cetatenilor-despre-lucrarile-de-decopertare\/"},"author":{"name":"Andreea Tudor","@id":"https:\/\/buletin.de\/bucuresti\/#\/schema\/person\/150590659efde715459d159da012f501"},"headline":"City Managerul Capitalei: \u201eBandi\u021bii din IOR st\u0103teau cumin\u021bi c\u00e2nd a venit Poli\u021bia\u201d. \u00cengrijor\u0103ri cu privire la sesiz\u0103rile cet\u0103\u0163enilor despre lucr\u0103rile de decopertare","datePublished":"2025-04-18T14:05:59+00:00","dateModified":"2025-04-18T14:06:55+00:00","mainEntityOfPage":{"@id":"https:\/\/buletin.de\/bucuresti\/city-managerul-capitalei-banditii-din-ior-stateau-cuminti-cand-a-venit-politia-ingrijorari-cu-privire-la-sesizarile-cetatenilor-despre-lucrarile-de-decopertare\/"},"wordCount":1049,"publisher":{"@id":"https:\/\/buletin.de\/bucuresti\/#organization"},"image":{"@id":"https:\/\/buletin.de\/bucuresti\/city-managerul-capitalei-banditii-din-ior-stateau-cuminti-cand-a-venit-politia-ingrijorari-cu-privire-la-sesizarile-cetatenilor-despre-lucrarile-de-decopertare\/#primaryimage"},"thumbnailUrl":"https:\/\/buletin.de\/bucuresti\/wp-content\/uploads\/2025\/04\/WhatsApp-Image-2025-04-17-at-13.17.15-1.jpeg","keywords":["amenda distrugerea spatiilor verzi","city manager bucuresti","decopertare IOR","IOR","politia locala a municipiului bucuresti","politia locala sector 3","zona retrocedata ior"],"articleSection":["Articole","Main","Mediu"],"inLanguage":"en-GB","copyrightYear":"2025","copyrightHolder":{"@id":"https:\/\/buletin.de\/bucuresti\/#organization"}},{"@type":"WebPage","@id":"https:\/\/buletin.de\/bucuresti\/city-managerul-capitalei-banditii-din-ior-stateau-cuminti-cand-a-venit-politia-ingrijorari-cu-privire-la-sesizarile-cetatenilor-despre-lucrarile-de-decopertare\/","url":"https:\/\/buletin.de\/bucuresti\/city-managerul-capitalei-banditii-din-ior-stateau-cuminti-cand-a-venit-politia-ingrijorari-cu-privire-la-sesizarile-cetatenilor-despre-lucrarile-de-decopertare\/","name":"City Managerul Capitalei: \u201eBandi\u021bii din IOR st\u0103teau cumin\u021bi c\u00e2nd a venit Poli\u021bia\u201d. \u00cengrijor\u0103ri cu privire la sesiz\u0103rile cet\u0103\u0163enilor despre lucr\u0103rile de decopertare - Buletin de Bucure\u0219ti","isPartOf":{"@id":"https:\/\/buletin.de\/bucuresti\/#website"},"primaryImageOfPage":{"@id":"https:\/\/buletin.de\/bucuresti\/city-managerul-capitalei-banditii-din-ior-stateau-cuminti-cand-a-venit-politia-ingrijorari-cu-privire-la-sesizarile-cetatenilor-despre-lucrarile-de-decopertare\/#primaryimage"},"image":{"@id":"https:\/\/buletin.de\/bucuresti\/city-managerul-capitalei-banditii-din-ior-stateau-cuminti-cand-a-venit-politia-ingrijorari-cu-privire-la-sesizarile-cetatenilor-despre-lucrarile-de-decopertare\/#primaryimage"},"thumbnailUrl":"https:\/\/buletin.de\/bucuresti\/wp-content\/uploads\/2025\/04\/WhatsApp-Image-2025-04-17-at-13.17.15-1.jpeg","datePublished":"2025-04-18T14:05:59+00:00","dateModified":"2025-04-18T14:06:55+00:00","description":"\u201eBandi\u021bii din IOR st\u0103teau cumin\u021bi c\u00e2nd a venit Poli\u021bia\u201d. \u00cengrijor\u0103ri cu privire la sesiz\u0103rile cet\u0103\u0163enilor despre lucr\u0103rile de decopertare","breadcrumb":{"@id":"https:\/\/buletin.de\/bucuresti\/city-managerul-capitalei-banditii-din-ior-stateau-cuminti-cand-a-venit-politia-ingrijorari-cu-privire-la-sesizarile-cetatenilor-despre-lucrarile-de-decopertare\/#breadcrumb"},"inLanguage":"en-GB","potentialAction":[{"@type":"ReadAction","target":["https:\/\/buletin.de\/bucuresti\/city-managerul-capitalei-banditii-din-ior-stateau-cuminti-cand-a-venit-politia-ingrijorari-cu-privire-la-sesizarile-cetatenilor-despre-lucrarile-de-decopertare\/"]}]},{"@type":"ImageObject","inLanguage":"en-GB","@id":"https:\/\/buletin.de\/bucuresti\/city-managerul-capitalei-banditii-din-ior-stateau-cuminti-cand-a-venit-politia-ingrijorari-cu-privire-la-sesizarile-cetatenilor-despre-lucrarile-de-decopertare\/#primaryimage","url":"https:\/\/buletin.de\/bucuresti\/wp-content\/uploads\/2025\/04\/WhatsApp-Image-2025-04-17-at-13.17.15-1.jpeg","contentUrl":"https:\/\/buletin.de\/bucuresti\/wp-content\/uploads\/2025\/04\/WhatsApp-Image-2025-04-17-at-13.17.15-1.jpeg","width":1600,"height":1200,"caption":"City Managerul Capitalei: \u201eBandi\u021bii din IOR st\u0103teau cumin\u021bi c\u00e2nd a venit Poli\u021bia\u201d. \u00cengrijor\u0103ri cu privire la sesiz\u0103rile cet\u0103\u0163enilor despre lucr\u0103rile de decopertare"},{"@type":"BreadcrumbList","@id":"https:\/\/buletin.de\/bucuresti\/city-managerul-capitalei-banditii-din-ior-stateau-cuminti-cand-a-venit-politia-ingrijorari-cu-privire-la-sesizarile-cetatenilor-despre-lucrarile-de-decopertare\/#breadcrumb","itemListElement":[{"@type":"ListItem","position":1,"name":"Acas\u0103","item":"https:\/\/buletin.de\/bucuresti\/"},{"@type":"ListItem","position":2,"name":"City Managerul Capitalei: \u201eBandi\u021bii din IOR st\u0103teau cumin\u021bi c\u00e2nd a venit Poli\u021bia\u201d. \u00cengrijor\u0103ri cu privire la sesiz\u0103rile cet\u0103\u0163enilor despre lucr\u0103rile de decopertare"}]},{"@type":"WebSite","@id":"https:\/\/buletin.de\/bucuresti\/#website","url":"https:\/\/buletin.de\/bucuresti\/","name":"Buletin de Bucure\u0219ti","description":"\u0218tiri \u0219i investiga\u021bii esen\u021biale din capital\u0103","publisher":{"@id":"https:\/\/buletin.de\/bucuresti\/#organization"},"potentialAction":[{"@type":"SearchAction","target":{"@type":"EntryPoint","urlTemplate":"https:\/\/buletin.de\/bucuresti\/?s={search_term_string}"},"query-input":{"@type":"PropertyValueSpecification","valueRequired":true,"valueName":"search_term_string"}}],"inLanguage":"en-GB"},{"@type":"Organization","@id":"https:\/\/buletin.de\/bucuresti\/#organization","name":"Buletin de Bucure\u0219ti","url":"https:\/\/buletin.de\/bucuresti\/","logo":{"@type":"ImageObject","inLanguage":"en-GB","@id":"https:\/\/buletin.de\/bucuresti\/#\/schema\/logo\/image\/","url":"https:\/\/buletin.de\/bucuresti\/wp-content\/uploads\/logo-bdb-full-wide-vernil-transparent.png","contentUrl":"https:\/\/buletin.de\/bucuresti\/wp-content\/uploads\/logo-bdb-full-wide-vernil-transparent.png","width":1782,"height":626,"caption":"Buletin de Bucure\u0219ti"},"image":{"@id":"https:\/\/buletin.de\/bucuresti\/#\/schema\/logo\/image\/"},"sameAs":["https:\/\/www.facebook.com\/buletin.de.buc","https:\/\/www.instagram.com\/buletinde.bucuresti\/"]},{"@type":"Person","@id":"https:\/\/buletin.de\/bucuresti\/#\/schema\/person\/150590659efde715459d159da012f501","name":"Andreea Tudor","image":{"@type":"ImageObject","inLanguage":"en-GB","@id":"https:\/\/secure.gravatar.com\/avatar\/a88705a186ab0b67f3349bcbced506c09e37256fbaad0e7f3bd1a79b4599f589?s=96&d=monsterid&r=g79290610aa1a65c2b86eebc2ca5aee8f","url":"https:\/\/secure.gravatar.com\/avatar\/a88705a186ab0b67f3349bcbced506c09e37256fbaad0e7f3bd1a79b4599f589?s=96&d=monsterid&r=g","contentUrl":"https:\/\/secure.gravatar.com\/avatar\/a88705a186ab0b67f3349bcbced506c09e37256fbaad0e7f3bd1a79b4599f589?s=96&d=monsterid&r=g","caption":"Andreea Tudor"},"description":"N\u0103scut\u0103 \u0219i crescut\u0103 \u00een Bucure\u0219ti, sus\u021bin\u0103toare a presei independente. A\u0219a am ajuns redactor la Buletin de Bucure\u0219ti. Fiind eu, \u00eens\u0103mi, parte a sistemului de \u00eenv\u0103\u021b\u0103m\u00e2nt rom\u00e2nesc \u0219i pasionat\u0103 de domeniul social, pun sub lup\u0103 tot ceea ce se \u00eent\u00e2mpl\u0103 \u00een sfera educa\u021biei. Cred cu t\u0103rie c\u0103 presa \u201epentru cet\u0103\u021beni\u201d este presa independent\u0103. Oamenii au nevoie de o informare corect\u0103 pentru a \u00een\u021belege pe deplin ce se \u00eent\u00e2mpl\u0103 \u00een jurul lor \u0219i pentru a lua ac\u021biune \u00eempotriva nedrept\u0103\u021bilor.","url":"https:\/\/buletin.de\/bucuresti\/author\/andreeatudor\/"}]}},"authors":[{"term_id":22573,"user_id":55,"is_guest":0,"slug":"andreeatudor","display_name":"Andreea Tudor","avatar_url":"https:\/\/secure.gravatar.com\/avatar\/a88705a186ab0b67f3349bcbced506c09e37256fbaad0e7f3bd1a79b4599f589?s=96&d=monsterid&r=g","0":null,"1":"","2":"","3":"","4":"","5":"","6":"","7":"","8":""}],"_links":{"self":[{"href":"https:\/\/buletin.de\/bucuresti\/wp-json\/wp\/v2\/posts\/126949","targetHints":{"allow":["GET"]}}],"collection":[{"href":"https:\/\/buletin.de\/bucuresti\/wp-json\/wp\/v2\/posts"}],"about":[{"href":"https:\/\/buletin.de\/bucuresti\/wp-json\/wp\/v2\/types\/post"}],"author":[{"embeddable":true,"href":"https:\/\/buletin.de\/bucuresti\/wp-json\/wp\/v2\/users\/55"}],"replies":[{"embeddable":true,"href":"https:\/\/buletin.de\/bucuresti\/wp-json\/wp\/v2\/comments?post=126949"}],"version-history":[{"count":11,"href":"https:\/\/buletin.de\/bucuresti\/wp-json\/wp\/v2\/posts\/126949\/revisions"}],"predecessor-version":[{"id":126974,"href":"https:\/\/buletin.de\/bucuresti\/wp-json\/wp\/v2\/posts\/126949\/revisions\/126974"}],"wp:featuredmedia":[{"embeddable":true,"href":"https:\/\/buletin.de\/bucuresti\/wp-json\/wp\/v2\/media\/126970"}],"wp:attachment":[{"href":"https:\/\/buletin.de\/bucuresti\/wp-json\/wp\/v2\/media?parent=126949"}],"wp:term":[{"taxonomy":"category","embeddable":true,"href":"https:\/\/buletin.de\/bucuresti\/wp-json\/wp\/v2\/categories?post=126949"},{"taxonomy":"post_tag","embeddable":true,"href":"https:\/\/buletin.de\/bucuresti\/wp-json\/wp\/v2\/tags?post=126949"},{"taxonomy":"author","embeddable":true,"href":"https:\/\/buletin.de\/bucuresti\/wp-json\/wp\/v2\/ppma_author?post=126949"}],"curies":[{"name":"wp","href":"https:\/\/api.w.org\/{rel}","templated":true}]}}