{"id":126804,"date":"2025-04-17T14:53:19","date_gmt":"2025-04-17T11:53:19","guid":{"rendered":"https:\/\/buletin.de\/bucuresti\/?p=126804"},"modified":"2025-04-17T14:53:20","modified_gmt":"2025-04-17T11:53:20","slug":"traseul-liniei-de-tramvai-40-se-scurteaza","status":"publish","type":"post","link":"https:\/\/buletin.de\/bucuresti\/traseul-liniei-de-tramvai-40-se-scurteaza\/","title":{"rendered":"Traseul liniei de tramvai 40 se scurteaz\u0103 p\u00e2n\u0103 la sta\u021bia Faur, de s\u0103pt\u0103m\u00e2na viitoare"},"content":{"rendered":"\n<p><strong>Ca urmare a lucr\u0103rilor la calea de rulare a tramvaielor de la intersec\u021bia Bd. Chi\u0219in\u0103u\/ Bd. Basarabia traseul liniei de tramvai 40 se scurteaz\u0103. De\u00a0mar\u021bi,\u00a022.04.2025, linia 40\u00a0va func\u021biona \u00eentre\u00a0\u201eBd. Theodor Pallady\u201d \u0219i \u201eFaur\u201d.<\/strong><\/p>\n\n\n\n<p>Pe tronsonul\u00a0<strong>\u201eFaur\u201d \u2013 \u201ePia\u021ba Sf\u00e2nta Vineri\u201d<\/strong>\u00a0vor circula autobuzele nou-\u00eenfiin\u021batei\u00a0<strong>linii navet\u0103 640.<\/strong><\/p>\n\n\n\n<figure class=\"wp-block-image size-large\"><img fetchpriority=\"high\" decoding=\"async\" width=\"1000\" height=\"631\" src=\"data:image\/gif;base64,R0lGODlhAQABAAAAACH5BAEKAAEALAAAAAABAAEAAAICTAEAOw==\" data-src=\"https:\/\/buletin.de\/bucuresti\/wp-content\/uploads\/2025\/04\/40-640-site-002-2-1000x631.png\" alt=\"\" class=\"wp-image-126805 lazyload\" data-sizes=\"auto\" data-srcset=\"https:\/\/buletin.de\/bucuresti\/wp-content\/uploads\/2025\/04\/40-640-site-002-2-1000x631.png 1000w, https:\/\/buletin.de\/bucuresti\/wp-content\/uploads\/2025\/04\/40-640-site-002-2-300x189.png 300w, https:\/\/buletin.de\/bucuresti\/wp-content\/uploads\/2025\/04\/40-640-site-002-2-768x485.png 768w, https:\/\/buletin.de\/bucuresti\/wp-content\/uploads\/2025\/04\/40-640-site-002-2-1100x694.png 1100w, https:\/\/buletin.de\/bucuresti\/wp-content\/uploads\/2025\/04\/40-640-site-002-2-600x379.png 600w, https:\/\/buletin.de\/bucuresti\/wp-content\/uploads\/2025\/04\/40-640-site-002-2-20x13.png 20w, https:\/\/buletin.de\/bucuresti\/wp-content\/uploads\/2025\/04\/40-640-site-002-2.png 1144w\" sizes=\"(max-width: 1000px) 100vw, 1000px\" \/><\/figure>\n\n\n\n<p>Potrivit Asocia\u021biei de Dezvoltare Intercomunitar\u0103 pentru Transport Public Bucure\u0219ti \u2013 Ilfov (TPBI), pe durata lucr\u0103rilor, tramvaiele\u00a0<strong>liniei 40<\/strong>\u00a0vor circula pe traseul: <\/p>\n\n\n\n<ul class=\"wp-block-list\">\n<li>terminal \u201eBd.Theodor Pallady\u201d;<\/li>\n\n\n\n<li>Bd.Theodor Pallady;<\/li>\n\n\n\n<li>Bd.1 Decembrie 1918;<\/li>\n\n\n\n<li>\u201eFaur\u201d;<\/li>\n\n\n\n<li>retur.<\/li>\n<\/ul>\n\n\n\n<p>Pentru preluarea c\u0103l\u0103torilor, TPBI \u00eenfiin\u021beaz\u0103\u00a0<strong>linia navet\u0103 de autobuz 640<\/strong>, care va func\u021biona astfel: <\/p>\n\n\n\n<p>\u201eFaur\u201d;<\/p>\n\n\n\n<p>Bd. 1 Decembrie 1918;<\/p>\n\n\n\n<p>Bd. Basarabia;<\/p>\n\n\n\n<p>Calea C\u0103l\u0103ra\u0219i;<\/p>\n\n\n\n<p>Bd.\u00a0Corneliu Coposu;<\/p>\n\n\n\n<p>\u201ePia\u021ba Sf. Vineri\u201d.<\/p>\n\n\n\n<p><strong>Traseul liniei de tramvai 40 se scurteaz\u0103 p\u00e2n\u0103 la sta\u021bia Faur, de s\u0103pt\u0103m\u00e2na viitoare. Traseul de \u00eentoarce este urm\u0103torul:<\/strong><\/p>\n\n\n\n<ul class=\"wp-block-list\">\n<li>Str. Sf\u00e2nta Vineri;<\/li>\n\n\n\n<li>Bd. Mircea Vod\u0103;<\/li>\n\n\n\n<li>Calea C\u0103l\u0103ra\u0219i;<\/li>\n\n\n\n<li>Bd. Basarabia;<\/li>\n\n\n\n<li>Bd. 1 Decembrie 1918, \u201eFaur\u201d.<\/li>\n<\/ul>\n\n\n\n<p><strong>CITE\u0218TE \u0218I:<\/strong> <a href=\"https:\/\/buletin.de\/bucuresti\/amenzi-de-peste-15-mii-de-euro\/\">Amenzi de peste 15 mii de euro la comercian\u021bii din Sectorul 6<\/a><\/p>\n\n\n\n<div class=\"wp-block-buttons is-content-justification-center is-layout-flex wp-container-core-buttons-is-layout-16018d1d wp-block-buttons-is-layout-flex\">\n<div class=\"wp-block-button has-custom-width wp-block-button__width-100\"><a class=\"wp-block-button__link wp-element-button\" href=\"https:\/\/www.patreon.com\/BuletinDeBucuresti\"><strong>Sus\u021bine Buletin de Bucure\u0219ti pentru investiga\u021bii, reportaje \u0219i \u0219tiri Locale<\/strong><\/a><\/div>\n<\/div>\n\n\n\n<h2 class=\"wp-block-heading\" id=\"h-programul-stb-de-pa\u0219te-\u0219i-1-mai-cum-circula-in-noaptea-de-inviere-\u0219i-in-duminica-pa\u0219telui\">Programul STB de Pa\u0219te \u0219i 1 Mai. Cum circul\u0103 \u00een noaptea de \u00cenviere \u0219i \u00een duminica Pa\u0219telui<\/h2>\n\n\n\n<p><strong>Programul STB de Pa\u0219te \u0219i 1 Mai a fost publicat. Astfel, \u00eentre 18 \u0219i 21 aprilie &nbsp;\u0219i&nbsp;1-2 Mai, transportul public de suprafa\u021b\u0103 va func\u021biona conform unui program de weekend.<\/strong><\/p>\n\n\n\n<h2 class=\"wp-block-heading\" id=\"h-programul-stb-de-pa\u0219te\">Programul STB de Pa\u0219te<\/h2>\n\n\n\n<ul class=\"wp-block-list\">\n<li><strong>\u00een zilele de 18, 20 \u0219i 21 aprilie<\/strong>, mijloacele de transport \u00een comun vor circula conform programelor de circula\u021bie\u00a0 specifice unei zile de duminic\u0103;<\/li>\n\n\n\n<li><strong>\u00een ziua de 19.04<\/strong>, conform programelor de circula\u021bie specifice unei zile de s\u00e2mb\u0103t\u0103.<\/li>\n<\/ul>\n\n\n\n<p><strong><mark>De asemenea, \u00een noaptea de \u00cenviere, STB va men\u021bine \u00een circula\u021bie&nbsp;linia 41&nbsp;p\u00e2n\u0103 \u00een jurul orei&nbsp;03:00, la intervale de&nbsp;20 de minute.<\/mark><\/strong><\/p>\n\n\n\n<h2 class=\"wp-block-heading\" id=\"h-programul-stb-de-1-mai\">Programul STB de 1 Mai<\/h2>\n\n\n\n<ul class=\"wp-block-list\">\n<li>pe 1 \u0219i 2 Mai, conform programelor de circula\u021bie\u00a0 specifice unei zile de duminic\u0103.<\/li>\n<\/ul>\n\n\n\n<p><a href=\"https:\/\/www.stb.ro\/info\" target=\"_blank\" rel=\"noreferrer noopener\">Societatea de Transport Bucure\u0219ti&nbsp;<\/a>pune la dispozi\u021bia acestora posibilit\u0103\u021bi multiple de informare \u00een timp real cu privire la circula\u021bia mijloacelor de transport public de pe toate liniile.<\/p>\n\n\n\n<p>STB anun\u021b\u0103 cum circul\u0103 mijloacele de transport \u00een comun, in perioada s\u0103rb\u0103torilor, programele de func\u021bionare, modific\u0103rile de trasee sau de sta\u021bii, precum \u0219i toate m\u0103surile ini\u021biate pentru optimizarea serviciului de transport public sunt comunicate \u00een aplica\u021bia InfoTB, pe site-ul STB \u0219i pe paginile oficiale de social media.<\/p>\n\n\n\n<p><strong>CITE\u0218TE \u0218I:<\/strong> <a href=\"https:\/\/buletin.de\/bucuresti\/vacanta-de-paste-a-elevilor-bucuresteni-de-pe-18-pana-pe-27-aprilie-este-ultima-inainte-de-examenele-de-final-de-an\/\">Vacan\u021ba de Pa\u0219te a elevilor bucure\u0219teni, de pe 18, p\u00e2n\u0103 pe 27 aprilie. Este ultima \u00eenainte de examenele de final<\/a><\/p>\n\n\n\n<p><\/p>\n","protected":false},"excerpt":{"rendered":"<p>Ca urmare a lucr\u0103rilor la calea de rulare a tramvaielor de la intersec\u021bia Bd. Chi\u0219in\u0103u\/ Bd. Basarabia traseul liniei de tramvai 40 se scurteaz\u0103. De\u00a0mar\u021bi,\u00a022.04.2025, linia 40\u00a0va func\u021biona \u00eentre\u00a0\u201eBd. Theodor Pallady\u201d \u0219i \u201eFaur\u201d. Pe tronsonul\u00a0\u201eFaur\u201d \u2013 \u201ePia\u021ba Sf\u00e2nta Vineri\u201d\u00a0vor circula autobuzele nou-\u00eenfiin\u021batei\u00a0linii navet\u0103 640. Potrivit Asocia\u021biei de Dezvoltare Intercomunitar\u0103 pentru Transport Public Bucure\u0219ti \u2013 Ilfov [&hellip;]<\/p>\n","protected":false},"author":49,"featured_media":126808,"comment_status":"closed","ping_status":"open","sticky":false,"template":"","format":"standard","meta":{"_acf_changed":false,"inline_featured_image":false,"ngg_post_thumbnail":0,"footnotes":""},"categories":[6994,62,650],"tags":[9680,20729,20728,402,2842],"ppma_author":[22574],"class_list":["post-126804","post","type-post","status-publish","format-standard","has-post-thumbnail","hentry","category-stiri-2","category-stiri","category-transport","tag-linia-40","tag-piata-sfanta-vineri-2","tag-statia-faur","tag-stb","tag-tpbi"],"acf":[],"yoast_head":"<!-- This site is optimized with the Yoast SEO Premium plugin v25.3 (Yoast SEO v27.4) - https:\/\/yoast.com\/product\/yoast-seo-premium-wordpress\/ -->\n<title>Traseul liniei de tramvai 40 se scurteaz\u0103 p\u00e2n\u0103 la sta\u021bia Faur, de s\u0103pt\u0103m\u00e2na viitoare - Buletin de Bucure\u0219ti<\/title>\n<meta name=\"description\" content=\"TRASEUL liniei de tramvai 40 se scurteaz\u0103. De\u00a0mar\u021bi,\u00a022.04.2025, linia 40\u00a0va func\u021biona \u00eentre\u00a0\u201eBd. Theodor Pallady\u201d \u0219i \u201eFaur\u201d.\" \/>\n<meta name=\"robots\" content=\"index, follow, max-snippet:-1, max-image-preview:large, max-video-preview:-1\" \/>\n<link rel=\"canonical\" href=\"https:\/\/buletin.de\/bucuresti\/traseul-liniei-de-tramvai-40-se-scurteaza\/\" \/>\n<meta property=\"og:locale\" content=\"en_GB\" \/>\n<meta property=\"og:type\" content=\"article\" \/>\n<meta property=\"og:title\" content=\"Traseul liniei de tramvai 40 se scurteaz\u0103 p\u00e2n\u0103 la sta\u021bia Faur, de s\u0103pt\u0103m\u00e2na viitoare\" \/>\n<meta property=\"og:description\" content=\"TRASEUL liniei de tramvai 40 se scurteaz\u0103. De\u00a0mar\u021bi,\u00a022.04.2025, linia 40\u00a0va func\u021biona \u00eentre\u00a0\u201eBd. Theodor Pallady\u201d \u0219i \u201eFaur\u201d.\" \/>\n<meta property=\"og:url\" content=\"https:\/\/buletin.de\/bucuresti\/traseul-liniei-de-tramvai-40-se-scurteaza\/\" \/>\n<meta property=\"og:site_name\" content=\"Buletin de Bucure\u0219ti\" \/>\n<meta property=\"article:publisher\" content=\"https:\/\/www.facebook.com\/buletin.de.buc\" \/>\n<meta property=\"article:published_time\" content=\"2025-04-17T11:53:19+00:00\" \/>\n<meta property=\"article:modified_time\" content=\"2025-04-17T11:53:20+00:00\" \/>\n<meta property=\"og:image\" content=\"https:\/\/buletin.de\/bucuresti\/wp-content\/uploads\/2025\/04\/40-Basarabia-1000x632.png\" \/>\n\t<meta property=\"og:image:width\" content=\"1000\" \/>\n\t<meta property=\"og:image:height\" content=\"632\" \/>\n\t<meta property=\"og:image:type\" content=\"image\/png\" \/>\n<meta name=\"author\" content=\"Diana Matei\" \/>\n<meta name=\"twitter:card\" content=\"summary_large_image\" \/>\n<meta name=\"twitter:label1\" content=\"Written by\" \/>\n\t<meta name=\"twitter:data1\" content=\"Diana Matei\" \/>\n\t<meta name=\"twitter:label2\" content=\"Estimated reading time\" \/>\n\t<meta name=\"twitter:data2\" content=\"3 minutes\" \/>\n<script type=\"application\/ld+json\" class=\"yoast-schema-graph\">{\"@context\":\"https:\\\/\\\/schema.org\",\"@graph\":[{\"@type\":\"Article\",\"@id\":\"https:\\\/\\\/buletin.de\\\/bucuresti\\\/traseul-liniei-de-tramvai-40-se-scurteaza\\\/#article\",\"isPartOf\":{\"@id\":\"https:\\\/\\\/buletin.de\\\/bucuresti\\\/traseul-liniei-de-tramvai-40-se-scurteaza\\\/\"},\"author\":{\"name\":\"Diana Matei\",\"@id\":\"https:\\\/\\\/buletin.de\\\/bucuresti\\\/#\\\/schema\\\/person\\\/7e46040573290777280a0835d81ea4ea\"},\"headline\":\"Traseul liniei de tramvai 40 se scurteaz\u0103 p\u00e2n\u0103 la sta\u021bia Faur, de s\u0103pt\u0103m\u00e2na viitoare\",\"datePublished\":\"2025-04-17T11:53:19+00:00\",\"dateModified\":\"2025-04-17T11:53:20+00:00\",\"mainEntityOfPage\":{\"@id\":\"https:\\\/\\\/buletin.de\\\/bucuresti\\\/traseul-liniei-de-tramvai-40-se-scurteaza\\\/\"},\"wordCount\":458,\"publisher\":{\"@id\":\"https:\\\/\\\/buletin.de\\\/bucuresti\\\/#organization\"},\"image\":{\"@id\":\"https:\\\/\\\/buletin.de\\\/bucuresti\\\/traseul-liniei-de-tramvai-40-se-scurteaza\\\/#primaryimage\"},\"thumbnailUrl\":\"https:\\\/\\\/buletin.de\\\/bucuresti\\\/wp-content\\\/uploads\\\/2025\\\/04\\\/40-Basarabia.png\",\"keywords\":[\"Linia 40\",\"Pia\u021ba Sf\u00e2nta Vineri\",\"statia Faur\",\"stb\",\"tpbi\"],\"articleSection\":[\"Articole\",\"\u0218tiri\",\"Transport\"],\"inLanguage\":\"en-GB\",\"copyrightYear\":\"2025\",\"copyrightHolder\":{\"@id\":\"https:\\\/\\\/buletin.de\\\/bucuresti\\\/#organization\"}},{\"@type\":\"WebPage\",\"@id\":\"https:\\\/\\\/buletin.de\\\/bucuresti\\\/traseul-liniei-de-tramvai-40-se-scurteaza\\\/\",\"url\":\"https:\\\/\\\/buletin.de\\\/bucuresti\\\/traseul-liniei-de-tramvai-40-se-scurteaza\\\/\",\"name\":\"Traseul liniei de tramvai 40 se scurteaz\u0103 p\u00e2n\u0103 la sta\u021bia Faur, de s\u0103pt\u0103m\u00e2na viitoare - Buletin de Bucure\u0219ti\",\"isPartOf\":{\"@id\":\"https:\\\/\\\/buletin.de\\\/bucuresti\\\/#website\"},\"primaryImageOfPage\":{\"@id\":\"https:\\\/\\\/buletin.de\\\/bucuresti\\\/traseul-liniei-de-tramvai-40-se-scurteaza\\\/#primaryimage\"},\"image\":{\"@id\":\"https:\\\/\\\/buletin.de\\\/bucuresti\\\/traseul-liniei-de-tramvai-40-se-scurteaza\\\/#primaryimage\"},\"thumbnailUrl\":\"https:\\\/\\\/buletin.de\\\/bucuresti\\\/wp-content\\\/uploads\\\/2025\\\/04\\\/40-Basarabia.png\",\"datePublished\":\"2025-04-17T11:53:19+00:00\",\"dateModified\":\"2025-04-17T11:53:20+00:00\",\"description\":\"TRASEUL liniei de tramvai 40 se scurteaz\u0103. De\u00a0mar\u021bi,\u00a022.04.2025, linia 40\u00a0va func\u021biona \u00eentre\u00a0\u201eBd. Theodor Pallady\u201d \u0219i \u201eFaur\u201d.\",\"breadcrumb\":{\"@id\":\"https:\\\/\\\/buletin.de\\\/bucuresti\\\/traseul-liniei-de-tramvai-40-se-scurteaza\\\/#breadcrumb\"},\"inLanguage\":\"en-GB\",\"potentialAction\":[{\"@type\":\"ReadAction\",\"target\":[\"https:\\\/\\\/buletin.de\\\/bucuresti\\\/traseul-liniei-de-tramvai-40-se-scurteaza\\\/\"]}]},{\"@type\":\"ImageObject\",\"inLanguage\":\"en-GB\",\"@id\":\"https:\\\/\\\/buletin.de\\\/bucuresti\\\/traseul-liniei-de-tramvai-40-se-scurteaza\\\/#primaryimage\",\"url\":\"https:\\\/\\\/buletin.de\\\/bucuresti\\\/wp-content\\\/uploads\\\/2025\\\/04\\\/40-Basarabia.png\",\"contentUrl\":\"https:\\\/\\\/buletin.de\\\/bucuresti\\\/wp-content\\\/uploads\\\/2025\\\/04\\\/40-Basarabia.png\",\"width\":2000,\"height\":1264,\"caption\":\"Traseul liniei de tramvai 40 se scurteaz\u0103 p\u00e2n\u0103 la sta\u021bia Faur, de s\u0103pt\u0103m\u00e2na viitoare. FOTO: TPBI\"},{\"@type\":\"BreadcrumbList\",\"@id\":\"https:\\\/\\\/buletin.de\\\/bucuresti\\\/traseul-liniei-de-tramvai-40-se-scurteaza\\\/#breadcrumb\",\"itemListElement\":[{\"@type\":\"ListItem\",\"position\":1,\"name\":\"Acas\u0103\",\"item\":\"https:\\\/\\\/buletin.de\\\/bucuresti\\\/\"},{\"@type\":\"ListItem\",\"position\":2,\"name\":\"Traseul liniei de tramvai 40 se scurteaz\u0103 p\u00e2n\u0103 la sta\u021bia Faur, de s\u0103pt\u0103m\u00e2na viitoare\"}]},{\"@type\":\"WebSite\",\"@id\":\"https:\\\/\\\/buletin.de\\\/bucuresti\\\/#website\",\"url\":\"https:\\\/\\\/buletin.de\\\/bucuresti\\\/\",\"name\":\"Buletin de Bucure\u0219ti\",\"description\":\"\u0218tiri \u0219i investiga\u021bii esen\u021biale din capital\u0103\",\"publisher\":{\"@id\":\"https:\\\/\\\/buletin.de\\\/bucuresti\\\/#organization\"},\"potentialAction\":[{\"@type\":\"SearchAction\",\"target\":{\"@type\":\"EntryPoint\",\"urlTemplate\":\"https:\\\/\\\/buletin.de\\\/bucuresti\\\/?s={search_term_string}\"},\"query-input\":{\"@type\":\"PropertyValueSpecification\",\"valueRequired\":true,\"valueName\":\"search_term_string\"}}],\"inLanguage\":\"en-GB\"},{\"@type\":\"Organization\",\"@id\":\"https:\\\/\\\/buletin.de\\\/bucuresti\\\/#organization\",\"name\":\"Buletin de Bucure\u0219ti\",\"url\":\"https:\\\/\\\/buletin.de\\\/bucuresti\\\/\",\"logo\":{\"@type\":\"ImageObject\",\"inLanguage\":\"en-GB\",\"@id\":\"https:\\\/\\\/buletin.de\\\/bucuresti\\\/#\\\/schema\\\/logo\\\/image\\\/\",\"url\":\"https:\\\/\\\/buletin.de\\\/bucuresti\\\/wp-content\\\/uploads\\\/logo-bdb-full-wide-vernil-transparent.png\",\"contentUrl\":\"https:\\\/\\\/buletin.de\\\/bucuresti\\\/wp-content\\\/uploads\\\/logo-bdb-full-wide-vernil-transparent.png\",\"width\":1782,\"height\":626,\"caption\":\"Buletin de Bucure\u0219ti\"},\"image\":{\"@id\":\"https:\\\/\\\/buletin.de\\\/bucuresti\\\/#\\\/schema\\\/logo\\\/image\\\/\"},\"sameAs\":[\"https:\\\/\\\/www.facebook.com\\\/buletin.de.buc\",\"https:\\\/\\\/www.instagram.com\\\/buletinde.bucuresti\\\/\"]},{\"@type\":\"Person\",\"@id\":\"https:\\\/\\\/buletin.de\\\/bucuresti\\\/#\\\/schema\\\/person\\\/7e46040573290777280a0835d81ea4ea\",\"name\":\"Diana Matei\",\"image\":{\"@type\":\"ImageObject\",\"inLanguage\":\"en-GB\",\"@id\":\"https:\\\/\\\/buletin.de\\\/bucuresti\\\/wp-content\\\/uploads\\\/9-2-96x96.jpg1e8590b30871d70e62ebcdaf2eff570c\",\"url\":\"https:\\\/\\\/buletin.de\\\/bucuresti\\\/wp-content\\\/uploads\\\/9-2-96x96.jpg\",\"contentUrl\":\"https:\\\/\\\/buletin.de\\\/bucuresti\\\/wp-content\\\/uploads\\\/9-2-96x96.jpg\",\"caption\":\"Diana Matei\"},\"url\":\"https:\\\/\\\/buletin.de\\\/bucuresti\\\/author\\\/dianamatei\\\/\"}]}<\/script>\n<!-- \/ Yoast SEO Premium plugin. -->","yoast_head_json":{"title":"Traseul liniei de tramvai 40 se scurteaz\u0103 p\u00e2n\u0103 la sta\u021bia Faur, de s\u0103pt\u0103m\u00e2na viitoare - Buletin de Bucure\u0219ti","description":"TRASEUL liniei de tramvai 40 se scurteaz\u0103. De\u00a0mar\u021bi,\u00a022.04.2025, linia 40\u00a0va func\u021biona \u00eentre\u00a0\u201eBd. Theodor Pallady\u201d \u0219i \u201eFaur\u201d.","robots":{"index":"index","follow":"follow","max-snippet":"max-snippet:-1","max-image-preview":"max-image-preview:large","max-video-preview":"max-video-preview:-1"},"canonical":"https:\/\/buletin.de\/bucuresti\/traseul-liniei-de-tramvai-40-se-scurteaza\/","og_locale":"en_GB","og_type":"article","og_title":"Traseul liniei de tramvai 40 se scurteaz\u0103 p\u00e2n\u0103 la sta\u021bia Faur, de s\u0103pt\u0103m\u00e2na viitoare","og_description":"TRASEUL liniei de tramvai 40 se scurteaz\u0103. De\u00a0mar\u021bi,\u00a022.04.2025, linia 40\u00a0va func\u021biona \u00eentre\u00a0\u201eBd. Theodor Pallady\u201d \u0219i \u201eFaur\u201d.","og_url":"https:\/\/buletin.de\/bucuresti\/traseul-liniei-de-tramvai-40-se-scurteaza\/","og_site_name":"Buletin de Bucure\u0219ti","article_publisher":"https:\/\/www.facebook.com\/buletin.de.buc","article_published_time":"2025-04-17T11:53:19+00:00","article_modified_time":"2025-04-17T11:53:20+00:00","og_image":[{"width":1000,"height":632,"url":"https:\/\/buletin.de\/bucuresti\/wp-content\/uploads\/2025\/04\/40-Basarabia-1000x632.png","type":"image\/png"}],"author":"Diana Matei","twitter_card":"summary_large_image","twitter_misc":{"Written by":"Diana Matei","Estimated reading time":"3 minutes"},"schema":{"@context":"https:\/\/schema.org","@graph":[{"@type":"Article","@id":"https:\/\/buletin.de\/bucuresti\/traseul-liniei-de-tramvai-40-se-scurteaza\/#article","isPartOf":{"@id":"https:\/\/buletin.de\/bucuresti\/traseul-liniei-de-tramvai-40-se-scurteaza\/"},"author":{"name":"Diana Matei","@id":"https:\/\/buletin.de\/bucuresti\/#\/schema\/person\/7e46040573290777280a0835d81ea4ea"},"headline":"Traseul liniei de tramvai 40 se scurteaz\u0103 p\u00e2n\u0103 la sta\u021bia Faur, de s\u0103pt\u0103m\u00e2na viitoare","datePublished":"2025-04-17T11:53:19+00:00","dateModified":"2025-04-17T11:53:20+00:00","mainEntityOfPage":{"@id":"https:\/\/buletin.de\/bucuresti\/traseul-liniei-de-tramvai-40-se-scurteaza\/"},"wordCount":458,"publisher":{"@id":"https:\/\/buletin.de\/bucuresti\/#organization"},"image":{"@id":"https:\/\/buletin.de\/bucuresti\/traseul-liniei-de-tramvai-40-se-scurteaza\/#primaryimage"},"thumbnailUrl":"https:\/\/buletin.de\/bucuresti\/wp-content\/uploads\/2025\/04\/40-Basarabia.png","keywords":["Linia 40","Pia\u021ba Sf\u00e2nta Vineri","statia Faur","stb","tpbi"],"articleSection":["Articole","\u0218tiri","Transport"],"inLanguage":"en-GB","copyrightYear":"2025","copyrightHolder":{"@id":"https:\/\/buletin.de\/bucuresti\/#organization"}},{"@type":"WebPage","@id":"https:\/\/buletin.de\/bucuresti\/traseul-liniei-de-tramvai-40-se-scurteaza\/","url":"https:\/\/buletin.de\/bucuresti\/traseul-liniei-de-tramvai-40-se-scurteaza\/","name":"Traseul liniei de tramvai 40 se scurteaz\u0103 p\u00e2n\u0103 la sta\u021bia Faur, de s\u0103pt\u0103m\u00e2na viitoare - Buletin de Bucure\u0219ti","isPartOf":{"@id":"https:\/\/buletin.de\/bucuresti\/#website"},"primaryImageOfPage":{"@id":"https:\/\/buletin.de\/bucuresti\/traseul-liniei-de-tramvai-40-se-scurteaza\/#primaryimage"},"image":{"@id":"https:\/\/buletin.de\/bucuresti\/traseul-liniei-de-tramvai-40-se-scurteaza\/#primaryimage"},"thumbnailUrl":"https:\/\/buletin.de\/bucuresti\/wp-content\/uploads\/2025\/04\/40-Basarabia.png","datePublished":"2025-04-17T11:53:19+00:00","dateModified":"2025-04-17T11:53:20+00:00","description":"TRASEUL liniei de tramvai 40 se scurteaz\u0103. De\u00a0mar\u021bi,\u00a022.04.2025, linia 40\u00a0va func\u021biona \u00eentre\u00a0\u201eBd. Theodor Pallady\u201d \u0219i \u201eFaur\u201d.","breadcrumb":{"@id":"https:\/\/buletin.de\/bucuresti\/traseul-liniei-de-tramvai-40-se-scurteaza\/#breadcrumb"},"inLanguage":"en-GB","potentialAction":[{"@type":"ReadAction","target":["https:\/\/buletin.de\/bucuresti\/traseul-liniei-de-tramvai-40-se-scurteaza\/"]}]},{"@type":"ImageObject","inLanguage":"en-GB","@id":"https:\/\/buletin.de\/bucuresti\/traseul-liniei-de-tramvai-40-se-scurteaza\/#primaryimage","url":"https:\/\/buletin.de\/bucuresti\/wp-content\/uploads\/2025\/04\/40-Basarabia.png","contentUrl":"https:\/\/buletin.de\/bucuresti\/wp-content\/uploads\/2025\/04\/40-Basarabia.png","width":2000,"height":1264,"caption":"Traseul liniei de tramvai 40 se scurteaz\u0103 p\u00e2n\u0103 la sta\u021bia Faur, de s\u0103pt\u0103m\u00e2na viitoare. FOTO: TPBI"},{"@type":"BreadcrumbList","@id":"https:\/\/buletin.de\/bucuresti\/traseul-liniei-de-tramvai-40-se-scurteaza\/#breadcrumb","itemListElement":[{"@type":"ListItem","position":1,"name":"Acas\u0103","item":"https:\/\/buletin.de\/bucuresti\/"},{"@type":"ListItem","position":2,"name":"Traseul liniei de tramvai 40 se scurteaz\u0103 p\u00e2n\u0103 la sta\u021bia Faur, de s\u0103pt\u0103m\u00e2na viitoare"}]},{"@type":"WebSite","@id":"https:\/\/buletin.de\/bucuresti\/#website","url":"https:\/\/buletin.de\/bucuresti\/","name":"Buletin de Bucure\u0219ti","description":"\u0218tiri \u0219i investiga\u021bii esen\u021biale din capital\u0103","publisher":{"@id":"https:\/\/buletin.de\/bucuresti\/#organization"},"potentialAction":[{"@type":"SearchAction","target":{"@type":"EntryPoint","urlTemplate":"https:\/\/buletin.de\/bucuresti\/?s={search_term_string}"},"query-input":{"@type":"PropertyValueSpecification","valueRequired":true,"valueName":"search_term_string"}}],"inLanguage":"en-GB"},{"@type":"Organization","@id":"https:\/\/buletin.de\/bucuresti\/#organization","name":"Buletin de Bucure\u0219ti","url":"https:\/\/buletin.de\/bucuresti\/","logo":{"@type":"ImageObject","inLanguage":"en-GB","@id":"https:\/\/buletin.de\/bucuresti\/#\/schema\/logo\/image\/","url":"https:\/\/buletin.de\/bucuresti\/wp-content\/uploads\/logo-bdb-full-wide-vernil-transparent.png","contentUrl":"https:\/\/buletin.de\/bucuresti\/wp-content\/uploads\/logo-bdb-full-wide-vernil-transparent.png","width":1782,"height":626,"caption":"Buletin de Bucure\u0219ti"},"image":{"@id":"https:\/\/buletin.de\/bucuresti\/#\/schema\/logo\/image\/"},"sameAs":["https:\/\/www.facebook.com\/buletin.de.buc","https:\/\/www.instagram.com\/buletinde.bucuresti\/"]},{"@type":"Person","@id":"https:\/\/buletin.de\/bucuresti\/#\/schema\/person\/7e46040573290777280a0835d81ea4ea","name":"Diana Matei","image":{"@type":"ImageObject","inLanguage":"en-GB","@id":"https:\/\/buletin.de\/bucuresti\/wp-content\/uploads\/9-2-96x96.jpg1e8590b30871d70e62ebcdaf2eff570c","url":"https:\/\/buletin.de\/bucuresti\/wp-content\/uploads\/9-2-96x96.jpg","contentUrl":"https:\/\/buletin.de\/bucuresti\/wp-content\/uploads\/9-2-96x96.jpg","caption":"Diana Matei"},"url":"https:\/\/buletin.de\/bucuresti\/author\/dianamatei\/"}]}},"authors":[{"term_id":22574,"user_id":49,"is_guest":0,"slug":"dianamatei","display_name":"Diana Matei","avatar_url":"https:\/\/buletin.de\/bucuresti\/wp-content\/uploads\/9-2-96x96.jpg","0":null,"1":"","2":"","3":"","4":"","5":"","6":"","7":"","8":""}],"_links":{"self":[{"href":"https:\/\/buletin.de\/bucuresti\/wp-json\/wp\/v2\/posts\/126804","targetHints":{"allow":["GET"]}}],"collection":[{"href":"https:\/\/buletin.de\/bucuresti\/wp-json\/wp\/v2\/posts"}],"about":[{"href":"https:\/\/buletin.de\/bucuresti\/wp-json\/wp\/v2\/types\/post"}],"author":[{"embeddable":true,"href":"https:\/\/buletin.de\/bucuresti\/wp-json\/wp\/v2\/users\/49"}],"replies":[{"embeddable":true,"href":"https:\/\/buletin.de\/bucuresti\/wp-json\/wp\/v2\/comments?post=126804"}],"version-history":[{"count":1,"href":"https:\/\/buletin.de\/bucuresti\/wp-json\/wp\/v2\/posts\/126804\/revisions"}],"predecessor-version":[{"id":126809,"href":"https:\/\/buletin.de\/bucuresti\/wp-json\/wp\/v2\/posts\/126804\/revisions\/126809"}],"wp:featuredmedia":[{"embeddable":true,"href":"https:\/\/buletin.de\/bucuresti\/wp-json\/wp\/v2\/media\/126808"}],"wp:attachment":[{"href":"https:\/\/buletin.de\/bucuresti\/wp-json\/wp\/v2\/media?parent=126804"}],"wp:term":[{"taxonomy":"category","embeddable":true,"href":"https:\/\/buletin.de\/bucuresti\/wp-json\/wp\/v2\/categories?post=126804"},{"taxonomy":"post_tag","embeddable":true,"href":"https:\/\/buletin.de\/bucuresti\/wp-json\/wp\/v2\/tags?post=126804"},{"taxonomy":"author","embeddable":true,"href":"https:\/\/buletin.de\/bucuresti\/wp-json\/wp\/v2\/ppma_author?post=126804"}],"curies":[{"name":"wp","href":"https:\/\/api.w.org\/{rel}","templated":true}]}}