{"id":126795,"date":"2025-04-17T15:06:27","date_gmt":"2025-04-17T12:06:27","guid":{"rendered":"https:\/\/buletin.de\/bucuresti\/?p=126795"},"modified":"2025-04-17T15:06:28","modified_gmt":"2025-04-17T12:06:28","slug":"patru-linii-stb-nu-mai-intorc-la-arena-nationala","status":"publish","type":"post","link":"https:\/\/buletin.de\/bucuresti\/patru-linii-stb-nu-mai-intorc-la-arena-nationala\/","title":{"rendered":"Patru linii STB nu mai \u00eentorc la \u201eArena Na\u021bional\u0103\u201d, duminic\u0103 20 aprilie. Are loc meciul de fotbal FCSB \u0219i CFR Cluj"},"content":{"rendered":"\n<p><strong>Patru linii STB nu mai \u00eentorc la \u201eArena Na\u021bional\u0103\u201d, duminic\u0103 20 aprilie. Pentru a permite accesul \u00een siguran\u021b\u0103 al publicului la meciul de fotbal dintre echipele FCSB \u0219i CFR Cluj, programat\u00a0duminic\u0103, 20.04.2025,\u00a0\u00eencep\u00e2nd cu ora 20:00,\u00a0<em>dac\u0103 situa\u021bia o va impune<\/em>, la dispozi\u021bia Brig\u0103zii Rutiere de Poli\u021bie, liniile 86, 90 \u0219i 143\u00a0nu mai \u00eentorc la \u201eArena Na\u021bional\u0103\u201d. <\/strong><\/p>\n\n\n\n<p><strong>Autobuzele \u00a0liniei 104\u00a0vor fi deviate pe \u0218oseaua Iancului.<\/strong><\/p>\n\n\n\n<p><strong><em>\u00cen acest caz, traficul se va desf\u0103\u0219ura astfel:<\/em><\/strong><\/p>\n\n\n\n<p>\u2013&nbsp;<strong>liniile de troleibuz 86 \u0219i 90<\/strong>&nbsp;vor func\u021biona pe traseele de baz\u0103 \u00eentre terminalele&nbsp;<strong>\u201eCl\u0103bucet<\/strong>\u201d, respectiv&nbsp;<strong>\u201eM Petrache Poenaru\u201d&nbsp;<\/strong>\u0219i intersec\u021bia Str. Vatra Luminoas\u0103\/ Str. Tony Bulandra, apoi pe un traseu modificat \u00een ambele sensuri pe Str. Tony Bulandra, cu \u00eentoarcere \u00een Depoul Vatra Luminoas\u0103.<\/p>\n\n\n\n<p>\u2013&nbsp;<strong>linia de autobuz 104<\/strong>&nbsp;va func\u021biona pe traseul de baz\u0103 \u00eentre terminalul \u201eComplex Comercial Pantelimon\u201d \u0219i intersec\u021bia \u0218os. Iancului\/ Bd. Pierre de Coubertin, apoi pe un traseu modificat \u00een ambele sensuri pe \u0218os. Iancului, \u0218os. Mihai Bravu, Bd. Decebal, apoi traseul actual.<\/p>\n\n\n\n<p><strong>Patru linii STB nu mai \u00eentorc la \u201eArena Na\u021bional\u0103\u201d, duminic\u0103 20 aprilie. Linia de autobuz 143<\/strong>\u00a0va func\u021biona pe traseul de baz\u0103 \u00eentre terminalul \u201eBucur Obor\u201d \u0219i intersec\u021bia Str.\u00a0Baicului\/ \u0218os. Pantelimon, apoi pe un traseu modificat pe \u0218os. Pantelimon, Bd.\u00a0Ferdinand, Bd. G\u0103rii Obor, p\u00e2n\u0103 la terminalul\u00a0 \u201eBaicului\u201d (cap\u0103tul liniilor 69, 85 \u0219i 382), cu \u00eentoarcere pe Str. Baicului, Str. Paharnicul Turturea, Str. Dumitru Slugeru, apoi traseul actual.<\/p>\n\n\n\n<p><strong>CITE\u0218TE \u0218I:<\/strong> <a href=\"https:\/\/buletin.de\/bucuresti\/retele-electrice-muntenia-intrerupe-curentul-electric-3\/\">Re\u021bele Electrice Muntenia \u00eentrerupe curentul electric \u00een Bucure\u0219ti, Giurgiu \u0219i Ilfov. Care sunt zonele vizate<\/a><\/p>\n\n\n\n<div class=\"wp-block-buttons is-content-justification-center is-layout-flex wp-container-core-buttons-is-layout-16018d1d wp-block-buttons-is-layout-flex\">\n<div class=\"wp-block-button has-custom-width wp-block-button__width-100\"><a class=\"wp-block-button__link wp-element-button\" href=\"https:\/\/www.patreon.com\/BuletinDeBucuresti\"><strong>Sus\u021bine Buletin de Bucure\u0219ti pentru investiga\u021bii, reportaje \u0219i \u0219tiri Locale<\/strong><\/a><\/div>\n<\/div>\n\n\n\n<h2 class=\"wp-block-heading\" id=\"h-traseul-liniei-de-tramvai-40-se-scurteaza-pana-la-sta\u021bia-faur-de-saptamana-viitoare\">Traseul liniei de tramvai 40 se scurteaz\u0103 p\u00e2n\u0103 la sta\u021bia Faur, de s\u0103pt\u0103m\u00e2na viitoare<\/h2>\n\n\n\n<p><strong>Ca urmare a lucr\u0103rilor la calea de rulare a tramvaielor de la intersec\u021bia Bd. Chi\u0219in\u0103u\/ Bd. Basarabia traseul liniei de tramvai 40 se scurteaz\u0103. De&nbsp;mar\u021bi,&nbsp;22.04.2025, linia 40&nbsp;va func\u021biona \u00eentre&nbsp;\u201eBd. Theodor Pallady\u201d \u0219i \u201eFaur\u201d.<\/strong><\/p>\n\n\n\n<p>Pe tronsonul&nbsp;<strong>\u201eFaur\u201d \u2013 \u201ePia\u021ba Sf\u00e2nta Vineri\u201d<\/strong>&nbsp;vor circula autobuzele nou-\u00eenfiin\u021batei&nbsp;<strong>linii navet\u0103 640.<\/strong><\/p>\n\n\n\n<figure class=\"wp-block-image size-large\"><img fetchpriority=\"high\" decoding=\"async\" width=\"1000\" height=\"631\" src=\"data:image\/gif;base64,R0lGODlhAQABAAAAACH5BAEKAAEALAAAAAABAAEAAAICTAEAOw==\" data-src=\"https:\/\/buletin.de\/bucuresti\/wp-content\/uploads\/2025\/04\/40-640-site-002-2-1-1000x631.png\" alt=\"\" class=\"wp-image-126813 lazyload\" data-sizes=\"auto\" data-srcset=\"https:\/\/buletin.de\/bucuresti\/wp-content\/uploads\/2025\/04\/40-640-site-002-2-1-1000x631.png 1000w, https:\/\/buletin.de\/bucuresti\/wp-content\/uploads\/2025\/04\/40-640-site-002-2-1-300x189.png 300w, https:\/\/buletin.de\/bucuresti\/wp-content\/uploads\/2025\/04\/40-640-site-002-2-1-768x485.png 768w, https:\/\/buletin.de\/bucuresti\/wp-content\/uploads\/2025\/04\/40-640-site-002-2-1-1100x694.png 1100w, https:\/\/buletin.de\/bucuresti\/wp-content\/uploads\/2025\/04\/40-640-site-002-2-1-600x379.png 600w, https:\/\/buletin.de\/bucuresti\/wp-content\/uploads\/2025\/04\/40-640-site-002-2-1-20x13.png 20w, https:\/\/buletin.de\/bucuresti\/wp-content\/uploads\/2025\/04\/40-640-site-002-2-1.png 1144w\" sizes=\"(max-width: 1000px) 100vw, 1000px\" \/><\/figure>\n\n\n\n<p><a href=\"https:\/\/tpbi.ro\/\">Potrivit Asocia\u021biei de Dezvoltare Intercomunitar\u0103 pentru Transport Public Bucure\u0219ti \u2013 Ilfov (TPBI)<\/a>, pe durata lucr\u0103rilor, tramvaiele\u00a0<strong>liniei 40<\/strong>\u00a0vor circula pe traseul:<\/p>\n\n\n\n<ul class=\"wp-block-list\">\n<li>terminal \u201eBd.Theodor Pallady\u201d;<\/li>\n\n\n\n<li>Bd.Theodor Pallady;<\/li>\n\n\n\n<li>Bd.1 Decembrie 1918;<\/li>\n\n\n\n<li>\u201eFaur\u201d;<\/li>\n\n\n\n<li>retur.<\/li>\n<\/ul>\n\n\n\n<p>Pentru preluarea c\u0103l\u0103torilor, TPBI \u00eenfiin\u021beaz\u0103&nbsp;<strong>linia navet\u0103 de autobuz 640<\/strong>, care va func\u021biona astfel:<\/p>\n\n\n\n<p>\u201eFaur\u201d;<\/p>\n\n\n\n<p>Bd. 1 Decembrie 1918;<\/p>\n\n\n\n<p>Bd. Basarabia;<\/p>\n\n\n\n<p>Calea C\u0103l\u0103ra\u0219i;<\/p>\n\n\n\n<p>Bd.&nbsp;Corneliu Coposu;<\/p>\n\n\n\n<p>\u201ePia\u021ba Sf. Vineri\u201d.<\/p>\n\n\n\n<p><strong>CITE\u0218TE \u0218I:<\/strong> <a href=\"https:\/\/buletin.de\/bucuresti\/hotel-al-armatei-vizavi-de-moghioros-ciprian-ciucu-generalii-sunt-mai-puternici-decat-primarii\/\">Hotel al Armatei, vizavi de Moghioro\u0219. Ciprian Ciucu: \u201eGeneralii sunt mai puternici dec\u00e2t primarii\u201d<\/a><\/p>\n\n\n\n<p><\/p>\n","protected":false},"excerpt":{"rendered":"<p>Patru linii STB nu mai \u00eentorc la \u201eArena Na\u021bional\u0103\u201d, duminic\u0103 20 aprilie. Pentru a permite accesul \u00een siguran\u021b\u0103 al publicului la meciul de fotbal dintre echipele FCSB \u0219i CFR Cluj, programat\u00a0duminic\u0103, 20.04.2025,\u00a0\u00eencep\u00e2nd cu ora 20:00,\u00a0dac\u0103 situa\u021bia o va impune, la dispozi\u021bia Brig\u0103zii Rutiere de Poli\u021bie, liniile 86, 90 \u0219i 143\u00a0nu mai \u00eentorc la \u201eArena Na\u021bional\u0103\u201d. [&hellip;]<\/p>\n","protected":false},"author":49,"featured_media":126818,"comment_status":"closed","ping_status":"open","sticky":false,"template":"","format":"standard","meta":{"_acf_changed":false,"inline_featured_image":false,"ngg_post_thumbnail":0,"footnotes":""},"categories":[6994,62,650],"tags":[11344,16420,12150,12151,2842],"ppma_author":[22574],"class_list":["post-126795","post","type-post","status-publish","format-standard","has-post-thumbnail","hentry","category-stiri-2","category-stiri","category-transport","tag-linia-104","tag-linia-143","tag-linia-86","tag-linia-90","tag-tpbi"],"acf":[],"yoast_head":"<!-- This site is optimized with the Yoast SEO Premium plugin v25.3 (Yoast SEO v27.4) - https:\/\/yoast.com\/product\/yoast-seo-premium-wordpress\/ -->\n<title>Patru linii STB nu mai \u00eentorc la \u201eArena Na\u021bional\u0103\u201d, duminic\u0103 20 aprilie. Are loc meciul de fotbal FCSB \u0219i CFR Cluj - Buletin de Bucure\u0219ti<\/title>\n<meta name=\"description\" content=\"Patru linii STB nu mai \u00eentorc la \u201eArena Na\u021bional\u0103\u201d, duminic\u0103 20 aprilie. Este vorba despre liniile 86, 90 \u0219i 143\u00a0.\" \/>\n<meta name=\"robots\" content=\"index, follow, max-snippet:-1, max-image-preview:large, max-video-preview:-1\" \/>\n<link rel=\"canonical\" href=\"https:\/\/buletin.de\/bucuresti\/patru-linii-stb-nu-mai-intorc-la-arena-nationala\/\" \/>\n<meta property=\"og:locale\" content=\"en_GB\" \/>\n<meta property=\"og:type\" content=\"article\" \/>\n<meta property=\"og:title\" content=\"Patru linii STB nu mai \u00eentorc la \u201eArena Na\u021bional\u0103\u201d, duminic\u0103 20 aprilie. Are loc meciul de fotbal FCSB \u0219i CFR Cluj\" \/>\n<meta property=\"og:description\" content=\"Patru linii STB nu mai \u00eentorc la \u201eArena Na\u021bional\u0103\u201d, duminic\u0103 20 aprilie. Este vorba despre liniile 86, 90 \u0219i 143\u00a0.\" \/>\n<meta property=\"og:url\" content=\"https:\/\/buletin.de\/bucuresti\/patru-linii-stb-nu-mai-intorc-la-arena-nationala\/\" \/>\n<meta property=\"og:site_name\" content=\"Buletin de Bucure\u0219ti\" \/>\n<meta property=\"article:publisher\" content=\"https:\/\/www.facebook.com\/buletin.de.buc\" \/>\n<meta property=\"article:published_time\" content=\"2025-04-17T12:06:27+00:00\" \/>\n<meta property=\"article:modified_time\" content=\"2025-04-17T12:06:28+00:00\" \/>\n<meta property=\"og:image\" content=\"https:\/\/buletin.de\/bucuresti\/wp-content\/uploads\/2025\/04\/86-si-90-Arena-Nationala-1000x632.png\" \/>\n\t<meta property=\"og:image:width\" content=\"1000\" \/>\n\t<meta property=\"og:image:height\" content=\"632\" \/>\n\t<meta property=\"og:image:type\" content=\"image\/png\" \/>\n<meta name=\"author\" content=\"Diana Matei\" \/>\n<meta name=\"twitter:card\" content=\"summary_large_image\" \/>\n<meta name=\"twitter:label1\" content=\"Written by\" \/>\n\t<meta name=\"twitter:data1\" content=\"Diana Matei\" \/>\n\t<meta name=\"twitter:label2\" content=\"Estimated reading time\" \/>\n\t<meta name=\"twitter:data2\" content=\"3 minutes\" \/>\n<script type=\"application\/ld+json\" class=\"yoast-schema-graph\">{\"@context\":\"https:\\\/\\\/schema.org\",\"@graph\":[{\"@type\":\"Article\",\"@id\":\"https:\\\/\\\/buletin.de\\\/bucuresti\\\/patru-linii-stb-nu-mai-intorc-la-arena-nationala\\\/#article\",\"isPartOf\":{\"@id\":\"https:\\\/\\\/buletin.de\\\/bucuresti\\\/patru-linii-stb-nu-mai-intorc-la-arena-nationala\\\/\"},\"author\":{\"name\":\"Diana Matei\",\"@id\":\"https:\\\/\\\/buletin.de\\\/bucuresti\\\/#\\\/schema\\\/person\\\/7e46040573290777280a0835d81ea4ea\"},\"headline\":\"Patru linii STB nu mai \u00eentorc la \u201eArena Na\u021bional\u0103\u201d, duminic\u0103 20 aprilie. Are loc meciul de fotbal FCSB \u0219i CFR Cluj\",\"datePublished\":\"2025-04-17T12:06:27+00:00\",\"dateModified\":\"2025-04-17T12:06:28+00:00\",\"mainEntityOfPage\":{\"@id\":\"https:\\\/\\\/buletin.de\\\/bucuresti\\\/patru-linii-stb-nu-mai-intorc-la-arena-nationala\\\/\"},\"wordCount\":466,\"publisher\":{\"@id\":\"https:\\\/\\\/buletin.de\\\/bucuresti\\\/#organization\"},\"image\":{\"@id\":\"https:\\\/\\\/buletin.de\\\/bucuresti\\\/patru-linii-stb-nu-mai-intorc-la-arena-nationala\\\/#primaryimage\"},\"thumbnailUrl\":\"https:\\\/\\\/buletin.de\\\/bucuresti\\\/wp-content\\\/uploads\\\/2025\\\/04\\\/86-si-90-Arena-Nationala.png\",\"keywords\":[\"linia 104\",\"linia 143\",\"linia 86\",\"linia 90\",\"tpbi\"],\"articleSection\":[\"Articole\",\"\u0218tiri\",\"Transport\"],\"inLanguage\":\"en-GB\",\"copyrightYear\":\"2025\",\"copyrightHolder\":{\"@id\":\"https:\\\/\\\/buletin.de\\\/bucuresti\\\/#organization\"}},{\"@type\":\"WebPage\",\"@id\":\"https:\\\/\\\/buletin.de\\\/bucuresti\\\/patru-linii-stb-nu-mai-intorc-la-arena-nationala\\\/\",\"url\":\"https:\\\/\\\/buletin.de\\\/bucuresti\\\/patru-linii-stb-nu-mai-intorc-la-arena-nationala\\\/\",\"name\":\"Patru linii STB nu mai \u00eentorc la \u201eArena Na\u021bional\u0103\u201d, duminic\u0103 20 aprilie. Are loc meciul de fotbal FCSB \u0219i CFR Cluj - Buletin de Bucure\u0219ti\",\"isPartOf\":{\"@id\":\"https:\\\/\\\/buletin.de\\\/bucuresti\\\/#website\"},\"primaryImageOfPage\":{\"@id\":\"https:\\\/\\\/buletin.de\\\/bucuresti\\\/patru-linii-stb-nu-mai-intorc-la-arena-nationala\\\/#primaryimage\"},\"image\":{\"@id\":\"https:\\\/\\\/buletin.de\\\/bucuresti\\\/patru-linii-stb-nu-mai-intorc-la-arena-nationala\\\/#primaryimage\"},\"thumbnailUrl\":\"https:\\\/\\\/buletin.de\\\/bucuresti\\\/wp-content\\\/uploads\\\/2025\\\/04\\\/86-si-90-Arena-Nationala.png\",\"datePublished\":\"2025-04-17T12:06:27+00:00\",\"dateModified\":\"2025-04-17T12:06:28+00:00\",\"description\":\"Patru linii STB nu mai \u00eentorc la \u201eArena Na\u021bional\u0103\u201d, duminic\u0103 20 aprilie. Este vorba despre liniile 86, 90 \u0219i 143\u00a0.\",\"breadcrumb\":{\"@id\":\"https:\\\/\\\/buletin.de\\\/bucuresti\\\/patru-linii-stb-nu-mai-intorc-la-arena-nationala\\\/#breadcrumb\"},\"inLanguage\":\"en-GB\",\"potentialAction\":[{\"@type\":\"ReadAction\",\"target\":[\"https:\\\/\\\/buletin.de\\\/bucuresti\\\/patru-linii-stb-nu-mai-intorc-la-arena-nationala\\\/\"]}]},{\"@type\":\"ImageObject\",\"inLanguage\":\"en-GB\",\"@id\":\"https:\\\/\\\/buletin.de\\\/bucuresti\\\/patru-linii-stb-nu-mai-intorc-la-arena-nationala\\\/#primaryimage\",\"url\":\"https:\\\/\\\/buletin.de\\\/bucuresti\\\/wp-content\\\/uploads\\\/2025\\\/04\\\/86-si-90-Arena-Nationala.png\",\"contentUrl\":\"https:\\\/\\\/buletin.de\\\/bucuresti\\\/wp-content\\\/uploads\\\/2025\\\/04\\\/86-si-90-Arena-Nationala.png\",\"width\":2200,\"height\":1391,\"caption\":\"Patru linii STB nu mai \u00eentorc la \u201eArena Na\u021bional\u0103\u201d, duminic\u0103 20 aprilie. Are loc meciul de fotbal FCSB \u0219i CFR Cluj. FOTO: TPBI\"},{\"@type\":\"BreadcrumbList\",\"@id\":\"https:\\\/\\\/buletin.de\\\/bucuresti\\\/patru-linii-stb-nu-mai-intorc-la-arena-nationala\\\/#breadcrumb\",\"itemListElement\":[{\"@type\":\"ListItem\",\"position\":1,\"name\":\"Acas\u0103\",\"item\":\"https:\\\/\\\/buletin.de\\\/bucuresti\\\/\"},{\"@type\":\"ListItem\",\"position\":2,\"name\":\"Patru linii STB nu mai \u00eentorc la \u201eArena Na\u021bional\u0103\u201d, duminic\u0103 20 aprilie. Are loc meciul de fotbal FCSB \u0219i CFR Cluj\"}]},{\"@type\":\"WebSite\",\"@id\":\"https:\\\/\\\/buletin.de\\\/bucuresti\\\/#website\",\"url\":\"https:\\\/\\\/buletin.de\\\/bucuresti\\\/\",\"name\":\"Buletin de Bucure\u0219ti\",\"description\":\"\u0218tiri \u0219i investiga\u021bii esen\u021biale din capital\u0103\",\"publisher\":{\"@id\":\"https:\\\/\\\/buletin.de\\\/bucuresti\\\/#organization\"},\"potentialAction\":[{\"@type\":\"SearchAction\",\"target\":{\"@type\":\"EntryPoint\",\"urlTemplate\":\"https:\\\/\\\/buletin.de\\\/bucuresti\\\/?s={search_term_string}\"},\"query-input\":{\"@type\":\"PropertyValueSpecification\",\"valueRequired\":true,\"valueName\":\"search_term_string\"}}],\"inLanguage\":\"en-GB\"},{\"@type\":\"Organization\",\"@id\":\"https:\\\/\\\/buletin.de\\\/bucuresti\\\/#organization\",\"name\":\"Buletin de Bucure\u0219ti\",\"url\":\"https:\\\/\\\/buletin.de\\\/bucuresti\\\/\",\"logo\":{\"@type\":\"ImageObject\",\"inLanguage\":\"en-GB\",\"@id\":\"https:\\\/\\\/buletin.de\\\/bucuresti\\\/#\\\/schema\\\/logo\\\/image\\\/\",\"url\":\"https:\\\/\\\/buletin.de\\\/bucuresti\\\/wp-content\\\/uploads\\\/logo-bdb-full-wide-vernil-transparent.png\",\"contentUrl\":\"https:\\\/\\\/buletin.de\\\/bucuresti\\\/wp-content\\\/uploads\\\/logo-bdb-full-wide-vernil-transparent.png\",\"width\":1782,\"height\":626,\"caption\":\"Buletin de Bucure\u0219ti\"},\"image\":{\"@id\":\"https:\\\/\\\/buletin.de\\\/bucuresti\\\/#\\\/schema\\\/logo\\\/image\\\/\"},\"sameAs\":[\"https:\\\/\\\/www.facebook.com\\\/buletin.de.buc\",\"https:\\\/\\\/www.instagram.com\\\/buletinde.bucuresti\\\/\"]},{\"@type\":\"Person\",\"@id\":\"https:\\\/\\\/buletin.de\\\/bucuresti\\\/#\\\/schema\\\/person\\\/7e46040573290777280a0835d81ea4ea\",\"name\":\"Diana Matei\",\"image\":{\"@type\":\"ImageObject\",\"inLanguage\":\"en-GB\",\"@id\":\"https:\\\/\\\/buletin.de\\\/bucuresti\\\/wp-content\\\/uploads\\\/9-2-96x96.jpg1e8590b30871d70e62ebcdaf2eff570c\",\"url\":\"https:\\\/\\\/buletin.de\\\/bucuresti\\\/wp-content\\\/uploads\\\/9-2-96x96.jpg\",\"contentUrl\":\"https:\\\/\\\/buletin.de\\\/bucuresti\\\/wp-content\\\/uploads\\\/9-2-96x96.jpg\",\"caption\":\"Diana Matei\"},\"url\":\"https:\\\/\\\/buletin.de\\\/bucuresti\\\/author\\\/dianamatei\\\/\"}]}<\/script>\n<!-- \/ Yoast SEO Premium plugin. -->","yoast_head_json":{"title":"Patru linii STB nu mai \u00eentorc la \u201eArena Na\u021bional\u0103\u201d, duminic\u0103 20 aprilie. Are loc meciul de fotbal FCSB \u0219i CFR Cluj - Buletin de Bucure\u0219ti","description":"Patru linii STB nu mai \u00eentorc la \u201eArena Na\u021bional\u0103\u201d, duminic\u0103 20 aprilie. Este vorba despre liniile 86, 90 \u0219i 143\u00a0.","robots":{"index":"index","follow":"follow","max-snippet":"max-snippet:-1","max-image-preview":"max-image-preview:large","max-video-preview":"max-video-preview:-1"},"canonical":"https:\/\/buletin.de\/bucuresti\/patru-linii-stb-nu-mai-intorc-la-arena-nationala\/","og_locale":"en_GB","og_type":"article","og_title":"Patru linii STB nu mai \u00eentorc la \u201eArena Na\u021bional\u0103\u201d, duminic\u0103 20 aprilie. Are loc meciul de fotbal FCSB \u0219i CFR Cluj","og_description":"Patru linii STB nu mai \u00eentorc la \u201eArena Na\u021bional\u0103\u201d, duminic\u0103 20 aprilie. Este vorba despre liniile 86, 90 \u0219i 143\u00a0.","og_url":"https:\/\/buletin.de\/bucuresti\/patru-linii-stb-nu-mai-intorc-la-arena-nationala\/","og_site_name":"Buletin de Bucure\u0219ti","article_publisher":"https:\/\/www.facebook.com\/buletin.de.buc","article_published_time":"2025-04-17T12:06:27+00:00","article_modified_time":"2025-04-17T12:06:28+00:00","og_image":[{"width":1000,"height":632,"url":"https:\/\/buletin.de\/bucuresti\/wp-content\/uploads\/2025\/04\/86-si-90-Arena-Nationala-1000x632.png","type":"image\/png"}],"author":"Diana Matei","twitter_card":"summary_large_image","twitter_misc":{"Written by":"Diana Matei","Estimated reading time":"3 minutes"},"schema":{"@context":"https:\/\/schema.org","@graph":[{"@type":"Article","@id":"https:\/\/buletin.de\/bucuresti\/patru-linii-stb-nu-mai-intorc-la-arena-nationala\/#article","isPartOf":{"@id":"https:\/\/buletin.de\/bucuresti\/patru-linii-stb-nu-mai-intorc-la-arena-nationala\/"},"author":{"name":"Diana Matei","@id":"https:\/\/buletin.de\/bucuresti\/#\/schema\/person\/7e46040573290777280a0835d81ea4ea"},"headline":"Patru linii STB nu mai \u00eentorc la \u201eArena Na\u021bional\u0103\u201d, duminic\u0103 20 aprilie. Are loc meciul de fotbal FCSB \u0219i CFR Cluj","datePublished":"2025-04-17T12:06:27+00:00","dateModified":"2025-04-17T12:06:28+00:00","mainEntityOfPage":{"@id":"https:\/\/buletin.de\/bucuresti\/patru-linii-stb-nu-mai-intorc-la-arena-nationala\/"},"wordCount":466,"publisher":{"@id":"https:\/\/buletin.de\/bucuresti\/#organization"},"image":{"@id":"https:\/\/buletin.de\/bucuresti\/patru-linii-stb-nu-mai-intorc-la-arena-nationala\/#primaryimage"},"thumbnailUrl":"https:\/\/buletin.de\/bucuresti\/wp-content\/uploads\/2025\/04\/86-si-90-Arena-Nationala.png","keywords":["linia 104","linia 143","linia 86","linia 90","tpbi"],"articleSection":["Articole","\u0218tiri","Transport"],"inLanguage":"en-GB","copyrightYear":"2025","copyrightHolder":{"@id":"https:\/\/buletin.de\/bucuresti\/#organization"}},{"@type":"WebPage","@id":"https:\/\/buletin.de\/bucuresti\/patru-linii-stb-nu-mai-intorc-la-arena-nationala\/","url":"https:\/\/buletin.de\/bucuresti\/patru-linii-stb-nu-mai-intorc-la-arena-nationala\/","name":"Patru linii STB nu mai \u00eentorc la \u201eArena Na\u021bional\u0103\u201d, duminic\u0103 20 aprilie. Are loc meciul de fotbal FCSB \u0219i CFR Cluj - Buletin de Bucure\u0219ti","isPartOf":{"@id":"https:\/\/buletin.de\/bucuresti\/#website"},"primaryImageOfPage":{"@id":"https:\/\/buletin.de\/bucuresti\/patru-linii-stb-nu-mai-intorc-la-arena-nationala\/#primaryimage"},"image":{"@id":"https:\/\/buletin.de\/bucuresti\/patru-linii-stb-nu-mai-intorc-la-arena-nationala\/#primaryimage"},"thumbnailUrl":"https:\/\/buletin.de\/bucuresti\/wp-content\/uploads\/2025\/04\/86-si-90-Arena-Nationala.png","datePublished":"2025-04-17T12:06:27+00:00","dateModified":"2025-04-17T12:06:28+00:00","description":"Patru linii STB nu mai \u00eentorc la \u201eArena Na\u021bional\u0103\u201d, duminic\u0103 20 aprilie. Este vorba despre liniile 86, 90 \u0219i 143\u00a0.","breadcrumb":{"@id":"https:\/\/buletin.de\/bucuresti\/patru-linii-stb-nu-mai-intorc-la-arena-nationala\/#breadcrumb"},"inLanguage":"en-GB","potentialAction":[{"@type":"ReadAction","target":["https:\/\/buletin.de\/bucuresti\/patru-linii-stb-nu-mai-intorc-la-arena-nationala\/"]}]},{"@type":"ImageObject","inLanguage":"en-GB","@id":"https:\/\/buletin.de\/bucuresti\/patru-linii-stb-nu-mai-intorc-la-arena-nationala\/#primaryimage","url":"https:\/\/buletin.de\/bucuresti\/wp-content\/uploads\/2025\/04\/86-si-90-Arena-Nationala.png","contentUrl":"https:\/\/buletin.de\/bucuresti\/wp-content\/uploads\/2025\/04\/86-si-90-Arena-Nationala.png","width":2200,"height":1391,"caption":"Patru linii STB nu mai \u00eentorc la \u201eArena Na\u021bional\u0103\u201d, duminic\u0103 20 aprilie. Are loc meciul de fotbal FCSB \u0219i CFR Cluj. FOTO: TPBI"},{"@type":"BreadcrumbList","@id":"https:\/\/buletin.de\/bucuresti\/patru-linii-stb-nu-mai-intorc-la-arena-nationala\/#breadcrumb","itemListElement":[{"@type":"ListItem","position":1,"name":"Acas\u0103","item":"https:\/\/buletin.de\/bucuresti\/"},{"@type":"ListItem","position":2,"name":"Patru linii STB nu mai \u00eentorc la \u201eArena Na\u021bional\u0103\u201d, duminic\u0103 20 aprilie. Are loc meciul de fotbal FCSB \u0219i CFR Cluj"}]},{"@type":"WebSite","@id":"https:\/\/buletin.de\/bucuresti\/#website","url":"https:\/\/buletin.de\/bucuresti\/","name":"Buletin de Bucure\u0219ti","description":"\u0218tiri \u0219i investiga\u021bii esen\u021biale din capital\u0103","publisher":{"@id":"https:\/\/buletin.de\/bucuresti\/#organization"},"potentialAction":[{"@type":"SearchAction","target":{"@type":"EntryPoint","urlTemplate":"https:\/\/buletin.de\/bucuresti\/?s={search_term_string}"},"query-input":{"@type":"PropertyValueSpecification","valueRequired":true,"valueName":"search_term_string"}}],"inLanguage":"en-GB"},{"@type":"Organization","@id":"https:\/\/buletin.de\/bucuresti\/#organization","name":"Buletin de Bucure\u0219ti","url":"https:\/\/buletin.de\/bucuresti\/","logo":{"@type":"ImageObject","inLanguage":"en-GB","@id":"https:\/\/buletin.de\/bucuresti\/#\/schema\/logo\/image\/","url":"https:\/\/buletin.de\/bucuresti\/wp-content\/uploads\/logo-bdb-full-wide-vernil-transparent.png","contentUrl":"https:\/\/buletin.de\/bucuresti\/wp-content\/uploads\/logo-bdb-full-wide-vernil-transparent.png","width":1782,"height":626,"caption":"Buletin de Bucure\u0219ti"},"image":{"@id":"https:\/\/buletin.de\/bucuresti\/#\/schema\/logo\/image\/"},"sameAs":["https:\/\/www.facebook.com\/buletin.de.buc","https:\/\/www.instagram.com\/buletinde.bucuresti\/"]},{"@type":"Person","@id":"https:\/\/buletin.de\/bucuresti\/#\/schema\/person\/7e46040573290777280a0835d81ea4ea","name":"Diana Matei","image":{"@type":"ImageObject","inLanguage":"en-GB","@id":"https:\/\/buletin.de\/bucuresti\/wp-content\/uploads\/9-2-96x96.jpg1e8590b30871d70e62ebcdaf2eff570c","url":"https:\/\/buletin.de\/bucuresti\/wp-content\/uploads\/9-2-96x96.jpg","contentUrl":"https:\/\/buletin.de\/bucuresti\/wp-content\/uploads\/9-2-96x96.jpg","caption":"Diana Matei"},"url":"https:\/\/buletin.de\/bucuresti\/author\/dianamatei\/"}]}},"authors":[{"term_id":22574,"user_id":49,"is_guest":0,"slug":"dianamatei","display_name":"Diana Matei","avatar_url":"https:\/\/buletin.de\/bucuresti\/wp-content\/uploads\/9-2-96x96.jpg","0":null,"1":"","2":"","3":"","4":"","5":"","6":"","7":"","8":""}],"_links":{"self":[{"href":"https:\/\/buletin.de\/bucuresti\/wp-json\/wp\/v2\/posts\/126795","targetHints":{"allow":["GET"]}}],"collection":[{"href":"https:\/\/buletin.de\/bucuresti\/wp-json\/wp\/v2\/posts"}],"about":[{"href":"https:\/\/buletin.de\/bucuresti\/wp-json\/wp\/v2\/types\/post"}],"author":[{"embeddable":true,"href":"https:\/\/buletin.de\/bucuresti\/wp-json\/wp\/v2\/users\/49"}],"replies":[{"embeddable":true,"href":"https:\/\/buletin.de\/bucuresti\/wp-json\/wp\/v2\/comments?post=126795"}],"version-history":[{"count":1,"href":"https:\/\/buletin.de\/bucuresti\/wp-json\/wp\/v2\/posts\/126795\/revisions"}],"predecessor-version":[{"id":126819,"href":"https:\/\/buletin.de\/bucuresti\/wp-json\/wp\/v2\/posts\/126795\/revisions\/126819"}],"wp:featuredmedia":[{"embeddable":true,"href":"https:\/\/buletin.de\/bucuresti\/wp-json\/wp\/v2\/media\/126818"}],"wp:attachment":[{"href":"https:\/\/buletin.de\/bucuresti\/wp-json\/wp\/v2\/media?parent=126795"}],"wp:term":[{"taxonomy":"category","embeddable":true,"href":"https:\/\/buletin.de\/bucuresti\/wp-json\/wp\/v2\/categories?post=126795"},{"taxonomy":"post_tag","embeddable":true,"href":"https:\/\/buletin.de\/bucuresti\/wp-json\/wp\/v2\/tags?post=126795"},{"taxonomy":"author","embeddable":true,"href":"https:\/\/buletin.de\/bucuresti\/wp-json\/wp\/v2\/ppma_author?post=126795"}],"curies":[{"name":"wp","href":"https:\/\/api.w.org\/{rel}","templated":true}]}}