{"id":126778,"date":"2025-04-17T14:04:01","date_gmt":"2025-04-17T11:04:01","guid":{"rendered":"https:\/\/buletin.de\/bucuresti\/?p=126778"},"modified":"2025-04-17T14:04:01","modified_gmt":"2025-04-17T11:04:01","slug":"amenzi-de-peste-15-mii-de-euro","status":"publish","type":"post","link":"https:\/\/buletin.de\/bucuresti\/amenzi-de-peste-15-mii-de-euro\/","title":{"rendered":"Amenzi de peste 15 mii de euro la comercian\u021bii din Sectorul 6"},"content":{"rendered":"\n<p><strong>\u00cen aceast\u0103 perioad\u0103 s-au intensificat controalele la unit\u0103\u021bile comerciale. \u00cen Sectorul 6, acestea sunt f\u0103cute de echipe de poli\u021bi\u0219ti locali, coordonate de Serviciul Inspec\u021bie Comercial\u0103. S-au dat amenzi de peste 15 mii de euro.<\/strong><\/p>\n\n\n\n<p>\u00cen urma controalelor, au fost aplicate sanc\u021biuni \u00een valoare de 75.200 de lei, echivalentul a peste 15 mii de euro.<\/p>\n\n\n\n<ul class=\"wp-block-list\">\n<li>96 de sanc\u021biuni, \u00een valoare de 35.500 lei pentru comer\u021b stradal neautorizat;<\/li>\n\n\n\n<li>patru amenzi, \u00een valoare de 1.600 lei, pentru lipsa acordului de func\u021bionare;<\/li>\n\n\n\n<li>17 amenzi, \u00een valoare de 38.100 lei, pentru lipsa cur\u0103\u021beniei \u00een spa\u021bii comerciale.&nbsp;<\/li>\n<\/ul>\n\n\n\n<p>\u00cen majoritatea cazurilor s-au aplicat amenzi pentru comer\u021b stradal neautorizat, iar marfa a fost confiscat\u0103. \u00cen plus, comercian\u021bilor care nu aveau acord de func\u021bionare le-a fost suspendat\u0103 activitatea.\u00a0<\/p>\n\n\n\n<figure class=\"wp-block-gallery has-nested-images columns-default is-cropped wp-block-gallery-1 is-layout-flex wp-block-gallery-is-layout-flex\">\n<figure class=\"wp-block-image size-large\"><img fetchpriority=\"high\" decoding=\"async\" width=\"777\" height=\"1000\" data-id=\"126784\" src=\"data:image\/gif;base64,R0lGODlhAQABAAAAACH5BAEKAAEALAAAAAABAAEAAAICTAEAOw==\" data-src=\"https:\/\/buletin.de\/bucuresti\/wp-content\/uploads\/2025\/04\/c8ede706-f65c-469e-bb26-4ca767d0b1fd-777x1000.jpg\" alt=\"\" class=\"wp-image-126784 lazyload\" data-sizes=\"auto\" data-srcset=\"https:\/\/buletin.de\/bucuresti\/wp-content\/uploads\/2025\/04\/c8ede706-f65c-469e-bb26-4ca767d0b1fd-777x1000.jpg 777w, https:\/\/buletin.de\/bucuresti\/wp-content\/uploads\/2025\/04\/c8ede706-f65c-469e-bb26-4ca767d0b1fd-233x300.jpg 233w, https:\/\/buletin.de\/bucuresti\/wp-content\/uploads\/2025\/04\/c8ede706-f65c-469e-bb26-4ca767d0b1fd-768x988.jpg 768w, https:\/\/buletin.de\/bucuresti\/wp-content\/uploads\/2025\/04\/c8ede706-f65c-469e-bb26-4ca767d0b1fd-600x772.jpg 600w, https:\/\/buletin.de\/bucuresti\/wp-content\/uploads\/2025\/04\/c8ede706-f65c-469e-bb26-4ca767d0b1fd-20x26.jpg 20w, https:\/\/buletin.de\/bucuresti\/wp-content\/uploads\/2025\/04\/c8ede706-f65c-469e-bb26-4ca767d0b1fd.jpg 900w\" sizes=\"(max-width: 777px) 100vw, 777px\" \/><\/figure>\n\n\n\n<figure class=\"wp-block-image size-large\"><img decoding=\"async\" width=\"920\" height=\"996\" data-id=\"126785\" src=\"data:image\/gif;base64,R0lGODlhAQABAAAAACH5BAEKAAEALAAAAAABAAEAAAICTAEAOw==\" data-src=\"https:\/\/buletin.de\/bucuresti\/wp-content\/uploads\/2025\/04\/825d443e-ef2d-4c40-8c6b-caa6f0a78e7c.jpg\" alt=\"\" class=\"wp-image-126785 lazyload\" data-sizes=\"auto\" data-srcset=\"https:\/\/buletin.de\/bucuresti\/wp-content\/uploads\/2025\/04\/825d443e-ef2d-4c40-8c6b-caa6f0a78e7c.jpg 920w, https:\/\/buletin.de\/bucuresti\/wp-content\/uploads\/2025\/04\/825d443e-ef2d-4c40-8c6b-caa6f0a78e7c-277x300.jpg 277w, https:\/\/buletin.de\/bucuresti\/wp-content\/uploads\/2025\/04\/825d443e-ef2d-4c40-8c6b-caa6f0a78e7c-768x831.jpg 768w, https:\/\/buletin.de\/bucuresti\/wp-content\/uploads\/2025\/04\/825d443e-ef2d-4c40-8c6b-caa6f0a78e7c-600x650.jpg 600w, https:\/\/buletin.de\/bucuresti\/wp-content\/uploads\/2025\/04\/825d443e-ef2d-4c40-8c6b-caa6f0a78e7c-20x22.jpg 20w\" sizes=\"(max-width: 920px) 100vw, 920px\" \/><\/figure>\n\n\n\n<figure class=\"wp-block-image size-large\"><img decoding=\"async\" width=\"1000\" height=\"829\" data-id=\"126786\" src=\"data:image\/gif;base64,R0lGODlhAQABAAAAACH5BAEKAAEALAAAAAABAAEAAAICTAEAOw==\" data-src=\"https:\/\/buletin.de\/bucuresti\/wp-content\/uploads\/2025\/04\/56795084-4b92-4fd3-888c-e0cb98b7e0ee-1000x829.jpg\" alt=\"\" class=\"wp-image-126786 lazyload\" data-sizes=\"auto\" data-srcset=\"https:\/\/buletin.de\/bucuresti\/wp-content\/uploads\/2025\/04\/56795084-4b92-4fd3-888c-e0cb98b7e0ee-1000x829.jpg 1000w, https:\/\/buletin.de\/bucuresti\/wp-content\/uploads\/2025\/04\/56795084-4b92-4fd3-888c-e0cb98b7e0ee-300x249.jpg 300w, https:\/\/buletin.de\/bucuresti\/wp-content\/uploads\/2025\/04\/56795084-4b92-4fd3-888c-e0cb98b7e0ee-768x637.jpg 768w, https:\/\/buletin.de\/bucuresti\/wp-content\/uploads\/2025\/04\/56795084-4b92-4fd3-888c-e0cb98b7e0ee-1100x912.jpg 1100w, https:\/\/buletin.de\/bucuresti\/wp-content\/uploads\/2025\/04\/56795084-4b92-4fd3-888c-e0cb98b7e0ee-600x498.jpg 600w, https:\/\/buletin.de\/bucuresti\/wp-content\/uploads\/2025\/04\/56795084-4b92-4fd3-888c-e0cb98b7e0ee-20x17.jpg 20w, https:\/\/buletin.de\/bucuresti\/wp-content\/uploads\/2025\/04\/56795084-4b92-4fd3-888c-e0cb98b7e0ee.jpg 1429w\" sizes=\"(max-width: 1000px) 100vw, 1000px\" \/><\/figure>\n<\/figure>\n\n\n\n<p>Autorit\u0103\u021bile precizeaz\u0103 c\u0103 v\u00e2nz\u0103torii ambulan\u021bi nu pot fi tolera\u021bi \u0219i nici produsele care nu sunt verificate. De asemenea, lipsa cur\u0103\u021beniei, \u00een spa\u021biile comerciale, va fi sanc\u021bionat\u0103. To\u021bi comercian\u021bii trebuie s\u0103 fie autoriza\u021bi \u00een pie\u021bele din sector \u0219i s\u0103 aib\u0103 toate controalele sanitare la zi.&nbsp;<\/p>\n\n\n\n<p><strong>CITE\u0218TE \u0218I:<\/strong> <a href=\"https:\/\/buletin.de\/bucuresti\/retele-electrice-muntenia-intrerupe-curentul-electric-3\/\">Re\u021bele Electrice Muntenia \u00eentrerupe curentul electric \u00een Bucure\u0219ti, Giurgiu \u0219i Ilfov. Care sunt zonele vizate<\/a><\/p>\n\n\n\n<div class=\"wp-block-buttons is-content-justification-center is-layout-flex wp-container-core-buttons-is-layout-16018d1d wp-block-buttons-is-layout-flex\">\n<div class=\"wp-block-button has-custom-width wp-block-button__width-100\"><a class=\"wp-block-button__link wp-element-button\" href=\"https:\/\/www.patreon.com\/BuletinDeBucuresti\"><strong>Sus\u021bine Buletin de Bucure\u0219ti pentru investiga\u021bii, reportaje \u0219i \u0219tiri Locale<\/strong><\/a><\/div>\n<\/div>\n\n\n\n<h2 class=\"wp-block-heading\" id=\"h-amenzi-de-peste-15-mii-de-euro-sfaturi-pentru-cumparatori-din-partea-anpc\">Amenzi de peste 15 mii de euro. <strong>Sfaturi pentru cump\u0103r\u0103tori din partea ANPC<\/strong><\/h2>\n\n\n\n<ul class=\"wp-block-list\">\n<li><strong>Verifica\u021bi etichetele!<\/strong> Asigura\u021bi-v\u0103 c\u0103 produsele au etichete cu informa\u021bii despre produc\u0103tor, data de expirare \u0219i ingrediente. Observa\u021bi aspectul \u0219i mirosul \u0219i refuza\u021bi orice preparat care ridic\u0103 suspiciuni;<\/li>\n\n\n\n<li><strong>Cump\u0103ra\u021bi doar din locuri autorizate<\/strong> cu \u0219tampil\u0103 sanitar-veterinar\u0103: m\u0103cel\u0103rii, magazine alimentare, pie\u021be amenajate;<\/li>\n\n\n\n<li><strong>Verifica\u021bi condi\u021biile de p\u0103strare!<\/strong> Produsele alimentare trebuie s\u0103 fie p\u0103strate la temperaturi corespunz\u0103toare \u0219i \u00een ambalaje curate;<\/li>\n\n\n\n<li><strong>Verifica\u021bi pre\u021bul de la raft cu cel de pe bon;<\/strong><\/li>\n\n\n\n<li><strong>Cere\u021bi bon fiscal!<\/strong> Bonul fiscal este dovada c\u0103 produsul a fost achizi\u021bionat dintr-un loc autorizat. \u00cen plus, v\u0103 ajut\u0103 \u0219i dac\u0103 dori\u021bi s\u0103 face\u021bi o reclama\u021bie.&nbsp;<\/li>\n<\/ul>\n\n\n\n<p><strong>CITE\u0218TE \u0218I:<\/strong> <a href=\"https:\/\/buletin.de\/bucuresti\/taierile-din-parcul-ior-locuitorii-acuza-ca-au-inceput-decopertarile-in-zona-retrocedata\/\">T\u0103ierile din Parcul IOR | Locuitorii acuz\u0103 c\u0103 au \u00eenceput decopert\u0103rile \u00een zona retrocedat\u0103<\/a><\/p>\n","protected":false},"excerpt":{"rendered":"<p>\u00cen aceast\u0103 perioad\u0103 s-au intensificat controalele la unit\u0103\u021bile comerciale. \u00cen Sectorul 6, acestea sunt f\u0103cute de echipe de poli\u021bi\u0219ti locali, coordonate de Serviciul Inspec\u021bie Comercial\u0103. S-au dat amenzi de peste 15 mii de euro. \u00cen urma controalelor, au fost aplicate sanc\u021biuni \u00een valoare de 75.200 de lei, echivalentul a peste 15 mii de euro. \u00cen [&hellip;]<\/p>\n","protected":false},"author":49,"featured_media":126789,"comment_status":"closed","ping_status":"open","sticky":false,"template":"","format":"standard","meta":{"_acf_changed":false,"inline_featured_image":false,"ngg_post_thumbnail":0,"footnotes":""},"categories":[6994,9026,24,62],"tags":[20727,3410,523,20726],"ppma_author":[22574],"class_list":["post-126778","post","type-post","status-publish","format-standard","has-post-thumbnail","hentry","category-stiri-2","category-eveniment","category-primarie","category-stiri","tag-amenzi-sector-6","tag-anpc","tag-sector-6","tag-serviciul-inspectie-comerciala"],"acf":[],"yoast_head":"<!-- This site is optimized with the Yoast SEO Premium plugin v25.3 (Yoast SEO v27.4) - https:\/\/yoast.com\/product\/yoast-seo-premium-wordpress\/ -->\n<title>Amenzi de peste 15 mii de euro la comercian\u021bii din Sectorul 6 - Buletin de Bucure\u0219ti<\/title>\n<meta name=\"description\" content=\"\u00cen aceast\u0103 perioad\u0103 s-au intensificat controalele la unit\u0103\u021bile comerciale, in Sectorul 6 S-au dat amenzi de peste 15 mii de euro.\" \/>\n<meta name=\"robots\" content=\"index, follow, max-snippet:-1, max-image-preview:large, max-video-preview:-1\" \/>\n<link rel=\"canonical\" href=\"https:\/\/buletin.de\/bucuresti\/amenzi-de-peste-15-mii-de-euro\/\" \/>\n<meta property=\"og:locale\" content=\"en_GB\" \/>\n<meta property=\"og:type\" content=\"article\" \/>\n<meta property=\"og:title\" content=\"Amenzi de peste 15 mii de euro la comercian\u021bii din Sectorul 6\" \/>\n<meta property=\"og:description\" content=\"\u00cen aceast\u0103 perioad\u0103 s-au intensificat controalele la unit\u0103\u021bile comerciale, in Sectorul 6 S-au dat amenzi de peste 15 mii de euro.\" \/>\n<meta property=\"og:url\" content=\"https:\/\/buletin.de\/bucuresti\/amenzi-de-peste-15-mii-de-euro\/\" \/>\n<meta property=\"og:site_name\" content=\"Buletin de Bucure\u0219ti\" \/>\n<meta property=\"article:publisher\" content=\"https:\/\/www.facebook.com\/buletin.de.buc\" \/>\n<meta property=\"article:published_time\" content=\"2025-04-17T11:04:01+00:00\" \/>\n<meta property=\"og:image\" content=\"https:\/\/buletin.de\/bucuresti\/wp-content\/uploads\/2025\/04\/acc6ca94-556b-476f-8712-2d745f292fb5.jpg\" \/>\n\t<meta property=\"og:image:width\" content=\"1165\" \/>\n\t<meta property=\"og:image:height\" content=\"1107\" \/>\n\t<meta property=\"og:image:type\" content=\"image\/jpeg\" \/>\n<meta name=\"author\" content=\"Diana Matei\" \/>\n<meta name=\"twitter:card\" content=\"summary_large_image\" \/>\n<meta name=\"twitter:label1\" content=\"Written by\" \/>\n\t<meta name=\"twitter:data1\" content=\"Diana Matei\" \/>\n\t<meta name=\"twitter:label2\" content=\"Estimated reading time\" \/>\n\t<meta name=\"twitter:data2\" content=\"3 minutes\" \/>\n<script type=\"application\/ld+json\" class=\"yoast-schema-graph\">{\"@context\":\"https:\\\/\\\/schema.org\",\"@graph\":[{\"@type\":\"Article\",\"@id\":\"https:\\\/\\\/buletin.de\\\/bucuresti\\\/amenzi-de-peste-15-mii-de-euro\\\/#article\",\"isPartOf\":{\"@id\":\"https:\\\/\\\/buletin.de\\\/bucuresti\\\/amenzi-de-peste-15-mii-de-euro\\\/\"},\"author\":{\"name\":\"Diana Matei\",\"@id\":\"https:\\\/\\\/buletin.de\\\/bucuresti\\\/#\\\/schema\\\/person\\\/7e46040573290777280a0835d81ea4ea\"},\"headline\":\"Amenzi de peste 15 mii de euro la comercian\u021bii din Sectorul 6\",\"datePublished\":\"2025-04-17T11:04:01+00:00\",\"mainEntityOfPage\":{\"@id\":\"https:\\\/\\\/buletin.de\\\/bucuresti\\\/amenzi-de-peste-15-mii-de-euro\\\/\"},\"wordCount\":373,\"publisher\":{\"@id\":\"https:\\\/\\\/buletin.de\\\/bucuresti\\\/#organization\"},\"image\":{\"@id\":\"https:\\\/\\\/buletin.de\\\/bucuresti\\\/amenzi-de-peste-15-mii-de-euro\\\/#primaryimage\"},\"thumbnailUrl\":\"https:\\\/\\\/buletin.de\\\/bucuresti\\\/wp-content\\\/uploads\\\/2025\\\/04\\\/acc6ca94-556b-476f-8712-2d745f292fb5.jpg\",\"keywords\":[\"amenzi Sector 6\",\"anpc\",\"Sector 6\",\"Serviciul Inspec\u021bie Comercial\u0103\"],\"articleSection\":[\"Articole\",\"Eveniment\",\"Prim\u0103rie\",\"\u0218tiri\"],\"inLanguage\":\"en-GB\",\"copyrightYear\":\"2025\",\"copyrightHolder\":{\"@id\":\"https:\\\/\\\/buletin.de\\\/bucuresti\\\/#organization\"}},{\"@type\":\"WebPage\",\"@id\":\"https:\\\/\\\/buletin.de\\\/bucuresti\\\/amenzi-de-peste-15-mii-de-euro\\\/\",\"url\":\"https:\\\/\\\/buletin.de\\\/bucuresti\\\/amenzi-de-peste-15-mii-de-euro\\\/\",\"name\":\"Amenzi de peste 15 mii de euro la comercian\u021bii din Sectorul 6 - Buletin de Bucure\u0219ti\",\"isPartOf\":{\"@id\":\"https:\\\/\\\/buletin.de\\\/bucuresti\\\/#website\"},\"primaryImageOfPage\":{\"@id\":\"https:\\\/\\\/buletin.de\\\/bucuresti\\\/amenzi-de-peste-15-mii-de-euro\\\/#primaryimage\"},\"image\":{\"@id\":\"https:\\\/\\\/buletin.de\\\/bucuresti\\\/amenzi-de-peste-15-mii-de-euro\\\/#primaryimage\"},\"thumbnailUrl\":\"https:\\\/\\\/buletin.de\\\/bucuresti\\\/wp-content\\\/uploads\\\/2025\\\/04\\\/acc6ca94-556b-476f-8712-2d745f292fb5.jpg\",\"datePublished\":\"2025-04-17T11:04:01+00:00\",\"description\":\"\u00cen aceast\u0103 perioad\u0103 s-au intensificat controalele la unit\u0103\u021bile comerciale, in Sectorul 6 S-au dat amenzi de peste 15 mii de euro.\",\"breadcrumb\":{\"@id\":\"https:\\\/\\\/buletin.de\\\/bucuresti\\\/amenzi-de-peste-15-mii-de-euro\\\/#breadcrumb\"},\"inLanguage\":\"en-GB\",\"potentialAction\":[{\"@type\":\"ReadAction\",\"target\":[\"https:\\\/\\\/buletin.de\\\/bucuresti\\\/amenzi-de-peste-15-mii-de-euro\\\/\"]}]},{\"@type\":\"ImageObject\",\"inLanguage\":\"en-GB\",\"@id\":\"https:\\\/\\\/buletin.de\\\/bucuresti\\\/amenzi-de-peste-15-mii-de-euro\\\/#primaryimage\",\"url\":\"https:\\\/\\\/buletin.de\\\/bucuresti\\\/wp-content\\\/uploads\\\/2025\\\/04\\\/acc6ca94-556b-476f-8712-2d745f292fb5.jpg\",\"contentUrl\":\"https:\\\/\\\/buletin.de\\\/bucuresti\\\/wp-content\\\/uploads\\\/2025\\\/04\\\/acc6ca94-556b-476f-8712-2d745f292fb5.jpg\",\"width\":1165,\"height\":1107,\"caption\":\"ANPC | Siguran\u021b\u0103 la cump\u0103r\u0103turi, de Valentine's Day \u0219i Dragobete. Recomand\u0103ri \u0219i sfaturi pentru zilele de s\u0103rb\u0103toare. FOTO: Arhiva\"},{\"@type\":\"BreadcrumbList\",\"@id\":\"https:\\\/\\\/buletin.de\\\/bucuresti\\\/amenzi-de-peste-15-mii-de-euro\\\/#breadcrumb\",\"itemListElement\":[{\"@type\":\"ListItem\",\"position\":1,\"name\":\"Acas\u0103\",\"item\":\"https:\\\/\\\/buletin.de\\\/bucuresti\\\/\"},{\"@type\":\"ListItem\",\"position\":2,\"name\":\"Amenzi de peste 15 mii de euro la comercian\u021bii din Sectorul 6\"}]},{\"@type\":\"WebSite\",\"@id\":\"https:\\\/\\\/buletin.de\\\/bucuresti\\\/#website\",\"url\":\"https:\\\/\\\/buletin.de\\\/bucuresti\\\/\",\"name\":\"Buletin de Bucure\u0219ti\",\"description\":\"\u0218tiri \u0219i investiga\u021bii esen\u021biale din capital\u0103\",\"publisher\":{\"@id\":\"https:\\\/\\\/buletin.de\\\/bucuresti\\\/#organization\"},\"potentialAction\":[{\"@type\":\"SearchAction\",\"target\":{\"@type\":\"EntryPoint\",\"urlTemplate\":\"https:\\\/\\\/buletin.de\\\/bucuresti\\\/?s={search_term_string}\"},\"query-input\":{\"@type\":\"PropertyValueSpecification\",\"valueRequired\":true,\"valueName\":\"search_term_string\"}}],\"inLanguage\":\"en-GB\"},{\"@type\":\"Organization\",\"@id\":\"https:\\\/\\\/buletin.de\\\/bucuresti\\\/#organization\",\"name\":\"Buletin de Bucure\u0219ti\",\"url\":\"https:\\\/\\\/buletin.de\\\/bucuresti\\\/\",\"logo\":{\"@type\":\"ImageObject\",\"inLanguage\":\"en-GB\",\"@id\":\"https:\\\/\\\/buletin.de\\\/bucuresti\\\/#\\\/schema\\\/logo\\\/image\\\/\",\"url\":\"https:\\\/\\\/buletin.de\\\/bucuresti\\\/wp-content\\\/uploads\\\/logo-bdb-full-wide-vernil-transparent.png\",\"contentUrl\":\"https:\\\/\\\/buletin.de\\\/bucuresti\\\/wp-content\\\/uploads\\\/logo-bdb-full-wide-vernil-transparent.png\",\"width\":1782,\"height\":626,\"caption\":\"Buletin de Bucure\u0219ti\"},\"image\":{\"@id\":\"https:\\\/\\\/buletin.de\\\/bucuresti\\\/#\\\/schema\\\/logo\\\/image\\\/\"},\"sameAs\":[\"https:\\\/\\\/www.facebook.com\\\/buletin.de.buc\",\"https:\\\/\\\/www.instagram.com\\\/buletinde.bucuresti\\\/\"]},{\"@type\":\"Person\",\"@id\":\"https:\\\/\\\/buletin.de\\\/bucuresti\\\/#\\\/schema\\\/person\\\/7e46040573290777280a0835d81ea4ea\",\"name\":\"Diana Matei\",\"image\":{\"@type\":\"ImageObject\",\"inLanguage\":\"en-GB\",\"@id\":\"https:\\\/\\\/buletin.de\\\/bucuresti\\\/wp-content\\\/uploads\\\/9-2-96x96.jpg1e8590b30871d70e62ebcdaf2eff570c\",\"url\":\"https:\\\/\\\/buletin.de\\\/bucuresti\\\/wp-content\\\/uploads\\\/9-2-96x96.jpg\",\"contentUrl\":\"https:\\\/\\\/buletin.de\\\/bucuresti\\\/wp-content\\\/uploads\\\/9-2-96x96.jpg\",\"caption\":\"Diana Matei\"},\"url\":\"https:\\\/\\\/buletin.de\\\/bucuresti\\\/author\\\/dianamatei\\\/\"}]}<\/script>\n<!-- \/ Yoast SEO Premium plugin. -->","yoast_head_json":{"title":"Amenzi de peste 15 mii de euro la comercian\u021bii din Sectorul 6 - Buletin de Bucure\u0219ti","description":"\u00cen aceast\u0103 perioad\u0103 s-au intensificat controalele la unit\u0103\u021bile comerciale, in Sectorul 6 S-au dat amenzi de peste 15 mii de euro.","robots":{"index":"index","follow":"follow","max-snippet":"max-snippet:-1","max-image-preview":"max-image-preview:large","max-video-preview":"max-video-preview:-1"},"canonical":"https:\/\/buletin.de\/bucuresti\/amenzi-de-peste-15-mii-de-euro\/","og_locale":"en_GB","og_type":"article","og_title":"Amenzi de peste 15 mii de euro la comercian\u021bii din Sectorul 6","og_description":"\u00cen aceast\u0103 perioad\u0103 s-au intensificat controalele la unit\u0103\u021bile comerciale, in Sectorul 6 S-au dat amenzi de peste 15 mii de euro.","og_url":"https:\/\/buletin.de\/bucuresti\/amenzi-de-peste-15-mii-de-euro\/","og_site_name":"Buletin de Bucure\u0219ti","article_publisher":"https:\/\/www.facebook.com\/buletin.de.buc","article_published_time":"2025-04-17T11:04:01+00:00","og_image":[{"width":1165,"height":1107,"url":"https:\/\/buletin.de\/bucuresti\/wp-content\/uploads\/2025\/04\/acc6ca94-556b-476f-8712-2d745f292fb5.jpg","type":"image\/jpeg"}],"author":"Diana Matei","twitter_card":"summary_large_image","twitter_misc":{"Written by":"Diana Matei","Estimated reading time":"3 minutes"},"schema":{"@context":"https:\/\/schema.org","@graph":[{"@type":"Article","@id":"https:\/\/buletin.de\/bucuresti\/amenzi-de-peste-15-mii-de-euro\/#article","isPartOf":{"@id":"https:\/\/buletin.de\/bucuresti\/amenzi-de-peste-15-mii-de-euro\/"},"author":{"name":"Diana Matei","@id":"https:\/\/buletin.de\/bucuresti\/#\/schema\/person\/7e46040573290777280a0835d81ea4ea"},"headline":"Amenzi de peste 15 mii de euro la comercian\u021bii din Sectorul 6","datePublished":"2025-04-17T11:04:01+00:00","mainEntityOfPage":{"@id":"https:\/\/buletin.de\/bucuresti\/amenzi-de-peste-15-mii-de-euro\/"},"wordCount":373,"publisher":{"@id":"https:\/\/buletin.de\/bucuresti\/#organization"},"image":{"@id":"https:\/\/buletin.de\/bucuresti\/amenzi-de-peste-15-mii-de-euro\/#primaryimage"},"thumbnailUrl":"https:\/\/buletin.de\/bucuresti\/wp-content\/uploads\/2025\/04\/acc6ca94-556b-476f-8712-2d745f292fb5.jpg","keywords":["amenzi Sector 6","anpc","Sector 6","Serviciul Inspec\u021bie Comercial\u0103"],"articleSection":["Articole","Eveniment","Prim\u0103rie","\u0218tiri"],"inLanguage":"en-GB","copyrightYear":"2025","copyrightHolder":{"@id":"https:\/\/buletin.de\/bucuresti\/#organization"}},{"@type":"WebPage","@id":"https:\/\/buletin.de\/bucuresti\/amenzi-de-peste-15-mii-de-euro\/","url":"https:\/\/buletin.de\/bucuresti\/amenzi-de-peste-15-mii-de-euro\/","name":"Amenzi de peste 15 mii de euro la comercian\u021bii din Sectorul 6 - Buletin de Bucure\u0219ti","isPartOf":{"@id":"https:\/\/buletin.de\/bucuresti\/#website"},"primaryImageOfPage":{"@id":"https:\/\/buletin.de\/bucuresti\/amenzi-de-peste-15-mii-de-euro\/#primaryimage"},"image":{"@id":"https:\/\/buletin.de\/bucuresti\/amenzi-de-peste-15-mii-de-euro\/#primaryimage"},"thumbnailUrl":"https:\/\/buletin.de\/bucuresti\/wp-content\/uploads\/2025\/04\/acc6ca94-556b-476f-8712-2d745f292fb5.jpg","datePublished":"2025-04-17T11:04:01+00:00","description":"\u00cen aceast\u0103 perioad\u0103 s-au intensificat controalele la unit\u0103\u021bile comerciale, in Sectorul 6 S-au dat amenzi de peste 15 mii de euro.","breadcrumb":{"@id":"https:\/\/buletin.de\/bucuresti\/amenzi-de-peste-15-mii-de-euro\/#breadcrumb"},"inLanguage":"en-GB","potentialAction":[{"@type":"ReadAction","target":["https:\/\/buletin.de\/bucuresti\/amenzi-de-peste-15-mii-de-euro\/"]}]},{"@type":"ImageObject","inLanguage":"en-GB","@id":"https:\/\/buletin.de\/bucuresti\/amenzi-de-peste-15-mii-de-euro\/#primaryimage","url":"https:\/\/buletin.de\/bucuresti\/wp-content\/uploads\/2025\/04\/acc6ca94-556b-476f-8712-2d745f292fb5.jpg","contentUrl":"https:\/\/buletin.de\/bucuresti\/wp-content\/uploads\/2025\/04\/acc6ca94-556b-476f-8712-2d745f292fb5.jpg","width":1165,"height":1107,"caption":"ANPC | Siguran\u021b\u0103 la cump\u0103r\u0103turi, de Valentine's Day \u0219i Dragobete. Recomand\u0103ri \u0219i sfaturi pentru zilele de s\u0103rb\u0103toare. FOTO: Arhiva"},{"@type":"BreadcrumbList","@id":"https:\/\/buletin.de\/bucuresti\/amenzi-de-peste-15-mii-de-euro\/#breadcrumb","itemListElement":[{"@type":"ListItem","position":1,"name":"Acas\u0103","item":"https:\/\/buletin.de\/bucuresti\/"},{"@type":"ListItem","position":2,"name":"Amenzi de peste 15 mii de euro la comercian\u021bii din Sectorul 6"}]},{"@type":"WebSite","@id":"https:\/\/buletin.de\/bucuresti\/#website","url":"https:\/\/buletin.de\/bucuresti\/","name":"Buletin de Bucure\u0219ti","description":"\u0218tiri \u0219i investiga\u021bii esen\u021biale din capital\u0103","publisher":{"@id":"https:\/\/buletin.de\/bucuresti\/#organization"},"potentialAction":[{"@type":"SearchAction","target":{"@type":"EntryPoint","urlTemplate":"https:\/\/buletin.de\/bucuresti\/?s={search_term_string}"},"query-input":{"@type":"PropertyValueSpecification","valueRequired":true,"valueName":"search_term_string"}}],"inLanguage":"en-GB"},{"@type":"Organization","@id":"https:\/\/buletin.de\/bucuresti\/#organization","name":"Buletin de Bucure\u0219ti","url":"https:\/\/buletin.de\/bucuresti\/","logo":{"@type":"ImageObject","inLanguage":"en-GB","@id":"https:\/\/buletin.de\/bucuresti\/#\/schema\/logo\/image\/","url":"https:\/\/buletin.de\/bucuresti\/wp-content\/uploads\/logo-bdb-full-wide-vernil-transparent.png","contentUrl":"https:\/\/buletin.de\/bucuresti\/wp-content\/uploads\/logo-bdb-full-wide-vernil-transparent.png","width":1782,"height":626,"caption":"Buletin de Bucure\u0219ti"},"image":{"@id":"https:\/\/buletin.de\/bucuresti\/#\/schema\/logo\/image\/"},"sameAs":["https:\/\/www.facebook.com\/buletin.de.buc","https:\/\/www.instagram.com\/buletinde.bucuresti\/"]},{"@type":"Person","@id":"https:\/\/buletin.de\/bucuresti\/#\/schema\/person\/7e46040573290777280a0835d81ea4ea","name":"Diana Matei","image":{"@type":"ImageObject","inLanguage":"en-GB","@id":"https:\/\/buletin.de\/bucuresti\/wp-content\/uploads\/9-2-96x96.jpg1e8590b30871d70e62ebcdaf2eff570c","url":"https:\/\/buletin.de\/bucuresti\/wp-content\/uploads\/9-2-96x96.jpg","contentUrl":"https:\/\/buletin.de\/bucuresti\/wp-content\/uploads\/9-2-96x96.jpg","caption":"Diana Matei"},"url":"https:\/\/buletin.de\/bucuresti\/author\/dianamatei\/"}]}},"authors":[{"term_id":22574,"user_id":49,"is_guest":0,"slug":"dianamatei","display_name":"Diana Matei","avatar_url":"https:\/\/buletin.de\/bucuresti\/wp-content\/uploads\/9-2-96x96.jpg","0":null,"1":"","2":"","3":"","4":"","5":"","6":"","7":"","8":""}],"_links":{"self":[{"href":"https:\/\/buletin.de\/bucuresti\/wp-json\/wp\/v2\/posts\/126778","targetHints":{"allow":["GET"]}}],"collection":[{"href":"https:\/\/buletin.de\/bucuresti\/wp-json\/wp\/v2\/posts"}],"about":[{"href":"https:\/\/buletin.de\/bucuresti\/wp-json\/wp\/v2\/types\/post"}],"author":[{"embeddable":true,"href":"https:\/\/buletin.de\/bucuresti\/wp-json\/wp\/v2\/users\/49"}],"replies":[{"embeddable":true,"href":"https:\/\/buletin.de\/bucuresti\/wp-json\/wp\/v2\/comments?post=126778"}],"version-history":[{"count":3,"href":"https:\/\/buletin.de\/bucuresti\/wp-json\/wp\/v2\/posts\/126778\/revisions"}],"predecessor-version":[{"id":126802,"href":"https:\/\/buletin.de\/bucuresti\/wp-json\/wp\/v2\/posts\/126778\/revisions\/126802"}],"wp:featuredmedia":[{"embeddable":true,"href":"https:\/\/buletin.de\/bucuresti\/wp-json\/wp\/v2\/media\/126789"}],"wp:attachment":[{"href":"https:\/\/buletin.de\/bucuresti\/wp-json\/wp\/v2\/media?parent=126778"}],"wp:term":[{"taxonomy":"category","embeddable":true,"href":"https:\/\/buletin.de\/bucuresti\/wp-json\/wp\/v2\/categories?post=126778"},{"taxonomy":"post_tag","embeddable":true,"href":"https:\/\/buletin.de\/bucuresti\/wp-json\/wp\/v2\/tags?post=126778"},{"taxonomy":"author","embeddable":true,"href":"https:\/\/buletin.de\/bucuresti\/wp-json\/wp\/v2\/ppma_author?post=126778"}],"curies":[{"name":"wp","href":"https:\/\/api.w.org\/{rel}","templated":true}]}}