{"id":126479,"date":"2025-04-15T08:18:12","date_gmt":"2025-04-15T05:18:12","guid":{"rendered":"https:\/\/buletin.de\/bucuresti\/?p=126479"},"modified":"2025-04-15T08:22:59","modified_gmt":"2025-04-15T05:22:59","slug":"video-ce-a-socat-o-pe-o-tanara-din-coreea-de-sud-cand-s-a-mutat-in-bucuresti-nu-vazusem-niciodata-asa-ceva","status":"publish","type":"post","link":"https:\/\/buletin.de\/bucuresti\/video-ce-a-socat-o-pe-o-tanara-din-coreea-de-sud-cand-s-a-mutat-in-bucuresti-nu-vazusem-niciodata-asa-ceva\/","title":{"rendered":"Ce a \u0219ocat-o pe o t\u00e2n\u0103r\u0103 din Coreea de Sud c\u00e2nd s-a mutat \u00een Bucure\u0219ti: \u201eNu v\u0103zusem niciodat\u0103 a\u0219a ceva\u201d"},"content":{"rendered":"\n<p><strong>O t\u00e2n\u0103r\u0103 din Coreea de Sud care tr\u0103ie\u0219te de mai mul\u021bi ani \u00een Capitala Rom\u00e2niei le-a ar\u0103tat bucure\u0219tenilor ce a \u0219ocat-o c\u00e2nd a ajuns aici. <\/strong><\/p>\n\n\n\n<p>Primul lucru care a uimit-o au fost tramvaiele. \u201eNu v\u0103zusem niciodat\u0103 a\u0219a ceva. \u00cen Coreea de Sud nu exist\u0103\u201d, a scris t\u00e2n\u0103ra. <\/p>\n\n\n\n<p>Pe fat\u0103 au uimit-o \u0219i lifturile vechi. \u201eLa \u00eenceput mi-a fost fric\u0103 s\u0103 intru singur\u0103 \u00een ele. \u00cen Coreea nu prea sunt blocuri vechi\u201d, a mai explicat aceasta, \u00eentr-un <a href=\"https:\/\/vm.tiktok.com\/ZNdF2PPsh\/\" target=\"_blank\" rel=\"noreferrer noopener\">video distribuit pe Tik-tok<\/a>.<\/p>\n\n\n\n<p><strong>CITE\u0218TE \u0218I: <a href=\"https:\/\/buletin.de\/bucuresti\/foto-inca-un-tramvai-vechi-a-deraiat-intersectia-de-dristor-blocata\/\" target=\"_blank\" rel=\"noreferrer noopener\">FOTO | \u00cenc\u0103 un tramvai vechi a deraiat. Intersec\u021bia de Dristor, blocat\u0103. Motociclist r\u0103nit<\/a><\/strong><\/p>\n\n\n\n<div class=\"wp-block-buttons is-content-justification-center is-layout-flex wp-container-core-buttons-is-layout-16018d1d wp-block-buttons-is-layout-flex\">\n<div class=\"wp-block-button has-custom-width wp-block-button__width-100\"><a class=\"wp-block-button__link wp-element-button\" href=\"https:\/\/www.patreon.com\/BuletinDeBucuresti\"><strong>Sus\u021bine Buletin de Bucure\u0219ti pentru investiga\u021bii, reportaje \u0219i \u0219tiri Locale<\/strong><\/a><\/div>\n<\/div>\n\n\n\n<h2 class=\"wp-block-heading\" id=\"h-ce-a-mai-uimit-o-pe-o-tanara-din-coreea-de-sud-ca-nu-te-descal\u021bi-in-restaurante\">Ce a mai uimit-o pe o t\u00e2n\u0103r\u0103 din Coreea de Sud: c\u0103 nu te descal\u021bi \u00een restaurante<\/h2>\n\n\n\n<p><strong>T\u00e2n\u0103ra a men\u021bionat c\u0103 la \u00eenceput a fost surprins\u0103 s\u0103 vad\u0103 c\u00e2ini liberi pe strad\u0103. \u201eAcum nu mai sunt, dar c\u00e2nd am venit prima dat\u0103 \u00een Bucure\u0219ti, erau foarte mul\u021bi c\u00e2ini. C\u00e2nd eram mic\u0103 mi-era fric\u0103 s\u0103 merg singur\u0103 pe str\u0103zi\u201d. <\/strong><\/p>\n\n\n\n<p>Cea mai inedit\u0103 surpriz\u0103 a fost pentru aceast\u0103 t\u00e2n\u0103r\u0103 din Coreea de Sud faptul c\u0103 \u00een \u0219colile din Rom\u00e2nia nu trebuie s\u0103 te descal\u021bi, atunci c\u00e2nd intri. <\/p>\n\n\n\n<p>\u201e\u00cen Coreea de Sud exist\u0103 cultura de a te desc\u0103l\u021ba \u00een \u0219coli, case \u0219i chiar unele restaurante\u201d.<\/p>\n\n\n\n<p>Ultimul element inedit care i-a atras aten\u021bia a fost \u201eg\u0103leata de iaurt\u201d. \u00cen \u021bara sa nativ\u0103, iaurtul nu se vinde dec\u00e2t \u00een cantit\u0103\u021bi mici.<\/p>\n\n\n\n<p><strong>CITE\u0218TE \u0218I:<a href=\"https:\/\/buletin.de\/bucuresti\/sectorul-zero-dispare-de-pe-harta-proiectul-imobiliar-din-mogosoaia-revocat-de-consiliul-local\/\" target=\"_blank\" rel=\"noreferrer noopener\"> \u201eSectorul Zero\u201d dispare de pe hart\u0103. Proiectul imobiliar din Mogo\u0219oaia, revocat de Consiliul Local<\/a><\/strong><\/p>\n\n\n\n<p>T\u00e2n\u0103ra din Coreea de Sud prezint\u0103 pe <a href=\"https:\/\/www.tiktok.com\/@o.rchidddd\" target=\"_blank\" rel=\"noreferrer noopener\">contul s\u0103u de Tik-tok<\/a> \u0219i aspecte inedite pentru rom\u00e2ni ale vie\u021bii din \u021bara sa de origine. De exemplu, o solu\u021bie de a-i aten\u021biona pe cei care stau cu ochii \u00een telefon la semafor sau care este cel mai vizitat loc de c\u0103tre b\u0103tr\u00e2ni. Multe clipuri sunt dedicate transportului public.<\/p>\n","protected":false},"excerpt":{"rendered":"<p>O t\u00e2n\u0103r\u0103 din Coreea de Sud care tr\u0103ie\u0219te de mai mul\u021bi ani \u00een Capitala Rom\u00e2niei le-a ar\u0103tat bucure\u0219tenilor ce a \u0219ocat-o c\u00e2nd a ajuns aici. Primul lucru care a uimit-o au fost tramvaiele. \u201eNu v\u0103zusem niciodat\u0103 a\u0219a ceva. \u00cen Coreea de Sud nu exist\u0103\u201d, a scris t\u00e2n\u0103ra. Pe fat\u0103 au uimit-o \u0219i lifturile vechi. \u201eLa [&hellip;]<\/p>\n","protected":false},"author":1,"featured_media":126482,"comment_status":"closed","ping_status":"open","sticky":false,"template":"","format":"standard","meta":{"_acf_changed":false,"inline_featured_image":false,"ngg_post_thumbnail":0,"footnotes":""},"categories":[6994,1,62],"tags":[9,1856,20640],"ppma_author":[22583],"class_list":["post-126479","post","type-post","status-publish","format-standard","has-post-thumbnail","hentry","category-stiri-2","category-diverse","category-stiri","tag-bucuresti","tag-coreea-de-sud","tag-nou-in-bucuresti"],"acf":[],"yoast_head":"<!-- This site is optimized with the Yoast SEO Premium plugin v25.3 (Yoast SEO v27.5) - https:\/\/yoast.com\/product\/yoast-seo-premium-wordpress\/ -->\n<title>Ce a \u0219ocat-o pe o t\u00e2n\u0103r\u0103 din Coreea de Sud c\u00e2nd s-a mutat \u00een Bucure\u0219ti: \u201eNu v\u0103zusem niciodat\u0103 a\u0219a ceva\u201d - Buletin de Bucure\u0219ti<\/title>\n<meta name=\"description\" content=\"O t\u00e2n\u0103r\u0103 din Coreea de Sud care tr\u0103ie\u0219te de mai mul\u021bi ani \u00een Capitala Rom\u00e2niei le-a ar\u0103tat bucure\u0219tenilor ce a \u0219ocat-o c\u00e2nd a ajuns aici.\" \/>\n<meta name=\"robots\" content=\"index, follow, max-snippet:-1, max-image-preview:large, max-video-preview:-1\" \/>\n<link rel=\"canonical\" href=\"https:\/\/buletin.de\/bucuresti\/video-ce-a-socat-o-pe-o-tanara-din-coreea-de-sud-cand-s-a-mutat-in-bucuresti-nu-vazusem-niciodata-asa-ceva\/\" \/>\n<meta property=\"og:locale\" content=\"en_GB\" \/>\n<meta property=\"og:type\" content=\"article\" \/>\n<meta property=\"og:title\" content=\"Ce a \u0219ocat-o pe o t\u00e2n\u0103r\u0103 din Coreea de Sud c\u00e2nd s-a mutat \u00een Bucure\u0219ti: \u201eNu v\u0103zusem niciodat\u0103 a\u0219a ceva\u201d\" \/>\n<meta property=\"og:description\" content=\"O t\u00e2n\u0103r\u0103 din Coreea de Sud care tr\u0103ie\u0219te de mai mul\u021bi ani \u00een Capitala Rom\u00e2niei le-a ar\u0103tat bucure\u0219tenilor ce a \u0219ocat-o c\u00e2nd a ajuns aici.\" \/>\n<meta property=\"og:url\" content=\"https:\/\/buletin.de\/bucuresti\/video-ce-a-socat-o-pe-o-tanara-din-coreea-de-sud-cand-s-a-mutat-in-bucuresti-nu-vazusem-niciodata-asa-ceva\/\" \/>\n<meta property=\"og:site_name\" content=\"Buletin de Bucure\u0219ti\" \/>\n<meta property=\"article:publisher\" content=\"https:\/\/www.facebook.com\/buletin.de.buc\" \/>\n<meta property=\"article:published_time\" content=\"2025-04-15T05:18:12+00:00\" \/>\n<meta property=\"article:modified_time\" content=\"2025-04-15T05:22:59+00:00\" \/>\n<meta property=\"og:image\" content=\"https:\/\/buletin.de\/bucuresti\/wp-content\/uploads\/2025\/04\/fatadincoreea.png\" \/>\n\t<meta property=\"og:image:width\" content=\"1200\" \/>\n\t<meta property=\"og:image:height\" content=\"577\" \/>\n\t<meta property=\"og:image:type\" content=\"image\/png\" \/>\n<meta name=\"author\" content=\"Redac\u021bia Buletin de Bucure\u0219ti\" \/>\n<meta name=\"twitter:card\" content=\"summary_large_image\" \/>\n<meta name=\"twitter:label1\" content=\"Written by\" \/>\n\t<meta name=\"twitter:data1\" content=\"Redac\u021bia Buletin de Bucure\u0219ti\" \/>\n\t<meta name=\"twitter:label2\" content=\"Estimated reading time\" \/>\n\t<meta name=\"twitter:data2\" content=\"1 minute\" \/>\n<script type=\"application\/ld+json\" class=\"yoast-schema-graph\">{\"@context\":\"https:\\\/\\\/schema.org\",\"@graph\":[{\"@type\":\"Article\",\"@id\":\"https:\\\/\\\/buletin.de\\\/bucuresti\\\/video-ce-a-socat-o-pe-o-tanara-din-coreea-de-sud-cand-s-a-mutat-in-bucuresti-nu-vazusem-niciodata-asa-ceva\\\/#article\",\"isPartOf\":{\"@id\":\"https:\\\/\\\/buletin.de\\\/bucuresti\\\/video-ce-a-socat-o-pe-o-tanara-din-coreea-de-sud-cand-s-a-mutat-in-bucuresti-nu-vazusem-niciodata-asa-ceva\\\/\"},\"author\":{\"name\":\"Redac\u021bia Buletin de Bucure\u0219ti\",\"@id\":\"https:\\\/\\\/buletin.de\\\/bucuresti\\\/#\\\/schema\\\/person\\\/2bbcf854e5f2419a13804af574d06ab1\"},\"headline\":\"Ce a \u0219ocat-o pe o t\u00e2n\u0103r\u0103 din Coreea de Sud c\u00e2nd s-a mutat \u00een Bucure\u0219ti: \u201eNu v\u0103zusem niciodat\u0103 a\u0219a ceva\u201d\",\"datePublished\":\"2025-04-15T05:18:12+00:00\",\"dateModified\":\"2025-04-15T05:22:59+00:00\",\"mainEntityOfPage\":{\"@id\":\"https:\\\/\\\/buletin.de\\\/bucuresti\\\/video-ce-a-socat-o-pe-o-tanara-din-coreea-de-sud-cand-s-a-mutat-in-bucuresti-nu-vazusem-niciodata-asa-ceva\\\/\"},\"wordCount\":384,\"publisher\":{\"@id\":\"https:\\\/\\\/buletin.de\\\/bucuresti\\\/#organization\"},\"image\":{\"@id\":\"https:\\\/\\\/buletin.de\\\/bucuresti\\\/video-ce-a-socat-o-pe-o-tanara-din-coreea-de-sud-cand-s-a-mutat-in-bucuresti-nu-vazusem-niciodata-asa-ceva\\\/#primaryimage\"},\"thumbnailUrl\":\"https:\\\/\\\/buletin.de\\\/bucuresti\\\/wp-content\\\/uploads\\\/2025\\\/04\\\/fatadincoreea.png\",\"keywords\":[\"bucuresti\",\"coreea de sud\",\"nou in bucuresti\"],\"articleSection\":[\"Articole\",\"Diverse\",\"\u0218tiri\"],\"inLanguage\":\"en-GB\",\"copyrightYear\":\"2025\",\"copyrightHolder\":{\"@id\":\"https:\\\/\\\/buletin.de\\\/bucuresti\\\/#organization\"}},{\"@type\":\"WebPage\",\"@id\":\"https:\\\/\\\/buletin.de\\\/bucuresti\\\/video-ce-a-socat-o-pe-o-tanara-din-coreea-de-sud-cand-s-a-mutat-in-bucuresti-nu-vazusem-niciodata-asa-ceva\\\/\",\"url\":\"https:\\\/\\\/buletin.de\\\/bucuresti\\\/video-ce-a-socat-o-pe-o-tanara-din-coreea-de-sud-cand-s-a-mutat-in-bucuresti-nu-vazusem-niciodata-asa-ceva\\\/\",\"name\":\"Ce a \u0219ocat-o pe o t\u00e2n\u0103r\u0103 din Coreea de Sud c\u00e2nd s-a mutat \u00een Bucure\u0219ti: \u201eNu v\u0103zusem niciodat\u0103 a\u0219a ceva\u201d - Buletin de Bucure\u0219ti\",\"isPartOf\":{\"@id\":\"https:\\\/\\\/buletin.de\\\/bucuresti\\\/#website\"},\"primaryImageOfPage\":{\"@id\":\"https:\\\/\\\/buletin.de\\\/bucuresti\\\/video-ce-a-socat-o-pe-o-tanara-din-coreea-de-sud-cand-s-a-mutat-in-bucuresti-nu-vazusem-niciodata-asa-ceva\\\/#primaryimage\"},\"image\":{\"@id\":\"https:\\\/\\\/buletin.de\\\/bucuresti\\\/video-ce-a-socat-o-pe-o-tanara-din-coreea-de-sud-cand-s-a-mutat-in-bucuresti-nu-vazusem-niciodata-asa-ceva\\\/#primaryimage\"},\"thumbnailUrl\":\"https:\\\/\\\/buletin.de\\\/bucuresti\\\/wp-content\\\/uploads\\\/2025\\\/04\\\/fatadincoreea.png\",\"datePublished\":\"2025-04-15T05:18:12+00:00\",\"dateModified\":\"2025-04-15T05:22:59+00:00\",\"description\":\"O t\u00e2n\u0103r\u0103 din Coreea de Sud care tr\u0103ie\u0219te de mai mul\u021bi ani \u00een Capitala Rom\u00e2niei le-a ar\u0103tat bucure\u0219tenilor ce a \u0219ocat-o c\u00e2nd a ajuns aici.\",\"breadcrumb\":{\"@id\":\"https:\\\/\\\/buletin.de\\\/bucuresti\\\/video-ce-a-socat-o-pe-o-tanara-din-coreea-de-sud-cand-s-a-mutat-in-bucuresti-nu-vazusem-niciodata-asa-ceva\\\/#breadcrumb\"},\"inLanguage\":\"en-GB\",\"potentialAction\":[{\"@type\":\"ReadAction\",\"target\":[\"https:\\\/\\\/buletin.de\\\/bucuresti\\\/video-ce-a-socat-o-pe-o-tanara-din-coreea-de-sud-cand-s-a-mutat-in-bucuresti-nu-vazusem-niciodata-asa-ceva\\\/\"]}]},{\"@type\":\"ImageObject\",\"inLanguage\":\"en-GB\",\"@id\":\"https:\\\/\\\/buletin.de\\\/bucuresti\\\/video-ce-a-socat-o-pe-o-tanara-din-coreea-de-sud-cand-s-a-mutat-in-bucuresti-nu-vazusem-niciodata-asa-ceva\\\/#primaryimage\",\"url\":\"https:\\\/\\\/buletin.de\\\/bucuresti\\\/wp-content\\\/uploads\\\/2025\\\/04\\\/fatadincoreea.png\",\"contentUrl\":\"https:\\\/\\\/buletin.de\\\/bucuresti\\\/wp-content\\\/uploads\\\/2025\\\/04\\\/fatadincoreea.png\",\"width\":1200,\"height\":577,\"caption\":\"Ce a uimit-o pe o t\u00e2n\u0103r\u0103 din Coreea de Sud\"},{\"@type\":\"BreadcrumbList\",\"@id\":\"https:\\\/\\\/buletin.de\\\/bucuresti\\\/video-ce-a-socat-o-pe-o-tanara-din-coreea-de-sud-cand-s-a-mutat-in-bucuresti-nu-vazusem-niciodata-asa-ceva\\\/#breadcrumb\",\"itemListElement\":[{\"@type\":\"ListItem\",\"position\":1,\"name\":\"Acas\u0103\",\"item\":\"https:\\\/\\\/buletin.de\\\/bucuresti\\\/\"},{\"@type\":\"ListItem\",\"position\":2,\"name\":\"Ce a \u0219ocat-o pe o t\u00e2n\u0103r\u0103 din Coreea de Sud c\u00e2nd s-a mutat \u00een Bucure\u0219ti: \u201eNu v\u0103zusem niciodat\u0103 a\u0219a ceva\u201d\"}]},{\"@type\":\"WebSite\",\"@id\":\"https:\\\/\\\/buletin.de\\\/bucuresti\\\/#website\",\"url\":\"https:\\\/\\\/buletin.de\\\/bucuresti\\\/\",\"name\":\"Buletin de Bucure\u0219ti\",\"description\":\"\u0218tiri \u0219i investiga\u021bii esen\u021biale din capital\u0103\",\"publisher\":{\"@id\":\"https:\\\/\\\/buletin.de\\\/bucuresti\\\/#organization\"},\"potentialAction\":[{\"@type\":\"SearchAction\",\"target\":{\"@type\":\"EntryPoint\",\"urlTemplate\":\"https:\\\/\\\/buletin.de\\\/bucuresti\\\/?s={search_term_string}\"},\"query-input\":{\"@type\":\"PropertyValueSpecification\",\"valueRequired\":true,\"valueName\":\"search_term_string\"}}],\"inLanguage\":\"en-GB\"},{\"@type\":\"Organization\",\"@id\":\"https:\\\/\\\/buletin.de\\\/bucuresti\\\/#organization\",\"name\":\"Buletin de Bucure\u0219ti\",\"url\":\"https:\\\/\\\/buletin.de\\\/bucuresti\\\/\",\"logo\":{\"@type\":\"ImageObject\",\"inLanguage\":\"en-GB\",\"@id\":\"https:\\\/\\\/buletin.de\\\/bucuresti\\\/#\\\/schema\\\/logo\\\/image\\\/\",\"url\":\"https:\\\/\\\/buletin.de\\\/bucuresti\\\/wp-content\\\/uploads\\\/logo-bdb-full-wide-vernil-transparent.png\",\"contentUrl\":\"https:\\\/\\\/buletin.de\\\/bucuresti\\\/wp-content\\\/uploads\\\/logo-bdb-full-wide-vernil-transparent.png\",\"width\":1782,\"height\":626,\"caption\":\"Buletin de Bucure\u0219ti\"},\"image\":{\"@id\":\"https:\\\/\\\/buletin.de\\\/bucuresti\\\/#\\\/schema\\\/logo\\\/image\\\/\"},\"sameAs\":[\"https:\\\/\\\/www.facebook.com\\\/buletin.de.buc\",\"https:\\\/\\\/www.instagram.com\\\/buletinde.bucuresti\\\/\"]},{\"@type\":\"Person\",\"@id\":\"https:\\\/\\\/buletin.de\\\/bucuresti\\\/#\\\/schema\\\/person\\\/2bbcf854e5f2419a13804af574d06ab1\",\"name\":\"Redac\u021bia Buletin de Bucure\u0219ti\",\"image\":{\"@type\":\"ImageObject\",\"inLanguage\":\"en-GB\",\"@id\":\"https:\\\/\\\/secure.gravatar.com\\\/avatar\\\/18c5342381ed1a08620e6280424e3e5efc958618f5d67c522c9e44c1bc6f9226?s=96&d=monsterid&r=g60c7cd0ad92c68c049fcd4bb3504d609\",\"url\":\"https:\\\/\\\/secure.gravatar.com\\\/avatar\\\/18c5342381ed1a08620e6280424e3e5efc958618f5d67c522c9e44c1bc6f9226?s=96&d=monsterid&r=g\",\"contentUrl\":\"https:\\\/\\\/secure.gravatar.com\\\/avatar\\\/18c5342381ed1a08620e6280424e3e5efc958618f5d67c522c9e44c1bc6f9226?s=96&d=monsterid&r=g\",\"caption\":\"Redac\u021bia Buletin de Bucure\u0219ti\"},\"description\":\"Buletin de Bucure\u0219ti exist\u0103 din vara anului 2019.\",\"url\":\"https:\\\/\\\/buletin.de\\\/bucuresti\\\/author\\\/adminbuletin\\\/\"}]}<\/script>\n<!-- \/ Yoast SEO Premium plugin. -->","yoast_head_json":{"title":"Ce a \u0219ocat-o pe o t\u00e2n\u0103r\u0103 din Coreea de Sud c\u00e2nd s-a mutat \u00een Bucure\u0219ti: \u201eNu v\u0103zusem niciodat\u0103 a\u0219a ceva\u201d - Buletin de Bucure\u0219ti","description":"O t\u00e2n\u0103r\u0103 din Coreea de Sud care tr\u0103ie\u0219te de mai mul\u021bi ani \u00een Capitala Rom\u00e2niei le-a ar\u0103tat bucure\u0219tenilor ce a \u0219ocat-o c\u00e2nd a ajuns aici.","robots":{"index":"index","follow":"follow","max-snippet":"max-snippet:-1","max-image-preview":"max-image-preview:large","max-video-preview":"max-video-preview:-1"},"canonical":"https:\/\/buletin.de\/bucuresti\/video-ce-a-socat-o-pe-o-tanara-din-coreea-de-sud-cand-s-a-mutat-in-bucuresti-nu-vazusem-niciodata-asa-ceva\/","og_locale":"en_GB","og_type":"article","og_title":"Ce a \u0219ocat-o pe o t\u00e2n\u0103r\u0103 din Coreea de Sud c\u00e2nd s-a mutat \u00een Bucure\u0219ti: \u201eNu v\u0103zusem niciodat\u0103 a\u0219a ceva\u201d","og_description":"O t\u00e2n\u0103r\u0103 din Coreea de Sud care tr\u0103ie\u0219te de mai mul\u021bi ani \u00een Capitala Rom\u00e2niei le-a ar\u0103tat bucure\u0219tenilor ce a \u0219ocat-o c\u00e2nd a ajuns aici.","og_url":"https:\/\/buletin.de\/bucuresti\/video-ce-a-socat-o-pe-o-tanara-din-coreea-de-sud-cand-s-a-mutat-in-bucuresti-nu-vazusem-niciodata-asa-ceva\/","og_site_name":"Buletin de Bucure\u0219ti","article_publisher":"https:\/\/www.facebook.com\/buletin.de.buc","article_published_time":"2025-04-15T05:18:12+00:00","article_modified_time":"2025-04-15T05:22:59+00:00","og_image":[{"width":1200,"height":577,"url":"https:\/\/buletin.de\/bucuresti\/wp-content\/uploads\/2025\/04\/fatadincoreea.png","type":"image\/png"}],"author":"Redac\u021bia Buletin de Bucure\u0219ti","twitter_card":"summary_large_image","twitter_misc":{"Written by":"Redac\u021bia Buletin de Bucure\u0219ti","Estimated reading time":"1 minute"},"schema":{"@context":"https:\/\/schema.org","@graph":[{"@type":"Article","@id":"https:\/\/buletin.de\/bucuresti\/video-ce-a-socat-o-pe-o-tanara-din-coreea-de-sud-cand-s-a-mutat-in-bucuresti-nu-vazusem-niciodata-asa-ceva\/#article","isPartOf":{"@id":"https:\/\/buletin.de\/bucuresti\/video-ce-a-socat-o-pe-o-tanara-din-coreea-de-sud-cand-s-a-mutat-in-bucuresti-nu-vazusem-niciodata-asa-ceva\/"},"author":{"name":"Redac\u021bia Buletin de Bucure\u0219ti","@id":"https:\/\/buletin.de\/bucuresti\/#\/schema\/person\/2bbcf854e5f2419a13804af574d06ab1"},"headline":"Ce a \u0219ocat-o pe o t\u00e2n\u0103r\u0103 din Coreea de Sud c\u00e2nd s-a mutat \u00een Bucure\u0219ti: \u201eNu v\u0103zusem niciodat\u0103 a\u0219a ceva\u201d","datePublished":"2025-04-15T05:18:12+00:00","dateModified":"2025-04-15T05:22:59+00:00","mainEntityOfPage":{"@id":"https:\/\/buletin.de\/bucuresti\/video-ce-a-socat-o-pe-o-tanara-din-coreea-de-sud-cand-s-a-mutat-in-bucuresti-nu-vazusem-niciodata-asa-ceva\/"},"wordCount":384,"publisher":{"@id":"https:\/\/buletin.de\/bucuresti\/#organization"},"image":{"@id":"https:\/\/buletin.de\/bucuresti\/video-ce-a-socat-o-pe-o-tanara-din-coreea-de-sud-cand-s-a-mutat-in-bucuresti-nu-vazusem-niciodata-asa-ceva\/#primaryimage"},"thumbnailUrl":"https:\/\/buletin.de\/bucuresti\/wp-content\/uploads\/2025\/04\/fatadincoreea.png","keywords":["bucuresti","coreea de sud","nou in bucuresti"],"articleSection":["Articole","Diverse","\u0218tiri"],"inLanguage":"en-GB","copyrightYear":"2025","copyrightHolder":{"@id":"https:\/\/buletin.de\/bucuresti\/#organization"}},{"@type":"WebPage","@id":"https:\/\/buletin.de\/bucuresti\/video-ce-a-socat-o-pe-o-tanara-din-coreea-de-sud-cand-s-a-mutat-in-bucuresti-nu-vazusem-niciodata-asa-ceva\/","url":"https:\/\/buletin.de\/bucuresti\/video-ce-a-socat-o-pe-o-tanara-din-coreea-de-sud-cand-s-a-mutat-in-bucuresti-nu-vazusem-niciodata-asa-ceva\/","name":"Ce a \u0219ocat-o pe o t\u00e2n\u0103r\u0103 din Coreea de Sud c\u00e2nd s-a mutat \u00een Bucure\u0219ti: \u201eNu v\u0103zusem niciodat\u0103 a\u0219a ceva\u201d - Buletin de Bucure\u0219ti","isPartOf":{"@id":"https:\/\/buletin.de\/bucuresti\/#website"},"primaryImageOfPage":{"@id":"https:\/\/buletin.de\/bucuresti\/video-ce-a-socat-o-pe-o-tanara-din-coreea-de-sud-cand-s-a-mutat-in-bucuresti-nu-vazusem-niciodata-asa-ceva\/#primaryimage"},"image":{"@id":"https:\/\/buletin.de\/bucuresti\/video-ce-a-socat-o-pe-o-tanara-din-coreea-de-sud-cand-s-a-mutat-in-bucuresti-nu-vazusem-niciodata-asa-ceva\/#primaryimage"},"thumbnailUrl":"https:\/\/buletin.de\/bucuresti\/wp-content\/uploads\/2025\/04\/fatadincoreea.png","datePublished":"2025-04-15T05:18:12+00:00","dateModified":"2025-04-15T05:22:59+00:00","description":"O t\u00e2n\u0103r\u0103 din Coreea de Sud care tr\u0103ie\u0219te de mai mul\u021bi ani \u00een Capitala Rom\u00e2niei le-a ar\u0103tat bucure\u0219tenilor ce a \u0219ocat-o c\u00e2nd a ajuns aici.","breadcrumb":{"@id":"https:\/\/buletin.de\/bucuresti\/video-ce-a-socat-o-pe-o-tanara-din-coreea-de-sud-cand-s-a-mutat-in-bucuresti-nu-vazusem-niciodata-asa-ceva\/#breadcrumb"},"inLanguage":"en-GB","potentialAction":[{"@type":"ReadAction","target":["https:\/\/buletin.de\/bucuresti\/video-ce-a-socat-o-pe-o-tanara-din-coreea-de-sud-cand-s-a-mutat-in-bucuresti-nu-vazusem-niciodata-asa-ceva\/"]}]},{"@type":"ImageObject","inLanguage":"en-GB","@id":"https:\/\/buletin.de\/bucuresti\/video-ce-a-socat-o-pe-o-tanara-din-coreea-de-sud-cand-s-a-mutat-in-bucuresti-nu-vazusem-niciodata-asa-ceva\/#primaryimage","url":"https:\/\/buletin.de\/bucuresti\/wp-content\/uploads\/2025\/04\/fatadincoreea.png","contentUrl":"https:\/\/buletin.de\/bucuresti\/wp-content\/uploads\/2025\/04\/fatadincoreea.png","width":1200,"height":577,"caption":"Ce a uimit-o pe o t\u00e2n\u0103r\u0103 din Coreea de Sud"},{"@type":"BreadcrumbList","@id":"https:\/\/buletin.de\/bucuresti\/video-ce-a-socat-o-pe-o-tanara-din-coreea-de-sud-cand-s-a-mutat-in-bucuresti-nu-vazusem-niciodata-asa-ceva\/#breadcrumb","itemListElement":[{"@type":"ListItem","position":1,"name":"Acas\u0103","item":"https:\/\/buletin.de\/bucuresti\/"},{"@type":"ListItem","position":2,"name":"Ce a \u0219ocat-o pe o t\u00e2n\u0103r\u0103 din Coreea de Sud c\u00e2nd s-a mutat \u00een Bucure\u0219ti: \u201eNu v\u0103zusem niciodat\u0103 a\u0219a ceva\u201d"}]},{"@type":"WebSite","@id":"https:\/\/buletin.de\/bucuresti\/#website","url":"https:\/\/buletin.de\/bucuresti\/","name":"Buletin de Bucure\u0219ti","description":"\u0218tiri \u0219i investiga\u021bii esen\u021biale din capital\u0103","publisher":{"@id":"https:\/\/buletin.de\/bucuresti\/#organization"},"potentialAction":[{"@type":"SearchAction","target":{"@type":"EntryPoint","urlTemplate":"https:\/\/buletin.de\/bucuresti\/?s={search_term_string}"},"query-input":{"@type":"PropertyValueSpecification","valueRequired":true,"valueName":"search_term_string"}}],"inLanguage":"en-GB"},{"@type":"Organization","@id":"https:\/\/buletin.de\/bucuresti\/#organization","name":"Buletin de Bucure\u0219ti","url":"https:\/\/buletin.de\/bucuresti\/","logo":{"@type":"ImageObject","inLanguage":"en-GB","@id":"https:\/\/buletin.de\/bucuresti\/#\/schema\/logo\/image\/","url":"https:\/\/buletin.de\/bucuresti\/wp-content\/uploads\/logo-bdb-full-wide-vernil-transparent.png","contentUrl":"https:\/\/buletin.de\/bucuresti\/wp-content\/uploads\/logo-bdb-full-wide-vernil-transparent.png","width":1782,"height":626,"caption":"Buletin de Bucure\u0219ti"},"image":{"@id":"https:\/\/buletin.de\/bucuresti\/#\/schema\/logo\/image\/"},"sameAs":["https:\/\/www.facebook.com\/buletin.de.buc","https:\/\/www.instagram.com\/buletinde.bucuresti\/"]},{"@type":"Person","@id":"https:\/\/buletin.de\/bucuresti\/#\/schema\/person\/2bbcf854e5f2419a13804af574d06ab1","name":"Redac\u021bia Buletin de Bucure\u0219ti","image":{"@type":"ImageObject","inLanguage":"en-GB","@id":"https:\/\/secure.gravatar.com\/avatar\/18c5342381ed1a08620e6280424e3e5efc958618f5d67c522c9e44c1bc6f9226?s=96&d=monsterid&r=g60c7cd0ad92c68c049fcd4bb3504d609","url":"https:\/\/secure.gravatar.com\/avatar\/18c5342381ed1a08620e6280424e3e5efc958618f5d67c522c9e44c1bc6f9226?s=96&d=monsterid&r=g","contentUrl":"https:\/\/secure.gravatar.com\/avatar\/18c5342381ed1a08620e6280424e3e5efc958618f5d67c522c9e44c1bc6f9226?s=96&d=monsterid&r=g","caption":"Redac\u021bia Buletin de Bucure\u0219ti"},"description":"Buletin de Bucure\u0219ti exist\u0103 din vara anului 2019.","url":"https:\/\/buletin.de\/bucuresti\/author\/adminbuletin\/"}]}},"authors":[{"term_id":22583,"user_id":1,"is_guest":0,"slug":"adminbuletin","display_name":"Redac\u021bia Buletin de Bucure\u0219ti","avatar_url":"https:\/\/secure.gravatar.com\/avatar\/18c5342381ed1a08620e6280424e3e5efc958618f5d67c522c9e44c1bc6f9226?s=96&d=monsterid&r=g","0":null,"1":"","2":"","3":"","4":"","5":"","6":"","7":"","8":""}],"_links":{"self":[{"href":"https:\/\/buletin.de\/bucuresti\/wp-json\/wp\/v2\/posts\/126479","targetHints":{"allow":["GET"]}}],"collection":[{"href":"https:\/\/buletin.de\/bucuresti\/wp-json\/wp\/v2\/posts"}],"about":[{"href":"https:\/\/buletin.de\/bucuresti\/wp-json\/wp\/v2\/types\/post"}],"author":[{"embeddable":true,"href":"https:\/\/buletin.de\/bucuresti\/wp-json\/wp\/v2\/users\/1"}],"replies":[{"embeddable":true,"href":"https:\/\/buletin.de\/bucuresti\/wp-json\/wp\/v2\/comments?post=126479"}],"version-history":[{"count":5,"href":"https:\/\/buletin.de\/bucuresti\/wp-json\/wp\/v2\/posts\/126479\/revisions"}],"predecessor-version":[{"id":126487,"href":"https:\/\/buletin.de\/bucuresti\/wp-json\/wp\/v2\/posts\/126479\/revisions\/126487"}],"wp:featuredmedia":[{"embeddable":true,"href":"https:\/\/buletin.de\/bucuresti\/wp-json\/wp\/v2\/media\/126482"}],"wp:attachment":[{"href":"https:\/\/buletin.de\/bucuresti\/wp-json\/wp\/v2\/media?parent=126479"}],"wp:term":[{"taxonomy":"category","embeddable":true,"href":"https:\/\/buletin.de\/bucuresti\/wp-json\/wp\/v2\/categories?post=126479"},{"taxonomy":"post_tag","embeddable":true,"href":"https:\/\/buletin.de\/bucuresti\/wp-json\/wp\/v2\/tags?post=126479"},{"taxonomy":"author","embeddable":true,"href":"https:\/\/buletin.de\/bucuresti\/wp-json\/wp\/v2\/ppma_author?post=126479"}],"curies":[{"name":"wp","href":"https:\/\/api.w.org\/{rel}","templated":true}]}}