{"id":126459,"date":"2025-04-15T07:10:40","date_gmt":"2025-04-15T04:10:40","guid":{"rendered":"https:\/\/buletin.de\/bucuresti\/?p=126459"},"modified":"2025-04-15T07:10:50","modified_gmt":"2025-04-15T04:10:50","slug":"linia-de-tramvai-42-se-suspenda","status":"publish","type":"post","link":"https:\/\/buletin.de\/bucuresti\/linia-de-tramvai-42-se-suspenda\/","title":{"rendered":"Linia de tramvai 42 este suspendat\u0103 din 16 aprilie"},"content":{"rendered":"\n<p><strong>Linia de tramvai 42 se suspend\u0103 din data de 16 aprilie. M\u0103sura a fost luat\u0103 din cauza lucr\u0103rilor la calea de rulare a tramvaielor, de pe Bd. Expozi\u021biei \u015fi Str. Pu\u021bul lui Cr\u0103ciun.<\/strong><\/p>\n\n\n\n<p>Din acest motiv, <a href=\"https:\/\/tpbi.ro\/pentru-efectuarea-lucrarilor-la-calea-de-rulare-linia-42-se-suspenda-va-fi-reinfiintata-linia-642\/\" target=\"_blank\" rel=\"noreferrer noopener\">TPBI<\/a> <strong>\u00eenfiin\u021beaz\u0103 liniei navet\u0103 642<\/strong>. Aceasta va func\u021biona \u00eentre terminalele \u201ePia\u021ba Presei\u201d \u0219i \u201eVasile P\u00e2rvan\u201d, pe traseul:\u00a0<\/p>\n\n\n\n<ul class=\"wp-block-list\">\n<li><strong>\u201ePia\u021ba Presei\u201d<\/strong>;<\/li>\n\n\n\n<li>Bd. Expozi\u021biei;<\/li>\n\n\n\n<li>Bd. Aviator Popi\u0219teanu;<\/li>\n\n\n\n<li>Bd. Ion Mihalache;<\/li>\n\n\n\n<li>Pia\u021ba Victoriei;<\/li>\n\n\n\n<li>Str. Buze\u0219ti;<\/li>\n\n\n\n<li>Str. Berzei;<\/li>\n\n\n\n<li>Calea Plevnei;<\/li>\n\n\n\n<li><strong>\u201eVasile P\u00e2rvan\u201d<\/strong>.<\/li>\n<\/ul>\n\n\n\n<figure class=\"wp-block-image size-large\"><img fetchpriority=\"high\" decoding=\"async\" width=\"1000\" height=\"632\" src=\"data:image\/gif;base64,R0lGODlhAQABAAAAACH5BAEKAAEALAAAAAABAAEAAAICTAEAOw==\" data-src=\"https:\/\/buletin.de\/bucuresti\/wp-content\/uploads\/2025\/04\/42-642-site-1000x632.png\" alt=\"\" class=\"wp-image-126463 lazyload\" data-sizes=\"auto\" data-srcset=\"https:\/\/buletin.de\/bucuresti\/wp-content\/uploads\/2025\/04\/42-642-site-1000x632.png 1000w, https:\/\/buletin.de\/bucuresti\/wp-content\/uploads\/2025\/04\/42-642-site-300x190.png 300w, https:\/\/buletin.de\/bucuresti\/wp-content\/uploads\/2025\/04\/42-642-site-768x485.png 768w, https:\/\/buletin.de\/bucuresti\/wp-content\/uploads\/2025\/04\/42-642-site-1536x970.png 1536w, https:\/\/buletin.de\/bucuresti\/wp-content\/uploads\/2025\/04\/42-642-site-1600x1011.png 1600w, https:\/\/buletin.de\/bucuresti\/wp-content\/uploads\/2025\/04\/42-642-site-1100x695.png 1100w, https:\/\/buletin.de\/bucuresti\/wp-content\/uploads\/2025\/04\/42-642-site-600x379.png 600w, https:\/\/buletin.de\/bucuresti\/wp-content\/uploads\/2025\/04\/42-642-site-20x13.png 20w, https:\/\/buletin.de\/bucuresti\/wp-content\/uploads\/2025\/04\/42-642-site.png 1904w\" sizes=\"(max-width: 1000px) 100vw, 1000px\" \/><\/figure>\n\n\n\n<p>Linia de tramvai 42 se suspend\u0103, din 16 aprilie. \u00centoarcerea, cu linia naveta 642, se va face pe urm\u0103torul traseu:<\/p>\n\n\n\n<ul class=\"wp-block-list\">\n<li>Str. Sf\u00e2ntul Constantin;<\/li>\n\n\n\n<li>Str. Ionel Perlea;<\/li>\n\n\n\n<li>Str. Grigore Cob\u0103lcescu;<\/li>\n\n\n\n<li>Str. Berzei, Str. Buze\u0219ti;<\/li>\n\n\n\n<li>Pia\u021ba Victoriei;<\/li>\n\n\n\n<li>Bd. Ion Mihalache;<\/li>\n\n\n\n<li>Bd. Aviator Popi\u0219teanu;<\/li>\n\n\n\n<li> Bd. Expozi\u021biei;<\/li>\n\n\n\n<li><strong>terminal<\/strong>&nbsp;<strong>\u201ePia\u021ba Presei\u201d<\/strong>.<\/li>\n<\/ul>\n\n\n\n<p><strong>CITE\u0218TE \u0218I:<\/strong> <a href=\"https:\/\/buletin.de\/bucuresti\/cum-circula-metroul-in-noaptea-de-inviere-programul-de-paste\/\">Cum circul\u0103 metroul \u00een noaptea de \u00cenviere. Programul de Pa\u0219te<\/a><\/p>\n\n\n\n<div class=\"wp-block-buttons is-content-justification-center is-layout-flex wp-container-core-buttons-is-layout-16018d1d wp-block-buttons-is-layout-flex\">\n<div class=\"wp-block-button has-custom-width wp-block-button__width-100\"><a class=\"wp-block-button__link wp-element-button\" href=\"https:\/\/www.patreon.com\/BuletinDeBucuresti\"><strong>Sus\u021bine Buletin de Bucure\u0219ti pentru investiga\u021bii, reportaje \u0219i \u0219tiri Locale<\/strong><\/a><\/div>\n<\/div>\n\n\n\n<h2 class=\"wp-block-heading\" id=\"h-linia-36-de-tramvai-deviata-din-cauza-degradarii-sinelor-cum-vor-fi-afectati-calatorii\">Linia 36 de tramvai, deviat\u0103 din cauza degrad\u0103rii \u015finelor. Cum vor fi afecta\u0163i c\u0103l\u0103torii<\/h2>\n\n\n\n<p><strong>Linia 36 de tramvai va func\u021biona pe un traseu modificat, \u00eentre \u201eLacul Tei\u201d \u0219i terminalul Pantelimon. Decizia a fost pus\u0103 \u00een aplicare de s\u00e2mb\u0103t\u0103, 12 aprilie, din cauza st\u0103rii avansate de degradare a \u0219inelor din zon\u0103. Oficialii STB anun\u0163aser\u0103 deja c\u0103 iau \u00een calcul \u00eentreruperi de traseu, pentru c\u0103 \u015finele sunt prea vechi \u015fi periculoase, \u00een special pe bulevardul Basarabia.<\/strong><\/p>\n\n\n\n<figure class=\"wp-block-image size-large\"><img decoding=\"async\" width=\"1000\" height=\"632\" src=\"data:image\/gif;base64,R0lGODlhAQABAAAAACH5BAEKAAEALAAAAAABAAEAAAICTAEAOw==\" data-src=\"https:\/\/buletin.de\/bucuresti\/wp-content\/uploads\/2025\/04\/36-637-site-002-2-1000x632.png\" alt=\"\" class=\"wp-image-126465 lazyload\" data-sizes=\"auto\" data-srcset=\"https:\/\/buletin.de\/bucuresti\/wp-content\/uploads\/2025\/04\/36-637-site-002-2-1000x632.png 1000w, https:\/\/buletin.de\/bucuresti\/wp-content\/uploads\/2025\/04\/36-637-site-002-2-300x190.png 300w, https:\/\/buletin.de\/bucuresti\/wp-content\/uploads\/2025\/04\/36-637-site-002-2-768x485.png 768w, https:\/\/buletin.de\/bucuresti\/wp-content\/uploads\/2025\/04\/36-637-site-002-2-1100x695.png 1100w, https:\/\/buletin.de\/bucuresti\/wp-content\/uploads\/2025\/04\/36-637-site-002-2-600x379.png 600w, https:\/\/buletin.de\/bucuresti\/wp-content\/uploads\/2025\/04\/36-637-site-002-2-20x13.png 20w, https:\/\/buletin.de\/bucuresti\/wp-content\/uploads\/2025\/04\/36-637-site-002-2.png 1144w\" sizes=\"(max-width: 1000px) 100vw, 1000px\" \/><\/figure>\n\n\n\n<p>M\u0103sura a fost luat\u0103 pentru a permite efectuarea lucr\u0103rilor la calea de rulare a tramvaielor de pe Bd. Chi\u0219in\u0103u, anun\u021b\u0103<a href=\"https:\/\/tpbi.ro\/tpbi-linia-36-deviata-la-terminalul-pantelimon-linia-naveta-637-va-prelua-calatorii-intre-m-republica-si-bd-chisinau\/\">&nbsp;TPBI<\/a>.<\/p>\n\n\n\n<p>Astfel, pe durata lucr\u0103rilor, tramvaiele&nbsp;liniei 36&nbsp;vor circula pe traseul: \u201ePantelimon\u201d, \u0218os. Pantelimon, Str. Ziduri Mo\u015fi, \u0218os. Colentina, Str.&nbsp;Turmelor, Str. Re\u00eenvierii, Str. Maica Domnului, \u201eBd. Lacul Tei\u201d \u0219i retur.<\/p>\n\n\n\n<p>O nou\u0103 linie navet\u0103 va fi introdus\u0103 pentru preluarea c\u0103l\u0103torilor \u00eentre &nbsp;\u201eM Republica\u201d \u0219i \u201eBd. Chi\u0219in\u0103u\u201d. Astfel, autobuzele 637 vor circula pe urm\u0103torul traseu: \u201eM Republica\u201d, Bd Basarabia, Bd Chi\u0219in\u0103u, Pia\u021ba Delfinului (\u00eentoarcere \u00een rond), sta\u021bia \u201eBd. Chi\u0219in\u0103u\u201d \u0219i retur.<\/p>\n\n\n\n<p><strong>CITE\u0218TE \u0218I:<\/strong> <a href=\"https:\/\/buletin.de\/bucuresti\/jenifer-lopez-la-bucuresti-au-fost-puse-in-vanzare-biletele-pentru-concertul-din-piata-constitutiei\/\">Jenifer Lopez la Bucure\u0219ti. Au fost puse \u00een v\u00e2nzare biletele pentru concertul din Pia\u021ba Constitu\u021biei<\/a><\/p>\n","protected":false},"excerpt":{"rendered":"<p>Linia de tramvai 42 se suspend\u0103 din data de 16 aprilie. M\u0103sura a fost luat\u0103 din cauza lucr\u0103rilor la calea de rulare a tramvaielor, de pe Bd. Expozi\u021biei \u015fi Str. Pu\u021bul lui Cr\u0103ciun. Din acest motiv, TPBI \u00eenfiin\u021beaz\u0103 liniei navet\u0103 642. Aceasta va func\u021biona \u00eentre terminalele \u201ePia\u021ba Presei\u201d \u0219i \u201eVasile P\u00e2rvan\u201d, pe traseul:\u00a0 Linia de [&hellip;]<\/p>\n","protected":false},"author":49,"featured_media":126467,"comment_status":"closed","ping_status":"open","sticky":false,"template":"","format":"standard","meta":{"_acf_changed":false,"inline_featured_image":false,"ngg_post_thumbnail":0,"footnotes":""},"categories":[6994,62,650],"tags":[20638,17615,20636,20637,20639,2842],"ppma_author":[22574],"class_list":["post-126459","post","type-post","status-publish","format-standard","has-post-thumbnail","hentry","category-stiri-2","category-stiri","category-transport","tag-bd-expozitiei","tag-linia-42","tag-linia-42-se-suspenda","tag-linia-naveta-642","tag-str-putul-lui-craciun","tag-tpbi"],"acf":[],"yoast_head":"<!-- This site is optimized with the Yoast SEO Premium plugin v25.3 (Yoast SEO v27.5) - https:\/\/yoast.com\/product\/yoast-seo-premium-wordpress\/ -->\n<title>Linia de tramvai 42 este suspendat\u0103 din 16 aprilie - Buletin de Bucure\u0219ti<\/title>\n<meta name=\"description\" content=\"Linia de tramvai 42 se suspend\u0103 din data de 16 aprilie, din cauza lucr\u0103rilor de pe Bd. Expozi\u021biei \u015fi Str. Pu\u021bul lui Cr\u0103ciun.\" \/>\n<meta name=\"robots\" content=\"index, follow, max-snippet:-1, max-image-preview:large, max-video-preview:-1\" \/>\n<link rel=\"canonical\" href=\"https:\/\/buletin.de\/bucuresti\/linia-de-tramvai-42-se-suspenda\/\" \/>\n<meta property=\"og:locale\" content=\"en_GB\" \/>\n<meta property=\"og:type\" content=\"article\" \/>\n<meta property=\"og:title\" content=\"Linia de tramvai 42 este suspendat\u0103 din 16 aprilie\" \/>\n<meta property=\"og:description\" content=\"Linia de tramvai 42 se suspend\u0103 din data de 16 aprilie, din cauza lucr\u0103rilor de pe Bd. Expozi\u021biei \u015fi Str. Pu\u021bul lui Cr\u0103ciun.\" \/>\n<meta property=\"og:url\" content=\"https:\/\/buletin.de\/bucuresti\/linia-de-tramvai-42-se-suspenda\/\" \/>\n<meta property=\"og:site_name\" content=\"Buletin de Bucure\u0219ti\" \/>\n<meta property=\"article:publisher\" content=\"https:\/\/www.facebook.com\/buletin.de.buc\" \/>\n<meta property=\"article:published_time\" content=\"2025-04-15T04:10:40+00:00\" \/>\n<meta property=\"article:modified_time\" content=\"2025-04-15T04:10:50+00:00\" \/>\n<meta property=\"og:image\" content=\"https:\/\/buletin.de\/bucuresti\/wp-content\/uploads\/2025\/04\/642-site-1000x632.png\" \/>\n\t<meta property=\"og:image:width\" content=\"1000\" \/>\n\t<meta property=\"og:image:height\" content=\"632\" \/>\n\t<meta property=\"og:image:type\" content=\"image\/png\" \/>\n<meta name=\"author\" content=\"Diana Matei\" \/>\n<meta name=\"twitter:card\" content=\"summary_large_image\" \/>\n<meta name=\"twitter:label1\" content=\"Written by\" \/>\n\t<meta name=\"twitter:data1\" content=\"Diana Matei\" \/>\n\t<meta name=\"twitter:label2\" content=\"Estimated reading time\" \/>\n\t<meta name=\"twitter:data2\" content=\"3 minutes\" \/>\n<script type=\"application\/ld+json\" class=\"yoast-schema-graph\">{\"@context\":\"https:\\\/\\\/schema.org\",\"@graph\":[{\"@type\":\"Article\",\"@id\":\"https:\\\/\\\/buletin.de\\\/bucuresti\\\/linia-de-tramvai-42-se-suspenda\\\/#article\",\"isPartOf\":{\"@id\":\"https:\\\/\\\/buletin.de\\\/bucuresti\\\/linia-de-tramvai-42-se-suspenda\\\/\"},\"author\":{\"name\":\"Diana Matei\",\"@id\":\"https:\\\/\\\/buletin.de\\\/bucuresti\\\/#\\\/schema\\\/person\\\/7e46040573290777280a0835d81ea4ea\"},\"headline\":\"Linia de tramvai 42 este suspendat\u0103 din 16 aprilie\",\"datePublished\":\"2025-04-15T04:10:40+00:00\",\"dateModified\":\"2025-04-15T04:10:50+00:00\",\"mainEntityOfPage\":{\"@id\":\"https:\\\/\\\/buletin.de\\\/bucuresti\\\/linia-de-tramvai-42-se-suspenda\\\/\"},\"wordCount\":386,\"publisher\":{\"@id\":\"https:\\\/\\\/buletin.de\\\/bucuresti\\\/#organization\"},\"image\":{\"@id\":\"https:\\\/\\\/buletin.de\\\/bucuresti\\\/linia-de-tramvai-42-se-suspenda\\\/#primaryimage\"},\"thumbnailUrl\":\"https:\\\/\\\/buletin.de\\\/bucuresti\\\/wp-content\\\/uploads\\\/2025\\\/04\\\/642-site.png\",\"keywords\":[\"Bd. Expozi\u021biei\",\"Linia 42\",\"linia 42 se suspenda\",\"linia naveta 642\",\"Str. Pu\u021bul lui Cr\u0103ciun\",\"tpbi\"],\"articleSection\":[\"Articole\",\"\u0218tiri\",\"Transport\"],\"inLanguage\":\"en-GB\",\"copyrightYear\":\"2025\",\"copyrightHolder\":{\"@id\":\"https:\\\/\\\/buletin.de\\\/bucuresti\\\/#organization\"}},{\"@type\":\"WebPage\",\"@id\":\"https:\\\/\\\/buletin.de\\\/bucuresti\\\/linia-de-tramvai-42-se-suspenda\\\/\",\"url\":\"https:\\\/\\\/buletin.de\\\/bucuresti\\\/linia-de-tramvai-42-se-suspenda\\\/\",\"name\":\"Linia de tramvai 42 este suspendat\u0103 din 16 aprilie - Buletin de Bucure\u0219ti\",\"isPartOf\":{\"@id\":\"https:\\\/\\\/buletin.de\\\/bucuresti\\\/#website\"},\"primaryImageOfPage\":{\"@id\":\"https:\\\/\\\/buletin.de\\\/bucuresti\\\/linia-de-tramvai-42-se-suspenda\\\/#primaryimage\"},\"image\":{\"@id\":\"https:\\\/\\\/buletin.de\\\/bucuresti\\\/linia-de-tramvai-42-se-suspenda\\\/#primaryimage\"},\"thumbnailUrl\":\"https:\\\/\\\/buletin.de\\\/bucuresti\\\/wp-content\\\/uploads\\\/2025\\\/04\\\/642-site.png\",\"datePublished\":\"2025-04-15T04:10:40+00:00\",\"dateModified\":\"2025-04-15T04:10:50+00:00\",\"description\":\"Linia de tramvai 42 se suspend\u0103 din data de 16 aprilie, din cauza lucr\u0103rilor de pe Bd. Expozi\u021biei \u015fi Str. Pu\u021bul lui Cr\u0103ciun.\",\"breadcrumb\":{\"@id\":\"https:\\\/\\\/buletin.de\\\/bucuresti\\\/linia-de-tramvai-42-se-suspenda\\\/#breadcrumb\"},\"inLanguage\":\"en-GB\",\"potentialAction\":[{\"@type\":\"ReadAction\",\"target\":[\"https:\\\/\\\/buletin.de\\\/bucuresti\\\/linia-de-tramvai-42-se-suspenda\\\/\"]}]},{\"@type\":\"ImageObject\",\"inLanguage\":\"en-GB\",\"@id\":\"https:\\\/\\\/buletin.de\\\/bucuresti\\\/linia-de-tramvai-42-se-suspenda\\\/#primaryimage\",\"url\":\"https:\\\/\\\/buletin.de\\\/bucuresti\\\/wp-content\\\/uploads\\\/2025\\\/04\\\/642-site.png\",\"contentUrl\":\"https:\\\/\\\/buletin.de\\\/bucuresti\\\/wp-content\\\/uploads\\\/2025\\\/04\\\/642-site.png\",\"width\":2372,\"height\":1500,\"caption\":\"Linia de autobuz 42 se suspend\u0103, din 16 aprilie. FOTO: TPBI\"},{\"@type\":\"BreadcrumbList\",\"@id\":\"https:\\\/\\\/buletin.de\\\/bucuresti\\\/linia-de-tramvai-42-se-suspenda\\\/#breadcrumb\",\"itemListElement\":[{\"@type\":\"ListItem\",\"position\":1,\"name\":\"Acas\u0103\",\"item\":\"https:\\\/\\\/buletin.de\\\/bucuresti\\\/\"},{\"@type\":\"ListItem\",\"position\":2,\"name\":\"Linia de tramvai 42 este suspendat\u0103 din 16 aprilie\"}]},{\"@type\":\"WebSite\",\"@id\":\"https:\\\/\\\/buletin.de\\\/bucuresti\\\/#website\",\"url\":\"https:\\\/\\\/buletin.de\\\/bucuresti\\\/\",\"name\":\"Buletin de Bucure\u0219ti\",\"description\":\"\u0218tiri \u0219i investiga\u021bii esen\u021biale din capital\u0103\",\"publisher\":{\"@id\":\"https:\\\/\\\/buletin.de\\\/bucuresti\\\/#organization\"},\"potentialAction\":[{\"@type\":\"SearchAction\",\"target\":{\"@type\":\"EntryPoint\",\"urlTemplate\":\"https:\\\/\\\/buletin.de\\\/bucuresti\\\/?s={search_term_string}\"},\"query-input\":{\"@type\":\"PropertyValueSpecification\",\"valueRequired\":true,\"valueName\":\"search_term_string\"}}],\"inLanguage\":\"en-GB\"},{\"@type\":\"Organization\",\"@id\":\"https:\\\/\\\/buletin.de\\\/bucuresti\\\/#organization\",\"name\":\"Buletin de Bucure\u0219ti\",\"url\":\"https:\\\/\\\/buletin.de\\\/bucuresti\\\/\",\"logo\":{\"@type\":\"ImageObject\",\"inLanguage\":\"en-GB\",\"@id\":\"https:\\\/\\\/buletin.de\\\/bucuresti\\\/#\\\/schema\\\/logo\\\/image\\\/\",\"url\":\"https:\\\/\\\/buletin.de\\\/bucuresti\\\/wp-content\\\/uploads\\\/logo-bdb-full-wide-vernil-transparent.png\",\"contentUrl\":\"https:\\\/\\\/buletin.de\\\/bucuresti\\\/wp-content\\\/uploads\\\/logo-bdb-full-wide-vernil-transparent.png\",\"width\":1782,\"height\":626,\"caption\":\"Buletin de Bucure\u0219ti\"},\"image\":{\"@id\":\"https:\\\/\\\/buletin.de\\\/bucuresti\\\/#\\\/schema\\\/logo\\\/image\\\/\"},\"sameAs\":[\"https:\\\/\\\/www.facebook.com\\\/buletin.de.buc\",\"https:\\\/\\\/www.instagram.com\\\/buletinde.bucuresti\\\/\"]},{\"@type\":\"Person\",\"@id\":\"https:\\\/\\\/buletin.de\\\/bucuresti\\\/#\\\/schema\\\/person\\\/7e46040573290777280a0835d81ea4ea\",\"name\":\"Diana Matei\",\"image\":{\"@type\":\"ImageObject\",\"inLanguage\":\"en-GB\",\"@id\":\"https:\\\/\\\/buletin.de\\\/bucuresti\\\/wp-content\\\/uploads\\\/9-2-96x96.jpg1e8590b30871d70e62ebcdaf2eff570c\",\"url\":\"https:\\\/\\\/buletin.de\\\/bucuresti\\\/wp-content\\\/uploads\\\/9-2-96x96.jpg\",\"contentUrl\":\"https:\\\/\\\/buletin.de\\\/bucuresti\\\/wp-content\\\/uploads\\\/9-2-96x96.jpg\",\"caption\":\"Diana Matei\"},\"url\":\"https:\\\/\\\/buletin.de\\\/bucuresti\\\/author\\\/dianamatei\\\/\"}]}<\/script>\n<!-- \/ Yoast SEO Premium plugin. -->","yoast_head_json":{"title":"Linia de tramvai 42 este suspendat\u0103 din 16 aprilie - Buletin de Bucure\u0219ti","description":"Linia de tramvai 42 se suspend\u0103 din data de 16 aprilie, din cauza lucr\u0103rilor de pe Bd. Expozi\u021biei \u015fi Str. Pu\u021bul lui Cr\u0103ciun.","robots":{"index":"index","follow":"follow","max-snippet":"max-snippet:-1","max-image-preview":"max-image-preview:large","max-video-preview":"max-video-preview:-1"},"canonical":"https:\/\/buletin.de\/bucuresti\/linia-de-tramvai-42-se-suspenda\/","og_locale":"en_GB","og_type":"article","og_title":"Linia de tramvai 42 este suspendat\u0103 din 16 aprilie","og_description":"Linia de tramvai 42 se suspend\u0103 din data de 16 aprilie, din cauza lucr\u0103rilor de pe Bd. Expozi\u021biei \u015fi Str. Pu\u021bul lui Cr\u0103ciun.","og_url":"https:\/\/buletin.de\/bucuresti\/linia-de-tramvai-42-se-suspenda\/","og_site_name":"Buletin de Bucure\u0219ti","article_publisher":"https:\/\/www.facebook.com\/buletin.de.buc","article_published_time":"2025-04-15T04:10:40+00:00","article_modified_time":"2025-04-15T04:10:50+00:00","og_image":[{"width":1000,"height":632,"url":"https:\/\/buletin.de\/bucuresti\/wp-content\/uploads\/2025\/04\/642-site-1000x632.png","type":"image\/png"}],"author":"Diana Matei","twitter_card":"summary_large_image","twitter_misc":{"Written by":"Diana Matei","Estimated reading time":"3 minutes"},"schema":{"@context":"https:\/\/schema.org","@graph":[{"@type":"Article","@id":"https:\/\/buletin.de\/bucuresti\/linia-de-tramvai-42-se-suspenda\/#article","isPartOf":{"@id":"https:\/\/buletin.de\/bucuresti\/linia-de-tramvai-42-se-suspenda\/"},"author":{"name":"Diana Matei","@id":"https:\/\/buletin.de\/bucuresti\/#\/schema\/person\/7e46040573290777280a0835d81ea4ea"},"headline":"Linia de tramvai 42 este suspendat\u0103 din 16 aprilie","datePublished":"2025-04-15T04:10:40+00:00","dateModified":"2025-04-15T04:10:50+00:00","mainEntityOfPage":{"@id":"https:\/\/buletin.de\/bucuresti\/linia-de-tramvai-42-se-suspenda\/"},"wordCount":386,"publisher":{"@id":"https:\/\/buletin.de\/bucuresti\/#organization"},"image":{"@id":"https:\/\/buletin.de\/bucuresti\/linia-de-tramvai-42-se-suspenda\/#primaryimage"},"thumbnailUrl":"https:\/\/buletin.de\/bucuresti\/wp-content\/uploads\/2025\/04\/642-site.png","keywords":["Bd. Expozi\u021biei","Linia 42","linia 42 se suspenda","linia naveta 642","Str. Pu\u021bul lui Cr\u0103ciun","tpbi"],"articleSection":["Articole","\u0218tiri","Transport"],"inLanguage":"en-GB","copyrightYear":"2025","copyrightHolder":{"@id":"https:\/\/buletin.de\/bucuresti\/#organization"}},{"@type":"WebPage","@id":"https:\/\/buletin.de\/bucuresti\/linia-de-tramvai-42-se-suspenda\/","url":"https:\/\/buletin.de\/bucuresti\/linia-de-tramvai-42-se-suspenda\/","name":"Linia de tramvai 42 este suspendat\u0103 din 16 aprilie - Buletin de Bucure\u0219ti","isPartOf":{"@id":"https:\/\/buletin.de\/bucuresti\/#website"},"primaryImageOfPage":{"@id":"https:\/\/buletin.de\/bucuresti\/linia-de-tramvai-42-se-suspenda\/#primaryimage"},"image":{"@id":"https:\/\/buletin.de\/bucuresti\/linia-de-tramvai-42-se-suspenda\/#primaryimage"},"thumbnailUrl":"https:\/\/buletin.de\/bucuresti\/wp-content\/uploads\/2025\/04\/642-site.png","datePublished":"2025-04-15T04:10:40+00:00","dateModified":"2025-04-15T04:10:50+00:00","description":"Linia de tramvai 42 se suspend\u0103 din data de 16 aprilie, din cauza lucr\u0103rilor de pe Bd. Expozi\u021biei \u015fi Str. Pu\u021bul lui Cr\u0103ciun.","breadcrumb":{"@id":"https:\/\/buletin.de\/bucuresti\/linia-de-tramvai-42-se-suspenda\/#breadcrumb"},"inLanguage":"en-GB","potentialAction":[{"@type":"ReadAction","target":["https:\/\/buletin.de\/bucuresti\/linia-de-tramvai-42-se-suspenda\/"]}]},{"@type":"ImageObject","inLanguage":"en-GB","@id":"https:\/\/buletin.de\/bucuresti\/linia-de-tramvai-42-se-suspenda\/#primaryimage","url":"https:\/\/buletin.de\/bucuresti\/wp-content\/uploads\/2025\/04\/642-site.png","contentUrl":"https:\/\/buletin.de\/bucuresti\/wp-content\/uploads\/2025\/04\/642-site.png","width":2372,"height":1500,"caption":"Linia de autobuz 42 se suspend\u0103, din 16 aprilie. FOTO: TPBI"},{"@type":"BreadcrumbList","@id":"https:\/\/buletin.de\/bucuresti\/linia-de-tramvai-42-se-suspenda\/#breadcrumb","itemListElement":[{"@type":"ListItem","position":1,"name":"Acas\u0103","item":"https:\/\/buletin.de\/bucuresti\/"},{"@type":"ListItem","position":2,"name":"Linia de tramvai 42 este suspendat\u0103 din 16 aprilie"}]},{"@type":"WebSite","@id":"https:\/\/buletin.de\/bucuresti\/#website","url":"https:\/\/buletin.de\/bucuresti\/","name":"Buletin de Bucure\u0219ti","description":"\u0218tiri \u0219i investiga\u021bii esen\u021biale din capital\u0103","publisher":{"@id":"https:\/\/buletin.de\/bucuresti\/#organization"},"potentialAction":[{"@type":"SearchAction","target":{"@type":"EntryPoint","urlTemplate":"https:\/\/buletin.de\/bucuresti\/?s={search_term_string}"},"query-input":{"@type":"PropertyValueSpecification","valueRequired":true,"valueName":"search_term_string"}}],"inLanguage":"en-GB"},{"@type":"Organization","@id":"https:\/\/buletin.de\/bucuresti\/#organization","name":"Buletin de Bucure\u0219ti","url":"https:\/\/buletin.de\/bucuresti\/","logo":{"@type":"ImageObject","inLanguage":"en-GB","@id":"https:\/\/buletin.de\/bucuresti\/#\/schema\/logo\/image\/","url":"https:\/\/buletin.de\/bucuresti\/wp-content\/uploads\/logo-bdb-full-wide-vernil-transparent.png","contentUrl":"https:\/\/buletin.de\/bucuresti\/wp-content\/uploads\/logo-bdb-full-wide-vernil-transparent.png","width":1782,"height":626,"caption":"Buletin de Bucure\u0219ti"},"image":{"@id":"https:\/\/buletin.de\/bucuresti\/#\/schema\/logo\/image\/"},"sameAs":["https:\/\/www.facebook.com\/buletin.de.buc","https:\/\/www.instagram.com\/buletinde.bucuresti\/"]},{"@type":"Person","@id":"https:\/\/buletin.de\/bucuresti\/#\/schema\/person\/7e46040573290777280a0835d81ea4ea","name":"Diana Matei","image":{"@type":"ImageObject","inLanguage":"en-GB","@id":"https:\/\/buletin.de\/bucuresti\/wp-content\/uploads\/9-2-96x96.jpg1e8590b30871d70e62ebcdaf2eff570c","url":"https:\/\/buletin.de\/bucuresti\/wp-content\/uploads\/9-2-96x96.jpg","contentUrl":"https:\/\/buletin.de\/bucuresti\/wp-content\/uploads\/9-2-96x96.jpg","caption":"Diana Matei"},"url":"https:\/\/buletin.de\/bucuresti\/author\/dianamatei\/"}]}},"authors":[{"term_id":22574,"user_id":49,"is_guest":0,"slug":"dianamatei","display_name":"Diana Matei","avatar_url":"https:\/\/buletin.de\/bucuresti\/wp-content\/uploads\/9-2-96x96.jpg","0":null,"1":"","2":"","3":"","4":"","5":"","6":"","7":"","8":""}],"_links":{"self":[{"href":"https:\/\/buletin.de\/bucuresti\/wp-json\/wp\/v2\/posts\/126459","targetHints":{"allow":["GET"]}}],"collection":[{"href":"https:\/\/buletin.de\/bucuresti\/wp-json\/wp\/v2\/posts"}],"about":[{"href":"https:\/\/buletin.de\/bucuresti\/wp-json\/wp\/v2\/types\/post"}],"author":[{"embeddable":true,"href":"https:\/\/buletin.de\/bucuresti\/wp-json\/wp\/v2\/users\/49"}],"replies":[{"embeddable":true,"href":"https:\/\/buletin.de\/bucuresti\/wp-json\/wp\/v2\/comments?post=126459"}],"version-history":[{"count":3,"href":"https:\/\/buletin.de\/bucuresti\/wp-json\/wp\/v2\/posts\/126459\/revisions"}],"predecessor-version":[{"id":126476,"href":"https:\/\/buletin.de\/bucuresti\/wp-json\/wp\/v2\/posts\/126459\/revisions\/126476"}],"wp:featuredmedia":[{"embeddable":true,"href":"https:\/\/buletin.de\/bucuresti\/wp-json\/wp\/v2\/media\/126467"}],"wp:attachment":[{"href":"https:\/\/buletin.de\/bucuresti\/wp-json\/wp\/v2\/media?parent=126459"}],"wp:term":[{"taxonomy":"category","embeddable":true,"href":"https:\/\/buletin.de\/bucuresti\/wp-json\/wp\/v2\/categories?post=126459"},{"taxonomy":"post_tag","embeddable":true,"href":"https:\/\/buletin.de\/bucuresti\/wp-json\/wp\/v2\/tags?post=126459"},{"taxonomy":"author","embeddable":true,"href":"https:\/\/buletin.de\/bucuresti\/wp-json\/wp\/v2\/ppma_author?post=126459"}],"curies":[{"name":"wp","href":"https:\/\/api.w.org\/{rel}","templated":true}]}}