{"id":126453,"date":"2025-04-15T07:14:24","date_gmt":"2025-04-15T04:14:24","guid":{"rendered":"https:\/\/buletin.de\/bucuresti\/?p=126453"},"modified":"2025-04-15T07:14:24","modified_gmt":"2025-04-15T04:14:24","slug":"programul-de-paste-al-ppc-energie","status":"publish","type":"post","link":"https:\/\/buletin.de\/bucuresti\/programul-de-paste-al-ppc-energie\/","title":{"rendered":"Programul de Pa\u0219te al PPC Energie. Care este singurul magazin deschis"},"content":{"rendered":"\n<p><strong>Programul de Pa\u0219te al PPC Energie men\u021bioneaz\u0103 c\u0103 magazinele din Bucure\u0219ti, Giurgiu \u0219i Ilfov vor fi \u00eenchise. Sedile nu vor lucra cu publicul \u00een intervalul 18-21 aprilie 2025.<\/strong><\/p>\n\n\n\n<p>Excep\u021bie face magazinul situat \u00een Galeriile Titan din Bucure\u0219ti, care va avea urm\u0103torul program: <\/p>\n\n\n\n<ul class=\"wp-block-list\">\n<li>18 aprilie \u2013 orele 09:00-20:00; <\/li>\n\n\n\n<li>19 aprilie \u2013 orele 09:00-14:00; <\/li>\n\n\n\n<li>21 aprilie \u2013 \u00eenchis. <\/li>\n<\/ul>\n\n\n\n<p>Serviciul de call-center va fi disponibil numai pentru informa\u021bii \u00een sistem automat, precum transmiterea indexului, detalii despre factur\u0103 \u0219i sold. Cea mai mare parte a opera\u021biunilor pot fi realizate prin canale digitale \u0219i nu necesit\u0103 deplasarea \u00een magazinele PPC Energie.<\/p>\n\n\n\n<p>Indexul de energie electric\u0103 sau gaz poate fi transmis online folosind sec\u021biunea&nbsp;Index din cadrul aplica\u021biei<br>myPPC sau de pe pagina web <a href=\"https:\/\/myppc.ppcenergy.ro\/#!Login\">https:\/\/myppc.ppcenergy.ro\/<\/a>. <\/p>\n\n\n\n<p><strong>CITE\u0218TE \u0218I: <a href=\"https:\/\/buletin.de\/bucuresti\/ateliere-creative-de-paste\/\" target=\"_blank\" rel=\"noreferrer noopener\">Ateliere creative de Pa\u0219te, pentru copii, la Prim\u0103ria Sectorului 1<\/a><\/strong><\/p>\n\n\n\n<div class=\"wp-block-buttons is-content-justification-center is-layout-flex wp-container-core-buttons-is-layout-16018d1d wp-block-buttons-is-layout-flex\">\n<div class=\"wp-block-button has-custom-width wp-block-button__width-100\"><a class=\"wp-block-button__link wp-element-button\" href=\"https:\/\/www.patreon.com\/BuletinDeBucuresti\"><strong>Sus\u021bine Buletin de Bucure\u0219ti pentru investiga\u021bii, reportaje \u0219i \u0219tiri Locale<\/strong><\/a><\/div>\n<\/div>\n\n\n\n<h2 class=\"wp-block-heading\" id=\"h-programul-de-pa\u0219te-al-ppc-energie-clien\u021bii-au-la-dispozi\u021bie-numere-de-telefon-gratuite\">Programul de Pa\u0219te al PPC Energie: clien\u021bii au la dispozi\u021bie numere de telefon gratuite<\/h2>\n\n\n\n<p><strong>De asemenea, pentru a trimite indexul pentru energie electric\u0103, se pot apela (\u00een timpul perioadei de telecitire specificat\u0103 pe factur\u0103) numerele de telefon gratuite 0800 07 07 01 (valabil pentru clien\u021bii cu contracte de furnizare a energiei electrice de pe pia\u021ba concuren\u021bial\u0103) sau 0800.07.08.09 (pentru clien\u021bii cu contracte de furnizare a energiei electrice \u00een regim reglementat), respectiv num\u0103rul cu tarif normal 021.9977. <\/strong><\/p>\n\n\n\n<p>Pl\u0103\u021bile se pot efectua online, prin debit direct, transfer bancar sau din aplica\u021bia myPPC. Pentru clien\u021bii care<br>prefer\u0103 plata numerar, exist\u0103 automate de plat\u0103 de tip self-pay, amplasate \u00een magazinele PPC Energie din<br>Bucure\u0219ti care func\u021bioneaz\u0103 conform programului  precum \u0219i \u00een re\u021belele de magazine Profi, Auchan,<br>Mega Image, Carrefour, Kaufland \u0219i \u00een alte magazine alimentare. <\/p>\n\n\n\n<p>Pentru cei care prefer\u0103 plata cu cardul, \u00een majoritatea magazinele PPC Energie a fost implementat\u0103 o solu\u021bie de plat\u0103 prin POS.<\/p>\n\n\n\n<p><strong>CITE\u0218TE \u0218I: <a href=\"https:\/\/buletin.de\/bucuresti\/programul-de-paste-apa-nova-cand-este-inchis-centrul-de-relatii-clienti\/\" target=\"_blank\" rel=\"noreferrer noopener\">Programul de Pa\u0219te Apa Nova. C\u00e2nd este \u00eenchis Centrul de Rela\u021bii Clien\u021bi<\/a><\/strong><\/p>\n","protected":false},"excerpt":{"rendered":"<p>Programul de Pa\u0219te al PPC Energie men\u021bioneaz\u0103 c\u0103 magazinele din Bucure\u0219ti, Giurgiu \u0219i Ilfov vor fi \u00eenchise. Sedile nu vor lucra cu publicul \u00een intervalul 18-21 aprilie 2025. Excep\u021bie face magazinul situat \u00een Galeriile Titan din Bucure\u0219ti, care va avea urm\u0103torul program: Serviciul de call-center va fi disponibil numai pentru informa\u021bii \u00een sistem automat, precum [&hellip;]<\/p>\n","protected":false},"author":49,"featured_media":126454,"comment_status":"closed","ping_status":"open","sticky":false,"template":"","format":"standard","meta":{"_acf_changed":false,"inline_featured_image":false,"ngg_post_thumbnail":0,"footnotes":""},"categories":[6994,1,62],"tags":[20633,20632,10451],"ppma_author":[22574],"class_list":["post-126453","post","type-post","status-publish","format-standard","has-post-thumbnail","hentry","category-stiri-2","category-diverse","category-stiri","tag-galeriile-titan","tag-magazinele-ppc-energie","tag-ppc"],"acf":[],"yoast_head":"<!-- This site is optimized with the Yoast SEO Premium plugin v25.3 (Yoast SEO v27.5) - https:\/\/yoast.com\/product\/yoast-seo-premium-wordpress\/ -->\n<title>Programul de Pa\u0219te al PPC Energie. Care este singurul magazin deschis - Buletin de Bucure\u0219ti<\/title>\n<meta name=\"description\" content=\"Programul de Pa\u0219te al PPC Energie men\u021bioneaz\u0103 c\u0103 magazinele din Bucure\u0219ti, Giurgiu \u0219i Ilfov vor fi \u00eenchise.\" \/>\n<meta name=\"robots\" content=\"index, follow, max-snippet:-1, max-image-preview:large, max-video-preview:-1\" \/>\n<link rel=\"canonical\" href=\"https:\/\/buletin.de\/bucuresti\/programul-de-paste-al-ppc-energie\/\" \/>\n<meta property=\"og:locale\" content=\"en_GB\" \/>\n<meta property=\"og:type\" content=\"article\" \/>\n<meta property=\"og:title\" content=\"Programul de Pa\u0219te al PPC Energie. Care este singurul magazin deschis\" \/>\n<meta property=\"og:description\" content=\"Programul de Pa\u0219te al PPC Energie men\u021bioneaz\u0103 c\u0103 magazinele din Bucure\u0219ti, Giurgiu \u0219i Ilfov vor fi \u00eenchise.\" \/>\n<meta property=\"og:url\" content=\"https:\/\/buletin.de\/bucuresti\/programul-de-paste-al-ppc-energie\/\" \/>\n<meta property=\"og:site_name\" content=\"Buletin de Bucure\u0219ti\" \/>\n<meta property=\"article:publisher\" content=\"https:\/\/www.facebook.com\/buletin.de.buc\" \/>\n<meta property=\"article:published_time\" content=\"2025-04-15T04:14:24+00:00\" \/>\n<meta property=\"og:image\" content=\"https:\/\/buletin.de\/bucuresti\/wp-content\/uploads\/2025\/04\/Magazin-PPC.jpg\" \/>\n\t<meta property=\"og:image:width\" content=\"2026\" \/>\n\t<meta property=\"og:image:height\" content=\"1562\" \/>\n\t<meta property=\"og:image:type\" content=\"image\/jpeg\" \/>\n<meta name=\"author\" content=\"Diana Matei\" \/>\n<meta name=\"twitter:card\" content=\"summary_large_image\" \/>\n<meta name=\"twitter:label1\" content=\"Written by\" \/>\n\t<meta name=\"twitter:data1\" content=\"Diana Matei\" \/>\n\t<meta name=\"twitter:label2\" content=\"Estimated reading time\" \/>\n\t<meta name=\"twitter:data2\" content=\"2 minutes\" \/>\n<script type=\"application\/ld+json\" class=\"yoast-schema-graph\">{\"@context\":\"https:\\\/\\\/schema.org\",\"@graph\":[{\"@type\":\"Article\",\"@id\":\"https:\\\/\\\/buletin.de\\\/bucuresti\\\/programul-de-paste-al-ppc-energie\\\/#article\",\"isPartOf\":{\"@id\":\"https:\\\/\\\/buletin.de\\\/bucuresti\\\/programul-de-paste-al-ppc-energie\\\/\"},\"author\":{\"name\":\"Diana Matei\",\"@id\":\"https:\\\/\\\/buletin.de\\\/bucuresti\\\/#\\\/schema\\\/person\\\/7e46040573290777280a0835d81ea4ea\"},\"headline\":\"Programul de Pa\u0219te al PPC Energie. Care este singurul magazin deschis\",\"datePublished\":\"2025-04-15T04:14:24+00:00\",\"mainEntityOfPage\":{\"@id\":\"https:\\\/\\\/buletin.de\\\/bucuresti\\\/programul-de-paste-al-ppc-energie\\\/\"},\"wordCount\":342,\"publisher\":{\"@id\":\"https:\\\/\\\/buletin.de\\\/bucuresti\\\/#organization\"},\"image\":{\"@id\":\"https:\\\/\\\/buletin.de\\\/bucuresti\\\/programul-de-paste-al-ppc-energie\\\/#primaryimage\"},\"thumbnailUrl\":\"https:\\\/\\\/buletin.de\\\/bucuresti\\\/wp-content\\\/uploads\\\/2025\\\/04\\\/Magazin-PPC.jpg\",\"keywords\":[\"Galeriile Titan\",\"Magazinele PPC Energie\",\"PPC\"],\"articleSection\":[\"Articole\",\"Diverse\",\"\u0218tiri\"],\"inLanguage\":\"en-GB\",\"copyrightYear\":\"2025\",\"copyrightHolder\":{\"@id\":\"https:\\\/\\\/buletin.de\\\/bucuresti\\\/#organization\"}},{\"@type\":\"WebPage\",\"@id\":\"https:\\\/\\\/buletin.de\\\/bucuresti\\\/programul-de-paste-al-ppc-energie\\\/\",\"url\":\"https:\\\/\\\/buletin.de\\\/bucuresti\\\/programul-de-paste-al-ppc-energie\\\/\",\"name\":\"Programul de Pa\u0219te al PPC Energie. Care este singurul magazin deschis - Buletin de Bucure\u0219ti\",\"isPartOf\":{\"@id\":\"https:\\\/\\\/buletin.de\\\/bucuresti\\\/#website\"},\"primaryImageOfPage\":{\"@id\":\"https:\\\/\\\/buletin.de\\\/bucuresti\\\/programul-de-paste-al-ppc-energie\\\/#primaryimage\"},\"image\":{\"@id\":\"https:\\\/\\\/buletin.de\\\/bucuresti\\\/programul-de-paste-al-ppc-energie\\\/#primaryimage\"},\"thumbnailUrl\":\"https:\\\/\\\/buletin.de\\\/bucuresti\\\/wp-content\\\/uploads\\\/2025\\\/04\\\/Magazin-PPC.jpg\",\"datePublished\":\"2025-04-15T04:14:24+00:00\",\"description\":\"Programul de Pa\u0219te al PPC Energie men\u021bioneaz\u0103 c\u0103 magazinele din Bucure\u0219ti, Giurgiu \u0219i Ilfov vor fi \u00eenchise.\",\"breadcrumb\":{\"@id\":\"https:\\\/\\\/buletin.de\\\/bucuresti\\\/programul-de-paste-al-ppc-energie\\\/#breadcrumb\"},\"inLanguage\":\"en-GB\",\"potentialAction\":[{\"@type\":\"ReadAction\",\"target\":[\"https:\\\/\\\/buletin.de\\\/bucuresti\\\/programul-de-paste-al-ppc-energie\\\/\"]}]},{\"@type\":\"ImageObject\",\"inLanguage\":\"en-GB\",\"@id\":\"https:\\\/\\\/buletin.de\\\/bucuresti\\\/programul-de-paste-al-ppc-energie\\\/#primaryimage\",\"url\":\"https:\\\/\\\/buletin.de\\\/bucuresti\\\/wp-content\\\/uploads\\\/2025\\\/04\\\/Magazin-PPC.jpg\",\"contentUrl\":\"https:\\\/\\\/buletin.de\\\/bucuresti\\\/wp-content\\\/uploads\\\/2025\\\/04\\\/Magazin-PPC.jpg\",\"width\":1946,\"height\":1500,\"caption\":\"Programul de Pa\u0219te al PPC Energie. Ce magazin r\u0103m\u00e2ne deschis. FOTO: PPC\"},{\"@type\":\"BreadcrumbList\",\"@id\":\"https:\\\/\\\/buletin.de\\\/bucuresti\\\/programul-de-paste-al-ppc-energie\\\/#breadcrumb\",\"itemListElement\":[{\"@type\":\"ListItem\",\"position\":1,\"name\":\"Acas\u0103\",\"item\":\"https:\\\/\\\/buletin.de\\\/bucuresti\\\/\"},{\"@type\":\"ListItem\",\"position\":2,\"name\":\"Programul de Pa\u0219te al PPC Energie. Care este singurul magazin deschis\"}]},{\"@type\":\"WebSite\",\"@id\":\"https:\\\/\\\/buletin.de\\\/bucuresti\\\/#website\",\"url\":\"https:\\\/\\\/buletin.de\\\/bucuresti\\\/\",\"name\":\"Buletin de Bucure\u0219ti\",\"description\":\"\u0218tiri \u0219i investiga\u021bii esen\u021biale din capital\u0103\",\"publisher\":{\"@id\":\"https:\\\/\\\/buletin.de\\\/bucuresti\\\/#organization\"},\"potentialAction\":[{\"@type\":\"SearchAction\",\"target\":{\"@type\":\"EntryPoint\",\"urlTemplate\":\"https:\\\/\\\/buletin.de\\\/bucuresti\\\/?s={search_term_string}\"},\"query-input\":{\"@type\":\"PropertyValueSpecification\",\"valueRequired\":true,\"valueName\":\"search_term_string\"}}],\"inLanguage\":\"en-GB\"},{\"@type\":\"Organization\",\"@id\":\"https:\\\/\\\/buletin.de\\\/bucuresti\\\/#organization\",\"name\":\"Buletin de Bucure\u0219ti\",\"url\":\"https:\\\/\\\/buletin.de\\\/bucuresti\\\/\",\"logo\":{\"@type\":\"ImageObject\",\"inLanguage\":\"en-GB\",\"@id\":\"https:\\\/\\\/buletin.de\\\/bucuresti\\\/#\\\/schema\\\/logo\\\/image\\\/\",\"url\":\"https:\\\/\\\/buletin.de\\\/bucuresti\\\/wp-content\\\/uploads\\\/logo-bdb-full-wide-vernil-transparent.png\",\"contentUrl\":\"https:\\\/\\\/buletin.de\\\/bucuresti\\\/wp-content\\\/uploads\\\/logo-bdb-full-wide-vernil-transparent.png\",\"width\":1782,\"height\":626,\"caption\":\"Buletin de Bucure\u0219ti\"},\"image\":{\"@id\":\"https:\\\/\\\/buletin.de\\\/bucuresti\\\/#\\\/schema\\\/logo\\\/image\\\/\"},\"sameAs\":[\"https:\\\/\\\/www.facebook.com\\\/buletin.de.buc\",\"https:\\\/\\\/www.instagram.com\\\/buletinde.bucuresti\\\/\"]},{\"@type\":\"Person\",\"@id\":\"https:\\\/\\\/buletin.de\\\/bucuresti\\\/#\\\/schema\\\/person\\\/7e46040573290777280a0835d81ea4ea\",\"name\":\"Diana Matei\",\"image\":{\"@type\":\"ImageObject\",\"inLanguage\":\"en-GB\",\"@id\":\"https:\\\/\\\/buletin.de\\\/bucuresti\\\/wp-content\\\/uploads\\\/9-2-96x96.jpg1e8590b30871d70e62ebcdaf2eff570c\",\"url\":\"https:\\\/\\\/buletin.de\\\/bucuresti\\\/wp-content\\\/uploads\\\/9-2-96x96.jpg\",\"contentUrl\":\"https:\\\/\\\/buletin.de\\\/bucuresti\\\/wp-content\\\/uploads\\\/9-2-96x96.jpg\",\"caption\":\"Diana Matei\"},\"url\":\"https:\\\/\\\/buletin.de\\\/bucuresti\\\/author\\\/dianamatei\\\/\"}]}<\/script>\n<!-- \/ Yoast SEO Premium plugin. -->","yoast_head_json":{"title":"Programul de Pa\u0219te al PPC Energie. Care este singurul magazin deschis - Buletin de Bucure\u0219ti","description":"Programul de Pa\u0219te al PPC Energie men\u021bioneaz\u0103 c\u0103 magazinele din Bucure\u0219ti, Giurgiu \u0219i Ilfov vor fi \u00eenchise.","robots":{"index":"index","follow":"follow","max-snippet":"max-snippet:-1","max-image-preview":"max-image-preview:large","max-video-preview":"max-video-preview:-1"},"canonical":"https:\/\/buletin.de\/bucuresti\/programul-de-paste-al-ppc-energie\/","og_locale":"en_GB","og_type":"article","og_title":"Programul de Pa\u0219te al PPC Energie. Care este singurul magazin deschis","og_description":"Programul de Pa\u0219te al PPC Energie men\u021bioneaz\u0103 c\u0103 magazinele din Bucure\u0219ti, Giurgiu \u0219i Ilfov vor fi \u00eenchise.","og_url":"https:\/\/buletin.de\/bucuresti\/programul-de-paste-al-ppc-energie\/","og_site_name":"Buletin de Bucure\u0219ti","article_publisher":"https:\/\/www.facebook.com\/buletin.de.buc","article_published_time":"2025-04-15T04:14:24+00:00","og_image":[{"width":2026,"height":1562,"url":"https:\/\/buletin.de\/bucuresti\/wp-content\/uploads\/2025\/04\/Magazin-PPC.jpg","type":"image\/jpeg"}],"author":"Diana Matei","twitter_card":"summary_large_image","twitter_misc":{"Written by":"Diana Matei","Estimated reading time":"2 minutes"},"schema":{"@context":"https:\/\/schema.org","@graph":[{"@type":"Article","@id":"https:\/\/buletin.de\/bucuresti\/programul-de-paste-al-ppc-energie\/#article","isPartOf":{"@id":"https:\/\/buletin.de\/bucuresti\/programul-de-paste-al-ppc-energie\/"},"author":{"name":"Diana Matei","@id":"https:\/\/buletin.de\/bucuresti\/#\/schema\/person\/7e46040573290777280a0835d81ea4ea"},"headline":"Programul de Pa\u0219te al PPC Energie. Care este singurul magazin deschis","datePublished":"2025-04-15T04:14:24+00:00","mainEntityOfPage":{"@id":"https:\/\/buletin.de\/bucuresti\/programul-de-paste-al-ppc-energie\/"},"wordCount":342,"publisher":{"@id":"https:\/\/buletin.de\/bucuresti\/#organization"},"image":{"@id":"https:\/\/buletin.de\/bucuresti\/programul-de-paste-al-ppc-energie\/#primaryimage"},"thumbnailUrl":"https:\/\/buletin.de\/bucuresti\/wp-content\/uploads\/2025\/04\/Magazin-PPC.jpg","keywords":["Galeriile Titan","Magazinele PPC Energie","PPC"],"articleSection":["Articole","Diverse","\u0218tiri"],"inLanguage":"en-GB","copyrightYear":"2025","copyrightHolder":{"@id":"https:\/\/buletin.de\/bucuresti\/#organization"}},{"@type":"WebPage","@id":"https:\/\/buletin.de\/bucuresti\/programul-de-paste-al-ppc-energie\/","url":"https:\/\/buletin.de\/bucuresti\/programul-de-paste-al-ppc-energie\/","name":"Programul de Pa\u0219te al PPC Energie. Care este singurul magazin deschis - Buletin de Bucure\u0219ti","isPartOf":{"@id":"https:\/\/buletin.de\/bucuresti\/#website"},"primaryImageOfPage":{"@id":"https:\/\/buletin.de\/bucuresti\/programul-de-paste-al-ppc-energie\/#primaryimage"},"image":{"@id":"https:\/\/buletin.de\/bucuresti\/programul-de-paste-al-ppc-energie\/#primaryimage"},"thumbnailUrl":"https:\/\/buletin.de\/bucuresti\/wp-content\/uploads\/2025\/04\/Magazin-PPC.jpg","datePublished":"2025-04-15T04:14:24+00:00","description":"Programul de Pa\u0219te al PPC Energie men\u021bioneaz\u0103 c\u0103 magazinele din Bucure\u0219ti, Giurgiu \u0219i Ilfov vor fi \u00eenchise.","breadcrumb":{"@id":"https:\/\/buletin.de\/bucuresti\/programul-de-paste-al-ppc-energie\/#breadcrumb"},"inLanguage":"en-GB","potentialAction":[{"@type":"ReadAction","target":["https:\/\/buletin.de\/bucuresti\/programul-de-paste-al-ppc-energie\/"]}]},{"@type":"ImageObject","inLanguage":"en-GB","@id":"https:\/\/buletin.de\/bucuresti\/programul-de-paste-al-ppc-energie\/#primaryimage","url":"https:\/\/buletin.de\/bucuresti\/wp-content\/uploads\/2025\/04\/Magazin-PPC.jpg","contentUrl":"https:\/\/buletin.de\/bucuresti\/wp-content\/uploads\/2025\/04\/Magazin-PPC.jpg","width":1946,"height":1500,"caption":"Programul de Pa\u0219te al PPC Energie. Ce magazin r\u0103m\u00e2ne deschis. FOTO: PPC"},{"@type":"BreadcrumbList","@id":"https:\/\/buletin.de\/bucuresti\/programul-de-paste-al-ppc-energie\/#breadcrumb","itemListElement":[{"@type":"ListItem","position":1,"name":"Acas\u0103","item":"https:\/\/buletin.de\/bucuresti\/"},{"@type":"ListItem","position":2,"name":"Programul de Pa\u0219te al PPC Energie. Care este singurul magazin deschis"}]},{"@type":"WebSite","@id":"https:\/\/buletin.de\/bucuresti\/#website","url":"https:\/\/buletin.de\/bucuresti\/","name":"Buletin de Bucure\u0219ti","description":"\u0218tiri \u0219i investiga\u021bii esen\u021biale din capital\u0103","publisher":{"@id":"https:\/\/buletin.de\/bucuresti\/#organization"},"potentialAction":[{"@type":"SearchAction","target":{"@type":"EntryPoint","urlTemplate":"https:\/\/buletin.de\/bucuresti\/?s={search_term_string}"},"query-input":{"@type":"PropertyValueSpecification","valueRequired":true,"valueName":"search_term_string"}}],"inLanguage":"en-GB"},{"@type":"Organization","@id":"https:\/\/buletin.de\/bucuresti\/#organization","name":"Buletin de Bucure\u0219ti","url":"https:\/\/buletin.de\/bucuresti\/","logo":{"@type":"ImageObject","inLanguage":"en-GB","@id":"https:\/\/buletin.de\/bucuresti\/#\/schema\/logo\/image\/","url":"https:\/\/buletin.de\/bucuresti\/wp-content\/uploads\/logo-bdb-full-wide-vernil-transparent.png","contentUrl":"https:\/\/buletin.de\/bucuresti\/wp-content\/uploads\/logo-bdb-full-wide-vernil-transparent.png","width":1782,"height":626,"caption":"Buletin de Bucure\u0219ti"},"image":{"@id":"https:\/\/buletin.de\/bucuresti\/#\/schema\/logo\/image\/"},"sameAs":["https:\/\/www.facebook.com\/buletin.de.buc","https:\/\/www.instagram.com\/buletinde.bucuresti\/"]},{"@type":"Person","@id":"https:\/\/buletin.de\/bucuresti\/#\/schema\/person\/7e46040573290777280a0835d81ea4ea","name":"Diana Matei","image":{"@type":"ImageObject","inLanguage":"en-GB","@id":"https:\/\/buletin.de\/bucuresti\/wp-content\/uploads\/9-2-96x96.jpg1e8590b30871d70e62ebcdaf2eff570c","url":"https:\/\/buletin.de\/bucuresti\/wp-content\/uploads\/9-2-96x96.jpg","contentUrl":"https:\/\/buletin.de\/bucuresti\/wp-content\/uploads\/9-2-96x96.jpg","caption":"Diana Matei"},"url":"https:\/\/buletin.de\/bucuresti\/author\/dianamatei\/"}]}},"authors":[{"term_id":22574,"user_id":49,"is_guest":0,"slug":"dianamatei","display_name":"Diana Matei","avatar_url":"https:\/\/buletin.de\/bucuresti\/wp-content\/uploads\/9-2-96x96.jpg","0":null,"1":"","2":"","3":"","4":"","5":"","6":"","7":"","8":""}],"_links":{"self":[{"href":"https:\/\/buletin.de\/bucuresti\/wp-json\/wp\/v2\/posts\/126453","targetHints":{"allow":["GET"]}}],"collection":[{"href":"https:\/\/buletin.de\/bucuresti\/wp-json\/wp\/v2\/posts"}],"about":[{"href":"https:\/\/buletin.de\/bucuresti\/wp-json\/wp\/v2\/types\/post"}],"author":[{"embeddable":true,"href":"https:\/\/buletin.de\/bucuresti\/wp-json\/wp\/v2\/users\/49"}],"replies":[{"embeddable":true,"href":"https:\/\/buletin.de\/bucuresti\/wp-json\/wp\/v2\/comments?post=126453"}],"version-history":[{"count":2,"href":"https:\/\/buletin.de\/bucuresti\/wp-json\/wp\/v2\/posts\/126453\/revisions"}],"predecessor-version":[{"id":126478,"href":"https:\/\/buletin.de\/bucuresti\/wp-json\/wp\/v2\/posts\/126453\/revisions\/126478"}],"wp:featuredmedia":[{"embeddable":true,"href":"https:\/\/buletin.de\/bucuresti\/wp-json\/wp\/v2\/media\/126454"}],"wp:attachment":[{"href":"https:\/\/buletin.de\/bucuresti\/wp-json\/wp\/v2\/media?parent=126453"}],"wp:term":[{"taxonomy":"category","embeddable":true,"href":"https:\/\/buletin.de\/bucuresti\/wp-json\/wp\/v2\/categories?post=126453"},{"taxonomy":"post_tag","embeddable":true,"href":"https:\/\/buletin.de\/bucuresti\/wp-json\/wp\/v2\/tags?post=126453"},{"taxonomy":"author","embeddable":true,"href":"https:\/\/buletin.de\/bucuresti\/wp-json\/wp\/v2\/ppma_author?post=126453"}],"curies":[{"name":"wp","href":"https:\/\/api.w.org\/{rel}","templated":true}]}}