{"id":126361,"date":"2025-04-14T09:24:08","date_gmt":"2025-04-14T06:24:08","guid":{"rendered":"https:\/\/buletin.de\/bucuresti\/?p=126361"},"modified":"2025-05-25T12:22:44","modified_gmt":"2025-05-25T09:22:44","slug":"frequenza-festival-muzica-de-camera-la-bucuresti-cu-muzicieni-de-top-mondial","status":"publish","type":"post","link":"https:\/\/buletin.de\/bucuresti\/frequenza-festival-muzica-de-camera-la-bucuresti-cu-muzicieni-de-top-mondial\/","title":{"rendered":"Frequenza Festival, muzic\u0103 de camer\u0103 la Bucure\u0219ti, cu muzicieni de top mondial"},"content":{"rendered":"\n<p><strong>Prima edi\u021bie a Frequenza Festival are loc, la Bucure\u0219ti, \u00een perioada 22-25 mai 2025, \u0219i aduce arti\u0219ti de talie interna\u021bional\u0103, \u00eentr-o serie de patru concerte excep\u021bionale ce vor \u00eembina spiritul clasic \u0219i creativitatea prezentului, \u00eentr-o formul\u0103 inedit\u0103 ce aduce \u00eempreun\u0103 instrumente de coarde, de suflat \u0219i pian, \u00een celebra Sal\u0103 Auditorium a Muzeul Na\u021bional de Art\u0103 al Rom\u00e2niei.<\/strong><\/p>\n\n\n\n<p>Directorii muzicali ai evenimentului sunt binecunoscutul trompetist <strong>Serghei Nakariakov<\/strong>, supranumit \u201ePaganini al trompetei\u201d, un artist care a redefinit standardele interpretative ale instrumentului s\u0103u \u0219i pianista <strong>Maria Meerovitch<\/strong>, artist\u0103 apreciat\u0103 pentru sensibilitatea artistic\u0103 \u0219i colabor\u0103rile prestigioase din lumea muzicii clasice.<\/p>\n\n\n\n<p>Cei doi arti\u0219ti au conceput <strong>Frequenza Festival<\/strong> precum o c\u0103l\u0103torie muzical\u0103 fascinant\u0103, desf\u0103\u0219urat\u0103 pe parcursul a patru zile de concerte \u0219i evenimente paralele. <\/p>\n\n\n\n<p>Evenimentul reune\u0219te opere clasice reinterpretate \u0219i perspective moderne, de la omagii aduse marilor compozitori \u2013 Bach, Beethoven \u0219i Brahms \u2013 p\u00e2n\u0103 la explor\u0103ri inovatoare \u00een sfera improviza\u021biei \u0219i fuziunii clasic-jazz.<\/p>\n\n\n\n<div class=\"wp-block-buttons is-content-justification-center is-layout-flex wp-container-core-buttons-is-layout-16018d1d wp-block-buttons-is-layout-flex\">\n<div class=\"wp-block-button has-custom-width wp-block-button__width-100\"><a class=\"wp-block-button__link wp-element-button\" href=\"https:\/\/www.patreon.com\/BuletinDeBucuresti\"><strong>Sus\u021bine Buletin de Bucure\u0219ti pentru investiga\u021bii, reportaje \u0219i \u0219tiri Locale<\/strong><\/a><\/div>\n<\/div>\n\n\n\n<p><strong>CITE\u0218TE \u0218I: <a href=\"https:\/\/buletin.de\/bucuresti\/cafeneaua-bdb-cum-ne-protejam-de-tentativele-de-frauda-online-de-la-site-uri-clona-si-conturi-false-pana-la-apeluri-si-mesaje-alarmiste\/\" target=\"_blank\" rel=\"noreferrer noopener\">Cafeneaua BdB | Cum ne protej\u0103m de tentativele de fraud\u0103 online? De la site-uri clon\u0103 \u0219i conturi false, p\u00e2n\u0103 la apeluri \u0219i mesaje alarmiste<\/a><\/strong><\/p>\n\n\n\n<h2 class=\"wp-block-heading\" id=\"h-cine-va-canta-la-frequenza-festival\">Cine va c\u00e2nta la Frequenza Festival<\/h2>\n\n\n\n<p>Frequenza Festival aduce \u00eempreun\u0103 o selec\u021bie impresionant\u0103 de muzicieni, printre care <strong>Krist\u00f3f Bar\u00e1ti<\/strong> \u2013 vioar\u0103, <strong>Sergio Carolino<\/strong> \u2013 tub\u0103, <strong>Kevin Zhu<\/strong> \u2013 vioar\u0103, <strong>Jing Zhao<\/strong> \u2013 violoncel, <strong>David Taylor<\/strong> \u2013 trombon bas, <strong>Roman Spitzer<\/strong> \u2013 viol\u0103, <strong>Zvi Plesser<\/strong> \u2013 violoncel, <strong>Pavel Berman<\/strong> \u2013 vioar\u0103, <strong>Elias Faingersh<\/strong> \u2013 trombon, <strong>Eva Bindere<\/strong> \u2013 vioar\u0103, al\u0103turi de trompetistul <strong>Sebastian Burneci<\/strong>, reprezentant de elit\u0103 al scenei de jazz din Rom\u00e2nia.<\/p>\n\n\n\n<p>Paralel concertelor principale, \u00een datele de 20, 24 \u0219i 25 mai, festivalul ofer\u0103 tinerilor muzicieni o serie de masterclass-uri g\u0103zduite de Universitatea Na\u021bional\u0103 de Muzic\u0103 din Bucure\u0219ti. Deschise gratuit publicului, aceste sesiuni interactive ofer\u0103 o oportunitate unic\u0103 de a descoperi universul muzicienilor invita\u021bi, de a le observa tehnica \u00eendeaproape \u0219i de a explora arta interpret\u0103rii celor mai renumite opusuri camerale din istoria muzicii.<\/p>\n\n\n\n<p>Prima sear\u0103 a Frequenza Festival, joi, 22 mai 2025, de la ora 19.00, este un omagiu adus celor \u201e3 mari B\u201d ai muzicii clasice \u2013 Bach, Beethoven, Brahms \u2013 &nbsp;cu lucr\u0103ri emblematice \u00eentr-o abordare inedit\u0103: Varia\u021biuni pentru pian \u0219i violoncel \u0219i de Beethoven \u00eentr-un aranjament rar pentru pian \u0219i fligorn interpretat pentru prima oar\u0103 \u00een Rom\u00e2nia, Selec\u021bii din Varia\u021biunile Goldberg de Bach aranjate pentru trio de coarde \u0219i Trio pentru corn, vioar\u0103 \u0219i pian de Brahms \u0219i Cvartetul pentru pian nr. 3 \u00een Do major de Beethoven.<\/p>\n\n\n\n<p>Vineri, 23 mai 2025, de la ora 19:00, este programat\u0103 o sear\u0103 cu accente impresioniste: Sonata pentru dou\u0103 viori de Eug\u00e8ne Ysa\u00ffe, Sonatina pentru violoncel \u0219i pian de Zolt\u00e1n Kod\u00e1ly, Cvintet de coarde de Glazunov,&nbsp; dar \u0219i programul special \u201eKopfkino\u201d, un concert care treze\u0219te senza\u021bii \u0219i imagini vii, \u00een care muzica devine filmul pe care \u00eel tr\u0103ie\u0219ti cu ochii \u00eenchi\u0219i: f\u0103r\u0103 decoruri, f\u0103r\u0103 ecran \u2013 doar sunetul care aprinde imagina\u021bia \u0219i transform\u0103 fiecare not\u0103 \u00eentr-o poveste.&nbsp; &nbsp;<\/p>\n\n\n\n<p>S\u00e2mb\u0103t\u0103, 24 mai 2025 de la ora 19:00, va fi ziua colabor\u0103rilor inedite \u0219i a versatilit\u0103\u021bii muzicii de camer\u0103, \u00eentr-un program ce cuprinde Adagio \u0219i Allegro de Robert Schumann, Trei madrigale pentru vioar\u0103 \u0219i viol\u0103 de Bohuslav Martin\u016f, Sonata pentru corn, trompet\u0103 \u0219i trombon de Francis Poulenc, Passacaglia pentru vioar\u0103 \u0219i violoncel de H\u00e4ndel\/Halvorsen \u0219i Cvintetul cu pian \u00een fa minor de C\u00e9sar Franck.<\/p>\n\n\n\n<p>Duminic\u0103, 25 mai 2025, de la ora 19:00, Frequenza Festival se \u00eencheie spectaculos cu un concert ce \u00eembin\u0103 muzica clasic\u0103 \u0219i jazz-ul, prin improviza\u021bie live, oferit\u0103 de mae\u0219trii instrumentelor de alam\u0103: \u201eBrass Fusion\u201d &#8211; o fuziune electrizant\u0103 \u00eentre repertoriul clasic \u0219i elementele de improviza\u021bie jazz, realizat\u0103 de Sergio Carolino, David Taylor, Elias Faingersch \u0219i Serghei Nakariakov, al\u0103turi de invitatul special, trompetistul Sebastian Burneci.&nbsp;<\/p>\n\n\n\n<h2 class=\"wp-block-heading\" id=\"h-unde-are-loc-festivalul\">Unde are loc festivalul<\/h2>\n\n\n\n<p><strong>Muzeului Na\u021bional de Art\u0103 al Rom\u00e2niei<\/strong>, g\u0103zduit \u00een fostul Palat Regal din Bucure\u0219ti, reprezint\u0103 unul dintre cele mai prestigioase spa\u021bii culturale ale \u021b\u0103rii. <strong>Atmosfera unic\u0103 a S\u0103lii Auditorium<\/strong> \u00eembin\u0103 grandoarea istoric\u0103 cu intimitatea artistic\u0103, oferind <strong>cadrul ideal pentru desf\u0103\u0219urarea unui festival de anvergur\u0103 interna\u021bional\u0103<\/strong>, cum este \u0219i Frequenza Festival.<\/p>\n\n\n\n<p>Biletele pentru Frequenza Festival sunt puse \u00een v\u00e2nzare pe platforma Eventim.ro, iar pre\u021bul unui bilet este de 100 lei. Elevii, studen\u021bii \u0219i pensionarii se bucur\u0103 de pre\u021buri speciale: 50 lei \/ concert.<\/p>\n\n\n\n<p><strong>Frequenza Festival este un eveniment desf\u0103\u0219urat sub Patronajul Ministerului Culturii.<\/strong><\/p>\n\n\n\n<p><strong>Organizator<\/strong>: Frequenza<\/p>\n\n\n\n<p><strong>Co-organizator: <\/strong>ARTEXIM<\/p>\n\n\n\n<p><strong>Parteneri: <\/strong>Muzeul Na\u021bional de Art\u0103 al Rom\u00e2niei, Universitatea Na\u021bional\u0103 de Muzic\u0103 din Bucure\u0219ti, Radio Rom\u00e2nia, Orchestrele \u0219i Corurile Radio Rom\u00e2nia<\/p>\n\n\n\n<p><strong>Parteneri media: <\/strong>Radio Rom\u00e2nia Muzical,RFI Rom\u00e2nia, Observator cultural, Zile \u0219i Nop\u021bi, Buletin de Bucure\u0219ti.<\/p>\n\n\n\n<p><strong>CITE\u0218TE \u0218I: <a href=\"https:\/\/buletin.de\/bucuresti\/un-nou-tronson-de-autostrada-va-fi-deschis-in-mai-pana-unde-se-va-putea-circula-de-la-bucuresti\/\" target=\"_blank\" rel=\"noreferrer noopener\">VIDEO | Un nou tronson de autostrad\u0103 va fi deschis \u00een mai. P\u00e2n\u0103 unde se va putea circula de la Bucure\u0219ti<\/a><\/strong><\/p>\n","protected":false},"excerpt":{"rendered":"<p>Prima edi\u021bie a Frequenza Festival are loc, la Bucure\u0219ti, \u00een perioada 22-25 mai 2025, \u0219i aduce arti\u0219ti de talie interna\u021bional\u0103, \u00eentr-o serie de patru concerte excep\u021bionale ce vor \u00eembina spiritul clasic \u0219i creativitatea prezentului, \u00eentr-o formul\u0103 inedit\u0103 ce aduce \u00eempreun\u0103 instrumente de coarde, de suflat \u0219i pian, \u00een celebra Sal\u0103 Auditorium a Muzeul Na\u021bional de [&hellip;]<\/p>\n","protected":false},"author":1,"featured_media":126362,"comment_status":"closed","ping_status":"open","sticky":false,"template":"","format":"standard","meta":{"_acf_changed":false,"inline_featured_image":false,"ngg_post_thumbnail":0,"footnotes":""},"categories":[6994,81,62],"tags":[20607,20595,20606,20605,20604,20608],"ppma_author":[22583],"class_list":["post-126361","post","type-post","status-publish","format-standard","has-post-thumbnail","hentry","category-stiri-2","category-cultura","category-stiri","tag-david-taylor","tag-frequenza-festival","tag-jing-zhao","tag-kevin-zhu","tag-maria-meerovitch","tag-serghei-nakariakov"],"acf":[],"yoast_head":"<!-- This site is optimized with the Yoast SEO Premium plugin v25.3 (Yoast SEO v27.4) - https:\/\/yoast.com\/product\/yoast-seo-premium-wordpress\/ -->\n<title>Frequenza Festival, muzic\u0103 de camer\u0103 la Bucure\u0219ti, cu muzicieni de top mondial - Buletin de Bucure\u0219ti<\/title>\n<meta name=\"description\" content=\"Frequenza Festival revine, la Bucure\u0219ti, \u00een perioada 22-25 mai 2025, cu a doua edi\u021bie \u0219i cu arti\u0219ti de talie interna\u021bional\u0103.\" \/>\n<meta name=\"robots\" content=\"index, follow, max-snippet:-1, max-image-preview:large, max-video-preview:-1\" \/>\n<link rel=\"canonical\" href=\"https:\/\/buletin.de\/bucuresti\/frequenza-festival-muzica-de-camera-la-bucuresti-cu-muzicieni-de-top-mondial\/\" \/>\n<meta property=\"og:locale\" content=\"en_GB\" \/>\n<meta property=\"og:type\" content=\"article\" \/>\n<meta property=\"og:title\" content=\"Frequenza Festival, muzic\u0103 de camer\u0103 la Bucure\u0219ti, cu muzicieni de top mondial\" \/>\n<meta property=\"og:description\" content=\"Frequenza Festival revine, la Bucure\u0219ti, \u00een perioada 22-25 mai 2025, cu a doua edi\u021bie \u0219i cu arti\u0219ti de talie interna\u021bional\u0103.\" \/>\n<meta property=\"og:url\" content=\"https:\/\/buletin.de\/bucuresti\/frequenza-festival-muzica-de-camera-la-bucuresti-cu-muzicieni-de-top-mondial\/\" \/>\n<meta property=\"og:site_name\" content=\"Buletin de Bucure\u0219ti\" \/>\n<meta property=\"article:publisher\" content=\"https:\/\/www.facebook.com\/buletin.de.buc\" \/>\n<meta property=\"article:published_time\" content=\"2025-04-14T06:24:08+00:00\" \/>\n<meta property=\"article:modified_time\" content=\"2025-05-25T09:22:44+00:00\" \/>\n<meta property=\"og:image\" content=\"https:\/\/buletin.de\/bucuresti\/wp-content\/uploads\/2025\/04\/Maria-Meerovitch-e1744611878216.png\" \/>\n\t<meta property=\"og:image:width\" content=\"929\" \/>\n\t<meta property=\"og:image:height\" content=\"595\" \/>\n\t<meta property=\"og:image:type\" content=\"image\/png\" \/>\n<meta name=\"author\" content=\"Redac\u021bia Buletin de Bucure\u0219ti\" \/>\n<meta name=\"twitter:card\" content=\"summary_large_image\" \/>\n<meta name=\"twitter:label1\" content=\"Written by\" \/>\n\t<meta name=\"twitter:data1\" content=\"Redac\u021bia Buletin de Bucure\u0219ti\" \/>\n\t<meta name=\"twitter:label2\" content=\"Estimated reading time\" \/>\n\t<meta name=\"twitter:data2\" content=\"4 minutes\" \/>\n<script type=\"application\/ld+json\" class=\"yoast-schema-graph\">{\"@context\":\"https:\\\/\\\/schema.org\",\"@graph\":[{\"@type\":\"Article\",\"@id\":\"https:\\\/\\\/buletin.de\\\/bucuresti\\\/frequenza-festival-muzica-de-camera-la-bucuresti-cu-muzicieni-de-top-mondial\\\/#article\",\"isPartOf\":{\"@id\":\"https:\\\/\\\/buletin.de\\\/bucuresti\\\/frequenza-festival-muzica-de-camera-la-bucuresti-cu-muzicieni-de-top-mondial\\\/\"},\"author\":{\"name\":\"Redac\u021bia Buletin de Bucure\u0219ti\",\"@id\":\"https:\\\/\\\/buletin.de\\\/bucuresti\\\/#\\\/schema\\\/person\\\/2bbcf854e5f2419a13804af574d06ab1\"},\"headline\":\"Frequenza Festival, muzic\u0103 de camer\u0103 la Bucure\u0219ti, cu muzicieni de top mondial\",\"datePublished\":\"2025-04-14T06:24:08+00:00\",\"dateModified\":\"2025-05-25T09:22:44+00:00\",\"mainEntityOfPage\":{\"@id\":\"https:\\\/\\\/buletin.de\\\/bucuresti\\\/frequenza-festival-muzica-de-camera-la-bucuresti-cu-muzicieni-de-top-mondial\\\/\"},\"wordCount\":837,\"publisher\":{\"@id\":\"https:\\\/\\\/buletin.de\\\/bucuresti\\\/#organization\"},\"image\":{\"@id\":\"https:\\\/\\\/buletin.de\\\/bucuresti\\\/frequenza-festival-muzica-de-camera-la-bucuresti-cu-muzicieni-de-top-mondial\\\/#primaryimage\"},\"thumbnailUrl\":\"https:\\\/\\\/buletin.de\\\/bucuresti\\\/wp-content\\\/uploads\\\/2025\\\/04\\\/Maria-Meerovitch-e1744611878216.png\",\"keywords\":[\"David Taylor\",\"Frequenza Festival\",\"Jing Zhao\",\"Kevin Zhu\",\"Maria Meerovitch\",\"Serghei Nakariakov\"],\"articleSection\":[\"Articole\",\"Cultur\u0103\",\"\u0218tiri\"],\"inLanguage\":\"en-GB\",\"copyrightYear\":\"2025\",\"copyrightHolder\":{\"@id\":\"https:\\\/\\\/buletin.de\\\/bucuresti\\\/#organization\"}},{\"@type\":\"WebPage\",\"@id\":\"https:\\\/\\\/buletin.de\\\/bucuresti\\\/frequenza-festival-muzica-de-camera-la-bucuresti-cu-muzicieni-de-top-mondial\\\/\",\"url\":\"https:\\\/\\\/buletin.de\\\/bucuresti\\\/frequenza-festival-muzica-de-camera-la-bucuresti-cu-muzicieni-de-top-mondial\\\/\",\"name\":\"Frequenza Festival, muzic\u0103 de camer\u0103 la Bucure\u0219ti, cu muzicieni de top mondial - Buletin de Bucure\u0219ti\",\"isPartOf\":{\"@id\":\"https:\\\/\\\/buletin.de\\\/bucuresti\\\/#website\"},\"primaryImageOfPage\":{\"@id\":\"https:\\\/\\\/buletin.de\\\/bucuresti\\\/frequenza-festival-muzica-de-camera-la-bucuresti-cu-muzicieni-de-top-mondial\\\/#primaryimage\"},\"image\":{\"@id\":\"https:\\\/\\\/buletin.de\\\/bucuresti\\\/frequenza-festival-muzica-de-camera-la-bucuresti-cu-muzicieni-de-top-mondial\\\/#primaryimage\"},\"thumbnailUrl\":\"https:\\\/\\\/buletin.de\\\/bucuresti\\\/wp-content\\\/uploads\\\/2025\\\/04\\\/Maria-Meerovitch-e1744611878216.png\",\"datePublished\":\"2025-04-14T06:24:08+00:00\",\"dateModified\":\"2025-05-25T09:22:44+00:00\",\"description\":\"Frequenza Festival revine, la Bucure\u0219ti, \u00een perioada 22-25 mai 2025, cu a doua edi\u021bie \u0219i cu arti\u0219ti de talie interna\u021bional\u0103.\",\"breadcrumb\":{\"@id\":\"https:\\\/\\\/buletin.de\\\/bucuresti\\\/frequenza-festival-muzica-de-camera-la-bucuresti-cu-muzicieni-de-top-mondial\\\/#breadcrumb\"},\"inLanguage\":\"en-GB\",\"potentialAction\":[{\"@type\":\"ReadAction\",\"target\":[\"https:\\\/\\\/buletin.de\\\/bucuresti\\\/frequenza-festival-muzica-de-camera-la-bucuresti-cu-muzicieni-de-top-mondial\\\/\"]}]},{\"@type\":\"ImageObject\",\"inLanguage\":\"en-GB\",\"@id\":\"https:\\\/\\\/buletin.de\\\/bucuresti\\\/frequenza-festival-muzica-de-camera-la-bucuresti-cu-muzicieni-de-top-mondial\\\/#primaryimage\",\"url\":\"https:\\\/\\\/buletin.de\\\/bucuresti\\\/wp-content\\\/uploads\\\/2025\\\/04\\\/Maria-Meerovitch-e1744611878216.png\",\"contentUrl\":\"https:\\\/\\\/buletin.de\\\/bucuresti\\\/wp-content\\\/uploads\\\/2025\\\/04\\\/Maria-Meerovitch-e1744611878216.png\",\"width\":929,\"height\":595,\"caption\":\"Pianista Maria Meerovitch, directoarea Frequenza Festival\"},{\"@type\":\"BreadcrumbList\",\"@id\":\"https:\\\/\\\/buletin.de\\\/bucuresti\\\/frequenza-festival-muzica-de-camera-la-bucuresti-cu-muzicieni-de-top-mondial\\\/#breadcrumb\",\"itemListElement\":[{\"@type\":\"ListItem\",\"position\":1,\"name\":\"Acas\u0103\",\"item\":\"https:\\\/\\\/buletin.de\\\/bucuresti\\\/\"},{\"@type\":\"ListItem\",\"position\":2,\"name\":\"Frequenza Festival, muzic\u0103 de camer\u0103 la Bucure\u0219ti, cu muzicieni de top mondial\"}]},{\"@type\":\"WebSite\",\"@id\":\"https:\\\/\\\/buletin.de\\\/bucuresti\\\/#website\",\"url\":\"https:\\\/\\\/buletin.de\\\/bucuresti\\\/\",\"name\":\"Buletin de Bucure\u0219ti\",\"description\":\"\u0218tiri \u0219i investiga\u021bii esen\u021biale din capital\u0103\",\"publisher\":{\"@id\":\"https:\\\/\\\/buletin.de\\\/bucuresti\\\/#organization\"},\"potentialAction\":[{\"@type\":\"SearchAction\",\"target\":{\"@type\":\"EntryPoint\",\"urlTemplate\":\"https:\\\/\\\/buletin.de\\\/bucuresti\\\/?s={search_term_string}\"},\"query-input\":{\"@type\":\"PropertyValueSpecification\",\"valueRequired\":true,\"valueName\":\"search_term_string\"}}],\"inLanguage\":\"en-GB\"},{\"@type\":\"Organization\",\"@id\":\"https:\\\/\\\/buletin.de\\\/bucuresti\\\/#organization\",\"name\":\"Buletin de Bucure\u0219ti\",\"url\":\"https:\\\/\\\/buletin.de\\\/bucuresti\\\/\",\"logo\":{\"@type\":\"ImageObject\",\"inLanguage\":\"en-GB\",\"@id\":\"https:\\\/\\\/buletin.de\\\/bucuresti\\\/#\\\/schema\\\/logo\\\/image\\\/\",\"url\":\"https:\\\/\\\/buletin.de\\\/bucuresti\\\/wp-content\\\/uploads\\\/logo-bdb-full-wide-vernil-transparent.png\",\"contentUrl\":\"https:\\\/\\\/buletin.de\\\/bucuresti\\\/wp-content\\\/uploads\\\/logo-bdb-full-wide-vernil-transparent.png\",\"width\":1782,\"height\":626,\"caption\":\"Buletin de Bucure\u0219ti\"},\"image\":{\"@id\":\"https:\\\/\\\/buletin.de\\\/bucuresti\\\/#\\\/schema\\\/logo\\\/image\\\/\"},\"sameAs\":[\"https:\\\/\\\/www.facebook.com\\\/buletin.de.buc\",\"https:\\\/\\\/www.instagram.com\\\/buletinde.bucuresti\\\/\"]},{\"@type\":\"Person\",\"@id\":\"https:\\\/\\\/buletin.de\\\/bucuresti\\\/#\\\/schema\\\/person\\\/2bbcf854e5f2419a13804af574d06ab1\",\"name\":\"Redac\u021bia Buletin de Bucure\u0219ti\",\"image\":{\"@type\":\"ImageObject\",\"inLanguage\":\"en-GB\",\"@id\":\"https:\\\/\\\/secure.gravatar.com\\\/avatar\\\/18c5342381ed1a08620e6280424e3e5efc958618f5d67c522c9e44c1bc6f9226?s=96&d=monsterid&r=g60c7cd0ad92c68c049fcd4bb3504d609\",\"url\":\"https:\\\/\\\/secure.gravatar.com\\\/avatar\\\/18c5342381ed1a08620e6280424e3e5efc958618f5d67c522c9e44c1bc6f9226?s=96&d=monsterid&r=g\",\"contentUrl\":\"https:\\\/\\\/secure.gravatar.com\\\/avatar\\\/18c5342381ed1a08620e6280424e3e5efc958618f5d67c522c9e44c1bc6f9226?s=96&d=monsterid&r=g\",\"caption\":\"Redac\u021bia Buletin de Bucure\u0219ti\"},\"description\":\"Buletin de Bucure\u0219ti exist\u0103 din vara anului 2019.\",\"url\":\"https:\\\/\\\/buletin.de\\\/bucuresti\\\/author\\\/adminbuletin\\\/\"}]}<\/script>\n<!-- \/ Yoast SEO Premium plugin. -->","yoast_head_json":{"title":"Frequenza Festival, muzic\u0103 de camer\u0103 la Bucure\u0219ti, cu muzicieni de top mondial - Buletin de Bucure\u0219ti","description":"Frequenza Festival revine, la Bucure\u0219ti, \u00een perioada 22-25 mai 2025, cu a doua edi\u021bie \u0219i cu arti\u0219ti de talie interna\u021bional\u0103.","robots":{"index":"index","follow":"follow","max-snippet":"max-snippet:-1","max-image-preview":"max-image-preview:large","max-video-preview":"max-video-preview:-1"},"canonical":"https:\/\/buletin.de\/bucuresti\/frequenza-festival-muzica-de-camera-la-bucuresti-cu-muzicieni-de-top-mondial\/","og_locale":"en_GB","og_type":"article","og_title":"Frequenza Festival, muzic\u0103 de camer\u0103 la Bucure\u0219ti, cu muzicieni de top mondial","og_description":"Frequenza Festival revine, la Bucure\u0219ti, \u00een perioada 22-25 mai 2025, cu a doua edi\u021bie \u0219i cu arti\u0219ti de talie interna\u021bional\u0103.","og_url":"https:\/\/buletin.de\/bucuresti\/frequenza-festival-muzica-de-camera-la-bucuresti-cu-muzicieni-de-top-mondial\/","og_site_name":"Buletin de Bucure\u0219ti","article_publisher":"https:\/\/www.facebook.com\/buletin.de.buc","article_published_time":"2025-04-14T06:24:08+00:00","article_modified_time":"2025-05-25T09:22:44+00:00","og_image":[{"width":929,"height":595,"url":"https:\/\/buletin.de\/bucuresti\/wp-content\/uploads\/2025\/04\/Maria-Meerovitch-e1744611878216.png","type":"image\/png"}],"author":"Redac\u021bia Buletin de Bucure\u0219ti","twitter_card":"summary_large_image","twitter_misc":{"Written by":"Redac\u021bia Buletin de Bucure\u0219ti","Estimated reading time":"4 minutes"},"schema":{"@context":"https:\/\/schema.org","@graph":[{"@type":"Article","@id":"https:\/\/buletin.de\/bucuresti\/frequenza-festival-muzica-de-camera-la-bucuresti-cu-muzicieni-de-top-mondial\/#article","isPartOf":{"@id":"https:\/\/buletin.de\/bucuresti\/frequenza-festival-muzica-de-camera-la-bucuresti-cu-muzicieni-de-top-mondial\/"},"author":{"name":"Redac\u021bia Buletin de Bucure\u0219ti","@id":"https:\/\/buletin.de\/bucuresti\/#\/schema\/person\/2bbcf854e5f2419a13804af574d06ab1"},"headline":"Frequenza Festival, muzic\u0103 de camer\u0103 la Bucure\u0219ti, cu muzicieni de top mondial","datePublished":"2025-04-14T06:24:08+00:00","dateModified":"2025-05-25T09:22:44+00:00","mainEntityOfPage":{"@id":"https:\/\/buletin.de\/bucuresti\/frequenza-festival-muzica-de-camera-la-bucuresti-cu-muzicieni-de-top-mondial\/"},"wordCount":837,"publisher":{"@id":"https:\/\/buletin.de\/bucuresti\/#organization"},"image":{"@id":"https:\/\/buletin.de\/bucuresti\/frequenza-festival-muzica-de-camera-la-bucuresti-cu-muzicieni-de-top-mondial\/#primaryimage"},"thumbnailUrl":"https:\/\/buletin.de\/bucuresti\/wp-content\/uploads\/2025\/04\/Maria-Meerovitch-e1744611878216.png","keywords":["David Taylor","Frequenza Festival","Jing Zhao","Kevin Zhu","Maria Meerovitch","Serghei Nakariakov"],"articleSection":["Articole","Cultur\u0103","\u0218tiri"],"inLanguage":"en-GB","copyrightYear":"2025","copyrightHolder":{"@id":"https:\/\/buletin.de\/bucuresti\/#organization"}},{"@type":"WebPage","@id":"https:\/\/buletin.de\/bucuresti\/frequenza-festival-muzica-de-camera-la-bucuresti-cu-muzicieni-de-top-mondial\/","url":"https:\/\/buletin.de\/bucuresti\/frequenza-festival-muzica-de-camera-la-bucuresti-cu-muzicieni-de-top-mondial\/","name":"Frequenza Festival, muzic\u0103 de camer\u0103 la Bucure\u0219ti, cu muzicieni de top mondial - Buletin de Bucure\u0219ti","isPartOf":{"@id":"https:\/\/buletin.de\/bucuresti\/#website"},"primaryImageOfPage":{"@id":"https:\/\/buletin.de\/bucuresti\/frequenza-festival-muzica-de-camera-la-bucuresti-cu-muzicieni-de-top-mondial\/#primaryimage"},"image":{"@id":"https:\/\/buletin.de\/bucuresti\/frequenza-festival-muzica-de-camera-la-bucuresti-cu-muzicieni-de-top-mondial\/#primaryimage"},"thumbnailUrl":"https:\/\/buletin.de\/bucuresti\/wp-content\/uploads\/2025\/04\/Maria-Meerovitch-e1744611878216.png","datePublished":"2025-04-14T06:24:08+00:00","dateModified":"2025-05-25T09:22:44+00:00","description":"Frequenza Festival revine, la Bucure\u0219ti, \u00een perioada 22-25 mai 2025, cu a doua edi\u021bie \u0219i cu arti\u0219ti de talie interna\u021bional\u0103.","breadcrumb":{"@id":"https:\/\/buletin.de\/bucuresti\/frequenza-festival-muzica-de-camera-la-bucuresti-cu-muzicieni-de-top-mondial\/#breadcrumb"},"inLanguage":"en-GB","potentialAction":[{"@type":"ReadAction","target":["https:\/\/buletin.de\/bucuresti\/frequenza-festival-muzica-de-camera-la-bucuresti-cu-muzicieni-de-top-mondial\/"]}]},{"@type":"ImageObject","inLanguage":"en-GB","@id":"https:\/\/buletin.de\/bucuresti\/frequenza-festival-muzica-de-camera-la-bucuresti-cu-muzicieni-de-top-mondial\/#primaryimage","url":"https:\/\/buletin.de\/bucuresti\/wp-content\/uploads\/2025\/04\/Maria-Meerovitch-e1744611878216.png","contentUrl":"https:\/\/buletin.de\/bucuresti\/wp-content\/uploads\/2025\/04\/Maria-Meerovitch-e1744611878216.png","width":929,"height":595,"caption":"Pianista Maria Meerovitch, directoarea Frequenza Festival"},{"@type":"BreadcrumbList","@id":"https:\/\/buletin.de\/bucuresti\/frequenza-festival-muzica-de-camera-la-bucuresti-cu-muzicieni-de-top-mondial\/#breadcrumb","itemListElement":[{"@type":"ListItem","position":1,"name":"Acas\u0103","item":"https:\/\/buletin.de\/bucuresti\/"},{"@type":"ListItem","position":2,"name":"Frequenza Festival, muzic\u0103 de camer\u0103 la Bucure\u0219ti, cu muzicieni de top mondial"}]},{"@type":"WebSite","@id":"https:\/\/buletin.de\/bucuresti\/#website","url":"https:\/\/buletin.de\/bucuresti\/","name":"Buletin de Bucure\u0219ti","description":"\u0218tiri \u0219i investiga\u021bii esen\u021biale din capital\u0103","publisher":{"@id":"https:\/\/buletin.de\/bucuresti\/#organization"},"potentialAction":[{"@type":"SearchAction","target":{"@type":"EntryPoint","urlTemplate":"https:\/\/buletin.de\/bucuresti\/?s={search_term_string}"},"query-input":{"@type":"PropertyValueSpecification","valueRequired":true,"valueName":"search_term_string"}}],"inLanguage":"en-GB"},{"@type":"Organization","@id":"https:\/\/buletin.de\/bucuresti\/#organization","name":"Buletin de Bucure\u0219ti","url":"https:\/\/buletin.de\/bucuresti\/","logo":{"@type":"ImageObject","inLanguage":"en-GB","@id":"https:\/\/buletin.de\/bucuresti\/#\/schema\/logo\/image\/","url":"https:\/\/buletin.de\/bucuresti\/wp-content\/uploads\/logo-bdb-full-wide-vernil-transparent.png","contentUrl":"https:\/\/buletin.de\/bucuresti\/wp-content\/uploads\/logo-bdb-full-wide-vernil-transparent.png","width":1782,"height":626,"caption":"Buletin de Bucure\u0219ti"},"image":{"@id":"https:\/\/buletin.de\/bucuresti\/#\/schema\/logo\/image\/"},"sameAs":["https:\/\/www.facebook.com\/buletin.de.buc","https:\/\/www.instagram.com\/buletinde.bucuresti\/"]},{"@type":"Person","@id":"https:\/\/buletin.de\/bucuresti\/#\/schema\/person\/2bbcf854e5f2419a13804af574d06ab1","name":"Redac\u021bia Buletin de Bucure\u0219ti","image":{"@type":"ImageObject","inLanguage":"en-GB","@id":"https:\/\/secure.gravatar.com\/avatar\/18c5342381ed1a08620e6280424e3e5efc958618f5d67c522c9e44c1bc6f9226?s=96&d=monsterid&r=g60c7cd0ad92c68c049fcd4bb3504d609","url":"https:\/\/secure.gravatar.com\/avatar\/18c5342381ed1a08620e6280424e3e5efc958618f5d67c522c9e44c1bc6f9226?s=96&d=monsterid&r=g","contentUrl":"https:\/\/secure.gravatar.com\/avatar\/18c5342381ed1a08620e6280424e3e5efc958618f5d67c522c9e44c1bc6f9226?s=96&d=monsterid&r=g","caption":"Redac\u021bia Buletin de Bucure\u0219ti"},"description":"Buletin de Bucure\u0219ti exist\u0103 din vara anului 2019.","url":"https:\/\/buletin.de\/bucuresti\/author\/adminbuletin\/"}]}},"authors":[{"term_id":22583,"user_id":1,"is_guest":0,"slug":"adminbuletin","display_name":"Redac\u021bia Buletin de Bucure\u0219ti","avatar_url":"https:\/\/secure.gravatar.com\/avatar\/18c5342381ed1a08620e6280424e3e5efc958618f5d67c522c9e44c1bc6f9226?s=96&d=monsterid&r=g","0":null,"1":"","2":"","3":"","4":"","5":"","6":"","7":"","8":""}],"_links":{"self":[{"href":"https:\/\/buletin.de\/bucuresti\/wp-json\/wp\/v2\/posts\/126361","targetHints":{"allow":["GET"]}}],"collection":[{"href":"https:\/\/buletin.de\/bucuresti\/wp-json\/wp\/v2\/posts"}],"about":[{"href":"https:\/\/buletin.de\/bucuresti\/wp-json\/wp\/v2\/types\/post"}],"author":[{"embeddable":true,"href":"https:\/\/buletin.de\/bucuresti\/wp-json\/wp\/v2\/users\/1"}],"replies":[{"embeddable":true,"href":"https:\/\/buletin.de\/bucuresti\/wp-json\/wp\/v2\/comments?post=126361"}],"version-history":[{"count":4,"href":"https:\/\/buletin.de\/bucuresti\/wp-json\/wp\/v2\/posts\/126361\/revisions"}],"predecessor-version":[{"id":131918,"href":"https:\/\/buletin.de\/bucuresti\/wp-json\/wp\/v2\/posts\/126361\/revisions\/131918"}],"wp:featuredmedia":[{"embeddable":true,"href":"https:\/\/buletin.de\/bucuresti\/wp-json\/wp\/v2\/media\/126362"}],"wp:attachment":[{"href":"https:\/\/buletin.de\/bucuresti\/wp-json\/wp\/v2\/media?parent=126361"}],"wp:term":[{"taxonomy":"category","embeddable":true,"href":"https:\/\/buletin.de\/bucuresti\/wp-json\/wp\/v2\/categories?post=126361"},{"taxonomy":"post_tag","embeddable":true,"href":"https:\/\/buletin.de\/bucuresti\/wp-json\/wp\/v2\/tags?post=126361"},{"taxonomy":"author","embeddable":true,"href":"https:\/\/buletin.de\/bucuresti\/wp-json\/wp\/v2\/ppma_author?post=126361"}],"curies":[{"name":"wp","href":"https:\/\/api.w.org\/{rel}","templated":true}]}}