{"id":126239,"date":"2025-04-13T07:11:00","date_gmt":"2025-04-13T04:11:00","guid":{"rendered":"https:\/\/buletin.de\/bucuresti\/?p=126239"},"modified":"2025-04-16T17:39:04","modified_gmt":"2025-04-16T14:39:04","slug":"inchirierea-a-27-de-spatii-comerciale","status":"publish","type":"post","link":"https:\/\/buletin.de\/bucuresti\/inchirierea-a-27-de-spatii-comerciale\/","title":{"rendered":"Sector 6 | \u00cenchirierea a 27 de spa\u021bii comerciale din pie\u021be se dezbate \u00een \u0219edin\u021ba de Consiliu Local din 16 aprilie"},"content":{"rendered":"\n<p><strong>O licita\u021bie public\u0103 ar putea fi organizat\u0103, pentru \u00eenchirierea a 27 de spa\u021bii comerciale din pie\u021be, pe raza Sectorului 6. Proiectul intr\u0103 \u00een dezbaterea Consiliului Local, din 16 aprilie.<\/strong><\/p>\n\n\n\n<p><strong>Update 16 aprilie:<\/strong> Proiectul a fost adoptat cu unanimitate.<\/p>\n\n\n\n<hr class=\"wp-block-separator has-alpha-channel-opacity\"\/>\n\n\n\n<p>Spa\u021biile care la momentul adopt\u0103rii  proiectului sunt \u00eenchiriate, vor fi scoase la licita\u021bie dup\u0103 \u00eencetarea contractelor de \u00eenchiriere respective.<\/p>\n\n\n\n<p>Autoritatea local\u0103 din Sectorul 6 vrea s\u0103 adopte proiectul pentru<strong> \u00eenchirierea a 27 de spa\u021bii comerciale<\/strong> pentru:<\/p>\n\n\n\n<ul class=\"wp-block-list\">\n<li>consolidarea bugetului local<\/li>\n\n\n\n<li>m\u0103rirea profitabilit\u0103\u0163ii serviciilor publice;<\/li>\n\n\n\n<li>valorificarea folosin\u0163ei prin \u00eenchirierea cu maxim de eficien\u0163\u0103 a terenurilor \u0219i construc\u0163iilor, aflate \u00een administrarea Consiliului Local al Sectorului 6, prin Administra\u021bia Comercial\u0103 Sector 6.<\/li>\n<\/ul>\n\n\n\n<p>Pre\u021burile minime ale \u00eenchirierii spa\u021biilor au fost stabilite av\u00e2nd ca referin\u021b\u0103 hot\u0103r\u00e2rile emise de autorit\u0103\u021bile publice locale cu privire la aprobarea nivelurilor tarifelor de baz\u0103 ale chiriilor pentru spa\u021biile cu alt\u0103 destina\u021bie,<a href=\"https:\/\/www.primarie6.ro\/primarie_sector6\/sites\/default\/files\/2025-04\/62%20Proiect%20de%20hotarare%20%281%29.pdf\"> potrivit notei de fundamentare.<\/a><\/p>\n\n\n\n<p><strong>CITE\u0218TE \u0218I:<\/strong> <a href=\"https:\/\/buletin.de\/bucuresti\/spitalul-daruieste-viata-folosit-in-campania-electorala-pentru-prezidentiale-fara-ca-fondatorii-sa-isi-fi-dat-acordul\/\">Spitalul \u201eD\u0103ruie\u015fte Via\u0163\u0103\u201d, folosit \u00een campania electoral\u0103 pentru preziden\u0163iale, f\u0103r\u0103 ca fondatorii s\u0103 \u00ee\u015fi fi dat acordul<\/a><\/p>\n\n\n\n<div class=\"wp-block-buttons is-content-justification-center is-layout-flex wp-container-core-buttons-is-layout-16018d1d wp-block-buttons-is-layout-flex\">\n<div class=\"wp-block-button has-custom-width wp-block-button__width-100\"><a class=\"wp-block-button__link wp-element-button\" href=\"https:\/\/www.patreon.com\/BuletinDeBucuresti\"><strong>Sus\u021bine Buletin de Bucure\u0219ti pentru investiga\u021bii, reportaje \u0219i \u0219tiri Locale<\/strong><\/a><\/div>\n<\/div>\n\n\n\n<h2 class=\"wp-block-heading\" id=\"h-refacerea-complexului-veteranilor-se-scumpe\u0219te-cu-peste-400-000-in-total-primaria-va-cheltui-aproape-1-2-milioane\">Refacerea Complexului Veteranilor se scumpe\u0219te cu peste 400.000 \u20ac. \u00cen total, Prim\u0103ria va cheltui aproape 1.2 milioane \u20ac<\/h2>\n\n\n\n<p><strong>Lucr\u0103rile pentru refacerea Complexului Veteranilor din Sectorul 6 se va scumpi cu peste 400.000 de euro. Majorarea acestei sume se va vota \u00een \u0219edin\u021ba Consiliului Local Sector 6 din 16 aprilie.<\/strong><\/p>\n\n\n\n<p>Proiectul ar fi trebuit finalizat deja, deoarece lucr\u0103rile au \u00eenceput anul trecut, \u00een prima treime a lunii martie, iar termenul de finalizare era \u00eentre 9 luni \u015fi 1 an. Mai mult, \u00eentr-o&nbsp;<a href=\"https:\/\/www.facebook.com\/PrimariaSectorului6\/posts\/pfbid02H8P4MEjW9zvt5GvxpdgLXcph2gcj3eajBiFEeBJD8utCx5UpwX9xiQogrAP6DJGFl\">postare pe Facebook<\/a>, oficialii Prim\u0103riei Sectorului 6 d\u0103deau ca termen toamna lui 2024.<\/p>\n\n\n\n<p>\u00cen urm\u0103 cu c\u00e2teva zile, primarul Sectorului 6, Ciprian Ciucu, a revenit cu un nou termen de finalizare a lucr\u0103rilor.<\/p>\n\n\n\n<blockquote class=\"wp-block-quote is-layout-flow wp-block-quote-is-layout-flow\">\n<p>\u201e<a><\/a>Lucr\u0103rile se apropie de final, sper ca p\u00e2n\u0103 la 1 mai s\u0103 fie gata.<\/p>\n\n\n\n<p>A durat mai mult din cauza lipsei propriet\u0103\u021bii. Noi am mo\u0219tenit o gr\u0103mad\u0103 de astfel de construc\u021bii, care nu au fost intabulate sau care au fost privatizate \u00een mod neclar \u0219i, p\u00e2n\u0103 am reu\u0219it s\u0103 intabul\u0103m, s\u0103 mergem la Cadastru, am f\u0103cut un efort formidabil pentru a reu\u0219i s\u0103 demonstr\u0103m c\u0103 acest teren apar\u021bine Municipiului Bucure\u0219ti.<\/p>\n\n\n\n<p>Abia dup\u0103 am putut s\u0103 emit autoriza\u021bia de construire\u201dciprian ciucu<\/p>\n<\/blockquote>\n\n\n\n<p>De altfel, la final de martie, complexul a fost acoperit, \u00eenchis \u015fi compartimentat. Pe data de 27, oficialii spuneau c\u0103 muncitorii placheaz\u0103 pere\u021bii cu rigips rezistent la foc, iar echipa de electricieni lucreaz\u0103 la sistemul electric. Urmeaz\u0103 finisajele.<\/p>\n\n\n\n<p><strong>CITE\u0218TE \u0218I:<\/strong> <a href=\"https:\/\/buletin.de\/bucuresti\/statia-soseaua-stefan-cel-mare\/\">Sta\u021bia \u201e\u0218oseaua \u0218tefan cel Mare\u201d va fi reamplasat\u0103 de luni, 14 aprilie<\/a><\/p>\n","protected":false},"excerpt":{"rendered":"<p>O licita\u021bie public\u0103 ar putea fi organizat\u0103, pentru \u00eenchirierea a 27 de spa\u021bii comerciale din pie\u021be, pe raza Sectorului 6. Proiectul intr\u0103 \u00een dezbaterea Consiliului Local, din 16 aprilie. Update 16 aprilie: Proiectul a fost adoptat cu unanimitate. Spa\u021biile care la momentul adopt\u0103rii proiectului sunt \u00eenchiriate, vor fi scoase la licita\u021bie dup\u0103 \u00eencetarea contractelor de [&hellip;]<\/p>\n","protected":false},"author":49,"featured_media":126251,"comment_status":"closed","ping_status":"open","sticky":false,"template":"","format":"standard","meta":{"_acf_changed":false,"inline_featured_image":false,"ngg_post_thumbnail":0,"footnotes":""},"categories":[6994,24,62],"tags":[20577,20581,3659,8724],"ppma_author":[22574],"class_list":["post-126239","post","type-post","status-publish","format-standard","has-post-thumbnail","hentry","category-stiri-2","category-primarie","category-stiri","tag-consiliul-local-6","tag-inchiriere-spatii-comerciale","tag-ps6","tag-spatii-comerciale-2"],"acf":[],"yoast_head":"<!-- This site is optimized with the Yoast SEO Premium plugin v25.3 (Yoast SEO v27.5) - https:\/\/yoast.com\/product\/yoast-seo-premium-wordpress\/ -->\n<title>Sector 6 | \u00cenchirierea a 27 de spa\u021bii comerciale din pie\u021be se dezbate \u00een \u0219edin\u021ba de Consiliu Local din 16 aprilie - Buletin de Bucure\u0219ti<\/title>\n<meta name=\"description\" content=\"O licita\u021bie public\u0103 ar putea fi organizat\u0103, pentru \u00eenchirierea a 27 de spa\u021bii comerciale din pie\u021be, de raza Sectorului 6.\" \/>\n<meta name=\"robots\" content=\"index, follow, max-snippet:-1, max-image-preview:large, max-video-preview:-1\" \/>\n<link rel=\"canonical\" href=\"https:\/\/buletin.de\/bucuresti\/inchirierea-a-27-de-spatii-comerciale\/\" \/>\n<meta property=\"og:locale\" content=\"en_GB\" \/>\n<meta property=\"og:type\" content=\"article\" \/>\n<meta property=\"og:title\" content=\"Sector 6 | \u00cenchirierea a 27 de spa\u021bii comerciale din pie\u021be se dezbate \u00een \u0219edin\u021ba de Consiliu Local din 16 aprilie\" \/>\n<meta property=\"og:description\" content=\"O licita\u021bie public\u0103 ar putea fi organizat\u0103, pentru \u00eenchirierea a 27 de spa\u021bii comerciale din pie\u021be, de raza Sectorului 6.\" \/>\n<meta property=\"og:url\" content=\"https:\/\/buletin.de\/bucuresti\/inchirierea-a-27-de-spatii-comerciale\/\" \/>\n<meta property=\"og:site_name\" content=\"Buletin de Bucure\u0219ti\" \/>\n<meta property=\"article:publisher\" content=\"https:\/\/www.facebook.com\/buletin.de.buc\" \/>\n<meta property=\"article:published_time\" content=\"2025-04-13T04:11:00+00:00\" \/>\n<meta property=\"article:modified_time\" content=\"2025-04-16T14:39:04+00:00\" \/>\n<meta property=\"og:image\" content=\"https:\/\/buletin.de\/bucuresti\/wp-content\/uploads\/2025\/04\/481295204_1050759557081981_1944959738849522834_n-2-1.jpg\" \/>\n\t<meta property=\"og:image:width\" content=\"1268\" \/>\n\t<meta property=\"og:image:height\" content=\"960\" \/>\n\t<meta property=\"og:image:type\" content=\"image\/jpeg\" \/>\n<meta name=\"author\" content=\"Diana Matei\" \/>\n<meta name=\"twitter:card\" content=\"summary_large_image\" \/>\n<meta name=\"twitter:label1\" content=\"Written by\" \/>\n\t<meta name=\"twitter:data1\" content=\"Diana Matei\" \/>\n\t<meta name=\"twitter:label2\" content=\"Estimated reading time\" \/>\n\t<meta name=\"twitter:data2\" content=\"2 minutes\" \/>\n<script type=\"application\/ld+json\" class=\"yoast-schema-graph\">{\"@context\":\"https:\\\/\\\/schema.org\",\"@graph\":[{\"@type\":\"Article\",\"@id\":\"https:\\\/\\\/buletin.de\\\/bucuresti\\\/inchirierea-a-27-de-spatii-comerciale\\\/#article\",\"isPartOf\":{\"@id\":\"https:\\\/\\\/buletin.de\\\/bucuresti\\\/inchirierea-a-27-de-spatii-comerciale\\\/\"},\"author\":{\"name\":\"Diana Matei\",\"@id\":\"https:\\\/\\\/buletin.de\\\/bucuresti\\\/#\\\/schema\\\/person\\\/7e46040573290777280a0835d81ea4ea\"},\"headline\":\"Sector 6 | \u00cenchirierea a 27 de spa\u021bii comerciale din pie\u021be se dezbate \u00een \u0219edin\u021ba de Consiliu Local din 16 aprilie\",\"datePublished\":\"2025-04-13T04:11:00+00:00\",\"dateModified\":\"2025-04-16T14:39:04+00:00\",\"mainEntityOfPage\":{\"@id\":\"https:\\\/\\\/buletin.de\\\/bucuresti\\\/inchirierea-a-27-de-spatii-comerciale\\\/\"},\"wordCount\":470,\"publisher\":{\"@id\":\"https:\\\/\\\/buletin.de\\\/bucuresti\\\/#organization\"},\"image\":{\"@id\":\"https:\\\/\\\/buletin.de\\\/bucuresti\\\/inchirierea-a-27-de-spatii-comerciale\\\/#primaryimage\"},\"thumbnailUrl\":\"https:\\\/\\\/buletin.de\\\/bucuresti\\\/wp-content\\\/uploads\\\/2025\\\/04\\\/481295204_1050759557081981_1944959738849522834_n-2-1.jpg\",\"keywords\":[\"Consiliul Local 6\",\"inchiriere spatii comerciale\",\"PS6\",\"spa\u021bii comerciale\"],\"articleSection\":[\"Articole\",\"Prim\u0103rie\",\"\u0218tiri\"],\"inLanguage\":\"en-GB\",\"copyrightYear\":\"2025\",\"copyrightHolder\":{\"@id\":\"https:\\\/\\\/buletin.de\\\/bucuresti\\\/#organization\"}},{\"@type\":\"WebPage\",\"@id\":\"https:\\\/\\\/buletin.de\\\/bucuresti\\\/inchirierea-a-27-de-spatii-comerciale\\\/\",\"url\":\"https:\\\/\\\/buletin.de\\\/bucuresti\\\/inchirierea-a-27-de-spatii-comerciale\\\/\",\"name\":\"Sector 6 | \u00cenchirierea a 27 de spa\u021bii comerciale din pie\u021be se dezbate \u00een \u0219edin\u021ba de Consiliu Local din 16 aprilie - Buletin de Bucure\u0219ti\",\"isPartOf\":{\"@id\":\"https:\\\/\\\/buletin.de\\\/bucuresti\\\/#website\"},\"primaryImageOfPage\":{\"@id\":\"https:\\\/\\\/buletin.de\\\/bucuresti\\\/inchirierea-a-27-de-spatii-comerciale\\\/#primaryimage\"},\"image\":{\"@id\":\"https:\\\/\\\/buletin.de\\\/bucuresti\\\/inchirierea-a-27-de-spatii-comerciale\\\/#primaryimage\"},\"thumbnailUrl\":\"https:\\\/\\\/buletin.de\\\/bucuresti\\\/wp-content\\\/uploads\\\/2025\\\/04\\\/481295204_1050759557081981_1944959738849522834_n-2-1.jpg\",\"datePublished\":\"2025-04-13T04:11:00+00:00\",\"dateModified\":\"2025-04-16T14:39:04+00:00\",\"description\":\"O licita\u021bie public\u0103 ar putea fi organizat\u0103, pentru \u00eenchirierea a 27 de spa\u021bii comerciale din pie\u021be, de raza Sectorului 6.\",\"breadcrumb\":{\"@id\":\"https:\\\/\\\/buletin.de\\\/bucuresti\\\/inchirierea-a-27-de-spatii-comerciale\\\/#breadcrumb\"},\"inLanguage\":\"en-GB\",\"potentialAction\":[{\"@type\":\"ReadAction\",\"target\":[\"https:\\\/\\\/buletin.de\\\/bucuresti\\\/inchirierea-a-27-de-spatii-comerciale\\\/\"]}]},{\"@type\":\"ImageObject\",\"inLanguage\":\"en-GB\",\"@id\":\"https:\\\/\\\/buletin.de\\\/bucuresti\\\/inchirierea-a-27-de-spatii-comerciale\\\/#primaryimage\",\"url\":\"https:\\\/\\\/buletin.de\\\/bucuresti\\\/wp-content\\\/uploads\\\/2025\\\/04\\\/481295204_1050759557081981_1944959738849522834_n-2-1.jpg\",\"contentUrl\":\"https:\\\/\\\/buletin.de\\\/bucuresti\\\/wp-content\\\/uploads\\\/2025\\\/04\\\/481295204_1050759557081981_1944959738849522834_n-2-1.jpg\",\"width\":1268,\"height\":960,\"caption\":\"Sector 6 | \u00cenchirierea a 27 de spa\u021bii comerciale din pie\u021be se dezbate \u00een \u0219edin\u021ba de Consiliul Local din 16 aprilie. FOTO: PS6\"},{\"@type\":\"BreadcrumbList\",\"@id\":\"https:\\\/\\\/buletin.de\\\/bucuresti\\\/inchirierea-a-27-de-spatii-comerciale\\\/#breadcrumb\",\"itemListElement\":[{\"@type\":\"ListItem\",\"position\":1,\"name\":\"Acas\u0103\",\"item\":\"https:\\\/\\\/buletin.de\\\/bucuresti\\\/\"},{\"@type\":\"ListItem\",\"position\":2,\"name\":\"Sector 6 | \u00cenchirierea a 27 de spa\u021bii comerciale din pie\u021be se dezbate \u00een \u0219edin\u021ba de Consiliu Local din 16 aprilie\"}]},{\"@type\":\"WebSite\",\"@id\":\"https:\\\/\\\/buletin.de\\\/bucuresti\\\/#website\",\"url\":\"https:\\\/\\\/buletin.de\\\/bucuresti\\\/\",\"name\":\"Buletin de Bucure\u0219ti\",\"description\":\"\u0218tiri \u0219i investiga\u021bii esen\u021biale din capital\u0103\",\"publisher\":{\"@id\":\"https:\\\/\\\/buletin.de\\\/bucuresti\\\/#organization\"},\"potentialAction\":[{\"@type\":\"SearchAction\",\"target\":{\"@type\":\"EntryPoint\",\"urlTemplate\":\"https:\\\/\\\/buletin.de\\\/bucuresti\\\/?s={search_term_string}\"},\"query-input\":{\"@type\":\"PropertyValueSpecification\",\"valueRequired\":true,\"valueName\":\"search_term_string\"}}],\"inLanguage\":\"en-GB\"},{\"@type\":\"Organization\",\"@id\":\"https:\\\/\\\/buletin.de\\\/bucuresti\\\/#organization\",\"name\":\"Buletin de Bucure\u0219ti\",\"url\":\"https:\\\/\\\/buletin.de\\\/bucuresti\\\/\",\"logo\":{\"@type\":\"ImageObject\",\"inLanguage\":\"en-GB\",\"@id\":\"https:\\\/\\\/buletin.de\\\/bucuresti\\\/#\\\/schema\\\/logo\\\/image\\\/\",\"url\":\"https:\\\/\\\/buletin.de\\\/bucuresti\\\/wp-content\\\/uploads\\\/logo-bdb-full-wide-vernil-transparent.png\",\"contentUrl\":\"https:\\\/\\\/buletin.de\\\/bucuresti\\\/wp-content\\\/uploads\\\/logo-bdb-full-wide-vernil-transparent.png\",\"width\":1782,\"height\":626,\"caption\":\"Buletin de Bucure\u0219ti\"},\"image\":{\"@id\":\"https:\\\/\\\/buletin.de\\\/bucuresti\\\/#\\\/schema\\\/logo\\\/image\\\/\"},\"sameAs\":[\"https:\\\/\\\/www.facebook.com\\\/buletin.de.buc\",\"https:\\\/\\\/www.instagram.com\\\/buletinde.bucuresti\\\/\"]},{\"@type\":\"Person\",\"@id\":\"https:\\\/\\\/buletin.de\\\/bucuresti\\\/#\\\/schema\\\/person\\\/7e46040573290777280a0835d81ea4ea\",\"name\":\"Diana Matei\",\"image\":{\"@type\":\"ImageObject\",\"inLanguage\":\"en-GB\",\"@id\":\"https:\\\/\\\/buletin.de\\\/bucuresti\\\/wp-content\\\/uploads\\\/9-2-96x96.jpg1e8590b30871d70e62ebcdaf2eff570c\",\"url\":\"https:\\\/\\\/buletin.de\\\/bucuresti\\\/wp-content\\\/uploads\\\/9-2-96x96.jpg\",\"contentUrl\":\"https:\\\/\\\/buletin.de\\\/bucuresti\\\/wp-content\\\/uploads\\\/9-2-96x96.jpg\",\"caption\":\"Diana Matei\"},\"url\":\"https:\\\/\\\/buletin.de\\\/bucuresti\\\/author\\\/dianamatei\\\/\"}]}<\/script>\n<!-- \/ Yoast SEO Premium plugin. -->","yoast_head_json":{"title":"Sector 6 | \u00cenchirierea a 27 de spa\u021bii comerciale din pie\u021be se dezbate \u00een \u0219edin\u021ba de Consiliu Local din 16 aprilie - Buletin de Bucure\u0219ti","description":"O licita\u021bie public\u0103 ar putea fi organizat\u0103, pentru \u00eenchirierea a 27 de spa\u021bii comerciale din pie\u021be, de raza Sectorului 6.","robots":{"index":"index","follow":"follow","max-snippet":"max-snippet:-1","max-image-preview":"max-image-preview:large","max-video-preview":"max-video-preview:-1"},"canonical":"https:\/\/buletin.de\/bucuresti\/inchirierea-a-27-de-spatii-comerciale\/","og_locale":"en_GB","og_type":"article","og_title":"Sector 6 | \u00cenchirierea a 27 de spa\u021bii comerciale din pie\u021be se dezbate \u00een \u0219edin\u021ba de Consiliu Local din 16 aprilie","og_description":"O licita\u021bie public\u0103 ar putea fi organizat\u0103, pentru \u00eenchirierea a 27 de spa\u021bii comerciale din pie\u021be, de raza Sectorului 6.","og_url":"https:\/\/buletin.de\/bucuresti\/inchirierea-a-27-de-spatii-comerciale\/","og_site_name":"Buletin de Bucure\u0219ti","article_publisher":"https:\/\/www.facebook.com\/buletin.de.buc","article_published_time":"2025-04-13T04:11:00+00:00","article_modified_time":"2025-04-16T14:39:04+00:00","og_image":[{"width":1268,"height":960,"url":"https:\/\/buletin.de\/bucuresti\/wp-content\/uploads\/2025\/04\/481295204_1050759557081981_1944959738849522834_n-2-1.jpg","type":"image\/jpeg"}],"author":"Diana Matei","twitter_card":"summary_large_image","twitter_misc":{"Written by":"Diana Matei","Estimated reading time":"2 minutes"},"schema":{"@context":"https:\/\/schema.org","@graph":[{"@type":"Article","@id":"https:\/\/buletin.de\/bucuresti\/inchirierea-a-27-de-spatii-comerciale\/#article","isPartOf":{"@id":"https:\/\/buletin.de\/bucuresti\/inchirierea-a-27-de-spatii-comerciale\/"},"author":{"name":"Diana Matei","@id":"https:\/\/buletin.de\/bucuresti\/#\/schema\/person\/7e46040573290777280a0835d81ea4ea"},"headline":"Sector 6 | \u00cenchirierea a 27 de spa\u021bii comerciale din pie\u021be se dezbate \u00een \u0219edin\u021ba de Consiliu Local din 16 aprilie","datePublished":"2025-04-13T04:11:00+00:00","dateModified":"2025-04-16T14:39:04+00:00","mainEntityOfPage":{"@id":"https:\/\/buletin.de\/bucuresti\/inchirierea-a-27-de-spatii-comerciale\/"},"wordCount":470,"publisher":{"@id":"https:\/\/buletin.de\/bucuresti\/#organization"},"image":{"@id":"https:\/\/buletin.de\/bucuresti\/inchirierea-a-27-de-spatii-comerciale\/#primaryimage"},"thumbnailUrl":"https:\/\/buletin.de\/bucuresti\/wp-content\/uploads\/2025\/04\/481295204_1050759557081981_1944959738849522834_n-2-1.jpg","keywords":["Consiliul Local 6","inchiriere spatii comerciale","PS6","spa\u021bii comerciale"],"articleSection":["Articole","Prim\u0103rie","\u0218tiri"],"inLanguage":"en-GB","copyrightYear":"2025","copyrightHolder":{"@id":"https:\/\/buletin.de\/bucuresti\/#organization"}},{"@type":"WebPage","@id":"https:\/\/buletin.de\/bucuresti\/inchirierea-a-27-de-spatii-comerciale\/","url":"https:\/\/buletin.de\/bucuresti\/inchirierea-a-27-de-spatii-comerciale\/","name":"Sector 6 | \u00cenchirierea a 27 de spa\u021bii comerciale din pie\u021be se dezbate \u00een \u0219edin\u021ba de Consiliu Local din 16 aprilie - Buletin de Bucure\u0219ti","isPartOf":{"@id":"https:\/\/buletin.de\/bucuresti\/#website"},"primaryImageOfPage":{"@id":"https:\/\/buletin.de\/bucuresti\/inchirierea-a-27-de-spatii-comerciale\/#primaryimage"},"image":{"@id":"https:\/\/buletin.de\/bucuresti\/inchirierea-a-27-de-spatii-comerciale\/#primaryimage"},"thumbnailUrl":"https:\/\/buletin.de\/bucuresti\/wp-content\/uploads\/2025\/04\/481295204_1050759557081981_1944959738849522834_n-2-1.jpg","datePublished":"2025-04-13T04:11:00+00:00","dateModified":"2025-04-16T14:39:04+00:00","description":"O licita\u021bie public\u0103 ar putea fi organizat\u0103, pentru \u00eenchirierea a 27 de spa\u021bii comerciale din pie\u021be, de raza Sectorului 6.","breadcrumb":{"@id":"https:\/\/buletin.de\/bucuresti\/inchirierea-a-27-de-spatii-comerciale\/#breadcrumb"},"inLanguage":"en-GB","potentialAction":[{"@type":"ReadAction","target":["https:\/\/buletin.de\/bucuresti\/inchirierea-a-27-de-spatii-comerciale\/"]}]},{"@type":"ImageObject","inLanguage":"en-GB","@id":"https:\/\/buletin.de\/bucuresti\/inchirierea-a-27-de-spatii-comerciale\/#primaryimage","url":"https:\/\/buletin.de\/bucuresti\/wp-content\/uploads\/2025\/04\/481295204_1050759557081981_1944959738849522834_n-2-1.jpg","contentUrl":"https:\/\/buletin.de\/bucuresti\/wp-content\/uploads\/2025\/04\/481295204_1050759557081981_1944959738849522834_n-2-1.jpg","width":1268,"height":960,"caption":"Sector 6 | \u00cenchirierea a 27 de spa\u021bii comerciale din pie\u021be se dezbate \u00een \u0219edin\u021ba de Consiliul Local din 16 aprilie. FOTO: PS6"},{"@type":"BreadcrumbList","@id":"https:\/\/buletin.de\/bucuresti\/inchirierea-a-27-de-spatii-comerciale\/#breadcrumb","itemListElement":[{"@type":"ListItem","position":1,"name":"Acas\u0103","item":"https:\/\/buletin.de\/bucuresti\/"},{"@type":"ListItem","position":2,"name":"Sector 6 | \u00cenchirierea a 27 de spa\u021bii comerciale din pie\u021be se dezbate \u00een \u0219edin\u021ba de Consiliu Local din 16 aprilie"}]},{"@type":"WebSite","@id":"https:\/\/buletin.de\/bucuresti\/#website","url":"https:\/\/buletin.de\/bucuresti\/","name":"Buletin de Bucure\u0219ti","description":"\u0218tiri \u0219i investiga\u021bii esen\u021biale din capital\u0103","publisher":{"@id":"https:\/\/buletin.de\/bucuresti\/#organization"},"potentialAction":[{"@type":"SearchAction","target":{"@type":"EntryPoint","urlTemplate":"https:\/\/buletin.de\/bucuresti\/?s={search_term_string}"},"query-input":{"@type":"PropertyValueSpecification","valueRequired":true,"valueName":"search_term_string"}}],"inLanguage":"en-GB"},{"@type":"Organization","@id":"https:\/\/buletin.de\/bucuresti\/#organization","name":"Buletin de Bucure\u0219ti","url":"https:\/\/buletin.de\/bucuresti\/","logo":{"@type":"ImageObject","inLanguage":"en-GB","@id":"https:\/\/buletin.de\/bucuresti\/#\/schema\/logo\/image\/","url":"https:\/\/buletin.de\/bucuresti\/wp-content\/uploads\/logo-bdb-full-wide-vernil-transparent.png","contentUrl":"https:\/\/buletin.de\/bucuresti\/wp-content\/uploads\/logo-bdb-full-wide-vernil-transparent.png","width":1782,"height":626,"caption":"Buletin de Bucure\u0219ti"},"image":{"@id":"https:\/\/buletin.de\/bucuresti\/#\/schema\/logo\/image\/"},"sameAs":["https:\/\/www.facebook.com\/buletin.de.buc","https:\/\/www.instagram.com\/buletinde.bucuresti\/"]},{"@type":"Person","@id":"https:\/\/buletin.de\/bucuresti\/#\/schema\/person\/7e46040573290777280a0835d81ea4ea","name":"Diana Matei","image":{"@type":"ImageObject","inLanguage":"en-GB","@id":"https:\/\/buletin.de\/bucuresti\/wp-content\/uploads\/9-2-96x96.jpg1e8590b30871d70e62ebcdaf2eff570c","url":"https:\/\/buletin.de\/bucuresti\/wp-content\/uploads\/9-2-96x96.jpg","contentUrl":"https:\/\/buletin.de\/bucuresti\/wp-content\/uploads\/9-2-96x96.jpg","caption":"Diana Matei"},"url":"https:\/\/buletin.de\/bucuresti\/author\/dianamatei\/"}]}},"authors":[{"term_id":22574,"user_id":49,"is_guest":0,"slug":"dianamatei","display_name":"Diana Matei","avatar_url":"https:\/\/buletin.de\/bucuresti\/wp-content\/uploads\/9-2-96x96.jpg","0":null,"1":"","2":"","3":"","4":"","5":"","6":"","7":"","8":""}],"_links":{"self":[{"href":"https:\/\/buletin.de\/bucuresti\/wp-json\/wp\/v2\/posts\/126239","targetHints":{"allow":["GET"]}}],"collection":[{"href":"https:\/\/buletin.de\/bucuresti\/wp-json\/wp\/v2\/posts"}],"about":[{"href":"https:\/\/buletin.de\/bucuresti\/wp-json\/wp\/v2\/types\/post"}],"author":[{"embeddable":true,"href":"https:\/\/buletin.de\/bucuresti\/wp-json\/wp\/v2\/users\/49"}],"replies":[{"embeddable":true,"href":"https:\/\/buletin.de\/bucuresti\/wp-json\/wp\/v2\/comments?post=126239"}],"version-history":[{"count":3,"href":"https:\/\/buletin.de\/bucuresti\/wp-json\/wp\/v2\/posts\/126239\/revisions"}],"predecessor-version":[{"id":126668,"href":"https:\/\/buletin.de\/bucuresti\/wp-json\/wp\/v2\/posts\/126239\/revisions\/126668"}],"wp:featuredmedia":[{"embeddable":true,"href":"https:\/\/buletin.de\/bucuresti\/wp-json\/wp\/v2\/media\/126251"}],"wp:attachment":[{"href":"https:\/\/buletin.de\/bucuresti\/wp-json\/wp\/v2\/media?parent=126239"}],"wp:term":[{"taxonomy":"category","embeddable":true,"href":"https:\/\/buletin.de\/bucuresti\/wp-json\/wp\/v2\/categories?post=126239"},{"taxonomy":"post_tag","embeddable":true,"href":"https:\/\/buletin.de\/bucuresti\/wp-json\/wp\/v2\/tags?post=126239"},{"taxonomy":"author","embeddable":true,"href":"https:\/\/buletin.de\/bucuresti\/wp-json\/wp\/v2\/ppma_author?post=126239"}],"curies":[{"name":"wp","href":"https:\/\/api.w.org\/{rel}","templated":true}]}}