{"id":126220,"date":"2025-04-12T13:13:25","date_gmt":"2025-04-12T10:13:25","guid":{"rendered":"https:\/\/buletin.de\/bucuresti\/?p=126220"},"modified":"2025-04-12T13:13:25","modified_gmt":"2025-04-12T10:13:25","slug":"expozitia-abracadbra-secretele-magiei-ramane-deschisa","status":"publish","type":"post","link":"https:\/\/buletin.de\/bucuresti\/expozitia-abracadbra-secretele-magiei-ramane-deschisa\/","title":{"rendered":"Expozi\u021bia\u00a0\u201eABRACADABRA \u2013 Secretele magiei\u201d r\u0103m\u00e2ne deschis\u0103 \u00een vacan\u021ba de Pa\u0219te"},"content":{"rendered":"\n<p><strong>Expozi\u021bia\u00a0\u201eABRACADABRA \u2013 Secretele magiei\u201d r\u0103m\u00e2ne deschis\u0103 \u00een perioada vacan\u0163ei de Pa\u015fte<\/strong>, <strong>\u00eentre 18 \u2013 27 aprilie 2025. Va fi deschis\u0103 zilnic, \u00eentre orele 10:00 \u2013 19:00, cu excep\u021bia zilei de s\u00e2mb\u0103t\u0103, 19 aprilie, c\u00e2nd va putea fi vizitat\u0103, \u00eentre orele 10:00-17:00. Duminic\u0103, 20 aprilie 2025, expozi\u021bia va fi \u00eenchis\u0103.<\/strong><\/p>\n\n\n\n<p>De asemenea, <strong>expozi\u021bia\u00a0\u201eABRACADABRA \u2013 Secretele magiei\u201d r\u0103m\u00e2ne deschis\u0103 p\u00e2n\u0103 pe 31 august, la\u00a0ARCUB \u2013 Hanul Gabroveni. Peste 10.000 de familii \u0219i copii\u00a0i-au trecut deja pragul<\/strong>.<\/p>\n\n\n\n<p>Vizitatorii pot p\u0103trunde \u00een arta iluzionismului printr-un labirint interactiv cu peste 20 de atrac\u021bii spectaculoase, distribuite \u00een 4 zone tematice. Printre acestea se num\u0103r\u0103&nbsp;<strong><em>Patul fachirului<\/em><\/strong><em>,&nbsp;<strong>Cutia cu s\u0103bii<\/strong>,&nbsp;<strong>Portalul Magicianului<\/strong><\/em>&nbsp;\u0219i&nbsp;<strong><em>Scaunele electrice<\/em><\/strong>.<\/p>\n\n\n\n<p><strong>CITE\u0218TE \u0218I:<\/strong> <a href=\"https:\/\/buletin.de\/bucuresti\/musicalul-my-fair-lady-de-frederick-loewe-se-joaca-la-teatrul-national-de-opereta-si-musical-ion-dacian-pe-3-mai\/\">Musicalul \u201eMy Fair Lady\u201d, la Teatrul Na\u021bional de Operet\u0103 \u0219i Musical \u201eIon Dacian\u201d, pe 3 mai<\/a><\/p>\n\n\n\n<div class=\"wp-block-buttons is-content-justification-center is-layout-flex wp-container-core-buttons-is-layout-16018d1d wp-block-buttons-is-layout-flex\">\n<div class=\"wp-block-button has-custom-width wp-block-button__width-100\"><a class=\"wp-block-button__link wp-element-button\" href=\"https:\/\/www.patreon.com\/BuletinDeBucuresti\"><strong>Sus\u021bine Buletin de Bucure\u0219ti pentru investiga\u021bii, reportaje \u0219i \u0219tiri Locale<\/strong><\/a><\/div>\n<\/div>\n\n\n\n<p><strong>&nbsp;<\/strong><br><strong>Spectacole LIVE cu MAGITOT \u0219i invita\u021bii s\u0103i<\/strong><\/p>\n\n\n\n<p>La <strong>expozi\u021bia\u00a0\u201eABRACADABRA \u2013 Secretele magiei\u201d <\/strong>copiii nu vor descoperi numai ce \u00eenseamn\u0103 iluzionismul, ci vor avea parte si de un spectacol live. Fiecare vizitator va avea ocazia s\u0103 participe la un show amuzant de magie, sus\u021binut de celebrul MAGITOT sau de unul dintre invita\u021bii s\u0103i.<br><strong>\u00a0<\/strong><br><strong>Anivers\u0103ri magice pentru copii<\/strong><\/p>\n\n\n\n<p>Pentru cei mici, tainele magiei devin realitate la petrecerile aniversare organizate \u00een cadrul expozi\u021biei. Pachetul aniversar include acces la toate atrac\u021biile interactive, un spectacol de magie live sus\u021binut de MAGITOT sau de invita\u021bii s\u0103i \u0219i o sal\u0103 dotat\u0103 special pentru petreceri. <\/p>\n\n\n\n<p>Capacitatea s\u0103lii este de maximum 40 de persoane, iar durata de utilizare este de 3 ore. Pre\u021bul pachetului aniversar este de 600 lei (tarif \u00eenchiriere sal\u0103) la care se adaug\u0103 costul biletelor achizi\u021bionate pentru participan\u021bi\/invita\u021bii la petrecere (copii \u0219i adul\u021bi). Mai multe detalii sau rezerv\u0103ri la&nbsp;<a href=\"mailto:abracadabra@arcub.ro\">abracadabra@arcub.ro<\/a>.<br><br><strong>Program de vizitare<\/strong><\/p>\n\n\n\n<ul class=\"wp-block-list\">\n<li><strong>Miercuri \u2013 Vineri:<\/strong>&nbsp;12:00 \u2013 19:00 (Ultima intrare: 18:00)<\/li>\n\n\n\n<li><strong>S\u00e2mb\u0103t\u0103 \u2013 Duminic\u0103:<\/strong>&nbsp;10:00 \u2013 19:00 (Ultima intrare: 18:00)<\/li>\n\n\n\n<li><strong>Luni \u0219i Mar\u021bi:<\/strong>&nbsp;\u00cenchis<\/li>\n<\/ul>\n\n\n\n<p><strong>Pre\u021buri bilete<\/strong><\/p>\n\n\n\n<ul class=\"wp-block-list\">\n<li>Adul\u021bi: 70 lei (miercuri-vineri) | 80 lei (weekend)<\/li>\n\n\n\n<li>Copii \u0219i pensionari: 50 lei (miercuri-vineri) | 60 lei (weekend)<\/li>\n\n\n\n<li>Familie (2 adul\u021bi + 1 copil): 160 lei (miercuri-vineri) | 185 lei (weekend)<\/li>\n\n\n\n<li>Familie (2 adul\u021bi + 2 copii): 200 lei (miercuri-vineri) | 230 lei (weekend)<\/li>\n\n\n\n<li>Grupurile \u0219colare de minimum 20 copii: 40 lei\/bilet<\/li>\n\n\n\n<li>Reducere special\u0103 de<strong>&nbsp;20%&nbsp;<\/strong>la biletele achizi\u021bionate pentru&nbsp;<strong>fiecare zi de vineri.<\/strong><\/li>\n<\/ul>\n\n\n\n<p>Mai multe informa\u021bii sunt disponibile pe&nbsp;<a href=\"http:\/\/arcub.ro\/\" target=\"_blank\" rel=\"noreferrer noopener\">arcub.ro<\/a>&nbsp;\u0219i&nbsp;<a href=\"http:\/\/www.abracadabrasecretelemagiei.ro\/\" target=\"_blank\" rel=\"noreferrer noopener\">abracadabrasecretelemagiei.ro<\/a><\/p>\n\n\n\n<p><strong>CITE\u0218TE \u0218I:<\/strong> <a href=\"https:\/\/buletin.de\/bucuresti\/palatul-cotroceni-de-pasti-si-de-florii\/\">Bucure\u0219tenii nu vor putea vizita Palatul Cotroceni de Pa\u0219ti \u0219i de Florii<strong> <\/strong><\/a><\/p>\n\n\n\n<p><\/p>\n","protected":false},"excerpt":{"rendered":"<p>Expozi\u021bia\u00a0\u201eABRACADABRA \u2013 Secretele magiei\u201d r\u0103m\u00e2ne deschis\u0103 \u00een perioada vacan\u0163ei de Pa\u015fte, \u00eentre 18 \u2013 27 aprilie 2025. Va fi deschis\u0103 zilnic, \u00eentre orele 10:00 \u2013 19:00, cu excep\u021bia zilei de s\u00e2mb\u0103t\u0103, 19 aprilie, c\u00e2nd va putea fi vizitat\u0103, \u00eentre orele 10:00-17:00. Duminic\u0103, 20 aprilie 2025, expozi\u021bia va fi \u00eenchis\u0103. De asemenea, expozi\u021bia\u00a0\u201eABRACADABRA \u2013 Secretele magiei\u201d [&hellip;]<\/p>\n","protected":false},"author":49,"featured_media":126227,"comment_status":"closed","ping_status":"open","sticky":false,"template":"","format":"standard","meta":{"_acf_changed":false,"inline_featured_image":false,"ngg_post_thumbnail":0,"footnotes":""},"categories":[6994,62],"tags":[18316,3602,19148,20500,104],"ppma_author":[22574],"class_list":["post-126220","post","type-post","status-publish","format-standard","has-post-thumbnail","hentry","category-stiri-2","category-stiri","tag-abracadabra-secretele-magiei-2","tag-arcub","tag-magitot","tag-my-fair-lady","tag-pmb"],"acf":[],"yoast_head":"<!-- This site is optimized with the Yoast SEO Premium plugin v25.3 (Yoast SEO v27.5) - https:\/\/yoast.com\/product\/yoast-seo-premium-wordpress\/ -->\n<title>Expozi\u021bia\u00a0\u201eABRACADABRA \u2013 Secretele magiei\u201d r\u0103m\u00e2ne deschis\u0103 \u00een vacan\u021ba de Pa\u0219te - Buletin de Bucure\u0219ti<\/title>\n<meta name=\"description\" content=\"Expozi\u021bia\u00a0\u201eABRACADBRA \u2013 Secretele magiei\u201d r\u0103m\u00e2ne deschis\u0103 in perioada vacantei de Paste, \u00eentre 18 \u2013 27 aprilie 2025.\" \/>\n<meta name=\"robots\" content=\"index, follow, max-snippet:-1, max-image-preview:large, max-video-preview:-1\" \/>\n<link rel=\"canonical\" href=\"https:\/\/buletin.de\/bucuresti\/expozitia-abracadbra-secretele-magiei-ramane-deschisa\/\" \/>\n<meta property=\"og:locale\" content=\"en_GB\" \/>\n<meta property=\"og:type\" content=\"article\" \/>\n<meta property=\"og:title\" content=\"Expozi\u021bia\u00a0\u201eABRACADABRA \u2013 Secretele magiei\u201d r\u0103m\u00e2ne deschis\u0103 \u00een vacan\u021ba de Pa\u0219te\" \/>\n<meta property=\"og:description\" content=\"Expozi\u021bia\u00a0\u201eABRACADBRA \u2013 Secretele magiei\u201d r\u0103m\u00e2ne deschis\u0103 in perioada vacantei de Paste, \u00eentre 18 \u2013 27 aprilie 2025.\" \/>\n<meta property=\"og:url\" content=\"https:\/\/buletin.de\/bucuresti\/expozitia-abracadbra-secretele-magiei-ramane-deschisa\/\" \/>\n<meta property=\"og:site_name\" content=\"Buletin de Bucure\u0219ti\" \/>\n<meta property=\"article:publisher\" content=\"https:\/\/www.facebook.com\/buletin.de.buc\" \/>\n<meta property=\"article:published_time\" content=\"2025-04-12T10:13:25+00:00\" \/>\n<meta property=\"og:image\" content=\"https:\/\/buletin.de\/bucuresti\/wp-content\/uploads\/2025\/04\/3706db7e-2cd2-77e0-5ce4-7e3ae9fa0b9f-1600x1200-1.jpg\" \/>\n\t<meta property=\"og:image:width\" content=\"1600\" \/>\n\t<meta property=\"og:image:height\" content=\"1200\" \/>\n\t<meta property=\"og:image:type\" content=\"image\/jpeg\" \/>\n<meta name=\"author\" content=\"Diana Matei\" \/>\n<meta name=\"twitter:card\" content=\"summary_large_image\" \/>\n<meta name=\"twitter:label1\" content=\"Written by\" \/>\n\t<meta name=\"twitter:data1\" content=\"Diana Matei\" \/>\n\t<meta name=\"twitter:label2\" content=\"Estimated reading time\" \/>\n\t<meta name=\"twitter:data2\" content=\"2 minutes\" \/>\n<script type=\"application\/ld+json\" class=\"yoast-schema-graph\">{\"@context\":\"https:\\\/\\\/schema.org\",\"@graph\":[{\"@type\":\"Article\",\"@id\":\"https:\\\/\\\/buletin.de\\\/bucuresti\\\/expozitia-abracadbra-secretele-magiei-ramane-deschisa\\\/#article\",\"isPartOf\":{\"@id\":\"https:\\\/\\\/buletin.de\\\/bucuresti\\\/expozitia-abracadbra-secretele-magiei-ramane-deschisa\\\/\"},\"author\":{\"name\":\"Diana Matei\",\"@id\":\"https:\\\/\\\/buletin.de\\\/bucuresti\\\/#\\\/schema\\\/person\\\/7e46040573290777280a0835d81ea4ea\"},\"headline\":\"Expozi\u021bia\u00a0\u201eABRACADABRA \u2013 Secretele magiei\u201d r\u0103m\u00e2ne deschis\u0103 \u00een vacan\u021ba de Pa\u0219te\",\"datePublished\":\"2025-04-12T10:13:25+00:00\",\"mainEntityOfPage\":{\"@id\":\"https:\\\/\\\/buletin.de\\\/bucuresti\\\/expozitia-abracadbra-secretele-magiei-ramane-deschisa\\\/\"},\"wordCount\":437,\"publisher\":{\"@id\":\"https:\\\/\\\/buletin.de\\\/bucuresti\\\/#organization\"},\"image\":{\"@id\":\"https:\\\/\\\/buletin.de\\\/bucuresti\\\/expozitia-abracadbra-secretele-magiei-ramane-deschisa\\\/#primaryimage\"},\"thumbnailUrl\":\"https:\\\/\\\/buletin.de\\\/bucuresti\\\/wp-content\\\/uploads\\\/2025\\\/04\\\/3706db7e-2cd2-77e0-5ce4-7e3ae9fa0b9f-1600x1200-1.jpg\",\"keywords\":[\"Abracadabra \u2013 Secretele magiei\",\"arcub\",\"MAGITOT\",\"My Fair Lady\",\"pmb\"],\"articleSection\":[\"Articole\",\"\u0218tiri\"],\"inLanguage\":\"en-GB\",\"copyrightYear\":\"2025\",\"copyrightHolder\":{\"@id\":\"https:\\\/\\\/buletin.de\\\/bucuresti\\\/#organization\"}},{\"@type\":\"WebPage\",\"@id\":\"https:\\\/\\\/buletin.de\\\/bucuresti\\\/expozitia-abracadbra-secretele-magiei-ramane-deschisa\\\/\",\"url\":\"https:\\\/\\\/buletin.de\\\/bucuresti\\\/expozitia-abracadbra-secretele-magiei-ramane-deschisa\\\/\",\"name\":\"Expozi\u021bia\u00a0\u201eABRACADABRA \u2013 Secretele magiei\u201d r\u0103m\u00e2ne deschis\u0103 \u00een vacan\u021ba de Pa\u0219te - Buletin de Bucure\u0219ti\",\"isPartOf\":{\"@id\":\"https:\\\/\\\/buletin.de\\\/bucuresti\\\/#website\"},\"primaryImageOfPage\":{\"@id\":\"https:\\\/\\\/buletin.de\\\/bucuresti\\\/expozitia-abracadbra-secretele-magiei-ramane-deschisa\\\/#primaryimage\"},\"image\":{\"@id\":\"https:\\\/\\\/buletin.de\\\/bucuresti\\\/expozitia-abracadbra-secretele-magiei-ramane-deschisa\\\/#primaryimage\"},\"thumbnailUrl\":\"https:\\\/\\\/buletin.de\\\/bucuresti\\\/wp-content\\\/uploads\\\/2025\\\/04\\\/3706db7e-2cd2-77e0-5ce4-7e3ae9fa0b9f-1600x1200-1.jpg\",\"datePublished\":\"2025-04-12T10:13:25+00:00\",\"description\":\"Expozi\u021bia\u00a0\u201eABRACADBRA \u2013 Secretele magiei\u201d r\u0103m\u00e2ne deschis\u0103 in perioada vacantei de Paste, \u00eentre 18 \u2013 27 aprilie 2025.\",\"breadcrumb\":{\"@id\":\"https:\\\/\\\/buletin.de\\\/bucuresti\\\/expozitia-abracadbra-secretele-magiei-ramane-deschisa\\\/#breadcrumb\"},\"inLanguage\":\"en-GB\",\"potentialAction\":[{\"@type\":\"ReadAction\",\"target\":[\"https:\\\/\\\/buletin.de\\\/bucuresti\\\/expozitia-abracadbra-secretele-magiei-ramane-deschisa\\\/\"]}]},{\"@type\":\"ImageObject\",\"inLanguage\":\"en-GB\",\"@id\":\"https:\\\/\\\/buletin.de\\\/bucuresti\\\/expozitia-abracadbra-secretele-magiei-ramane-deschisa\\\/#primaryimage\",\"url\":\"https:\\\/\\\/buletin.de\\\/bucuresti\\\/wp-content\\\/uploads\\\/2025\\\/04\\\/3706db7e-2cd2-77e0-5ce4-7e3ae9fa0b9f-1600x1200-1.jpg\",\"contentUrl\":\"https:\\\/\\\/buletin.de\\\/bucuresti\\\/wp-content\\\/uploads\\\/2025\\\/04\\\/3706db7e-2cd2-77e0-5ce4-7e3ae9fa0b9f-1600x1200-1.jpg\",\"width\":1600,\"height\":1200,\"caption\":\"Expozi\u021bia\u00a0\u201eABRACADBRA \u2013 Secretele magiei\u201d se poate vizita \u00een vacan\u021ba de Pa\u0219te. FOTO: ARCUB\"},{\"@type\":\"BreadcrumbList\",\"@id\":\"https:\\\/\\\/buletin.de\\\/bucuresti\\\/expozitia-abracadbra-secretele-magiei-ramane-deschisa\\\/#breadcrumb\",\"itemListElement\":[{\"@type\":\"ListItem\",\"position\":1,\"name\":\"Acas\u0103\",\"item\":\"https:\\\/\\\/buletin.de\\\/bucuresti\\\/\"},{\"@type\":\"ListItem\",\"position\":2,\"name\":\"Expozi\u021bia\u00a0\u201eABRACADABRA \u2013 Secretele magiei\u201d r\u0103m\u00e2ne deschis\u0103 \u00een vacan\u021ba de Pa\u0219te\"}]},{\"@type\":\"WebSite\",\"@id\":\"https:\\\/\\\/buletin.de\\\/bucuresti\\\/#website\",\"url\":\"https:\\\/\\\/buletin.de\\\/bucuresti\\\/\",\"name\":\"Buletin de Bucure\u0219ti\",\"description\":\"\u0218tiri \u0219i investiga\u021bii esen\u021biale din capital\u0103\",\"publisher\":{\"@id\":\"https:\\\/\\\/buletin.de\\\/bucuresti\\\/#organization\"},\"potentialAction\":[{\"@type\":\"SearchAction\",\"target\":{\"@type\":\"EntryPoint\",\"urlTemplate\":\"https:\\\/\\\/buletin.de\\\/bucuresti\\\/?s={search_term_string}\"},\"query-input\":{\"@type\":\"PropertyValueSpecification\",\"valueRequired\":true,\"valueName\":\"search_term_string\"}}],\"inLanguage\":\"en-GB\"},{\"@type\":\"Organization\",\"@id\":\"https:\\\/\\\/buletin.de\\\/bucuresti\\\/#organization\",\"name\":\"Buletin de Bucure\u0219ti\",\"url\":\"https:\\\/\\\/buletin.de\\\/bucuresti\\\/\",\"logo\":{\"@type\":\"ImageObject\",\"inLanguage\":\"en-GB\",\"@id\":\"https:\\\/\\\/buletin.de\\\/bucuresti\\\/#\\\/schema\\\/logo\\\/image\\\/\",\"url\":\"https:\\\/\\\/buletin.de\\\/bucuresti\\\/wp-content\\\/uploads\\\/logo-bdb-full-wide-vernil-transparent.png\",\"contentUrl\":\"https:\\\/\\\/buletin.de\\\/bucuresti\\\/wp-content\\\/uploads\\\/logo-bdb-full-wide-vernil-transparent.png\",\"width\":1782,\"height\":626,\"caption\":\"Buletin de Bucure\u0219ti\"},\"image\":{\"@id\":\"https:\\\/\\\/buletin.de\\\/bucuresti\\\/#\\\/schema\\\/logo\\\/image\\\/\"},\"sameAs\":[\"https:\\\/\\\/www.facebook.com\\\/buletin.de.buc\",\"https:\\\/\\\/www.instagram.com\\\/buletinde.bucuresti\\\/\"]},{\"@type\":\"Person\",\"@id\":\"https:\\\/\\\/buletin.de\\\/bucuresti\\\/#\\\/schema\\\/person\\\/7e46040573290777280a0835d81ea4ea\",\"name\":\"Diana Matei\",\"image\":{\"@type\":\"ImageObject\",\"inLanguage\":\"en-GB\",\"@id\":\"https:\\\/\\\/buletin.de\\\/bucuresti\\\/wp-content\\\/uploads\\\/9-2-96x96.jpg1e8590b30871d70e62ebcdaf2eff570c\",\"url\":\"https:\\\/\\\/buletin.de\\\/bucuresti\\\/wp-content\\\/uploads\\\/9-2-96x96.jpg\",\"contentUrl\":\"https:\\\/\\\/buletin.de\\\/bucuresti\\\/wp-content\\\/uploads\\\/9-2-96x96.jpg\",\"caption\":\"Diana Matei\"},\"url\":\"https:\\\/\\\/buletin.de\\\/bucuresti\\\/author\\\/dianamatei\\\/\"}]}<\/script>\n<!-- \/ Yoast SEO Premium plugin. -->","yoast_head_json":{"title":"Expozi\u021bia\u00a0\u201eABRACADABRA \u2013 Secretele magiei\u201d r\u0103m\u00e2ne deschis\u0103 \u00een vacan\u021ba de Pa\u0219te - Buletin de Bucure\u0219ti","description":"Expozi\u021bia\u00a0\u201eABRACADBRA \u2013 Secretele magiei\u201d r\u0103m\u00e2ne deschis\u0103 in perioada vacantei de Paste, \u00eentre 18 \u2013 27 aprilie 2025.","robots":{"index":"index","follow":"follow","max-snippet":"max-snippet:-1","max-image-preview":"max-image-preview:large","max-video-preview":"max-video-preview:-1"},"canonical":"https:\/\/buletin.de\/bucuresti\/expozitia-abracadbra-secretele-magiei-ramane-deschisa\/","og_locale":"en_GB","og_type":"article","og_title":"Expozi\u021bia\u00a0\u201eABRACADABRA \u2013 Secretele magiei\u201d r\u0103m\u00e2ne deschis\u0103 \u00een vacan\u021ba de Pa\u0219te","og_description":"Expozi\u021bia\u00a0\u201eABRACADBRA \u2013 Secretele magiei\u201d r\u0103m\u00e2ne deschis\u0103 in perioada vacantei de Paste, \u00eentre 18 \u2013 27 aprilie 2025.","og_url":"https:\/\/buletin.de\/bucuresti\/expozitia-abracadbra-secretele-magiei-ramane-deschisa\/","og_site_name":"Buletin de Bucure\u0219ti","article_publisher":"https:\/\/www.facebook.com\/buletin.de.buc","article_published_time":"2025-04-12T10:13:25+00:00","og_image":[{"width":1600,"height":1200,"url":"https:\/\/buletin.de\/bucuresti\/wp-content\/uploads\/2025\/04\/3706db7e-2cd2-77e0-5ce4-7e3ae9fa0b9f-1600x1200-1.jpg","type":"image\/jpeg"}],"author":"Diana Matei","twitter_card":"summary_large_image","twitter_misc":{"Written by":"Diana Matei","Estimated reading time":"2 minutes"},"schema":{"@context":"https:\/\/schema.org","@graph":[{"@type":"Article","@id":"https:\/\/buletin.de\/bucuresti\/expozitia-abracadbra-secretele-magiei-ramane-deschisa\/#article","isPartOf":{"@id":"https:\/\/buletin.de\/bucuresti\/expozitia-abracadbra-secretele-magiei-ramane-deschisa\/"},"author":{"name":"Diana Matei","@id":"https:\/\/buletin.de\/bucuresti\/#\/schema\/person\/7e46040573290777280a0835d81ea4ea"},"headline":"Expozi\u021bia\u00a0\u201eABRACADABRA \u2013 Secretele magiei\u201d r\u0103m\u00e2ne deschis\u0103 \u00een vacan\u021ba de Pa\u0219te","datePublished":"2025-04-12T10:13:25+00:00","mainEntityOfPage":{"@id":"https:\/\/buletin.de\/bucuresti\/expozitia-abracadbra-secretele-magiei-ramane-deschisa\/"},"wordCount":437,"publisher":{"@id":"https:\/\/buletin.de\/bucuresti\/#organization"},"image":{"@id":"https:\/\/buletin.de\/bucuresti\/expozitia-abracadbra-secretele-magiei-ramane-deschisa\/#primaryimage"},"thumbnailUrl":"https:\/\/buletin.de\/bucuresti\/wp-content\/uploads\/2025\/04\/3706db7e-2cd2-77e0-5ce4-7e3ae9fa0b9f-1600x1200-1.jpg","keywords":["Abracadabra \u2013 Secretele magiei","arcub","MAGITOT","My Fair Lady","pmb"],"articleSection":["Articole","\u0218tiri"],"inLanguage":"en-GB","copyrightYear":"2025","copyrightHolder":{"@id":"https:\/\/buletin.de\/bucuresti\/#organization"}},{"@type":"WebPage","@id":"https:\/\/buletin.de\/bucuresti\/expozitia-abracadbra-secretele-magiei-ramane-deschisa\/","url":"https:\/\/buletin.de\/bucuresti\/expozitia-abracadbra-secretele-magiei-ramane-deschisa\/","name":"Expozi\u021bia\u00a0\u201eABRACADABRA \u2013 Secretele magiei\u201d r\u0103m\u00e2ne deschis\u0103 \u00een vacan\u021ba de Pa\u0219te - Buletin de Bucure\u0219ti","isPartOf":{"@id":"https:\/\/buletin.de\/bucuresti\/#website"},"primaryImageOfPage":{"@id":"https:\/\/buletin.de\/bucuresti\/expozitia-abracadbra-secretele-magiei-ramane-deschisa\/#primaryimage"},"image":{"@id":"https:\/\/buletin.de\/bucuresti\/expozitia-abracadbra-secretele-magiei-ramane-deschisa\/#primaryimage"},"thumbnailUrl":"https:\/\/buletin.de\/bucuresti\/wp-content\/uploads\/2025\/04\/3706db7e-2cd2-77e0-5ce4-7e3ae9fa0b9f-1600x1200-1.jpg","datePublished":"2025-04-12T10:13:25+00:00","description":"Expozi\u021bia\u00a0\u201eABRACADBRA \u2013 Secretele magiei\u201d r\u0103m\u00e2ne deschis\u0103 in perioada vacantei de Paste, \u00eentre 18 \u2013 27 aprilie 2025.","breadcrumb":{"@id":"https:\/\/buletin.de\/bucuresti\/expozitia-abracadbra-secretele-magiei-ramane-deschisa\/#breadcrumb"},"inLanguage":"en-GB","potentialAction":[{"@type":"ReadAction","target":["https:\/\/buletin.de\/bucuresti\/expozitia-abracadbra-secretele-magiei-ramane-deschisa\/"]}]},{"@type":"ImageObject","inLanguage":"en-GB","@id":"https:\/\/buletin.de\/bucuresti\/expozitia-abracadbra-secretele-magiei-ramane-deschisa\/#primaryimage","url":"https:\/\/buletin.de\/bucuresti\/wp-content\/uploads\/2025\/04\/3706db7e-2cd2-77e0-5ce4-7e3ae9fa0b9f-1600x1200-1.jpg","contentUrl":"https:\/\/buletin.de\/bucuresti\/wp-content\/uploads\/2025\/04\/3706db7e-2cd2-77e0-5ce4-7e3ae9fa0b9f-1600x1200-1.jpg","width":1600,"height":1200,"caption":"Expozi\u021bia\u00a0\u201eABRACADBRA \u2013 Secretele magiei\u201d se poate vizita \u00een vacan\u021ba de Pa\u0219te. FOTO: ARCUB"},{"@type":"BreadcrumbList","@id":"https:\/\/buletin.de\/bucuresti\/expozitia-abracadbra-secretele-magiei-ramane-deschisa\/#breadcrumb","itemListElement":[{"@type":"ListItem","position":1,"name":"Acas\u0103","item":"https:\/\/buletin.de\/bucuresti\/"},{"@type":"ListItem","position":2,"name":"Expozi\u021bia\u00a0\u201eABRACADABRA \u2013 Secretele magiei\u201d r\u0103m\u00e2ne deschis\u0103 \u00een vacan\u021ba de Pa\u0219te"}]},{"@type":"WebSite","@id":"https:\/\/buletin.de\/bucuresti\/#website","url":"https:\/\/buletin.de\/bucuresti\/","name":"Buletin de Bucure\u0219ti","description":"\u0218tiri \u0219i investiga\u021bii esen\u021biale din capital\u0103","publisher":{"@id":"https:\/\/buletin.de\/bucuresti\/#organization"},"potentialAction":[{"@type":"SearchAction","target":{"@type":"EntryPoint","urlTemplate":"https:\/\/buletin.de\/bucuresti\/?s={search_term_string}"},"query-input":{"@type":"PropertyValueSpecification","valueRequired":true,"valueName":"search_term_string"}}],"inLanguage":"en-GB"},{"@type":"Organization","@id":"https:\/\/buletin.de\/bucuresti\/#organization","name":"Buletin de Bucure\u0219ti","url":"https:\/\/buletin.de\/bucuresti\/","logo":{"@type":"ImageObject","inLanguage":"en-GB","@id":"https:\/\/buletin.de\/bucuresti\/#\/schema\/logo\/image\/","url":"https:\/\/buletin.de\/bucuresti\/wp-content\/uploads\/logo-bdb-full-wide-vernil-transparent.png","contentUrl":"https:\/\/buletin.de\/bucuresti\/wp-content\/uploads\/logo-bdb-full-wide-vernil-transparent.png","width":1782,"height":626,"caption":"Buletin de Bucure\u0219ti"},"image":{"@id":"https:\/\/buletin.de\/bucuresti\/#\/schema\/logo\/image\/"},"sameAs":["https:\/\/www.facebook.com\/buletin.de.buc","https:\/\/www.instagram.com\/buletinde.bucuresti\/"]},{"@type":"Person","@id":"https:\/\/buletin.de\/bucuresti\/#\/schema\/person\/7e46040573290777280a0835d81ea4ea","name":"Diana Matei","image":{"@type":"ImageObject","inLanguage":"en-GB","@id":"https:\/\/buletin.de\/bucuresti\/wp-content\/uploads\/9-2-96x96.jpg1e8590b30871d70e62ebcdaf2eff570c","url":"https:\/\/buletin.de\/bucuresti\/wp-content\/uploads\/9-2-96x96.jpg","contentUrl":"https:\/\/buletin.de\/bucuresti\/wp-content\/uploads\/9-2-96x96.jpg","caption":"Diana Matei"},"url":"https:\/\/buletin.de\/bucuresti\/author\/dianamatei\/"}]}},"authors":[{"term_id":22574,"user_id":49,"is_guest":0,"slug":"dianamatei","display_name":"Diana Matei","avatar_url":"https:\/\/buletin.de\/bucuresti\/wp-content\/uploads\/9-2-96x96.jpg","0":null,"1":"","2":"","3":"","4":"","5":"","6":"","7":"","8":""}],"_links":{"self":[{"href":"https:\/\/buletin.de\/bucuresti\/wp-json\/wp\/v2\/posts\/126220","targetHints":{"allow":["GET"]}}],"collection":[{"href":"https:\/\/buletin.de\/bucuresti\/wp-json\/wp\/v2\/posts"}],"about":[{"href":"https:\/\/buletin.de\/bucuresti\/wp-json\/wp\/v2\/types\/post"}],"author":[{"embeddable":true,"href":"https:\/\/buletin.de\/bucuresti\/wp-json\/wp\/v2\/users\/49"}],"replies":[{"embeddable":true,"href":"https:\/\/buletin.de\/bucuresti\/wp-json\/wp\/v2\/comments?post=126220"}],"version-history":[{"count":2,"href":"https:\/\/buletin.de\/bucuresti\/wp-json\/wp\/v2\/posts\/126220\/revisions"}],"predecessor-version":[{"id":126230,"href":"https:\/\/buletin.de\/bucuresti\/wp-json\/wp\/v2\/posts\/126220\/revisions\/126230"}],"wp:featuredmedia":[{"embeddable":true,"href":"https:\/\/buletin.de\/bucuresti\/wp-json\/wp\/v2\/media\/126227"}],"wp:attachment":[{"href":"https:\/\/buletin.de\/bucuresti\/wp-json\/wp\/v2\/media?parent=126220"}],"wp:term":[{"taxonomy":"category","embeddable":true,"href":"https:\/\/buletin.de\/bucuresti\/wp-json\/wp\/v2\/categories?post=126220"},{"taxonomy":"post_tag","embeddable":true,"href":"https:\/\/buletin.de\/bucuresti\/wp-json\/wp\/v2\/tags?post=126220"},{"taxonomy":"author","embeddable":true,"href":"https:\/\/buletin.de\/bucuresti\/wp-json\/wp\/v2\/ppma_author?post=126220"}],"curies":[{"name":"wp","href":"https:\/\/api.w.org\/{rel}","templated":true}]}}