{"id":126111,"date":"2025-04-13T06:52:00","date_gmt":"2025-04-13T03:52:00","guid":{"rendered":"https:\/\/buletin.de\/bucuresti\/?p=126111"},"modified":"2025-04-13T23:09:39","modified_gmt":"2025-04-13T20:09:39","slug":"redactia-buletin-de-bucuresti-nominalizata-de-patru-ori-la-premiile-superscrieri-articolele-pot-fi-votate-si-de-public-pana-pe-15-mai","status":"publish","type":"post","link":"https:\/\/buletin.de\/bucuresti\/redactia-buletin-de-bucuresti-nominalizata-de-patru-ori-la-premiile-superscrieri-articolele-pot-fi-votate-si-de-public-pana-pe-15-mai\/","title":{"rendered":"Redac\u021bia Buletin de Bucure\u0219ti, nominalizat\u0103 de patru ori la Premiile Superscrieri. Articolele pot fi votate \u0219i de public p\u00e2n\u0103 pe 15 mai"},"content":{"rendered":"\n<p><strong>Nominaliz\u0103rile au fost anun\u021bate de Funda\u021bia Friends for Friends, organizatoarea Premiilor Superscrieri, care a selectat 52 de materiale din presa scris\u0103, audio, video \u0219i foto, publicate \u00een 2024. C\u00e2\u0219tig\u0103torii vor fi anun\u021ba\u021bi \u00een cadrul Galei Superscrieri, programat\u0103 pentru luna mai. Redac\u021bia Buletin de Bucure\u0219ti a fost nominalizat\u0103 de patru ori la Premiile Superscrieri<\/strong>.<\/p>\n\n\n\n<p>Articolele redac\u021biei Buletin de Bucure\u0219ti care vor fi jurizate \u0219i votate ulterior \u0219i de public au fost \u00eenscrise la categoriile Pres\u0103 Local\u0103 \u0219i Debut Jurnalistic, astfel:<\/p>\n\n\n\n<h2 class=\"wp-block-heading has-text-align-center\" id=\"h-pres-a-locala\"><strong>Pres<\/strong><strong>\u0103 local\u0103<\/strong><\/h2>\n\n\n\n<p><strong><a href=\"https:\/\/buletin.de\/bucuresti\/investigatie-afacerile-secrete-din-chitila-primarul-emilian-oprea-ambasadorul-regiunii-bucuresti-ilfov-in-ue-partener-printr-un-offshore-ascuns-cu-patronul-unu\/\">Afacerile \u201esecrete\u201d din Chitila. Primarul Emilian Oprea, \u201eambasadorul\u201d regiunii Bucure\u0219ti-Ilfov \u00een UE, partener printr-un offshore ascuns cu patronul unui SRL abonat la banii prim\u0103riei<\/a><\/strong><strong>&nbsp;\u2013 <a href=\"https:\/\/buletin.de\/bucuresti\/author\/florinrasteiu\/\">Florin R\u00e2\u0219teiu<\/a> (Buletin de Bucure\u0219ti)<\/strong><\/p>\n\n\n\n<p><strong><a href=\"https:\/\/buletin.de\/bucuresti\/investigatie-achizitiile-speciale-din-curtea-medicului-catalin-cirstoiu-un-afacerist-penal-si-a-umplut-conturile-cu-bani-de-la-spitalul-universitar\/\">Achizi\u021biile \u201especiale\u201c din curtea medicului C\u0103t\u0103lin C\u00eerstoiu: un afacerist penal \u015fi-a umplut conturile cu bani de la Spitalul Universitar<\/a>&nbsp;\u2013 <a href=\"https:\/\/buletin.de\/bucuresti\/author\/florinrasteiu\/\">Florin R\u00e2\u0219teiu<\/a>, <a href=\"https:\/\/buletin.de\/bucuresti\/author\/catalin\/\">C\u0103t\u0103lin Dosca\u0219<\/a> (Buletin de Bucure\u0219ti)<\/strong><\/p>\n\n\n\n<p><strong><a href=\"https:\/\/buletin.de\/bucuresti\/investigatie-video-clanul-sarmanilor-cum-ajung-apartamentele-sociale-din-otopeni-la-oamenii-primarului\/\">Clanul \u201eS\u0103rmanilor\u201d. Cum ajung apartamentele sociale din Otopeni la oamenii primarului<\/a>&nbsp;\u2013 <a href=\"https:\/\/buletin.de\/bucuresti\/author\/florinrasteiu\/\">Florin R\u00e2\u0219teiu<\/a>, <a href=\"https:\/\/buletin.de\/bucuresti\/author\/catalin\/\">C\u0103t\u0103lin Dosca\u0219<\/a>, <a href=\"https:\/\/recorder.ro\/author\/andrei-ilies\/\">Andrei Ilie\u0219<\/a> (imagine), <a href=\"https:\/\/recorder.ro\/author\/cristian-delcearecorder-ro-2\/\">Cristian Delcea<\/a> (editor video) (Buletin de Bucure\u0219ti)<\/strong><\/p>\n\n\n\n<h2 class=\"wp-block-heading has-text-align-center\" id=\"h-debut-jurnalistic\"><strong>Debut jurnalistic<\/strong><\/h2>\n\n\n\n<p><strong><a href=\"https:\/\/buletin.de\/bucuresti\/reportaj-a-doua-moarte-a-unui-monument-hala-matache-uitata-de-peste-un-deceniu-in-depozitul-celui-care-a-daramat-o-160-000-de-euro-factura-pentru-pmb\/\">A doua \u201emoarte\u201d a unui monument: Hala Matache, uitat\u0103 de peste un deceniu \u00een depozitul celui care a d\u0103r\u00e2mat-o. 160.000 de euro, factura pentru PMB<\/a><\/strong><strong>&nbsp;\u2013 <a href=\"https:\/\/buletin.de\/bucuresti\/author\/andreeatudor\/\">Andreea Tudor<\/a> (Buletin de Bucure\u0219ti)&nbsp;&nbsp;&nbsp;&nbsp;&nbsp;&nbsp;&nbsp;&nbsp;<\/strong><\/p>\n\n\n\n<p>Publicul este invitat s\u0103 voteze materialul preferat pentru premiul \u201e<em>Superscrierea Cititorilor<\/em>\u201d p\u00e2n\u0103 pe 15 mai.<\/p>\n\n\n\n<p><strong><a href=\"https:\/\/docs.google.com\/forms\/d\/e\/1FAIpQLSfdXMysk1T-4FqQcudb5-CwllqGV873H4oy-8qFE864gPxgLw\/viewform?usp=sharing\" target=\"_blank\" rel=\"noreferrer noopener\">\ud83d\udc4d VOTEAZ\u0102 AICI MATERIALUL PREFERAT<\/a><\/strong><strong><\/strong><\/p>\n\n\n\n<p>Lista complet\u0103 a celor materialelor \u00eenscrise poate fi accesat\u0103 <a href=\"https:\/\/www.ffff.ro\/premiile-superscrieri-2\/nominalizarile-premiilor-superscrieri-14-voteaza-materialul-preferat\/\">aici<\/a>.<\/p>\n\n\n\n<h2 class=\"wp-block-heading\" id=\"h-premiile-superscrieri-din-2024\">Premiile Superscrieri din 2024<\/h2>\n\n\n\n<p>\u00cen 2024, investiga\u0163ia \u201eAzilele Groazei\u201d \u015fi continuarea \u201eTo\u0163i \u015ftiau\u201d, publicate de Buletin de Bure\u0219ti, au fost premiate cu \u201eSuperscrierea anului\u201d la Gala organizat\u0103 de Funda\u0163ia Friends for Friends. Serialul de investiga\u0163ie a luat \u015fi premiul publicului, dup\u0103 ce a ob\u0163inut cele mai multe voturi dintre cele peste 5.000 \u00eenregistrate.<\/p>\n\n\n\n<p>Investiga\u0163ia care a dus la schimbarea din func\u0163ie a doi mini\u015ftri \u015fi care a urnit institu\u0163iile statului pentru a demara mai multe anchete poate fi recitit\u0103 la aceste link-uri: Seria \u201eAzilele groazei\u201d \u2013&nbsp;<a href=\"https:\/\/buletin.de\/bucuresti\/egalitatea-de-sanse-gestionata-din-guvern-de-sfanta-gabriela-cea-viteaza-business-de-aur-pe-bani-publici-pentru-apropiatii-ei\/\">ep 1<\/a>,&nbsp;<a href=\"https:\/\/buletin.de\/bucuresti\/armonia-sfantului-gabriel-cel-viteaz-plosnite-si-miros-de-urina-si-fecale\/\">ep 2<\/a>,&nbsp;<a href=\"https:\/\/buletin.de\/bucuresti\/lagarele-cristinei\/\">ep 3<\/a>,&nbsp;<a href=\"https:\/\/buletin.de\/bucuresti\/lagarele-ilfovului-cand-e-sora-langa-sora\/\">ep 4&nbsp;<\/a>+ seria de follow-up \u201eTo\u021bi \u0219tiau\u201d&nbsp;<a href=\"https:\/\/buletin.de\/bucuresti\/toti-stiau-episodul-1-primaria-voluntari\/\">ep 1<\/a>,&nbsp;<a href=\"https:\/\/buletin.de\/bucuresti\/toti-stiau-episodul-2-nela-vica-andries-sora-gabrielei-firea-a-fost-sefa-unui-serviciu-care-a-facut-sapte-anchete-in-caminele-groazei-cat-timp-ea-a-lucrat-la-directie\/\">ep 2<\/a>,&nbsp;<a href=\"https:\/\/buletin.de\/bucuresti\/toti-stiau-episodul-3-minciuna-lui-budai\/\">ep 3<\/a>,&nbsp;<a href=\"https:\/\/buletin.de\/bucuresti\/toti-stiau-episodul-4-guvernul-psd-pnl-varianta-de-ilfov\/\">ep 4<\/a>,&nbsp;<a href=\"https:\/\/buletin.de\/bucuresti\/soferul-godei-ales-de-primarita-firea-sa-o-insoteasca-intr-o-delegatie-oficiala-de-sase-zile-la-madrid\/\">ep 5<\/a>&nbsp;\u2013 Ovidiu Vanghele (<a href=\"https:\/\/www.investigatiimedia.ro\/\">Centrul de Investiga\u021bii Media<\/a>),&nbsp;<a href=\"https:\/\/buletin.de\/bucuresti\/author\/biancaalbu\/\">Bianca Albu<\/a>&nbsp;(Buletin de Bucure\u0219ti).<\/p>\n\n\n\n<p>De asemenea, tot \u00een 2024, jurnali\u015ftii Buletin de Bucure\u015fti au mai ob\u0163inut locul al II-lea la Pres\u0103 local\u0103 \u015fi Articole de opinie, prin dou\u0103 materiale realizate de <a href=\"https:\/\/buletin.de\/bucuresti\/author\/florinrasteiu\/\">Florin R\u00e2\u015fteiu<\/a>&nbsp;\u015fi&nbsp;<a href=\"https:\/\/buletin.de\/bucuresti\/author\/adinacapilnean\/\">Adina C\u0103p\u00eelnean<\/a>.<\/p>\n\n\n\n<p><a href=\"https:\/\/buletin.de\/bucuresti\/afacerea-cu-jilturi-bisericesti-de-la-catedrala-din-voluntari-strane-de-top-patinate-auriu-de-1-000-de-euro-bucata-producator-ne-intalnim-mai-punem-ceva-peste-ii-alb\/\" target=\"_blank\" rel=\"noreferrer noopener\">Afacerea cu jil\u021buri biserice\u0219ti de la Catedrala din Voluntari | Strane de top, \u201epatinate auriu\u201d, de 1.000 de euro bucata. Produc\u0103tor: \u201eNe \u00eent\u00e2lnim, mai punem ceva peste, \u00eei albim, \u0103sta-i cash-ul!\u201d<\/a>\u2013&nbsp;<a href=\"https:\/\/buletin.de\/bucuresti\/author\/florinrasteiu\/\">Florin R\u00e2\u0219teiu<\/a><\/p>\n\n\n\n<p><a href=\"https:\/\/buletin.de\/bucuresti\/analiza-drogurile-din-scolile-si-liceele-capitalei-problema-care-nu-exista-si-populismul-ciclic-al-politicienilor\/\" target=\"_blank\" rel=\"noreferrer noopener\">Analiz\u0103 | Drogurile din \u0219colile \u0219i liceele Capitalei: problema \u201ecare nu exist\u0103\u201d \u0219i populismul ciclic al politicienilor<\/a>&nbsp;\u2013&nbsp;<a href=\"https:\/\/buletin.de\/bucuresti\/author\/adinacapilnean\/\">Adina C\u0103p\u00eelnean<\/a><\/p>\n\n\n\n<p>Buletin de Bucure\u0219ti este un proiect jurnalistic independent, lansat \u00een 2019 de organiza\u021bia Funky Citizens, care \u00ee\u0219i propune s\u0103 aduc\u0103 \u00een aten\u021bia publicului subiecte de interes local, prin investiga\u021bii riguroase, reportaje documentate \u0219i monitorizarea autorit\u0103\u021bilor publice locale.<\/p>\n\n\n\n<p><strong>CITE\u0218TE \u0218I: <a href=\"https:\/\/buletin.de\/bucuresti\/capitala-si-ilfovul-pe-primul-loc-la-vanzari-de-imobile-si-ipoteci-in-martie-2025-tranzactiile-in-scadere-fata-de-anul-trecut\/\"><\/a><a href=\"https:\/\/buletin.de\/bucuresti\/capitala-si-ilfovul-pe-primul-loc-la-vanzari-de-imobile-si-ipoteci-in-martie-2025-tranzactiile-in-scadere-fata-de-anul-trecut\/\">Capitala \u0219i Ilfovul, pe primul loc la v\u00e2nz\u0103ri de imobile \u0219i ipoteci \u00een martie 2025. Tranzac\u021biile, \u00een sc\u0103dere, fa\u021b\u0103 de anul trecut<\/a><\/strong><\/p>\n\n\n\n<p><\/p>\n","protected":false},"excerpt":{"rendered":"<p>Nominaliz\u0103rile au fost anun\u021bate de Funda\u021bia Friends for Friends, organizatoarea Premiilor Superscrieri, care a selectat 52 de materiale din presa scris\u0103, audio, video \u0219i foto, publicate \u00een 2024. C\u00e2\u0219tig\u0103torii vor fi anun\u021ba\u021bi \u00een cadrul Galei Superscrieri, programat\u0103 pentru luna mai. Redac\u021bia Buletin de Bucure\u0219ti a fost nominalizat\u0103 de patru ori la Premiile Superscrieri. Articolele redac\u021biei [&hellip;]<\/p>\n","protected":false},"author":1,"featured_media":126118,"comment_status":"closed","ping_status":"open","sticky":false,"template":"","format":"standard","meta":{"_acf_changed":false,"inline_featured_image":false,"ngg_post_thumbnail":0,"footnotes":""},"categories":[6994,5762],"tags":[155,16819,22,3253,20535,20534],"ppma_author":[22583],"class_list":["post-126111","post","type-post","status-publish","format-standard","has-post-thumbnail","hentry","category-stiri-2","category-main","tag-buletin-de-bucuresti","tag-investigatii","tag-jurnalism","tag-premii","tag-presa-locala-2","tag-superscrieri"],"acf":[],"yoast_head":"<!-- This site is optimized with the Yoast SEO Premium plugin v25.3 (Yoast SEO v27.5) - https:\/\/yoast.com\/product\/yoast-seo-premium-wordpress\/ -->\n<title>Redac\u021bia Buletin de Bucure\u0219ti, nominalizat\u0103 de patru ori la Premiile Superscrieri. Articolele pot fi votate \u0219i de public p\u00e2n\u0103 pe 15 mai - Buletin de Bucure\u0219ti<\/title>\n<meta name=\"description\" content=\"Redac\u021bia Buletin de Bucure\u0219ti, nominalizat\u0103 de patru ori la Premiile Superscrieri. Articolele pot fi votate \u0219i de public p\u00e2n\u0103 pe 15 mai.\" \/>\n<meta name=\"robots\" content=\"index, follow, max-snippet:-1, max-image-preview:large, max-video-preview:-1\" \/>\n<link rel=\"canonical\" href=\"https:\/\/buletin.de\/bucuresti\/redactia-buletin-de-bucuresti-nominalizata-de-patru-ori-la-premiile-superscrieri-articolele-pot-fi-votate-si-de-public-pana-pe-15-mai\/\" \/>\n<meta property=\"og:locale\" content=\"en_GB\" \/>\n<meta property=\"og:type\" content=\"article\" \/>\n<meta property=\"og:title\" content=\"Redac\u021bia Buletin de Bucure\u0219ti, nominalizat\u0103 de patru ori la Premiile Superscrieri. Articolele pot fi votate \u0219i de public p\u00e2n\u0103 pe 15 mai\" \/>\n<meta property=\"og:description\" content=\"Redac\u021bia Buletin de Bucure\u0219ti, nominalizat\u0103 de patru ori la Premiile Superscrieri. Articolele pot fi votate \u0219i de public p\u00e2n\u0103 pe 15 mai.\" \/>\n<meta property=\"og:url\" content=\"https:\/\/buletin.de\/bucuresti\/redactia-buletin-de-bucuresti-nominalizata-de-patru-ori-la-premiile-superscrieri-articolele-pot-fi-votate-si-de-public-pana-pe-15-mai\/\" \/>\n<meta property=\"og:site_name\" content=\"Buletin de Bucure\u0219ti\" \/>\n<meta property=\"article:publisher\" content=\"https:\/\/www.facebook.com\/buletin.de.buc\" \/>\n<meta property=\"article:published_time\" content=\"2025-04-13T03:52:00+00:00\" \/>\n<meta property=\"article:modified_time\" content=\"2025-04-13T20:09:39+00:00\" \/>\n<meta property=\"og:image\" content=\"https:\/\/buletin.de\/bucuresti\/wp-content\/uploads\/2025\/04\/cover.jpg\" \/>\n\t<meta property=\"og:image:width\" content=\"1603\" \/>\n\t<meta property=\"og:image:height\" content=\"1111\" \/>\n\t<meta property=\"og:image:type\" content=\"image\/jpeg\" \/>\n<meta name=\"author\" content=\"Redac\u021bia Buletin de Bucure\u0219ti\" \/>\n<meta name=\"twitter:card\" content=\"summary_large_image\" \/>\n<meta name=\"twitter:label1\" content=\"Written by\" \/>\n\t<meta name=\"twitter:data1\" content=\"Redac\u021bia Buletin de Bucure\u0219ti\" \/>\n\t<meta name=\"twitter:label2\" content=\"Estimated reading time\" \/>\n\t<meta name=\"twitter:data2\" content=\"3 minutes\" \/>\n<script type=\"application\/ld+json\" class=\"yoast-schema-graph\">{\"@context\":\"https:\\\/\\\/schema.org\",\"@graph\":[{\"@type\":\"Article\",\"@id\":\"https:\\\/\\\/buletin.de\\\/bucuresti\\\/redactia-buletin-de-bucuresti-nominalizata-de-patru-ori-la-premiile-superscrieri-articolele-pot-fi-votate-si-de-public-pana-pe-15-mai\\\/#article\",\"isPartOf\":{\"@id\":\"https:\\\/\\\/buletin.de\\\/bucuresti\\\/redactia-buletin-de-bucuresti-nominalizata-de-patru-ori-la-premiile-superscrieri-articolele-pot-fi-votate-si-de-public-pana-pe-15-mai\\\/\"},\"author\":{\"name\":\"Redac\u021bia Buletin de Bucure\u0219ti\",\"@id\":\"https:\\\/\\\/buletin.de\\\/bucuresti\\\/#\\\/schema\\\/person\\\/2bbcf854e5f2419a13804af574d06ab1\"},\"headline\":\"Redac\u021bia Buletin de Bucure\u0219ti, nominalizat\u0103 de patru ori la Premiile Superscrieri. Articolele pot fi votate \u0219i de public p\u00e2n\u0103 pe 15 mai\",\"datePublished\":\"2025-04-13T03:52:00+00:00\",\"dateModified\":\"2025-04-13T20:09:39+00:00\",\"mainEntityOfPage\":{\"@id\":\"https:\\\/\\\/buletin.de\\\/bucuresti\\\/redactia-buletin-de-bucuresti-nominalizata-de-patru-ori-la-premiile-superscrieri-articolele-pot-fi-votate-si-de-public-pana-pe-15-mai\\\/\"},\"wordCount\":586,\"publisher\":{\"@id\":\"https:\\\/\\\/buletin.de\\\/bucuresti\\\/#organization\"},\"image\":{\"@id\":\"https:\\\/\\\/buletin.de\\\/bucuresti\\\/redactia-buletin-de-bucuresti-nominalizata-de-patru-ori-la-premiile-superscrieri-articolele-pot-fi-votate-si-de-public-pana-pe-15-mai\\\/#primaryimage\"},\"thumbnailUrl\":\"https:\\\/\\\/buletin.de\\\/bucuresti\\\/wp-content\\\/uploads\\\/2025\\\/04\\\/cover.jpg\",\"keywords\":[\"buletin de bucuresti\",\"investigatii\",\"jurnalism\",\"premii\",\"presa locala\",\"superscrieri\"],\"articleSection\":[\"Articole\",\"Main\"],\"inLanguage\":\"en-GB\",\"copyrightYear\":\"2025\",\"copyrightHolder\":{\"@id\":\"https:\\\/\\\/buletin.de\\\/bucuresti\\\/#organization\"}},{\"@type\":\"WebPage\",\"@id\":\"https:\\\/\\\/buletin.de\\\/bucuresti\\\/redactia-buletin-de-bucuresti-nominalizata-de-patru-ori-la-premiile-superscrieri-articolele-pot-fi-votate-si-de-public-pana-pe-15-mai\\\/\",\"url\":\"https:\\\/\\\/buletin.de\\\/bucuresti\\\/redactia-buletin-de-bucuresti-nominalizata-de-patru-ori-la-premiile-superscrieri-articolele-pot-fi-votate-si-de-public-pana-pe-15-mai\\\/\",\"name\":\"Redac\u021bia Buletin de Bucure\u0219ti, nominalizat\u0103 de patru ori la Premiile Superscrieri. Articolele pot fi votate \u0219i de public p\u00e2n\u0103 pe 15 mai - Buletin de Bucure\u0219ti\",\"isPartOf\":{\"@id\":\"https:\\\/\\\/buletin.de\\\/bucuresti\\\/#website\"},\"primaryImageOfPage\":{\"@id\":\"https:\\\/\\\/buletin.de\\\/bucuresti\\\/redactia-buletin-de-bucuresti-nominalizata-de-patru-ori-la-premiile-superscrieri-articolele-pot-fi-votate-si-de-public-pana-pe-15-mai\\\/#primaryimage\"},\"image\":{\"@id\":\"https:\\\/\\\/buletin.de\\\/bucuresti\\\/redactia-buletin-de-bucuresti-nominalizata-de-patru-ori-la-premiile-superscrieri-articolele-pot-fi-votate-si-de-public-pana-pe-15-mai\\\/#primaryimage\"},\"thumbnailUrl\":\"https:\\\/\\\/buletin.de\\\/bucuresti\\\/wp-content\\\/uploads\\\/2025\\\/04\\\/cover.jpg\",\"datePublished\":\"2025-04-13T03:52:00+00:00\",\"dateModified\":\"2025-04-13T20:09:39+00:00\",\"description\":\"Redac\u021bia Buletin de Bucure\u0219ti, nominalizat\u0103 de patru ori la Premiile Superscrieri. Articolele pot fi votate \u0219i de public p\u00e2n\u0103 pe 15 mai.\",\"breadcrumb\":{\"@id\":\"https:\\\/\\\/buletin.de\\\/bucuresti\\\/redactia-buletin-de-bucuresti-nominalizata-de-patru-ori-la-premiile-superscrieri-articolele-pot-fi-votate-si-de-public-pana-pe-15-mai\\\/#breadcrumb\"},\"inLanguage\":\"en-GB\",\"potentialAction\":[{\"@type\":\"ReadAction\",\"target\":[\"https:\\\/\\\/buletin.de\\\/bucuresti\\\/redactia-buletin-de-bucuresti-nominalizata-de-patru-ori-la-premiile-superscrieri-articolele-pot-fi-votate-si-de-public-pana-pe-15-mai\\\/\"]}]},{\"@type\":\"ImageObject\",\"inLanguage\":\"en-GB\",\"@id\":\"https:\\\/\\\/buletin.de\\\/bucuresti\\\/redactia-buletin-de-bucuresti-nominalizata-de-patru-ori-la-premiile-superscrieri-articolele-pot-fi-votate-si-de-public-pana-pe-15-mai\\\/#primaryimage\",\"url\":\"https:\\\/\\\/buletin.de\\\/bucuresti\\\/wp-content\\\/uploads\\\/2025\\\/04\\\/cover.jpg\",\"contentUrl\":\"https:\\\/\\\/buletin.de\\\/bucuresti\\\/wp-content\\\/uploads\\\/2025\\\/04\\\/cover.jpg\",\"width\":1603,\"height\":1111,\"caption\":\"Redac\u021bia Buletin de Bucure\u0219ti, nominalizat\u0103 de patru ori la Premiile Superscrieri.\"},{\"@type\":\"BreadcrumbList\",\"@id\":\"https:\\\/\\\/buletin.de\\\/bucuresti\\\/redactia-buletin-de-bucuresti-nominalizata-de-patru-ori-la-premiile-superscrieri-articolele-pot-fi-votate-si-de-public-pana-pe-15-mai\\\/#breadcrumb\",\"itemListElement\":[{\"@type\":\"ListItem\",\"position\":1,\"name\":\"Acas\u0103\",\"item\":\"https:\\\/\\\/buletin.de\\\/bucuresti\\\/\"},{\"@type\":\"ListItem\",\"position\":2,\"name\":\"Redac\u021bia Buletin de Bucure\u0219ti, nominalizat\u0103 de patru ori la Premiile Superscrieri. Articolele pot fi votate \u0219i de public p\u00e2n\u0103 pe 15 mai\"}]},{\"@type\":\"WebSite\",\"@id\":\"https:\\\/\\\/buletin.de\\\/bucuresti\\\/#website\",\"url\":\"https:\\\/\\\/buletin.de\\\/bucuresti\\\/\",\"name\":\"Buletin de Bucure\u0219ti\",\"description\":\"\u0218tiri \u0219i investiga\u021bii esen\u021biale din capital\u0103\",\"publisher\":{\"@id\":\"https:\\\/\\\/buletin.de\\\/bucuresti\\\/#organization\"},\"potentialAction\":[{\"@type\":\"SearchAction\",\"target\":{\"@type\":\"EntryPoint\",\"urlTemplate\":\"https:\\\/\\\/buletin.de\\\/bucuresti\\\/?s={search_term_string}\"},\"query-input\":{\"@type\":\"PropertyValueSpecification\",\"valueRequired\":true,\"valueName\":\"search_term_string\"}}],\"inLanguage\":\"en-GB\"},{\"@type\":\"Organization\",\"@id\":\"https:\\\/\\\/buletin.de\\\/bucuresti\\\/#organization\",\"name\":\"Buletin de Bucure\u0219ti\",\"url\":\"https:\\\/\\\/buletin.de\\\/bucuresti\\\/\",\"logo\":{\"@type\":\"ImageObject\",\"inLanguage\":\"en-GB\",\"@id\":\"https:\\\/\\\/buletin.de\\\/bucuresti\\\/#\\\/schema\\\/logo\\\/image\\\/\",\"url\":\"https:\\\/\\\/buletin.de\\\/bucuresti\\\/wp-content\\\/uploads\\\/logo-bdb-full-wide-vernil-transparent.png\",\"contentUrl\":\"https:\\\/\\\/buletin.de\\\/bucuresti\\\/wp-content\\\/uploads\\\/logo-bdb-full-wide-vernil-transparent.png\",\"width\":1782,\"height\":626,\"caption\":\"Buletin de Bucure\u0219ti\"},\"image\":{\"@id\":\"https:\\\/\\\/buletin.de\\\/bucuresti\\\/#\\\/schema\\\/logo\\\/image\\\/\"},\"sameAs\":[\"https:\\\/\\\/www.facebook.com\\\/buletin.de.buc\",\"https:\\\/\\\/www.instagram.com\\\/buletinde.bucuresti\\\/\"]},{\"@type\":\"Person\",\"@id\":\"https:\\\/\\\/buletin.de\\\/bucuresti\\\/#\\\/schema\\\/person\\\/2bbcf854e5f2419a13804af574d06ab1\",\"name\":\"Redac\u021bia Buletin de Bucure\u0219ti\",\"image\":{\"@type\":\"ImageObject\",\"inLanguage\":\"en-GB\",\"@id\":\"https:\\\/\\\/secure.gravatar.com\\\/avatar\\\/18c5342381ed1a08620e6280424e3e5efc958618f5d67c522c9e44c1bc6f9226?s=96&d=monsterid&r=g60c7cd0ad92c68c049fcd4bb3504d609\",\"url\":\"https:\\\/\\\/secure.gravatar.com\\\/avatar\\\/18c5342381ed1a08620e6280424e3e5efc958618f5d67c522c9e44c1bc6f9226?s=96&d=monsterid&r=g\",\"contentUrl\":\"https:\\\/\\\/secure.gravatar.com\\\/avatar\\\/18c5342381ed1a08620e6280424e3e5efc958618f5d67c522c9e44c1bc6f9226?s=96&d=monsterid&r=g\",\"caption\":\"Redac\u021bia Buletin de Bucure\u0219ti\"},\"description\":\"Buletin de Bucure\u0219ti exist\u0103 din vara anului 2019.\",\"url\":\"https:\\\/\\\/buletin.de\\\/bucuresti\\\/author\\\/adminbuletin\\\/\"}]}<\/script>\n<!-- \/ Yoast SEO Premium plugin. -->","yoast_head_json":{"title":"Redac\u021bia Buletin de Bucure\u0219ti, nominalizat\u0103 de patru ori la Premiile Superscrieri. Articolele pot fi votate \u0219i de public p\u00e2n\u0103 pe 15 mai - Buletin de Bucure\u0219ti","description":"Redac\u021bia Buletin de Bucure\u0219ti, nominalizat\u0103 de patru ori la Premiile Superscrieri. Articolele pot fi votate \u0219i de public p\u00e2n\u0103 pe 15 mai.","robots":{"index":"index","follow":"follow","max-snippet":"max-snippet:-1","max-image-preview":"max-image-preview:large","max-video-preview":"max-video-preview:-1"},"canonical":"https:\/\/buletin.de\/bucuresti\/redactia-buletin-de-bucuresti-nominalizata-de-patru-ori-la-premiile-superscrieri-articolele-pot-fi-votate-si-de-public-pana-pe-15-mai\/","og_locale":"en_GB","og_type":"article","og_title":"Redac\u021bia Buletin de Bucure\u0219ti, nominalizat\u0103 de patru ori la Premiile Superscrieri. Articolele pot fi votate \u0219i de public p\u00e2n\u0103 pe 15 mai","og_description":"Redac\u021bia Buletin de Bucure\u0219ti, nominalizat\u0103 de patru ori la Premiile Superscrieri. Articolele pot fi votate \u0219i de public p\u00e2n\u0103 pe 15 mai.","og_url":"https:\/\/buletin.de\/bucuresti\/redactia-buletin-de-bucuresti-nominalizata-de-patru-ori-la-premiile-superscrieri-articolele-pot-fi-votate-si-de-public-pana-pe-15-mai\/","og_site_name":"Buletin de Bucure\u0219ti","article_publisher":"https:\/\/www.facebook.com\/buletin.de.buc","article_published_time":"2025-04-13T03:52:00+00:00","article_modified_time":"2025-04-13T20:09:39+00:00","og_image":[{"width":1603,"height":1111,"url":"https:\/\/buletin.de\/bucuresti\/wp-content\/uploads\/2025\/04\/cover.jpg","type":"image\/jpeg"}],"author":"Redac\u021bia Buletin de Bucure\u0219ti","twitter_card":"summary_large_image","twitter_misc":{"Written by":"Redac\u021bia Buletin de Bucure\u0219ti","Estimated reading time":"3 minutes"},"schema":{"@context":"https:\/\/schema.org","@graph":[{"@type":"Article","@id":"https:\/\/buletin.de\/bucuresti\/redactia-buletin-de-bucuresti-nominalizata-de-patru-ori-la-premiile-superscrieri-articolele-pot-fi-votate-si-de-public-pana-pe-15-mai\/#article","isPartOf":{"@id":"https:\/\/buletin.de\/bucuresti\/redactia-buletin-de-bucuresti-nominalizata-de-patru-ori-la-premiile-superscrieri-articolele-pot-fi-votate-si-de-public-pana-pe-15-mai\/"},"author":{"name":"Redac\u021bia Buletin de Bucure\u0219ti","@id":"https:\/\/buletin.de\/bucuresti\/#\/schema\/person\/2bbcf854e5f2419a13804af574d06ab1"},"headline":"Redac\u021bia Buletin de Bucure\u0219ti, nominalizat\u0103 de patru ori la Premiile Superscrieri. Articolele pot fi votate \u0219i de public p\u00e2n\u0103 pe 15 mai","datePublished":"2025-04-13T03:52:00+00:00","dateModified":"2025-04-13T20:09:39+00:00","mainEntityOfPage":{"@id":"https:\/\/buletin.de\/bucuresti\/redactia-buletin-de-bucuresti-nominalizata-de-patru-ori-la-premiile-superscrieri-articolele-pot-fi-votate-si-de-public-pana-pe-15-mai\/"},"wordCount":586,"publisher":{"@id":"https:\/\/buletin.de\/bucuresti\/#organization"},"image":{"@id":"https:\/\/buletin.de\/bucuresti\/redactia-buletin-de-bucuresti-nominalizata-de-patru-ori-la-premiile-superscrieri-articolele-pot-fi-votate-si-de-public-pana-pe-15-mai\/#primaryimage"},"thumbnailUrl":"https:\/\/buletin.de\/bucuresti\/wp-content\/uploads\/2025\/04\/cover.jpg","keywords":["buletin de bucuresti","investigatii","jurnalism","premii","presa locala","superscrieri"],"articleSection":["Articole","Main"],"inLanguage":"en-GB","copyrightYear":"2025","copyrightHolder":{"@id":"https:\/\/buletin.de\/bucuresti\/#organization"}},{"@type":"WebPage","@id":"https:\/\/buletin.de\/bucuresti\/redactia-buletin-de-bucuresti-nominalizata-de-patru-ori-la-premiile-superscrieri-articolele-pot-fi-votate-si-de-public-pana-pe-15-mai\/","url":"https:\/\/buletin.de\/bucuresti\/redactia-buletin-de-bucuresti-nominalizata-de-patru-ori-la-premiile-superscrieri-articolele-pot-fi-votate-si-de-public-pana-pe-15-mai\/","name":"Redac\u021bia Buletin de Bucure\u0219ti, nominalizat\u0103 de patru ori la Premiile Superscrieri. Articolele pot fi votate \u0219i de public p\u00e2n\u0103 pe 15 mai - Buletin de Bucure\u0219ti","isPartOf":{"@id":"https:\/\/buletin.de\/bucuresti\/#website"},"primaryImageOfPage":{"@id":"https:\/\/buletin.de\/bucuresti\/redactia-buletin-de-bucuresti-nominalizata-de-patru-ori-la-premiile-superscrieri-articolele-pot-fi-votate-si-de-public-pana-pe-15-mai\/#primaryimage"},"image":{"@id":"https:\/\/buletin.de\/bucuresti\/redactia-buletin-de-bucuresti-nominalizata-de-patru-ori-la-premiile-superscrieri-articolele-pot-fi-votate-si-de-public-pana-pe-15-mai\/#primaryimage"},"thumbnailUrl":"https:\/\/buletin.de\/bucuresti\/wp-content\/uploads\/2025\/04\/cover.jpg","datePublished":"2025-04-13T03:52:00+00:00","dateModified":"2025-04-13T20:09:39+00:00","description":"Redac\u021bia Buletin de Bucure\u0219ti, nominalizat\u0103 de patru ori la Premiile Superscrieri. Articolele pot fi votate \u0219i de public p\u00e2n\u0103 pe 15 mai.","breadcrumb":{"@id":"https:\/\/buletin.de\/bucuresti\/redactia-buletin-de-bucuresti-nominalizata-de-patru-ori-la-premiile-superscrieri-articolele-pot-fi-votate-si-de-public-pana-pe-15-mai\/#breadcrumb"},"inLanguage":"en-GB","potentialAction":[{"@type":"ReadAction","target":["https:\/\/buletin.de\/bucuresti\/redactia-buletin-de-bucuresti-nominalizata-de-patru-ori-la-premiile-superscrieri-articolele-pot-fi-votate-si-de-public-pana-pe-15-mai\/"]}]},{"@type":"ImageObject","inLanguage":"en-GB","@id":"https:\/\/buletin.de\/bucuresti\/redactia-buletin-de-bucuresti-nominalizata-de-patru-ori-la-premiile-superscrieri-articolele-pot-fi-votate-si-de-public-pana-pe-15-mai\/#primaryimage","url":"https:\/\/buletin.de\/bucuresti\/wp-content\/uploads\/2025\/04\/cover.jpg","contentUrl":"https:\/\/buletin.de\/bucuresti\/wp-content\/uploads\/2025\/04\/cover.jpg","width":1603,"height":1111,"caption":"Redac\u021bia Buletin de Bucure\u0219ti, nominalizat\u0103 de patru ori la Premiile Superscrieri."},{"@type":"BreadcrumbList","@id":"https:\/\/buletin.de\/bucuresti\/redactia-buletin-de-bucuresti-nominalizata-de-patru-ori-la-premiile-superscrieri-articolele-pot-fi-votate-si-de-public-pana-pe-15-mai\/#breadcrumb","itemListElement":[{"@type":"ListItem","position":1,"name":"Acas\u0103","item":"https:\/\/buletin.de\/bucuresti\/"},{"@type":"ListItem","position":2,"name":"Redac\u021bia Buletin de Bucure\u0219ti, nominalizat\u0103 de patru ori la Premiile Superscrieri. Articolele pot fi votate \u0219i de public p\u00e2n\u0103 pe 15 mai"}]},{"@type":"WebSite","@id":"https:\/\/buletin.de\/bucuresti\/#website","url":"https:\/\/buletin.de\/bucuresti\/","name":"Buletin de Bucure\u0219ti","description":"\u0218tiri \u0219i investiga\u021bii esen\u021biale din capital\u0103","publisher":{"@id":"https:\/\/buletin.de\/bucuresti\/#organization"},"potentialAction":[{"@type":"SearchAction","target":{"@type":"EntryPoint","urlTemplate":"https:\/\/buletin.de\/bucuresti\/?s={search_term_string}"},"query-input":{"@type":"PropertyValueSpecification","valueRequired":true,"valueName":"search_term_string"}}],"inLanguage":"en-GB"},{"@type":"Organization","@id":"https:\/\/buletin.de\/bucuresti\/#organization","name":"Buletin de Bucure\u0219ti","url":"https:\/\/buletin.de\/bucuresti\/","logo":{"@type":"ImageObject","inLanguage":"en-GB","@id":"https:\/\/buletin.de\/bucuresti\/#\/schema\/logo\/image\/","url":"https:\/\/buletin.de\/bucuresti\/wp-content\/uploads\/logo-bdb-full-wide-vernil-transparent.png","contentUrl":"https:\/\/buletin.de\/bucuresti\/wp-content\/uploads\/logo-bdb-full-wide-vernil-transparent.png","width":1782,"height":626,"caption":"Buletin de Bucure\u0219ti"},"image":{"@id":"https:\/\/buletin.de\/bucuresti\/#\/schema\/logo\/image\/"},"sameAs":["https:\/\/www.facebook.com\/buletin.de.buc","https:\/\/www.instagram.com\/buletinde.bucuresti\/"]},{"@type":"Person","@id":"https:\/\/buletin.de\/bucuresti\/#\/schema\/person\/2bbcf854e5f2419a13804af574d06ab1","name":"Redac\u021bia Buletin de Bucure\u0219ti","image":{"@type":"ImageObject","inLanguage":"en-GB","@id":"https:\/\/secure.gravatar.com\/avatar\/18c5342381ed1a08620e6280424e3e5efc958618f5d67c522c9e44c1bc6f9226?s=96&d=monsterid&r=g60c7cd0ad92c68c049fcd4bb3504d609","url":"https:\/\/secure.gravatar.com\/avatar\/18c5342381ed1a08620e6280424e3e5efc958618f5d67c522c9e44c1bc6f9226?s=96&d=monsterid&r=g","contentUrl":"https:\/\/secure.gravatar.com\/avatar\/18c5342381ed1a08620e6280424e3e5efc958618f5d67c522c9e44c1bc6f9226?s=96&d=monsterid&r=g","caption":"Redac\u021bia Buletin de Bucure\u0219ti"},"description":"Buletin de Bucure\u0219ti exist\u0103 din vara anului 2019.","url":"https:\/\/buletin.de\/bucuresti\/author\/adminbuletin\/"}]}},"authors":[{"term_id":22583,"user_id":1,"is_guest":0,"slug":"adminbuletin","display_name":"Redac\u021bia Buletin de Bucure\u0219ti","avatar_url":"https:\/\/secure.gravatar.com\/avatar\/18c5342381ed1a08620e6280424e3e5efc958618f5d67c522c9e44c1bc6f9226?s=96&d=monsterid&r=g","0":null,"1":"","2":"","3":"","4":"","5":"","6":"","7":"","8":""}],"_links":{"self":[{"href":"https:\/\/buletin.de\/bucuresti\/wp-json\/wp\/v2\/posts\/126111","targetHints":{"allow":["GET"]}}],"collection":[{"href":"https:\/\/buletin.de\/bucuresti\/wp-json\/wp\/v2\/posts"}],"about":[{"href":"https:\/\/buletin.de\/bucuresti\/wp-json\/wp\/v2\/types\/post"}],"author":[{"embeddable":true,"href":"https:\/\/buletin.de\/bucuresti\/wp-json\/wp\/v2\/users\/1"}],"replies":[{"embeddable":true,"href":"https:\/\/buletin.de\/bucuresti\/wp-json\/wp\/v2\/comments?post=126111"}],"version-history":[{"count":5,"href":"https:\/\/buletin.de\/bucuresti\/wp-json\/wp\/v2\/posts\/126111\/revisions"}],"predecessor-version":[{"id":126332,"href":"https:\/\/buletin.de\/bucuresti\/wp-json\/wp\/v2\/posts\/126111\/revisions\/126332"}],"wp:featuredmedia":[{"embeddable":true,"href":"https:\/\/buletin.de\/bucuresti\/wp-json\/wp\/v2\/media\/126118"}],"wp:attachment":[{"href":"https:\/\/buletin.de\/bucuresti\/wp-json\/wp\/v2\/media?parent=126111"}],"wp:term":[{"taxonomy":"category","embeddable":true,"href":"https:\/\/buletin.de\/bucuresti\/wp-json\/wp\/v2\/categories?post=126111"},{"taxonomy":"post_tag","embeddable":true,"href":"https:\/\/buletin.de\/bucuresti\/wp-json\/wp\/v2\/tags?post=126111"},{"taxonomy":"author","embeddable":true,"href":"https:\/\/buletin.de\/bucuresti\/wp-json\/wp\/v2\/ppma_author?post=126111"}],"curies":[{"name":"wp","href":"https:\/\/api.w.org\/{rel}","templated":true}]}}