{"id":125657,"date":"2025-04-08T15:19:44","date_gmt":"2025-04-08T12:19:44","guid":{"rendered":"https:\/\/buletin.de\/bucuresti\/?p=125657"},"modified":"2025-04-08T15:19:44","modified_gmt":"2025-04-08T12:19:44","slug":"m6-prima-cartita-tbm-va-fi-lansata-miercuri-pe-sectiunea-1-mai-tokyo","status":"publish","type":"post","link":"https:\/\/buletin.de\/bucuresti\/m6-prima-cartita-tbm-va-fi-lansata-miercuri-pe-sectiunea-1-mai-tokyo\/","title":{"rendered":"M6 | Prima \u201ec\u00e2rti\u021b\u0103\u201d TBM va fi lansat\u0103 miercuri pe sec\u021biunea 1 Mai \u2013 Tokyo"},"content":{"rendered":"\n<p><strong>Ministerul Transporturilor a anun\u021bat c\u0103 miercuri, 9 aprilie, va fi lansat\u0103 prima \u201ec\u00e2rti\u021b\u0103\u201d care va excava tunelul pentru sec\u021biunea sudic\u0103 a Magistralei 6 de metrou, \u00eentre sta\u021biile 1 Mai \u0219i Tokyo, scrie <\/strong><a href=\"https:\/\/www.economica.net\/metroul-de-otopeni-5_826427.html\"><strong>economica.net<\/strong><\/a><strong>.<\/strong><\/p>\n\n\n\n<p>Utilajul TBM a fost deja cobor\u00e2t \u00een zona sta\u021biei Tokyo, iar lucr\u0103rile de asamblare sunt \u00een desf\u0103\u0219urare, conform Metrorex. S\u0103p\u0103turile efective urmeaz\u0103 s\u0103 \u00eenceap\u0103 \u00een cursul lunii aprilie.<\/p>\n\n\n\n<p>La eveniment va participa \u0219i ministrul Transporturilor \u0219i Infrastructurii, Sorin Grindeanu. Lansarea va avea loc pe platforma de \u0219antier a viitoarei sta\u021bii Tokyo, situat\u0103 pe \u0218oseaua Bucure\u0219ti \u2013 Ploie\u0219ti nr. 73-81, \u00eencep\u00e2nd cu ora 9:30.<\/p>\n\n\n\n<p>\u201e<em>Pe sec\u021biunea Sud a viitoarei Magistrale de metrou M6, 1 Mai \u2013 Tokyo, lucr\u0103rile continu\u0103 \u00een ritm rapid \u00een zona sta\u021biei \u0219i a pu\u021bului de lansare de la viitoarea sta\u021bie Tokyo\u201d<\/em>, a anun\u021bat Metrorex.<\/p>\n\n\n\n<p>Acest utilaj va fora unul dintre cele dou\u0103 tuneluri ale magistralei M6. Punctul de pornire a s\u0103p\u0103turii de tunel va fi dinspre sta\u021bia Tokyo (zona comercial\u0103 B\u0103neasa) spre sta\u021bia 1 Mai.<\/p>\n\n\n\n<p><strong>Cite\u0219te mai multe pe <\/strong><a href=\"https:\/\/www.economica.net\/metroul-de-otopeni-5_826427.html\"><strong>economica.net<\/strong><\/a><strong>.<\/strong><\/p>\n\n\n\n<div class=\"wp-block-buttons is-content-justification-center is-layout-flex wp-container-core-buttons-is-layout-16018d1d wp-block-buttons-is-layout-flex\">\n<div class=\"wp-block-button has-custom-width wp-block-button__width-100\"><a class=\"wp-block-button__link wp-element-button\" href=\"https:\/\/www.patreon.com\/BuletinDeBucuresti\"><strong>Sus\u021bine Buletin de Bucure\u0219ti pentru investiga\u021bii, reportaje \u0219i \u0219tiri Locale<\/strong><\/a><\/div>\n<\/div>\n\n\n\n<h2 class=\"wp-block-heading\" id=\"h-magistrala-6-va-avea-12-sta\u021bii\">Magistrala 6 va avea 12 sta\u021bii<\/h2>\n\n\n\n<p>M6 este prima magistral\u0103 care traverseaz\u0103 grani\u021ba Capitalei \u00een jude\u021bul Ilfov, iar sec\u021biunea 1 are o lungime de 6,6 km \u0219i 6 sta\u021bii, fiind cuprins\u0103 \u00eentre sta\u021bia 1 Mai (existent\u0103) \u0219i sta\u021bia Tokyo (zona comercial\u0103 B\u0103neasa), dup\u0103 cum urmeaz\u0103:<\/p>\n\n\n\n<ul class=\"wp-block-list\">\n<li>1 Mai (existent\u0103)<\/li>\n\n\n\n<li>Pajura<\/li>\n\n\n\n<li>Expozi\u021biei<\/li>\n\n\n\n<li>Pia\u021ba Montreal<\/li>\n\n\n\n<li>Gara B\u0103neasa<\/li>\n\n\n\n<li>Aeroport B\u0103neasa<\/li>\n\n\n\n<li>Tokyo<\/li>\n<\/ul>\n\n\n\n<p>Noua linie de metrou este \u00eemp\u0103r\u021bit\u0103 \u00een dou\u0103 sec\u021biuni, cu un traseu total de 14,2 km \u0219i va cuprinde 12 sta\u021bii, av\u00e2nd ca punct comun sta\u021bia Tokyo, care permite astfel abordarea \u00een paralel a s\u0103p\u0103rii tunelului, din dou\u0103 direc\u021bii cu utilajele TBM \u0219i, ulterior, contractarea unitar\u0103 a lucr\u0103rilor de semnalizare \u0219i de achizi\u021bii material rulant.<\/p>\n\n\n\n<p><strong>CITE\u015eTE \u015eI:<\/strong>\u00a0<a href=\"https:\/\/buletin.de\/bucuresti\/m6-o-bucata-din-strada-mircesti-cea-pe-care-a-fost-redirectionat-traficul-greu-s-a-surpat\/\"><strong>M6 Otopeni | O bucat\u0103 din strada Mirce\u0219ti din Sectorul 1 s-a surpat. Pe aici a fost redirec\u0163ionat traficul greu<\/strong><\/a><\/p>\n","protected":false},"excerpt":{"rendered":"<p>Ministerul Transporturilor a anun\u021bat c\u0103 miercuri, 9 aprilie, va fi lansat\u0103 prima \u201ec\u00e2rti\u021b\u0103\u201d care va excava tunelul pentru sec\u021biunea sudic\u0103 a Magistralei 6 de metrou, \u00eentre sta\u021biile 1 Mai \u0219i Tokyo, scrie economica.net. Utilajul TBM a fost deja cobor\u00e2t \u00een zona sta\u021biei Tokyo, iar lucr\u0103rile de asamblare sunt \u00een desf\u0103\u0219urare, conform Metrorex. S\u0103p\u0103turile efective urmeaz\u0103 [&hellip;]<\/p>\n","protected":false},"author":1,"featured_media":125662,"comment_status":"closed","ping_status":"open","sticky":false,"template":"","format":"standard","meta":{"_acf_changed":false,"inline_featured_image":false,"ngg_post_thumbnail":0,"footnotes":""},"categories":[6994,5762,650],"tags":[9,2054,2173,20429,376],"ppma_author":[22583],"class_list":["post-125657","post","type-post","status-publish","format-standard","has-post-thumbnail","hentry","category-stiri-2","category-main","category-transport","tag-bucuresti","tag-capitala","tag-m6","tag-magistrala-6-otopeni","tag-metrou"],"acf":[],"yoast_head":"<!-- This site is optimized with the Yoast SEO Premium plugin v25.3 (Yoast SEO v27.5) - https:\/\/yoast.com\/product\/yoast-seo-premium-wordpress\/ -->\n<title>M6 | Prima \u201ec\u00e2rti\u021b\u0103\u201d TBM va fi lansat\u0103 miercuri pe sec\u021biunea 1 Mai \u2013 Tokyo - Buletin de Bucure\u0219ti<\/title>\n<meta name=\"description\" content=\"M6 | Prima \u201ec\u00e2rti\u021b\u0103\u201d TBM va fi lansat\u0103 miercuri pe sec\u021biunea 1 Mai \u2013 Tokyo. Utilajul TBM a fost deja cobor\u00e2t \u00een zona sta\u021biei Tokyo.\" \/>\n<meta name=\"robots\" content=\"index, follow, max-snippet:-1, max-image-preview:large, max-video-preview:-1\" \/>\n<link rel=\"canonical\" href=\"https:\/\/buletin.de\/bucuresti\/m6-prima-cartita-tbm-va-fi-lansata-miercuri-pe-sectiunea-1-mai-tokyo\/\" \/>\n<meta property=\"og:locale\" content=\"en_GB\" \/>\n<meta property=\"og:type\" content=\"article\" \/>\n<meta property=\"og:title\" content=\"M6 | Prima \u201ec\u00e2rti\u021b\u0103\u201d TBM va fi lansat\u0103 miercuri pe sec\u021biunea 1 Mai \u2013 Tokyo\" \/>\n<meta property=\"og:description\" content=\"M6 | Prima \u201ec\u00e2rti\u021b\u0103\u201d TBM va fi lansat\u0103 miercuri pe sec\u021biunea 1 Mai \u2013 Tokyo. Utilajul TBM a fost deja cobor\u00e2t \u00een zona sta\u021biei Tokyo.\" \/>\n<meta property=\"og:url\" content=\"https:\/\/buletin.de\/bucuresti\/m6-prima-cartita-tbm-va-fi-lansata-miercuri-pe-sectiunea-1-mai-tokyo\/\" \/>\n<meta property=\"og:site_name\" content=\"Buletin de Bucure\u0219ti\" \/>\n<meta property=\"article:publisher\" content=\"https:\/\/www.facebook.com\/buletin.de.buc\" \/>\n<meta property=\"article:published_time\" content=\"2025-04-08T12:19:44+00:00\" \/>\n<meta property=\"og:image\" content=\"https:\/\/buletin.de\/bucuresti\/wp-content\/uploads\/2025\/04\/utilaj-sapat-m6-1600x852-1.png\" \/>\n\t<meta property=\"og:image:width\" content=\"1600\" \/>\n\t<meta property=\"og:image:height\" content=\"852\" \/>\n\t<meta property=\"og:image:type\" content=\"image\/png\" \/>\n<meta name=\"author\" content=\"Redac\u021bia Buletin de Bucure\u0219ti\" \/>\n<meta name=\"twitter:card\" content=\"summary_large_image\" \/>\n<meta name=\"twitter:label1\" content=\"Written by\" \/>\n\t<meta name=\"twitter:data1\" content=\"Redac\u021bia Buletin de Bucure\u0219ti\" \/>\n\t<meta name=\"twitter:label2\" content=\"Estimated reading time\" \/>\n\t<meta name=\"twitter:data2\" content=\"2 minutes\" \/>\n<script type=\"application\/ld+json\" class=\"yoast-schema-graph\">{\"@context\":\"https:\\\/\\\/schema.org\",\"@graph\":[{\"@type\":\"Article\",\"@id\":\"https:\\\/\\\/buletin.de\\\/bucuresti\\\/m6-prima-cartita-tbm-va-fi-lansata-miercuri-pe-sectiunea-1-mai-tokyo\\\/#article\",\"isPartOf\":{\"@id\":\"https:\\\/\\\/buletin.de\\\/bucuresti\\\/m6-prima-cartita-tbm-va-fi-lansata-miercuri-pe-sectiunea-1-mai-tokyo\\\/\"},\"author\":{\"name\":\"Redac\u021bia Buletin de Bucure\u0219ti\",\"@id\":\"https:\\\/\\\/buletin.de\\\/bucuresti\\\/#\\\/schema\\\/person\\\/2bbcf854e5f2419a13804af574d06ab1\"},\"headline\":\"M6 | Prima \u201ec\u00e2rti\u021b\u0103\u201d TBM va fi lansat\u0103 miercuri pe sec\u021biunea 1 Mai \u2013 Tokyo\",\"datePublished\":\"2025-04-08T12:19:44+00:00\",\"mainEntityOfPage\":{\"@id\":\"https:\\\/\\\/buletin.de\\\/bucuresti\\\/m6-prima-cartita-tbm-va-fi-lansata-miercuri-pe-sectiunea-1-mai-tokyo\\\/\"},\"wordCount\":362,\"publisher\":{\"@id\":\"https:\\\/\\\/buletin.de\\\/bucuresti\\\/#organization\"},\"image\":{\"@id\":\"https:\\\/\\\/buletin.de\\\/bucuresti\\\/m6-prima-cartita-tbm-va-fi-lansata-miercuri-pe-sectiunea-1-mai-tokyo\\\/#primaryimage\"},\"thumbnailUrl\":\"https:\\\/\\\/buletin.de\\\/bucuresti\\\/wp-content\\\/uploads\\\/2025\\\/04\\\/utilaj-sapat-m6-1600x852-1.png\",\"keywords\":[\"bucuresti\",\"Capitala\",\"m6\",\"magistrala 6 otopeni\",\"metrou\"],\"articleSection\":[\"Articole\",\"Main\",\"Transport\"],\"inLanguage\":\"en-GB\",\"copyrightYear\":\"2025\",\"copyrightHolder\":{\"@id\":\"https:\\\/\\\/buletin.de\\\/bucuresti\\\/#organization\"}},{\"@type\":\"WebPage\",\"@id\":\"https:\\\/\\\/buletin.de\\\/bucuresti\\\/m6-prima-cartita-tbm-va-fi-lansata-miercuri-pe-sectiunea-1-mai-tokyo\\\/\",\"url\":\"https:\\\/\\\/buletin.de\\\/bucuresti\\\/m6-prima-cartita-tbm-va-fi-lansata-miercuri-pe-sectiunea-1-mai-tokyo\\\/\",\"name\":\"M6 | Prima \u201ec\u00e2rti\u021b\u0103\u201d TBM va fi lansat\u0103 miercuri pe sec\u021biunea 1 Mai \u2013 Tokyo - Buletin de Bucure\u0219ti\",\"isPartOf\":{\"@id\":\"https:\\\/\\\/buletin.de\\\/bucuresti\\\/#website\"},\"primaryImageOfPage\":{\"@id\":\"https:\\\/\\\/buletin.de\\\/bucuresti\\\/m6-prima-cartita-tbm-va-fi-lansata-miercuri-pe-sectiunea-1-mai-tokyo\\\/#primaryimage\"},\"image\":{\"@id\":\"https:\\\/\\\/buletin.de\\\/bucuresti\\\/m6-prima-cartita-tbm-va-fi-lansata-miercuri-pe-sectiunea-1-mai-tokyo\\\/#primaryimage\"},\"thumbnailUrl\":\"https:\\\/\\\/buletin.de\\\/bucuresti\\\/wp-content\\\/uploads\\\/2025\\\/04\\\/utilaj-sapat-m6-1600x852-1.png\",\"datePublished\":\"2025-04-08T12:19:44+00:00\",\"description\":\"M6 | Prima \u201ec\u00e2rti\u021b\u0103\u201d TBM va fi lansat\u0103 miercuri pe sec\u021biunea 1 Mai \u2013 Tokyo. Utilajul TBM a fost deja cobor\u00e2t \u00een zona sta\u021biei Tokyo.\",\"breadcrumb\":{\"@id\":\"https:\\\/\\\/buletin.de\\\/bucuresti\\\/m6-prima-cartita-tbm-va-fi-lansata-miercuri-pe-sectiunea-1-mai-tokyo\\\/#breadcrumb\"},\"inLanguage\":\"en-GB\",\"potentialAction\":[{\"@type\":\"ReadAction\",\"target\":[\"https:\\\/\\\/buletin.de\\\/bucuresti\\\/m6-prima-cartita-tbm-va-fi-lansata-miercuri-pe-sectiunea-1-mai-tokyo\\\/\"]}]},{\"@type\":\"ImageObject\",\"inLanguage\":\"en-GB\",\"@id\":\"https:\\\/\\\/buletin.de\\\/bucuresti\\\/m6-prima-cartita-tbm-va-fi-lansata-miercuri-pe-sectiunea-1-mai-tokyo\\\/#primaryimage\",\"url\":\"https:\\\/\\\/buletin.de\\\/bucuresti\\\/wp-content\\\/uploads\\\/2025\\\/04\\\/utilaj-sapat-m6-1600x852-1.png\",\"contentUrl\":\"https:\\\/\\\/buletin.de\\\/bucuresti\\\/wp-content\\\/uploads\\\/2025\\\/04\\\/utilaj-sapat-m6-1600x852-1.png\",\"width\":1600,\"height\":852,\"caption\":\"Prima \u201ec\u00e2rti\u021b\u0103\u201d TBM va fi lansat\u0103 miercuri pe sec\u021biunea 1 Mai \u2013 Tokyo. Foto: Metrorex\"},{\"@type\":\"BreadcrumbList\",\"@id\":\"https:\\\/\\\/buletin.de\\\/bucuresti\\\/m6-prima-cartita-tbm-va-fi-lansata-miercuri-pe-sectiunea-1-mai-tokyo\\\/#breadcrumb\",\"itemListElement\":[{\"@type\":\"ListItem\",\"position\":1,\"name\":\"Acas\u0103\",\"item\":\"https:\\\/\\\/buletin.de\\\/bucuresti\\\/\"},{\"@type\":\"ListItem\",\"position\":2,\"name\":\"M6 | Prima \u201ec\u00e2rti\u021b\u0103\u201d TBM va fi lansat\u0103 miercuri pe sec\u021biunea 1 Mai \u2013 Tokyo\"}]},{\"@type\":\"WebSite\",\"@id\":\"https:\\\/\\\/buletin.de\\\/bucuresti\\\/#website\",\"url\":\"https:\\\/\\\/buletin.de\\\/bucuresti\\\/\",\"name\":\"Buletin de Bucure\u0219ti\",\"description\":\"\u0218tiri \u0219i investiga\u021bii esen\u021biale din capital\u0103\",\"publisher\":{\"@id\":\"https:\\\/\\\/buletin.de\\\/bucuresti\\\/#organization\"},\"potentialAction\":[{\"@type\":\"SearchAction\",\"target\":{\"@type\":\"EntryPoint\",\"urlTemplate\":\"https:\\\/\\\/buletin.de\\\/bucuresti\\\/?s={search_term_string}\"},\"query-input\":{\"@type\":\"PropertyValueSpecification\",\"valueRequired\":true,\"valueName\":\"search_term_string\"}}],\"inLanguage\":\"en-GB\"},{\"@type\":\"Organization\",\"@id\":\"https:\\\/\\\/buletin.de\\\/bucuresti\\\/#organization\",\"name\":\"Buletin de Bucure\u0219ti\",\"url\":\"https:\\\/\\\/buletin.de\\\/bucuresti\\\/\",\"logo\":{\"@type\":\"ImageObject\",\"inLanguage\":\"en-GB\",\"@id\":\"https:\\\/\\\/buletin.de\\\/bucuresti\\\/#\\\/schema\\\/logo\\\/image\\\/\",\"url\":\"https:\\\/\\\/buletin.de\\\/bucuresti\\\/wp-content\\\/uploads\\\/logo-bdb-full-wide-vernil-transparent.png\",\"contentUrl\":\"https:\\\/\\\/buletin.de\\\/bucuresti\\\/wp-content\\\/uploads\\\/logo-bdb-full-wide-vernil-transparent.png\",\"width\":1782,\"height\":626,\"caption\":\"Buletin de Bucure\u0219ti\"},\"image\":{\"@id\":\"https:\\\/\\\/buletin.de\\\/bucuresti\\\/#\\\/schema\\\/logo\\\/image\\\/\"},\"sameAs\":[\"https:\\\/\\\/www.facebook.com\\\/buletin.de.buc\",\"https:\\\/\\\/www.instagram.com\\\/buletinde.bucuresti\\\/\"]},{\"@type\":\"Person\",\"@id\":\"https:\\\/\\\/buletin.de\\\/bucuresti\\\/#\\\/schema\\\/person\\\/2bbcf854e5f2419a13804af574d06ab1\",\"name\":\"Redac\u021bia Buletin de Bucure\u0219ti\",\"image\":{\"@type\":\"ImageObject\",\"inLanguage\":\"en-GB\",\"@id\":\"https:\\\/\\\/secure.gravatar.com\\\/avatar\\\/18c5342381ed1a08620e6280424e3e5efc958618f5d67c522c9e44c1bc6f9226?s=96&d=monsterid&r=g60c7cd0ad92c68c049fcd4bb3504d609\",\"url\":\"https:\\\/\\\/secure.gravatar.com\\\/avatar\\\/18c5342381ed1a08620e6280424e3e5efc958618f5d67c522c9e44c1bc6f9226?s=96&d=monsterid&r=g\",\"contentUrl\":\"https:\\\/\\\/secure.gravatar.com\\\/avatar\\\/18c5342381ed1a08620e6280424e3e5efc958618f5d67c522c9e44c1bc6f9226?s=96&d=monsterid&r=g\",\"caption\":\"Redac\u021bia Buletin de Bucure\u0219ti\"},\"description\":\"Buletin de Bucure\u0219ti exist\u0103 din vara anului 2019.\",\"url\":\"https:\\\/\\\/buletin.de\\\/bucuresti\\\/author\\\/adminbuletin\\\/\"}]}<\/script>\n<!-- \/ Yoast SEO Premium plugin. -->","yoast_head_json":{"title":"M6 | Prima \u201ec\u00e2rti\u021b\u0103\u201d TBM va fi lansat\u0103 miercuri pe sec\u021biunea 1 Mai \u2013 Tokyo - Buletin de Bucure\u0219ti","description":"M6 | Prima \u201ec\u00e2rti\u021b\u0103\u201d TBM va fi lansat\u0103 miercuri pe sec\u021biunea 1 Mai \u2013 Tokyo. Utilajul TBM a fost deja cobor\u00e2t \u00een zona sta\u021biei Tokyo.","robots":{"index":"index","follow":"follow","max-snippet":"max-snippet:-1","max-image-preview":"max-image-preview:large","max-video-preview":"max-video-preview:-1"},"canonical":"https:\/\/buletin.de\/bucuresti\/m6-prima-cartita-tbm-va-fi-lansata-miercuri-pe-sectiunea-1-mai-tokyo\/","og_locale":"en_GB","og_type":"article","og_title":"M6 | Prima \u201ec\u00e2rti\u021b\u0103\u201d TBM va fi lansat\u0103 miercuri pe sec\u021biunea 1 Mai \u2013 Tokyo","og_description":"M6 | Prima \u201ec\u00e2rti\u021b\u0103\u201d TBM va fi lansat\u0103 miercuri pe sec\u021biunea 1 Mai \u2013 Tokyo. Utilajul TBM a fost deja cobor\u00e2t \u00een zona sta\u021biei Tokyo.","og_url":"https:\/\/buletin.de\/bucuresti\/m6-prima-cartita-tbm-va-fi-lansata-miercuri-pe-sectiunea-1-mai-tokyo\/","og_site_name":"Buletin de Bucure\u0219ti","article_publisher":"https:\/\/www.facebook.com\/buletin.de.buc","article_published_time":"2025-04-08T12:19:44+00:00","og_image":[{"width":1600,"height":852,"url":"https:\/\/buletin.de\/bucuresti\/wp-content\/uploads\/2025\/04\/utilaj-sapat-m6-1600x852-1.png","type":"image\/png"}],"author":"Redac\u021bia Buletin de Bucure\u0219ti","twitter_card":"summary_large_image","twitter_misc":{"Written by":"Redac\u021bia Buletin de Bucure\u0219ti","Estimated reading time":"2 minutes"},"schema":{"@context":"https:\/\/schema.org","@graph":[{"@type":"Article","@id":"https:\/\/buletin.de\/bucuresti\/m6-prima-cartita-tbm-va-fi-lansata-miercuri-pe-sectiunea-1-mai-tokyo\/#article","isPartOf":{"@id":"https:\/\/buletin.de\/bucuresti\/m6-prima-cartita-tbm-va-fi-lansata-miercuri-pe-sectiunea-1-mai-tokyo\/"},"author":{"name":"Redac\u021bia Buletin de Bucure\u0219ti","@id":"https:\/\/buletin.de\/bucuresti\/#\/schema\/person\/2bbcf854e5f2419a13804af574d06ab1"},"headline":"M6 | Prima \u201ec\u00e2rti\u021b\u0103\u201d TBM va fi lansat\u0103 miercuri pe sec\u021biunea 1 Mai \u2013 Tokyo","datePublished":"2025-04-08T12:19:44+00:00","mainEntityOfPage":{"@id":"https:\/\/buletin.de\/bucuresti\/m6-prima-cartita-tbm-va-fi-lansata-miercuri-pe-sectiunea-1-mai-tokyo\/"},"wordCount":362,"publisher":{"@id":"https:\/\/buletin.de\/bucuresti\/#organization"},"image":{"@id":"https:\/\/buletin.de\/bucuresti\/m6-prima-cartita-tbm-va-fi-lansata-miercuri-pe-sectiunea-1-mai-tokyo\/#primaryimage"},"thumbnailUrl":"https:\/\/buletin.de\/bucuresti\/wp-content\/uploads\/2025\/04\/utilaj-sapat-m6-1600x852-1.png","keywords":["bucuresti","Capitala","m6","magistrala 6 otopeni","metrou"],"articleSection":["Articole","Main","Transport"],"inLanguage":"en-GB","copyrightYear":"2025","copyrightHolder":{"@id":"https:\/\/buletin.de\/bucuresti\/#organization"}},{"@type":"WebPage","@id":"https:\/\/buletin.de\/bucuresti\/m6-prima-cartita-tbm-va-fi-lansata-miercuri-pe-sectiunea-1-mai-tokyo\/","url":"https:\/\/buletin.de\/bucuresti\/m6-prima-cartita-tbm-va-fi-lansata-miercuri-pe-sectiunea-1-mai-tokyo\/","name":"M6 | Prima \u201ec\u00e2rti\u021b\u0103\u201d TBM va fi lansat\u0103 miercuri pe sec\u021biunea 1 Mai \u2013 Tokyo - Buletin de Bucure\u0219ti","isPartOf":{"@id":"https:\/\/buletin.de\/bucuresti\/#website"},"primaryImageOfPage":{"@id":"https:\/\/buletin.de\/bucuresti\/m6-prima-cartita-tbm-va-fi-lansata-miercuri-pe-sectiunea-1-mai-tokyo\/#primaryimage"},"image":{"@id":"https:\/\/buletin.de\/bucuresti\/m6-prima-cartita-tbm-va-fi-lansata-miercuri-pe-sectiunea-1-mai-tokyo\/#primaryimage"},"thumbnailUrl":"https:\/\/buletin.de\/bucuresti\/wp-content\/uploads\/2025\/04\/utilaj-sapat-m6-1600x852-1.png","datePublished":"2025-04-08T12:19:44+00:00","description":"M6 | Prima \u201ec\u00e2rti\u021b\u0103\u201d TBM va fi lansat\u0103 miercuri pe sec\u021biunea 1 Mai \u2013 Tokyo. Utilajul TBM a fost deja cobor\u00e2t \u00een zona sta\u021biei Tokyo.","breadcrumb":{"@id":"https:\/\/buletin.de\/bucuresti\/m6-prima-cartita-tbm-va-fi-lansata-miercuri-pe-sectiunea-1-mai-tokyo\/#breadcrumb"},"inLanguage":"en-GB","potentialAction":[{"@type":"ReadAction","target":["https:\/\/buletin.de\/bucuresti\/m6-prima-cartita-tbm-va-fi-lansata-miercuri-pe-sectiunea-1-mai-tokyo\/"]}]},{"@type":"ImageObject","inLanguage":"en-GB","@id":"https:\/\/buletin.de\/bucuresti\/m6-prima-cartita-tbm-va-fi-lansata-miercuri-pe-sectiunea-1-mai-tokyo\/#primaryimage","url":"https:\/\/buletin.de\/bucuresti\/wp-content\/uploads\/2025\/04\/utilaj-sapat-m6-1600x852-1.png","contentUrl":"https:\/\/buletin.de\/bucuresti\/wp-content\/uploads\/2025\/04\/utilaj-sapat-m6-1600x852-1.png","width":1600,"height":852,"caption":"Prima \u201ec\u00e2rti\u021b\u0103\u201d TBM va fi lansat\u0103 miercuri pe sec\u021biunea 1 Mai \u2013 Tokyo. Foto: Metrorex"},{"@type":"BreadcrumbList","@id":"https:\/\/buletin.de\/bucuresti\/m6-prima-cartita-tbm-va-fi-lansata-miercuri-pe-sectiunea-1-mai-tokyo\/#breadcrumb","itemListElement":[{"@type":"ListItem","position":1,"name":"Acas\u0103","item":"https:\/\/buletin.de\/bucuresti\/"},{"@type":"ListItem","position":2,"name":"M6 | Prima \u201ec\u00e2rti\u021b\u0103\u201d TBM va fi lansat\u0103 miercuri pe sec\u021biunea 1 Mai \u2013 Tokyo"}]},{"@type":"WebSite","@id":"https:\/\/buletin.de\/bucuresti\/#website","url":"https:\/\/buletin.de\/bucuresti\/","name":"Buletin de Bucure\u0219ti","description":"\u0218tiri \u0219i investiga\u021bii esen\u021biale din capital\u0103","publisher":{"@id":"https:\/\/buletin.de\/bucuresti\/#organization"},"potentialAction":[{"@type":"SearchAction","target":{"@type":"EntryPoint","urlTemplate":"https:\/\/buletin.de\/bucuresti\/?s={search_term_string}"},"query-input":{"@type":"PropertyValueSpecification","valueRequired":true,"valueName":"search_term_string"}}],"inLanguage":"en-GB"},{"@type":"Organization","@id":"https:\/\/buletin.de\/bucuresti\/#organization","name":"Buletin de Bucure\u0219ti","url":"https:\/\/buletin.de\/bucuresti\/","logo":{"@type":"ImageObject","inLanguage":"en-GB","@id":"https:\/\/buletin.de\/bucuresti\/#\/schema\/logo\/image\/","url":"https:\/\/buletin.de\/bucuresti\/wp-content\/uploads\/logo-bdb-full-wide-vernil-transparent.png","contentUrl":"https:\/\/buletin.de\/bucuresti\/wp-content\/uploads\/logo-bdb-full-wide-vernil-transparent.png","width":1782,"height":626,"caption":"Buletin de Bucure\u0219ti"},"image":{"@id":"https:\/\/buletin.de\/bucuresti\/#\/schema\/logo\/image\/"},"sameAs":["https:\/\/www.facebook.com\/buletin.de.buc","https:\/\/www.instagram.com\/buletinde.bucuresti\/"]},{"@type":"Person","@id":"https:\/\/buletin.de\/bucuresti\/#\/schema\/person\/2bbcf854e5f2419a13804af574d06ab1","name":"Redac\u021bia Buletin de Bucure\u0219ti","image":{"@type":"ImageObject","inLanguage":"en-GB","@id":"https:\/\/secure.gravatar.com\/avatar\/18c5342381ed1a08620e6280424e3e5efc958618f5d67c522c9e44c1bc6f9226?s=96&d=monsterid&r=g60c7cd0ad92c68c049fcd4bb3504d609","url":"https:\/\/secure.gravatar.com\/avatar\/18c5342381ed1a08620e6280424e3e5efc958618f5d67c522c9e44c1bc6f9226?s=96&d=monsterid&r=g","contentUrl":"https:\/\/secure.gravatar.com\/avatar\/18c5342381ed1a08620e6280424e3e5efc958618f5d67c522c9e44c1bc6f9226?s=96&d=monsterid&r=g","caption":"Redac\u021bia Buletin de Bucure\u0219ti"},"description":"Buletin de Bucure\u0219ti exist\u0103 din vara anului 2019.","url":"https:\/\/buletin.de\/bucuresti\/author\/adminbuletin\/"}]}},"authors":[{"term_id":22583,"user_id":1,"is_guest":0,"slug":"adminbuletin","display_name":"Redac\u021bia Buletin de Bucure\u0219ti","avatar_url":"https:\/\/secure.gravatar.com\/avatar\/18c5342381ed1a08620e6280424e3e5efc958618f5d67c522c9e44c1bc6f9226?s=96&d=monsterid&r=g","0":null,"1":"","2":"","3":"","4":"","5":"","6":"","7":"","8":""}],"_links":{"self":[{"href":"https:\/\/buletin.de\/bucuresti\/wp-json\/wp\/v2\/posts\/125657","targetHints":{"allow":["GET"]}}],"collection":[{"href":"https:\/\/buletin.de\/bucuresti\/wp-json\/wp\/v2\/posts"}],"about":[{"href":"https:\/\/buletin.de\/bucuresti\/wp-json\/wp\/v2\/types\/post"}],"author":[{"embeddable":true,"href":"https:\/\/buletin.de\/bucuresti\/wp-json\/wp\/v2\/users\/1"}],"replies":[{"embeddable":true,"href":"https:\/\/buletin.de\/bucuresti\/wp-json\/wp\/v2\/comments?post=125657"}],"version-history":[{"count":1,"href":"https:\/\/buletin.de\/bucuresti\/wp-json\/wp\/v2\/posts\/125657\/revisions"}],"predecessor-version":[{"id":125664,"href":"https:\/\/buletin.de\/bucuresti\/wp-json\/wp\/v2\/posts\/125657\/revisions\/125664"}],"wp:featuredmedia":[{"embeddable":true,"href":"https:\/\/buletin.de\/bucuresti\/wp-json\/wp\/v2\/media\/125662"}],"wp:attachment":[{"href":"https:\/\/buletin.de\/bucuresti\/wp-json\/wp\/v2\/media?parent=125657"}],"wp:term":[{"taxonomy":"category","embeddable":true,"href":"https:\/\/buletin.de\/bucuresti\/wp-json\/wp\/v2\/categories?post=125657"},{"taxonomy":"post_tag","embeddable":true,"href":"https:\/\/buletin.de\/bucuresti\/wp-json\/wp\/v2\/tags?post=125657"},{"taxonomy":"author","embeddable":true,"href":"https:\/\/buletin.de\/bucuresti\/wp-json\/wp\/v2\/ppma_author?post=125657"}],"curies":[{"name":"wp","href":"https:\/\/api.w.org\/{rel}","templated":true}]}}