{"id":125640,"date":"2025-04-08T13:53:15","date_gmt":"2025-04-08T10:53:15","guid":{"rendered":"https:\/\/buletin.de\/bucuresti\/?p=125640"},"modified":"2025-04-08T16:14:04","modified_gmt":"2025-04-08T13:14:04","slug":"tren-defect-pe-magistrala-de-metrou-m4-se-circula-in-sistem-pendula-intre-gara-de-nord-2-grivita-si-grivita-straulesti","status":"publish","type":"post","link":"https:\/\/buletin.de\/bucuresti\/tren-defect-pe-magistrala-de-metrou-m4-se-circula-in-sistem-pendula-intre-gara-de-nord-2-grivita-si-grivita-straulesti\/","title":{"rendered":"Tren defect pe magistrala de metrou M4. Se circul\u0103 \u00een sistem pendul\u0103 \u00eentre Gara de Nord 2 \u2013 Grivi\u021ba \u0219i Grivi\u021ba \u2013 Str\u0103ule\u0219ti"},"content":{"rendered":"\n<p>UPDATE:<\/p>\n\n\n\n<p>\u00cencep\u00e2nd cu ora 14:30, circula\u021bia pe Magistrala 4 a fost reluat\u0103 \u00een condi\u021bii normale.<\/p>\n\n\n\n<p>\u015eTIREA INI\u0162IAL\u0102:<\/p>\n\n\n\n<p><strong>Un tren defect a generat probleme de circula\u0163ie pe magistrala M4 de metrou, \u00een jurul orei 12:30. Potrivit Metrorex, garnitura a \u00eent\u00e2mpinat probleme tehnice \u00een sta\u0163ia de metrou Basarab 2. <\/strong><\/p>\n\n\n\n<p>Din cauza blocajului, circula\u0163ia trenurilor a fost reorganizat\u0103 \u00een sistem pendul\u0103. Asta \u00eenseamn\u0103 c\u0103 trenurile circul\u0103 alternativ, pe un singur fir. Acest lucru se \u00eent\u00e2mpl\u0103 \u00eentre sta\u0163iile  Gara de Nord 2 \u2013 Grivi\u021ba \u0219i Grivi\u021ba \u2013 Str\u0103ule\u0219ti, conform comunicatului Metrorex. <\/p>\n\n\n\n<p>\u201eLa acest moment, personalul specializat Metrorex intervine prompt pentru reluarea circula\u021biei \u00een condi\u021bii normale, trenul defect urm\u00e2nd s\u0103 fie dus \u00een depou pentru verific\u0103ri \u0219i remediere\u201d, anun\u0163\u0103 compania de transport subteran.<\/p>\n\n\n\n<p><strong>CITE\u015eTE \u015eI:<\/strong> <a href=\"https:\/\/buletin.de\/bucuresti\/explozie-pe-magistrala-6-otopeni-in-statia-baneasa-un-muncitor-a-fost-ranit\/\">Explozie pe Magistrala 6 de metrou, la \u0219antierul sta\u021biei B\u0103neasa. Un muncitor a fost r\u0103nit<\/a><\/p>\n\n\n\n<p>Tren defect pe M4. \u00cen sta\u0163ii \u015fi \u00een trenuri se transmit anun\u0163uri legate de modific\u0103rile ap\u0103rute \u00een circula\u0163ia trenurilor. <\/p>\n\n\n\n<p>Garnitura care s-a defectat este de tip IVA &#8211; trenurile vechi care merg preponderent pe aceast\u0103 magistral\u0103.<\/p>\n\n\n\n<p><strong>CITE\u015eTE \u015eI:<\/strong> <a href=\"https:\/\/buletin.de\/bucuresti\/batranele-metrouri-iva-vor-fi-scoase-la-pensie-dupa-ce-va-fi-gata-m6-gara-de-nord-otopeni-intre-timp-reclamatiile-calatorilor-se-inmultesc\/\">B\u0103tr\u00e2nele metrouri IVA vor fi scoase la pensie, dup\u0103 ce va fi gata M6 Gara de Nord-Otopeni. \u00centre timp, reclama\u021biile c\u0103l\u0103torilor se \u00eenmul\u021besc<\/a><br><\/p>\n\n\n\n<div class=\"wp-block-buttons is-content-justification-center is-layout-flex wp-container-core-buttons-is-layout-16018d1d wp-block-buttons-is-layout-flex\">\n<div class=\"wp-block-button has-custom-width wp-block-button__width-100\"><a class=\"wp-block-button__link wp-element-button\" href=\"https:\/\/www.patreon.com\/BuletinDeBucuresti\"><strong>Sus\u021bine Buletin de Bucure\u0219ti pentru investiga\u021bii, reportaje \u0219i \u0219tiri Locale<\/strong><\/a><\/div>\n<\/div>\n\n\n\n<h2 class=\"wp-block-heading\" id=\"h-incident-si-pe-m2-saptamana-trecuta\">Incident \u015fi pe M2, s\u0103pt\u0103m\u00e2na trecut\u0103<\/h2>\n\n\n\n<p><strong>O degajare de fum produs\u0103 \u00een seara de joi, 3 aprilie, \u00een sta\u021bia Pia\u021ba Unirii 2 a perturbat circula\u021bia trenurilor pe Magistrala 2, scria&nbsp;<\/strong><a href=\"https:\/\/clubferoviar.ro\/degajare-de-fum-la-metrou-2\/\"><strong>clubferoviar.ro<\/strong><\/a><strong>.<\/strong><\/p>\n\n\n\n<p>Pre\u0219edintele sindicatului USLM, Marian Artimon, a declarat c\u0103 incidentul a fost cauzat de arderea unor cabluri de la \u0219ina a treia, conform sursei citate. Dup\u0103 reluarea temporar\u0103 a circula\u021biei, problema a persistat.<\/p>\n\n\n\n<p>La acel moment, Metrorex nu a comunicat public pe tema incidentului, \u00een ciuda interesului v\u0103dit al c\u0103l\u0103torilor \u015fi nu numai.<\/p>\n\n\n\n<p>Cel mai probabil, fumul a fost provocat de o izola\u021bie de plastic la \u0219ina a 3-a (cea care alimenteaz\u0103 la 750 V trenurile de metrou). De men\u021bionat faptul c\u0103 instala\u021biile de la Metrorex nu au mai fost \u00eenlocuite, pe aceast\u0103 magistral\u0103, de c\u00e2nd au fost puse \u00een func\u021biune, din anul 1979.<\/p>\n\n\n\n<p><strong>CITE\u0218TE \u0218I:&nbsp;<\/strong><a href=\"https:\/\/buletin.de\/bucuresti\/incidente-la-metrou-in-2024\/\"><strong>Incidente la metrou \u00een 2024 | \u201eTren contra tren\u201d, u\u0219i deschise \u00een mers \u0219i \u00eenchise \u00een sta\u021bie, \u0219ine rupte<\/strong><\/a><\/p>\n","protected":false},"excerpt":{"rendered":"<p>UPDATE: \u00cencep\u00e2nd cu ora 14:30, circula\u021bia pe Magistrala 4 a fost reluat\u0103 \u00een condi\u021bii normale. \u015eTIREA INI\u0162IAL\u0102: Un tren defect a generat probleme de circula\u0163ie pe magistrala M4 de metrou, \u00een jurul orei 12:30. Potrivit Metrorex, garnitura a \u00eent\u00e2mpinat probleme tehnice \u00een sta\u0163ia de metrou Basarab 2. Din cauza blocajului, circula\u0163ia trenurilor a fost reorganizat\u0103 [&hellip;]<\/p>\n","protected":false},"author":8,"featured_media":82209,"comment_status":"closed","ping_status":"open","sticky":false,"template":"","format":"standard","meta":{"_acf_changed":false,"inline_featured_image":false,"ngg_post_thumbnail":0,"footnotes":""},"categories":[6994,9026,62,650],"tags":[20421,20420,20418,1377,20419],"ppma_author":[22586],"class_list":["post-125640","post","type-post","status-publish","format-standard","has-post-thumbnail","hentry","category-stiri-2","category-eveniment","category-stiri","category-transport","tag-circulatie-sistem-pendula-m4-metrou","tag-incident-metrou-basarab-2","tag-iva","tag-m4","tag-metrou-m4-metrorex"],"acf":[],"yoast_head":"<!-- This site is optimized with the Yoast SEO Premium plugin v25.3 (Yoast SEO v27.4) - https:\/\/yoast.com\/product\/yoast-seo-premium-wordpress\/ -->\n<title>Tren defect pe magistrala de metrou M4. Se circul\u0103 \u00een sistem pendul\u0103 \u00eentre Gara de Nord 2 \u2013 Grivi\u021ba \u0219i Grivi\u021ba \u2013 Str\u0103ule\u0219ti - Buletin de Bucure\u0219ti<\/title>\n<meta name=\"description\" content=\"Un tren defect a generat probleme de circula\u0163ie pe magistrala M4 de metrou. Se circul\u0103 \u00een sistem pendul\u0103 de la Gara de Nord 2, la Str\u0103ule\u015fti.\" \/>\n<meta name=\"robots\" content=\"index, follow, max-snippet:-1, max-image-preview:large, max-video-preview:-1\" \/>\n<link rel=\"canonical\" href=\"https:\/\/buletin.de\/bucuresti\/tren-defect-pe-magistrala-de-metrou-m4-se-circula-in-sistem-pendula-intre-gara-de-nord-2-grivita-si-grivita-straulesti\/\" \/>\n<meta property=\"og:locale\" content=\"en_GB\" \/>\n<meta property=\"og:type\" content=\"article\" \/>\n<meta property=\"og:title\" content=\"Tren defect pe magistrala de metrou M4. Se circul\u0103 \u00een sistem pendul\u0103 \u00eentre Gara de Nord 2 \u2013 Grivi\u021ba \u0219i Grivi\u021ba \u2013 Str\u0103ule\u0219ti\" \/>\n<meta property=\"og:description\" content=\"Un tren defect a generat probleme de circula\u0163ie pe magistrala M4 de metrou. Se circul\u0103 \u00een sistem pendul\u0103 de la Gara de Nord 2, la Str\u0103ule\u015fti.\" \/>\n<meta property=\"og:url\" content=\"https:\/\/buletin.de\/bucuresti\/tren-defect-pe-magistrala-de-metrou-m4-se-circula-in-sistem-pendula-intre-gara-de-nord-2-grivita-si-grivita-straulesti\/\" \/>\n<meta property=\"og:site_name\" content=\"Buletin de Bucure\u0219ti\" \/>\n<meta property=\"article:publisher\" content=\"https:\/\/www.facebook.com\/buletin.de.buc\" \/>\n<meta property=\"article:published_time\" content=\"2025-04-08T10:53:15+00:00\" \/>\n<meta property=\"article:modified_time\" content=\"2025-04-08T13:14:04+00:00\" \/>\n<meta property=\"og:image\" content=\"https:\/\/buletin.de\/bucuresti\/wp-content\/uploads\/interior-metrou-iva-wikipedia.jpg\" \/>\n\t<meta property=\"og:image:width\" content=\"1024\" \/>\n\t<meta property=\"og:image:height\" content=\"768\" \/>\n\t<meta property=\"og:image:type\" content=\"image\/jpeg\" \/>\n<meta name=\"author\" content=\"Ionu\u021b Lepa\" \/>\n<meta name=\"twitter:card\" content=\"summary_large_image\" \/>\n<meta name=\"twitter:label1\" content=\"Written by\" \/>\n\t<meta name=\"twitter:data1\" content=\"Ionu\u021b Lepa\" \/>\n\t<meta name=\"twitter:label2\" content=\"Estimated reading time\" \/>\n\t<meta name=\"twitter:data2\" content=\"2 minutes\" \/>\n<script type=\"application\/ld+json\" class=\"yoast-schema-graph\">{\"@context\":\"https:\\\/\\\/schema.org\",\"@graph\":[{\"@type\":\"Article\",\"@id\":\"https:\\\/\\\/buletin.de\\\/bucuresti\\\/tren-defect-pe-magistrala-de-metrou-m4-se-circula-in-sistem-pendula-intre-gara-de-nord-2-grivita-si-grivita-straulesti\\\/#article\",\"isPartOf\":{\"@id\":\"https:\\\/\\\/buletin.de\\\/bucuresti\\\/tren-defect-pe-magistrala-de-metrou-m4-se-circula-in-sistem-pendula-intre-gara-de-nord-2-grivita-si-grivita-straulesti\\\/\"},\"author\":{\"name\":\"Ionu\u021b Lepa\",\"@id\":\"https:\\\/\\\/buletin.de\\\/bucuresti\\\/#\\\/schema\\\/person\\\/5272b8a057b33890940b57b837fc4ce6\"},\"headline\":\"Tren defect pe magistrala de metrou M4. Se circul\u0103 \u00een sistem pendul\u0103 \u00eentre Gara de Nord 2 \u2013 Grivi\u021ba \u0219i Grivi\u021ba \u2013 Str\u0103ule\u0219ti\",\"datePublished\":\"2025-04-08T10:53:15+00:00\",\"dateModified\":\"2025-04-08T13:14:04+00:00\",\"mainEntityOfPage\":{\"@id\":\"https:\\\/\\\/buletin.de\\\/bucuresti\\\/tren-defect-pe-magistrala-de-metrou-m4-se-circula-in-sistem-pendula-intre-gara-de-nord-2-grivita-si-grivita-straulesti\\\/\"},\"wordCount\":429,\"publisher\":{\"@id\":\"https:\\\/\\\/buletin.de\\\/bucuresti\\\/#organization\"},\"image\":{\"@id\":\"https:\\\/\\\/buletin.de\\\/bucuresti\\\/tren-defect-pe-magistrala-de-metrou-m4-se-circula-in-sistem-pendula-intre-gara-de-nord-2-grivita-si-grivita-straulesti\\\/#primaryimage\"},\"thumbnailUrl\":\"https:\\\/\\\/buletin.de\\\/bucuresti\\\/wp-content\\\/uploads\\\/interior-metrou-iva-wikipedia.jpg\",\"keywords\":[\"circulatie sistem pendula m4 metrou\",\"incident metrou basarab 2\",\"iva\",\"M4\",\"metrou m4 metrorex\"],\"articleSection\":[\"Articole\",\"Eveniment\",\"\u0218tiri\",\"Transport\"],\"inLanguage\":\"en-GB\",\"copyrightYear\":\"2025\",\"copyrightHolder\":{\"@id\":\"https:\\\/\\\/buletin.de\\\/bucuresti\\\/#organization\"}},{\"@type\":\"WebPage\",\"@id\":\"https:\\\/\\\/buletin.de\\\/bucuresti\\\/tren-defect-pe-magistrala-de-metrou-m4-se-circula-in-sistem-pendula-intre-gara-de-nord-2-grivita-si-grivita-straulesti\\\/\",\"url\":\"https:\\\/\\\/buletin.de\\\/bucuresti\\\/tren-defect-pe-magistrala-de-metrou-m4-se-circula-in-sistem-pendula-intre-gara-de-nord-2-grivita-si-grivita-straulesti\\\/\",\"name\":\"Tren defect pe magistrala de metrou M4. Se circul\u0103 \u00een sistem pendul\u0103 \u00eentre Gara de Nord 2 \u2013 Grivi\u021ba \u0219i Grivi\u021ba \u2013 Str\u0103ule\u0219ti - Buletin de Bucure\u0219ti\",\"isPartOf\":{\"@id\":\"https:\\\/\\\/buletin.de\\\/bucuresti\\\/#website\"},\"primaryImageOfPage\":{\"@id\":\"https:\\\/\\\/buletin.de\\\/bucuresti\\\/tren-defect-pe-magistrala-de-metrou-m4-se-circula-in-sistem-pendula-intre-gara-de-nord-2-grivita-si-grivita-straulesti\\\/#primaryimage\"},\"image\":{\"@id\":\"https:\\\/\\\/buletin.de\\\/bucuresti\\\/tren-defect-pe-magistrala-de-metrou-m4-se-circula-in-sistem-pendula-intre-gara-de-nord-2-grivita-si-grivita-straulesti\\\/#primaryimage\"},\"thumbnailUrl\":\"https:\\\/\\\/buletin.de\\\/bucuresti\\\/wp-content\\\/uploads\\\/interior-metrou-iva-wikipedia.jpg\",\"datePublished\":\"2025-04-08T10:53:15+00:00\",\"dateModified\":\"2025-04-08T13:14:04+00:00\",\"description\":\"Un tren defect a generat probleme de circula\u0163ie pe magistrala M4 de metrou. Se circul\u0103 \u00een sistem pendul\u0103 de la Gara de Nord 2, la Str\u0103ule\u015fti.\",\"breadcrumb\":{\"@id\":\"https:\\\/\\\/buletin.de\\\/bucuresti\\\/tren-defect-pe-magistrala-de-metrou-m4-se-circula-in-sistem-pendula-intre-gara-de-nord-2-grivita-si-grivita-straulesti\\\/#breadcrumb\"},\"inLanguage\":\"en-GB\",\"potentialAction\":[{\"@type\":\"ReadAction\",\"target\":[\"https:\\\/\\\/buletin.de\\\/bucuresti\\\/tren-defect-pe-magistrala-de-metrou-m4-se-circula-in-sistem-pendula-intre-gara-de-nord-2-grivita-si-grivita-straulesti\\\/\"]}]},{\"@type\":\"ImageObject\",\"inLanguage\":\"en-GB\",\"@id\":\"https:\\\/\\\/buletin.de\\\/bucuresti\\\/tren-defect-pe-magistrala-de-metrou-m4-se-circula-in-sistem-pendula-intre-gara-de-nord-2-grivita-si-grivita-straulesti\\\/#primaryimage\",\"url\":\"https:\\\/\\\/buletin.de\\\/bucuresti\\\/wp-content\\\/uploads\\\/interior-metrou-iva-wikipedia.jpg\",\"contentUrl\":\"https:\\\/\\\/buletin.de\\\/bucuresti\\\/wp-content\\\/uploads\\\/interior-metrou-iva-wikipedia.jpg\",\"width\":1024,\"height\":768,\"caption\":\"Tren IVA defect pe magistrala M4. FOTO: Wikipedia, arhiv\u0103\"},{\"@type\":\"BreadcrumbList\",\"@id\":\"https:\\\/\\\/buletin.de\\\/bucuresti\\\/tren-defect-pe-magistrala-de-metrou-m4-se-circula-in-sistem-pendula-intre-gara-de-nord-2-grivita-si-grivita-straulesti\\\/#breadcrumb\",\"itemListElement\":[{\"@type\":\"ListItem\",\"position\":1,\"name\":\"Acas\u0103\",\"item\":\"https:\\\/\\\/buletin.de\\\/bucuresti\\\/\"},{\"@type\":\"ListItem\",\"position\":2,\"name\":\"Tren defect pe magistrala de metrou M4. Se circul\u0103 \u00een sistem pendul\u0103 \u00eentre Gara de Nord 2 \u2013 Grivi\u021ba \u0219i Grivi\u021ba \u2013 Str\u0103ule\u0219ti\"}]},{\"@type\":\"WebSite\",\"@id\":\"https:\\\/\\\/buletin.de\\\/bucuresti\\\/#website\",\"url\":\"https:\\\/\\\/buletin.de\\\/bucuresti\\\/\",\"name\":\"Buletin de Bucure\u0219ti\",\"description\":\"\u0218tiri \u0219i investiga\u021bii esen\u021biale din capital\u0103\",\"publisher\":{\"@id\":\"https:\\\/\\\/buletin.de\\\/bucuresti\\\/#organization\"},\"potentialAction\":[{\"@type\":\"SearchAction\",\"target\":{\"@type\":\"EntryPoint\",\"urlTemplate\":\"https:\\\/\\\/buletin.de\\\/bucuresti\\\/?s={search_term_string}\"},\"query-input\":{\"@type\":\"PropertyValueSpecification\",\"valueRequired\":true,\"valueName\":\"search_term_string\"}}],\"inLanguage\":\"en-GB\"},{\"@type\":\"Organization\",\"@id\":\"https:\\\/\\\/buletin.de\\\/bucuresti\\\/#organization\",\"name\":\"Buletin de Bucure\u0219ti\",\"url\":\"https:\\\/\\\/buletin.de\\\/bucuresti\\\/\",\"logo\":{\"@type\":\"ImageObject\",\"inLanguage\":\"en-GB\",\"@id\":\"https:\\\/\\\/buletin.de\\\/bucuresti\\\/#\\\/schema\\\/logo\\\/image\\\/\",\"url\":\"https:\\\/\\\/buletin.de\\\/bucuresti\\\/wp-content\\\/uploads\\\/logo-bdb-full-wide-vernil-transparent.png\",\"contentUrl\":\"https:\\\/\\\/buletin.de\\\/bucuresti\\\/wp-content\\\/uploads\\\/logo-bdb-full-wide-vernil-transparent.png\",\"width\":1782,\"height\":626,\"caption\":\"Buletin de Bucure\u0219ti\"},\"image\":{\"@id\":\"https:\\\/\\\/buletin.de\\\/bucuresti\\\/#\\\/schema\\\/logo\\\/image\\\/\"},\"sameAs\":[\"https:\\\/\\\/www.facebook.com\\\/buletin.de.buc\",\"https:\\\/\\\/www.instagram.com\\\/buletinde.bucuresti\\\/\"]},{\"@type\":\"Person\",\"@id\":\"https:\\\/\\\/buletin.de\\\/bucuresti\\\/#\\\/schema\\\/person\\\/5272b8a057b33890940b57b837fc4ce6\",\"name\":\"Ionu\u021b Lepa\",\"image\":{\"@type\":\"ImageObject\",\"inLanguage\":\"en-GB\",\"@id\":\"https:\\\/\\\/buletin.de\\\/bucuresti\\\/wp-content\\\/uploads\\\/Ionut-Lepa-96x96.jpg5c4e4d9e049808799a8821652d2410a4\",\"url\":\"https:\\\/\\\/buletin.de\\\/bucuresti\\\/wp-content\\\/uploads\\\/Ionut-Lepa-96x96.jpg\",\"contentUrl\":\"https:\\\/\\\/buletin.de\\\/bucuresti\\\/wp-content\\\/uploads\\\/Ionut-Lepa-96x96.jpg\",\"caption\":\"Ionu\u021b Lepa\"},\"url\":\"https:\\\/\\\/buletin.de\\\/bucuresti\\\/author\\\/ionutlepa\\\/\"}]}<\/script>\n<!-- \/ Yoast SEO Premium plugin. -->","yoast_head_json":{"title":"Tren defect pe magistrala de metrou M4. Se circul\u0103 \u00een sistem pendul\u0103 \u00eentre Gara de Nord 2 \u2013 Grivi\u021ba \u0219i Grivi\u021ba \u2013 Str\u0103ule\u0219ti - Buletin de Bucure\u0219ti","description":"Un tren defect a generat probleme de circula\u0163ie pe magistrala M4 de metrou. Se circul\u0103 \u00een sistem pendul\u0103 de la Gara de Nord 2, la Str\u0103ule\u015fti.","robots":{"index":"index","follow":"follow","max-snippet":"max-snippet:-1","max-image-preview":"max-image-preview:large","max-video-preview":"max-video-preview:-1"},"canonical":"https:\/\/buletin.de\/bucuresti\/tren-defect-pe-magistrala-de-metrou-m4-se-circula-in-sistem-pendula-intre-gara-de-nord-2-grivita-si-grivita-straulesti\/","og_locale":"en_GB","og_type":"article","og_title":"Tren defect pe magistrala de metrou M4. Se circul\u0103 \u00een sistem pendul\u0103 \u00eentre Gara de Nord 2 \u2013 Grivi\u021ba \u0219i Grivi\u021ba \u2013 Str\u0103ule\u0219ti","og_description":"Un tren defect a generat probleme de circula\u0163ie pe magistrala M4 de metrou. Se circul\u0103 \u00een sistem pendul\u0103 de la Gara de Nord 2, la Str\u0103ule\u015fti.","og_url":"https:\/\/buletin.de\/bucuresti\/tren-defect-pe-magistrala-de-metrou-m4-se-circula-in-sistem-pendula-intre-gara-de-nord-2-grivita-si-grivita-straulesti\/","og_site_name":"Buletin de Bucure\u0219ti","article_publisher":"https:\/\/www.facebook.com\/buletin.de.buc","article_published_time":"2025-04-08T10:53:15+00:00","article_modified_time":"2025-04-08T13:14:04+00:00","og_image":[{"width":1024,"height":768,"url":"https:\/\/buletin.de\/bucuresti\/wp-content\/uploads\/interior-metrou-iva-wikipedia.jpg","type":"image\/jpeg"}],"author":"Ionu\u021b Lepa","twitter_card":"summary_large_image","twitter_misc":{"Written by":"Ionu\u021b Lepa","Estimated reading time":"2 minutes"},"schema":{"@context":"https:\/\/schema.org","@graph":[{"@type":"Article","@id":"https:\/\/buletin.de\/bucuresti\/tren-defect-pe-magistrala-de-metrou-m4-se-circula-in-sistem-pendula-intre-gara-de-nord-2-grivita-si-grivita-straulesti\/#article","isPartOf":{"@id":"https:\/\/buletin.de\/bucuresti\/tren-defect-pe-magistrala-de-metrou-m4-se-circula-in-sistem-pendula-intre-gara-de-nord-2-grivita-si-grivita-straulesti\/"},"author":{"name":"Ionu\u021b Lepa","@id":"https:\/\/buletin.de\/bucuresti\/#\/schema\/person\/5272b8a057b33890940b57b837fc4ce6"},"headline":"Tren defect pe magistrala de metrou M4. Se circul\u0103 \u00een sistem pendul\u0103 \u00eentre Gara de Nord 2 \u2013 Grivi\u021ba \u0219i Grivi\u021ba \u2013 Str\u0103ule\u0219ti","datePublished":"2025-04-08T10:53:15+00:00","dateModified":"2025-04-08T13:14:04+00:00","mainEntityOfPage":{"@id":"https:\/\/buletin.de\/bucuresti\/tren-defect-pe-magistrala-de-metrou-m4-se-circula-in-sistem-pendula-intre-gara-de-nord-2-grivita-si-grivita-straulesti\/"},"wordCount":429,"publisher":{"@id":"https:\/\/buletin.de\/bucuresti\/#organization"},"image":{"@id":"https:\/\/buletin.de\/bucuresti\/tren-defect-pe-magistrala-de-metrou-m4-se-circula-in-sistem-pendula-intre-gara-de-nord-2-grivita-si-grivita-straulesti\/#primaryimage"},"thumbnailUrl":"https:\/\/buletin.de\/bucuresti\/wp-content\/uploads\/interior-metrou-iva-wikipedia.jpg","keywords":["circulatie sistem pendula m4 metrou","incident metrou basarab 2","iva","M4","metrou m4 metrorex"],"articleSection":["Articole","Eveniment","\u0218tiri","Transport"],"inLanguage":"en-GB","copyrightYear":"2025","copyrightHolder":{"@id":"https:\/\/buletin.de\/bucuresti\/#organization"}},{"@type":"WebPage","@id":"https:\/\/buletin.de\/bucuresti\/tren-defect-pe-magistrala-de-metrou-m4-se-circula-in-sistem-pendula-intre-gara-de-nord-2-grivita-si-grivita-straulesti\/","url":"https:\/\/buletin.de\/bucuresti\/tren-defect-pe-magistrala-de-metrou-m4-se-circula-in-sistem-pendula-intre-gara-de-nord-2-grivita-si-grivita-straulesti\/","name":"Tren defect pe magistrala de metrou M4. Se circul\u0103 \u00een sistem pendul\u0103 \u00eentre Gara de Nord 2 \u2013 Grivi\u021ba \u0219i Grivi\u021ba \u2013 Str\u0103ule\u0219ti - Buletin de Bucure\u0219ti","isPartOf":{"@id":"https:\/\/buletin.de\/bucuresti\/#website"},"primaryImageOfPage":{"@id":"https:\/\/buletin.de\/bucuresti\/tren-defect-pe-magistrala-de-metrou-m4-se-circula-in-sistem-pendula-intre-gara-de-nord-2-grivita-si-grivita-straulesti\/#primaryimage"},"image":{"@id":"https:\/\/buletin.de\/bucuresti\/tren-defect-pe-magistrala-de-metrou-m4-se-circula-in-sistem-pendula-intre-gara-de-nord-2-grivita-si-grivita-straulesti\/#primaryimage"},"thumbnailUrl":"https:\/\/buletin.de\/bucuresti\/wp-content\/uploads\/interior-metrou-iva-wikipedia.jpg","datePublished":"2025-04-08T10:53:15+00:00","dateModified":"2025-04-08T13:14:04+00:00","description":"Un tren defect a generat probleme de circula\u0163ie pe magistrala M4 de metrou. Se circul\u0103 \u00een sistem pendul\u0103 de la Gara de Nord 2, la Str\u0103ule\u015fti.","breadcrumb":{"@id":"https:\/\/buletin.de\/bucuresti\/tren-defect-pe-magistrala-de-metrou-m4-se-circula-in-sistem-pendula-intre-gara-de-nord-2-grivita-si-grivita-straulesti\/#breadcrumb"},"inLanguage":"en-GB","potentialAction":[{"@type":"ReadAction","target":["https:\/\/buletin.de\/bucuresti\/tren-defect-pe-magistrala-de-metrou-m4-se-circula-in-sistem-pendula-intre-gara-de-nord-2-grivita-si-grivita-straulesti\/"]}]},{"@type":"ImageObject","inLanguage":"en-GB","@id":"https:\/\/buletin.de\/bucuresti\/tren-defect-pe-magistrala-de-metrou-m4-se-circula-in-sistem-pendula-intre-gara-de-nord-2-grivita-si-grivita-straulesti\/#primaryimage","url":"https:\/\/buletin.de\/bucuresti\/wp-content\/uploads\/interior-metrou-iva-wikipedia.jpg","contentUrl":"https:\/\/buletin.de\/bucuresti\/wp-content\/uploads\/interior-metrou-iva-wikipedia.jpg","width":1024,"height":768,"caption":"Tren IVA defect pe magistrala M4. FOTO: Wikipedia, arhiv\u0103"},{"@type":"BreadcrumbList","@id":"https:\/\/buletin.de\/bucuresti\/tren-defect-pe-magistrala-de-metrou-m4-se-circula-in-sistem-pendula-intre-gara-de-nord-2-grivita-si-grivita-straulesti\/#breadcrumb","itemListElement":[{"@type":"ListItem","position":1,"name":"Acas\u0103","item":"https:\/\/buletin.de\/bucuresti\/"},{"@type":"ListItem","position":2,"name":"Tren defect pe magistrala de metrou M4. Se circul\u0103 \u00een sistem pendul\u0103 \u00eentre Gara de Nord 2 \u2013 Grivi\u021ba \u0219i Grivi\u021ba \u2013 Str\u0103ule\u0219ti"}]},{"@type":"WebSite","@id":"https:\/\/buletin.de\/bucuresti\/#website","url":"https:\/\/buletin.de\/bucuresti\/","name":"Buletin de Bucure\u0219ti","description":"\u0218tiri \u0219i investiga\u021bii esen\u021biale din capital\u0103","publisher":{"@id":"https:\/\/buletin.de\/bucuresti\/#organization"},"potentialAction":[{"@type":"SearchAction","target":{"@type":"EntryPoint","urlTemplate":"https:\/\/buletin.de\/bucuresti\/?s={search_term_string}"},"query-input":{"@type":"PropertyValueSpecification","valueRequired":true,"valueName":"search_term_string"}}],"inLanguage":"en-GB"},{"@type":"Organization","@id":"https:\/\/buletin.de\/bucuresti\/#organization","name":"Buletin de Bucure\u0219ti","url":"https:\/\/buletin.de\/bucuresti\/","logo":{"@type":"ImageObject","inLanguage":"en-GB","@id":"https:\/\/buletin.de\/bucuresti\/#\/schema\/logo\/image\/","url":"https:\/\/buletin.de\/bucuresti\/wp-content\/uploads\/logo-bdb-full-wide-vernil-transparent.png","contentUrl":"https:\/\/buletin.de\/bucuresti\/wp-content\/uploads\/logo-bdb-full-wide-vernil-transparent.png","width":1782,"height":626,"caption":"Buletin de Bucure\u0219ti"},"image":{"@id":"https:\/\/buletin.de\/bucuresti\/#\/schema\/logo\/image\/"},"sameAs":["https:\/\/www.facebook.com\/buletin.de.buc","https:\/\/www.instagram.com\/buletinde.bucuresti\/"]},{"@type":"Person","@id":"https:\/\/buletin.de\/bucuresti\/#\/schema\/person\/5272b8a057b33890940b57b837fc4ce6","name":"Ionu\u021b Lepa","image":{"@type":"ImageObject","inLanguage":"en-GB","@id":"https:\/\/buletin.de\/bucuresti\/wp-content\/uploads\/Ionut-Lepa-96x96.jpg5c4e4d9e049808799a8821652d2410a4","url":"https:\/\/buletin.de\/bucuresti\/wp-content\/uploads\/Ionut-Lepa-96x96.jpg","contentUrl":"https:\/\/buletin.de\/bucuresti\/wp-content\/uploads\/Ionut-Lepa-96x96.jpg","caption":"Ionu\u021b Lepa"},"url":"https:\/\/buletin.de\/bucuresti\/author\/ionutlepa\/"}]}},"authors":[{"term_id":22586,"user_id":8,"is_guest":0,"slug":"ionutlepa","display_name":"Ionu\u021b Lepa","avatar_url":"https:\/\/buletin.de\/bucuresti\/wp-content\/uploads\/Ionut-Lepa-96x96.jpg","0":null,"1":"","2":"","3":"","4":"","5":"","6":"","7":"","8":""}],"_links":{"self":[{"href":"https:\/\/buletin.de\/bucuresti\/wp-json\/wp\/v2\/posts\/125640","targetHints":{"allow":["GET"]}}],"collection":[{"href":"https:\/\/buletin.de\/bucuresti\/wp-json\/wp\/v2\/posts"}],"about":[{"href":"https:\/\/buletin.de\/bucuresti\/wp-json\/wp\/v2\/types\/post"}],"author":[{"embeddable":true,"href":"https:\/\/buletin.de\/bucuresti\/wp-json\/wp\/v2\/users\/8"}],"replies":[{"embeddable":true,"href":"https:\/\/buletin.de\/bucuresti\/wp-json\/wp\/v2\/comments?post=125640"}],"version-history":[{"count":3,"href":"https:\/\/buletin.de\/bucuresti\/wp-json\/wp\/v2\/posts\/125640\/revisions"}],"predecessor-version":[{"id":125671,"href":"https:\/\/buletin.de\/bucuresti\/wp-json\/wp\/v2\/posts\/125640\/revisions\/125671"}],"wp:featuredmedia":[{"embeddable":true,"href":"https:\/\/buletin.de\/bucuresti\/wp-json\/wp\/v2\/media\/82209"}],"wp:attachment":[{"href":"https:\/\/buletin.de\/bucuresti\/wp-json\/wp\/v2\/media?parent=125640"}],"wp:term":[{"taxonomy":"category","embeddable":true,"href":"https:\/\/buletin.de\/bucuresti\/wp-json\/wp\/v2\/categories?post=125640"},{"taxonomy":"post_tag","embeddable":true,"href":"https:\/\/buletin.de\/bucuresti\/wp-json\/wp\/v2\/tags?post=125640"},{"taxonomy":"author","embeddable":true,"href":"https:\/\/buletin.de\/bucuresti\/wp-json\/wp\/v2\/ppma_author?post=125640"}],"curies":[{"name":"wp","href":"https:\/\/api.w.org\/{rel}","templated":true}]}}