{"id":125639,"date":"2025-04-08T13:55:09","date_gmt":"2025-04-08T10:55:09","guid":{"rendered":"https:\/\/buletin.de\/bucuresti\/?p=125639"},"modified":"2025-04-08T13:55:09","modified_gmt":"2025-04-08T10:55:09","slug":"termoficare-lucrari-de-reabilitare-in-cinci-sectoare-peste-800-de-blocuri-fara-apa-calda-si-caldura","status":"publish","type":"post","link":"https:\/\/buletin.de\/bucuresti\/termoficare-lucrari-de-reabilitare-in-cinci-sectoare-peste-800-de-blocuri-fara-apa-calda-si-caldura\/","title":{"rendered":"TERMOFICARE | Lucr\u0103ri de reabilitare \u00een cinci sectoare. Peste 800 de blocuri f\u0103r\u0103 ap\u0103 cald\u0103 \u0219i c\u0103ldur\u0103"},"content":{"rendered":"\n<p><strong>Noi lucr\u0103ri de reabilitare a re\u0163elei de termoficare au loc \u00een cinci dintre cele \u015fase sectoare ale Capitalei.<\/strong> <strong>Peste 800 de blocuri din Capital\u0103, majoritatea din Sectorul 2, r\u0103m\u00e2n f\u0103r\u0103 ap\u0103 cald\u0103 \u015fi c\u0103ldur\u0103 p\u00e2n\u0103 la finalizarea interven\u0163iilor. <strong>\u00cen schimb, consumatorii de Sectorul 5 nu vor fi deloc afecta\u0163i de \u015fantierul din bulevardul Ion Mihalache.<\/strong> <\/strong><\/p>\n\n\n\n<p>Interven\u021biile vizeaz\u0103 conductele re\u021belei termice primare. Lucr\u0103rile sunt urgente, fiind necesare pentru remedierea unor avarii provocate de func\u021bionarea re\u021belei la temperaturi exterioare sc\u0103zute, precizeaz\u0103 Compania Municipal\u0103 Termoenergetica Bucure\u0219ti (CMTEB) S.A. Se vor schimba conducte vechi de zeci de ani, <strong>cea mai veche fiind dat\u0103 \u00een uz \u00eenc\u0103 din 1965, <mark style=\"background-color:rgba(0, 0, 0, 0)\" class=\"has-inline-color has-vivid-red-color\">acum 60 de ani<\/mark><\/strong>.<\/p>\n\n\n\n<p>Interven\u0163iile au durate diferite, \u00een func\u021bie de complexitate, \u00eens\u0103 toate ar trebui finalizate p\u00e2n\u0103 \u00een seara de s\u00e2mb\u0103t\u0103, 12 aprilie, potrivit termenelor \u00eenaintate de companie.<\/p>\n\n\n\n<div class=\"wp-block-buttons is-content-justification-center is-layout-flex wp-container-core-buttons-is-layout-16018d1d wp-block-buttons-is-layout-flex\">\n<div class=\"wp-block-button has-custom-width wp-block-button__width-100\"><a class=\"wp-block-button__link wp-element-button\" href=\"https:\/\/www.patreon.com\/BuletinDeBucuresti\"><strong>Sus\u021bine Buletin de Bucure\u0219ti pentru investiga\u021bii, reportaje \u0219i \u0219tiri Locale<\/strong><\/a><\/div>\n<\/div>\n\n\n\n<h2 class=\"wp-block-heading\" id=\"h-lucrari-de-reabilitare-a-retelei-de-termoficare-in-cinci-sectoare\">Lucr\u0103ri de reabilitare a re\u0163elei de termoficare \u00een cinci sectoare<\/h2>\n\n\n\n<p>Termoenergetica anun\u021b\u0103 c\u0103 vor fi efectuate lucr\u0103ri de reabilitare a re\u0163elei de termificare \u00een urm\u0103toarele zone:<\/p>\n\n\n\n<ul class=\"wp-block-list\">\n<li><strong>Sectorul 1<\/strong>: \u00cen zona Ion Mihalache \u2013 Iancu de Hunedoara \u2013 Calea Floreasca \u2013 \u0218oseaua Pipera \u2013 Nicolae Caranfil, <mark style=\"background-color:rgba(0, 0, 0, 0)\" class=\"has-inline-color has-vivid-red-color\"><strong>263 <\/strong><\/mark>de blocuri \u0219i imobile sunt afectate p\u00e2n\u0103 pe 9 aprilie. Tot \u00een Sectorul 1, \u00een zona G\u0103rii de Nord, alte <mark style=\"background-color:rgba(0, 0, 0, 0)\" class=\"has-inline-color has-vivid-red-color\"><strong>57 <\/strong><\/mark>de blocuri sunt afectate p\u00e2n\u0103 pe 11 aprilie. Anul de punere \u00een func\u021biune a conductei din aceast\u0103 zon\u0103 este 1965, aceast\u0103 por\u021biune de re\u021bea av\u00e2nd 60 de ani de func\u021bionare.<\/li>\n\n\n\n<li><strong>Sectorul 2<\/strong>: Sunt \u00een desf\u0103\u0219urare lucr\u0103ri \u00een zonele Lacul Tei, Aleea Circului, strada Ote\u0219ani \u0219i \u0218oseaua \u0218tefan cel Mare. Aproximativ <mark style=\"background-color:rgba(0, 0, 0, 0)\" class=\"has-inline-color has-vivid-red-color\"><strong>409 <\/strong><\/mark>blocuri \u0219i imobile sunt afectate, \u00een func\u021bie de zona \u0219i complexitatea interven\u021biilor, p\u00e2n\u0103 pe 12 aprilie.<\/li>\n\n\n\n<li><strong>Sectorul 3<\/strong>: Pe Splaiul Unirii, lucr\u0103rile de blindare a conductelor opresc livrarea agentului termic pentru 6 imobile \u0219i dou\u0103 industrii p\u00e2n\u0103 pe 11 aprilie.<\/li>\n\n\n\n<li><strong>Sectorul 4<\/strong>: \u00cen zona Str\u0103zilor Secerei \u0219i C\u0103r\u0103ruia, <mark style=\"background-color:rgba(0, 0, 0, 0)\" class=\"has-inline-color has-vivid-red-color\"><strong>21 <\/strong><\/mark>de blocuri r\u0103m\u00e2n f\u0103r\u0103 ap\u0103 cald\u0103 \u0219i c\u0103ldur\u0103 \u00een perioada 9\u201311 aprilie.<\/li>\n\n\n\n<li><strong>Sectorul 6<\/strong>: \u00cen zona Bulevardului 1 Mai, <strong><mark style=\"background-color:rgba(0, 0, 0, 0)\" class=\"has-inline-color has-vivid-red-color\">111 <\/mark><\/strong>blocuri sunt afectate p\u00e2n\u0103 pe 10 aprilie, din cauza unor lucr\u0103ri de re\u00eentregire a conductei.<\/li>\n<\/ul>\n\n\n\n<h2 class=\"wp-block-heading\" id=\"h-termenele-pot-fi-prelungite-in-func\u021bie-de-starea-conductelor\">Termenele pot fi prelungite, \u00een func\u021bie de starea conductelor<\/h2>\n\n\n\n<p>Termoenergetica aminte\u0219te c\u0103 termenele de repunere \u00een func\u021biune a sistemului sunt estimate \u00eenainte de deschiderea \u0219antierelor \u0219i decopertarea galeriilor, \u00eens\u0103 acestea pot fi prelungite, \u00een func\u021bie de complexitatea lucr\u0103rilor, mai precis de starea de degradare a conductelor.<\/p>\n\n\n\n<p>Lista complet\u0103 a imobilelor afectate, precum \u0219i termenele estimate pentru repornirea apei calde pot fi consultate pe aplica\u021bia Termoalert sau pe <a href=\"https:\/\/www.cmteb.ro\/functionare_sistem_termoficare.php\">site-ul CMTEB<\/a>.<\/p>\n\n\n\n<p><strong>CITE\u0218TE \u0218I: <a href=\"https:\/\/buletin.de\/bucuresti\/o-cruce-de-7-tone-a-fost-montata-pe-turla-principala-a-catedralei-mantuirii-neamului\/\">O cruce de 7 tone a fost montat\u0103 pe turla principal\u0103 a Catedralei M\u00e2ntuirii Neamului<\/a><\/strong><\/p>\n","protected":false},"excerpt":{"rendered":"<p>Noi lucr\u0103ri de reabilitare a re\u0163elei de termoficare au loc \u00een cinci dintre cele \u015fase sectoare ale Capitalei. Peste 800 de blocuri din Capital\u0103, majoritatea din Sectorul 2, r\u0103m\u00e2n f\u0103r\u0103 ap\u0103 cald\u0103 \u015fi c\u0103ldur\u0103 p\u00e2n\u0103 la finalizarea interven\u0163iilor. \u00cen schimb, consumatorii de Sectorul 5 nu vor fi deloc afecta\u0163i de \u015fantierul din bulevardul Ion Mihalache. [&hellip;]<\/p>\n","protected":false},"author":59,"featured_media":125641,"comment_status":"closed","ping_status":"open","sticky":false,"template":"","format":"standard","meta":{"_acf_changed":false,"inline_featured_image":false,"ngg_post_thumbnail":0,"footnotes":""},"categories":[6994,5762,6214],"tags":[10667,9,2054,439,533,288],"ppma_author":[22572],"class_list":["post-125639","post","type-post","status-publish","format-standard","has-post-thumbnail","hentry","category-stiri-2","category-main","category-termo","tag-blocuri-fara-apa-calda-si-caldura","tag-bucuresti","tag-capitala","tag-lucrari","tag-termoenergetica","tag-termoficare"],"acf":[],"yoast_head":"<!-- This site is optimized with the Yoast SEO Premium plugin v25.3 (Yoast SEO v27.4) - https:\/\/yoast.com\/product\/yoast-seo-premium-wordpress\/ -->\n<title>TERMOFICARE | Lucr\u0103ri de reabilitare \u00een cinci sectoare. Peste 800 de blocuri f\u0103r\u0103 ap\u0103 cald\u0103 \u0219i c\u0103ldur\u0103 - Buletin de Bucure\u0219ti<\/title>\n<meta name=\"description\" content=\"TERMOFICARE | Lucr\u0103ri de reabilitare \u00een cinci sectoare. Peste 800 blocuri f\u0103r\u0103 ap\u0103 cald\u0103 \u0219i c\u0103ldur\u0103 \u00een Capital\u0103.\" \/>\n<meta name=\"robots\" content=\"index, follow, max-snippet:-1, max-image-preview:large, max-video-preview:-1\" \/>\n<link rel=\"canonical\" href=\"https:\/\/buletin.de\/bucuresti\/termoficare-lucrari-de-reabilitare-in-cinci-sectoare-peste-800-de-blocuri-fara-apa-calda-si-caldura\/\" \/>\n<meta property=\"og:locale\" content=\"en_GB\" \/>\n<meta property=\"og:type\" content=\"article\" \/>\n<meta property=\"og:title\" content=\"TERMOFICARE | Lucr\u0103ri de reabilitare \u00een cinci sectoare. Peste 800 de blocuri f\u0103r\u0103 ap\u0103 cald\u0103 \u0219i c\u0103ldur\u0103\" \/>\n<meta property=\"og:description\" content=\"TERMOFICARE | Lucr\u0103ri de reabilitare \u00een cinci sectoare. Peste 800 blocuri f\u0103r\u0103 ap\u0103 cald\u0103 \u0219i c\u0103ldur\u0103 \u00een Capital\u0103.\" \/>\n<meta property=\"og:url\" content=\"https:\/\/buletin.de\/bucuresti\/termoficare-lucrari-de-reabilitare-in-cinci-sectoare-peste-800-de-blocuri-fara-apa-calda-si-caldura\/\" \/>\n<meta property=\"og:site_name\" content=\"Buletin de Bucure\u0219ti\" \/>\n<meta property=\"article:publisher\" content=\"https:\/\/www.facebook.com\/buletin.de.buc\" \/>\n<meta property=\"article:published_time\" content=\"2025-04-08T10:55:09+00:00\" \/>\n<meta property=\"og:image\" content=\"https:\/\/buletin.de\/bucuresti\/wp-content\/uploads\/2025\/04\/termoficaree.jpg\" \/>\n\t<meta property=\"og:image:width\" content=\"821\" \/>\n\t<meta property=\"og:image:height\" content=\"467\" \/>\n\t<meta property=\"og:image:type\" content=\"image\/jpeg\" \/>\n<meta name=\"author\" content=\"C\u0103t\u0103lin Anghel-Dimache\" \/>\n<meta name=\"twitter:card\" content=\"summary_large_image\" \/>\n<meta name=\"twitter:label1\" content=\"Written by\" \/>\n\t<meta name=\"twitter:data1\" content=\"C\u0103t\u0103lin Anghel-Dimache\" \/>\n\t<meta name=\"twitter:label2\" content=\"Estimated reading time\" \/>\n\t<meta name=\"twitter:data2\" content=\"3 minutes\" \/>\n<script type=\"application\/ld+json\" class=\"yoast-schema-graph\">{\"@context\":\"https:\\\/\\\/schema.org\",\"@graph\":[{\"@type\":\"Article\",\"@id\":\"https:\\\/\\\/buletin.de\\\/bucuresti\\\/termoficare-lucrari-de-reabilitare-in-cinci-sectoare-peste-800-de-blocuri-fara-apa-calda-si-caldura\\\/#article\",\"isPartOf\":{\"@id\":\"https:\\\/\\\/buletin.de\\\/bucuresti\\\/termoficare-lucrari-de-reabilitare-in-cinci-sectoare-peste-800-de-blocuri-fara-apa-calda-si-caldura\\\/\"},\"author\":{\"name\":\"C\u0103t\u0103lin Anghel-Dimache\",\"@id\":\"https:\\\/\\\/buletin.de\\\/bucuresti\\\/#\\\/schema\\\/person\\\/0ac9db30080482be87c7386a30f98796\"},\"headline\":\"TERMOFICARE | Lucr\u0103ri de reabilitare \u00een cinci sectoare. Peste 800 de blocuri f\u0103r\u0103 ap\u0103 cald\u0103 \u0219i c\u0103ldur\u0103\",\"datePublished\":\"2025-04-08T10:55:09+00:00\",\"mainEntityOfPage\":{\"@id\":\"https:\\\/\\\/buletin.de\\\/bucuresti\\\/termoficare-lucrari-de-reabilitare-in-cinci-sectoare-peste-800-de-blocuri-fara-apa-calda-si-caldura\\\/\"},\"wordCount\":481,\"publisher\":{\"@id\":\"https:\\\/\\\/buletin.de\\\/bucuresti\\\/#organization\"},\"image\":{\"@id\":\"https:\\\/\\\/buletin.de\\\/bucuresti\\\/termoficare-lucrari-de-reabilitare-in-cinci-sectoare-peste-800-de-blocuri-fara-apa-calda-si-caldura\\\/#primaryimage\"},\"thumbnailUrl\":\"https:\\\/\\\/buletin.de\\\/bucuresti\\\/wp-content\\\/uploads\\\/2025\\\/04\\\/termoficaree.jpg\",\"keywords\":[\"blocuri fara apa calda si caldura\",\"bucuresti\",\"Capitala\",\"lucrari\",\"termoenergetica\",\"termoficare\"],\"articleSection\":[\"Articole\",\"Main\",\"Termoficare\"],\"inLanguage\":\"en-GB\",\"copyrightYear\":\"2025\",\"copyrightHolder\":{\"@id\":\"https:\\\/\\\/buletin.de\\\/bucuresti\\\/#organization\"}},{\"@type\":\"WebPage\",\"@id\":\"https:\\\/\\\/buletin.de\\\/bucuresti\\\/termoficare-lucrari-de-reabilitare-in-cinci-sectoare-peste-800-de-blocuri-fara-apa-calda-si-caldura\\\/\",\"url\":\"https:\\\/\\\/buletin.de\\\/bucuresti\\\/termoficare-lucrari-de-reabilitare-in-cinci-sectoare-peste-800-de-blocuri-fara-apa-calda-si-caldura\\\/\",\"name\":\"TERMOFICARE | Lucr\u0103ri de reabilitare \u00een cinci sectoare. Peste 800 de blocuri f\u0103r\u0103 ap\u0103 cald\u0103 \u0219i c\u0103ldur\u0103 - Buletin de Bucure\u0219ti\",\"isPartOf\":{\"@id\":\"https:\\\/\\\/buletin.de\\\/bucuresti\\\/#website\"},\"primaryImageOfPage\":{\"@id\":\"https:\\\/\\\/buletin.de\\\/bucuresti\\\/termoficare-lucrari-de-reabilitare-in-cinci-sectoare-peste-800-de-blocuri-fara-apa-calda-si-caldura\\\/#primaryimage\"},\"image\":{\"@id\":\"https:\\\/\\\/buletin.de\\\/bucuresti\\\/termoficare-lucrari-de-reabilitare-in-cinci-sectoare-peste-800-de-blocuri-fara-apa-calda-si-caldura\\\/#primaryimage\"},\"thumbnailUrl\":\"https:\\\/\\\/buletin.de\\\/bucuresti\\\/wp-content\\\/uploads\\\/2025\\\/04\\\/termoficaree.jpg\",\"datePublished\":\"2025-04-08T10:55:09+00:00\",\"description\":\"TERMOFICARE | Lucr\u0103ri de reabilitare \u00een cinci sectoare. Peste 800 blocuri f\u0103r\u0103 ap\u0103 cald\u0103 \u0219i c\u0103ldur\u0103 \u00een Capital\u0103.\",\"breadcrumb\":{\"@id\":\"https:\\\/\\\/buletin.de\\\/bucuresti\\\/termoficare-lucrari-de-reabilitare-in-cinci-sectoare-peste-800-de-blocuri-fara-apa-calda-si-caldura\\\/#breadcrumb\"},\"inLanguage\":\"en-GB\",\"potentialAction\":[{\"@type\":\"ReadAction\",\"target\":[\"https:\\\/\\\/buletin.de\\\/bucuresti\\\/termoficare-lucrari-de-reabilitare-in-cinci-sectoare-peste-800-de-blocuri-fara-apa-calda-si-caldura\\\/\"]}]},{\"@type\":\"ImageObject\",\"inLanguage\":\"en-GB\",\"@id\":\"https:\\\/\\\/buletin.de\\\/bucuresti\\\/termoficare-lucrari-de-reabilitare-in-cinci-sectoare-peste-800-de-blocuri-fara-apa-calda-si-caldura\\\/#primaryimage\",\"url\":\"https:\\\/\\\/buletin.de\\\/bucuresti\\\/wp-content\\\/uploads\\\/2025\\\/04\\\/termoficaree.jpg\",\"contentUrl\":\"https:\\\/\\\/buletin.de\\\/bucuresti\\\/wp-content\\\/uploads\\\/2025\\\/04\\\/termoficaree.jpg\",\"width\":821,\"height\":467,\"caption\":\"Peste 800 blocuri f\u0103r\u0103 ap\u0103 cald\u0103 \u0219i c\u0103ldur\u0103. Foto: Nicu\u0219or Dan \\\/ FB\"},{\"@type\":\"BreadcrumbList\",\"@id\":\"https:\\\/\\\/buletin.de\\\/bucuresti\\\/termoficare-lucrari-de-reabilitare-in-cinci-sectoare-peste-800-de-blocuri-fara-apa-calda-si-caldura\\\/#breadcrumb\",\"itemListElement\":[{\"@type\":\"ListItem\",\"position\":1,\"name\":\"Acas\u0103\",\"item\":\"https:\\\/\\\/buletin.de\\\/bucuresti\\\/\"},{\"@type\":\"ListItem\",\"position\":2,\"name\":\"TERMOFICARE | Lucr\u0103ri de reabilitare \u00een cinci sectoare. Peste 800 de blocuri f\u0103r\u0103 ap\u0103 cald\u0103 \u0219i c\u0103ldur\u0103\"}]},{\"@type\":\"WebSite\",\"@id\":\"https:\\\/\\\/buletin.de\\\/bucuresti\\\/#website\",\"url\":\"https:\\\/\\\/buletin.de\\\/bucuresti\\\/\",\"name\":\"Buletin de Bucure\u0219ti\",\"description\":\"\u0218tiri \u0219i investiga\u021bii esen\u021biale din capital\u0103\",\"publisher\":{\"@id\":\"https:\\\/\\\/buletin.de\\\/bucuresti\\\/#organization\"},\"potentialAction\":[{\"@type\":\"SearchAction\",\"target\":{\"@type\":\"EntryPoint\",\"urlTemplate\":\"https:\\\/\\\/buletin.de\\\/bucuresti\\\/?s={search_term_string}\"},\"query-input\":{\"@type\":\"PropertyValueSpecification\",\"valueRequired\":true,\"valueName\":\"search_term_string\"}}],\"inLanguage\":\"en-GB\"},{\"@type\":\"Organization\",\"@id\":\"https:\\\/\\\/buletin.de\\\/bucuresti\\\/#organization\",\"name\":\"Buletin de Bucure\u0219ti\",\"url\":\"https:\\\/\\\/buletin.de\\\/bucuresti\\\/\",\"logo\":{\"@type\":\"ImageObject\",\"inLanguage\":\"en-GB\",\"@id\":\"https:\\\/\\\/buletin.de\\\/bucuresti\\\/#\\\/schema\\\/logo\\\/image\\\/\",\"url\":\"https:\\\/\\\/buletin.de\\\/bucuresti\\\/wp-content\\\/uploads\\\/logo-bdb-full-wide-vernil-transparent.png\",\"contentUrl\":\"https:\\\/\\\/buletin.de\\\/bucuresti\\\/wp-content\\\/uploads\\\/logo-bdb-full-wide-vernil-transparent.png\",\"width\":1782,\"height\":626,\"caption\":\"Buletin de Bucure\u0219ti\"},\"image\":{\"@id\":\"https:\\\/\\\/buletin.de\\\/bucuresti\\\/#\\\/schema\\\/logo\\\/image\\\/\"},\"sameAs\":[\"https:\\\/\\\/www.facebook.com\\\/buletin.de.buc\",\"https:\\\/\\\/www.instagram.com\\\/buletinde.bucuresti\\\/\"]},{\"@type\":\"Person\",\"@id\":\"https:\\\/\\\/buletin.de\\\/bucuresti\\\/#\\\/schema\\\/person\\\/0ac9db30080482be87c7386a30f98796\",\"name\":\"C\u0103t\u0103lin Anghel-Dimache\",\"image\":{\"@type\":\"ImageObject\",\"inLanguage\":\"en-GB\",\"@id\":\"https:\\\/\\\/buletin.de\\\/bucuresti\\\/wp-content\\\/uploads\\\/Catalin-Anghel-Dimache-96x96.jpgbd9e43c5b25186d5b8e917ac61ad86c4\",\"url\":\"https:\\\/\\\/buletin.de\\\/bucuresti\\\/wp-content\\\/uploads\\\/Catalin-Anghel-Dimache-96x96.jpg\",\"contentUrl\":\"https:\\\/\\\/buletin.de\\\/bucuresti\\\/wp-content\\\/uploads\\\/Catalin-Anghel-Dimache-96x96.jpg\",\"caption\":\"C\u0103t\u0103lin Anghel-Dimache\"},\"description\":\"A absolvit Facultatea de Jurnalism \u0219i \u0218tiin\u021bele Comunic\u0103rii a Universit\u0103\u021bii din Bucure\u0219ti \u00een 2024. Scrie despre mediu \u0219i teme sociale, dar \u0219i despre cum se reflect\u0103 ele \u00een via\u021ba cotidian\u0103 a bucure\u0219tenilor, cu un ochi atent la pove\u0219tile personale din spatele titlurilor. N\u0103scut \u0219i crescut \u00een Bucure\u0219ti, a f\u0103cut un pas c\u0103tre presa local\u0103, din pasiune pentru ora\u0219ul s\u0103u \u0219i oamenii din el.\",\"url\":\"https:\\\/\\\/buletin.de\\\/bucuresti\\\/author\\\/catalin-anghel-dimache\\\/\"}]}<\/script>\n<!-- \/ Yoast SEO Premium plugin. -->","yoast_head_json":{"title":"TERMOFICARE | Lucr\u0103ri de reabilitare \u00een cinci sectoare. Peste 800 de blocuri f\u0103r\u0103 ap\u0103 cald\u0103 \u0219i c\u0103ldur\u0103 - Buletin de Bucure\u0219ti","description":"TERMOFICARE | Lucr\u0103ri de reabilitare \u00een cinci sectoare. Peste 800 blocuri f\u0103r\u0103 ap\u0103 cald\u0103 \u0219i c\u0103ldur\u0103 \u00een Capital\u0103.","robots":{"index":"index","follow":"follow","max-snippet":"max-snippet:-1","max-image-preview":"max-image-preview:large","max-video-preview":"max-video-preview:-1"},"canonical":"https:\/\/buletin.de\/bucuresti\/termoficare-lucrari-de-reabilitare-in-cinci-sectoare-peste-800-de-blocuri-fara-apa-calda-si-caldura\/","og_locale":"en_GB","og_type":"article","og_title":"TERMOFICARE | Lucr\u0103ri de reabilitare \u00een cinci sectoare. Peste 800 de blocuri f\u0103r\u0103 ap\u0103 cald\u0103 \u0219i c\u0103ldur\u0103","og_description":"TERMOFICARE | Lucr\u0103ri de reabilitare \u00een cinci sectoare. Peste 800 blocuri f\u0103r\u0103 ap\u0103 cald\u0103 \u0219i c\u0103ldur\u0103 \u00een Capital\u0103.","og_url":"https:\/\/buletin.de\/bucuresti\/termoficare-lucrari-de-reabilitare-in-cinci-sectoare-peste-800-de-blocuri-fara-apa-calda-si-caldura\/","og_site_name":"Buletin de Bucure\u0219ti","article_publisher":"https:\/\/www.facebook.com\/buletin.de.buc","article_published_time":"2025-04-08T10:55:09+00:00","og_image":[{"width":821,"height":467,"url":"https:\/\/buletin.de\/bucuresti\/wp-content\/uploads\/2025\/04\/termoficaree.jpg","type":"image\/jpeg"}],"author":"C\u0103t\u0103lin Anghel-Dimache","twitter_card":"summary_large_image","twitter_misc":{"Written by":"C\u0103t\u0103lin Anghel-Dimache","Estimated reading time":"3 minutes"},"schema":{"@context":"https:\/\/schema.org","@graph":[{"@type":"Article","@id":"https:\/\/buletin.de\/bucuresti\/termoficare-lucrari-de-reabilitare-in-cinci-sectoare-peste-800-de-blocuri-fara-apa-calda-si-caldura\/#article","isPartOf":{"@id":"https:\/\/buletin.de\/bucuresti\/termoficare-lucrari-de-reabilitare-in-cinci-sectoare-peste-800-de-blocuri-fara-apa-calda-si-caldura\/"},"author":{"name":"C\u0103t\u0103lin Anghel-Dimache","@id":"https:\/\/buletin.de\/bucuresti\/#\/schema\/person\/0ac9db30080482be87c7386a30f98796"},"headline":"TERMOFICARE | Lucr\u0103ri de reabilitare \u00een cinci sectoare. Peste 800 de blocuri f\u0103r\u0103 ap\u0103 cald\u0103 \u0219i c\u0103ldur\u0103","datePublished":"2025-04-08T10:55:09+00:00","mainEntityOfPage":{"@id":"https:\/\/buletin.de\/bucuresti\/termoficare-lucrari-de-reabilitare-in-cinci-sectoare-peste-800-de-blocuri-fara-apa-calda-si-caldura\/"},"wordCount":481,"publisher":{"@id":"https:\/\/buletin.de\/bucuresti\/#organization"},"image":{"@id":"https:\/\/buletin.de\/bucuresti\/termoficare-lucrari-de-reabilitare-in-cinci-sectoare-peste-800-de-blocuri-fara-apa-calda-si-caldura\/#primaryimage"},"thumbnailUrl":"https:\/\/buletin.de\/bucuresti\/wp-content\/uploads\/2025\/04\/termoficaree.jpg","keywords":["blocuri fara apa calda si caldura","bucuresti","Capitala","lucrari","termoenergetica","termoficare"],"articleSection":["Articole","Main","Termoficare"],"inLanguage":"en-GB","copyrightYear":"2025","copyrightHolder":{"@id":"https:\/\/buletin.de\/bucuresti\/#organization"}},{"@type":"WebPage","@id":"https:\/\/buletin.de\/bucuresti\/termoficare-lucrari-de-reabilitare-in-cinci-sectoare-peste-800-de-blocuri-fara-apa-calda-si-caldura\/","url":"https:\/\/buletin.de\/bucuresti\/termoficare-lucrari-de-reabilitare-in-cinci-sectoare-peste-800-de-blocuri-fara-apa-calda-si-caldura\/","name":"TERMOFICARE | Lucr\u0103ri de reabilitare \u00een cinci sectoare. Peste 800 de blocuri f\u0103r\u0103 ap\u0103 cald\u0103 \u0219i c\u0103ldur\u0103 - Buletin de Bucure\u0219ti","isPartOf":{"@id":"https:\/\/buletin.de\/bucuresti\/#website"},"primaryImageOfPage":{"@id":"https:\/\/buletin.de\/bucuresti\/termoficare-lucrari-de-reabilitare-in-cinci-sectoare-peste-800-de-blocuri-fara-apa-calda-si-caldura\/#primaryimage"},"image":{"@id":"https:\/\/buletin.de\/bucuresti\/termoficare-lucrari-de-reabilitare-in-cinci-sectoare-peste-800-de-blocuri-fara-apa-calda-si-caldura\/#primaryimage"},"thumbnailUrl":"https:\/\/buletin.de\/bucuresti\/wp-content\/uploads\/2025\/04\/termoficaree.jpg","datePublished":"2025-04-08T10:55:09+00:00","description":"TERMOFICARE | Lucr\u0103ri de reabilitare \u00een cinci sectoare. Peste 800 blocuri f\u0103r\u0103 ap\u0103 cald\u0103 \u0219i c\u0103ldur\u0103 \u00een Capital\u0103.","breadcrumb":{"@id":"https:\/\/buletin.de\/bucuresti\/termoficare-lucrari-de-reabilitare-in-cinci-sectoare-peste-800-de-blocuri-fara-apa-calda-si-caldura\/#breadcrumb"},"inLanguage":"en-GB","potentialAction":[{"@type":"ReadAction","target":["https:\/\/buletin.de\/bucuresti\/termoficare-lucrari-de-reabilitare-in-cinci-sectoare-peste-800-de-blocuri-fara-apa-calda-si-caldura\/"]}]},{"@type":"ImageObject","inLanguage":"en-GB","@id":"https:\/\/buletin.de\/bucuresti\/termoficare-lucrari-de-reabilitare-in-cinci-sectoare-peste-800-de-blocuri-fara-apa-calda-si-caldura\/#primaryimage","url":"https:\/\/buletin.de\/bucuresti\/wp-content\/uploads\/2025\/04\/termoficaree.jpg","contentUrl":"https:\/\/buletin.de\/bucuresti\/wp-content\/uploads\/2025\/04\/termoficaree.jpg","width":821,"height":467,"caption":"Peste 800 blocuri f\u0103r\u0103 ap\u0103 cald\u0103 \u0219i c\u0103ldur\u0103. Foto: Nicu\u0219or Dan \/ FB"},{"@type":"BreadcrumbList","@id":"https:\/\/buletin.de\/bucuresti\/termoficare-lucrari-de-reabilitare-in-cinci-sectoare-peste-800-de-blocuri-fara-apa-calda-si-caldura\/#breadcrumb","itemListElement":[{"@type":"ListItem","position":1,"name":"Acas\u0103","item":"https:\/\/buletin.de\/bucuresti\/"},{"@type":"ListItem","position":2,"name":"TERMOFICARE | Lucr\u0103ri de reabilitare \u00een cinci sectoare. Peste 800 de blocuri f\u0103r\u0103 ap\u0103 cald\u0103 \u0219i c\u0103ldur\u0103"}]},{"@type":"WebSite","@id":"https:\/\/buletin.de\/bucuresti\/#website","url":"https:\/\/buletin.de\/bucuresti\/","name":"Buletin de Bucure\u0219ti","description":"\u0218tiri \u0219i investiga\u021bii esen\u021biale din capital\u0103","publisher":{"@id":"https:\/\/buletin.de\/bucuresti\/#organization"},"potentialAction":[{"@type":"SearchAction","target":{"@type":"EntryPoint","urlTemplate":"https:\/\/buletin.de\/bucuresti\/?s={search_term_string}"},"query-input":{"@type":"PropertyValueSpecification","valueRequired":true,"valueName":"search_term_string"}}],"inLanguage":"en-GB"},{"@type":"Organization","@id":"https:\/\/buletin.de\/bucuresti\/#organization","name":"Buletin de Bucure\u0219ti","url":"https:\/\/buletin.de\/bucuresti\/","logo":{"@type":"ImageObject","inLanguage":"en-GB","@id":"https:\/\/buletin.de\/bucuresti\/#\/schema\/logo\/image\/","url":"https:\/\/buletin.de\/bucuresti\/wp-content\/uploads\/logo-bdb-full-wide-vernil-transparent.png","contentUrl":"https:\/\/buletin.de\/bucuresti\/wp-content\/uploads\/logo-bdb-full-wide-vernil-transparent.png","width":1782,"height":626,"caption":"Buletin de Bucure\u0219ti"},"image":{"@id":"https:\/\/buletin.de\/bucuresti\/#\/schema\/logo\/image\/"},"sameAs":["https:\/\/www.facebook.com\/buletin.de.buc","https:\/\/www.instagram.com\/buletinde.bucuresti\/"]},{"@type":"Person","@id":"https:\/\/buletin.de\/bucuresti\/#\/schema\/person\/0ac9db30080482be87c7386a30f98796","name":"C\u0103t\u0103lin Anghel-Dimache","image":{"@type":"ImageObject","inLanguage":"en-GB","@id":"https:\/\/buletin.de\/bucuresti\/wp-content\/uploads\/Catalin-Anghel-Dimache-96x96.jpgbd9e43c5b25186d5b8e917ac61ad86c4","url":"https:\/\/buletin.de\/bucuresti\/wp-content\/uploads\/Catalin-Anghel-Dimache-96x96.jpg","contentUrl":"https:\/\/buletin.de\/bucuresti\/wp-content\/uploads\/Catalin-Anghel-Dimache-96x96.jpg","caption":"C\u0103t\u0103lin Anghel-Dimache"},"description":"A absolvit Facultatea de Jurnalism \u0219i \u0218tiin\u021bele Comunic\u0103rii a Universit\u0103\u021bii din Bucure\u0219ti \u00een 2024. Scrie despre mediu \u0219i teme sociale, dar \u0219i despre cum se reflect\u0103 ele \u00een via\u021ba cotidian\u0103 a bucure\u0219tenilor, cu un ochi atent la pove\u0219tile personale din spatele titlurilor. N\u0103scut \u0219i crescut \u00een Bucure\u0219ti, a f\u0103cut un pas c\u0103tre presa local\u0103, din pasiune pentru ora\u0219ul s\u0103u \u0219i oamenii din el.","url":"https:\/\/buletin.de\/bucuresti\/author\/catalin-anghel-dimache\/"}]}},"authors":[{"term_id":22572,"user_id":59,"is_guest":0,"slug":"catalin-anghel-dimache","display_name":"C\u0103t\u0103lin Anghel-Dimache","avatar_url":"https:\/\/buletin.de\/bucuresti\/wp-content\/uploads\/Catalin-Anghel-Dimache-96x96.jpg","0":null,"1":"","2":"","3":"","4":"","5":"","6":"","7":"","8":""}],"_links":{"self":[{"href":"https:\/\/buletin.de\/bucuresti\/wp-json\/wp\/v2\/posts\/125639","targetHints":{"allow":["GET"]}}],"collection":[{"href":"https:\/\/buletin.de\/bucuresti\/wp-json\/wp\/v2\/posts"}],"about":[{"href":"https:\/\/buletin.de\/bucuresti\/wp-json\/wp\/v2\/types\/post"}],"author":[{"embeddable":true,"href":"https:\/\/buletin.de\/bucuresti\/wp-json\/wp\/v2\/users\/59"}],"replies":[{"embeddable":true,"href":"https:\/\/buletin.de\/bucuresti\/wp-json\/wp\/v2\/comments?post=125639"}],"version-history":[{"count":2,"href":"https:\/\/buletin.de\/bucuresti\/wp-json\/wp\/v2\/posts\/125639\/revisions"}],"predecessor-version":[{"id":125645,"href":"https:\/\/buletin.de\/bucuresti\/wp-json\/wp\/v2\/posts\/125639\/revisions\/125645"}],"wp:featuredmedia":[{"embeddable":true,"href":"https:\/\/buletin.de\/bucuresti\/wp-json\/wp\/v2\/media\/125641"}],"wp:attachment":[{"href":"https:\/\/buletin.de\/bucuresti\/wp-json\/wp\/v2\/media?parent=125639"}],"wp:term":[{"taxonomy":"category","embeddable":true,"href":"https:\/\/buletin.de\/bucuresti\/wp-json\/wp\/v2\/categories?post=125639"},{"taxonomy":"post_tag","embeddable":true,"href":"https:\/\/buletin.de\/bucuresti\/wp-json\/wp\/v2\/tags?post=125639"},{"taxonomy":"author","embeddable":true,"href":"https:\/\/buletin.de\/bucuresti\/wp-json\/wp\/v2\/ppma_author?post=125639"}],"curies":[{"name":"wp","href":"https:\/\/api.w.org\/{rel}","templated":true}]}}