{"id":125634,"date":"2025-04-08T12:54:18","date_gmt":"2025-04-08T09:54:18","guid":{"rendered":"https:\/\/buletin.de\/bucuresti\/?p=125634"},"modified":"2025-04-08T12:54:18","modified_gmt":"2025-04-08T09:54:18","slug":"o-cruce-de-7-tone-a-fost-montata-pe-turla-principala-a-catedralei-mantuirii-neamului","status":"publish","type":"post","link":"https:\/\/buletin.de\/bucuresti\/o-cruce-de-7-tone-a-fost-montata-pe-turla-principala-a-catedralei-mantuirii-neamului\/","title":{"rendered":"O cruce de 7 tone a fost montat\u0103 pe turla principal\u0103 a Catedralei M\u00e2ntuirii Neamului"},"content":{"rendered":"\n<p><strong>O cruce de \u0219apte tone a fost montat\u0103 mar\u021bi, 8 aprilie, pe turla principal\u0103 a Catedralei M\u00e2ntuirii Neamului din Bucure\u0219ti, cunoscut\u0103 sub denumirea de Turla Pantocrator, scrie <\/strong><a href=\"https:\/\/www.digi24.ro\/stiri\/actualitate\/social\/o-cruce-de-7-tone-a-fost-montata-pe-turla-mare-a-catedralei-mantuirii-neamului-3189959\"><strong>Digi24.ro<\/strong><\/a><strong>. Ridicarea crucii a fost realizat\u0103 cu ajutorul unei macarale a c\u0103rei asamblare a \u00eenceput pe 24 martie.<\/strong><\/p>\n\n\n\n<p>Turla poart\u0103 acest nume pentru c\u0103, potrivit tradi\u021biei cre\u0219tine, \u00een interiorul cupolei principale este pictat Iisus Hristos Pantocrator (Atot\u0163iitorul).<\/p>\n\n\n\n<p>\u00cenaintea mont\u0103rii, a avut loc o slujb\u0103 de sfin\u021bire oficiat\u0103 de episcopul vicar patriarhal Varlaam Ploie\u0219teanul \u0219i p\u0103rintele Ciprian Gr\u0103dinaru, eclesiarh al Paraclisului Catedralei.<\/p>\n\n\n\n<p>Crucea are o \u00een\u0103l\u021bime de \u0219apte metri, iar cifra \u0219apte are o semnifica\u021bie simbolic\u0103 \u00een spiritualitatea cre\u0219tin\u0103, asociat\u0103 cu des\u0103v\u00e2r\u0219irea \u0219i plin\u0103tatea, a spus episcopul Varlaam Ploie\u0219teanul. Acesta a descris crucea drept un \u201esemn de speran\u021b\u0103 \u0219i lumin\u0103\u201d pentru credincio\u0219ii din \u021bar\u0103 \u0219i din str\u0103in\u0103tate.<\/p>\n\n\n\n<p><strong>Cite\u0219te mai multe pe <\/strong><a href=\"https:\/\/www.digi24.ro\/stiri\/actualitate\/social\/o-cruce-de-7-tone-a-fost-montata-pe-turla-mare-a-catedralei-mantuirii-neamului-3189959\"><strong>Digi24.ro<\/strong><\/a><strong>.<\/strong><\/p>\n\n\n\n<div class=\"wp-block-buttons is-content-justification-center is-layout-flex wp-container-core-buttons-is-layout-16018d1d wp-block-buttons-is-layout-flex\">\n<div class=\"wp-block-button has-custom-width wp-block-button__width-100\"><a class=\"wp-block-button__link wp-element-button\" href=\"https:\/\/www.patreon.com\/BuletinDeBucuresti\"><strong>Sus\u021bine Buletin de Bucure\u0219ti pentru investiga\u021bii, reportaje \u0219i \u0219tiri Locale<\/strong><\/a><\/div>\n<\/div>\n\n\n\n<h2 class=\"wp-block-heading\" id=\"h-psd-pnl-\u0219i-pusl-au-luat-bani-de-la-cultura-\u0219i-i-au-dat-pentru-catedrala-neamului-20-000-000-de-lei\"><strong>PSD, PNL \u0219i PUSL au luat bani de la cultur\u0103 \u0219i i-au dat pentru Catedrala Neamului: 20.000.000 de lei<\/strong><\/h2>\n\n\n\n<p><strong>Consilierii generali ai PSD-PNL-PUSL au adoptat un amendament la bugetul Capitalei prin care au mutat 20 de milioane de lei de la alte activit\u0103\u021bi ale centrului cultural Palatele Br\u00e2ncovene\u0219ti pentru Catedrala Neamului, dup\u0103 cum a scris Buletin de Bucure\u0219ti <a href=\"https:\/\/buletin.de\/bucuresti\/psd-pnl-si-pusl-au-luat-bani-de-la-cultura-si-i-a-dat-pentru-catedrala-neamului-20-000-000-de-lei\/\">AICI<\/a>.<\/strong><\/p>\n\n\n\n<p><em>\u201e\u00cen bugetul\/programul de investi\u021bii publice al Palatelor Br\u00e2ncovene\u0219ti de la Por\u021bile Bucure\u0219tiului, anexa 2.4, la venituri se majoreaz\u0103 indicatorii 43.10.09 cu suma de\u00a0<strong><mark style=\"background-color:rgba(0, 0, 0, 0)\" class=\"has-inline-color has-vivid-red-color\">+20.000 mii lei<\/mark>\u00a0<\/strong>\u0219i 43.10.19 cu suma de\u00a0<strong><mark style=\"background-color:rgba(0, 0, 0, 0)\" class=\"has-inline-color has-vivid-red-color\">+4.000 mii lei<\/mark><\/strong>, la cheltuieli se majoreaz\u0103 art. 20.19 cu suma de\u00a0<strong><mark style=\"background-color:rgba(0, 0, 0, 0)\" class=\"has-inline-color has-vivid-red-color\">+20.000 mii lei<\/mark><\/strong>, modific\u00e2ndu-se corespunz\u0103tor anexa privind sprijinul financiar pentru l\u0103ca\u0219uri de cult cu introducerea l\u0103ca\u0219ului Catedrala M\u00e2ntuirii Neamului cu suma de 20.000 mii lei, alin. 71.01.01, cu suma de +4.000 mii lei prin introducerea obiectivului Amenajarea \u0219i Restaurare<br>ansamblu istoric Mogo\u021boaia \u2013 Refacere invelitori la obiectivele Ghel\u0103rie, Casa de oaspe\u021bi \u2013 Corp C, Turn acces, Corpuri A \u0219i B \u0219i Restaurare \u0219i extindere Zona Central\u0103 cf. HCGMB nr. 377\/ 2024\u201d la credite bugetare \u0219i<br>de angajament\u201d<\/em>, se arat\u0103 \u00een amendament.<\/p>\n\n\n\n<p><a href=\"https:\/\/doc.pmb.ro\/consiliu\/sedinte\/548\/oz\/a_p1_20250403213114.pdf\" target=\"_blank\" rel=\"noreferrer noopener\">Propunerea PSD-PNL-PUSL<\/a>, citit\u0103 de consilierul general Bodgan Jelea (PUSL), a fost votat\u0103 de 35 dintre consilierii generali.<\/p>\n\n\n\n<p>Practic, prin acest amendament, suma a fost luat\u0103 din bugetul Palatelor Br\u00e2ncovene\u0219ti din subordinea Capitalei, dup\u0103 ce PSD-PNL-PUSL \u00eei mutase, prin amendament, \u00een bugetul institu\u021biei.<\/p>\n\n\n\n<p><strong>BdB\u00a0<\/strong>a mai scris, la finalul anului trecut, c\u0103 <a href=\"https:\/\/buletin.de\/bucuresti\/bucuresti-peste-26-milioane-lei-au-dat-primariile-catre-biserici-in-2024-cu-cat-a-contribuit-fiecare-sector\/\">peste 26 milioane lei au dat prim\u0103riile din Bucure\u0219ti c\u0103tre biserici<\/a>, conform unei centraliz\u0103ri realizate de redac\u021bie.<\/p>\n\n\n\n<p><strong>Cea mai \u201eprielnic\u0103\u201d perioad\u0103 pentru parohii a fost cea a s\u0103rb\u0103torilor pascale, c\u00e2nd 4 din cele 6 prim\u0103rii de sector le-au alocat zeci de mii de euro.<\/strong><\/p>\n\n\n\n<p><strong>Dintre tranzac\u0163iile analizate, cea mai mare sum\u0103 a plecat din conturile Prim\u0103riei Sectorului 1 c\u0103tre un l\u0103ca\u015f din Sectorul 5.<\/strong><\/p>\n\n\n\n<p>Este vorba despre Catedrala M\u00e2nturii Neamului, care a primit&nbsp;<strong>10 milioane de lei&nbsp;<\/strong>pentru finalizarea lucr\u0103rilor la cea mai mare biseric\u0103 din \u0163ar\u0103.<\/p>\n\n\n\n<p><strong>CITE\u0218TE \u0218I: <a href=\"https:\/\/buletin.de\/bucuresti\/psd-pnl-si-pusl-au-luat-bani-de-la-cultura-si-i-a-dat-pentru-catedrala-neamului-20-000-000-de-lei\/\">PSD, PNL \u0219i PUSL au luat bani de la cultur\u0103 \u0219i i-au dat pentru Catedrala Neamului: 20.000.000 de lei\u00a0<\/a><\/strong><\/p>\n","protected":false},"excerpt":{"rendered":"<p>O cruce de \u0219apte tone a fost montat\u0103 mar\u021bi, 8 aprilie, pe turla principal\u0103 a Catedralei M\u00e2ntuirii Neamului din Bucure\u0219ti, cunoscut\u0103 sub denumirea de Turla Pantocrator, scrie Digi24.ro. Ridicarea crucii a fost realizat\u0103 cu ajutorul unei macarale a c\u0103rei asamblare a \u00eenceput pe 24 martie. Turla poart\u0103 acest nume pentru c\u0103, potrivit tradi\u021biei cre\u0219tine, \u00een [&hellip;]<\/p>\n","protected":false},"author":1,"featured_media":125635,"comment_status":"closed","ping_status":"open","sticky":false,"template":"","format":"standard","meta":{"_acf_changed":false,"inline_featured_image":false,"ngg_post_thumbnail":0,"footnotes":""},"categories":[6994,62],"tags":[2416,866,9,2054,344,20417],"ppma_author":[22583],"class_list":["post-125634","post","type-post","status-publish","format-standard","has-post-thumbnail","hentry","category-stiri-2","category-stiri","tag-biserica","tag-bor","tag-bucuresti","tag-capitala","tag-catedrala-mantuirii-neamului","tag-cruce"],"acf":[],"yoast_head":"<!-- This site is optimized with the Yoast SEO Premium plugin v25.3 (Yoast SEO v27.4) - https:\/\/yoast.com\/product\/yoast-seo-premium-wordpress\/ -->\n<title>O cruce de 7 tone a fost montat\u0103 pe turla principal\u0103 a Catedralei M\u00e2ntuirii Neamului - Buletin de Bucure\u0219ti<\/title>\n<meta name=\"description\" content=\"O cruce de 7 tone a fost montat\u0103 mar\u021bi, 8 aprilie, pe turla principal\u0103 a Catedralei M\u00e2ntuirii Neamului din Bucure\u0219ti.\" \/>\n<meta name=\"robots\" content=\"index, follow, max-snippet:-1, max-image-preview:large, max-video-preview:-1\" \/>\n<link rel=\"canonical\" href=\"https:\/\/buletin.de\/bucuresti\/o-cruce-de-7-tone-a-fost-montata-pe-turla-principala-a-catedralei-mantuirii-neamului\/\" \/>\n<meta property=\"og:locale\" content=\"en_GB\" \/>\n<meta property=\"og:type\" content=\"article\" \/>\n<meta property=\"og:title\" content=\"O cruce de 7 tone a fost montat\u0103 pe turla principal\u0103 a Catedralei M\u00e2ntuirii Neamului\" \/>\n<meta property=\"og:description\" content=\"O cruce de 7 tone a fost montat\u0103 mar\u021bi, 8 aprilie, pe turla principal\u0103 a Catedralei M\u00e2ntuirii Neamului din Bucure\u0219ti.\" \/>\n<meta property=\"og:url\" content=\"https:\/\/buletin.de\/bucuresti\/o-cruce-de-7-tone-a-fost-montata-pe-turla-principala-a-catedralei-mantuirii-neamului\/\" \/>\n<meta property=\"og:site_name\" content=\"Buletin de Bucure\u0219ti\" \/>\n<meta property=\"article:publisher\" content=\"https:\/\/www.facebook.com\/buletin.de.buc\" \/>\n<meta property=\"article:published_time\" content=\"2025-04-08T09:54:18+00:00\" \/>\n<meta property=\"og:image\" content=\"https:\/\/buletin.de\/bucuresti\/wp-content\/uploads\/2025\/04\/Catedrala-Neamului.png\" \/>\n\t<meta property=\"og:image:width\" content=\"1200\" \/>\n\t<meta property=\"og:image:height\" content=\"795\" \/>\n\t<meta property=\"og:image:type\" content=\"image\/png\" \/>\n<meta name=\"author\" content=\"Redac\u021bia Buletin de Bucure\u0219ti\" \/>\n<meta name=\"twitter:card\" content=\"summary_large_image\" \/>\n<meta name=\"twitter:label1\" content=\"Written by\" \/>\n\t<meta name=\"twitter:data1\" content=\"Redac\u021bia Buletin de Bucure\u0219ti\" \/>\n\t<meta name=\"twitter:label2\" content=\"Estimated reading time\" \/>\n\t<meta name=\"twitter:data2\" content=\"3 minutes\" \/>\n<script type=\"application\/ld+json\" class=\"yoast-schema-graph\">{\"@context\":\"https:\\\/\\\/schema.org\",\"@graph\":[{\"@type\":\"Article\",\"@id\":\"https:\\\/\\\/buletin.de\\\/bucuresti\\\/o-cruce-de-7-tone-a-fost-montata-pe-turla-principala-a-catedralei-mantuirii-neamului\\\/#article\",\"isPartOf\":{\"@id\":\"https:\\\/\\\/buletin.de\\\/bucuresti\\\/o-cruce-de-7-tone-a-fost-montata-pe-turla-principala-a-catedralei-mantuirii-neamului\\\/\"},\"author\":{\"name\":\"Redac\u021bia Buletin de Bucure\u0219ti\",\"@id\":\"https:\\\/\\\/buletin.de\\\/bucuresti\\\/#\\\/schema\\\/person\\\/2bbcf854e5f2419a13804af574d06ab1\"},\"headline\":\"O cruce de 7 tone a fost montat\u0103 pe turla principal\u0103 a Catedralei M\u00e2ntuirii Neamului\",\"datePublished\":\"2025-04-08T09:54:18+00:00\",\"mainEntityOfPage\":{\"@id\":\"https:\\\/\\\/buletin.de\\\/bucuresti\\\/o-cruce-de-7-tone-a-fost-montata-pe-turla-principala-a-catedralei-mantuirii-neamului\\\/\"},\"wordCount\":548,\"publisher\":{\"@id\":\"https:\\\/\\\/buletin.de\\\/bucuresti\\\/#organization\"},\"image\":{\"@id\":\"https:\\\/\\\/buletin.de\\\/bucuresti\\\/o-cruce-de-7-tone-a-fost-montata-pe-turla-principala-a-catedralei-mantuirii-neamului\\\/#primaryimage\"},\"thumbnailUrl\":\"https:\\\/\\\/buletin.de\\\/bucuresti\\\/wp-content\\\/uploads\\\/2025\\\/04\\\/Catedrala-Neamului.png\",\"keywords\":[\"biserica\",\"bor\",\"bucuresti\",\"Capitala\",\"catedrala mantuirii neamului\",\"cruce\"],\"articleSection\":[\"Articole\",\"\u0218tiri\"],\"inLanguage\":\"en-GB\",\"copyrightYear\":\"2025\",\"copyrightHolder\":{\"@id\":\"https:\\\/\\\/buletin.de\\\/bucuresti\\\/#organization\"}},{\"@type\":\"WebPage\",\"@id\":\"https:\\\/\\\/buletin.de\\\/bucuresti\\\/o-cruce-de-7-tone-a-fost-montata-pe-turla-principala-a-catedralei-mantuirii-neamului\\\/\",\"url\":\"https:\\\/\\\/buletin.de\\\/bucuresti\\\/o-cruce-de-7-tone-a-fost-montata-pe-turla-principala-a-catedralei-mantuirii-neamului\\\/\",\"name\":\"O cruce de 7 tone a fost montat\u0103 pe turla principal\u0103 a Catedralei M\u00e2ntuirii Neamului - Buletin de Bucure\u0219ti\",\"isPartOf\":{\"@id\":\"https:\\\/\\\/buletin.de\\\/bucuresti\\\/#website\"},\"primaryImageOfPage\":{\"@id\":\"https:\\\/\\\/buletin.de\\\/bucuresti\\\/o-cruce-de-7-tone-a-fost-montata-pe-turla-principala-a-catedralei-mantuirii-neamului\\\/#primaryimage\"},\"image\":{\"@id\":\"https:\\\/\\\/buletin.de\\\/bucuresti\\\/o-cruce-de-7-tone-a-fost-montata-pe-turla-principala-a-catedralei-mantuirii-neamului\\\/#primaryimage\"},\"thumbnailUrl\":\"https:\\\/\\\/buletin.de\\\/bucuresti\\\/wp-content\\\/uploads\\\/2025\\\/04\\\/Catedrala-Neamului.png\",\"datePublished\":\"2025-04-08T09:54:18+00:00\",\"description\":\"O cruce de 7 tone a fost montat\u0103 mar\u021bi, 8 aprilie, pe turla principal\u0103 a Catedralei M\u00e2ntuirii Neamului din Bucure\u0219ti.\",\"breadcrumb\":{\"@id\":\"https:\\\/\\\/buletin.de\\\/bucuresti\\\/o-cruce-de-7-tone-a-fost-montata-pe-turla-principala-a-catedralei-mantuirii-neamului\\\/#breadcrumb\"},\"inLanguage\":\"en-GB\",\"potentialAction\":[{\"@type\":\"ReadAction\",\"target\":[\"https:\\\/\\\/buletin.de\\\/bucuresti\\\/o-cruce-de-7-tone-a-fost-montata-pe-turla-principala-a-catedralei-mantuirii-neamului\\\/\"]}]},{\"@type\":\"ImageObject\",\"inLanguage\":\"en-GB\",\"@id\":\"https:\\\/\\\/buletin.de\\\/bucuresti\\\/o-cruce-de-7-tone-a-fost-montata-pe-turla-principala-a-catedralei-mantuirii-neamului\\\/#primaryimage\",\"url\":\"https:\\\/\\\/buletin.de\\\/bucuresti\\\/wp-content\\\/uploads\\\/2025\\\/04\\\/Catedrala-Neamului.png\",\"contentUrl\":\"https:\\\/\\\/buletin.de\\\/bucuresti\\\/wp-content\\\/uploads\\\/2025\\\/04\\\/Catedrala-Neamului.png\",\"width\":1200,\"height\":795,\"caption\":\"O cruce de 7 tone a fost montat\u0103 pe turla principal\u0103 a Catedralei M\u00e2ntuirii Neamului. Foto: arhiv\u0103\"},{\"@type\":\"BreadcrumbList\",\"@id\":\"https:\\\/\\\/buletin.de\\\/bucuresti\\\/o-cruce-de-7-tone-a-fost-montata-pe-turla-principala-a-catedralei-mantuirii-neamului\\\/#breadcrumb\",\"itemListElement\":[{\"@type\":\"ListItem\",\"position\":1,\"name\":\"Acas\u0103\",\"item\":\"https:\\\/\\\/buletin.de\\\/bucuresti\\\/\"},{\"@type\":\"ListItem\",\"position\":2,\"name\":\"O cruce de 7 tone a fost montat\u0103 pe turla principal\u0103 a Catedralei M\u00e2ntuirii Neamului\"}]},{\"@type\":\"WebSite\",\"@id\":\"https:\\\/\\\/buletin.de\\\/bucuresti\\\/#website\",\"url\":\"https:\\\/\\\/buletin.de\\\/bucuresti\\\/\",\"name\":\"Buletin de Bucure\u0219ti\",\"description\":\"\u0218tiri \u0219i investiga\u021bii esen\u021biale din capital\u0103\",\"publisher\":{\"@id\":\"https:\\\/\\\/buletin.de\\\/bucuresti\\\/#organization\"},\"potentialAction\":[{\"@type\":\"SearchAction\",\"target\":{\"@type\":\"EntryPoint\",\"urlTemplate\":\"https:\\\/\\\/buletin.de\\\/bucuresti\\\/?s={search_term_string}\"},\"query-input\":{\"@type\":\"PropertyValueSpecification\",\"valueRequired\":true,\"valueName\":\"search_term_string\"}}],\"inLanguage\":\"en-GB\"},{\"@type\":\"Organization\",\"@id\":\"https:\\\/\\\/buletin.de\\\/bucuresti\\\/#organization\",\"name\":\"Buletin de Bucure\u0219ti\",\"url\":\"https:\\\/\\\/buletin.de\\\/bucuresti\\\/\",\"logo\":{\"@type\":\"ImageObject\",\"inLanguage\":\"en-GB\",\"@id\":\"https:\\\/\\\/buletin.de\\\/bucuresti\\\/#\\\/schema\\\/logo\\\/image\\\/\",\"url\":\"https:\\\/\\\/buletin.de\\\/bucuresti\\\/wp-content\\\/uploads\\\/logo-bdb-full-wide-vernil-transparent.png\",\"contentUrl\":\"https:\\\/\\\/buletin.de\\\/bucuresti\\\/wp-content\\\/uploads\\\/logo-bdb-full-wide-vernil-transparent.png\",\"width\":1782,\"height\":626,\"caption\":\"Buletin de Bucure\u0219ti\"},\"image\":{\"@id\":\"https:\\\/\\\/buletin.de\\\/bucuresti\\\/#\\\/schema\\\/logo\\\/image\\\/\"},\"sameAs\":[\"https:\\\/\\\/www.facebook.com\\\/buletin.de.buc\",\"https:\\\/\\\/www.instagram.com\\\/buletinde.bucuresti\\\/\"]},{\"@type\":\"Person\",\"@id\":\"https:\\\/\\\/buletin.de\\\/bucuresti\\\/#\\\/schema\\\/person\\\/2bbcf854e5f2419a13804af574d06ab1\",\"name\":\"Redac\u021bia Buletin de Bucure\u0219ti\",\"image\":{\"@type\":\"ImageObject\",\"inLanguage\":\"en-GB\",\"@id\":\"https:\\\/\\\/secure.gravatar.com\\\/avatar\\\/18c5342381ed1a08620e6280424e3e5efc958618f5d67c522c9e44c1bc6f9226?s=96&d=monsterid&r=g60c7cd0ad92c68c049fcd4bb3504d609\",\"url\":\"https:\\\/\\\/secure.gravatar.com\\\/avatar\\\/18c5342381ed1a08620e6280424e3e5efc958618f5d67c522c9e44c1bc6f9226?s=96&d=monsterid&r=g\",\"contentUrl\":\"https:\\\/\\\/secure.gravatar.com\\\/avatar\\\/18c5342381ed1a08620e6280424e3e5efc958618f5d67c522c9e44c1bc6f9226?s=96&d=monsterid&r=g\",\"caption\":\"Redac\u021bia Buletin de Bucure\u0219ti\"},\"description\":\"Buletin de Bucure\u0219ti exist\u0103 din vara anului 2019.\",\"url\":\"https:\\\/\\\/buletin.de\\\/bucuresti\\\/author\\\/adminbuletin\\\/\"}]}<\/script>\n<!-- \/ Yoast SEO Premium plugin. -->","yoast_head_json":{"title":"O cruce de 7 tone a fost montat\u0103 pe turla principal\u0103 a Catedralei M\u00e2ntuirii Neamului - Buletin de Bucure\u0219ti","description":"O cruce de 7 tone a fost montat\u0103 mar\u021bi, 8 aprilie, pe turla principal\u0103 a Catedralei M\u00e2ntuirii Neamului din Bucure\u0219ti.","robots":{"index":"index","follow":"follow","max-snippet":"max-snippet:-1","max-image-preview":"max-image-preview:large","max-video-preview":"max-video-preview:-1"},"canonical":"https:\/\/buletin.de\/bucuresti\/o-cruce-de-7-tone-a-fost-montata-pe-turla-principala-a-catedralei-mantuirii-neamului\/","og_locale":"en_GB","og_type":"article","og_title":"O cruce de 7 tone a fost montat\u0103 pe turla principal\u0103 a Catedralei M\u00e2ntuirii Neamului","og_description":"O cruce de 7 tone a fost montat\u0103 mar\u021bi, 8 aprilie, pe turla principal\u0103 a Catedralei M\u00e2ntuirii Neamului din Bucure\u0219ti.","og_url":"https:\/\/buletin.de\/bucuresti\/o-cruce-de-7-tone-a-fost-montata-pe-turla-principala-a-catedralei-mantuirii-neamului\/","og_site_name":"Buletin de Bucure\u0219ti","article_publisher":"https:\/\/www.facebook.com\/buletin.de.buc","article_published_time":"2025-04-08T09:54:18+00:00","og_image":[{"width":1200,"height":795,"url":"https:\/\/buletin.de\/bucuresti\/wp-content\/uploads\/2025\/04\/Catedrala-Neamului.png","type":"image\/png"}],"author":"Redac\u021bia Buletin de Bucure\u0219ti","twitter_card":"summary_large_image","twitter_misc":{"Written by":"Redac\u021bia Buletin de Bucure\u0219ti","Estimated reading time":"3 minutes"},"schema":{"@context":"https:\/\/schema.org","@graph":[{"@type":"Article","@id":"https:\/\/buletin.de\/bucuresti\/o-cruce-de-7-tone-a-fost-montata-pe-turla-principala-a-catedralei-mantuirii-neamului\/#article","isPartOf":{"@id":"https:\/\/buletin.de\/bucuresti\/o-cruce-de-7-tone-a-fost-montata-pe-turla-principala-a-catedralei-mantuirii-neamului\/"},"author":{"name":"Redac\u021bia Buletin de Bucure\u0219ti","@id":"https:\/\/buletin.de\/bucuresti\/#\/schema\/person\/2bbcf854e5f2419a13804af574d06ab1"},"headline":"O cruce de 7 tone a fost montat\u0103 pe turla principal\u0103 a Catedralei M\u00e2ntuirii Neamului","datePublished":"2025-04-08T09:54:18+00:00","mainEntityOfPage":{"@id":"https:\/\/buletin.de\/bucuresti\/o-cruce-de-7-tone-a-fost-montata-pe-turla-principala-a-catedralei-mantuirii-neamului\/"},"wordCount":548,"publisher":{"@id":"https:\/\/buletin.de\/bucuresti\/#organization"},"image":{"@id":"https:\/\/buletin.de\/bucuresti\/o-cruce-de-7-tone-a-fost-montata-pe-turla-principala-a-catedralei-mantuirii-neamului\/#primaryimage"},"thumbnailUrl":"https:\/\/buletin.de\/bucuresti\/wp-content\/uploads\/2025\/04\/Catedrala-Neamului.png","keywords":["biserica","bor","bucuresti","Capitala","catedrala mantuirii neamului","cruce"],"articleSection":["Articole","\u0218tiri"],"inLanguage":"en-GB","copyrightYear":"2025","copyrightHolder":{"@id":"https:\/\/buletin.de\/bucuresti\/#organization"}},{"@type":"WebPage","@id":"https:\/\/buletin.de\/bucuresti\/o-cruce-de-7-tone-a-fost-montata-pe-turla-principala-a-catedralei-mantuirii-neamului\/","url":"https:\/\/buletin.de\/bucuresti\/o-cruce-de-7-tone-a-fost-montata-pe-turla-principala-a-catedralei-mantuirii-neamului\/","name":"O cruce de 7 tone a fost montat\u0103 pe turla principal\u0103 a Catedralei M\u00e2ntuirii Neamului - Buletin de Bucure\u0219ti","isPartOf":{"@id":"https:\/\/buletin.de\/bucuresti\/#website"},"primaryImageOfPage":{"@id":"https:\/\/buletin.de\/bucuresti\/o-cruce-de-7-tone-a-fost-montata-pe-turla-principala-a-catedralei-mantuirii-neamului\/#primaryimage"},"image":{"@id":"https:\/\/buletin.de\/bucuresti\/o-cruce-de-7-tone-a-fost-montata-pe-turla-principala-a-catedralei-mantuirii-neamului\/#primaryimage"},"thumbnailUrl":"https:\/\/buletin.de\/bucuresti\/wp-content\/uploads\/2025\/04\/Catedrala-Neamului.png","datePublished":"2025-04-08T09:54:18+00:00","description":"O cruce de 7 tone a fost montat\u0103 mar\u021bi, 8 aprilie, pe turla principal\u0103 a Catedralei M\u00e2ntuirii Neamului din Bucure\u0219ti.","breadcrumb":{"@id":"https:\/\/buletin.de\/bucuresti\/o-cruce-de-7-tone-a-fost-montata-pe-turla-principala-a-catedralei-mantuirii-neamului\/#breadcrumb"},"inLanguage":"en-GB","potentialAction":[{"@type":"ReadAction","target":["https:\/\/buletin.de\/bucuresti\/o-cruce-de-7-tone-a-fost-montata-pe-turla-principala-a-catedralei-mantuirii-neamului\/"]}]},{"@type":"ImageObject","inLanguage":"en-GB","@id":"https:\/\/buletin.de\/bucuresti\/o-cruce-de-7-tone-a-fost-montata-pe-turla-principala-a-catedralei-mantuirii-neamului\/#primaryimage","url":"https:\/\/buletin.de\/bucuresti\/wp-content\/uploads\/2025\/04\/Catedrala-Neamului.png","contentUrl":"https:\/\/buletin.de\/bucuresti\/wp-content\/uploads\/2025\/04\/Catedrala-Neamului.png","width":1200,"height":795,"caption":"O cruce de 7 tone a fost montat\u0103 pe turla principal\u0103 a Catedralei M\u00e2ntuirii Neamului. Foto: arhiv\u0103"},{"@type":"BreadcrumbList","@id":"https:\/\/buletin.de\/bucuresti\/o-cruce-de-7-tone-a-fost-montata-pe-turla-principala-a-catedralei-mantuirii-neamului\/#breadcrumb","itemListElement":[{"@type":"ListItem","position":1,"name":"Acas\u0103","item":"https:\/\/buletin.de\/bucuresti\/"},{"@type":"ListItem","position":2,"name":"O cruce de 7 tone a fost montat\u0103 pe turla principal\u0103 a Catedralei M\u00e2ntuirii Neamului"}]},{"@type":"WebSite","@id":"https:\/\/buletin.de\/bucuresti\/#website","url":"https:\/\/buletin.de\/bucuresti\/","name":"Buletin de Bucure\u0219ti","description":"\u0218tiri \u0219i investiga\u021bii esen\u021biale din capital\u0103","publisher":{"@id":"https:\/\/buletin.de\/bucuresti\/#organization"},"potentialAction":[{"@type":"SearchAction","target":{"@type":"EntryPoint","urlTemplate":"https:\/\/buletin.de\/bucuresti\/?s={search_term_string}"},"query-input":{"@type":"PropertyValueSpecification","valueRequired":true,"valueName":"search_term_string"}}],"inLanguage":"en-GB"},{"@type":"Organization","@id":"https:\/\/buletin.de\/bucuresti\/#organization","name":"Buletin de Bucure\u0219ti","url":"https:\/\/buletin.de\/bucuresti\/","logo":{"@type":"ImageObject","inLanguage":"en-GB","@id":"https:\/\/buletin.de\/bucuresti\/#\/schema\/logo\/image\/","url":"https:\/\/buletin.de\/bucuresti\/wp-content\/uploads\/logo-bdb-full-wide-vernil-transparent.png","contentUrl":"https:\/\/buletin.de\/bucuresti\/wp-content\/uploads\/logo-bdb-full-wide-vernil-transparent.png","width":1782,"height":626,"caption":"Buletin de Bucure\u0219ti"},"image":{"@id":"https:\/\/buletin.de\/bucuresti\/#\/schema\/logo\/image\/"},"sameAs":["https:\/\/www.facebook.com\/buletin.de.buc","https:\/\/www.instagram.com\/buletinde.bucuresti\/"]},{"@type":"Person","@id":"https:\/\/buletin.de\/bucuresti\/#\/schema\/person\/2bbcf854e5f2419a13804af574d06ab1","name":"Redac\u021bia Buletin de Bucure\u0219ti","image":{"@type":"ImageObject","inLanguage":"en-GB","@id":"https:\/\/secure.gravatar.com\/avatar\/18c5342381ed1a08620e6280424e3e5efc958618f5d67c522c9e44c1bc6f9226?s=96&d=monsterid&r=g60c7cd0ad92c68c049fcd4bb3504d609","url":"https:\/\/secure.gravatar.com\/avatar\/18c5342381ed1a08620e6280424e3e5efc958618f5d67c522c9e44c1bc6f9226?s=96&d=monsterid&r=g","contentUrl":"https:\/\/secure.gravatar.com\/avatar\/18c5342381ed1a08620e6280424e3e5efc958618f5d67c522c9e44c1bc6f9226?s=96&d=monsterid&r=g","caption":"Redac\u021bia Buletin de Bucure\u0219ti"},"description":"Buletin de Bucure\u0219ti exist\u0103 din vara anului 2019.","url":"https:\/\/buletin.de\/bucuresti\/author\/adminbuletin\/"}]}},"authors":[{"term_id":22583,"user_id":1,"is_guest":0,"slug":"adminbuletin","display_name":"Redac\u021bia Buletin de Bucure\u0219ti","avatar_url":"https:\/\/secure.gravatar.com\/avatar\/18c5342381ed1a08620e6280424e3e5efc958618f5d67c522c9e44c1bc6f9226?s=96&d=monsterid&r=g","0":null,"1":"","2":"","3":"","4":"","5":"","6":"","7":"","8":""}],"_links":{"self":[{"href":"https:\/\/buletin.de\/bucuresti\/wp-json\/wp\/v2\/posts\/125634","targetHints":{"allow":["GET"]}}],"collection":[{"href":"https:\/\/buletin.de\/bucuresti\/wp-json\/wp\/v2\/posts"}],"about":[{"href":"https:\/\/buletin.de\/bucuresti\/wp-json\/wp\/v2\/types\/post"}],"author":[{"embeddable":true,"href":"https:\/\/buletin.de\/bucuresti\/wp-json\/wp\/v2\/users\/1"}],"replies":[{"embeddable":true,"href":"https:\/\/buletin.de\/bucuresti\/wp-json\/wp\/v2\/comments?post=125634"}],"version-history":[{"count":2,"href":"https:\/\/buletin.de\/bucuresti\/wp-json\/wp\/v2\/posts\/125634\/revisions"}],"predecessor-version":[{"id":125638,"href":"https:\/\/buletin.de\/bucuresti\/wp-json\/wp\/v2\/posts\/125634\/revisions\/125638"}],"wp:featuredmedia":[{"embeddable":true,"href":"https:\/\/buletin.de\/bucuresti\/wp-json\/wp\/v2\/media\/125635"}],"wp:attachment":[{"href":"https:\/\/buletin.de\/bucuresti\/wp-json\/wp\/v2\/media?parent=125634"}],"wp:term":[{"taxonomy":"category","embeddable":true,"href":"https:\/\/buletin.de\/bucuresti\/wp-json\/wp\/v2\/categories?post=125634"},{"taxonomy":"post_tag","embeddable":true,"href":"https:\/\/buletin.de\/bucuresti\/wp-json\/wp\/v2\/tags?post=125634"},{"taxonomy":"author","embeddable":true,"href":"https:\/\/buletin.de\/bucuresti\/wp-json\/wp\/v2\/ppma_author?post=125634"}],"curies":[{"name":"wp","href":"https:\/\/api.w.org\/{rel}","templated":true}]}}