{"id":125600,"date":"2025-04-08T05:52:00","date_gmt":"2025-04-08T02:52:00","guid":{"rendered":"https:\/\/buletin.de\/bucuresti\/?p=125600"},"modified":"2025-04-08T19:51:58","modified_gmt":"2025-04-08T16:51:58","slug":"sectorul-zero-din-mogosoaia-care-a-modificat-matematica-ar-urma-sa-fie-anulat-nu-mai-este-oportun","status":"publish","type":"post","link":"https:\/\/buletin.de\/bucuresti\/sectorul-zero-din-mogosoaia-care-a-modificat-matematica-ar-urma-sa-fie-anulat-nu-mai-este-oportun\/","title":{"rendered":"Sectorul Zero din Mogo\u0219oaia, care \u201ea modificat\u201d matematica, ar urma s\u0103 fie anulat: \u201eNu mai este oportun\u201d"},"content":{"rendered":"\n<p><strong>Sectorul Zero din Mogo\u0219oaia, proiectul imobiliar pornit de fosta administra\u0163ie care <a href=\"https:\/\/buletin.de\/bucuresti\/primarul-din-mogosoaia-modifica-de-indata-matematica-consilierii-trebuie-sa-aprobe-ca-10110\/\">a st\u00e2rnit controverse cu privire \u0219i la legile matematicii<\/a>, va fi anulat prin vot de Consiliul Local pentru c\u0103 \u201enu mai este oportun\u201d. Asta \u00eenseamn\u0103 c\u0103 se va reveni asupra exproprierilor f\u0103cute, iar terenurile \u201epuse deoparte\u201d pentru a deveni construibile vor r\u0103m\u00e2ne la stadiul lor ini\u0163ial. <\/strong><\/p>\n\n\n\n<p>Pe data de 14 aprilie, la ora 15:00, Consiliul Local al ora\u015fului Mogo\u015foaia va fi \u00eentrunit pentru cinci puncte care trebuie votate. Printre ele, la num\u0103rul 2, proiectul \u201eprivind <strong><mark style=\"background-color:rgba(0, 0, 0, 0)\" class=\"has-inline-color has-vivid-red-color\">revocarea, pentru inoportunitate<\/mark><\/strong>, a Hot\u0103r\u00e2rilor Consiliului Local al Comunei Mogo\u015foaia ce vizeaz\u0103 lucrarea Sectorul Zero din comuna Mogo\u0219oaia, jude\u0163ul Ilfov\u201d. Ini\u0163iator, primarul liberal al localit\u0103\u0163ii, Florin Covaci, cel care i-a urmat la conducere lui <a href=\"https:\/\/buletin.de\/bucuresti\/?s=paul+precup\">Paul Precup<\/a>.<\/p>\n\n\n\n<blockquote class=\"wp-block-quote is-layout-flow wp-block-quote-is-layout-flow\">\n<p>\u0162in\u00e2nd cont de \u00eentreaga situa\u0163ie juridic\u0103 \u015fi tehnic\u0103 anterior evocat\u0103, pentru continuarea proiectului Sector Zero ar trebui \u00eentocmit\u0103 o nou\u0103 documenta\u0163ie tehnico-economic\u0103 \u015fi stabilit un nou culoar de expropriere, aspecte care ar necesita alocarea de noi resurse financiare, umane \u015fi de timp, alocare care, la acest moment, nu este considerat\u0103 oportun\u0103 de c\u0103tre autorit\u0103\u0163ile publice locale.<\/p>\n<cite>pasaj pHCL<\/cite><\/blockquote>\n\n\n\n<p>Practic, to\u0163i pa\u015fii f\u0103cu\u0163i din 2017 \u015fi p\u00e2n\u0103 \u00een prezent de administra\u0163ia local\u0103 pentru a transforma acest proiect \u00een realitate ar urma s\u0103 fie \u015fter\u015fi printr-o hot\u0103r\u00e2re de Consiliu Local. O hot\u0103r\u00e2re care \u00eei face pe mul\u0163i s\u0103 r\u0103sufle u\u015fura\u0163i, pentru c\u0103 localitatea de nici 10.000 de locuitori ar fi urmat s\u0103 se transforme \u00een paradis pentru dezvoltatorii imobiliari, nu \u00eentotdeauna m\u00e2na\u0163i de bun\u0103starea comunit\u0103\u0163ii.<\/p>\n\n\n\n<p><strong>CITE\u015eTE \u015eI: <a href=\"https:\/\/buletin.de\/bucuresti\/megaproiectul-sectorul-0-mogosoaia-de-la-lanuri-si-paduri-la-blocuri-de-10-etaje-consilierii-dezbat-vineri-reconfigurarea-teritoriala-a-comunei\/\" target=\"_blank\" rel=\"noreferrer noopener\">Megaproiectul \u201eSectorul 0 Mogo\u0219oaia\u201d | De la lanuri \u0219i p\u0103duri, la blocuri de 10 etaje. Reconfigurarea teritorial\u0103 a comunei, dezb\u0103tut\u0103 de Consiliul Local<\/a><\/strong><\/p>\n\n\n\n<h2 class=\"wp-block-heading\" id=\"h-desfiintarea-la-fel-de-greoaie-ca-infiintarea\">Desfiin\u0163area, la fel de greoaie ca \u00eenfiin\u0163area<\/h2>\n\n\n\n<p>Pentru a putea trece proiectul, fostul primar s-a folosit de un \u201eartificiu\u201d contestat de opozi\u0163ie \u015fi societatea civil\u0103. De\u015fi majoritatea calificat\u0103 \u00een Consiliul Local cu 15 consilieri reprezint\u0103 11 voturi, administra\u0163ia condus\u0103 de el a stabilit c\u0103 sunt de ajuns 10 voturi. \u00cen ciuda eviden\u0163ei matematice \u015fi a Codului Administrativ. <\/p>\n\n\n\n<p><strong>CITE\u015eTE \u015eI: <a href=\"https:\/\/buletin.de\/bucuresti\/primarul-din-mogosoaia-modifica-de-indata-matematica-consilierii-trebuie-sa-aprobe-ca-10110\/\" target=\"_blank\" rel=\"noreferrer noopener\">Primarul din Mogo\u0219oaia modific\u0103 \u201cde\u00eendat\u0103\u201d matematica. Cere consilierilor locali s\u0103 aprobe c\u0103 10+1=10<\/a><\/strong><\/p>\n\n\n\n<p>Revocarea hot\u0103r\u00e2rilor de Consiliu Local are nevoie tot de 11 voturi. Potrivit surselor Buletin de Bucure\u015fti, Puterea local\u0103 are, din nou, doar 10 voturi. Ce e sigur este c\u0103 doi consilieri din Opozi\u0163ie sunt implica\u0163i direct \u00een litigiu, deci nu pot vota. <\/p>\n\n\n\n<p>\u00cen plus, opozan\u0163ii consider\u0103 c\u0103 Sectorul Zero trebuia desfiin\u0163at \u00een instan\u0163\u0103, nu \u00een Consiliul Local. Au drept argument faptul c\u0103 hot\u0103r\u00e2rile anterioare nu pot fi \u201e\u00eentoarse din drum\u201d de un vot politic, ci doar de decizia unui judec\u0103tor.<\/p>\n\n\n\n<blockquote class=\"wp-block-quote is-layout-flow wp-block-quote-is-layout-flow\">\n<p>M\u0103 bucur\u0103 ini\u021biativa noului primar s\u0103 termine povestea Sectorului 0, unul dintre cele mai mari tunuri imobiliare din Rom\u00e2nia. Revocarea este cel pu\u0163in discutabil\u0103, av\u00e2nd \u00een vedere c\u0103 au intrat \u00een circuitul civil, dar este decizia Consiliului unde exist\u0103 o majoritate stabil\u0103<\/p>\n<cite>alexandru iacoban, USR<\/cite><\/blockquote>\n\n\n\n<p>Mai mult, pentru exproprieri, Prim\u0103ria a contractat un credit imens, pentru care are de pl\u0103tit <strong>dob\u00e2nzi considerabile<\/strong> pentru bugetul comunei. Asta \u00een ciuda faptului c\u0103 banii lua\u0163i de la banc\u0103 nu au fost niciodat\u0103 folosi\u0163i, proiectul fiind blocat. <\/p>\n\n\n\n<p>De altfel, peste 13 milioane de lei (aproximativ 2.65 milioane de euro), \u0163inute \u00eentr-un cont pentru exproprieri, se vor \u00eentoarce la Prim\u0103rie, dac\u0103 proiectul intrat \u00een dezbatere pe 14 aprilie va trece de vot. <\/p>\n\n\n\n<blockquote class=\"wp-block-quote is-layout-flow wp-block-quote-is-layout-flow\">\n<p>Urmeaz\u0103 a se restitui la bugetul local sumele consemnate la dispozi\u0163ia proprietarilor ca desp\u0103gubiri pentru expropriere, \u00een cuantum de <strong><mark style=\"background-color:rgba(0, 0, 0, 0)\" class=\"has-inline-color has-vivid-red-color\">13.279.266 de lei<\/mark><\/strong><\/p>\n<cite>sursa: proiect hot\u0103r\u00e2re consiliu local<\/cite><\/blockquote>\n\n\n\n<div class=\"wp-block-buttons is-content-justification-center is-layout-flex wp-container-core-buttons-is-layout-16018d1d wp-block-buttons-is-layout-flex\">\n<div class=\"wp-block-button has-custom-width wp-block-button__width-100\"><a class=\"wp-block-button__link wp-element-button\" href=\"https:\/\/www.patreon.com\/BuletinDeBucuresti\"><strong>Sus\u021bine Buletin de Bucure\u0219ti pentru investiga\u021bii, reportaje \u0219i \u0219tiri Locale<\/strong><\/a><\/div>\n<\/div>\n\n\n\n<h2 class=\"wp-block-heading\" id=\"h-sectorul-zero-din-mogo\u0219oaia-o-istorie-de-mai-bine-de-un-deceniu\">Sectorul Zero din Mogo\u0219oaia, o istorie de mai bine de un deceniu<\/h2>\n\n\n\n<p>Paul Precup a fost primar al comunei Mogo\u015foaia vreme de dou\u0103 decenii. La fel cum el a prins r\u0103d\u0103cini \u00een func\u0163ia de primar \u015fi ideile sale i-au \u00eencol\u0163it \u00een minte \u015fi nu s-a l\u0103sat p\u00e2n\u0103 s\u0103 le pun\u0103 \u00een aplicare. Printre ele, Sectorul Zero Mogo\u015foaia. <\/p>\n\n\n\n<p>\u00cen <strong>2013<\/strong>, a \u00eenregistrat marca la OSIM. <\/p>\n\n\n\n<p>Primii pa\u0219i pentru punerea \u00een fapt a megaproiectului Sectorul 0 i-a&nbsp;<a href=\"https:\/\/www.eprim.ro\/portal\/ilfov\/mogosoaia\/2017\/hotarari.nsf\/vwHotarariByAn\/0E7E5A4D8BA8738BC22582240031A778\/$FILE\/HCL%20109%20din%2014.12.2017.pdf\">f\u0103cut \u00een <strong>2017<\/strong> c\u00e2nd printr-o&nbsp;<\/a>Hot\u0103r\u00e2re de Consiliu Local decide \u00eenceperea exproprierilor, pentru realizarea \u201eZonei de dezvoltare din Comuna Mogo\u0219oaia\u201d. Cet\u0103\u021benii cu terenuri \u00een zona desenat\u0103 de primar ca viitor Sector 0 aveau de ales \u00eentre a ceda de bun\u0103voie 39% din p\u0103m\u00e2nt prim\u0103riei, iar pentru restul s\u0103 accepte relocarea, sau expropriere la un pre\u021b stabilit de prim\u0103rie.<\/p>\n\n\n\n<p>\u0218i unii dintre ei au \u0219i f\u0103cut-o, \u0219i-au cedat terenului prim\u0103riei, aproximativ 200 de hectare \u00een total. Dar numai at\u00e2t. Pentru restul urma s\u0103 se pun\u0103 \u00een practic\u0103 procedura de expropriere. De aceea, \u00een <strong>2019<\/strong>,<strong> <\/strong>consilierii voteaz\u0103 o alt\u0103&nbsp;<a href=\"https:\/\/www.eprim.ro\/portal\/ilfov\/mogosoaia\/2019\/hotarari.nsf\/vwHotarariByAn\/4B5D4B333DBC3FBBC22584BA00408607\/$FILE\/HCL%201052.pdf\">hot\u0103r\u00e2re<\/a>&nbsp;legat\u0103 de proiectul Sector 0. Un \u00eemprumut bancar care s\u0103 acopere sumele necesare exproprierilor.<\/p>\n\n\n\n<p>Pandemia a pus fr\u00e2n\u0103 \u00eens\u0103 planurilor primarului \u0219i a \u00eencetinit ritmul de implementare a proiectului. A\u0219a c\u0103, abia \u00een iulie <strong>2021<\/strong>, proiectul a revenit \u00een actualitate.<\/p>\n\n\n<div class=\"wp-block-image\">\n<figure class=\"aligncenter size-full\"><img fetchpriority=\"high\" decoding=\"async\" width=\"609\" height=\"631\" src=\"data:image\/gif;base64,R0lGODlhAQABAAAAACH5BAEKAAEALAAAAAABAAEAAAICTAEAOw==\" data-src=\"https:\/\/buletin.de\/bucuresti\/wp-content\/uploads\/image-993-1.png\" alt=\"\" class=\"wp-image-36185 lazyload\" data-sizes=\"auto\" data-srcset=\"https:\/\/buletin.de\/bucuresti\/wp-content\/uploads\/image-993-1.png 609w, https:\/\/buletin.de\/bucuresti\/wp-content\/uploads\/image-993-1-290x300.png 290w, https:\/\/buletin.de\/bucuresti\/wp-content\/uploads\/image-993-1-550x570.png 550w, https:\/\/buletin.de\/bucuresti\/wp-content\/uploads\/image-993-1-483x500.png 483w, https:\/\/buletin.de\/bucuresti\/wp-content\/uploads\/image-993-1-600x622.png 600w\" sizes=\"(max-width: 609px) 100vw, 609px\" \/><\/figure>\n<\/div>\n\n\n<p>\u00cen mare, proiectul Sectorului 0 prevedea preluarea a peste 1100 de hectare de teren din proprietate privat\u0103 \u00een proprietatea prim\u0103riei, trecerea din extravilan \u00een intravilan, schimbarea regimului economic \u0219i asigurarea de utilit\u0103\u021bi \u0219i infrastructur\u0103.&nbsp;<\/p>\n\n\n\n<p>\u00cen <strong>februarie 2024<\/strong>, <a href=\"https:\/\/buletin.de\/bucuresti\/mogosoaia-sector-0-megaproiectul-imobiliar-a-intrat-la-apa-si-a-trecut-cu-votul-unui-consilier-usr\/\" target=\"_blank\" rel=\"noreferrer noopener\">proiectul a intrat la ap\u0103<\/a> \u015fi, astfel modificat, a trecut din nou de votul Consiliului Local, cu unul dintre voturi venind de la un fost consilier USR.<\/p>\n\n\n\n<p>Lucrurile au fost fr\u00e2nate de instan\u0163\u0103 pe <strong>final de<\/strong> <strong>2024<\/strong>, pentru c\u0103 mai multe acte administrative ar fi fost ilegale. <\/p>\n\n\n\n<p><strong>CITE\u015eTE \u015eI: <a href=\"https:\/\/buletin.de\/bucuresti\/curtea-de-apel-bucuresti-anuleaza-definitiv-hotararile-privind-sectorul-zero-din-mogosoaia\/\" target=\"_blank\" rel=\"noreferrer noopener\">Curtea de Apel Bucure\u0219ti anuleaz\u0103 definitiv hot\u0103r\u00e2rile privind \u201eSectorul Zero\u201d din Mogo\u0219oaia<\/a><br><\/strong><\/p>\n","protected":false},"excerpt":{"rendered":"<p>Sectorul Zero din Mogo\u0219oaia, proiectul imobiliar pornit de fosta administra\u0163ie care a st\u00e2rnit controverse cu privire \u0219i la legile matematicii, va fi anulat prin vot de Consiliul Local pentru c\u0103 \u201enu mai este oportun\u201d. Asta \u00eenseamn\u0103 c\u0103 se va reveni asupra exproprierilor f\u0103cute, iar terenurile \u201epuse deoparte\u201d pentru a deveni construibile vor r\u0103m\u00e2ne la stadiul [&hellip;]<\/p>\n","protected":false},"author":8,"featured_media":125601,"comment_status":"closed","ping_status":"open","sticky":false,"template":"","format":"standard","meta":{"_acf_changed":false,"inline_featured_image":false,"ngg_post_thumbnail":0,"footnotes":""},"categories":[6994,1432,5762,9025,24],"tags":[820,20405,3563,20407,20406,3730],"ppma_author":[22586],"class_list":["post-125600","post","type-post","status-publish","format-standard","has-post-thumbnail","hentry","category-stiri-2","category-buletin-de-ilfov","category-main","category-politic","category-primarie","tag-ilfov","tag-imobiliare-mogosoaia","tag-mogosoaia-2","tag-mogosoaia-scandal-vot-sectorul-zero","tag-paul-precup-pnl","tag-sectorul-zero"],"acf":[],"yoast_head":"<!-- This site is optimized with the Yoast SEO Premium plugin v25.3 (Yoast SEO v27.4) - https:\/\/yoast.com\/product\/yoast-seo-premium-wordpress\/ -->\n<title>Sectorul Zero din Mogo\u0219oaia, care \u201ea modificat\u201d matematica, ar urma s\u0103 fie anulat: \u201eNu mai este oportun\u201d - Buletin de Bucure\u0219ti<\/title>\n<meta name=\"description\" content=\"Sectorul Zero din Mogo\u0219oaia, proiectul imobiliar pornit de fosta administra\u0163ie, va fi anulat prin vot de Consiliul Local\" \/>\n<meta name=\"robots\" content=\"index, follow, max-snippet:-1, max-image-preview:large, max-video-preview:-1\" \/>\n<link rel=\"canonical\" href=\"https:\/\/buletin.de\/bucuresti\/sectorul-zero-din-mogosoaia-care-a-modificat-matematica-ar-urma-sa-fie-anulat-nu-mai-este-oportun\/\" \/>\n<meta property=\"og:locale\" content=\"en_GB\" \/>\n<meta property=\"og:type\" content=\"article\" \/>\n<meta property=\"og:title\" content=\"Sectorul Zero din Mogo\u0219oaia, care \u201ea modificat\u201d matematica, ar urma s\u0103 fie anulat: \u201eNu mai este oportun\u201d\" \/>\n<meta property=\"og:description\" content=\"Sectorul Zero din Mogo\u0219oaia, proiectul imobiliar pornit de fosta administra\u0163ie, va fi anulat prin vot de Consiliul Local\" \/>\n<meta property=\"og:url\" content=\"https:\/\/buletin.de\/bucuresti\/sectorul-zero-din-mogosoaia-care-a-modificat-matematica-ar-urma-sa-fie-anulat-nu-mai-este-oportun\/\" \/>\n<meta property=\"og:site_name\" content=\"Buletin de Bucure\u0219ti\" \/>\n<meta property=\"article:publisher\" content=\"https:\/\/www.facebook.com\/buletin.de.buc\" \/>\n<meta property=\"article:published_time\" content=\"2025-04-08T02:52:00+00:00\" \/>\n<meta property=\"article:modified_time\" content=\"2025-04-08T16:51:58+00:00\" \/>\n<meta property=\"og:image\" content=\"https:\/\/buletin.de\/bucuresti\/wp-content\/uploads\/2025\/04\/mogosoaia-blur.png\" \/>\n\t<meta property=\"og:image:width\" content=\"1183\" \/>\n\t<meta property=\"og:image:height\" content=\"737\" \/>\n\t<meta property=\"og:image:type\" content=\"image\/png\" \/>\n<meta name=\"author\" content=\"Ionu\u021b Lepa\" \/>\n<meta name=\"twitter:card\" content=\"summary_large_image\" \/>\n<meta name=\"twitter:label1\" content=\"Written by\" \/>\n\t<meta name=\"twitter:data1\" content=\"Ionu\u021b Lepa\" \/>\n\t<meta name=\"twitter:label2\" content=\"Estimated reading time\" \/>\n\t<meta name=\"twitter:data2\" content=\"4 minutes\" \/>\n<script type=\"application\/ld+json\" class=\"yoast-schema-graph\">{\"@context\":\"https:\\\/\\\/schema.org\",\"@graph\":[{\"@type\":\"Article\",\"@id\":\"https:\\\/\\\/buletin.de\\\/bucuresti\\\/sectorul-zero-din-mogosoaia-care-a-modificat-matematica-ar-urma-sa-fie-anulat-nu-mai-este-oportun\\\/#article\",\"isPartOf\":{\"@id\":\"https:\\\/\\\/buletin.de\\\/bucuresti\\\/sectorul-zero-din-mogosoaia-care-a-modificat-matematica-ar-urma-sa-fie-anulat-nu-mai-este-oportun\\\/\"},\"author\":{\"name\":\"Ionu\u021b Lepa\",\"@id\":\"https:\\\/\\\/buletin.de\\\/bucuresti\\\/#\\\/schema\\\/person\\\/5272b8a057b33890940b57b837fc4ce6\"},\"headline\":\"Sectorul Zero din Mogo\u0219oaia, care \u201ea modificat\u201d matematica, ar urma s\u0103 fie anulat: \u201eNu mai este oportun\u201d\",\"datePublished\":\"2025-04-08T02:52:00+00:00\",\"dateModified\":\"2025-04-08T16:51:58+00:00\",\"mainEntityOfPage\":{\"@id\":\"https:\\\/\\\/buletin.de\\\/bucuresti\\\/sectorul-zero-din-mogosoaia-care-a-modificat-matematica-ar-urma-sa-fie-anulat-nu-mai-este-oportun\\\/\"},\"wordCount\":995,\"publisher\":{\"@id\":\"https:\\\/\\\/buletin.de\\\/bucuresti\\\/#organization\"},\"image\":{\"@id\":\"https:\\\/\\\/buletin.de\\\/bucuresti\\\/sectorul-zero-din-mogosoaia-care-a-modificat-matematica-ar-urma-sa-fie-anulat-nu-mai-este-oportun\\\/#primaryimage\"},\"thumbnailUrl\":\"https:\\\/\\\/buletin.de\\\/bucuresti\\\/wp-content\\\/uploads\\\/2025\\\/04\\\/mogosoaia-blur.png\",\"keywords\":[\"Ilfov\",\"imobiliare mogosoaia\",\"mogosoaia\",\"mogosoaia scandal vot sectorul zero\",\"paul precup pnl\",\"sectorul zero\"],\"articleSection\":[\"Articole\",\"Buletin de Ilfov\",\"Main\",\"Politic\",\"Prim\u0103rie\"],\"inLanguage\":\"en-GB\",\"copyrightYear\":\"2025\",\"copyrightHolder\":{\"@id\":\"https:\\\/\\\/buletin.de\\\/bucuresti\\\/#organization\"}},{\"@type\":\"WebPage\",\"@id\":\"https:\\\/\\\/buletin.de\\\/bucuresti\\\/sectorul-zero-din-mogosoaia-care-a-modificat-matematica-ar-urma-sa-fie-anulat-nu-mai-este-oportun\\\/\",\"url\":\"https:\\\/\\\/buletin.de\\\/bucuresti\\\/sectorul-zero-din-mogosoaia-care-a-modificat-matematica-ar-urma-sa-fie-anulat-nu-mai-este-oportun\\\/\",\"name\":\"Sectorul Zero din Mogo\u0219oaia, care \u201ea modificat\u201d matematica, ar urma s\u0103 fie anulat: \u201eNu mai este oportun\u201d - Buletin de Bucure\u0219ti\",\"isPartOf\":{\"@id\":\"https:\\\/\\\/buletin.de\\\/bucuresti\\\/#website\"},\"primaryImageOfPage\":{\"@id\":\"https:\\\/\\\/buletin.de\\\/bucuresti\\\/sectorul-zero-din-mogosoaia-care-a-modificat-matematica-ar-urma-sa-fie-anulat-nu-mai-este-oportun\\\/#primaryimage\"},\"image\":{\"@id\":\"https:\\\/\\\/buletin.de\\\/bucuresti\\\/sectorul-zero-din-mogosoaia-care-a-modificat-matematica-ar-urma-sa-fie-anulat-nu-mai-este-oportun\\\/#primaryimage\"},\"thumbnailUrl\":\"https:\\\/\\\/buletin.de\\\/bucuresti\\\/wp-content\\\/uploads\\\/2025\\\/04\\\/mogosoaia-blur.png\",\"datePublished\":\"2025-04-08T02:52:00+00:00\",\"dateModified\":\"2025-04-08T16:51:58+00:00\",\"description\":\"Sectorul Zero din Mogo\u0219oaia, proiectul imobiliar pornit de fosta administra\u0163ie, va fi anulat prin vot de Consiliul Local\",\"breadcrumb\":{\"@id\":\"https:\\\/\\\/buletin.de\\\/bucuresti\\\/sectorul-zero-din-mogosoaia-care-a-modificat-matematica-ar-urma-sa-fie-anulat-nu-mai-este-oportun\\\/#breadcrumb\"},\"inLanguage\":\"en-GB\",\"potentialAction\":[{\"@type\":\"ReadAction\",\"target\":[\"https:\\\/\\\/buletin.de\\\/bucuresti\\\/sectorul-zero-din-mogosoaia-care-a-modificat-matematica-ar-urma-sa-fie-anulat-nu-mai-este-oportun\\\/\"]}]},{\"@type\":\"ImageObject\",\"inLanguage\":\"en-GB\",\"@id\":\"https:\\\/\\\/buletin.de\\\/bucuresti\\\/sectorul-zero-din-mogosoaia-care-a-modificat-matematica-ar-urma-sa-fie-anulat-nu-mai-este-oportun\\\/#primaryimage\",\"url\":\"https:\\\/\\\/buletin.de\\\/bucuresti\\\/wp-content\\\/uploads\\\/2025\\\/04\\\/mogosoaia-blur.png\",\"contentUrl\":\"https:\\\/\\\/buletin.de\\\/bucuresti\\\/wp-content\\\/uploads\\\/2025\\\/04\\\/mogosoaia-blur.png\",\"width\":1183,\"height\":737,\"caption\":\"\u201eSectorul Zero\u201d din Mogo\u015foaia, care \u201ea modificat\u201d matematica, ar urma s\u0103 fie anulat: \u201eNu mai este oportun\u201dFOTO: Google Street View\"},{\"@type\":\"BreadcrumbList\",\"@id\":\"https:\\\/\\\/buletin.de\\\/bucuresti\\\/sectorul-zero-din-mogosoaia-care-a-modificat-matematica-ar-urma-sa-fie-anulat-nu-mai-este-oportun\\\/#breadcrumb\",\"itemListElement\":[{\"@type\":\"ListItem\",\"position\":1,\"name\":\"Acas\u0103\",\"item\":\"https:\\\/\\\/buletin.de\\\/bucuresti\\\/\"},{\"@type\":\"ListItem\",\"position\":2,\"name\":\"Sectorul Zero din Mogo\u0219oaia, care \u201ea modificat\u201d matematica, ar urma s\u0103 fie anulat: \u201eNu mai este oportun\u201d\"}]},{\"@type\":\"WebSite\",\"@id\":\"https:\\\/\\\/buletin.de\\\/bucuresti\\\/#website\",\"url\":\"https:\\\/\\\/buletin.de\\\/bucuresti\\\/\",\"name\":\"Buletin de Bucure\u0219ti\",\"description\":\"\u0218tiri \u0219i investiga\u021bii esen\u021biale din capital\u0103\",\"publisher\":{\"@id\":\"https:\\\/\\\/buletin.de\\\/bucuresti\\\/#organization\"},\"potentialAction\":[{\"@type\":\"SearchAction\",\"target\":{\"@type\":\"EntryPoint\",\"urlTemplate\":\"https:\\\/\\\/buletin.de\\\/bucuresti\\\/?s={search_term_string}\"},\"query-input\":{\"@type\":\"PropertyValueSpecification\",\"valueRequired\":true,\"valueName\":\"search_term_string\"}}],\"inLanguage\":\"en-GB\"},{\"@type\":\"Organization\",\"@id\":\"https:\\\/\\\/buletin.de\\\/bucuresti\\\/#organization\",\"name\":\"Buletin de Bucure\u0219ti\",\"url\":\"https:\\\/\\\/buletin.de\\\/bucuresti\\\/\",\"logo\":{\"@type\":\"ImageObject\",\"inLanguage\":\"en-GB\",\"@id\":\"https:\\\/\\\/buletin.de\\\/bucuresti\\\/#\\\/schema\\\/logo\\\/image\\\/\",\"url\":\"https:\\\/\\\/buletin.de\\\/bucuresti\\\/wp-content\\\/uploads\\\/logo-bdb-full-wide-vernil-transparent.png\",\"contentUrl\":\"https:\\\/\\\/buletin.de\\\/bucuresti\\\/wp-content\\\/uploads\\\/logo-bdb-full-wide-vernil-transparent.png\",\"width\":1782,\"height\":626,\"caption\":\"Buletin de Bucure\u0219ti\"},\"image\":{\"@id\":\"https:\\\/\\\/buletin.de\\\/bucuresti\\\/#\\\/schema\\\/logo\\\/image\\\/\"},\"sameAs\":[\"https:\\\/\\\/www.facebook.com\\\/buletin.de.buc\",\"https:\\\/\\\/www.instagram.com\\\/buletinde.bucuresti\\\/\"]},{\"@type\":\"Person\",\"@id\":\"https:\\\/\\\/buletin.de\\\/bucuresti\\\/#\\\/schema\\\/person\\\/5272b8a057b33890940b57b837fc4ce6\",\"name\":\"Ionu\u021b Lepa\",\"image\":{\"@type\":\"ImageObject\",\"inLanguage\":\"en-GB\",\"@id\":\"https:\\\/\\\/buletin.de\\\/bucuresti\\\/wp-content\\\/uploads\\\/Ionut-Lepa-96x96.jpg5c4e4d9e049808799a8821652d2410a4\",\"url\":\"https:\\\/\\\/buletin.de\\\/bucuresti\\\/wp-content\\\/uploads\\\/Ionut-Lepa-96x96.jpg\",\"contentUrl\":\"https:\\\/\\\/buletin.de\\\/bucuresti\\\/wp-content\\\/uploads\\\/Ionut-Lepa-96x96.jpg\",\"caption\":\"Ionu\u021b Lepa\"},\"url\":\"https:\\\/\\\/buletin.de\\\/bucuresti\\\/author\\\/ionutlepa\\\/\"}]}<\/script>\n<!-- \/ Yoast SEO Premium plugin. -->","yoast_head_json":{"title":"Sectorul Zero din Mogo\u0219oaia, care \u201ea modificat\u201d matematica, ar urma s\u0103 fie anulat: \u201eNu mai este oportun\u201d - Buletin de Bucure\u0219ti","description":"Sectorul Zero din Mogo\u0219oaia, proiectul imobiliar pornit de fosta administra\u0163ie, va fi anulat prin vot de Consiliul Local","robots":{"index":"index","follow":"follow","max-snippet":"max-snippet:-1","max-image-preview":"max-image-preview:large","max-video-preview":"max-video-preview:-1"},"canonical":"https:\/\/buletin.de\/bucuresti\/sectorul-zero-din-mogosoaia-care-a-modificat-matematica-ar-urma-sa-fie-anulat-nu-mai-este-oportun\/","og_locale":"en_GB","og_type":"article","og_title":"Sectorul Zero din Mogo\u0219oaia, care \u201ea modificat\u201d matematica, ar urma s\u0103 fie anulat: \u201eNu mai este oportun\u201d","og_description":"Sectorul Zero din Mogo\u0219oaia, proiectul imobiliar pornit de fosta administra\u0163ie, va fi anulat prin vot de Consiliul Local","og_url":"https:\/\/buletin.de\/bucuresti\/sectorul-zero-din-mogosoaia-care-a-modificat-matematica-ar-urma-sa-fie-anulat-nu-mai-este-oportun\/","og_site_name":"Buletin de Bucure\u0219ti","article_publisher":"https:\/\/www.facebook.com\/buletin.de.buc","article_published_time":"2025-04-08T02:52:00+00:00","article_modified_time":"2025-04-08T16:51:58+00:00","og_image":[{"width":1183,"height":737,"url":"https:\/\/buletin.de\/bucuresti\/wp-content\/uploads\/2025\/04\/mogosoaia-blur.png","type":"image\/png"}],"author":"Ionu\u021b Lepa","twitter_card":"summary_large_image","twitter_misc":{"Written by":"Ionu\u021b Lepa","Estimated reading time":"4 minutes"},"schema":{"@context":"https:\/\/schema.org","@graph":[{"@type":"Article","@id":"https:\/\/buletin.de\/bucuresti\/sectorul-zero-din-mogosoaia-care-a-modificat-matematica-ar-urma-sa-fie-anulat-nu-mai-este-oportun\/#article","isPartOf":{"@id":"https:\/\/buletin.de\/bucuresti\/sectorul-zero-din-mogosoaia-care-a-modificat-matematica-ar-urma-sa-fie-anulat-nu-mai-este-oportun\/"},"author":{"name":"Ionu\u021b Lepa","@id":"https:\/\/buletin.de\/bucuresti\/#\/schema\/person\/5272b8a057b33890940b57b837fc4ce6"},"headline":"Sectorul Zero din Mogo\u0219oaia, care \u201ea modificat\u201d matematica, ar urma s\u0103 fie anulat: \u201eNu mai este oportun\u201d","datePublished":"2025-04-08T02:52:00+00:00","dateModified":"2025-04-08T16:51:58+00:00","mainEntityOfPage":{"@id":"https:\/\/buletin.de\/bucuresti\/sectorul-zero-din-mogosoaia-care-a-modificat-matematica-ar-urma-sa-fie-anulat-nu-mai-este-oportun\/"},"wordCount":995,"publisher":{"@id":"https:\/\/buletin.de\/bucuresti\/#organization"},"image":{"@id":"https:\/\/buletin.de\/bucuresti\/sectorul-zero-din-mogosoaia-care-a-modificat-matematica-ar-urma-sa-fie-anulat-nu-mai-este-oportun\/#primaryimage"},"thumbnailUrl":"https:\/\/buletin.de\/bucuresti\/wp-content\/uploads\/2025\/04\/mogosoaia-blur.png","keywords":["Ilfov","imobiliare mogosoaia","mogosoaia","mogosoaia scandal vot sectorul zero","paul precup pnl","sectorul zero"],"articleSection":["Articole","Buletin de Ilfov","Main","Politic","Prim\u0103rie"],"inLanguage":"en-GB","copyrightYear":"2025","copyrightHolder":{"@id":"https:\/\/buletin.de\/bucuresti\/#organization"}},{"@type":"WebPage","@id":"https:\/\/buletin.de\/bucuresti\/sectorul-zero-din-mogosoaia-care-a-modificat-matematica-ar-urma-sa-fie-anulat-nu-mai-este-oportun\/","url":"https:\/\/buletin.de\/bucuresti\/sectorul-zero-din-mogosoaia-care-a-modificat-matematica-ar-urma-sa-fie-anulat-nu-mai-este-oportun\/","name":"Sectorul Zero din Mogo\u0219oaia, care \u201ea modificat\u201d matematica, ar urma s\u0103 fie anulat: \u201eNu mai este oportun\u201d - Buletin de Bucure\u0219ti","isPartOf":{"@id":"https:\/\/buletin.de\/bucuresti\/#website"},"primaryImageOfPage":{"@id":"https:\/\/buletin.de\/bucuresti\/sectorul-zero-din-mogosoaia-care-a-modificat-matematica-ar-urma-sa-fie-anulat-nu-mai-este-oportun\/#primaryimage"},"image":{"@id":"https:\/\/buletin.de\/bucuresti\/sectorul-zero-din-mogosoaia-care-a-modificat-matematica-ar-urma-sa-fie-anulat-nu-mai-este-oportun\/#primaryimage"},"thumbnailUrl":"https:\/\/buletin.de\/bucuresti\/wp-content\/uploads\/2025\/04\/mogosoaia-blur.png","datePublished":"2025-04-08T02:52:00+00:00","dateModified":"2025-04-08T16:51:58+00:00","description":"Sectorul Zero din Mogo\u0219oaia, proiectul imobiliar pornit de fosta administra\u0163ie, va fi anulat prin vot de Consiliul Local","breadcrumb":{"@id":"https:\/\/buletin.de\/bucuresti\/sectorul-zero-din-mogosoaia-care-a-modificat-matematica-ar-urma-sa-fie-anulat-nu-mai-este-oportun\/#breadcrumb"},"inLanguage":"en-GB","potentialAction":[{"@type":"ReadAction","target":["https:\/\/buletin.de\/bucuresti\/sectorul-zero-din-mogosoaia-care-a-modificat-matematica-ar-urma-sa-fie-anulat-nu-mai-este-oportun\/"]}]},{"@type":"ImageObject","inLanguage":"en-GB","@id":"https:\/\/buletin.de\/bucuresti\/sectorul-zero-din-mogosoaia-care-a-modificat-matematica-ar-urma-sa-fie-anulat-nu-mai-este-oportun\/#primaryimage","url":"https:\/\/buletin.de\/bucuresti\/wp-content\/uploads\/2025\/04\/mogosoaia-blur.png","contentUrl":"https:\/\/buletin.de\/bucuresti\/wp-content\/uploads\/2025\/04\/mogosoaia-blur.png","width":1183,"height":737,"caption":"\u201eSectorul Zero\u201d din Mogo\u015foaia, care \u201ea modificat\u201d matematica, ar urma s\u0103 fie anulat: \u201eNu mai este oportun\u201dFOTO: Google Street View"},{"@type":"BreadcrumbList","@id":"https:\/\/buletin.de\/bucuresti\/sectorul-zero-din-mogosoaia-care-a-modificat-matematica-ar-urma-sa-fie-anulat-nu-mai-este-oportun\/#breadcrumb","itemListElement":[{"@type":"ListItem","position":1,"name":"Acas\u0103","item":"https:\/\/buletin.de\/bucuresti\/"},{"@type":"ListItem","position":2,"name":"Sectorul Zero din Mogo\u0219oaia, care \u201ea modificat\u201d matematica, ar urma s\u0103 fie anulat: \u201eNu mai este oportun\u201d"}]},{"@type":"WebSite","@id":"https:\/\/buletin.de\/bucuresti\/#website","url":"https:\/\/buletin.de\/bucuresti\/","name":"Buletin de Bucure\u0219ti","description":"\u0218tiri \u0219i investiga\u021bii esen\u021biale din capital\u0103","publisher":{"@id":"https:\/\/buletin.de\/bucuresti\/#organization"},"potentialAction":[{"@type":"SearchAction","target":{"@type":"EntryPoint","urlTemplate":"https:\/\/buletin.de\/bucuresti\/?s={search_term_string}"},"query-input":{"@type":"PropertyValueSpecification","valueRequired":true,"valueName":"search_term_string"}}],"inLanguage":"en-GB"},{"@type":"Organization","@id":"https:\/\/buletin.de\/bucuresti\/#organization","name":"Buletin de Bucure\u0219ti","url":"https:\/\/buletin.de\/bucuresti\/","logo":{"@type":"ImageObject","inLanguage":"en-GB","@id":"https:\/\/buletin.de\/bucuresti\/#\/schema\/logo\/image\/","url":"https:\/\/buletin.de\/bucuresti\/wp-content\/uploads\/logo-bdb-full-wide-vernil-transparent.png","contentUrl":"https:\/\/buletin.de\/bucuresti\/wp-content\/uploads\/logo-bdb-full-wide-vernil-transparent.png","width":1782,"height":626,"caption":"Buletin de Bucure\u0219ti"},"image":{"@id":"https:\/\/buletin.de\/bucuresti\/#\/schema\/logo\/image\/"},"sameAs":["https:\/\/www.facebook.com\/buletin.de.buc","https:\/\/www.instagram.com\/buletinde.bucuresti\/"]},{"@type":"Person","@id":"https:\/\/buletin.de\/bucuresti\/#\/schema\/person\/5272b8a057b33890940b57b837fc4ce6","name":"Ionu\u021b Lepa","image":{"@type":"ImageObject","inLanguage":"en-GB","@id":"https:\/\/buletin.de\/bucuresti\/wp-content\/uploads\/Ionut-Lepa-96x96.jpg5c4e4d9e049808799a8821652d2410a4","url":"https:\/\/buletin.de\/bucuresti\/wp-content\/uploads\/Ionut-Lepa-96x96.jpg","contentUrl":"https:\/\/buletin.de\/bucuresti\/wp-content\/uploads\/Ionut-Lepa-96x96.jpg","caption":"Ionu\u021b Lepa"},"url":"https:\/\/buletin.de\/bucuresti\/author\/ionutlepa\/"}]}},"authors":[{"term_id":22586,"user_id":8,"is_guest":0,"slug":"ionutlepa","display_name":"Ionu\u021b Lepa","avatar_url":"https:\/\/buletin.de\/bucuresti\/wp-content\/uploads\/Ionut-Lepa-96x96.jpg","0":null,"1":"","2":"","3":"","4":"","5":"","6":"","7":"","8":""}],"_links":{"self":[{"href":"https:\/\/buletin.de\/bucuresti\/wp-json\/wp\/v2\/posts\/125600","targetHints":{"allow":["GET"]}}],"collection":[{"href":"https:\/\/buletin.de\/bucuresti\/wp-json\/wp\/v2\/posts"}],"about":[{"href":"https:\/\/buletin.de\/bucuresti\/wp-json\/wp\/v2\/types\/post"}],"author":[{"embeddable":true,"href":"https:\/\/buletin.de\/bucuresti\/wp-json\/wp\/v2\/users\/8"}],"replies":[{"embeddable":true,"href":"https:\/\/buletin.de\/bucuresti\/wp-json\/wp\/v2\/comments?post=125600"}],"version-history":[{"count":9,"href":"https:\/\/buletin.de\/bucuresti\/wp-json\/wp\/v2\/posts\/125600\/revisions"}],"predecessor-version":[{"id":125721,"href":"https:\/\/buletin.de\/bucuresti\/wp-json\/wp\/v2\/posts\/125600\/revisions\/125721"}],"wp:featuredmedia":[{"embeddable":true,"href":"https:\/\/buletin.de\/bucuresti\/wp-json\/wp\/v2\/media\/125601"}],"wp:attachment":[{"href":"https:\/\/buletin.de\/bucuresti\/wp-json\/wp\/v2\/media?parent=125600"}],"wp:term":[{"taxonomy":"category","embeddable":true,"href":"https:\/\/buletin.de\/bucuresti\/wp-json\/wp\/v2\/categories?post=125600"},{"taxonomy":"post_tag","embeddable":true,"href":"https:\/\/buletin.de\/bucuresti\/wp-json\/wp\/v2\/tags?post=125600"},{"taxonomy":"author","embeddable":true,"href":"https:\/\/buletin.de\/bucuresti\/wp-json\/wp\/v2\/ppma_author?post=125600"}],"curies":[{"name":"wp","href":"https:\/\/api.w.org\/{rel}","templated":true}]}}