{"id":1256,"date":"2019-09-12T16:13:47","date_gmt":"2019-09-12T13:13:47","guid":{"rendered":"https:\/\/buletin.de\/bucuresti\/?p=1256"},"modified":"2019-09-12T16:13:49","modified_gmt":"2019-09-12T13:13:49","slug":"ambrozia-combatuta-prea-tarziu","status":"publish","type":"post","link":"https:\/\/buletin.de\/bucuresti\/ambrozia-combatuta-prea-tarziu\/","title":{"rendered":"Ambrozia, comb\u0103tut\u0103 prea t\u00e2rziu"},"content":{"rendered":"\n<p>M\u0103suri tardive din partea conducerii Capitalei, pentru eradicarea ambroziei. Planta care provoac\u0103 alergii \u00een r\u00e2ndul a mii de bucure\u015fteni este acum la finalul perioadei de \u00eenflorire \u015fi abia acum Primarul General a cerut \u00eentr-un comandament s\u0103 se aplice amenda maxim\u0103 celor care nu \u00ee\u015fi cur\u0103\u0163\u0103 terenul de buruian\u0103. Pentru persoane fizice, amenda este de la <strong>750 la 5000<\/strong> <strong>de lei<\/strong>, iar pentru cele juridice, de la <strong>5000 la 20.000 lei<\/strong>. Gabriela Firea a spus c\u0103 \u015fi legisla\u0163ia \u00een domeniu ar trebui \u00eembun\u0103t\u0103\u0163it\u0103, fiindc\u0103 amenzile sunt, \u00een opinia ei, prea mici.<\/p>\n\n\n\n<iframe src=\"https:\/\/www.facebook.com\/plugins\/post.php?href=https%3A%2F%2Fwww.facebook.com%2Fgabifirea%2Fposts%2F2622451807817610&#038;width=500\" width=\"500\" height=\"802\" style=\"border:none;overflow:hidden;\" scrolling=\"no\" frameborder=\"0\" allowTransparency=\"true\" allow=\"encrypted-media\"><\/iframe>\n\n\n\n\n<p>Mici sau mari, p\u00e2n\u0103 \u00een acest moment au fost aplicate doar nou\u0103 amenzi \u015fi 43 de avertismente, conform datelor str\u00e2nse de Hotnews. Asta \u00een condi\u0163iile \u00een care edilii au identificat 347 de terenuri cu ambrozie \u00een cele \u015fase sectoare ale Capitalei.<\/p>\n\n\n\n<p>Dintre acestea 347, 14 apar\u0163in institu\u0163iilor publice. \u00cen jum\u0103tate dintre cazuri, institu\u0163iile s-au conformat \u015fi au plivit buruienile.<\/p>\n\n\n\n<p>Pa\u015fii legali spun c\u0103 prim\u0103riile de sector aveau datoria s\u0103 trimit\u0103 soma\u0163ii p\u00e2n\u0103 la 5 iunie c\u0103tre proprietarii de terenuri pe care cre\u015fte ambrozie, iar ei erau obliga\u0163i s\u0103 o taie p\u00e2n\u0103 pe 30 iunie. Dup\u0103 aceast\u0103 perioad\u0103, au urmat controalele \u00een teren, care s-au \u00eencheiat doar cu cele nou\u0103 amenzi.<\/p>\n\n\n\n<p>Conform datelor de la Ministerul Mediului, aproximativ 500 de mii de rom\u00e2ni au alergii cauzate de polenul ambroziei. Iar aceste afec\u0163iuni nu sunt doar un moft sau apanajul celor foarte sensibili: medicii spun c\u0103 se poate ajunge de la simple rinite p\u00e2n\u0103 la \u015foc anafilactic.<\/p>\n\n\n\n<p><em>Reporter: Ionu\u021b Lepa<br>Editor: Oana Despa<br><\/em><a href=\"https:\/\/commons.wikimedia.org\/wiki\/File:Canyon_Ragweed_-_Flickr_-_treegrow_(2).jpg\"><em>Surs\u0103 foto (modificat\u0103)<\/em><\/a><\/p>\n","protected":false},"excerpt":{"rendered":"<p>M\u0103suri tardive din partea conducerii Capitalei, pentru eradicarea ambroziei. Planta care provoac\u0103 alergii \u00een r\u00e2ndul a mii de bucure\u015fteni este acum la finalul perioadei de \u00eenflorire \u015fi abia acum Primarul General a cerut \u00eentr-un comandament s\u0103 se aplice amenda maxim\u0103 celor care nu \u00ee\u015fi cur\u0103\u0163\u0103 terenul de buruian\u0103. Pentru persoane fizice, amenda este de la [&hellip;]<\/p>\n","protected":false},"author":1,"featured_media":1262,"comment_status":"closed","ping_status":"open","sticky":false,"template":"","format":"standard","meta":{"_acf_changed":false,"inline_featured_image":false,"ngg_post_thumbnail":0,"footnotes":""},"categories":[24,62],"tags":[185,183,154,184,187,35,182,186],"ppma_author":[22583],"class_list":["post-1256","post","type-post","status-publish","format-standard","has-post-thumbnail","hentry","category-primarie","category-stiri","tag-alergii","tag-ambrozie","tag-amenzi","tag-combatere","tag-polen","tag-primarie","tag-ragweed","tag-vara"],"acf":[],"yoast_head":"<!-- This site is optimized with the Yoast SEO Premium plugin v25.3 (Yoast SEO v27.4) - https:\/\/yoast.com\/product\/yoast-seo-premium-wordpress\/ -->\n<title>Ambrozia, comb\u0103tut\u0103 prea t\u00e2rziu - Buletin de Bucure\u0219ti<\/title>\n<meta name=\"robots\" content=\"index, follow, max-snippet:-1, max-image-preview:large, max-video-preview:-1\" \/>\n<link rel=\"canonical\" href=\"https:\/\/buletin.de\/bucuresti\/ambrozia-combatuta-prea-tarziu\/\" \/>\n<meta property=\"og:locale\" content=\"en_GB\" \/>\n<meta property=\"og:type\" content=\"article\" \/>\n<meta property=\"og:title\" content=\"Ambrozia, comb\u0103tut\u0103 prea t\u00e2rziu\" \/>\n<meta property=\"og:description\" content=\"M\u0103suri tardive din partea conducerii Capitalei, pentru eradicarea ambroziei. Planta care provoac\u0103 alergii \u00een r\u00e2ndul a mii de bucure\u015fteni este acum la finalul perioadei de \u00eenflorire \u015fi abia acum Primarul General a cerut \u00eentr-un comandament s\u0103 se aplice amenda maxim\u0103 celor care nu \u00ee\u015fi cur\u0103\u0163\u0103 terenul de buruian\u0103. Pentru persoane fizice, amenda este de la [&hellip;]\" \/>\n<meta property=\"og:url\" content=\"https:\/\/buletin.de\/bucuresti\/ambrozia-combatuta-prea-tarziu\/\" \/>\n<meta property=\"og:site_name\" content=\"Buletin de Bucure\u0219ti\" \/>\n<meta property=\"article:publisher\" content=\"https:\/\/www.facebook.com\/buletin.de.buc\" \/>\n<meta property=\"article:published_time\" content=\"2019-09-12T13:13:47+00:00\" \/>\n<meta property=\"article:modified_time\" content=\"2019-09-12T13:13:49+00:00\" \/>\n<meta property=\"og:image\" content=\"https:\/\/buletin.de\/bucuresti\/wp-content\/uploads\/ragweed-scaled.jpg\" \/>\n\t<meta property=\"og:image:width\" content=\"2560\" \/>\n\t<meta property=\"og:image:height\" content=\"1920\" \/>\n\t<meta property=\"og:image:type\" content=\"image\/jpeg\" \/>\n<meta name=\"author\" content=\"Redac\u021bia Buletin de Bucure\u0219ti\" \/>\n<meta name=\"twitter:card\" content=\"summary_large_image\" \/>\n<meta name=\"twitter:label1\" content=\"Written by\" \/>\n\t<meta name=\"twitter:data1\" content=\"Redac\u021bia Buletin de Bucure\u0219ti\" \/>\n\t<meta name=\"twitter:label2\" content=\"Estimated reading time\" \/>\n\t<meta name=\"twitter:data2\" content=\"1 minute\" \/>\n<script type=\"application\/ld+json\" class=\"yoast-schema-graph\">{\"@context\":\"https:\\\/\\\/schema.org\",\"@graph\":[{\"@type\":\"Article\",\"@id\":\"https:\\\/\\\/buletin.de\\\/bucuresti\\\/ambrozia-combatuta-prea-tarziu\\\/#article\",\"isPartOf\":{\"@id\":\"https:\\\/\\\/buletin.de\\\/bucuresti\\\/ambrozia-combatuta-prea-tarziu\\\/\"},\"author\":{\"name\":\"Redac\u021bia Buletin de Bucure\u0219ti\",\"@id\":\"https:\\\/\\\/buletin.de\\\/bucuresti\\\/#\\\/schema\\\/person\\\/2bbcf854e5f2419a13804af574d06ab1\"},\"headline\":\"Ambrozia, comb\u0103tut\u0103 prea t\u00e2rziu\",\"datePublished\":\"2019-09-12T13:13:47+00:00\",\"dateModified\":\"2019-09-12T13:13:49+00:00\",\"mainEntityOfPage\":{\"@id\":\"https:\\\/\\\/buletin.de\\\/bucuresti\\\/ambrozia-combatuta-prea-tarziu\\\/\"},\"wordCount\":272,\"publisher\":{\"@id\":\"https:\\\/\\\/buletin.de\\\/bucuresti\\\/#organization\"},\"image\":{\"@id\":\"https:\\\/\\\/buletin.de\\\/bucuresti\\\/ambrozia-combatuta-prea-tarziu\\\/#primaryimage\"},\"thumbnailUrl\":\"https:\\\/\\\/buletin.de\\\/bucuresti\\\/wp-content\\\/uploads\\\/ragweed-scaled.jpg\",\"keywords\":[\"alergii\",\"ambrozie\",\"amenzi\",\"combatere\",\"polen\",\"primarie\",\"ragweed\",\"vara\"],\"articleSection\":[\"Prim\u0103rie\",\"\u0218tiri\"],\"inLanguage\":\"en-GB\",\"copyrightYear\":\"2019\",\"copyrightHolder\":{\"@id\":\"https:\\\/\\\/buletin.de\\\/bucuresti\\\/#organization\"}},{\"@type\":\"WebPage\",\"@id\":\"https:\\\/\\\/buletin.de\\\/bucuresti\\\/ambrozia-combatuta-prea-tarziu\\\/\",\"url\":\"https:\\\/\\\/buletin.de\\\/bucuresti\\\/ambrozia-combatuta-prea-tarziu\\\/\",\"name\":\"Ambrozia, comb\u0103tut\u0103 prea t\u00e2rziu - Buletin de Bucure\u0219ti\",\"isPartOf\":{\"@id\":\"https:\\\/\\\/buletin.de\\\/bucuresti\\\/#website\"},\"primaryImageOfPage\":{\"@id\":\"https:\\\/\\\/buletin.de\\\/bucuresti\\\/ambrozia-combatuta-prea-tarziu\\\/#primaryimage\"},\"image\":{\"@id\":\"https:\\\/\\\/buletin.de\\\/bucuresti\\\/ambrozia-combatuta-prea-tarziu\\\/#primaryimage\"},\"thumbnailUrl\":\"https:\\\/\\\/buletin.de\\\/bucuresti\\\/wp-content\\\/uploads\\\/ragweed-scaled.jpg\",\"datePublished\":\"2019-09-12T13:13:47+00:00\",\"dateModified\":\"2019-09-12T13:13:49+00:00\",\"breadcrumb\":{\"@id\":\"https:\\\/\\\/buletin.de\\\/bucuresti\\\/ambrozia-combatuta-prea-tarziu\\\/#breadcrumb\"},\"inLanguage\":\"en-GB\",\"potentialAction\":[{\"@type\":\"ReadAction\",\"target\":[\"https:\\\/\\\/buletin.de\\\/bucuresti\\\/ambrozia-combatuta-prea-tarziu\\\/\"]}]},{\"@type\":\"ImageObject\",\"inLanguage\":\"en-GB\",\"@id\":\"https:\\\/\\\/buletin.de\\\/bucuresti\\\/ambrozia-combatuta-prea-tarziu\\\/#primaryimage\",\"url\":\"https:\\\/\\\/buletin.de\\\/bucuresti\\\/wp-content\\\/uploads\\\/ragweed-scaled.jpg\",\"contentUrl\":\"https:\\\/\\\/buletin.de\\\/bucuresti\\\/wp-content\\\/uploads\\\/ragweed-scaled.jpg\",\"width\":2560,\"height\":1920},{\"@type\":\"BreadcrumbList\",\"@id\":\"https:\\\/\\\/buletin.de\\\/bucuresti\\\/ambrozia-combatuta-prea-tarziu\\\/#breadcrumb\",\"itemListElement\":[{\"@type\":\"ListItem\",\"position\":1,\"name\":\"Acas\u0103\",\"item\":\"https:\\\/\\\/buletin.de\\\/bucuresti\\\/\"},{\"@type\":\"ListItem\",\"position\":2,\"name\":\"Ambrozia, comb\u0103tut\u0103 prea t\u00e2rziu\"}]},{\"@type\":\"WebSite\",\"@id\":\"https:\\\/\\\/buletin.de\\\/bucuresti\\\/#website\",\"url\":\"https:\\\/\\\/buletin.de\\\/bucuresti\\\/\",\"name\":\"Buletin de Bucure\u0219ti\",\"description\":\"\u0218tiri \u0219i investiga\u021bii esen\u021biale din capital\u0103\",\"publisher\":{\"@id\":\"https:\\\/\\\/buletin.de\\\/bucuresti\\\/#organization\"},\"potentialAction\":[{\"@type\":\"SearchAction\",\"target\":{\"@type\":\"EntryPoint\",\"urlTemplate\":\"https:\\\/\\\/buletin.de\\\/bucuresti\\\/?s={search_term_string}\"},\"query-input\":{\"@type\":\"PropertyValueSpecification\",\"valueRequired\":true,\"valueName\":\"search_term_string\"}}],\"inLanguage\":\"en-GB\"},{\"@type\":\"Organization\",\"@id\":\"https:\\\/\\\/buletin.de\\\/bucuresti\\\/#organization\",\"name\":\"Buletin de Bucure\u0219ti\",\"url\":\"https:\\\/\\\/buletin.de\\\/bucuresti\\\/\",\"logo\":{\"@type\":\"ImageObject\",\"inLanguage\":\"en-GB\",\"@id\":\"https:\\\/\\\/buletin.de\\\/bucuresti\\\/#\\\/schema\\\/logo\\\/image\\\/\",\"url\":\"https:\\\/\\\/buletin.de\\\/bucuresti\\\/wp-content\\\/uploads\\\/logo-bdb-full-wide-vernil-transparent.png\",\"contentUrl\":\"https:\\\/\\\/buletin.de\\\/bucuresti\\\/wp-content\\\/uploads\\\/logo-bdb-full-wide-vernil-transparent.png\",\"width\":1782,\"height\":626,\"caption\":\"Buletin de Bucure\u0219ti\"},\"image\":{\"@id\":\"https:\\\/\\\/buletin.de\\\/bucuresti\\\/#\\\/schema\\\/logo\\\/image\\\/\"},\"sameAs\":[\"https:\\\/\\\/www.facebook.com\\\/buletin.de.buc\",\"https:\\\/\\\/www.instagram.com\\\/buletinde.bucuresti\\\/\"]},{\"@type\":\"Person\",\"@id\":\"https:\\\/\\\/buletin.de\\\/bucuresti\\\/#\\\/schema\\\/person\\\/2bbcf854e5f2419a13804af574d06ab1\",\"name\":\"Redac\u021bia Buletin de Bucure\u0219ti\",\"image\":{\"@type\":\"ImageObject\",\"inLanguage\":\"en-GB\",\"@id\":\"https:\\\/\\\/secure.gravatar.com\\\/avatar\\\/18c5342381ed1a08620e6280424e3e5efc958618f5d67c522c9e44c1bc6f9226?s=96&d=monsterid&r=g60c7cd0ad92c68c049fcd4bb3504d609\",\"url\":\"https:\\\/\\\/secure.gravatar.com\\\/avatar\\\/18c5342381ed1a08620e6280424e3e5efc958618f5d67c522c9e44c1bc6f9226?s=96&d=monsterid&r=g\",\"contentUrl\":\"https:\\\/\\\/secure.gravatar.com\\\/avatar\\\/18c5342381ed1a08620e6280424e3e5efc958618f5d67c522c9e44c1bc6f9226?s=96&d=monsterid&r=g\",\"caption\":\"Redac\u021bia Buletin de Bucure\u0219ti\"},\"description\":\"Buletin de Bucure\u0219ti exist\u0103 din vara anului 2019.\",\"url\":\"https:\\\/\\\/buletin.de\\\/bucuresti\\\/author\\\/adminbuletin\\\/\"}]}<\/script>\n<!-- \/ Yoast SEO Premium plugin. -->","yoast_head_json":{"title":"Ambrozia, comb\u0103tut\u0103 prea t\u00e2rziu - Buletin de Bucure\u0219ti","robots":{"index":"index","follow":"follow","max-snippet":"max-snippet:-1","max-image-preview":"max-image-preview:large","max-video-preview":"max-video-preview:-1"},"canonical":"https:\/\/buletin.de\/bucuresti\/ambrozia-combatuta-prea-tarziu\/","og_locale":"en_GB","og_type":"article","og_title":"Ambrozia, comb\u0103tut\u0103 prea t\u00e2rziu","og_description":"M\u0103suri tardive din partea conducerii Capitalei, pentru eradicarea ambroziei. Planta care provoac\u0103 alergii \u00een r\u00e2ndul a mii de bucure\u015fteni este acum la finalul perioadei de \u00eenflorire \u015fi abia acum Primarul General a cerut \u00eentr-un comandament s\u0103 se aplice amenda maxim\u0103 celor care nu \u00ee\u015fi cur\u0103\u0163\u0103 terenul de buruian\u0103. Pentru persoane fizice, amenda este de la [&hellip;]","og_url":"https:\/\/buletin.de\/bucuresti\/ambrozia-combatuta-prea-tarziu\/","og_site_name":"Buletin de Bucure\u0219ti","article_publisher":"https:\/\/www.facebook.com\/buletin.de.buc","article_published_time":"2019-09-12T13:13:47+00:00","article_modified_time":"2019-09-12T13:13:49+00:00","og_image":[{"width":2560,"height":1920,"url":"https:\/\/buletin.de\/bucuresti\/wp-content\/uploads\/ragweed-scaled.jpg","type":"image\/jpeg"}],"author":"Redac\u021bia Buletin de Bucure\u0219ti","twitter_card":"summary_large_image","twitter_misc":{"Written by":"Redac\u021bia Buletin de Bucure\u0219ti","Estimated reading time":"1 minute"},"schema":{"@context":"https:\/\/schema.org","@graph":[{"@type":"Article","@id":"https:\/\/buletin.de\/bucuresti\/ambrozia-combatuta-prea-tarziu\/#article","isPartOf":{"@id":"https:\/\/buletin.de\/bucuresti\/ambrozia-combatuta-prea-tarziu\/"},"author":{"name":"Redac\u021bia Buletin de Bucure\u0219ti","@id":"https:\/\/buletin.de\/bucuresti\/#\/schema\/person\/2bbcf854e5f2419a13804af574d06ab1"},"headline":"Ambrozia, comb\u0103tut\u0103 prea t\u00e2rziu","datePublished":"2019-09-12T13:13:47+00:00","dateModified":"2019-09-12T13:13:49+00:00","mainEntityOfPage":{"@id":"https:\/\/buletin.de\/bucuresti\/ambrozia-combatuta-prea-tarziu\/"},"wordCount":272,"publisher":{"@id":"https:\/\/buletin.de\/bucuresti\/#organization"},"image":{"@id":"https:\/\/buletin.de\/bucuresti\/ambrozia-combatuta-prea-tarziu\/#primaryimage"},"thumbnailUrl":"https:\/\/buletin.de\/bucuresti\/wp-content\/uploads\/ragweed-scaled.jpg","keywords":["alergii","ambrozie","amenzi","combatere","polen","primarie","ragweed","vara"],"articleSection":["Prim\u0103rie","\u0218tiri"],"inLanguage":"en-GB","copyrightYear":"2019","copyrightHolder":{"@id":"https:\/\/buletin.de\/bucuresti\/#organization"}},{"@type":"WebPage","@id":"https:\/\/buletin.de\/bucuresti\/ambrozia-combatuta-prea-tarziu\/","url":"https:\/\/buletin.de\/bucuresti\/ambrozia-combatuta-prea-tarziu\/","name":"Ambrozia, comb\u0103tut\u0103 prea t\u00e2rziu - Buletin de Bucure\u0219ti","isPartOf":{"@id":"https:\/\/buletin.de\/bucuresti\/#website"},"primaryImageOfPage":{"@id":"https:\/\/buletin.de\/bucuresti\/ambrozia-combatuta-prea-tarziu\/#primaryimage"},"image":{"@id":"https:\/\/buletin.de\/bucuresti\/ambrozia-combatuta-prea-tarziu\/#primaryimage"},"thumbnailUrl":"https:\/\/buletin.de\/bucuresti\/wp-content\/uploads\/ragweed-scaled.jpg","datePublished":"2019-09-12T13:13:47+00:00","dateModified":"2019-09-12T13:13:49+00:00","breadcrumb":{"@id":"https:\/\/buletin.de\/bucuresti\/ambrozia-combatuta-prea-tarziu\/#breadcrumb"},"inLanguage":"en-GB","potentialAction":[{"@type":"ReadAction","target":["https:\/\/buletin.de\/bucuresti\/ambrozia-combatuta-prea-tarziu\/"]}]},{"@type":"ImageObject","inLanguage":"en-GB","@id":"https:\/\/buletin.de\/bucuresti\/ambrozia-combatuta-prea-tarziu\/#primaryimage","url":"https:\/\/buletin.de\/bucuresti\/wp-content\/uploads\/ragweed-scaled.jpg","contentUrl":"https:\/\/buletin.de\/bucuresti\/wp-content\/uploads\/ragweed-scaled.jpg","width":2560,"height":1920},{"@type":"BreadcrumbList","@id":"https:\/\/buletin.de\/bucuresti\/ambrozia-combatuta-prea-tarziu\/#breadcrumb","itemListElement":[{"@type":"ListItem","position":1,"name":"Acas\u0103","item":"https:\/\/buletin.de\/bucuresti\/"},{"@type":"ListItem","position":2,"name":"Ambrozia, comb\u0103tut\u0103 prea t\u00e2rziu"}]},{"@type":"WebSite","@id":"https:\/\/buletin.de\/bucuresti\/#website","url":"https:\/\/buletin.de\/bucuresti\/","name":"Buletin de Bucure\u0219ti","description":"\u0218tiri \u0219i investiga\u021bii esen\u021biale din capital\u0103","publisher":{"@id":"https:\/\/buletin.de\/bucuresti\/#organization"},"potentialAction":[{"@type":"SearchAction","target":{"@type":"EntryPoint","urlTemplate":"https:\/\/buletin.de\/bucuresti\/?s={search_term_string}"},"query-input":{"@type":"PropertyValueSpecification","valueRequired":true,"valueName":"search_term_string"}}],"inLanguage":"en-GB"},{"@type":"Organization","@id":"https:\/\/buletin.de\/bucuresti\/#organization","name":"Buletin de Bucure\u0219ti","url":"https:\/\/buletin.de\/bucuresti\/","logo":{"@type":"ImageObject","inLanguage":"en-GB","@id":"https:\/\/buletin.de\/bucuresti\/#\/schema\/logo\/image\/","url":"https:\/\/buletin.de\/bucuresti\/wp-content\/uploads\/logo-bdb-full-wide-vernil-transparent.png","contentUrl":"https:\/\/buletin.de\/bucuresti\/wp-content\/uploads\/logo-bdb-full-wide-vernil-transparent.png","width":1782,"height":626,"caption":"Buletin de Bucure\u0219ti"},"image":{"@id":"https:\/\/buletin.de\/bucuresti\/#\/schema\/logo\/image\/"},"sameAs":["https:\/\/www.facebook.com\/buletin.de.buc","https:\/\/www.instagram.com\/buletinde.bucuresti\/"]},{"@type":"Person","@id":"https:\/\/buletin.de\/bucuresti\/#\/schema\/person\/2bbcf854e5f2419a13804af574d06ab1","name":"Redac\u021bia Buletin de Bucure\u0219ti","image":{"@type":"ImageObject","inLanguage":"en-GB","@id":"https:\/\/secure.gravatar.com\/avatar\/18c5342381ed1a08620e6280424e3e5efc958618f5d67c522c9e44c1bc6f9226?s=96&d=monsterid&r=g60c7cd0ad92c68c049fcd4bb3504d609","url":"https:\/\/secure.gravatar.com\/avatar\/18c5342381ed1a08620e6280424e3e5efc958618f5d67c522c9e44c1bc6f9226?s=96&d=monsterid&r=g","contentUrl":"https:\/\/secure.gravatar.com\/avatar\/18c5342381ed1a08620e6280424e3e5efc958618f5d67c522c9e44c1bc6f9226?s=96&d=monsterid&r=g","caption":"Redac\u021bia Buletin de Bucure\u0219ti"},"description":"Buletin de Bucure\u0219ti exist\u0103 din vara anului 2019.","url":"https:\/\/buletin.de\/bucuresti\/author\/adminbuletin\/"}]}},"authors":[{"term_id":22583,"user_id":1,"is_guest":0,"slug":"adminbuletin","display_name":"Redac\u021bia Buletin de Bucure\u0219ti","avatar_url":"https:\/\/secure.gravatar.com\/avatar\/18c5342381ed1a08620e6280424e3e5efc958618f5d67c522c9e44c1bc6f9226?s=96&d=monsterid&r=g","0":null,"1":"","2":"","3":"","4":"","5":"","6":"","7":"","8":""}],"_links":{"self":[{"href":"https:\/\/buletin.de\/bucuresti\/wp-json\/wp\/v2\/posts\/1256","targetHints":{"allow":["GET"]}}],"collection":[{"href":"https:\/\/buletin.de\/bucuresti\/wp-json\/wp\/v2\/posts"}],"about":[{"href":"https:\/\/buletin.de\/bucuresti\/wp-json\/wp\/v2\/types\/post"}],"author":[{"embeddable":true,"href":"https:\/\/buletin.de\/bucuresti\/wp-json\/wp\/v2\/users\/1"}],"replies":[{"embeddable":true,"href":"https:\/\/buletin.de\/bucuresti\/wp-json\/wp\/v2\/comments?post=1256"}],"version-history":[{"count":7,"href":"https:\/\/buletin.de\/bucuresti\/wp-json\/wp\/v2\/posts\/1256\/revisions"}],"predecessor-version":[{"id":1264,"href":"https:\/\/buletin.de\/bucuresti\/wp-json\/wp\/v2\/posts\/1256\/revisions\/1264"}],"wp:featuredmedia":[{"embeddable":true,"href":"https:\/\/buletin.de\/bucuresti\/wp-json\/wp\/v2\/media\/1262"}],"wp:attachment":[{"href":"https:\/\/buletin.de\/bucuresti\/wp-json\/wp\/v2\/media?parent=1256"}],"wp:term":[{"taxonomy":"category","embeddable":true,"href":"https:\/\/buletin.de\/bucuresti\/wp-json\/wp\/v2\/categories?post=1256"},{"taxonomy":"post_tag","embeddable":true,"href":"https:\/\/buletin.de\/bucuresti\/wp-json\/wp\/v2\/tags?post=1256"},{"taxonomy":"author","embeddable":true,"href":"https:\/\/buletin.de\/bucuresti\/wp-json\/wp\/v2\/ppma_author?post=1256"}],"curies":[{"name":"wp","href":"https:\/\/api.w.org\/{rel}","templated":true}]}}