{"id":125486,"date":"2025-04-06T20:23:02","date_gmt":"2025-04-06T17:23:02","guid":{"rendered":"https:\/\/buletin.de\/bucuresti\/?p=125486"},"modified":"2025-04-06T20:23:38","modified_gmt":"2025-04-06T17:23:38","slug":"sector-5-piata-13-septembrie-va-fi-refacuta-constructiile-existente-vor-fi-demolate","status":"publish","type":"post","link":"https:\/\/buletin.de\/bucuresti\/sector-5-piata-13-septembrie-va-fi-refacuta-constructiile-existente-vor-fi-demolate\/","title":{"rendered":"Sector 5 |\u00a0Pia\u0163a 13 Septembrie va fi ref\u0103cut\u0103. Construc\u0163iile existente vor fi demolate"},"content":{"rendered":"\n<p><strong>Pia\u0163a 13 Septembrie va fi ref\u0103cut\u0103 complet. Construc\u0163iile existente, majoritatea \u00eencadrate \u00een clasa a II-a de risc seismic, vor fi demolate pentru a face loc unor noi spa\u0163ii comerciale, care \u00ee\u015fi vor p\u0103stra actuala func\u0163iune, de pia\u0163\u0103 agroalimentar\u0103. <\/strong><\/p>\n\n\n\n<p><strong>Prim\u0103ria Sectorului 5 a ob\u0163inut acordul Consiliului General al Municipiului Bucure\u015fti \u00een \u015fedin\u0163a maraton de joi, 3 aprilie. <\/strong><\/p>\n\n\n\n<p>Proiectul a fost \u00eenscris pe ordinea de zi suplimentar\u0103, \u00een urma negocierilor politice necesare pentru aprobarea <a href=\"https:\/\/buletin.de\/bucuresti\/bugetul-capitalei-adoptat-la-a-doua-incercare-dupa-o-lunga-sedinta-marcata-de-scandal\/\" target=\"_blank\" rel=\"noreferrer noopener\">bugetului Capitalei<\/a>.<\/p>\n\n\n\n<div class=\"wp-block-buttons is-content-justification-center is-layout-flex wp-container-core-buttons-is-layout-16018d1d wp-block-buttons-is-layout-flex\">\n<div class=\"wp-block-button has-custom-width wp-block-button__width-100\"><a class=\"wp-block-button__link wp-element-button\" href=\"https:\/\/www.patreon.com\/BuletinDeBucuresti\"><strong>Sus\u021bine Buletin de Bucure\u0219ti pentru investiga\u021bii, reportaje \u0219i \u0219tiri Locale<\/strong><\/a><\/div>\n<\/div>\n\n\n\n<h2 class=\"wp-block-heading\" id=\"h-pia\u021ba-13-septembrie-spa\u021bii-comerciale-cu-risc-seismic\">Pia\u021ba 13 Septembrie, spa\u021bii comerciale cu risc seismic<\/h2>\n\n\n\n<p>Este vorba despre zece corpuri de cl\u0103dire, situate \u00een Strada Antiaerian\u0103 nr. 2-4, cu o suprafa\u0163\u0103 de peste 11.000 de metri p\u0103tra\u0163i. \u00cen urma expertiz\u0103rii, toate construc\u021biile au fost \u00eencadrate \u00een clasa a II-a de risc seismic, cu execep\u021bia Corpului 6, \u00eencadrat \u00een clasa a III-a.<\/p>\n\n\n<div class=\"wp-block-image\">\n<figure class=\"aligncenter size-full\"><img fetchpriority=\"high\" decoding=\"async\" width=\"801\" height=\"622\" src=\"data:image\/gif;base64,R0lGODlhAQABAAAAACH5BAEKAAEALAAAAAABAAEAAAICTAEAOw==\" data-src=\"https:\/\/buletin.de\/bucuresti\/wp-content\/uploads\/2025\/04\/image_2025-04-06_172726829.png\" alt=\"\" class=\"wp-image-125494 lazyload\" data-sizes=\"auto\" data-srcset=\"https:\/\/buletin.de\/bucuresti\/wp-content\/uploads\/2025\/04\/image_2025-04-06_172726829.png 801w, https:\/\/buletin.de\/bucuresti\/wp-content\/uploads\/2025\/04\/image_2025-04-06_172726829-300x233.png 300w, https:\/\/buletin.de\/bucuresti\/wp-content\/uploads\/2025\/04\/image_2025-04-06_172726829-768x596.png 768w, https:\/\/buletin.de\/bucuresti\/wp-content\/uploads\/2025\/04\/image_2025-04-06_172726829-600x466.png 600w, https:\/\/buletin.de\/bucuresti\/wp-content\/uploads\/2025\/04\/image_2025-04-06_172726829-20x16.png 20w\" sizes=\"(max-width: 801px) 100vw, 801px\" \/><figcaption class=\"wp-element-caption\">Pia\u021ba 13 Septembrie, extras de carte funciar\u0103. Foto: Proiect de hot\u0103r\u00e2re<\/figcaption><\/figure>\n<\/div>\n\n\n<p><strong>CITE\u0218TE \u0218I:<a href=\"https:\/\/buletin.de\/bucuresti\/foto-piata-orizont-din-sectorul-6-proiect-de-reamenajare-de-96-milioane-lei-cum-se-va-schimba\/\"> FOTO |&nbsp;Pia\u021ba Orizont din Sectorul 6, proiect de reamenajare de 9,6 milioane lei. Cum se va schimba<\/a><\/strong><\/p>\n\n\n\n<h2 class=\"wp-block-heading\" id=\"h-de-ce-a-fost-ales-scenariul-demolarii\">De ce a fost ales scenariul demol\u0103rii<\/h2>\n\n\n\n<p><strong>Drept urmare, construc\u0163iile Pie\u0163ei 13 Septembrie vor trece \u00een domeniul privat al Municipiului Bucure\u015fti, pentru a putea fi desfiin\u0163ate. Prim\u0103ria Sectorului 5 a optat pentru reconstruirea pie\u0163ei \u00een detrimentul consolid\u0103rii, \u00eens\u0103 avea nevoie de acordul consilierilor generali.<\/strong><\/p>\n\n\n\n<p>Acest scenariu a fost ales, \u00eentruc\u00e2t <em>\u201elucr\u0103rile de consolidare \u015fi modernizare ar dura o perioad\u0103 mult mai lung\u0103, iar raportul cost\/calitate\/suprafe\u0163e rezultate nu ar fi satisfac\u0103tor pentru a func\u021biona ca pia\u021b\u0103 agroalimentar\u0103\u201d<\/em>, transmite institu\u021bia condus\u0103 de Vlad Popescu Piedone.<\/p>\n\n\n\n<p>Prim\u0103ria Sectorului 5 va fi responsabil\u0103 de implementarea proiectului, inclusiv de ob\u021binerea autoriza\u021biilor necesare. <\/p>\n\n\n\n<p>Consilierii generali \u0219i-au dat acordul f\u0103r\u0103 dezbareri, iar proiectul privind Pia\u0163a 13 Septembrie a fost adoptat cu <strong>36 voturi pentru, 5 ab\u021bineri \u0219i 3 voturi \u00eempotriv\u0103.<\/strong><\/p>\n\n\n\n<p><strong>CITE\u0218TE \u0218I:<\/strong> <strong><a href=\"https:\/\/buletin.de\/bucuresti\/reforma-lui-rares-hopinca-zeci-de-oameni-cu-care-a-lucrat-la-primaria-sectorului-5-si-la-prefectura-mutati-la-sectorul-2-printre-acestia-fiul-fostului-baron-psd-de-arges-prins-d\/\">\u201eReforma\u201d lui Rare\u0219 Hopinc\u0103: zeci de oameni cu care a lucrat la Prim\u0103ria Sectorului 5 \u0219i la Prefectur\u0103, muta\u021bi la Sectorul 2. Printre ace\u0219tia, fiul fostului baron PSD de Arge\u0219, prins drogat la volan<\/a><\/strong><\/p>\n","protected":false},"excerpt":{"rendered":"<p>Pia\u0163a 13 Septembrie va fi ref\u0103cut\u0103 complet. Construc\u0163iile existente, majoritatea \u00eencadrate \u00een clasa a II-a de risc seismic, vor fi demolate pentru a face loc unor noi spa\u0163ii comerciale, care \u00ee\u015fi vor p\u0103stra actuala func\u0163iune, de pia\u0163\u0103 agroalimentar\u0103. Prim\u0103ria Sectorului 5 a ob\u0163inut acordul Consiliului General al Municipiului Bucure\u015fti \u00een \u015fedin\u0163a maraton de joi, 3 [&hellip;]<\/p>\n","protected":false},"author":55,"featured_media":125502,"comment_status":"closed","ping_status":"open","sticky":false,"template":"","format":"standard","meta":{"_acf_changed":false,"inline_featured_image":false,"ngg_post_thumbnail":0,"footnotes":""},"categories":[6994,5762,24],"tags":[148,20383,20384,10583,20385,20386,1998,245,188],"ppma_author":[22573],"class_list":["post-125486","post","type-post","status-publish","format-standard","has-post-thumbnail","hentry","category-stiri-2","category-main","category-primarie","tag-cgmb","tag-piata-13-septembrie","tag-piata-13-septembrie-demolata","tag-piata-agroalimentara","tag-piata-noua","tag-piete-bucuresti","tag-primaria-sector-5","tag-risc-seismic","tag-sector-5"],"acf":[],"yoast_head":"<!-- This site is optimized with the Yoast SEO Premium plugin v25.3 (Yoast SEO v27.5) - https:\/\/yoast.com\/product\/yoast-seo-premium-wordpress\/ -->\n<title>Sector 5 |\u00a0Pia\u0163a 13 Septembrie va fi ref\u0103cut\u0103. Construc\u0163iile existente vor fi demolate - Buletin de Bucure\u0219ti<\/title>\n<meta name=\"description\" content=\"Pia\u0163a 13 Septembrie va fi reconstruit\u0103. Construc\u0163iile existente, majoritatea \u00eencadrate \u00een clasa a II-a de risc seismic, vor fi demolate.\" \/>\n<meta name=\"robots\" content=\"index, follow, max-snippet:-1, max-image-preview:large, max-video-preview:-1\" \/>\n<link rel=\"canonical\" href=\"https:\/\/buletin.de\/bucuresti\/sector-5-piata-13-septembrie-va-fi-refacuta-constructiile-existente-vor-fi-demolate\/\" \/>\n<meta property=\"og:locale\" content=\"en_GB\" \/>\n<meta property=\"og:type\" content=\"article\" \/>\n<meta property=\"og:title\" content=\"Sector 5 |\u00a0Pia\u0163a 13 Septembrie va fi ref\u0103cut\u0103. Construc\u0163iile existente vor fi demolate\" \/>\n<meta property=\"og:description\" content=\"Pia\u0163a 13 Septembrie va fi reconstruit\u0103. Construc\u0163iile existente, majoritatea \u00eencadrate \u00een clasa a II-a de risc seismic, vor fi demolate.\" \/>\n<meta property=\"og:url\" content=\"https:\/\/buletin.de\/bucuresti\/sector-5-piata-13-septembrie-va-fi-refacuta-constructiile-existente-vor-fi-demolate\/\" \/>\n<meta property=\"og:site_name\" content=\"Buletin de Bucure\u0219ti\" \/>\n<meta property=\"article:publisher\" content=\"https:\/\/www.facebook.com\/buletin.de.buc\" \/>\n<meta property=\"article:published_time\" content=\"2025-04-06T17:23:02+00:00\" \/>\n<meta property=\"article:modified_time\" content=\"2025-04-06T17:23:38+00:00\" \/>\n<meta property=\"og:image\" content=\"https:\/\/buletin.de\/bucuresti\/wp-content\/uploads\/2025\/04\/Piata-13-Septembrie.png\" \/>\n\t<meta property=\"og:image:width\" content=\"1356\" \/>\n\t<meta property=\"og:image:height\" content=\"587\" \/>\n\t<meta property=\"og:image:type\" content=\"image\/png\" \/>\n<meta name=\"author\" content=\"Andreea Tudor\" \/>\n<meta name=\"twitter:card\" content=\"summary_large_image\" \/>\n<meta name=\"twitter:label1\" content=\"Written by\" \/>\n\t<meta name=\"twitter:data1\" content=\"Andreea Tudor\" \/>\n\t<meta name=\"twitter:label2\" content=\"Estimated reading time\" \/>\n\t<meta name=\"twitter:data2\" content=\"2 minutes\" \/>\n<script type=\"application\/ld+json\" class=\"yoast-schema-graph\">{\"@context\":\"https:\\\/\\\/schema.org\",\"@graph\":[{\"@type\":\"Article\",\"@id\":\"https:\\\/\\\/buletin.de\\\/bucuresti\\\/sector-5-piata-13-septembrie-va-fi-refacuta-constructiile-existente-vor-fi-demolate\\\/#article\",\"isPartOf\":{\"@id\":\"https:\\\/\\\/buletin.de\\\/bucuresti\\\/sector-5-piata-13-septembrie-va-fi-refacuta-constructiile-existente-vor-fi-demolate\\\/\"},\"author\":{\"name\":\"Andreea Tudor\",\"@id\":\"https:\\\/\\\/buletin.de\\\/bucuresti\\\/#\\\/schema\\\/person\\\/150590659efde715459d159da012f501\"},\"headline\":\"Sector 5 |\u00a0Pia\u0163a 13 Septembrie va fi ref\u0103cut\u0103. Construc\u0163iile existente vor fi demolate\",\"datePublished\":\"2025-04-06T17:23:02+00:00\",\"dateModified\":\"2025-04-06T17:23:38+00:00\",\"mainEntityOfPage\":{\"@id\":\"https:\\\/\\\/buletin.de\\\/bucuresti\\\/sector-5-piata-13-septembrie-va-fi-refacuta-constructiile-existente-vor-fi-demolate\\\/\"},\"wordCount\":376,\"publisher\":{\"@id\":\"https:\\\/\\\/buletin.de\\\/bucuresti\\\/#organization\"},\"image\":{\"@id\":\"https:\\\/\\\/buletin.de\\\/bucuresti\\\/sector-5-piata-13-septembrie-va-fi-refacuta-constructiile-existente-vor-fi-demolate\\\/#primaryimage\"},\"thumbnailUrl\":\"https:\\\/\\\/buletin.de\\\/bucuresti\\\/wp-content\\\/uploads\\\/2025\\\/04\\\/Piata-13-Septembrie.png\",\"keywords\":[\"cgmb\",\"piata 13 septembrie\",\"piata 13 septembrie demolata\",\"piata agroalimentara\",\"piata noua\",\"piete bucuresti\",\"primaria sector 5\",\"risc seismic\",\"Sector 5\"],\"articleSection\":[\"Articole\",\"Main\",\"Prim\u0103rie\"],\"inLanguage\":\"en-GB\",\"copyrightYear\":\"2025\",\"copyrightHolder\":{\"@id\":\"https:\\\/\\\/buletin.de\\\/bucuresti\\\/#organization\"}},{\"@type\":\"WebPage\",\"@id\":\"https:\\\/\\\/buletin.de\\\/bucuresti\\\/sector-5-piata-13-septembrie-va-fi-refacuta-constructiile-existente-vor-fi-demolate\\\/\",\"url\":\"https:\\\/\\\/buletin.de\\\/bucuresti\\\/sector-5-piata-13-septembrie-va-fi-refacuta-constructiile-existente-vor-fi-demolate\\\/\",\"name\":\"Sector 5 |\u00a0Pia\u0163a 13 Septembrie va fi ref\u0103cut\u0103. Construc\u0163iile existente vor fi demolate - Buletin de Bucure\u0219ti\",\"isPartOf\":{\"@id\":\"https:\\\/\\\/buletin.de\\\/bucuresti\\\/#website\"},\"primaryImageOfPage\":{\"@id\":\"https:\\\/\\\/buletin.de\\\/bucuresti\\\/sector-5-piata-13-septembrie-va-fi-refacuta-constructiile-existente-vor-fi-demolate\\\/#primaryimage\"},\"image\":{\"@id\":\"https:\\\/\\\/buletin.de\\\/bucuresti\\\/sector-5-piata-13-septembrie-va-fi-refacuta-constructiile-existente-vor-fi-demolate\\\/#primaryimage\"},\"thumbnailUrl\":\"https:\\\/\\\/buletin.de\\\/bucuresti\\\/wp-content\\\/uploads\\\/2025\\\/04\\\/Piata-13-Septembrie.png\",\"datePublished\":\"2025-04-06T17:23:02+00:00\",\"dateModified\":\"2025-04-06T17:23:38+00:00\",\"description\":\"Pia\u0163a 13 Septembrie va fi reconstruit\u0103. Construc\u0163iile existente, majoritatea \u00eencadrate \u00een clasa a II-a de risc seismic, vor fi demolate.\",\"breadcrumb\":{\"@id\":\"https:\\\/\\\/buletin.de\\\/bucuresti\\\/sector-5-piata-13-septembrie-va-fi-refacuta-constructiile-existente-vor-fi-demolate\\\/#breadcrumb\"},\"inLanguage\":\"en-GB\",\"potentialAction\":[{\"@type\":\"ReadAction\",\"target\":[\"https:\\\/\\\/buletin.de\\\/bucuresti\\\/sector-5-piata-13-septembrie-va-fi-refacuta-constructiile-existente-vor-fi-demolate\\\/\"]}]},{\"@type\":\"ImageObject\",\"inLanguage\":\"en-GB\",\"@id\":\"https:\\\/\\\/buletin.de\\\/bucuresti\\\/sector-5-piata-13-septembrie-va-fi-refacuta-constructiile-existente-vor-fi-demolate\\\/#primaryimage\",\"url\":\"https:\\\/\\\/buletin.de\\\/bucuresti\\\/wp-content\\\/uploads\\\/2025\\\/04\\\/Piata-13-Septembrie.png\",\"contentUrl\":\"https:\\\/\\\/buletin.de\\\/bucuresti\\\/wp-content\\\/uploads\\\/2025\\\/04\\\/Piata-13-Septembrie.png\",\"width\":1356,\"height\":587,\"caption\":\"Pia\u0163a 13 Septembrie va fi reconstruit\u0103. Construc\u0163iile existente vor fi demolate. Foto: Google Maps\"},{\"@type\":\"BreadcrumbList\",\"@id\":\"https:\\\/\\\/buletin.de\\\/bucuresti\\\/sector-5-piata-13-septembrie-va-fi-refacuta-constructiile-existente-vor-fi-demolate\\\/#breadcrumb\",\"itemListElement\":[{\"@type\":\"ListItem\",\"position\":1,\"name\":\"Acas\u0103\",\"item\":\"https:\\\/\\\/buletin.de\\\/bucuresti\\\/\"},{\"@type\":\"ListItem\",\"position\":2,\"name\":\"Sector 5 |\u00a0Pia\u0163a 13 Septembrie va fi ref\u0103cut\u0103. Construc\u0163iile existente vor fi demolate\"}]},{\"@type\":\"WebSite\",\"@id\":\"https:\\\/\\\/buletin.de\\\/bucuresti\\\/#website\",\"url\":\"https:\\\/\\\/buletin.de\\\/bucuresti\\\/\",\"name\":\"Buletin de Bucure\u0219ti\",\"description\":\"\u0218tiri \u0219i investiga\u021bii esen\u021biale din capital\u0103\",\"publisher\":{\"@id\":\"https:\\\/\\\/buletin.de\\\/bucuresti\\\/#organization\"},\"potentialAction\":[{\"@type\":\"SearchAction\",\"target\":{\"@type\":\"EntryPoint\",\"urlTemplate\":\"https:\\\/\\\/buletin.de\\\/bucuresti\\\/?s={search_term_string}\"},\"query-input\":{\"@type\":\"PropertyValueSpecification\",\"valueRequired\":true,\"valueName\":\"search_term_string\"}}],\"inLanguage\":\"en-GB\"},{\"@type\":\"Organization\",\"@id\":\"https:\\\/\\\/buletin.de\\\/bucuresti\\\/#organization\",\"name\":\"Buletin de Bucure\u0219ti\",\"url\":\"https:\\\/\\\/buletin.de\\\/bucuresti\\\/\",\"logo\":{\"@type\":\"ImageObject\",\"inLanguage\":\"en-GB\",\"@id\":\"https:\\\/\\\/buletin.de\\\/bucuresti\\\/#\\\/schema\\\/logo\\\/image\\\/\",\"url\":\"https:\\\/\\\/buletin.de\\\/bucuresti\\\/wp-content\\\/uploads\\\/logo-bdb-full-wide-vernil-transparent.png\",\"contentUrl\":\"https:\\\/\\\/buletin.de\\\/bucuresti\\\/wp-content\\\/uploads\\\/logo-bdb-full-wide-vernil-transparent.png\",\"width\":1782,\"height\":626,\"caption\":\"Buletin de Bucure\u0219ti\"},\"image\":{\"@id\":\"https:\\\/\\\/buletin.de\\\/bucuresti\\\/#\\\/schema\\\/logo\\\/image\\\/\"},\"sameAs\":[\"https:\\\/\\\/www.facebook.com\\\/buletin.de.buc\",\"https:\\\/\\\/www.instagram.com\\\/buletinde.bucuresti\\\/\"]},{\"@type\":\"Person\",\"@id\":\"https:\\\/\\\/buletin.de\\\/bucuresti\\\/#\\\/schema\\\/person\\\/150590659efde715459d159da012f501\",\"name\":\"Andreea Tudor\",\"image\":{\"@type\":\"ImageObject\",\"inLanguage\":\"en-GB\",\"@id\":\"https:\\\/\\\/secure.gravatar.com\\\/avatar\\\/a88705a186ab0b67f3349bcbced506c09e37256fbaad0e7f3bd1a79b4599f589?s=96&d=monsterid&r=g79290610aa1a65c2b86eebc2ca5aee8f\",\"url\":\"https:\\\/\\\/secure.gravatar.com\\\/avatar\\\/a88705a186ab0b67f3349bcbced506c09e37256fbaad0e7f3bd1a79b4599f589?s=96&d=monsterid&r=g\",\"contentUrl\":\"https:\\\/\\\/secure.gravatar.com\\\/avatar\\\/a88705a186ab0b67f3349bcbced506c09e37256fbaad0e7f3bd1a79b4599f589?s=96&d=monsterid&r=g\",\"caption\":\"Andreea Tudor\"},\"description\":\"N\u0103scut\u0103 \u0219i crescut\u0103 \u00een Bucure\u0219ti, sus\u021bin\u0103toare a presei independente. A\u0219a am ajuns redactor la Buletin de Bucure\u0219ti. Fiind eu, \u00eens\u0103mi, parte a sistemului de \u00eenv\u0103\u021b\u0103m\u00e2nt rom\u00e2nesc \u0219i pasionat\u0103 de domeniul social, pun sub lup\u0103 tot ceea ce se \u00eent\u00e2mpl\u0103 \u00een sfera educa\u021biei. Cred cu t\u0103rie c\u0103 presa \u201epentru cet\u0103\u021beni\u201d este presa independent\u0103. Oamenii au nevoie de o informare corect\u0103 pentru a \u00een\u021belege pe deplin ce se \u00eent\u00e2mpl\u0103 \u00een jurul lor \u0219i pentru a lua ac\u021biune \u00eempotriva nedrept\u0103\u021bilor.\",\"url\":\"https:\\\/\\\/buletin.de\\\/bucuresti\\\/author\\\/andreeatudor\\\/\"}]}<\/script>\n<!-- \/ Yoast SEO Premium plugin. -->","yoast_head_json":{"title":"Sector 5 |\u00a0Pia\u0163a 13 Septembrie va fi ref\u0103cut\u0103. Construc\u0163iile existente vor fi demolate - Buletin de Bucure\u0219ti","description":"Pia\u0163a 13 Septembrie va fi reconstruit\u0103. Construc\u0163iile existente, majoritatea \u00eencadrate \u00een clasa a II-a de risc seismic, vor fi demolate.","robots":{"index":"index","follow":"follow","max-snippet":"max-snippet:-1","max-image-preview":"max-image-preview:large","max-video-preview":"max-video-preview:-1"},"canonical":"https:\/\/buletin.de\/bucuresti\/sector-5-piata-13-septembrie-va-fi-refacuta-constructiile-existente-vor-fi-demolate\/","og_locale":"en_GB","og_type":"article","og_title":"Sector 5 |\u00a0Pia\u0163a 13 Septembrie va fi ref\u0103cut\u0103. Construc\u0163iile existente vor fi demolate","og_description":"Pia\u0163a 13 Septembrie va fi reconstruit\u0103. Construc\u0163iile existente, majoritatea \u00eencadrate \u00een clasa a II-a de risc seismic, vor fi demolate.","og_url":"https:\/\/buletin.de\/bucuresti\/sector-5-piata-13-septembrie-va-fi-refacuta-constructiile-existente-vor-fi-demolate\/","og_site_name":"Buletin de Bucure\u0219ti","article_publisher":"https:\/\/www.facebook.com\/buletin.de.buc","article_published_time":"2025-04-06T17:23:02+00:00","article_modified_time":"2025-04-06T17:23:38+00:00","og_image":[{"width":1356,"height":587,"url":"https:\/\/buletin.de\/bucuresti\/wp-content\/uploads\/2025\/04\/Piata-13-Septembrie.png","type":"image\/png"}],"author":"Andreea Tudor","twitter_card":"summary_large_image","twitter_misc":{"Written by":"Andreea Tudor","Estimated reading time":"2 minutes"},"schema":{"@context":"https:\/\/schema.org","@graph":[{"@type":"Article","@id":"https:\/\/buletin.de\/bucuresti\/sector-5-piata-13-septembrie-va-fi-refacuta-constructiile-existente-vor-fi-demolate\/#article","isPartOf":{"@id":"https:\/\/buletin.de\/bucuresti\/sector-5-piata-13-septembrie-va-fi-refacuta-constructiile-existente-vor-fi-demolate\/"},"author":{"name":"Andreea Tudor","@id":"https:\/\/buletin.de\/bucuresti\/#\/schema\/person\/150590659efde715459d159da012f501"},"headline":"Sector 5 |\u00a0Pia\u0163a 13 Septembrie va fi ref\u0103cut\u0103. Construc\u0163iile existente vor fi demolate","datePublished":"2025-04-06T17:23:02+00:00","dateModified":"2025-04-06T17:23:38+00:00","mainEntityOfPage":{"@id":"https:\/\/buletin.de\/bucuresti\/sector-5-piata-13-septembrie-va-fi-refacuta-constructiile-existente-vor-fi-demolate\/"},"wordCount":376,"publisher":{"@id":"https:\/\/buletin.de\/bucuresti\/#organization"},"image":{"@id":"https:\/\/buletin.de\/bucuresti\/sector-5-piata-13-septembrie-va-fi-refacuta-constructiile-existente-vor-fi-demolate\/#primaryimage"},"thumbnailUrl":"https:\/\/buletin.de\/bucuresti\/wp-content\/uploads\/2025\/04\/Piata-13-Septembrie.png","keywords":["cgmb","piata 13 septembrie","piata 13 septembrie demolata","piata agroalimentara","piata noua","piete bucuresti","primaria sector 5","risc seismic","Sector 5"],"articleSection":["Articole","Main","Prim\u0103rie"],"inLanguage":"en-GB","copyrightYear":"2025","copyrightHolder":{"@id":"https:\/\/buletin.de\/bucuresti\/#organization"}},{"@type":"WebPage","@id":"https:\/\/buletin.de\/bucuresti\/sector-5-piata-13-septembrie-va-fi-refacuta-constructiile-existente-vor-fi-demolate\/","url":"https:\/\/buletin.de\/bucuresti\/sector-5-piata-13-septembrie-va-fi-refacuta-constructiile-existente-vor-fi-demolate\/","name":"Sector 5 |\u00a0Pia\u0163a 13 Septembrie va fi ref\u0103cut\u0103. Construc\u0163iile existente vor fi demolate - Buletin de Bucure\u0219ti","isPartOf":{"@id":"https:\/\/buletin.de\/bucuresti\/#website"},"primaryImageOfPage":{"@id":"https:\/\/buletin.de\/bucuresti\/sector-5-piata-13-septembrie-va-fi-refacuta-constructiile-existente-vor-fi-demolate\/#primaryimage"},"image":{"@id":"https:\/\/buletin.de\/bucuresti\/sector-5-piata-13-septembrie-va-fi-refacuta-constructiile-existente-vor-fi-demolate\/#primaryimage"},"thumbnailUrl":"https:\/\/buletin.de\/bucuresti\/wp-content\/uploads\/2025\/04\/Piata-13-Septembrie.png","datePublished":"2025-04-06T17:23:02+00:00","dateModified":"2025-04-06T17:23:38+00:00","description":"Pia\u0163a 13 Septembrie va fi reconstruit\u0103. Construc\u0163iile existente, majoritatea \u00eencadrate \u00een clasa a II-a de risc seismic, vor fi demolate.","breadcrumb":{"@id":"https:\/\/buletin.de\/bucuresti\/sector-5-piata-13-septembrie-va-fi-refacuta-constructiile-existente-vor-fi-demolate\/#breadcrumb"},"inLanguage":"en-GB","potentialAction":[{"@type":"ReadAction","target":["https:\/\/buletin.de\/bucuresti\/sector-5-piata-13-septembrie-va-fi-refacuta-constructiile-existente-vor-fi-demolate\/"]}]},{"@type":"ImageObject","inLanguage":"en-GB","@id":"https:\/\/buletin.de\/bucuresti\/sector-5-piata-13-septembrie-va-fi-refacuta-constructiile-existente-vor-fi-demolate\/#primaryimage","url":"https:\/\/buletin.de\/bucuresti\/wp-content\/uploads\/2025\/04\/Piata-13-Septembrie.png","contentUrl":"https:\/\/buletin.de\/bucuresti\/wp-content\/uploads\/2025\/04\/Piata-13-Septembrie.png","width":1356,"height":587,"caption":"Pia\u0163a 13 Septembrie va fi reconstruit\u0103. Construc\u0163iile existente vor fi demolate. Foto: Google Maps"},{"@type":"BreadcrumbList","@id":"https:\/\/buletin.de\/bucuresti\/sector-5-piata-13-septembrie-va-fi-refacuta-constructiile-existente-vor-fi-demolate\/#breadcrumb","itemListElement":[{"@type":"ListItem","position":1,"name":"Acas\u0103","item":"https:\/\/buletin.de\/bucuresti\/"},{"@type":"ListItem","position":2,"name":"Sector 5 |\u00a0Pia\u0163a 13 Septembrie va fi ref\u0103cut\u0103. Construc\u0163iile existente vor fi demolate"}]},{"@type":"WebSite","@id":"https:\/\/buletin.de\/bucuresti\/#website","url":"https:\/\/buletin.de\/bucuresti\/","name":"Buletin de Bucure\u0219ti","description":"\u0218tiri \u0219i investiga\u021bii esen\u021biale din capital\u0103","publisher":{"@id":"https:\/\/buletin.de\/bucuresti\/#organization"},"potentialAction":[{"@type":"SearchAction","target":{"@type":"EntryPoint","urlTemplate":"https:\/\/buletin.de\/bucuresti\/?s={search_term_string}"},"query-input":{"@type":"PropertyValueSpecification","valueRequired":true,"valueName":"search_term_string"}}],"inLanguage":"en-GB"},{"@type":"Organization","@id":"https:\/\/buletin.de\/bucuresti\/#organization","name":"Buletin de Bucure\u0219ti","url":"https:\/\/buletin.de\/bucuresti\/","logo":{"@type":"ImageObject","inLanguage":"en-GB","@id":"https:\/\/buletin.de\/bucuresti\/#\/schema\/logo\/image\/","url":"https:\/\/buletin.de\/bucuresti\/wp-content\/uploads\/logo-bdb-full-wide-vernil-transparent.png","contentUrl":"https:\/\/buletin.de\/bucuresti\/wp-content\/uploads\/logo-bdb-full-wide-vernil-transparent.png","width":1782,"height":626,"caption":"Buletin de Bucure\u0219ti"},"image":{"@id":"https:\/\/buletin.de\/bucuresti\/#\/schema\/logo\/image\/"},"sameAs":["https:\/\/www.facebook.com\/buletin.de.buc","https:\/\/www.instagram.com\/buletinde.bucuresti\/"]},{"@type":"Person","@id":"https:\/\/buletin.de\/bucuresti\/#\/schema\/person\/150590659efde715459d159da012f501","name":"Andreea Tudor","image":{"@type":"ImageObject","inLanguage":"en-GB","@id":"https:\/\/secure.gravatar.com\/avatar\/a88705a186ab0b67f3349bcbced506c09e37256fbaad0e7f3bd1a79b4599f589?s=96&d=monsterid&r=g79290610aa1a65c2b86eebc2ca5aee8f","url":"https:\/\/secure.gravatar.com\/avatar\/a88705a186ab0b67f3349bcbced506c09e37256fbaad0e7f3bd1a79b4599f589?s=96&d=monsterid&r=g","contentUrl":"https:\/\/secure.gravatar.com\/avatar\/a88705a186ab0b67f3349bcbced506c09e37256fbaad0e7f3bd1a79b4599f589?s=96&d=monsterid&r=g","caption":"Andreea Tudor"},"description":"N\u0103scut\u0103 \u0219i crescut\u0103 \u00een Bucure\u0219ti, sus\u021bin\u0103toare a presei independente. A\u0219a am ajuns redactor la Buletin de Bucure\u0219ti. Fiind eu, \u00eens\u0103mi, parte a sistemului de \u00eenv\u0103\u021b\u0103m\u00e2nt rom\u00e2nesc \u0219i pasionat\u0103 de domeniul social, pun sub lup\u0103 tot ceea ce se \u00eent\u00e2mpl\u0103 \u00een sfera educa\u021biei. Cred cu t\u0103rie c\u0103 presa \u201epentru cet\u0103\u021beni\u201d este presa independent\u0103. Oamenii au nevoie de o informare corect\u0103 pentru a \u00een\u021belege pe deplin ce se \u00eent\u00e2mpl\u0103 \u00een jurul lor \u0219i pentru a lua ac\u021biune \u00eempotriva nedrept\u0103\u021bilor.","url":"https:\/\/buletin.de\/bucuresti\/author\/andreeatudor\/"}]}},"authors":[{"term_id":22573,"user_id":55,"is_guest":0,"slug":"andreeatudor","display_name":"Andreea Tudor","avatar_url":"https:\/\/secure.gravatar.com\/avatar\/a88705a186ab0b67f3349bcbced506c09e37256fbaad0e7f3bd1a79b4599f589?s=96&d=monsterid&r=g","0":null,"1":"","2":"","3":"","4":"","5":"","6":"","7":"","8":""}],"_links":{"self":[{"href":"https:\/\/buletin.de\/bucuresti\/wp-json\/wp\/v2\/posts\/125486","targetHints":{"allow":["GET"]}}],"collection":[{"href":"https:\/\/buletin.de\/bucuresti\/wp-json\/wp\/v2\/posts"}],"about":[{"href":"https:\/\/buletin.de\/bucuresti\/wp-json\/wp\/v2\/types\/post"}],"author":[{"embeddable":true,"href":"https:\/\/buletin.de\/bucuresti\/wp-json\/wp\/v2\/users\/55"}],"replies":[{"embeddable":true,"href":"https:\/\/buletin.de\/bucuresti\/wp-json\/wp\/v2\/comments?post=125486"}],"version-history":[{"count":6,"href":"https:\/\/buletin.de\/bucuresti\/wp-json\/wp\/v2\/posts\/125486\/revisions"}],"predecessor-version":[{"id":125514,"href":"https:\/\/buletin.de\/bucuresti\/wp-json\/wp\/v2\/posts\/125486\/revisions\/125514"}],"wp:featuredmedia":[{"embeddable":true,"href":"https:\/\/buletin.de\/bucuresti\/wp-json\/wp\/v2\/media\/125502"}],"wp:attachment":[{"href":"https:\/\/buletin.de\/bucuresti\/wp-json\/wp\/v2\/media?parent=125486"}],"wp:term":[{"taxonomy":"category","embeddable":true,"href":"https:\/\/buletin.de\/bucuresti\/wp-json\/wp\/v2\/categories?post=125486"},{"taxonomy":"post_tag","embeddable":true,"href":"https:\/\/buletin.de\/bucuresti\/wp-json\/wp\/v2\/tags?post=125486"},{"taxonomy":"author","embeddable":true,"href":"https:\/\/buletin.de\/bucuresti\/wp-json\/wp\/v2\/ppma_author?post=125486"}],"curies":[{"name":"wp","href":"https:\/\/api.w.org\/{rel}","templated":true}]}}