{"id":125173,"date":"2025-04-04T11:23:25","date_gmt":"2025-04-04T08:23:25","guid":{"rendered":"https:\/\/buletin.de\/bucuresti\/?p=125173"},"modified":"2025-04-04T11:49:16","modified_gmt":"2025-04-04T08:49:16","slug":"vreme-deosebit-de-rece-la-bucuresti-duminica-maxim-7-grade","status":"publish","type":"post","link":"https:\/\/buletin.de\/bucuresti\/vreme-deosebit-de-rece-la-bucuresti-duminica-maxim-7-grade\/","title":{"rendered":"Vreme deosebit de rece la Bucure\u0219ti. Duminic\u0103, maxim 7 grade"},"content":{"rendered":"\n<p><strong>Valorile termice vor sc\u0103dea semnificativ \u00een Capital\u0103 \u00eencep\u00e2nd de duminic\u0103, astfel c\u0103 vremea va deveni deosebit de rece la Bucure\u0219ti pentru prima decad\u0103 a lunii aprilie.<\/strong><\/p>\n\n\n\n<p>Potrivit prognozei speciale pentru Bucure\u0219ti emise vineri de <a href=\"https:\/\/www.meteoromania.ro\/\" target=\"_blank\" rel=\"noreferrer noopener\">Administra\u021bia Na\u021bional\u0103 de Meteorologie<\/a>, dup\u0103 ce s\u00e2mb\u0103t\u0103 vremea va fi cald\u0103, cu temperaturi maxime de 20 de grade \u0219i v\u00e2nt slab \u0219i moderat, pe parcursul zilei de duminic\u0103 temperatura maxim\u0103 va cobor\u00ee la 6&#8230;7 grade, iar cea minim\u0103 se va situa \u00een jurul a 1 grad.<\/p>\n\n\n\n<p><strong>Cerul va fi mai mult noros \u0219i va ploua pe parcursul zilei, iar noaptea vor fi precipita\u021bii mixte. V\u00e2ntul va sufla \u00een general moderat.<\/strong><\/p>\n\n\n\n<p>Luni, vremea se va men\u021bine deosebit de rece pentru aceast\u0103 perioad\u0103 din an. Cerul va fi mai mult noros \u0219i temporar vor fi precipita\u021bii mixte. V\u00e2ntul va sufla slab \u0219i moderat. Temperatura maxim\u0103 va fi de 5&#8230;6 grade.&nbsp;<\/p>\n\n\n\n<div class=\"wp-block-buttons is-content-justification-center is-layout-flex wp-container-core-buttons-is-layout-16018d1d wp-block-buttons-is-layout-flex\">\n<div class=\"wp-block-button has-custom-width wp-block-button__width-100\"><a class=\"wp-block-button__link wp-element-button\" href=\"https:\/\/www.patreon.com\/BuletinDeBucuresti\"><strong>Sus\u021bine Buletin de Bucure\u0219ti pentru investiga\u021bii, reportaje \u0219i \u0219tiri Locale<\/strong><\/a><\/div>\n<\/div>\n\n\n\n<p><strong>CITE\u0218TE \u0218I:<a href=\"https:\/\/buletin.de\/bucuresti\/avizul-pentru-refacerea-planseului-unirii-va-fi-semnat-de-nicusor-dan-primarul-sectorului-4-campanie-impotriva-primarului-general\/\" target=\"_blank\" rel=\"noreferrer noopener\"> Avizul pentru refacerea Plan\u0219eului Unirii va fi semnat de Nicu\u0219or Dan. Primarul Sectorului 4, campanie \u00eempotriva primarului general<\/a><\/strong><\/p>\n\n\n\n<h2 class=\"wp-block-heading\" id=\"h-vremea-rece-la-bucure\u0219ti-pana-pe-5-mai\">Vremea rece la Bucure\u0219ti p\u00e2n\u0103 pe 5 mai<\/h2>\n\n\n\n<p>Valorile termice vor fi mai cobor\u00e2te dec\u00e2t cele specifice pentru aceast\u0103 s\u0103pt\u0103m\u00e2n\u0103 pe \u00eentreg teritoriul Rom\u00e2niei.\u00a0Regimul pluviometric va fi deficitar \u00een regiunile vestice, iar \u00een rest va fi \u00een general apropiat de cel normal pentru acest interval.<\/p>\n\n\n\n<h4 class=\"wp-block-heading\" id=\"h-prognoza-meteo-14-21-aprilie-2025\">Prognoza meteo 14 &#8211; 21 aprilie 2025<\/h4>\n\n\n\n<p>Temperaturile medii vor fi u\u0219or mai ridicate dec\u00e2t cele specifice pentru aceast\u0103 perioad\u0103 \u00een jum\u0103tatea nord-vestic\u0103 a \u021b\u0103rii, iar \u00een rest vor fi apropiate de cele normale.&nbsp;Cantit\u0103\u021bile de precipita\u021bii estimate pentru acest interval vor avea o tendin\u021b\u0103 u\u0219or deficitar\u0103 \u00een cea mai mare parte a \u021b\u0103rii.<\/p>\n\n\n\n<h4 class=\"wp-block-heading\" id=\"h-vremea-21-28-aprilie-2025\">Vremea 21 &#8211; 28 aprilie 2025<\/h4>\n\n\n\n<p>Temperatura medie a aerului va avea valori apropiate de cele normale pentru aceast\u0103 perioad\u0103 \u00een toate regiunile.&nbsp;Regimul pluviometric se va situa \u00een jurul celui specific pentru acest interval la nivelul \u00eentregii \u021b\u0103ri.<\/p>\n\n\n\n<h4 class=\"wp-block-heading\" id=\"h-prognoza-meteo-28-aprilie-5-mai-2025\">Prognoza meteo 28 aprilie &#8211; 5 mai 2025<\/h4>\n\n\n\n<p>Mediile valorilor termice se vor situa \u00een jurul celor specifice pentru aceast\u0103 s\u0103pt\u0103m\u00e2n\u0103, pe \u00eentreg teritoriul Rom\u00e2niei.&nbsp;Cantit\u0103\u021bile de precipita\u021bii vor fi apropiate de cele normale pentru aceast\u0103 perioad\u0103 \u00een toate regiunile.<\/p>\n\n\n\n<p><strong>CITE\u0218TE \u0218I: <a href=\"https:\/\/buletin.de\/bucuresti\/scandal-in-consiliul-general-al-capitalei-sedinta-a-fost-intrerupta-dupa-ce-mai-multi-cetateni-nervosi-si-au-strigat-nemultumirea\/\" target=\"_blank\" rel=\"noreferrer noopener\">Scandal \u00een Consiliul General al Capitalei. \u015eedin\u0163a a fost \u00eentrerupt\u0103 dup\u0103 ce mai mul\u0163i cet\u0103\u0163eni nervo\u015fi \u015fi-au strigat nemul\u0163umirea<\/a><br><\/strong><\/p>\n","protected":false},"excerpt":{"rendered":"<p>Valorile termice vor sc\u0103dea semnificativ \u00een Capital\u0103 \u00eencep\u00e2nd de duminic\u0103, astfel c\u0103 vremea va deveni deosebit de rece la Bucure\u0219ti pentru prima decad\u0103 a lunii aprilie. Potrivit prognozei speciale pentru Bucure\u0219ti emise vineri de Administra\u021bia Na\u021bional\u0103 de Meteorologie, dup\u0103 ce s\u00e2mb\u0103t\u0103 vremea va fi cald\u0103, cu temperaturi maxime de 20 de grade \u0219i v\u00e2nt slab [&hellip;]<\/p>\n","protected":false},"author":1,"featured_media":125178,"comment_status":"closed","ping_status":"open","sticky":false,"template":"","format":"standard","meta":{"_acf_changed":false,"inline_featured_image":false,"ngg_post_thumbnail":0,"footnotes":""},"categories":[6994,1,5762],"tags":[20335,20334,5197],"ppma_author":[22583],"class_list":["post-125173","post","type-post","status-publish","format-standard","has-post-thumbnail","hentry","category-stiri-2","category-diverse","category-main","tag-frig-in-bucuresti","tag-rece-la-bucuresti","tag-vremea-in-bucuresti"],"acf":[],"yoast_head":"<!-- This site is optimized with the Yoast SEO Premium plugin v25.3 (Yoast SEO v27.4) - https:\/\/yoast.com\/product\/yoast-seo-premium-wordpress\/ -->\n<title>Vreme deosebit de rece la Bucure\u0219ti. Duminic\u0103, maxim 7 grade - Buletin de Bucure\u0219ti<\/title>\n<meta name=\"description\" content=\"Valorile termice vor sc\u0103dea semnificativ \u00een Capital\u0103 \u00eencep\u00e2nd de duminic\u0103, astfel c\u0103 vremea va deveni deosebit de rece la Bucure\u0219ti.\" \/>\n<meta name=\"robots\" content=\"index, follow, max-snippet:-1, max-image-preview:large, max-video-preview:-1\" \/>\n<link rel=\"canonical\" href=\"https:\/\/buletin.de\/bucuresti\/vreme-deosebit-de-rece-la-bucuresti-duminica-maxim-7-grade\/\" \/>\n<meta property=\"og:locale\" content=\"en_GB\" \/>\n<meta property=\"og:type\" content=\"article\" \/>\n<meta property=\"og:title\" content=\"Vreme deosebit de rece la Bucure\u0219ti. Duminic\u0103, maxim 7 grade\" \/>\n<meta property=\"og:description\" content=\"Valorile termice vor sc\u0103dea semnificativ \u00een Capital\u0103 \u00eencep\u00e2nd de duminic\u0103, astfel c\u0103 vremea va deveni deosebit de rece la Bucure\u0219ti.\" \/>\n<meta property=\"og:url\" content=\"https:\/\/buletin.de\/bucuresti\/vreme-deosebit-de-rece-la-bucuresti-duminica-maxim-7-grade\/\" \/>\n<meta property=\"og:site_name\" content=\"Buletin de Bucure\u0219ti\" \/>\n<meta property=\"article:publisher\" content=\"https:\/\/www.facebook.com\/buletin.de.buc\" \/>\n<meta property=\"article:published_time\" content=\"2025-04-04T08:23:25+00:00\" \/>\n<meta property=\"article:modified_time\" content=\"2025-04-04T08:49:16+00:00\" \/>\n<meta property=\"og:image\" content=\"https:\/\/buletin.de\/bucuresti\/wp-content\/uploads\/2025\/04\/recebucurestifrig-scaled-e1743756544315.jpg\" \/>\n\t<meta property=\"og:image:width\" content=\"1920\" \/>\n\t<meta property=\"og:image:height\" content=\"1260\" \/>\n\t<meta property=\"og:image:type\" content=\"image\/jpeg\" \/>\n<meta name=\"author\" content=\"Redac\u021bia Buletin de Bucure\u0219ti\" \/>\n<meta name=\"twitter:card\" content=\"summary_large_image\" \/>\n<meta name=\"twitter:label1\" content=\"Written by\" \/>\n\t<meta name=\"twitter:data1\" content=\"Redac\u021bia Buletin de Bucure\u0219ti\" \/>\n\t<meta name=\"twitter:label2\" content=\"Estimated reading time\" \/>\n\t<meta name=\"twitter:data2\" content=\"2 minutes\" \/>\n<script type=\"application\/ld+json\" class=\"yoast-schema-graph\">{\"@context\":\"https:\\\/\\\/schema.org\",\"@graph\":[{\"@type\":\"Article\",\"@id\":\"https:\\\/\\\/buletin.de\\\/bucuresti\\\/vreme-deosebit-de-rece-la-bucuresti-duminica-maxim-7-grade\\\/#article\",\"isPartOf\":{\"@id\":\"https:\\\/\\\/buletin.de\\\/bucuresti\\\/vreme-deosebit-de-rece-la-bucuresti-duminica-maxim-7-grade\\\/\"},\"author\":{\"name\":\"Redac\u021bia Buletin de Bucure\u0219ti\",\"@id\":\"https:\\\/\\\/buletin.de\\\/bucuresti\\\/#\\\/schema\\\/person\\\/2bbcf854e5f2419a13804af574d06ab1\"},\"headline\":\"Vreme deosebit de rece la Bucure\u0219ti. Duminic\u0103, maxim 7 grade\",\"datePublished\":\"2025-04-04T08:23:25+00:00\",\"dateModified\":\"2025-04-04T08:49:16+00:00\",\"mainEntityOfPage\":{\"@id\":\"https:\\\/\\\/buletin.de\\\/bucuresti\\\/vreme-deosebit-de-rece-la-bucuresti-duminica-maxim-7-grade\\\/\"},\"wordCount\":417,\"publisher\":{\"@id\":\"https:\\\/\\\/buletin.de\\\/bucuresti\\\/#organization\"},\"image\":{\"@id\":\"https:\\\/\\\/buletin.de\\\/bucuresti\\\/vreme-deosebit-de-rece-la-bucuresti-duminica-maxim-7-grade\\\/#primaryimage\"},\"thumbnailUrl\":\"https:\\\/\\\/buletin.de\\\/bucuresti\\\/wp-content\\\/uploads\\\/2025\\\/04\\\/recebucurestifrig-scaled-e1743756544315.jpg\",\"keywords\":[\"frig in bucuresti\",\"rece la bucuresti\",\"Vremea \u00een Bucure\u0219ti\"],\"articleSection\":[\"Articole\",\"Diverse\",\"Main\"],\"inLanguage\":\"en-GB\",\"copyrightYear\":\"2025\",\"copyrightHolder\":{\"@id\":\"https:\\\/\\\/buletin.de\\\/bucuresti\\\/#organization\"}},{\"@type\":\"WebPage\",\"@id\":\"https:\\\/\\\/buletin.de\\\/bucuresti\\\/vreme-deosebit-de-rece-la-bucuresti-duminica-maxim-7-grade\\\/\",\"url\":\"https:\\\/\\\/buletin.de\\\/bucuresti\\\/vreme-deosebit-de-rece-la-bucuresti-duminica-maxim-7-grade\\\/\",\"name\":\"Vreme deosebit de rece la Bucure\u0219ti. Duminic\u0103, maxim 7 grade - Buletin de Bucure\u0219ti\",\"isPartOf\":{\"@id\":\"https:\\\/\\\/buletin.de\\\/bucuresti\\\/#website\"},\"primaryImageOfPage\":{\"@id\":\"https:\\\/\\\/buletin.de\\\/bucuresti\\\/vreme-deosebit-de-rece-la-bucuresti-duminica-maxim-7-grade\\\/#primaryimage\"},\"image\":{\"@id\":\"https:\\\/\\\/buletin.de\\\/bucuresti\\\/vreme-deosebit-de-rece-la-bucuresti-duminica-maxim-7-grade\\\/#primaryimage\"},\"thumbnailUrl\":\"https:\\\/\\\/buletin.de\\\/bucuresti\\\/wp-content\\\/uploads\\\/2025\\\/04\\\/recebucurestifrig-scaled-e1743756544315.jpg\",\"datePublished\":\"2025-04-04T08:23:25+00:00\",\"dateModified\":\"2025-04-04T08:49:16+00:00\",\"description\":\"Valorile termice vor sc\u0103dea semnificativ \u00een Capital\u0103 \u00eencep\u00e2nd de duminic\u0103, astfel c\u0103 vremea va deveni deosebit de rece la Bucure\u0219ti.\",\"breadcrumb\":{\"@id\":\"https:\\\/\\\/buletin.de\\\/bucuresti\\\/vreme-deosebit-de-rece-la-bucuresti-duminica-maxim-7-grade\\\/#breadcrumb\"},\"inLanguage\":\"en-GB\",\"potentialAction\":[{\"@type\":\"ReadAction\",\"target\":[\"https:\\\/\\\/buletin.de\\\/bucuresti\\\/vreme-deosebit-de-rece-la-bucuresti-duminica-maxim-7-grade\\\/\"]}]},{\"@type\":\"ImageObject\",\"inLanguage\":\"en-GB\",\"@id\":\"https:\\\/\\\/buletin.de\\\/bucuresti\\\/vreme-deosebit-de-rece-la-bucuresti-duminica-maxim-7-grade\\\/#primaryimage\",\"url\":\"https:\\\/\\\/buletin.de\\\/bucuresti\\\/wp-content\\\/uploads\\\/2025\\\/04\\\/recebucurestifrig-scaled-e1743756544315.jpg\",\"contentUrl\":\"https:\\\/\\\/buletin.de\\\/bucuresti\\\/wp-content\\\/uploads\\\/2025\\\/04\\\/recebucurestifrig-scaled-e1743756544315.jpg\",\"width\":1920,\"height\":1260,\"caption\":\"Vremea va fi rece la Bucure\u0219ti. Foto Pexels.com\"},{\"@type\":\"BreadcrumbList\",\"@id\":\"https:\\\/\\\/buletin.de\\\/bucuresti\\\/vreme-deosebit-de-rece-la-bucuresti-duminica-maxim-7-grade\\\/#breadcrumb\",\"itemListElement\":[{\"@type\":\"ListItem\",\"position\":1,\"name\":\"Acas\u0103\",\"item\":\"https:\\\/\\\/buletin.de\\\/bucuresti\\\/\"},{\"@type\":\"ListItem\",\"position\":2,\"name\":\"Vreme deosebit de rece la Bucure\u0219ti. Duminic\u0103, maxim 7 grade\"}]},{\"@type\":\"WebSite\",\"@id\":\"https:\\\/\\\/buletin.de\\\/bucuresti\\\/#website\",\"url\":\"https:\\\/\\\/buletin.de\\\/bucuresti\\\/\",\"name\":\"Buletin de Bucure\u0219ti\",\"description\":\"\u0218tiri \u0219i investiga\u021bii esen\u021biale din capital\u0103\",\"publisher\":{\"@id\":\"https:\\\/\\\/buletin.de\\\/bucuresti\\\/#organization\"},\"potentialAction\":[{\"@type\":\"SearchAction\",\"target\":{\"@type\":\"EntryPoint\",\"urlTemplate\":\"https:\\\/\\\/buletin.de\\\/bucuresti\\\/?s={search_term_string}\"},\"query-input\":{\"@type\":\"PropertyValueSpecification\",\"valueRequired\":true,\"valueName\":\"search_term_string\"}}],\"inLanguage\":\"en-GB\"},{\"@type\":\"Organization\",\"@id\":\"https:\\\/\\\/buletin.de\\\/bucuresti\\\/#organization\",\"name\":\"Buletin de Bucure\u0219ti\",\"url\":\"https:\\\/\\\/buletin.de\\\/bucuresti\\\/\",\"logo\":{\"@type\":\"ImageObject\",\"inLanguage\":\"en-GB\",\"@id\":\"https:\\\/\\\/buletin.de\\\/bucuresti\\\/#\\\/schema\\\/logo\\\/image\\\/\",\"url\":\"https:\\\/\\\/buletin.de\\\/bucuresti\\\/wp-content\\\/uploads\\\/logo-bdb-full-wide-vernil-transparent.png\",\"contentUrl\":\"https:\\\/\\\/buletin.de\\\/bucuresti\\\/wp-content\\\/uploads\\\/logo-bdb-full-wide-vernil-transparent.png\",\"width\":1782,\"height\":626,\"caption\":\"Buletin de Bucure\u0219ti\"},\"image\":{\"@id\":\"https:\\\/\\\/buletin.de\\\/bucuresti\\\/#\\\/schema\\\/logo\\\/image\\\/\"},\"sameAs\":[\"https:\\\/\\\/www.facebook.com\\\/buletin.de.buc\",\"https:\\\/\\\/www.instagram.com\\\/buletinde.bucuresti\\\/\"]},{\"@type\":\"Person\",\"@id\":\"https:\\\/\\\/buletin.de\\\/bucuresti\\\/#\\\/schema\\\/person\\\/2bbcf854e5f2419a13804af574d06ab1\",\"name\":\"Redac\u021bia Buletin de Bucure\u0219ti\",\"image\":{\"@type\":\"ImageObject\",\"inLanguage\":\"en-GB\",\"@id\":\"https:\\\/\\\/secure.gravatar.com\\\/avatar\\\/18c5342381ed1a08620e6280424e3e5efc958618f5d67c522c9e44c1bc6f9226?s=96&d=monsterid&r=g60c7cd0ad92c68c049fcd4bb3504d609\",\"url\":\"https:\\\/\\\/secure.gravatar.com\\\/avatar\\\/18c5342381ed1a08620e6280424e3e5efc958618f5d67c522c9e44c1bc6f9226?s=96&d=monsterid&r=g\",\"contentUrl\":\"https:\\\/\\\/secure.gravatar.com\\\/avatar\\\/18c5342381ed1a08620e6280424e3e5efc958618f5d67c522c9e44c1bc6f9226?s=96&d=monsterid&r=g\",\"caption\":\"Redac\u021bia Buletin de Bucure\u0219ti\"},\"description\":\"Buletin de Bucure\u0219ti exist\u0103 din vara anului 2019.\",\"url\":\"https:\\\/\\\/buletin.de\\\/bucuresti\\\/author\\\/adminbuletin\\\/\"}]}<\/script>\n<!-- \/ Yoast SEO Premium plugin. -->","yoast_head_json":{"title":"Vreme deosebit de rece la Bucure\u0219ti. Duminic\u0103, maxim 7 grade - Buletin de Bucure\u0219ti","description":"Valorile termice vor sc\u0103dea semnificativ \u00een Capital\u0103 \u00eencep\u00e2nd de duminic\u0103, astfel c\u0103 vremea va deveni deosebit de rece la Bucure\u0219ti.","robots":{"index":"index","follow":"follow","max-snippet":"max-snippet:-1","max-image-preview":"max-image-preview:large","max-video-preview":"max-video-preview:-1"},"canonical":"https:\/\/buletin.de\/bucuresti\/vreme-deosebit-de-rece-la-bucuresti-duminica-maxim-7-grade\/","og_locale":"en_GB","og_type":"article","og_title":"Vreme deosebit de rece la Bucure\u0219ti. Duminic\u0103, maxim 7 grade","og_description":"Valorile termice vor sc\u0103dea semnificativ \u00een Capital\u0103 \u00eencep\u00e2nd de duminic\u0103, astfel c\u0103 vremea va deveni deosebit de rece la Bucure\u0219ti.","og_url":"https:\/\/buletin.de\/bucuresti\/vreme-deosebit-de-rece-la-bucuresti-duminica-maxim-7-grade\/","og_site_name":"Buletin de Bucure\u0219ti","article_publisher":"https:\/\/www.facebook.com\/buletin.de.buc","article_published_time":"2025-04-04T08:23:25+00:00","article_modified_time":"2025-04-04T08:49:16+00:00","og_image":[{"width":1920,"height":1260,"url":"https:\/\/buletin.de\/bucuresti\/wp-content\/uploads\/2025\/04\/recebucurestifrig-scaled-e1743756544315.jpg","type":"image\/jpeg"}],"author":"Redac\u021bia Buletin de Bucure\u0219ti","twitter_card":"summary_large_image","twitter_misc":{"Written by":"Redac\u021bia Buletin de Bucure\u0219ti","Estimated reading time":"2 minutes"},"schema":{"@context":"https:\/\/schema.org","@graph":[{"@type":"Article","@id":"https:\/\/buletin.de\/bucuresti\/vreme-deosebit-de-rece-la-bucuresti-duminica-maxim-7-grade\/#article","isPartOf":{"@id":"https:\/\/buletin.de\/bucuresti\/vreme-deosebit-de-rece-la-bucuresti-duminica-maxim-7-grade\/"},"author":{"name":"Redac\u021bia Buletin de Bucure\u0219ti","@id":"https:\/\/buletin.de\/bucuresti\/#\/schema\/person\/2bbcf854e5f2419a13804af574d06ab1"},"headline":"Vreme deosebit de rece la Bucure\u0219ti. Duminic\u0103, maxim 7 grade","datePublished":"2025-04-04T08:23:25+00:00","dateModified":"2025-04-04T08:49:16+00:00","mainEntityOfPage":{"@id":"https:\/\/buletin.de\/bucuresti\/vreme-deosebit-de-rece-la-bucuresti-duminica-maxim-7-grade\/"},"wordCount":417,"publisher":{"@id":"https:\/\/buletin.de\/bucuresti\/#organization"},"image":{"@id":"https:\/\/buletin.de\/bucuresti\/vreme-deosebit-de-rece-la-bucuresti-duminica-maxim-7-grade\/#primaryimage"},"thumbnailUrl":"https:\/\/buletin.de\/bucuresti\/wp-content\/uploads\/2025\/04\/recebucurestifrig-scaled-e1743756544315.jpg","keywords":["frig in bucuresti","rece la bucuresti","Vremea \u00een Bucure\u0219ti"],"articleSection":["Articole","Diverse","Main"],"inLanguage":"en-GB","copyrightYear":"2025","copyrightHolder":{"@id":"https:\/\/buletin.de\/bucuresti\/#organization"}},{"@type":"WebPage","@id":"https:\/\/buletin.de\/bucuresti\/vreme-deosebit-de-rece-la-bucuresti-duminica-maxim-7-grade\/","url":"https:\/\/buletin.de\/bucuresti\/vreme-deosebit-de-rece-la-bucuresti-duminica-maxim-7-grade\/","name":"Vreme deosebit de rece la Bucure\u0219ti. Duminic\u0103, maxim 7 grade - Buletin de Bucure\u0219ti","isPartOf":{"@id":"https:\/\/buletin.de\/bucuresti\/#website"},"primaryImageOfPage":{"@id":"https:\/\/buletin.de\/bucuresti\/vreme-deosebit-de-rece-la-bucuresti-duminica-maxim-7-grade\/#primaryimage"},"image":{"@id":"https:\/\/buletin.de\/bucuresti\/vreme-deosebit-de-rece-la-bucuresti-duminica-maxim-7-grade\/#primaryimage"},"thumbnailUrl":"https:\/\/buletin.de\/bucuresti\/wp-content\/uploads\/2025\/04\/recebucurestifrig-scaled-e1743756544315.jpg","datePublished":"2025-04-04T08:23:25+00:00","dateModified":"2025-04-04T08:49:16+00:00","description":"Valorile termice vor sc\u0103dea semnificativ \u00een Capital\u0103 \u00eencep\u00e2nd de duminic\u0103, astfel c\u0103 vremea va deveni deosebit de rece la Bucure\u0219ti.","breadcrumb":{"@id":"https:\/\/buletin.de\/bucuresti\/vreme-deosebit-de-rece-la-bucuresti-duminica-maxim-7-grade\/#breadcrumb"},"inLanguage":"en-GB","potentialAction":[{"@type":"ReadAction","target":["https:\/\/buletin.de\/bucuresti\/vreme-deosebit-de-rece-la-bucuresti-duminica-maxim-7-grade\/"]}]},{"@type":"ImageObject","inLanguage":"en-GB","@id":"https:\/\/buletin.de\/bucuresti\/vreme-deosebit-de-rece-la-bucuresti-duminica-maxim-7-grade\/#primaryimage","url":"https:\/\/buletin.de\/bucuresti\/wp-content\/uploads\/2025\/04\/recebucurestifrig-scaled-e1743756544315.jpg","contentUrl":"https:\/\/buletin.de\/bucuresti\/wp-content\/uploads\/2025\/04\/recebucurestifrig-scaled-e1743756544315.jpg","width":1920,"height":1260,"caption":"Vremea va fi rece la Bucure\u0219ti. Foto Pexels.com"},{"@type":"BreadcrumbList","@id":"https:\/\/buletin.de\/bucuresti\/vreme-deosebit-de-rece-la-bucuresti-duminica-maxim-7-grade\/#breadcrumb","itemListElement":[{"@type":"ListItem","position":1,"name":"Acas\u0103","item":"https:\/\/buletin.de\/bucuresti\/"},{"@type":"ListItem","position":2,"name":"Vreme deosebit de rece la Bucure\u0219ti. Duminic\u0103, maxim 7 grade"}]},{"@type":"WebSite","@id":"https:\/\/buletin.de\/bucuresti\/#website","url":"https:\/\/buletin.de\/bucuresti\/","name":"Buletin de Bucure\u0219ti","description":"\u0218tiri \u0219i investiga\u021bii esen\u021biale din capital\u0103","publisher":{"@id":"https:\/\/buletin.de\/bucuresti\/#organization"},"potentialAction":[{"@type":"SearchAction","target":{"@type":"EntryPoint","urlTemplate":"https:\/\/buletin.de\/bucuresti\/?s={search_term_string}"},"query-input":{"@type":"PropertyValueSpecification","valueRequired":true,"valueName":"search_term_string"}}],"inLanguage":"en-GB"},{"@type":"Organization","@id":"https:\/\/buletin.de\/bucuresti\/#organization","name":"Buletin de Bucure\u0219ti","url":"https:\/\/buletin.de\/bucuresti\/","logo":{"@type":"ImageObject","inLanguage":"en-GB","@id":"https:\/\/buletin.de\/bucuresti\/#\/schema\/logo\/image\/","url":"https:\/\/buletin.de\/bucuresti\/wp-content\/uploads\/logo-bdb-full-wide-vernil-transparent.png","contentUrl":"https:\/\/buletin.de\/bucuresti\/wp-content\/uploads\/logo-bdb-full-wide-vernil-transparent.png","width":1782,"height":626,"caption":"Buletin de Bucure\u0219ti"},"image":{"@id":"https:\/\/buletin.de\/bucuresti\/#\/schema\/logo\/image\/"},"sameAs":["https:\/\/www.facebook.com\/buletin.de.buc","https:\/\/www.instagram.com\/buletinde.bucuresti\/"]},{"@type":"Person","@id":"https:\/\/buletin.de\/bucuresti\/#\/schema\/person\/2bbcf854e5f2419a13804af574d06ab1","name":"Redac\u021bia Buletin de Bucure\u0219ti","image":{"@type":"ImageObject","inLanguage":"en-GB","@id":"https:\/\/secure.gravatar.com\/avatar\/18c5342381ed1a08620e6280424e3e5efc958618f5d67c522c9e44c1bc6f9226?s=96&d=monsterid&r=g60c7cd0ad92c68c049fcd4bb3504d609","url":"https:\/\/secure.gravatar.com\/avatar\/18c5342381ed1a08620e6280424e3e5efc958618f5d67c522c9e44c1bc6f9226?s=96&d=monsterid&r=g","contentUrl":"https:\/\/secure.gravatar.com\/avatar\/18c5342381ed1a08620e6280424e3e5efc958618f5d67c522c9e44c1bc6f9226?s=96&d=monsterid&r=g","caption":"Redac\u021bia Buletin de Bucure\u0219ti"},"description":"Buletin de Bucure\u0219ti exist\u0103 din vara anului 2019.","url":"https:\/\/buletin.de\/bucuresti\/author\/adminbuletin\/"}]}},"authors":[{"term_id":22583,"user_id":1,"is_guest":0,"slug":"adminbuletin","display_name":"Redac\u021bia Buletin de Bucure\u0219ti","avatar_url":"https:\/\/secure.gravatar.com\/avatar\/18c5342381ed1a08620e6280424e3e5efc958618f5d67c522c9e44c1bc6f9226?s=96&d=monsterid&r=g","0":null,"1":"","2":"","3":"","4":"","5":"","6":"","7":"","8":""}],"_links":{"self":[{"href":"https:\/\/buletin.de\/bucuresti\/wp-json\/wp\/v2\/posts\/125173","targetHints":{"allow":["GET"]}}],"collection":[{"href":"https:\/\/buletin.de\/bucuresti\/wp-json\/wp\/v2\/posts"}],"about":[{"href":"https:\/\/buletin.de\/bucuresti\/wp-json\/wp\/v2\/types\/post"}],"author":[{"embeddable":true,"href":"https:\/\/buletin.de\/bucuresti\/wp-json\/wp\/v2\/users\/1"}],"replies":[{"embeddable":true,"href":"https:\/\/buletin.de\/bucuresti\/wp-json\/wp\/v2\/comments?post=125173"}],"version-history":[{"count":2,"href":"https:\/\/buletin.de\/bucuresti\/wp-json\/wp\/v2\/posts\/125173\/revisions"}],"predecessor-version":[{"id":125179,"href":"https:\/\/buletin.de\/bucuresti\/wp-json\/wp\/v2\/posts\/125173\/revisions\/125179"}],"wp:featuredmedia":[{"embeddable":true,"href":"https:\/\/buletin.de\/bucuresti\/wp-json\/wp\/v2\/media\/125178"}],"wp:attachment":[{"href":"https:\/\/buletin.de\/bucuresti\/wp-json\/wp\/v2\/media?parent=125173"}],"wp:term":[{"taxonomy":"category","embeddable":true,"href":"https:\/\/buletin.de\/bucuresti\/wp-json\/wp\/v2\/categories?post=125173"},{"taxonomy":"post_tag","embeddable":true,"href":"https:\/\/buletin.de\/bucuresti\/wp-json\/wp\/v2\/tags?post=125173"},{"taxonomy":"author","embeddable":true,"href":"https:\/\/buletin.de\/bucuresti\/wp-json\/wp\/v2\/ppma_author?post=125173"}],"curies":[{"name":"wp","href":"https:\/\/api.w.org\/{rel}","templated":true}]}}