{"id":125142,"date":"2025-04-04T08:58:44","date_gmt":"2025-04-04T05:58:44","guid":{"rendered":"https:\/\/buletin.de\/bucuresti\/?p=125142"},"modified":"2025-04-18T11:42:29","modified_gmt":"2025-04-18T08:42:29","slug":"avizul-pentru-refacerea-planseului-unirii-semnat-de-nicusor-dan","status":"publish","type":"post","link":"https:\/\/buletin.de\/bucuresti\/avizul-pentru-refacerea-planseului-unirii-semnat-de-nicusor-dan\/","title":{"rendered":"Avizul de circula\u021bie pentru refacerea Plan\u0219eului Unirii,  semnat de Nicu\u0219or Dan. Primarul Sectorului 4, campanie \u00eempotriva primarului general"},"content":{"rendered":"\n<p><strong>Avizul de circula\u021bie pentru refacerea Plan\u0219eului Unirii a fost semnat de c\u0103tre primarul general vineri diminea\u021b\u0103, a anun\u021bat Nicu\u015for Dan la finalul \u015fedin\u0163ei Consiliului General al Municipiului Bucure\u015fti (CGMB) \u00een care a fost adoptat bugetul Capitalei.<\/strong><\/p>\n\n\n\n<p>Edilul a precizat joi seara c\u0103 va semna documentul de care are nevoie Prim\u0103ria Sectorului 4, condus\u0103 de Daniel B\u0103lu\u021b\u0103, s\u0103 \u00eenceap\u0103 lucr\u0103rile de reabilitare la Plan\u015feul Unirii.<\/p>\n\n\n\n<p>\u201eEste foarte bine c\u0103 exist\u0103 un buget. Parte din discu\u021biile pe negocieri cu privire la buget s-au referit la acele multe hot\u0103r\u00e2ri de consiliu pe care le-a\u021bi v\u0103zut votate la \u00eenceputul \u0219edin\u021bei \u0219i angajamentul meu era pentru Plan\u0219eul Unirii pe care domnul primar (Daniel B\u0103lu\u021b\u0103, edilul Sectorului 4, n.r.) o s\u0103-l aib\u0103 m\u00e2ine diminea\u021b\u0103\u201d, a afirmat Nicu\u0219or Dan, \u00eentr-o declara\u0163ie de pres\u0103 sus\u0163inut\u0103 joi sear\u0103 la sediul Prim\u0103riei Capitalei.<\/p>\n\n\n\n<div class=\"wp-block-buttons is-content-justification-center is-layout-flex wp-container-core-buttons-is-layout-16018d1d wp-block-buttons-is-layout-flex\">\n<div class=\"wp-block-button has-custom-width wp-block-button__width-100\"><a class=\"wp-block-button__link wp-element-button\" href=\"https:\/\/www.patreon.com\/BuletinDeBucuresti\"><strong>Sus\u021bine Buletin de Bucure\u0219ti pentru investiga\u021bii, reportaje \u0219i \u0219tiri Locale<\/strong><\/a><\/div>\n<\/div>\n\n\n\n<h2 class=\"wp-block-heading\" id=\"h-de-ce-a-amanat-nicu\u0219or-dan-avizul-de-circula\u021bie-pentru-refacerea-plan\u0219eului-unirii\">De ce a am\u00e2nat Nicu\u0219or Dan avizul de circula\u021bie pentru refacerea Plan\u0219eului Unirii<\/h2>\n\n\n\n<p><strong>Primarul general a men\u021bionat c\u0103 a am\u00e2nat semnarea acestui document, \u00een ciuda insisten\u021belor primarului Daniel B\u0103lu\u021b\u0103, pentru c\u0103 a avut nevoie de o analiz\u0103 suplimentar\u0103. <\/strong><\/p>\n\n\n\n<p> \u201eA fost o analiz\u0103 pe care o facem suplimentar fa\u021b\u0103 de comisia de circula\u021bie (Comisia Tehnic\u0103 de Circula\u0163ie, n.r.), \u0103sta e \u0219i motivul pentru care, v\u0103 aduce\u021bi aminte, c\u0103 am f\u0103cut ca lucr\u0103rile de la comisia de circula\u021bie s\u0103 treac\u0103 pe la mine\u201d, a men\u021bionat Nicu\u0219or Dan.<\/p>\n\n\n\n<p>\u201eExist\u0103 un certificat de urbanism. \u00cen certificatul de urbanism sunt trecute cred c\u0103 15-20 de astfel de avize, acesta este unul dintre ele. Unul dintre cele mai importante. Mai sunt importante cele care \u021bin de siguran\u021ba construc\u021biilor, de la Metrorex, \u0219i de la ApaNova.<\/p>\n\n\n\n<p><strong>Sectorul 4, care e beneficiarul lucr\u0103rii, va trebui s\u0103 vin\u0103 la noi cu aceste 15 avize de la institu\u021bii \u0219i avizul \u0103sta era o condi\u021bie ca s\u0103 le aib\u0103 pe toate\u201d, a ad\u0103ugat primarul general. <\/strong><\/p>\n\n\n\n<p>\u201eNe a\u0219tept\u0103m, a\u0219a cum spune public, s\u0103 vin\u0103 cu toate avizele \u0219i \u00eei d\u0103m repede autoriza\u021bia\u201d, a precizat edilul, referindu-se la Daniel B\u0103lu\u021b\u0103.<\/p>\n\n\n\n<p><strong>CITE\u0218TE \u0218I:<\/strong>&nbsp;<strong><a href=\"https:\/\/buletin.de\/bucuresti\/raspunsul-primariei-generale-dupa-acuzele-lui-daniel-baluta-ca-nicusor-dan-intarzie-emiterea-avizului-de-circulatie\/\" target=\"_blank\" rel=\"noreferrer noopener\">R\u0103spunsul Prim\u0103riei Generale dup\u0103 acuzele lui Daniel B\u0103lu\u0163\u0103 c\u0103 Nicu\u015for Dan \u00eent\u00e2rzie emiterea avizului de circula\u0163ie<\/a><\/strong><\/p>\n\n\n\n<h2 class=\"wp-block-heading\" id=\"h-daniel-balu\u021ba-campanie-impotriva-lui-nicu\u0219or-dan\">Daniel B\u0103lu\u021b\u0103, campanie \u00eempotriva lui Nicu\u0219or Dan<\/h2>\n\n\n\n<p><strong>Primarul PSD al Sectorului 4, Daniel B\u0103lu\u021b\u0103, a venit la \u00eenceputul \u0219edin\u021bei de joi a Consiliului General pentru a-l critica pe Nicu\u0219or Dan, cu c\u00e2teva ore \u00eenainte de \u00eenceperea campaniei electorale pentru alegerile preziden\u021biale. <\/strong><\/p>\n\n\n\n<p>\u201eStimate domnule candidat la pre\u0219edin\u021bia Rom\u00e2niei, Nicu\u0219or Dan, atunci c\u00e2nd v-a\u021bi g\u0103sit o nou\u0103 preocupare care v\u0103 tine departe de treburile Bucure\u0219tiului, am venit la aceasta \u0219edin\u021b\u0103 ca s\u0103 v\u0103 transmit c\u0103 indolen\u021ba dumneavoastr\u0103 dep\u0103\u0219e\u0219te orice limit\u0103. (&#8230;)<\/p>\n\n\n\n<p><strong>Bloca\u021bi absurd o lucrare de infrastructur\u0103 absolut necesar\u0103, care are avize si finan\u021bare. Ve\u021bi r\u0103spunde pentru orice nenorocire care poate ucide sau r\u0103ni oameni. <\/strong><\/p>\n\n\n\n<p>Despre pagubele materiale nici nu vreau sa mai vorbesc, c\u00e2nd plan\u0219eul Unirii, vechi de 100 de ani, se va pr\u0103bu\u0219i\u201d, a declarat primarul Sectorului 4, care este \u0219i coordonator na\u021bional, din partea PSD, a contracandidatului lui Nicu\u0219or Dan pentru preziden\u021biale, Crin Antonescu.<\/p>\n\n\n\n<p>Anterior, Daniel B\u0103lu\u021b\u0103 a organizat mai multe conferin\u021be de pres\u0103 \u00een care a criticat faptul c\u0103 primarul general nu semneaz\u0103 avizul necesar pentru \u00eenceperea lucr\u0103rilor din partea Prim\u0103riei Capitalei \u0219i autoriza\u021bia de construire.<\/p>\n\n\n\n<p><strong>Cea mai recent\u0103 a avut loc la finalul lunii martie. Atunci a anun\u021bat c\u0103 l-a dat \u00een judecat\u0103 pe primarul general Nicu\u0219or Dan, pentru c\u0103 blocheaz\u0103 emiterea avizelor necesare pentru refacerea Plan\u0219eului Unirii.<\/strong><\/p>\n\n\n\n<p>Potrivit edilului de sector, toate documentele cerute de Prim\u0103ria Capitalei au fost depuse, \u00eens\u0103 Nicu\u0219or Dan nu a semnat avizul Comisiei Tehnice de Circula\u021bie, iar astfel proiectul continu\u0103 s\u0103 fie blocat.<\/p>\n\n\n\n<p>Daniel B\u0103lu\u021b\u0103 sus\u021bine c\u0103 avizul de circula\u021bie a fost emis favorabil \u00eenc\u0103 din noiembrie 2024 \u0219i se afl\u0103 la cabinetul primarului general de la \u00eenceputul anului 2025. Primarul Sectorului 4 a men\u021bionat c\u0103 acesta este motivul pentru care a ini\u021biat demersuri \u00een instan\u021b\u0103 pentru a-l obliga s\u0103 semneze avizul \u0219i c\u0103 Nicu\u0219or Dan nu semneaz\u0103 avizul \u201edin r\u0103zbunare\u201d.<\/p>\n\n\n\n<p><strong>CITE\u0218TE \u0218I: <a href=\"https:\/\/buletin.de\/bucuresti\/planseul-unirii-daniel-baluta-a-anuntat-ca-l-a-dat-in-judecata-pe-nicusor-dan-pentru-ca-nu-a-eliberat-avizele-necesare-pregateste-si-o-plangere-penala\/\" target=\"_blank\" rel=\"noreferrer noopener\">Plan\u0219eul Unirii | Daniel B\u0103lu\u021b\u0103 a anun\u021bat c\u0103 l-a dat \u00een judecat\u0103 pe Nicu\u0219or Dan, pentru c\u0103 nu a eliberat avizele necesare. Preg\u0103te\u0219te \u0219i o pl\u00e2ngere penal\u0103<\/a><\/strong><\/p>\n","protected":false},"excerpt":{"rendered":"<p>Avizul de circula\u021bie pentru refacerea Plan\u0219eului Unirii a fost semnat de c\u0103tre primarul general vineri diminea\u021b\u0103, a anun\u021bat Nicu\u015for Dan la finalul \u015fedin\u0163ei Consiliului General al Municipiului Bucure\u015fti (CGMB) \u00een care a fost adoptat bugetul Capitalei. Edilul a precizat joi seara c\u0103 va semna documentul de care are nevoie Prim\u0103ria Sectorului 4, condus\u0103 de Daniel [&hellip;]<\/p>\n","protected":false},"author":1,"featured_media":125145,"comment_status":"closed","ping_status":"open","sticky":false,"template":"","format":"standard","meta":{"_acf_changed":false,"inline_featured_image":false,"ngg_post_thumbnail":0,"footnotes":""},"categories":[6994,5762,24],"tags":[16031,16032,15991,5270],"ppma_author":[22583],"class_list":["post-125142","post","type-post","status-publish","format-standard","has-post-thumbnail","hentry","category-stiri-2","category-main","category-primarie","tag-acte-planseul-unirii","tag-cadastru-planseu","tag-planseul-de-la-piata-unirii","tag-planseul-unirii"],"acf":[],"yoast_head":"<!-- This site is optimized with the Yoast SEO Premium plugin v25.3 (Yoast SEO v27.4) - https:\/\/yoast.com\/product\/yoast-seo-premium-wordpress\/ -->\n<title>Avizul de circula\u021bie pentru refacerea Plan\u0219eului Unirii, semnat de Nicu\u0219or Dan<\/title>\n<meta name=\"description\" content=\"Avizul pentru refacerea Plan\u0219eului Unirii va fi semnat de c\u0103tre primarul general, a anun\u021bat Nicu\u015for Dan, joi seara.\" \/>\n<meta name=\"robots\" content=\"index, follow, max-snippet:-1, max-image-preview:large, max-video-preview:-1\" \/>\n<link rel=\"canonical\" href=\"https:\/\/buletin.de\/bucuresti\/avizul-pentru-refacerea-planseului-unirii-semnat-de-nicusor-dan\/\" \/>\n<meta property=\"og:locale\" content=\"en_GB\" \/>\n<meta property=\"og:type\" content=\"article\" \/>\n<meta property=\"og:title\" content=\"Avizul de circula\u021bie pentru refacerea Plan\u0219eului Unirii, semnat de Nicu\u0219or Dan. Primarul Sectorului 4, campanie \u00eempotriva primarului general\" \/>\n<meta property=\"og:description\" content=\"Avizul pentru refacerea Plan\u0219eului Unirii va fi semnat de c\u0103tre primarul general, a anun\u021bat Nicu\u015for Dan, joi seara.\" \/>\n<meta property=\"og:url\" content=\"https:\/\/buletin.de\/bucuresti\/avizul-pentru-refacerea-planseului-unirii-semnat-de-nicusor-dan\/\" \/>\n<meta property=\"og:site_name\" content=\"Buletin de Bucure\u0219ti\" \/>\n<meta property=\"article:publisher\" content=\"https:\/\/www.facebook.com\/buletin.de.buc\" \/>\n<meta property=\"article:published_time\" content=\"2025-04-04T05:58:44+00:00\" \/>\n<meta property=\"article:modified_time\" content=\"2025-04-18T08:42:29+00:00\" \/>\n<meta property=\"og:image\" content=\"https:\/\/buletin.de\/bucuresti\/wp-content\/uploads\/2025\/04\/planseulunirii_INQUAM_Photos_George_Calin.jpg\" \/>\n\t<meta property=\"og:image:width\" content=\"1200\" \/>\n\t<meta property=\"og:image:height\" content=\"800\" \/>\n\t<meta property=\"og:image:type\" content=\"image\/jpeg\" \/>\n<meta name=\"author\" content=\"Redac\u021bia Buletin de Bucure\u0219ti\" \/>\n<meta name=\"twitter:card\" content=\"summary_large_image\" \/>\n<meta name=\"twitter:label1\" content=\"Written by\" \/>\n\t<meta name=\"twitter:data1\" content=\"Redac\u021bia Buletin de Bucure\u0219ti\" \/>\n\t<meta name=\"twitter:label2\" content=\"Estimated reading time\" \/>\n\t<meta name=\"twitter:data2\" content=\"4 minutes\" \/>\n<script type=\"application\/ld+json\" class=\"yoast-schema-graph\">{\"@context\":\"https:\\\/\\\/schema.org\",\"@graph\":[{\"@type\":\"Article\",\"@id\":\"https:\\\/\\\/buletin.de\\\/bucuresti\\\/avizul-pentru-refacerea-planseului-unirii-semnat-de-nicusor-dan\\\/#article\",\"isPartOf\":{\"@id\":\"https:\\\/\\\/buletin.de\\\/bucuresti\\\/avizul-pentru-refacerea-planseului-unirii-semnat-de-nicusor-dan\\\/\"},\"author\":{\"name\":\"Redac\u021bia Buletin de Bucure\u0219ti\",\"@id\":\"https:\\\/\\\/buletin.de\\\/bucuresti\\\/#\\\/schema\\\/person\\\/2bbcf854e5f2419a13804af574d06ab1\"},\"headline\":\"Avizul de circula\u021bie pentru refacerea Plan\u0219eului Unirii, semnat de Nicu\u0219or Dan. Primarul Sectorului 4, campanie \u00eempotriva primarului general\",\"datePublished\":\"2025-04-04T05:58:44+00:00\",\"dateModified\":\"2025-04-18T08:42:29+00:00\",\"mainEntityOfPage\":{\"@id\":\"https:\\\/\\\/buletin.de\\\/bucuresti\\\/avizul-pentru-refacerea-planseului-unirii-semnat-de-nicusor-dan\\\/\"},\"wordCount\":807,\"publisher\":{\"@id\":\"https:\\\/\\\/buletin.de\\\/bucuresti\\\/#organization\"},\"image\":{\"@id\":\"https:\\\/\\\/buletin.de\\\/bucuresti\\\/avizul-pentru-refacerea-planseului-unirii-semnat-de-nicusor-dan\\\/#primaryimage\"},\"thumbnailUrl\":\"https:\\\/\\\/buletin.de\\\/bucuresti\\\/wp-content\\\/uploads\\\/2025\\\/04\\\/planseulunirii_INQUAM_Photos_George_Calin.jpg\",\"keywords\":[\"acte planseul unirii\",\"cadastru planseu\",\"planseul de la piata unirii\",\"planseul unirii\"],\"articleSection\":[\"Articole\",\"Main\",\"Prim\u0103rie\"],\"inLanguage\":\"en-GB\",\"copyrightYear\":\"2025\",\"copyrightHolder\":{\"@id\":\"https:\\\/\\\/buletin.de\\\/bucuresti\\\/#organization\"}},{\"@type\":\"WebPage\",\"@id\":\"https:\\\/\\\/buletin.de\\\/bucuresti\\\/avizul-pentru-refacerea-planseului-unirii-semnat-de-nicusor-dan\\\/\",\"url\":\"https:\\\/\\\/buletin.de\\\/bucuresti\\\/avizul-pentru-refacerea-planseului-unirii-semnat-de-nicusor-dan\\\/\",\"name\":\"Avizul de circula\u021bie pentru refacerea Plan\u0219eului Unirii, semnat de Nicu\u0219or Dan\",\"isPartOf\":{\"@id\":\"https:\\\/\\\/buletin.de\\\/bucuresti\\\/#website\"},\"primaryImageOfPage\":{\"@id\":\"https:\\\/\\\/buletin.de\\\/bucuresti\\\/avizul-pentru-refacerea-planseului-unirii-semnat-de-nicusor-dan\\\/#primaryimage\"},\"image\":{\"@id\":\"https:\\\/\\\/buletin.de\\\/bucuresti\\\/avizul-pentru-refacerea-planseului-unirii-semnat-de-nicusor-dan\\\/#primaryimage\"},\"thumbnailUrl\":\"https:\\\/\\\/buletin.de\\\/bucuresti\\\/wp-content\\\/uploads\\\/2025\\\/04\\\/planseulunirii_INQUAM_Photos_George_Calin.jpg\",\"datePublished\":\"2025-04-04T05:58:44+00:00\",\"dateModified\":\"2025-04-18T08:42:29+00:00\",\"description\":\"Avizul pentru refacerea Plan\u0219eului Unirii va fi semnat de c\u0103tre primarul general, a anun\u021bat Nicu\u015for Dan, joi seara.\",\"breadcrumb\":{\"@id\":\"https:\\\/\\\/buletin.de\\\/bucuresti\\\/avizul-pentru-refacerea-planseului-unirii-semnat-de-nicusor-dan\\\/#breadcrumb\"},\"inLanguage\":\"en-GB\",\"potentialAction\":[{\"@type\":\"ReadAction\",\"target\":[\"https:\\\/\\\/buletin.de\\\/bucuresti\\\/avizul-pentru-refacerea-planseului-unirii-semnat-de-nicusor-dan\\\/\"]}]},{\"@type\":\"ImageObject\",\"inLanguage\":\"en-GB\",\"@id\":\"https:\\\/\\\/buletin.de\\\/bucuresti\\\/avizul-pentru-refacerea-planseului-unirii-semnat-de-nicusor-dan\\\/#primaryimage\",\"url\":\"https:\\\/\\\/buletin.de\\\/bucuresti\\\/wp-content\\\/uploads\\\/2025\\\/04\\\/planseulunirii_INQUAM_Photos_George_Calin.jpg\",\"contentUrl\":\"https:\\\/\\\/buletin.de\\\/bucuresti\\\/wp-content\\\/uploads\\\/2025\\\/04\\\/planseulunirii_INQUAM_Photos_George_Calin.jpg\",\"width\":1200,\"height\":800,\"caption\":\"Avizul pentru refacerea Plan\u0219eului Unirii. Foto: Inquam Photos \\\/ George C\u0103lin\"},{\"@type\":\"BreadcrumbList\",\"@id\":\"https:\\\/\\\/buletin.de\\\/bucuresti\\\/avizul-pentru-refacerea-planseului-unirii-semnat-de-nicusor-dan\\\/#breadcrumb\",\"itemListElement\":[{\"@type\":\"ListItem\",\"position\":1,\"name\":\"Acas\u0103\",\"item\":\"https:\\\/\\\/buletin.de\\\/bucuresti\\\/\"},{\"@type\":\"ListItem\",\"position\":2,\"name\":\"Avizul de circula\u021bie pentru refacerea Plan\u0219eului Unirii, semnat de Nicu\u0219or Dan. Primarul Sectorului 4, campanie \u00eempotriva primarului general\"}]},{\"@type\":\"WebSite\",\"@id\":\"https:\\\/\\\/buletin.de\\\/bucuresti\\\/#website\",\"url\":\"https:\\\/\\\/buletin.de\\\/bucuresti\\\/\",\"name\":\"Buletin de Bucure\u0219ti\",\"description\":\"\u0218tiri \u0219i investiga\u021bii esen\u021biale din capital\u0103\",\"publisher\":{\"@id\":\"https:\\\/\\\/buletin.de\\\/bucuresti\\\/#organization\"},\"potentialAction\":[{\"@type\":\"SearchAction\",\"target\":{\"@type\":\"EntryPoint\",\"urlTemplate\":\"https:\\\/\\\/buletin.de\\\/bucuresti\\\/?s={search_term_string}\"},\"query-input\":{\"@type\":\"PropertyValueSpecification\",\"valueRequired\":true,\"valueName\":\"search_term_string\"}}],\"inLanguage\":\"en-GB\"},{\"@type\":\"Organization\",\"@id\":\"https:\\\/\\\/buletin.de\\\/bucuresti\\\/#organization\",\"name\":\"Buletin de Bucure\u0219ti\",\"url\":\"https:\\\/\\\/buletin.de\\\/bucuresti\\\/\",\"logo\":{\"@type\":\"ImageObject\",\"inLanguage\":\"en-GB\",\"@id\":\"https:\\\/\\\/buletin.de\\\/bucuresti\\\/#\\\/schema\\\/logo\\\/image\\\/\",\"url\":\"https:\\\/\\\/buletin.de\\\/bucuresti\\\/wp-content\\\/uploads\\\/logo-bdb-full-wide-vernil-transparent.png\",\"contentUrl\":\"https:\\\/\\\/buletin.de\\\/bucuresti\\\/wp-content\\\/uploads\\\/logo-bdb-full-wide-vernil-transparent.png\",\"width\":1782,\"height\":626,\"caption\":\"Buletin de Bucure\u0219ti\"},\"image\":{\"@id\":\"https:\\\/\\\/buletin.de\\\/bucuresti\\\/#\\\/schema\\\/logo\\\/image\\\/\"},\"sameAs\":[\"https:\\\/\\\/www.facebook.com\\\/buletin.de.buc\",\"https:\\\/\\\/www.instagram.com\\\/buletinde.bucuresti\\\/\"]},{\"@type\":\"Person\",\"@id\":\"https:\\\/\\\/buletin.de\\\/bucuresti\\\/#\\\/schema\\\/person\\\/2bbcf854e5f2419a13804af574d06ab1\",\"name\":\"Redac\u021bia Buletin de Bucure\u0219ti\",\"image\":{\"@type\":\"ImageObject\",\"inLanguage\":\"en-GB\",\"@id\":\"https:\\\/\\\/secure.gravatar.com\\\/avatar\\\/18c5342381ed1a08620e6280424e3e5efc958618f5d67c522c9e44c1bc6f9226?s=96&d=monsterid&r=g60c7cd0ad92c68c049fcd4bb3504d609\",\"url\":\"https:\\\/\\\/secure.gravatar.com\\\/avatar\\\/18c5342381ed1a08620e6280424e3e5efc958618f5d67c522c9e44c1bc6f9226?s=96&d=monsterid&r=g\",\"contentUrl\":\"https:\\\/\\\/secure.gravatar.com\\\/avatar\\\/18c5342381ed1a08620e6280424e3e5efc958618f5d67c522c9e44c1bc6f9226?s=96&d=monsterid&r=g\",\"caption\":\"Redac\u021bia Buletin de Bucure\u0219ti\"},\"description\":\"Buletin de Bucure\u0219ti exist\u0103 din vara anului 2019.\",\"url\":\"https:\\\/\\\/buletin.de\\\/bucuresti\\\/author\\\/adminbuletin\\\/\"}]}<\/script>\n<!-- \/ Yoast SEO Premium plugin. -->","yoast_head_json":{"title":"Avizul de circula\u021bie pentru refacerea Plan\u0219eului Unirii, semnat de Nicu\u0219or Dan","description":"Avizul pentru refacerea Plan\u0219eului Unirii va fi semnat de c\u0103tre primarul general, a anun\u021bat Nicu\u015for Dan, joi seara.","robots":{"index":"index","follow":"follow","max-snippet":"max-snippet:-1","max-image-preview":"max-image-preview:large","max-video-preview":"max-video-preview:-1"},"canonical":"https:\/\/buletin.de\/bucuresti\/avizul-pentru-refacerea-planseului-unirii-semnat-de-nicusor-dan\/","og_locale":"en_GB","og_type":"article","og_title":"Avizul de circula\u021bie pentru refacerea Plan\u0219eului Unirii, semnat de Nicu\u0219or Dan. Primarul Sectorului 4, campanie \u00eempotriva primarului general","og_description":"Avizul pentru refacerea Plan\u0219eului Unirii va fi semnat de c\u0103tre primarul general, a anun\u021bat Nicu\u015for Dan, joi seara.","og_url":"https:\/\/buletin.de\/bucuresti\/avizul-pentru-refacerea-planseului-unirii-semnat-de-nicusor-dan\/","og_site_name":"Buletin de Bucure\u0219ti","article_publisher":"https:\/\/www.facebook.com\/buletin.de.buc","article_published_time":"2025-04-04T05:58:44+00:00","article_modified_time":"2025-04-18T08:42:29+00:00","og_image":[{"width":1200,"height":800,"url":"https:\/\/buletin.de\/bucuresti\/wp-content\/uploads\/2025\/04\/planseulunirii_INQUAM_Photos_George_Calin.jpg","type":"image\/jpeg"}],"author":"Redac\u021bia Buletin de Bucure\u0219ti","twitter_card":"summary_large_image","twitter_misc":{"Written by":"Redac\u021bia Buletin de Bucure\u0219ti","Estimated reading time":"4 minutes"},"schema":{"@context":"https:\/\/schema.org","@graph":[{"@type":"Article","@id":"https:\/\/buletin.de\/bucuresti\/avizul-pentru-refacerea-planseului-unirii-semnat-de-nicusor-dan\/#article","isPartOf":{"@id":"https:\/\/buletin.de\/bucuresti\/avizul-pentru-refacerea-planseului-unirii-semnat-de-nicusor-dan\/"},"author":{"name":"Redac\u021bia Buletin de Bucure\u0219ti","@id":"https:\/\/buletin.de\/bucuresti\/#\/schema\/person\/2bbcf854e5f2419a13804af574d06ab1"},"headline":"Avizul de circula\u021bie pentru refacerea Plan\u0219eului Unirii, semnat de Nicu\u0219or Dan. Primarul Sectorului 4, campanie \u00eempotriva primarului general","datePublished":"2025-04-04T05:58:44+00:00","dateModified":"2025-04-18T08:42:29+00:00","mainEntityOfPage":{"@id":"https:\/\/buletin.de\/bucuresti\/avizul-pentru-refacerea-planseului-unirii-semnat-de-nicusor-dan\/"},"wordCount":807,"publisher":{"@id":"https:\/\/buletin.de\/bucuresti\/#organization"},"image":{"@id":"https:\/\/buletin.de\/bucuresti\/avizul-pentru-refacerea-planseului-unirii-semnat-de-nicusor-dan\/#primaryimage"},"thumbnailUrl":"https:\/\/buletin.de\/bucuresti\/wp-content\/uploads\/2025\/04\/planseulunirii_INQUAM_Photos_George_Calin.jpg","keywords":["acte planseul unirii","cadastru planseu","planseul de la piata unirii","planseul unirii"],"articleSection":["Articole","Main","Prim\u0103rie"],"inLanguage":"en-GB","copyrightYear":"2025","copyrightHolder":{"@id":"https:\/\/buletin.de\/bucuresti\/#organization"}},{"@type":"WebPage","@id":"https:\/\/buletin.de\/bucuresti\/avizul-pentru-refacerea-planseului-unirii-semnat-de-nicusor-dan\/","url":"https:\/\/buletin.de\/bucuresti\/avizul-pentru-refacerea-planseului-unirii-semnat-de-nicusor-dan\/","name":"Avizul de circula\u021bie pentru refacerea Plan\u0219eului Unirii, semnat de Nicu\u0219or Dan","isPartOf":{"@id":"https:\/\/buletin.de\/bucuresti\/#website"},"primaryImageOfPage":{"@id":"https:\/\/buletin.de\/bucuresti\/avizul-pentru-refacerea-planseului-unirii-semnat-de-nicusor-dan\/#primaryimage"},"image":{"@id":"https:\/\/buletin.de\/bucuresti\/avizul-pentru-refacerea-planseului-unirii-semnat-de-nicusor-dan\/#primaryimage"},"thumbnailUrl":"https:\/\/buletin.de\/bucuresti\/wp-content\/uploads\/2025\/04\/planseulunirii_INQUAM_Photos_George_Calin.jpg","datePublished":"2025-04-04T05:58:44+00:00","dateModified":"2025-04-18T08:42:29+00:00","description":"Avizul pentru refacerea Plan\u0219eului Unirii va fi semnat de c\u0103tre primarul general, a anun\u021bat Nicu\u015for Dan, joi seara.","breadcrumb":{"@id":"https:\/\/buletin.de\/bucuresti\/avizul-pentru-refacerea-planseului-unirii-semnat-de-nicusor-dan\/#breadcrumb"},"inLanguage":"en-GB","potentialAction":[{"@type":"ReadAction","target":["https:\/\/buletin.de\/bucuresti\/avizul-pentru-refacerea-planseului-unirii-semnat-de-nicusor-dan\/"]}]},{"@type":"ImageObject","inLanguage":"en-GB","@id":"https:\/\/buletin.de\/bucuresti\/avizul-pentru-refacerea-planseului-unirii-semnat-de-nicusor-dan\/#primaryimage","url":"https:\/\/buletin.de\/bucuresti\/wp-content\/uploads\/2025\/04\/planseulunirii_INQUAM_Photos_George_Calin.jpg","contentUrl":"https:\/\/buletin.de\/bucuresti\/wp-content\/uploads\/2025\/04\/planseulunirii_INQUAM_Photos_George_Calin.jpg","width":1200,"height":800,"caption":"Avizul pentru refacerea Plan\u0219eului Unirii. Foto: Inquam Photos \/ George C\u0103lin"},{"@type":"BreadcrumbList","@id":"https:\/\/buletin.de\/bucuresti\/avizul-pentru-refacerea-planseului-unirii-semnat-de-nicusor-dan\/#breadcrumb","itemListElement":[{"@type":"ListItem","position":1,"name":"Acas\u0103","item":"https:\/\/buletin.de\/bucuresti\/"},{"@type":"ListItem","position":2,"name":"Avizul de circula\u021bie pentru refacerea Plan\u0219eului Unirii, semnat de Nicu\u0219or Dan. Primarul Sectorului 4, campanie \u00eempotriva primarului general"}]},{"@type":"WebSite","@id":"https:\/\/buletin.de\/bucuresti\/#website","url":"https:\/\/buletin.de\/bucuresti\/","name":"Buletin de Bucure\u0219ti","description":"\u0218tiri \u0219i investiga\u021bii esen\u021biale din capital\u0103","publisher":{"@id":"https:\/\/buletin.de\/bucuresti\/#organization"},"potentialAction":[{"@type":"SearchAction","target":{"@type":"EntryPoint","urlTemplate":"https:\/\/buletin.de\/bucuresti\/?s={search_term_string}"},"query-input":{"@type":"PropertyValueSpecification","valueRequired":true,"valueName":"search_term_string"}}],"inLanguage":"en-GB"},{"@type":"Organization","@id":"https:\/\/buletin.de\/bucuresti\/#organization","name":"Buletin de Bucure\u0219ti","url":"https:\/\/buletin.de\/bucuresti\/","logo":{"@type":"ImageObject","inLanguage":"en-GB","@id":"https:\/\/buletin.de\/bucuresti\/#\/schema\/logo\/image\/","url":"https:\/\/buletin.de\/bucuresti\/wp-content\/uploads\/logo-bdb-full-wide-vernil-transparent.png","contentUrl":"https:\/\/buletin.de\/bucuresti\/wp-content\/uploads\/logo-bdb-full-wide-vernil-transparent.png","width":1782,"height":626,"caption":"Buletin de Bucure\u0219ti"},"image":{"@id":"https:\/\/buletin.de\/bucuresti\/#\/schema\/logo\/image\/"},"sameAs":["https:\/\/www.facebook.com\/buletin.de.buc","https:\/\/www.instagram.com\/buletinde.bucuresti\/"]},{"@type":"Person","@id":"https:\/\/buletin.de\/bucuresti\/#\/schema\/person\/2bbcf854e5f2419a13804af574d06ab1","name":"Redac\u021bia Buletin de Bucure\u0219ti","image":{"@type":"ImageObject","inLanguage":"en-GB","@id":"https:\/\/secure.gravatar.com\/avatar\/18c5342381ed1a08620e6280424e3e5efc958618f5d67c522c9e44c1bc6f9226?s=96&d=monsterid&r=g60c7cd0ad92c68c049fcd4bb3504d609","url":"https:\/\/secure.gravatar.com\/avatar\/18c5342381ed1a08620e6280424e3e5efc958618f5d67c522c9e44c1bc6f9226?s=96&d=monsterid&r=g","contentUrl":"https:\/\/secure.gravatar.com\/avatar\/18c5342381ed1a08620e6280424e3e5efc958618f5d67c522c9e44c1bc6f9226?s=96&d=monsterid&r=g","caption":"Redac\u021bia Buletin de Bucure\u0219ti"},"description":"Buletin de Bucure\u0219ti exist\u0103 din vara anului 2019.","url":"https:\/\/buletin.de\/bucuresti\/author\/adminbuletin\/"}]}},"authors":[{"term_id":22583,"user_id":1,"is_guest":0,"slug":"adminbuletin","display_name":"Redac\u021bia Buletin de Bucure\u0219ti","avatar_url":"https:\/\/secure.gravatar.com\/avatar\/18c5342381ed1a08620e6280424e3e5efc958618f5d67c522c9e44c1bc6f9226?s=96&d=monsterid&r=g","0":null,"1":"","2":"","3":"","4":"","5":"","6":"","7":"","8":""}],"_links":{"self":[{"href":"https:\/\/buletin.de\/bucuresti\/wp-json\/wp\/v2\/posts\/125142","targetHints":{"allow":["GET"]}}],"collection":[{"href":"https:\/\/buletin.de\/bucuresti\/wp-json\/wp\/v2\/posts"}],"about":[{"href":"https:\/\/buletin.de\/bucuresti\/wp-json\/wp\/v2\/types\/post"}],"author":[{"embeddable":true,"href":"https:\/\/buletin.de\/bucuresti\/wp-json\/wp\/v2\/users\/1"}],"replies":[{"embeddable":true,"href":"https:\/\/buletin.de\/bucuresti\/wp-json\/wp\/v2\/comments?post=125142"}],"version-history":[{"count":3,"href":"https:\/\/buletin.de\/bucuresti\/wp-json\/wp\/v2\/posts\/125142\/revisions"}],"predecessor-version":[{"id":126904,"href":"https:\/\/buletin.de\/bucuresti\/wp-json\/wp\/v2\/posts\/125142\/revisions\/126904"}],"wp:featuredmedia":[{"embeddable":true,"href":"https:\/\/buletin.de\/bucuresti\/wp-json\/wp\/v2\/media\/125145"}],"wp:attachment":[{"href":"https:\/\/buletin.de\/bucuresti\/wp-json\/wp\/v2\/media?parent=125142"}],"wp:term":[{"taxonomy":"category","embeddable":true,"href":"https:\/\/buletin.de\/bucuresti\/wp-json\/wp\/v2\/categories?post=125142"},{"taxonomy":"post_tag","embeddable":true,"href":"https:\/\/buletin.de\/bucuresti\/wp-json\/wp\/v2\/tags?post=125142"},{"taxonomy":"author","embeddable":true,"href":"https:\/\/buletin.de\/bucuresti\/wp-json\/wp\/v2\/ppma_author?post=125142"}],"curies":[{"name":"wp","href":"https:\/\/api.w.org\/{rel}","templated":true}]}}