{"id":125087,"date":"2025-04-03T14:50:40","date_gmt":"2025-04-03T11:50:40","guid":{"rendered":"https:\/\/buletin.de\/bucuresti\/?p=125087"},"modified":"2025-04-03T14:50:40","modified_gmt":"2025-04-03T11:50:40","slug":"o-consiliera-psd-din-sectorul-4-ajunge-secretar-de-stat-la-ministerul-educatiei-irina-danielescu-o-apropiata-a-primarului-baluta","status":"publish","type":"post","link":"https:\/\/buletin.de\/bucuresti\/o-consiliera-psd-din-sectorul-4-ajunge-secretar-de-stat-la-ministerul-educatiei-irina-danielescu-o-apropiata-a-primarului-baluta\/","title":{"rendered":"O consilier\u0103 PSD din Sectorul 4 ajunge secretar de stat la Ministerul Educa\u021biei. Irina Danielescu, o apropiat\u0103 a primarului B\u0103lu\u021b\u0103"},"content":{"rendered":"\n<p><strong>Guvernul Ciolacu \u00eel va demite pe actualul secretar de stat Florian Lixandru (PSD) \u0219i \u00eel va \u00eenlocui cu Irina Danielescu, consilier local PSD \u00een Sectorul 4, potrivit surselor <a href=\"https:\/\/www.edupedu.ro\/surse-schimbari-la-varful-ministerului-educatiei-irina-danielescu-consilier-psd-sector-4-si-omul-lui-baluta-il-va-inlocui-pe-florian-lixandru-in-functia-de-secretar-de-stat-la-min\/\">Edupedu.ro<\/a>. Danielescu este o apropiat\u0103 a primarului Sectorului 4, Daniel B\u0103lu\u021b\u0103.<\/strong><\/p>\n\n\n\n<p>Florian Lixandru inten\u021bioneaz\u0103 s\u0103 preia conducerea <strong>Inspectoratului \u0218colar al Municipiului Bucure\u0219ti (ISMB)<\/strong> dup\u0103 revocarea sa.<\/p>\n\n\n\n<p>\u00cen structura Ministerului Educa\u021biei, \u00ee\u0219i vor p\u0103stra func\u021biile secretarii de stat Sorin Ion (PNL), Kallos Zoltan (UDMR) \u0219i Gigel Paraschiv.<\/p>\n\n\n\n<p><strong>CITE\u0218TE \u0218I: <a href=\"https:\/\/buletin.de\/bucuresti\/oficial-untold-pe-arena-nationala-organizatorii-se-asteapta-la-peste-150-000-de-participanti\/\">Oficial: Untold pe Arena Na\u021bional\u0103. Organizatorii se a\u0219teapt\u0103 la peste 150.000 de participan\u021bi<\/a><\/strong><\/p>\n\n\n\n<h2 class=\"wp-block-heading\" id=\"h-averea-familiei-danielescu\">Averea familiei Danielescu<\/h2>\n\n\n\n<p>Potrivit declara\u021biei sale de avere, <strong>Irina Danielescu<\/strong> de\u021bine:<\/p>\n\n\n\n<ul class=\"wp-block-list\">\n<li><strong>4 apartamente<\/strong> \u00een Bucure\u0219ti \u0219i Craiova,<\/li>\n\n\n\n<li><strong>o cas\u0103 de vacan\u021b\u0103<\/strong> \u00een P\u0103duri\u0219u, jude\u021bul C\u0103l\u0103ra\u0219i,<\/li>\n\n\n\n<li><strong>5 terenuri intravilane<\/strong>, ob\u021binute prin cump\u0103rare, dona\u021bie \u0219i mo\u0219tenire,<\/li>\n\n\n\n<li>alte <strong>cl\u0103diri<\/strong> \u00eencadrate la \u201ealte categorii de bunuri imobile\u201d.<\/li>\n<\/ul>\n\n\n\n<p><strong>Ea mai de\u021bine un autoturism Tesla, achizi\u021bionat \u00een 2022.<\/strong><\/p>\n\n\n\n<p>So\u021bul s\u0103u, Radu-George Pop, a realizat <strong>investi\u021bii de peste 1,4 milioane de lei<\/strong> \u00een Las Vegas (SUA), Bucure\u0219ti \u0219i Hellerup (Danemarca).<\/p>\n\n\n\n<p>Danielescu este avocat\u0103, \u00eens\u0103 \u00een prezent este suspendat\u0103 la cerere din Barou.<\/p>\n\n\n\n<p>Aceast\u0103 mutare vine dup\u0103 ce, pe 27 martie, premierul Marcel Ciolacu l-a demis pe Bogdan Cristescu, singurul secretar de stat f\u0103r\u0103 apartenen\u021b\u0103 politic\u0103 din Ministerul Educa\u021biei. Tot atunci, a fost numit subsecretar de stat Radu-Dumitru Antohi, fost oficial la Ministerul Cercet\u0103rii.<\/p>\n\n\n\n<p><strong>Cite\u0219te mai multe pe <a href=\"https:\/\/www.edupedu.ro\/surse-schimbari-la-varful-ministerului-educatiei-irina-danielescu-consilier-psd-sector-4-si-omul-lui-baluta-il-va-inlocui-pe-florian-lixandru-in-functia-de-secretar-de-stat-la-min\/\">edupedu.ro<\/a>.<\/strong><\/p>\n\n\n\n<div class=\"wp-block-buttons is-content-justification-center is-layout-flex wp-container-core-buttons-is-layout-16018d1d wp-block-buttons-is-layout-flex\">\n<div class=\"wp-block-button has-custom-width wp-block-button__width-100\"><a class=\"wp-block-button__link wp-element-button\" href=\"https:\/\/www.patreon.com\/BuletinDeBucuresti\"><strong>Sus\u021bine Buletin de Bucure\u0219ti pentru investiga\u021bii, reportaje \u0219i \u0219tiri Locale<\/strong><\/a><\/div>\n<\/div>\n\n\n\n<h2 class=\"wp-block-heading\" id=\"h-cine-e-florian-lixandru-numele-vehiculat-pentru-\u0219efia-ismb\">Cine e Florian Lixandru, numele vehiculat pentru \u0219efia ISMB<\/h2>\n\n\n\n<p>Florian Lixandru este profesor \u0219i fost inspector \u0219colar, cu o activitate lung\u0103 \u00een administra\u021bia educa\u021bional\u0103. El \u0219i-a manifestat public afinitatea fa\u021b\u0103 de PSD, scrie <a href=\"https:\/\/www.educatieprivata.ro\/florian-lixandru-numit-secretar-de-stat-a-ocupat-aceeasi-functie-si-in-guvernarea-psd\/\">educa\u021bieprivat\u0103.ro<\/a>.<\/p>\n\n\n\n<p>A ocupat pentru prima dat\u0103 func\u021bia de secretar de stat \u00een Ministerul Educa\u021biei \u00een timpul mandatului Ecaterinei Andronescu, iar ulterior a revenit \u00een aceea\u0219i pozi\u021bie, fiind numit prin ordin semnat de premierul Nicolae Ciuc\u0103.<\/p>\n\n\n\n<p>Lixandru \u0219i-a \u00eenceput cariera administrativ\u0103 ca director de \u0219coal\u0103 (2006-2012), dup\u0103 care a ocupat mai multe func\u021bii \u00een Inspectoratul \u0218colar al Municipiului Bucure\u0219ti (ISMB). A fost inspector \u0219colar general adjunct, iar din martie 2015 p\u00e2n\u0103 \u00een martie 2018 a fost inspector \u0219colar general. Din aceast\u0103 pozi\u021bie, a fost promovat \u00een Ministerul Educa\u021biei, unde a de\u021binut pentru prima dat\u0103 func\u021bia de secretar de stat.<\/p>\n\n\n\n<p>Dup\u0103 preluarea mandatului de ministru al Educa\u021biei de c\u0103tre Monica Anisie (PNL), Lixandru a fost eliberat din func\u021bie la cerere.<\/p>\n\n\n\n<p>\u00cen 2020, a candidat pe lista PSD pentru Consiliul General al Municipiului Bucure\u0219ti.<\/p>\n\n\n\n<p><strong>CITE\u0218TE \u0218I: <a href=\"https:\/\/buletin.de\/bucuresti\/ligia-deca-noul-prorector-al-snspa-cu-responsabilitati-in-domeniul-relatiilor-institutionale-si-proiectelor-strategice\/\">Ligia Deca, noul prorector al SNSPA, \u201ecu responsabilit\u0103\u021bi \u00een domeniul rela\u021biilor institu\u021bionale \u0219i proiectelor strategice\u201d<\/a><\/strong><\/p>\n","protected":false},"excerpt":{"rendered":"<p>Guvernul Ciolacu \u00eel va demite pe actualul secretar de stat Florian Lixandru (PSD) \u0219i \u00eel va \u00eenlocui cu Irina Danielescu, consilier local PSD \u00een Sectorul 4, potrivit surselor Edupedu.ro. Danielescu este o apropiat\u0103 a primarului Sectorului 4, Daniel B\u0103lu\u021b\u0103. Florian Lixandru inten\u021bioneaz\u0103 s\u0103 preia conducerea Inspectoratului \u0218colar al Municipiului Bucure\u0219ti (ISMB) dup\u0103 revocarea sa. \u00cen [&hellip;]<\/p>\n","protected":false},"author":1,"featured_media":125088,"comment_status":"closed","ping_status":"open","sticky":false,"template":"","format":"standard","meta":{"_acf_changed":false,"inline_featured_image":false,"ngg_post_thumbnail":0,"footnotes":""},"categories":[6994,3421,5762],"tags":[9,2054,1752,7615,1204,2884,348],"ppma_author":[22583],"class_list":["post-125087","post","type-post","status-publish","format-standard","has-post-thumbnail","hentry","category-stiri-2","category-educatie","category-main","tag-bucuresti","tag-capitala","tag-consilier-local","tag-consiliul-local-sector-4","tag-daniel-baluta","tag-ismb","tag-sectorul-4"],"acf":[],"yoast_head":"<!-- This site is optimized with the Yoast SEO Premium plugin v25.3 (Yoast SEO v27.4) - https:\/\/yoast.com\/product\/yoast-seo-premium-wordpress\/ -->\n<title>O consilier\u0103 PSD din Sectorul 4 ajunge secretar de stat la Ministerul Educa\u021biei. Irina Danielescu, o apropiat\u0103 a primarului B\u0103lu\u021b\u0103 - Buletin de Bucure\u0219ti<\/title>\n<meta name=\"description\" content=\"O consilier\u0103 PSD din Sectorul 4 ajunge secretar de stat la Ministerul Educa\u021biei. Irina Danielescu este o apropiat\u0103 a primarului B\u0103lu\u021b\u0103\" \/>\n<meta name=\"robots\" content=\"index, follow, max-snippet:-1, max-image-preview:large, max-video-preview:-1\" \/>\n<link rel=\"canonical\" href=\"https:\/\/buletin.de\/bucuresti\/o-consiliera-psd-din-sectorul-4-ajunge-secretar-de-stat-la-ministerul-educatiei-irina-danielescu-o-apropiata-a-primarului-baluta\/\" \/>\n<meta property=\"og:locale\" content=\"en_GB\" \/>\n<meta property=\"og:type\" content=\"article\" \/>\n<meta property=\"og:title\" content=\"O consilier\u0103 PSD din Sectorul 4 ajunge secretar de stat la Ministerul Educa\u021biei. Irina Danielescu, o apropiat\u0103 a primarului B\u0103lu\u021b\u0103\" \/>\n<meta property=\"og:description\" content=\"O consilier\u0103 PSD din Sectorul 4 ajunge secretar de stat la Ministerul Educa\u021biei. Irina Danielescu este o apropiat\u0103 a primarului B\u0103lu\u021b\u0103\" \/>\n<meta property=\"og:url\" content=\"https:\/\/buletin.de\/bucuresti\/o-consiliera-psd-din-sectorul-4-ajunge-secretar-de-stat-la-ministerul-educatiei-irina-danielescu-o-apropiata-a-primarului-baluta\/\" \/>\n<meta property=\"og:site_name\" content=\"Buletin de Bucure\u0219ti\" \/>\n<meta property=\"article:publisher\" content=\"https:\/\/www.facebook.com\/buletin.de.buc\" \/>\n<meta property=\"article:published_time\" content=\"2025-04-03T11:50:40+00:00\" \/>\n<meta property=\"og:image\" content=\"https:\/\/buletin.de\/bucuresti\/wp-content\/uploads\/2025\/04\/ID183408_INQUAM_Photos_George_Calin-scaled.jpg\" \/>\n\t<meta property=\"og:image:width\" content=\"2560\" \/>\n\t<meta property=\"og:image:height\" content=\"1707\" \/>\n\t<meta property=\"og:image:type\" content=\"image\/jpeg\" \/>\n<meta name=\"author\" content=\"Redac\u021bia Buletin de Bucure\u0219ti\" \/>\n<meta name=\"twitter:card\" content=\"summary_large_image\" \/>\n<meta name=\"twitter:label1\" content=\"Written by\" \/>\n\t<meta name=\"twitter:data1\" content=\"Redac\u021bia Buletin de Bucure\u0219ti\" \/>\n\t<meta name=\"twitter:label2\" content=\"Estimated reading time\" \/>\n\t<meta name=\"twitter:data2\" content=\"3 minutes\" \/>\n<script type=\"application\/ld+json\" class=\"yoast-schema-graph\">{\"@context\":\"https:\\\/\\\/schema.org\",\"@graph\":[{\"@type\":\"Article\",\"@id\":\"https:\\\/\\\/buletin.de\\\/bucuresti\\\/o-consiliera-psd-din-sectorul-4-ajunge-secretar-de-stat-la-ministerul-educatiei-irina-danielescu-o-apropiata-a-primarului-baluta\\\/#article\",\"isPartOf\":{\"@id\":\"https:\\\/\\\/buletin.de\\\/bucuresti\\\/o-consiliera-psd-din-sectorul-4-ajunge-secretar-de-stat-la-ministerul-educatiei-irina-danielescu-o-apropiata-a-primarului-baluta\\\/\"},\"author\":{\"name\":\"Redac\u021bia Buletin de Bucure\u0219ti\",\"@id\":\"https:\\\/\\\/buletin.de\\\/bucuresti\\\/#\\\/schema\\\/person\\\/2bbcf854e5f2419a13804af574d06ab1\"},\"headline\":\"O consilier\u0103 PSD din Sectorul 4 ajunge secretar de stat la Ministerul Educa\u021biei. Irina Danielescu, o apropiat\u0103 a primarului B\u0103lu\u021b\u0103\",\"datePublished\":\"2025-04-03T11:50:40+00:00\",\"mainEntityOfPage\":{\"@id\":\"https:\\\/\\\/buletin.de\\\/bucuresti\\\/o-consiliera-psd-din-sectorul-4-ajunge-secretar-de-stat-la-ministerul-educatiei-irina-danielescu-o-apropiata-a-primarului-baluta\\\/\"},\"wordCount\":483,\"publisher\":{\"@id\":\"https:\\\/\\\/buletin.de\\\/bucuresti\\\/#organization\"},\"image\":{\"@id\":\"https:\\\/\\\/buletin.de\\\/bucuresti\\\/o-consiliera-psd-din-sectorul-4-ajunge-secretar-de-stat-la-ministerul-educatiei-irina-danielescu-o-apropiata-a-primarului-baluta\\\/#primaryimage\"},\"thumbnailUrl\":\"https:\\\/\\\/buletin.de\\\/bucuresti\\\/wp-content\\\/uploads\\\/2025\\\/04\\\/ID183408_INQUAM_Photos_George_Calin-scaled.jpg\",\"keywords\":[\"bucuresti\",\"Capitala\",\"consilier local\",\"consiliul local sector 4\",\"daniel baluta\",\"ismb\",\"sectorul 4\"],\"articleSection\":[\"Articole\",\"Educa\u021bie\",\"Main\"],\"inLanguage\":\"en-GB\",\"copyrightYear\":\"2025\",\"copyrightHolder\":{\"@id\":\"https:\\\/\\\/buletin.de\\\/bucuresti\\\/#organization\"}},{\"@type\":\"WebPage\",\"@id\":\"https:\\\/\\\/buletin.de\\\/bucuresti\\\/o-consiliera-psd-din-sectorul-4-ajunge-secretar-de-stat-la-ministerul-educatiei-irina-danielescu-o-apropiata-a-primarului-baluta\\\/\",\"url\":\"https:\\\/\\\/buletin.de\\\/bucuresti\\\/o-consiliera-psd-din-sectorul-4-ajunge-secretar-de-stat-la-ministerul-educatiei-irina-danielescu-o-apropiata-a-primarului-baluta\\\/\",\"name\":\"O consilier\u0103 PSD din Sectorul 4 ajunge secretar de stat la Ministerul Educa\u021biei. Irina Danielescu, o apropiat\u0103 a primarului B\u0103lu\u021b\u0103 - Buletin de Bucure\u0219ti\",\"isPartOf\":{\"@id\":\"https:\\\/\\\/buletin.de\\\/bucuresti\\\/#website\"},\"primaryImageOfPage\":{\"@id\":\"https:\\\/\\\/buletin.de\\\/bucuresti\\\/o-consiliera-psd-din-sectorul-4-ajunge-secretar-de-stat-la-ministerul-educatiei-irina-danielescu-o-apropiata-a-primarului-baluta\\\/#primaryimage\"},\"image\":{\"@id\":\"https:\\\/\\\/buletin.de\\\/bucuresti\\\/o-consiliera-psd-din-sectorul-4-ajunge-secretar-de-stat-la-ministerul-educatiei-irina-danielescu-o-apropiata-a-primarului-baluta\\\/#primaryimage\"},\"thumbnailUrl\":\"https:\\\/\\\/buletin.de\\\/bucuresti\\\/wp-content\\\/uploads\\\/2025\\\/04\\\/ID183408_INQUAM_Photos_George_Calin-scaled.jpg\",\"datePublished\":\"2025-04-03T11:50:40+00:00\",\"description\":\"O consilier\u0103 PSD din Sectorul 4 ajunge secretar de stat la Ministerul Educa\u021biei. Irina Danielescu este o apropiat\u0103 a primarului B\u0103lu\u021b\u0103\",\"breadcrumb\":{\"@id\":\"https:\\\/\\\/buletin.de\\\/bucuresti\\\/o-consiliera-psd-din-sectorul-4-ajunge-secretar-de-stat-la-ministerul-educatiei-irina-danielescu-o-apropiata-a-primarului-baluta\\\/#breadcrumb\"},\"inLanguage\":\"en-GB\",\"potentialAction\":[{\"@type\":\"ReadAction\",\"target\":[\"https:\\\/\\\/buletin.de\\\/bucuresti\\\/o-consiliera-psd-din-sectorul-4-ajunge-secretar-de-stat-la-ministerul-educatiei-irina-danielescu-o-apropiata-a-primarului-baluta\\\/\"]}]},{\"@type\":\"ImageObject\",\"inLanguage\":\"en-GB\",\"@id\":\"https:\\\/\\\/buletin.de\\\/bucuresti\\\/o-consiliera-psd-din-sectorul-4-ajunge-secretar-de-stat-la-ministerul-educatiei-irina-danielescu-o-apropiata-a-primarului-baluta\\\/#primaryimage\",\"url\":\"https:\\\/\\\/buletin.de\\\/bucuresti\\\/wp-content\\\/uploads\\\/2025\\\/04\\\/ID183408_INQUAM_Photos_George_Calin-scaled.jpg\",\"contentUrl\":\"https:\\\/\\\/buletin.de\\\/bucuresti\\\/wp-content\\\/uploads\\\/2025\\\/04\\\/ID183408_INQUAM_Photos_George_Calin-scaled.jpg\",\"width\":2250,\"height\":1500,\"caption\":\"O consilier\u0103 PSD din Sectorul 4 ajunge secretar de stat la Ministerul Educa\u021biei. Foto: Inquam Photos \\\/ George Calin\"},{\"@type\":\"BreadcrumbList\",\"@id\":\"https:\\\/\\\/buletin.de\\\/bucuresti\\\/o-consiliera-psd-din-sectorul-4-ajunge-secretar-de-stat-la-ministerul-educatiei-irina-danielescu-o-apropiata-a-primarului-baluta\\\/#breadcrumb\",\"itemListElement\":[{\"@type\":\"ListItem\",\"position\":1,\"name\":\"Acas\u0103\",\"item\":\"https:\\\/\\\/buletin.de\\\/bucuresti\\\/\"},{\"@type\":\"ListItem\",\"position\":2,\"name\":\"O consilier\u0103 PSD din Sectorul 4 ajunge secretar de stat la Ministerul Educa\u021biei. Irina Danielescu, o apropiat\u0103 a primarului B\u0103lu\u021b\u0103\"}]},{\"@type\":\"WebSite\",\"@id\":\"https:\\\/\\\/buletin.de\\\/bucuresti\\\/#website\",\"url\":\"https:\\\/\\\/buletin.de\\\/bucuresti\\\/\",\"name\":\"Buletin de Bucure\u0219ti\",\"description\":\"\u0218tiri \u0219i investiga\u021bii esen\u021biale din capital\u0103\",\"publisher\":{\"@id\":\"https:\\\/\\\/buletin.de\\\/bucuresti\\\/#organization\"},\"potentialAction\":[{\"@type\":\"SearchAction\",\"target\":{\"@type\":\"EntryPoint\",\"urlTemplate\":\"https:\\\/\\\/buletin.de\\\/bucuresti\\\/?s={search_term_string}\"},\"query-input\":{\"@type\":\"PropertyValueSpecification\",\"valueRequired\":true,\"valueName\":\"search_term_string\"}}],\"inLanguage\":\"en-GB\"},{\"@type\":\"Organization\",\"@id\":\"https:\\\/\\\/buletin.de\\\/bucuresti\\\/#organization\",\"name\":\"Buletin de Bucure\u0219ti\",\"url\":\"https:\\\/\\\/buletin.de\\\/bucuresti\\\/\",\"logo\":{\"@type\":\"ImageObject\",\"inLanguage\":\"en-GB\",\"@id\":\"https:\\\/\\\/buletin.de\\\/bucuresti\\\/#\\\/schema\\\/logo\\\/image\\\/\",\"url\":\"https:\\\/\\\/buletin.de\\\/bucuresti\\\/wp-content\\\/uploads\\\/logo-bdb-full-wide-vernil-transparent.png\",\"contentUrl\":\"https:\\\/\\\/buletin.de\\\/bucuresti\\\/wp-content\\\/uploads\\\/logo-bdb-full-wide-vernil-transparent.png\",\"width\":1782,\"height\":626,\"caption\":\"Buletin de Bucure\u0219ti\"},\"image\":{\"@id\":\"https:\\\/\\\/buletin.de\\\/bucuresti\\\/#\\\/schema\\\/logo\\\/image\\\/\"},\"sameAs\":[\"https:\\\/\\\/www.facebook.com\\\/buletin.de.buc\",\"https:\\\/\\\/www.instagram.com\\\/buletinde.bucuresti\\\/\"]},{\"@type\":\"Person\",\"@id\":\"https:\\\/\\\/buletin.de\\\/bucuresti\\\/#\\\/schema\\\/person\\\/2bbcf854e5f2419a13804af574d06ab1\",\"name\":\"Redac\u021bia Buletin de Bucure\u0219ti\",\"image\":{\"@type\":\"ImageObject\",\"inLanguage\":\"en-GB\",\"@id\":\"https:\\\/\\\/secure.gravatar.com\\\/avatar\\\/18c5342381ed1a08620e6280424e3e5efc958618f5d67c522c9e44c1bc6f9226?s=96&d=monsterid&r=g60c7cd0ad92c68c049fcd4bb3504d609\",\"url\":\"https:\\\/\\\/secure.gravatar.com\\\/avatar\\\/18c5342381ed1a08620e6280424e3e5efc958618f5d67c522c9e44c1bc6f9226?s=96&d=monsterid&r=g\",\"contentUrl\":\"https:\\\/\\\/secure.gravatar.com\\\/avatar\\\/18c5342381ed1a08620e6280424e3e5efc958618f5d67c522c9e44c1bc6f9226?s=96&d=monsterid&r=g\",\"caption\":\"Redac\u021bia Buletin de Bucure\u0219ti\"},\"description\":\"Buletin de Bucure\u0219ti exist\u0103 din vara anului 2019.\",\"url\":\"https:\\\/\\\/buletin.de\\\/bucuresti\\\/author\\\/adminbuletin\\\/\"}]}<\/script>\n<!-- \/ Yoast SEO Premium plugin. -->","yoast_head_json":{"title":"O consilier\u0103 PSD din Sectorul 4 ajunge secretar de stat la Ministerul Educa\u021biei. Irina Danielescu, o apropiat\u0103 a primarului B\u0103lu\u021b\u0103 - Buletin de Bucure\u0219ti","description":"O consilier\u0103 PSD din Sectorul 4 ajunge secretar de stat la Ministerul Educa\u021biei. Irina Danielescu este o apropiat\u0103 a primarului B\u0103lu\u021b\u0103","robots":{"index":"index","follow":"follow","max-snippet":"max-snippet:-1","max-image-preview":"max-image-preview:large","max-video-preview":"max-video-preview:-1"},"canonical":"https:\/\/buletin.de\/bucuresti\/o-consiliera-psd-din-sectorul-4-ajunge-secretar-de-stat-la-ministerul-educatiei-irina-danielescu-o-apropiata-a-primarului-baluta\/","og_locale":"en_GB","og_type":"article","og_title":"O consilier\u0103 PSD din Sectorul 4 ajunge secretar de stat la Ministerul Educa\u021biei. Irina Danielescu, o apropiat\u0103 a primarului B\u0103lu\u021b\u0103","og_description":"O consilier\u0103 PSD din Sectorul 4 ajunge secretar de stat la Ministerul Educa\u021biei. Irina Danielescu este o apropiat\u0103 a primarului B\u0103lu\u021b\u0103","og_url":"https:\/\/buletin.de\/bucuresti\/o-consiliera-psd-din-sectorul-4-ajunge-secretar-de-stat-la-ministerul-educatiei-irina-danielescu-o-apropiata-a-primarului-baluta\/","og_site_name":"Buletin de Bucure\u0219ti","article_publisher":"https:\/\/www.facebook.com\/buletin.de.buc","article_published_time":"2025-04-03T11:50:40+00:00","og_image":[{"width":2560,"height":1707,"url":"https:\/\/buletin.de\/bucuresti\/wp-content\/uploads\/2025\/04\/ID183408_INQUAM_Photos_George_Calin-scaled.jpg","type":"image\/jpeg"}],"author":"Redac\u021bia Buletin de Bucure\u0219ti","twitter_card":"summary_large_image","twitter_misc":{"Written by":"Redac\u021bia Buletin de Bucure\u0219ti","Estimated reading time":"3 minutes"},"schema":{"@context":"https:\/\/schema.org","@graph":[{"@type":"Article","@id":"https:\/\/buletin.de\/bucuresti\/o-consiliera-psd-din-sectorul-4-ajunge-secretar-de-stat-la-ministerul-educatiei-irina-danielescu-o-apropiata-a-primarului-baluta\/#article","isPartOf":{"@id":"https:\/\/buletin.de\/bucuresti\/o-consiliera-psd-din-sectorul-4-ajunge-secretar-de-stat-la-ministerul-educatiei-irina-danielescu-o-apropiata-a-primarului-baluta\/"},"author":{"name":"Redac\u021bia Buletin de Bucure\u0219ti","@id":"https:\/\/buletin.de\/bucuresti\/#\/schema\/person\/2bbcf854e5f2419a13804af574d06ab1"},"headline":"O consilier\u0103 PSD din Sectorul 4 ajunge secretar de stat la Ministerul Educa\u021biei. Irina Danielescu, o apropiat\u0103 a primarului B\u0103lu\u021b\u0103","datePublished":"2025-04-03T11:50:40+00:00","mainEntityOfPage":{"@id":"https:\/\/buletin.de\/bucuresti\/o-consiliera-psd-din-sectorul-4-ajunge-secretar-de-stat-la-ministerul-educatiei-irina-danielescu-o-apropiata-a-primarului-baluta\/"},"wordCount":483,"publisher":{"@id":"https:\/\/buletin.de\/bucuresti\/#organization"},"image":{"@id":"https:\/\/buletin.de\/bucuresti\/o-consiliera-psd-din-sectorul-4-ajunge-secretar-de-stat-la-ministerul-educatiei-irina-danielescu-o-apropiata-a-primarului-baluta\/#primaryimage"},"thumbnailUrl":"https:\/\/buletin.de\/bucuresti\/wp-content\/uploads\/2025\/04\/ID183408_INQUAM_Photos_George_Calin-scaled.jpg","keywords":["bucuresti","Capitala","consilier local","consiliul local sector 4","daniel baluta","ismb","sectorul 4"],"articleSection":["Articole","Educa\u021bie","Main"],"inLanguage":"en-GB","copyrightYear":"2025","copyrightHolder":{"@id":"https:\/\/buletin.de\/bucuresti\/#organization"}},{"@type":"WebPage","@id":"https:\/\/buletin.de\/bucuresti\/o-consiliera-psd-din-sectorul-4-ajunge-secretar-de-stat-la-ministerul-educatiei-irina-danielescu-o-apropiata-a-primarului-baluta\/","url":"https:\/\/buletin.de\/bucuresti\/o-consiliera-psd-din-sectorul-4-ajunge-secretar-de-stat-la-ministerul-educatiei-irina-danielescu-o-apropiata-a-primarului-baluta\/","name":"O consilier\u0103 PSD din Sectorul 4 ajunge secretar de stat la Ministerul Educa\u021biei. Irina Danielescu, o apropiat\u0103 a primarului B\u0103lu\u021b\u0103 - Buletin de Bucure\u0219ti","isPartOf":{"@id":"https:\/\/buletin.de\/bucuresti\/#website"},"primaryImageOfPage":{"@id":"https:\/\/buletin.de\/bucuresti\/o-consiliera-psd-din-sectorul-4-ajunge-secretar-de-stat-la-ministerul-educatiei-irina-danielescu-o-apropiata-a-primarului-baluta\/#primaryimage"},"image":{"@id":"https:\/\/buletin.de\/bucuresti\/o-consiliera-psd-din-sectorul-4-ajunge-secretar-de-stat-la-ministerul-educatiei-irina-danielescu-o-apropiata-a-primarului-baluta\/#primaryimage"},"thumbnailUrl":"https:\/\/buletin.de\/bucuresti\/wp-content\/uploads\/2025\/04\/ID183408_INQUAM_Photos_George_Calin-scaled.jpg","datePublished":"2025-04-03T11:50:40+00:00","description":"O consilier\u0103 PSD din Sectorul 4 ajunge secretar de stat la Ministerul Educa\u021biei. Irina Danielescu este o apropiat\u0103 a primarului B\u0103lu\u021b\u0103","breadcrumb":{"@id":"https:\/\/buletin.de\/bucuresti\/o-consiliera-psd-din-sectorul-4-ajunge-secretar-de-stat-la-ministerul-educatiei-irina-danielescu-o-apropiata-a-primarului-baluta\/#breadcrumb"},"inLanguage":"en-GB","potentialAction":[{"@type":"ReadAction","target":["https:\/\/buletin.de\/bucuresti\/o-consiliera-psd-din-sectorul-4-ajunge-secretar-de-stat-la-ministerul-educatiei-irina-danielescu-o-apropiata-a-primarului-baluta\/"]}]},{"@type":"ImageObject","inLanguage":"en-GB","@id":"https:\/\/buletin.de\/bucuresti\/o-consiliera-psd-din-sectorul-4-ajunge-secretar-de-stat-la-ministerul-educatiei-irina-danielescu-o-apropiata-a-primarului-baluta\/#primaryimage","url":"https:\/\/buletin.de\/bucuresti\/wp-content\/uploads\/2025\/04\/ID183408_INQUAM_Photos_George_Calin-scaled.jpg","contentUrl":"https:\/\/buletin.de\/bucuresti\/wp-content\/uploads\/2025\/04\/ID183408_INQUAM_Photos_George_Calin-scaled.jpg","width":2250,"height":1500,"caption":"O consilier\u0103 PSD din Sectorul 4 ajunge secretar de stat la Ministerul Educa\u021biei. Foto: Inquam Photos \/ George Calin"},{"@type":"BreadcrumbList","@id":"https:\/\/buletin.de\/bucuresti\/o-consiliera-psd-din-sectorul-4-ajunge-secretar-de-stat-la-ministerul-educatiei-irina-danielescu-o-apropiata-a-primarului-baluta\/#breadcrumb","itemListElement":[{"@type":"ListItem","position":1,"name":"Acas\u0103","item":"https:\/\/buletin.de\/bucuresti\/"},{"@type":"ListItem","position":2,"name":"O consilier\u0103 PSD din Sectorul 4 ajunge secretar de stat la Ministerul Educa\u021biei. Irina Danielescu, o apropiat\u0103 a primarului B\u0103lu\u021b\u0103"}]},{"@type":"WebSite","@id":"https:\/\/buletin.de\/bucuresti\/#website","url":"https:\/\/buletin.de\/bucuresti\/","name":"Buletin de Bucure\u0219ti","description":"\u0218tiri \u0219i investiga\u021bii esen\u021biale din capital\u0103","publisher":{"@id":"https:\/\/buletin.de\/bucuresti\/#organization"},"potentialAction":[{"@type":"SearchAction","target":{"@type":"EntryPoint","urlTemplate":"https:\/\/buletin.de\/bucuresti\/?s={search_term_string}"},"query-input":{"@type":"PropertyValueSpecification","valueRequired":true,"valueName":"search_term_string"}}],"inLanguage":"en-GB"},{"@type":"Organization","@id":"https:\/\/buletin.de\/bucuresti\/#organization","name":"Buletin de Bucure\u0219ti","url":"https:\/\/buletin.de\/bucuresti\/","logo":{"@type":"ImageObject","inLanguage":"en-GB","@id":"https:\/\/buletin.de\/bucuresti\/#\/schema\/logo\/image\/","url":"https:\/\/buletin.de\/bucuresti\/wp-content\/uploads\/logo-bdb-full-wide-vernil-transparent.png","contentUrl":"https:\/\/buletin.de\/bucuresti\/wp-content\/uploads\/logo-bdb-full-wide-vernil-transparent.png","width":1782,"height":626,"caption":"Buletin de Bucure\u0219ti"},"image":{"@id":"https:\/\/buletin.de\/bucuresti\/#\/schema\/logo\/image\/"},"sameAs":["https:\/\/www.facebook.com\/buletin.de.buc","https:\/\/www.instagram.com\/buletinde.bucuresti\/"]},{"@type":"Person","@id":"https:\/\/buletin.de\/bucuresti\/#\/schema\/person\/2bbcf854e5f2419a13804af574d06ab1","name":"Redac\u021bia Buletin de Bucure\u0219ti","image":{"@type":"ImageObject","inLanguage":"en-GB","@id":"https:\/\/secure.gravatar.com\/avatar\/18c5342381ed1a08620e6280424e3e5efc958618f5d67c522c9e44c1bc6f9226?s=96&d=monsterid&r=g60c7cd0ad92c68c049fcd4bb3504d609","url":"https:\/\/secure.gravatar.com\/avatar\/18c5342381ed1a08620e6280424e3e5efc958618f5d67c522c9e44c1bc6f9226?s=96&d=monsterid&r=g","contentUrl":"https:\/\/secure.gravatar.com\/avatar\/18c5342381ed1a08620e6280424e3e5efc958618f5d67c522c9e44c1bc6f9226?s=96&d=monsterid&r=g","caption":"Redac\u021bia Buletin de Bucure\u0219ti"},"description":"Buletin de Bucure\u0219ti exist\u0103 din vara anului 2019.","url":"https:\/\/buletin.de\/bucuresti\/author\/adminbuletin\/"}]}},"authors":[{"term_id":22583,"user_id":1,"is_guest":0,"slug":"adminbuletin","display_name":"Redac\u021bia Buletin de Bucure\u0219ti","avatar_url":"https:\/\/secure.gravatar.com\/avatar\/18c5342381ed1a08620e6280424e3e5efc958618f5d67c522c9e44c1bc6f9226?s=96&d=monsterid&r=g","0":null,"1":"","2":"","3":"","4":"","5":"","6":"","7":"","8":""}],"_links":{"self":[{"href":"https:\/\/buletin.de\/bucuresti\/wp-json\/wp\/v2\/posts\/125087","targetHints":{"allow":["GET"]}}],"collection":[{"href":"https:\/\/buletin.de\/bucuresti\/wp-json\/wp\/v2\/posts"}],"about":[{"href":"https:\/\/buletin.de\/bucuresti\/wp-json\/wp\/v2\/types\/post"}],"author":[{"embeddable":true,"href":"https:\/\/buletin.de\/bucuresti\/wp-json\/wp\/v2\/users\/1"}],"replies":[{"embeddable":true,"href":"https:\/\/buletin.de\/bucuresti\/wp-json\/wp\/v2\/comments?post=125087"}],"version-history":[{"count":1,"href":"https:\/\/buletin.de\/bucuresti\/wp-json\/wp\/v2\/posts\/125087\/revisions"}],"predecessor-version":[{"id":125090,"href":"https:\/\/buletin.de\/bucuresti\/wp-json\/wp\/v2\/posts\/125087\/revisions\/125090"}],"wp:featuredmedia":[{"embeddable":true,"href":"https:\/\/buletin.de\/bucuresti\/wp-json\/wp\/v2\/media\/125088"}],"wp:attachment":[{"href":"https:\/\/buletin.de\/bucuresti\/wp-json\/wp\/v2\/media?parent=125087"}],"wp:term":[{"taxonomy":"category","embeddable":true,"href":"https:\/\/buletin.de\/bucuresti\/wp-json\/wp\/v2\/categories?post=125087"},{"taxonomy":"post_tag","embeddable":true,"href":"https:\/\/buletin.de\/bucuresti\/wp-json\/wp\/v2\/tags?post=125087"},{"taxonomy":"author","embeddable":true,"href":"https:\/\/buletin.de\/bucuresti\/wp-json\/wp\/v2\/ppma_author?post=125087"}],"curies":[{"name":"wp","href":"https:\/\/api.w.org\/{rel}","templated":true}]}}