{"id":125059,"date":"2025-04-03T09:54:46","date_gmt":"2025-04-03T06:54:46","guid":{"rendered":"https:\/\/buletin.de\/bucuresti\/?p=125059"},"modified":"2025-04-03T11:22:25","modified_gmt":"2025-04-03T08:22:25","slug":"continua-ploile-in-capitala","status":"publish","type":"post","link":"https:\/\/buletin.de\/bucuresti\/continua-ploile-in-capitala\/","title":{"rendered":"METEO | Temperaturi normale pentru aceast\u0103 dat\u0103, dar continu\u0103 ploile \u00een Capital\u0103, \u00een acest weekend. Duminic\u0103, vremea se r\u0103ce\u0219te"},"content":{"rendered":"\n<p><strong>Continu\u0103 ploile \u00een Capital\u0103, \u00een acest weekend. Administra\u021bia Na\u021bional\u0103 de Meteorologie anun\u021b\u0103 temperaturi maxime de p\u00e2n\u0103 la 17\u201118 grade.<\/strong><\/p>\n\n\n\n<p><strong>Vineri, 4 aprilie, <\/strong>valorile termice se men\u0163in apropiate de mediile specifice perioadei, dar continu\u0103 ploile in Capital\u0103. Vorbim de cer variabil, cu \u00eennor\u0103ri mai ales ziua, c\u00e2nd vor fi averse slabe. V\u00e2ntul sufl\u0103 slab, p\u00e2n\u0103 la moderat. Temperatura maxim\u0103 va fi de 17\u202618 grade, iar cea minim\u0103 de 6\u20268 grade.<\/p>\n\n\n\n<p><strong>S\u00e2mb\u0103t\u0103, 5 aprilie,<\/strong> vremea va deveni mai cald\u0103 dec\u00e2t \u00een mod normal, la aceast\u0103 dat\u0103. Cerul va fi variabil, cu \u00eennor\u0103ri temporare, iar dup\u0103-amiaza va cre\u0219te probabilitatea de averse \u00eenso\u021bite de desc\u0103rc\u0103ri electrice. V\u00e2ntul va sufla slab \u0219i moderat. Temperatura maxim\u0103 va fi de 19\u202620 de grade \u0219i cea minim\u0103 se va situa \u00een jurul a 7 grade.<\/p>\n\n\n\n<div class=\"wp-block-buttons is-content-justification-center is-layout-flex wp-container-core-buttons-is-layout-16018d1d wp-block-buttons-is-layout-flex\">\n<div class=\"wp-block-button has-custom-width wp-block-button__width-100\"><a class=\"wp-block-button__link wp-element-button\" href=\"https:\/\/www.patreon.com\/BuletinDeBucuresti\"><strong>Sus\u021bine Buletin de Bucure\u0219ti pentru investiga\u021bii, reportaje \u0219i \u0219tiri Locale<\/strong><\/a><\/div>\n<\/div>\n\n\n\n<p><strong>Duminic\u0103, 6 aprilie, <\/strong>vremea se va r\u0103ci semnificativ, astfel c\u0103 temperatura maxim\u0103 se va situa \u00een jurul valorii de 11 grade, iar cea minim\u0103 va fi de -2\u20260 grade. Cerul va avea \u00eennor\u0103ri \u0219i continu\u0103 ploile in Capital\u0103. V\u00e2ntul va sufla slab \u0219i moderat.<\/p>\n\n\n\n<p>S\u0103pt\u0103m\u00e2na viitoare, valorile termice vor fi \u00een cre\u0219tere u\u0219oar\u0103 de la o zi la alta, iar probabilitatea pentru precipita\u021bii va fi redus\u0103. Temperaturile maxime vor urca p\u00e2n\u0103 la 17-18 grade, potrivit <a href=\"https:\/\/www.meteoromania.ro\/\">ANM.<\/a><\/p>\n\n\n\n<p><strong>CITE\u0218TE \u0218I:<\/strong> <a href=\"https:\/\/buletin.de\/bucuresti\/traseu-modificat-pentru-liniile-429-432-si-433-autobuzele-vor-opri-pe-aleile-carrefour-militari\/\">Traseu modificat pentru liniile 429, 432 \u0219i 433. Autobuzele vor opri pe aleile Carrefour Militari<\/a><\/p>\n","protected":false},"excerpt":{"rendered":"<p>Continu\u0103 ploile \u00een Capital\u0103, \u00een acest weekend. Administra\u021bia Na\u021bional\u0103 de Meteorologie anun\u021b\u0103 temperaturi maxime de p\u00e2n\u0103 la 17\u201118 grade. Vineri, 4 aprilie, valorile termice se men\u0163in apropiate de mediile specifice perioadei, dar continu\u0103 ploile in Capital\u0103. Vorbim de cer variabil, cu \u00eennor\u0103ri mai ales ziua, c\u00e2nd vor fi averse slabe. V\u00e2ntul sufl\u0103 slab, p\u00e2n\u0103 la [&hellip;]<\/p>\n","protected":false},"author":49,"featured_media":57251,"comment_status":"closed","ping_status":"open","sticky":false,"template":"","format":"standard","meta":{"_acf_changed":false,"inline_featured_image":false,"ngg_post_thumbnail":0,"footnotes":""},"categories":[6994,5762],"tags":[4314,5928,10452],"ppma_author":[22574],"class_list":["post-125059","post","type-post","status-publish","format-standard","has-post-thumbnail","hentry","category-stiri-2","category-main","tag-anm","tag-anm-prognoza-meteo","tag-temperaturi-bucuresti"],"acf":[],"yoast_head":"<!-- This site is optimized with the Yoast SEO Premium plugin v25.3 (Yoast SEO v27.5) - https:\/\/yoast.com\/product\/yoast-seo-premium-wordpress\/ -->\n<title>METEO | Temperaturi normale pentru aceast\u0103 dat\u0103, dar continu\u0103 ploile \u00een Capital\u0103, \u00een acest weekend. Duminic\u0103, vremea se r\u0103ce\u0219te - Buletin de Bucure\u0219ti<\/title>\n<meta name=\"description\" content=\"Continu\u0103 ploile \u00een Capital\u0103, \u00een acest weekend. Administra\u021bia Na\u021bional\u0103 de Meteorologie anun\u021b\u0103 temperaturi maxime de p\u00e2n\u0103 la 17\u201118 grade.\" \/>\n<meta name=\"robots\" content=\"index, follow, max-snippet:-1, max-image-preview:large, max-video-preview:-1\" \/>\n<link rel=\"canonical\" href=\"https:\/\/buletin.de\/bucuresti\/continua-ploile-in-capitala\/\" \/>\n<meta property=\"og:locale\" content=\"en_GB\" \/>\n<meta property=\"og:type\" content=\"article\" \/>\n<meta property=\"og:title\" content=\"METEO | Temperaturi normale pentru aceast\u0103 dat\u0103, dar continu\u0103 ploile \u00een Capital\u0103, \u00een acest weekend. Duminic\u0103, vremea se r\u0103ce\u0219te\" \/>\n<meta property=\"og:description\" content=\"Continu\u0103 ploile \u00een Capital\u0103, \u00een acest weekend. Administra\u021bia Na\u021bional\u0103 de Meteorologie anun\u021b\u0103 temperaturi maxime de p\u00e2n\u0103 la 17\u201118 grade.\" \/>\n<meta property=\"og:url\" content=\"https:\/\/buletin.de\/bucuresti\/continua-ploile-in-capitala\/\" \/>\n<meta property=\"og:site_name\" content=\"Buletin de Bucure\u0219ti\" \/>\n<meta property=\"article:publisher\" content=\"https:\/\/www.facebook.com\/buletin.de.buc\" \/>\n<meta property=\"article:published_time\" content=\"2025-04-03T06:54:46+00:00\" \/>\n<meta property=\"article:modified_time\" content=\"2025-04-03T08:22:25+00:00\" \/>\n<meta property=\"og:image\" content=\"https:\/\/buletin.de\/bucuresti\/wp-content\/uploads\/Curiozitati-despre-ploaie.jpg\" \/>\n\t<meta property=\"og:image:width\" content=\"2000\" \/>\n\t<meta property=\"og:image:height\" content=\"1334\" \/>\n\t<meta property=\"og:image:type\" content=\"image\/jpeg\" \/>\n<meta name=\"author\" content=\"Diana Matei\" \/>\n<meta name=\"twitter:card\" content=\"summary_large_image\" \/>\n<meta name=\"twitter:label1\" content=\"Written by\" \/>\n\t<meta name=\"twitter:data1\" content=\"Diana Matei\" \/>\n\t<meta name=\"twitter:label2\" content=\"Estimated reading time\" \/>\n\t<meta name=\"twitter:data2\" content=\"2 minutes\" \/>\n<script type=\"application\/ld+json\" class=\"yoast-schema-graph\">{\"@context\":\"https:\\\/\\\/schema.org\",\"@graph\":[{\"@type\":\"Article\",\"@id\":\"https:\\\/\\\/buletin.de\\\/bucuresti\\\/continua-ploile-in-capitala\\\/#article\",\"isPartOf\":{\"@id\":\"https:\\\/\\\/buletin.de\\\/bucuresti\\\/continua-ploile-in-capitala\\\/\"},\"author\":{\"name\":\"Diana Matei\",\"@id\":\"https:\\\/\\\/buletin.de\\\/bucuresti\\\/#\\\/schema\\\/person\\\/7e46040573290777280a0835d81ea4ea\"},\"headline\":\"METEO | Temperaturi normale pentru aceast\u0103 dat\u0103, dar continu\u0103 ploile \u00een Capital\u0103, \u00een acest weekend. Duminic\u0103, vremea se r\u0103ce\u0219te\",\"datePublished\":\"2025-04-03T06:54:46+00:00\",\"dateModified\":\"2025-04-03T08:22:25+00:00\",\"mainEntityOfPage\":{\"@id\":\"https:\\\/\\\/buletin.de\\\/bucuresti\\\/continua-ploile-in-capitala\\\/\"},\"wordCount\":270,\"publisher\":{\"@id\":\"https:\\\/\\\/buletin.de\\\/bucuresti\\\/#organization\"},\"image\":{\"@id\":\"https:\\\/\\\/buletin.de\\\/bucuresti\\\/continua-ploile-in-capitala\\\/#primaryimage\"},\"thumbnailUrl\":\"https:\\\/\\\/buletin.de\\\/bucuresti\\\/wp-content\\\/uploads\\\/Curiozitati-despre-ploaie.jpg\",\"keywords\":[\"anm\",\"anm prognoza meteo\",\"temperaturi Bucuresti\"],\"articleSection\":[\"Articole\",\"Main\"],\"inLanguage\":\"en-GB\",\"copyrightYear\":\"2025\",\"copyrightHolder\":{\"@id\":\"https:\\\/\\\/buletin.de\\\/bucuresti\\\/#organization\"}},{\"@type\":\"WebPage\",\"@id\":\"https:\\\/\\\/buletin.de\\\/bucuresti\\\/continua-ploile-in-capitala\\\/\",\"url\":\"https:\\\/\\\/buletin.de\\\/bucuresti\\\/continua-ploile-in-capitala\\\/\",\"name\":\"METEO | Temperaturi normale pentru aceast\u0103 dat\u0103, dar continu\u0103 ploile \u00een Capital\u0103, \u00een acest weekend. Duminic\u0103, vremea se r\u0103ce\u0219te - Buletin de Bucure\u0219ti\",\"isPartOf\":{\"@id\":\"https:\\\/\\\/buletin.de\\\/bucuresti\\\/#website\"},\"primaryImageOfPage\":{\"@id\":\"https:\\\/\\\/buletin.de\\\/bucuresti\\\/continua-ploile-in-capitala\\\/#primaryimage\"},\"image\":{\"@id\":\"https:\\\/\\\/buletin.de\\\/bucuresti\\\/continua-ploile-in-capitala\\\/#primaryimage\"},\"thumbnailUrl\":\"https:\\\/\\\/buletin.de\\\/bucuresti\\\/wp-content\\\/uploads\\\/Curiozitati-despre-ploaie.jpg\",\"datePublished\":\"2025-04-03T06:54:46+00:00\",\"dateModified\":\"2025-04-03T08:22:25+00:00\",\"description\":\"Continu\u0103 ploile \u00een Capital\u0103, \u00een acest weekend. Administra\u021bia Na\u021bional\u0103 de Meteorologie anun\u021b\u0103 temperaturi maxime de p\u00e2n\u0103 la 17\u201118 grade.\",\"breadcrumb\":{\"@id\":\"https:\\\/\\\/buletin.de\\\/bucuresti\\\/continua-ploile-in-capitala\\\/#breadcrumb\"},\"inLanguage\":\"en-GB\",\"potentialAction\":[{\"@type\":\"ReadAction\",\"target\":[\"https:\\\/\\\/buletin.de\\\/bucuresti\\\/continua-ploile-in-capitala\\\/\"]}]},{\"@type\":\"ImageObject\",\"inLanguage\":\"en-GB\",\"@id\":\"https:\\\/\\\/buletin.de\\\/bucuresti\\\/continua-ploile-in-capitala\\\/#primaryimage\",\"url\":\"https:\\\/\\\/buletin.de\\\/bucuresti\\\/wp-content\\\/uploads\\\/Curiozitati-despre-ploaie.jpg\",\"contentUrl\":\"https:\\\/\\\/buletin.de\\\/bucuresti\\\/wp-content\\\/uploads\\\/Curiozitati-despre-ploaie.jpg\",\"width\":2000,\"height\":1334,\"caption\":\"Vreme ploioas\u0103, \u00een Capital\u0103, \u00een weekend. Temperaturile se p\u0103streaz\u0103 ridicat\u0103. FOTO: Arhiv\u0103\"},{\"@type\":\"BreadcrumbList\",\"@id\":\"https:\\\/\\\/buletin.de\\\/bucuresti\\\/continua-ploile-in-capitala\\\/#breadcrumb\",\"itemListElement\":[{\"@type\":\"ListItem\",\"position\":1,\"name\":\"Acas\u0103\",\"item\":\"https:\\\/\\\/buletin.de\\\/bucuresti\\\/\"},{\"@type\":\"ListItem\",\"position\":2,\"name\":\"METEO | Temperaturi normale pentru aceast\u0103 dat\u0103, dar continu\u0103 ploile \u00een Capital\u0103, \u00een acest weekend. Duminic\u0103, vremea se r\u0103ce\u0219te\"}]},{\"@type\":\"WebSite\",\"@id\":\"https:\\\/\\\/buletin.de\\\/bucuresti\\\/#website\",\"url\":\"https:\\\/\\\/buletin.de\\\/bucuresti\\\/\",\"name\":\"Buletin de Bucure\u0219ti\",\"description\":\"\u0218tiri \u0219i investiga\u021bii esen\u021biale din capital\u0103\",\"publisher\":{\"@id\":\"https:\\\/\\\/buletin.de\\\/bucuresti\\\/#organization\"},\"potentialAction\":[{\"@type\":\"SearchAction\",\"target\":{\"@type\":\"EntryPoint\",\"urlTemplate\":\"https:\\\/\\\/buletin.de\\\/bucuresti\\\/?s={search_term_string}\"},\"query-input\":{\"@type\":\"PropertyValueSpecification\",\"valueRequired\":true,\"valueName\":\"search_term_string\"}}],\"inLanguage\":\"en-GB\"},{\"@type\":\"Organization\",\"@id\":\"https:\\\/\\\/buletin.de\\\/bucuresti\\\/#organization\",\"name\":\"Buletin de Bucure\u0219ti\",\"url\":\"https:\\\/\\\/buletin.de\\\/bucuresti\\\/\",\"logo\":{\"@type\":\"ImageObject\",\"inLanguage\":\"en-GB\",\"@id\":\"https:\\\/\\\/buletin.de\\\/bucuresti\\\/#\\\/schema\\\/logo\\\/image\\\/\",\"url\":\"https:\\\/\\\/buletin.de\\\/bucuresti\\\/wp-content\\\/uploads\\\/logo-bdb-full-wide-vernil-transparent.png\",\"contentUrl\":\"https:\\\/\\\/buletin.de\\\/bucuresti\\\/wp-content\\\/uploads\\\/logo-bdb-full-wide-vernil-transparent.png\",\"width\":1782,\"height\":626,\"caption\":\"Buletin de Bucure\u0219ti\"},\"image\":{\"@id\":\"https:\\\/\\\/buletin.de\\\/bucuresti\\\/#\\\/schema\\\/logo\\\/image\\\/\"},\"sameAs\":[\"https:\\\/\\\/www.facebook.com\\\/buletin.de.buc\",\"https:\\\/\\\/www.instagram.com\\\/buletinde.bucuresti\\\/\"]},{\"@type\":\"Person\",\"@id\":\"https:\\\/\\\/buletin.de\\\/bucuresti\\\/#\\\/schema\\\/person\\\/7e46040573290777280a0835d81ea4ea\",\"name\":\"Diana Matei\",\"image\":{\"@type\":\"ImageObject\",\"inLanguage\":\"en-GB\",\"@id\":\"https:\\\/\\\/buletin.de\\\/bucuresti\\\/wp-content\\\/uploads\\\/9-2-96x96.jpg1e8590b30871d70e62ebcdaf2eff570c\",\"url\":\"https:\\\/\\\/buletin.de\\\/bucuresti\\\/wp-content\\\/uploads\\\/9-2-96x96.jpg\",\"contentUrl\":\"https:\\\/\\\/buletin.de\\\/bucuresti\\\/wp-content\\\/uploads\\\/9-2-96x96.jpg\",\"caption\":\"Diana Matei\"},\"url\":\"https:\\\/\\\/buletin.de\\\/bucuresti\\\/author\\\/dianamatei\\\/\"}]}<\/script>\n<!-- \/ Yoast SEO Premium plugin. -->","yoast_head_json":{"title":"METEO | Temperaturi normale pentru aceast\u0103 dat\u0103, dar continu\u0103 ploile \u00een Capital\u0103, \u00een acest weekend. Duminic\u0103, vremea se r\u0103ce\u0219te - Buletin de Bucure\u0219ti","description":"Continu\u0103 ploile \u00een Capital\u0103, \u00een acest weekend. Administra\u021bia Na\u021bional\u0103 de Meteorologie anun\u021b\u0103 temperaturi maxime de p\u00e2n\u0103 la 17\u201118 grade.","robots":{"index":"index","follow":"follow","max-snippet":"max-snippet:-1","max-image-preview":"max-image-preview:large","max-video-preview":"max-video-preview:-1"},"canonical":"https:\/\/buletin.de\/bucuresti\/continua-ploile-in-capitala\/","og_locale":"en_GB","og_type":"article","og_title":"METEO | Temperaturi normale pentru aceast\u0103 dat\u0103, dar continu\u0103 ploile \u00een Capital\u0103, \u00een acest weekend. Duminic\u0103, vremea se r\u0103ce\u0219te","og_description":"Continu\u0103 ploile \u00een Capital\u0103, \u00een acest weekend. Administra\u021bia Na\u021bional\u0103 de Meteorologie anun\u021b\u0103 temperaturi maxime de p\u00e2n\u0103 la 17\u201118 grade.","og_url":"https:\/\/buletin.de\/bucuresti\/continua-ploile-in-capitala\/","og_site_name":"Buletin de Bucure\u0219ti","article_publisher":"https:\/\/www.facebook.com\/buletin.de.buc","article_published_time":"2025-04-03T06:54:46+00:00","article_modified_time":"2025-04-03T08:22:25+00:00","og_image":[{"width":2000,"height":1334,"url":"https:\/\/buletin.de\/bucuresti\/wp-content\/uploads\/Curiozitati-despre-ploaie.jpg","type":"image\/jpeg"}],"author":"Diana Matei","twitter_card":"summary_large_image","twitter_misc":{"Written by":"Diana Matei","Estimated reading time":"2 minutes"},"schema":{"@context":"https:\/\/schema.org","@graph":[{"@type":"Article","@id":"https:\/\/buletin.de\/bucuresti\/continua-ploile-in-capitala\/#article","isPartOf":{"@id":"https:\/\/buletin.de\/bucuresti\/continua-ploile-in-capitala\/"},"author":{"name":"Diana Matei","@id":"https:\/\/buletin.de\/bucuresti\/#\/schema\/person\/7e46040573290777280a0835d81ea4ea"},"headline":"METEO | Temperaturi normale pentru aceast\u0103 dat\u0103, dar continu\u0103 ploile \u00een Capital\u0103, \u00een acest weekend. Duminic\u0103, vremea se r\u0103ce\u0219te","datePublished":"2025-04-03T06:54:46+00:00","dateModified":"2025-04-03T08:22:25+00:00","mainEntityOfPage":{"@id":"https:\/\/buletin.de\/bucuresti\/continua-ploile-in-capitala\/"},"wordCount":270,"publisher":{"@id":"https:\/\/buletin.de\/bucuresti\/#organization"},"image":{"@id":"https:\/\/buletin.de\/bucuresti\/continua-ploile-in-capitala\/#primaryimage"},"thumbnailUrl":"https:\/\/buletin.de\/bucuresti\/wp-content\/uploads\/Curiozitati-despre-ploaie.jpg","keywords":["anm","anm prognoza meteo","temperaturi Bucuresti"],"articleSection":["Articole","Main"],"inLanguage":"en-GB","copyrightYear":"2025","copyrightHolder":{"@id":"https:\/\/buletin.de\/bucuresti\/#organization"}},{"@type":"WebPage","@id":"https:\/\/buletin.de\/bucuresti\/continua-ploile-in-capitala\/","url":"https:\/\/buletin.de\/bucuresti\/continua-ploile-in-capitala\/","name":"METEO | Temperaturi normale pentru aceast\u0103 dat\u0103, dar continu\u0103 ploile \u00een Capital\u0103, \u00een acest weekend. Duminic\u0103, vremea se r\u0103ce\u0219te - Buletin de Bucure\u0219ti","isPartOf":{"@id":"https:\/\/buletin.de\/bucuresti\/#website"},"primaryImageOfPage":{"@id":"https:\/\/buletin.de\/bucuresti\/continua-ploile-in-capitala\/#primaryimage"},"image":{"@id":"https:\/\/buletin.de\/bucuresti\/continua-ploile-in-capitala\/#primaryimage"},"thumbnailUrl":"https:\/\/buletin.de\/bucuresti\/wp-content\/uploads\/Curiozitati-despre-ploaie.jpg","datePublished":"2025-04-03T06:54:46+00:00","dateModified":"2025-04-03T08:22:25+00:00","description":"Continu\u0103 ploile \u00een Capital\u0103, \u00een acest weekend. Administra\u021bia Na\u021bional\u0103 de Meteorologie anun\u021b\u0103 temperaturi maxime de p\u00e2n\u0103 la 17\u201118 grade.","breadcrumb":{"@id":"https:\/\/buletin.de\/bucuresti\/continua-ploile-in-capitala\/#breadcrumb"},"inLanguage":"en-GB","potentialAction":[{"@type":"ReadAction","target":["https:\/\/buletin.de\/bucuresti\/continua-ploile-in-capitala\/"]}]},{"@type":"ImageObject","inLanguage":"en-GB","@id":"https:\/\/buletin.de\/bucuresti\/continua-ploile-in-capitala\/#primaryimage","url":"https:\/\/buletin.de\/bucuresti\/wp-content\/uploads\/Curiozitati-despre-ploaie.jpg","contentUrl":"https:\/\/buletin.de\/bucuresti\/wp-content\/uploads\/Curiozitati-despre-ploaie.jpg","width":2000,"height":1334,"caption":"Vreme ploioas\u0103, \u00een Capital\u0103, \u00een weekend. Temperaturile se p\u0103streaz\u0103 ridicat\u0103. FOTO: Arhiv\u0103"},{"@type":"BreadcrumbList","@id":"https:\/\/buletin.de\/bucuresti\/continua-ploile-in-capitala\/#breadcrumb","itemListElement":[{"@type":"ListItem","position":1,"name":"Acas\u0103","item":"https:\/\/buletin.de\/bucuresti\/"},{"@type":"ListItem","position":2,"name":"METEO | Temperaturi normale pentru aceast\u0103 dat\u0103, dar continu\u0103 ploile \u00een Capital\u0103, \u00een acest weekend. Duminic\u0103, vremea se r\u0103ce\u0219te"}]},{"@type":"WebSite","@id":"https:\/\/buletin.de\/bucuresti\/#website","url":"https:\/\/buletin.de\/bucuresti\/","name":"Buletin de Bucure\u0219ti","description":"\u0218tiri \u0219i investiga\u021bii esen\u021biale din capital\u0103","publisher":{"@id":"https:\/\/buletin.de\/bucuresti\/#organization"},"potentialAction":[{"@type":"SearchAction","target":{"@type":"EntryPoint","urlTemplate":"https:\/\/buletin.de\/bucuresti\/?s={search_term_string}"},"query-input":{"@type":"PropertyValueSpecification","valueRequired":true,"valueName":"search_term_string"}}],"inLanguage":"en-GB"},{"@type":"Organization","@id":"https:\/\/buletin.de\/bucuresti\/#organization","name":"Buletin de Bucure\u0219ti","url":"https:\/\/buletin.de\/bucuresti\/","logo":{"@type":"ImageObject","inLanguage":"en-GB","@id":"https:\/\/buletin.de\/bucuresti\/#\/schema\/logo\/image\/","url":"https:\/\/buletin.de\/bucuresti\/wp-content\/uploads\/logo-bdb-full-wide-vernil-transparent.png","contentUrl":"https:\/\/buletin.de\/bucuresti\/wp-content\/uploads\/logo-bdb-full-wide-vernil-transparent.png","width":1782,"height":626,"caption":"Buletin de Bucure\u0219ti"},"image":{"@id":"https:\/\/buletin.de\/bucuresti\/#\/schema\/logo\/image\/"},"sameAs":["https:\/\/www.facebook.com\/buletin.de.buc","https:\/\/www.instagram.com\/buletinde.bucuresti\/"]},{"@type":"Person","@id":"https:\/\/buletin.de\/bucuresti\/#\/schema\/person\/7e46040573290777280a0835d81ea4ea","name":"Diana Matei","image":{"@type":"ImageObject","inLanguage":"en-GB","@id":"https:\/\/buletin.de\/bucuresti\/wp-content\/uploads\/9-2-96x96.jpg1e8590b30871d70e62ebcdaf2eff570c","url":"https:\/\/buletin.de\/bucuresti\/wp-content\/uploads\/9-2-96x96.jpg","contentUrl":"https:\/\/buletin.de\/bucuresti\/wp-content\/uploads\/9-2-96x96.jpg","caption":"Diana Matei"},"url":"https:\/\/buletin.de\/bucuresti\/author\/dianamatei\/"}]}},"authors":[{"term_id":22574,"user_id":49,"is_guest":0,"slug":"dianamatei","display_name":"Diana Matei","avatar_url":"https:\/\/buletin.de\/bucuresti\/wp-content\/uploads\/9-2-96x96.jpg","0":null,"1":"","2":"","3":"","4":"","5":"","6":"","7":"","8":""}],"_links":{"self":[{"href":"https:\/\/buletin.de\/bucuresti\/wp-json\/wp\/v2\/posts\/125059","targetHints":{"allow":["GET"]}}],"collection":[{"href":"https:\/\/buletin.de\/bucuresti\/wp-json\/wp\/v2\/posts"}],"about":[{"href":"https:\/\/buletin.de\/bucuresti\/wp-json\/wp\/v2\/types\/post"}],"author":[{"embeddable":true,"href":"https:\/\/buletin.de\/bucuresti\/wp-json\/wp\/v2\/users\/49"}],"replies":[{"embeddable":true,"href":"https:\/\/buletin.de\/bucuresti\/wp-json\/wp\/v2\/comments?post=125059"}],"version-history":[{"count":3,"href":"https:\/\/buletin.de\/bucuresti\/wp-json\/wp\/v2\/posts\/125059\/revisions"}],"predecessor-version":[{"id":125064,"href":"https:\/\/buletin.de\/bucuresti\/wp-json\/wp\/v2\/posts\/125059\/revisions\/125064"}],"wp:featuredmedia":[{"embeddable":true,"href":"https:\/\/buletin.de\/bucuresti\/wp-json\/wp\/v2\/media\/57251"}],"wp:attachment":[{"href":"https:\/\/buletin.de\/bucuresti\/wp-json\/wp\/v2\/media?parent=125059"}],"wp:term":[{"taxonomy":"category","embeddable":true,"href":"https:\/\/buletin.de\/bucuresti\/wp-json\/wp\/v2\/categories?post=125059"},{"taxonomy":"post_tag","embeddable":true,"href":"https:\/\/buletin.de\/bucuresti\/wp-json\/wp\/v2\/tags?post=125059"},{"taxonomy":"author","embeddable":true,"href":"https:\/\/buletin.de\/bucuresti\/wp-json\/wp\/v2\/ppma_author?post=125059"}],"curies":[{"name":"wp","href":"https:\/\/api.w.org\/{rel}","templated":true}]}}