{"id":124964,"date":"2025-04-02T11:39:43","date_gmt":"2025-04-02T08:39:43","guid":{"rendered":"https:\/\/buletin.de\/bucuresti\/?p=124964"},"modified":"2025-04-02T15:47:10","modified_gmt":"2025-04-02T12:47:10","slug":"inca-un-tramvai-deraiat-de-data-aceasta-in-zona-morarilor-trafic-blocat-vreme-de-o-ora","status":"publish","type":"post","link":"https:\/\/buletin.de\/bucuresti\/inca-un-tramvai-deraiat-de-data-aceasta-in-zona-morarilor-trafic-blocat-vreme-de-o-ora\/","title":{"rendered":"\u00cenc\u0103 un tramvai deraiat, de data aceasta \u00een zona Morarilor. Trafic blocat vreme de o or\u0103"},"content":{"rendered":"\n<p><strong>Traficul a fost blocat miercuri diminea\u021b\u0103, timp de o or\u0103, \u00een zona Morarilor dup\u0103 ce un tramvai a deraiat pe liniile 36 \u0219i 40, a anun\u021bat STB. Compania a precizat c\u0103 tramvaiul a deraiat din cauza unui incident tehnic, iar circula\u021bia a fost reluat\u0103 \u00een jurul orei 09:20.<\/strong><\/p>\n\n\n\n<p><a href=\"https:\/\/www.facebook.com\/reel\/1670191797194544\">Incidentul<\/a> a avut loc \u00een intersec\u021bia dintre \u0218oseaua Morarilor \u0219i Bulevardul Basarabia, pe sensul spre Bulevardul Lacul Tei.<\/p>\n\n\n\n<figure class=\"wp-block-gallery has-nested-images columns-default is-cropped wp-block-gallery-1 is-layout-flex wp-block-gallery-is-layout-flex\">\n<figure class=\"wp-block-image size-full\"><a href=\"https:\/\/buletin.de\/bucuresti\/wp-content\/uploads\/2025\/04\/tramvai-deraiat-2.jpeg\"><img fetchpriority=\"high\" decoding=\"async\" width=\"1600\" height=\"1200\" data-id=\"124966\" src=\"data:image\/gif;base64,R0lGODlhAQABAAAAACH5BAEKAAEALAAAAAABAAEAAAICTAEAOw==\" data-src=\"https:\/\/buletin.de\/bucuresti\/wp-content\/uploads\/2025\/04\/tramvai-deraiat-2.jpeg\" alt=\"\u00cenc\u0103 un tramvai deraiat\" class=\"wp-image-124966 lazyload\" data-sizes=\"auto\" data-srcset=\"https:\/\/buletin.de\/bucuresti\/wp-content\/uploads\/2025\/04\/tramvai-deraiat-2.jpeg 1600w, https:\/\/buletin.de\/bucuresti\/wp-content\/uploads\/2025\/04\/tramvai-deraiat-2-300x225.jpeg 300w, https:\/\/buletin.de\/bucuresti\/wp-content\/uploads\/2025\/04\/tramvai-deraiat-2-1000x750.jpeg 1000w, https:\/\/buletin.de\/bucuresti\/wp-content\/uploads\/2025\/04\/tramvai-deraiat-2-768x576.jpeg 768w, https:\/\/buletin.de\/bucuresti\/wp-content\/uploads\/2025\/04\/tramvai-deraiat-2-1536x1152.jpeg 1536w, https:\/\/buletin.de\/bucuresti\/wp-content\/uploads\/2025\/04\/tramvai-deraiat-2-1100x825.jpeg 1100w, https:\/\/buletin.de\/bucuresti\/wp-content\/uploads\/2025\/04\/tramvai-deraiat-2-600x450.jpeg 600w, https:\/\/buletin.de\/bucuresti\/wp-content\/uploads\/2025\/04\/tramvai-deraiat-2-20x15.jpeg 20w\" sizes=\"(max-width: 1600px) 100vw, 1600px\" \/><\/a><\/figure>\n\n\n\n<figure class=\"wp-block-image size-full\"><a href=\"https:\/\/buletin.de\/bucuresti\/wp-content\/uploads\/2025\/04\/tram-deraiat.jpeg\"><img decoding=\"async\" width=\"1600\" height=\"1200\" data-id=\"124967\" src=\"data:image\/gif;base64,R0lGODlhAQABAAAAACH5BAEKAAEALAAAAAABAAEAAAICTAEAOw==\" data-src=\"https:\/\/buletin.de\/bucuresti\/wp-content\/uploads\/2025\/04\/tram-deraiat.jpeg\" alt=\"\" class=\"wp-image-124967 lazyload\" data-sizes=\"auto\" data-srcset=\"https:\/\/buletin.de\/bucuresti\/wp-content\/uploads\/2025\/04\/tram-deraiat.jpeg 1600w, https:\/\/buletin.de\/bucuresti\/wp-content\/uploads\/2025\/04\/tram-deraiat-300x225.jpeg 300w, https:\/\/buletin.de\/bucuresti\/wp-content\/uploads\/2025\/04\/tram-deraiat-1000x750.jpeg 1000w, https:\/\/buletin.de\/bucuresti\/wp-content\/uploads\/2025\/04\/tram-deraiat-768x576.jpeg 768w, https:\/\/buletin.de\/bucuresti\/wp-content\/uploads\/2025\/04\/tram-deraiat-1536x1152.jpeg 1536w, https:\/\/buletin.de\/bucuresti\/wp-content\/uploads\/2025\/04\/tram-deraiat-1100x825.jpeg 1100w, https:\/\/buletin.de\/bucuresti\/wp-content\/uploads\/2025\/04\/tram-deraiat-600x450.jpeg 600w, https:\/\/buletin.de\/bucuresti\/wp-content\/uploads\/2025\/04\/tram-deraiat-20x15.jpeg 20w\" sizes=\"(max-width: 1600px) 100vw, 1600px\" \/><\/a><\/figure>\n<figcaption class=\"blocks-gallery-caption wp-element-caption\">Tramvai deraiat pe linia 36 din zona Morarilor. Foto: Ion Costache, via Info Trafic Rutier &#8211; Bucuresti si Ilfov \/ Accidente \/ Filmari \/ Radare<\/figcaption><\/figure>\n\n\n\n<figure class=\"wp-block-image size-full\"><img decoding=\"async\" width=\"472\" height=\"641\" src=\"data:image\/gif;base64,R0lGODlhAQABAAAAACH5BAEKAAEALAAAAAABAAEAAAICTAEAOw==\" data-src=\"https:\/\/buletin.de\/bucuresti\/wp-content\/uploads\/2025\/04\/WhatsApp-Image-2025-04-02-at-11.09.40-edited.jpeg\" alt=\"\" class=\"wp-image-124976 lazyload\" data-sizes=\"auto\" data-srcset=\"https:\/\/buletin.de\/bucuresti\/wp-content\/uploads\/2025\/04\/WhatsApp-Image-2025-04-02-at-11.09.40-edited.jpeg 472w, https:\/\/buletin.de\/bucuresti\/wp-content\/uploads\/2025\/04\/WhatsApp-Image-2025-04-02-at-11.09.40-edited-221x300.jpeg 221w, https:\/\/buletin.de\/bucuresti\/wp-content\/uploads\/2025\/04\/WhatsApp-Image-2025-04-02-at-11.09.40-edited-20x27.jpeg 20w\" sizes=\"(max-width: 472px) 100vw, 472px\" \/><figcaption class=\"wp-element-caption\">Un alt tramvai a deraiat, \u00een zona Morarilor. Foto: George St\u0103nicioiu, via Infotrafic Bucure\u015fti \u015fi Ilfov<\/figcaption><\/figure>\n\n\n\n<p>Ieri, un alt tramvai a deraiat, tot \u00een zona Pantelimon.<\/p>\n\n\n\n<div class=\"wp-block-buttons is-content-justification-center is-layout-flex wp-container-core-buttons-is-layout-16018d1d wp-block-buttons-is-layout-flex\">\n<div class=\"wp-block-button has-custom-width wp-block-button__width-100\"><a class=\"wp-block-button__link wp-element-button\" href=\"https:\/\/www.patreon.com\/BuletinDeBucuresti\"><strong>Sus\u021bine Buletin de Bucure\u0219ti pentru investiga\u021bii, reportaje \u0219i \u0219tiri Locale<\/strong><\/a><\/div>\n<\/div>\n\n\n\n<p><strong>CITE\u0218TE \u0218I: <a href=\"https:\/\/buletin.de\/bucuresti\/foto-inca-un-tramvai-a-deraiat-in-bucuresti-probleme-pe-calea-de-rulare\/\">FOTO | \u00cenc\u0103 un tramvai a deraiat \u00een Bucure\u0219ti. Probleme pe calea de rulare<\/a><\/strong><\/p>\n\n\n\n<h2 class=\"wp-block-heading\" id=\"h-inca-un-tramvai-deraiat-in-bucure\u0219ti\">\u00cenc\u0103 un tramvai deraiat \u00een Bucure\u0219ti<\/h2>\n\n\n\n<p>Un tramvai de pe liniile 14 \u0219i 36 a deraiat mar\u021bi diminea\u021b\u0103, pe \u0219oseaua Pantelimon. Circula\u021bia a fost blocat\u0103 aproximativ o or\u0103, p\u00e2n\u0103 c\u00e2nd mijlocul de transport \u00een comun a fost repus pe \u0219ine.<\/p>\n\n\n\n<p>\u201eLiniile 14 si 36 \u2013 blocate pe \u0218oseaua Pantelimon, \u00een sta\u021bia Baicului, pe sensul spre Bulevardul Lacul Tei. Cauza: incident tehnic. Deviere\u201d, a anun\u021bat diminea\u021b\u0103 STB.<\/p>\n\n\n\n<p>Tramvaiul de tip vechi, V3A, a s\u0103rit de pe \u0219ine cu partea din fa\u021b\u0103. Cauza incidentului a fost un \u201ecorp dur pe calea de rulare\u201d.<\/p>\n\n\n\n<p>De altfel, mar\u021bi a fost o zi a incidentelor pe liniile de tramvai. Un accident a avut loc \u00een intersec\u021bia dintre Bulevardul Uverturii \u0219i Strada Virtu\u021bii din Cartierul Miliari, c\u00e2nd, \u00een jurul orei 7:10, un autoturism a intrat \u00een coliziune cu un tramvai al liniei 41, care se deplasa spre Pia\u021ba Presei Libere.<\/p>\n\n\n\n<p>Cel mai probabil, \u0219oferul autoturismului nu s-a asigurat la schimbarea direc\u021biei de mers.<\/p>\n\n\n\n<p>STB se confrunt\u0103 cu numeroase deraieri de tramvaie \u00een Bucure\u0219ti. Circula\u021bia tramvaielor \u00een Bucure\u0219ti a mai fost afectat\u0103 pe\u00a0<strong>7 februarie<\/strong>, dup\u0103 ce un tramvai\u00a0<a href=\"https:\/\/www.digi24.ro\/stiri\/economie\/transporturi\/tramvai-deraiat-pe-bulevardul-teodor-pallady-in-capitala-circulatia-pe-liniile-19-27-si-40-este-afectata-3112103\" target=\"_blank\" rel=\"noreferrer noopener\">a deraiat\u00a0<\/a>pe linia 19, pe Bd. Teodor Pallady.<\/p>\n\n\n\n<p>Un tramvai a deraiat \u0219i pe&nbsp;<strong>11 ianuarie<\/strong>, \u00een jurul orei 9:00, pe Bulevardul George Co\u0219buc din Bucure\u0219ti, dup\u0103 care s-a izbit de un st\u00e2lp.<\/p>\n\n\n\n<p>Liniile 23 \u0219i 32 au fost blocate, iar c\u0103l\u0103torii au fost prelua\u021bi de linia navet\u0103 632, a anun\u021bat Societatea de Transport Bucure\u0219ti (STB). Circula\u021bia tramvaielor a revenit la normal abia la ora 10:25.<\/p>\n\n\n\n<p>Una dintre cele mai nefaste zile a fost pe<strong>\u00a023 ianuarie 2023<\/strong>, c\u00e2nd au deraiat trei tramvaie.<\/p>\n\n\n\n<p><strong>CITE\u0218TE \u0218I:\u00a0<a href=\"https:\/\/buletin.de\/bucuresti\/zi-cu-ghinion-pentru-stb-trei-tramvaie-au-deraiat\/\" target=\"_blank\" rel=\"noreferrer noopener\">Zi cu ghinion pentru STB. Trei tramvaie au deraiat<\/a><\/strong><\/p>\n\n\n\n<p>Primul tramvai a deraiat \u00een jurul orei 14:30, tot pe Bulevardul Theodor Pallady, Strada Nicolae Teclu. Traficul rutier a fost restric\u021bionat \u00een totalitate pe bulevard. Ulterior, tramvaiul a fost pus pe ro\u021bi. \u00cen acest moment se circul\u0103 normal, traficul rutier a fost reluat.<\/p>\n\n\n\n<p>Un al doilea tramvai a deraiat \u00een jurul orei 15:10, \u00een zona Bucur Obor. Din primele informa\u021bii, dup\u0103 ce ar fi deraiat, tramvaiul se pare c\u0103 ar fi lovit o ma\u0219in\u0103. Nu sunt persoane r\u0103nite. Evenimentul rutier s-a soldat doar cu pagube materiale.<\/p>\n\n\n\n<p>Un al treilea tramvai a deraiat \u00een Pia\u021ba Sudului.<\/p>\n\n\n\n<p><strong>CITE\u0218TE \u0218I: <a href=\"https:\/\/buletin.de\/bucuresti\/peste-20-de-tramvaie-imperio-blocate-in-depouri-din-cauza-accidentelor\/\">Peste 20 de tramvaie Imperio, blocate \u00een depouri din cauza accidentelor<\/a><\/strong><\/p>\n","protected":false},"excerpt":{"rendered":"<p>Traficul a fost blocat miercuri diminea\u021b\u0103, timp de o or\u0103, \u00een zona Morarilor dup\u0103 ce un tramvai a deraiat pe liniile 36 \u0219i 40, a anun\u021bat STB. Compania a precizat c\u0103 tramvaiul a deraiat din cauza unui incident tehnic, iar circula\u021bia a fost reluat\u0103 \u00een jurul orei 09:20. Incidentul a avut loc \u00een intersec\u021bia dintre [&hellip;]<\/p>\n","protected":false},"author":59,"featured_media":124965,"comment_status":"closed","ping_status":"open","sticky":false,"template":"","format":"standard","meta":{"_acf_changed":false,"inline_featured_image":false,"ngg_post_thumbnail":0,"footnotes":""},"categories":[6994,9026,62,650],"tags":[9,2054,1545,18984],"ppma_author":[22572],"class_list":["post-124964","post","type-post","status-publish","format-standard","has-post-thumbnail","hentry","category-stiri-2","category-eveniment","category-stiri","category-transport","tag-bucuresti","tag-capitala","tag-pantelimon","tag-tramvai-deraiat"],"acf":[],"yoast_head":"<!-- This site is optimized with the Yoast SEO Premium plugin v25.3 (Yoast SEO v27.4) - https:\/\/yoast.com\/product\/yoast-seo-premium-wordpress\/ -->\n<title>\u00cenc\u0103 un tramvai deraiat, de data aceasta \u00een zona Morarilor. Trafic blocat vreme de o or\u0103 - Buletin de Bucure\u0219ti<\/title>\n<meta name=\"description\" content=\"\u00cenc\u0103 un tramvai deraiat, de data aceasta \u00een zona Morarilor. Traficul rutier a fost blocat vreme de o or\u0103 \u00een aceast\u0103 diminea\u021b\u0103.\" \/>\n<meta name=\"robots\" content=\"index, follow, max-snippet:-1, max-image-preview:large, max-video-preview:-1\" \/>\n<link rel=\"canonical\" href=\"https:\/\/buletin.de\/bucuresti\/inca-un-tramvai-deraiat-de-data-aceasta-in-zona-morarilor-trafic-blocat-vreme-de-o-ora\/\" \/>\n<meta property=\"og:locale\" content=\"en_GB\" \/>\n<meta property=\"og:type\" content=\"article\" \/>\n<meta property=\"og:title\" content=\"\u00cenc\u0103 un tramvai deraiat, de data aceasta \u00een zona Morarilor. Trafic blocat vreme de o or\u0103\" \/>\n<meta property=\"og:description\" content=\"\u00cenc\u0103 un tramvai deraiat, de data aceasta \u00een zona Morarilor. Traficul rutier a fost blocat vreme de o or\u0103 \u00een aceast\u0103 diminea\u021b\u0103.\" \/>\n<meta property=\"og:url\" content=\"https:\/\/buletin.de\/bucuresti\/inca-un-tramvai-deraiat-de-data-aceasta-in-zona-morarilor-trafic-blocat-vreme-de-o-ora\/\" \/>\n<meta property=\"og:site_name\" content=\"Buletin de Bucure\u0219ti\" \/>\n<meta property=\"article:publisher\" content=\"https:\/\/www.facebook.com\/buletin.de.buc\" \/>\n<meta property=\"article:published_time\" content=\"2025-04-02T08:39:43+00:00\" \/>\n<meta property=\"article:modified_time\" content=\"2025-04-02T12:47:10+00:00\" \/>\n<meta property=\"og:image\" content=\"https:\/\/buletin.de\/bucuresti\/wp-content\/uploads\/2025\/04\/tramvai-deraiat.jpeg\" \/>\n\t<meta property=\"og:image:width\" content=\"1600\" \/>\n\t<meta property=\"og:image:height\" content=\"1200\" \/>\n\t<meta property=\"og:image:type\" content=\"image\/jpeg\" \/>\n<meta name=\"author\" content=\"C\u0103t\u0103lin Anghel-Dimache\" \/>\n<meta name=\"twitter:card\" content=\"summary_large_image\" \/>\n<meta name=\"twitter:label1\" content=\"Written by\" \/>\n\t<meta name=\"twitter:data1\" content=\"C\u0103t\u0103lin Anghel-Dimache\" \/>\n\t<meta name=\"twitter:label2\" content=\"Estimated reading time\" \/>\n\t<meta name=\"twitter:data2\" content=\"4 minutes\" \/>\n<script type=\"application\/ld+json\" class=\"yoast-schema-graph\">{\"@context\":\"https:\\\/\\\/schema.org\",\"@graph\":[{\"@type\":\"Article\",\"@id\":\"https:\\\/\\\/buletin.de\\\/bucuresti\\\/inca-un-tramvai-deraiat-de-data-aceasta-in-zona-morarilor-trafic-blocat-vreme-de-o-ora\\\/#article\",\"isPartOf\":{\"@id\":\"https:\\\/\\\/buletin.de\\\/bucuresti\\\/inca-un-tramvai-deraiat-de-data-aceasta-in-zona-morarilor-trafic-blocat-vreme-de-o-ora\\\/\"},\"author\":{\"name\":\"C\u0103t\u0103lin Anghel-Dimache\",\"@id\":\"https:\\\/\\\/buletin.de\\\/bucuresti\\\/#\\\/schema\\\/person\\\/0ac9db30080482be87c7386a30f98796\"},\"headline\":\"\u00cenc\u0103 un tramvai deraiat, de data aceasta \u00een zona Morarilor. Trafic blocat vreme de o or\u0103\",\"datePublished\":\"2025-04-02T08:39:43+00:00\",\"dateModified\":\"2025-04-02T12:47:10+00:00\",\"mainEntityOfPage\":{\"@id\":\"https:\\\/\\\/buletin.de\\\/bucuresti\\\/inca-un-tramvai-deraiat-de-data-aceasta-in-zona-morarilor-trafic-blocat-vreme-de-o-ora\\\/\"},\"wordCount\":563,\"publisher\":{\"@id\":\"https:\\\/\\\/buletin.de\\\/bucuresti\\\/#organization\"},\"image\":{\"@id\":\"https:\\\/\\\/buletin.de\\\/bucuresti\\\/inca-un-tramvai-deraiat-de-data-aceasta-in-zona-morarilor-trafic-blocat-vreme-de-o-ora\\\/#primaryimage\"},\"thumbnailUrl\":\"https:\\\/\\\/buletin.de\\\/bucuresti\\\/wp-content\\\/uploads\\\/2025\\\/04\\\/tramvai-deraiat.jpeg\",\"keywords\":[\"bucuresti\",\"Capitala\",\"Pantelimon\",\"tramvai deraiat\"],\"articleSection\":[\"Articole\",\"Eveniment\",\"\u0218tiri\",\"Transport\"],\"inLanguage\":\"en-GB\",\"copyrightYear\":\"2025\",\"copyrightHolder\":{\"@id\":\"https:\\\/\\\/buletin.de\\\/bucuresti\\\/#organization\"}},{\"@type\":\"WebPage\",\"@id\":\"https:\\\/\\\/buletin.de\\\/bucuresti\\\/inca-un-tramvai-deraiat-de-data-aceasta-in-zona-morarilor-trafic-blocat-vreme-de-o-ora\\\/\",\"url\":\"https:\\\/\\\/buletin.de\\\/bucuresti\\\/inca-un-tramvai-deraiat-de-data-aceasta-in-zona-morarilor-trafic-blocat-vreme-de-o-ora\\\/\",\"name\":\"\u00cenc\u0103 un tramvai deraiat, de data aceasta \u00een zona Morarilor. Trafic blocat vreme de o or\u0103 - Buletin de Bucure\u0219ti\",\"isPartOf\":{\"@id\":\"https:\\\/\\\/buletin.de\\\/bucuresti\\\/#website\"},\"primaryImageOfPage\":{\"@id\":\"https:\\\/\\\/buletin.de\\\/bucuresti\\\/inca-un-tramvai-deraiat-de-data-aceasta-in-zona-morarilor-trafic-blocat-vreme-de-o-ora\\\/#primaryimage\"},\"image\":{\"@id\":\"https:\\\/\\\/buletin.de\\\/bucuresti\\\/inca-un-tramvai-deraiat-de-data-aceasta-in-zona-morarilor-trafic-blocat-vreme-de-o-ora\\\/#primaryimage\"},\"thumbnailUrl\":\"https:\\\/\\\/buletin.de\\\/bucuresti\\\/wp-content\\\/uploads\\\/2025\\\/04\\\/tramvai-deraiat.jpeg\",\"datePublished\":\"2025-04-02T08:39:43+00:00\",\"dateModified\":\"2025-04-02T12:47:10+00:00\",\"description\":\"\u00cenc\u0103 un tramvai deraiat, de data aceasta \u00een zona Morarilor. Traficul rutier a fost blocat vreme de o or\u0103 \u00een aceast\u0103 diminea\u021b\u0103.\",\"breadcrumb\":{\"@id\":\"https:\\\/\\\/buletin.de\\\/bucuresti\\\/inca-un-tramvai-deraiat-de-data-aceasta-in-zona-morarilor-trafic-blocat-vreme-de-o-ora\\\/#breadcrumb\"},\"inLanguage\":\"en-GB\",\"potentialAction\":[{\"@type\":\"ReadAction\",\"target\":[\"https:\\\/\\\/buletin.de\\\/bucuresti\\\/inca-un-tramvai-deraiat-de-data-aceasta-in-zona-morarilor-trafic-blocat-vreme-de-o-ora\\\/\"]}]},{\"@type\":\"ImageObject\",\"inLanguage\":\"en-GB\",\"@id\":\"https:\\\/\\\/buletin.de\\\/bucuresti\\\/inca-un-tramvai-deraiat-de-data-aceasta-in-zona-morarilor-trafic-blocat-vreme-de-o-ora\\\/#primaryimage\",\"url\":\"https:\\\/\\\/buletin.de\\\/bucuresti\\\/wp-content\\\/uploads\\\/2025\\\/04\\\/tramvai-deraiat.jpeg\",\"contentUrl\":\"https:\\\/\\\/buletin.de\\\/bucuresti\\\/wp-content\\\/uploads\\\/2025\\\/04\\\/tramvai-deraiat.jpeg\",\"width\":1600,\"height\":1200,\"caption\":\"\u00cenc\u0103 un tramvai deraiat, \u00een zona morarilor. Foto: Ion Costache, via Info Trafic Rutier - Bucuresti si Ilfov \\\/ Accidente \\\/ Filmari \\\/ Radare\"},{\"@type\":\"BreadcrumbList\",\"@id\":\"https:\\\/\\\/buletin.de\\\/bucuresti\\\/inca-un-tramvai-deraiat-de-data-aceasta-in-zona-morarilor-trafic-blocat-vreme-de-o-ora\\\/#breadcrumb\",\"itemListElement\":[{\"@type\":\"ListItem\",\"position\":1,\"name\":\"Acas\u0103\",\"item\":\"https:\\\/\\\/buletin.de\\\/bucuresti\\\/\"},{\"@type\":\"ListItem\",\"position\":2,\"name\":\"\u00cenc\u0103 un tramvai deraiat, de data aceasta \u00een zona Morarilor. Trafic blocat vreme de o or\u0103\"}]},{\"@type\":\"WebSite\",\"@id\":\"https:\\\/\\\/buletin.de\\\/bucuresti\\\/#website\",\"url\":\"https:\\\/\\\/buletin.de\\\/bucuresti\\\/\",\"name\":\"Buletin de Bucure\u0219ti\",\"description\":\"\u0218tiri \u0219i investiga\u021bii esen\u021biale din capital\u0103\",\"publisher\":{\"@id\":\"https:\\\/\\\/buletin.de\\\/bucuresti\\\/#organization\"},\"potentialAction\":[{\"@type\":\"SearchAction\",\"target\":{\"@type\":\"EntryPoint\",\"urlTemplate\":\"https:\\\/\\\/buletin.de\\\/bucuresti\\\/?s={search_term_string}\"},\"query-input\":{\"@type\":\"PropertyValueSpecification\",\"valueRequired\":true,\"valueName\":\"search_term_string\"}}],\"inLanguage\":\"en-GB\"},{\"@type\":\"Organization\",\"@id\":\"https:\\\/\\\/buletin.de\\\/bucuresti\\\/#organization\",\"name\":\"Buletin de Bucure\u0219ti\",\"url\":\"https:\\\/\\\/buletin.de\\\/bucuresti\\\/\",\"logo\":{\"@type\":\"ImageObject\",\"inLanguage\":\"en-GB\",\"@id\":\"https:\\\/\\\/buletin.de\\\/bucuresti\\\/#\\\/schema\\\/logo\\\/image\\\/\",\"url\":\"https:\\\/\\\/buletin.de\\\/bucuresti\\\/wp-content\\\/uploads\\\/logo-bdb-full-wide-vernil-transparent.png\",\"contentUrl\":\"https:\\\/\\\/buletin.de\\\/bucuresti\\\/wp-content\\\/uploads\\\/logo-bdb-full-wide-vernil-transparent.png\",\"width\":1782,\"height\":626,\"caption\":\"Buletin de Bucure\u0219ti\"},\"image\":{\"@id\":\"https:\\\/\\\/buletin.de\\\/bucuresti\\\/#\\\/schema\\\/logo\\\/image\\\/\"},\"sameAs\":[\"https:\\\/\\\/www.facebook.com\\\/buletin.de.buc\",\"https:\\\/\\\/www.instagram.com\\\/buletinde.bucuresti\\\/\"]},{\"@type\":\"Person\",\"@id\":\"https:\\\/\\\/buletin.de\\\/bucuresti\\\/#\\\/schema\\\/person\\\/0ac9db30080482be87c7386a30f98796\",\"name\":\"C\u0103t\u0103lin Anghel-Dimache\",\"image\":{\"@type\":\"ImageObject\",\"inLanguage\":\"en-GB\",\"@id\":\"https:\\\/\\\/buletin.de\\\/bucuresti\\\/wp-content\\\/uploads\\\/Catalin-Anghel-Dimache-96x96.jpgbd9e43c5b25186d5b8e917ac61ad86c4\",\"url\":\"https:\\\/\\\/buletin.de\\\/bucuresti\\\/wp-content\\\/uploads\\\/Catalin-Anghel-Dimache-96x96.jpg\",\"contentUrl\":\"https:\\\/\\\/buletin.de\\\/bucuresti\\\/wp-content\\\/uploads\\\/Catalin-Anghel-Dimache-96x96.jpg\",\"caption\":\"C\u0103t\u0103lin Anghel-Dimache\"},\"description\":\"A absolvit Facultatea de Jurnalism \u0219i \u0218tiin\u021bele Comunic\u0103rii a Universit\u0103\u021bii din Bucure\u0219ti \u00een 2024. Scrie despre mediu \u0219i teme sociale, dar \u0219i despre cum se reflect\u0103 ele \u00een via\u021ba cotidian\u0103 a bucure\u0219tenilor, cu un ochi atent la pove\u0219tile personale din spatele titlurilor. N\u0103scut \u0219i crescut \u00een Bucure\u0219ti, a f\u0103cut un pas c\u0103tre presa local\u0103, din pasiune pentru ora\u0219ul s\u0103u \u0219i oamenii din el.\",\"url\":\"https:\\\/\\\/buletin.de\\\/bucuresti\\\/author\\\/catalin-anghel-dimache\\\/\"}]}<\/script>\n<!-- \/ Yoast SEO Premium plugin. -->","yoast_head_json":{"title":"\u00cenc\u0103 un tramvai deraiat, de data aceasta \u00een zona Morarilor. Trafic blocat vreme de o or\u0103 - Buletin de Bucure\u0219ti","description":"\u00cenc\u0103 un tramvai deraiat, de data aceasta \u00een zona Morarilor. Traficul rutier a fost blocat vreme de o or\u0103 \u00een aceast\u0103 diminea\u021b\u0103.","robots":{"index":"index","follow":"follow","max-snippet":"max-snippet:-1","max-image-preview":"max-image-preview:large","max-video-preview":"max-video-preview:-1"},"canonical":"https:\/\/buletin.de\/bucuresti\/inca-un-tramvai-deraiat-de-data-aceasta-in-zona-morarilor-trafic-blocat-vreme-de-o-ora\/","og_locale":"en_GB","og_type":"article","og_title":"\u00cenc\u0103 un tramvai deraiat, de data aceasta \u00een zona Morarilor. Trafic blocat vreme de o or\u0103","og_description":"\u00cenc\u0103 un tramvai deraiat, de data aceasta \u00een zona Morarilor. Traficul rutier a fost blocat vreme de o or\u0103 \u00een aceast\u0103 diminea\u021b\u0103.","og_url":"https:\/\/buletin.de\/bucuresti\/inca-un-tramvai-deraiat-de-data-aceasta-in-zona-morarilor-trafic-blocat-vreme-de-o-ora\/","og_site_name":"Buletin de Bucure\u0219ti","article_publisher":"https:\/\/www.facebook.com\/buletin.de.buc","article_published_time":"2025-04-02T08:39:43+00:00","article_modified_time":"2025-04-02T12:47:10+00:00","og_image":[{"width":1600,"height":1200,"url":"https:\/\/buletin.de\/bucuresti\/wp-content\/uploads\/2025\/04\/tramvai-deraiat.jpeg","type":"image\/jpeg"}],"author":"C\u0103t\u0103lin Anghel-Dimache","twitter_card":"summary_large_image","twitter_misc":{"Written by":"C\u0103t\u0103lin Anghel-Dimache","Estimated reading time":"4 minutes"},"schema":{"@context":"https:\/\/schema.org","@graph":[{"@type":"Article","@id":"https:\/\/buletin.de\/bucuresti\/inca-un-tramvai-deraiat-de-data-aceasta-in-zona-morarilor-trafic-blocat-vreme-de-o-ora\/#article","isPartOf":{"@id":"https:\/\/buletin.de\/bucuresti\/inca-un-tramvai-deraiat-de-data-aceasta-in-zona-morarilor-trafic-blocat-vreme-de-o-ora\/"},"author":{"name":"C\u0103t\u0103lin Anghel-Dimache","@id":"https:\/\/buletin.de\/bucuresti\/#\/schema\/person\/0ac9db30080482be87c7386a30f98796"},"headline":"\u00cenc\u0103 un tramvai deraiat, de data aceasta \u00een zona Morarilor. Trafic blocat vreme de o or\u0103","datePublished":"2025-04-02T08:39:43+00:00","dateModified":"2025-04-02T12:47:10+00:00","mainEntityOfPage":{"@id":"https:\/\/buletin.de\/bucuresti\/inca-un-tramvai-deraiat-de-data-aceasta-in-zona-morarilor-trafic-blocat-vreme-de-o-ora\/"},"wordCount":563,"publisher":{"@id":"https:\/\/buletin.de\/bucuresti\/#organization"},"image":{"@id":"https:\/\/buletin.de\/bucuresti\/inca-un-tramvai-deraiat-de-data-aceasta-in-zona-morarilor-trafic-blocat-vreme-de-o-ora\/#primaryimage"},"thumbnailUrl":"https:\/\/buletin.de\/bucuresti\/wp-content\/uploads\/2025\/04\/tramvai-deraiat.jpeg","keywords":["bucuresti","Capitala","Pantelimon","tramvai deraiat"],"articleSection":["Articole","Eveniment","\u0218tiri","Transport"],"inLanguage":"en-GB","copyrightYear":"2025","copyrightHolder":{"@id":"https:\/\/buletin.de\/bucuresti\/#organization"}},{"@type":"WebPage","@id":"https:\/\/buletin.de\/bucuresti\/inca-un-tramvai-deraiat-de-data-aceasta-in-zona-morarilor-trafic-blocat-vreme-de-o-ora\/","url":"https:\/\/buletin.de\/bucuresti\/inca-un-tramvai-deraiat-de-data-aceasta-in-zona-morarilor-trafic-blocat-vreme-de-o-ora\/","name":"\u00cenc\u0103 un tramvai deraiat, de data aceasta \u00een zona Morarilor. Trafic blocat vreme de o or\u0103 - Buletin de Bucure\u0219ti","isPartOf":{"@id":"https:\/\/buletin.de\/bucuresti\/#website"},"primaryImageOfPage":{"@id":"https:\/\/buletin.de\/bucuresti\/inca-un-tramvai-deraiat-de-data-aceasta-in-zona-morarilor-trafic-blocat-vreme-de-o-ora\/#primaryimage"},"image":{"@id":"https:\/\/buletin.de\/bucuresti\/inca-un-tramvai-deraiat-de-data-aceasta-in-zona-morarilor-trafic-blocat-vreme-de-o-ora\/#primaryimage"},"thumbnailUrl":"https:\/\/buletin.de\/bucuresti\/wp-content\/uploads\/2025\/04\/tramvai-deraiat.jpeg","datePublished":"2025-04-02T08:39:43+00:00","dateModified":"2025-04-02T12:47:10+00:00","description":"\u00cenc\u0103 un tramvai deraiat, de data aceasta \u00een zona Morarilor. Traficul rutier a fost blocat vreme de o or\u0103 \u00een aceast\u0103 diminea\u021b\u0103.","breadcrumb":{"@id":"https:\/\/buletin.de\/bucuresti\/inca-un-tramvai-deraiat-de-data-aceasta-in-zona-morarilor-trafic-blocat-vreme-de-o-ora\/#breadcrumb"},"inLanguage":"en-GB","potentialAction":[{"@type":"ReadAction","target":["https:\/\/buletin.de\/bucuresti\/inca-un-tramvai-deraiat-de-data-aceasta-in-zona-morarilor-trafic-blocat-vreme-de-o-ora\/"]}]},{"@type":"ImageObject","inLanguage":"en-GB","@id":"https:\/\/buletin.de\/bucuresti\/inca-un-tramvai-deraiat-de-data-aceasta-in-zona-morarilor-trafic-blocat-vreme-de-o-ora\/#primaryimage","url":"https:\/\/buletin.de\/bucuresti\/wp-content\/uploads\/2025\/04\/tramvai-deraiat.jpeg","contentUrl":"https:\/\/buletin.de\/bucuresti\/wp-content\/uploads\/2025\/04\/tramvai-deraiat.jpeg","width":1600,"height":1200,"caption":"\u00cenc\u0103 un tramvai deraiat, \u00een zona morarilor. Foto: Ion Costache, via Info Trafic Rutier - Bucuresti si Ilfov \/ Accidente \/ Filmari \/ Radare"},{"@type":"BreadcrumbList","@id":"https:\/\/buletin.de\/bucuresti\/inca-un-tramvai-deraiat-de-data-aceasta-in-zona-morarilor-trafic-blocat-vreme-de-o-ora\/#breadcrumb","itemListElement":[{"@type":"ListItem","position":1,"name":"Acas\u0103","item":"https:\/\/buletin.de\/bucuresti\/"},{"@type":"ListItem","position":2,"name":"\u00cenc\u0103 un tramvai deraiat, de data aceasta \u00een zona Morarilor. Trafic blocat vreme de o or\u0103"}]},{"@type":"WebSite","@id":"https:\/\/buletin.de\/bucuresti\/#website","url":"https:\/\/buletin.de\/bucuresti\/","name":"Buletin de Bucure\u0219ti","description":"\u0218tiri \u0219i investiga\u021bii esen\u021biale din capital\u0103","publisher":{"@id":"https:\/\/buletin.de\/bucuresti\/#organization"},"potentialAction":[{"@type":"SearchAction","target":{"@type":"EntryPoint","urlTemplate":"https:\/\/buletin.de\/bucuresti\/?s={search_term_string}"},"query-input":{"@type":"PropertyValueSpecification","valueRequired":true,"valueName":"search_term_string"}}],"inLanguage":"en-GB"},{"@type":"Organization","@id":"https:\/\/buletin.de\/bucuresti\/#organization","name":"Buletin de Bucure\u0219ti","url":"https:\/\/buletin.de\/bucuresti\/","logo":{"@type":"ImageObject","inLanguage":"en-GB","@id":"https:\/\/buletin.de\/bucuresti\/#\/schema\/logo\/image\/","url":"https:\/\/buletin.de\/bucuresti\/wp-content\/uploads\/logo-bdb-full-wide-vernil-transparent.png","contentUrl":"https:\/\/buletin.de\/bucuresti\/wp-content\/uploads\/logo-bdb-full-wide-vernil-transparent.png","width":1782,"height":626,"caption":"Buletin de Bucure\u0219ti"},"image":{"@id":"https:\/\/buletin.de\/bucuresti\/#\/schema\/logo\/image\/"},"sameAs":["https:\/\/www.facebook.com\/buletin.de.buc","https:\/\/www.instagram.com\/buletinde.bucuresti\/"]},{"@type":"Person","@id":"https:\/\/buletin.de\/bucuresti\/#\/schema\/person\/0ac9db30080482be87c7386a30f98796","name":"C\u0103t\u0103lin Anghel-Dimache","image":{"@type":"ImageObject","inLanguage":"en-GB","@id":"https:\/\/buletin.de\/bucuresti\/wp-content\/uploads\/Catalin-Anghel-Dimache-96x96.jpgbd9e43c5b25186d5b8e917ac61ad86c4","url":"https:\/\/buletin.de\/bucuresti\/wp-content\/uploads\/Catalin-Anghel-Dimache-96x96.jpg","contentUrl":"https:\/\/buletin.de\/bucuresti\/wp-content\/uploads\/Catalin-Anghel-Dimache-96x96.jpg","caption":"C\u0103t\u0103lin Anghel-Dimache"},"description":"A absolvit Facultatea de Jurnalism \u0219i \u0218tiin\u021bele Comunic\u0103rii a Universit\u0103\u021bii din Bucure\u0219ti \u00een 2024. Scrie despre mediu \u0219i teme sociale, dar \u0219i despre cum se reflect\u0103 ele \u00een via\u021ba cotidian\u0103 a bucure\u0219tenilor, cu un ochi atent la pove\u0219tile personale din spatele titlurilor. N\u0103scut \u0219i crescut \u00een Bucure\u0219ti, a f\u0103cut un pas c\u0103tre presa local\u0103, din pasiune pentru ora\u0219ul s\u0103u \u0219i oamenii din el.","url":"https:\/\/buletin.de\/bucuresti\/author\/catalin-anghel-dimache\/"}]}},"authors":[{"term_id":22572,"user_id":59,"is_guest":0,"slug":"catalin-anghel-dimache","display_name":"C\u0103t\u0103lin Anghel-Dimache","avatar_url":"https:\/\/buletin.de\/bucuresti\/wp-content\/uploads\/Catalin-Anghel-Dimache-96x96.jpg","0":null,"1":"","2":"","3":"","4":"","5":"","6":"","7":"","8":""}],"_links":{"self":[{"href":"https:\/\/buletin.de\/bucuresti\/wp-json\/wp\/v2\/posts\/124964","targetHints":{"allow":["GET"]}}],"collection":[{"href":"https:\/\/buletin.de\/bucuresti\/wp-json\/wp\/v2\/posts"}],"about":[{"href":"https:\/\/buletin.de\/bucuresti\/wp-json\/wp\/v2\/types\/post"}],"author":[{"embeddable":true,"href":"https:\/\/buletin.de\/bucuresti\/wp-json\/wp\/v2\/users\/59"}],"replies":[{"embeddable":true,"href":"https:\/\/buletin.de\/bucuresti\/wp-json\/wp\/v2\/comments?post=124964"}],"version-history":[{"count":3,"href":"https:\/\/buletin.de\/bucuresti\/wp-json\/wp\/v2\/posts\/124964\/revisions"}],"predecessor-version":[{"id":124977,"href":"https:\/\/buletin.de\/bucuresti\/wp-json\/wp\/v2\/posts\/124964\/revisions\/124977"}],"wp:featuredmedia":[{"embeddable":true,"href":"https:\/\/buletin.de\/bucuresti\/wp-json\/wp\/v2\/media\/124965"}],"wp:attachment":[{"href":"https:\/\/buletin.de\/bucuresti\/wp-json\/wp\/v2\/media?parent=124964"}],"wp:term":[{"taxonomy":"category","embeddable":true,"href":"https:\/\/buletin.de\/bucuresti\/wp-json\/wp\/v2\/categories?post=124964"},{"taxonomy":"post_tag","embeddable":true,"href":"https:\/\/buletin.de\/bucuresti\/wp-json\/wp\/v2\/tags?post=124964"},{"taxonomy":"author","embeddable":true,"href":"https:\/\/buletin.de\/bucuresti\/wp-json\/wp\/v2\/ppma_author?post=124964"}],"curies":[{"name":"wp","href":"https:\/\/api.w.org\/{rel}","templated":true}]}}