{"id":124943,"date":"2025-04-02T10:24:01","date_gmt":"2025-04-02T07:24:01","guid":{"rendered":"https:\/\/buletin.de\/bucuresti\/?p=124943"},"modified":"2025-04-02T11:18:42","modified_gmt":"2025-04-02T08:18:42","slug":"perchezitii-diicot-in-bucuresti-olt-si-teleorman-intr-un-dosar-care-il-vizeaza-pe-bercea-mondial","status":"publish","type":"post","link":"https:\/\/buletin.de\/bucuresti\/perchezitii-diicot-in-bucuresti-olt-si-teleorman-intr-un-dosar-care-il-vizeaza-pe-bercea-mondial\/","title":{"rendered":"Perchezi\u0163ii DIICOT \u00een Bucure\u015fti, Olt \u015fi Teleorman, \u00eentr-un dosar care \u00eel vizeaz\u0103 pe Bercea Mondial"},"content":{"rendered":"\n<p><strong>Unsprezece perchezi\u0163ii au avut loc \u00een Capital\u0103 \u015fi alte dou\u0103 jude\u0163e, Olt \u015fi Teleorman, \u00eentr-un dosar de cam\u0103t\u0103 \u015fi \u015fantaj, anun\u0163\u0103 DIICOT. Conform<a href=\"https:\/\/www.digi24.ro\/stiri\/actualitate\/justitie\/bercea-mondialu-vizat-intr-un-dosar-de-camata-si-santaj-descinderi-diicot-in-bucuresti-si-judetele-olt-si-teleorman-3181895\"> Digi24<\/a>, surse apropiate anchetei transmit c\u0103 ar fi implica\u0163i Bercea Mondial \u015fi membri ai familiei acestuia.<\/strong><\/p>\n\n\n\n<h2 class=\"wp-block-heading\" id=\"h-perchezitii-diicot-intr-un-dosar-de-camata-\u0219i-\u0219antaj\">Perchezi\u0163ii DIICOT \u00eentr-un dosar de cam\u0103t\u0103 \u0219i \u0219antaj<\/h2>\n\n\n\n<p>Cele 11 mandate de perchezi\u0163ie domiciliar\u0103 au fost puse \u00een aplicare ast\u0103zi, 2 aprilie, de c\u0103tre procurorii Direc\u021biei de Investigare a Infrac\u021biunilor de Criminalitate Organizat\u0103 \u0219i Terorism (DIICOT) \u2013 Serviciul Teritorial Craiova, \u00eempreun\u0103 cu poli\u021bi\u0219tii Brig\u0103zii de Combatere a Criminalit\u0103\u021bii Organizate (BCCO) Craiova.<\/p>\n\n\n\n<figure class=\"wp-block-video\"><video height=\"480\" style=\"aspect-ratio: 852 \/ 480;\" width=\"852\" controls src=\"https:\/\/buletin.de\/bucuresti\/wp-content\/uploads\/2025\/04\/WhatsApp-Video-2025-01-17-at-11.29.44_2420bfac.mp3.mp4\"><\/video><\/figure>\n\n\n\n<p><br>Din probele administrate a rezultat c\u0103, \u00een cursul anului 2022, cinci inculpa\u021bi au ini\u021biat \u0219i constituit, pe criterii familiale, o grupare de criminalitate organizat\u0103, \u00een <strong>scopul ob\u021binerii unor beneficii materiale substan\u021biale din acordarea de sume de bani cu \u00eemprumut<\/strong>.<\/p>\n\n\n\n<p>Ace\u0219tia au pretins <strong>dob\u00e2nzi lunare, cuprinse \u00eentre <mark style=\"background-color:rgba(0, 0, 0, 0)\" class=\"has-inline-color has-vivid-red-color\">10 \u0219i 40 %<\/mark> din valoarea \u00eemprumuturilor acordate<\/strong>, f\u0103r\u0103 un cadru legal.<\/p>\n\n\n\n<p>\u00cen cadrul grupului infrac\u021bional organizat, de tip piramidal, deciziile legate de opera\u021biunile de c\u0103m\u0103t\u0103rie referitoare la selectare persoanelor \u0219i stabilirea condi\u021biilor \u00een care li se acord\u0103 \u00eemprumuturi, au revenit liderului.<\/p>\n\n\n\n<p>Ceilal\u021bi membri erau responsabili de recuperarea crean\u021belor de la debitori, c\u0103rora le-au fost majorate dob\u00e2nzile \u00een mod constant.<\/p>\n\n\n\n<p>Pentru neplata sumelor datorate la termenele stabilite, s-au impus penaliz\u0103ri. <strong>Dac\u0103 victimele nu \u0219i-au mai putut onora obliga\u021biile asumate, membrii grup\u0103rii de criminalitate organizat\u0103<\/strong><mark style=\"background-color:rgba(0, 0, 0, 0)\" class=\"has-inline-color has-vivid-red-color\"><strong> <\/strong><\/mark><strong>au recurs la<\/strong><mark style=\"background-color:rgba(0, 0, 0, 0)\" class=\"has-inline-color has-vivid-red-color\"><strong> <\/strong><\/mark><strong><mark style=\"background-color:rgba(0, 0, 0, 0)\" class=\"has-inline-color has-vivid-red-color\">amenin\u021b\u0103ri, acte de intimidare sau violen\u021be fizice<\/mark>, \u00een vederea recuper\u0103rii debitelor<\/strong>.<\/p>\n\n\n\n<p><br>Sumele ob\u021binute din activitatea infrac\u021bional\u0103 au fost folosite de f\u0103ptuitori pentru achizi\u021bionarea de bunuri mobile sau imobile (autoturisme de lux, case, apartamente, terenuri), transmite DIICOT.<\/p>\n\n\n\n<p><br>Audierile se desf\u0103\u0219oar\u0103 la sediul Direc\u021biei de Investigare a Infrac\u021biunilor de Criminalitate Organizat\u0103 \u0219i Terorism \u2013 Serviciul Teritorial Craiova. Activit\u0103\u021bile sunt realizate cu sprijinul jandarmilor din cadrul Inspectoratului General al Jandarmeriei Rom\u00e2ne.<\/p>\n\n\n\n<p><strong>CITE\u015eTE \u015eI:<\/strong> <strong><a href=\"https:\/\/buletin.de\/bucuresti\/dosarul-mineriadei-13-15-iunie-1990-trimis-in-judecata-ion-iliescu-primul-in-lista-inculpatilor\/\">Dosarul Mineriadei 13-15 iunie 1990, trimis \u00een judecat\u0103. Ion Iliescu, primul \u00een lista inculpa\u0163ilor<\/a><\/strong><\/p>\n\n\n\n<h2 class=\"wp-block-heading\" id=\"h-bercea-mondial-apropiat-al-familiei-basescu\">Bercea Mondial, apropiat al familiei B\u0103sescu<\/h2>\n\n\n\n<p><strong>Interlopul este cunoscut \u015fi pentru leg\u0103turile sale cu familia B\u0103sescu. Fratele fostului pre\u0219edinte al Rom\u00e2niei a botezat-o pe nepoata lui Bercea Mondial \u00een 2010, la Constan\u021ba.<\/strong><\/p>\n\n\n\n<p>Ulterior, Mircea B\u0103sescu a fost condamnat la patru ani \u0219i patru luni de \u00eenchisoare \u00eentr-un dosar&nbsp;de trafic de influen\u0163\u0103, fiind acuzat c\u0103 ar fi primit bani de la familia lui Bercea Mondial pentru a-l sc\u0103pa pe acesta din pu\u0219c\u0103rie.<\/p>\n\n\n\n<p>De-a lungul timpului, acuza\u021biile aduse \u00eempotriva lui Bercea Mondial s-au \u00eenmul\u021bit. \u00cen 2014, <a href=\"https:\/\/stirileprotv.ro\/stiri\/actualitate\/evenimentele-care-a-apropiat-clanul-bercea-mondial-de-familia-prezidentiala-marirea-si-decaderea-presedintelui-romilor.html\">Pro TV <\/a>scria c\u0103 familia sa a fost implicat\u0103 \u00een peste 100 de dosare penale, de la c\u0103m\u0103t\u0103rie \u015fi \u015fantaj la evaziune fiscal\u0103 \u015fi tentativ\u0103 de omor calificat. <\/p>\n\n\n\n<p>Acesta a fost eliberat din \u00eenchisoare \u00een martie 2022, dup\u0103 ce a isp\u0103\u0219it doar un an \u0219i patru luni din pedeapsa de aproape 14 ani primit\u0103 pentru tentativ\u0103 de omor asupra unui fost viceprimar al municipiului Slatina, conform<a href=\"https:\/\/stirileprotv.ro\/stiri\/actualitate\/bercea-mondialu-bank-camatari-saltati-de-diicot-lux-din-imprumuturi-recuperate-cu-violenta-ce-dobanzi-aveau.html\"> Pro TV<\/a>.<\/p>\n\n\n\n<p><strong>CITE\u0218TE \u0218I:<a href=\"https:\/\/buletin.de\/bucuresti\/turul-doi-inapoi-scria-pe-plicurile-suspecte-trimise-catre-cinci-institutii-din-bucuresti\/\"> \u201eTurul doi, \u00eenapoi\u201d scria pe plicurile suspecte trimise c\u0103tre cinci institu\u021bii din Bucure\u0219ti<br><\/a><\/strong><\/p>\n","protected":false},"excerpt":{"rendered":"<p>Unsprezece perchezi\u0163ii au avut loc \u00een Capital\u0103 \u015fi alte dou\u0103 jude\u0163e, Olt \u015fi Teleorman, \u00eentr-un dosar de cam\u0103t\u0103 \u015fi \u015fantaj, anun\u0163\u0103 DIICOT. Conform Digi24, surse apropiate anchetei transmit c\u0103 ar fi implica\u0163i Bercea Mondial \u015fi membri ai familiei acestuia. Perchezi\u0163ii DIICOT \u00eentr-un dosar de cam\u0103t\u0103 \u0219i \u0219antaj Cele 11 mandate de perchezi\u0163ie domiciliar\u0103 au fost [&hellip;]<\/p>\n","protected":false},"author":55,"featured_media":124946,"comment_status":"closed","ping_status":"open","sticky":false,"template":"","format":"standard","meta":{"_acf_changed":false,"inline_featured_image":false,"ngg_post_thumbnail":0,"footnotes":""},"categories":[6994,9026,62],"tags":[3145,20274,14986,1367,2754,1983,2823],"ppma_author":[22573],"class_list":["post-124943","post","type-post","status-publish","format-standard","has-post-thumbnail","hentry","category-stiri-2","category-eveniment","category-stiri","tag-basescu","tag-bercea-mondial","tag-camata","tag-diicot","tag-dosar-penal","tag-perchezitii","tag-santaj"],"acf":[],"yoast_head":"<!-- This site is optimized with the Yoast SEO Premium plugin v25.3 (Yoast SEO v27.4) - https:\/\/yoast.com\/product\/yoast-seo-premium-wordpress\/ -->\n<title>Perchezi\u0163ii DIICOT \u00een Bucure\u015fti, Olt \u015fi Teleorman, \u00eentr-un dosar care \u00eel vizeaz\u0103 pe Bercea Mondial - Buletin de Bucure\u0219ti<\/title>\n<meta name=\"description\" content=\"Unsprezece perchezi\u0163ii au avut loc \u00een Capital\u0103 \u015fi alte dou\u0103 jude\u0163e, Olt \u015fi Teleorman, \u00eentr-un dosar de camat\u0103 \u015fi \u015fantaj, anun\u0163\u0103 DIICOT.\" \/>\n<meta name=\"robots\" content=\"index, follow, max-snippet:-1, max-image-preview:large, max-video-preview:-1\" \/>\n<link rel=\"canonical\" href=\"https:\/\/buletin.de\/bucuresti\/perchezitii-diicot-in-bucuresti-olt-si-teleorman-intr-un-dosar-care-il-vizeaza-pe-bercea-mondial\/\" \/>\n<meta property=\"og:locale\" content=\"en_GB\" \/>\n<meta property=\"og:type\" content=\"article\" \/>\n<meta property=\"og:title\" content=\"Perchezi\u0163ii DIICOT \u00een Bucure\u015fti, Olt \u015fi Teleorman, \u00eentr-un dosar care \u00eel vizeaz\u0103 pe Bercea Mondial\" \/>\n<meta property=\"og:description\" content=\"Unsprezece perchezi\u0163ii au avut loc \u00een Capital\u0103 \u015fi alte dou\u0103 jude\u0163e, Olt \u015fi Teleorman, \u00eentr-un dosar de camat\u0103 \u015fi \u015fantaj, anun\u0163\u0103 DIICOT.\" \/>\n<meta property=\"og:url\" content=\"https:\/\/buletin.de\/bucuresti\/perchezitii-diicot-in-bucuresti-olt-si-teleorman-intr-un-dosar-care-il-vizeaza-pe-bercea-mondial\/\" \/>\n<meta property=\"og:site_name\" content=\"Buletin de Bucure\u0219ti\" \/>\n<meta property=\"article:publisher\" content=\"https:\/\/www.facebook.com\/buletin.de.buc\" \/>\n<meta property=\"article:published_time\" content=\"2025-04-02T07:24:01+00:00\" \/>\n<meta property=\"article:modified_time\" content=\"2025-04-02T08:18:42+00:00\" \/>\n<meta property=\"og:image\" content=\"https:\/\/buletin.de\/bucuresti\/wp-content\/uploads\/2025\/04\/Perchezitii.png\" \/>\n\t<meta property=\"og:image:width\" content=\"697\" \/>\n\t<meta property=\"og:image:height\" content=\"339\" \/>\n\t<meta property=\"og:image:type\" content=\"image\/png\" \/>\n<meta name=\"author\" content=\"Andreea Tudor\" \/>\n<meta name=\"twitter:card\" content=\"summary_large_image\" \/>\n<meta name=\"twitter:label1\" content=\"Written by\" \/>\n\t<meta name=\"twitter:data1\" content=\"Andreea Tudor\" \/>\n\t<meta name=\"twitter:label2\" content=\"Estimated reading time\" \/>\n\t<meta name=\"twitter:data2\" content=\"3 minutes\" \/>\n<script type=\"application\/ld+json\" class=\"yoast-schema-graph\">{\"@context\":\"https:\\\/\\\/schema.org\",\"@graph\":[{\"@type\":\"Article\",\"@id\":\"https:\\\/\\\/buletin.de\\\/bucuresti\\\/perchezitii-diicot-in-bucuresti-olt-si-teleorman-intr-un-dosar-care-il-vizeaza-pe-bercea-mondial\\\/#article\",\"isPartOf\":{\"@id\":\"https:\\\/\\\/buletin.de\\\/bucuresti\\\/perchezitii-diicot-in-bucuresti-olt-si-teleorman-intr-un-dosar-care-il-vizeaza-pe-bercea-mondial\\\/\"},\"author\":{\"name\":\"Andreea Tudor\",\"@id\":\"https:\\\/\\\/buletin.de\\\/bucuresti\\\/#\\\/schema\\\/person\\\/150590659efde715459d159da012f501\"},\"headline\":\"Perchezi\u0163ii DIICOT \u00een Bucure\u015fti, Olt \u015fi Teleorman, \u00eentr-un dosar care \u00eel vizeaz\u0103 pe Bercea Mondial\",\"datePublished\":\"2025-04-02T07:24:01+00:00\",\"dateModified\":\"2025-04-02T08:18:42+00:00\",\"mainEntityOfPage\":{\"@id\":\"https:\\\/\\\/buletin.de\\\/bucuresti\\\/perchezitii-diicot-in-bucuresti-olt-si-teleorman-intr-un-dosar-care-il-vizeaza-pe-bercea-mondial\\\/\"},\"wordCount\":548,\"publisher\":{\"@id\":\"https:\\\/\\\/buletin.de\\\/bucuresti\\\/#organization\"},\"image\":{\"@id\":\"https:\\\/\\\/buletin.de\\\/bucuresti\\\/perchezitii-diicot-in-bucuresti-olt-si-teleorman-intr-un-dosar-care-il-vizeaza-pe-bercea-mondial\\\/#primaryimage\"},\"thumbnailUrl\":\"https:\\\/\\\/buletin.de\\\/bucuresti\\\/wp-content\\\/uploads\\\/2025\\\/04\\\/Perchezitii.png\",\"keywords\":[\"basescu\",\"bercea mondial\",\"camata\",\"diicot\",\"dosar penal\",\"perchezitii\",\"santaj\"],\"articleSection\":[\"Articole\",\"Eveniment\",\"\u0218tiri\"],\"inLanguage\":\"en-GB\",\"copyrightYear\":\"2025\",\"copyrightHolder\":{\"@id\":\"https:\\\/\\\/buletin.de\\\/bucuresti\\\/#organization\"}},{\"@type\":\"WebPage\",\"@id\":\"https:\\\/\\\/buletin.de\\\/bucuresti\\\/perchezitii-diicot-in-bucuresti-olt-si-teleorman-intr-un-dosar-care-il-vizeaza-pe-bercea-mondial\\\/\",\"url\":\"https:\\\/\\\/buletin.de\\\/bucuresti\\\/perchezitii-diicot-in-bucuresti-olt-si-teleorman-intr-un-dosar-care-il-vizeaza-pe-bercea-mondial\\\/\",\"name\":\"Perchezi\u0163ii DIICOT \u00een Bucure\u015fti, Olt \u015fi Teleorman, \u00eentr-un dosar care \u00eel vizeaz\u0103 pe Bercea Mondial - Buletin de Bucure\u0219ti\",\"isPartOf\":{\"@id\":\"https:\\\/\\\/buletin.de\\\/bucuresti\\\/#website\"},\"primaryImageOfPage\":{\"@id\":\"https:\\\/\\\/buletin.de\\\/bucuresti\\\/perchezitii-diicot-in-bucuresti-olt-si-teleorman-intr-un-dosar-care-il-vizeaza-pe-bercea-mondial\\\/#primaryimage\"},\"image\":{\"@id\":\"https:\\\/\\\/buletin.de\\\/bucuresti\\\/perchezitii-diicot-in-bucuresti-olt-si-teleorman-intr-un-dosar-care-il-vizeaza-pe-bercea-mondial\\\/#primaryimage\"},\"thumbnailUrl\":\"https:\\\/\\\/buletin.de\\\/bucuresti\\\/wp-content\\\/uploads\\\/2025\\\/04\\\/Perchezitii.png\",\"datePublished\":\"2025-04-02T07:24:01+00:00\",\"dateModified\":\"2025-04-02T08:18:42+00:00\",\"description\":\"Unsprezece perchezi\u0163ii au avut loc \u00een Capital\u0103 \u015fi alte dou\u0103 jude\u0163e, Olt \u015fi Teleorman, \u00eentr-un dosar de camat\u0103 \u015fi \u015fantaj, anun\u0163\u0103 DIICOT.\",\"breadcrumb\":{\"@id\":\"https:\\\/\\\/buletin.de\\\/bucuresti\\\/perchezitii-diicot-in-bucuresti-olt-si-teleorman-intr-un-dosar-care-il-vizeaza-pe-bercea-mondial\\\/#breadcrumb\"},\"inLanguage\":\"en-GB\",\"potentialAction\":[{\"@type\":\"ReadAction\",\"target\":[\"https:\\\/\\\/buletin.de\\\/bucuresti\\\/perchezitii-diicot-in-bucuresti-olt-si-teleorman-intr-un-dosar-care-il-vizeaza-pe-bercea-mondial\\\/\"]}]},{\"@type\":\"ImageObject\",\"inLanguage\":\"en-GB\",\"@id\":\"https:\\\/\\\/buletin.de\\\/bucuresti\\\/perchezitii-diicot-in-bucuresti-olt-si-teleorman-intr-un-dosar-care-il-vizeaza-pe-bercea-mondial\\\/#primaryimage\",\"url\":\"https:\\\/\\\/buletin.de\\\/bucuresti\\\/wp-content\\\/uploads\\\/2025\\\/04\\\/Perchezitii.png\",\"contentUrl\":\"https:\\\/\\\/buletin.de\\\/bucuresti\\\/wp-content\\\/uploads\\\/2025\\\/04\\\/Perchezitii.png\",\"width\":697,\"height\":339,\"caption\":\"Perchezi\u0163ii DIICOT \u00een Bucure\u015fti, Olt \u015fi Teleorman, \u00eentr-un dosar care \u00eel vizeaz\u0103 pe Bercea Mondial. Foto: Captur\u0103 de ecran\"},{\"@type\":\"BreadcrumbList\",\"@id\":\"https:\\\/\\\/buletin.de\\\/bucuresti\\\/perchezitii-diicot-in-bucuresti-olt-si-teleorman-intr-un-dosar-care-il-vizeaza-pe-bercea-mondial\\\/#breadcrumb\",\"itemListElement\":[{\"@type\":\"ListItem\",\"position\":1,\"name\":\"Acas\u0103\",\"item\":\"https:\\\/\\\/buletin.de\\\/bucuresti\\\/\"},{\"@type\":\"ListItem\",\"position\":2,\"name\":\"Perchezi\u0163ii DIICOT \u00een Bucure\u015fti, Olt \u015fi Teleorman, \u00eentr-un dosar care \u00eel vizeaz\u0103 pe Bercea Mondial\"}]},{\"@type\":\"WebSite\",\"@id\":\"https:\\\/\\\/buletin.de\\\/bucuresti\\\/#website\",\"url\":\"https:\\\/\\\/buletin.de\\\/bucuresti\\\/\",\"name\":\"Buletin de Bucure\u0219ti\",\"description\":\"\u0218tiri \u0219i investiga\u021bii esen\u021biale din capital\u0103\",\"publisher\":{\"@id\":\"https:\\\/\\\/buletin.de\\\/bucuresti\\\/#organization\"},\"potentialAction\":[{\"@type\":\"SearchAction\",\"target\":{\"@type\":\"EntryPoint\",\"urlTemplate\":\"https:\\\/\\\/buletin.de\\\/bucuresti\\\/?s={search_term_string}\"},\"query-input\":{\"@type\":\"PropertyValueSpecification\",\"valueRequired\":true,\"valueName\":\"search_term_string\"}}],\"inLanguage\":\"en-GB\"},{\"@type\":\"Organization\",\"@id\":\"https:\\\/\\\/buletin.de\\\/bucuresti\\\/#organization\",\"name\":\"Buletin de Bucure\u0219ti\",\"url\":\"https:\\\/\\\/buletin.de\\\/bucuresti\\\/\",\"logo\":{\"@type\":\"ImageObject\",\"inLanguage\":\"en-GB\",\"@id\":\"https:\\\/\\\/buletin.de\\\/bucuresti\\\/#\\\/schema\\\/logo\\\/image\\\/\",\"url\":\"https:\\\/\\\/buletin.de\\\/bucuresti\\\/wp-content\\\/uploads\\\/logo-bdb-full-wide-vernil-transparent.png\",\"contentUrl\":\"https:\\\/\\\/buletin.de\\\/bucuresti\\\/wp-content\\\/uploads\\\/logo-bdb-full-wide-vernil-transparent.png\",\"width\":1782,\"height\":626,\"caption\":\"Buletin de Bucure\u0219ti\"},\"image\":{\"@id\":\"https:\\\/\\\/buletin.de\\\/bucuresti\\\/#\\\/schema\\\/logo\\\/image\\\/\"},\"sameAs\":[\"https:\\\/\\\/www.facebook.com\\\/buletin.de.buc\",\"https:\\\/\\\/www.instagram.com\\\/buletinde.bucuresti\\\/\"]},{\"@type\":\"Person\",\"@id\":\"https:\\\/\\\/buletin.de\\\/bucuresti\\\/#\\\/schema\\\/person\\\/150590659efde715459d159da012f501\",\"name\":\"Andreea Tudor\",\"image\":{\"@type\":\"ImageObject\",\"inLanguage\":\"en-GB\",\"@id\":\"https:\\\/\\\/secure.gravatar.com\\\/avatar\\\/a88705a186ab0b67f3349bcbced506c09e37256fbaad0e7f3bd1a79b4599f589?s=96&d=monsterid&r=g79290610aa1a65c2b86eebc2ca5aee8f\",\"url\":\"https:\\\/\\\/secure.gravatar.com\\\/avatar\\\/a88705a186ab0b67f3349bcbced506c09e37256fbaad0e7f3bd1a79b4599f589?s=96&d=monsterid&r=g\",\"contentUrl\":\"https:\\\/\\\/secure.gravatar.com\\\/avatar\\\/a88705a186ab0b67f3349bcbced506c09e37256fbaad0e7f3bd1a79b4599f589?s=96&d=monsterid&r=g\",\"caption\":\"Andreea Tudor\"},\"description\":\"N\u0103scut\u0103 \u0219i crescut\u0103 \u00een Bucure\u0219ti, sus\u021bin\u0103toare a presei independente. A\u0219a am ajuns redactor la Buletin de Bucure\u0219ti. Fiind eu, \u00eens\u0103mi, parte a sistemului de \u00eenv\u0103\u021b\u0103m\u00e2nt rom\u00e2nesc \u0219i pasionat\u0103 de domeniul social, pun sub lup\u0103 tot ceea ce se \u00eent\u00e2mpl\u0103 \u00een sfera educa\u021biei. Cred cu t\u0103rie c\u0103 presa \u201epentru cet\u0103\u021beni\u201d este presa independent\u0103. Oamenii au nevoie de o informare corect\u0103 pentru a \u00een\u021belege pe deplin ce se \u00eent\u00e2mpl\u0103 \u00een jurul lor \u0219i pentru a lua ac\u021biune \u00eempotriva nedrept\u0103\u021bilor.\",\"url\":\"https:\\\/\\\/buletin.de\\\/bucuresti\\\/author\\\/andreeatudor\\\/\"}]}<\/script>\n<!-- \/ Yoast SEO Premium plugin. -->","yoast_head_json":{"title":"Perchezi\u0163ii DIICOT \u00een Bucure\u015fti, Olt \u015fi Teleorman, \u00eentr-un dosar care \u00eel vizeaz\u0103 pe Bercea Mondial - Buletin de Bucure\u0219ti","description":"Unsprezece perchezi\u0163ii au avut loc \u00een Capital\u0103 \u015fi alte dou\u0103 jude\u0163e, Olt \u015fi Teleorman, \u00eentr-un dosar de camat\u0103 \u015fi \u015fantaj, anun\u0163\u0103 DIICOT.","robots":{"index":"index","follow":"follow","max-snippet":"max-snippet:-1","max-image-preview":"max-image-preview:large","max-video-preview":"max-video-preview:-1"},"canonical":"https:\/\/buletin.de\/bucuresti\/perchezitii-diicot-in-bucuresti-olt-si-teleorman-intr-un-dosar-care-il-vizeaza-pe-bercea-mondial\/","og_locale":"en_GB","og_type":"article","og_title":"Perchezi\u0163ii DIICOT \u00een Bucure\u015fti, Olt \u015fi Teleorman, \u00eentr-un dosar care \u00eel vizeaz\u0103 pe Bercea Mondial","og_description":"Unsprezece perchezi\u0163ii au avut loc \u00een Capital\u0103 \u015fi alte dou\u0103 jude\u0163e, Olt \u015fi Teleorman, \u00eentr-un dosar de camat\u0103 \u015fi \u015fantaj, anun\u0163\u0103 DIICOT.","og_url":"https:\/\/buletin.de\/bucuresti\/perchezitii-diicot-in-bucuresti-olt-si-teleorman-intr-un-dosar-care-il-vizeaza-pe-bercea-mondial\/","og_site_name":"Buletin de Bucure\u0219ti","article_publisher":"https:\/\/www.facebook.com\/buletin.de.buc","article_published_time":"2025-04-02T07:24:01+00:00","article_modified_time":"2025-04-02T08:18:42+00:00","og_image":[{"width":697,"height":339,"url":"https:\/\/buletin.de\/bucuresti\/wp-content\/uploads\/2025\/04\/Perchezitii.png","type":"image\/png"}],"author":"Andreea Tudor","twitter_card":"summary_large_image","twitter_misc":{"Written by":"Andreea Tudor","Estimated reading time":"3 minutes"},"schema":{"@context":"https:\/\/schema.org","@graph":[{"@type":"Article","@id":"https:\/\/buletin.de\/bucuresti\/perchezitii-diicot-in-bucuresti-olt-si-teleorman-intr-un-dosar-care-il-vizeaza-pe-bercea-mondial\/#article","isPartOf":{"@id":"https:\/\/buletin.de\/bucuresti\/perchezitii-diicot-in-bucuresti-olt-si-teleorman-intr-un-dosar-care-il-vizeaza-pe-bercea-mondial\/"},"author":{"name":"Andreea Tudor","@id":"https:\/\/buletin.de\/bucuresti\/#\/schema\/person\/150590659efde715459d159da012f501"},"headline":"Perchezi\u0163ii DIICOT \u00een Bucure\u015fti, Olt \u015fi Teleorman, \u00eentr-un dosar care \u00eel vizeaz\u0103 pe Bercea Mondial","datePublished":"2025-04-02T07:24:01+00:00","dateModified":"2025-04-02T08:18:42+00:00","mainEntityOfPage":{"@id":"https:\/\/buletin.de\/bucuresti\/perchezitii-diicot-in-bucuresti-olt-si-teleorman-intr-un-dosar-care-il-vizeaza-pe-bercea-mondial\/"},"wordCount":548,"publisher":{"@id":"https:\/\/buletin.de\/bucuresti\/#organization"},"image":{"@id":"https:\/\/buletin.de\/bucuresti\/perchezitii-diicot-in-bucuresti-olt-si-teleorman-intr-un-dosar-care-il-vizeaza-pe-bercea-mondial\/#primaryimage"},"thumbnailUrl":"https:\/\/buletin.de\/bucuresti\/wp-content\/uploads\/2025\/04\/Perchezitii.png","keywords":["basescu","bercea mondial","camata","diicot","dosar penal","perchezitii","santaj"],"articleSection":["Articole","Eveniment","\u0218tiri"],"inLanguage":"en-GB","copyrightYear":"2025","copyrightHolder":{"@id":"https:\/\/buletin.de\/bucuresti\/#organization"}},{"@type":"WebPage","@id":"https:\/\/buletin.de\/bucuresti\/perchezitii-diicot-in-bucuresti-olt-si-teleorman-intr-un-dosar-care-il-vizeaza-pe-bercea-mondial\/","url":"https:\/\/buletin.de\/bucuresti\/perchezitii-diicot-in-bucuresti-olt-si-teleorman-intr-un-dosar-care-il-vizeaza-pe-bercea-mondial\/","name":"Perchezi\u0163ii DIICOT \u00een Bucure\u015fti, Olt \u015fi Teleorman, \u00eentr-un dosar care \u00eel vizeaz\u0103 pe Bercea Mondial - Buletin de Bucure\u0219ti","isPartOf":{"@id":"https:\/\/buletin.de\/bucuresti\/#website"},"primaryImageOfPage":{"@id":"https:\/\/buletin.de\/bucuresti\/perchezitii-diicot-in-bucuresti-olt-si-teleorman-intr-un-dosar-care-il-vizeaza-pe-bercea-mondial\/#primaryimage"},"image":{"@id":"https:\/\/buletin.de\/bucuresti\/perchezitii-diicot-in-bucuresti-olt-si-teleorman-intr-un-dosar-care-il-vizeaza-pe-bercea-mondial\/#primaryimage"},"thumbnailUrl":"https:\/\/buletin.de\/bucuresti\/wp-content\/uploads\/2025\/04\/Perchezitii.png","datePublished":"2025-04-02T07:24:01+00:00","dateModified":"2025-04-02T08:18:42+00:00","description":"Unsprezece perchezi\u0163ii au avut loc \u00een Capital\u0103 \u015fi alte dou\u0103 jude\u0163e, Olt \u015fi Teleorman, \u00eentr-un dosar de camat\u0103 \u015fi \u015fantaj, anun\u0163\u0103 DIICOT.","breadcrumb":{"@id":"https:\/\/buletin.de\/bucuresti\/perchezitii-diicot-in-bucuresti-olt-si-teleorman-intr-un-dosar-care-il-vizeaza-pe-bercea-mondial\/#breadcrumb"},"inLanguage":"en-GB","potentialAction":[{"@type":"ReadAction","target":["https:\/\/buletin.de\/bucuresti\/perchezitii-diicot-in-bucuresti-olt-si-teleorman-intr-un-dosar-care-il-vizeaza-pe-bercea-mondial\/"]}]},{"@type":"ImageObject","inLanguage":"en-GB","@id":"https:\/\/buletin.de\/bucuresti\/perchezitii-diicot-in-bucuresti-olt-si-teleorman-intr-un-dosar-care-il-vizeaza-pe-bercea-mondial\/#primaryimage","url":"https:\/\/buletin.de\/bucuresti\/wp-content\/uploads\/2025\/04\/Perchezitii.png","contentUrl":"https:\/\/buletin.de\/bucuresti\/wp-content\/uploads\/2025\/04\/Perchezitii.png","width":697,"height":339,"caption":"Perchezi\u0163ii DIICOT \u00een Bucure\u015fti, Olt \u015fi Teleorman, \u00eentr-un dosar care \u00eel vizeaz\u0103 pe Bercea Mondial. Foto: Captur\u0103 de ecran"},{"@type":"BreadcrumbList","@id":"https:\/\/buletin.de\/bucuresti\/perchezitii-diicot-in-bucuresti-olt-si-teleorman-intr-un-dosar-care-il-vizeaza-pe-bercea-mondial\/#breadcrumb","itemListElement":[{"@type":"ListItem","position":1,"name":"Acas\u0103","item":"https:\/\/buletin.de\/bucuresti\/"},{"@type":"ListItem","position":2,"name":"Perchezi\u0163ii DIICOT \u00een Bucure\u015fti, Olt \u015fi Teleorman, \u00eentr-un dosar care \u00eel vizeaz\u0103 pe Bercea Mondial"}]},{"@type":"WebSite","@id":"https:\/\/buletin.de\/bucuresti\/#website","url":"https:\/\/buletin.de\/bucuresti\/","name":"Buletin de Bucure\u0219ti","description":"\u0218tiri \u0219i investiga\u021bii esen\u021biale din capital\u0103","publisher":{"@id":"https:\/\/buletin.de\/bucuresti\/#organization"},"potentialAction":[{"@type":"SearchAction","target":{"@type":"EntryPoint","urlTemplate":"https:\/\/buletin.de\/bucuresti\/?s={search_term_string}"},"query-input":{"@type":"PropertyValueSpecification","valueRequired":true,"valueName":"search_term_string"}}],"inLanguage":"en-GB"},{"@type":"Organization","@id":"https:\/\/buletin.de\/bucuresti\/#organization","name":"Buletin de Bucure\u0219ti","url":"https:\/\/buletin.de\/bucuresti\/","logo":{"@type":"ImageObject","inLanguage":"en-GB","@id":"https:\/\/buletin.de\/bucuresti\/#\/schema\/logo\/image\/","url":"https:\/\/buletin.de\/bucuresti\/wp-content\/uploads\/logo-bdb-full-wide-vernil-transparent.png","contentUrl":"https:\/\/buletin.de\/bucuresti\/wp-content\/uploads\/logo-bdb-full-wide-vernil-transparent.png","width":1782,"height":626,"caption":"Buletin de Bucure\u0219ti"},"image":{"@id":"https:\/\/buletin.de\/bucuresti\/#\/schema\/logo\/image\/"},"sameAs":["https:\/\/www.facebook.com\/buletin.de.buc","https:\/\/www.instagram.com\/buletinde.bucuresti\/"]},{"@type":"Person","@id":"https:\/\/buletin.de\/bucuresti\/#\/schema\/person\/150590659efde715459d159da012f501","name":"Andreea Tudor","image":{"@type":"ImageObject","inLanguage":"en-GB","@id":"https:\/\/secure.gravatar.com\/avatar\/a88705a186ab0b67f3349bcbced506c09e37256fbaad0e7f3bd1a79b4599f589?s=96&d=monsterid&r=g79290610aa1a65c2b86eebc2ca5aee8f","url":"https:\/\/secure.gravatar.com\/avatar\/a88705a186ab0b67f3349bcbced506c09e37256fbaad0e7f3bd1a79b4599f589?s=96&d=monsterid&r=g","contentUrl":"https:\/\/secure.gravatar.com\/avatar\/a88705a186ab0b67f3349bcbced506c09e37256fbaad0e7f3bd1a79b4599f589?s=96&d=monsterid&r=g","caption":"Andreea Tudor"},"description":"N\u0103scut\u0103 \u0219i crescut\u0103 \u00een Bucure\u0219ti, sus\u021bin\u0103toare a presei independente. A\u0219a am ajuns redactor la Buletin de Bucure\u0219ti. Fiind eu, \u00eens\u0103mi, parte a sistemului de \u00eenv\u0103\u021b\u0103m\u00e2nt rom\u00e2nesc \u0219i pasionat\u0103 de domeniul social, pun sub lup\u0103 tot ceea ce se \u00eent\u00e2mpl\u0103 \u00een sfera educa\u021biei. Cred cu t\u0103rie c\u0103 presa \u201epentru cet\u0103\u021beni\u201d este presa independent\u0103. Oamenii au nevoie de o informare corect\u0103 pentru a \u00een\u021belege pe deplin ce se \u00eent\u00e2mpl\u0103 \u00een jurul lor \u0219i pentru a lua ac\u021biune \u00eempotriva nedrept\u0103\u021bilor.","url":"https:\/\/buletin.de\/bucuresti\/author\/andreeatudor\/"}]}},"authors":[{"term_id":22573,"user_id":55,"is_guest":0,"slug":"andreeatudor","display_name":"Andreea Tudor","avatar_url":"https:\/\/secure.gravatar.com\/avatar\/a88705a186ab0b67f3349bcbced506c09e37256fbaad0e7f3bd1a79b4599f589?s=96&d=monsterid&r=g","0":null,"1":"","2":"","3":"","4":"","5":"","6":"","7":"","8":""}],"_links":{"self":[{"href":"https:\/\/buletin.de\/bucuresti\/wp-json\/wp\/v2\/posts\/124943","targetHints":{"allow":["GET"]}}],"collection":[{"href":"https:\/\/buletin.de\/bucuresti\/wp-json\/wp\/v2\/posts"}],"about":[{"href":"https:\/\/buletin.de\/bucuresti\/wp-json\/wp\/v2\/types\/post"}],"author":[{"embeddable":true,"href":"https:\/\/buletin.de\/bucuresti\/wp-json\/wp\/v2\/users\/55"}],"replies":[{"embeddable":true,"href":"https:\/\/buletin.de\/bucuresti\/wp-json\/wp\/v2\/comments?post=124943"}],"version-history":[{"count":6,"href":"https:\/\/buletin.de\/bucuresti\/wp-json\/wp\/v2\/posts\/124943\/revisions"}],"predecessor-version":[{"id":124963,"href":"https:\/\/buletin.de\/bucuresti\/wp-json\/wp\/v2\/posts\/124943\/revisions\/124963"}],"wp:featuredmedia":[{"embeddable":true,"href":"https:\/\/buletin.de\/bucuresti\/wp-json\/wp\/v2\/media\/124946"}],"wp:attachment":[{"href":"https:\/\/buletin.de\/bucuresti\/wp-json\/wp\/v2\/media?parent=124943"}],"wp:term":[{"taxonomy":"category","embeddable":true,"href":"https:\/\/buletin.de\/bucuresti\/wp-json\/wp\/v2\/categories?post=124943"},{"taxonomy":"post_tag","embeddable":true,"href":"https:\/\/buletin.de\/bucuresti\/wp-json\/wp\/v2\/tags?post=124943"},{"taxonomy":"author","embeddable":true,"href":"https:\/\/buletin.de\/bucuresti\/wp-json\/wp\/v2\/ppma_author?post=124943"}],"curies":[{"name":"wp","href":"https:\/\/api.w.org\/{rel}","templated":true}]}}