{"id":12492,"date":"2020-09-24T14:59:20","date_gmt":"2020-09-24T12:59:20","guid":{"rendered":"https:\/\/buletin.de\/bucuresti\/?p=12492"},"modified":"2023-09-19T15:06:17","modified_gmt":"2023-09-19T13:06:17","slug":"editorial-puterea-senzorului-de-aer","status":"publish","type":"post","link":"https:\/\/buletin.de\/bucuresti\/editorial-puterea-senzorului-de-aer\/","title":{"rendered":"EDITORIAL | Puterea senzorului de aer"},"content":{"rendered":"\n<p><strong>\u201eAloo, Garda de Mediu?!? Domnu\u2019 Alexe, doamna Firea, ce face\u021bi, dormi\u021bi?\u201d, sunt doar c\u00e2teva dintre sintagmele, mai civilizate, care umplu internetul, de aproape un an de zile, atunci c\u00e2nd senzorii independen\u021bi de monitorizare a calit\u0103\u021bii aerului bat \u00een ro\u0219u.\u00a0<\/strong>\u00a0<\/p>\n\n\n\n<p>Dac\u0103 iarna trecut\u0103 e deja foarte departe,&nbsp;celebrele incendii de la Peri\u0219&nbsp;au \u021binut sus pe agenda public\u0103 problematica aerului \u00eemb\u00e2csit chiar \u0219i peste vara care tocmai a trecut.<\/p>\n\n\n\n<p>Asta de\u0219i vegeta\u021bia abundent\u0103 a mai oprit pulberile pe frunze, ambuteiajele s-au mai elasticizat pe fondul pandemiei, iar b\u0103tr\u00e2nele furnale ELCEN \u0219i miile de boilerele pe gaz din blocuri, c\u0103rora le spunem simandicos centrale de apartament, s-au mai calmat la r\u00e2ndul lor.<\/p>\n\n\n\n<p>S\u0103 mai aducem \u00een discu\u021bie z\u0103pada neagr\u0103 de la nivelul trotuarelor sau chinurile celor din Sectorul 1 care s\u0103reau speria\u021bi cu m\u00e2na la nas, \u00een toiul nop\u021bii, dup\u0103 ce detectoarele de gaze piuiau din cauza duhorii ce m\u0103tura mii de imobile&nbsp;dinspre Chiajna-Rudeni,&nbsp;ani la r\u00e2ndul?<\/p>\n\n\n\n<p>Ar fi irelevant s\u0103 spunem doar c\u0103 am devenit cu to\u021bii deodat\u0103 mai con\u0219tien\u021bi de pericolul \u00een care ne afl\u0103m, dac\u0103 nu am lua \u00een calcul senzorii de aer mai sus aminti\u021bi.<\/p>\n\n\n\n<p>Nu c\u0103 ar fi fost vreo inven\u021bie de ultim\u0103 or\u0103, ni\u0219te gadgeturi absolute, ci pur \u0219i simplu c\u0103 sunt ni\u0219te dispozitive fire\u0219ti care ne-au luminat \u0219i pe noi rom\u00e2nii, \u00een cele din urm\u0103.<\/p>\n\n\n\n<p>Sun\u0103 ur\u00e2t, \u0219tiu, dar c\u00e2\u021bi dintre noi aveau habar, \u00eenainte de nebunia asta, de re\u021beaua na\u021bional\u0103 de senzori de aer\u00a0plin\u0103 de sincope\u00a0\u0219i ale c\u0103rei baze au fost puse, prin fonduri Phare, la \u00eenceputul anilor 2000, practic acum aproape 20 de ani?<\/p>\n\n\n\n<p>Cite\u0219te continuarea pe <a href=\"https:\/\/mindcraftstories.ro\/tehnologie\/puterea-senzorului-de-aer\/\">mincrafts.ro<\/a><\/p>\n","protected":false},"excerpt":{"rendered":"<p>\u201eAloo, Garda de Mediu?!? Domnu\u2019 Alexe, doamna Firea, ce face\u021bi, dormi\u021bi?\u201d, sunt doar c\u00e2teva dintre sintagmele, mai civilizate, care umplu internetul, de aproape un an de zile, atunci c\u00e2nd senzorii independen\u021bi de monitorizare a calit\u0103\u021bii aerului bat \u00een ro\u0219u.\u00a0\u00a0 Dac\u0103 iarna trecut\u0103 e deja foarte departe,&nbsp;celebrele incendii de la Peri\u0219&nbsp;au \u021binut sus pe agenda public\u0103 [&hellip;]<\/p>\n","protected":false},"author":10,"featured_media":12493,"comment_status":"closed","ping_status":"open","sticky":false,"template":"","format":"standard","meta":{"_acf_changed":false,"inline_featured_image":false,"ngg_post_thumbnail":0,"footnotes":""},"categories":[41,109],"tags":[9,1217,1639,1638],"ppma_author":[22575],"class_list":["post-12492","post","type-post","status-publish","format-standard","has-post-thumbnail","hentry","category-editorial","category-mediu","tag-bucuresti","tag-calitate-aer","tag-preturi","tag-senzori-de-aer"],"acf":[],"yoast_head":"<!-- This site is optimized with the Yoast SEO Premium plugin v25.3 (Yoast SEO v27.5) - https:\/\/yoast.com\/product\/yoast-seo-premium-wordpress\/ -->\n<title>EDITORIAL | Puterea senzorului de aer - Buletin de Bucure\u0219ti<\/title>\n<meta name=\"robots\" content=\"index, follow, max-snippet:-1, max-image-preview:large, max-video-preview:-1\" \/>\n<link rel=\"canonical\" href=\"https:\/\/buletin.de\/bucuresti\/editorial-puterea-senzorului-de-aer\/\" \/>\n<meta property=\"og:locale\" content=\"en_GB\" \/>\n<meta property=\"og:type\" content=\"article\" \/>\n<meta property=\"og:title\" content=\"EDITORIAL | Puterea senzorului de aer\" \/>\n<meta property=\"og:description\" content=\"\u201eAloo, Garda de Mediu?!? Domnu\u2019 Alexe, doamna Firea, ce face\u021bi, dormi\u021bi?\u201d, sunt doar c\u00e2teva dintre sintagmele, mai civilizate, care umplu internetul, de aproape un an de zile, atunci c\u00e2nd senzorii independen\u021bi de monitorizare a calit\u0103\u021bii aerului bat \u00een ro\u0219u.\u00a0\u00a0 Dac\u0103 iarna trecut\u0103 e deja foarte departe,&nbsp;celebrele incendii de la Peri\u0219&nbsp;au \u021binut sus pe agenda public\u0103 [&hellip;]\" \/>\n<meta property=\"og:url\" content=\"https:\/\/buletin.de\/bucuresti\/editorial-puterea-senzorului-de-aer\/\" \/>\n<meta property=\"og:site_name\" content=\"Buletin de Bucure\u0219ti\" \/>\n<meta property=\"article:publisher\" content=\"https:\/\/www.facebook.com\/buletin.de.buc\" \/>\n<meta property=\"article:published_time\" content=\"2020-09-24T12:59:20+00:00\" \/>\n<meta property=\"article:modified_time\" content=\"2023-09-19T13:06:17+00:00\" \/>\n<meta property=\"og:image\" content=\"https:\/\/buletin.de\/bucuresti\/wp-content\/uploads\/cover-senzori.jpg\" \/>\n\t<meta property=\"og:image:width\" content=\"2437\" \/>\n\t<meta property=\"og:image:height\" content=\"800\" \/>\n\t<meta property=\"og:image:type\" content=\"image\/jpeg\" \/>\n<meta name=\"author\" content=\"C\u0103t\u0103lin Dosca\u0219\" \/>\n<meta name=\"twitter:card\" content=\"summary_large_image\" \/>\n<meta name=\"twitter:label1\" content=\"Written by\" \/>\n\t<meta name=\"twitter:data1\" content=\"C\u0103t\u0103lin Dosca\u0219\" \/>\n\t<meta name=\"twitter:label2\" content=\"Estimated reading time\" \/>\n\t<meta name=\"twitter:data2\" content=\"2 minutes\" \/>\n<script type=\"application\/ld+json\" class=\"yoast-schema-graph\">{\"@context\":\"https:\\\/\\\/schema.org\",\"@graph\":[{\"@type\":\"Article\",\"@id\":\"https:\\\/\\\/buletin.de\\\/bucuresti\\\/editorial-puterea-senzorului-de-aer\\\/#article\",\"isPartOf\":{\"@id\":\"https:\\\/\\\/buletin.de\\\/bucuresti\\\/editorial-puterea-senzorului-de-aer\\\/\"},\"author\":{\"name\":\"C\u0103t\u0103lin Dosca\u0219\",\"@id\":\"https:\\\/\\\/buletin.de\\\/bucuresti\\\/#\\\/schema\\\/person\\\/31117187ed4d0bdb0a4c7d6acc79d0f8\"},\"headline\":\"EDITORIAL | Puterea senzorului de aer\",\"datePublished\":\"2020-09-24T12:59:20+00:00\",\"dateModified\":\"2023-09-19T13:06:17+00:00\",\"mainEntityOfPage\":{\"@id\":\"https:\\\/\\\/buletin.de\\\/bucuresti\\\/editorial-puterea-senzorului-de-aer\\\/\"},\"wordCount\":313,\"publisher\":{\"@id\":\"https:\\\/\\\/buletin.de\\\/bucuresti\\\/#organization\"},\"image\":{\"@id\":\"https:\\\/\\\/buletin.de\\\/bucuresti\\\/editorial-puterea-senzorului-de-aer\\\/#primaryimage\"},\"thumbnailUrl\":\"https:\\\/\\\/buletin.de\\\/bucuresti\\\/wp-content\\\/uploads\\\/cover-senzori.jpg\",\"keywords\":[\"bucuresti\",\"calitate aer\",\"preturi\",\"senzori de aer\"],\"articleSection\":[\"Editorial\",\"Mediu\"],\"inLanguage\":\"en-GB\",\"copyrightYear\":\"2020\",\"copyrightHolder\":{\"@id\":\"https:\\\/\\\/buletin.de\\\/bucuresti\\\/#organization\"}},{\"@type\":\"WebPage\",\"@id\":\"https:\\\/\\\/buletin.de\\\/bucuresti\\\/editorial-puterea-senzorului-de-aer\\\/\",\"url\":\"https:\\\/\\\/buletin.de\\\/bucuresti\\\/editorial-puterea-senzorului-de-aer\\\/\",\"name\":\"EDITORIAL | Puterea senzorului de aer - Buletin de Bucure\u0219ti\",\"isPartOf\":{\"@id\":\"https:\\\/\\\/buletin.de\\\/bucuresti\\\/#website\"},\"primaryImageOfPage\":{\"@id\":\"https:\\\/\\\/buletin.de\\\/bucuresti\\\/editorial-puterea-senzorului-de-aer\\\/#primaryimage\"},\"image\":{\"@id\":\"https:\\\/\\\/buletin.de\\\/bucuresti\\\/editorial-puterea-senzorului-de-aer\\\/#primaryimage\"},\"thumbnailUrl\":\"https:\\\/\\\/buletin.de\\\/bucuresti\\\/wp-content\\\/uploads\\\/cover-senzori.jpg\",\"datePublished\":\"2020-09-24T12:59:20+00:00\",\"dateModified\":\"2023-09-19T13:06:17+00:00\",\"breadcrumb\":{\"@id\":\"https:\\\/\\\/buletin.de\\\/bucuresti\\\/editorial-puterea-senzorului-de-aer\\\/#breadcrumb\"},\"inLanguage\":\"en-GB\",\"potentialAction\":[{\"@type\":\"ReadAction\",\"target\":[\"https:\\\/\\\/buletin.de\\\/bucuresti\\\/editorial-puterea-senzorului-de-aer\\\/\"]}]},{\"@type\":\"ImageObject\",\"inLanguage\":\"en-GB\",\"@id\":\"https:\\\/\\\/buletin.de\\\/bucuresti\\\/editorial-puterea-senzorului-de-aer\\\/#primaryimage\",\"url\":\"https:\\\/\\\/buletin.de\\\/bucuresti\\\/wp-content\\\/uploads\\\/cover-senzori.jpg\",\"contentUrl\":\"https:\\\/\\\/buletin.de\\\/bucuresti\\\/wp-content\\\/uploads\\\/cover-senzori.jpg\",\"width\":2437,\"height\":800},{\"@type\":\"BreadcrumbList\",\"@id\":\"https:\\\/\\\/buletin.de\\\/bucuresti\\\/editorial-puterea-senzorului-de-aer\\\/#breadcrumb\",\"itemListElement\":[{\"@type\":\"ListItem\",\"position\":1,\"name\":\"Acas\u0103\",\"item\":\"https:\\\/\\\/buletin.de\\\/bucuresti\\\/\"},{\"@type\":\"ListItem\",\"position\":2,\"name\":\"EDITORIAL | Puterea senzorului de aer\"}]},{\"@type\":\"WebSite\",\"@id\":\"https:\\\/\\\/buletin.de\\\/bucuresti\\\/#website\",\"url\":\"https:\\\/\\\/buletin.de\\\/bucuresti\\\/\",\"name\":\"Buletin de Bucure\u0219ti\",\"description\":\"\u0218tiri \u0219i investiga\u021bii esen\u021biale din capital\u0103\",\"publisher\":{\"@id\":\"https:\\\/\\\/buletin.de\\\/bucuresti\\\/#organization\"},\"potentialAction\":[{\"@type\":\"SearchAction\",\"target\":{\"@type\":\"EntryPoint\",\"urlTemplate\":\"https:\\\/\\\/buletin.de\\\/bucuresti\\\/?s={search_term_string}\"},\"query-input\":{\"@type\":\"PropertyValueSpecification\",\"valueRequired\":true,\"valueName\":\"search_term_string\"}}],\"inLanguage\":\"en-GB\"},{\"@type\":\"Organization\",\"@id\":\"https:\\\/\\\/buletin.de\\\/bucuresti\\\/#organization\",\"name\":\"Buletin de Bucure\u0219ti\",\"url\":\"https:\\\/\\\/buletin.de\\\/bucuresti\\\/\",\"logo\":{\"@type\":\"ImageObject\",\"inLanguage\":\"en-GB\",\"@id\":\"https:\\\/\\\/buletin.de\\\/bucuresti\\\/#\\\/schema\\\/logo\\\/image\\\/\",\"url\":\"https:\\\/\\\/buletin.de\\\/bucuresti\\\/wp-content\\\/uploads\\\/logo-bdb-full-wide-vernil-transparent.png\",\"contentUrl\":\"https:\\\/\\\/buletin.de\\\/bucuresti\\\/wp-content\\\/uploads\\\/logo-bdb-full-wide-vernil-transparent.png\",\"width\":1782,\"height\":626,\"caption\":\"Buletin de Bucure\u0219ti\"},\"image\":{\"@id\":\"https:\\\/\\\/buletin.de\\\/bucuresti\\\/#\\\/schema\\\/logo\\\/image\\\/\"},\"sameAs\":[\"https:\\\/\\\/www.facebook.com\\\/buletin.de.buc\",\"https:\\\/\\\/www.instagram.com\\\/buletinde.bucuresti\\\/\"]},{\"@type\":\"Person\",\"@id\":\"https:\\\/\\\/buletin.de\\\/bucuresti\\\/#\\\/schema\\\/person\\\/31117187ed4d0bdb0a4c7d6acc79d0f8\",\"name\":\"C\u0103t\u0103lin Dosca\u0219\",\"image\":{\"@type\":\"ImageObject\",\"inLanguage\":\"en-GB\",\"@id\":\"https:\\\/\\\/buletin.de\\\/bucuresti\\\/wp-content\\\/uploads\\\/Catalin-Doscas-e1732731064764-96x96.jpga93e2943bb3b1c1f9ead823df6e6317a\",\"url\":\"https:\\\/\\\/buletin.de\\\/bucuresti\\\/wp-content\\\/uploads\\\/Catalin-Doscas-e1732731064764-96x96.jpg\",\"contentUrl\":\"https:\\\/\\\/buletin.de\\\/bucuresti\\\/wp-content\\\/uploads\\\/Catalin-Doscas-e1732731064764-96x96.jpg\",\"caption\":\"C\u0103t\u0103lin Dosca\u0219\"},\"description\":\"Reporter \u0219i redactor-\u0219ef Buletin de Bucure\u0219ti. Lucreaz\u0103 \u00een mass-media de la v\u00e2rsta de 15 ani, c\u00e2nd a publicat primele articole \u00een presa local\u0103 din Tecuci. \u00cen Bucure\u0219ti a lucrat \u00een redac\u021bii radio ca reporter, redactor \u0219i prezentator (StudentFM, Na\u021bionalFM, Radio Total, Smart FM), unde a acoperit domeniile politic, economic, social \u0219i externe. Ulterior, a fost editor-coordonator al postului Realitatea FM. Experien\u021ba \u00een jurnalismul online a dob\u00e2ndit-o la portalul B365.ro, unde a fost editor. \u00cen 2012 s-a angajat \u00een televiziune. La Realitatea TV a fost, pe r\u00e2nd, reporter la sec\u021bia Social, reporter special la emisiunea de reportaje \u0219i anchete \u201eReporterii Realit\u0103\u021bii\u201d, dar \u0219i editor al jurnalelor de \u0219tiri. Ulterior, a f\u0103cut parte din sec\u021bia de Investiga\u021bii de la Digi24 \u0219i a lucrat la campania \u201eRom\u00e2nia furat\u0103\u201d. A revenit \u00een presa scris\u0103 \u00een 2017, ca reporter special, \u00een cadrul unui proiect de repozi\u021bionare a tabloidului Libertatea \u00een cotidian generalist. Este jurnalist Buletin de Bucure\u0219ti din 2019.\",\"url\":\"https:\\\/\\\/buletin.de\\\/bucuresti\\\/author\\\/catalin\\\/\"}]}<\/script>\n<!-- \/ Yoast SEO Premium plugin. -->","yoast_head_json":{"title":"EDITORIAL | Puterea senzorului de aer - Buletin de Bucure\u0219ti","robots":{"index":"index","follow":"follow","max-snippet":"max-snippet:-1","max-image-preview":"max-image-preview:large","max-video-preview":"max-video-preview:-1"},"canonical":"https:\/\/buletin.de\/bucuresti\/editorial-puterea-senzorului-de-aer\/","og_locale":"en_GB","og_type":"article","og_title":"EDITORIAL | Puterea senzorului de aer","og_description":"\u201eAloo, Garda de Mediu?!? Domnu\u2019 Alexe, doamna Firea, ce face\u021bi, dormi\u021bi?\u201d, sunt doar c\u00e2teva dintre sintagmele, mai civilizate, care umplu internetul, de aproape un an de zile, atunci c\u00e2nd senzorii independen\u021bi de monitorizare a calit\u0103\u021bii aerului bat \u00een ro\u0219u.\u00a0\u00a0 Dac\u0103 iarna trecut\u0103 e deja foarte departe,&nbsp;celebrele incendii de la Peri\u0219&nbsp;au \u021binut sus pe agenda public\u0103 [&hellip;]","og_url":"https:\/\/buletin.de\/bucuresti\/editorial-puterea-senzorului-de-aer\/","og_site_name":"Buletin de Bucure\u0219ti","article_publisher":"https:\/\/www.facebook.com\/buletin.de.buc","article_published_time":"2020-09-24T12:59:20+00:00","article_modified_time":"2023-09-19T13:06:17+00:00","og_image":[{"width":2437,"height":800,"url":"https:\/\/buletin.de\/bucuresti\/wp-content\/uploads\/cover-senzori.jpg","type":"image\/jpeg"}],"author":"C\u0103t\u0103lin Dosca\u0219","twitter_card":"summary_large_image","twitter_misc":{"Written by":"C\u0103t\u0103lin Dosca\u0219","Estimated reading time":"2 minutes"},"schema":{"@context":"https:\/\/schema.org","@graph":[{"@type":"Article","@id":"https:\/\/buletin.de\/bucuresti\/editorial-puterea-senzorului-de-aer\/#article","isPartOf":{"@id":"https:\/\/buletin.de\/bucuresti\/editorial-puterea-senzorului-de-aer\/"},"author":{"name":"C\u0103t\u0103lin Dosca\u0219","@id":"https:\/\/buletin.de\/bucuresti\/#\/schema\/person\/31117187ed4d0bdb0a4c7d6acc79d0f8"},"headline":"EDITORIAL | Puterea senzorului de aer","datePublished":"2020-09-24T12:59:20+00:00","dateModified":"2023-09-19T13:06:17+00:00","mainEntityOfPage":{"@id":"https:\/\/buletin.de\/bucuresti\/editorial-puterea-senzorului-de-aer\/"},"wordCount":313,"publisher":{"@id":"https:\/\/buletin.de\/bucuresti\/#organization"},"image":{"@id":"https:\/\/buletin.de\/bucuresti\/editorial-puterea-senzorului-de-aer\/#primaryimage"},"thumbnailUrl":"https:\/\/buletin.de\/bucuresti\/wp-content\/uploads\/cover-senzori.jpg","keywords":["bucuresti","calitate aer","preturi","senzori de aer"],"articleSection":["Editorial","Mediu"],"inLanguage":"en-GB","copyrightYear":"2020","copyrightHolder":{"@id":"https:\/\/buletin.de\/bucuresti\/#organization"}},{"@type":"WebPage","@id":"https:\/\/buletin.de\/bucuresti\/editorial-puterea-senzorului-de-aer\/","url":"https:\/\/buletin.de\/bucuresti\/editorial-puterea-senzorului-de-aer\/","name":"EDITORIAL | Puterea senzorului de aer - Buletin de Bucure\u0219ti","isPartOf":{"@id":"https:\/\/buletin.de\/bucuresti\/#website"},"primaryImageOfPage":{"@id":"https:\/\/buletin.de\/bucuresti\/editorial-puterea-senzorului-de-aer\/#primaryimage"},"image":{"@id":"https:\/\/buletin.de\/bucuresti\/editorial-puterea-senzorului-de-aer\/#primaryimage"},"thumbnailUrl":"https:\/\/buletin.de\/bucuresti\/wp-content\/uploads\/cover-senzori.jpg","datePublished":"2020-09-24T12:59:20+00:00","dateModified":"2023-09-19T13:06:17+00:00","breadcrumb":{"@id":"https:\/\/buletin.de\/bucuresti\/editorial-puterea-senzorului-de-aer\/#breadcrumb"},"inLanguage":"en-GB","potentialAction":[{"@type":"ReadAction","target":["https:\/\/buletin.de\/bucuresti\/editorial-puterea-senzorului-de-aer\/"]}]},{"@type":"ImageObject","inLanguage":"en-GB","@id":"https:\/\/buletin.de\/bucuresti\/editorial-puterea-senzorului-de-aer\/#primaryimage","url":"https:\/\/buletin.de\/bucuresti\/wp-content\/uploads\/cover-senzori.jpg","contentUrl":"https:\/\/buletin.de\/bucuresti\/wp-content\/uploads\/cover-senzori.jpg","width":2437,"height":800},{"@type":"BreadcrumbList","@id":"https:\/\/buletin.de\/bucuresti\/editorial-puterea-senzorului-de-aer\/#breadcrumb","itemListElement":[{"@type":"ListItem","position":1,"name":"Acas\u0103","item":"https:\/\/buletin.de\/bucuresti\/"},{"@type":"ListItem","position":2,"name":"EDITORIAL | Puterea senzorului de aer"}]},{"@type":"WebSite","@id":"https:\/\/buletin.de\/bucuresti\/#website","url":"https:\/\/buletin.de\/bucuresti\/","name":"Buletin de Bucure\u0219ti","description":"\u0218tiri \u0219i investiga\u021bii esen\u021biale din capital\u0103","publisher":{"@id":"https:\/\/buletin.de\/bucuresti\/#organization"},"potentialAction":[{"@type":"SearchAction","target":{"@type":"EntryPoint","urlTemplate":"https:\/\/buletin.de\/bucuresti\/?s={search_term_string}"},"query-input":{"@type":"PropertyValueSpecification","valueRequired":true,"valueName":"search_term_string"}}],"inLanguage":"en-GB"},{"@type":"Organization","@id":"https:\/\/buletin.de\/bucuresti\/#organization","name":"Buletin de Bucure\u0219ti","url":"https:\/\/buletin.de\/bucuresti\/","logo":{"@type":"ImageObject","inLanguage":"en-GB","@id":"https:\/\/buletin.de\/bucuresti\/#\/schema\/logo\/image\/","url":"https:\/\/buletin.de\/bucuresti\/wp-content\/uploads\/logo-bdb-full-wide-vernil-transparent.png","contentUrl":"https:\/\/buletin.de\/bucuresti\/wp-content\/uploads\/logo-bdb-full-wide-vernil-transparent.png","width":1782,"height":626,"caption":"Buletin de Bucure\u0219ti"},"image":{"@id":"https:\/\/buletin.de\/bucuresti\/#\/schema\/logo\/image\/"},"sameAs":["https:\/\/www.facebook.com\/buletin.de.buc","https:\/\/www.instagram.com\/buletinde.bucuresti\/"]},{"@type":"Person","@id":"https:\/\/buletin.de\/bucuresti\/#\/schema\/person\/31117187ed4d0bdb0a4c7d6acc79d0f8","name":"C\u0103t\u0103lin Dosca\u0219","image":{"@type":"ImageObject","inLanguage":"en-GB","@id":"https:\/\/buletin.de\/bucuresti\/wp-content\/uploads\/Catalin-Doscas-e1732731064764-96x96.jpga93e2943bb3b1c1f9ead823df6e6317a","url":"https:\/\/buletin.de\/bucuresti\/wp-content\/uploads\/Catalin-Doscas-e1732731064764-96x96.jpg","contentUrl":"https:\/\/buletin.de\/bucuresti\/wp-content\/uploads\/Catalin-Doscas-e1732731064764-96x96.jpg","caption":"C\u0103t\u0103lin Dosca\u0219"},"description":"Reporter \u0219i redactor-\u0219ef Buletin de Bucure\u0219ti. Lucreaz\u0103 \u00een mass-media de la v\u00e2rsta de 15 ani, c\u00e2nd a publicat primele articole \u00een presa local\u0103 din Tecuci. \u00cen Bucure\u0219ti a lucrat \u00een redac\u021bii radio ca reporter, redactor \u0219i prezentator (StudentFM, Na\u021bionalFM, Radio Total, Smart FM), unde a acoperit domeniile politic, economic, social \u0219i externe. Ulterior, a fost editor-coordonator al postului Realitatea FM. Experien\u021ba \u00een jurnalismul online a dob\u00e2ndit-o la portalul B365.ro, unde a fost editor. \u00cen 2012 s-a angajat \u00een televiziune. La Realitatea TV a fost, pe r\u00e2nd, reporter la sec\u021bia Social, reporter special la emisiunea de reportaje \u0219i anchete \u201eReporterii Realit\u0103\u021bii\u201d, dar \u0219i editor al jurnalelor de \u0219tiri. Ulterior, a f\u0103cut parte din sec\u021bia de Investiga\u021bii de la Digi24 \u0219i a lucrat la campania \u201eRom\u00e2nia furat\u0103\u201d. A revenit \u00een presa scris\u0103 \u00een 2017, ca reporter special, \u00een cadrul unui proiect de repozi\u021bionare a tabloidului Libertatea \u00een cotidian generalist. Este jurnalist Buletin de Bucure\u0219ti din 2019.","url":"https:\/\/buletin.de\/bucuresti\/author\/catalin\/"}]}},"authors":[{"term_id":22575,"user_id":10,"is_guest":0,"slug":"catalin","display_name":"C\u0103t\u0103lin Dosca\u0219","avatar_url":"https:\/\/buletin.de\/bucuresti\/wp-content\/uploads\/Catalin-Doscas-e1732731064764-96x96.jpg","0":null,"1":"","2":"","3":"","4":"","5":"","6":"","7":"","8":""}],"_links":{"self":[{"href":"https:\/\/buletin.de\/bucuresti\/wp-json\/wp\/v2\/posts\/12492","targetHints":{"allow":["GET"]}}],"collection":[{"href":"https:\/\/buletin.de\/bucuresti\/wp-json\/wp\/v2\/posts"}],"about":[{"href":"https:\/\/buletin.de\/bucuresti\/wp-json\/wp\/v2\/types\/post"}],"author":[{"embeddable":true,"href":"https:\/\/buletin.de\/bucuresti\/wp-json\/wp\/v2\/users\/10"}],"replies":[{"embeddable":true,"href":"https:\/\/buletin.de\/bucuresti\/wp-json\/wp\/v2\/comments?post=12492"}],"version-history":[{"count":2,"href":"https:\/\/buletin.de\/bucuresti\/wp-json\/wp\/v2\/posts\/12492\/revisions"}],"predecessor-version":[{"id":12495,"href":"https:\/\/buletin.de\/bucuresti\/wp-json\/wp\/v2\/posts\/12492\/revisions\/12495"}],"wp:featuredmedia":[{"embeddable":true,"href":"https:\/\/buletin.de\/bucuresti\/wp-json\/wp\/v2\/media\/12493"}],"wp:attachment":[{"href":"https:\/\/buletin.de\/bucuresti\/wp-json\/wp\/v2\/media?parent=12492"}],"wp:term":[{"taxonomy":"category","embeddable":true,"href":"https:\/\/buletin.de\/bucuresti\/wp-json\/wp\/v2\/categories?post=12492"},{"taxonomy":"post_tag","embeddable":true,"href":"https:\/\/buletin.de\/bucuresti\/wp-json\/wp\/v2\/tags?post=12492"},{"taxonomy":"author","embeddable":true,"href":"https:\/\/buletin.de\/bucuresti\/wp-json\/wp\/v2\/ppma_author?post=12492"}],"curies":[{"name":"wp","href":"https:\/\/api.w.org\/{rel}","templated":true}]}}