{"id":12473,"date":"2020-09-26T12:59:31","date_gmt":"2020-09-26T09:59:31","guid":{"rendered":"https:\/\/buletin.de\/bucuresti\/?p=12473"},"modified":"2020-09-26T12:59:31","modified_gmt":"2020-09-26T09:59:31","slug":"cum-votam-la-locale-cu-buletinul-masca-si-mainile-curate","status":"publish","type":"post","link":"https:\/\/buletin.de\/bucuresti\/cum-votam-la-locale-cu-buletinul-masca-si-mainile-curate\/","title":{"rendered":"Cum vot\u0103m la locale? Cu buletinul, masca \u0219i m\u00e2inile curate"},"content":{"rendered":"\n<p><strong>Criza de coronavirus a schimbat modul \u00een care rom\u00e2nii \u00ee\u0219i vor vota duminic\u0103 27 septembrie primarii, consilierii locali, consilierii jude\u021beni \u0219i pre\u0219edin\u021bii Consiliilor Jude\u021bene. Anul acesta, masca de protec\u021bie \u0219i m\u00e2inile curate sunt la fel de importante ca buletinul, \u0219i aleg\u0103torii sunt sf\u0103tui\u021bi s\u0103 vin\u0103 cu pixul de acas\u0103.<\/strong> <\/p>\n\n\n\n<div class=\"infogram-embed\" data-id=\"85e0c287-a4e0-4508-8165-7f32e79525f6\" data-type=\"interactive\" data-title=\"Vot reguli\"><\/div><script>!function(e,i,n,s){var t=\"InfogramEmbeds\",d=e.getElementsByTagName(\"script\")[0];if(window[t]&&window[t].initialized)window[t].process&&window[t].process();else if(!e.getElementById(n)){var o=e.createElement(\"script\");o.async=1,o.id=n,o.src=\"https:\/\/e.infogram.com\/js\/dist\/embed-loader-min.js\",d.parentNode.insertBefore(o,d)}}(document,0,\"infogram-async\");<\/script>\n\n\n\n<p><\/p>\n","protected":false},"excerpt":{"rendered":"<p>Criza de coronavirus a schimbat modul \u00een care rom\u00e2nii \u00ee\u0219i vor vota duminic\u0103 27 septembrie primarii, consilierii locali, consilierii jude\u021beni \u0219i pre\u0219edin\u021bii Consiliilor Jude\u021bene. Anul acesta, masca de protec\u021bie \u0219i m\u00e2inile curate sunt la fel de importante ca buletinul, \u0219i aleg\u0103torii sunt sf\u0103tui\u021bi s\u0103 vin\u0103 cu pixul de acas\u0103.<\/p>\n","protected":false},"author":15,"featured_media":12480,"comment_status":"closed","ping_status":"open","sticky":false,"template":"","format":"standard","meta":{"_acf_changed":false,"inline_featured_image":false,"ngg_post_thumbnail":0,"footnotes":""},"categories":[996,1113,24],"tags":[363,1633,802,1356,1444,35,368],"ppma_author":[22592],"class_list":["post-12473","post","type-post","status-publish","format-standard","has-post-thumbnail","hentry","category-covid-19","category-locale-2020","category-primarie","tag-alegeri","tag-consiliu-judetean","tag-consiliu-local","tag-locale-2020","tag-locale-2020-bucuresti","tag-primarie","tag-vot"],"acf":[],"yoast_head":"<!-- This site is optimized with the Yoast SEO Premium plugin v25.3 (Yoast SEO v27.4) - https:\/\/yoast.com\/product\/yoast-seo-premium-wordpress\/ -->\n<title>Cum vot\u0103m la locale? Cu buletinul, masca \u0219i m\u00e2inile curate - Buletin de Bucure\u0219ti<\/title>\n<meta name=\"robots\" content=\"index, follow, max-snippet:-1, max-image-preview:large, max-video-preview:-1\" \/>\n<link rel=\"canonical\" href=\"https:\/\/buletin.de\/bucuresti\/cum-votam-la-locale-cu-buletinul-masca-si-mainile-curate\/\" \/>\n<meta property=\"og:locale\" content=\"en_GB\" \/>\n<meta property=\"og:type\" content=\"article\" \/>\n<meta property=\"og:title\" content=\"Cum vot\u0103m la locale? Cu buletinul, masca \u0219i m\u00e2inile curate\" \/>\n<meta property=\"og:description\" content=\"Criza de coronavirus a schimbat modul \u00een care rom\u00e2nii \u00ee\u0219i vor vota duminic\u0103 27 septembrie primarii, consilierii locali, consilierii jude\u021beni \u0219i pre\u0219edin\u021bii Consiliilor Jude\u021bene. Anul acesta, masca de protec\u021bie \u0219i m\u00e2inile curate sunt la fel de importante ca buletinul, \u0219i aleg\u0103torii sunt sf\u0103tui\u021bi s\u0103 vin\u0103 cu pixul de acas\u0103.\" \/>\n<meta property=\"og:url\" content=\"https:\/\/buletin.de\/bucuresti\/cum-votam-la-locale-cu-buletinul-masca-si-mainile-curate\/\" \/>\n<meta property=\"og:site_name\" content=\"Buletin de Bucure\u0219ti\" \/>\n<meta property=\"article:publisher\" content=\"https:\/\/www.facebook.com\/buletin.de.buc\" \/>\n<meta property=\"article:published_time\" content=\"2020-09-26T09:59:31+00:00\" \/>\n<meta property=\"og:image\" content=\"https:\/\/buletin.de\/bucuresti\/wp-content\/uploads\/Screenshot-2020-09-24-at-13.01.42.png\" \/>\n\t<meta property=\"og:image:width\" content=\"1164\" \/>\n\t<meta property=\"og:image:height\" content=\"922\" \/>\n\t<meta property=\"og:image:type\" content=\"image\/png\" \/>\n<meta name=\"author\" content=\"Irina Anghel\" \/>\n<meta name=\"twitter:card\" content=\"summary_large_image\" \/>\n<meta name=\"twitter:label1\" content=\"Written by\" \/>\n\t<meta name=\"twitter:data1\" content=\"Irina Anghel\" \/>\n<script type=\"application\/ld+json\" class=\"yoast-schema-graph\">{\"@context\":\"https:\\\/\\\/schema.org\",\"@graph\":[{\"@type\":\"Article\",\"@id\":\"https:\\\/\\\/buletin.de\\\/bucuresti\\\/cum-votam-la-locale-cu-buletinul-masca-si-mainile-curate\\\/#article\",\"isPartOf\":{\"@id\":\"https:\\\/\\\/buletin.de\\\/bucuresti\\\/cum-votam-la-locale-cu-buletinul-masca-si-mainile-curate\\\/\"},\"author\":{\"name\":\"Irina Anghel\",\"@id\":\"https:\\\/\\\/buletin.de\\\/bucuresti\\\/#\\\/schema\\\/person\\\/7a01591ad05c4d2c7261fe7f0383d2af\"},\"headline\":\"Cum vot\u0103m la locale? Cu buletinul, masca \u0219i m\u00e2inile curate\",\"datePublished\":\"2020-09-26T09:59:31+00:00\",\"mainEntityOfPage\":{\"@id\":\"https:\\\/\\\/buletin.de\\\/bucuresti\\\/cum-votam-la-locale-cu-buletinul-masca-si-mainile-curate\\\/\"},\"wordCount\":70,\"publisher\":{\"@id\":\"https:\\\/\\\/buletin.de\\\/bucuresti\\\/#organization\"},\"image\":{\"@id\":\"https:\\\/\\\/buletin.de\\\/bucuresti\\\/cum-votam-la-locale-cu-buletinul-masca-si-mainile-curate\\\/#primaryimage\"},\"thumbnailUrl\":\"https:\\\/\\\/buletin.de\\\/bucuresti\\\/wp-content\\\/uploads\\\/Screenshot-2020-09-24-at-13.01.42.png\",\"keywords\":[\"alegeri\",\"consiliu judetean\",\"consiliu local\",\"locale 2020\",\"locale 2020 bucuresti\",\"primarie\",\"vot\"],\"articleSection\":[\"Covid-19\",\"Locale 2020\",\"Prim\u0103rie\"],\"inLanguage\":\"en-GB\",\"copyrightYear\":\"2020\",\"copyrightHolder\":{\"@id\":\"https:\\\/\\\/buletin.de\\\/bucuresti\\\/#organization\"}},{\"@type\":\"WebPage\",\"@id\":\"https:\\\/\\\/buletin.de\\\/bucuresti\\\/cum-votam-la-locale-cu-buletinul-masca-si-mainile-curate\\\/\",\"url\":\"https:\\\/\\\/buletin.de\\\/bucuresti\\\/cum-votam-la-locale-cu-buletinul-masca-si-mainile-curate\\\/\",\"name\":\"Cum vot\u0103m la locale? Cu buletinul, masca \u0219i m\u00e2inile curate - Buletin de Bucure\u0219ti\",\"isPartOf\":{\"@id\":\"https:\\\/\\\/buletin.de\\\/bucuresti\\\/#website\"},\"primaryImageOfPage\":{\"@id\":\"https:\\\/\\\/buletin.de\\\/bucuresti\\\/cum-votam-la-locale-cu-buletinul-masca-si-mainile-curate\\\/#primaryimage\"},\"image\":{\"@id\":\"https:\\\/\\\/buletin.de\\\/bucuresti\\\/cum-votam-la-locale-cu-buletinul-masca-si-mainile-curate\\\/#primaryimage\"},\"thumbnailUrl\":\"https:\\\/\\\/buletin.de\\\/bucuresti\\\/wp-content\\\/uploads\\\/Screenshot-2020-09-24-at-13.01.42.png\",\"datePublished\":\"2020-09-26T09:59:31+00:00\",\"breadcrumb\":{\"@id\":\"https:\\\/\\\/buletin.de\\\/bucuresti\\\/cum-votam-la-locale-cu-buletinul-masca-si-mainile-curate\\\/#breadcrumb\"},\"inLanguage\":\"en-GB\",\"potentialAction\":[{\"@type\":\"ReadAction\",\"target\":[\"https:\\\/\\\/buletin.de\\\/bucuresti\\\/cum-votam-la-locale-cu-buletinul-masca-si-mainile-curate\\\/\"]}]},{\"@type\":\"ImageObject\",\"inLanguage\":\"en-GB\",\"@id\":\"https:\\\/\\\/buletin.de\\\/bucuresti\\\/cum-votam-la-locale-cu-buletinul-masca-si-mainile-curate\\\/#primaryimage\",\"url\":\"https:\\\/\\\/buletin.de\\\/bucuresti\\\/wp-content\\\/uploads\\\/Screenshot-2020-09-24-at-13.01.42.png\",\"contentUrl\":\"https:\\\/\\\/buletin.de\\\/bucuresti\\\/wp-content\\\/uploads\\\/Screenshot-2020-09-24-at-13.01.42.png\",\"width\":1164,\"height\":922},{\"@type\":\"BreadcrumbList\",\"@id\":\"https:\\\/\\\/buletin.de\\\/bucuresti\\\/cum-votam-la-locale-cu-buletinul-masca-si-mainile-curate\\\/#breadcrumb\",\"itemListElement\":[{\"@type\":\"ListItem\",\"position\":1,\"name\":\"Acas\u0103\",\"item\":\"https:\\\/\\\/buletin.de\\\/bucuresti\\\/\"},{\"@type\":\"ListItem\",\"position\":2,\"name\":\"Cum vot\u0103m la locale? Cu buletinul, masca \u0219i m\u00e2inile curate\"}]},{\"@type\":\"WebSite\",\"@id\":\"https:\\\/\\\/buletin.de\\\/bucuresti\\\/#website\",\"url\":\"https:\\\/\\\/buletin.de\\\/bucuresti\\\/\",\"name\":\"Buletin de Bucure\u0219ti\",\"description\":\"\u0218tiri \u0219i investiga\u021bii esen\u021biale din capital\u0103\",\"publisher\":{\"@id\":\"https:\\\/\\\/buletin.de\\\/bucuresti\\\/#organization\"},\"potentialAction\":[{\"@type\":\"SearchAction\",\"target\":{\"@type\":\"EntryPoint\",\"urlTemplate\":\"https:\\\/\\\/buletin.de\\\/bucuresti\\\/?s={search_term_string}\"},\"query-input\":{\"@type\":\"PropertyValueSpecification\",\"valueRequired\":true,\"valueName\":\"search_term_string\"}}],\"inLanguage\":\"en-GB\"},{\"@type\":\"Organization\",\"@id\":\"https:\\\/\\\/buletin.de\\\/bucuresti\\\/#organization\",\"name\":\"Buletin de Bucure\u0219ti\",\"url\":\"https:\\\/\\\/buletin.de\\\/bucuresti\\\/\",\"logo\":{\"@type\":\"ImageObject\",\"inLanguage\":\"en-GB\",\"@id\":\"https:\\\/\\\/buletin.de\\\/bucuresti\\\/#\\\/schema\\\/logo\\\/image\\\/\",\"url\":\"https:\\\/\\\/buletin.de\\\/bucuresti\\\/wp-content\\\/uploads\\\/logo-bdb-full-wide-vernil-transparent.png\",\"contentUrl\":\"https:\\\/\\\/buletin.de\\\/bucuresti\\\/wp-content\\\/uploads\\\/logo-bdb-full-wide-vernil-transparent.png\",\"width\":1782,\"height\":626,\"caption\":\"Buletin de Bucure\u0219ti\"},\"image\":{\"@id\":\"https:\\\/\\\/buletin.de\\\/bucuresti\\\/#\\\/schema\\\/logo\\\/image\\\/\"},\"sameAs\":[\"https:\\\/\\\/www.facebook.com\\\/buletin.de.buc\",\"https:\\\/\\\/www.instagram.com\\\/buletinde.bucuresti\\\/\"]},{\"@type\":\"Person\",\"@id\":\"https:\\\/\\\/buletin.de\\\/bucuresti\\\/#\\\/schema\\\/person\\\/7a01591ad05c4d2c7261fe7f0383d2af\",\"name\":\"Irina Anghel\",\"image\":{\"@type\":\"ImageObject\",\"inLanguage\":\"en-GB\",\"@id\":\"https:\\\/\\\/secure.gravatar.com\\\/avatar\\\/e7d429cbd0c7fe915f817961c0ffb96b407bc87e15aa35cee85f77146f8cce7e?s=96&d=monsterid&r=g693374df2a66e3f4935d210ea15b95ff\",\"url\":\"https:\\\/\\\/secure.gravatar.com\\\/avatar\\\/e7d429cbd0c7fe915f817961c0ffb96b407bc87e15aa35cee85f77146f8cce7e?s=96&d=monsterid&r=g\",\"contentUrl\":\"https:\\\/\\\/secure.gravatar.com\\\/avatar\\\/e7d429cbd0c7fe915f817961c0ffb96b407bc87e15aa35cee85f77146f8cce7e?s=96&d=monsterid&r=g\",\"caption\":\"Irina Anghel\"},\"url\":\"https:\\\/\\\/buletin.de\\\/bucuresti\\\/author\\\/irina\\\/\"}]}<\/script>\n<!-- \/ Yoast SEO Premium plugin. -->","yoast_head_json":{"title":"Cum vot\u0103m la locale? Cu buletinul, masca \u0219i m\u00e2inile curate - Buletin de Bucure\u0219ti","robots":{"index":"index","follow":"follow","max-snippet":"max-snippet:-1","max-image-preview":"max-image-preview:large","max-video-preview":"max-video-preview:-1"},"canonical":"https:\/\/buletin.de\/bucuresti\/cum-votam-la-locale-cu-buletinul-masca-si-mainile-curate\/","og_locale":"en_GB","og_type":"article","og_title":"Cum vot\u0103m la locale? Cu buletinul, masca \u0219i m\u00e2inile curate","og_description":"Criza de coronavirus a schimbat modul \u00een care rom\u00e2nii \u00ee\u0219i vor vota duminic\u0103 27 septembrie primarii, consilierii locali, consilierii jude\u021beni \u0219i pre\u0219edin\u021bii Consiliilor Jude\u021bene. Anul acesta, masca de protec\u021bie \u0219i m\u00e2inile curate sunt la fel de importante ca buletinul, \u0219i aleg\u0103torii sunt sf\u0103tui\u021bi s\u0103 vin\u0103 cu pixul de acas\u0103.","og_url":"https:\/\/buletin.de\/bucuresti\/cum-votam-la-locale-cu-buletinul-masca-si-mainile-curate\/","og_site_name":"Buletin de Bucure\u0219ti","article_publisher":"https:\/\/www.facebook.com\/buletin.de.buc","article_published_time":"2020-09-26T09:59:31+00:00","og_image":[{"width":1164,"height":922,"url":"https:\/\/buletin.de\/bucuresti\/wp-content\/uploads\/Screenshot-2020-09-24-at-13.01.42.png","type":"image\/png"}],"author":"Irina Anghel","twitter_card":"summary_large_image","twitter_misc":{"Written by":"Irina Anghel"},"schema":{"@context":"https:\/\/schema.org","@graph":[{"@type":"Article","@id":"https:\/\/buletin.de\/bucuresti\/cum-votam-la-locale-cu-buletinul-masca-si-mainile-curate\/#article","isPartOf":{"@id":"https:\/\/buletin.de\/bucuresti\/cum-votam-la-locale-cu-buletinul-masca-si-mainile-curate\/"},"author":{"name":"Irina Anghel","@id":"https:\/\/buletin.de\/bucuresti\/#\/schema\/person\/7a01591ad05c4d2c7261fe7f0383d2af"},"headline":"Cum vot\u0103m la locale? Cu buletinul, masca \u0219i m\u00e2inile curate","datePublished":"2020-09-26T09:59:31+00:00","mainEntityOfPage":{"@id":"https:\/\/buletin.de\/bucuresti\/cum-votam-la-locale-cu-buletinul-masca-si-mainile-curate\/"},"wordCount":70,"publisher":{"@id":"https:\/\/buletin.de\/bucuresti\/#organization"},"image":{"@id":"https:\/\/buletin.de\/bucuresti\/cum-votam-la-locale-cu-buletinul-masca-si-mainile-curate\/#primaryimage"},"thumbnailUrl":"https:\/\/buletin.de\/bucuresti\/wp-content\/uploads\/Screenshot-2020-09-24-at-13.01.42.png","keywords":["alegeri","consiliu judetean","consiliu local","locale 2020","locale 2020 bucuresti","primarie","vot"],"articleSection":["Covid-19","Locale 2020","Prim\u0103rie"],"inLanguage":"en-GB","copyrightYear":"2020","copyrightHolder":{"@id":"https:\/\/buletin.de\/bucuresti\/#organization"}},{"@type":"WebPage","@id":"https:\/\/buletin.de\/bucuresti\/cum-votam-la-locale-cu-buletinul-masca-si-mainile-curate\/","url":"https:\/\/buletin.de\/bucuresti\/cum-votam-la-locale-cu-buletinul-masca-si-mainile-curate\/","name":"Cum vot\u0103m la locale? Cu buletinul, masca \u0219i m\u00e2inile curate - Buletin de Bucure\u0219ti","isPartOf":{"@id":"https:\/\/buletin.de\/bucuresti\/#website"},"primaryImageOfPage":{"@id":"https:\/\/buletin.de\/bucuresti\/cum-votam-la-locale-cu-buletinul-masca-si-mainile-curate\/#primaryimage"},"image":{"@id":"https:\/\/buletin.de\/bucuresti\/cum-votam-la-locale-cu-buletinul-masca-si-mainile-curate\/#primaryimage"},"thumbnailUrl":"https:\/\/buletin.de\/bucuresti\/wp-content\/uploads\/Screenshot-2020-09-24-at-13.01.42.png","datePublished":"2020-09-26T09:59:31+00:00","breadcrumb":{"@id":"https:\/\/buletin.de\/bucuresti\/cum-votam-la-locale-cu-buletinul-masca-si-mainile-curate\/#breadcrumb"},"inLanguage":"en-GB","potentialAction":[{"@type":"ReadAction","target":["https:\/\/buletin.de\/bucuresti\/cum-votam-la-locale-cu-buletinul-masca-si-mainile-curate\/"]}]},{"@type":"ImageObject","inLanguage":"en-GB","@id":"https:\/\/buletin.de\/bucuresti\/cum-votam-la-locale-cu-buletinul-masca-si-mainile-curate\/#primaryimage","url":"https:\/\/buletin.de\/bucuresti\/wp-content\/uploads\/Screenshot-2020-09-24-at-13.01.42.png","contentUrl":"https:\/\/buletin.de\/bucuresti\/wp-content\/uploads\/Screenshot-2020-09-24-at-13.01.42.png","width":1164,"height":922},{"@type":"BreadcrumbList","@id":"https:\/\/buletin.de\/bucuresti\/cum-votam-la-locale-cu-buletinul-masca-si-mainile-curate\/#breadcrumb","itemListElement":[{"@type":"ListItem","position":1,"name":"Acas\u0103","item":"https:\/\/buletin.de\/bucuresti\/"},{"@type":"ListItem","position":2,"name":"Cum vot\u0103m la locale? Cu buletinul, masca \u0219i m\u00e2inile curate"}]},{"@type":"WebSite","@id":"https:\/\/buletin.de\/bucuresti\/#website","url":"https:\/\/buletin.de\/bucuresti\/","name":"Buletin de Bucure\u0219ti","description":"\u0218tiri \u0219i investiga\u021bii esen\u021biale din capital\u0103","publisher":{"@id":"https:\/\/buletin.de\/bucuresti\/#organization"},"potentialAction":[{"@type":"SearchAction","target":{"@type":"EntryPoint","urlTemplate":"https:\/\/buletin.de\/bucuresti\/?s={search_term_string}"},"query-input":{"@type":"PropertyValueSpecification","valueRequired":true,"valueName":"search_term_string"}}],"inLanguage":"en-GB"},{"@type":"Organization","@id":"https:\/\/buletin.de\/bucuresti\/#organization","name":"Buletin de Bucure\u0219ti","url":"https:\/\/buletin.de\/bucuresti\/","logo":{"@type":"ImageObject","inLanguage":"en-GB","@id":"https:\/\/buletin.de\/bucuresti\/#\/schema\/logo\/image\/","url":"https:\/\/buletin.de\/bucuresti\/wp-content\/uploads\/logo-bdb-full-wide-vernil-transparent.png","contentUrl":"https:\/\/buletin.de\/bucuresti\/wp-content\/uploads\/logo-bdb-full-wide-vernil-transparent.png","width":1782,"height":626,"caption":"Buletin de Bucure\u0219ti"},"image":{"@id":"https:\/\/buletin.de\/bucuresti\/#\/schema\/logo\/image\/"},"sameAs":["https:\/\/www.facebook.com\/buletin.de.buc","https:\/\/www.instagram.com\/buletinde.bucuresti\/"]},{"@type":"Person","@id":"https:\/\/buletin.de\/bucuresti\/#\/schema\/person\/7a01591ad05c4d2c7261fe7f0383d2af","name":"Irina Anghel","image":{"@type":"ImageObject","inLanguage":"en-GB","@id":"https:\/\/secure.gravatar.com\/avatar\/e7d429cbd0c7fe915f817961c0ffb96b407bc87e15aa35cee85f77146f8cce7e?s=96&d=monsterid&r=g693374df2a66e3f4935d210ea15b95ff","url":"https:\/\/secure.gravatar.com\/avatar\/e7d429cbd0c7fe915f817961c0ffb96b407bc87e15aa35cee85f77146f8cce7e?s=96&d=monsterid&r=g","contentUrl":"https:\/\/secure.gravatar.com\/avatar\/e7d429cbd0c7fe915f817961c0ffb96b407bc87e15aa35cee85f77146f8cce7e?s=96&d=monsterid&r=g","caption":"Irina Anghel"},"url":"https:\/\/buletin.de\/bucuresti\/author\/irina\/"}]}},"authors":[{"term_id":22592,"user_id":15,"is_guest":0,"slug":"irina","display_name":"Irina Anghel","avatar_url":"https:\/\/secure.gravatar.com\/avatar\/e7d429cbd0c7fe915f817961c0ffb96b407bc87e15aa35cee85f77146f8cce7e?s=96&d=monsterid&r=g","0":null,"1":"","2":"","3":"","4":"","5":"","6":"","7":"","8":""}],"_links":{"self":[{"href":"https:\/\/buletin.de\/bucuresti\/wp-json\/wp\/v2\/posts\/12473","targetHints":{"allow":["GET"]}}],"collection":[{"href":"https:\/\/buletin.de\/bucuresti\/wp-json\/wp\/v2\/posts"}],"about":[{"href":"https:\/\/buletin.de\/bucuresti\/wp-json\/wp\/v2\/types\/post"}],"author":[{"embeddable":true,"href":"https:\/\/buletin.de\/bucuresti\/wp-json\/wp\/v2\/users\/15"}],"replies":[{"embeddable":true,"href":"https:\/\/buletin.de\/bucuresti\/wp-json\/wp\/v2\/comments?post=12473"}],"version-history":[{"count":4,"href":"https:\/\/buletin.de\/bucuresti\/wp-json\/wp\/v2\/posts\/12473\/revisions"}],"predecessor-version":[{"id":12485,"href":"https:\/\/buletin.de\/bucuresti\/wp-json\/wp\/v2\/posts\/12473\/revisions\/12485"}],"wp:featuredmedia":[{"embeddable":true,"href":"https:\/\/buletin.de\/bucuresti\/wp-json\/wp\/v2\/media\/12480"}],"wp:attachment":[{"href":"https:\/\/buletin.de\/bucuresti\/wp-json\/wp\/v2\/media?parent=12473"}],"wp:term":[{"taxonomy":"category","embeddable":true,"href":"https:\/\/buletin.de\/bucuresti\/wp-json\/wp\/v2\/categories?post=12473"},{"taxonomy":"post_tag","embeddable":true,"href":"https:\/\/buletin.de\/bucuresti\/wp-json\/wp\/v2\/tags?post=12473"},{"taxonomy":"author","embeddable":true,"href":"https:\/\/buletin.de\/bucuresti\/wp-json\/wp\/v2\/ppma_author?post=12473"}],"curies":[{"name":"wp","href":"https:\/\/api.w.org\/{rel}","templated":true}]}}