{"id":124714,"date":"2025-03-31T14:11:13","date_gmt":"2025-03-31T11:11:13","guid":{"rendered":"https:\/\/buletin.de\/bucuresti\/?p=124714"},"modified":"2025-03-31T15:02:08","modified_gmt":"2025-03-31T12:02:08","slug":"s-a-reluat-procedura-de-extradare-a-elevului-din-bucuresti-care-este-acuzat-ca-a-trimis-sute-de-amenintari-cu-bomba-in-sua","status":"publish","type":"post","link":"https:\/\/buletin.de\/bucuresti\/s-a-reluat-procedura-de-extradare-a-elevului-din-bucuresti-care-este-acuzat-ca-a-trimis-sute-de-amenintari-cu-bomba-in-sua\/","title":{"rendered":"S-a reluat procedura de extr\u0103dare a elevului din Bucure\u0219ti care este acuzat c\u0103 a trimis sute de amenin\u021b\u0103ri cu bomb\u0103 \u00een SUA"},"content":{"rendered":"\n<p><strong>Procedura de extr\u0103dare a elevului din Bucure\u0219ti, de 17 ani, acuzat c\u0103 ar fi trimis sute de amenin\u021b\u0103ri cu bomba \u00een Statele Unite ale Americii (SUA), a fost reluat\u0103 luni de Curtea de Apel Bucure\u0219ti, potrivit <a href=\"https:\/\/www.digi24.ro\/stiri\/actualitate\/elevul-din-bucuresti-acuzat-ca-a-trimis-sute-de-amenintari-cu-bomba-in-sua-din-nou-in-fata-instantei-se-reia-procedura-de-extradare-3178713\">Digi24.ro<\/a>. <\/strong><\/p>\n\n\n\n<p><strong>Elevul se afl\u0103, \u00een prezent, \u00een arest la domiciliu, \u00eens\u0103 risc\u0103 ani grei de \u00eenchisoare dac\u0103 va fi g\u0103sit vinovat. <\/strong><\/p>\n\n\n\n<p>Mai precis, judec\u0103torii Cur\u021bii de Apel Bucure\u0219ti a\u0219teapt\u0103, luni, la ora 12:00, depunerea oficial\u0103 a cererii de extr\u0103dare din partea Statelor Unite. Ace\u0219tia urmeaz\u0103 ca \u00een perioada urm\u0103toare s\u0103 analizeze toate aceste documente al\u0103turi de acuza\u021biile venite dun SUA pentru a putea lua o decizie \u00een privin\u021ba extr\u0103d\u0103rii. <\/p>\n\n\n\n<h2 class=\"wp-block-heading\" id=\"h-procedura-de-extradare-ceruta-de-anchetatorii-din-sua\">Procedura de extr\u0103dare, cerut\u0103 de anchetatorii din SUA<\/h2>\n\n\n\n<p>Procur\u0103rii din Statele Unite ale Americii au transmis c\u0103 elevul bucure\u0219tean ar fi f\u0103cut parte dintr-o grupare extremist\u0103 al c\u0103rei scop ar fi fost s\u0103 r\u0103sturanrea ordinii \u0219i societ\u0103\u021bii prin acte de violen\u021b\u0103. Datele furnizate de procurori \u0219i citate de <a href=\"https:\/\/www.digi24.ro\/stiri\/actualitate\/elevul-din-bucuresti-acuzat-ca-a-trimis-sute-de-amenintari-cu-bomba-in-sua-din-nou-in-fata-instantei-se-reia-procedura-de-extradare-3178713\">Digi24.ro<\/a> arat\u0103 c\u0103 acesta s-ar fi al\u0103turat acestui grup extremist la v\u00e2rsta de doar 15 ani. <\/p>\n\n\n\n<p><strong>CITE\u0218TE \u0218I: <a href=\"https:\/\/buletin.de\/bucuresti\/reforma-lui-rares-hopinca-zeci-de-oameni-cu-care-a-lucrat-la-primaria-sectorului-5-si-la-prefectura-mutati-la-sectorul-2-printre-acestia-fiul-fostului-baron-psd-de-arges-prins-d\/\">\u201eReforma\u201d lui Rare\u0219 Hopinc\u0103: zeci de oameni cu care a lucrat la Prim\u0103ria Sectorului 5 \u0219i la Prefectur\u0103, muta\u021bi la Sectorul 2. Printre ace\u0219tia, fiul fostului baron PSD de Arge\u0219, prins drogat la volan<\/a><\/strong><\/p>\n\n\n\n<p>\u00cen prezent elevul de 17 ani din Capital\u0103 se afl\u0103 \u00een arest la domiciliu, \u00een SUA, unde va sta p\u00e2n\u0103 c\u00e2nd va fi luat\u0103 o decizie de c\u0103tre autorit\u0103\u021bile din Rom\u00e2nia. <\/p>\n\n\n\n<p>Acesta este acuzat c\u0103 ar fi trimis 450 de amenin\u021b\u0103ri cu bomba c\u0103tre \u0219coli americane, dar \u0219i din Marea Britanie. PMai mult, b\u0103iatul rom\u00e2n este acuzat \u0219i c\u0103 ar fi scris, \u00een repetate r\u00e2nduri, unor fete tinere pentru a le convinge s\u0103 produc\u0103 materiale pornografice.<\/p>\n\n\n\n<p>Dac\u0103, \u00een urma acuza\u021biilor f\u0103cute de procurorii americati va fi g\u0103sit vinovat, minorul risc\u0103 o pedeaps\u0103 cu \u00eenchisoarea. Totu\u0219i, procesul de extr\u0103dare este unul complex \u0219i implic\u0103 verificarea tuturor documentelor oficiale transmise de autorit\u0103\u021bile americane.<\/p>\n\n\n\n<h2 class=\"wp-block-heading\" id=\"h-radicalizare-baie\u021bilor-tineri-surprinsa-intr-un-serial-netflix\"><strong>Radicalizare b\u0103ie\u021bilor tineri, surprins\u0103 \u00eentr-un serial Netflix<\/strong><\/h2>\n\n\n\n<p>O produc\u021bie recent\u0103 a Netflix a pus pe agenda public\u0103 una dintre problemele cu care tinerii b\u0103ie\u021bi se confrunt\u0103 din ce \u00een ce mai des: radicalizarea. <\/p>\n\n\n\n<p>\u201eAdolescence\u201d sau \u201eAdolescen\u021b\u0103 corupt\u0103\u201d este o mini-serie de patru episoade despre cum un t\u00e2n\u0103r de doar 13 ani ajunge s\u0103-\u0219i ucid\u0103 o coleg\u0103.<\/p>\n\n\n\n<p><strong>CITE\u0218TE \u0218I:<\/strong> <a href=\"https:\/\/buletin.de\/bucuresti\/reportaj-hackerii-buni-care-ajuta-buletin-de-bucuresti-programator-suntem-idealisti-banii-nu-sunt-importanti-ci-etica\/\">REPORTAJ | \u201eHackerii\u201d buni care ajut\u0103 Buletin de Bucure\u0219ti. Programator: \u201eSuntem ideali\u0219ti, banii nu sunt importan\u021bi, ci etica\u201d<\/a><\/p>\n\n\n\n<p>Psiholoaga <a href=\"https:\/\/www.paginadepsihologie.ro\/sandra-oconnor\/?srsltid=AfmBOoqoEVeEmxENXQpADFyqkicwKyLRboxLPP6sr6Jr2Qfoq7hOyPEJ\" target=\"_blank\" rel=\"noreferrer noopener\"><strong>Sandra O\u2019Connor<\/strong><\/a> a explicat pentru publica\u021bia <a href=\"https:\/\/hotnews.ro\/fenomenul-adolescence-ar-fi-trebuit-sa-fac-mai-mult-un-psiholog-spune-cum-ar-putea-parintii-sa-si-tina-departe-copiii-de-influentele-masculinitatii-toxice-1930474\">HotNews.ro <\/a>c\u0103 printre cauzele radicaliz\u0103rii se afl\u0103 \u0219i impactul din ce \u00een ce mai mare al comunit\u0103\u021bilor online asupra b\u0103ie\u021bilor tineri \u2013 a\u0219a-numita \u201emanosfera\u201d, care este indicat\u0103 \u00een mod direct \u00een serial. Este un ecosistem digital de forumuri, influenceri \u0219i canale de socializare centrate pe identitatea masculin\u0103.&nbsp;<\/p>\n\n\n\n<p>\u201eObserv\u0103m cum presiunea de a se conforma anumitor standarde, de multe ori nerealiste, \u00eei poate \u00eempinge pe tineri c\u0103tre ideologii radicale sau grupuri online care promoveaz\u0103 stereotipuri toxice\u201d, a declarat Sandra O\u2019Connor pentru HotNews.ro. <\/p>\n\n\n\n<p><strong>CITE\u0218TE \u0218I: <a href=\"https:\/\/buletin.de\/bucuresti\/extinderea-magistralei-2-de-metrou-din-pipera-la-petricani-un-proiect-vechi-de-15-ani\/\" target=\"_blank\" rel=\"noreferrer noopener\">Extinderea Magistralei 2 de metrou din Pipera la Petricani, un proiect vechi de 15 ani<\/a><\/strong><\/p>\n","protected":false},"excerpt":{"rendered":"<p>Procedura de extr\u0103dare a elevului din Bucure\u0219ti, de 17 ani, acuzat c\u0103 ar fi trimis sute de amenin\u021b\u0103ri cu bomba \u00een Statele Unite ale Americii (SUA), a fost reluat\u0103 luni de Curtea de Apel Bucure\u0219ti, potrivit Digi24.ro. Elevul se afl\u0103, \u00een prezent, \u00een arest la domiciliu, \u00eens\u0103 risc\u0103 ani grei de \u00eenchisoare dac\u0103 va fi [&hellip;]<\/p>\n","protected":false},"author":1,"featured_media":124729,"comment_status":"closed","ping_status":"open","sticky":false,"template":"","format":"standard","meta":{"_acf_changed":false,"inline_featured_image":false,"ngg_post_thumbnail":0,"footnotes":""},"categories":[6994,9026,5762],"tags":[2755,5633,10778,20245],"ppma_author":[22583],"class_list":["post-124714","post","type-post","status-publish","format-standard","has-post-thumbnail","hentry","category-stiri-2","category-eveniment","category-main","tag-elev","tag-extradare","tag-loverboy","tag-procedura-de-extradare"],"acf":[],"yoast_head":"<!-- This site is optimized with the Yoast SEO Premium plugin v25.3 (Yoast SEO v27.4) - https:\/\/yoast.com\/product\/yoast-seo-premium-wordpress\/ -->\n<title>S-a reluat procedura de extr\u0103dare a elevului din Bucure\u0219ti care este acuzat c\u0103 a trimis sute de amenin\u021b\u0103ri cu bomb\u0103 \u00een SUA - Buletin de Bucure\u0219ti<\/title>\n<meta name=\"description\" content=\"Procedura de extr\u0103dare a elevului din Bucure\u0219ti, de 17 ani, acuzat c\u0103 ar fi trimis sute de amenin\u021b\u0103ri cu bomba \u00een SUA, a fost reluat\u0103.\" \/>\n<meta name=\"robots\" content=\"index, follow, max-snippet:-1, max-image-preview:large, max-video-preview:-1\" \/>\n<link rel=\"canonical\" href=\"https:\/\/buletin.de\/bucuresti\/s-a-reluat-procedura-de-extradare-a-elevului-din-bucuresti-care-este-acuzat-ca-a-trimis-sute-de-amenintari-cu-bomba-in-sua\/\" \/>\n<meta property=\"og:locale\" content=\"en_GB\" \/>\n<meta property=\"og:type\" content=\"article\" \/>\n<meta property=\"og:title\" content=\"S-a reluat procedura de extr\u0103dare a elevului din Bucure\u0219ti care este acuzat c\u0103 a trimis sute de amenin\u021b\u0103ri cu bomb\u0103 \u00een SUA\" \/>\n<meta property=\"og:description\" content=\"Procedura de extr\u0103dare a elevului din Bucure\u0219ti, de 17 ani, acuzat c\u0103 ar fi trimis sute de amenin\u021b\u0103ri cu bomba \u00een SUA, a fost reluat\u0103.\" \/>\n<meta property=\"og:url\" content=\"https:\/\/buletin.de\/bucuresti\/s-a-reluat-procedura-de-extradare-a-elevului-din-bucuresti-care-este-acuzat-ca-a-trimis-sute-de-amenintari-cu-bomba-in-sua\/\" \/>\n<meta property=\"og:site_name\" content=\"Buletin de Bucure\u0219ti\" \/>\n<meta property=\"article:publisher\" content=\"https:\/\/www.facebook.com\/buletin.de.buc\" \/>\n<meta property=\"article:published_time\" content=\"2025-03-31T11:11:13+00:00\" \/>\n<meta property=\"article:modified_time\" content=\"2025-03-31T12:02:08+00:00\" \/>\n<meta property=\"og:image\" content=\"https:\/\/buletin.de\/bucuresti\/wp-content\/uploads\/2025\/03\/taylor-flowe-4nKOEAQaTgA-unsplash-scaled.jpg\" \/>\n\t<meta property=\"og:image:width\" content=\"2560\" \/>\n\t<meta property=\"og:image:height\" content=\"1695\" \/>\n\t<meta property=\"og:image:type\" content=\"image\/jpeg\" \/>\n<meta name=\"author\" content=\"Redac\u021bia Buletin de Bucure\u0219ti\" \/>\n<meta name=\"twitter:card\" content=\"summary_large_image\" \/>\n<meta name=\"twitter:label1\" content=\"Written by\" \/>\n\t<meta name=\"twitter:data1\" content=\"Redac\u021bia Buletin de Bucure\u0219ti\" \/>\n\t<meta name=\"twitter:label2\" content=\"Estimated reading time\" \/>\n\t<meta name=\"twitter:data2\" content=\"3 minutes\" \/>\n<script type=\"application\/ld+json\" class=\"yoast-schema-graph\">{\"@context\":\"https:\\\/\\\/schema.org\",\"@graph\":[{\"@type\":\"Article\",\"@id\":\"https:\\\/\\\/buletin.de\\\/bucuresti\\\/s-a-reluat-procedura-de-extradare-a-elevului-din-bucuresti-care-este-acuzat-ca-a-trimis-sute-de-amenintari-cu-bomba-in-sua\\\/#article\",\"isPartOf\":{\"@id\":\"https:\\\/\\\/buletin.de\\\/bucuresti\\\/s-a-reluat-procedura-de-extradare-a-elevului-din-bucuresti-care-este-acuzat-ca-a-trimis-sute-de-amenintari-cu-bomba-in-sua\\\/\"},\"author\":{\"name\":\"Redac\u021bia Buletin de Bucure\u0219ti\",\"@id\":\"https:\\\/\\\/buletin.de\\\/bucuresti\\\/#\\\/schema\\\/person\\\/2bbcf854e5f2419a13804af574d06ab1\"},\"headline\":\"S-a reluat procedura de extr\u0103dare a elevului din Bucure\u0219ti care este acuzat c\u0103 a trimis sute de amenin\u021b\u0103ri cu bomb\u0103 \u00een SUA\",\"datePublished\":\"2025-03-31T11:11:13+00:00\",\"dateModified\":\"2025-03-31T12:02:08+00:00\",\"mainEntityOfPage\":{\"@id\":\"https:\\\/\\\/buletin.de\\\/bucuresti\\\/s-a-reluat-procedura-de-extradare-a-elevului-din-bucuresti-care-este-acuzat-ca-a-trimis-sute-de-amenintari-cu-bomba-in-sua\\\/\"},\"wordCount\":585,\"publisher\":{\"@id\":\"https:\\\/\\\/buletin.de\\\/bucuresti\\\/#organization\"},\"image\":{\"@id\":\"https:\\\/\\\/buletin.de\\\/bucuresti\\\/s-a-reluat-procedura-de-extradare-a-elevului-din-bucuresti-care-este-acuzat-ca-a-trimis-sute-de-amenintari-cu-bomba-in-sua\\\/#primaryimage\"},\"thumbnailUrl\":\"https:\\\/\\\/buletin.de\\\/bucuresti\\\/wp-content\\\/uploads\\\/2025\\\/03\\\/taylor-flowe-4nKOEAQaTgA-unsplash-scaled.jpg\",\"keywords\":[\"elev\",\"extradare\",\"loverboy\",\"Procedura de extr\u0103dare\"],\"articleSection\":[\"Articole\",\"Eveniment\",\"Main\"],\"inLanguage\":\"en-GB\",\"copyrightYear\":\"2025\",\"copyrightHolder\":{\"@id\":\"https:\\\/\\\/buletin.de\\\/bucuresti\\\/#organization\"}},{\"@type\":\"WebPage\",\"@id\":\"https:\\\/\\\/buletin.de\\\/bucuresti\\\/s-a-reluat-procedura-de-extradare-a-elevului-din-bucuresti-care-este-acuzat-ca-a-trimis-sute-de-amenintari-cu-bomba-in-sua\\\/\",\"url\":\"https:\\\/\\\/buletin.de\\\/bucuresti\\\/s-a-reluat-procedura-de-extradare-a-elevului-din-bucuresti-care-este-acuzat-ca-a-trimis-sute-de-amenintari-cu-bomba-in-sua\\\/\",\"name\":\"S-a reluat procedura de extr\u0103dare a elevului din Bucure\u0219ti care este acuzat c\u0103 a trimis sute de amenin\u021b\u0103ri cu bomb\u0103 \u00een SUA - Buletin de Bucure\u0219ti\",\"isPartOf\":{\"@id\":\"https:\\\/\\\/buletin.de\\\/bucuresti\\\/#website\"},\"primaryImageOfPage\":{\"@id\":\"https:\\\/\\\/buletin.de\\\/bucuresti\\\/s-a-reluat-procedura-de-extradare-a-elevului-din-bucuresti-care-este-acuzat-ca-a-trimis-sute-de-amenintari-cu-bomba-in-sua\\\/#primaryimage\"},\"image\":{\"@id\":\"https:\\\/\\\/buletin.de\\\/bucuresti\\\/s-a-reluat-procedura-de-extradare-a-elevului-din-bucuresti-care-este-acuzat-ca-a-trimis-sute-de-amenintari-cu-bomba-in-sua\\\/#primaryimage\"},\"thumbnailUrl\":\"https:\\\/\\\/buletin.de\\\/bucuresti\\\/wp-content\\\/uploads\\\/2025\\\/03\\\/taylor-flowe-4nKOEAQaTgA-unsplash-scaled.jpg\",\"datePublished\":\"2025-03-31T11:11:13+00:00\",\"dateModified\":\"2025-03-31T12:02:08+00:00\",\"description\":\"Procedura de extr\u0103dare a elevului din Bucure\u0219ti, de 17 ani, acuzat c\u0103 ar fi trimis sute de amenin\u021b\u0103ri cu bomba \u00een SUA, a fost reluat\u0103.\",\"breadcrumb\":{\"@id\":\"https:\\\/\\\/buletin.de\\\/bucuresti\\\/s-a-reluat-procedura-de-extradare-a-elevului-din-bucuresti-care-este-acuzat-ca-a-trimis-sute-de-amenintari-cu-bomba-in-sua\\\/#breadcrumb\"},\"inLanguage\":\"en-GB\",\"potentialAction\":[{\"@type\":\"ReadAction\",\"target\":[\"https:\\\/\\\/buletin.de\\\/bucuresti\\\/s-a-reluat-procedura-de-extradare-a-elevului-din-bucuresti-care-este-acuzat-ca-a-trimis-sute-de-amenintari-cu-bomba-in-sua\\\/\"]}]},{\"@type\":\"ImageObject\",\"inLanguage\":\"en-GB\",\"@id\":\"https:\\\/\\\/buletin.de\\\/bucuresti\\\/s-a-reluat-procedura-de-extradare-a-elevului-din-bucuresti-care-este-acuzat-ca-a-trimis-sute-de-amenintari-cu-bomba-in-sua\\\/#primaryimage\",\"url\":\"https:\\\/\\\/buletin.de\\\/bucuresti\\\/wp-content\\\/uploads\\\/2025\\\/03\\\/taylor-flowe-4nKOEAQaTgA-unsplash-scaled.jpg\",\"contentUrl\":\"https:\\\/\\\/buletin.de\\\/bucuresti\\\/wp-content\\\/uploads\\\/2025\\\/03\\\/taylor-flowe-4nKOEAQaTgA-unsplash-scaled.jpg\",\"width\":2265,\"height\":1500,\"caption\":\"S-a reluat procedura de extr\u0103dare a elevului din Bucure\u0219ti care este acuzat c\u0103 a trimis sute de amenin\u021b\u0103ri cu bomb\u0103 \u00een SUA\"},{\"@type\":\"BreadcrumbList\",\"@id\":\"https:\\\/\\\/buletin.de\\\/bucuresti\\\/s-a-reluat-procedura-de-extradare-a-elevului-din-bucuresti-care-este-acuzat-ca-a-trimis-sute-de-amenintari-cu-bomba-in-sua\\\/#breadcrumb\",\"itemListElement\":[{\"@type\":\"ListItem\",\"position\":1,\"name\":\"Acas\u0103\",\"item\":\"https:\\\/\\\/buletin.de\\\/bucuresti\\\/\"},{\"@type\":\"ListItem\",\"position\":2,\"name\":\"S-a reluat procedura de extr\u0103dare a elevului din Bucure\u0219ti care este acuzat c\u0103 a trimis sute de amenin\u021b\u0103ri cu bomb\u0103 \u00een SUA\"}]},{\"@type\":\"WebSite\",\"@id\":\"https:\\\/\\\/buletin.de\\\/bucuresti\\\/#website\",\"url\":\"https:\\\/\\\/buletin.de\\\/bucuresti\\\/\",\"name\":\"Buletin de Bucure\u0219ti\",\"description\":\"\u0218tiri \u0219i investiga\u021bii esen\u021biale din capital\u0103\",\"publisher\":{\"@id\":\"https:\\\/\\\/buletin.de\\\/bucuresti\\\/#organization\"},\"potentialAction\":[{\"@type\":\"SearchAction\",\"target\":{\"@type\":\"EntryPoint\",\"urlTemplate\":\"https:\\\/\\\/buletin.de\\\/bucuresti\\\/?s={search_term_string}\"},\"query-input\":{\"@type\":\"PropertyValueSpecification\",\"valueRequired\":true,\"valueName\":\"search_term_string\"}}],\"inLanguage\":\"en-GB\"},{\"@type\":\"Organization\",\"@id\":\"https:\\\/\\\/buletin.de\\\/bucuresti\\\/#organization\",\"name\":\"Buletin de Bucure\u0219ti\",\"url\":\"https:\\\/\\\/buletin.de\\\/bucuresti\\\/\",\"logo\":{\"@type\":\"ImageObject\",\"inLanguage\":\"en-GB\",\"@id\":\"https:\\\/\\\/buletin.de\\\/bucuresti\\\/#\\\/schema\\\/logo\\\/image\\\/\",\"url\":\"https:\\\/\\\/buletin.de\\\/bucuresti\\\/wp-content\\\/uploads\\\/logo-bdb-full-wide-vernil-transparent.png\",\"contentUrl\":\"https:\\\/\\\/buletin.de\\\/bucuresti\\\/wp-content\\\/uploads\\\/logo-bdb-full-wide-vernil-transparent.png\",\"width\":1782,\"height\":626,\"caption\":\"Buletin de Bucure\u0219ti\"},\"image\":{\"@id\":\"https:\\\/\\\/buletin.de\\\/bucuresti\\\/#\\\/schema\\\/logo\\\/image\\\/\"},\"sameAs\":[\"https:\\\/\\\/www.facebook.com\\\/buletin.de.buc\",\"https:\\\/\\\/www.instagram.com\\\/buletinde.bucuresti\\\/\"]},{\"@type\":\"Person\",\"@id\":\"https:\\\/\\\/buletin.de\\\/bucuresti\\\/#\\\/schema\\\/person\\\/2bbcf854e5f2419a13804af574d06ab1\",\"name\":\"Redac\u021bia Buletin de Bucure\u0219ti\",\"image\":{\"@type\":\"ImageObject\",\"inLanguage\":\"en-GB\",\"@id\":\"https:\\\/\\\/secure.gravatar.com\\\/avatar\\\/18c5342381ed1a08620e6280424e3e5efc958618f5d67c522c9e44c1bc6f9226?s=96&d=monsterid&r=g60c7cd0ad92c68c049fcd4bb3504d609\",\"url\":\"https:\\\/\\\/secure.gravatar.com\\\/avatar\\\/18c5342381ed1a08620e6280424e3e5efc958618f5d67c522c9e44c1bc6f9226?s=96&d=monsterid&r=g\",\"contentUrl\":\"https:\\\/\\\/secure.gravatar.com\\\/avatar\\\/18c5342381ed1a08620e6280424e3e5efc958618f5d67c522c9e44c1bc6f9226?s=96&d=monsterid&r=g\",\"caption\":\"Redac\u021bia Buletin de Bucure\u0219ti\"},\"description\":\"Buletin de Bucure\u0219ti exist\u0103 din vara anului 2019.\",\"url\":\"https:\\\/\\\/buletin.de\\\/bucuresti\\\/author\\\/adminbuletin\\\/\"}]}<\/script>\n<!-- \/ Yoast SEO Premium plugin. -->","yoast_head_json":{"title":"S-a reluat procedura de extr\u0103dare a elevului din Bucure\u0219ti care este acuzat c\u0103 a trimis sute de amenin\u021b\u0103ri cu bomb\u0103 \u00een SUA - Buletin de Bucure\u0219ti","description":"Procedura de extr\u0103dare a elevului din Bucure\u0219ti, de 17 ani, acuzat c\u0103 ar fi trimis sute de amenin\u021b\u0103ri cu bomba \u00een SUA, a fost reluat\u0103.","robots":{"index":"index","follow":"follow","max-snippet":"max-snippet:-1","max-image-preview":"max-image-preview:large","max-video-preview":"max-video-preview:-1"},"canonical":"https:\/\/buletin.de\/bucuresti\/s-a-reluat-procedura-de-extradare-a-elevului-din-bucuresti-care-este-acuzat-ca-a-trimis-sute-de-amenintari-cu-bomba-in-sua\/","og_locale":"en_GB","og_type":"article","og_title":"S-a reluat procedura de extr\u0103dare a elevului din Bucure\u0219ti care este acuzat c\u0103 a trimis sute de amenin\u021b\u0103ri cu bomb\u0103 \u00een SUA","og_description":"Procedura de extr\u0103dare a elevului din Bucure\u0219ti, de 17 ani, acuzat c\u0103 ar fi trimis sute de amenin\u021b\u0103ri cu bomba \u00een SUA, a fost reluat\u0103.","og_url":"https:\/\/buletin.de\/bucuresti\/s-a-reluat-procedura-de-extradare-a-elevului-din-bucuresti-care-este-acuzat-ca-a-trimis-sute-de-amenintari-cu-bomba-in-sua\/","og_site_name":"Buletin de Bucure\u0219ti","article_publisher":"https:\/\/www.facebook.com\/buletin.de.buc","article_published_time":"2025-03-31T11:11:13+00:00","article_modified_time":"2025-03-31T12:02:08+00:00","og_image":[{"width":2560,"height":1695,"url":"https:\/\/buletin.de\/bucuresti\/wp-content\/uploads\/2025\/03\/taylor-flowe-4nKOEAQaTgA-unsplash-scaled.jpg","type":"image\/jpeg"}],"author":"Redac\u021bia Buletin de Bucure\u0219ti","twitter_card":"summary_large_image","twitter_misc":{"Written by":"Redac\u021bia Buletin de Bucure\u0219ti","Estimated reading time":"3 minutes"},"schema":{"@context":"https:\/\/schema.org","@graph":[{"@type":"Article","@id":"https:\/\/buletin.de\/bucuresti\/s-a-reluat-procedura-de-extradare-a-elevului-din-bucuresti-care-este-acuzat-ca-a-trimis-sute-de-amenintari-cu-bomba-in-sua\/#article","isPartOf":{"@id":"https:\/\/buletin.de\/bucuresti\/s-a-reluat-procedura-de-extradare-a-elevului-din-bucuresti-care-este-acuzat-ca-a-trimis-sute-de-amenintari-cu-bomba-in-sua\/"},"author":{"name":"Redac\u021bia Buletin de Bucure\u0219ti","@id":"https:\/\/buletin.de\/bucuresti\/#\/schema\/person\/2bbcf854e5f2419a13804af574d06ab1"},"headline":"S-a reluat procedura de extr\u0103dare a elevului din Bucure\u0219ti care este acuzat c\u0103 a trimis sute de amenin\u021b\u0103ri cu bomb\u0103 \u00een SUA","datePublished":"2025-03-31T11:11:13+00:00","dateModified":"2025-03-31T12:02:08+00:00","mainEntityOfPage":{"@id":"https:\/\/buletin.de\/bucuresti\/s-a-reluat-procedura-de-extradare-a-elevului-din-bucuresti-care-este-acuzat-ca-a-trimis-sute-de-amenintari-cu-bomba-in-sua\/"},"wordCount":585,"publisher":{"@id":"https:\/\/buletin.de\/bucuresti\/#organization"},"image":{"@id":"https:\/\/buletin.de\/bucuresti\/s-a-reluat-procedura-de-extradare-a-elevului-din-bucuresti-care-este-acuzat-ca-a-trimis-sute-de-amenintari-cu-bomba-in-sua\/#primaryimage"},"thumbnailUrl":"https:\/\/buletin.de\/bucuresti\/wp-content\/uploads\/2025\/03\/taylor-flowe-4nKOEAQaTgA-unsplash-scaled.jpg","keywords":["elev","extradare","loverboy","Procedura de extr\u0103dare"],"articleSection":["Articole","Eveniment","Main"],"inLanguage":"en-GB","copyrightYear":"2025","copyrightHolder":{"@id":"https:\/\/buletin.de\/bucuresti\/#organization"}},{"@type":"WebPage","@id":"https:\/\/buletin.de\/bucuresti\/s-a-reluat-procedura-de-extradare-a-elevului-din-bucuresti-care-este-acuzat-ca-a-trimis-sute-de-amenintari-cu-bomba-in-sua\/","url":"https:\/\/buletin.de\/bucuresti\/s-a-reluat-procedura-de-extradare-a-elevului-din-bucuresti-care-este-acuzat-ca-a-trimis-sute-de-amenintari-cu-bomba-in-sua\/","name":"S-a reluat procedura de extr\u0103dare a elevului din Bucure\u0219ti care este acuzat c\u0103 a trimis sute de amenin\u021b\u0103ri cu bomb\u0103 \u00een SUA - Buletin de Bucure\u0219ti","isPartOf":{"@id":"https:\/\/buletin.de\/bucuresti\/#website"},"primaryImageOfPage":{"@id":"https:\/\/buletin.de\/bucuresti\/s-a-reluat-procedura-de-extradare-a-elevului-din-bucuresti-care-este-acuzat-ca-a-trimis-sute-de-amenintari-cu-bomba-in-sua\/#primaryimage"},"image":{"@id":"https:\/\/buletin.de\/bucuresti\/s-a-reluat-procedura-de-extradare-a-elevului-din-bucuresti-care-este-acuzat-ca-a-trimis-sute-de-amenintari-cu-bomba-in-sua\/#primaryimage"},"thumbnailUrl":"https:\/\/buletin.de\/bucuresti\/wp-content\/uploads\/2025\/03\/taylor-flowe-4nKOEAQaTgA-unsplash-scaled.jpg","datePublished":"2025-03-31T11:11:13+00:00","dateModified":"2025-03-31T12:02:08+00:00","description":"Procedura de extr\u0103dare a elevului din Bucure\u0219ti, de 17 ani, acuzat c\u0103 ar fi trimis sute de amenin\u021b\u0103ri cu bomba \u00een SUA, a fost reluat\u0103.","breadcrumb":{"@id":"https:\/\/buletin.de\/bucuresti\/s-a-reluat-procedura-de-extradare-a-elevului-din-bucuresti-care-este-acuzat-ca-a-trimis-sute-de-amenintari-cu-bomba-in-sua\/#breadcrumb"},"inLanguage":"en-GB","potentialAction":[{"@type":"ReadAction","target":["https:\/\/buletin.de\/bucuresti\/s-a-reluat-procedura-de-extradare-a-elevului-din-bucuresti-care-este-acuzat-ca-a-trimis-sute-de-amenintari-cu-bomba-in-sua\/"]}]},{"@type":"ImageObject","inLanguage":"en-GB","@id":"https:\/\/buletin.de\/bucuresti\/s-a-reluat-procedura-de-extradare-a-elevului-din-bucuresti-care-este-acuzat-ca-a-trimis-sute-de-amenintari-cu-bomba-in-sua\/#primaryimage","url":"https:\/\/buletin.de\/bucuresti\/wp-content\/uploads\/2025\/03\/taylor-flowe-4nKOEAQaTgA-unsplash-scaled.jpg","contentUrl":"https:\/\/buletin.de\/bucuresti\/wp-content\/uploads\/2025\/03\/taylor-flowe-4nKOEAQaTgA-unsplash-scaled.jpg","width":2265,"height":1500,"caption":"S-a reluat procedura de extr\u0103dare a elevului din Bucure\u0219ti care este acuzat c\u0103 a trimis sute de amenin\u021b\u0103ri cu bomb\u0103 \u00een SUA"},{"@type":"BreadcrumbList","@id":"https:\/\/buletin.de\/bucuresti\/s-a-reluat-procedura-de-extradare-a-elevului-din-bucuresti-care-este-acuzat-ca-a-trimis-sute-de-amenintari-cu-bomba-in-sua\/#breadcrumb","itemListElement":[{"@type":"ListItem","position":1,"name":"Acas\u0103","item":"https:\/\/buletin.de\/bucuresti\/"},{"@type":"ListItem","position":2,"name":"S-a reluat procedura de extr\u0103dare a elevului din Bucure\u0219ti care este acuzat c\u0103 a trimis sute de amenin\u021b\u0103ri cu bomb\u0103 \u00een SUA"}]},{"@type":"WebSite","@id":"https:\/\/buletin.de\/bucuresti\/#website","url":"https:\/\/buletin.de\/bucuresti\/","name":"Buletin de Bucure\u0219ti","description":"\u0218tiri \u0219i investiga\u021bii esen\u021biale din capital\u0103","publisher":{"@id":"https:\/\/buletin.de\/bucuresti\/#organization"},"potentialAction":[{"@type":"SearchAction","target":{"@type":"EntryPoint","urlTemplate":"https:\/\/buletin.de\/bucuresti\/?s={search_term_string}"},"query-input":{"@type":"PropertyValueSpecification","valueRequired":true,"valueName":"search_term_string"}}],"inLanguage":"en-GB"},{"@type":"Organization","@id":"https:\/\/buletin.de\/bucuresti\/#organization","name":"Buletin de Bucure\u0219ti","url":"https:\/\/buletin.de\/bucuresti\/","logo":{"@type":"ImageObject","inLanguage":"en-GB","@id":"https:\/\/buletin.de\/bucuresti\/#\/schema\/logo\/image\/","url":"https:\/\/buletin.de\/bucuresti\/wp-content\/uploads\/logo-bdb-full-wide-vernil-transparent.png","contentUrl":"https:\/\/buletin.de\/bucuresti\/wp-content\/uploads\/logo-bdb-full-wide-vernil-transparent.png","width":1782,"height":626,"caption":"Buletin de Bucure\u0219ti"},"image":{"@id":"https:\/\/buletin.de\/bucuresti\/#\/schema\/logo\/image\/"},"sameAs":["https:\/\/www.facebook.com\/buletin.de.buc","https:\/\/www.instagram.com\/buletinde.bucuresti\/"]},{"@type":"Person","@id":"https:\/\/buletin.de\/bucuresti\/#\/schema\/person\/2bbcf854e5f2419a13804af574d06ab1","name":"Redac\u021bia Buletin de Bucure\u0219ti","image":{"@type":"ImageObject","inLanguage":"en-GB","@id":"https:\/\/secure.gravatar.com\/avatar\/18c5342381ed1a08620e6280424e3e5efc958618f5d67c522c9e44c1bc6f9226?s=96&d=monsterid&r=g60c7cd0ad92c68c049fcd4bb3504d609","url":"https:\/\/secure.gravatar.com\/avatar\/18c5342381ed1a08620e6280424e3e5efc958618f5d67c522c9e44c1bc6f9226?s=96&d=monsterid&r=g","contentUrl":"https:\/\/secure.gravatar.com\/avatar\/18c5342381ed1a08620e6280424e3e5efc958618f5d67c522c9e44c1bc6f9226?s=96&d=monsterid&r=g","caption":"Redac\u021bia Buletin de Bucure\u0219ti"},"description":"Buletin de Bucure\u0219ti exist\u0103 din vara anului 2019.","url":"https:\/\/buletin.de\/bucuresti\/author\/adminbuletin\/"}]}},"authors":[{"term_id":22583,"user_id":1,"is_guest":0,"slug":"adminbuletin","display_name":"Redac\u021bia Buletin de Bucure\u0219ti","avatar_url":"https:\/\/secure.gravatar.com\/avatar\/18c5342381ed1a08620e6280424e3e5efc958618f5d67c522c9e44c1bc6f9226?s=96&d=monsterid&r=g","0":null,"1":"","2":"","3":"","4":"","5":"","6":"","7":"","8":""}],"_links":{"self":[{"href":"https:\/\/buletin.de\/bucuresti\/wp-json\/wp\/v2\/posts\/124714","targetHints":{"allow":["GET"]}}],"collection":[{"href":"https:\/\/buletin.de\/bucuresti\/wp-json\/wp\/v2\/posts"}],"about":[{"href":"https:\/\/buletin.de\/bucuresti\/wp-json\/wp\/v2\/types\/post"}],"author":[{"embeddable":true,"href":"https:\/\/buletin.de\/bucuresti\/wp-json\/wp\/v2\/users\/1"}],"replies":[{"embeddable":true,"href":"https:\/\/buletin.de\/bucuresti\/wp-json\/wp\/v2\/comments?post=124714"}],"version-history":[{"count":4,"href":"https:\/\/buletin.de\/bucuresti\/wp-json\/wp\/v2\/posts\/124714\/revisions"}],"predecessor-version":[{"id":124742,"href":"https:\/\/buletin.de\/bucuresti\/wp-json\/wp\/v2\/posts\/124714\/revisions\/124742"}],"wp:featuredmedia":[{"embeddable":true,"href":"https:\/\/buletin.de\/bucuresti\/wp-json\/wp\/v2\/media\/124729"}],"wp:attachment":[{"href":"https:\/\/buletin.de\/bucuresti\/wp-json\/wp\/v2\/media?parent=124714"}],"wp:term":[{"taxonomy":"category","embeddable":true,"href":"https:\/\/buletin.de\/bucuresti\/wp-json\/wp\/v2\/categories?post=124714"},{"taxonomy":"post_tag","embeddable":true,"href":"https:\/\/buletin.de\/bucuresti\/wp-json\/wp\/v2\/tags?post=124714"},{"taxonomy":"author","embeddable":true,"href":"https:\/\/buletin.de\/bucuresti\/wp-json\/wp\/v2\/ppma_author?post=124714"}],"curies":[{"name":"wp","href":"https:\/\/api.w.org\/{rel}","templated":true}]}}