{"id":124602,"date":"2025-03-30T12:18:26","date_gmt":"2025-03-30T09:18:26","guid":{"rendered":"https:\/\/buletin.de\/bucuresti\/?p=124602"},"modified":"2025-04-04T12:56:26","modified_gmt":"2025-04-04T09:56:26","slug":"posibil-parteneriat-intre-sectorul-2-si-metrorex-pentru-extinderea-magistralei-de-metrou-m2-pana-la-gara-petricani","status":"publish","type":"post","link":"https:\/\/buletin.de\/bucuresti\/posibil-parteneriat-intre-sectorul-2-si-metrorex-pentru-extinderea-magistralei-de-metrou-m2-pana-la-gara-petricani\/","title":{"rendered":"Posibil parteneriat \u00eentre Sectorul 2 \u015fi Metrorex pentru extinderea magistralei M2 de metrou p\u00e2n\u0103 la Gara Petricani"},"content":{"rendered":"\n<p><strong>Extinderea magistralei M2, p\u00e2n\u0103 la Gara Petricani, ar putea avea loc \u00een urma unui parteneriat \u00eencheiat \u00eentre Prim\u0103ria Sectorului 2 \u015fi Metrorex. \u00cen acest sens, Consiliul Local al Sectorului 2 va vota luni, 31 martie, un proiect prin care solicit\u0103 Consiliului General und\u0103 verde pentru aceast\u0103 colaborare. <\/strong><\/p>\n\n\n\n<p><strong>UPDATE 4 aprilie: <\/strong>Consiliul General al Municipiului Bucure\u0219ti a fost de acord cu proiectul. 34 de consilieri au votat pentru asocierea dintre Sectorului 2 \u0219i Metrorex.<\/p>\n\n\n\n<hr class=\"wp-block-separator has-alpha-channel-opacity\"\/>\n\n\n\n<p><strong>UPDATE 31 martie: <\/strong>Proiectul a fost adoptat cu 20 de voturi pentru \u0219i 7 ab\u021bineri.<\/p>\n\n\n\n<p><strong>CITE\u0218TE \u0218I: <a href=\"https:\/\/buletin.de\/bucuresti\/extinderea-magistralei-2-de-metrou-din-pipera-la-petricani-un-proiect-vechi-de-15-ani\/\" target=\"_blank\" rel=\"noreferrer noopener\">Extinderea Magistralei 2 de metrou din Pipera la Petricani, un proiect vechi de 15 ani<\/a><\/strong><\/p>\n\n\n\n<hr class=\"wp-block-separator has-alpha-channel-opacity\"\/>\n\n\n\n<p><strong>Finan\u0163area se va realiza exclusiv de Sectorul 2, se arat\u0103 \u00een proiect, din bugetul local, bugetul na\u0163ional, fonduri externe nerambursabile \u015fi alte surse legal constituite.<\/strong><\/p>\n\n\n\n<p>Acest proiect este legat de Strategia de Dezvoltare Local\u0103 Integrat\u0103 \u015fi Durabil\u0103 a Sectorului 2 pentru perioada 2021-2027, care are scopul de a analiza mobilitatea \u015fi conectivitatea la nivelul sectorului 2.<\/p>\n\n\n\n<p><strong>CITE\u015eTE \u015eI: <a href=\"https:\/\/buletin.de\/bucuresti\/sector-6-discutii-primarie-metrorex-pentru-extinderea-liniilor-de-metrou-m3-si-m5\/\" target=\"_blank\" rel=\"noreferrer noopener\">Sector 6 | Discu\u0163ii Prim\u0103rie \u2013 Metrorex pentru extinderea liniilor de metrou M3 \u015fi M5<\/a><\/strong><\/p>\n\n\n\n<p>Analiza cuprinde \u00eentreg teritoriul administrativ al Sectorului 2, dar va eviden\u021bia inclusiv leg\u0103turile pe care sectorul le are cu restul teritoriului municipiului Bucure\u015fti, precum \u015fi cu localit\u0103\u0163ile din jude\u0163ul Ilfov, se arat\u0103 \u00een referatul de aprobare. <\/p>\n\n\n\n<p>\u00cen acela\u015fi document se men\u0163ioneaz\u0103 c\u0103 o mare parte din deplas\u0103rile de pe teritoriul Sectorului 2 sunt generate de principalele obiective de interes localizate \u00een sector.<\/p>\n\n\n\n<div class=\"wp-block-buttons is-content-justification-center is-layout-flex wp-container-core-buttons-is-layout-16018d1d wp-block-buttons-is-layout-flex\">\n<div class=\"wp-block-button has-custom-width wp-block-button__width-100\"><a class=\"wp-block-button__link wp-element-button\" href=\"https:\/\/www.patreon.com\/BuletinDeBucuresti\"><strong>Sus\u021bine Buletin de Bucure\u0219ti pentru investiga\u021bii, reportaje \u0219i \u0219tiri Locale<\/strong><\/a><\/div>\n<\/div>\n\n\n\n<h2 class=\"wp-block-heading\" id=\"h-motivele-pentru-care-se-doreste-extinderea-magistralei-corporatistilor-m2-pana-la-gara-petricani\">Motivele pentru care se dore\u015fte extinderea \u201eMagistralei Corporati\u015ftilor\u201d M2 p\u00e2n\u0103 la Gara Petricani<\/h2>\n\n\n\n<p><strong>Zona de birouri din partea de nord a sectorului 2 (Aurel Vlaicu &#8211; Pipera) reprezint\u0103 unul dintre principalii generatori de trafic al Capitalei, mai ales \u00een ceea ce prive\u015fte deplasarea c\u0103tre locul de munc\u0103.<\/strong><\/p>\n\n\n\n<p>Concentrarea unui num\u0103r foarte ridicat de locuri de munc\u0103 \u00een acea zon\u0103 suprasolicit\u0103 sistemul de transport public (Metrou M2, tramvaiele 4, 16 \u015fi 36 sau liniile de autobuz 343, 135 etc) \u015fi re\u0163eaua stradal\u0103 (str. Barbu V\u0103c\u0103rescu, \u015fos. Pipera \u015fi \u015fos. Petricani &#8211; str. Doamna Ghica) la orele de v\u00e2rf (07:00-09:00 \u015f 17:00-19:00).<\/p>\n\n\n\n<p>Drept urmare, consider\u0103 autorit\u0103\u0163ile, este nevoie de acest nou segment de metrou pentru a mai decongestiona traficul.<\/p>\n\n\n\n<p><strong>CITE\u015eTE \u015eI: <a href=\"https:\/\/buletin.de\/bucuresti\/m6-avanseaza-si-este-urmata-de-promisiuni-pentru-extinderea-m3-m4-si-m5-se-discuta-timid-si-despre-m7\/\" target=\"_blank\" rel=\"noreferrer noopener\">M6 Otopeni, nimic despre procentajul lucr\u0103rilor. Promisiuni pentru extinderea M3, M4 \u015fi M5. Ce discu\u021bii sunt despre M7 Bragadiru-Voluntari<\/a><\/strong><\/p>\n\n\n\n<p>O scrisoare care arat\u0103 inten\u0163ia autorit\u0103\u0163ilor locale de a se implica \u00een dezvoltarea infrastructurii de transport subteran a fost trimis\u0103 de primarul Sectorului 2, Rare\u015f Hopinc\u0103, la Ministerul Transporturilor, condus de colegul s\u0103u de partid, Sorin Grindeanu. <\/p>\n\n\n\n<p>\u201e<em>V\u0103 transmitem pe aceast\u0103 cale inten\u0163ia Sectorului 2 de ase implica activ, at\u00e2t din punct de vedere tehnic c\u00e2t \u015fi financiar, \u00een proiecte care vizeaz\u0103 extinderea magistralelor de metrou aflate pe teritoriul s\u0103u \u015fi v\u0103 propunem ini\u0163ierea demersurilor preg\u0103titoare unei colabor\u0103ri interinstitu\u0163ionale<\/em>\u201d, se arat\u0103 \u00een scrisoare.<\/p>\n\n\n\n<p><strong>CITE\u015eTE \u015eI: <a href=\"https:\/\/buletin.de\/bucuresti\/extinderea-magistralelor-de-metrou-se-face-pe-un-sol-fragil\/\" target=\"_blank\" rel=\"noreferrer noopener\">Extinderea magistralelor de metrou se face pe un sol fragil. Imaginile din satelit arat\u0103 probleme \u0219i \u00een zona Pia\u021ba Unirii<\/a><br><\/strong><\/p>\n","protected":false},"excerpt":{"rendered":"<p>Extinderea magistralei M2, p\u00e2n\u0103 la Gara Petricani, ar putea avea loc \u00een urma unui parteneriat \u00eencheiat \u00eentre Prim\u0103ria Sectorului 2 \u015fi Metrorex. \u00cen acest sens, Consiliul Local al Sectorului 2 va vota luni, 31 martie, un proiect prin care solicit\u0103 Consiliului General und\u0103 verde pentru aceast\u0103 colaborare. UPDATE 4 aprilie: Consiliul General al Municipiului Bucure\u0219ti [&hellip;]<\/p>\n","protected":false},"author":8,"featured_media":124622,"comment_status":"closed","ping_status":"open","sticky":false,"template":"","format":"standard","meta":{"_acf_changed":false,"inline_featured_image":false,"ngg_post_thumbnail":0,"footnotes":""},"categories":[6994,5762,24,650],"tags":[20227,20225,20226,228,7088,229,4780],"ppma_author":[22586],"class_list":["post-124602","post","type-post","status-publish","format-standard","has-post-thumbnail","hentry","category-stiri-2","category-main","category-primarie","category-transport","tag-extindere-m2","tag-metrou-m2-gara-petricani","tag-metrou-pipera-petricani","tag-primaria-sectorului-2","tag-rares-hopinca-2","tag-sector-2","tag-sorin-grindeanu"],"acf":[],"yoast_head":"<!-- This site is optimized with the Yoast SEO Premium plugin v25.3 (Yoast SEO v27.4) - https:\/\/yoast.com\/product\/yoast-seo-premium-wordpress\/ -->\n<title>Posibil parteneriat \u00eentre Sectorul 2 \u015fi Metrorex pentru extinderea magistralei M2 de metrou p\u00e2n\u0103 la Gara Petricani - Buletin de Bucure\u0219ti<\/title>\n<meta name=\"description\" content=\"Extinderea magistralei M2, p\u00e2n\u0103 la Gara Petricani, ar putea avea loc \u00een urma unui parteneriat \u00eentre Prim\u0103ria Sectorului 2 \u015fi Metrorex.\" \/>\n<meta name=\"robots\" content=\"index, follow, max-snippet:-1, max-image-preview:large, max-video-preview:-1\" \/>\n<link rel=\"canonical\" href=\"https:\/\/buletin.de\/bucuresti\/posibil-parteneriat-intre-sectorul-2-si-metrorex-pentru-extinderea-magistralei-de-metrou-m2-pana-la-gara-petricani\/\" \/>\n<meta property=\"og:locale\" content=\"en_GB\" \/>\n<meta property=\"og:type\" content=\"article\" \/>\n<meta property=\"og:title\" content=\"Posibil parteneriat \u00eentre Sectorul 2 \u015fi Metrorex pentru extinderea magistralei M2 de metrou p\u00e2n\u0103 la Gara Petricani\" \/>\n<meta property=\"og:description\" content=\"Extinderea magistralei M2, p\u00e2n\u0103 la Gara Petricani, ar putea avea loc \u00een urma unui parteneriat \u00eentre Prim\u0103ria Sectorului 2 \u015fi Metrorex.\" \/>\n<meta property=\"og:url\" content=\"https:\/\/buletin.de\/bucuresti\/posibil-parteneriat-intre-sectorul-2-si-metrorex-pentru-extinderea-magistralei-de-metrou-m2-pana-la-gara-petricani\/\" \/>\n<meta property=\"og:site_name\" content=\"Buletin de Bucure\u0219ti\" \/>\n<meta property=\"article:publisher\" content=\"https:\/\/www.facebook.com\/buletin.de.buc\" \/>\n<meta property=\"article:published_time\" content=\"2025-03-30T09:18:26+00:00\" \/>\n<meta property=\"article:modified_time\" content=\"2025-04-04T09:56:26+00:00\" \/>\n<meta property=\"og:image\" content=\"https:\/\/buletin.de\/bucuresti\/wp-content\/uploads\/2025\/03\/metrou-pipera-arhiva-metrorex.jpg\" \/>\n\t<meta property=\"og:image:width\" content=\"960\" \/>\n\t<meta property=\"og:image:height\" content=\"720\" \/>\n\t<meta property=\"og:image:type\" content=\"image\/jpeg\" \/>\n<meta name=\"author\" content=\"Ionu\u021b Lepa\" \/>\n<meta name=\"twitter:card\" content=\"summary_large_image\" \/>\n<meta name=\"twitter:label1\" content=\"Written by\" \/>\n\t<meta name=\"twitter:data1\" content=\"Ionu\u021b Lepa\" \/>\n\t<meta name=\"twitter:label2\" content=\"Estimated reading time\" \/>\n\t<meta name=\"twitter:data2\" content=\"3 minutes\" \/>\n<script type=\"application\/ld+json\" class=\"yoast-schema-graph\">{\"@context\":\"https:\\\/\\\/schema.org\",\"@graph\":[{\"@type\":\"Article\",\"@id\":\"https:\\\/\\\/buletin.de\\\/bucuresti\\\/posibil-parteneriat-intre-sectorul-2-si-metrorex-pentru-extinderea-magistralei-de-metrou-m2-pana-la-gara-petricani\\\/#article\",\"isPartOf\":{\"@id\":\"https:\\\/\\\/buletin.de\\\/bucuresti\\\/posibil-parteneriat-intre-sectorul-2-si-metrorex-pentru-extinderea-magistralei-de-metrou-m2-pana-la-gara-petricani\\\/\"},\"author\":{\"name\":\"Ionu\u021b Lepa\",\"@id\":\"https:\\\/\\\/buletin.de\\\/bucuresti\\\/#\\\/schema\\\/person\\\/5272b8a057b33890940b57b837fc4ce6\"},\"headline\":\"Posibil parteneriat \u00eentre Sectorul 2 \u015fi Metrorex pentru extinderea magistralei M2 de metrou p\u00e2n\u0103 la Gara Petricani\",\"datePublished\":\"2025-03-30T09:18:26+00:00\",\"dateModified\":\"2025-04-04T09:56:26+00:00\",\"mainEntityOfPage\":{\"@id\":\"https:\\\/\\\/buletin.de\\\/bucuresti\\\/posibil-parteneriat-intre-sectorul-2-si-metrorex-pentru-extinderea-magistralei-de-metrou-m2-pana-la-gara-petricani\\\/\"},\"wordCount\":530,\"publisher\":{\"@id\":\"https:\\\/\\\/buletin.de\\\/bucuresti\\\/#organization\"},\"image\":{\"@id\":\"https:\\\/\\\/buletin.de\\\/bucuresti\\\/posibil-parteneriat-intre-sectorul-2-si-metrorex-pentru-extinderea-magistralei-de-metrou-m2-pana-la-gara-petricani\\\/#primaryimage\"},\"thumbnailUrl\":\"https:\\\/\\\/buletin.de\\\/bucuresti\\\/wp-content\\\/uploads\\\/2025\\\/03\\\/metrou-pipera-arhiva-metrorex.jpg\",\"keywords\":[\"extindere m2\",\"metrou m2 gara petricani\",\"metrou pipera - petricani\",\"primaria sectorului 2\",\"rares hopinca\",\"Sector 2\",\"sorin grindeanu\"],\"articleSection\":[\"Articole\",\"Main\",\"Prim\u0103rie\",\"Transport\"],\"inLanguage\":\"en-GB\",\"copyrightYear\":\"2025\",\"copyrightHolder\":{\"@id\":\"https:\\\/\\\/buletin.de\\\/bucuresti\\\/#organization\"}},{\"@type\":\"WebPage\",\"@id\":\"https:\\\/\\\/buletin.de\\\/bucuresti\\\/posibil-parteneriat-intre-sectorul-2-si-metrorex-pentru-extinderea-magistralei-de-metrou-m2-pana-la-gara-petricani\\\/\",\"url\":\"https:\\\/\\\/buletin.de\\\/bucuresti\\\/posibil-parteneriat-intre-sectorul-2-si-metrorex-pentru-extinderea-magistralei-de-metrou-m2-pana-la-gara-petricani\\\/\",\"name\":\"Posibil parteneriat \u00eentre Sectorul 2 \u015fi Metrorex pentru extinderea magistralei M2 de metrou p\u00e2n\u0103 la Gara Petricani - Buletin de Bucure\u0219ti\",\"isPartOf\":{\"@id\":\"https:\\\/\\\/buletin.de\\\/bucuresti\\\/#website\"},\"primaryImageOfPage\":{\"@id\":\"https:\\\/\\\/buletin.de\\\/bucuresti\\\/posibil-parteneriat-intre-sectorul-2-si-metrorex-pentru-extinderea-magistralei-de-metrou-m2-pana-la-gara-petricani\\\/#primaryimage\"},\"image\":{\"@id\":\"https:\\\/\\\/buletin.de\\\/bucuresti\\\/posibil-parteneriat-intre-sectorul-2-si-metrorex-pentru-extinderea-magistralei-de-metrou-m2-pana-la-gara-petricani\\\/#primaryimage\"},\"thumbnailUrl\":\"https:\\\/\\\/buletin.de\\\/bucuresti\\\/wp-content\\\/uploads\\\/2025\\\/03\\\/metrou-pipera-arhiva-metrorex.jpg\",\"datePublished\":\"2025-03-30T09:18:26+00:00\",\"dateModified\":\"2025-04-04T09:56:26+00:00\",\"description\":\"Extinderea magistralei M2, p\u00e2n\u0103 la Gara Petricani, ar putea avea loc \u00een urma unui parteneriat \u00eentre Prim\u0103ria Sectorului 2 \u015fi Metrorex.\",\"breadcrumb\":{\"@id\":\"https:\\\/\\\/buletin.de\\\/bucuresti\\\/posibil-parteneriat-intre-sectorul-2-si-metrorex-pentru-extinderea-magistralei-de-metrou-m2-pana-la-gara-petricani\\\/#breadcrumb\"},\"inLanguage\":\"en-GB\",\"potentialAction\":[{\"@type\":\"ReadAction\",\"target\":[\"https:\\\/\\\/buletin.de\\\/bucuresti\\\/posibil-parteneriat-intre-sectorul-2-si-metrorex-pentru-extinderea-magistralei-de-metrou-m2-pana-la-gara-petricani\\\/\"]}]},{\"@type\":\"ImageObject\",\"inLanguage\":\"en-GB\",\"@id\":\"https:\\\/\\\/buletin.de\\\/bucuresti\\\/posibil-parteneriat-intre-sectorul-2-si-metrorex-pentru-extinderea-magistralei-de-metrou-m2-pana-la-gara-petricani\\\/#primaryimage\",\"url\":\"https:\\\/\\\/buletin.de\\\/bucuresti\\\/wp-content\\\/uploads\\\/2025\\\/03\\\/metrou-pipera-arhiva-metrorex.jpg\",\"contentUrl\":\"https:\\\/\\\/buletin.de\\\/bucuresti\\\/wp-content\\\/uploads\\\/2025\\\/03\\\/metrou-pipera-arhiva-metrorex.jpg\",\"width\":960,\"height\":720,\"caption\":\"Plan pentru extinderea M2 de la Pipera, p\u00e2n\u0103 la Gara Petricani. FOTO: arhiv\u0103 Metrorex\"},{\"@type\":\"BreadcrumbList\",\"@id\":\"https:\\\/\\\/buletin.de\\\/bucuresti\\\/posibil-parteneriat-intre-sectorul-2-si-metrorex-pentru-extinderea-magistralei-de-metrou-m2-pana-la-gara-petricani\\\/#breadcrumb\",\"itemListElement\":[{\"@type\":\"ListItem\",\"position\":1,\"name\":\"Acas\u0103\",\"item\":\"https:\\\/\\\/buletin.de\\\/bucuresti\\\/\"},{\"@type\":\"ListItem\",\"position\":2,\"name\":\"Posibil parteneriat \u00eentre Sectorul 2 \u015fi Metrorex pentru extinderea magistralei M2 de metrou p\u00e2n\u0103 la Gara Petricani\"}]},{\"@type\":\"WebSite\",\"@id\":\"https:\\\/\\\/buletin.de\\\/bucuresti\\\/#website\",\"url\":\"https:\\\/\\\/buletin.de\\\/bucuresti\\\/\",\"name\":\"Buletin de Bucure\u0219ti\",\"description\":\"\u0218tiri \u0219i investiga\u021bii esen\u021biale din capital\u0103\",\"publisher\":{\"@id\":\"https:\\\/\\\/buletin.de\\\/bucuresti\\\/#organization\"},\"potentialAction\":[{\"@type\":\"SearchAction\",\"target\":{\"@type\":\"EntryPoint\",\"urlTemplate\":\"https:\\\/\\\/buletin.de\\\/bucuresti\\\/?s={search_term_string}\"},\"query-input\":{\"@type\":\"PropertyValueSpecification\",\"valueRequired\":true,\"valueName\":\"search_term_string\"}}],\"inLanguage\":\"en-GB\"},{\"@type\":\"Organization\",\"@id\":\"https:\\\/\\\/buletin.de\\\/bucuresti\\\/#organization\",\"name\":\"Buletin de Bucure\u0219ti\",\"url\":\"https:\\\/\\\/buletin.de\\\/bucuresti\\\/\",\"logo\":{\"@type\":\"ImageObject\",\"inLanguage\":\"en-GB\",\"@id\":\"https:\\\/\\\/buletin.de\\\/bucuresti\\\/#\\\/schema\\\/logo\\\/image\\\/\",\"url\":\"https:\\\/\\\/buletin.de\\\/bucuresti\\\/wp-content\\\/uploads\\\/logo-bdb-full-wide-vernil-transparent.png\",\"contentUrl\":\"https:\\\/\\\/buletin.de\\\/bucuresti\\\/wp-content\\\/uploads\\\/logo-bdb-full-wide-vernil-transparent.png\",\"width\":1782,\"height\":626,\"caption\":\"Buletin de Bucure\u0219ti\"},\"image\":{\"@id\":\"https:\\\/\\\/buletin.de\\\/bucuresti\\\/#\\\/schema\\\/logo\\\/image\\\/\"},\"sameAs\":[\"https:\\\/\\\/www.facebook.com\\\/buletin.de.buc\",\"https:\\\/\\\/www.instagram.com\\\/buletinde.bucuresti\\\/\"]},{\"@type\":\"Person\",\"@id\":\"https:\\\/\\\/buletin.de\\\/bucuresti\\\/#\\\/schema\\\/person\\\/5272b8a057b33890940b57b837fc4ce6\",\"name\":\"Ionu\u021b Lepa\",\"image\":{\"@type\":\"ImageObject\",\"inLanguage\":\"en-GB\",\"@id\":\"https:\\\/\\\/buletin.de\\\/bucuresti\\\/wp-content\\\/uploads\\\/Ionut-Lepa-96x96.jpg5c4e4d9e049808799a8821652d2410a4\",\"url\":\"https:\\\/\\\/buletin.de\\\/bucuresti\\\/wp-content\\\/uploads\\\/Ionut-Lepa-96x96.jpg\",\"contentUrl\":\"https:\\\/\\\/buletin.de\\\/bucuresti\\\/wp-content\\\/uploads\\\/Ionut-Lepa-96x96.jpg\",\"caption\":\"Ionu\u021b Lepa\"},\"url\":\"https:\\\/\\\/buletin.de\\\/bucuresti\\\/author\\\/ionutlepa\\\/\"}]}<\/script>\n<!-- \/ Yoast SEO Premium plugin. -->","yoast_head_json":{"title":"Posibil parteneriat \u00eentre Sectorul 2 \u015fi Metrorex pentru extinderea magistralei M2 de metrou p\u00e2n\u0103 la Gara Petricani - Buletin de Bucure\u0219ti","description":"Extinderea magistralei M2, p\u00e2n\u0103 la Gara Petricani, ar putea avea loc \u00een urma unui parteneriat \u00eentre Prim\u0103ria Sectorului 2 \u015fi Metrorex.","robots":{"index":"index","follow":"follow","max-snippet":"max-snippet:-1","max-image-preview":"max-image-preview:large","max-video-preview":"max-video-preview:-1"},"canonical":"https:\/\/buletin.de\/bucuresti\/posibil-parteneriat-intre-sectorul-2-si-metrorex-pentru-extinderea-magistralei-de-metrou-m2-pana-la-gara-petricani\/","og_locale":"en_GB","og_type":"article","og_title":"Posibil parteneriat \u00eentre Sectorul 2 \u015fi Metrorex pentru extinderea magistralei M2 de metrou p\u00e2n\u0103 la Gara Petricani","og_description":"Extinderea magistralei M2, p\u00e2n\u0103 la Gara Petricani, ar putea avea loc \u00een urma unui parteneriat \u00eentre Prim\u0103ria Sectorului 2 \u015fi Metrorex.","og_url":"https:\/\/buletin.de\/bucuresti\/posibil-parteneriat-intre-sectorul-2-si-metrorex-pentru-extinderea-magistralei-de-metrou-m2-pana-la-gara-petricani\/","og_site_name":"Buletin de Bucure\u0219ti","article_publisher":"https:\/\/www.facebook.com\/buletin.de.buc","article_published_time":"2025-03-30T09:18:26+00:00","article_modified_time":"2025-04-04T09:56:26+00:00","og_image":[{"width":960,"height":720,"url":"https:\/\/buletin.de\/bucuresti\/wp-content\/uploads\/2025\/03\/metrou-pipera-arhiva-metrorex.jpg","type":"image\/jpeg"}],"author":"Ionu\u021b Lepa","twitter_card":"summary_large_image","twitter_misc":{"Written by":"Ionu\u021b Lepa","Estimated reading time":"3 minutes"},"schema":{"@context":"https:\/\/schema.org","@graph":[{"@type":"Article","@id":"https:\/\/buletin.de\/bucuresti\/posibil-parteneriat-intre-sectorul-2-si-metrorex-pentru-extinderea-magistralei-de-metrou-m2-pana-la-gara-petricani\/#article","isPartOf":{"@id":"https:\/\/buletin.de\/bucuresti\/posibil-parteneriat-intre-sectorul-2-si-metrorex-pentru-extinderea-magistralei-de-metrou-m2-pana-la-gara-petricani\/"},"author":{"name":"Ionu\u021b Lepa","@id":"https:\/\/buletin.de\/bucuresti\/#\/schema\/person\/5272b8a057b33890940b57b837fc4ce6"},"headline":"Posibil parteneriat \u00eentre Sectorul 2 \u015fi Metrorex pentru extinderea magistralei M2 de metrou p\u00e2n\u0103 la Gara Petricani","datePublished":"2025-03-30T09:18:26+00:00","dateModified":"2025-04-04T09:56:26+00:00","mainEntityOfPage":{"@id":"https:\/\/buletin.de\/bucuresti\/posibil-parteneriat-intre-sectorul-2-si-metrorex-pentru-extinderea-magistralei-de-metrou-m2-pana-la-gara-petricani\/"},"wordCount":530,"publisher":{"@id":"https:\/\/buletin.de\/bucuresti\/#organization"},"image":{"@id":"https:\/\/buletin.de\/bucuresti\/posibil-parteneriat-intre-sectorul-2-si-metrorex-pentru-extinderea-magistralei-de-metrou-m2-pana-la-gara-petricani\/#primaryimage"},"thumbnailUrl":"https:\/\/buletin.de\/bucuresti\/wp-content\/uploads\/2025\/03\/metrou-pipera-arhiva-metrorex.jpg","keywords":["extindere m2","metrou m2 gara petricani","metrou pipera - petricani","primaria sectorului 2","rares hopinca","Sector 2","sorin grindeanu"],"articleSection":["Articole","Main","Prim\u0103rie","Transport"],"inLanguage":"en-GB","copyrightYear":"2025","copyrightHolder":{"@id":"https:\/\/buletin.de\/bucuresti\/#organization"}},{"@type":"WebPage","@id":"https:\/\/buletin.de\/bucuresti\/posibil-parteneriat-intre-sectorul-2-si-metrorex-pentru-extinderea-magistralei-de-metrou-m2-pana-la-gara-petricani\/","url":"https:\/\/buletin.de\/bucuresti\/posibil-parteneriat-intre-sectorul-2-si-metrorex-pentru-extinderea-magistralei-de-metrou-m2-pana-la-gara-petricani\/","name":"Posibil parteneriat \u00eentre Sectorul 2 \u015fi Metrorex pentru extinderea magistralei M2 de metrou p\u00e2n\u0103 la Gara Petricani - Buletin de Bucure\u0219ti","isPartOf":{"@id":"https:\/\/buletin.de\/bucuresti\/#website"},"primaryImageOfPage":{"@id":"https:\/\/buletin.de\/bucuresti\/posibil-parteneriat-intre-sectorul-2-si-metrorex-pentru-extinderea-magistralei-de-metrou-m2-pana-la-gara-petricani\/#primaryimage"},"image":{"@id":"https:\/\/buletin.de\/bucuresti\/posibil-parteneriat-intre-sectorul-2-si-metrorex-pentru-extinderea-magistralei-de-metrou-m2-pana-la-gara-petricani\/#primaryimage"},"thumbnailUrl":"https:\/\/buletin.de\/bucuresti\/wp-content\/uploads\/2025\/03\/metrou-pipera-arhiva-metrorex.jpg","datePublished":"2025-03-30T09:18:26+00:00","dateModified":"2025-04-04T09:56:26+00:00","description":"Extinderea magistralei M2, p\u00e2n\u0103 la Gara Petricani, ar putea avea loc \u00een urma unui parteneriat \u00eentre Prim\u0103ria Sectorului 2 \u015fi Metrorex.","breadcrumb":{"@id":"https:\/\/buletin.de\/bucuresti\/posibil-parteneriat-intre-sectorul-2-si-metrorex-pentru-extinderea-magistralei-de-metrou-m2-pana-la-gara-petricani\/#breadcrumb"},"inLanguage":"en-GB","potentialAction":[{"@type":"ReadAction","target":["https:\/\/buletin.de\/bucuresti\/posibil-parteneriat-intre-sectorul-2-si-metrorex-pentru-extinderea-magistralei-de-metrou-m2-pana-la-gara-petricani\/"]}]},{"@type":"ImageObject","inLanguage":"en-GB","@id":"https:\/\/buletin.de\/bucuresti\/posibil-parteneriat-intre-sectorul-2-si-metrorex-pentru-extinderea-magistralei-de-metrou-m2-pana-la-gara-petricani\/#primaryimage","url":"https:\/\/buletin.de\/bucuresti\/wp-content\/uploads\/2025\/03\/metrou-pipera-arhiva-metrorex.jpg","contentUrl":"https:\/\/buletin.de\/bucuresti\/wp-content\/uploads\/2025\/03\/metrou-pipera-arhiva-metrorex.jpg","width":960,"height":720,"caption":"Plan pentru extinderea M2 de la Pipera, p\u00e2n\u0103 la Gara Petricani. FOTO: arhiv\u0103 Metrorex"},{"@type":"BreadcrumbList","@id":"https:\/\/buletin.de\/bucuresti\/posibil-parteneriat-intre-sectorul-2-si-metrorex-pentru-extinderea-magistralei-de-metrou-m2-pana-la-gara-petricani\/#breadcrumb","itemListElement":[{"@type":"ListItem","position":1,"name":"Acas\u0103","item":"https:\/\/buletin.de\/bucuresti\/"},{"@type":"ListItem","position":2,"name":"Posibil parteneriat \u00eentre Sectorul 2 \u015fi Metrorex pentru extinderea magistralei M2 de metrou p\u00e2n\u0103 la Gara Petricani"}]},{"@type":"WebSite","@id":"https:\/\/buletin.de\/bucuresti\/#website","url":"https:\/\/buletin.de\/bucuresti\/","name":"Buletin de Bucure\u0219ti","description":"\u0218tiri \u0219i investiga\u021bii esen\u021biale din capital\u0103","publisher":{"@id":"https:\/\/buletin.de\/bucuresti\/#organization"},"potentialAction":[{"@type":"SearchAction","target":{"@type":"EntryPoint","urlTemplate":"https:\/\/buletin.de\/bucuresti\/?s={search_term_string}"},"query-input":{"@type":"PropertyValueSpecification","valueRequired":true,"valueName":"search_term_string"}}],"inLanguage":"en-GB"},{"@type":"Organization","@id":"https:\/\/buletin.de\/bucuresti\/#organization","name":"Buletin de Bucure\u0219ti","url":"https:\/\/buletin.de\/bucuresti\/","logo":{"@type":"ImageObject","inLanguage":"en-GB","@id":"https:\/\/buletin.de\/bucuresti\/#\/schema\/logo\/image\/","url":"https:\/\/buletin.de\/bucuresti\/wp-content\/uploads\/logo-bdb-full-wide-vernil-transparent.png","contentUrl":"https:\/\/buletin.de\/bucuresti\/wp-content\/uploads\/logo-bdb-full-wide-vernil-transparent.png","width":1782,"height":626,"caption":"Buletin de Bucure\u0219ti"},"image":{"@id":"https:\/\/buletin.de\/bucuresti\/#\/schema\/logo\/image\/"},"sameAs":["https:\/\/www.facebook.com\/buletin.de.buc","https:\/\/www.instagram.com\/buletinde.bucuresti\/"]},{"@type":"Person","@id":"https:\/\/buletin.de\/bucuresti\/#\/schema\/person\/5272b8a057b33890940b57b837fc4ce6","name":"Ionu\u021b Lepa","image":{"@type":"ImageObject","inLanguage":"en-GB","@id":"https:\/\/buletin.de\/bucuresti\/wp-content\/uploads\/Ionut-Lepa-96x96.jpg5c4e4d9e049808799a8821652d2410a4","url":"https:\/\/buletin.de\/bucuresti\/wp-content\/uploads\/Ionut-Lepa-96x96.jpg","contentUrl":"https:\/\/buletin.de\/bucuresti\/wp-content\/uploads\/Ionut-Lepa-96x96.jpg","caption":"Ionu\u021b Lepa"},"url":"https:\/\/buletin.de\/bucuresti\/author\/ionutlepa\/"}]}},"authors":[{"term_id":22586,"user_id":8,"is_guest":0,"slug":"ionutlepa","display_name":"Ionu\u021b Lepa","avatar_url":"https:\/\/buletin.de\/bucuresti\/wp-content\/uploads\/Ionut-Lepa-96x96.jpg","0":null,"1":"","2":"","3":"","4":"","5":"","6":"","7":"","8":""}],"_links":{"self":[{"href":"https:\/\/buletin.de\/bucuresti\/wp-json\/wp\/v2\/posts\/124602","targetHints":{"allow":["GET"]}}],"collection":[{"href":"https:\/\/buletin.de\/bucuresti\/wp-json\/wp\/v2\/posts"}],"about":[{"href":"https:\/\/buletin.de\/bucuresti\/wp-json\/wp\/v2\/types\/post"}],"author":[{"embeddable":true,"href":"https:\/\/buletin.de\/bucuresti\/wp-json\/wp\/v2\/users\/8"}],"replies":[{"embeddable":true,"href":"https:\/\/buletin.de\/bucuresti\/wp-json\/wp\/v2\/comments?post=124602"}],"version-history":[{"count":6,"href":"https:\/\/buletin.de\/bucuresti\/wp-json\/wp\/v2\/posts\/124602\/revisions"}],"predecessor-version":[{"id":125194,"href":"https:\/\/buletin.de\/bucuresti\/wp-json\/wp\/v2\/posts\/124602\/revisions\/125194"}],"wp:featuredmedia":[{"embeddable":true,"href":"https:\/\/buletin.de\/bucuresti\/wp-json\/wp\/v2\/media\/124622"}],"wp:attachment":[{"href":"https:\/\/buletin.de\/bucuresti\/wp-json\/wp\/v2\/media?parent=124602"}],"wp:term":[{"taxonomy":"category","embeddable":true,"href":"https:\/\/buletin.de\/bucuresti\/wp-json\/wp\/v2\/categories?post=124602"},{"taxonomy":"post_tag","embeddable":true,"href":"https:\/\/buletin.de\/bucuresti\/wp-json\/wp\/v2\/tags?post=124602"},{"taxonomy":"author","embeddable":true,"href":"https:\/\/buletin.de\/bucuresti\/wp-json\/wp\/v2\/ppma_author?post=124602"}],"curies":[{"name":"wp","href":"https:\/\/api.w.org\/{rel}","templated":true}]}}