{"id":12451,"date":"2020-09-25T14:24:08","date_gmt":"2020-09-25T11:24:08","guid":{"rendered":"https:\/\/buletin.de\/bucuresti\/?p=12451"},"modified":"2020-09-30T16:20:49","modified_gmt":"2020-09-30T13:20:49","slug":"tainele-companiei-municipale-publicitate-si-afisaj-laptopuri-de-gaming-si-salarii-grase-pentru-oamenii-lui-firea-in-timp-ce-antena-3-pune-gaj-la-banci-contractul","status":"publish","type":"post","link":"https:\/\/buletin.de\/bucuresti\/tainele-companiei-municipale-publicitate-si-afisaj-laptopuri-de-gaming-si-salarii-grase-pentru-oamenii-lui-firea-in-timp-ce-antena-3-pune-gaj-la-banci-contractul\/","title":{"rendered":"\u201cTainele\u201d Companiei Municipale Publicitate \u0219i Afi\u0219aj | Laptopuri de gaming \u0219i salarii \u201egrase\u201d pentru oamenii lui Firea, \u00een timp ce Antena 3 pune gaj la b\u0103nci contractul pentru spoturi TV"},"content":{"rendered":"\n<p>\u00cen cei aproape 4 ani de existen\u021b\u0103, Compania Municipal\u0103 Publicitate \u0219i Afi\u0219aj Bucure\u0219ti a consumat din banii bucure\u0219tenilor 5 milioane de euro, a \u00eenchis 2 ani consecutiv pe pierdere \u0219i a reu\u0219it un profit de 2500 de euro, anul trecut, dup\u0103 ce a \u00eencasat banii pentru un contract uria\u0219, semnat cu o alt\u0103 companie a municipalit\u0103\u021bii. O afacere \u00een care prim\u0103ria a pl\u0103tit din bani publici mii de spoturi radio \u0219i TV care pream\u0103resc realiz\u0103rile din timpul guvern\u0103rii Firea, cu contracte la secret. Dar s\u0103 rescriem istoria unei companii mai scump\u0103 ca publicitatea la Super Bowl..<\/p>\n\n\n\n<p><strong>Na\u0219terea \u0219i copil\u0103ria<\/strong><\/p>\n\n\n\n<p>Prin decizia Consiliului General al municipiului Bucure\u0219ti, pe 14 aprilie 2017 ia na\u0219tere Compania Municipal\u0103 Publicitate \u0219i Afi\u0219aj. Societatea are ca asocia\u021bi PMB \u0219i acela\u0219i bun la toate Service Ciclop. Obiectul de activitate, <strong>gestionarea tuturor spa\u021biilor de publicitate de pe domeniul public \u0219i privat al Municipiului Bucure\u0219ti<\/strong>. Activitate care pare extrem de b\u0103noas\u0103 la prima vedere. <\/p>\n\n\n\n<figure class=\"wp-block-image size-large\"><img fetchpriority=\"high\" decoding=\"async\" width=\"900\" height=\"506\" src=\"data:image\/gif;base64,R0lGODlhAQABAAAAACH5BAEKAAEALAAAAAABAAEAAAICTAEAOw==\" data-src=\"https:\/\/buletin.de\/bucuresti\/wp-content\/uploads\/obiect-activ-900x506.png\" alt=\"\" class=\"wp-image-12453 lazyload\" data-sizes=\"auto\" data-srcset=\"https:\/\/buletin.de\/bucuresti\/wp-content\/uploads\/obiect-activ-900x506.png 900w, https:\/\/buletin.de\/bucuresti\/wp-content\/uploads\/obiect-activ-300x169.png 300w, https:\/\/buletin.de\/bucuresti\/wp-content\/uploads\/obiect-activ-768x432.png 768w, https:\/\/buletin.de\/bucuresti\/wp-content\/uploads\/obiect-activ-1060x596.png 1060w, https:\/\/buletin.de\/bucuresti\/wp-content\/uploads\/obiect-activ-550x309.png 550w, https:\/\/buletin.de\/bucuresti\/wp-content\/uploads\/obiect-activ-889x500.png 889w, https:\/\/buletin.de\/bucuresti\/wp-content\/uploads\/obiect-activ-600x337.png 600w, https:\/\/buletin.de\/bucuresti\/wp-content\/uploads\/obiect-activ.png 1366w\" sizes=\"(max-width: 900px) 100vw, 900px\" \/><figcaption>ROF CMAP Bucure\u0219ti<\/figcaption><\/figure>\n\n\n\n<p>\u0218i pleac\u0103 \u0219i primii bani din buzunarul bucure\u0219tenilor, \u00een contul companiei &#8211; 10,2 milioane de lei. <\/p>\n\n\n\n<p><strong>Cifra de afaceri ZERO, laptopuri gaming achizitionate cu bani de la buget<\/strong><\/p>\n\n\n\n<p>Primul an de existen\u021b\u0103 al companiei este doar unul de organizare. Sunt cump\u0103rate aparatur\u0103, birotic\u0103 \u0219i mobilier. Veniturile sunt zero iar cheltuielile, dintre care 94% au fost cu salariile, genereaz\u0103 o pierdere de peste 100.000 de euro.<\/p>\n\n\n\n<p>\u00centre achizi\u021biile anului 2017 se remarc\u0103 4 laptopuri Gaming, adic\u0103 dedicate \u00eemp\u0103timi\u021bilor de jocuri pe computer. (https:\/\/medium.com\/@gaminglaptop\/difference-between-gaming-laptops-and-normal-laptops-b852d889f2e4)<\/p>\n\n\n\n<figure class=\"wp-block-image size-large\"><img decoding=\"async\" width=\"758\" height=\"597\" src=\"data:image\/gif;base64,R0lGODlhAQABAAAAACH5BAEKAAEALAAAAAABAAEAAAICTAEAOw==\" data-src=\"https:\/\/buletin.de\/bucuresti\/wp-content\/uploads\/laptop.jpg\" alt=\"\" class=\"wp-image-12479 lazyload\" data-sizes=\"auto\" data-srcset=\"https:\/\/buletin.de\/bucuresti\/wp-content\/uploads\/laptop.jpg 758w, https:\/\/buletin.de\/bucuresti\/wp-content\/uploads\/laptop-300x236.jpg 300w, https:\/\/buletin.de\/bucuresti\/wp-content\/uploads\/laptop-550x433.jpg 550w, https:\/\/buletin.de\/bucuresti\/wp-content\/uploads\/laptop-635x500.jpg 635w, https:\/\/buletin.de\/bucuresti\/wp-content\/uploads\/laptop-600x473.jpg 600w\" sizes=\"(max-width: 758px) 100vw, 758px\" \/><figcaption>Blantul congtabil al CMAP pe 2017<\/figcaption><\/figure>\n\n\n\n<p><strong>2018, inventariem, inventariem \u0219i iar inventariem<\/strong><\/p>\n\n\n\n<p>\u00cenceputul de an g\u0103se\u0219te CMPAB cu 12 angaja\u021bi \u0219i 11 milioane de lei \u00een cont \u0219i cas\u0103. \u0218i o nou\u0103 infuzie de capital de la ac\u021bionari, adic\u0103 de la Prim\u0103ria Bucure\u0219ti &#8211;<strong> 8 milioane de lei. <\/strong><\/p>\n\n\n\n<p>Din raportul administratorilor pe anul 2018, rezult\u0103 ca societatea a desf\u0103\u0219urat doar campanii pentru Prim\u0103ria Bucure\u0219ti \u0219i institu\u021biile subordonate, \u0219i a inventariat spa\u021biile publicitare outdoor din Capital\u0103.<\/p>\n\n\n\n<figure class=\"wp-block-image\"><img decoding=\"async\" src=\"data:image\/gif;base64,R0lGODlhAQABAAAAACH5BAEKAAEALAAAAAABAAEAAAICTAEAOw==\" data-src=\"https:\/\/buletin.de\/bucuresti\/wp-content\/uploads\/image-160.png\" class=\"lazyload\" alt=\"This image has an empty alt attribute; its file name is image-160.png\"\/><figcaption>Raportul CA al CMAP pe 2018<\/figcaption><\/figure>\n\n\n\n<p>Cu alte cuvinte, singurii bani veniti \u00een companie au fost tot din banii bucure\u0219tenilor, din alte institu\u021bii subordonate prim\u0103riei. <\/p>\n\n\n\n<p>Campania <em>&#8220;Newborn&#8221;<\/em> a iscat un scandal \u00eenc\u0103 dinainte de lansarea oficial\u0103. \u00cen spotul prezentat chiar de Gabriela Firea, ap\u0103rea o fotografie a unei mame cu copilul la piept, fotografie luat\u0103 de pe internet f\u0103r\u0103 acceptul protagonistei. (https:\/\/www.vice.com\/ro\/article\/kzy8a9\/firea-si-a-facut-campanie-cu-o-poza-cu-mine-fara-acordul-meu)<\/p>\n\n\n\n<p>Nici spotul de 28 de secunde produs de CMPAB pentru o alt\u0103 companie municipal\u0103, cea de consolid\u0103ri, nu a r\u0103mas f\u0103r\u0103 reac\u021bii.  La vremea lans\u0103rii sale, filmul a fost aspru criticat de opozi\u021bie care a acuzat-o pe Gabriela Firea c\u0103-\u0219i face reclam\u0103 pe banii cet\u0103\u021benilor. <\/p>\n\n\n\n<figure class=\"wp-block-video\"><video controls src=\"https:\/\/buletin.de\/bucuresti\/wp-content\/uploads\/WhatsApp-Video-2020-09-24-at-13.28.02.mp4\"><\/video><\/figure>\n\n\n\n<p>La capitolul cheltuieli, 2018 e un an bun pentru CMPAB. Compania pl\u0103te\u0219te bani grei pentru achizi\u021bia de materiale publicitare, birotic\u0103 dar \u0219i ma\u0219ini. <\/p>\n\n\n\n<figure class=\"wp-block-table\"><table><tbody><tr><td>Materiale publicitare<\/td><td>178,809.359<\/td><\/tr><tr><td>Servicii de tiparire si livrare<\/td><td>133,000<\/td><\/tr><tr><td>Servicii de consultanta in domeniul achizitiilor<\/td><td>129,200<\/td><\/tr><tr><td>Consultanta privind proiectarea sistemelor de management ISO 9001, ISO 14001 si ISO 27001<\/td><td>57,000<\/td><\/tr><tr><td>Servicii de publicitate pentru organizare eveniment<\/td><td>56,000<\/td><\/tr><\/tbody><\/table><\/figure>\n\n\n\n<figure class=\"wp-block-image size-large\"><img decoding=\"async\" width=\"356\" height=\"131\" src=\"data:image\/gif;base64,R0lGODlhAQABAAAAACH5BAEKAAEALAAAAAABAAEAAAICTAEAOw==\" data-src=\"https:\/\/buletin.de\/bucuresti\/wp-content\/uploads\/image-161.png\" alt=\"\" class=\"wp-image-12489 lazyload\" data-sizes=\"auto\" data-srcset=\"https:\/\/buletin.de\/bucuresti\/wp-content\/uploads\/image-161.png 356w, https:\/\/buletin.de\/bucuresti\/wp-content\/uploads\/image-161-300x110.png 300w\" sizes=\"(max-width: 356px) 100vw, 356px\" \/><figcaption>Anunt achizi\u021bie 5 automobile<\/figcaption><\/figure>\n\n\n\n<p><strong>Pierdere net\u0103 de 837.305 lei<\/strong>, <strong>obiect de activitate inexistent<\/strong><\/p>\n\n\n\n<p>Al doilea an de existen\u021b\u0103 al CMPAB se \u00eencheie cu mai mul\u021bi angaja\u021bi, o pierdere net\u0103 de 837.305 lei \u0219i deja multe active \u00een inventar. <\/p>\n\n\n\n<p>Cifra de afaceri sare la 9.737.215 lei \u0219i provine strict din v\u00e2nzare produc\u021bie, conform bilan\u021bului public depus de companie. Adic\u0103, plata pentru campaniile desf\u0103\u0219urate pentru alte institu\u021bii subordonate prim\u0103riei care pl\u0103tesc tot cu bani publici. <\/p>\n\n\n\n<p>Cei 32 de salaria\u021bi c\u0103\u0219tig\u0103 \u00een medie 7,7 mii lei pe lun\u0103, adic\u0103 o cheltuial\u0103 anual\u0103 de aproape 3 milioane de lei. <\/p>\n\n\n\n<p>\u00cen raportul administratorilor, dincolo de cifrele contabile se strecoar\u0103 o fraz\u0103 important\u0103, la capitolul administrarea riscurilor. Aceea\u0219i ca \u00een 2017.<\/p>\n\n\n\n<p><em>&#8220;Cel mai important risc la care este supus\u0103 compania este reprezentat de lipsa unei deleg\u0103ri din partea Serviciului de administrare a domeniului public privat al municipiului Bucure\u0219ti, aferent amplas\u0103rii mijloacelor de publicitate stradal\u0103. Lipsa acestei deleg\u0103ri duce la incapacitatea companiei de a reglementa, monitoriza \u0219i transparentiza un serviciu care poate deveni o surs\u0103 de venit pentru bugetul local&#8221;<\/em><\/p>\n\n\n\n<p>Cu alte cuvinte, Compania nu are la dispozi\u021bie mijloacele necesare pentru a-\u0219i \u00eendeplini misiunea. Nu poate exploata spa\u021biile de publicitate stradal\u0103 existente. <\/p>\n\n\n\n<p><strong>Aplauze! 2019 se \u00eencheie pe profit. 2500 de euro<\/strong><\/p>\n\n\n\n<p>\u00cen 2019, Compania continu\u0103 seria lung\u0103 de inventarieri \u0219i de presta\u021bii servicii pentru alte companii ale Prim\u0103riei sau institu\u021bii subordonate. Num\u0103rul angaja\u021bilor cre\u0219te la 41.<\/p>\n\n\n\n<figure class=\"wp-block-image size-large is-resized\"><img loading=\"lazy\" decoding=\"async\" src=\"data:image\/gif;base64,R0lGODlhAQABAAAAACH5BAEKAAEALAAAAAABAAEAAAICTAEAOw==\" data-src=\"https:\/\/buletin.de\/bucuresti\/wp-content\/uploads\/image-162.png\" alt=\"\" class=\"wp-image-12498 lazyload\" width=\"358\" height=\"134\" data-sizes=\"auto\" data-srcset=\"https:\/\/buletin.de\/bucuresti\/wp-content\/uploads\/image-162.png 358w, https:\/\/buletin.de\/bucuresti\/wp-content\/uploads\/image-162-300x112.png 300w\" sizes=\"(max-width: 358px) 100vw, 358px\" \/><\/figure>\n\n\n\n<div class=\"wp-block-image\"><figure class=\"aligncenter size-large\"><img loading=\"lazy\" decoding=\"async\" width=\"325\" height=\"177\" src=\"data:image\/gif;base64,R0lGODlhAQABAAAAACH5BAEKAAEALAAAAAABAAEAAAICTAEAOw==\" data-src=\"https:\/\/buletin.de\/bucuresti\/wp-content\/uploads\/image-163.png\" alt=\"\" class=\"wp-image-12505 lazyload\" data-sizes=\"auto\" data-srcset=\"https:\/\/buletin.de\/bucuresti\/wp-content\/uploads\/image-163.png 325w, https:\/\/buletin.de\/bucuresti\/wp-content\/uploads\/image-163-300x163.png 300w\" sizes=\"(max-width: 325px) 100vw, 325px\" \/><figcaption>Raportul CA al CMAP pe 2019<\/figcaption><\/figure><\/div>\n\n\n\n<p>Bilan\u021bul contabil pe 2019 arat\u0103 pentru prima oar\u0103 profit. <strong>10.498<\/strong> de lei. Dar \u0219i o situa\u021bie cel pu\u021bin ciudat\u0103. <\/p>\n\n\n\n<p>\u00cen conturile companiei din b\u0103nci au fost bani \u0219i la \u00eenceputul \u0219i la sf\u00e2r\u0219itul anului. \u0218i nu pu\u021bini. Peste 16 milioane de lei. Iar veniturile \u00eencasate din dob\u00e2nzi, <strong>306.292 <\/strong>de lei, sunt mai mari dec\u00e2t profitul declarat. <\/p>\n\n\n\n<p><strong>3 ani de realiz\u0103ri m\u0103re\u021be<\/strong><\/p>\n\n\n\n<p>Sintetic, primii 3 ani de via\u021b\u0103 ai Companiei Municipale de Publicitate \u0219i Afi\u0219aj Bucure\u0219ti arat\u0103 a\u0219a:<\/p>\n\n\n\n<figure class=\"wp-block-table is-style-stripes\"><table><tbody><tr><td>&nbsp;<\/td><td><strong>2,017<\/strong><\/td><td>&nbsp;<\/td><td><strong>2,018<\/strong><\/td><td>&nbsp;<\/td><td><strong>2,019<\/strong><\/td><\/tr><tr><td>&nbsp;<\/td><td>&nbsp;<\/td><td>&nbsp;<\/td><td>&nbsp;<\/td><td>&nbsp;<\/td><td>&nbsp;<\/td><\/tr><tr><td>capital subscris<\/td><td>10,200,000<\/td><td>&nbsp;<\/td><td>18,200,000<\/td><td>&nbsp;<\/td><td>18,200,000<\/td><\/tr><tr><td>cifra de afaceri<\/td><td>0<\/td><td>&nbsp;<\/td><td>9,737,215<\/td><td>&nbsp;<\/td><td>13,182,226<\/td><\/tr><tr><td>cheltuieli generale de administrare<\/td><td>483,219<\/td><td>&nbsp;<\/td><td>&nbsp;<\/td><td>&nbsp;<\/td><td>&nbsp;<\/td><\/tr><tr><td>profit\/pierdere<\/td><td>-483,219<\/td><td>&nbsp;<\/td><td>-837,305<\/td><td>&nbsp;<\/td><td>10,498<\/td><\/tr><tr><td>casa si conturi la banci (la 31 decembrie)<\/td><td>11,928,953<\/td><td>&nbsp;<\/td><td>16,075,435<\/td><td>&nbsp;<\/td><td>16,756,274<\/td><\/tr><tr><td>datorii &#8211; sume de plata intr-o perioada de 1 an<\/td><td>2,244,815<\/td><td>&nbsp;<\/td><td>3,634,237<\/td><td>&nbsp;<\/td><td>1,657,825<\/td><\/tr><tr><td>din care<\/td><td>&nbsp;<\/td><td>&nbsp;<\/td><td>&nbsp;<\/td><td>&nbsp;<\/td><td>&nbsp;<\/td><\/tr><tr><td>datorii comerciale, avansuri primite de la clien\u0163i \u015fi alte conturi asimilate, \u00een sume brute<\/td><td>&nbsp;<\/td><td>&nbsp;<\/td><td>3,071,560<\/td><td>&nbsp;<\/td><td>1,132,120<\/td><\/tr><tr><td>cheltuieli cu personalul<\/td><td>454,638<\/td><td>&nbsp;<\/td><td>2,988,897<\/td><td>&nbsp;<\/td><td>3,524,174<\/td><\/tr><tr><td>mediu\/salariat<\/td><td><strong>5,412<\/strong><\/td><td>&nbsp;<\/td><td><strong>7,784<\/strong><\/td><td>&nbsp;<\/td><td><strong>7,163<\/strong><\/td><\/tr><tr><td>cheltuieli cu prestatii externe<\/td><td>&nbsp;<\/td><td>&nbsp;<\/td><td>7,462,103<\/td><td>&nbsp;<\/td><td>9,722,075<\/td><\/tr><tr><td><strong>numar salariati la 31.12<\/strong><\/td><td><strong>12<\/strong><\/td><td>&nbsp;<\/td><td><strong>32<\/strong><\/td><td>&nbsp;<\/td><td><strong>41<\/strong><\/td><\/tr><tr><td>crean\u0163e comerciale, avansuri pentru cump\u0103r\u0103ri de bunuri de natura stocurilor \u0219i pentru prest\u0103ri de servicii acordate furnizorilor \u015fi alte conturi asimilate, \u00een sume brute<\/td><td>&nbsp;<\/td><td>&nbsp;<\/td><td>4,092,297<\/td><td>&nbsp;<\/td><td>1,480,879<\/td><\/tr><tr><td>venituri din dobanzi<\/td><td>&nbsp;<\/td><td>&nbsp;<\/td><td>&nbsp;<\/td><td>&nbsp;<\/td><td>306,292<\/td><\/tr><\/tbody><\/table><\/figure>\n\n\n\n<p>Iar 2019 a trecut tot f\u0103r\u0103 delegare pentru realizarea \u00een totalitate a obiectului de activitate. Fraza din raportul administratorilor este luat\u0103 cu copy paste din cele anterioare.<\/p>\n\n\n\n<figure class=\"wp-block-image size-large\"><img loading=\"lazy\" decoding=\"async\" width=\"355\" height=\"120\" src=\"data:image\/gif;base64,R0lGODlhAQABAAAAACH5BAEKAAEALAAAAAABAAEAAAICTAEAOw==\" data-src=\"https:\/\/buletin.de\/bucuresti\/wp-content\/uploads\/image-164.png\" alt=\"\" class=\"wp-image-12512 lazyload\" data-sizes=\"auto\" data-srcset=\"https:\/\/buletin.de\/bucuresti\/wp-content\/uploads\/image-164.png 355w, https:\/\/buletin.de\/bucuresti\/wp-content\/uploads\/image-164-300x101.png 300w\" sizes=\"(max-width: 355px) 100vw, 355px\" \/><figcaption>Raportul CA al CMAP pe 2019<\/figcaption><\/figure>\n\n\n\n<p><strong>CONSILIUL DE ADMINISTRATIE SI DIRECTORATUL<\/strong><\/p>\n\n\n\n<p><strong>MARIANA BROD &#8211; pre\u0219edinte CA<\/strong><\/p>\n\n\n\n<p>Absolvent\u0103 a dou\u0103 universit\u0103\u021bi private, Dimitrie Cantemir \u0219i Nicolae Titulescu, Mariana Brod ajunge direct din aule, la prim\u0103ria Voluntari, consilier juridic, \u00een 2006 de unde este promovat\u0103 ca \u0219ef serviciu \u00een 2013 \u0219i pentru merite deosebite la conducerea CA al CMPA Bucure\u0219ti \u00een aprilie 2017. <\/p>\n\n\n\n<figure class=\"wp-block-image size-large\"><img loading=\"lazy\" decoding=\"async\" width=\"900\" height=\"506\" src=\"data:image\/gif;base64,R0lGODlhAQABAAAAACH5BAEKAAEALAAAAAABAAEAAAICTAEAOw==\" data-src=\"https:\/\/buletin.de\/bucuresti\/wp-content\/uploads\/image-165-900x506.png\" alt=\"\" class=\"wp-image-12552 lazyload\" data-sizes=\"auto\" data-srcset=\"https:\/\/buletin.de\/bucuresti\/wp-content\/uploads\/image-165-900x506.png 900w, https:\/\/buletin.de\/bucuresti\/wp-content\/uploads\/image-165-300x169.png 300w, https:\/\/buletin.de\/bucuresti\/wp-content\/uploads\/image-165-768x432.png 768w, https:\/\/buletin.de\/bucuresti\/wp-content\/uploads\/image-165-1060x596.png 1060w, https:\/\/buletin.de\/bucuresti\/wp-content\/uploads\/image-165-550x309.png 550w, https:\/\/buletin.de\/bucuresti\/wp-content\/uploads\/image-165-889x500.png 889w, https:\/\/buletin.de\/bucuresti\/wp-content\/uploads\/image-165-600x337.png 600w, https:\/\/buletin.de\/bucuresti\/wp-content\/uploads\/image-165.png 1366w\" sizes=\"(max-width: 900px) 100vw, 900px\" \/><figcaption>Declara\u021bie de avere Mariana Bod<\/figcaption><\/figure>\n\n\n\n<p>Din declara\u021bia de avere aferent\u0103 anului 2019, ultima publicat\u0103 pe site-ul CMPAB, reiese c\u0103 pe l\u00e2ng\u0103 postul din fruntea CA, doamna Brod este \u0219i angajata prim\u0103riei Bucure\u0219ti, a prim\u0103riei Voluntari dar \u0219i \u00een conducerea unei firme care apar\u021bine prim\u0103riei Voluntari. <\/p>\n\n\n\n<p>C\u0103\u0219tigul anual al Marianei Brod, din bani publici este de <strong>119,886 <\/strong>de lei.<\/p>\n\n\n\n<p><strong>DRAGO\u0218 PATRA\u0218CU &#8211; director general \/ membru \u00een CA<\/strong><\/p>\n\n\n\n<p>Absolvent de Drept \u0219i proprietarul unei agen\u021bii de publicitate din Constan\u021ba, Drago\u0219 P\u0103tra\u0219cu ajunge direct din fotoliul de la firma sa, \u00een conducerea companiei bucure\u0219tene.<\/p>\n\n\n\n<p>Conform declara\u021biei de avere, \u00een 2019, P\u0103tra\u0219cu a \u00eencasat pentru activitatea sa \u00een CMPA Bucure\u0219ti <strong>68.500<\/strong> de lei.<\/p>\n\n\n\n<p><strong>VICTOR ZAMFIR &#8211; membru CA<\/strong><\/p>\n\n\n\n<p>Absolvent de Drept, Victor Zamfir este consilier local ALDE la Prim\u0103ria Sector 1, consilier \u00een Prim\u0103ria Capitalei. Din toate func\u021biile adun\u0103 <strong>55.315<\/strong> lei pe an. <\/p>\n\n\n\n<p><strong>ELENA RALUCA MILITARU &#8211; membru CA<\/strong><\/p>\n\n\n\n<p>O alt\u0103 absolvent\u0103 a universit\u0103\u021bii private Nicolae Titulescu, dna Militaru a ajuns \u00een CA al CMPA din Compania Na\u021bional\u0103 Po\u0219ta Rom\u00e2n\u0103. Ultimul post ocupat acolo fiind de inspector specialitate &#8211; reclama\u021bii \u0219i satisfac\u021bia clientului. Din declara\u021bia sa de avere afl\u0103m c\u0103 doamna lucreaz\u0103 \u00een continuare la Po\u0219ta Rom\u00e2n\u0103 iar c\u0103\u0219tigul s\u0103u anual este de <strong>106.917 <\/strong>lei. <\/p>\n\n\n\n<p>So\u021bul doamnei Militaru este consilier PMP la Prim\u0103ria Sector 2, \u0219i candidat la viitoarele alegeri pentru fotoliul de primar de sector.<\/p>\n\n\n\n<figure class=\"wp-block-image size-large\"><img loading=\"lazy\" decoding=\"async\" width=\"900\" height=\"506\" src=\"data:image\/gif;base64,R0lGODlhAQABAAAAACH5BAEKAAEALAAAAAABAAEAAAICTAEAOw==\" data-src=\"https:\/\/buletin.de\/bucuresti\/wp-content\/uploads\/image-167-900x506.png\" alt=\"\" class=\"wp-image-12573 lazyload\" data-sizes=\"auto\" data-srcset=\"https:\/\/buletin.de\/bucuresti\/wp-content\/uploads\/image-167-900x506.png 900w, https:\/\/buletin.de\/bucuresti\/wp-content\/uploads\/image-167-300x169.png 300w, https:\/\/buletin.de\/bucuresti\/wp-content\/uploads\/image-167-768x432.png 768w, https:\/\/buletin.de\/bucuresti\/wp-content\/uploads\/image-167-1060x596.png 1060w, https:\/\/buletin.de\/bucuresti\/wp-content\/uploads\/image-167-550x309.png 550w, https:\/\/buletin.de\/bucuresti\/wp-content\/uploads\/image-167-889x500.png 889w, https:\/\/buletin.de\/bucuresti\/wp-content\/uploads\/image-167-600x337.png 600w, https:\/\/buletin.de\/bucuresti\/wp-content\/uploads\/image-167.png 1366w\" sizes=\"(max-width: 900px) 100vw, 900px\" \/><\/figure>\n\n\n\n<p><strong>SIMONA VALENTINA BUTACU &#8211; membru CA<\/strong><\/p>\n\n\n\n<p>Absolvent\u0103 de Jurnalism, domana Butacu aterizeaz\u0103 din realizator al emisiunii &#8220;Coolmea distrac\u021biei&#8221; la TVR \u0219i a &#8220;Clubului Copiilor&#8221; la Kanal D, direct ca director general al Societ\u0103\u021bii Ciclop SA. Cu o trecere de 1 an printr-o firma privat\u0103 unde a produs Festivalul Calatis. <\/p>\n\n\n\n<p>\u00ce\u0219i completeaz\u0103 \u0219i studiile cu un master \u0219i un curs post universitar \u0219i c\u0103\u0219tig\u0103 \u0219i un post de consilier local PSD \u00een Sectorul 6.<\/p>\n\n\n\n<p>C\u00e2t prive\u0219te declara\u021biile de avere, doamna Butacu &#8220;a uitat&#8221; s\u0103 \u00eencarce fi\u0219ierul aferent anului 2019, a\u0219a c\u0103 am fost nevoi\u021bi s\u0103 luam declara\u021bia sa de pe pagina prim\u0103riei sector 6.<\/p>\n\n\n\n<figure class=\"wp-block-image size-large\"><img loading=\"lazy\" decoding=\"async\" width=\"900\" height=\"506\" src=\"data:image\/gif;base64,R0lGODlhAQABAAAAACH5BAEKAAEALAAAAAABAAEAAAICTAEAOw==\" data-src=\"https:\/\/buletin.de\/bucuresti\/wp-content\/uploads\/image-169-900x506.png\" alt=\"\" class=\"wp-image-12595 lazyload\" data-sizes=\"auto\" data-srcset=\"https:\/\/buletin.de\/bucuresti\/wp-content\/uploads\/image-169-900x506.png 900w, https:\/\/buletin.de\/bucuresti\/wp-content\/uploads\/image-169-300x169.png 300w, https:\/\/buletin.de\/bucuresti\/wp-content\/uploads\/image-169-768x432.png 768w, https:\/\/buletin.de\/bucuresti\/wp-content\/uploads\/image-169-1060x596.png 1060w, https:\/\/buletin.de\/bucuresti\/wp-content\/uploads\/image-169-550x309.png 550w, https:\/\/buletin.de\/bucuresti\/wp-content\/uploads\/image-169-889x500.png 889w, https:\/\/buletin.de\/bucuresti\/wp-content\/uploads\/image-169-600x337.png 600w, https:\/\/buletin.de\/bucuresti\/wp-content\/uploads\/image-169.png 1366w\" sizes=\"(max-width: 900px) 100vw, 900px\" \/><\/figure>\n\n\n\n<p>Dna Butacu c\u00e2\u0219tig\u0103 foarte bine. <strong>180.000 <\/strong>de lei \u00een 2019, din bani publici, aduna\u021bi din 3 companii municipale, consilier al primarului general \u0219i consilier local. Din declara\u021bia sa de interese afl\u0103m \u0219i c\u0103 este membru \u00een CA al unui spital administrat tot de Prim\u0103rie, f\u0103r\u0103 s\u0103 men\u021bioneze \u00eens\u0103 \u0219i c\u00e2t c\u00e2\u0219tig\u0103 anual.<\/p>\n\n\n\n<p>Iar doamna Butacu \u0219tie s\u0103 fie recunosc\u0103toare. Profilul s\u0103u de FB e plin de fotografii cu Gabriela Firea \u0219i de ode \u00eenchinate actualului primar.<\/p>\n\n\n\n<figure class=\"wp-block-image size-large is-resized\"><img loading=\"lazy\" decoding=\"async\" src=\"data:image\/gif;base64,R0lGODlhAQABAAAAACH5BAEKAAEALAAAAAABAAEAAAICTAEAOw==\" data-src=\"https:\/\/buletin.de\/bucuresti\/wp-content\/uploads\/butacu-506x900.jpg\" alt=\"\" class=\"wp-image-12604 lazyload\" width=\"506\" height=\"900\" data-sizes=\"auto\" data-srcset=\"https:\/\/buletin.de\/bucuresti\/wp-content\/uploads\/butacu-506x900.jpg 506w, https:\/\/buletin.de\/bucuresti\/wp-content\/uploads\/butacu-169x300.jpg 169w, https:\/\/buletin.de\/bucuresti\/wp-content\/uploads\/butacu-768x1365.jpg 768w, https:\/\/buletin.de\/bucuresti\/wp-content\/uploads\/butacu-864x1536.jpg 864w, https:\/\/buletin.de\/bucuresti\/wp-content\/uploads\/butacu-550x978.jpg 550w, https:\/\/buletin.de\/bucuresti\/wp-content\/uploads\/butacu-281x500.jpg 281w, https:\/\/buletin.de\/bucuresti\/wp-content\/uploads\/butacu-608x1080.jpg 608w, https:\/\/buletin.de\/bucuresti\/wp-content\/uploads\/butacu-600x1067.jpg 600w, https:\/\/buletin.de\/bucuresti\/wp-content\/uploads\/butacu.jpg 900w\" sizes=\"(max-width: 506px) 100vw, 506px\" \/><figcaption>Foto FB Simona Butacu<\/figcaption><\/figure>\n\n\n\n<p><strong>CONSTANTIN NICULAE &#8211; membru CA<\/strong><\/p>\n\n\n\n<p>Fost c\u0103pitan de curs\u0103 lung\u0103 pe nave comericale, Constantin Niculae a ancorat direct \u00een societ\u0103\u021bile subordonate prim\u0103riei Voluntari. A fost director general la c\u00e2teva dintre ele, administrator al ora\u0219ului \u0219i este \u0219i director la Compania Municipal\u0103 de Parking.<\/p>\n\n\n\n<figure class=\"wp-block-image size-large is-resized\"><img loading=\"lazy\" decoding=\"async\" src=\"data:image\/gif;base64,R0lGODlhAQABAAAAACH5BAEKAAEALAAAAAABAAEAAAICTAEAOw==\" data-src=\"https:\/\/buletin.de\/bucuresti\/wp-content\/uploads\/image-170-900x506.png\" alt=\"\" class=\"wp-image-12627 lazyload\" width=\"580\" height=\"326\" data-sizes=\"auto\" data-srcset=\"https:\/\/buletin.de\/bucuresti\/wp-content\/uploads\/image-170-900x506.png 900w, https:\/\/buletin.de\/bucuresti\/wp-content\/uploads\/image-170-300x169.png 300w, https:\/\/buletin.de\/bucuresti\/wp-content\/uploads\/image-170-768x432.png 768w, https:\/\/buletin.de\/bucuresti\/wp-content\/uploads\/image-170-1060x596.png 1060w, https:\/\/buletin.de\/bucuresti\/wp-content\/uploads\/image-170-550x309.png 550w, https:\/\/buletin.de\/bucuresti\/wp-content\/uploads\/image-170-889x500.png 889w, https:\/\/buletin.de\/bucuresti\/wp-content\/uploads\/image-170-600x337.png 600w, https:\/\/buletin.de\/bucuresti\/wp-content\/uploads\/image-170.png 1366w\" sizes=\"(max-width: 580px) 100vw, 580px\" \/><figcaption>Curriculum Vitae Constantin Niculae<\/figcaption><\/figure>\n\n\n\n<p>Pus ban pe ban, din banul public, domnul Constantin produce <strong>146.842<\/strong> de lei anual. \u0218i nu putem trece mai departe f\u0103r\u0103 a men\u021biona c\u0103 so\u021bia domnului, Constantin Ani\u0219oara este director \u00een prim\u0103ria Voluntari \u0219i administrator al unei firme subordonate prim\u0103riei Voluntari \u0219i adun\u0103 \u0219i dumneaei, tot din banul public, <strong>101.244<\/strong> lei anual. Total familie &#8211; <strong>248.086 <\/strong>lei. <\/p>\n\n\n\n<p><strong>ALEXANDRINA IONI\u021a\u0102<\/strong> &#8211; <strong>director general adjunct<\/strong><\/p>\n\n\n\n<p>Absolvent\u0103 de Spiru Harte, sec\u021bia Francez\u0103-Spaniol\u0103, Alexandrina Ioni\u021b\u0103 are \u00een schimb experien\u021b\u0103 \u00een publicitate outdoor, \u00eentr-o firm\u0103 privat\u0103. Nu a completat \u00een declara\u021bia de avere din 2019 ce venituri are.<\/p>\n\n\n\n<figure class=\"wp-block-image size-large\"><img loading=\"lazy\" decoding=\"async\" width=\"900\" height=\"506\" src=\"data:image\/gif;base64,R0lGODlhAQABAAAAACH5BAEKAAEALAAAAAABAAEAAAICTAEAOw==\" data-src=\"https:\/\/buletin.de\/bucuresti\/wp-content\/uploads\/image-172-900x506.png\" alt=\"\" class=\"wp-image-12714 lazyload\" data-sizes=\"auto\" data-srcset=\"https:\/\/buletin.de\/bucuresti\/wp-content\/uploads\/image-172-900x506.png 900w, https:\/\/buletin.de\/bucuresti\/wp-content\/uploads\/image-172-300x169.png 300w, https:\/\/buletin.de\/bucuresti\/wp-content\/uploads\/image-172-768x432.png 768w, https:\/\/buletin.de\/bucuresti\/wp-content\/uploads\/image-172-1060x596.png 1060w, https:\/\/buletin.de\/bucuresti\/wp-content\/uploads\/image-172-550x309.png 550w, https:\/\/buletin.de\/bucuresti\/wp-content\/uploads\/image-172-889x500.png 889w, https:\/\/buletin.de\/bucuresti\/wp-content\/uploads\/image-172-600x337.png 600w, https:\/\/buletin.de\/bucuresti\/wp-content\/uploads\/image-172.png 1366w\" sizes=\"(max-width: 900px) 100vw, 900px\" \/><figcaption>Declara\u021bie de avere Alexandrina Ioni\u021b\u0103<\/figcaption><\/figure>\n\n\n\n<p><strong>SIMION COSTIN &#8211; director general adjunct<\/strong><\/p>\n\n\n\n<p>Fost economist la Metrorex \u0219i team leader la o agen\u021bie de publicitate, Simion Costin a terminat Managementul la SNSPA. \u00cen declara\u021biile de avere de pe pagina CMAPB nu a trecut \u0219i salariul primit pentru presta\u021bia sa, doar pe cel de la Metrorex. <\/p>\n\n\n\n<p>Simion Costin a fost acum c\u00e2teva luni subiectul unui reportaj Buletin de Bucure\u0219ti.<\/p>\n\n\n\n<figure class=\"wp-block-embed-wordpress wp-block-embed is-type-wp-embed is-provider-buletin-de-bucure\u0219ti\"><div class=\"wp-block-embed__wrapper\">\n<blockquote class=\"wp-embedded-content\" data-secret=\"2594veJKNm\"><a href=\"https:\/\/buletin.de\/bucuresti\/seful-companiei-municipale-de-publicitate-a-gabrielei-firea-plateste-reclame-cu-sparanghel-si-lepragalbena-pe-facebook-mai-multi-protestatari-anti-covid-le-distribuie\/\">\u0218eful Companiei Municipale de Publicitate a Gabrielei Firea pl\u0103te\u0219te reclame cu #sparanghel \u0219i #lepragalbena pe Facebook. Mai mul\u021bi protestatari anti-COVID le distribuie<\/a><\/blockquote><iframe class=\"wp-embedded-content\" sandbox=\"allow-scripts\" security=\"restricted\" style=\"position: absolute; clip: rect(1px, 1px, 1px, 1px);\" title=\"&#8222;\u0218eful Companiei Municipale de Publicitate a Gabrielei Firea pl\u0103te\u0219te reclame cu #sparanghel \u0219i #lepragalbena pe Facebook. Mai mul\u021bi protestatari anti-COVID le distribuie&#8221; &#8212; Buletin de Bucure\u0219ti\" src=\"https:\/\/buletin.de\/bucuresti\/seful-companiei-municipale-de-publicitate-a-gabrielei-firea-plateste-reclame-cu-sparanghel-si-lepragalbena-pe-facebook-mai-multi-protestatari-anti-covid-le-distribuie\/embed\/#?secret=KGhqewhfzJ#?secret=2594veJKNm\" data-secret=\"2594veJKNm\" width=\"600\" height=\"338\" frameborder=\"0\" marginwidth=\"0\" marginheight=\"0\" scrolling=\"no\"><\/iframe>\n<\/div><\/figure>\n\n\n\n<p><strong>SORIN CHIRI\u021a\u0102 &#8211; membru CA<\/strong><\/p>\n\n\n\n<p>\u0218i ultimul, dar nu cel din urm\u0103 decident al CMAP Bucure\u0219ti este Sorin Chiri\u021b\u0103. Un apropiat al Gabrielei Firea, care l-a \u021binut aproape din momentul \u00een care a ajuns primar al Capitalei.<\/p>\n\n\n\n<p>Conform CV-ului postat pe pagina sa personal\u0103, educa\u021bia lui Sorin Chiri\u021b\u0103 se deruleaz\u0103 pe parcursul a mai bine de 17 ani, dup\u0103 absolvirea liceului. Dup\u0103 \u0219coala postliceal\u0103 de Turism \u0219i Alimenta\u021bie Public\u0103 urmeaz\u0103:<\/p>\n\n\n\n<ul class=\"wp-block-list\"><li>diplom\u0103 de licen\u021b\u0103 \u00een Management &#8211; Universitatea din Oradea &#8211; Studii la distan\u021b\u0103 &#8211; 2005<\/li><li>studii postuniversitare de Management &#8211; Universitatea Dun\u0103rea de Jos, Gala\u021bi &#8211; 2006<\/li><li>master \u00een \u0218tiin\u021be Penale &#8211; Universitate Andrei \u0218aguna, Constan\u021ba &#8211; 2007<\/li><li>diplom\u0103 de licen\u021b\u0103 \u00een Psihologie &#8211; Universitatea Spiru Haret, Bucure\u0219ti &#8211; 2009<\/li><li>diplom\u0103 \u00een Drept &#8211; Universitatea Danubius, Gala\u021bi &#8211; 2014<\/li><\/ul>\n\n\n\n<p>Activitatea sa profesional\u0103 \u00eencepe \u00een 2010, ca agent publicitar. Dup\u0103 5 luni e numit director la Centrul de Formare Profesional\u0103, apoi coordonator la dezvoltare urban\u0103 la ADR SE. \u00cen 2016, \u00eencepe cariera sa \u00een Capital\u0103. E numit pre\u0219edinte al CA al RADET \u0219i administrator special al aceleia\u0219i societ\u0103\u021bi dup\u0103 intrarea \u00een faliment. A fost city manager \u0219i este \u00eenc\u0103 \u00een echipa de consilieri a Gabrielei Firea.<\/p>\n\n\n\n<p>Conform declara\u021biei de avere, \u00een 2019 a c\u00e2\u0219tigat din bani publici  <strong>169.843 <\/strong>de lei.<\/p>\n\n\n\n<figure class=\"wp-block-image size-large\"><img loading=\"lazy\" decoding=\"async\" width=\"900\" height=\"506\" src=\"data:image\/gif;base64,R0lGODlhAQABAAAAACH5BAEKAAEALAAAAAABAAEAAAICTAEAOw==\" data-src=\"https:\/\/buletin.de\/bucuresti\/wp-content\/uploads\/image-173-900x506.png\" alt=\"\" class=\"wp-image-12719 lazyload\" data-sizes=\"auto\" data-srcset=\"https:\/\/buletin.de\/bucuresti\/wp-content\/uploads\/image-173-900x506.png 900w, https:\/\/buletin.de\/bucuresti\/wp-content\/uploads\/image-173-300x169.png 300w, https:\/\/buletin.de\/bucuresti\/wp-content\/uploads\/image-173-768x432.png 768w, https:\/\/buletin.de\/bucuresti\/wp-content\/uploads\/image-173-1060x596.png 1060w, https:\/\/buletin.de\/bucuresti\/wp-content\/uploads\/image-173-550x309.png 550w, https:\/\/buletin.de\/bucuresti\/wp-content\/uploads\/image-173-889x500.png 889w, https:\/\/buletin.de\/bucuresti\/wp-content\/uploads\/image-173-600x337.png 600w, https:\/\/buletin.de\/bucuresti\/wp-content\/uploads\/image-173.png 1366w\" sizes=\"(max-width: 900px) 100vw, 900px\" \/><figcaption>Declara\u021bie de avere Sorin Chiri\u021b\u0103<\/figcaption><\/figure>\n\n\n\n<p><strong>Contractele cu televiziunie, o enigm\u0103<\/strong><\/p>\n\n\n\n<p>Pe site-ul Companiei Municipale de Publicitate \u0219i Afi\u0219aj nu exist\u0103 nicio informa\u021bie cu privire la campaniile \u00een mass-media sau despre banii pl\u0103ti\u021bi \u00een acest sens. <\/p>\n\n\n\n<figure class=\"wp-block-image size-large\"><img loading=\"lazy\" decoding=\"async\" width=\"900\" height=\"463\" src=\"data:image\/gif;base64,R0lGODlhAQABAAAAACH5BAEKAAEALAAAAAABAAEAAAICTAEAOw==\" data-src=\"https:\/\/buletin.de\/bucuresti\/wp-content\/uploads\/publicitate-900x463.jpg\" alt=\"\" class=\"wp-image-12781 lazyload\" data-sizes=\"auto\" data-srcset=\"https:\/\/buletin.de\/bucuresti\/wp-content\/uploads\/publicitate-900x463.jpg 900w, https:\/\/buletin.de\/bucuresti\/wp-content\/uploads\/publicitate-300x154.jpg 300w, https:\/\/buletin.de\/bucuresti\/wp-content\/uploads\/publicitate-768x395.jpg 768w, https:\/\/buletin.de\/bucuresti\/wp-content\/uploads\/publicitate-1536x790.jpg 1536w, https:\/\/buletin.de\/bucuresti\/wp-content\/uploads\/publicitate-1060x545.jpg 1060w, https:\/\/buletin.de\/bucuresti\/wp-content\/uploads\/publicitate-550x283.jpg 550w, https:\/\/buletin.de\/bucuresti\/wp-content\/uploads\/publicitate-972x500.jpg 972w, https:\/\/buletin.de\/bucuresti\/wp-content\/uploads\/publicitate-600x309.jpg 600w, https:\/\/buletin.de\/bucuresti\/wp-content\/uploads\/publicitate.jpg 1544w\" sizes=\"(max-width: 900px) 100vw, 900px\" \/><figcaption>Site-un <a href=\"https:\/\/www.cmpab.ro\/\">cmpab.ro<\/a> nu con\u021bine nicio referin\u021b\u0103 cu privire la contractele \u00eencheiate cu televiziunile din Rom\u00e2nia.<\/figcaption><\/figure>\n\n\n\n<p>Totu\u0219i, acestea nu par a fi de neglijat cel pu\u021bin \u00een cazul Antenei 3. <\/p>\n\n\n\n<p>Potrivit Monitorului Oficial din 18 septembrie, ac\u021bionariatul Antena 3 S.A. a fost de acord s\u0103 pun\u0103 gaj, \u00een rela\u021bia cu o banca comercial\u0103 toate &#8220;<em>crean\u021bele prezente \u0219i viitoare rezultate din contractele comerciale care au fost \u0219i vor fi \u00eencheiate de Antena <\/em>3&#8243; cu 27 de societ\u0103\u021bi comerciale.<\/p>\n\n\n\n<p>Printre acestea se num\u0103r\u0103 \u0219i Compania Municipal\u0103 de Publicitate \u0219i Afi\u0219aj.<\/p>\n\n\n\n<p><\/p>\n\n\n\n<p>Sursa FOTO Facebook, CMAPB.ro<\/p>\n","protected":false},"excerpt":{"rendered":"<p>\u00cen cei aproape 4 ani de existen\u021b\u0103, Compania Municipal\u0103 Publicitate \u0219i Afi\u0219aj Bucure\u0219ti a consumat din banii bucure\u0219tenilor 5 milioane de euro, a \u00eenchis 2 ani consecutiv pe pierdere \u0219i a reu\u0219it un profit de 2500 de euro, anul trecut, dup\u0103 ce a \u00eencasat banii pentru un contract uria\u0219, semnat cu o alt\u0103 companie a [&hellip;]<\/p>\n","protected":false},"author":18,"featured_media":12788,"comment_status":"closed","ping_status":"open","sticky":false,"template":"","format":"standard","meta":{"_acf_changed":false,"inline_featured_image":false,"ngg_post_thumbnail":0,"footnotes":""},"categories":[1,24],"tags":[1647,9,1648,1672,50,28],"ppma_author":[22579],"class_list":["post-12451","post","type-post","status-publish","format-standard","has-post-thumbnail","hentry","category-diverse","category-primarie","tag-antena-3","tag-bucuresti","tag-compania-de-publicitate","tag-compania-municipala-publicitate-si-afisaj","tag-contracte","tag-firea"],"acf":[],"yoast_head":"<!-- This site is optimized with the Yoast SEO Premium plugin v25.3 (Yoast SEO v27.4) - https:\/\/yoast.com\/product\/yoast-seo-premium-wordpress\/ -->\n<title>\u201cTainele\u201d Companiei Municipale Publicitate \u0219i Afi\u0219aj | Laptopuri de gaming \u0219i salarii \u201egrase\u201d pentru oamenii lui Firea, \u00een timp ce Antena 3 pune gaj la b\u0103nci contractul pentru spoturi TV - Buletin de Bucure\u0219ti<\/title>\n<meta name=\"robots\" content=\"index, follow, max-snippet:-1, max-image-preview:large, max-video-preview:-1\" \/>\n<link rel=\"canonical\" href=\"https:\/\/buletin.de\/bucuresti\/tainele-companiei-municipale-publicitate-si-afisaj-laptopuri-de-gaming-si-salarii-grase-pentru-oamenii-lui-firea-in-timp-ce-antena-3-pune-gaj-la-banci-contractul\/\" \/>\n<meta property=\"og:locale\" content=\"en_GB\" \/>\n<meta property=\"og:type\" content=\"article\" \/>\n<meta property=\"og:title\" content=\"\u201cTainele\u201d Companiei Municipale Publicitate \u0219i Afi\u0219aj | Laptopuri de gaming \u0219i salarii \u201egrase\u201d pentru oamenii lui Firea, \u00een timp ce Antena 3 pune gaj la b\u0103nci contractul pentru spoturi TV\" \/>\n<meta property=\"og:description\" content=\"\u00cen cei aproape 4 ani de existen\u021b\u0103, Compania Municipal\u0103 Publicitate \u0219i Afi\u0219aj Bucure\u0219ti a consumat din banii bucure\u0219tenilor 5 milioane de euro, a \u00eenchis 2 ani consecutiv pe pierdere \u0219i a reu\u0219it un profit de 2500 de euro, anul trecut, dup\u0103 ce a \u00eencasat banii pentru un contract uria\u0219, semnat cu o alt\u0103 companie a [&hellip;]\" \/>\n<meta property=\"og:url\" content=\"https:\/\/buletin.de\/bucuresti\/tainele-companiei-municipale-publicitate-si-afisaj-laptopuri-de-gaming-si-salarii-grase-pentru-oamenii-lui-firea-in-timp-ce-antena-3-pune-gaj-la-banci-contractul\/\" \/>\n<meta property=\"og:site_name\" content=\"Buletin de Bucure\u0219ti\" \/>\n<meta property=\"article:publisher\" content=\"https:\/\/www.facebook.com\/buletin.de.buc\" \/>\n<meta property=\"article:published_time\" content=\"2020-09-25T11:24:08+00:00\" \/>\n<meta property=\"article:modified_time\" content=\"2020-09-30T13:20:49+00:00\" \/>\n<meta property=\"og:image\" content=\"https:\/\/buletin.de\/bucuresti\/wp-content\/uploads\/coperts.png\" \/>\n\t<meta property=\"og:image:width\" content=\"1366\" \/>\n\t<meta property=\"og:image:height\" content=\"768\" \/>\n\t<meta property=\"og:image:type\" content=\"image\/png\" \/>\n<meta name=\"author\" content=\"Teodora Stroe\" \/>\n<meta name=\"twitter:card\" content=\"summary_large_image\" \/>\n<meta name=\"twitter:label1\" content=\"Written by\" \/>\n\t<meta name=\"twitter:data1\" content=\"Teodora Stroe\" \/>\n\t<meta name=\"twitter:label2\" content=\"Estimated reading time\" \/>\n\t<meta name=\"twitter:data2\" content=\"11 minutes\" \/>\n<script type=\"application\/ld+json\" class=\"yoast-schema-graph\">{\"@context\":\"https:\\\/\\\/schema.org\",\"@graph\":[{\"@type\":\"Article\",\"@id\":\"https:\\\/\\\/buletin.de\\\/bucuresti\\\/tainele-companiei-municipale-publicitate-si-afisaj-laptopuri-de-gaming-si-salarii-grase-pentru-oamenii-lui-firea-in-timp-ce-antena-3-pune-gaj-la-banci-contractul\\\/#article\",\"isPartOf\":{\"@id\":\"https:\\\/\\\/buletin.de\\\/bucuresti\\\/tainele-companiei-municipale-publicitate-si-afisaj-laptopuri-de-gaming-si-salarii-grase-pentru-oamenii-lui-firea-in-timp-ce-antena-3-pune-gaj-la-banci-contractul\\\/\"},\"author\":{\"name\":\"Teodora Stroe\",\"@id\":\"https:\\\/\\\/buletin.de\\\/bucuresti\\\/#\\\/schema\\\/person\\\/d369d7ddc775abece205795e0b804614\"},\"headline\":\"\u201cTainele\u201d Companiei Municipale Publicitate \u0219i Afi\u0219aj | Laptopuri de gaming \u0219i salarii \u201egrase\u201d pentru oamenii lui Firea, \u00een timp ce Antena 3 pune gaj la b\u0103nci contractul pentru spoturi TV\",\"datePublished\":\"2020-09-25T11:24:08+00:00\",\"dateModified\":\"2020-09-30T13:20:49+00:00\",\"mainEntityOfPage\":{\"@id\":\"https:\\\/\\\/buletin.de\\\/bucuresti\\\/tainele-companiei-municipale-publicitate-si-afisaj-laptopuri-de-gaming-si-salarii-grase-pentru-oamenii-lui-firea-in-timp-ce-antena-3-pune-gaj-la-banci-contractul\\\/\"},\"wordCount\":2138,\"publisher\":{\"@id\":\"https:\\\/\\\/buletin.de\\\/bucuresti\\\/#organization\"},\"image\":{\"@id\":\"https:\\\/\\\/buletin.de\\\/bucuresti\\\/tainele-companiei-municipale-publicitate-si-afisaj-laptopuri-de-gaming-si-salarii-grase-pentru-oamenii-lui-firea-in-timp-ce-antena-3-pune-gaj-la-banci-contractul\\\/#primaryimage\"},\"thumbnailUrl\":\"https:\\\/\\\/buletin.de\\\/bucuresti\\\/wp-content\\\/uploads\\\/coperts.png\",\"keywords\":[\"antena 3\",\"bucuresti\",\"compania de publicitate\",\"Compania municipala publicitate si afisaj\",\"contracte\",\"firea\"],\"articleSection\":[\"Diverse\",\"Prim\u0103rie\"],\"inLanguage\":\"en-GB\",\"copyrightYear\":\"2020\",\"copyrightHolder\":{\"@id\":\"https:\\\/\\\/buletin.de\\\/bucuresti\\\/#organization\"}},{\"@type\":\"WebPage\",\"@id\":\"https:\\\/\\\/buletin.de\\\/bucuresti\\\/tainele-companiei-municipale-publicitate-si-afisaj-laptopuri-de-gaming-si-salarii-grase-pentru-oamenii-lui-firea-in-timp-ce-antena-3-pune-gaj-la-banci-contractul\\\/\",\"url\":\"https:\\\/\\\/buletin.de\\\/bucuresti\\\/tainele-companiei-municipale-publicitate-si-afisaj-laptopuri-de-gaming-si-salarii-grase-pentru-oamenii-lui-firea-in-timp-ce-antena-3-pune-gaj-la-banci-contractul\\\/\",\"name\":\"\u201cTainele\u201d Companiei Municipale Publicitate \u0219i Afi\u0219aj | Laptopuri de gaming \u0219i salarii \u201egrase\u201d pentru oamenii lui Firea, \u00een timp ce Antena 3 pune gaj la b\u0103nci contractul pentru spoturi TV - Buletin de Bucure\u0219ti\",\"isPartOf\":{\"@id\":\"https:\\\/\\\/buletin.de\\\/bucuresti\\\/#website\"},\"primaryImageOfPage\":{\"@id\":\"https:\\\/\\\/buletin.de\\\/bucuresti\\\/tainele-companiei-municipale-publicitate-si-afisaj-laptopuri-de-gaming-si-salarii-grase-pentru-oamenii-lui-firea-in-timp-ce-antena-3-pune-gaj-la-banci-contractul\\\/#primaryimage\"},\"image\":{\"@id\":\"https:\\\/\\\/buletin.de\\\/bucuresti\\\/tainele-companiei-municipale-publicitate-si-afisaj-laptopuri-de-gaming-si-salarii-grase-pentru-oamenii-lui-firea-in-timp-ce-antena-3-pune-gaj-la-banci-contractul\\\/#primaryimage\"},\"thumbnailUrl\":\"https:\\\/\\\/buletin.de\\\/bucuresti\\\/wp-content\\\/uploads\\\/coperts.png\",\"datePublished\":\"2020-09-25T11:24:08+00:00\",\"dateModified\":\"2020-09-30T13:20:49+00:00\",\"breadcrumb\":{\"@id\":\"https:\\\/\\\/buletin.de\\\/bucuresti\\\/tainele-companiei-municipale-publicitate-si-afisaj-laptopuri-de-gaming-si-salarii-grase-pentru-oamenii-lui-firea-in-timp-ce-antena-3-pune-gaj-la-banci-contractul\\\/#breadcrumb\"},\"inLanguage\":\"en-GB\",\"potentialAction\":[{\"@type\":\"ReadAction\",\"target\":[\"https:\\\/\\\/buletin.de\\\/bucuresti\\\/tainele-companiei-municipale-publicitate-si-afisaj-laptopuri-de-gaming-si-salarii-grase-pentru-oamenii-lui-firea-in-timp-ce-antena-3-pune-gaj-la-banci-contractul\\\/\"]}]},{\"@type\":\"ImageObject\",\"inLanguage\":\"en-GB\",\"@id\":\"https:\\\/\\\/buletin.de\\\/bucuresti\\\/tainele-companiei-municipale-publicitate-si-afisaj-laptopuri-de-gaming-si-salarii-grase-pentru-oamenii-lui-firea-in-timp-ce-antena-3-pune-gaj-la-banci-contractul\\\/#primaryimage\",\"url\":\"https:\\\/\\\/buletin.de\\\/bucuresti\\\/wp-content\\\/uploads\\\/coperts.png\",\"contentUrl\":\"https:\\\/\\\/buletin.de\\\/bucuresti\\\/wp-content\\\/uploads\\\/coperts.png\",\"width\":1366,\"height\":768},{\"@type\":\"BreadcrumbList\",\"@id\":\"https:\\\/\\\/buletin.de\\\/bucuresti\\\/tainele-companiei-municipale-publicitate-si-afisaj-laptopuri-de-gaming-si-salarii-grase-pentru-oamenii-lui-firea-in-timp-ce-antena-3-pune-gaj-la-banci-contractul\\\/#breadcrumb\",\"itemListElement\":[{\"@type\":\"ListItem\",\"position\":1,\"name\":\"Acas\u0103\",\"item\":\"https:\\\/\\\/buletin.de\\\/bucuresti\\\/\"},{\"@type\":\"ListItem\",\"position\":2,\"name\":\"\u201cTainele\u201d Companiei Municipale Publicitate \u0219i Afi\u0219aj | Laptopuri de gaming \u0219i salarii \u201egrase\u201d pentru oamenii lui Firea, \u00een timp ce Antena 3 pune gaj la b\u0103nci contractul pentru spoturi TV\"}]},{\"@type\":\"WebSite\",\"@id\":\"https:\\\/\\\/buletin.de\\\/bucuresti\\\/#website\",\"url\":\"https:\\\/\\\/buletin.de\\\/bucuresti\\\/\",\"name\":\"Buletin de Bucure\u0219ti\",\"description\":\"\u0218tiri \u0219i investiga\u021bii esen\u021biale din capital\u0103\",\"publisher\":{\"@id\":\"https:\\\/\\\/buletin.de\\\/bucuresti\\\/#organization\"},\"potentialAction\":[{\"@type\":\"SearchAction\",\"target\":{\"@type\":\"EntryPoint\",\"urlTemplate\":\"https:\\\/\\\/buletin.de\\\/bucuresti\\\/?s={search_term_string}\"},\"query-input\":{\"@type\":\"PropertyValueSpecification\",\"valueRequired\":true,\"valueName\":\"search_term_string\"}}],\"inLanguage\":\"en-GB\"},{\"@type\":\"Organization\",\"@id\":\"https:\\\/\\\/buletin.de\\\/bucuresti\\\/#organization\",\"name\":\"Buletin de Bucure\u0219ti\",\"url\":\"https:\\\/\\\/buletin.de\\\/bucuresti\\\/\",\"logo\":{\"@type\":\"ImageObject\",\"inLanguage\":\"en-GB\",\"@id\":\"https:\\\/\\\/buletin.de\\\/bucuresti\\\/#\\\/schema\\\/logo\\\/image\\\/\",\"url\":\"https:\\\/\\\/buletin.de\\\/bucuresti\\\/wp-content\\\/uploads\\\/logo-bdb-full-wide-vernil-transparent.png\",\"contentUrl\":\"https:\\\/\\\/buletin.de\\\/bucuresti\\\/wp-content\\\/uploads\\\/logo-bdb-full-wide-vernil-transparent.png\",\"width\":1782,\"height\":626,\"caption\":\"Buletin de Bucure\u0219ti\"},\"image\":{\"@id\":\"https:\\\/\\\/buletin.de\\\/bucuresti\\\/#\\\/schema\\\/logo\\\/image\\\/\"},\"sameAs\":[\"https:\\\/\\\/www.facebook.com\\\/buletin.de.buc\",\"https:\\\/\\\/www.instagram.com\\\/buletinde.bucuresti\\\/\"]},{\"@type\":\"Person\",\"@id\":\"https:\\\/\\\/buletin.de\\\/bucuresti\\\/#\\\/schema\\\/person\\\/d369d7ddc775abece205795e0b804614\",\"name\":\"Teodora Stroe\",\"image\":{\"@type\":\"ImageObject\",\"inLanguage\":\"en-GB\",\"@id\":\"https:\\\/\\\/secure.gravatar.com\\\/avatar\\\/2560b4cd9f5f1bc100b123158e657d75584bd1c3e1d9c69285720b9457c1b78d?s=96&d=monsterid&r=gc104800242ba5f2d78dd5d7dc4df08b6\",\"url\":\"https:\\\/\\\/secure.gravatar.com\\\/avatar\\\/2560b4cd9f5f1bc100b123158e657d75584bd1c3e1d9c69285720b9457c1b78d?s=96&d=monsterid&r=g\",\"contentUrl\":\"https:\\\/\\\/secure.gravatar.com\\\/avatar\\\/2560b4cd9f5f1bc100b123158e657d75584bd1c3e1d9c69285720b9457c1b78d?s=96&d=monsterid&r=g\",\"caption\":\"Teodora Stroe\"},\"url\":\"https:\\\/\\\/buletin.de\\\/bucuresti\\\/author\\\/simonacarlugea\\\/\"}]}<\/script>\n<!-- \/ Yoast SEO Premium plugin. -->","yoast_head_json":{"title":"\u201cTainele\u201d Companiei Municipale Publicitate \u0219i Afi\u0219aj | Laptopuri de gaming \u0219i salarii \u201egrase\u201d pentru oamenii lui Firea, \u00een timp ce Antena 3 pune gaj la b\u0103nci contractul pentru spoturi TV - Buletin de Bucure\u0219ti","robots":{"index":"index","follow":"follow","max-snippet":"max-snippet:-1","max-image-preview":"max-image-preview:large","max-video-preview":"max-video-preview:-1"},"canonical":"https:\/\/buletin.de\/bucuresti\/tainele-companiei-municipale-publicitate-si-afisaj-laptopuri-de-gaming-si-salarii-grase-pentru-oamenii-lui-firea-in-timp-ce-antena-3-pune-gaj-la-banci-contractul\/","og_locale":"en_GB","og_type":"article","og_title":"\u201cTainele\u201d Companiei Municipale Publicitate \u0219i Afi\u0219aj | Laptopuri de gaming \u0219i salarii \u201egrase\u201d pentru oamenii lui Firea, \u00een timp ce Antena 3 pune gaj la b\u0103nci contractul pentru spoturi TV","og_description":"\u00cen cei aproape 4 ani de existen\u021b\u0103, Compania Municipal\u0103 Publicitate \u0219i Afi\u0219aj Bucure\u0219ti a consumat din banii bucure\u0219tenilor 5 milioane de euro, a \u00eenchis 2 ani consecutiv pe pierdere \u0219i a reu\u0219it un profit de 2500 de euro, anul trecut, dup\u0103 ce a \u00eencasat banii pentru un contract uria\u0219, semnat cu o alt\u0103 companie a [&hellip;]","og_url":"https:\/\/buletin.de\/bucuresti\/tainele-companiei-municipale-publicitate-si-afisaj-laptopuri-de-gaming-si-salarii-grase-pentru-oamenii-lui-firea-in-timp-ce-antena-3-pune-gaj-la-banci-contractul\/","og_site_name":"Buletin de Bucure\u0219ti","article_publisher":"https:\/\/www.facebook.com\/buletin.de.buc","article_published_time":"2020-09-25T11:24:08+00:00","article_modified_time":"2020-09-30T13:20:49+00:00","og_image":[{"width":1366,"height":768,"url":"https:\/\/buletin.de\/bucuresti\/wp-content\/uploads\/coperts.png","type":"image\/png"}],"author":"Teodora Stroe","twitter_card":"summary_large_image","twitter_misc":{"Written by":"Teodora Stroe","Estimated reading time":"11 minutes"},"schema":{"@context":"https:\/\/schema.org","@graph":[{"@type":"Article","@id":"https:\/\/buletin.de\/bucuresti\/tainele-companiei-municipale-publicitate-si-afisaj-laptopuri-de-gaming-si-salarii-grase-pentru-oamenii-lui-firea-in-timp-ce-antena-3-pune-gaj-la-banci-contractul\/#article","isPartOf":{"@id":"https:\/\/buletin.de\/bucuresti\/tainele-companiei-municipale-publicitate-si-afisaj-laptopuri-de-gaming-si-salarii-grase-pentru-oamenii-lui-firea-in-timp-ce-antena-3-pune-gaj-la-banci-contractul\/"},"author":{"name":"Teodora Stroe","@id":"https:\/\/buletin.de\/bucuresti\/#\/schema\/person\/d369d7ddc775abece205795e0b804614"},"headline":"\u201cTainele\u201d Companiei Municipale Publicitate \u0219i Afi\u0219aj | Laptopuri de gaming \u0219i salarii \u201egrase\u201d pentru oamenii lui Firea, \u00een timp ce Antena 3 pune gaj la b\u0103nci contractul pentru spoturi TV","datePublished":"2020-09-25T11:24:08+00:00","dateModified":"2020-09-30T13:20:49+00:00","mainEntityOfPage":{"@id":"https:\/\/buletin.de\/bucuresti\/tainele-companiei-municipale-publicitate-si-afisaj-laptopuri-de-gaming-si-salarii-grase-pentru-oamenii-lui-firea-in-timp-ce-antena-3-pune-gaj-la-banci-contractul\/"},"wordCount":2138,"publisher":{"@id":"https:\/\/buletin.de\/bucuresti\/#organization"},"image":{"@id":"https:\/\/buletin.de\/bucuresti\/tainele-companiei-municipale-publicitate-si-afisaj-laptopuri-de-gaming-si-salarii-grase-pentru-oamenii-lui-firea-in-timp-ce-antena-3-pune-gaj-la-banci-contractul\/#primaryimage"},"thumbnailUrl":"https:\/\/buletin.de\/bucuresti\/wp-content\/uploads\/coperts.png","keywords":["antena 3","bucuresti","compania de publicitate","Compania municipala publicitate si afisaj","contracte","firea"],"articleSection":["Diverse","Prim\u0103rie"],"inLanguage":"en-GB","copyrightYear":"2020","copyrightHolder":{"@id":"https:\/\/buletin.de\/bucuresti\/#organization"}},{"@type":"WebPage","@id":"https:\/\/buletin.de\/bucuresti\/tainele-companiei-municipale-publicitate-si-afisaj-laptopuri-de-gaming-si-salarii-grase-pentru-oamenii-lui-firea-in-timp-ce-antena-3-pune-gaj-la-banci-contractul\/","url":"https:\/\/buletin.de\/bucuresti\/tainele-companiei-municipale-publicitate-si-afisaj-laptopuri-de-gaming-si-salarii-grase-pentru-oamenii-lui-firea-in-timp-ce-antena-3-pune-gaj-la-banci-contractul\/","name":"\u201cTainele\u201d Companiei Municipale Publicitate \u0219i Afi\u0219aj | Laptopuri de gaming \u0219i salarii \u201egrase\u201d pentru oamenii lui Firea, \u00een timp ce Antena 3 pune gaj la b\u0103nci contractul pentru spoturi TV - Buletin de Bucure\u0219ti","isPartOf":{"@id":"https:\/\/buletin.de\/bucuresti\/#website"},"primaryImageOfPage":{"@id":"https:\/\/buletin.de\/bucuresti\/tainele-companiei-municipale-publicitate-si-afisaj-laptopuri-de-gaming-si-salarii-grase-pentru-oamenii-lui-firea-in-timp-ce-antena-3-pune-gaj-la-banci-contractul\/#primaryimage"},"image":{"@id":"https:\/\/buletin.de\/bucuresti\/tainele-companiei-municipale-publicitate-si-afisaj-laptopuri-de-gaming-si-salarii-grase-pentru-oamenii-lui-firea-in-timp-ce-antena-3-pune-gaj-la-banci-contractul\/#primaryimage"},"thumbnailUrl":"https:\/\/buletin.de\/bucuresti\/wp-content\/uploads\/coperts.png","datePublished":"2020-09-25T11:24:08+00:00","dateModified":"2020-09-30T13:20:49+00:00","breadcrumb":{"@id":"https:\/\/buletin.de\/bucuresti\/tainele-companiei-municipale-publicitate-si-afisaj-laptopuri-de-gaming-si-salarii-grase-pentru-oamenii-lui-firea-in-timp-ce-antena-3-pune-gaj-la-banci-contractul\/#breadcrumb"},"inLanguage":"en-GB","potentialAction":[{"@type":"ReadAction","target":["https:\/\/buletin.de\/bucuresti\/tainele-companiei-municipale-publicitate-si-afisaj-laptopuri-de-gaming-si-salarii-grase-pentru-oamenii-lui-firea-in-timp-ce-antena-3-pune-gaj-la-banci-contractul\/"]}]},{"@type":"ImageObject","inLanguage":"en-GB","@id":"https:\/\/buletin.de\/bucuresti\/tainele-companiei-municipale-publicitate-si-afisaj-laptopuri-de-gaming-si-salarii-grase-pentru-oamenii-lui-firea-in-timp-ce-antena-3-pune-gaj-la-banci-contractul\/#primaryimage","url":"https:\/\/buletin.de\/bucuresti\/wp-content\/uploads\/coperts.png","contentUrl":"https:\/\/buletin.de\/bucuresti\/wp-content\/uploads\/coperts.png","width":1366,"height":768},{"@type":"BreadcrumbList","@id":"https:\/\/buletin.de\/bucuresti\/tainele-companiei-municipale-publicitate-si-afisaj-laptopuri-de-gaming-si-salarii-grase-pentru-oamenii-lui-firea-in-timp-ce-antena-3-pune-gaj-la-banci-contractul\/#breadcrumb","itemListElement":[{"@type":"ListItem","position":1,"name":"Acas\u0103","item":"https:\/\/buletin.de\/bucuresti\/"},{"@type":"ListItem","position":2,"name":"\u201cTainele\u201d Companiei Municipale Publicitate \u0219i Afi\u0219aj | Laptopuri de gaming \u0219i salarii \u201egrase\u201d pentru oamenii lui Firea, \u00een timp ce Antena 3 pune gaj la b\u0103nci contractul pentru spoturi TV"}]},{"@type":"WebSite","@id":"https:\/\/buletin.de\/bucuresti\/#website","url":"https:\/\/buletin.de\/bucuresti\/","name":"Buletin de Bucure\u0219ti","description":"\u0218tiri \u0219i investiga\u021bii esen\u021biale din capital\u0103","publisher":{"@id":"https:\/\/buletin.de\/bucuresti\/#organization"},"potentialAction":[{"@type":"SearchAction","target":{"@type":"EntryPoint","urlTemplate":"https:\/\/buletin.de\/bucuresti\/?s={search_term_string}"},"query-input":{"@type":"PropertyValueSpecification","valueRequired":true,"valueName":"search_term_string"}}],"inLanguage":"en-GB"},{"@type":"Organization","@id":"https:\/\/buletin.de\/bucuresti\/#organization","name":"Buletin de Bucure\u0219ti","url":"https:\/\/buletin.de\/bucuresti\/","logo":{"@type":"ImageObject","inLanguage":"en-GB","@id":"https:\/\/buletin.de\/bucuresti\/#\/schema\/logo\/image\/","url":"https:\/\/buletin.de\/bucuresti\/wp-content\/uploads\/logo-bdb-full-wide-vernil-transparent.png","contentUrl":"https:\/\/buletin.de\/bucuresti\/wp-content\/uploads\/logo-bdb-full-wide-vernil-transparent.png","width":1782,"height":626,"caption":"Buletin de Bucure\u0219ti"},"image":{"@id":"https:\/\/buletin.de\/bucuresti\/#\/schema\/logo\/image\/"},"sameAs":["https:\/\/www.facebook.com\/buletin.de.buc","https:\/\/www.instagram.com\/buletinde.bucuresti\/"]},{"@type":"Person","@id":"https:\/\/buletin.de\/bucuresti\/#\/schema\/person\/d369d7ddc775abece205795e0b804614","name":"Teodora Stroe","image":{"@type":"ImageObject","inLanguage":"en-GB","@id":"https:\/\/secure.gravatar.com\/avatar\/2560b4cd9f5f1bc100b123158e657d75584bd1c3e1d9c69285720b9457c1b78d?s=96&d=monsterid&r=gc104800242ba5f2d78dd5d7dc4df08b6","url":"https:\/\/secure.gravatar.com\/avatar\/2560b4cd9f5f1bc100b123158e657d75584bd1c3e1d9c69285720b9457c1b78d?s=96&d=monsterid&r=g","contentUrl":"https:\/\/secure.gravatar.com\/avatar\/2560b4cd9f5f1bc100b123158e657d75584bd1c3e1d9c69285720b9457c1b78d?s=96&d=monsterid&r=g","caption":"Teodora Stroe"},"url":"https:\/\/buletin.de\/bucuresti\/author\/simonacarlugea\/"}]}},"authors":[{"term_id":22579,"user_id":18,"is_guest":0,"slug":"simonacarlugea","display_name":"Teodora Stroe","avatar_url":"https:\/\/secure.gravatar.com\/avatar\/2560b4cd9f5f1bc100b123158e657d75584bd1c3e1d9c69285720b9457c1b78d?s=96&d=monsterid&r=g","0":null,"1":"","2":"","3":"","4":"","5":"","6":"","7":"","8":""}],"_links":{"self":[{"href":"https:\/\/buletin.de\/bucuresti\/wp-json\/wp\/v2\/posts\/12451","targetHints":{"allow":["GET"]}}],"collection":[{"href":"https:\/\/buletin.de\/bucuresti\/wp-json\/wp\/v2\/posts"}],"about":[{"href":"https:\/\/buletin.de\/bucuresti\/wp-json\/wp\/v2\/types\/post"}],"author":[{"embeddable":true,"href":"https:\/\/buletin.de\/bucuresti\/wp-json\/wp\/v2\/users\/18"}],"replies":[{"embeddable":true,"href":"https:\/\/buletin.de\/bucuresti\/wp-json\/wp\/v2\/comments?post=12451"}],"version-history":[{"count":36,"href":"https:\/\/buletin.de\/bucuresti\/wp-json\/wp\/v2\/posts\/12451\/revisions"}],"predecessor-version":[{"id":13128,"href":"https:\/\/buletin.de\/bucuresti\/wp-json\/wp\/v2\/posts\/12451\/revisions\/13128"}],"wp:featuredmedia":[{"embeddable":true,"href":"https:\/\/buletin.de\/bucuresti\/wp-json\/wp\/v2\/media\/12788"}],"wp:attachment":[{"href":"https:\/\/buletin.de\/bucuresti\/wp-json\/wp\/v2\/media?parent=12451"}],"wp:term":[{"taxonomy":"category","embeddable":true,"href":"https:\/\/buletin.de\/bucuresti\/wp-json\/wp\/v2\/categories?post=12451"},{"taxonomy":"post_tag","embeddable":true,"href":"https:\/\/buletin.de\/bucuresti\/wp-json\/wp\/v2\/tags?post=12451"},{"taxonomy":"author","embeddable":true,"href":"https:\/\/buletin.de\/bucuresti\/wp-json\/wp\/v2\/ppma_author?post=12451"}],"curies":[{"name":"wp","href":"https:\/\/api.w.org\/{rel}","templated":true}]}}