{"id":124092,"date":"2025-03-26T10:32:44","date_gmt":"2025-03-26T07:32:44","guid":{"rendered":"https:\/\/buletin.de\/bucuresti\/?p=124092"},"modified":"2025-03-26T23:28:11","modified_gmt":"2025-03-26T20:28:11","slug":"piedone-jr-catre-un-bucurestean-care-se-plange-ca-nu-este-apa-calda-ce-vina-am-eu-ca-ala-schimba-conductele-in-bucuresti","status":"publish","type":"post","link":"https:\/\/buletin.de\/bucuresti\/piedone-jr-catre-un-bucurestean-care-se-plange-ca-nu-este-apa-calda-ce-vina-am-eu-ca-ala-schimba-conductele-in-bucuresti\/","title":{"rendered":"Piedone Jr. c\u0103tre un bucure\u0219tean care se pl\u00e2nge c\u0103 nu este ap\u0103 cald\u0103: \u201eCe vin\u0103 am eu c\u0103 \u0103la schimb\u0103 conductele \u00een Bucure\u0219ti?\u201d"},"content":{"rendered":"\n<p><strong>Noul primar al Sectorului 5, Vlad Popescu Piedone, continu\u0103 tradi\u021bia deplas\u0103rilor filmate, mo\u0219tenit\u0103 de la tat\u0103l s\u0103u, \u00een care rezolv\u0103 probleme prin sta\u021bie \u0219i mimeaz\u0103 c\u0103 este un \u0219ef dur. Cum r\u0103spunde la sup\u0103rarea cet\u0103\u021benilor c\u0103 nu este ap\u0103 cald\u0103?<\/strong><\/p>\n\n\n\n<h2 class=\"wp-block-heading\" id=\"h-cum-se-rezolva-un-loc-de-parcare\">Cum se rezolv\u0103 un loc de parcare<\/h2>\n\n\n\n<p>\u201eAm verificat, ast\u0103zi, stadiul mai multor lucr\u0103ri demarate \u00een Sectorul 5. Consider c\u0103 este esen\u021bial ca orice primar, de sector, municipiu, comun\u0103 sau sat, s\u0103 coboare din birou pentru a vedea realitatea din teren. <\/p>\n\n\n\n<p>Motivul pentru care sunt adeptul&nbsp;unei astfel de practici este pentru c\u0103 \u0219tiu c\u0103, uneori, lucr\u0103rile nu avanseaz\u0103 a\u0219a cum trebuie \u0219i unii constructori au nevoie de \u00ab\u00eencuraj\u0103ri\u00bb\u201d, \u0219i-a justificat Vlad Popescu Piedone deplasarea filmat\u0103.<\/p>\n\n\n\n<p><a href=\"https:\/\/www.facebook.com\/watch\/?v=1317607296117524&amp;rdid=erI8gJKTrYO1Nvvq\" target=\"_blank\" rel=\"noreferrer noopener\">Clipul video<\/a> \u00eencepe cu momentul \u00een care \u00eei rezolv\u0103 unui cet\u0103\u021bean un loc de parcare. \u201eM\u00e2ine diminea\u021b\u0103, dac\u0103 nu se rezolv\u0103, s\u0103 m\u0103 c\u0103uta\u021bi\u201d, \u00eei transmite Piedone Jr. petentului de ocazie. <\/p>\n\n\n\n<div class=\"wp-block-buttons is-content-justification-center is-layout-flex wp-container-core-buttons-is-layout-16018d1d wp-block-buttons-is-layout-flex\">\n<div class=\"wp-block-button has-custom-width wp-block-button__width-100\"><a class=\"wp-block-button__link wp-element-button\" href=\"https:\/\/www.patreon.com\/BuletinDeBucuresti\"><strong>Sus\u021bine Buletin de Bucure\u0219ti pentru investiga\u021bii, reportaje \u0219i \u0219tiri Locale<\/strong><\/a><\/div>\n<\/div>\n\n\n\n<p><strong>CITE\u0218TE \u0218I: <a href=\"https:\/\/buletin.de\/bucuresti\/noua-majoritate-psd-pnl-pusl-din-consiliul-general-nu-va-vota-bugetul-propus-de-nicusor-dan-decizia-sustinuta-de-primarii-de-sector-ai-psd-si-pnl\/\" target=\"_blank\" rel=\"noreferrer noopener\">Noua majoritate PSD-PNL-PUSL din Consiliul General nu va vota bugetul propus de Nicu\u0219or Dan. Decizia, sus\u021binut\u0103 de primarii de sector ai PSD \u0219i PNL<\/a><\/strong><\/p>\n\n\n\n<h2 class=\"wp-block-heading\" id=\"h-de-ce-nu-este-apa-calda\">De ce nu este ap\u0103 cald\u0103<\/h2>\n\n\n\n<p><strong>Punctul culminat al \u00eenregistr\u0103rii este \u201econfruntarea\u201d cu un alt locuitor al Sectorului 5, care-i repro\u0219eaz\u0103 primarului c\u0103 nu are ap\u0103 cald\u0103.<\/strong><\/p>\n\n\n\n<p>\u201eP\u0103i ce vre\u021bi s\u0103 v\u0103 fac eu? \u021aipa\u021bi la Nicu\u0219or Dan, care este primarul Capitalei, care d\u0103 \u0219i ap\u0103 \u0219i curent la toate sectoarele. Eu ce s\u0103 fac\u201d, a r\u0103spuns Vlad Popescu Piedone.<\/p>\n\n\n\n<p>Pentru c\u0103 interlocutorul s\u0103u a insistat, primarul Sectorului 5 a afirmat c\u0103 are depuse la Prim\u0103ria Capitalei \u201e4.000 de cereri de ap\u0103 cald\u0103\u201d, f\u0103r\u0103 s\u0103 explice la ce se refer\u0103.<\/p>\n\n\n\n<p>\u201e<strong>Sunt f\u0103cute de Prim\u0103rie c\u0103tre Prim\u0103ria Capitalei. Ce vin\u0103 am eu c\u0103 \u0103la schimb\u0103 conductele \u00een Bucure\u0219ti\u201d, a \u00eencheiat Piedone Jr.<\/strong><\/p>\n\n\n\n<p>Pe de alt\u0103 parte, mai t\u00e2rziu \u00een acela\u0219i video, tot primarul Sectorului 5 a afirmat c\u0103 \u201ef\u0103r\u0103 pu\u021bin disconfort nu poate fi confort\u201d.<\/p>\n\n\n\n<p><strong>CITE\u0218TE \u0218I: <a href=\"https:\/\/buletin.de\/bucuresti\/a-fost-desemnat-constructorul-pentru-inca-un-tronson-din-a7-autostrada-care-pleaca-de-la-bucuresti-si-traverseaza-moldova\/\" target=\"_blank\" rel=\"noreferrer noopener\">A fost desemnat constructorul pentru \u00eenc\u0103 un tronson din A7, autostrada care pleac\u0103 de la Bucure\u0219ti \u0219i traverseaz\u0103 Moldova<\/a><\/strong><\/p>\n","protected":false},"excerpt":{"rendered":"<p>Noul primar al Sectorului 5, Vlad Popescu Piedone, continu\u0103 tradi\u021bia deplas\u0103rilor filmate, mo\u0219tenit\u0103 de la tat\u0103l s\u0103u, \u00een care rezolv\u0103 probleme prin sta\u021bie \u0219i mimeaz\u0103 c\u0103 este un \u0219ef dur. Cum r\u0103spunde la sup\u0103rarea cet\u0103\u021benilor c\u0103 nu este ap\u0103 cald\u0103? Cum se rezolv\u0103 un loc de parcare \u201eAm verificat, ast\u0103zi, stadiul mai multor lucr\u0103ri demarate [&hellip;]<\/p>\n","protected":false},"author":1,"featured_media":124095,"comment_status":"closed","ping_status":"open","sticky":false,"template":"","format":"standard","meta":{"_acf_changed":false,"inline_featured_image":false,"ngg_post_thumbnail":0,"footnotes":""},"categories":[6994,5762,24],"tags":[415,14483,19516,4098,188],"ppma_author":[22583],"class_list":["post-124092","post","type-post","status-publish","format-standard","has-post-thumbnail","hentry","category-stiri-2","category-main","category-primarie","tag-apa-calda","tag-loc-de-parcare","tag-piedone-jr","tag-primaria-sectorului-5","tag-sector-5"],"acf":[],"yoast_head":"<!-- This site is optimized with the Yoast SEO Premium plugin v25.3 (Yoast SEO v27.4) - https:\/\/yoast.com\/product\/yoast-seo-premium-wordpress\/ -->\n<title>Piedone Jr. c\u0103tre un bucure\u0219tean care se pl\u00e2nge c\u0103 nu este ap\u0103 cald\u0103: \u201eCe vin\u0103 am eu c\u0103 \u0103la schimb\u0103 conductele \u00een Bucure\u0219ti?\u201d - Buletin de Bucure\u0219ti<\/title>\n<meta name=\"description\" content=\"Vlad Popescu Piedone, continu\u0103 tradi\u021bia deplas\u0103rilor filmate. Cum r\u0103spunde la sup\u0103rarea cet\u0103\u021benilor c\u0103 nu este ap\u0103 cald\u0103?\" \/>\n<meta name=\"robots\" content=\"index, follow, max-snippet:-1, max-image-preview:large, max-video-preview:-1\" \/>\n<link rel=\"canonical\" href=\"https:\/\/buletin.de\/bucuresti\/piedone-jr-catre-un-bucurestean-care-se-plange-ca-nu-este-apa-calda-ce-vina-am-eu-ca-ala-schimba-conductele-in-bucuresti\/\" \/>\n<meta property=\"og:locale\" content=\"en_GB\" \/>\n<meta property=\"og:type\" content=\"article\" \/>\n<meta property=\"og:title\" content=\"Piedone Jr. c\u0103tre un bucure\u0219tean care se pl\u00e2nge c\u0103 nu este ap\u0103 cald\u0103: \u201eCe vin\u0103 am eu c\u0103 \u0103la schimb\u0103 conductele \u00een Bucure\u0219ti?\u201d\" \/>\n<meta property=\"og:description\" content=\"Vlad Popescu Piedone, continu\u0103 tradi\u021bia deplas\u0103rilor filmate. Cum r\u0103spunde la sup\u0103rarea cet\u0103\u021benilor c\u0103 nu este ap\u0103 cald\u0103?\" \/>\n<meta property=\"og:url\" content=\"https:\/\/buletin.de\/bucuresti\/piedone-jr-catre-un-bucurestean-care-se-plange-ca-nu-este-apa-calda-ce-vina-am-eu-ca-ala-schimba-conductele-in-bucuresti\/\" \/>\n<meta property=\"og:site_name\" content=\"Buletin de Bucure\u0219ti\" \/>\n<meta property=\"article:publisher\" content=\"https:\/\/www.facebook.com\/buletin.de.buc\" \/>\n<meta property=\"article:published_time\" content=\"2025-03-26T07:32:44+00:00\" \/>\n<meta property=\"article:modified_time\" content=\"2025-03-26T20:28:11+00:00\" \/>\n<meta property=\"og:image\" content=\"https:\/\/buletin.de\/bucuresti\/wp-content\/uploads\/2025\/03\/apacaldapiedone.png\" \/>\n\t<meta property=\"og:image:width\" content=\"1200\" \/>\n\t<meta property=\"og:image:height\" content=\"515\" \/>\n\t<meta property=\"og:image:type\" content=\"image\/png\" \/>\n<meta name=\"author\" content=\"Redac\u021bia Buletin de Bucure\u0219ti\" \/>\n<meta name=\"twitter:card\" content=\"summary_large_image\" \/>\n<meta name=\"twitter:label1\" content=\"Written by\" \/>\n\t<meta name=\"twitter:data1\" content=\"Redac\u021bia Buletin de Bucure\u0219ti\" \/>\n\t<meta name=\"twitter:label2\" content=\"Estimated reading time\" \/>\n\t<meta name=\"twitter:data2\" content=\"2 minutes\" \/>\n<script type=\"application\/ld+json\" class=\"yoast-schema-graph\">{\"@context\":\"https:\\\/\\\/schema.org\",\"@graph\":[{\"@type\":\"Article\",\"@id\":\"https:\\\/\\\/buletin.de\\\/bucuresti\\\/piedone-jr-catre-un-bucurestean-care-se-plange-ca-nu-este-apa-calda-ce-vina-am-eu-ca-ala-schimba-conductele-in-bucuresti\\\/#article\",\"isPartOf\":{\"@id\":\"https:\\\/\\\/buletin.de\\\/bucuresti\\\/piedone-jr-catre-un-bucurestean-care-se-plange-ca-nu-este-apa-calda-ce-vina-am-eu-ca-ala-schimba-conductele-in-bucuresti\\\/\"},\"author\":{\"name\":\"Redac\u021bia Buletin de Bucure\u0219ti\",\"@id\":\"https:\\\/\\\/buletin.de\\\/bucuresti\\\/#\\\/schema\\\/person\\\/2bbcf854e5f2419a13804af574d06ab1\"},\"headline\":\"Piedone Jr. c\u0103tre un bucure\u0219tean care se pl\u00e2nge c\u0103 nu este ap\u0103 cald\u0103: \u201eCe vin\u0103 am eu c\u0103 \u0103la schimb\u0103 conductele \u00een Bucure\u0219ti?\u201d\",\"datePublished\":\"2025-03-26T07:32:44+00:00\",\"dateModified\":\"2025-03-26T20:28:11+00:00\",\"mainEntityOfPage\":{\"@id\":\"https:\\\/\\\/buletin.de\\\/bucuresti\\\/piedone-jr-catre-un-bucurestean-care-se-plange-ca-nu-este-apa-calda-ce-vina-am-eu-ca-ala-schimba-conductele-in-bucuresti\\\/\"},\"wordCount\":406,\"publisher\":{\"@id\":\"https:\\\/\\\/buletin.de\\\/bucuresti\\\/#organization\"},\"image\":{\"@id\":\"https:\\\/\\\/buletin.de\\\/bucuresti\\\/piedone-jr-catre-un-bucurestean-care-se-plange-ca-nu-este-apa-calda-ce-vina-am-eu-ca-ala-schimba-conductele-in-bucuresti\\\/#primaryimage\"},\"thumbnailUrl\":\"https:\\\/\\\/buletin.de\\\/bucuresti\\\/wp-content\\\/uploads\\\/2025\\\/03\\\/apacaldapiedone.png\",\"keywords\":[\"apa calda\",\"loc de parcare\",\"piedone jr\",\"primaria sectorului 5\",\"Sector 5\"],\"articleSection\":[\"Articole\",\"Main\",\"Prim\u0103rie\"],\"inLanguage\":\"en-GB\",\"copyrightYear\":\"2025\",\"copyrightHolder\":{\"@id\":\"https:\\\/\\\/buletin.de\\\/bucuresti\\\/#organization\"}},{\"@type\":\"WebPage\",\"@id\":\"https:\\\/\\\/buletin.de\\\/bucuresti\\\/piedone-jr-catre-un-bucurestean-care-se-plange-ca-nu-este-apa-calda-ce-vina-am-eu-ca-ala-schimba-conductele-in-bucuresti\\\/\",\"url\":\"https:\\\/\\\/buletin.de\\\/bucuresti\\\/piedone-jr-catre-un-bucurestean-care-se-plange-ca-nu-este-apa-calda-ce-vina-am-eu-ca-ala-schimba-conductele-in-bucuresti\\\/\",\"name\":\"Piedone Jr. c\u0103tre un bucure\u0219tean care se pl\u00e2nge c\u0103 nu este ap\u0103 cald\u0103: \u201eCe vin\u0103 am eu c\u0103 \u0103la schimb\u0103 conductele \u00een Bucure\u0219ti?\u201d - Buletin de Bucure\u0219ti\",\"isPartOf\":{\"@id\":\"https:\\\/\\\/buletin.de\\\/bucuresti\\\/#website\"},\"primaryImageOfPage\":{\"@id\":\"https:\\\/\\\/buletin.de\\\/bucuresti\\\/piedone-jr-catre-un-bucurestean-care-se-plange-ca-nu-este-apa-calda-ce-vina-am-eu-ca-ala-schimba-conductele-in-bucuresti\\\/#primaryimage\"},\"image\":{\"@id\":\"https:\\\/\\\/buletin.de\\\/bucuresti\\\/piedone-jr-catre-un-bucurestean-care-se-plange-ca-nu-este-apa-calda-ce-vina-am-eu-ca-ala-schimba-conductele-in-bucuresti\\\/#primaryimage\"},\"thumbnailUrl\":\"https:\\\/\\\/buletin.de\\\/bucuresti\\\/wp-content\\\/uploads\\\/2025\\\/03\\\/apacaldapiedone.png\",\"datePublished\":\"2025-03-26T07:32:44+00:00\",\"dateModified\":\"2025-03-26T20:28:11+00:00\",\"description\":\"Vlad Popescu Piedone, continu\u0103 tradi\u021bia deplas\u0103rilor filmate. Cum r\u0103spunde la sup\u0103rarea cet\u0103\u021benilor c\u0103 nu este ap\u0103 cald\u0103?\",\"breadcrumb\":{\"@id\":\"https:\\\/\\\/buletin.de\\\/bucuresti\\\/piedone-jr-catre-un-bucurestean-care-se-plange-ca-nu-este-apa-calda-ce-vina-am-eu-ca-ala-schimba-conductele-in-bucuresti\\\/#breadcrumb\"},\"inLanguage\":\"en-GB\",\"potentialAction\":[{\"@type\":\"ReadAction\",\"target\":[\"https:\\\/\\\/buletin.de\\\/bucuresti\\\/piedone-jr-catre-un-bucurestean-care-se-plange-ca-nu-este-apa-calda-ce-vina-am-eu-ca-ala-schimba-conductele-in-bucuresti\\\/\"]}]},{\"@type\":\"ImageObject\",\"inLanguage\":\"en-GB\",\"@id\":\"https:\\\/\\\/buletin.de\\\/bucuresti\\\/piedone-jr-catre-un-bucurestean-care-se-plange-ca-nu-este-apa-calda-ce-vina-am-eu-ca-ala-schimba-conductele-in-bucuresti\\\/#primaryimage\",\"url\":\"https:\\\/\\\/buletin.de\\\/bucuresti\\\/wp-content\\\/uploads\\\/2025\\\/03\\\/apacaldapiedone.png\",\"contentUrl\":\"https:\\\/\\\/buletin.de\\\/bucuresti\\\/wp-content\\\/uploads\\\/2025\\\/03\\\/apacaldapiedone.png\",\"width\":1200,\"height\":515,\"caption\":\"Piedone Jr. explic\u0103 de ce nu este ap\u0103 cald\u0103. Captur\u0103 video\"},{\"@type\":\"BreadcrumbList\",\"@id\":\"https:\\\/\\\/buletin.de\\\/bucuresti\\\/piedone-jr-catre-un-bucurestean-care-se-plange-ca-nu-este-apa-calda-ce-vina-am-eu-ca-ala-schimba-conductele-in-bucuresti\\\/#breadcrumb\",\"itemListElement\":[{\"@type\":\"ListItem\",\"position\":1,\"name\":\"Acas\u0103\",\"item\":\"https:\\\/\\\/buletin.de\\\/bucuresti\\\/\"},{\"@type\":\"ListItem\",\"position\":2,\"name\":\"Piedone Jr. c\u0103tre un bucure\u0219tean care se pl\u00e2nge c\u0103 nu este ap\u0103 cald\u0103: \u201eCe vin\u0103 am eu c\u0103 \u0103la schimb\u0103 conductele \u00een Bucure\u0219ti?\u201d\"}]},{\"@type\":\"WebSite\",\"@id\":\"https:\\\/\\\/buletin.de\\\/bucuresti\\\/#website\",\"url\":\"https:\\\/\\\/buletin.de\\\/bucuresti\\\/\",\"name\":\"Buletin de Bucure\u0219ti\",\"description\":\"\u0218tiri \u0219i investiga\u021bii esen\u021biale din capital\u0103\",\"publisher\":{\"@id\":\"https:\\\/\\\/buletin.de\\\/bucuresti\\\/#organization\"},\"potentialAction\":[{\"@type\":\"SearchAction\",\"target\":{\"@type\":\"EntryPoint\",\"urlTemplate\":\"https:\\\/\\\/buletin.de\\\/bucuresti\\\/?s={search_term_string}\"},\"query-input\":{\"@type\":\"PropertyValueSpecification\",\"valueRequired\":true,\"valueName\":\"search_term_string\"}}],\"inLanguage\":\"en-GB\"},{\"@type\":\"Organization\",\"@id\":\"https:\\\/\\\/buletin.de\\\/bucuresti\\\/#organization\",\"name\":\"Buletin de Bucure\u0219ti\",\"url\":\"https:\\\/\\\/buletin.de\\\/bucuresti\\\/\",\"logo\":{\"@type\":\"ImageObject\",\"inLanguage\":\"en-GB\",\"@id\":\"https:\\\/\\\/buletin.de\\\/bucuresti\\\/#\\\/schema\\\/logo\\\/image\\\/\",\"url\":\"https:\\\/\\\/buletin.de\\\/bucuresti\\\/wp-content\\\/uploads\\\/logo-bdb-full-wide-vernil-transparent.png\",\"contentUrl\":\"https:\\\/\\\/buletin.de\\\/bucuresti\\\/wp-content\\\/uploads\\\/logo-bdb-full-wide-vernil-transparent.png\",\"width\":1782,\"height\":626,\"caption\":\"Buletin de Bucure\u0219ti\"},\"image\":{\"@id\":\"https:\\\/\\\/buletin.de\\\/bucuresti\\\/#\\\/schema\\\/logo\\\/image\\\/\"},\"sameAs\":[\"https:\\\/\\\/www.facebook.com\\\/buletin.de.buc\",\"https:\\\/\\\/www.instagram.com\\\/buletinde.bucuresti\\\/\"]},{\"@type\":\"Person\",\"@id\":\"https:\\\/\\\/buletin.de\\\/bucuresti\\\/#\\\/schema\\\/person\\\/2bbcf854e5f2419a13804af574d06ab1\",\"name\":\"Redac\u021bia Buletin de Bucure\u0219ti\",\"image\":{\"@type\":\"ImageObject\",\"inLanguage\":\"en-GB\",\"@id\":\"https:\\\/\\\/secure.gravatar.com\\\/avatar\\\/18c5342381ed1a08620e6280424e3e5efc958618f5d67c522c9e44c1bc6f9226?s=96&d=monsterid&r=g60c7cd0ad92c68c049fcd4bb3504d609\",\"url\":\"https:\\\/\\\/secure.gravatar.com\\\/avatar\\\/18c5342381ed1a08620e6280424e3e5efc958618f5d67c522c9e44c1bc6f9226?s=96&d=monsterid&r=g\",\"contentUrl\":\"https:\\\/\\\/secure.gravatar.com\\\/avatar\\\/18c5342381ed1a08620e6280424e3e5efc958618f5d67c522c9e44c1bc6f9226?s=96&d=monsterid&r=g\",\"caption\":\"Redac\u021bia Buletin de Bucure\u0219ti\"},\"description\":\"Buletin de Bucure\u0219ti exist\u0103 din vara anului 2019.\",\"url\":\"https:\\\/\\\/buletin.de\\\/bucuresti\\\/author\\\/adminbuletin\\\/\"}]}<\/script>\n<!-- \/ Yoast SEO Premium plugin. -->","yoast_head_json":{"title":"Piedone Jr. c\u0103tre un bucure\u0219tean care se pl\u00e2nge c\u0103 nu este ap\u0103 cald\u0103: \u201eCe vin\u0103 am eu c\u0103 \u0103la schimb\u0103 conductele \u00een Bucure\u0219ti?\u201d - Buletin de Bucure\u0219ti","description":"Vlad Popescu Piedone, continu\u0103 tradi\u021bia deplas\u0103rilor filmate. Cum r\u0103spunde la sup\u0103rarea cet\u0103\u021benilor c\u0103 nu este ap\u0103 cald\u0103?","robots":{"index":"index","follow":"follow","max-snippet":"max-snippet:-1","max-image-preview":"max-image-preview:large","max-video-preview":"max-video-preview:-1"},"canonical":"https:\/\/buletin.de\/bucuresti\/piedone-jr-catre-un-bucurestean-care-se-plange-ca-nu-este-apa-calda-ce-vina-am-eu-ca-ala-schimba-conductele-in-bucuresti\/","og_locale":"en_GB","og_type":"article","og_title":"Piedone Jr. c\u0103tre un bucure\u0219tean care se pl\u00e2nge c\u0103 nu este ap\u0103 cald\u0103: \u201eCe vin\u0103 am eu c\u0103 \u0103la schimb\u0103 conductele \u00een Bucure\u0219ti?\u201d","og_description":"Vlad Popescu Piedone, continu\u0103 tradi\u021bia deplas\u0103rilor filmate. Cum r\u0103spunde la sup\u0103rarea cet\u0103\u021benilor c\u0103 nu este ap\u0103 cald\u0103?","og_url":"https:\/\/buletin.de\/bucuresti\/piedone-jr-catre-un-bucurestean-care-se-plange-ca-nu-este-apa-calda-ce-vina-am-eu-ca-ala-schimba-conductele-in-bucuresti\/","og_site_name":"Buletin de Bucure\u0219ti","article_publisher":"https:\/\/www.facebook.com\/buletin.de.buc","article_published_time":"2025-03-26T07:32:44+00:00","article_modified_time":"2025-03-26T20:28:11+00:00","og_image":[{"width":1200,"height":515,"url":"https:\/\/buletin.de\/bucuresti\/wp-content\/uploads\/2025\/03\/apacaldapiedone.png","type":"image\/png"}],"author":"Redac\u021bia Buletin de Bucure\u0219ti","twitter_card":"summary_large_image","twitter_misc":{"Written by":"Redac\u021bia Buletin de Bucure\u0219ti","Estimated reading time":"2 minutes"},"schema":{"@context":"https:\/\/schema.org","@graph":[{"@type":"Article","@id":"https:\/\/buletin.de\/bucuresti\/piedone-jr-catre-un-bucurestean-care-se-plange-ca-nu-este-apa-calda-ce-vina-am-eu-ca-ala-schimba-conductele-in-bucuresti\/#article","isPartOf":{"@id":"https:\/\/buletin.de\/bucuresti\/piedone-jr-catre-un-bucurestean-care-se-plange-ca-nu-este-apa-calda-ce-vina-am-eu-ca-ala-schimba-conductele-in-bucuresti\/"},"author":{"name":"Redac\u021bia Buletin de Bucure\u0219ti","@id":"https:\/\/buletin.de\/bucuresti\/#\/schema\/person\/2bbcf854e5f2419a13804af574d06ab1"},"headline":"Piedone Jr. c\u0103tre un bucure\u0219tean care se pl\u00e2nge c\u0103 nu este ap\u0103 cald\u0103: \u201eCe vin\u0103 am eu c\u0103 \u0103la schimb\u0103 conductele \u00een Bucure\u0219ti?\u201d","datePublished":"2025-03-26T07:32:44+00:00","dateModified":"2025-03-26T20:28:11+00:00","mainEntityOfPage":{"@id":"https:\/\/buletin.de\/bucuresti\/piedone-jr-catre-un-bucurestean-care-se-plange-ca-nu-este-apa-calda-ce-vina-am-eu-ca-ala-schimba-conductele-in-bucuresti\/"},"wordCount":406,"publisher":{"@id":"https:\/\/buletin.de\/bucuresti\/#organization"},"image":{"@id":"https:\/\/buletin.de\/bucuresti\/piedone-jr-catre-un-bucurestean-care-se-plange-ca-nu-este-apa-calda-ce-vina-am-eu-ca-ala-schimba-conductele-in-bucuresti\/#primaryimage"},"thumbnailUrl":"https:\/\/buletin.de\/bucuresti\/wp-content\/uploads\/2025\/03\/apacaldapiedone.png","keywords":["apa calda","loc de parcare","piedone jr","primaria sectorului 5","Sector 5"],"articleSection":["Articole","Main","Prim\u0103rie"],"inLanguage":"en-GB","copyrightYear":"2025","copyrightHolder":{"@id":"https:\/\/buletin.de\/bucuresti\/#organization"}},{"@type":"WebPage","@id":"https:\/\/buletin.de\/bucuresti\/piedone-jr-catre-un-bucurestean-care-se-plange-ca-nu-este-apa-calda-ce-vina-am-eu-ca-ala-schimba-conductele-in-bucuresti\/","url":"https:\/\/buletin.de\/bucuresti\/piedone-jr-catre-un-bucurestean-care-se-plange-ca-nu-este-apa-calda-ce-vina-am-eu-ca-ala-schimba-conductele-in-bucuresti\/","name":"Piedone Jr. c\u0103tre un bucure\u0219tean care se pl\u00e2nge c\u0103 nu este ap\u0103 cald\u0103: \u201eCe vin\u0103 am eu c\u0103 \u0103la schimb\u0103 conductele \u00een Bucure\u0219ti?\u201d - Buletin de Bucure\u0219ti","isPartOf":{"@id":"https:\/\/buletin.de\/bucuresti\/#website"},"primaryImageOfPage":{"@id":"https:\/\/buletin.de\/bucuresti\/piedone-jr-catre-un-bucurestean-care-se-plange-ca-nu-este-apa-calda-ce-vina-am-eu-ca-ala-schimba-conductele-in-bucuresti\/#primaryimage"},"image":{"@id":"https:\/\/buletin.de\/bucuresti\/piedone-jr-catre-un-bucurestean-care-se-plange-ca-nu-este-apa-calda-ce-vina-am-eu-ca-ala-schimba-conductele-in-bucuresti\/#primaryimage"},"thumbnailUrl":"https:\/\/buletin.de\/bucuresti\/wp-content\/uploads\/2025\/03\/apacaldapiedone.png","datePublished":"2025-03-26T07:32:44+00:00","dateModified":"2025-03-26T20:28:11+00:00","description":"Vlad Popescu Piedone, continu\u0103 tradi\u021bia deplas\u0103rilor filmate. Cum r\u0103spunde la sup\u0103rarea cet\u0103\u021benilor c\u0103 nu este ap\u0103 cald\u0103?","breadcrumb":{"@id":"https:\/\/buletin.de\/bucuresti\/piedone-jr-catre-un-bucurestean-care-se-plange-ca-nu-este-apa-calda-ce-vina-am-eu-ca-ala-schimba-conductele-in-bucuresti\/#breadcrumb"},"inLanguage":"en-GB","potentialAction":[{"@type":"ReadAction","target":["https:\/\/buletin.de\/bucuresti\/piedone-jr-catre-un-bucurestean-care-se-plange-ca-nu-este-apa-calda-ce-vina-am-eu-ca-ala-schimba-conductele-in-bucuresti\/"]}]},{"@type":"ImageObject","inLanguage":"en-GB","@id":"https:\/\/buletin.de\/bucuresti\/piedone-jr-catre-un-bucurestean-care-se-plange-ca-nu-este-apa-calda-ce-vina-am-eu-ca-ala-schimba-conductele-in-bucuresti\/#primaryimage","url":"https:\/\/buletin.de\/bucuresti\/wp-content\/uploads\/2025\/03\/apacaldapiedone.png","contentUrl":"https:\/\/buletin.de\/bucuresti\/wp-content\/uploads\/2025\/03\/apacaldapiedone.png","width":1200,"height":515,"caption":"Piedone Jr. explic\u0103 de ce nu este ap\u0103 cald\u0103. Captur\u0103 video"},{"@type":"BreadcrumbList","@id":"https:\/\/buletin.de\/bucuresti\/piedone-jr-catre-un-bucurestean-care-se-plange-ca-nu-este-apa-calda-ce-vina-am-eu-ca-ala-schimba-conductele-in-bucuresti\/#breadcrumb","itemListElement":[{"@type":"ListItem","position":1,"name":"Acas\u0103","item":"https:\/\/buletin.de\/bucuresti\/"},{"@type":"ListItem","position":2,"name":"Piedone Jr. c\u0103tre un bucure\u0219tean care se pl\u00e2nge c\u0103 nu este ap\u0103 cald\u0103: \u201eCe vin\u0103 am eu c\u0103 \u0103la schimb\u0103 conductele \u00een Bucure\u0219ti?\u201d"}]},{"@type":"WebSite","@id":"https:\/\/buletin.de\/bucuresti\/#website","url":"https:\/\/buletin.de\/bucuresti\/","name":"Buletin de Bucure\u0219ti","description":"\u0218tiri \u0219i investiga\u021bii esen\u021biale din capital\u0103","publisher":{"@id":"https:\/\/buletin.de\/bucuresti\/#organization"},"potentialAction":[{"@type":"SearchAction","target":{"@type":"EntryPoint","urlTemplate":"https:\/\/buletin.de\/bucuresti\/?s={search_term_string}"},"query-input":{"@type":"PropertyValueSpecification","valueRequired":true,"valueName":"search_term_string"}}],"inLanguage":"en-GB"},{"@type":"Organization","@id":"https:\/\/buletin.de\/bucuresti\/#organization","name":"Buletin de Bucure\u0219ti","url":"https:\/\/buletin.de\/bucuresti\/","logo":{"@type":"ImageObject","inLanguage":"en-GB","@id":"https:\/\/buletin.de\/bucuresti\/#\/schema\/logo\/image\/","url":"https:\/\/buletin.de\/bucuresti\/wp-content\/uploads\/logo-bdb-full-wide-vernil-transparent.png","contentUrl":"https:\/\/buletin.de\/bucuresti\/wp-content\/uploads\/logo-bdb-full-wide-vernil-transparent.png","width":1782,"height":626,"caption":"Buletin de Bucure\u0219ti"},"image":{"@id":"https:\/\/buletin.de\/bucuresti\/#\/schema\/logo\/image\/"},"sameAs":["https:\/\/www.facebook.com\/buletin.de.buc","https:\/\/www.instagram.com\/buletinde.bucuresti\/"]},{"@type":"Person","@id":"https:\/\/buletin.de\/bucuresti\/#\/schema\/person\/2bbcf854e5f2419a13804af574d06ab1","name":"Redac\u021bia Buletin de Bucure\u0219ti","image":{"@type":"ImageObject","inLanguage":"en-GB","@id":"https:\/\/secure.gravatar.com\/avatar\/18c5342381ed1a08620e6280424e3e5efc958618f5d67c522c9e44c1bc6f9226?s=96&d=monsterid&r=g60c7cd0ad92c68c049fcd4bb3504d609","url":"https:\/\/secure.gravatar.com\/avatar\/18c5342381ed1a08620e6280424e3e5efc958618f5d67c522c9e44c1bc6f9226?s=96&d=monsterid&r=g","contentUrl":"https:\/\/secure.gravatar.com\/avatar\/18c5342381ed1a08620e6280424e3e5efc958618f5d67c522c9e44c1bc6f9226?s=96&d=monsterid&r=g","caption":"Redac\u021bia Buletin de Bucure\u0219ti"},"description":"Buletin de Bucure\u0219ti exist\u0103 din vara anului 2019.","url":"https:\/\/buletin.de\/bucuresti\/author\/adminbuletin\/"}]}},"authors":[{"term_id":22583,"user_id":1,"is_guest":0,"slug":"adminbuletin","display_name":"Redac\u021bia Buletin de Bucure\u0219ti","avatar_url":"https:\/\/secure.gravatar.com\/avatar\/18c5342381ed1a08620e6280424e3e5efc958618f5d67c522c9e44c1bc6f9226?s=96&d=monsterid&r=g","0":null,"1":"","2":"","3":"","4":"","5":"","6":"","7":"","8":""}],"_links":{"self":[{"href":"https:\/\/buletin.de\/bucuresti\/wp-json\/wp\/v2\/posts\/124092","targetHints":{"allow":["GET"]}}],"collection":[{"href":"https:\/\/buletin.de\/bucuresti\/wp-json\/wp\/v2\/posts"}],"about":[{"href":"https:\/\/buletin.de\/bucuresti\/wp-json\/wp\/v2\/types\/post"}],"author":[{"embeddable":true,"href":"https:\/\/buletin.de\/bucuresti\/wp-json\/wp\/v2\/users\/1"}],"replies":[{"embeddable":true,"href":"https:\/\/buletin.de\/bucuresti\/wp-json\/wp\/v2\/comments?post=124092"}],"version-history":[{"count":7,"href":"https:\/\/buletin.de\/bucuresti\/wp-json\/wp\/v2\/posts\/124092\/revisions"}],"predecessor-version":[{"id":124198,"href":"https:\/\/buletin.de\/bucuresti\/wp-json\/wp\/v2\/posts\/124092\/revisions\/124198"}],"wp:featuredmedia":[{"embeddable":true,"href":"https:\/\/buletin.de\/bucuresti\/wp-json\/wp\/v2\/media\/124095"}],"wp:attachment":[{"href":"https:\/\/buletin.de\/bucuresti\/wp-json\/wp\/v2\/media?parent=124092"}],"wp:term":[{"taxonomy":"category","embeddable":true,"href":"https:\/\/buletin.de\/bucuresti\/wp-json\/wp\/v2\/categories?post=124092"},{"taxonomy":"post_tag","embeddable":true,"href":"https:\/\/buletin.de\/bucuresti\/wp-json\/wp\/v2\/tags?post=124092"},{"taxonomy":"author","embeddable":true,"href":"https:\/\/buletin.de\/bucuresti\/wp-json\/wp\/v2\/ppma_author?post=124092"}],"curies":[{"name":"wp","href":"https:\/\/api.w.org\/{rel}","templated":true}]}}