{"id":123892,"date":"2025-03-25T05:59:00","date_gmt":"2025-03-25T02:59:00","guid":{"rendered":"https:\/\/buletin.de\/bucuresti\/?p=123892"},"modified":"2025-03-27T16:03:32","modified_gmt":"2025-03-27T13:03:32","slug":"masinile-abandonate-din-sectorul-1-scoase-la-licitatie-de-primarie-noul-regulament-include-si-vehiculele-inmatriculate-in-strainatate","status":"publish","type":"post","link":"https:\/\/buletin.de\/bucuresti\/masinile-abandonate-din-sectorul-1-scoase-la-licitatie-de-primarie-noul-regulament-include-si-vehiculele-inmatriculate-in-strainatate\/","title":{"rendered":"Ma\u0219inile abandonate din Sectorul 1, scoase la licita\u021bie de prim\u0103rie. Noul regulament include \u0219i vehiculele \u00eenmatriculate \u00een str\u0103in\u0103tate"},"content":{"rendered":"\n<p><strong>UPDATE: Proiectul a trecut la vot \u00een Consiliul Local, cu 26 de voturi pentru.<\/strong><\/p>\n\n\n\n<p><strong>Consiliul Local al Sectorului 1 va dezbate \u00een \u0219edin\u021ba de joi, 27 martie, un proiect de hot\u0103r\u00e2re pentru un nou regulament privind procedura de lucru pentru vehiculele abandonate. Acest proiect de regulament propune modific\u0103ri fa\u021b\u0103 de reglement\u0103rile anterioare \u0219i vizeaz\u0103 identificarea, ridicarea, transportul, depozitarea \u0219i valorificarea ulterioar\u0103 a vehiculelor \u00een cauz\u0103.<\/strong><\/p>\n\n\n\n<p><a href=\"https:\/\/primarias1ro-my.sharepoint.com\/personal\/secretariat_primarias1_ro\/_layouts\/15\/onedrive.aspx?ga=1&amp;id=%2Fpersonal%2Fsecretariat%5Fprimarias1%5Fro%2FDocuments%2FMateriale%20sedinta%20ordinara%2027%2E03%2E2025%20SITE%2F15%2E%20K2%2D22%20scan%20PH%20RS%5FAN%2Epdf&amp;parent=%2Fpersonal%2Fsecretariat%5Fprimarias1%5Fro%2FDocuments%2FMateriale%20sedinta%20ordinara%2027%2E03%2E2025%20SITE\">Proiectul <\/a>de hot\u0103r\u00e2re prevede \u00een primul r\u00e2nd definirea mai clar\u0103 a vehiculelor denumite \u201ef\u0103r\u0103 st\u0103p\u00e2n\u201d. Acum se propune includerea \u0219i a vehiculelor \u00eenmatriculate \u00een str\u0103in\u0103tate, nu doar a celor f\u0103r\u0103 pl\u0103cu\u021b\u0103 de \u00eenmatriculare depistate pe domeniul public de angaja\u021bii prim\u0103riei Sectorului 1. &nbsp;<\/p>\n\n\n\n<p>De asemenea, sunt redefinite vehiculele abandonate. Astfel, <strong>perioada minim\u0103 de sta\u021bionare pentru a fi considerate abandonate ar urma s\u0103 fie redus\u0103 <mark style=\"background-color:rgba(0, 0, 0, 0)\" class=\"has-inline-color has-vivid-red-color\">de la un an la 6 luni<\/mark><\/strong>. Starea de abandon mai poate rezulta \u0219i din lipsa ITP-ului sau a RCA-ului, \u00een func\u021bie de autovehicul. &nbsp;<\/p>\n\n\n\n<p>O alt\u0103 propunere prevede c\u0103 proprietarii trebuie s\u0103 achite nu doar taxele, ci \u0219i amenzile aferente vehiculului pentru a-l recupera.<\/p>\n\n\n\n<p>\u00cen plus, soma\u021bia de ridicare a vehiculului se va transmite dup\u0103 declararea st\u0103rii de abandon \u0219i dup\u0103 dispunerea m\u0103surii de ridicare, nu \u00eenainte, ca \u00een vechiul regulament. &nbsp;<\/p>\n\n\n\n<p>Mai mult, potrivit noului regulament, se introduce posibilitatea valorific\u0103rii vehiculelor prin <strong>v\u00e2nzare direct\u0103 sau licita\u021bie public\u0103<\/strong>, nu doar prin predare la centrele de colectare a fierului vechi.<\/p>\n\n\n\n<p>Modific\u0103rile urmeaz\u0103 s\u0103 fie dezb\u0103tute \u0219i votate \u00een Consiliul Local al Sectorului 1 \u00een \u0219edin\u021ba din 27 martie.<\/p>\n\n\n\n<h2 class=\"wp-block-heading\" id=\"h-sectorul-1-cimitir-auto\"><strong>Sectorul 1, \u201ecimitir auto\u201d<\/strong><\/h2>\n\n\n\n<p>\u00cen anul 2022, Prim\u0103ria Sectorului 1 a ridicat 2.400 de vehicule vechi pentru a elibera trotuarele \u0219i locurile de parcare, fa\u021b\u0103 de anul 2021, \u00een care s-au ridicat 1.850. Dup\u0103 ce au fost ridicate, ma\u0219inile au fost v\u00e2ndute la fier vechi, iar banii au fost vira\u021bi bugetul local.<\/p>\n\n\n\n<p>Dintre cele 2.400 de ma\u0219ini, o parte au fost ridicate la solicitarea proprietarilor, \u00een urma soma\u021biilor trimise, \u00een timp ce altele au fost ridicate direct de c\u0103tre Poli\u021bia Local\u0103.<\/p>\n\n\n\n<p><strong>CITE\u015eTE \u015eI:<\/strong> <a href=\"https:\/\/buletin.de\/bucuresti\/sector-6-rablele-abandonate-sunt-vandute-la-licitatie-de-primarie-cum-arata-range-rover-ul-care-are-pret-de-pornire-2850-lei\/\">Sector 6 | Rablele abandonate sunt v\u00e2ndute la licita\u0163ie de Prim\u0103rie. Cum arat\u0103 Range Rover-ul care are pre\u0163 de pornire 2850 lei<\/a><br><\/p>\n\n\n\n<p><\/p>\n","protected":false},"excerpt":{"rendered":"<p>UPDATE: Proiectul a trecut la vot \u00een Consiliul Local, cu 26 de voturi pentru. Consiliul Local al Sectorului 1 va dezbate \u00een \u0219edin\u021ba de joi, 27 martie, un proiect de hot\u0103r\u00e2re pentru un nou regulament privind procedura de lucru pentru vehiculele abandonate. Acest proiect de regulament propune modific\u0103ri fa\u021b\u0103 de reglement\u0103rile anterioare \u0219i vizeaz\u0103 identificarea, [&hellip;]<\/p>\n","protected":false},"author":10,"featured_media":77601,"comment_status":"closed","ping_status":"open","sticky":false,"template":"","format":"standard","meta":{"_acf_changed":false,"inline_featured_image":false,"ngg_post_thumbnail":0,"footnotes":""},"categories":[6994,5762,24,650],"tags":[990,35,521,9906,20066,308],"ppma_author":[22575],"class_list":["post-123892","post","type-post","status-publish","format-standard","has-post-thumbnail","hentry","category-stiri-2","category-main","category-primarie","category-transport","tag-licitatie","tag-primarie","tag-proiect","tag-rable","tag-ridicare","tag-sector-1"],"acf":[],"yoast_head":"<!-- This site is optimized with the Yoast SEO Premium plugin v25.3 (Yoast SEO v27.4) - https:\/\/yoast.com\/product\/yoast-seo-premium-wordpress\/ -->\n<title>Ma\u0219inile abandonate din Sectorul 1, scoase la licita\u021bie de prim\u0103rie. Noul regulament include \u0219i vehiculele \u00eenmatriculate \u00een str\u0103in\u0103tate - Buletin de Bucure\u0219ti<\/title>\n<meta name=\"description\" content=\"Nou regulament pentru rable \u00een Sectorul 1, \u00een dezbatere \u015fi la vot \u00een \u015fedin\u0163a de Consiliu Local. Vor urma licita\u0163ii.\" \/>\n<meta name=\"robots\" content=\"index, follow, max-snippet:-1, max-image-preview:large, max-video-preview:-1\" \/>\n<link rel=\"canonical\" href=\"https:\/\/buletin.de\/bucuresti\/masinile-abandonate-din-sectorul-1-scoase-la-licitatie-de-primarie-noul-regulament-include-si-vehiculele-inmatriculate-in-strainatate\/\" \/>\n<meta property=\"og:locale\" content=\"en_GB\" \/>\n<meta property=\"og:type\" content=\"article\" \/>\n<meta property=\"og:title\" content=\"Ma\u0219inile abandonate din Sectorul 1, scoase la licita\u021bie de prim\u0103rie. Noul regulament include \u0219i vehiculele \u00eenmatriculate \u00een str\u0103in\u0103tate\" \/>\n<meta property=\"og:description\" content=\"Nou regulament pentru rable \u00een Sectorul 1, \u00een dezbatere \u015fi la vot \u00een \u015fedin\u0163a de Consiliu Local. Vor urma licita\u0163ii.\" \/>\n<meta property=\"og:url\" content=\"https:\/\/buletin.de\/bucuresti\/masinile-abandonate-din-sectorul-1-scoase-la-licitatie-de-primarie-noul-regulament-include-si-vehiculele-inmatriculate-in-strainatate\/\" \/>\n<meta property=\"og:site_name\" content=\"Buletin de Bucure\u0219ti\" \/>\n<meta property=\"article:publisher\" content=\"https:\/\/www.facebook.com\/buletin.de.buc\" \/>\n<meta property=\"article:published_time\" content=\"2025-03-25T02:59:00+00:00\" \/>\n<meta property=\"article:modified_time\" content=\"2025-03-27T13:03:32+00:00\" \/>\n<meta property=\"og:image\" content=\"https:\/\/buletin.de\/bucuresti\/wp-content\/uploads\/rable-2-2.jpeg\" \/>\n\t<meta property=\"og:image:width\" content=\"1048\" \/>\n\t<meta property=\"og:image:height\" content=\"1082\" \/>\n\t<meta property=\"og:image:type\" content=\"image\/jpeg\" \/>\n<meta name=\"author\" content=\"C\u0103t\u0103lin Dosca\u0219\" \/>\n<meta name=\"twitter:card\" content=\"summary_large_image\" \/>\n<meta name=\"twitter:label1\" content=\"Written by\" \/>\n\t<meta name=\"twitter:data1\" content=\"C\u0103t\u0103lin Dosca\u0219\" \/>\n\t<meta name=\"twitter:label2\" content=\"Estimated reading time\" \/>\n\t<meta name=\"twitter:data2\" content=\"2 minutes\" \/>\n<script type=\"application\/ld+json\" class=\"yoast-schema-graph\">{\"@context\":\"https:\\\/\\\/schema.org\",\"@graph\":[{\"@type\":\"Article\",\"@id\":\"https:\\\/\\\/buletin.de\\\/bucuresti\\\/masinile-abandonate-din-sectorul-1-scoase-la-licitatie-de-primarie-noul-regulament-include-si-vehiculele-inmatriculate-in-strainatate\\\/#article\",\"isPartOf\":{\"@id\":\"https:\\\/\\\/buletin.de\\\/bucuresti\\\/masinile-abandonate-din-sectorul-1-scoase-la-licitatie-de-primarie-noul-regulament-include-si-vehiculele-inmatriculate-in-strainatate\\\/\"},\"author\":{\"name\":\"C\u0103t\u0103lin Dosca\u0219\",\"@id\":\"https:\\\/\\\/buletin.de\\\/bucuresti\\\/#\\\/schema\\\/person\\\/31117187ed4d0bdb0a4c7d6acc79d0f8\"},\"headline\":\"Ma\u0219inile abandonate din Sectorul 1, scoase la licita\u021bie de prim\u0103rie. Noul regulament include \u0219i vehiculele \u00eenmatriculate \u00een str\u0103in\u0103tate\",\"datePublished\":\"2025-03-25T02:59:00+00:00\",\"dateModified\":\"2025-03-27T13:03:32+00:00\",\"mainEntityOfPage\":{\"@id\":\"https:\\\/\\\/buletin.de\\\/bucuresti\\\/masinile-abandonate-din-sectorul-1-scoase-la-licitatie-de-primarie-noul-regulament-include-si-vehiculele-inmatriculate-in-strainatate\\\/\"},\"wordCount\":397,\"publisher\":{\"@id\":\"https:\\\/\\\/buletin.de\\\/bucuresti\\\/#organization\"},\"image\":{\"@id\":\"https:\\\/\\\/buletin.de\\\/bucuresti\\\/masinile-abandonate-din-sectorul-1-scoase-la-licitatie-de-primarie-noul-regulament-include-si-vehiculele-inmatriculate-in-strainatate\\\/#primaryimage\"},\"thumbnailUrl\":\"https:\\\/\\\/buletin.de\\\/bucuresti\\\/wp-content\\\/uploads\\\/rable-2-2.jpeg\",\"keywords\":[\"licitatie\",\"primarie\",\"proiect\",\"rable\",\"ridicare\",\"Sector 1\"],\"articleSection\":[\"Articole\",\"Main\",\"Prim\u0103rie\",\"Transport\"],\"inLanguage\":\"en-GB\",\"copyrightYear\":\"2025\",\"copyrightHolder\":{\"@id\":\"https:\\\/\\\/buletin.de\\\/bucuresti\\\/#organization\"}},{\"@type\":\"WebPage\",\"@id\":\"https:\\\/\\\/buletin.de\\\/bucuresti\\\/masinile-abandonate-din-sectorul-1-scoase-la-licitatie-de-primarie-noul-regulament-include-si-vehiculele-inmatriculate-in-strainatate\\\/\",\"url\":\"https:\\\/\\\/buletin.de\\\/bucuresti\\\/masinile-abandonate-din-sectorul-1-scoase-la-licitatie-de-primarie-noul-regulament-include-si-vehiculele-inmatriculate-in-strainatate\\\/\",\"name\":\"Ma\u0219inile abandonate din Sectorul 1, scoase la licita\u021bie de prim\u0103rie. Noul regulament include \u0219i vehiculele \u00eenmatriculate \u00een str\u0103in\u0103tate - Buletin de Bucure\u0219ti\",\"isPartOf\":{\"@id\":\"https:\\\/\\\/buletin.de\\\/bucuresti\\\/#website\"},\"primaryImageOfPage\":{\"@id\":\"https:\\\/\\\/buletin.de\\\/bucuresti\\\/masinile-abandonate-din-sectorul-1-scoase-la-licitatie-de-primarie-noul-regulament-include-si-vehiculele-inmatriculate-in-strainatate\\\/#primaryimage\"},\"image\":{\"@id\":\"https:\\\/\\\/buletin.de\\\/bucuresti\\\/masinile-abandonate-din-sectorul-1-scoase-la-licitatie-de-primarie-noul-regulament-include-si-vehiculele-inmatriculate-in-strainatate\\\/#primaryimage\"},\"thumbnailUrl\":\"https:\\\/\\\/buletin.de\\\/bucuresti\\\/wp-content\\\/uploads\\\/rable-2-2.jpeg\",\"datePublished\":\"2025-03-25T02:59:00+00:00\",\"dateModified\":\"2025-03-27T13:03:32+00:00\",\"description\":\"Nou regulament pentru rable \u00een Sectorul 1, \u00een dezbatere \u015fi la vot \u00een \u015fedin\u0163a de Consiliu Local. Vor urma licita\u0163ii.\",\"breadcrumb\":{\"@id\":\"https:\\\/\\\/buletin.de\\\/bucuresti\\\/masinile-abandonate-din-sectorul-1-scoase-la-licitatie-de-primarie-noul-regulament-include-si-vehiculele-inmatriculate-in-strainatate\\\/#breadcrumb\"},\"inLanguage\":\"en-GB\",\"potentialAction\":[{\"@type\":\"ReadAction\",\"target\":[\"https:\\\/\\\/buletin.de\\\/bucuresti\\\/masinile-abandonate-din-sectorul-1-scoase-la-licitatie-de-primarie-noul-regulament-include-si-vehiculele-inmatriculate-in-strainatate\\\/\"]}]},{\"@type\":\"ImageObject\",\"inLanguage\":\"en-GB\",\"@id\":\"https:\\\/\\\/buletin.de\\\/bucuresti\\\/masinile-abandonate-din-sectorul-1-scoase-la-licitatie-de-primarie-noul-regulament-include-si-vehiculele-inmatriculate-in-strainatate\\\/#primaryimage\",\"url\":\"https:\\\/\\\/buletin.de\\\/bucuresti\\\/wp-content\\\/uploads\\\/rable-2-2.jpeg\",\"contentUrl\":\"https:\\\/\\\/buletin.de\\\/bucuresti\\\/wp-content\\\/uploads\\\/rable-2-2.jpeg\",\"width\":1048,\"height\":1082,\"caption\":\"Ma\u0219inile abandonate din Sectorul 1, scoase la licita\u021bie de prim\u0103rie.\"},{\"@type\":\"BreadcrumbList\",\"@id\":\"https:\\\/\\\/buletin.de\\\/bucuresti\\\/masinile-abandonate-din-sectorul-1-scoase-la-licitatie-de-primarie-noul-regulament-include-si-vehiculele-inmatriculate-in-strainatate\\\/#breadcrumb\",\"itemListElement\":[{\"@type\":\"ListItem\",\"position\":1,\"name\":\"Acas\u0103\",\"item\":\"https:\\\/\\\/buletin.de\\\/bucuresti\\\/\"},{\"@type\":\"ListItem\",\"position\":2,\"name\":\"Ma\u0219inile abandonate din Sectorul 1, scoase la licita\u021bie de prim\u0103rie. Noul regulament include \u0219i vehiculele \u00eenmatriculate \u00een str\u0103in\u0103tate\"}]},{\"@type\":\"WebSite\",\"@id\":\"https:\\\/\\\/buletin.de\\\/bucuresti\\\/#website\",\"url\":\"https:\\\/\\\/buletin.de\\\/bucuresti\\\/\",\"name\":\"Buletin de Bucure\u0219ti\",\"description\":\"\u0218tiri \u0219i investiga\u021bii esen\u021biale din capital\u0103\",\"publisher\":{\"@id\":\"https:\\\/\\\/buletin.de\\\/bucuresti\\\/#organization\"},\"potentialAction\":[{\"@type\":\"SearchAction\",\"target\":{\"@type\":\"EntryPoint\",\"urlTemplate\":\"https:\\\/\\\/buletin.de\\\/bucuresti\\\/?s={search_term_string}\"},\"query-input\":{\"@type\":\"PropertyValueSpecification\",\"valueRequired\":true,\"valueName\":\"search_term_string\"}}],\"inLanguage\":\"en-GB\"},{\"@type\":\"Organization\",\"@id\":\"https:\\\/\\\/buletin.de\\\/bucuresti\\\/#organization\",\"name\":\"Buletin de Bucure\u0219ti\",\"url\":\"https:\\\/\\\/buletin.de\\\/bucuresti\\\/\",\"logo\":{\"@type\":\"ImageObject\",\"inLanguage\":\"en-GB\",\"@id\":\"https:\\\/\\\/buletin.de\\\/bucuresti\\\/#\\\/schema\\\/logo\\\/image\\\/\",\"url\":\"https:\\\/\\\/buletin.de\\\/bucuresti\\\/wp-content\\\/uploads\\\/logo-bdb-full-wide-vernil-transparent.png\",\"contentUrl\":\"https:\\\/\\\/buletin.de\\\/bucuresti\\\/wp-content\\\/uploads\\\/logo-bdb-full-wide-vernil-transparent.png\",\"width\":1782,\"height\":626,\"caption\":\"Buletin de Bucure\u0219ti\"},\"image\":{\"@id\":\"https:\\\/\\\/buletin.de\\\/bucuresti\\\/#\\\/schema\\\/logo\\\/image\\\/\"},\"sameAs\":[\"https:\\\/\\\/www.facebook.com\\\/buletin.de.buc\",\"https:\\\/\\\/www.instagram.com\\\/buletinde.bucuresti\\\/\"]},{\"@type\":\"Person\",\"@id\":\"https:\\\/\\\/buletin.de\\\/bucuresti\\\/#\\\/schema\\\/person\\\/31117187ed4d0bdb0a4c7d6acc79d0f8\",\"name\":\"C\u0103t\u0103lin Dosca\u0219\",\"image\":{\"@type\":\"ImageObject\",\"inLanguage\":\"en-GB\",\"@id\":\"https:\\\/\\\/buletin.de\\\/bucuresti\\\/wp-content\\\/uploads\\\/Catalin-Doscas-e1732731064764-96x96.jpga93e2943bb3b1c1f9ead823df6e6317a\",\"url\":\"https:\\\/\\\/buletin.de\\\/bucuresti\\\/wp-content\\\/uploads\\\/Catalin-Doscas-e1732731064764-96x96.jpg\",\"contentUrl\":\"https:\\\/\\\/buletin.de\\\/bucuresti\\\/wp-content\\\/uploads\\\/Catalin-Doscas-e1732731064764-96x96.jpg\",\"caption\":\"C\u0103t\u0103lin Dosca\u0219\"},\"description\":\"Reporter \u0219i redactor-\u0219ef Buletin de Bucure\u0219ti. Lucreaz\u0103 \u00een mass-media de la v\u00e2rsta de 15 ani, c\u00e2nd a publicat primele articole \u00een presa local\u0103 din Tecuci. \u00cen Bucure\u0219ti a lucrat \u00een redac\u021bii radio ca reporter, redactor \u0219i prezentator (StudentFM, Na\u021bionalFM, Radio Total, Smart FM), unde a acoperit domeniile politic, economic, social \u0219i externe. Ulterior, a fost editor-coordonator al postului Realitatea FM. Experien\u021ba \u00een jurnalismul online a dob\u00e2ndit-o la portalul B365.ro, unde a fost editor. \u00cen 2012 s-a angajat \u00een televiziune. La Realitatea TV a fost, pe r\u00e2nd, reporter la sec\u021bia Social, reporter special la emisiunea de reportaje \u0219i anchete \u201eReporterii Realit\u0103\u021bii\u201d, dar \u0219i editor al jurnalelor de \u0219tiri. Ulterior, a f\u0103cut parte din sec\u021bia de Investiga\u021bii de la Digi24 \u0219i a lucrat la campania \u201eRom\u00e2nia furat\u0103\u201d. A revenit \u00een presa scris\u0103 \u00een 2017, ca reporter special, \u00een cadrul unui proiect de repozi\u021bionare a tabloidului Libertatea \u00een cotidian generalist. Este jurnalist Buletin de Bucure\u0219ti din 2019.\",\"url\":\"https:\\\/\\\/buletin.de\\\/bucuresti\\\/author\\\/catalin\\\/\"}]}<\/script>\n<!-- \/ Yoast SEO Premium plugin. -->","yoast_head_json":{"title":"Ma\u0219inile abandonate din Sectorul 1, scoase la licita\u021bie de prim\u0103rie. Noul regulament include \u0219i vehiculele \u00eenmatriculate \u00een str\u0103in\u0103tate - Buletin de Bucure\u0219ti","description":"Nou regulament pentru rable \u00een Sectorul 1, \u00een dezbatere \u015fi la vot \u00een \u015fedin\u0163a de Consiliu Local. Vor urma licita\u0163ii.","robots":{"index":"index","follow":"follow","max-snippet":"max-snippet:-1","max-image-preview":"max-image-preview:large","max-video-preview":"max-video-preview:-1"},"canonical":"https:\/\/buletin.de\/bucuresti\/masinile-abandonate-din-sectorul-1-scoase-la-licitatie-de-primarie-noul-regulament-include-si-vehiculele-inmatriculate-in-strainatate\/","og_locale":"en_GB","og_type":"article","og_title":"Ma\u0219inile abandonate din Sectorul 1, scoase la licita\u021bie de prim\u0103rie. Noul regulament include \u0219i vehiculele \u00eenmatriculate \u00een str\u0103in\u0103tate","og_description":"Nou regulament pentru rable \u00een Sectorul 1, \u00een dezbatere \u015fi la vot \u00een \u015fedin\u0163a de Consiliu Local. Vor urma licita\u0163ii.","og_url":"https:\/\/buletin.de\/bucuresti\/masinile-abandonate-din-sectorul-1-scoase-la-licitatie-de-primarie-noul-regulament-include-si-vehiculele-inmatriculate-in-strainatate\/","og_site_name":"Buletin de Bucure\u0219ti","article_publisher":"https:\/\/www.facebook.com\/buletin.de.buc","article_published_time":"2025-03-25T02:59:00+00:00","article_modified_time":"2025-03-27T13:03:32+00:00","og_image":[{"width":1048,"height":1082,"url":"https:\/\/buletin.de\/bucuresti\/wp-content\/uploads\/rable-2-2.jpeg","type":"image\/jpeg"}],"author":"C\u0103t\u0103lin Dosca\u0219","twitter_card":"summary_large_image","twitter_misc":{"Written by":"C\u0103t\u0103lin Dosca\u0219","Estimated reading time":"2 minutes"},"schema":{"@context":"https:\/\/schema.org","@graph":[{"@type":"Article","@id":"https:\/\/buletin.de\/bucuresti\/masinile-abandonate-din-sectorul-1-scoase-la-licitatie-de-primarie-noul-regulament-include-si-vehiculele-inmatriculate-in-strainatate\/#article","isPartOf":{"@id":"https:\/\/buletin.de\/bucuresti\/masinile-abandonate-din-sectorul-1-scoase-la-licitatie-de-primarie-noul-regulament-include-si-vehiculele-inmatriculate-in-strainatate\/"},"author":{"name":"C\u0103t\u0103lin Dosca\u0219","@id":"https:\/\/buletin.de\/bucuresti\/#\/schema\/person\/31117187ed4d0bdb0a4c7d6acc79d0f8"},"headline":"Ma\u0219inile abandonate din Sectorul 1, scoase la licita\u021bie de prim\u0103rie. Noul regulament include \u0219i vehiculele \u00eenmatriculate \u00een str\u0103in\u0103tate","datePublished":"2025-03-25T02:59:00+00:00","dateModified":"2025-03-27T13:03:32+00:00","mainEntityOfPage":{"@id":"https:\/\/buletin.de\/bucuresti\/masinile-abandonate-din-sectorul-1-scoase-la-licitatie-de-primarie-noul-regulament-include-si-vehiculele-inmatriculate-in-strainatate\/"},"wordCount":397,"publisher":{"@id":"https:\/\/buletin.de\/bucuresti\/#organization"},"image":{"@id":"https:\/\/buletin.de\/bucuresti\/masinile-abandonate-din-sectorul-1-scoase-la-licitatie-de-primarie-noul-regulament-include-si-vehiculele-inmatriculate-in-strainatate\/#primaryimage"},"thumbnailUrl":"https:\/\/buletin.de\/bucuresti\/wp-content\/uploads\/rable-2-2.jpeg","keywords":["licitatie","primarie","proiect","rable","ridicare","Sector 1"],"articleSection":["Articole","Main","Prim\u0103rie","Transport"],"inLanguage":"en-GB","copyrightYear":"2025","copyrightHolder":{"@id":"https:\/\/buletin.de\/bucuresti\/#organization"}},{"@type":"WebPage","@id":"https:\/\/buletin.de\/bucuresti\/masinile-abandonate-din-sectorul-1-scoase-la-licitatie-de-primarie-noul-regulament-include-si-vehiculele-inmatriculate-in-strainatate\/","url":"https:\/\/buletin.de\/bucuresti\/masinile-abandonate-din-sectorul-1-scoase-la-licitatie-de-primarie-noul-regulament-include-si-vehiculele-inmatriculate-in-strainatate\/","name":"Ma\u0219inile abandonate din Sectorul 1, scoase la licita\u021bie de prim\u0103rie. Noul regulament include \u0219i vehiculele \u00eenmatriculate \u00een str\u0103in\u0103tate - Buletin de Bucure\u0219ti","isPartOf":{"@id":"https:\/\/buletin.de\/bucuresti\/#website"},"primaryImageOfPage":{"@id":"https:\/\/buletin.de\/bucuresti\/masinile-abandonate-din-sectorul-1-scoase-la-licitatie-de-primarie-noul-regulament-include-si-vehiculele-inmatriculate-in-strainatate\/#primaryimage"},"image":{"@id":"https:\/\/buletin.de\/bucuresti\/masinile-abandonate-din-sectorul-1-scoase-la-licitatie-de-primarie-noul-regulament-include-si-vehiculele-inmatriculate-in-strainatate\/#primaryimage"},"thumbnailUrl":"https:\/\/buletin.de\/bucuresti\/wp-content\/uploads\/rable-2-2.jpeg","datePublished":"2025-03-25T02:59:00+00:00","dateModified":"2025-03-27T13:03:32+00:00","description":"Nou regulament pentru rable \u00een Sectorul 1, \u00een dezbatere \u015fi la vot \u00een \u015fedin\u0163a de Consiliu Local. Vor urma licita\u0163ii.","breadcrumb":{"@id":"https:\/\/buletin.de\/bucuresti\/masinile-abandonate-din-sectorul-1-scoase-la-licitatie-de-primarie-noul-regulament-include-si-vehiculele-inmatriculate-in-strainatate\/#breadcrumb"},"inLanguage":"en-GB","potentialAction":[{"@type":"ReadAction","target":["https:\/\/buletin.de\/bucuresti\/masinile-abandonate-din-sectorul-1-scoase-la-licitatie-de-primarie-noul-regulament-include-si-vehiculele-inmatriculate-in-strainatate\/"]}]},{"@type":"ImageObject","inLanguage":"en-GB","@id":"https:\/\/buletin.de\/bucuresti\/masinile-abandonate-din-sectorul-1-scoase-la-licitatie-de-primarie-noul-regulament-include-si-vehiculele-inmatriculate-in-strainatate\/#primaryimage","url":"https:\/\/buletin.de\/bucuresti\/wp-content\/uploads\/rable-2-2.jpeg","contentUrl":"https:\/\/buletin.de\/bucuresti\/wp-content\/uploads\/rable-2-2.jpeg","width":1048,"height":1082,"caption":"Ma\u0219inile abandonate din Sectorul 1, scoase la licita\u021bie de prim\u0103rie."},{"@type":"BreadcrumbList","@id":"https:\/\/buletin.de\/bucuresti\/masinile-abandonate-din-sectorul-1-scoase-la-licitatie-de-primarie-noul-regulament-include-si-vehiculele-inmatriculate-in-strainatate\/#breadcrumb","itemListElement":[{"@type":"ListItem","position":1,"name":"Acas\u0103","item":"https:\/\/buletin.de\/bucuresti\/"},{"@type":"ListItem","position":2,"name":"Ma\u0219inile abandonate din Sectorul 1, scoase la licita\u021bie de prim\u0103rie. Noul regulament include \u0219i vehiculele \u00eenmatriculate \u00een str\u0103in\u0103tate"}]},{"@type":"WebSite","@id":"https:\/\/buletin.de\/bucuresti\/#website","url":"https:\/\/buletin.de\/bucuresti\/","name":"Buletin de Bucure\u0219ti","description":"\u0218tiri \u0219i investiga\u021bii esen\u021biale din capital\u0103","publisher":{"@id":"https:\/\/buletin.de\/bucuresti\/#organization"},"potentialAction":[{"@type":"SearchAction","target":{"@type":"EntryPoint","urlTemplate":"https:\/\/buletin.de\/bucuresti\/?s={search_term_string}"},"query-input":{"@type":"PropertyValueSpecification","valueRequired":true,"valueName":"search_term_string"}}],"inLanguage":"en-GB"},{"@type":"Organization","@id":"https:\/\/buletin.de\/bucuresti\/#organization","name":"Buletin de Bucure\u0219ti","url":"https:\/\/buletin.de\/bucuresti\/","logo":{"@type":"ImageObject","inLanguage":"en-GB","@id":"https:\/\/buletin.de\/bucuresti\/#\/schema\/logo\/image\/","url":"https:\/\/buletin.de\/bucuresti\/wp-content\/uploads\/logo-bdb-full-wide-vernil-transparent.png","contentUrl":"https:\/\/buletin.de\/bucuresti\/wp-content\/uploads\/logo-bdb-full-wide-vernil-transparent.png","width":1782,"height":626,"caption":"Buletin de Bucure\u0219ti"},"image":{"@id":"https:\/\/buletin.de\/bucuresti\/#\/schema\/logo\/image\/"},"sameAs":["https:\/\/www.facebook.com\/buletin.de.buc","https:\/\/www.instagram.com\/buletinde.bucuresti\/"]},{"@type":"Person","@id":"https:\/\/buletin.de\/bucuresti\/#\/schema\/person\/31117187ed4d0bdb0a4c7d6acc79d0f8","name":"C\u0103t\u0103lin Dosca\u0219","image":{"@type":"ImageObject","inLanguage":"en-GB","@id":"https:\/\/buletin.de\/bucuresti\/wp-content\/uploads\/Catalin-Doscas-e1732731064764-96x96.jpga93e2943bb3b1c1f9ead823df6e6317a","url":"https:\/\/buletin.de\/bucuresti\/wp-content\/uploads\/Catalin-Doscas-e1732731064764-96x96.jpg","contentUrl":"https:\/\/buletin.de\/bucuresti\/wp-content\/uploads\/Catalin-Doscas-e1732731064764-96x96.jpg","caption":"C\u0103t\u0103lin Dosca\u0219"},"description":"Reporter \u0219i redactor-\u0219ef Buletin de Bucure\u0219ti. Lucreaz\u0103 \u00een mass-media de la v\u00e2rsta de 15 ani, c\u00e2nd a publicat primele articole \u00een presa local\u0103 din Tecuci. \u00cen Bucure\u0219ti a lucrat \u00een redac\u021bii radio ca reporter, redactor \u0219i prezentator (StudentFM, Na\u021bionalFM, Radio Total, Smart FM), unde a acoperit domeniile politic, economic, social \u0219i externe. Ulterior, a fost editor-coordonator al postului Realitatea FM. Experien\u021ba \u00een jurnalismul online a dob\u00e2ndit-o la portalul B365.ro, unde a fost editor. \u00cen 2012 s-a angajat \u00een televiziune. La Realitatea TV a fost, pe r\u00e2nd, reporter la sec\u021bia Social, reporter special la emisiunea de reportaje \u0219i anchete \u201eReporterii Realit\u0103\u021bii\u201d, dar \u0219i editor al jurnalelor de \u0219tiri. Ulterior, a f\u0103cut parte din sec\u021bia de Investiga\u021bii de la Digi24 \u0219i a lucrat la campania \u201eRom\u00e2nia furat\u0103\u201d. A revenit \u00een presa scris\u0103 \u00een 2017, ca reporter special, \u00een cadrul unui proiect de repozi\u021bionare a tabloidului Libertatea \u00een cotidian generalist. Este jurnalist Buletin de Bucure\u0219ti din 2019.","url":"https:\/\/buletin.de\/bucuresti\/author\/catalin\/"}]}},"authors":[{"term_id":22575,"user_id":10,"is_guest":0,"slug":"catalin","display_name":"C\u0103t\u0103lin Dosca\u0219","avatar_url":"https:\/\/buletin.de\/bucuresti\/wp-content\/uploads\/Catalin-Doscas-e1732731064764-96x96.jpg","0":null,"1":"","2":"","3":"","4":"","5":"","6":"","7":"","8":""}],"_links":{"self":[{"href":"https:\/\/buletin.de\/bucuresti\/wp-json\/wp\/v2\/posts\/123892","targetHints":{"allow":["GET"]}}],"collection":[{"href":"https:\/\/buletin.de\/bucuresti\/wp-json\/wp\/v2\/posts"}],"about":[{"href":"https:\/\/buletin.de\/bucuresti\/wp-json\/wp\/v2\/types\/post"}],"author":[{"embeddable":true,"href":"https:\/\/buletin.de\/bucuresti\/wp-json\/wp\/v2\/users\/10"}],"replies":[{"embeddable":true,"href":"https:\/\/buletin.de\/bucuresti\/wp-json\/wp\/v2\/comments?post=123892"}],"version-history":[{"count":4,"href":"https:\/\/buletin.de\/bucuresti\/wp-json\/wp\/v2\/posts\/123892\/revisions"}],"predecessor-version":[{"id":124283,"href":"https:\/\/buletin.de\/bucuresti\/wp-json\/wp\/v2\/posts\/123892\/revisions\/124283"}],"wp:featuredmedia":[{"embeddable":true,"href":"https:\/\/buletin.de\/bucuresti\/wp-json\/wp\/v2\/media\/77601"}],"wp:attachment":[{"href":"https:\/\/buletin.de\/bucuresti\/wp-json\/wp\/v2\/media?parent=123892"}],"wp:term":[{"taxonomy":"category","embeddable":true,"href":"https:\/\/buletin.de\/bucuresti\/wp-json\/wp\/v2\/categories?post=123892"},{"taxonomy":"post_tag","embeddable":true,"href":"https:\/\/buletin.de\/bucuresti\/wp-json\/wp\/v2\/tags?post=123892"},{"taxonomy":"author","embeddable":true,"href":"https:\/\/buletin.de\/bucuresti\/wp-json\/wp\/v2\/ppma_author?post=123892"}],"curies":[{"name":"wp","href":"https:\/\/api.w.org\/{rel}","templated":true}]}}