{"id":123843,"date":"2025-03-24T13:01:25","date_gmt":"2025-03-24T10:01:25","guid":{"rendered":"https:\/\/buletin.de\/bucuresti\/?p=123843"},"modified":"2025-03-24T13:01:26","modified_gmt":"2025-03-24T10:01:26","slug":"ultimul-pas-pana-cand-se-va-permite-accesul-animalelor-de-companie-in-primaria-generala-si-in-institutii-subordonate-lista-exceptiilor","status":"publish","type":"post","link":"https:\/\/buletin.de\/bucuresti\/ultimul-pas-pana-cand-se-va-permite-accesul-animalelor-de-companie-in-primaria-generala-si-in-institutii-subordonate-lista-exceptiilor\/","title":{"rendered":"Ultimul pas p\u00e2n\u0103 c\u00e2nd se va permite accesul animalelor de companie \u00een Prim\u0103ria General\u0103 \u015fi \u00een institu\u0163ii subordonate. Lista excep\u0163iilor"},"content":{"rendered":"\n<p><strong>Accesul animalelor de companie \u00een sediul Prim\u0103riei Generale \u015fi \u00een institu\u0163iile subordonate acesteia se va face dac\u0103 un proiect \u00een acest sens va fi votat de consilierii generali \u00een \u015fedin\u0163a din data de 27 martie. Proiectul, ini\u0163iat de Autoritatea pentru Supravegherea \u015fi Protec\u0163ia Animalelor (ASPA) a fost bine primit de societatea civil\u0103, atunci c\u00e2nd a fost pus \u00een dezbatere public\u0103.<\/strong><\/p>\n\n\n\n<p>Proprietarii de animale vor putea intra \u00een majoritatea institu\u0163iilor din subordinea autorit\u0103\u0163ii locale, dar sunt \u015fi c\u00e2teva excep\u0163ii:<\/p>\n\n\n\n<ul class=\"wp-block-list\">\n<li>spitale<\/li>\n\n\n\n<li>muzee<\/li>\n\n\n\n<li>s\u0103li de spectacol \u015fi de teatru<\/li>\n\n\n\n<li>Gr\u0103dina Zoologic\u0103<\/li>\n<\/ul>\n\n\n\n<p>Regulamentul vizeaz\u0103 c\u00e2inii \u015fi pisicile indiferent de talie \u015fi de ras\u0103, \u00eens\u0103 proprietarii vor trebui s\u0103 respecte o serie de reguli. Printre ele, conform proiectului, sunt:<\/p>\n\n\n\n<ul class=\"wp-block-list\">\n<li>Controlul permanent al comportamentului animalului<\/li>\n\n\n\n<li>Colectarea \u015fi eliminarea corespunz\u0103toare a de\u015feurilor produse de animale<\/li>\n\n\n\n<li>Repararea oric\u0103ror daune produse de animale asupra bunurilor institu\u021biei<\/li>\n<\/ul>\n\n\n\n<p>Animalele vor trebui \u00eenso\u0163ite, \u00eentotdeauna, de un adult.<\/p>\n\n\n\n<p>Potrivit documentului citat, \u201ela intrarea \u00een sediul Prim\u0103riei Municipiului Bucure\u015fti \u015fi \u00een sediile institu\u0163iilor<br>publice de interes local men\u0163ionate va fi afi\u015fat, \u00eentr-un Ioc vizibil, un anun\u0163 care informeaz\u0103 publicul c\u0103 accesul cu animale de companie, respectiv c\u00e2ini \u015fi pisici, este permis. Regulamentul de acces va fi afi\u015fat \u00een interiorul institu\u0163iilor \u015fi va fi disponibil \u015fi online, pe site-urile institu\u0163iilor publice\u201d.<\/p>\n\n\n\n<p><strong>Accesul animalelor de companie \u00een institu\u0163ii publice<\/strong>. Fiecare institu\u0163ie va desemna cel pu\u0163in un angajat responsabil de \u00eenregistrarea incidentelor \u00eentr-un registru \u015fi de gestionarea acestora, care va decide m\u0103surile necesare, \u00een func\u0163ie de gravitatea incidentelor.<\/p>\n\n\n\n<p>Proprietarii de animale care nu respect\u0103 regulamentele vor primi de la avertismente verbale p\u00e2n\u0103 la interdic\u0163ia de a mai intra \u00een institu\u0163ie \u00eenso\u0163i\u0163i de animalul de companie. De\u0163in\u0103torii de animale care produc daune materiale sau fizice vor r\u0103spunde legal.<\/p>\n\n\n\n<p>\u201eAccesul cu animale de companie \u00een institu\u0163iile publice este o practic\u0103 frecvent\u0103 la nivel interna\u0163ional, fiind parte dintr-o abordare modern\u0103 \u015fi flexibil\u0103 a rela\u0163iilor cu cet\u0103\u0163enii. Acest proiect de hot\u0103r\u00e2re reflect\u0103 dorin\u0163a Prim\u0103riei Municipiului Bucure\u015fti de a se alinia cu aceste tendin\u0163e \u015fi de a oferi un cadru legal \u015fi organizatoric pentru a facilita accesul \u00een siguran\u0163\u0103 cu animale de companie \u00een institu\u0163iile de interes local\u201d, se arat\u0103 \u00een <a href=\"https:\/\/doc.pmb.ro\/consiliu\/sedinte\/547\/oz\/12561.pdf\">proiectul <\/a>ini\u0163iat de ASPA.<\/p>\n\n\n\n<p><strong>CITE\u015eTE \u015eI:<\/strong> <a href=\"https:\/\/buletin.de\/bucuresti\/primaria-capitalei-pregateste-un-proiect-care-va-da-liber-la-intrat-in-institutii-publice-cu-animalele-de-companie\/\">Prim\u0103ria Capitalei preg\u0103te\u015fte un proiect care va da liber la intrat \u00een institu\u0163ii publice cu animalele de companie<\/a><br><\/p>\n\n\n\n<p><br><\/p>\n","protected":false},"excerpt":{"rendered":"<p>Accesul animalelor de companie \u00een sediul Prim\u0103riei Generale \u015fi \u00een institu\u0163iile subordonate acesteia se va face dac\u0103 un proiect \u00een acest sens va fi votat de consilierii generali \u00een \u015fedin\u0163a din data de 27 martie. Proiectul, ini\u0163iat de Autoritatea pentru Supravegherea \u015fi Protec\u0163ia Animalelor (ASPA) a fost bine primit de societatea civil\u0103, atunci c\u00e2nd a [&hellip;]<\/p>\n","protected":false},"author":8,"featured_media":123847,"comment_status":"closed","ping_status":"open","sticky":false,"template":"","format":"standard","meta":{"_acf_changed":false,"inline_featured_image":false,"ngg_post_thumbnail":0,"footnotes":""},"categories":[6994,5762,24],"tags":[20049,20048,20050,148,104,20051],"ppma_author":[22586],"class_list":["post-123843","post","type-post","status-publish","format-standard","has-post-thumbnail","hentry","category-stiri-2","category-main","category-primarie","tag-animale-institutii","tag-animale-pmb","tag-caini-pisici","tag-cgmb","tag-pmb","tag-proiect-acces-animale-institutii-bucuresti"],"acf":[],"yoast_head":"<!-- This site is optimized with the Yoast SEO Premium plugin v25.3 (Yoast SEO v27.4) - https:\/\/yoast.com\/product\/yoast-seo-premium-wordpress\/ -->\n<title>Ultimul pas p\u00e2n\u0103 c\u00e2nd se va permite accesul animalelor de companie \u00een Prim\u0103ria General\u0103 \u015fi \u00een institu\u0163ii subordonate. Lista excep\u0163iilor - Buletin de Bucure\u0219ti<\/title>\n<meta name=\"description\" content=\"Accesul animalelor de companie \u00een sediul Prim\u0103riei Generale \u015fi \u00een institu\u0163iile subordonate \u015fi lista excep\u0163iilor.\" \/>\n<meta name=\"robots\" content=\"index, follow, max-snippet:-1, max-image-preview:large, max-video-preview:-1\" \/>\n<link rel=\"canonical\" href=\"https:\/\/buletin.de\/bucuresti\/ultimul-pas-pana-cand-se-va-permite-accesul-animalelor-de-companie-in-primaria-generala-si-in-institutii-subordonate-lista-exceptiilor\/\" \/>\n<meta property=\"og:locale\" content=\"en_GB\" \/>\n<meta property=\"og:type\" content=\"article\" \/>\n<meta property=\"og:title\" content=\"Ultimul pas p\u00e2n\u0103 c\u00e2nd se va permite accesul animalelor de companie \u00een Prim\u0103ria General\u0103 \u015fi \u00een institu\u0163ii subordonate. Lista excep\u0163iilor\" \/>\n<meta property=\"og:description\" content=\"Accesul animalelor de companie \u00een sediul Prim\u0103riei Generale \u015fi \u00een institu\u0163iile subordonate \u015fi lista excep\u0163iilor.\" \/>\n<meta property=\"og:url\" content=\"https:\/\/buletin.de\/bucuresti\/ultimul-pas-pana-cand-se-va-permite-accesul-animalelor-de-companie-in-primaria-generala-si-in-institutii-subordonate-lista-exceptiilor\/\" \/>\n<meta property=\"og:site_name\" content=\"Buletin de Bucure\u0219ti\" \/>\n<meta property=\"article:publisher\" content=\"https:\/\/www.facebook.com\/buletin.de.buc\" \/>\n<meta property=\"article:published_time\" content=\"2025-03-24T10:01:25+00:00\" \/>\n<meta property=\"article:modified_time\" content=\"2025-03-24T10:01:26+00:00\" \/>\n<meta property=\"og:image\" content=\"https:\/\/buletin.de\/bucuresti\/wp-content\/uploads\/2025\/03\/caine-ps1-fb.png\" \/>\n\t<meta property=\"og:image:width\" content=\"837\" \/>\n\t<meta property=\"og:image:height\" content=\"678\" \/>\n\t<meta property=\"og:image:type\" content=\"image\/png\" \/>\n<meta name=\"author\" content=\"Ionu\u021b Lepa\" \/>\n<meta name=\"twitter:card\" content=\"summary_large_image\" \/>\n<meta name=\"twitter:label1\" content=\"Written by\" \/>\n\t<meta name=\"twitter:data1\" content=\"Ionu\u021b Lepa\" \/>\n\t<meta name=\"twitter:label2\" content=\"Estimated reading time\" \/>\n\t<meta name=\"twitter:data2\" content=\"2 minutes\" \/>\n<script type=\"application\/ld+json\" class=\"yoast-schema-graph\">{\"@context\":\"https:\\\/\\\/schema.org\",\"@graph\":[{\"@type\":\"Article\",\"@id\":\"https:\\\/\\\/buletin.de\\\/bucuresti\\\/ultimul-pas-pana-cand-se-va-permite-accesul-animalelor-de-companie-in-primaria-generala-si-in-institutii-subordonate-lista-exceptiilor\\\/#article\",\"isPartOf\":{\"@id\":\"https:\\\/\\\/buletin.de\\\/bucuresti\\\/ultimul-pas-pana-cand-se-va-permite-accesul-animalelor-de-companie-in-primaria-generala-si-in-institutii-subordonate-lista-exceptiilor\\\/\"},\"author\":{\"name\":\"Ionu\u021b Lepa\",\"@id\":\"https:\\\/\\\/buletin.de\\\/bucuresti\\\/#\\\/schema\\\/person\\\/5272b8a057b33890940b57b837fc4ce6\"},\"headline\":\"Ultimul pas p\u00e2n\u0103 c\u00e2nd se va permite accesul animalelor de companie \u00een Prim\u0103ria General\u0103 \u015fi \u00een institu\u0163ii subordonate. Lista excep\u0163iilor\",\"datePublished\":\"2025-03-24T10:01:25+00:00\",\"dateModified\":\"2025-03-24T10:01:26+00:00\",\"mainEntityOfPage\":{\"@id\":\"https:\\\/\\\/buletin.de\\\/bucuresti\\\/ultimul-pas-pana-cand-se-va-permite-accesul-animalelor-de-companie-in-primaria-generala-si-in-institutii-subordonate-lista-exceptiilor\\\/\"},\"wordCount\":453,\"publisher\":{\"@id\":\"https:\\\/\\\/buletin.de\\\/bucuresti\\\/#organization\"},\"image\":{\"@id\":\"https:\\\/\\\/buletin.de\\\/bucuresti\\\/ultimul-pas-pana-cand-se-va-permite-accesul-animalelor-de-companie-in-primaria-generala-si-in-institutii-subordonate-lista-exceptiilor\\\/#primaryimage\"},\"thumbnailUrl\":\"https:\\\/\\\/buletin.de\\\/bucuresti\\\/wp-content\\\/uploads\\\/2025\\\/03\\\/caine-ps1-fb.png\",\"keywords\":[\"animale institutii\",\"animale pmb\",\"caini pisici\",\"cgmb\",\"pmb\",\"proiect acces animale institutii bucuresti\"],\"articleSection\":[\"Articole\",\"Main\",\"Prim\u0103rie\"],\"inLanguage\":\"en-GB\",\"copyrightYear\":\"2025\",\"copyrightHolder\":{\"@id\":\"https:\\\/\\\/buletin.de\\\/bucuresti\\\/#organization\"}},{\"@type\":\"WebPage\",\"@id\":\"https:\\\/\\\/buletin.de\\\/bucuresti\\\/ultimul-pas-pana-cand-se-va-permite-accesul-animalelor-de-companie-in-primaria-generala-si-in-institutii-subordonate-lista-exceptiilor\\\/\",\"url\":\"https:\\\/\\\/buletin.de\\\/bucuresti\\\/ultimul-pas-pana-cand-se-va-permite-accesul-animalelor-de-companie-in-primaria-generala-si-in-institutii-subordonate-lista-exceptiilor\\\/\",\"name\":\"Ultimul pas p\u00e2n\u0103 c\u00e2nd se va permite accesul animalelor de companie \u00een Prim\u0103ria General\u0103 \u015fi \u00een institu\u0163ii subordonate. Lista excep\u0163iilor - Buletin de Bucure\u0219ti\",\"isPartOf\":{\"@id\":\"https:\\\/\\\/buletin.de\\\/bucuresti\\\/#website\"},\"primaryImageOfPage\":{\"@id\":\"https:\\\/\\\/buletin.de\\\/bucuresti\\\/ultimul-pas-pana-cand-se-va-permite-accesul-animalelor-de-companie-in-primaria-generala-si-in-institutii-subordonate-lista-exceptiilor\\\/#primaryimage\"},\"image\":{\"@id\":\"https:\\\/\\\/buletin.de\\\/bucuresti\\\/ultimul-pas-pana-cand-se-va-permite-accesul-animalelor-de-companie-in-primaria-generala-si-in-institutii-subordonate-lista-exceptiilor\\\/#primaryimage\"},\"thumbnailUrl\":\"https:\\\/\\\/buletin.de\\\/bucuresti\\\/wp-content\\\/uploads\\\/2025\\\/03\\\/caine-ps1-fb.png\",\"datePublished\":\"2025-03-24T10:01:25+00:00\",\"dateModified\":\"2025-03-24T10:01:26+00:00\",\"description\":\"Accesul animalelor de companie \u00een sediul Prim\u0103riei Generale \u015fi \u00een institu\u0163iile subordonate \u015fi lista excep\u0163iilor.\",\"breadcrumb\":{\"@id\":\"https:\\\/\\\/buletin.de\\\/bucuresti\\\/ultimul-pas-pana-cand-se-va-permite-accesul-animalelor-de-companie-in-primaria-generala-si-in-institutii-subordonate-lista-exceptiilor\\\/#breadcrumb\"},\"inLanguage\":\"en-GB\",\"potentialAction\":[{\"@type\":\"ReadAction\",\"target\":[\"https:\\\/\\\/buletin.de\\\/bucuresti\\\/ultimul-pas-pana-cand-se-va-permite-accesul-animalelor-de-companie-in-primaria-generala-si-in-institutii-subordonate-lista-exceptiilor\\\/\"]}]},{\"@type\":\"ImageObject\",\"inLanguage\":\"en-GB\",\"@id\":\"https:\\\/\\\/buletin.de\\\/bucuresti\\\/ultimul-pas-pana-cand-se-va-permite-accesul-animalelor-de-companie-in-primaria-generala-si-in-institutii-subordonate-lista-exceptiilor\\\/#primaryimage\",\"url\":\"https:\\\/\\\/buletin.de\\\/bucuresti\\\/wp-content\\\/uploads\\\/2025\\\/03\\\/caine-ps1-fb.png\",\"contentUrl\":\"https:\\\/\\\/buletin.de\\\/bucuresti\\\/wp-content\\\/uploads\\\/2025\\\/03\\\/caine-ps1-fb.png\",\"width\":837,\"height\":678,\"caption\":\"Accesul animalelor de companie \u00een institu\u0163ii publice. FOTO: PS1, Facebook\"},{\"@type\":\"BreadcrumbList\",\"@id\":\"https:\\\/\\\/buletin.de\\\/bucuresti\\\/ultimul-pas-pana-cand-se-va-permite-accesul-animalelor-de-companie-in-primaria-generala-si-in-institutii-subordonate-lista-exceptiilor\\\/#breadcrumb\",\"itemListElement\":[{\"@type\":\"ListItem\",\"position\":1,\"name\":\"Acas\u0103\",\"item\":\"https:\\\/\\\/buletin.de\\\/bucuresti\\\/\"},{\"@type\":\"ListItem\",\"position\":2,\"name\":\"Ultimul pas p\u00e2n\u0103 c\u00e2nd se va permite accesul animalelor de companie \u00een Prim\u0103ria General\u0103 \u015fi \u00een institu\u0163ii subordonate. Lista excep\u0163iilor\"}]},{\"@type\":\"WebSite\",\"@id\":\"https:\\\/\\\/buletin.de\\\/bucuresti\\\/#website\",\"url\":\"https:\\\/\\\/buletin.de\\\/bucuresti\\\/\",\"name\":\"Buletin de Bucure\u0219ti\",\"description\":\"\u0218tiri \u0219i investiga\u021bii esen\u021biale din capital\u0103\",\"publisher\":{\"@id\":\"https:\\\/\\\/buletin.de\\\/bucuresti\\\/#organization\"},\"potentialAction\":[{\"@type\":\"SearchAction\",\"target\":{\"@type\":\"EntryPoint\",\"urlTemplate\":\"https:\\\/\\\/buletin.de\\\/bucuresti\\\/?s={search_term_string}\"},\"query-input\":{\"@type\":\"PropertyValueSpecification\",\"valueRequired\":true,\"valueName\":\"search_term_string\"}}],\"inLanguage\":\"en-GB\"},{\"@type\":\"Organization\",\"@id\":\"https:\\\/\\\/buletin.de\\\/bucuresti\\\/#organization\",\"name\":\"Buletin de Bucure\u0219ti\",\"url\":\"https:\\\/\\\/buletin.de\\\/bucuresti\\\/\",\"logo\":{\"@type\":\"ImageObject\",\"inLanguage\":\"en-GB\",\"@id\":\"https:\\\/\\\/buletin.de\\\/bucuresti\\\/#\\\/schema\\\/logo\\\/image\\\/\",\"url\":\"https:\\\/\\\/buletin.de\\\/bucuresti\\\/wp-content\\\/uploads\\\/logo-bdb-full-wide-vernil-transparent.png\",\"contentUrl\":\"https:\\\/\\\/buletin.de\\\/bucuresti\\\/wp-content\\\/uploads\\\/logo-bdb-full-wide-vernil-transparent.png\",\"width\":1782,\"height\":626,\"caption\":\"Buletin de Bucure\u0219ti\"},\"image\":{\"@id\":\"https:\\\/\\\/buletin.de\\\/bucuresti\\\/#\\\/schema\\\/logo\\\/image\\\/\"},\"sameAs\":[\"https:\\\/\\\/www.facebook.com\\\/buletin.de.buc\",\"https:\\\/\\\/www.instagram.com\\\/buletinde.bucuresti\\\/\"]},{\"@type\":\"Person\",\"@id\":\"https:\\\/\\\/buletin.de\\\/bucuresti\\\/#\\\/schema\\\/person\\\/5272b8a057b33890940b57b837fc4ce6\",\"name\":\"Ionu\u021b Lepa\",\"image\":{\"@type\":\"ImageObject\",\"inLanguage\":\"en-GB\",\"@id\":\"https:\\\/\\\/buletin.de\\\/bucuresti\\\/wp-content\\\/uploads\\\/Ionut-Lepa-96x96.jpg5c4e4d9e049808799a8821652d2410a4\",\"url\":\"https:\\\/\\\/buletin.de\\\/bucuresti\\\/wp-content\\\/uploads\\\/Ionut-Lepa-96x96.jpg\",\"contentUrl\":\"https:\\\/\\\/buletin.de\\\/bucuresti\\\/wp-content\\\/uploads\\\/Ionut-Lepa-96x96.jpg\",\"caption\":\"Ionu\u021b Lepa\"},\"url\":\"https:\\\/\\\/buletin.de\\\/bucuresti\\\/author\\\/ionutlepa\\\/\"}]}<\/script>\n<!-- \/ Yoast SEO Premium plugin. -->","yoast_head_json":{"title":"Ultimul pas p\u00e2n\u0103 c\u00e2nd se va permite accesul animalelor de companie \u00een Prim\u0103ria General\u0103 \u015fi \u00een institu\u0163ii subordonate. Lista excep\u0163iilor - Buletin de Bucure\u0219ti","description":"Accesul animalelor de companie \u00een sediul Prim\u0103riei Generale \u015fi \u00een institu\u0163iile subordonate \u015fi lista excep\u0163iilor.","robots":{"index":"index","follow":"follow","max-snippet":"max-snippet:-1","max-image-preview":"max-image-preview:large","max-video-preview":"max-video-preview:-1"},"canonical":"https:\/\/buletin.de\/bucuresti\/ultimul-pas-pana-cand-se-va-permite-accesul-animalelor-de-companie-in-primaria-generala-si-in-institutii-subordonate-lista-exceptiilor\/","og_locale":"en_GB","og_type":"article","og_title":"Ultimul pas p\u00e2n\u0103 c\u00e2nd se va permite accesul animalelor de companie \u00een Prim\u0103ria General\u0103 \u015fi \u00een institu\u0163ii subordonate. Lista excep\u0163iilor","og_description":"Accesul animalelor de companie \u00een sediul Prim\u0103riei Generale \u015fi \u00een institu\u0163iile subordonate \u015fi lista excep\u0163iilor.","og_url":"https:\/\/buletin.de\/bucuresti\/ultimul-pas-pana-cand-se-va-permite-accesul-animalelor-de-companie-in-primaria-generala-si-in-institutii-subordonate-lista-exceptiilor\/","og_site_name":"Buletin de Bucure\u0219ti","article_publisher":"https:\/\/www.facebook.com\/buletin.de.buc","article_published_time":"2025-03-24T10:01:25+00:00","article_modified_time":"2025-03-24T10:01:26+00:00","og_image":[{"width":837,"height":678,"url":"https:\/\/buletin.de\/bucuresti\/wp-content\/uploads\/2025\/03\/caine-ps1-fb.png","type":"image\/png"}],"author":"Ionu\u021b Lepa","twitter_card":"summary_large_image","twitter_misc":{"Written by":"Ionu\u021b Lepa","Estimated reading time":"2 minutes"},"schema":{"@context":"https:\/\/schema.org","@graph":[{"@type":"Article","@id":"https:\/\/buletin.de\/bucuresti\/ultimul-pas-pana-cand-se-va-permite-accesul-animalelor-de-companie-in-primaria-generala-si-in-institutii-subordonate-lista-exceptiilor\/#article","isPartOf":{"@id":"https:\/\/buletin.de\/bucuresti\/ultimul-pas-pana-cand-se-va-permite-accesul-animalelor-de-companie-in-primaria-generala-si-in-institutii-subordonate-lista-exceptiilor\/"},"author":{"name":"Ionu\u021b Lepa","@id":"https:\/\/buletin.de\/bucuresti\/#\/schema\/person\/5272b8a057b33890940b57b837fc4ce6"},"headline":"Ultimul pas p\u00e2n\u0103 c\u00e2nd se va permite accesul animalelor de companie \u00een Prim\u0103ria General\u0103 \u015fi \u00een institu\u0163ii subordonate. Lista excep\u0163iilor","datePublished":"2025-03-24T10:01:25+00:00","dateModified":"2025-03-24T10:01:26+00:00","mainEntityOfPage":{"@id":"https:\/\/buletin.de\/bucuresti\/ultimul-pas-pana-cand-se-va-permite-accesul-animalelor-de-companie-in-primaria-generala-si-in-institutii-subordonate-lista-exceptiilor\/"},"wordCount":453,"publisher":{"@id":"https:\/\/buletin.de\/bucuresti\/#organization"},"image":{"@id":"https:\/\/buletin.de\/bucuresti\/ultimul-pas-pana-cand-se-va-permite-accesul-animalelor-de-companie-in-primaria-generala-si-in-institutii-subordonate-lista-exceptiilor\/#primaryimage"},"thumbnailUrl":"https:\/\/buletin.de\/bucuresti\/wp-content\/uploads\/2025\/03\/caine-ps1-fb.png","keywords":["animale institutii","animale pmb","caini pisici","cgmb","pmb","proiect acces animale institutii bucuresti"],"articleSection":["Articole","Main","Prim\u0103rie"],"inLanguage":"en-GB","copyrightYear":"2025","copyrightHolder":{"@id":"https:\/\/buletin.de\/bucuresti\/#organization"}},{"@type":"WebPage","@id":"https:\/\/buletin.de\/bucuresti\/ultimul-pas-pana-cand-se-va-permite-accesul-animalelor-de-companie-in-primaria-generala-si-in-institutii-subordonate-lista-exceptiilor\/","url":"https:\/\/buletin.de\/bucuresti\/ultimul-pas-pana-cand-se-va-permite-accesul-animalelor-de-companie-in-primaria-generala-si-in-institutii-subordonate-lista-exceptiilor\/","name":"Ultimul pas p\u00e2n\u0103 c\u00e2nd se va permite accesul animalelor de companie \u00een Prim\u0103ria General\u0103 \u015fi \u00een institu\u0163ii subordonate. Lista excep\u0163iilor - Buletin de Bucure\u0219ti","isPartOf":{"@id":"https:\/\/buletin.de\/bucuresti\/#website"},"primaryImageOfPage":{"@id":"https:\/\/buletin.de\/bucuresti\/ultimul-pas-pana-cand-se-va-permite-accesul-animalelor-de-companie-in-primaria-generala-si-in-institutii-subordonate-lista-exceptiilor\/#primaryimage"},"image":{"@id":"https:\/\/buletin.de\/bucuresti\/ultimul-pas-pana-cand-se-va-permite-accesul-animalelor-de-companie-in-primaria-generala-si-in-institutii-subordonate-lista-exceptiilor\/#primaryimage"},"thumbnailUrl":"https:\/\/buletin.de\/bucuresti\/wp-content\/uploads\/2025\/03\/caine-ps1-fb.png","datePublished":"2025-03-24T10:01:25+00:00","dateModified":"2025-03-24T10:01:26+00:00","description":"Accesul animalelor de companie \u00een sediul Prim\u0103riei Generale \u015fi \u00een institu\u0163iile subordonate \u015fi lista excep\u0163iilor.","breadcrumb":{"@id":"https:\/\/buletin.de\/bucuresti\/ultimul-pas-pana-cand-se-va-permite-accesul-animalelor-de-companie-in-primaria-generala-si-in-institutii-subordonate-lista-exceptiilor\/#breadcrumb"},"inLanguage":"en-GB","potentialAction":[{"@type":"ReadAction","target":["https:\/\/buletin.de\/bucuresti\/ultimul-pas-pana-cand-se-va-permite-accesul-animalelor-de-companie-in-primaria-generala-si-in-institutii-subordonate-lista-exceptiilor\/"]}]},{"@type":"ImageObject","inLanguage":"en-GB","@id":"https:\/\/buletin.de\/bucuresti\/ultimul-pas-pana-cand-se-va-permite-accesul-animalelor-de-companie-in-primaria-generala-si-in-institutii-subordonate-lista-exceptiilor\/#primaryimage","url":"https:\/\/buletin.de\/bucuresti\/wp-content\/uploads\/2025\/03\/caine-ps1-fb.png","contentUrl":"https:\/\/buletin.de\/bucuresti\/wp-content\/uploads\/2025\/03\/caine-ps1-fb.png","width":837,"height":678,"caption":"Accesul animalelor de companie \u00een institu\u0163ii publice. FOTO: PS1, Facebook"},{"@type":"BreadcrumbList","@id":"https:\/\/buletin.de\/bucuresti\/ultimul-pas-pana-cand-se-va-permite-accesul-animalelor-de-companie-in-primaria-generala-si-in-institutii-subordonate-lista-exceptiilor\/#breadcrumb","itemListElement":[{"@type":"ListItem","position":1,"name":"Acas\u0103","item":"https:\/\/buletin.de\/bucuresti\/"},{"@type":"ListItem","position":2,"name":"Ultimul pas p\u00e2n\u0103 c\u00e2nd se va permite accesul animalelor de companie \u00een Prim\u0103ria General\u0103 \u015fi \u00een institu\u0163ii subordonate. Lista excep\u0163iilor"}]},{"@type":"WebSite","@id":"https:\/\/buletin.de\/bucuresti\/#website","url":"https:\/\/buletin.de\/bucuresti\/","name":"Buletin de Bucure\u0219ti","description":"\u0218tiri \u0219i investiga\u021bii esen\u021biale din capital\u0103","publisher":{"@id":"https:\/\/buletin.de\/bucuresti\/#organization"},"potentialAction":[{"@type":"SearchAction","target":{"@type":"EntryPoint","urlTemplate":"https:\/\/buletin.de\/bucuresti\/?s={search_term_string}"},"query-input":{"@type":"PropertyValueSpecification","valueRequired":true,"valueName":"search_term_string"}}],"inLanguage":"en-GB"},{"@type":"Organization","@id":"https:\/\/buletin.de\/bucuresti\/#organization","name":"Buletin de Bucure\u0219ti","url":"https:\/\/buletin.de\/bucuresti\/","logo":{"@type":"ImageObject","inLanguage":"en-GB","@id":"https:\/\/buletin.de\/bucuresti\/#\/schema\/logo\/image\/","url":"https:\/\/buletin.de\/bucuresti\/wp-content\/uploads\/logo-bdb-full-wide-vernil-transparent.png","contentUrl":"https:\/\/buletin.de\/bucuresti\/wp-content\/uploads\/logo-bdb-full-wide-vernil-transparent.png","width":1782,"height":626,"caption":"Buletin de Bucure\u0219ti"},"image":{"@id":"https:\/\/buletin.de\/bucuresti\/#\/schema\/logo\/image\/"},"sameAs":["https:\/\/www.facebook.com\/buletin.de.buc","https:\/\/www.instagram.com\/buletinde.bucuresti\/"]},{"@type":"Person","@id":"https:\/\/buletin.de\/bucuresti\/#\/schema\/person\/5272b8a057b33890940b57b837fc4ce6","name":"Ionu\u021b Lepa","image":{"@type":"ImageObject","inLanguage":"en-GB","@id":"https:\/\/buletin.de\/bucuresti\/wp-content\/uploads\/Ionut-Lepa-96x96.jpg5c4e4d9e049808799a8821652d2410a4","url":"https:\/\/buletin.de\/bucuresti\/wp-content\/uploads\/Ionut-Lepa-96x96.jpg","contentUrl":"https:\/\/buletin.de\/bucuresti\/wp-content\/uploads\/Ionut-Lepa-96x96.jpg","caption":"Ionu\u021b Lepa"},"url":"https:\/\/buletin.de\/bucuresti\/author\/ionutlepa\/"}]}},"authors":[{"term_id":22586,"user_id":8,"is_guest":0,"slug":"ionutlepa","display_name":"Ionu\u021b Lepa","avatar_url":"https:\/\/buletin.de\/bucuresti\/wp-content\/uploads\/Ionut-Lepa-96x96.jpg","0":null,"1":"","2":"","3":"","4":"","5":"","6":"","7":"","8":""}],"_links":{"self":[{"href":"https:\/\/buletin.de\/bucuresti\/wp-json\/wp\/v2\/posts\/123843","targetHints":{"allow":["GET"]}}],"collection":[{"href":"https:\/\/buletin.de\/bucuresti\/wp-json\/wp\/v2\/posts"}],"about":[{"href":"https:\/\/buletin.de\/bucuresti\/wp-json\/wp\/v2\/types\/post"}],"author":[{"embeddable":true,"href":"https:\/\/buletin.de\/bucuresti\/wp-json\/wp\/v2\/users\/8"}],"replies":[{"embeddable":true,"href":"https:\/\/buletin.de\/bucuresti\/wp-json\/wp\/v2\/comments?post=123843"}],"version-history":[{"count":1,"href":"https:\/\/buletin.de\/bucuresti\/wp-json\/wp\/v2\/posts\/123843\/revisions"}],"predecessor-version":[{"id":123857,"href":"https:\/\/buletin.de\/bucuresti\/wp-json\/wp\/v2\/posts\/123843\/revisions\/123857"}],"wp:featuredmedia":[{"embeddable":true,"href":"https:\/\/buletin.de\/bucuresti\/wp-json\/wp\/v2\/media\/123847"}],"wp:attachment":[{"href":"https:\/\/buletin.de\/bucuresti\/wp-json\/wp\/v2\/media?parent=123843"}],"wp:term":[{"taxonomy":"category","embeddable":true,"href":"https:\/\/buletin.de\/bucuresti\/wp-json\/wp\/v2\/categories?post=123843"},{"taxonomy":"post_tag","embeddable":true,"href":"https:\/\/buletin.de\/bucuresti\/wp-json\/wp\/v2\/tags?post=123843"},{"taxonomy":"author","embeddable":true,"href":"https:\/\/buletin.de\/bucuresti\/wp-json\/wp\/v2\/ppma_author?post=123843"}],"curies":[{"name":"wp","href":"https:\/\/api.w.org\/{rel}","templated":true}]}}