{"id":123720,"date":"2025-03-23T11:18:45","date_gmt":"2025-03-23T08:18:45","guid":{"rendered":"https:\/\/buletin.de\/bucuresti\/?p=123720"},"modified":"2025-03-23T11:24:37","modified_gmt":"2025-03-23T08:24:37","slug":"peste-13-000-de-persoane-au-vizitat-gradinile-si-salile-palatului-cotroceni-vineri-si-sambata","status":"publish","type":"post","link":"https:\/\/buletin.de\/bucuresti\/peste-13-000-de-persoane-au-vizitat-gradinile-si-salile-palatului-cotroceni-vineri-si-sambata\/","title":{"rendered":"Peste 13.000 de persoane au vizitat gr\u0103dinile \u0219i s\u0103lile Palatului Cotroceni, vineri \u0219i s\u00e2mb\u0103t\u0103"},"content":{"rendered":"\n<p><strong>Peste 13.000 de persoane au vizitat gr\u0103dinile, cur\u021bile \u0219i s\u0103lile Palatului Cotroceni, \u00een primele dou\u0103 zile de la deschiderea oficial\u0103 a acestora pentru public, a anun\u021bat Administra\u021bia Preziden\u021bial\u0103.<\/strong><\/p>\n\n\n\n<p>\u201eVineri \u0219i s\u00e2mb\u0103t\u0103, peste 13.000 de persoane au vizitat gr\u0103dinile, cur\u021bile \u0219i s\u0103lile oficiale ale Palatului Cotroceni. Momentul schimb\u0103rii de gard\u0103 \u0219i demonstra\u021biile militarilor Brig\u0103zii 30 Gard\u0103 \u00abMihai Viteazul\u00bb au fost apreciate de cei prezen\u021bi, al\u0103turi de activit\u0103\u021bile desf\u0103\u0219urate de Poli\u021bia Rom\u00e2n\u0103\u201d, <a href=\"https:\/\/www.facebook.com\/share\/p\/16FbJrtjvD\/\" target=\"_blank\" rel=\"noreferrer noopener\">transmite<\/a> Administra\u021bia Preziden\u021bial\u0103.<\/p>\n\n\n\n<p>\u201eNe bucur\u0103m c\u0103 at\u00e2t de mul\u021bi vizitatori au ales s\u0103 descopere Palatul Cotroceni. Duminic\u0103, por\u021bile r\u0103m\u00e2n deschise \u2013 v\u0103 a\u0219tept\u0103m!\u201d, se mai arat\u0103 \u00een mesaj.<\/p>\n\n\n\n<p><strong>Administra\u021bia Preziden\u021bial\u0103 a organizat, \u00eencep\u00e2nd de vineri, evenimentul \u201ePor\u021bi Deschise la Palatul Cotroceni\u201d, \u00een cadrul c\u0103ruia mai multe zone din incinta Complexului \u201ePalat Cotroceni\u201d pot fi vizitate \u00een regim de gratuitate. <\/strong><\/p>\n\n\n\n<p>\u00cen zilele de vineri, s\u00e2mb\u0103t\u0103 \u0219i duminic\u0103, vor fi deschise Platoul de Ceremonii, gr\u0103dina Palatului Cotroceni \u2013 aflat\u0103 pe latura nordic\u0103 a complexului, Platoul Baroc, Biserica Palatului Cotroceni, cur\u021bile interioare adiacente cl\u0103dirilor Administra\u021biei Preziden\u021biale \u0219i Muzeului Na\u021bional Cotroceni.<\/p>\n\n\n\n<iframe src=\"https:\/\/www.facebook.com\/plugins\/post.php?href=https%3A%2F%2Fwww.facebook.com%2FAdministratiaPrezidentialaRO%2Fposts%2Fpfbid03kemt2kyPVXWCHg9jQtrd5RWcPpAACnRDfen4M2HFNvxiZTSqYMvXwtUYD3BuVLRl&#038;show_text=true&#038;width=500\" width=\"500\" height=\"748\" style=\"border:none;overflow:hidden\" scrolling=\"no\" frameborder=\"0\" allowfullscreen=\"true\" allow=\"autoplay; clipboard-write; encrypted-media; picture-in-picture; web-share\"><\/iframe>\n\n\n\n<div class=\"wp-block-buttons is-content-justification-center is-layout-flex wp-container-core-buttons-is-layout-16018d1d wp-block-buttons-is-layout-flex\">\n<div class=\"wp-block-button has-custom-width wp-block-button__width-100\"><a class=\"wp-block-button__link wp-element-button\" href=\"https:\/\/www.patreon.com\/BuletinDeBucuresti\"><strong>Sus\u021bine Buletin de Bucure\u0219ti pentru investiga\u021bii, reportaje \u0219i \u0219tiri Locale<\/strong><\/a><\/div>\n<\/div>\n\n\n\n<p><strong>CITE\u0218TE \u0218I: <a href=\"https:\/\/buletin.de\/bucuresti\/autostrada-bucuresti-unul-dintre-cei-mai-bogati-primari-din-ilfov-nu-este-multumit-cu-despagubiri-de-300-000-de-euro-pentru-familia-sa-gheorghe-pistol-pnl-da-in-judecata-ministerul-transporturilo\/\" target=\"_blank\" rel=\"noreferrer noopener\">Autostrada Bucure\u0219ti | Unul dintre cei mai boga\u021bi primari din Ilfov nu este mul\u021bumit cu desp\u0103gubiri de 300.000 de euro pentru familia sa. Gheorghe Pistol (PNL) d\u0103 \u00een judecat\u0103 Ministerul Transporturilor<\/a><br><\/strong><\/p>\n\n\n\n<h2 class=\"wp-block-heading\" id=\"h-ora-pamantului-in-salile-palatului-cotroceni\">Ora P\u0103m\u00e2ntului, \u00een s\u0103lile Palatului Cotroceni<\/h2>\n\n\n\n<p><strong>Administra\u021bia Preziden\u021bial\u0103 a mai anun\u021bat c\u0103 s-a al\u0103turat ini\u021biativei Ora P\u0103m\u00e2ntului. S\u00e2mb\u0103t\u0103, 22 martie 2025, \u00eentre orele 20:30 \u0219i 21:30, luminile de la Palatul Cotroceni au fost stinse simbolic, pentru a atrage aten\u021bia asupra necesit\u0103\u021bii protej\u0103rii mediului \u00eenconjur\u0103tor.<\/strong><\/p>\n\n\n\n<p>\u201eAnul acesta, Ora P\u0103m\u00e2ntului a coincis cu Ziua Mondial\u0103 a Apei, un prilej \u00een plus s\u0103 reflect\u0103m la importan\u021ba resurselor naturale, \u00een special a apei. Aceasta este esen\u021bial\u0103 pentru s\u0103n\u0103tate, agricultur\u0103 \u0219i producerea unei energii sustenabile.<\/p>\n\n\n\n<p>Protejarea planetei \u00eencepe cu gesturi simple: reducerea risipei de ap\u0103 \u0219i energie poate avea un impact real. Fiecare dintre noi poate contribui la un viitor mai sustenabil!\u201d, a comunicat Administra\u021bia Preziden\u021bial\u0103.<\/p>\n\n\n\n<p><strong>CITE\u0218TE \u0218I: <a href=\"https:\/\/buletin.de\/bucuresti\/presedintele-icr-a-calatorit-de-60-de-ori-in-doar-2-ani\/\" target=\"_blank\" rel=\"noreferrer noopener\">Mai tare dec\u00e2t Iohannis | Pre\u0219edintele ICR a c\u0103l\u0103torit de 60 de ori \u00een doar 2 ani. A f\u0103cut \u0219i c\u00e2te 4 deplas\u0103ri pe lun\u0103, pe banii institu\u021biei<\/a><\/strong><br><\/p>\n","protected":false},"excerpt":{"rendered":"<p>Peste 13.000 de persoane au vizitat gr\u0103dinile, cur\u021bile \u0219i s\u0103lile Palatului Cotroceni, \u00een primele dou\u0103 zile de la deschiderea oficial\u0103 a acestora pentru public, a anun\u021bat Administra\u021bia Preziden\u021bial\u0103. \u201eVineri \u0219i s\u00e2mb\u0103t\u0103, peste 13.000 de persoane au vizitat gr\u0103dinile, cur\u021bile \u0219i s\u0103lile oficiale ale Palatului Cotroceni. Momentul schimb\u0103rii de gard\u0103 \u0219i demonstra\u021biile militarilor Brig\u0103zii 30 Gard\u0103 [&hellip;]<\/p>\n","protected":false},"author":1,"featured_media":123721,"comment_status":"closed","ping_status":"open","sticky":false,"template":"","format":"standard","meta":{"_acf_changed":false,"inline_featured_image":false,"ngg_post_thumbnail":0,"footnotes":""},"categories":[6994,9026,62],"tags":[70,16057,19518,19843],"ppma_author":[22583],"class_list":["post-123720","post","type-post","status-publish","format-standard","has-post-thumbnail","hentry","category-stiri-2","category-eveniment","category-stiri","tag-cotroceni","tag-palatul-cotroceni","tag-palatul-cotroceni-vizita","tag-porti-deschise-cotroceni"],"acf":[],"yoast_head":"<!-- This site is optimized with the Yoast SEO Premium plugin v25.3 (Yoast SEO v27.4) - https:\/\/yoast.com\/product\/yoast-seo-premium-wordpress\/ -->\n<title>Peste 13.000 de persoane au vizitat gr\u0103dinile \u0219i s\u0103lile Palatului Cotroceni, vineri \u0219i s\u00e2mb\u0103t\u0103 - Buletin de Bucure\u0219ti<\/title>\n<meta name=\"description\" content=\"Peste 13.000 de persoane au vizitat gr\u0103dinile, cur\u021bile \u0219i s\u0103lile Palatului Cotroceni, \u00een primele dou\u0103 zile de la deschiderea oficial\u0103.\" \/>\n<meta name=\"robots\" content=\"index, follow, max-snippet:-1, max-image-preview:large, max-video-preview:-1\" \/>\n<link rel=\"canonical\" href=\"https:\/\/buletin.de\/bucuresti\/peste-13-000-de-persoane-au-vizitat-gradinile-si-salile-palatului-cotroceni-vineri-si-sambata\/\" \/>\n<meta property=\"og:locale\" content=\"en_GB\" \/>\n<meta property=\"og:type\" content=\"article\" \/>\n<meta property=\"og:title\" content=\"Peste 13.000 de persoane au vizitat gr\u0103dinile \u0219i s\u0103lile Palatului Cotroceni, vineri \u0219i s\u00e2mb\u0103t\u0103\" \/>\n<meta property=\"og:description\" content=\"Peste 13.000 de persoane au vizitat gr\u0103dinile, cur\u021bile \u0219i s\u0103lile Palatului Cotroceni, \u00een primele dou\u0103 zile de la deschiderea oficial\u0103.\" \/>\n<meta property=\"og:url\" content=\"https:\/\/buletin.de\/bucuresti\/peste-13-000-de-persoane-au-vizitat-gradinile-si-salile-palatului-cotroceni-vineri-si-sambata\/\" \/>\n<meta property=\"og:site_name\" content=\"Buletin de Bucure\u0219ti\" \/>\n<meta property=\"article:publisher\" content=\"https:\/\/www.facebook.com\/buletin.de.buc\" \/>\n<meta property=\"article:published_time\" content=\"2025-03-23T08:18:45+00:00\" \/>\n<meta property=\"article:modified_time\" content=\"2025-03-23T08:24:37+00:00\" \/>\n<meta property=\"og:image\" content=\"https:\/\/buletin.de\/bucuresti\/wp-content\/uploads\/2025\/03\/cotroceni-1000x658.jpg\" \/>\n\t<meta property=\"og:image:width\" content=\"1000\" \/>\n\t<meta property=\"og:image:height\" content=\"658\" \/>\n\t<meta property=\"og:image:type\" content=\"image\/jpeg\" \/>\n<meta name=\"author\" content=\"Redac\u021bia Buletin de Bucure\u0219ti\" \/>\n<meta name=\"twitter:card\" content=\"summary_large_image\" \/>\n<meta name=\"twitter:label1\" content=\"Written by\" \/>\n\t<meta name=\"twitter:data1\" content=\"Redac\u021bia Buletin de Bucure\u0219ti\" \/>\n\t<meta name=\"twitter:label2\" content=\"Estimated reading time\" \/>\n\t<meta name=\"twitter:data2\" content=\"2 minutes\" \/>\n<script type=\"application\/ld+json\" class=\"yoast-schema-graph\">{\"@context\":\"https:\\\/\\\/schema.org\",\"@graph\":[{\"@type\":\"Article\",\"@id\":\"https:\\\/\\\/buletin.de\\\/bucuresti\\\/peste-13-000-de-persoane-au-vizitat-gradinile-si-salile-palatului-cotroceni-vineri-si-sambata\\\/#article\",\"isPartOf\":{\"@id\":\"https:\\\/\\\/buletin.de\\\/bucuresti\\\/peste-13-000-de-persoane-au-vizitat-gradinile-si-salile-palatului-cotroceni-vineri-si-sambata\\\/\"},\"author\":{\"name\":\"Redac\u021bia Buletin de Bucure\u0219ti\",\"@id\":\"https:\\\/\\\/buletin.de\\\/bucuresti\\\/#\\\/schema\\\/person\\\/2bbcf854e5f2419a13804af574d06ab1\"},\"headline\":\"Peste 13.000 de persoane au vizitat gr\u0103dinile \u0219i s\u0103lile Palatului Cotroceni, vineri \u0219i s\u00e2mb\u0103t\u0103\",\"datePublished\":\"2025-03-23T08:18:45+00:00\",\"dateModified\":\"2025-03-23T08:24:37+00:00\",\"mainEntityOfPage\":{\"@id\":\"https:\\\/\\\/buletin.de\\\/bucuresti\\\/peste-13-000-de-persoane-au-vizitat-gradinile-si-salile-palatului-cotroceni-vineri-si-sambata\\\/\"},\"wordCount\":438,\"publisher\":{\"@id\":\"https:\\\/\\\/buletin.de\\\/bucuresti\\\/#organization\"},\"image\":{\"@id\":\"https:\\\/\\\/buletin.de\\\/bucuresti\\\/peste-13-000-de-persoane-au-vizitat-gradinile-si-salile-palatului-cotroceni-vineri-si-sambata\\\/#primaryimage\"},\"thumbnailUrl\":\"https:\\\/\\\/buletin.de\\\/bucuresti\\\/wp-content\\\/uploads\\\/2025\\\/03\\\/cotroceni.jpg\",\"keywords\":[\"cotroceni\",\"Palatul Cotroceni\",\"palatul cotroceni vizita\",\"porti deschise cotroceni\"],\"articleSection\":[\"Articole\",\"Eveniment\",\"\u0218tiri\"],\"inLanguage\":\"en-GB\",\"copyrightYear\":\"2025\",\"copyrightHolder\":{\"@id\":\"https:\\\/\\\/buletin.de\\\/bucuresti\\\/#organization\"}},{\"@type\":\"WebPage\",\"@id\":\"https:\\\/\\\/buletin.de\\\/bucuresti\\\/peste-13-000-de-persoane-au-vizitat-gradinile-si-salile-palatului-cotroceni-vineri-si-sambata\\\/\",\"url\":\"https:\\\/\\\/buletin.de\\\/bucuresti\\\/peste-13-000-de-persoane-au-vizitat-gradinile-si-salile-palatului-cotroceni-vineri-si-sambata\\\/\",\"name\":\"Peste 13.000 de persoane au vizitat gr\u0103dinile \u0219i s\u0103lile Palatului Cotroceni, vineri \u0219i s\u00e2mb\u0103t\u0103 - Buletin de Bucure\u0219ti\",\"isPartOf\":{\"@id\":\"https:\\\/\\\/buletin.de\\\/bucuresti\\\/#website\"},\"primaryImageOfPage\":{\"@id\":\"https:\\\/\\\/buletin.de\\\/bucuresti\\\/peste-13-000-de-persoane-au-vizitat-gradinile-si-salile-palatului-cotroceni-vineri-si-sambata\\\/#primaryimage\"},\"image\":{\"@id\":\"https:\\\/\\\/buletin.de\\\/bucuresti\\\/peste-13-000-de-persoane-au-vizitat-gradinile-si-salile-palatului-cotroceni-vineri-si-sambata\\\/#primaryimage\"},\"thumbnailUrl\":\"https:\\\/\\\/buletin.de\\\/bucuresti\\\/wp-content\\\/uploads\\\/2025\\\/03\\\/cotroceni.jpg\",\"datePublished\":\"2025-03-23T08:18:45+00:00\",\"dateModified\":\"2025-03-23T08:24:37+00:00\",\"description\":\"Peste 13.000 de persoane au vizitat gr\u0103dinile, cur\u021bile \u0219i s\u0103lile Palatului Cotroceni, \u00een primele dou\u0103 zile de la deschiderea oficial\u0103.\",\"breadcrumb\":{\"@id\":\"https:\\\/\\\/buletin.de\\\/bucuresti\\\/peste-13-000-de-persoane-au-vizitat-gradinile-si-salile-palatului-cotroceni-vineri-si-sambata\\\/#breadcrumb\"},\"inLanguage\":\"en-GB\",\"potentialAction\":[{\"@type\":\"ReadAction\",\"target\":[\"https:\\\/\\\/buletin.de\\\/bucuresti\\\/peste-13-000-de-persoane-au-vizitat-gradinile-si-salile-palatului-cotroceni-vineri-si-sambata\\\/\"]}]},{\"@type\":\"ImageObject\",\"inLanguage\":\"en-GB\",\"@id\":\"https:\\\/\\\/buletin.de\\\/bucuresti\\\/peste-13-000-de-persoane-au-vizitat-gradinile-si-salile-palatului-cotroceni-vineri-si-sambata\\\/#primaryimage\",\"url\":\"https:\\\/\\\/buletin.de\\\/bucuresti\\\/wp-content\\\/uploads\\\/2025\\\/03\\\/cotroceni.jpg\",\"contentUrl\":\"https:\\\/\\\/buletin.de\\\/bucuresti\\\/wp-content\\\/uploads\\\/2025\\\/03\\\/cotroceni.jpg\",\"width\":2000,\"height\":1316,\"caption\":\"S\u0103lile Palatului Cotroceni pot fi vizitate la liber. Foto Administra\u021bia Preziden\u021bial\u0103\"},{\"@type\":\"BreadcrumbList\",\"@id\":\"https:\\\/\\\/buletin.de\\\/bucuresti\\\/peste-13-000-de-persoane-au-vizitat-gradinile-si-salile-palatului-cotroceni-vineri-si-sambata\\\/#breadcrumb\",\"itemListElement\":[{\"@type\":\"ListItem\",\"position\":1,\"name\":\"Acas\u0103\",\"item\":\"https:\\\/\\\/buletin.de\\\/bucuresti\\\/\"},{\"@type\":\"ListItem\",\"position\":2,\"name\":\"Peste 13.000 de persoane au vizitat gr\u0103dinile \u0219i s\u0103lile Palatului Cotroceni, vineri \u0219i s\u00e2mb\u0103t\u0103\"}]},{\"@type\":\"WebSite\",\"@id\":\"https:\\\/\\\/buletin.de\\\/bucuresti\\\/#website\",\"url\":\"https:\\\/\\\/buletin.de\\\/bucuresti\\\/\",\"name\":\"Buletin de Bucure\u0219ti\",\"description\":\"\u0218tiri \u0219i investiga\u021bii esen\u021biale din capital\u0103\",\"publisher\":{\"@id\":\"https:\\\/\\\/buletin.de\\\/bucuresti\\\/#organization\"},\"potentialAction\":[{\"@type\":\"SearchAction\",\"target\":{\"@type\":\"EntryPoint\",\"urlTemplate\":\"https:\\\/\\\/buletin.de\\\/bucuresti\\\/?s={search_term_string}\"},\"query-input\":{\"@type\":\"PropertyValueSpecification\",\"valueRequired\":true,\"valueName\":\"search_term_string\"}}],\"inLanguage\":\"en-GB\"},{\"@type\":\"Organization\",\"@id\":\"https:\\\/\\\/buletin.de\\\/bucuresti\\\/#organization\",\"name\":\"Buletin de Bucure\u0219ti\",\"url\":\"https:\\\/\\\/buletin.de\\\/bucuresti\\\/\",\"logo\":{\"@type\":\"ImageObject\",\"inLanguage\":\"en-GB\",\"@id\":\"https:\\\/\\\/buletin.de\\\/bucuresti\\\/#\\\/schema\\\/logo\\\/image\\\/\",\"url\":\"https:\\\/\\\/buletin.de\\\/bucuresti\\\/wp-content\\\/uploads\\\/logo-bdb-full-wide-vernil-transparent.png\",\"contentUrl\":\"https:\\\/\\\/buletin.de\\\/bucuresti\\\/wp-content\\\/uploads\\\/logo-bdb-full-wide-vernil-transparent.png\",\"width\":1782,\"height\":626,\"caption\":\"Buletin de Bucure\u0219ti\"},\"image\":{\"@id\":\"https:\\\/\\\/buletin.de\\\/bucuresti\\\/#\\\/schema\\\/logo\\\/image\\\/\"},\"sameAs\":[\"https:\\\/\\\/www.facebook.com\\\/buletin.de.buc\",\"https:\\\/\\\/www.instagram.com\\\/buletinde.bucuresti\\\/\"]},{\"@type\":\"Person\",\"@id\":\"https:\\\/\\\/buletin.de\\\/bucuresti\\\/#\\\/schema\\\/person\\\/2bbcf854e5f2419a13804af574d06ab1\",\"name\":\"Redac\u021bia Buletin de Bucure\u0219ti\",\"image\":{\"@type\":\"ImageObject\",\"inLanguage\":\"en-GB\",\"@id\":\"https:\\\/\\\/secure.gravatar.com\\\/avatar\\\/18c5342381ed1a08620e6280424e3e5efc958618f5d67c522c9e44c1bc6f9226?s=96&d=monsterid&r=g60c7cd0ad92c68c049fcd4bb3504d609\",\"url\":\"https:\\\/\\\/secure.gravatar.com\\\/avatar\\\/18c5342381ed1a08620e6280424e3e5efc958618f5d67c522c9e44c1bc6f9226?s=96&d=monsterid&r=g\",\"contentUrl\":\"https:\\\/\\\/secure.gravatar.com\\\/avatar\\\/18c5342381ed1a08620e6280424e3e5efc958618f5d67c522c9e44c1bc6f9226?s=96&d=monsterid&r=g\",\"caption\":\"Redac\u021bia Buletin de Bucure\u0219ti\"},\"description\":\"Buletin de Bucure\u0219ti exist\u0103 din vara anului 2019.\",\"url\":\"https:\\\/\\\/buletin.de\\\/bucuresti\\\/author\\\/adminbuletin\\\/\"}]}<\/script>\n<!-- \/ Yoast SEO Premium plugin. -->","yoast_head_json":{"title":"Peste 13.000 de persoane au vizitat gr\u0103dinile \u0219i s\u0103lile Palatului Cotroceni, vineri \u0219i s\u00e2mb\u0103t\u0103 - Buletin de Bucure\u0219ti","description":"Peste 13.000 de persoane au vizitat gr\u0103dinile, cur\u021bile \u0219i s\u0103lile Palatului Cotroceni, \u00een primele dou\u0103 zile de la deschiderea oficial\u0103.","robots":{"index":"index","follow":"follow","max-snippet":"max-snippet:-1","max-image-preview":"max-image-preview:large","max-video-preview":"max-video-preview:-1"},"canonical":"https:\/\/buletin.de\/bucuresti\/peste-13-000-de-persoane-au-vizitat-gradinile-si-salile-palatului-cotroceni-vineri-si-sambata\/","og_locale":"en_GB","og_type":"article","og_title":"Peste 13.000 de persoane au vizitat gr\u0103dinile \u0219i s\u0103lile Palatului Cotroceni, vineri \u0219i s\u00e2mb\u0103t\u0103","og_description":"Peste 13.000 de persoane au vizitat gr\u0103dinile, cur\u021bile \u0219i s\u0103lile Palatului Cotroceni, \u00een primele dou\u0103 zile de la deschiderea oficial\u0103.","og_url":"https:\/\/buletin.de\/bucuresti\/peste-13-000-de-persoane-au-vizitat-gradinile-si-salile-palatului-cotroceni-vineri-si-sambata\/","og_site_name":"Buletin de Bucure\u0219ti","article_publisher":"https:\/\/www.facebook.com\/buletin.de.buc","article_published_time":"2025-03-23T08:18:45+00:00","article_modified_time":"2025-03-23T08:24:37+00:00","og_image":[{"width":1000,"height":658,"url":"https:\/\/buletin.de\/bucuresti\/wp-content\/uploads\/2025\/03\/cotroceni-1000x658.jpg","type":"image\/jpeg"}],"author":"Redac\u021bia Buletin de Bucure\u0219ti","twitter_card":"summary_large_image","twitter_misc":{"Written by":"Redac\u021bia Buletin de Bucure\u0219ti","Estimated reading time":"2 minutes"},"schema":{"@context":"https:\/\/schema.org","@graph":[{"@type":"Article","@id":"https:\/\/buletin.de\/bucuresti\/peste-13-000-de-persoane-au-vizitat-gradinile-si-salile-palatului-cotroceni-vineri-si-sambata\/#article","isPartOf":{"@id":"https:\/\/buletin.de\/bucuresti\/peste-13-000-de-persoane-au-vizitat-gradinile-si-salile-palatului-cotroceni-vineri-si-sambata\/"},"author":{"name":"Redac\u021bia Buletin de Bucure\u0219ti","@id":"https:\/\/buletin.de\/bucuresti\/#\/schema\/person\/2bbcf854e5f2419a13804af574d06ab1"},"headline":"Peste 13.000 de persoane au vizitat gr\u0103dinile \u0219i s\u0103lile Palatului Cotroceni, vineri \u0219i s\u00e2mb\u0103t\u0103","datePublished":"2025-03-23T08:18:45+00:00","dateModified":"2025-03-23T08:24:37+00:00","mainEntityOfPage":{"@id":"https:\/\/buletin.de\/bucuresti\/peste-13-000-de-persoane-au-vizitat-gradinile-si-salile-palatului-cotroceni-vineri-si-sambata\/"},"wordCount":438,"publisher":{"@id":"https:\/\/buletin.de\/bucuresti\/#organization"},"image":{"@id":"https:\/\/buletin.de\/bucuresti\/peste-13-000-de-persoane-au-vizitat-gradinile-si-salile-palatului-cotroceni-vineri-si-sambata\/#primaryimage"},"thumbnailUrl":"https:\/\/buletin.de\/bucuresti\/wp-content\/uploads\/2025\/03\/cotroceni.jpg","keywords":["cotroceni","Palatul Cotroceni","palatul cotroceni vizita","porti deschise cotroceni"],"articleSection":["Articole","Eveniment","\u0218tiri"],"inLanguage":"en-GB","copyrightYear":"2025","copyrightHolder":{"@id":"https:\/\/buletin.de\/bucuresti\/#organization"}},{"@type":"WebPage","@id":"https:\/\/buletin.de\/bucuresti\/peste-13-000-de-persoane-au-vizitat-gradinile-si-salile-palatului-cotroceni-vineri-si-sambata\/","url":"https:\/\/buletin.de\/bucuresti\/peste-13-000-de-persoane-au-vizitat-gradinile-si-salile-palatului-cotroceni-vineri-si-sambata\/","name":"Peste 13.000 de persoane au vizitat gr\u0103dinile \u0219i s\u0103lile Palatului Cotroceni, vineri \u0219i s\u00e2mb\u0103t\u0103 - Buletin de Bucure\u0219ti","isPartOf":{"@id":"https:\/\/buletin.de\/bucuresti\/#website"},"primaryImageOfPage":{"@id":"https:\/\/buletin.de\/bucuresti\/peste-13-000-de-persoane-au-vizitat-gradinile-si-salile-palatului-cotroceni-vineri-si-sambata\/#primaryimage"},"image":{"@id":"https:\/\/buletin.de\/bucuresti\/peste-13-000-de-persoane-au-vizitat-gradinile-si-salile-palatului-cotroceni-vineri-si-sambata\/#primaryimage"},"thumbnailUrl":"https:\/\/buletin.de\/bucuresti\/wp-content\/uploads\/2025\/03\/cotroceni.jpg","datePublished":"2025-03-23T08:18:45+00:00","dateModified":"2025-03-23T08:24:37+00:00","description":"Peste 13.000 de persoane au vizitat gr\u0103dinile, cur\u021bile \u0219i s\u0103lile Palatului Cotroceni, \u00een primele dou\u0103 zile de la deschiderea oficial\u0103.","breadcrumb":{"@id":"https:\/\/buletin.de\/bucuresti\/peste-13-000-de-persoane-au-vizitat-gradinile-si-salile-palatului-cotroceni-vineri-si-sambata\/#breadcrumb"},"inLanguage":"en-GB","potentialAction":[{"@type":"ReadAction","target":["https:\/\/buletin.de\/bucuresti\/peste-13-000-de-persoane-au-vizitat-gradinile-si-salile-palatului-cotroceni-vineri-si-sambata\/"]}]},{"@type":"ImageObject","inLanguage":"en-GB","@id":"https:\/\/buletin.de\/bucuresti\/peste-13-000-de-persoane-au-vizitat-gradinile-si-salile-palatului-cotroceni-vineri-si-sambata\/#primaryimage","url":"https:\/\/buletin.de\/bucuresti\/wp-content\/uploads\/2025\/03\/cotroceni.jpg","contentUrl":"https:\/\/buletin.de\/bucuresti\/wp-content\/uploads\/2025\/03\/cotroceni.jpg","width":2000,"height":1316,"caption":"S\u0103lile Palatului Cotroceni pot fi vizitate la liber. Foto Administra\u021bia Preziden\u021bial\u0103"},{"@type":"BreadcrumbList","@id":"https:\/\/buletin.de\/bucuresti\/peste-13-000-de-persoane-au-vizitat-gradinile-si-salile-palatului-cotroceni-vineri-si-sambata\/#breadcrumb","itemListElement":[{"@type":"ListItem","position":1,"name":"Acas\u0103","item":"https:\/\/buletin.de\/bucuresti\/"},{"@type":"ListItem","position":2,"name":"Peste 13.000 de persoane au vizitat gr\u0103dinile \u0219i s\u0103lile Palatului Cotroceni, vineri \u0219i s\u00e2mb\u0103t\u0103"}]},{"@type":"WebSite","@id":"https:\/\/buletin.de\/bucuresti\/#website","url":"https:\/\/buletin.de\/bucuresti\/","name":"Buletin de Bucure\u0219ti","description":"\u0218tiri \u0219i investiga\u021bii esen\u021biale din capital\u0103","publisher":{"@id":"https:\/\/buletin.de\/bucuresti\/#organization"},"potentialAction":[{"@type":"SearchAction","target":{"@type":"EntryPoint","urlTemplate":"https:\/\/buletin.de\/bucuresti\/?s={search_term_string}"},"query-input":{"@type":"PropertyValueSpecification","valueRequired":true,"valueName":"search_term_string"}}],"inLanguage":"en-GB"},{"@type":"Organization","@id":"https:\/\/buletin.de\/bucuresti\/#organization","name":"Buletin de Bucure\u0219ti","url":"https:\/\/buletin.de\/bucuresti\/","logo":{"@type":"ImageObject","inLanguage":"en-GB","@id":"https:\/\/buletin.de\/bucuresti\/#\/schema\/logo\/image\/","url":"https:\/\/buletin.de\/bucuresti\/wp-content\/uploads\/logo-bdb-full-wide-vernil-transparent.png","contentUrl":"https:\/\/buletin.de\/bucuresti\/wp-content\/uploads\/logo-bdb-full-wide-vernil-transparent.png","width":1782,"height":626,"caption":"Buletin de Bucure\u0219ti"},"image":{"@id":"https:\/\/buletin.de\/bucuresti\/#\/schema\/logo\/image\/"},"sameAs":["https:\/\/www.facebook.com\/buletin.de.buc","https:\/\/www.instagram.com\/buletinde.bucuresti\/"]},{"@type":"Person","@id":"https:\/\/buletin.de\/bucuresti\/#\/schema\/person\/2bbcf854e5f2419a13804af574d06ab1","name":"Redac\u021bia Buletin de Bucure\u0219ti","image":{"@type":"ImageObject","inLanguage":"en-GB","@id":"https:\/\/secure.gravatar.com\/avatar\/18c5342381ed1a08620e6280424e3e5efc958618f5d67c522c9e44c1bc6f9226?s=96&d=monsterid&r=g60c7cd0ad92c68c049fcd4bb3504d609","url":"https:\/\/secure.gravatar.com\/avatar\/18c5342381ed1a08620e6280424e3e5efc958618f5d67c522c9e44c1bc6f9226?s=96&d=monsterid&r=g","contentUrl":"https:\/\/secure.gravatar.com\/avatar\/18c5342381ed1a08620e6280424e3e5efc958618f5d67c522c9e44c1bc6f9226?s=96&d=monsterid&r=g","caption":"Redac\u021bia Buletin de Bucure\u0219ti"},"description":"Buletin de Bucure\u0219ti exist\u0103 din vara anului 2019.","url":"https:\/\/buletin.de\/bucuresti\/author\/adminbuletin\/"}]}},"authors":[{"term_id":22583,"user_id":1,"is_guest":0,"slug":"adminbuletin","display_name":"Redac\u021bia Buletin de Bucure\u0219ti","avatar_url":"https:\/\/secure.gravatar.com\/avatar\/18c5342381ed1a08620e6280424e3e5efc958618f5d67c522c9e44c1bc6f9226?s=96&d=monsterid&r=g","0":null,"1":"","2":"","3":"","4":"","5":"","6":"","7":"","8":""}],"_links":{"self":[{"href":"https:\/\/buletin.de\/bucuresti\/wp-json\/wp\/v2\/posts\/123720","targetHints":{"allow":["GET"]}}],"collection":[{"href":"https:\/\/buletin.de\/bucuresti\/wp-json\/wp\/v2\/posts"}],"about":[{"href":"https:\/\/buletin.de\/bucuresti\/wp-json\/wp\/v2\/types\/post"}],"author":[{"embeddable":true,"href":"https:\/\/buletin.de\/bucuresti\/wp-json\/wp\/v2\/users\/1"}],"replies":[{"embeddable":true,"href":"https:\/\/buletin.de\/bucuresti\/wp-json\/wp\/v2\/comments?post=123720"}],"version-history":[{"count":5,"href":"https:\/\/buletin.de\/bucuresti\/wp-json\/wp\/v2\/posts\/123720\/revisions"}],"predecessor-version":[{"id":123730,"href":"https:\/\/buletin.de\/bucuresti\/wp-json\/wp\/v2\/posts\/123720\/revisions\/123730"}],"wp:featuredmedia":[{"embeddable":true,"href":"https:\/\/buletin.de\/bucuresti\/wp-json\/wp\/v2\/media\/123721"}],"wp:attachment":[{"href":"https:\/\/buletin.de\/bucuresti\/wp-json\/wp\/v2\/media?parent=123720"}],"wp:term":[{"taxonomy":"category","embeddable":true,"href":"https:\/\/buletin.de\/bucuresti\/wp-json\/wp\/v2\/categories?post=123720"},{"taxonomy":"post_tag","embeddable":true,"href":"https:\/\/buletin.de\/bucuresti\/wp-json\/wp\/v2\/tags?post=123720"},{"taxonomy":"author","embeddable":true,"href":"https:\/\/buletin.de\/bucuresti\/wp-json\/wp\/v2\/ppma_author?post=123720"}],"curies":[{"name":"wp","href":"https:\/\/api.w.org\/{rel}","templated":true}]}}