{"id":123547,"date":"2025-03-21T09:46:48","date_gmt":"2025-03-21T06:46:48","guid":{"rendered":"https:\/\/buletin.de\/bucuresti\/?p=123547"},"modified":"2025-03-21T10:31:56","modified_gmt":"2025-03-21T07:31:56","slug":"lucrari-viaductul-de-la-cernica","status":"publish","type":"post","link":"https:\/\/buletin.de\/bucuresti\/lucrari-viaductul-de-la-cernica\/","title":{"rendered":"Autostrada Bucure\u0219ti | Umbr\u0103rescu monteaz\u0103 primele grinzi \u00een zona viaductului de la Cernica"},"content":{"rendered":"\n<p><strong>Lucr\u0103rile la Autostrada de Centur\u0103 a Bucure\u0219tiului (A0), sec\u021biunea Nord, continu\u0103 \u00een ritmuri inegale pe cele dou\u0103 loturi nordice aflate \u00eenc\u0103 \u00een construc\u021bie. Recent, imagini surprinse de <a href=\"https:\/\/www.youtube.com\/@InfrastructuraRomania\" target=\"_blank\" rel=\"noreferrer noopener\">Infrastructura Rom\u00e2nia<\/a> au dezv\u0103luit un progres semnificativ pe lotul 4, unde consor\u021biul controlat de Dorinel Umbr\u0103rescu a \u00eenceput montarea primelor elemente \u00een zona viaductului de la Cernica. <\/strong><\/p>\n\n\n\n<p><strong>Totu\u0219i, acest avans vine \u00een contextul \u00een care antreprenorul chinez de pe lotul 3, dintre Afuma\u021bi \u0219i Pantelimon, a dep\u0103\u0219it deja stadiul fizic de 36% \u00een timp ce lotul lui Umbr\u0103rescu se afl\u0103 la 33%.<\/strong><\/p>\n\n\n\n<h2 class=\"wp-block-heading\" id=\"h-progresul-din-zona-viaductului-de-la-cernica-etapa-pe-grinzi\">Progresul din zona viaductului de la Cernica, etapa pe grinzi<\/h2>\n\n\n\n<p>Imaginile publicate de Infrastructura Rom\u00e2nia arat\u0103 grinzi masive de beton instalate pe pilonii deja ridica\u021bi \u00een apropierea lacului Cernica. Aceste elemente formeaz\u0103 scheletul pe care se va sprijini calea de rulare, completat\u0103 de por\u021biuni de tablier metalic \u0219i predalele pe care se va turna stratul de asfalt.<\/p>\n\n\n\n<p>Cu toate acestea, progresul vine dup\u0103 \u00eent\u00e2rzieri semnificative. Contractul pentru proiectarea \u0219i execu\u021bia acestui segment a fost semnat \u00een 2020, dar lucr\u0103rile au fost blocate mult timp de un studiu de mediu necesar.<\/p>\n\n\n\n<p><a href=\"https:\/\/buletin.de\/bucuresti\/exclusiv-viaductul-autostrazii-bucuresti-blocat-de-cele-patru-anotimpuri-studiul-pentru-zona-protejata-cernica-nu-este-gata-la-aproape-trei-ani-de-la-semnarea-contractului\/\" target=\"_blank\" rel=\"noreferrer noopener\">\u00cen februarie 2023, Buletin de Bucure\u0219ti dezv\u0103luia c\u0103 la aproape trei ani de la semnarea contractului utilajele nu pot p\u0103trunde \u00een zon\u0103 din cauz\u0103 c\u0103 perimetrul este din punct de vedere legal arie natural\u0103 protejat\u0103 Natura 2000.&nbsp;<\/a>Astfel, \u0219antierul a fost condi\u021bionat de obliga\u021bia realiz\u0103rii unui a\u0219a-numit Studiu de Evaluare Adecvat\u0103.<\/p>\n\n\n\n<iframe width=\"560\" height=\"315\" src=\"https:\/\/www.youtube.com\/embed\/waWTVWvZex0?si=rq1wSMd7O25q-Ztd\" title=\"YouTube video player\" frameborder=\"0\" allow=\"accelerometer; autoplay; clipboard-write; encrypted-media; gyroscope; picture-in-picture; web-share\" referrerpolicy=\"strict-origin-when-cross-origin\" allowfullscreen><\/iframe>\n\n\n\n<p>Documentul este, de fapt, un studiu de mediu desf\u0103\u0219urat pe perioada unui an calendaristic care sa acopere cele patru anotimpuri din zona afectat\u0103. Teoretic, \u00een tot acest timp, ar trebui monitorizat\u0103 cu aten\u021bie evolu\u021bia biodiversit\u0103\u021bii locale.<\/p>\n\n\n\n<p>Astfel, \u00een urma cercet\u0103rii, s-ar fi stabilit m\u0103suri pentru un impact minim asupra speciilor protejate din zon\u0103 dup\u0103 \u00eenceperea lucr\u0103rilor \u0219i traficul rutier generat ulterior.<\/p>\n\n\n\n<p>\u00cen lungime de 4,7 kilometri, segmentul de autostrad\u0103 aferent lotului 4 al A0 Nord trebuie s\u0103 traverseze, printr-un viaduct de 1,3 kilometri, lacul Cernica, prin dreptul a ceea ce a mai r\u0103mas, \u00een urma dezvolt\u0103rii imobiliare, din P\u0103durea C\u0103ld\u0103raru.<\/p>\n\n\n\n<p>\u00cen tot acest timp, lucr\u0103rile pe lotul 3 A0 Nord, dintre Afuma\u021bi \u0219i Pantelimon, aflat \u00een vecin\u0103tatea viaductului de la Cernica, au dep\u0103\u0219it deja stadiul fizic de 36% \u00een timp ce lotul lui Umbr\u0103rescu a ajuns abia la 33%, conform celor mai recente date ale CNAIR.<\/p>\n\n\n\n<p><strong>CITE\u0218TE \u0218I <a href=\"https:\/\/buletin.de\/bucuresti\/autostrada-bucuresti-viaductul-de-la-cernica-s-a-transformat-in-dig-din-pamant-lucrarile-intarziate-din-cauza-unui-studiu-de-mediu\/\" target=\"_blank\" rel=\"noreferrer noopener\">Autostrada Bucure\u0219ti | Viaductul de la Cernica \u201es-a transformat\u201d \u00een dig din p\u0103m\u00e2nt. Lucr\u0103rile, \u00eent\u00e2rziate din cauza unui studiu de mediu<\/a><\/strong><\/p>\n","protected":false},"excerpt":{"rendered":"<p>Lucr\u0103rile la Autostrada de Centur\u0103 a Bucure\u0219tiului (A0), sec\u021biunea Nord, continu\u0103 \u00een ritmuri inegale pe cele dou\u0103 loturi nordice aflate \u00eenc\u0103 \u00een construc\u021bie. Recent, imagini surprinse de Infrastructura Rom\u00e2nia au dezv\u0103luit un progres semnificativ pe lotul 4, unde consor\u021biul controlat de Dorinel Umbr\u0103rescu a \u00eenceput montarea primelor elemente \u00een zona viaductului de la Cernica. Totu\u0219i, [&hellip;]<\/p>\n","protected":false},"author":10,"featured_media":123548,"comment_status":"closed","ping_status":"open","sticky":false,"template":"","format":"standard","meta":{"_acf_changed":false,"inline_featured_image":false,"ngg_post_thumbnail":0,"footnotes":""},"categories":[6994,5762,650],"tags":[2515,11420,5503,5486],"ppma_author":[22575],"class_list":["post-123547","post","type-post","status-publish","format-standard","has-post-thumbnail","hentry","category-stiri-2","category-main","category-transport","tag-cernica","tag-grinzi","tag-umbrarescu","tag-viaduct"],"acf":[],"yoast_head":"<!-- This site is optimized with the Yoast SEO Premium plugin v25.3 (Yoast SEO v27.5) - https:\/\/yoast.com\/product\/yoast-seo-premium-wordpress\/ -->\n<title>Autostrada Bucure\u0219ti | Umbr\u0103rescu monteaz\u0103 primele grinzi \u00een zona viaductului de la Cernica - Buletin de Bucure\u0219ti<\/title>\n<meta name=\"description\" content=\"Infrastructura Rom\u00e2nia a ar\u0103tat progres semnificativ pe lotul 4, unde a \u00eenceput montarea primelor elemente \u00een zona viaductului de la Cernica.\" \/>\n<meta name=\"robots\" content=\"index, follow, max-snippet:-1, max-image-preview:large, max-video-preview:-1\" \/>\n<link rel=\"canonical\" href=\"https:\/\/buletin.de\/bucuresti\/lucrari-viaductul-de-la-cernica\/\" \/>\n<meta property=\"og:locale\" content=\"en_GB\" \/>\n<meta property=\"og:type\" content=\"article\" \/>\n<meta property=\"og:title\" content=\"Autostrada Bucure\u0219ti | Umbr\u0103rescu monteaz\u0103 primele grinzi \u00een zona viaductului de la Cernica\" \/>\n<meta property=\"og:description\" content=\"Infrastructura Rom\u00e2nia a ar\u0103tat progres semnificativ pe lotul 4, unde a \u00eenceput montarea primelor elemente \u00een zona viaductului de la Cernica.\" \/>\n<meta property=\"og:url\" content=\"https:\/\/buletin.de\/bucuresti\/lucrari-viaductul-de-la-cernica\/\" \/>\n<meta property=\"og:site_name\" content=\"Buletin de Bucure\u0219ti\" \/>\n<meta property=\"article:publisher\" content=\"https:\/\/www.facebook.com\/buletin.de.buc\" \/>\n<meta property=\"article:published_time\" content=\"2025-03-21T06:46:48+00:00\" \/>\n<meta property=\"article:modified_time\" content=\"2025-03-21T07:31:56+00:00\" \/>\n<meta property=\"og:image\" content=\"https:\/\/buletin.de\/bucuresti\/wp-content\/uploads\/2025\/03\/cernica.jpg\" \/>\n\t<meta property=\"og:image:width\" content=\"1508\" \/>\n\t<meta property=\"og:image:height\" content=\"1182\" \/>\n\t<meta property=\"og:image:type\" content=\"image\/jpeg\" \/>\n<meta name=\"author\" content=\"C\u0103t\u0103lin Dosca\u0219\" \/>\n<meta name=\"twitter:card\" content=\"summary_large_image\" \/>\n<meta name=\"twitter:label1\" content=\"Written by\" \/>\n\t<meta name=\"twitter:data1\" content=\"C\u0103t\u0103lin Dosca\u0219\" \/>\n\t<meta name=\"twitter:label2\" content=\"Estimated reading time\" \/>\n\t<meta name=\"twitter:data2\" content=\"2 minutes\" \/>\n<script type=\"application\/ld+json\" class=\"yoast-schema-graph\">{\"@context\":\"https:\\\/\\\/schema.org\",\"@graph\":[{\"@type\":\"Article\",\"@id\":\"https:\\\/\\\/buletin.de\\\/bucuresti\\\/lucrari-viaductul-de-la-cernica\\\/#article\",\"isPartOf\":{\"@id\":\"https:\\\/\\\/buletin.de\\\/bucuresti\\\/lucrari-viaductul-de-la-cernica\\\/\"},\"author\":{\"name\":\"C\u0103t\u0103lin Dosca\u0219\",\"@id\":\"https:\\\/\\\/buletin.de\\\/bucuresti\\\/#\\\/schema\\\/person\\\/31117187ed4d0bdb0a4c7d6acc79d0f8\"},\"headline\":\"Autostrada Bucure\u0219ti | Umbr\u0103rescu monteaz\u0103 primele grinzi \u00een zona viaductului de la Cernica\",\"datePublished\":\"2025-03-21T06:46:48+00:00\",\"dateModified\":\"2025-03-21T07:31:56+00:00\",\"mainEntityOfPage\":{\"@id\":\"https:\\\/\\\/buletin.de\\\/bucuresti\\\/lucrari-viaductul-de-la-cernica\\\/\"},\"wordCount\":448,\"publisher\":{\"@id\":\"https:\\\/\\\/buletin.de\\\/bucuresti\\\/#organization\"},\"image\":{\"@id\":\"https:\\\/\\\/buletin.de\\\/bucuresti\\\/lucrari-viaductul-de-la-cernica\\\/#primaryimage\"},\"thumbnailUrl\":\"https:\\\/\\\/buletin.de\\\/bucuresti\\\/wp-content\\\/uploads\\\/2025\\\/03\\\/cernica.jpg\",\"keywords\":[\"cernica\",\"grinzi\",\"umbrarescu\",\"viaduct\"],\"articleSection\":[\"Articole\",\"Main\",\"Transport\"],\"inLanguage\":\"en-GB\",\"copyrightYear\":\"2025\",\"copyrightHolder\":{\"@id\":\"https:\\\/\\\/buletin.de\\\/bucuresti\\\/#organization\"}},{\"@type\":\"WebPage\",\"@id\":\"https:\\\/\\\/buletin.de\\\/bucuresti\\\/lucrari-viaductul-de-la-cernica\\\/\",\"url\":\"https:\\\/\\\/buletin.de\\\/bucuresti\\\/lucrari-viaductul-de-la-cernica\\\/\",\"name\":\"Autostrada Bucure\u0219ti | Umbr\u0103rescu monteaz\u0103 primele grinzi \u00een zona viaductului de la Cernica - Buletin de Bucure\u0219ti\",\"isPartOf\":{\"@id\":\"https:\\\/\\\/buletin.de\\\/bucuresti\\\/#website\"},\"primaryImageOfPage\":{\"@id\":\"https:\\\/\\\/buletin.de\\\/bucuresti\\\/lucrari-viaductul-de-la-cernica\\\/#primaryimage\"},\"image\":{\"@id\":\"https:\\\/\\\/buletin.de\\\/bucuresti\\\/lucrari-viaductul-de-la-cernica\\\/#primaryimage\"},\"thumbnailUrl\":\"https:\\\/\\\/buletin.de\\\/bucuresti\\\/wp-content\\\/uploads\\\/2025\\\/03\\\/cernica.jpg\",\"datePublished\":\"2025-03-21T06:46:48+00:00\",\"dateModified\":\"2025-03-21T07:31:56+00:00\",\"description\":\"Infrastructura Rom\u00e2nia a ar\u0103tat progres semnificativ pe lotul 4, unde a \u00eenceput montarea primelor elemente \u00een zona viaductului de la Cernica.\",\"breadcrumb\":{\"@id\":\"https:\\\/\\\/buletin.de\\\/bucuresti\\\/lucrari-viaductul-de-la-cernica\\\/#breadcrumb\"},\"inLanguage\":\"en-GB\",\"potentialAction\":[{\"@type\":\"ReadAction\",\"target\":[\"https:\\\/\\\/buletin.de\\\/bucuresti\\\/lucrari-viaductul-de-la-cernica\\\/\"]}]},{\"@type\":\"ImageObject\",\"inLanguage\":\"en-GB\",\"@id\":\"https:\\\/\\\/buletin.de\\\/bucuresti\\\/lucrari-viaductul-de-la-cernica\\\/#primaryimage\",\"url\":\"https:\\\/\\\/buletin.de\\\/bucuresti\\\/wp-content\\\/uploads\\\/2025\\\/03\\\/cernica.jpg\",\"contentUrl\":\"https:\\\/\\\/buletin.de\\\/bucuresti\\\/wp-content\\\/uploads\\\/2025\\\/03\\\/cernica.jpg\",\"width\":1508,\"height\":1182,\"caption\":\"Umbr\u0103rescu monteaz\u0103 primele grinzi \u00een zona viaductului de la Cernica. FOTO: Infrastructura Romania\"},{\"@type\":\"BreadcrumbList\",\"@id\":\"https:\\\/\\\/buletin.de\\\/bucuresti\\\/lucrari-viaductul-de-la-cernica\\\/#breadcrumb\",\"itemListElement\":[{\"@type\":\"ListItem\",\"position\":1,\"name\":\"Acas\u0103\",\"item\":\"https:\\\/\\\/buletin.de\\\/bucuresti\\\/\"},{\"@type\":\"ListItem\",\"position\":2,\"name\":\"Autostrada Bucure\u0219ti | Umbr\u0103rescu monteaz\u0103 primele grinzi \u00een zona viaductului de la Cernica\"}]},{\"@type\":\"WebSite\",\"@id\":\"https:\\\/\\\/buletin.de\\\/bucuresti\\\/#website\",\"url\":\"https:\\\/\\\/buletin.de\\\/bucuresti\\\/\",\"name\":\"Buletin de Bucure\u0219ti\",\"description\":\"\u0218tiri \u0219i investiga\u021bii esen\u021biale din capital\u0103\",\"publisher\":{\"@id\":\"https:\\\/\\\/buletin.de\\\/bucuresti\\\/#organization\"},\"potentialAction\":[{\"@type\":\"SearchAction\",\"target\":{\"@type\":\"EntryPoint\",\"urlTemplate\":\"https:\\\/\\\/buletin.de\\\/bucuresti\\\/?s={search_term_string}\"},\"query-input\":{\"@type\":\"PropertyValueSpecification\",\"valueRequired\":true,\"valueName\":\"search_term_string\"}}],\"inLanguage\":\"en-GB\"},{\"@type\":\"Organization\",\"@id\":\"https:\\\/\\\/buletin.de\\\/bucuresti\\\/#organization\",\"name\":\"Buletin de Bucure\u0219ti\",\"url\":\"https:\\\/\\\/buletin.de\\\/bucuresti\\\/\",\"logo\":{\"@type\":\"ImageObject\",\"inLanguage\":\"en-GB\",\"@id\":\"https:\\\/\\\/buletin.de\\\/bucuresti\\\/#\\\/schema\\\/logo\\\/image\\\/\",\"url\":\"https:\\\/\\\/buletin.de\\\/bucuresti\\\/wp-content\\\/uploads\\\/logo-bdb-full-wide-vernil-transparent.png\",\"contentUrl\":\"https:\\\/\\\/buletin.de\\\/bucuresti\\\/wp-content\\\/uploads\\\/logo-bdb-full-wide-vernil-transparent.png\",\"width\":1782,\"height\":626,\"caption\":\"Buletin de Bucure\u0219ti\"},\"image\":{\"@id\":\"https:\\\/\\\/buletin.de\\\/bucuresti\\\/#\\\/schema\\\/logo\\\/image\\\/\"},\"sameAs\":[\"https:\\\/\\\/www.facebook.com\\\/buletin.de.buc\",\"https:\\\/\\\/www.instagram.com\\\/buletinde.bucuresti\\\/\"]},{\"@type\":\"Person\",\"@id\":\"https:\\\/\\\/buletin.de\\\/bucuresti\\\/#\\\/schema\\\/person\\\/31117187ed4d0bdb0a4c7d6acc79d0f8\",\"name\":\"C\u0103t\u0103lin Dosca\u0219\",\"image\":{\"@type\":\"ImageObject\",\"inLanguage\":\"en-GB\",\"@id\":\"https:\\\/\\\/buletin.de\\\/bucuresti\\\/wp-content\\\/uploads\\\/Catalin-Doscas-e1732731064764-96x96.jpga93e2943bb3b1c1f9ead823df6e6317a\",\"url\":\"https:\\\/\\\/buletin.de\\\/bucuresti\\\/wp-content\\\/uploads\\\/Catalin-Doscas-e1732731064764-96x96.jpg\",\"contentUrl\":\"https:\\\/\\\/buletin.de\\\/bucuresti\\\/wp-content\\\/uploads\\\/Catalin-Doscas-e1732731064764-96x96.jpg\",\"caption\":\"C\u0103t\u0103lin Dosca\u0219\"},\"description\":\"Reporter \u0219i redactor-\u0219ef Buletin de Bucure\u0219ti. Lucreaz\u0103 \u00een mass-media de la v\u00e2rsta de 15 ani, c\u00e2nd a publicat primele articole \u00een presa local\u0103 din Tecuci. \u00cen Bucure\u0219ti a lucrat \u00een redac\u021bii radio ca reporter, redactor \u0219i prezentator (StudentFM, Na\u021bionalFM, Radio Total, Smart FM), unde a acoperit domeniile politic, economic, social \u0219i externe. Ulterior, a fost editor-coordonator al postului Realitatea FM. Experien\u021ba \u00een jurnalismul online a dob\u00e2ndit-o la portalul B365.ro, unde a fost editor. \u00cen 2012 s-a angajat \u00een televiziune. La Realitatea TV a fost, pe r\u00e2nd, reporter la sec\u021bia Social, reporter special la emisiunea de reportaje \u0219i anchete \u201eReporterii Realit\u0103\u021bii\u201d, dar \u0219i editor al jurnalelor de \u0219tiri. Ulterior, a f\u0103cut parte din sec\u021bia de Investiga\u021bii de la Digi24 \u0219i a lucrat la campania \u201eRom\u00e2nia furat\u0103\u201d. A revenit \u00een presa scris\u0103 \u00een 2017, ca reporter special, \u00een cadrul unui proiect de repozi\u021bionare a tabloidului Libertatea \u00een cotidian generalist. Este jurnalist Buletin de Bucure\u0219ti din 2019.\",\"url\":\"https:\\\/\\\/buletin.de\\\/bucuresti\\\/author\\\/catalin\\\/\"}]}<\/script>\n<!-- \/ Yoast SEO Premium plugin. -->","yoast_head_json":{"title":"Autostrada Bucure\u0219ti | Umbr\u0103rescu monteaz\u0103 primele grinzi \u00een zona viaductului de la Cernica - Buletin de Bucure\u0219ti","description":"Infrastructura Rom\u00e2nia a ar\u0103tat progres semnificativ pe lotul 4, unde a \u00eenceput montarea primelor elemente \u00een zona viaductului de la Cernica.","robots":{"index":"index","follow":"follow","max-snippet":"max-snippet:-1","max-image-preview":"max-image-preview:large","max-video-preview":"max-video-preview:-1"},"canonical":"https:\/\/buletin.de\/bucuresti\/lucrari-viaductul-de-la-cernica\/","og_locale":"en_GB","og_type":"article","og_title":"Autostrada Bucure\u0219ti | Umbr\u0103rescu monteaz\u0103 primele grinzi \u00een zona viaductului de la Cernica","og_description":"Infrastructura Rom\u00e2nia a ar\u0103tat progres semnificativ pe lotul 4, unde a \u00eenceput montarea primelor elemente \u00een zona viaductului de la Cernica.","og_url":"https:\/\/buletin.de\/bucuresti\/lucrari-viaductul-de-la-cernica\/","og_site_name":"Buletin de Bucure\u0219ti","article_publisher":"https:\/\/www.facebook.com\/buletin.de.buc","article_published_time":"2025-03-21T06:46:48+00:00","article_modified_time":"2025-03-21T07:31:56+00:00","og_image":[{"width":1508,"height":1182,"url":"https:\/\/buletin.de\/bucuresti\/wp-content\/uploads\/2025\/03\/cernica.jpg","type":"image\/jpeg"}],"author":"C\u0103t\u0103lin Dosca\u0219","twitter_card":"summary_large_image","twitter_misc":{"Written by":"C\u0103t\u0103lin Dosca\u0219","Estimated reading time":"2 minutes"},"schema":{"@context":"https:\/\/schema.org","@graph":[{"@type":"Article","@id":"https:\/\/buletin.de\/bucuresti\/lucrari-viaductul-de-la-cernica\/#article","isPartOf":{"@id":"https:\/\/buletin.de\/bucuresti\/lucrari-viaductul-de-la-cernica\/"},"author":{"name":"C\u0103t\u0103lin Dosca\u0219","@id":"https:\/\/buletin.de\/bucuresti\/#\/schema\/person\/31117187ed4d0bdb0a4c7d6acc79d0f8"},"headline":"Autostrada Bucure\u0219ti | Umbr\u0103rescu monteaz\u0103 primele grinzi \u00een zona viaductului de la Cernica","datePublished":"2025-03-21T06:46:48+00:00","dateModified":"2025-03-21T07:31:56+00:00","mainEntityOfPage":{"@id":"https:\/\/buletin.de\/bucuresti\/lucrari-viaductul-de-la-cernica\/"},"wordCount":448,"publisher":{"@id":"https:\/\/buletin.de\/bucuresti\/#organization"},"image":{"@id":"https:\/\/buletin.de\/bucuresti\/lucrari-viaductul-de-la-cernica\/#primaryimage"},"thumbnailUrl":"https:\/\/buletin.de\/bucuresti\/wp-content\/uploads\/2025\/03\/cernica.jpg","keywords":["cernica","grinzi","umbrarescu","viaduct"],"articleSection":["Articole","Main","Transport"],"inLanguage":"en-GB","copyrightYear":"2025","copyrightHolder":{"@id":"https:\/\/buletin.de\/bucuresti\/#organization"}},{"@type":"WebPage","@id":"https:\/\/buletin.de\/bucuresti\/lucrari-viaductul-de-la-cernica\/","url":"https:\/\/buletin.de\/bucuresti\/lucrari-viaductul-de-la-cernica\/","name":"Autostrada Bucure\u0219ti | Umbr\u0103rescu monteaz\u0103 primele grinzi \u00een zona viaductului de la Cernica - Buletin de Bucure\u0219ti","isPartOf":{"@id":"https:\/\/buletin.de\/bucuresti\/#website"},"primaryImageOfPage":{"@id":"https:\/\/buletin.de\/bucuresti\/lucrari-viaductul-de-la-cernica\/#primaryimage"},"image":{"@id":"https:\/\/buletin.de\/bucuresti\/lucrari-viaductul-de-la-cernica\/#primaryimage"},"thumbnailUrl":"https:\/\/buletin.de\/bucuresti\/wp-content\/uploads\/2025\/03\/cernica.jpg","datePublished":"2025-03-21T06:46:48+00:00","dateModified":"2025-03-21T07:31:56+00:00","description":"Infrastructura Rom\u00e2nia a ar\u0103tat progres semnificativ pe lotul 4, unde a \u00eenceput montarea primelor elemente \u00een zona viaductului de la Cernica.","breadcrumb":{"@id":"https:\/\/buletin.de\/bucuresti\/lucrari-viaductul-de-la-cernica\/#breadcrumb"},"inLanguage":"en-GB","potentialAction":[{"@type":"ReadAction","target":["https:\/\/buletin.de\/bucuresti\/lucrari-viaductul-de-la-cernica\/"]}]},{"@type":"ImageObject","inLanguage":"en-GB","@id":"https:\/\/buletin.de\/bucuresti\/lucrari-viaductul-de-la-cernica\/#primaryimage","url":"https:\/\/buletin.de\/bucuresti\/wp-content\/uploads\/2025\/03\/cernica.jpg","contentUrl":"https:\/\/buletin.de\/bucuresti\/wp-content\/uploads\/2025\/03\/cernica.jpg","width":1508,"height":1182,"caption":"Umbr\u0103rescu monteaz\u0103 primele grinzi \u00een zona viaductului de la Cernica. FOTO: Infrastructura Romania"},{"@type":"BreadcrumbList","@id":"https:\/\/buletin.de\/bucuresti\/lucrari-viaductul-de-la-cernica\/#breadcrumb","itemListElement":[{"@type":"ListItem","position":1,"name":"Acas\u0103","item":"https:\/\/buletin.de\/bucuresti\/"},{"@type":"ListItem","position":2,"name":"Autostrada Bucure\u0219ti | Umbr\u0103rescu monteaz\u0103 primele grinzi \u00een zona viaductului de la Cernica"}]},{"@type":"WebSite","@id":"https:\/\/buletin.de\/bucuresti\/#website","url":"https:\/\/buletin.de\/bucuresti\/","name":"Buletin de Bucure\u0219ti","description":"\u0218tiri \u0219i investiga\u021bii esen\u021biale din capital\u0103","publisher":{"@id":"https:\/\/buletin.de\/bucuresti\/#organization"},"potentialAction":[{"@type":"SearchAction","target":{"@type":"EntryPoint","urlTemplate":"https:\/\/buletin.de\/bucuresti\/?s={search_term_string}"},"query-input":{"@type":"PropertyValueSpecification","valueRequired":true,"valueName":"search_term_string"}}],"inLanguage":"en-GB"},{"@type":"Organization","@id":"https:\/\/buletin.de\/bucuresti\/#organization","name":"Buletin de Bucure\u0219ti","url":"https:\/\/buletin.de\/bucuresti\/","logo":{"@type":"ImageObject","inLanguage":"en-GB","@id":"https:\/\/buletin.de\/bucuresti\/#\/schema\/logo\/image\/","url":"https:\/\/buletin.de\/bucuresti\/wp-content\/uploads\/logo-bdb-full-wide-vernil-transparent.png","contentUrl":"https:\/\/buletin.de\/bucuresti\/wp-content\/uploads\/logo-bdb-full-wide-vernil-transparent.png","width":1782,"height":626,"caption":"Buletin de Bucure\u0219ti"},"image":{"@id":"https:\/\/buletin.de\/bucuresti\/#\/schema\/logo\/image\/"},"sameAs":["https:\/\/www.facebook.com\/buletin.de.buc","https:\/\/www.instagram.com\/buletinde.bucuresti\/"]},{"@type":"Person","@id":"https:\/\/buletin.de\/bucuresti\/#\/schema\/person\/31117187ed4d0bdb0a4c7d6acc79d0f8","name":"C\u0103t\u0103lin Dosca\u0219","image":{"@type":"ImageObject","inLanguage":"en-GB","@id":"https:\/\/buletin.de\/bucuresti\/wp-content\/uploads\/Catalin-Doscas-e1732731064764-96x96.jpga93e2943bb3b1c1f9ead823df6e6317a","url":"https:\/\/buletin.de\/bucuresti\/wp-content\/uploads\/Catalin-Doscas-e1732731064764-96x96.jpg","contentUrl":"https:\/\/buletin.de\/bucuresti\/wp-content\/uploads\/Catalin-Doscas-e1732731064764-96x96.jpg","caption":"C\u0103t\u0103lin Dosca\u0219"},"description":"Reporter \u0219i redactor-\u0219ef Buletin de Bucure\u0219ti. Lucreaz\u0103 \u00een mass-media de la v\u00e2rsta de 15 ani, c\u00e2nd a publicat primele articole \u00een presa local\u0103 din Tecuci. \u00cen Bucure\u0219ti a lucrat \u00een redac\u021bii radio ca reporter, redactor \u0219i prezentator (StudentFM, Na\u021bionalFM, Radio Total, Smart FM), unde a acoperit domeniile politic, economic, social \u0219i externe. Ulterior, a fost editor-coordonator al postului Realitatea FM. Experien\u021ba \u00een jurnalismul online a dob\u00e2ndit-o la portalul B365.ro, unde a fost editor. \u00cen 2012 s-a angajat \u00een televiziune. La Realitatea TV a fost, pe r\u00e2nd, reporter la sec\u021bia Social, reporter special la emisiunea de reportaje \u0219i anchete \u201eReporterii Realit\u0103\u021bii\u201d, dar \u0219i editor al jurnalelor de \u0219tiri. Ulterior, a f\u0103cut parte din sec\u021bia de Investiga\u021bii de la Digi24 \u0219i a lucrat la campania \u201eRom\u00e2nia furat\u0103\u201d. A revenit \u00een presa scris\u0103 \u00een 2017, ca reporter special, \u00een cadrul unui proiect de repozi\u021bionare a tabloidului Libertatea \u00een cotidian generalist. Este jurnalist Buletin de Bucure\u0219ti din 2019.","url":"https:\/\/buletin.de\/bucuresti\/author\/catalin\/"}]}},"authors":[{"term_id":22575,"user_id":10,"is_guest":0,"slug":"catalin","display_name":"C\u0103t\u0103lin Dosca\u0219","avatar_url":"https:\/\/buletin.de\/bucuresti\/wp-content\/uploads\/Catalin-Doscas-e1732731064764-96x96.jpg","0":null,"1":"","2":"","3":"","4":"","5":"","6":"","7":"","8":""}],"_links":{"self":[{"href":"https:\/\/buletin.de\/bucuresti\/wp-json\/wp\/v2\/posts\/123547","targetHints":{"allow":["GET"]}}],"collection":[{"href":"https:\/\/buletin.de\/bucuresti\/wp-json\/wp\/v2\/posts"}],"about":[{"href":"https:\/\/buletin.de\/bucuresti\/wp-json\/wp\/v2\/types\/post"}],"author":[{"embeddable":true,"href":"https:\/\/buletin.de\/bucuresti\/wp-json\/wp\/v2\/users\/10"}],"replies":[{"embeddable":true,"href":"https:\/\/buletin.de\/bucuresti\/wp-json\/wp\/v2\/comments?post=123547"}],"version-history":[{"count":3,"href":"https:\/\/buletin.de\/bucuresti\/wp-json\/wp\/v2\/posts\/123547\/revisions"}],"predecessor-version":[{"id":123561,"href":"https:\/\/buletin.de\/bucuresti\/wp-json\/wp\/v2\/posts\/123547\/revisions\/123561"}],"wp:featuredmedia":[{"embeddable":true,"href":"https:\/\/buletin.de\/bucuresti\/wp-json\/wp\/v2\/media\/123548"}],"wp:attachment":[{"href":"https:\/\/buletin.de\/bucuresti\/wp-json\/wp\/v2\/media?parent=123547"}],"wp:term":[{"taxonomy":"category","embeddable":true,"href":"https:\/\/buletin.de\/bucuresti\/wp-json\/wp\/v2\/categories?post=123547"},{"taxonomy":"post_tag","embeddable":true,"href":"https:\/\/buletin.de\/bucuresti\/wp-json\/wp\/v2\/tags?post=123547"},{"taxonomy":"author","embeddable":true,"href":"https:\/\/buletin.de\/bucuresti\/wp-json\/wp\/v2\/ppma_author?post=123547"}],"curies":[{"name":"wp","href":"https:\/\/api.w.org\/{rel}","templated":true}]}}